{"id":7840,"date":"2009-09-08T16:55:05","date_gmt":"2009-09-08T14:55:05","guid":{"rendered":"https:\/\/ownetic.com\/cytaty\/?p=7840"},"modified":"2009-09-08T16:55:05","modified_gmt":"2009-09-08T14:55:05","slug":"krzysztof-kieslowski-bo-ja-wiem","status":"publish","type":"post","link":"https:\/\/ownetic.com\/cytaty\/krzysztof-kieslowski-bo-ja-wiem","title":{"rendered":"Bo ja wiem&#8230;"},"content":{"rendered":"<p>(&#8230;) bo ja wiem czy jest znowu taka g\u0142\u0119boka zawarto\u015b\u0107 intelektualna? Ja my\u015bl\u0119, \u017ce ja opowiadam historyjki, a pa\u0144stwo czasem w nich znajdujecie wi\u0119cej, nawet cz\u0119sto wi\u0119cej ni\u017c ja chc\u0119.<\/p>\n","protected":false},"excerpt":{"rendered":"<p>(&hellip;) bo ja wiem czy jest znowu taka g&#322;&#281;boka zawarto&#347;&#263; intelektualna? Ja my&#347;l&#281;, &#380;e ja opowiadam historyjki, a pa&#324;stwo czasem w nich znajdujecie wi&#281;cej, nawet cz&#281;sto wi&#281;cej ni&#380; ja chc&#281;.<\/p>\n","protected":false},"author":111,"featured_media":0,"comment_status":"open","ping_status":"open","sticky":false,"template":"","format":"standard","meta":[],"categories":[1],"tags":[77,176],"powerkit_post_featured":[],"yoast_head":"<!-- This site is optimized with the Yoast SEO plugin v18.7 - https:\/\/yoast.com\/wordpress\/plugins\/seo\/ -->\n<title>Ownetic - Kolekcja cytat\u00f3w<\/title>\n<meta name=\"description\" content=\"Cytaty, aforyzmy, sentencje, znane osoby\" \/>\n<meta name=\"robots\" content=\"index, follow, max-snippet:-1, max-image-preview:large, max-video-preview:-1\" \/>\n<link rel=\"canonical\" href=\"https:\/\/ownetic.com\/cytaty\/krzysztof-kieslowski-bo-ja-wiem\" \/>\n<meta name=\"twitter:card\" content=\"summary_large_image\" \/>\n<meta name=\"twitter:title\" content=\"Ownetic - Kolekcja cytat\u00f3w\" \/>\n<meta name=\"twitter:description\" content=\"Cytaty, aforyzmy, sentencje, znane osoby\" \/>\n<meta name=\"twitter:label1\" content=\"Napisane przez\" \/>\n\t<meta name=\"twitter:data1\" content=\"Krzysztof Kie\u015blowski\" \/>\n<script type=\"application\/ld+json\" class=\"yoast-schema-graph\">{\"@context\":\"https:\/\/schema.org\",\"@graph\":[{\"@type\":\"Organization\",\"@id\":\"https:\/\/ownetic.com\/cytaty\/#organization\",\"name\":\"Ownetic\",\"url\":\"https:\/\/ownetic.com\/cytaty\/\",\"sameAs\":[],\"logo\":{\"@type\":\"ImageObject\",\"inLanguage\":\"pl-PL\",\"@id\":\"https:\/\/ownetic.com\/cytaty\/#\/schema\/logo\/image\/\",\"url\":\"https:\/\/ownetic.com\/cytaty\/wp-content\/uploads\/2020\/10\/Group-6341.png\",\"contentUrl\":\"https:\/\/ownetic.com\/cytaty\/wp-content\/uploads\/2020\/10\/Group-6341.png\",\"width\":260,\"height\":260,\"caption\":\"Ownetic\"},\"image\":{\"@id\":\"https:\/\/ownetic.com\/cytaty\/#\/schema\/logo\/image\/\"}},{\"@type\":\"WebSite\",\"@id\":\"https:\/\/ownetic.com\/cytaty\/#website\",\"url\":\"https:\/\/ownetic.com\/cytaty\/\",\"name\":\"Ownetic \u2013 Kolekcja Cytat\u00f3w\",\"description\":\"Cytaty\",\"publisher\":{\"@id\":\"https:\/\/ownetic.com\/cytaty\/#organization\"},\"potentialAction\":[{\"@type\":\"SearchAction\",\"target\":{\"@type\":\"EntryPoint\",\"urlTemplate\":\"https:\/\/ownetic.com\/cytaty\/?s={search_term_string}\"},\"query-input\":\"required name=search_term_string\"}],\"inLanguage\":\"pl-PL\"},{\"@type\":\"WebPage\",\"@id\":\"https:\/\/ownetic.com\/cytaty\/krzysztof-kieslowski-bo-ja-wiem#webpage\",\"url\":\"https:\/\/ownetic.com\/cytaty\/krzysztof-kieslowski-bo-ja-wiem\",\"name\":\"Ownetic - Kolekcja cytat\u00f3w\",\"isPartOf\":{\"@id\":\"https:\/\/ownetic.com\/cytaty\/#website\"},\"datePublished\":\"2009-09-08T14:55:05+00:00\",\"dateModified\":\"2009-09-08T14:55:05+00:00\",\"description\":\"Cytaty, aforyzmy, sentencje, znane osoby\",\"breadcrumb\":{\"@id\":\"https:\/\/ownetic.com\/cytaty\/krzysztof-kieslowski-bo-ja-wiem#breadcrumb\"},\"inLanguage\":\"pl-PL\",\"potentialAction\":[{\"@type\":\"ReadAction\",\"target\":[\"https:\/\/ownetic.com\/cytaty\/krzysztof-kieslowski-bo-ja-wiem\"]}]},{\"@type\":\"BreadcrumbList\",\"@id\":\"https:\/\/ownetic.com\/cytaty\/krzysztof-kieslowski-bo-ja-wiem#breadcrumb\",\"itemListElement\":[{\"@type\":\"ListItem\",\"position\":1,\"name\":\"Strona g\u0142\u00f3wna\",\"item\":\"https:\/\/ownetic.com\/cytaty\/\"},{\"@type\":\"ListItem\",\"position\":2,\"name\":\"Bo ja wiem&#8230;\"}]},{\"@type\":\"Article\",\"@id\":\"https:\/\/ownetic.com\/cytaty\/krzysztof-kieslowski-bo-ja-wiem#article\",\"isPartOf\":{\"@id\":\"https:\/\/ownetic.com\/cytaty\/krzysztof-kieslowski-bo-ja-wiem#webpage\"},\"author\":{\"@id\":\"https:\/\/ownetic.com\/cytaty\/#\/schema\/person\/e8139bfc9f6698998eb8cba0fa7089ac\"},\"headline\":\"Bo ja wiem&#8230;\",\"datePublished\":\"2009-09-08T14:55:05+00:00\",\"dateModified\":\"2009-09-08T14:55:05+00:00\",\"mainEntityOfPage\":{\"@id\":\"https:\/\/ownetic.com\/cytaty\/krzysztof-kieslowski-bo-ja-wiem#webpage\"},\"wordCount\":38,\"commentCount\":0,\"publisher\":{\"@id\":\"https:\/\/ownetic.com\/cytaty\/#organization\"},\"keywords\":[\"film\",\"m\u0105dro\u015b\u0107\"],\"articleSection\":[\"Cytaty\"],\"inLanguage\":\"pl-PL\"},{\"@type\":\"Person\",\"@id\":\"https:\/\/ownetic.com\/cytaty\/#\/schema\/person\/e8139bfc9f6698998eb8cba0fa7089ac\",\"name\":\"Krzysztof Kie\u015blowski\",\"image\":{\"@type\":\"ImageObject\",\"inLanguage\":\"pl-PL\",\"@id\":\"https:\/\/ownetic.com\/cytaty\/#\/schema\/person\/image\/\",\"url\":\"https:\/\/secure.gravatar.com\/avatar\/54ff6e46589f1aaea7865cee3bc26dc2?s=96&d=mm&r=g\",\"contentUrl\":\"https:\/\/secure.gravatar.com\/avatar\/54ff6e46589f1aaea7865cee3bc26dc2?s=96&d=mm&r=g\",\"caption\":\"Krzysztof Kie\u015blowski\"},\"description\":\"Krzysztof Kie\u015blowski (ur. 27 czerwca 1941 w Warszawie, zm. 13 marca 1996 w Warszawie) - polski re\u017cyser filmowy. W latach 1964-1968 studiowa\u0142 w \u0141\u00f3dzkiej Szkole Filmowej, do kt\u00f3rej dosta\u0142 si\u0119 za trzecim podej\u015bciem. Po uko\u0144czeniu studi\u00f3w zaj\u0105\u0142 si\u0119 filmem dokumentalnym. Jego debiutancki pe\u0142nometra\u017cowy film fabularny Personel zdoby\u0142 pierwsz\u0105 nagrod\u0119 na Festiwalu Filmowym w Mannheim. W 1988 nakr\u0119ci\u0142 dla Telewizji Polskiej dziesi\u0119cioodcinkowy cykl film\u00f3w pt. Dekalog. Seria ta by\u0142a wy\u015bwietlana przez wiele sieci telewizyjnych na \u015bwiecie i zyska\u0142a bardzo pochlebne recenzje krytyk\u00f3w filmowych. Kinowa wersja Dekalogu V - Kr\u00f3tki film o zabijaniu otrzyma\u0142a nagrod\u0119 Felixa w 1988 jako pierwszy europejski film fabularny uhonorowany tym wyr\u00f3\u017cnieniem. Po sukcesie Dekalogu nakr\u0119ci\u0142 kilka film\u00f3w we Francji, mimo \u017ce nie zna\u0142 j\u0119zyka francuskiego. Gdy uko\u0144czy\u0142 prac\u0119 nad trylogi\u0105 Trzy kolory, zapowiedzia\u0142 zako\u0144czenie kariery re\u017cyserskiej. Dwa lata p\u00f3\u017aniej zmar\u0142 w trakcie operacji, kt\u00f3ra by\u0142a konsekwencj\u0105 ataku serca. W latach 1993-1996 wyk\u0142ada\u0142 re\u017cyseri\u0119 na swojej macierzystej uczelni. (Wikipedia)\",\"sameAs\":[\"http:\/\/\"],\"url\":\"https:\/\/ownetic.com\/cytaty\/author\/krzysztof-kieslowski\"}]}<\/script>\n<!-- \/ Yoast SEO plugin. -->","yoast_head_json":{"title":"Ownetic - Kolekcja cytat\u00f3w","description":"Cytaty, aforyzmy, sentencje, znane osoby","robots":{"index":"index","follow":"follow","max-snippet":"max-snippet:-1","max-image-preview":"max-image-preview:large","max-video-preview":"max-video-preview:-1"},"canonical":"https:\/\/ownetic.com\/cytaty\/krzysztof-kieslowski-bo-ja-wiem","twitter_card":"summary_large_image","twitter_title":"Ownetic - Kolekcja cytat\u00f3w","twitter_description":"Cytaty, aforyzmy, sentencje, znane osoby","twitter_misc":{"Napisane przez":"Krzysztof Kie\u015blowski"},"schema":{"@context":"https:\/\/schema.org","@graph":[{"@type":"Organization","@id":"https:\/\/ownetic.com\/cytaty\/#organization","name":"Ownetic","url":"https:\/\/ownetic.com\/cytaty\/","sameAs":[],"logo":{"@type":"ImageObject","inLanguage":"pl-PL","@id":"https:\/\/ownetic.com\/cytaty\/#\/schema\/logo\/image\/","url":"https:\/\/ownetic.com\/cytaty\/wp-content\/uploads\/2020\/10\/Group-6341.png","contentUrl":"https:\/\/ownetic.com\/cytaty\/wp-content\/uploads\/2020\/10\/Group-6341.png","width":260,"height":260,"caption":"Ownetic"},"image":{"@id":"https:\/\/ownetic.com\/cytaty\/#\/schema\/logo\/image\/"}},{"@type":"WebSite","@id":"https:\/\/ownetic.com\/cytaty\/#website","url":"https:\/\/ownetic.com\/cytaty\/","name":"Ownetic \u2013 Kolekcja Cytat\u00f3w","description":"Cytaty","publisher":{"@id":"https:\/\/ownetic.com\/cytaty\/#organization"},"potentialAction":[{"@type":"SearchAction","target":{"@type":"EntryPoint","urlTemplate":"https:\/\/ownetic.com\/cytaty\/?s={search_term_string}"},"query-input":"required name=search_term_string"}],"inLanguage":"pl-PL"},{"@type":"WebPage","@id":"https:\/\/ownetic.com\/cytaty\/krzysztof-kieslowski-bo-ja-wiem#webpage","url":"https:\/\/ownetic.com\/cytaty\/krzysztof-kieslowski-bo-ja-wiem","name":"Ownetic - Kolekcja cytat\u00f3w","isPartOf":{"@id":"https:\/\/ownetic.com\/cytaty\/#website"},"datePublished":"2009-09-08T14:55:05+00:00","dateModified":"2009-09-08T14:55:05+00:00","description":"Cytaty, aforyzmy, sentencje, znane osoby","breadcrumb":{"@id":"https:\/\/ownetic.com\/cytaty\/krzysztof-kieslowski-bo-ja-wiem#breadcrumb"},"inLanguage":"pl-PL","potentialAction":[{"@type":"ReadAction","target":["https:\/\/ownetic.com\/cytaty\/krzysztof-kieslowski-bo-ja-wiem"]}]},{"@type":"BreadcrumbList","@id":"https:\/\/ownetic.com\/cytaty\/krzysztof-kieslowski-bo-ja-wiem#breadcrumb","itemListElement":[{"@type":"ListItem","position":1,"name":"Strona g\u0142\u00f3wna","item":"https:\/\/ownetic.com\/cytaty\/"},{"@type":"ListItem","position":2,"name":"Bo ja wiem&#8230;"}]},{"@type":"Article","@id":"https:\/\/ownetic.com\/cytaty\/krzysztof-kieslowski-bo-ja-wiem#article","isPartOf":{"@id":"https:\/\/ownetic.com\/cytaty\/krzysztof-kieslowski-bo-ja-wiem#webpage"},"author":{"@id":"https:\/\/ownetic.com\/cytaty\/#\/schema\/person\/e8139bfc9f6698998eb8cba0fa7089ac"},"headline":"Bo ja wiem&#8230;","datePublished":"2009-09-08T14:55:05+00:00","dateModified":"2009-09-08T14:55:05+00:00","mainEntityOfPage":{"@id":"https:\/\/ownetic.com\/cytaty\/krzysztof-kieslowski-bo-ja-wiem#webpage"},"wordCount":38,"commentCount":0,"publisher":{"@id":"https:\/\/ownetic.com\/cytaty\/#organization"},"keywords":["film","m\u0105dro\u015b\u0107"],"articleSection":["Cytaty"],"inLanguage":"pl-PL"},{"@type":"Person","@id":"https:\/\/ownetic.com\/cytaty\/#\/schema\/person\/e8139bfc9f6698998eb8cba0fa7089ac","name":"Krzysztof Kie\u015blowski","image":{"@type":"ImageObject","inLanguage":"pl-PL","@id":"https:\/\/ownetic.com\/cytaty\/#\/schema\/person\/image\/","url":"https:\/\/secure.gravatar.com\/avatar\/54ff6e46589f1aaea7865cee3bc26dc2?s=96&d=mm&r=g","contentUrl":"https:\/\/secure.gravatar.com\/avatar\/54ff6e46589f1aaea7865cee3bc26dc2?s=96&d=mm&r=g","caption":"Krzysztof Kie\u015blowski"},"description":"Krzysztof Kie\u015blowski (ur. 27 czerwca 1941 w Warszawie, zm. 13 marca 1996 w Warszawie) - polski re\u017cyser filmowy. W latach 1964-1968 studiowa\u0142 w \u0141\u00f3dzkiej Szkole Filmowej, do kt\u00f3rej dosta\u0142 si\u0119 za trzecim podej\u015bciem. Po uko\u0144czeniu studi\u00f3w zaj\u0105\u0142 si\u0119 filmem dokumentalnym. Jego debiutancki pe\u0142nometra\u017cowy film fabularny Personel zdoby\u0142 pierwsz\u0105 nagrod\u0119 na Festiwalu Filmowym w Mannheim. W 1988 nakr\u0119ci\u0142 dla Telewizji Polskiej dziesi\u0119cioodcinkowy cykl film\u00f3w pt. Dekalog. Seria ta by\u0142a wy\u015bwietlana przez wiele sieci telewizyjnych na \u015bwiecie i zyska\u0142a bardzo pochlebne recenzje krytyk\u00f3w filmowych. Kinowa wersja Dekalogu V - Kr\u00f3tki film o zabijaniu otrzyma\u0142a nagrod\u0119 Felixa w 1988 jako pierwszy europejski film fabularny uhonorowany tym wyr\u00f3\u017cnieniem. Po sukcesie Dekalogu nakr\u0119ci\u0142 kilka film\u00f3w we Francji, mimo \u017ce nie zna\u0142 j\u0119zyka francuskiego. Gdy uko\u0144czy\u0142 prac\u0119 nad trylogi\u0105 Trzy kolory, zapowiedzia\u0142 zako\u0144czenie kariery re\u017cyserskiej. Dwa lata p\u00f3\u017aniej zmar\u0142 w trakcie operacji, kt\u00f3ra by\u0142a konsekwencj\u0105 ataku serca. W latach 1993-1996 wyk\u0142ada\u0142 re\u017cyseri\u0119 na swojej macierzystej uczelni. (Wikipedia)","sameAs":["http:\/\/"],"url":"https:\/\/ownetic.com\/cytaty\/author\/krzysztof-kieslowski"}]}},"_links":{"self":[{"href":"https:\/\/ownetic.com\/cytaty\/wp-json\/wp\/v2\/posts\/7840"}],"collection":[{"href":"https:\/\/ownetic.com\/cytaty\/wp-json\/wp\/v2\/posts"}],"about":[{"href":"https:\/\/ownetic.com\/cytaty\/wp-json\/wp\/v2\/types\/post"}],"author":[{"embeddable":true,"href":"https:\/\/ownetic.com\/cytaty\/wp-json\/wp\/v2\/users\/111"}],"replies":[{"embeddable":true,"href":"https:\/\/ownetic.com\/cytaty\/wp-json\/wp\/v2\/comments?post=7840"}],"version-history":[{"count":0,"href":"https:\/\/ownetic.com\/cytaty\/wp-json\/wp\/v2\/posts\/7840\/revisions"}],"wp:attachment":[{"href":"https:\/\/ownetic.com\/cytaty\/wp-json\/wp\/v2\/media?parent=7840"}],"wp:term":[{"taxonomy":"category","embeddable":true,"href":"https:\/\/ownetic.com\/cytaty\/wp-json\/wp\/v2\/categories?post=7840"},{"taxonomy":"post_tag","embeddable":true,"href":"https:\/\/ownetic.com\/cytaty\/wp-json\/wp\/v2\/tags?post=7840"},{"taxonomy":"powerkit_post_featured","embeddable":true,"href":"https:\/\/ownetic.com\/cytaty\/wp-json\/wp\/v2\/powerkit_post_featured?post=7840"}],"curies":[{"name":"wp","href":"https:\/\/api.w.org\/{rel}","templated":true}]}}