{"id":8010,"date":"2009-09-14T16:35:26","date_gmt":"2009-09-14T14:35:26","guid":{"rendered":"https:\/\/ownetic.com\/cytaty\/?p=8010"},"modified":"2009-09-14T16:35:26","modified_gmt":"2009-09-14T14:35:26","slug":"adam-mickiewiczgdy-cie-nie-widze","status":"publish","type":"post","link":"https:\/\/ownetic.com\/cytaty\/adam-mickiewiczgdy-cie-nie-widze","title":{"rendered":"Gdy ci\u0119 nie widz\u0119"},"content":{"rendered":"<p>Gdy ci\u0119 nie widz\u0119, nie wzdycham, nie p\u0142acz\u0119,<br \/>\nNie trac\u0119 zmys\u0142\u00f3w, kiedy ci\u0119 zobacz\u0119;<br \/>\nJednak\u017ce gdy ci\u0119 d\u0142ugo nie ogl\u0105dam,<br \/>\nCzego\u015b mi braknie, kogo\u015b widzie\u0107 \u017c\u0105dam;<br \/>\nI t\u0119skni\u0105c sobie zadaj\u0119 pytanie:<br \/>\nCzy to jest przyja\u017a\u0144? czy to jest kochanie?<\/p>\n","protected":false},"excerpt":{"rendered":"<p>Gdy ci&#281; nie widz&#281;, nie wzdycham, nie p&#322;acz&#281;, Nie trac&#281; zmys&#322;&oacute;w, kiedy ci&#281; zobacz&#281;; Jednak&#380;e gdy ci&#281; d&#322;ugo nie ogl&#261;dam, Czego&#347; mi braknie, kogo&#347; widzie&#263; &#380;&#261;dam; I t&#281;skni&#261;c sobie zadaj&#281;&hellip;<\/p>\n","protected":false},"author":78,"featured_media":0,"comment_status":"open","ping_status":"open","sticky":false,"template":"","format":"standard","meta":[],"categories":[1],"tags":[3,61],"powerkit_post_featured":[],"yoast_head":"<!-- This site is optimized with the Yoast SEO plugin v18.7 - https:\/\/yoast.com\/wordpress\/plugins\/seo\/ -->\n<title>Ownetic - Kolekcja cytat\u00f3w<\/title>\n<meta name=\"description\" content=\"Cytaty, aforyzmy, sentencje, znane osoby\" \/>\n<meta name=\"robots\" content=\"index, follow, max-snippet:-1, max-image-preview:large, max-video-preview:-1\" \/>\n<link rel=\"canonical\" href=\"https:\/\/ownetic.com\/cytaty\/adam-mickiewiczgdy-cie-nie-widze\" \/>\n<meta name=\"twitter:card\" content=\"summary_large_image\" \/>\n<meta name=\"twitter:title\" content=\"Ownetic - Kolekcja cytat\u00f3w\" \/>\n<meta name=\"twitter:description\" content=\"Cytaty, aforyzmy, sentencje, znane osoby\" \/>\n<meta name=\"twitter:label1\" content=\"Napisane przez\" \/>\n\t<meta name=\"twitter:data1\" content=\"Adam Mickiewicz\" \/>\n<script type=\"application\/ld+json\" class=\"yoast-schema-graph\">{\"@context\":\"https:\/\/schema.org\",\"@graph\":[{\"@type\":\"Organization\",\"@id\":\"https:\/\/ownetic.com\/cytaty\/#organization\",\"name\":\"Ownetic\",\"url\":\"https:\/\/ownetic.com\/cytaty\/\",\"sameAs\":[],\"logo\":{\"@type\":\"ImageObject\",\"inLanguage\":\"pl-PL\",\"@id\":\"https:\/\/ownetic.com\/cytaty\/#\/schema\/logo\/image\/\",\"url\":\"https:\/\/ownetic.com\/cytaty\/wp-content\/uploads\/2020\/10\/Group-6341.png\",\"contentUrl\":\"https:\/\/ownetic.com\/cytaty\/wp-content\/uploads\/2020\/10\/Group-6341.png\",\"width\":260,\"height\":260,\"caption\":\"Ownetic\"},\"image\":{\"@id\":\"https:\/\/ownetic.com\/cytaty\/#\/schema\/logo\/image\/\"}},{\"@type\":\"WebSite\",\"@id\":\"https:\/\/ownetic.com\/cytaty\/#website\",\"url\":\"https:\/\/ownetic.com\/cytaty\/\",\"name\":\"Ownetic \u2013 Kolekcja Cytat\u00f3w\",\"description\":\"Cytaty\",\"publisher\":{\"@id\":\"https:\/\/ownetic.com\/cytaty\/#organization\"},\"potentialAction\":[{\"@type\":\"SearchAction\",\"target\":{\"@type\":\"EntryPoint\",\"urlTemplate\":\"https:\/\/ownetic.com\/cytaty\/?s={search_term_string}\"},\"query-input\":\"required name=search_term_string\"}],\"inLanguage\":\"pl-PL\"},{\"@type\":\"WebPage\",\"@id\":\"https:\/\/ownetic.com\/cytaty\/adam-mickiewiczgdy-cie-nie-widze#webpage\",\"url\":\"https:\/\/ownetic.com\/cytaty\/adam-mickiewiczgdy-cie-nie-widze\",\"name\":\"Ownetic - Kolekcja cytat\u00f3w\",\"isPartOf\":{\"@id\":\"https:\/\/ownetic.com\/cytaty\/#website\"},\"datePublished\":\"2009-09-14T14:35:26+00:00\",\"dateModified\":\"2009-09-14T14:35:26+00:00\",\"description\":\"Cytaty, aforyzmy, sentencje, znane osoby\",\"breadcrumb\":{\"@id\":\"https:\/\/ownetic.com\/cytaty\/adam-mickiewiczgdy-cie-nie-widze#breadcrumb\"},\"inLanguage\":\"pl-PL\",\"potentialAction\":[{\"@type\":\"ReadAction\",\"target\":[\"https:\/\/ownetic.com\/cytaty\/adam-mickiewiczgdy-cie-nie-widze\"]}]},{\"@type\":\"BreadcrumbList\",\"@id\":\"https:\/\/ownetic.com\/cytaty\/adam-mickiewiczgdy-cie-nie-widze#breadcrumb\",\"itemListElement\":[{\"@type\":\"ListItem\",\"position\":1,\"name\":\"Strona g\u0142\u00f3wna\",\"item\":\"https:\/\/ownetic.com\/cytaty\/\"},{\"@type\":\"ListItem\",\"position\":2,\"name\":\"Gdy ci\u0119 nie widz\u0119\"}]},{\"@type\":\"Article\",\"@id\":\"https:\/\/ownetic.com\/cytaty\/adam-mickiewiczgdy-cie-nie-widze#article\",\"isPartOf\":{\"@id\":\"https:\/\/ownetic.com\/cytaty\/adam-mickiewiczgdy-cie-nie-widze#webpage\"},\"author\":{\"@id\":\"https:\/\/ownetic.com\/cytaty\/#\/schema\/person\/e54fcc531974a45e8fdea04645400d5f\"},\"headline\":\"Gdy ci\u0119 nie widz\u0119\",\"datePublished\":\"2009-09-14T14:35:26+00:00\",\"dateModified\":\"2009-09-14T14:35:26+00:00\",\"mainEntityOfPage\":{\"@id\":\"https:\/\/ownetic.com\/cytaty\/adam-mickiewiczgdy-cie-nie-widze#webpage\"},\"wordCount\":50,\"commentCount\":0,\"publisher\":{\"@id\":\"https:\/\/ownetic.com\/cytaty\/#organization\"},\"keywords\":[\"mi\u0142o\u015b\u0107\",\"przyja\u017a\u0144\"],\"articleSection\":[\"Cytaty\"],\"inLanguage\":\"pl-PL\"},{\"@type\":\"Person\",\"@id\":\"https:\/\/ownetic.com\/cytaty\/#\/schema\/person\/e54fcc531974a45e8fdea04645400d5f\",\"name\":\"Adam Mickiewicz\",\"image\":{\"@type\":\"ImageObject\",\"inLanguage\":\"pl-PL\",\"@id\":\"https:\/\/ownetic.com\/cytaty\/#\/schema\/person\/image\/\",\"url\":\"https:\/\/secure.gravatar.com\/avatar\/54ff6e46589f1aaea7865cee3bc26dc2?s=96&d=mm&r=g\",\"contentUrl\":\"https:\/\/secure.gravatar.com\/avatar\/54ff6e46589f1aaea7865cee3bc26dc2?s=96&d=mm&r=g\",\"caption\":\"Adam Mickiewicz\"},\"description\":\"Adam Bernard Mickiewicz (ur. 24 grudnia 1798 w Zaosiu ko\u0142o Nowogr\u00f3dka lub w Nowogr\u00f3dku, zm. 26 listopada 1855 w Konstantynopolu) \u2013 polski poeta, dzia\u0142acz i publicysta polityczny, nazywany poet\u0105 przeobra\u017ce\u0144 oraz bardem s\u0142owia\u0144skim. Obok Juliusza S\u0142owackiego oraz Zygmunta Krasi\u0144skiego uwa\u017cany za najwi\u0119kszego poet\u0119 polskiego romantyzmu (grono tzw. Trzech Wieszcz\u00f3w) oraz literatury polskiej w og\u00f3le, a nawet za jednego z najwi\u0119kszych na skal\u0119europejsk\u0105. Cz\u0142onek Stowarzyszenia Filomat\u00f3w, mesjanista zwi\u0105zany z Ko\u0142em Sprawy Bo\u017cej Andrzeja Towia\u0144skiego. Najwybitniejszy tw\u00f3rca dramatu romantycznego w Polsce, zar\u00f3wno w ojczy\u017anie jak i w Europie zachodniej por\u00f3wnywany doByrona i Goethego. Pr\u00f3cz tego wyk\u0142adowca literatury s\u0142owia\u0144skiej na Coll\u00e8ge de France. Wsp\u00f3\u0142cze\u015bnie znany przede wszystkim jako autor ballad, powie\u015bci poetyckich, dramatu Dziady oraz epopei narodowej Pan Tadeusz uznawanej za ostatni wielki epos. Wikipedia\",\"sameAs\":[\"http:\/\/\"],\"url\":\"https:\/\/ownetic.com\/cytaty\/author\/adam-mickiewicz\"}]}<\/script>\n<!-- \/ Yoast SEO plugin. -->","yoast_head_json":{"title":"Ownetic - Kolekcja cytat\u00f3w","description":"Cytaty, aforyzmy, sentencje, znane osoby","robots":{"index":"index","follow":"follow","max-snippet":"max-snippet:-1","max-image-preview":"max-image-preview:large","max-video-preview":"max-video-preview:-1"},"canonical":"https:\/\/ownetic.com\/cytaty\/adam-mickiewiczgdy-cie-nie-widze","twitter_card":"summary_large_image","twitter_title":"Ownetic - Kolekcja cytat\u00f3w","twitter_description":"Cytaty, aforyzmy, sentencje, znane osoby","twitter_misc":{"Napisane przez":"Adam Mickiewicz"},"schema":{"@context":"https:\/\/schema.org","@graph":[{"@type":"Organization","@id":"https:\/\/ownetic.com\/cytaty\/#organization","name":"Ownetic","url":"https:\/\/ownetic.com\/cytaty\/","sameAs":[],"logo":{"@type":"ImageObject","inLanguage":"pl-PL","@id":"https:\/\/ownetic.com\/cytaty\/#\/schema\/logo\/image\/","url":"https:\/\/ownetic.com\/cytaty\/wp-content\/uploads\/2020\/10\/Group-6341.png","contentUrl":"https:\/\/ownetic.com\/cytaty\/wp-content\/uploads\/2020\/10\/Group-6341.png","width":260,"height":260,"caption":"Ownetic"},"image":{"@id":"https:\/\/ownetic.com\/cytaty\/#\/schema\/logo\/image\/"}},{"@type":"WebSite","@id":"https:\/\/ownetic.com\/cytaty\/#website","url":"https:\/\/ownetic.com\/cytaty\/","name":"Ownetic \u2013 Kolekcja Cytat\u00f3w","description":"Cytaty","publisher":{"@id":"https:\/\/ownetic.com\/cytaty\/#organization"},"potentialAction":[{"@type":"SearchAction","target":{"@type":"EntryPoint","urlTemplate":"https:\/\/ownetic.com\/cytaty\/?s={search_term_string}"},"query-input":"required name=search_term_string"}],"inLanguage":"pl-PL"},{"@type":"WebPage","@id":"https:\/\/ownetic.com\/cytaty\/adam-mickiewiczgdy-cie-nie-widze#webpage","url":"https:\/\/ownetic.com\/cytaty\/adam-mickiewiczgdy-cie-nie-widze","name":"Ownetic - Kolekcja cytat\u00f3w","isPartOf":{"@id":"https:\/\/ownetic.com\/cytaty\/#website"},"datePublished":"2009-09-14T14:35:26+00:00","dateModified":"2009-09-14T14:35:26+00:00","description":"Cytaty, aforyzmy, sentencje, znane osoby","breadcrumb":{"@id":"https:\/\/ownetic.com\/cytaty\/adam-mickiewiczgdy-cie-nie-widze#breadcrumb"},"inLanguage":"pl-PL","potentialAction":[{"@type":"ReadAction","target":["https:\/\/ownetic.com\/cytaty\/adam-mickiewiczgdy-cie-nie-widze"]}]},{"@type":"BreadcrumbList","@id":"https:\/\/ownetic.com\/cytaty\/adam-mickiewiczgdy-cie-nie-widze#breadcrumb","itemListElement":[{"@type":"ListItem","position":1,"name":"Strona g\u0142\u00f3wna","item":"https:\/\/ownetic.com\/cytaty\/"},{"@type":"ListItem","position":2,"name":"Gdy ci\u0119 nie widz\u0119"}]},{"@type":"Article","@id":"https:\/\/ownetic.com\/cytaty\/adam-mickiewiczgdy-cie-nie-widze#article","isPartOf":{"@id":"https:\/\/ownetic.com\/cytaty\/adam-mickiewiczgdy-cie-nie-widze#webpage"},"author":{"@id":"https:\/\/ownetic.com\/cytaty\/#\/schema\/person\/e54fcc531974a45e8fdea04645400d5f"},"headline":"Gdy ci\u0119 nie widz\u0119","datePublished":"2009-09-14T14:35:26+00:00","dateModified":"2009-09-14T14:35:26+00:00","mainEntityOfPage":{"@id":"https:\/\/ownetic.com\/cytaty\/adam-mickiewiczgdy-cie-nie-widze#webpage"},"wordCount":50,"commentCount":0,"publisher":{"@id":"https:\/\/ownetic.com\/cytaty\/#organization"},"keywords":["mi\u0142o\u015b\u0107","przyja\u017a\u0144"],"articleSection":["Cytaty"],"inLanguage":"pl-PL"},{"@type":"Person","@id":"https:\/\/ownetic.com\/cytaty\/#\/schema\/person\/e54fcc531974a45e8fdea04645400d5f","name":"Adam Mickiewicz","image":{"@type":"ImageObject","inLanguage":"pl-PL","@id":"https:\/\/ownetic.com\/cytaty\/#\/schema\/person\/image\/","url":"https:\/\/secure.gravatar.com\/avatar\/54ff6e46589f1aaea7865cee3bc26dc2?s=96&d=mm&r=g","contentUrl":"https:\/\/secure.gravatar.com\/avatar\/54ff6e46589f1aaea7865cee3bc26dc2?s=96&d=mm&r=g","caption":"Adam Mickiewicz"},"description":"Adam Bernard Mickiewicz (ur. 24 grudnia 1798 w Zaosiu ko\u0142o Nowogr\u00f3dka lub w Nowogr\u00f3dku, zm. 26 listopada 1855 w Konstantynopolu) \u2013 polski poeta, dzia\u0142acz i publicysta polityczny, nazywany poet\u0105 przeobra\u017ce\u0144 oraz bardem s\u0142owia\u0144skim. Obok Juliusza S\u0142owackiego oraz Zygmunta Krasi\u0144skiego uwa\u017cany za najwi\u0119kszego poet\u0119 polskiego romantyzmu (grono tzw. Trzech Wieszcz\u00f3w) oraz literatury polskiej w og\u00f3le, a nawet za jednego z najwi\u0119kszych na skal\u0119europejsk\u0105. Cz\u0142onek Stowarzyszenia Filomat\u00f3w, mesjanista zwi\u0105zany z Ko\u0142em Sprawy Bo\u017cej Andrzeja Towia\u0144skiego. Najwybitniejszy tw\u00f3rca dramatu romantycznego w Polsce, zar\u00f3wno w ojczy\u017anie jak i w Europie zachodniej por\u00f3wnywany doByrona i Goethego. Pr\u00f3cz tego wyk\u0142adowca literatury s\u0142owia\u0144skiej na Coll\u00e8ge de France. Wsp\u00f3\u0142cze\u015bnie znany przede wszystkim jako autor ballad, powie\u015bci poetyckich, dramatu Dziady oraz epopei narodowej Pan Tadeusz uznawanej za ostatni wielki epos. Wikipedia","sameAs":["http:\/\/"],"url":"https:\/\/ownetic.com\/cytaty\/author\/adam-mickiewicz"}]}},"_links":{"self":[{"href":"https:\/\/ownetic.com\/cytaty\/wp-json\/wp\/v2\/posts\/8010"}],"collection":[{"href":"https:\/\/ownetic.com\/cytaty\/wp-json\/wp\/v2\/posts"}],"about":[{"href":"https:\/\/ownetic.com\/cytaty\/wp-json\/wp\/v2\/types\/post"}],"author":[{"embeddable":true,"href":"https:\/\/ownetic.com\/cytaty\/wp-json\/wp\/v2\/users\/78"}],"replies":[{"embeddable":true,"href":"https:\/\/ownetic.com\/cytaty\/wp-json\/wp\/v2\/comments?post=8010"}],"version-history":[{"count":0,"href":"https:\/\/ownetic.com\/cytaty\/wp-json\/wp\/v2\/posts\/8010\/revisions"}],"wp:attachment":[{"href":"https:\/\/ownetic.com\/cytaty\/wp-json\/wp\/v2\/media?parent=8010"}],"wp:term":[{"taxonomy":"category","embeddable":true,"href":"https:\/\/ownetic.com\/cytaty\/wp-json\/wp\/v2\/categories?post=8010"},{"taxonomy":"post_tag","embeddable":true,"href":"https:\/\/ownetic.com\/cytaty\/wp-json\/wp\/v2\/tags?post=8010"},{"taxonomy":"powerkit_post_featured","embeddable":true,"href":"https:\/\/ownetic.com\/cytaty\/wp-json\/wp\/v2\/powerkit_post_featured?post=8010"}],"curies":[{"name":"wp","href":"https:\/\/api.w.org\/{rel}","templated":true}]}}