{"id":12308,"date":"2013-02-25T17:03:46","date_gmt":"2013-02-25T16:03:46","guid":{"rendered":"https:\/\/ownetic.com\/magazyn\/?p=12308"},"modified":"2021-01-12T15:12:12","modified_gmt":"2021-01-12T14:12:12","slug":"kamil-kopania-zatrzymac-czas-na-boga-zatrzymac-czas","status":"publish","type":"post","link":"https:\/\/ownetic.com\/magazyn\/2013\/kamil-kopania-zatrzymac-czas-na-boga-zatrzymac-czas","title":{"rendered":"Zatrzyma\u0107 czas!!! Na Boga zatrzyma\u0107 czas\u2026."},"content":{"rendered":"<p>Czy naprawd\u0119 sale warszawskiej Zach\u0119ty s\u0105 niezb\u0119dne do tego, by cieszy\u0107 si\u0119 filmami animowanymi Juliana Antonisza (1941-1987)? W ko\u0144cu jego najbardziej znane i popularne dzie\u0142a, czyli <em>Jak dzia\u0142a jamniczek? <\/em>z 1971 roku czy p\u00f3\u017aniejszy o osiem lat <em>Ostry film zaanga\u017cowany <\/em>s\u0105 dost\u0119pne w Internecie. Na YouTube ten pierwszy osi\u0105ga zreszt\u0105 \u015bwietne wyniki. Bior\u0105c pod uwag\u0119 cz\u0119sto wsp\u00f3\u0142cze\u015bnie stosowany miernik popularno\u015bci, czyli tzw. liczb\u0119 ods\u0142on, <em>Jamniczek <\/em>radzi sobie \u015bwietnie. Prawie 270.000 to niema\u0142a liczba jak na powsta\u0142\u0105 ponad czterdzie\u015bci lat temu animacj\u0119. W sieci s\u0105 te\u017c dost\u0119pne mniej znane filmy Antonisza. W zasadzie bez wi\u0119kszej przesady mo\u017cna powiedzie\u0107, i\u017c dost\u0119pne s\u0105 niemal wszystkie<a class=\"fn-ref-mark\" href=\"#footnote-1\" id=\"refmark-1\"><sup>[1]<\/sup><\/a>. Co wi\u0119cej \u2013 osoby zainteresowane Antoniszem i jego miejscem w historii polskiego filmu animowanego maj\u0105 mo\u017cliwo\u015b\u0107 skorzysta\u0107 z bogatej literatury przedmiotu<a class=\"fn-ref-mark\" href=\"#footnote-2\" id=\"refmark-2\"><sup>[2]<\/sup><\/a>. Po co wi\u0119c i\u015b\u0107 do Zach\u0119ty?<\/p>\n<figure id=\"attachment_12336\" aria-describedby=\"caption-attachment-12336\" style=\"width: 540px\" class=\"wp-caption alignnone\"><a href=\"https:\/\/ownetic.com\/magazyn\/2013\/zatrzymac-czas-na-boga-zatrzymac-czas\/julian-jozef-antoniszczak-ludzie-wiedna-jak-liscie-kadr-z-filmu-2013-01-26-018\/\" rel=\"attachment wp-att-12336\"><img loading=\"lazy\" class=\"size-medium wp-image-12336\" title=\"\u201eLudzie wi\u0119dn\u0105 jak li\u015bcie\u2026 Film bez kamery\u201d, re\u017c. Julian J\u00f3zef Antoniszczak \u2013 kadr z filmu (\u017ar\u00f3d\u0142o: materia\u0142y prasowe)\" src=\"https:\/\/ownetic.com\/magazyn\/wp-content\/uploads\/2013\/02\/julian-jozef-antoniszczak-ludzie-wiedna-jak-liscie-kadr-z-filmu-2013-01-26-018-540x393.jpg\" alt=\"\u201eLudzie wi\u0119dn\u0105 jak li\u015bcie\u2026 Film bez kamery\u201d, re\u017c. Julian J\u00f3zef Antoniszczak \u2013 kadr z filmu (\u017ar\u00f3d\u0142o: materia\u0142y prasowe)\" width=\"540\" height=\"393\"\/><\/a><figcaption id=\"caption-attachment-12336\" class=\"wp-caption-text\">\u201eLudzie wi\u0119dn\u0105 jak li\u015bcie\u2026 Film bez kamery\u201d, re\u017c. Julian J\u00f3zef Antoniszczak \u2013 kadr z filmu (\u017ar\u00f3d\u0142o: materia\u0142y prasowe)<\/figcaption><\/figure>\n<p>Oczywi\u015bcie mo\u017cna i\u015b\u0107 po to, \u017ceby po raz pierwszy albo po raz enty zobaczy\u0107 kilka film\u00f3w Juliana Antonisza. Zobaczy\u0107 je w atmosferze bardzo odpowiadaj\u0105cej jego dzie\u0142om, dynamicznym, pe\u0142nym ruchu i rozedrgania, pulsuj\u0105cym kolorami, kt\u00f3rych integraln\u0105 cz\u0119\u015bci\u0105 jest \u2013 tworzona zazwyczaj przez samego artyst\u0119 \u2013 energetyzuj\u0105ca, \u017cwawa muzyka, \u015bwietnie ostatnio interpretowana przez zyskuj\u0105cy coraz wi\u0119ksz\u0105 popularno\u015b\u0107 zesp\u00f3\u0142 Ma\u0142e Instrumenty<a class=\"fn-ref-mark\" href=\"#footnote-3\" id=\"refmark-3\"><sup>[3]<\/sup><\/a>. Trzy sale przeznaczone na wystaw\u0119 <em>Antonisz: technika jest dla mnie rodzajem sztuki <\/em>s\u0105 gwarne, motywy muzyczne przeplataj\u0105 si\u0119 ze sob\u0105, z ka\u017cdej strony dobiegaj\u0105 nas te\u017c charakterystyczne g\u0142osy nieprofesjonalnych, a mo\u017ce nawet arcy-nieprofesjonalnych lektor\u00f3w, kt\u00f3rych do swoich przedsi\u0119wzi\u0119\u0107 zatrudnia\u0142 Antonisz<a class=\"fn-ref-mark\" href=\"#footnote-4\" id=\"refmark-4\"><sup>[4]<\/sup><\/a>. Co wa\u017cne jednak, i dziwnym trafem zazwyczaj nieosi\u0105galne dla kurator\u00f3w organizuj\u0105cych wystawy sztuki wideo, pracuj\u0105cych w wi\u0119kszo\u015bci instytucji wystawienniczych stolicy, kolejne filmy mo\u017cna ogl\u0105da\u0107 bez przeszk\u00f3d, zosta\u0142y one bowiem tak ustawione i nag\u0142o\u015bnione, i\u017c te prezentowane w innych cz\u0119\u015bciach wystawy niejako nie zachodz\u0105 na ten w\u0142a\u015bnie przez zwiedzaj\u0105cego ogl\u0105dany. Na subteln\u0105 i bynajmniej nie irytuj\u0105c\u0105 kakofoni\u0119 d\u017awi\u0119k\u00f3w sk\u0142adaj\u0105 si\u0119 r\u00f3wnie\u017c odg\u0142osy metalowych rusztowa\u0144, na kt\u00f3re trzeba si\u0119 wspi\u0105\u0107 po stromych schodach, \u017ceby zobaczy\u0107 niekt\u00f3re partie ekspozycji.<\/p>\n<p>Odwiedzaj\u0105cy Zach\u0119t\u0119 mog\u0105 wi\u0119c zapozna\u0107 si\u0119, w zupe\u0142nie dobrych, sympatycznych warunkach, z <em>Jak dzia\u0142a jamniczek, Ostrym filmem zaanga\u017cowanym <\/em>czy kilkoma wydaniami <em>Polskiej Kroniki Non-Camerowej. <\/em>Tak naprawd\u0119 jednak zorganizowana przez Joann\u0119 Krordjak-Piotrowsk\u0105 ekspozycja nie jest wystaw\u0105 film\u00f3w Antonisza. <em>Antonisz:<\/em> t<em>echnika jest dla mnie rodzajem sztuki <\/em>to prezentacja pozwalaj\u0105ca pozna\u0107 artyst\u0119, jego \u015bwiat wewn\u0119trzny, ogl\u0105d otaczaj\u0105cej go rzeczywisto\u015bci oraz spos\u00f3b w jaki rozumia\u0142 sztuk\u0119 filmow\u0105. Je\u015bli warto wybra\u0107 si\u0119 do Zach\u0119ty, to w\u0142a\u015bnie ze wzgl\u0119du na mo\u017cliwo\u015b\u0107 prze\u015bledzenia \u017cycia Antonisza oraz sposobu jego pracy. W istocie jest to wystawa swoi\u015bcie voyeurystyczna.<\/p>\n<div id='gallery-1' class='gallery galleryid-12308 gallery-columns-6 gallery-size-thumbnail'><figure class='gallery-item'>\n\t\t\t<div class='gallery-icon portrait'>\n\t\t\t\t<a href='https:\/\/ownetic.com\/magazyn\/2013\/kamil-kopania-zatrzymac-czas-na-boga-zatrzymac-czas\/antonisz-technika-jest-dla-mnie-rodzajem-sztuki-eksponaty-z-wystawy-2013-01-26-003-501x600'><img width=\"200\" height=\"240\" src=\"https:\/\/ownetic.com\/magazyn\/wp-content\/uploads\/2013\/02\/antonisz-technika-jest-dla-mnie-rodzajem-sztuki-eksponaty-z-wystawy-2013-01-26-003-501x600.jpg\" class=\"attachment-thumbnail size-thumbnail\" alt=\"\u201e\u017bycie, walka, cel \u017cycia, cele, filozofia, sens\u2026, pomys\u0142ownik d\u201d, ok. 1973 \/ \u201eLife, Struggle, Goals in Life, Goals, Philosophy, Sense\u2026, ideabook d\u201d, 1972 \u00a9 w\u0142asno\u015b\u0107 Danuty, Malwiny i Sabiny Antoniszczak (\u017ar\u00f3d\u0142o: materia\u0142y prasowe)\" loading=\"lazy\" aria-describedby=\"gallery-1-12309\" \/><\/a>\n\t\t\t<\/div>\n\t\t\t\t<figcaption class='wp-caption-text gallery-caption' id='gallery-1-12309'>\n\t\t\t\t\u201e\u017bycie, walka, cel \u017cycia, cele, filozofia, sens\u2026, pomys\u0142ownik d\u201d, ok. 1973 \/ \u201eLife, Struggle, Goals in Life, Goals, Philosophy, Sense\u2026, ideabook d\u201d, 1972 \u00a9 w\u0142asno\u015b\u0107 Danuty, Malwiny i Sabiny Antoniszczak (\u017ar\u00f3d\u0142o: materia\u0142y prasowe)\n\t\t\t\t<\/figcaption><\/figure><figure class='gallery-item'>\n\t\t\t<div class='gallery-icon landscape'>\n\t\t\t\t<a href='https:\/\/ownetic.com\/magazyn\/2013\/kamil-kopania-zatrzymac-czas-na-boga-zatrzymac-czas\/antonisz-technika-jest-dla-mnie-rodzajem-sztuki-eksponat-z-wystawy-2013-01-25-008-678x600'><img width=\"271\" height=\"240\" src=\"https:\/\/ownetic.com\/magazyn\/wp-content\/uploads\/2013\/02\/antonisz-technika-jest-dla-mnie-rodzajem-sztuki-eksponat-z-wystawy-2013-01-25-008-678x600.jpg\" class=\"attachment-thumbnail size-thumbnail\" alt=\"St\u00f3\u0142 monta\u017cowy-sonograf, 1978, fot.\/photo Maciej Landsberg \u00a9 w\u0142asno\u015b\u0107 Danuty, Malwiny i Sabiny Antoniszczak (\u017ar\u00f3d\u0142o: materia\u0142y prasowe)\" loading=\"lazy\" aria-describedby=\"gallery-1-12310\" \/><\/a>\n\t\t\t<\/div>\n\t\t\t\t<figcaption class='wp-caption-text gallery-caption' id='gallery-1-12310'>\n\t\t\t\tSt\u00f3\u0142 monta\u017cowy-sonograf, 1978, fot.\/photo Maciej Landsberg \u00a9 w\u0142asno\u015b\u0107 Danuty, Malwiny i Sabiny Antoniszczak (\u017ar\u00f3d\u0142o: materia\u0142y prasowe)\n\t\t\t\t<\/figcaption><\/figure><figure class='gallery-item'>\n\t\t\t<div class='gallery-icon landscape'>\n\t\t\t\t<a href='https:\/\/ownetic.com\/magazyn\/2013\/kamil-kopania-zatrzymac-czas-na-boga-zatrzymac-czas\/antonisz-technika-jest-dla-mnie-rodzajem-sztuki-eksponat-z-wystawy-2013-01-25-010'><img width=\"300\" height=\"240\" src=\"https:\/\/ownetic.com\/magazyn\/wp-content\/uploads\/2013\/02\/antonisz-technika-jest-dla-mnie-rodzajem-sztuki-eksponat-z-wystawy-2013-01-25-010.jpg\" class=\"attachment-thumbnail size-thumbnail\" alt=\"Zdj\u0119cia pracowni Juliana Antonisza\/ Photos from the studio of Julian Antonisz, fot.\/photo Weronika \u0141odzi\u0144ska, dzi\u0119ki uprzejmo\u015bci Zach\u0119ty Narodowej Galerii Sztuki\/ courtesy of Zach\u0119ta National Gallery of Art (\u017ar\u00f3d\u0142o: materia\u0142y prasowe)\" loading=\"lazy\" aria-describedby=\"gallery-1-12311\" \/><\/a>\n\t\t\t<\/div>\n\t\t\t\t<figcaption class='wp-caption-text gallery-caption' id='gallery-1-12311'>\n\t\t\t\tZdj\u0119cia pracowni Juliana Antonisza\/ Photos from the studio of Julian Antonisz, fot.\/photo Weronika \u0141odzi\u0144ska, dzi\u0119ki uprzejmo\u015bci Zach\u0119ty Narodowej Galerii Sztuki\/ courtesy of Zach\u0119ta National Gallery of Art (\u017ar\u00f3d\u0142o: materia\u0142y prasowe)\n\t\t\t\t<\/figcaption><\/figure><figure class='gallery-item'>\n\t\t\t<div class='gallery-icon landscape'>\n\t\t\t\t<a href='https:\/\/ownetic.com\/magazyn\/2013\/kamil-kopania-zatrzymac-czas-na-boga-zatrzymac-czas\/antonisz-technika-jest-dla-mnie-rodzajem-sztuki-eksponat-z-wystawy-2013-01-25-011-800x533'><img width=\"360\" height=\"240\" src=\"https:\/\/ownetic.com\/magazyn\/wp-content\/uploads\/2013\/02\/antonisz-technika-jest-dla-mnie-rodzajem-sztuki-eksponat-z-wystawy-2013-01-25-011-800x533.jpg\" class=\"attachment-thumbnail size-thumbnail\" alt=\"Scenariusz obrazkowy do filmu \u201eJak dzia\u0142a jamniczek\u201d, 1971\/ Storyboard for \u201cHow a Sausage Dog Works\u201d, 1971 \u00a9 w\u0142asno\u015b\u0107 Danuty, Malwiny i Sabiny Antoniszczak (\u017ar\u00f3d\u0142o: materia\u0142y prasowe)\" loading=\"lazy\" aria-describedby=\"gallery-1-12312\" \/><\/a>\n\t\t\t<\/div>\n\t\t\t\t<figcaption class='wp-caption-text gallery-caption' id='gallery-1-12312'>\n\t\t\t\tScenariusz obrazkowy do filmu \u201eJak dzia\u0142a jamniczek\u201d, 1971\/ Storyboard for \u201cHow a Sausage Dog Works\u201d, 1971 \u00a9 w\u0142asno\u015b\u0107 Danuty, Malwiny i Sabiny Antoniszczak (\u017ar\u00f3d\u0142o: materia\u0142y prasowe)\n\t\t\t\t<\/figcaption><\/figure><figure class='gallery-item'>\n\t\t\t<div class='gallery-icon landscape'>\n\t\t\t\t<a href='https:\/\/ownetic.com\/magazyn\/2013\/kamil-kopania-zatrzymac-czas-na-boga-zatrzymac-czas\/antonisz-technika-jest-dla-mnie-rodzajem-sztuki-eksponat-z-wystawy-2013-01-25-013-800x533'><img width=\"360\" height=\"240\" src=\"https:\/\/ownetic.com\/magazyn\/wp-content\/uploads\/2013\/02\/antonisz-technika-jest-dla-mnie-rodzajem-sztuki-eksponat-z-wystawy-2013-01-25-013-800x533.jpg\" class=\"attachment-thumbnail size-thumbnail\" alt=\"Scenariusz obrazkowy do filmu \u201eJak dzia\u0142a jamniczek\u201d, 1971\/ Storyboard for \u201cHow a Sausage Dog Works\u201d, 1971 \u00a9 w\u0142asno\u015b\u0107 Danuty, Malwiny i Sabiny Antoniszczak (\u017ar\u00f3d\u0142o: materia\u0142y prasowe)\" loading=\"lazy\" aria-describedby=\"gallery-1-12313\" \/><\/a>\n\t\t\t<\/div>\n\t\t\t\t<figcaption class='wp-caption-text gallery-caption' id='gallery-1-12313'>\n\t\t\t\tScenariusz obrazkowy do filmu \u201eJak dzia\u0142a jamniczek\u201d, 1971\/ Storyboard for \u201cHow a Sausage Dog Works\u201d, 1971 \u00a9 w\u0142asno\u015b\u0107 Danuty, Malwiny i Sabiny Antoniszczak (\u017ar\u00f3d\u0142o: materia\u0142y prasowe)\n\t\t\t\t<\/figcaption><\/figure><figure class='gallery-item'>\n\t\t\t<div class='gallery-icon landscape'>\n\t\t\t\t<a href='https:\/\/ownetic.com\/magazyn\/2013\/kamil-kopania-zatrzymac-czas-na-boga-zatrzymac-czas\/antonisz-technika-jest-dla-mnie-rodzajem-sztuki-eksponat-z-wystawy-2013-01-26-001-800x532'><img width=\"361\" height=\"240\" src=\"https:\/\/ownetic.com\/magazyn\/wp-content\/uploads\/2013\/02\/antonisz-technika-jest-dla-mnie-rodzajem-sztuki-eksponat-z-wystawy-2013-01-26-001-800x532.jpg\" class=\"attachment-thumbnail size-thumbnail\" alt=\"Fragmenty oryginalnych ta\u015bm non-camerowych Juliana Antonisza\/ Fragments of the original non-camera films of Julian Antonisz, fot.\/photo Weronika \u0141odzi\u0144ska \u00a9 w\u0142asno\u015b\u0107 Danuty, Malwiny i Sabiny Antoniszczak (\u017ar\u00f3d\u0142o: materia\u0142y prasowe)\" loading=\"lazy\" aria-describedby=\"gallery-1-12314\" \/><\/a>\n\t\t\t<\/div>\n\t\t\t\t<figcaption class='wp-caption-text gallery-caption' id='gallery-1-12314'>\n\t\t\t\tFragmenty oryginalnych ta\u015bm non-camerowych Juliana Antonisza\/ Fragments of the original non-camera films of Julian Antonisz, fot.\/photo Weronika \u0141odzi\u0144ska \u00a9 w\u0142asno\u015b\u0107 Danuty, Malwiny i Sabiny Antoniszczak (\u017ar\u00f3d\u0142o: materia\u0142y prasowe)\n\t\t\t\t<\/figcaption><\/figure><figure class='gallery-item'>\n\t\t\t<div class='gallery-icon landscape'>\n\t\t\t\t<a href='https:\/\/ownetic.com\/magazyn\/2013\/kamil-kopania-zatrzymac-czas-na-boga-zatrzymac-czas\/antonisz-technika-jest-dla-mnie-rodzajem-sztuki-eksponat-z-wystawy-2013-01-26-002-800x600'><img width=\"320\" height=\"240\" src=\"https:\/\/ownetic.com\/magazyn\/wp-content\/uploads\/2013\/02\/antonisz-technika-jest-dla-mnie-rodzajem-sztuki-eksponat-z-wystawy-2013-01-26-002-800x600.jpg\" class=\"attachment-thumbnail size-thumbnail\" alt=\"Teczka \u201eTechnika, drukowanie film\u00f3w i elektrofotografia filmowa, pomys\u0142ownik\u201d, ok. 1976 \/ Folder \u201cFilm Printing Technology and Film Electrophotography, ideabook\u201d, ca 1976 \u00a9 w\u0142asno\u015b\u0107 Danuty, Malwiny i Sabiny Antoniszczak (\u017ar\u00f3d\u0142o: materia\u0142y prasowe)\" loading=\"lazy\" aria-describedby=\"gallery-1-12315\" \/><\/a>\n\t\t\t<\/div>\n\t\t\t\t<figcaption class='wp-caption-text gallery-caption' id='gallery-1-12315'>\n\t\t\t\tTeczka \u201eTechnika, drukowanie film\u00f3w i elektrofotografia filmowa, pomys\u0142ownik\u201d, ok. 1976 \/ Folder \u201cFilm Printing Technology and Film Electrophotography, ideabook\u201d, ca 1976 \u00a9 w\u0142asno\u015b\u0107 Danuty, Malwiny i Sabiny Antoniszczak  (\u017ar\u00f3d\u0142o: materia\u0142y prasowe)\n\t\t\t\t<\/figcaption><\/figure><figure class='gallery-item'>\n\t\t\t<div class='gallery-icon landscape'>\n\t\t\t\t<a href='https:\/\/ownetic.com\/magazyn\/2013\/kamil-kopania-zatrzymac-czas-na-boga-zatrzymac-czas\/antonisz-technika-jest-dla-mnie-rodzajem-sztuki-eksponat-z-wystawy-2013-01-26-004-800x548'><img width=\"350\" height=\"240\" src=\"https:\/\/ownetic.com\/magazyn\/wp-content\/uploads\/2013\/02\/antonisz-technika-jest-dla-mnie-rodzajem-sztuki-eksponat-z-wystawy-2013-01-26-004-800x548.jpg\" class=\"attachment-thumbnail size-thumbnail\" alt=\"Teczka \u201eStraszny film. Scenariusz obrazkowy\u201d [Film grozy], 1976 \/ Folder \u201cScary Film. Storyboard\u201d [Thriller Film], 1976 \u00a9 w\u0142asno\u015b\u0107 Danuty, Malwiny i Sabiny Antoniszczak (\u017ar\u00f3d\u0142o: materia\u0142y prasowe)\" loading=\"lazy\" aria-describedby=\"gallery-1-12316\" \/><\/a>\n\t\t\t<\/div>\n\t\t\t\t<figcaption class='wp-caption-text gallery-caption' id='gallery-1-12316'>\n\t\t\t\tTeczka \u201eStraszny film. Scenariusz obrazkowy\u201d [Film grozy], 1976 \/ Folder \u201cScary Film. Storyboard\u201d [Thriller Film], 1976 \u00a9 w\u0142asno\u015b\u0107 Danuty, Malwiny i Sabiny Antoniszczak  (\u017ar\u00f3d\u0142o: materia\u0142y prasowe) \n\t\t\t\t<\/figcaption><\/figure><figure class='gallery-item'>\n\t\t\t<div class='gallery-icon landscape'>\n\t\t\t\t<a href='https:\/\/ownetic.com\/magazyn\/2013\/kamil-kopania-zatrzymac-czas-na-boga-zatrzymac-czas\/antonisz-technika-jest-dla-mnie-rodzajem-sztuki-eksponat-z-wystawy-2013-01-26-012-717x600'><img width=\"287\" height=\"240\" src=\"https:\/\/ownetic.com\/magazyn\/wp-content\/uploads\/2013\/02\/antonisz-technika-jest-dla-mnie-rodzajem-sztuki-eksponat-z-wystawy-2013-01-26-012-717x600.jpg\" class=\"attachment-thumbnail size-thumbnail\" alt=\"Chropograf skaningowy ok. 1983 \/ Scanning Texturegraph ca 1983, fot.\/photo Maciej Landsberg \u00a9 w\u0142asno\u015b\u0107 Danuty, Malwiny i Sabiny Antoniszczak (\u017ar\u00f3d\u0142o: materia\u0142y prasowe)\" loading=\"lazy\" aria-describedby=\"gallery-1-12317\" \/><\/a>\n\t\t\t<\/div>\n\t\t\t\t<figcaption class='wp-caption-text gallery-caption' id='gallery-1-12317'>\n\t\t\t\tChropograf skaningowy ok. 1983 \/ Scanning Texturegraph ca 1983, fot.\/photo Maciej Landsberg \u00a9 w\u0142asno\u015b\u0107 Danuty, Malwiny i Sabiny Antoniszczak (\u017ar\u00f3d\u0142o: materia\u0142y prasowe) \n\t\t\t\t<\/figcaption><\/figure><figure class='gallery-item'>\n\t\t\t<div class='gallery-icon landscape'>\n\t\t\t\t<a href='https:\/\/ownetic.com\/magazyn\/2013\/kamil-kopania-zatrzymac-czas-na-boga-zatrzymac-czas\/antonisz-technika-jest-dla-mnie-rodzajem-sztuki-eksponat-z-wystawy-2013-01-26-016-651x600'><img width=\"260\" height=\"240\" src=\"https:\/\/ownetic.com\/magazyn\/wp-content\/uploads\/2013\/02\/antonisz-technika-jest-dla-mnie-rodzajem-sztuki-eksponat-z-wystawy-2013-01-26-016-651x600.jpg\" class=\"attachment-thumbnail size-thumbnail\" alt=\"Pantograf animograf fazuj\u0105cy 24-kadrowy \/Pantograph 24-Frame Phasing Animagraph, 1968\u20131970, fot.\/photo Maciej Landsberg \u00a9 w\u0142asno\u015b\u0107 Danuty, Malwiny i Sabiny Antoniszczak (\u017ar\u00f3d\u0142o: materia\u0142y prasowe)\" loading=\"lazy\" aria-describedby=\"gallery-1-12318\" \/><\/a>\n\t\t\t<\/div>\n\t\t\t\t<figcaption class='wp-caption-text gallery-caption' id='gallery-1-12318'>\n\t\t\t\tPantograf animograf fazuj\u0105cy 24-kadrowy \/Pantograph 24-Frame Phasing Animagraph, 1968\u20131970, fot.\/photo Maciej Landsberg \u00a9 w\u0142asno\u015b\u0107 Danuty, Malwiny i Sabiny Antoniszczak (\u017ar\u00f3d\u0142o: materia\u0142y prasowe) \n\t\t\t\t<\/figcaption><\/figure><figure class='gallery-item'>\n\t\t\t<div class='gallery-icon landscape'>\n\t\t\t\t<a href='https:\/\/ownetic.com\/magazyn\/2013\/kamil-kopania-zatrzymac-czas-na-boga-zatrzymac-czas\/antonisz-technika-jest-dla-mnie-rodzajem-sztuki-wernisaz-2013-01-25-022-800x531'><img width=\"362\" height=\"240\" src=\"https:\/\/ownetic.com\/magazyn\/wp-content\/uploads\/2013\/02\/antonisz-technika-jest-dla-mnie-rodzajem-sztuki-wernisaz-2013-01-25-022-800x531.jpg\" class=\"attachment-thumbnail size-thumbnail\" alt=\"\u201eAntonisz: Technika jest dla mnie rodzajem sztuki\u201d \u2013 wernisa\u017c (\u017ar\u00f3d\u0142o: materia\u0142y prasowe)\" loading=\"lazy\" aria-describedby=\"gallery-1-12319\" \/><\/a>\n\t\t\t<\/div>\n\t\t\t\t<figcaption class='wp-caption-text gallery-caption' id='gallery-1-12319'>\n\t\t\t\t\u201eAntonisz: Technika jest dla mnie rodzajem sztuki\u201d \u2013 wernisa\u017c (\u017ar\u00f3d\u0142o: materia\u0142y prasowe)\n\t\t\t\t<\/figcaption><\/figure><figure class='gallery-item'>\n\t\t\t<div class='gallery-icon portrait'>\n\t\t\t\t<a href='https:\/\/ownetic.com\/magazyn\/2013\/kamil-kopania-zatrzymac-czas-na-boga-zatrzymac-czas\/antonisz-technika-jest-dla-mnie-rodzajem-sztuki-wernisaz-2013-01-25-023-395x600'><img width=\"158\" height=\"240\" src=\"https:\/\/ownetic.com\/magazyn\/wp-content\/uploads\/2013\/02\/antonisz-technika-jest-dla-mnie-rodzajem-sztuki-wernisaz-2013-01-25-023-395x600.jpg\" class=\"attachment-thumbnail size-thumbnail\" alt=\"\u201eAntonisz: Technika jest dla mnie rodzajem sztuki\u201d \u2013 wernisa\u017c (\u017ar\u00f3d\u0142o: materia\u0142y prasowe)\" loading=\"lazy\" aria-describedby=\"gallery-1-12320\" \/><\/a>\n\t\t\t<\/div>\n\t\t\t\t<figcaption class='wp-caption-text gallery-caption' id='gallery-1-12320'>\n\t\t\t\t\u201eAntonisz: Technika jest dla mnie rodzajem sztuki\u201d \u2013 wernisa\u017c (\u017ar\u00f3d\u0142o: materia\u0142y prasowe)\n\t\t\t\t<\/figcaption><\/figure><figure class='gallery-item'>\n\t\t\t<div class='gallery-icon landscape'>\n\t\t\t\t<a href='https:\/\/ownetic.com\/magazyn\/2013\/kamil-kopania-zatrzymac-czas-na-boga-zatrzymac-czas\/antonisz-technika-jest-dla-mnie-rodzajem-sztuki-wernisaz-2013-01-25-024-800x531'><img width=\"362\" height=\"240\" src=\"https:\/\/ownetic.com\/magazyn\/wp-content\/uploads\/2013\/02\/antonisz-technika-jest-dla-mnie-rodzajem-sztuki-wernisaz-2013-01-25-024-800x531.jpg\" class=\"attachment-thumbnail size-thumbnail\" alt=\"\u201eAntonisz: Technika jest dla mnie rodzajem sztuki\u201d \u2013 wernisa\u017c (\u017ar\u00f3d\u0142o: materia\u0142y prasowe)\" loading=\"lazy\" aria-describedby=\"gallery-1-12321\" \/><\/a>\n\t\t\t<\/div>\n\t\t\t\t<figcaption class='wp-caption-text gallery-caption' id='gallery-1-12321'>\n\t\t\t\t\u201eAntonisz: Technika jest dla mnie rodzajem sztuki\u201d \u2013 wernisa\u017c (\u017ar\u00f3d\u0142o: materia\u0142y prasowe)\n\t\t\t\t<\/figcaption><\/figure><figure class='gallery-item'>\n\t\t\t<div class='gallery-icon portrait'>\n\t\t\t\t<a href='https:\/\/ownetic.com\/magazyn\/2013\/kamil-kopania-zatrzymac-czas-na-boga-zatrzymac-czas\/antonisz-technika-jest-dla-mnie-rodzajem-sztuki-wernisaz-2013-01-25-025-428x600'><img width=\"171\" height=\"240\" src=\"https:\/\/ownetic.com\/magazyn\/wp-content\/uploads\/2013\/02\/antonisz-technika-jest-dla-mnie-rodzajem-sztuki-wernisaz-2013-01-25-025-428x600.jpg\" class=\"attachment-thumbnail size-thumbnail\" alt=\"\u201eAntonisz: Technika jest dla mnie rodzajem sztuki\u201d \u2013 wernisa\u017c (\u017ar\u00f3d\u0142o: materia\u0142y prasowe)\" loading=\"lazy\" aria-describedby=\"gallery-1-12322\" \/><\/a>\n\t\t\t<\/div>\n\t\t\t\t<figcaption class='wp-caption-text gallery-caption' id='gallery-1-12322'>\n\t\t\t\t\u201eAntonisz: Technika jest dla mnie rodzajem sztuki\u201d \u2013 wernisa\u017c (\u017ar\u00f3d\u0142o: materia\u0142y prasowe)\n\t\t\t\t<\/figcaption><\/figure><figure class='gallery-item'>\n\t\t\t<div class='gallery-icon landscape'>\n\t\t\t\t<a href='https:\/\/ownetic.com\/magazyn\/2013\/kamil-kopania-zatrzymac-czas-na-boga-zatrzymac-czas\/antonisz-technika-jest-dla-mnie-rodzajem-sztuki-wernisaz-2013-01-25-026-800x531'><img width=\"362\" height=\"240\" src=\"https:\/\/ownetic.com\/magazyn\/wp-content\/uploads\/2013\/02\/antonisz-technika-jest-dla-mnie-rodzajem-sztuki-wernisaz-2013-01-25-026-800x531.jpg\" class=\"attachment-thumbnail size-thumbnail\" alt=\"\u201eAntonisz: Technika jest dla mnie rodzajem sztuki\u201d \u2013 wernisa\u017c (\u017ar\u00f3d\u0142o: materia\u0142y prasowe)\" loading=\"lazy\" aria-describedby=\"gallery-1-12323\" \/><\/a>\n\t\t\t<\/div>\n\t\t\t\t<figcaption class='wp-caption-text gallery-caption' id='gallery-1-12323'>\n\t\t\t\t\u201eAntonisz: Technika jest dla mnie rodzajem sztuki\u201d \u2013 wernisa\u017c (\u017ar\u00f3d\u0142o: materia\u0142y prasowe)\n\t\t\t\t<\/figcaption><\/figure><figure class='gallery-item'>\n\t\t\t<div class='gallery-icon landscape'>\n\t\t\t\t<a href='https:\/\/ownetic.com\/magazyn\/2013\/kamil-kopania-zatrzymac-czas-na-boga-zatrzymac-czas\/antonisz-technika-jest-dla-mnie-rodzajem-sztuki-wernisaz-2013-01-25-027-800x531'><img width=\"362\" height=\"240\" src=\"https:\/\/ownetic.com\/magazyn\/wp-content\/uploads\/2013\/02\/antonisz-technika-jest-dla-mnie-rodzajem-sztuki-wernisaz-2013-01-25-027-800x531.jpg\" class=\"attachment-thumbnail size-thumbnail\" alt=\"\u201eAntonisz: Technika jest dla mnie rodzajem sztuki\u201d \u2013 wernisa\u017c (\u017ar\u00f3d\u0142o: materia\u0142y prasowe)\" loading=\"lazy\" aria-describedby=\"gallery-1-12324\" \/><\/a>\n\t\t\t<\/div>\n\t\t\t\t<figcaption class='wp-caption-text gallery-caption' id='gallery-1-12324'>\n\t\t\t\t\u201eAntonisz: Technika jest dla mnie rodzajem sztuki\u201d \u2013 wernisa\u017c (\u017ar\u00f3d\u0142o: materia\u0142y prasowe)\n\t\t\t\t<\/figcaption><\/figure><figure class='gallery-item'>\n\t\t\t<div class='gallery-icon landscape'>\n\t\t\t\t<a href='https:\/\/ownetic.com\/magazyn\/2013\/kamil-kopania-zatrzymac-czas-na-boga-zatrzymac-czas\/antonisz-technika-jest-dla-mnie-rodzajem-sztuki-wernisaz-2013-01-25-028-770x600'><img width=\"308\" height=\"240\" src=\"https:\/\/ownetic.com\/magazyn\/wp-content\/uploads\/2013\/02\/antonisz-technika-jest-dla-mnie-rodzajem-sztuki-wernisaz-2013-01-25-028-770x600.jpg\" class=\"attachment-thumbnail size-thumbnail\" alt=\"\u201eAntonisz: Technika jest dla mnie rodzajem sztuki\u201d \u2013 wernisa\u017c (\u017ar\u00f3d\u0142o: materia\u0142y prasowe)\" loading=\"lazy\" aria-describedby=\"gallery-1-12325\" \/><\/a>\n\t\t\t<\/div>\n\t\t\t\t<figcaption class='wp-caption-text gallery-caption' id='gallery-1-12325'>\n\t\t\t\t\u201eAntonisz: Technika jest dla mnie rodzajem sztuki\u201d \u2013 wernisa\u017c (\u017ar\u00f3d\u0142o: materia\u0142y prasowe)\n\t\t\t\t<\/figcaption><\/figure><figure class='gallery-item'>\n\t\t\t<div class='gallery-icon landscape'>\n\t\t\t\t<a href='https:\/\/ownetic.com\/magazyn\/2013\/kamil-kopania-zatrzymac-czas-na-boga-zatrzymac-czas\/antonisz-technika-jest-dla-mnie-rodzajem-sztuki-wernisaz-2013-01-25-029-800x531'><img width=\"362\" height=\"240\" src=\"https:\/\/ownetic.com\/magazyn\/wp-content\/uploads\/2013\/02\/antonisz-technika-jest-dla-mnie-rodzajem-sztuki-wernisaz-2013-01-25-029-800x531.jpg\" class=\"attachment-thumbnail size-thumbnail\" alt=\"\u201eAntonisz: Technika jest dla mnie rodzajem sztuki\u201d \u2013 wernisa\u017c (\u017ar\u00f3d\u0142o: materia\u0142y prasowe)\" loading=\"lazy\" aria-describedby=\"gallery-1-12326\" \/><\/a>\n\t\t\t<\/div>\n\t\t\t\t<figcaption class='wp-caption-text gallery-caption' id='gallery-1-12326'>\n\t\t\t\t\u201eAntonisz: Technika jest dla mnie rodzajem sztuki\u201d \u2013 wernisa\u017c (\u017ar\u00f3d\u0142o: materia\u0142y prasowe)\n\t\t\t\t<\/figcaption><\/figure><figure class='gallery-item'>\n\t\t\t<div class='gallery-icon portrait'>\n\t\t\t\t<a href='https:\/\/ownetic.com\/magazyn\/2013\/kamil-kopania-zatrzymac-czas-na-boga-zatrzymac-czas\/antonisz-technika-jest-dla-mnie-rodzajem-sztuki-wernisaz-2013-01-25-030-380x600'><img width=\"152\" height=\"240\" src=\"https:\/\/ownetic.com\/magazyn\/wp-content\/uploads\/2013\/02\/antonisz-technika-jest-dla-mnie-rodzajem-sztuki-wernisaz-2013-01-25-030-380x600.jpg\" class=\"attachment-thumbnail size-thumbnail\" alt=\"\u201eAntonisz: Technika jest dla mnie rodzajem sztuki\u201d \u2013 wernisa\u017c (\u017ar\u00f3d\u0142o: materia\u0142y prasowe)\" loading=\"lazy\" aria-describedby=\"gallery-1-12327\" \/><\/a>\n\t\t\t<\/div>\n\t\t\t\t<figcaption class='wp-caption-text gallery-caption' id='gallery-1-12327'>\n\t\t\t\t\u201eAntonisz: Technika jest dla mnie rodzajem sztuki\u201d \u2013 wernisa\u017c (\u017ar\u00f3d\u0142o: materia\u0142y prasowe)\n\t\t\t\t<\/figcaption><\/figure><figure class='gallery-item'>\n\t\t\t<div class='gallery-icon portrait'>\n\t\t\t\t<a href='https:\/\/ownetic.com\/magazyn\/2013\/kamil-kopania-zatrzymac-czas-na-boga-zatrzymac-czas\/antonisz-technika-jest-dla-mnie-rodzajem-sztuki-wernisaz-2013-01-25-031-380x600'><img width=\"152\" height=\"240\" src=\"https:\/\/ownetic.com\/magazyn\/wp-content\/uploads\/2013\/02\/antonisz-technika-jest-dla-mnie-rodzajem-sztuki-wernisaz-2013-01-25-031-380x600.jpg\" class=\"attachment-thumbnail size-thumbnail\" alt=\"\u201eAntonisz: Technika jest dla mnie rodzajem sztuki\u201d \u2013 wernisa\u017c (\u017ar\u00f3d\u0142o: materia\u0142y prasowe)\" loading=\"lazy\" aria-describedby=\"gallery-1-12328\" \/><\/a>\n\t\t\t<\/div>\n\t\t\t\t<figcaption class='wp-caption-text gallery-caption' id='gallery-1-12328'>\n\t\t\t\t\u201eAntonisz: Technika jest dla mnie rodzajem sztuki\u201d \u2013 wernisa\u017c (\u017ar\u00f3d\u0142o: materia\u0142y prasowe)\n\t\t\t\t<\/figcaption><\/figure><figure class='gallery-item'>\n\t\t\t<div class='gallery-icon landscape'>\n\t\t\t\t<a href='https:\/\/ownetic.com\/magazyn\/2013\/kamil-kopania-zatrzymac-czas-na-boga-zatrzymac-czas\/antonisz-technika-jest-dla-mnie-rodzajem-sztuki-wernisaz-2013-01-25-032-800x531'><img width=\"362\" height=\"240\" src=\"https:\/\/ownetic.com\/magazyn\/wp-content\/uploads\/2013\/02\/antonisz-technika-jest-dla-mnie-rodzajem-sztuki-wernisaz-2013-01-25-032-800x531.jpg\" class=\"attachment-thumbnail size-thumbnail\" alt=\"\u201eAntonisz: Technika jest dla mnie rodzajem sztuki\u201d \u2013 wernisa\u017c (\u017ar\u00f3d\u0142o: materia\u0142y prasowe)\" loading=\"lazy\" aria-describedby=\"gallery-1-12329\" \/><\/a>\n\t\t\t<\/div>\n\t\t\t\t<figcaption class='wp-caption-text gallery-caption' id='gallery-1-12329'>\n\t\t\t\t\u201eAntonisz: Technika jest dla mnie rodzajem sztuki\u201d \u2013 wernisa\u017c (\u017ar\u00f3d\u0142o: materia\u0142y prasowe)\n\t\t\t\t<\/figcaption><\/figure><figure class='gallery-item'>\n\t\t\t<div class='gallery-icon portrait'>\n\t\t\t\t<a href='https:\/\/ownetic.com\/magazyn\/2013\/kamil-kopania-zatrzymac-czas-na-boga-zatrzymac-czas\/antonisz-technika-jest-dla-mnie-rodzajem-sztuki-wernisaz-2013-01-25-033-398x600'><img width=\"159\" height=\"240\" src=\"https:\/\/ownetic.com\/magazyn\/wp-content\/uploads\/2013\/02\/antonisz-technika-jest-dla-mnie-rodzajem-sztuki-wernisaz-2013-01-25-033-398x600.jpg\" class=\"attachment-thumbnail size-thumbnail\" alt=\"\u201eAntonisz: Technika jest dla mnie rodzajem sztuki\u201d \u2013 wernisa\u017c (\u017ar\u00f3d\u0142o: materia\u0142y prasowe)\" loading=\"lazy\" aria-describedby=\"gallery-1-12330\" \/><\/a>\n\t\t\t<\/div>\n\t\t\t\t<figcaption class='wp-caption-text gallery-caption' id='gallery-1-12330'>\n\t\t\t\t\u201eAntonisz: Technika jest dla mnie rodzajem sztuki\u201d \u2013 wernisa\u017c (\u017ar\u00f3d\u0142o: materia\u0142y prasowe)\n\t\t\t\t<\/figcaption><\/figure><figure class='gallery-item'>\n\t\t\t<div class='gallery-icon landscape'>\n\t\t\t\t<a href='https:\/\/ownetic.com\/magazyn\/2013\/kamil-kopania-zatrzymac-czas-na-boga-zatrzymac-czas\/antonisz-technika-jest-dla-mnie-rodzajem-sztuki-wernisaz-2013-01-25-034-800x531'><img width=\"362\" height=\"240\" src=\"https:\/\/ownetic.com\/magazyn\/wp-content\/uploads\/2013\/02\/antonisz-technika-jest-dla-mnie-rodzajem-sztuki-wernisaz-2013-01-25-034-800x531.jpg\" class=\"attachment-thumbnail size-thumbnail\" alt=\"\u201eAntonisz: Technika jest dla mnie rodzajem sztuki\u201d \u2013 wernisa\u017c (\u017ar\u00f3d\u0142o: materia\u0142y prasowe)\" loading=\"lazy\" aria-describedby=\"gallery-1-12331\" \/><\/a>\n\t\t\t<\/div>\n\t\t\t\t<figcaption class='wp-caption-text gallery-caption' id='gallery-1-12331'>\n\t\t\t\t\u201eAntonisz: Technika jest dla mnie rodzajem sztuki\u201d \u2013 wernisa\u017c (\u017ar\u00f3d\u0142o: materia\u0142y prasowe)\n\t\t\t\t<\/figcaption><\/figure><figure class='gallery-item'>\n\t\t\t<div class='gallery-icon landscape'>\n\t\t\t\t<a href='https:\/\/ownetic.com\/magazyn\/2013\/kamil-kopania-zatrzymac-czas-na-boga-zatrzymac-czas\/antonisz-technika-jest-dla-mnie-rodzajem-sztuki-wernisaz-2013-01-25-035-800x531'><img width=\"362\" height=\"240\" src=\"https:\/\/ownetic.com\/magazyn\/wp-content\/uploads\/2013\/02\/antonisz-technika-jest-dla-mnie-rodzajem-sztuki-wernisaz-2013-01-25-035-800x531.jpg\" class=\"attachment-thumbnail size-thumbnail\" alt=\"\u201eAntonisz: Technika jest dla mnie rodzajem sztuki\u201d \u2013 wernisa\u017c (\u017ar\u00f3d\u0142o: materia\u0142y prasowe)\" loading=\"lazy\" aria-describedby=\"gallery-1-12332\" \/><\/a>\n\t\t\t<\/div>\n\t\t\t\t<figcaption class='wp-caption-text gallery-caption' id='gallery-1-12332'>\n\t\t\t\t\u201eAntonisz: Technika jest dla mnie rodzajem sztuki\u201d \u2013 wernisa\u017c (\u017ar\u00f3d\u0142o: materia\u0142y prasowe)\n\t\t\t\t<\/figcaption><\/figure><figure class='gallery-item'>\n\t\t\t<div class='gallery-icon landscape'>\n\t\t\t\t<a href='https:\/\/ownetic.com\/magazyn\/2013\/kamil-kopania-zatrzymac-czas-na-boga-zatrzymac-czas\/antonisz-technika-jest-dla-mnie-rodzajem-sztuki-wernisaz-2013-01-25-037-800x528'><img width=\"364\" height=\"240\" src=\"https:\/\/ownetic.com\/magazyn\/wp-content\/uploads\/2013\/02\/antonisz-technika-jest-dla-mnie-rodzajem-sztuki-wernisaz-2013-01-25-037-800x528.jpg\" class=\"attachment-thumbnail size-thumbnail\" alt=\"\u201eAntonisz: Technika jest dla mnie rodzajem sztuki\u201d \u2013 wernisa\u017c (\u017ar\u00f3d\u0142o: materia\u0142y prasowe)\" loading=\"lazy\" aria-describedby=\"gallery-1-12333\" \/><\/a>\n\t\t\t<\/div>\n\t\t\t\t<figcaption class='wp-caption-text gallery-caption' id='gallery-1-12333'>\n\t\t\t\t\u201eAntonisz: Technika jest dla mnie rodzajem sztuki\u201d \u2013 wernisa\u017c (\u017ar\u00f3d\u0142o: materia\u0142y prasowe)\n\t\t\t\t<\/figcaption><\/figure><figure class='gallery-item'>\n\t\t\t<div class='gallery-icon landscape'>\n\t\t\t\t<a href='https:\/\/ownetic.com\/magazyn\/2013\/kamil-kopania-zatrzymac-czas-na-boga-zatrzymac-czas\/antonisz-technika-jest-dla-mnie-rodzajem-sztuki-wernisaz-2013-01-25-038-800x531'><img width=\"362\" height=\"240\" src=\"https:\/\/ownetic.com\/magazyn\/wp-content\/uploads\/2013\/02\/antonisz-technika-jest-dla-mnie-rodzajem-sztuki-wernisaz-2013-01-25-038-800x531.jpg\" class=\"attachment-thumbnail size-thumbnail\" alt=\"\u201eAntonisz: Technika jest dla mnie rodzajem sztuki\u201d \u2013 wernisa\u017c (\u017ar\u00f3d\u0142o: materia\u0142y prasowe)\" loading=\"lazy\" aria-describedby=\"gallery-1-12334\" \/><\/a>\n\t\t\t<\/div>\n\t\t\t\t<figcaption class='wp-caption-text gallery-caption' id='gallery-1-12334'>\n\t\t\t\t\u201eAntonisz: Technika jest dla mnie rodzajem sztuki\u201d \u2013 wernisa\u017c (\u017ar\u00f3d\u0142o: materia\u0142y prasowe)\n\t\t\t\t<\/figcaption><\/figure><figure class='gallery-item'>\n\t\t\t<div class='gallery-icon landscape'>\n\t\t\t\t<a href='https:\/\/ownetic.com\/magazyn\/2013\/kamil-kopania-zatrzymac-czas-na-boga-zatrzymac-czas\/antonisz-technika-jest-dla-mnie-rodzajem-sztuki-wernisaz-2013-01-25-039-800x557'><img width=\"345\" height=\"240\" src=\"https:\/\/ownetic.com\/magazyn\/wp-content\/uploads\/2013\/02\/antonisz-technika-jest-dla-mnie-rodzajem-sztuki-wernisaz-2013-01-25-039-800x557.jpg\" class=\"attachment-thumbnail size-thumbnail\" alt=\"\u201eAntonisz: Technika jest dla mnie rodzajem sztuki\u201d \u2013 wernisa\u017c (\u017ar\u00f3d\u0142o: materia\u0142y prasowe)\" loading=\"lazy\" aria-describedby=\"gallery-1-12335\" \/><\/a>\n\t\t\t<\/div>\n\t\t\t\t<figcaption class='wp-caption-text gallery-caption' id='gallery-1-12335'>\n\t\t\t\t\u201eAntonisz: Technika jest dla mnie rodzajem sztuki\u201d \u2013 wernisa\u017c (\u017ar\u00f3d\u0142o: materia\u0142y prasowe)\n\t\t\t\t<\/figcaption><\/figure><figure class='gallery-item'>\n\t\t\t<div class='gallery-icon landscape'>\n\t\t\t\t<a href='https:\/\/ownetic.com\/magazyn\/2013\/kamil-kopania-zatrzymac-czas-na-boga-zatrzymac-czas\/julian-jozef-antoniszczak-ludzie-wiedna-jak-liscie-kadr-z-filmu-2013-01-26-018'><img width=\"400\" height=\"240\" src=\"https:\/\/ownetic.com\/magazyn\/wp-content\/uploads\/2013\/02\/julian-jozef-antoniszczak-ludzie-wiedna-jak-liscie-kadr-z-filmu-2013-01-26-018-400x240.jpg\" class=\"attachment-thumbnail size-thumbnail\" alt=\"\u201eLudzie wi\u0119dn\u0105 jak li\u015bcie\u2026 Film bez kamery\u201d, re\u017c. Julian J\u00f3zef Antoniszczak \u2013 kadr z filmu (\u017ar\u00f3d\u0142o: materia\u0142y prasowe)\" loading=\"lazy\" aria-describedby=\"gallery-1-12336\" \/><\/a>\n\t\t\t<\/div>\n\t\t\t\t<figcaption class='wp-caption-text gallery-caption' id='gallery-1-12336'>\n\t\t\t\t\u201eLudzie wi\u0119dn\u0105 jak li\u015bcie\u2026 Film bez kamery\u201d, re\u017c. Julian J\u00f3zef Antoniszczak \u2013 kadr z filmu (\u017ar\u00f3d\u0142o: materia\u0142y prasowe)\n\t\t\t\t<\/figcaption><\/figure>\n\t\t<\/div>\n\n<p>Rdze\u0144 wystawy stanowi\u0105 przedmioty zwi\u0105zane z powstawaniem film\u00f3w Antonisza. Dzi\u0119ki staraniom kuratorki, jak te\u017c \u017cyczliwo\u015bci spadkobierc\u00f3w artysty i opiekun\u00f3w jego spu\u015bcizny, w salach Zach\u0119ty zosta\u0142y zgromadzone unikalne, wykonywane przez samego Antonisza, metod\u0105 ca\u0142kowicie cha\u0142upnicz\u0105, r\u00f3\u017cne maszyny pozwalaj\u0105ce na powstawanie jedynych w swoim rodzaju film\u00f3w non-camerowych. Tworzone bezpo\u015brednio na ta\u015bmie filmowej, wymaga\u0142y skomplikowanych zabieg\u00f3w technicznych i benedykty\u0144skiej pracy zwi\u0105zanej z rysowaniem oraz kolorowaniem klatek<a class=\"fn-ref-mark\" href=\"#footnote-5\" id=\"refmark-5\"><sup>[5]<\/sup><\/a>. Kolejne etapy powstawania film\u00f3w mo\u017cliwe by\u0142y dzi\u0119ki animografom, pantografom-animografom, drukarkom filmowym, d\u017awi\u0119kownicom czy sto\u0142om monta\u017cowym (niekiedy wymy\u015blnie opisywanym przez Antonisza na metalowych tabliczkach do nich przytwierdzanych), sk\u0142adanym z cz\u0119\u015bci znajdowanych na z\u0142omowiskach, konstruowanych w domu, wedle w\u0142asnych projekt\u00f3w i wizji. Antonisz jawi si\u0119 w tym kontek\u015bcie jako wybitny konstruktor-samouk o bogatej wyobra\u017ani, potrafi\u0105cy obej\u015b\u0107 si\u0119 bez pomocy powszechnie dost\u0119pnych \u015brodk\u00f3w technicznych, sk\u0142adaj\u0105cych si\u0119 na studia filmowe. Przy czym jest to konstruktor-samouk solidnie wykszta\u0142cony, dysponuj\u0105cy wiedz\u0105 z zakresu nauk \u015bcis\u0142ych, technicznych, ale te\u017c sztuk wizualnych czy muzyki. Pozwala\u0142o mu to tworzy\u0107 maszyny pozornie wygl\u0105daj\u0105ce na ma\u0142o profesjonalne i solidne, w istocie jednak bogate pod wzgl\u0119dem mo\u017cliwo\u015bci, kt\u00f3re oferowa\u0142y. Ich wielko\u015b\u0107, a tym samym mo\u017cliwo\u015b\u0107 swobodnego przenoszenia, umo\u017cliwia\u0142y Antoniszowi prac\u0119 w dowolnym niemal\u017ce miejscu i czasie, chcia\u0142oby si\u0119 powiedzie\u0107 \u2013 w warunkach polowych (co akurat jest por\u00f3wnaniem na miejscu, bior\u0105c pod uwag\u0119 fakt, i\u017c wiele z film\u00f3w artysty powstawa\u0142o nie w studio filmowym, lecz w jednopokojowym mieszkaniu, kt\u00f3re dzieli\u0142 z \u017con\u0105 i dwiema c\u00f3rkami).<\/p>\n<p>Animografy czy pantografy, w Zach\u0119cie w wi\u0119kszo\u015bci zamkni\u0119te w gablotach, potraktowane zosta\u0142y faktycznie jak dzie\u0142a sztuki. Cho\u0107 powsta\u0142y jako przedmioty czysto u\u017cytkowe po latach rzeczywi\u015bcie zdaj\u0105 si\u0119 funkcjonowa\u0107 w innym wymiarze. Pe\u0142ne \u015brubek, skomplikowanych konstrukcji, po\u0142\u0105cze\u0144, umieszczone w wyklejanych wycinkami z gazet i notatkami skrzyniach, charakteryzuj\u0105 si\u0119 niebanaln\u0105 form\u0105 oraz kompozycj\u0105. Unikatowe maszyny, dzi\u0119ki kt\u00f3rym Antonisz w pe\u0142ni kontrolowa\u0142 proces powstawania filmu, praktycznie ka\u017cdy jego etap, na wystawie otrzyma\u0142y drugie \u017cycie. Poddane zabiegom konserwatorskim, starannie odczyszczone, s\u0105 nie tylko pami\u0105tk\u0105 po warsztacie pracy Antonisza, umo\u017cliwiaj\u0105c\u0105 zrozumienie, jak powstawa\u0142y jego unikatowe filmy. R\u00f3wnie dobrze traktowa\u0107 je mo\u017cna jako rozbudzaj\u0105ce wyobra\u017ani\u0119 instalacje, wcale nie tak odleg\u0142e od prac wsp\u00f3\u0142czesnych m\u0142odych artyst\u00f3w, cho\u0107by Wojciecha B\u0105kowskiego<a class=\"fn-ref-mark\" href=\"#footnote-6\" id=\"refmark-6\"><sup>[6]<\/sup><\/a> czy Piotra Bosackiego<a class=\"fn-ref-mark\" href=\"#footnote-7\" id=\"refmark-7\"><sup>[7]<\/sup><\/a>, sk\u0105din\u0105d r\u00f3wnie\u017c tworz\u0105cych animacje oraz \u2013 do pewnego stopnia \u2013 inspiruj\u0105cych si\u0119 sztuk\u0105 Juliana Antonisza.<\/p>\n<p><!--nextpage--><\/p>\n<p>Opr\u00f3cz urz\u0105dze\u0144 s\u0142u\u017c\u0105cych do tworzenia film\u00f3w w Zach\u0119cie mo\u017cemy ogl\u0105da\u0107 liczne dokumenty, zeszyty oraz teczki biurowe. \u017bycie autora <em>Ostrego filmu zaanga\u017cowanego <\/em>naznaczone by\u0142o tw\u00f3rczym niepokojem. Problemy z sercem, kt\u00f3re doprowadzi\u0142y do jego przedwczesnej \u015bmierci (zmar\u0142 w wieku niespe\u0142na 46 lat), wyzwoli\u0142y w nim niezwyk\u0142\u0105 pasj\u0119 \u017cycia, jak te\u017c ciekaw\u0105 refleksj\u0119 nad kondycj\u0105 ludzk\u0105. Antonisz kolekcjonowa\u0142 i komentowa\u0142 wycinki prasowe, robi\u0142 setki notatek, rysunk\u00f3w. W ci\u0105gu kr\u00f3tkiego \u017cycia zgromadzi\u0142 dziesi\u0105tki dzienniczk\u00f3w i zeszyt\u00f3w, stworzy\u0142 du\u017c\u0105 grup\u0119 tzw. \u201epomys\u0142ownik\u00f3w\u201d, w kt\u00f3rych zawarte s\u0105 pomys\u0142y na kolejne filmy. Artysta \u0142apczywie analizowa\u0142, ocenia\u0142 i katalogowa\u0142 rzeczywisto\u015b\u0107, tak jakby mocowa\u0142 si\u0119 z tym, co go otacza, a co bezpo\u015brednio na niego wp\u0142ywa. Szczeg\u00f3ln\u0105 uwag\u0119 zdawa\u0142 si\u0119 przywi\u0105zywa\u0107 do spraw zwi\u0105zanych z \u017cyciem biologicznym i mechanicznym, tak jakby obsesyjnie zastanawia\u0142 si\u0119 nad kondycj\u0105 w\u0142asnego cia\u0142a oraz umys\u0142u. Zagadnienia te Antonisz sk\u0105din\u0105d podejmowa\u0142 w wielu filmach, w kt\u00f3rych mechanika, witalno\u015b\u0107 oraz biologia zdaj\u0105 si\u0119 ewokowa\u0107 jego d\u0105\u017cenia do tego, by wykorzysta\u0107 i w pe\u0142ni zagospodarowa\u0107 ka\u017cd\u0105 chwil\u0119 dnia.<\/p>\n<figure id=\"attachment_12318\" aria-describedby=\"caption-attachment-12318\" style=\"width: 540px\" class=\"wp-caption alignnone\"><a href=\"https:\/\/ownetic.com\/magazyn\/2013\/zatrzymac-czas-na-boga-zatrzymac-czas\/antonisz-technika-jest-dla-mnie-rodzajem-sztuki-eksponat-z-wystawy-2013-01-26-016-651x600\/\" rel=\"attachment wp-att-12318\"><img loading=\"lazy\" class=\"size-medium wp-image-12318\" title=\"Pantograf animograf fazuj\u0105cy 24-kadrowy \/Pantograph 24-Frame Phasing Animagraph, 1968\u20131970, fot.\/photo Maciej Landsberg \u00a9 w\u0142asno\u015b\u0107 Danuty, Malwiny i Sabiny Antoniszczak (\u017ar\u00f3d\u0142o: materia\u0142y prasowe) \" src=\"https:\/\/ownetic.com\/magazyn\/wp-content\/uploads\/2013\/02\/antonisz-technika-jest-dla-mnie-rodzajem-sztuki-eksponat-z-wystawy-2013-01-26-016-651x600-540x497.jpg\" alt=\"Pantograf animograf fazuj\u0105cy 24-kadrowy \/Pantograph 24-Frame Phasing Animagraph, 1968\u20131970, fot.\/photo Maciej Landsberg \u00a9 w\u0142asno\u015b\u0107 Danuty, Malwiny i Sabiny Antoniszczak (\u017ar\u00f3d\u0142o: materia\u0142y prasowe)\" width=\"540\" height=\"497\"\/><\/a><figcaption id=\"caption-attachment-12318\" class=\"wp-caption-text\">Pantograf animograf fazuj\u0105cy 24-kadrowy \/Pantograph 24-Frame Phasing Animagraph, 1968\u20131970, fot.\/photo Maciej Landsberg \u00a9 w\u0142asno\u015b\u0107 Danuty, Malwiny i Sabiny Antoniszczak (\u017ar\u00f3d\u0142o: materia\u0142y prasowe)<\/figcaption><\/figure>\n<p>Przegl\u0105daj\u0105c kolejne dokumenty, kt\u00f3re zostawi\u0142 po sobie Antonisz, nie spos\u00f3b nie odnie\u015b\u0107 wra\u017cenia, i\u017c s\u0105 one \u015bwiadectwem \u017cycia cz\u0142owieka odczuwaj\u0105cego krucho\u015b\u0107 ludzkiej egzystencji, chc\u0105cego za wszelk\u0105 cen\u0119 zatrzyma\u0107 czas, op\u00f3\u017ani\u0107 moment odej\u015bcia, niemniej jednak cz\u0142owieka \u017cyj\u0105cego godnie, potrafi\u0105cego maksymalnie wykorzysta\u0107 lata, kt\u00f3re zosta\u0142y mu dane<a class=\"fn-ref-mark\" href=\"#footnote-8\" id=\"refmark-8\"><sup>[8]<\/sup><\/a>. Cz\u0142owieka \u017cyj\u0105cego w kraju niedobor\u00f3w, brak\u00f3w w zaopatrzeniu, propagandy i zak\u0142amania, potrafi\u0105cego do otaczaj\u0105cej go, szarej rzeczywisto\u015bci podej\u015b\u0107 z dystansem. Co wi\u0119cej \u2013 mimo nieszczeg\u00f3lnie sprzyjaj\u0105cych okoliczno\u015bci potrafi\u0105cego znale\u017a\u0107 spos\u00f3b na tw\u00f3rcze, ciekawe i radosne \u017cycie. I chyba w\u0142a\u015bnie ta wyj\u0105tkowa samo\u015bwiadomo\u015b\u0107, samodzielno\u015b\u0107 oraz swoboda my\u015bli, objawiaj\u0105ce si\u0119 w zgromadzonych urz\u0105dzeniach oraz dokumentach, s\u0105 najwi\u0119ksz\u0105 warto\u015bci\u0105 wystawy w Zach\u0119cie. Wystawy m\u00f3wi\u0105cej tak naprawd\u0119 o afirmacji \u017cycia, kt\u00f3rej Antonisz da\u0142 pi\u0119kne \u015bwiadectwo.<\/p>\n<p>Wystawie <em>Antonisz: technika jest dla mnie rodzajem sztuki <\/em>towarzyszy katalog. Starannie i elegancko wydany, z zewn\u0105trz imituj\u0105cy PRL-owski brulion podobny do tych, w kt\u00f3rych Antonisz zapisywa\u0142 swoje spostrze\u017cenia i pomys\u0142y, zawiera du\u017c\u0105 liczb\u0119 ciekawych esej\u00f3w po\u015bwi\u0119conych arty\u015bcie i jego dzie\u0142om. Przeanalizowano w nich wi\u0119kszo\u015b\u0107 w\u0105tk\u00f3w obecnych w jego pracach, zarysowano t\u0142o historyczne niezb\u0119dne dla ich zrozumienia, podano szereg ciekawych informacji biograficznych, a tak\u017ce zwi\u0105zanych z konserwacj\u0105 samych film\u00f3w, jak i przyrz\u0105d\u00f3w, kt\u00f3re umo\u017cliwi\u0142y ich powstanie. Do bogato ilustrowanego katalogu do\u0142\u0105czono p\u0142yt\u0119 z wyborem szesnastu dzie\u0142, od debiutu (<em>Fobia, <\/em>1967) po powsta\u0142e na kr\u00f3tko przed \u015bmierci\u0105 <em>\u015awiat\u0142o w tunelu <\/em>(1986).<\/p>\n<figure id=\"attachment_12309\" aria-describedby=\"caption-attachment-12309\" style=\"width: 501px\" class=\"wp-caption alignnone\"><a href=\"https:\/\/ownetic.com\/magazyn\/2013\/zatrzymac-czas-na-boga-zatrzymac-czas\/antonisz-technika-jest-dla-mnie-rodzajem-sztuki-eksponaty-z-wystawy-2013-01-26-003-501x600\/\" rel=\"attachment wp-att-12309\"><img loading=\"lazy\" class=\"size-full wp-image-12309\" title=\"\u201e\u017bycie, walka, cel \u017cycia, cele, filozofia, sens\u2026, pomys\u0142ownik d\u201d, ok. 1973 \/ \u201eLife, Struggle, Goals in Life, Goals, Philosophy, Sense\u2026, ideabook d\u201d, 1972 \u00a9 w\u0142asno\u015b\u0107 Danuty, Malwiny i Sabiny Antoniszczak (\u017ar\u00f3d\u0142o: materia\u0142y prasowe)\" src=\"https:\/\/ownetic.com\/magazyn\/wp-content\/uploads\/2013\/02\/antonisz-technika-jest-dla-mnie-rodzajem-sztuki-eksponaty-z-wystawy-2013-01-26-003-501x600.jpg\" alt=\"\u201e\u017bycie, walka, cel \u017cycia, cele, filozofia, sens\u2026, pomys\u0142ownik d\u201d, ok. 1973 \/ \u201eLife, Struggle, Goals in Life, Goals, Philosophy, Sense\u2026, ideabook d\u201d, 1972 \u00a9 w\u0142asno\u015b\u0107 Danuty, Malwiny i Sabiny Antoniszczak (\u017ar\u00f3d\u0142o: materia\u0142y prasowe)\" width=\"501\" height=\"600\"\/><\/a><figcaption id=\"caption-attachment-12309\" class=\"wp-caption-text\">\u201e\u017bycie, walka, cel \u017cycia, cele, filozofia, sens\u2026, pomys\u0142ownik d\u201d, ok. 1973 \/ \u201eLife, Struggle, Goals in Life, Goals, Philosophy, Sense\u2026, ideabook d\u201d, 1972 \u00a9 w\u0142asno\u015b\u0107 Danuty, Malwiny i Sabiny Antoniszczak (\u017ar\u00f3d\u0142o: materia\u0142y prasowe)<\/figcaption><\/figure>\n<p>Reasumuj\u0105c: wystawa jest praktycznie bez zarzutu. Mo\u017ce tylko dobrze by\u0142oby do monitor\u00f3w, na kt\u00f3rych wy\u015bwietlane s\u0105 <em>Kroniki non-camerowe, <\/em>doda\u0107 jeszcze jeden, s\u0142u\u017c\u0105cy do wy\u015bwietlania oryginalnych Kronik Filmowych, jednego z podstawowych \u015brodk\u00f3w propagandy PRL. W ko\u0144cu to do nich odnosi\u0142 si\u0119 Antonisz, celnie wy\u015bmiewaj\u0105c absurdy PRL-owskiej rzeczywisto\u015bci. Starsi widzowie nie b\u0119d\u0105 mieli problemu ze zrozumieniem kontekstu <em>Kronik non-camerowych, <\/em>bo Kroniki Filmowe mieli okazj\u0119 regularnie ogl\u0105da\u0107 kilkadziesi\u0105t lat temu cho\u0107by przed seansami w kinach. Jednak dla m\u0142odych, licznie obecnych w salach Zach\u0119ty, one same jak i ich zawarto\u015b\u0107 nie musz\u0105 by\u0107 a\u017c tak oczywiste, w ko\u0144cu powszechno\u015b\u0107 YouTube nie przek\u0142ada si\u0119 automatycznie na znajomo\u015b\u0107 wszelkich materia\u0142\u00f3w historycznych zamieszczonych na tym serwisie. No i jeszcze z\u0142ota linia na pod\u0142odze, oddzielaj\u0105ca ogl\u0105daj\u0105cych od skonstruowanych przez Antonisza maszyn\u2026. Te wspania\u0142e, frapuj\u0105ce urz\u0105dzenia, pe\u0142ne ciekawych detali, \u015bwiadectwa wyj\u0105tkowej inwencji i zaradno\u015bci Antonisza, chcia\u0142oby si\u0119 jednak ogl\u0105da\u0107 z bliska. Wi\u0119kszo\u015b\u0107 z nich jest dost\u0119pna, a przy tym zabezpieczona przed ewentualnymi niepo\u017c\u0105danymi dzia\u0142aniami widz\u00f3w. Niekt\u00f3re \u2013 niestety nie. I tu wkracza z\u0142ota linia. Drobiazg, ale mimo wszystko szkoda. Nie zmienia to jednak oceny ca\u0142ej wystawy, kt\u00f3r\u0105 naprawd\u0119 warto sumiennie obejrze\u0107. Je\u015bli nie w Warszawie to \u2013 mi\u0119dzy kwietniem a czerwcem \u2013 w Krakowie, w Muzeum Narodowym, gdzie r\u00f3wnie\u017c b\u0119dzie prezentowana.<\/p>\n<div id=\"footnote-list\" style=\"display:inherit\"><span id=fn-heading>Poka\u017c przypisy<\/span> &nbsp;&nbsp;&nbsp;(\u21b5 returns to text)<\/p>\n<ol>\n<li id=\"footnote-1\" class=\"fn-text\">Opr\u00f3cz YouTube zainteresowanych tw\u00f3rczo\u015bci\u0105 Juliana Antonisza warto odes\u0142a\u0107 do Repozytorium Cyfrowego Filmoteki Narodowej: <a href=\"http:\/\/www.repozytorium.fn.org.pl\/?q=pl\/node\/6913\">http:\/\/www.repozytorium.fn.org.pl\/?q=pl\/node\/6913<\/a> [dost\u0119p: 25 II 2013], a tak\u017ce popularnego portalu spo\u0142eczno\u015bciowego: <a href=\"https:\/\/www.facebook.com\/pages\/Julian-Antonisz\/169404829768409\">https:\/\/www.facebook.com\/pages\/Julian-Antonisz\/169404829768409<\/a>. Obie strony oferuj\u0105 sporo materia\u0142\u00f3w filmowych. Filmy Antonisza zosta\u0142y r\u00f3wnie\u017c wydane na DVD Polskich Wydawnictw Audiowizualnych: <em>Antologia Polskiej Animacji <\/em>oraz <em>Antologia Polskiej Animacji Eksperymentalnej<\/em>. Je\u015bli za\u015b kto\u015b szuka w sieci podstawowych informacji dotycz\u0105cych artysty powinien odwiedzi\u0107 stron\u0119 www.culture.pl;&nbsp; J. Str\u0119kowski, <em>Julian J\u00f3zef Antonisz (Antoniszczak), <\/em>www.culture.pl [online], wrzesie\u0144 2007 [dost\u0119p: 25 II 2013]. Dost\u0119pny w Internecie: &nbsp;<a href=\"http:\/\/www.culture.pl\/baza-film-pelna-tresc\/-\/eo_event_asset_publisher\/eAN5\/content\/julian-jozef-antonisz-antoniszczak\">http:\/\/www.culture.pl\/baza-film-pelna-tresc\/-\/eo_event_asset_publisher\/eAN5\/content\/julian-jozef-antonisz-antoniszczak<\/a>.<a href=\"#refmark-1\">\u21b5<\/a><\/li>\n<li id=\"footnote-2\" class=\"fn-text\">&nbsp;Zainteresowanych histori\u0105 animacji w Polsce mo\u017cna odes\u0142a\u0107 do: M. Gi\u017cycki, B. Zmudzi\u0144ski (red.), <em>Polski film animowany, <\/em>Warszawa 2008; P. Sitkiewicz, <em>Polska szko\u0142a animacji, <\/em>Gda\u0144sk 2011. Na temat filmu animowanego w og\u00f3le: M. Gi\u017cycki, <em>Nie tylko Disney: rzecz o filmie animowanym, <\/em>Warszawa 2000.<a href=\"#refmark-2\">\u21b5<\/a><\/li>\n<li id=\"footnote-3\" class=\"fn-text\">&nbsp;Ma\u0142e instrumenty po\u015bwi\u0119ci\u0142y swoj\u0105 debiutanck\u0105 p\u0142yt\u0119 w\u0142a\u015bnie Julianowi Antoniszowi (<em>Antonisz, <\/em>Antena Krzyku, 2009), kt\u00f3rego muzyk\u0119 filmow\u0105 odgrywaj\u0105 na r\u00f3\u017cnego rodzaju ma\u0142ych, niekiedy frapuj\u0105cych i zabawnych instrumentach. Zob: http:\/\/maleinstrumenty.pl\/index-PL.php<a href=\"#refmark-3\">\u21b5<\/a><\/li>\n<li id=\"footnote-4\" class=\"fn-text\">&nbsp;Warto wspomnie\u0107, i\u017c w Internecie mo\u017cna znale\u017a\u0107 ciekawy tekst o tym, co lektorzy czytali na potrzeby film\u00f3w Antonisza. J\u0119zyk stosowany w jego dzie\u0142ach przeanalizowa\u0142 Piotr A. Szcze\u015bniak: <em>O j\u0119zyku Juliana Antonisza, <\/em>\u201ePodteksty\u201d [online], nr 1\/2, 2012 [dost\u0119p: 25 II 2013]. Dost\u0119pny w Internecie: http:\/\/podteksty.amu.edu.pl\/content\/o-jezyku-juliana-antonisza.html.<a href=\"#refmark-4\">\u21b5<\/a><\/li>\n<li id=\"footnote-5\" class=\"fn-text\">Dodajmy, i\u017c kolorowaniem klatek zajmowa\u0142a si\u0119 \u017cona artysty, Danuta Zadrzy\u0144ska.<a href=\"#refmark-5\">\u21b5<\/a><\/li>\n<li id=\"footnote-6\" class=\"fn-text\">&nbsp;Zob. np.: Wojciech B\u0105kowski, <em>Ciep\u0142y pies, <\/em>Pozna\u0144 2008; <em>G\u0142owa z g\u0142\u00f3w. Wojciech B\u0105kowski, Magdalena Starska, <\/em>kat. wyst., Galeria Arsena\u0142 w Bia\u0142ymstoku, Bia\u0142ystok 2009.<a href=\"#refmark-6\">\u21b5<\/a><\/li>\n<li id=\"footnote-7\" class=\"fn-text\">Zob. np.: P. Bosacki, <em>Filmy i obiekty, <\/em>kat. wyst., Galeria Arsena\u0142 w Bia\u0142ymstoku, Bia\u0142ystok 2012; K. Sienkiewicz, <em>Piotr Bosacki w Arsenale, <\/em><a href=\"http:\/\/www.dwutygodnik.com\">www.dwutygodnik.com<\/a> [online], nr 10\/2012 [dost\u0119p: 25 II 2013]. Dost\u0119pny w Internecie: <a href=\"http:\/\/www.dwutygodnik.com\/artykul\/4032-piotr-bosacki-w-arsenale.html\">http:\/\/www.dwutygodnik.com\/artykul\/4032-piotr-bosacki-w-arsenale.html<\/a>.<a href=\"#refmark-7\">\u21b5<\/a><\/li>\n<li id=\"footnote-8\" class=\"fn-text\">&nbsp;Tytu\u0142 tej recenzji odnosi si\u0119 do jednej z kart <em>Dzienniczka <\/em>Juliana Antonisza, kt\u00f3ry znacz\u0105co zatytu\u0142owa\u0142: <em>Ostatni dzienniczek. Matuzalem\u2026, <\/em>t. VII, prowadzony od 1982 r. Na karcie mo\u017cemy ogl\u0105da\u0107 rysunek przedstawiaj\u0105cy \u015bmier\u0107 jad\u0105c\u0105 na walcu drogowym i rozje\u017cd\u017caj\u0105c\u0105 cz\u0142owieka, przypominaj\u0105cego wygl\u0105dem samego Antonisza. Nad ca\u0142o\u015bci\u0105 znajduje si\u0119 napis: <em>Zatrzyma\u0107 czas!!! Na Boga zatrzyma\u0107 czas\u2026<\/em><a href=\"#refmark-8\">\u21b5<\/a><\/li>\n<\/ol>\n<\/div>\n","protected":false},"excerpt":{"rendered":"<p>Przegl\u0105daj\u0105c kolejne dokumenty, kt\u00f3re zostawi\u0142 po sobie Antonisz, nie spos\u00f3b nie odnie\u015b\u0107 wra\u017cenia, i\u017c s\u0105 one \u015bwiadectwem \u017cycia cz\u0142owieka odczuwaj\u0105cego krucho\u015b\u0107 ludzkiej egzystencji, chc\u0105cego za wszelk\u0105 cen\u0119 zatrzyma\u0107 czas, op\u00f3\u017ani\u0107 moment odej\u015bcia, niemniej jednak cz\u0142owieka \u017cyj\u0105cego godnie, potrafi\u0105cego maksymalnie wykorzysta\u0107 lata, kt\u00f3re zosta\u0142y mu dane. <\/p>\n","protected":false},"author":222,"featured_media":12336,"comment_status":"open","ping_status":"closed","sticky":false,"template":"","format":"standard","meta":[],"categories":[1],"tags":[377,1596,1597,1372,1595,73,1592,157,1594,1593,190,189],"powerkit_post_featured":[],"coauthors":[14161],"yoast_head":"<!-- This site is optimized with the Yoast SEO plugin v18.7 - https:\/\/yoast.com\/wordpress\/plugins\/seo\/ -->\n<title>Zatrzyma\u0107 czas!!! Na Boga zatrzyma\u0107 czas\u2026.<\/title>\n<meta name=\"description\" content=\"Zatrzyma\u0107 czas: Przegl\u0105daj\u0105c kolejne dokumenty nie spos\u00f3b nie odnie\u015b\u0107 wra\u017cenia, i\u017c s\u0105 one \u015bwiadectwem \u017cycia cz\u0142owieka odczuwaj\u0105cego krucho\u015b\u0107 ludzkiej egzystencji,\" \/>\n<meta name=\"robots\" content=\"index, follow, max-snippet:-1, max-image-preview:large, max-video-preview:-1\" \/>\n<link rel=\"canonical\" href=\"https:\/\/ownetic.com\/magazyn\/2013\/kamil-kopania-zatrzymac-czas-na-boga-zatrzymac-czas\" \/>\n<link rel=\"next\" href=\"https:\/\/ownetic.com\/magazyn\/2013\/kamil-kopania-zatrzymac-czas-na-boga-zatrzymac-czas\/2\" \/>\n<script type=\"application\/ld+json\" class=\"yoast-schema-graph\">{\"@context\":\"https:\/\/schema.org\",\"@graph\":[{\"@type\":\"WebSite\",\"@id\":\"https:\/\/ownetic.com\/magazyn\/#website\",\"url\":\"https:\/\/ownetic.com\/magazyn\/\",\"name\":\"Ownetic Magazine\",\"description\":\"Magazine\",\"potentialAction\":[{\"@type\":\"SearchAction\",\"target\":{\"@type\":\"EntryPoint\",\"urlTemplate\":\"https:\/\/ownetic.com\/magazyn\/?s={search_term_string}\"},\"query-input\":\"required name=search_term_string\"}],\"inLanguage\":\"pl-PL\"},{\"@type\":\"ImageObject\",\"inLanguage\":\"pl-PL\",\"@id\":\"https:\/\/ownetic.com\/magazyn\/2013\/kamil-kopania-zatrzymac-czas-na-boga-zatrzymac-czas#primaryimage\",\"url\":\"https:\/\/ownetic.com\/magazyn\/wp-content\/uploads\/2013\/02\/julian-jozef-antoniszczak-ludzie-wiedna-jak-liscie-kadr-z-filmu-2013-01-26-018.jpg\",\"contentUrl\":\"https:\/\/ownetic.com\/magazyn\/wp-content\/uploads\/2013\/02\/julian-jozef-antoniszczak-ludzie-wiedna-jak-liscie-kadr-z-filmu-2013-01-26-018.jpg\",\"width\":720,\"height\":524,\"caption\":\"\u201eLudzie wi\u0119dn\u0105 jak li\u015bcie\u2026 Film bez kamery\u201d, re\u017c. Julian J\u00f3zef Antoniszczak \u2013 kadr z filmu (\u017ar\u00f3d\u0142o: materia\u0142y prasowe)\"},{\"@type\":\"WebPage\",\"@id\":\"https:\/\/ownetic.com\/magazyn\/2013\/kamil-kopania-zatrzymac-czas-na-boga-zatrzymac-czas#webpage\",\"url\":\"https:\/\/ownetic.com\/magazyn\/2013\/kamil-kopania-zatrzymac-czas-na-boga-zatrzymac-czas\",\"name\":\"Zatrzyma\u0107 czas!!! Na Boga zatrzyma\u0107 czas\u2026.\",\"isPartOf\":{\"@id\":\"https:\/\/ownetic.com\/magazyn\/#website\"},\"primaryImageOfPage\":{\"@id\":\"https:\/\/ownetic.com\/magazyn\/2013\/kamil-kopania-zatrzymac-czas-na-boga-zatrzymac-czas#primaryimage\"},\"datePublished\":\"2013-02-25T16:03:46+00:00\",\"dateModified\":\"2021-01-12T14:12:12+00:00\",\"author\":{\"@id\":\"https:\/\/ownetic.com\/magazyn\/#\/schema\/person\/0be47beed8429ba813f627572de2e022\"},\"description\":\"Zatrzyma\u0107 czas: Przegl\u0105daj\u0105c kolejne dokumenty nie spos\u00f3b nie odnie\u015b\u0107 wra\u017cenia, i\u017c s\u0105 one \u015bwiadectwem \u017cycia cz\u0142owieka odczuwaj\u0105cego krucho\u015b\u0107 ludzkiej egzystencji,\",\"breadcrumb\":{\"@id\":\"https:\/\/ownetic.com\/magazyn\/2013\/kamil-kopania-zatrzymac-czas-na-boga-zatrzymac-czas#breadcrumb\"},\"inLanguage\":\"pl-PL\",\"potentialAction\":[{\"@type\":\"ReadAction\",\"target\":[\"https:\/\/ownetic.com\/magazyn\/2013\/kamil-kopania-zatrzymac-czas-na-boga-zatrzymac-czas\"]}]},{\"@type\":\"BreadcrumbList\",\"@id\":\"https:\/\/ownetic.com\/magazyn\/2013\/kamil-kopania-zatrzymac-czas-na-boga-zatrzymac-czas#breadcrumb\",\"itemListElement\":[{\"@type\":\"ListItem\",\"position\":1,\"name\":\"Zatrzyma\u0107 czas!!! Na Boga zatrzyma\u0107 czas\u2026.\"}]},{\"@type\":\"Person\",\"@id\":\"https:\/\/ownetic.com\/magazyn\/#\/schema\/person\/0be47beed8429ba813f627572de2e022\",\"name\":\"Kamil Kopania\",\"description\":\"dr Kamil Kopania (ur. 1979) \u2013 adiunkt w Instytucie Historii Sztuki Uniwersytetu Warszawskiego oraz Akademii Teatralnej im. A. Zelwerowicza w Warszawie (Wydzia\u0142 Sztuki Lalkarskiej w Bia\u0142ymstoku). Zajmuje si\u0119 zwi\u0105zkami sztuk plastycznych z teatrem, ceremoniami liturgicznymi o charakterze parateatralnym, funkcj\u0105 i odbiorem dzie\u0142 sztuki w \u015bredniowieczu, histori\u0105 teatru lalek oraz wybranymi zagadnieniami sztuki wsp\u00f3\u0142czesnej. Wsp\u00f3\u0142tw\u00f3rca i wiceprezes Podlaskiego Towarzystwa Zach\u0119ty Sztuk Pi\u0119knych, kt\u00f3rego celem jest uzupe\u0142nianie i promocja Kolekcji II Galerii Arsena\u0142 w Bia\u0142ymstoku (www.galeria-arsenal.pl), jednego z najwa\u017cniejszych zbior\u00f3w sztuki polskiej i obcej powstaj\u0105cej po 1989 roku (www.zachetapodlaska.org.pl).\",\"url\":\"https:\/\/ownetic.com\/magazyn\/author\/kamil-kopania\"}]}<\/script>\n<!-- \/ Yoast SEO plugin. -->","yoast_head_json":{"title":"Zatrzyma\u0107 czas!!! Na Boga zatrzyma\u0107 czas\u2026.","description":"Zatrzyma\u0107 czas: Przegl\u0105daj\u0105c kolejne dokumenty nie spos\u00f3b nie odnie\u015b\u0107 wra\u017cenia, i\u017c s\u0105 one \u015bwiadectwem \u017cycia cz\u0142owieka odczuwaj\u0105cego krucho\u015b\u0107 ludzkiej egzystencji,","robots":{"index":"index","follow":"follow","max-snippet":"max-snippet:-1","max-image-preview":"max-image-preview:large","max-video-preview":"max-video-preview:-1"},"canonical":"https:\/\/ownetic.com\/magazyn\/2013\/kamil-kopania-zatrzymac-czas-na-boga-zatrzymac-czas","next":"https:\/\/ownetic.com\/magazyn\/2013\/kamil-kopania-zatrzymac-czas-na-boga-zatrzymac-czas\/2","schema":{"@context":"https:\/\/schema.org","@graph":[{"@type":"WebSite","@id":"https:\/\/ownetic.com\/magazyn\/#website","url":"https:\/\/ownetic.com\/magazyn\/","name":"Ownetic Magazine","description":"Magazine","potentialAction":[{"@type":"SearchAction","target":{"@type":"EntryPoint","urlTemplate":"https:\/\/ownetic.com\/magazyn\/?s={search_term_string}"},"query-input":"required name=search_term_string"}],"inLanguage":"pl-PL"},{"@type":"ImageObject","inLanguage":"pl-PL","@id":"https:\/\/ownetic.com\/magazyn\/2013\/kamil-kopania-zatrzymac-czas-na-boga-zatrzymac-czas#primaryimage","url":"https:\/\/ownetic.com\/magazyn\/wp-content\/uploads\/2013\/02\/julian-jozef-antoniszczak-ludzie-wiedna-jak-liscie-kadr-z-filmu-2013-01-26-018.jpg","contentUrl":"https:\/\/ownetic.com\/magazyn\/wp-content\/uploads\/2013\/02\/julian-jozef-antoniszczak-ludzie-wiedna-jak-liscie-kadr-z-filmu-2013-01-26-018.jpg","width":720,"height":524,"caption":"\u201eLudzie wi\u0119dn\u0105 jak li\u015bcie\u2026 Film bez kamery\u201d, re\u017c. Julian J\u00f3zef Antoniszczak \u2013 kadr z filmu (\u017ar\u00f3d\u0142o: materia\u0142y prasowe)"},{"@type":"WebPage","@id":"https:\/\/ownetic.com\/magazyn\/2013\/kamil-kopania-zatrzymac-czas-na-boga-zatrzymac-czas#webpage","url":"https:\/\/ownetic.com\/magazyn\/2013\/kamil-kopania-zatrzymac-czas-na-boga-zatrzymac-czas","name":"Zatrzyma\u0107 czas!!! Na Boga zatrzyma\u0107 czas\u2026.","isPartOf":{"@id":"https:\/\/ownetic.com\/magazyn\/#website"},"primaryImageOfPage":{"@id":"https:\/\/ownetic.com\/magazyn\/2013\/kamil-kopania-zatrzymac-czas-na-boga-zatrzymac-czas#primaryimage"},"datePublished":"2013-02-25T16:03:46+00:00","dateModified":"2021-01-12T14:12:12+00:00","author":{"@id":"https:\/\/ownetic.com\/magazyn\/#\/schema\/person\/0be47beed8429ba813f627572de2e022"},"description":"Zatrzyma\u0107 czas: Przegl\u0105daj\u0105c kolejne dokumenty nie spos\u00f3b nie odnie\u015b\u0107 wra\u017cenia, i\u017c s\u0105 one \u015bwiadectwem \u017cycia cz\u0142owieka odczuwaj\u0105cego krucho\u015b\u0107 ludzkiej egzystencji,","breadcrumb":{"@id":"https:\/\/ownetic.com\/magazyn\/2013\/kamil-kopania-zatrzymac-czas-na-boga-zatrzymac-czas#breadcrumb"},"inLanguage":"pl-PL","potentialAction":[{"@type":"ReadAction","target":["https:\/\/ownetic.com\/magazyn\/2013\/kamil-kopania-zatrzymac-czas-na-boga-zatrzymac-czas"]}]},{"@type":"BreadcrumbList","@id":"https:\/\/ownetic.com\/magazyn\/2013\/kamil-kopania-zatrzymac-czas-na-boga-zatrzymac-czas#breadcrumb","itemListElement":[{"@type":"ListItem","position":1,"name":"Zatrzyma\u0107 czas!!! Na Boga zatrzyma\u0107 czas\u2026."}]},{"@type":"Person","@id":"https:\/\/ownetic.com\/magazyn\/#\/schema\/person\/0be47beed8429ba813f627572de2e022","name":"Kamil Kopania","description":"dr Kamil Kopania (ur. 1979) \u2013 adiunkt w Instytucie Historii Sztuki Uniwersytetu Warszawskiego oraz Akademii Teatralnej im. A. Zelwerowicza w Warszawie (Wydzia\u0142 Sztuki Lalkarskiej w Bia\u0142ymstoku). Zajmuje si\u0119 zwi\u0105zkami sztuk plastycznych z teatrem, ceremoniami liturgicznymi o charakterze parateatralnym, funkcj\u0105 i odbiorem dzie\u0142 sztuki w \u015bredniowieczu, histori\u0105 teatru lalek oraz wybranymi zagadnieniami sztuki wsp\u00f3\u0142czesnej. Wsp\u00f3\u0142tw\u00f3rca i wiceprezes Podlaskiego Towarzystwa Zach\u0119ty Sztuk Pi\u0119knych, kt\u00f3rego celem jest uzupe\u0142nianie i promocja Kolekcji II Galerii Arsena\u0142 w Bia\u0142ymstoku (www.galeria-arsenal.pl), jednego z najwa\u017cniejszych zbior\u00f3w sztuki polskiej i obcej powstaj\u0105cej po 1989 roku (www.zachetapodlaska.org.pl).","url":"https:\/\/ownetic.com\/magazyn\/author\/kamil-kopania"}]}},"_links":{"self":[{"href":"https:\/\/ownetic.com\/magazyn\/wp-json\/wp\/v2\/posts\/12308"}],"collection":[{"href":"https:\/\/ownetic.com\/magazyn\/wp-json\/wp\/v2\/posts"}],"about":[{"href":"https:\/\/ownetic.com\/magazyn\/wp-json\/wp\/v2\/types\/post"}],"author":[{"embeddable":true,"href":"https:\/\/ownetic.com\/magazyn\/wp-json\/wp\/v2\/users\/222"}],"replies":[{"embeddable":true,"href":"https:\/\/ownetic.com\/magazyn\/wp-json\/wp\/v2\/comments?post=12308"}],"version-history":[{"count":1,"href":"https:\/\/ownetic.com\/magazyn\/wp-json\/wp\/v2\/posts\/12308\/revisions"}],"predecessor-version":[{"id":49392,"href":"https:\/\/ownetic.com\/magazyn\/wp-json\/wp\/v2\/posts\/12308\/revisions\/49392"}],"wp:featuredmedia":[{"embeddable":true,"href":"https:\/\/ownetic.com\/magazyn\/wp-json\/wp\/v2\/media\/12336"}],"wp:attachment":[{"href":"https:\/\/ownetic.com\/magazyn\/wp-json\/wp\/v2\/media?parent=12308"}],"wp:term":[{"taxonomy":"category","embeddable":true,"href":"https:\/\/ownetic.com\/magazyn\/wp-json\/wp\/v2\/categories?post=12308"},{"taxonomy":"post_tag","embeddable":true,"href":"https:\/\/ownetic.com\/magazyn\/wp-json\/wp\/v2\/tags?post=12308"},{"taxonomy":"powerkit_post_featured","embeddable":true,"href":"https:\/\/ownetic.com\/magazyn\/wp-json\/wp\/v2\/powerkit_post_featured?post=12308"},{"taxonomy":"author","embeddable":true,"href":"https:\/\/ownetic.com\/magazyn\/wp-json\/wp\/v2\/coauthors?post=12308"}],"curies":[{"name":"wp","href":"https:\/\/api.w.org\/{rel}","templated":true}]}}