{"id":14580,"date":"2013-08-16T00:00:24","date_gmt":"2013-08-15T23:00:24","guid":{"rendered":"https:\/\/ownetic.com\/magazyn\/?p=14580"},"modified":"2014-06-04T09:03:59","modified_gmt":"2014-06-04T08:03:59","slug":"f-c-gundlach-anna-maziuk-fotografia-mody-jest-swiadkiem-swoich-czasow","status":"publish","type":"post","link":"https:\/\/ownetic.com\/magazyn\/2013\/f-c-gundlach-anna-maziuk-fotografia-mody-jest-swiadkiem-swoich-czasow","title":{"rendered":"Fotografia mody jest \u015bwiadkiem swoich czas\u00f3w"},"content":{"rendered":"<p>Fotografowa\u0142 takie s\u0142awy jak Jean-Luc Godard, Romy Schneider czy Hildegard Knef. Wsp\u00f3\u0142pracowa\u0142 z jednym z najwi\u0119kszych magazyn\u00f3w dla kobiet w Europie &#8211; <em>Brigitte<\/em>. Jest w\u0142a\u015bcicielem jednej z najliczniejszych kolekcji fotograficznych w Niemczech. Dzi\u015b ma 87 i wci\u0105\u017c z b\u0142yskiem w oku opowiada o pracach ze swojego zbioru oraz o w\u0142asnych produkcjach. Niemiecki fotograf, galerzysta, kolekcjoner i kurator F. C. Gundlach w drugiej po\u0142owie XX wieku zje\u017adzi\u0142 niemal ca\u0142y \u015bwiat, Polsk\u0119 po raz pierwszy odwiedzi\u0142 podczas tegorocznego Miesi\u0105ca Fotografii w Krakowie, \u017ceby otworzy\u0107 wystaw\u0119 \u00a0\u201eVanity\u201d. Prace z kolekcji Gundlacha mo\u017cna ogl\u0105da\u0107 w Muzeum Narodowym w Krakowie do 1 wrze\u015bnia.<\/p>\n<figure id=\"attachment_14581\" aria-describedby=\"caption-attachment-14581\" style=\"width: 540px\" class=\"wp-caption alignnone\"><a href=\"https:\/\/ownetic.com\/magazyn\/2013\/f-c-gundlach-anna-maziuk-fotografia-mody-jest-swiadkiem-swoich-czasow\/fc-gundlach-op-art-fashion-brigitte-bauer-1966-2013-04-29\/\" rel=\"attachment wp-att-14581\"><img loading=\"lazy\" class=\"size-medium wp-image-14581\" title=\"F.C. Gundlach, \u201eModa w stylu op-art, Brigitte Bauer dla Sinza\u201d, Vouliagmeni, Grecja 1966 \u00a9 F.C. Gundlach (\u017ar\u00f3d\u0142o: materia\u0142y prasowe Muzeum Narodowego w Krakowie)\" src=\"https:\/\/ownetic.com\/magazyn\/wp-content\/uploads\/2013\/08\/fc-gundlach-op-art-fashion-brigitte-bauer-1966-2013-04-29-540x491.jpg\" alt=\"F.C. Gundlach, \u201eModa w stylu op-art, Brigitte Bauer dla Sinza\u201d, Vouliagmeni, Grecja 1966 \u00a9 F.C. Gundlach (\u017ar\u00f3d\u0142o: materia\u0142y prasowe Muzeum Narodowego w Krakowie)\" width=\"540\" height=\"491\" \/><\/a><figcaption id=\"caption-attachment-14581\" class=\"wp-caption-text\">F.C. Gundlach, \u201eModa w stylu op-art, Brigitte Bauer dla Sinza\u201d, Vouliagmeni, Grecja 1966 \u00a9 F.C. Gundlach (\u017ar\u00f3d\u0142o: materia\u0142y prasowe Muzeum Narodowego w Krakowie)<\/figcaption><\/figure>\n<p><strong>Anna Maziuk: W 1956 roku wybra\u0142 si\u0119 pan w pierwsz\u0105 podr\u00f3\u017c do Nowego Jorku \u2013 co wtedy najbardziej zrobi\u0142o na panu wra\u017cenie?<em> <\/em><\/strong><\/p>\n<p><strong> F. C. Gundlach:<\/strong> Kiedy tam przyjecha\u0142em i zobaczy\u0142em, jak pracuj\u0105 s\u0142ynni\u00a0 nowojorscy fotograficy, by\u0142em w szoku. Profesja fotografa by\u0142a o wiele lepiej zorganizowana ni\u017c w Europie. Ka\u017cdy z nich mia\u0142 agenta i to agent za\u0142atwia\u0142 wszystkie biznesowe sprawy, znajdowa\u0142 klient\u00f3w, negocjowa\u0142. Artysta nie musia\u0142 si\u0119 tym martwi\u0107, m\u00f3g\u0142 w tym czasie zajmowa\u0107 si\u0119 robieniem zdj\u0119\u0107.<\/p>\n<p><strong>Jak uda\u0142o si\u0119 panu przebi\u0107? Konkurencja w Nowym Jorku by\u0142a przecie\u017c ogromna.<\/strong><\/p>\n<p>Ju\u017c podczas pierwszej wizyty pozna\u0142em Eileen Ford, kt\u00f3ra w 1946 roku za\u0142o\u017cy\u0142a jedn\u0105 z najwa\u017cniejszych agencji modelingowych tamtych czas\u00f3w. Zostali\u015bmy przyjaci\u00f3\u0142mi, przyja\u017anili\u015bmy si\u0119 przez 30 lat. Eileen zna\u0142a wszystkich licz\u0105cych si\u0119 fotograf\u00f3w. Kiedy chcia\u0142em kogo\u015b pozna\u0107, ona po prostu do niego dzwoni\u0142a. Jedn\u0105 z takich os\u00f3b by\u0142 Erwin Blumenfeld. Eileen zaaran\u017cowa\u0142a spotkanie. Poszed\u0142em z moim portfolio do jego pracowni. Kiedy wielki mistrz w ko\u0144cu do mnie przyszed\u0142, zacz\u0105\u0142 m\u00f3wi\u0107 p\u0142ynnie po niemiecku, z berli\u0144skim akcentem. Nie mia\u0142em poj\u0119cia, \u017ce urodzi\u0142 si\u0119 w Niemczech! Po\u015blubi\u0142 Holenderk\u0119 i szybko wyjecha\u0142 do Amsterdamu. Ten niesamowity artysta, zanim zaj\u0105\u0142 si\u0119 fotografi\u0105, zainspirowany dadaizmem i surrealizmem, robi\u0142 kola\u017ce. W dzie\u0144 prowadzi\u0142 sklep z damskimi torebkami, noc\u0105 pracowa\u0142 w ciemni. To by\u0142o zabawne, bo pierwsz\u0105 rzecz\u0105, o jak\u0105 mnie po niemiecku zapyta\u0142, by\u0142o &#8211; czy w Hamburgu jest sklep z wyrobami ze sk\u00f3ry krokodyla (\u015bmiech).<\/p>\n<p><strong>Fotografowa\u0142 pan mod\u0119 przez ponad 40 lat. Jak to si\u0119 zacz\u0119\u0142o?<\/strong><\/p>\n<p>Najpierw, jako niezale\u017cny fotoreporter, wsp\u00f3\u0142pracowa\u0142em z r\u00f3\u017cnymi czasopismami ilustrowanymi. Trafi\u0142em do Pary\u017ca. Mo\u017ce bym tam zosta\u0142, ale dosta\u0142em ofert\u0119 wsp\u00f3\u0142pracy od <em>Film und Frau<\/em>. To oni wprowadzili mnie w biznes filmowy. Francuskie kino, z filmem noir na czele, by\u0142o wtedy bardzo dobre. To by\u0142o jeszcze przed Brigitte Bardot, ale za czas\u00f3w innych, \u015bwietnych aktor\u00f3w takich jak Simone Signoret, Yves Montand czy G\u00e9rard Philipe. Pracowa\u0142em dla nich przez 12 lat. W 1958 kupi\u0142em moj\u0105 pierwsz\u0105 Leic\u0119, dzi\u0119ki niej moje zdj\u0119cia sta\u0142y si\u0119 o wiele \u017cywsze. Lubi\u0142em u\u017cywa\u0107 bardzo kr\u00f3tkich obiektyw\u00f3w. Chodzi\u0142o o ostro\u015b\u0107. Czasem jednak czu\u0142em si\u0119 jak bajkopisarz, bo stroje, kt\u00f3re fotografowa\u0142em, by\u0142y niedost\u0119pne dla wi\u0119kszo\u015bci naszych czytelnik\u00f3w. Mimo to lubili na nie patrzy\u0107. Trzy lata temu, podczas przygotowywania jednej z wystaw, odwiedzi\u0142a nas kobieta \u2013 oko\u0142o siedemdziesi\u0105tki \u2013 kt\u00f3ra przez 50 lat przechowywa\u0142a kilka numer\u00f3w <em>Film und Frau<\/em>. Przeprowadza\u0142a si\u0119 i nie by\u0142a w stanie ich wyrzuci\u0107, wi\u0119c podarowa\u0142a je nam.<\/p>\n<p><strong>Pami\u0119ta pan swoje pierwsze zdj\u0119cie?<\/strong><\/p>\n<p>M\u00f3j pierwszy aparat firmy Agfa dosta\u0142am, kiedy mia\u0142em 10 lat. W moim archiwum znalaz\u0142em zdj\u0119cie zrobione za pomoc\u0105 samowyzwalacza, na kt\u00f3rym ja, m\u00f3j brat i nasz kolega pozujemy na drabinie. Zmusi\u0142em ich do wej\u015bcia na t\u0119 drabin\u0119 i stania przez kilkana\u015bcie sekund bez ruchu. To by\u0142o moje pierwsze zdj\u0119cie pozowane, nie zwyk\u0142e pstrykni\u0119cie.<\/p>\n<p><em>Do Berlina przyjecha\u0142 pan w po\u0142owie lat 50. To bardzo istotne t\u0142o dla wielu pa\u0144skich zdj\u0119\u0107.<\/em><\/p>\n<p>Berlin by\u0142 centrum mody od XIX wieku. Zje\u017cd\u017cali tam imigranci z r\u00f3\u017cnych kraj\u00f3w \u2013 z Polski, Ukrainy. Ale \u017ceby otworzy\u0107 w\u0142asny biznes, trzeba by\u0142o mie\u0107 obywatelstwo niemieckie. Dlatego imigranci cz\u0119sto szyli we w\u0142asnych domach i sprzedawali chodz\u0105c od drzwi do drzwi &#8211; to by\u0142 pocz\u0105tek przemys\u0142u modowego w Berlinie! Dopiero Bismarck zmieni\u0142 sytuacj\u0119 przybyszy z innych kraj\u00f3w. Oko\u0142o 1900 roku powsta\u0142 pierwszy dom towarowy. W latach 20. XX wieku Berlin by\u0142 kulturalnym centrum Europy, potem Hitler doszed\u0142 do w\u0142adzy, ale przemys\u0142 modowy wci\u0105\u017c by\u0142 silny. Nie by\u0142o du\u017cych firm, tylko niewielkie, rodzinne zak\u0142ady, skupiaj\u0105ce maksymalnie 20 szyj\u0105cych kobiet. To by\u0142y rzeczy bardzo dobrej jako\u015bci i o \u015bwietnych krojach. W Niemczech powstawa\u0142y uniformy dla armii okupacyjnych \u2013 angielskiej, francuskiej, ameryka\u0144skiej. Potem eksportowano tak\u017ce do Szwajcarii i Szwecji. Wszystko dzia\u0142a\u0142o pr\u0119\u017cnie a\u017c do postawienia muru berli\u0144skiego w 1961 roku.<\/p>\n<p><strong>Ale na pana fotografiach nie zobaczymy podzia\u0142\u00f3w i ruin.<em> <\/em><\/strong><\/p>\n<p>Oczywi\u015bcie, \u017ce nie. Ludzie, kt\u00f3rzy przetrwali wojn\u0119, chcieli o niej zapomnie\u0107. Nigdy nie fotografowa\u0142em ran, nie mo\u017cna robi\u0107 zdj\u0119\u0107 mody na tle ruin. Szuka\u0142em miejsc, kt\u00f3re nie zosta\u0142y zniszczone. Tamta generacja naprawd\u0119 chcia\u0142a \u017cy\u0107 po tym wszystkim, co ich spotka\u0142o podczas wojny.<\/p>\n<p><em>Fotografowa\u0142 pan wielu s\u0142awnych ludzi. Obok Jeana-Luca Godarda czy Hildegard Knef, r\u00f3wnie\u017c s\u0142ynn\u0105 francusk\u0105 aktork\u0119 Romy Schneider. Jej portrety pana autorstwa s\u0105 dzi\u015b niemal ikonami. <\/em><\/p>\n<p>Romy by\u0142a bardzo nie\u015bmia\u0142a i niepewna siebie. Zachowywa\u0142a si\u0119 wr\u0119cz \u015bmiesznie. Zna\u0142em j\u0105 z film\u00f3w, by\u0142a bardzo s\u0142awna, ale i m\u0142oda. Dlatego kiedy si\u0119 poznali\u015bmy, zabra\u0142em j\u0105 na p\u00f3\u0142 dnia do mojego studia. Uda\u0142o mi si\u0119 zdoby\u0107 jej zaufanie, otworzy\u0142a si\u0119. Wtedy powsta\u0142y te s\u0142ynne portrety.<\/p>\n<p><strong>Pami\u0119ta pan jak\u0105\u015b szczeg\u00f3ln\u0105 sesj\u0119?<em> <\/em><\/strong><\/p>\n<p>By\u0142o ich mn\u00f3stwo. Zw\u0142aszcza w okresie, kiedy zacz\u0105\u0142em podr\u00f3\u017cowa\u0107 po \u015bwiecie. W pami\u0119ci szczeg\u00f3lnie utkwi\u0142a mi jedna historia. Zosta\u0142em wys\u0142any do Nowego Jorku, \u017ceby sfotografowa\u0107 bielizn\u0119 dla du\u017cej, niemieckiej firmy, kt\u00f3ra mia\u0142a zamiar wej\u015b\u0107 na rynek ameryka\u0144ski. W Nowym Jorku trzeba mie\u0107 pozwolenie na fotografowanie. Zazwyczaj nie ma z tym problemu, ale kiedy us\u0142yszeli, \u017ce to maj\u0105 by\u0107 zdj\u0119cia dziewczyny w samej bieli\u017anie, powiedzieli, \u017ce w \u017cadnym razie nie mo\u017cemy zrobi\u0107 tej sesji na ulicy. To by\u0142 koniec lat 50. Zrobili\u015bmy zdj\u0119cia w Central Parku, ale nie by\u0142em zadowolony z efekt\u00f3w. Chodzi\u0142o o to, \u017ceby jak najlepiej pokaza\u0107 Nowy Jork. Najpierw mia\u0142em pomys\u0142, \u017ceby zrobi\u0107 zdj\u0119cia na \u0142odzi, ale ostatecznie wynaj\u0105\u0142em dwa helikoptery i wyj\u0105\u0142em z nich drzwi. Fotografowa\u0142em stoj\u0105c na p\u0142ozie helikoptera 500 metr\u00f3w nad ziemi\u0105! To by\u0142o niesamowite.<\/p>\n<p><!--nextpage--><\/p>\n<p><strong>Jaki okres w swojej karierze i w modzie uwa\u017ca pan za najciekawszy?<\/strong><\/p>\n<p>Zdecydowanie lata 60. Idealny okres na robienie kariery. To by\u0142y czasy wielkich przemian. Lata 50., okres powojenny \u00a0to <em>new look, <\/em>rozkloszowane sp\u00f3dnice, uniformy. To wszystko ko\u0144czy\u0142o si\u0119 z nadej\u015bciem lat 60. Wtedy nasta\u0142o bardzo \u015bwiadome pokolenie. Emancypacja. Wraz z pojawieniem si\u0119 pigu\u0142ki antykoncepcyjnej, Beatles\u00f3w, rewolucji student\u00f3w i dzieci kwiat\u00f3w, nast\u0105pi\u0142y gwa\u0142towne zmiany w spo\u0142ecze\u0144stwie. Wszystko to znajdowa\u0142o odbicie w fotografii. To wtedy mogli\u015bmy zobaczy\u0107\u00a0 zdj\u0119cia pierwszej modelki z tatua\u017cem na r\u0119ku. Rozpocz\u0119\u0142a si\u0119 era pr\u00eat-\u00e0-porter. Ka\u017cdy m\u00f3g\u0142 uczestniczy\u0107 w tej zmianie mody. Kiedy pojawi\u0142a si\u0119 pierwsza taka kolekcja, wszyscy narzekali, przepowiadali koniec haute couture.<\/p>\n<figure id=\"attachment_14582\" aria-describedby=\"caption-attachment-14582\" style=\"width: 540px\" class=\"wp-caption alignnone\"><a href=\"https:\/\/ownetic.com\/magazyn\/2013\/f-c-gundlach-anna-maziuk-fotografia-mody-jest-swiadkiem-swoich-czasow\/f-c-gundlach-pop-art-fashion-1967\/\" rel=\"attachment wp-att-14582\"><img loading=\"lazy\" class=\"size-medium wp-image-14582\" title=\"F.C. Gundlach, Moda w stylu pop-art, \u201eGrace Coddington w sukience mini projektu Daniela Hechtera\u201d, Hamburg, 1967. Dye transfer \u00a9 F.C. Gundlach (\u017ar\u00f3d\u0142o: materia\u0142y prasowe Muzeum Narodowego w Krakowie)\" src=\"https:\/\/ownetic.com\/magazyn\/wp-content\/uploads\/2013\/08\/f-c-gundlach-pop-art-fashion-1967-540x544.jpg\" alt=\"F.C. Gundlach, Moda w stylu pop-art, \u201eGrace Coddington w sukience mini projektu Daniela Hechtera\u201d, Hamburg, 1967. Dye transfer \u00a9 F.C. Gundlach (\u017ar\u00f3d\u0142o: materia\u0142y prasowe Muzeum Narodowego w Krakowie)\" width=\"540\" height=\"544\" \/><\/a><figcaption id=\"caption-attachment-14582\" class=\"wp-caption-text\">F.C. Gundlach, Moda w stylu pop-art, \u201eGrace Coddington w sukience mini projektu Daniela Hechtera\u201d, Hamburg, 1967. Dye transfer \u00a9 F.C. Gundlach (\u017ar\u00f3d\u0142o: materia\u0142y prasowe Muzeum Narodowego w Krakowie)<\/figcaption><\/figure>\n<p><strong>Ale to nie by\u0142 koniec.<\/strong><\/p>\n<p>Absolutnie nie! Kilka lat p\u00f3\u017aniej wszyscy ci, kt\u00f3rzy narzekali, zacz\u0119li robi\u0107 pr\u00eat-\u00e0-porter. To by\u0142 czas tworzenia nowego wizerunku kobiety. W 1959 roku Yves Saint Laurent stworzy\u0142 kolekcj\u0119, w kt\u00f3rej po raz pierwszy mogli\u015bmy zobaczy\u0107 ods\u0142oni\u0119te kolano! Krytycy tego wtedy nie przyj\u0119li, ale kilka lat p\u00f3\u017aniej sp\u00f3dniczka mini by\u0142a ju\u017c niewystarczaj\u0105co kr\u00f3tka.<\/p>\n<p><strong>Osobi\u015bcie nie pod\u0105\u017ca pan za nowo\u015bciami w modzie. Ma pan podobno kilka dobrych garnitur\u00f3w, kt\u00f3rych u\u017cywa od lat.<em> <\/em><\/strong><\/p>\n<p>Dla mnie liczy si\u0119 wygoda, jako\u015b\u0107 i klasyka. W tamtych czasach sesje mody dla m\u0119\u017cczyzn by\u0142y zupe\u0142nie marginalne. Mieli\u015bmy mo\u017ce dw\u00f3ch czy trzech modeli. To by\u0142 niewielki biznes. Dzisiaj m\u0119sk\u0105 i damsk\u0105 kolekcj\u0119 mo\u017cna zobaczy\u0107 na jednym pokazie, w dodatku czasami niewiele si\u0119 od siebie r\u00f3\u017cni\u0105.<\/p>\n<p><strong>Jak w takim razie, osobie, kt\u00f3ra zbyt uwa\u017cnie nie \u015bledzi zmian w modzie, uda\u0142o si\u0119 stworzy\u0107 jedne z najlepszych fotografii modowych w historii?<em> <\/em><\/strong><\/p>\n<p>Zanim zrobi\u0142em zdj\u0119cia jakiejkolwiek nowej kolekcji, musia\u0142em najpierw obejrze\u0107 co najmniej ze trzy pokazy, po to, \u017ceby zrozumie\u0107 sam\u0105 kolekcj\u0119, na czym polega jej nowo\u015b\u0107, wyczu\u0107 jej ducha. To by\u0142o dla mnie podstaw\u0105 decyzji, gdzie zrobimy ewentualny plener, w jaki spos\u00f3b b\u0119dziemy j\u0105 fotografowa\u0107. W latach 50. cz\u0119sto je\u017adzi\u0142em na pokazy do Pary\u017ca, kt\u00f3re przypomina\u0142y troch\u0119 \u015bwi\u0119te rytua\u0142y \u2013 \u017cadnej choreografii, \u017cadnej muzyki, nikt nie m\u00f3g\u0142 robi\u0107 zdj\u0119\u0107, a nawet szkic\u00f3w. Wtedy w sesjach nie uczestniczyli jeszcze ani styli\u015bci, ani wiza\u017cy\u015bci. Dlatego o tym, jak\u0105 modelka ma mie\u0107 fryzur\u0119, jak upi\u0119t\u0105 sukienk\u0119 i jaki makija\u017c musia\u0142em decydowa\u0107 sam.<\/p>\n<p><strong>Co si\u0119 wed\u0142ug pana w modzie najbardziej zmieni\u0142o?<\/strong><\/p>\n<p>Dzisiaj cykle mody s\u0105 coraz kr\u00f3tsze. O ile dawniej tematem fotografii by\u0142 kr\u00f3j, czy to szew, czy te\u017c uk\u0142ad fa\u0142d, o tyle dzisiaj coraz cz\u0119\u015bciej na pierwszy plan wysuwa si\u0119 inscenizacja, a jej przedmiotem s\u0105 okaleczenia i chaos. Dawniej bywa\u0142o tak, \u017ce to zdj\u0119cia by\u0142y na us\u0142ugach mody, dzisiaj cz\u0119sto jest odwrotnie. Z drugiej strony, dzisiaj niemal wszystko potrafi by\u0107 mod\u0105. Ju\u017c dawno tworzenie nowych trend\u00f3w przenios\u0142o si\u0119 z wybieg\u00f3w haute couture na ulice. Poza tym, ka\u017cdy okres ma swoje ulubione pozy. W latach 50. by\u0142 to taki charakterystyczny wykrok jedn\u0105 nog\u0105 do przodu. Ka\u017cdy czas ulega tak\u017ce pewnym wp\u0142ywom ze strony kultury i sztuk pi\u0119knych. W ten spos\u00f3b dzia\u0142a\u0142 op-art w p\u00f3\u017anych latach 50. i 60. Arty\u015bci\u00a0 bardzo ch\u0119tnie wykorzystywali ten silny kontrast bia\u0142ego i czarnego. Nied\u0142ugo p\u00f3\u017aniej pojawi\u0142 si\u0119 pop-art. Sam te\u017c im ulega\u0142em, pozostaj\u0105c mi\u0119dzy innymi pod wp\u0142ywem Roya Lichtensteina i Andiego Warhola.<br \/>\nZmienia\u0142y si\u0119 te\u017c same modelki. W latach 50. czy 60. modelki i zdj\u0119cia by\u0142y o wiele bardziej statyczne, dlatego \u017ce w fotografii mody liczy\u0142y si\u0119 przede wszystkim stroje. W tamtych czasach kobiety naprawd\u0119 patrzy\u0142y, co modelki maj\u0105 na sobie i stara\u0142y si\u0119 to na\u015bladowa\u0107 \u2013 uszy\u0107 to samodzielnie. Mo\u017ce ci\u0119\u017cko w to dzi\u015b uwierzy\u0107, ale oko\u0142o roku 1960 maszyna do szycia by\u0142a jednym z najbardziej po\u017c\u0105danych prezent\u00f3w pod choink\u0119!<\/p>\n<p><strong>Robi\u0105c zdj\u0119cia dla Film und Frau czy Brigitte zje\u017adzi\u0142 pan Ameryk\u0119, Afryk\u0119, cz\u0119\u015b\u0107 kraj\u00f3w arabskich.<em> <\/em><\/strong><\/p>\n<p>Ponad 20 lat sp\u0119dzi\u0142em w podr\u00f3\u017cy. W tamtych czasach nie funkcjonowa\u0142o co\u015b takiego jak turystyka, dlatego ka\u017cdy wyjazd by\u0142 wyj\u0105tkowy. Pami\u0119tam jedn\u0105 produkcj\u0119 dla <em>Brigitte<\/em>. Byli\u015bmy na Jamajce i mieli\u015bmy zrobi\u0107 ok\u0142adki magazynu jedynie przy u\u017cyciu \u015bwiat\u0142a naturalnego. Codziennie, przez 8 dni sesji la\u0142o. Redaktor gazety kaza\u0142 nam ka\u017cdego dnia zmienia\u0107 miejsce pobytu, ale wiedzieli\u015bmy, \u017ce skoro pada na Jamajce, to b\u0119dzie pada\u0142o te\u017c na Kubie. Zreszt\u0105 na Kub\u0119 nie mieli\u015bmy wtedy wst\u0119pu. W zwi\u0105zku z tym zostali\u015bmy i w ko\u0144cu uda\u0142o nam si\u0119 zrobi\u0107 zdj\u0119cia. Mieszkali\u015bmy w fenomenalnym hoteliku. By\u0142 bardzo ma\u0142y i bardzo znany, m.in. dzi\u0119ki wizycie Churchilla. Mieli tylko 12 pokoi. Na pocz\u0105tku korzystali\u015bmy jedynie z dw\u00f3ch, na koniec a\u017c z o\u015bmiu. By\u0142a tam \u015bwietna restauracja, ale w weekendy j\u0105 zamykano. W\u0142a\u015bciciel dawa\u0142 mi wtedy klucz i kaza\u0142 sobie radzi\u0107.<\/p>\n<p><strong>Je\u017adzi\u0142 pan po ca\u0142ym \u015bwiecie, ale to pana pierwszy pobyt w Polsce, zgadza si\u0119?<em> <\/em><\/strong><\/p>\n<p>Tak, Krak\u00f3w bardzo mi si\u0119 spodoba\u0142. Zauwa\u017cy\u0142em, \u017ce macie mn\u00f3stwo pism dla kobiet. Kto jest w stanie to wszystko przeczyta\u0107? Chcia\u0142bym jeszcze kiedy\u015b odwiedzi\u0107 Warszaw\u0119, chocia\u017c wydaje mi si\u0119, \u017ce Krak\u00f3w, przez to, \u017ce nie by\u0142 tak zniszczony i jest tak silnie nasi\u0105kni\u0119ty kultur\u0105, jest te\u017c bardziej autentyczny. Z przyjemno\u015bci\u0105 w\u0119drowa\u0142em po mie\u015bcie, obserwuj\u0105c, jak wiele jest tu ma\u0142ych galerii i m\u0142odych talent\u00f3w.<\/p>\n<p><strong>Jest pan w\u0142a\u015bcicielem jednej z najwi\u0119kszych kolekcji fotograficznych w Niemczech, a jednocze\u015bnie por\u00f3wnuje pan kolekcjonowanie do wariactwa, okre\u015bla je psychopatologi\u0105.<em> <\/em><\/strong><\/p>\n<p>Z jednej strony, jak powiedzia\u0142a Susan Sontag \u201eKto zbiera fotografie, ten zbiera ca\u0142y \u015bwiat\u201d. Kolekcjonowanie jest sposobem na poznanie samego siebie, daje mo\u017cliwo\u015b\u0107 uczestniczenia w pasjach innych ludzi. Z drugiej strony kolekcjoner jest obsesjonatem, mo\u017cna go por\u00f3wna\u0107 do osoby chorej ze wzgl\u0119du na jego \u201ekolekcjoholizm\u201d. Czasem staje si\u0119 nawet pewnego rodzaju przest\u0119pc\u0105 czy wi\u0119\u017aniem na\u0142ogu, jakim jest zbieranie. Obszarem jego dzia\u0142ania s\u0105 galerie, domy aukcyjne i atelier artyst\u00f3w. Prawdziwy kolekcjoner przypomina troch\u0119 osob\u0119 w stanie zakochania, kt\u00f3r\u0105 interesuje jedynie przedmiot adoracji.<\/p>\n<p><strong>Czym jest dla pana fotografia mody?<\/strong><\/p>\n<p>To element naszej pami\u0119ci kulturowej. Wed\u0142ug mnie takie zdj\u0119cia wi\u0119cej m\u00f3wi\u0105 o naszych czasach ni\u017c tak zwana fotografia dokumentalna. W przeciwie\u0144stwie do dokumentu, fotografia mody nie ukrywa, \u017ce jej obrazy s\u0105 inscenizowane. Poza tym jest bardzo silnie zwi\u0105zana z kontekstem, w jakim powsta\u0142a. Zawsze pozostaje \u015bwiadkiem swoich czas\u00f3w.<\/p>\n","protected":false},"excerpt":{"rendered":"<p>Z jednej strony, jak powiedzia\u0142a Susan Sontag \u201eKto zbiera fotografie, ten zbiera ca\u0142y \u015bwiat\u201d. Kolekcjonowanie jest sposobem na poznanie samego siebie, daje mo\u017cliwo\u015b\u0107 uczestniczenia w pasjach innych ludzi. Z drugiej strony kolekcjoner jest obsesjonatem, mo\u017cna go por\u00f3wna\u0107 do osoby chorej ze wzgl\u0119du na jego \u201ekolekcjoholizm\u201d. Czasem staje si\u0119 nawet pewnego rodzaju przest\u0119pc\u0105 czy wi\u0119\u017aniem na\u0142ogu, jakim jest zbieranie. <\/p>\n","protected":false},"author":284,"featured_media":14581,"comment_status":"open","ping_status":"closed","sticky":false,"template":"","format":"standard","meta":[],"categories":[65],"tags":[7320,1473,1786,491,73,157],"powerkit_post_featured":[],"coauthors":[1946,1480],"yoast_head":"<!-- This site is optimized with the Yoast SEO plugin v18.7 - https:\/\/yoast.com\/wordpress\/plugins\/seo\/ -->\n<title>Fotografia mody jest \u015bwiadkiem swoich czas\u00f3w<\/title>\n<meta name=\"description\" content=\"F. C. Gundlach: Kiedy tam przyjecha\u0142em i zobaczy\u0142em, jak pracuj\u0105 s\u0142ynni nowojorscy fotograficy, by\u0142em w szoku. Profesja fotografa by\u0142a...\" \/>\n<meta name=\"robots\" content=\"index, follow, max-snippet:-1, max-image-preview:large, max-video-preview:-1\" \/>\n<link rel=\"canonical\" href=\"https:\/\/ownetic.com\/magazyn\/2013\/f-c-gundlach-anna-maziuk-fotografia-mody-jest-swiadkiem-swoich-czasow\" \/>\n<link rel=\"next\" href=\"https:\/\/ownetic.com\/magazyn\/2013\/f-c-gundlach-anna-maziuk-fotografia-mody-jest-swiadkiem-swoich-czasow\/2\" \/>\n<script type=\"application\/ld+json\" class=\"yoast-schema-graph\">{\"@context\":\"https:\/\/schema.org\",\"@graph\":[{\"@type\":\"WebSite\",\"@id\":\"https:\/\/ownetic.com\/magazyn\/#website\",\"url\":\"https:\/\/ownetic.com\/magazyn\/\",\"name\":\"Ownetic Magazine\",\"description\":\"Magazine\",\"potentialAction\":[{\"@type\":\"SearchAction\",\"target\":{\"@type\":\"EntryPoint\",\"urlTemplate\":\"https:\/\/ownetic.com\/magazyn\/?s={search_term_string}\"},\"query-input\":\"required name=search_term_string\"}],\"inLanguage\":\"pl-PL\"},{\"@type\":\"ImageObject\",\"inLanguage\":\"pl-PL\",\"@id\":\"https:\/\/ownetic.com\/magazyn\/2013\/f-c-gundlach-anna-maziuk-fotografia-mody-jest-swiadkiem-swoich-czasow#primaryimage\",\"url\":\"https:\/\/ownetic.com\/magazyn\/wp-content\/uploads\/2013\/08\/fc-gundlach-op-art-fashion-brigitte-bauer-1966-2013-04-29.jpg\",\"contentUrl\":\"https:\/\/ownetic.com\/magazyn\/wp-content\/uploads\/2013\/08\/fc-gundlach-op-art-fashion-brigitte-bauer-1966-2013-04-29.jpg\",\"width\":\"659\",\"height\":\"600\",\"caption\":\"F.C. Gundlach, \u201eModa w stylu op-art, Brigitte Bauer dla Sinza\u201d, Vouliagmeni, Grecja 1966 \u00a9 F.C. Gundlach (\u017ar\u00f3d\u0142o: materia\u0142y prasowe Muzeum Narodowego w Krakowie)\"},{\"@type\":\"WebPage\",\"@id\":\"https:\/\/ownetic.com\/magazyn\/2013\/f-c-gundlach-anna-maziuk-fotografia-mody-jest-swiadkiem-swoich-czasow#webpage\",\"url\":\"https:\/\/ownetic.com\/magazyn\/2013\/f-c-gundlach-anna-maziuk-fotografia-mody-jest-swiadkiem-swoich-czasow\",\"name\":\"Fotografia mody jest \u015bwiadkiem swoich czas\u00f3w\",\"isPartOf\":{\"@id\":\"https:\/\/ownetic.com\/magazyn\/#website\"},\"primaryImageOfPage\":{\"@id\":\"https:\/\/ownetic.com\/magazyn\/2013\/f-c-gundlach-anna-maziuk-fotografia-mody-jest-swiadkiem-swoich-czasow#primaryimage\"},\"datePublished\":\"2013-08-15T23:00:24+00:00\",\"dateModified\":\"2014-06-04T08:03:59+00:00\",\"author\":{\"@id\":\"https:\/\/ownetic.com\/magazyn\/#\/schema\/person\/8a0963459b9cff2ed7554f8df3843883\"},\"description\":\"F. C. Gundlach: Kiedy tam przyjecha\u0142em i zobaczy\u0142em, jak pracuj\u0105 s\u0142ynni nowojorscy fotograficy, by\u0142em w szoku. Profesja fotografa by\u0142a...\",\"breadcrumb\":{\"@id\":\"https:\/\/ownetic.com\/magazyn\/2013\/f-c-gundlach-anna-maziuk-fotografia-mody-jest-swiadkiem-swoich-czasow#breadcrumb\"},\"inLanguage\":\"pl-PL\",\"potentialAction\":[{\"@type\":\"ReadAction\",\"target\":[\"https:\/\/ownetic.com\/magazyn\/2013\/f-c-gundlach-anna-maziuk-fotografia-mody-jest-swiadkiem-swoich-czasow\"]}]},{\"@type\":\"BreadcrumbList\",\"@id\":\"https:\/\/ownetic.com\/magazyn\/2013\/f-c-gundlach-anna-maziuk-fotografia-mody-jest-swiadkiem-swoich-czasow#breadcrumb\",\"itemListElement\":[{\"@type\":\"ListItem\",\"position\":1,\"name\":\"Fotografia mody jest \u015bwiadkiem swoich czas\u00f3w\"}]},{\"@type\":\"Person\",\"@id\":\"https:\/\/ownetic.com\/magazyn\/#\/schema\/person\/8a0963459b9cff2ed7554f8df3843883\",\"name\":\"F. C. Gundlach\",\"url\":\"https:\/\/ownetic.com\/magazyn\/author\/gundlach\"}]}<\/script>\n<!-- \/ Yoast SEO plugin. -->","yoast_head_json":{"title":"Fotografia mody jest \u015bwiadkiem swoich czas\u00f3w","description":"F. C. Gundlach: Kiedy tam przyjecha\u0142em i zobaczy\u0142em, jak pracuj\u0105 s\u0142ynni nowojorscy fotograficy, by\u0142em w szoku. Profesja fotografa by\u0142a...","robots":{"index":"index","follow":"follow","max-snippet":"max-snippet:-1","max-image-preview":"max-image-preview:large","max-video-preview":"max-video-preview:-1"},"canonical":"https:\/\/ownetic.com\/magazyn\/2013\/f-c-gundlach-anna-maziuk-fotografia-mody-jest-swiadkiem-swoich-czasow","next":"https:\/\/ownetic.com\/magazyn\/2013\/f-c-gundlach-anna-maziuk-fotografia-mody-jest-swiadkiem-swoich-czasow\/2","schema":{"@context":"https:\/\/schema.org","@graph":[{"@type":"WebSite","@id":"https:\/\/ownetic.com\/magazyn\/#website","url":"https:\/\/ownetic.com\/magazyn\/","name":"Ownetic Magazine","description":"Magazine","potentialAction":[{"@type":"SearchAction","target":{"@type":"EntryPoint","urlTemplate":"https:\/\/ownetic.com\/magazyn\/?s={search_term_string}"},"query-input":"required name=search_term_string"}],"inLanguage":"pl-PL"},{"@type":"ImageObject","inLanguage":"pl-PL","@id":"https:\/\/ownetic.com\/magazyn\/2013\/f-c-gundlach-anna-maziuk-fotografia-mody-jest-swiadkiem-swoich-czasow#primaryimage","url":"https:\/\/ownetic.com\/magazyn\/wp-content\/uploads\/2013\/08\/fc-gundlach-op-art-fashion-brigitte-bauer-1966-2013-04-29.jpg","contentUrl":"https:\/\/ownetic.com\/magazyn\/wp-content\/uploads\/2013\/08\/fc-gundlach-op-art-fashion-brigitte-bauer-1966-2013-04-29.jpg","width":"659","height":"600","caption":"F.C. Gundlach, \u201eModa w stylu op-art, Brigitte Bauer dla Sinza\u201d, Vouliagmeni, Grecja 1966 \u00a9 F.C. Gundlach (\u017ar\u00f3d\u0142o: materia\u0142y prasowe Muzeum Narodowego w Krakowie)"},{"@type":"WebPage","@id":"https:\/\/ownetic.com\/magazyn\/2013\/f-c-gundlach-anna-maziuk-fotografia-mody-jest-swiadkiem-swoich-czasow#webpage","url":"https:\/\/ownetic.com\/magazyn\/2013\/f-c-gundlach-anna-maziuk-fotografia-mody-jest-swiadkiem-swoich-czasow","name":"Fotografia mody jest \u015bwiadkiem swoich czas\u00f3w","isPartOf":{"@id":"https:\/\/ownetic.com\/magazyn\/#website"},"primaryImageOfPage":{"@id":"https:\/\/ownetic.com\/magazyn\/2013\/f-c-gundlach-anna-maziuk-fotografia-mody-jest-swiadkiem-swoich-czasow#primaryimage"},"datePublished":"2013-08-15T23:00:24+00:00","dateModified":"2014-06-04T08:03:59+00:00","author":{"@id":"https:\/\/ownetic.com\/magazyn\/#\/schema\/person\/8a0963459b9cff2ed7554f8df3843883"},"description":"F. C. Gundlach: Kiedy tam przyjecha\u0142em i zobaczy\u0142em, jak pracuj\u0105 s\u0142ynni nowojorscy fotograficy, by\u0142em w szoku. Profesja fotografa by\u0142a...","breadcrumb":{"@id":"https:\/\/ownetic.com\/magazyn\/2013\/f-c-gundlach-anna-maziuk-fotografia-mody-jest-swiadkiem-swoich-czasow#breadcrumb"},"inLanguage":"pl-PL","potentialAction":[{"@type":"ReadAction","target":["https:\/\/ownetic.com\/magazyn\/2013\/f-c-gundlach-anna-maziuk-fotografia-mody-jest-swiadkiem-swoich-czasow"]}]},{"@type":"BreadcrumbList","@id":"https:\/\/ownetic.com\/magazyn\/2013\/f-c-gundlach-anna-maziuk-fotografia-mody-jest-swiadkiem-swoich-czasow#breadcrumb","itemListElement":[{"@type":"ListItem","position":1,"name":"Fotografia mody jest \u015bwiadkiem swoich czas\u00f3w"}]},{"@type":"Person","@id":"https:\/\/ownetic.com\/magazyn\/#\/schema\/person\/8a0963459b9cff2ed7554f8df3843883","name":"F. C. Gundlach","url":"https:\/\/ownetic.com\/magazyn\/author\/gundlach"}]}},"_links":{"self":[{"href":"https:\/\/ownetic.com\/magazyn\/wp-json\/wp\/v2\/posts\/14580"}],"collection":[{"href":"https:\/\/ownetic.com\/magazyn\/wp-json\/wp\/v2\/posts"}],"about":[{"href":"https:\/\/ownetic.com\/magazyn\/wp-json\/wp\/v2\/types\/post"}],"author":[{"embeddable":true,"href":"https:\/\/ownetic.com\/magazyn\/wp-json\/wp\/v2\/users\/284"}],"replies":[{"embeddable":true,"href":"https:\/\/ownetic.com\/magazyn\/wp-json\/wp\/v2\/comments?post=14580"}],"version-history":[{"count":0,"href":"https:\/\/ownetic.com\/magazyn\/wp-json\/wp\/v2\/posts\/14580\/revisions"}],"wp:featuredmedia":[{"embeddable":true,"href":"https:\/\/ownetic.com\/magazyn\/wp-json\/wp\/v2\/media\/14581"}],"wp:attachment":[{"href":"https:\/\/ownetic.com\/magazyn\/wp-json\/wp\/v2\/media?parent=14580"}],"wp:term":[{"taxonomy":"category","embeddable":true,"href":"https:\/\/ownetic.com\/magazyn\/wp-json\/wp\/v2\/categories?post=14580"},{"taxonomy":"post_tag","embeddable":true,"href":"https:\/\/ownetic.com\/magazyn\/wp-json\/wp\/v2\/tags?post=14580"},{"taxonomy":"powerkit_post_featured","embeddable":true,"href":"https:\/\/ownetic.com\/magazyn\/wp-json\/wp\/v2\/powerkit_post_featured?post=14580"},{"taxonomy":"author","embeddable":true,"href":"https:\/\/ownetic.com\/magazyn\/wp-json\/wp\/v2\/coauthors?post=14580"}],"curies":[{"name":"wp","href":"https:\/\/api.w.org\/{rel}","templated":true}]}}