{"id":20022,"date":"2014-03-10T00:00:37","date_gmt":"2014-03-09T23:00:37","guid":{"rendered":"https:\/\/ownetic.com\/magazyn\/?p=20022"},"modified":"2014-03-12T09:23:23","modified_gmt":"2014-03-12T08:23:23","slug":"stanislaw-ruksza-odczytac-region-na-nowo","status":"publish","type":"post","link":"https:\/\/ownetic.com\/magazyn\/2014\/stanislaw-ruksza-odczytac-region-na-nowo","title":{"rendered":"Odczyta\u0107 region na nowo"},"content":{"rendered":"<p><strong>Katarzyna Kowalska: Nasz\u0105 rozmow\u0119 zacznijmy nieco geograficznie. Gdzie, Pana zdaniem, sytuuje si\u0119 G\u00f3rny \u015al\u0105sk na mapie Polski, a mo\u017ce nawet i Europy? <\/strong><\/p>\n<p><strong>Stanis\u0142aw Ruksza: <\/strong>Zacznijmy od tego, \u017ce nie ma jednego G\u00f3rnego \u015al\u0105ska. Zar\u00f3wno w Polsce, jak i na \u015bwiecie w obr\u0119bie jednego regionu funkcjonuj\u0105 zazwyczaj r\u00f3\u017cnorodne obszary o odmiennych\u00a0lokalnie, pod wzgl\u0119dem spo\u0142eczno-politycznym, ekonomicznym i kulturowym, znaczeniach, kt\u00f3re \u0142\u0105czy pewna wsp\u00f3lna cecha. G\u00f3rny \u015al\u0105sk mogliby\u015bmy por\u00f3wnywa\u0107 do r\u00f3\u017cnych miejsc o z\u0142o\u017conej to\u017csamo\u015bci. I tak, na przyk\u0142ad pod wzgl\u0119dem przemian zwi\u0105zanych z upadkiem przemys\u0142u ci\u0119\u017ckiego, do do\u015bwiadcze\u0144 region\u00f3w czy miast, takich jak Detroit, Liverpool czy Zag\u0142\u0119bie Ruhry, z kt\u00f3rych ka\u017cde inaczej pr\u00f3bowa\u0142o rozwi\u0105za\u0107 ten problem. Te transformacyjne modele stosowane s\u0105 r\u00f3wnie\u017c u nas. Jedne sposoby \u017cycia zast\u0119powane zostaj\u0105 przez inne. To, co w naszym projekcie jest lokalne, mo\u017cemy odczyta\u0107 glokalnie, poprzez procesy globalizacyjne (glokalizacja).<\/p>\n<figure id=\"attachment_20027\" aria-describedby=\"caption-attachment-20027\" style=\"width: 540px\" class=\"wp-caption alignnone\"><a href=\"https:\/\/ownetic.com\/magazyn\/2014\/stanislaw-ruksza-odczytac-region-na-nowo\/kunstkammera-bytom-fot-malgorzata-weglorz-2014-03-03\/\" rel=\"attachment wp-att-20027\"><img loading=\"lazy\" class=\"size-medium wp-image-20027\" title=\"Mural ze spaceru Kunstkammera \u2013 Bytom, fot. Ma\u0142gorzata W\u0119glorz (\u017ar\u00f3d\u0142o: materia\u0142y prasowe CSW Kronika)\" src=\"https:\/\/ownetic.com\/magazyn\/wp-content\/uploads\/2014\/03\/kunstkammera-bytom-fot-malgorzata-weglorz-2014-03-03-540x405.jpg\" alt=\"Mural ze spaceru Kunstkammera \u2013 Bytom, fot. Ma\u0142gorzata W\u0119glorz (\u017ar\u00f3d\u0142o: materia\u0142y prasowe CSW Kronika)\" width=\"540\" height=\"405\" srcset=\"https:\/\/ownetic.com\/magazyn\/wp-content\/uploads\/2014\/03\/kunstkammera-bytom-fot-malgorzata-weglorz-2014-03-03-540x405.jpg 540w, https:\/\/ownetic.com\/magazyn\/wp-content\/uploads\/2014\/03\/kunstkammera-bytom-fot-malgorzata-weglorz-2014-03-03-900x675.jpg 900w, https:\/\/ownetic.com\/magazyn\/wp-content\/uploads\/2014\/03\/kunstkammera-bytom-fot-malgorzata-weglorz-2014-03-03-576x432.jpg 576w, https:\/\/ownetic.com\/magazyn\/wp-content\/uploads\/2014\/03\/kunstkammera-bytom-fot-malgorzata-weglorz-2014-03-03.jpg 920w\" sizes=\"(max-width: 540px) 100vw, 540px\" \/><\/a><figcaption id=\"caption-attachment-20027\" class=\"wp-caption-text\">Mural ze spaceru Kunstkammera \u2013 Bytom, fot. Ma\u0142gorzata W\u0119glorz (\u017ar\u00f3d\u0142o: materia\u0142y prasowe CSW Kronika)<\/figcaption><\/figure>\n<p>Drugi z kolei w\u0105tek, kt\u00f3ry wydaje mi si\u0119 interesuj\u0105cy, to aspekt to\u017csamo\u015bciowo-historyczny. Dziedzictwo zar\u00f3wno polskie, niemieckie, czeskie, \u017cydowskie, jak i dodatkowo ufundowana na nich to\u017csamo\u015b\u0107 \u015bl\u0105ska, s\u0105 niezwykle \u017cywe od strony politycznej. Pod tym wzgl\u0119dem G\u00f3rny \u015al\u0105sk podobny jest do innych miejsc na \u015bwiecie o z\u0142o\u017conej historii, tradycji wielu narod\u00f3w i religii, zmieniaj\u0105cych si\u0119 podzia\u0142ach granicznych.<\/p>\n<p>Jest te\u017c trzecia kwestia, dotycz\u0105ca Polski w okresie transformacji, w jej spo\u0142ecznym uj\u0119ciu. I tu znowu mamy jakby dwa skumulowane ze sob\u0105 kraje: Polsk\u0119 A i Polsk\u0119 B. Zwyci\u0119zc\u00f3w i przegranych transformacji.<\/p>\n<p>Problem, kt\u00f3ry pr\u00f3bujemy realizowa\u0107 w Projekcie Metropolis dotyczy wi\u0119kszej ilo\u015bci region\u00f3w ni\u017c tylko \u015al\u0105sk. To samo dotyczy w\u0105tku artystycznego i szeregu r\u00f3\u017cnych obieg\u00f3w sztuki ni\u017c tylko dominuj\u0105cy. Wspomniana przez Pani\u0105 mapa jest tak r\u00f3\u017cnorodna i na tyle jeszcze nie przemierzona, \u017ce staje si\u0119 \u201epolem badawczym\u201d dla sztuki, kt\u00f3re m\u00f3wi nie tylko o \u015al\u0105sku, ale za pomoc\u0105 \u015al\u0105ska \u2013 st\u0105d moje trzy odniesienia i por\u00f3wnania, kt\u00f3re pozwalaj\u0105 prowadzi\u0107 szersz\u0105 dyskusj\u0119 dotycz\u0105c\u0105 wsp\u00f3\u0142czesnego \u015bwiata, nie tylko Polski, ale te\u017c ca\u0142ej Europy za pomoc\u0105 jednego regionu.<\/p>\n<div id='gallery-1' class='gallery galleryid-20022 gallery-columns-5 gallery-size-thumbnail'><figure class='gallery-item'>\n\t\t\t<div class='gallery-icon landscape'>\n\t\t\t\t<a href='https:\/\/ownetic.com\/magazyn\/2014\/stanislaw-ruksza-odczytac-region-na-nowo\/pawel-kulczynski-lament-2014-03-12'><img width=\"80\" height=\"80\" src=\"https:\/\/ownetic.com\/magazyn\/wp-content\/uploads\/2014\/03\/pawel-kulczynski-lament-2014-03-12-80x80.jpg\" class=\"attachment-thumbnail size-thumbnail\" alt=\"Pawe\u0142 Kulczy\u0144ski, \u201eLament\u201d (\u017ar\u00f3d\u0142o: materia\u0142y prasowe CSW Kronika)\" loading=\"lazy\" aria-describedby=\"gallery-1-20341\" \/><\/a>\n\t\t\t<\/div>\n\t\t\t\t<figcaption class='wp-caption-text gallery-caption' id='gallery-1-20341'>\n\t\t\t\tPawe\u0142 Kulczy\u0144ski, \u201eLament\u201d (\u017ar\u00f3d\u0142o: materia\u0142y prasowe CSW Kronika)\n\t\t\t\t<\/figcaption><\/figure><figure class='gallery-item'>\n\t\t\t<div class='gallery-icon landscape'>\n\t\t\t\t<a href='https:\/\/ownetic.com\/magazyn\/2014\/stanislaw-ruksza-odczytac-region-na-nowo\/magda-fabianczyk-tam-gdzie-mnie-nie-bylo-2013-2014-fot-lukasz-szymczyk-2014-03-04'><img width=\"80\" height=\"80\" src=\"https:\/\/ownetic.com\/magazyn\/wp-content\/uploads\/2014\/03\/magda-fabianczyk-tam-gdzie-mnie-nie-bylo-2013-2014-fot-lukasz-szymczyk-2014-03-04-80x80.jpg\" class=\"attachment-thumbnail size-thumbnail\" alt=\"Magda Fabia\u0144czyk, \u201eTam gdzie mnie nie by\u0142o&quot;, 2013-2014, fot. \u0141ukasz Szymczyk (\u017ar\u00f3d\u0142o: materia\u0142y prasowe organizatora)\" loading=\"lazy\" aria-describedby=\"gallery-1-20039\" \/><\/a>\n\t\t\t<\/div>\n\t\t\t\t<figcaption class='wp-caption-text gallery-caption' id='gallery-1-20039'>\n\t\t\t\tMagda Fabia\u0144czyk, \u201eTam gdzie mnie nie by\u0142o&#8221;, 2013-2014, fot. \u0141ukasz Szymczyk (\u017ar\u00f3d\u0142o: materia\u0142y prasowe organizatora)\n\t\t\t\t<\/figcaption><\/figure><figure class='gallery-item'>\n\t\t\t<div class='gallery-icon portrait'>\n\t\t\t\t<a href='https:\/\/ownetic.com\/magazyn\/2014\/stanislaw-ruksza-odczytac-region-na-nowo\/kristian-skylstad-black-under-shower-painting-2013-fot-marcin-wysocki-2014-03-04'><img width=\"80\" height=\"80\" src=\"https:\/\/ownetic.com\/magazyn\/wp-content\/uploads\/2014\/03\/kristian-skylstad-black-under-shower-painting-2013-fot-marcin-wysocki-2014-03-04-80x80.jpg\" class=\"attachment-thumbnail size-thumbnail\" alt=\"Kr\u00efst\u00efan Skylstad, \u201eBlack under shower painting&quot;, 2013, fot. Marcin Wysocki (\u017ar\u00f3d\u0142o: materia\u0142y prasowe organizatora)\" loading=\"lazy\" aria-describedby=\"gallery-1-20038\" \/><\/a>\n\t\t\t<\/div>\n\t\t\t\t<figcaption class='wp-caption-text gallery-caption' id='gallery-1-20038'>\n\t\t\t\tKr\u00efst\u00efan Skylstad, \u201eBlack under shower painting&#8221;, 2013, fot. Marcin Wysocki (\u017ar\u00f3d\u0142o: materia\u0142y prasowe organizatora)\n\t\t\t\t<\/figcaption><\/figure><figure class='gallery-item'>\n\t\t\t<div class='gallery-icon portrait'>\n\t\t\t\t<a href='https:\/\/ownetic.com\/magazyn\/2014\/stanislaw-ruksza-odczytac-region-na-nowo\/erla-haralsdottir-trace-2013-fot-erla-haralsdottir-2014-03-04'><img width=\"80\" height=\"80\" src=\"https:\/\/ownetic.com\/magazyn\/wp-content\/uploads\/2014\/03\/erla-haralsdottir-trace-2013-fot-erla-haralsdottir-2014-03-04-80x80.jpg\" class=\"attachment-thumbnail size-thumbnail\" alt=\"Erla S. Haralsd\u00f3ttir, \u201eTrace&quot;, 2013, fot. Erla S. Haralsd\u00f3ttir (\u017ar\u00f3d\u0142o: materia\u0142y prasowe organizatora)\" loading=\"lazy\" aria-describedby=\"gallery-1-20037\" \/><\/a>\n\t\t\t<\/div>\n\t\t\t\t<figcaption class='wp-caption-text gallery-caption' id='gallery-1-20037'>\n\t\t\t\tErla S. Haralsd\u00f3ttir, \u201eTrace&#8221;, 2013, fot. Erla S. Haralsd\u00f3ttir (\u017ar\u00f3d\u0142o: materia\u0142y prasowe organizatora)\n\t\t\t\t<\/figcaption><\/figure><figure class='gallery-item'>\n\t\t\t<div class='gallery-icon landscape'>\n\t\t\t\t<a href='https:\/\/ownetic.com\/magazyn\/2014\/stanislaw-ruksza-odczytac-region-na-nowo\/darri-lorenzen-cast-hand-2013-2014-fot-lukasz-szymczyk-2014-03-04'><img width=\"80\" height=\"80\" src=\"https:\/\/ownetic.com\/magazyn\/wp-content\/uploads\/2014\/03\/darri-lorenzen-cast-hand-2013-2014-fot-lukasz-szymczyk-2014-03-04-80x80.jpg\" class=\"attachment-thumbnail size-thumbnail\" alt=\"Darri Lorenzen, \u201eCast hand&quot;, 2013-2014, fot. \u0141ukasz Szymczyk (\u017ar\u00f3d\u0142o: materia\u0142y prasowe organizatora)\" loading=\"lazy\" aria-describedby=\"gallery-1-20036\" \/><\/a>\n\t\t\t<\/div>\n\t\t\t\t<figcaption class='wp-caption-text gallery-caption' id='gallery-1-20036'>\n\t\t\t\tDarri Lorenzen, \u201eCast hand&#8221;, 2013-2014, fot. \u0141ukasz Szymczyk (\u017ar\u00f3d\u0142o: materia\u0142y prasowe organizatora)\n\t\t\t\t<\/figcaption><\/figure><figure class='gallery-item'>\n\t\t\t<div class='gallery-icon landscape'>\n\t\t\t\t<a href='https:\/\/ownetic.com\/magazyn\/2014\/stanislaw-ruksza-odczytac-region-na-nowo\/rafal-milach-2014-03-03'><img width=\"80\" height=\"80\" src=\"https:\/\/ownetic.com\/magazyn\/wp-content\/uploads\/2014\/03\/rafal-milach-2014-03-03-80x80.jpg\" class=\"attachment-thumbnail size-thumbnail\" alt=\"Fot. Rafa\u0142 Milach (\u017ar\u00f3d\u0142o: materia\u0142y prasowe organizatora)\" loading=\"lazy\" aria-describedby=\"gallery-1-20033\" \/><\/a>\n\t\t\t<\/div>\n\t\t\t\t<figcaption class='wp-caption-text gallery-caption' id='gallery-1-20033'>\n\t\t\t\tFot. Rafa\u0142 Milach (\u017ar\u00f3d\u0142o: materia\u0142y prasowe organizatora)\n\t\t\t\t<\/figcaption><\/figure><figure class='gallery-item'>\n\t\t\t<div class='gallery-icon landscape'>\n\t\t\t\t<a href='https:\/\/ownetic.com\/magazyn\/2014\/stanislaw-ruksza-odczytac-region-na-nowo\/mikolaj-dlugosz-videopol-screen-shot-2014-03-03'><img width=\"80\" height=\"80\" src=\"https:\/\/ownetic.com\/magazyn\/wp-content\/uploads\/2014\/03\/mikolaj-dlugosz-videopol-screen-shot-2014-03-03-80x80.jpg\" class=\"attachment-thumbnail size-thumbnail\" alt=\"Miko\u0142aj D\u0142ugosz, \u201eVideopol\u201d, screen shot (\u017ar\u00f3d\u0142o: materia\u0142y prasowe CSW Kronika)\" loading=\"lazy\" aria-describedby=\"gallery-1-20031\" \/><\/a>\n\t\t\t<\/div>\n\t\t\t\t<figcaption class='wp-caption-text gallery-caption' id='gallery-1-20031'>\n\t\t\t\tMiko\u0142aj D\u0142ugosz, \u201eVideopol\u201d, screen shot (\u017ar\u00f3d\u0142o: materia\u0142y prasowe CSW Kronika)\n\t\t\t\t<\/figcaption><\/figure><figure class='gallery-item'>\n\t\t\t<div class='gallery-icon landscape'>\n\t\t\t\t<a href='https:\/\/ownetic.com\/magazyn\/2014\/stanislaw-ruksza-odczytac-region-na-nowo\/matej-vakula-agents-of-knowledge-2014-03-03'><img width=\"80\" height=\"80\" src=\"https:\/\/ownetic.com\/magazyn\/wp-content\/uploads\/2014\/03\/matej-vakula-agents-of-knowledge-2014-03-03-80x80.jpg\" class=\"attachment-thumbnail size-thumbnail\" alt=\"Matej Vakula, \u201eAgents of knowledge\u201d (\u017ar\u00f3d\u0142o: materia\u0142y prasowe CSW Kronika)\" loading=\"lazy\" aria-describedby=\"gallery-1-20030\" \/><\/a>\n\t\t\t<\/div>\n\t\t\t\t<figcaption class='wp-caption-text gallery-caption' id='gallery-1-20030'>\n\t\t\t\tMatej Vakula, \u201eAgents of knowledge\u201d (\u017ar\u00f3d\u0142o: materia\u0142y prasowe CSW Kronika)\n\t\t\t\t<\/figcaption><\/figure><figure class='gallery-item'>\n\t\t\t<div class='gallery-icon landscape'>\n\t\t\t\t<a href='https:\/\/ownetic.com\/magazyn\/2014\/stanislaw-ruksza-odczytac-region-na-nowo\/magda-tothova-the-word-for-this-place-cz-3-video-2014-03-03'><img width=\"80\" height=\"80\" src=\"https:\/\/ownetic.com\/magazyn\/wp-content\/uploads\/2014\/03\/magda-tothova-the-word-for-this-place-cz-3-video-2014-03-03-80x80.jpg\" class=\"attachment-thumbnail size-thumbnail\" alt=\"Magda Tothova, \u201eThe word for this place is not Utopia\u201d, cz. 3, video (\u017ar\u00f3d\u0142o: materia\u0142y prasowe CSW Kronika)\" loading=\"lazy\" aria-describedby=\"gallery-1-20029\" \/><\/a>\n\t\t\t<\/div>\n\t\t\t\t<figcaption class='wp-caption-text gallery-caption' id='gallery-1-20029'>\n\t\t\t\tMagda Tothova, \u201eThe word for this place is not Utopia\u201d, cz. 3, video (\u017ar\u00f3d\u0142o: materia\u0142y prasowe CSW Kronika)\n\t\t\t\t<\/figcaption><\/figure><figure class='gallery-item'>\n\t\t\t<div class='gallery-icon landscape'>\n\t\t\t\t<a href='https:\/\/ownetic.com\/magazyn\/2014\/stanislaw-ruksza-odczytac-region-na-nowo\/lars-holdhus-christmas-sweaters-2014-03-03'><img width=\"80\" height=\"80\" src=\"https:\/\/ownetic.com\/magazyn\/wp-content\/uploads\/2014\/03\/lars-holdhus-christmas-sweaters-2014-03-03-80x80.jpg\" class=\"attachment-thumbnail size-thumbnail\" alt=\"Lars Holdhus, \u201eChristmas sweaters\u201d (\u017ar\u00f3d\u0142o: materia\u0142y prasowe CSW Kronika)\" loading=\"lazy\" aria-describedby=\"gallery-1-20028\" \/><\/a>\n\t\t\t<\/div>\n\t\t\t\t<figcaption class='wp-caption-text gallery-caption' id='gallery-1-20028'>\n\t\t\t\tLars Holdhus, \u201eChristmas sweaters\u201d (\u017ar\u00f3d\u0142o: materia\u0142y prasowe CSW Kronika)\n\t\t\t\t<\/figcaption><\/figure><figure class='gallery-item'>\n\t\t\t<div class='gallery-icon landscape'>\n\t\t\t\t<a href='https:\/\/ownetic.com\/magazyn\/2014\/stanislaw-ruksza-odczytac-region-na-nowo\/kunstkammera-bytom-fot-malgorzata-weglorz-2014-03-03'><img width=\"80\" height=\"80\" src=\"https:\/\/ownetic.com\/magazyn\/wp-content\/uploads\/2014\/03\/kunstkammera-bytom-fot-malgorzata-weglorz-2014-03-03-80x80.jpg\" class=\"attachment-thumbnail size-thumbnail\" alt=\"Mural ze spaceru Kunstkammera \u2013 Bytom, fot. Ma\u0142gorzata W\u0119glorz (\u017ar\u00f3d\u0142o: materia\u0142y prasowe CSW Kronika)\" loading=\"lazy\" aria-describedby=\"gallery-1-20027\" \/><\/a>\n\t\t\t<\/div>\n\t\t\t\t<figcaption class='wp-caption-text gallery-caption' id='gallery-1-20027'>\n\t\t\t\tMural ze spaceru Kunstkammera \u2013 Bytom, fot. Ma\u0142gorzata W\u0119glorz (\u017ar\u00f3d\u0142o: materia\u0142y prasowe CSW Kronika)\n\t\t\t\t<\/figcaption><\/figure><figure class='gallery-item'>\n\t\t\t<div class='gallery-icon portrait'>\n\t\t\t\t<a href='https:\/\/ownetic.com\/magazyn\/2014\/stanislaw-ruksza-odczytac-region-na-nowo\/kristian-skylstad-the-city-is-empty-csw-kronika-bytom-plakat-2014-03-03'><img width=\"80\" height=\"80\" src=\"https:\/\/ownetic.com\/magazyn\/wp-content\/uploads\/2014\/03\/kristian-skylstad-the-city-is-empty-csw-kronika-bytom-plakat-2014-03-03-80x80.jpg\" class=\"attachment-thumbnail size-thumbnail\" alt=\"Kr\u00efst\u00efan Skylstad, \u201eThe City is Empty\u201d, CSW Kronika w Bytomiu, plakat (\u017ar\u00f3d\u0142o: materia\u0142y prasowe CSW Kronika)\" loading=\"lazy\" aria-describedby=\"gallery-1-20026\" \/><\/a>\n\t\t\t<\/div>\n\t\t\t\t<figcaption class='wp-caption-text gallery-caption' id='gallery-1-20026'>\n\t\t\t\tKr\u00efst\u00efan Skylstad, \u201eThe City is Empty\u201d, CSW Kronika w Bytomiu, plakat (\u017ar\u00f3d\u0142o: materia\u0142y prasowe CSW Kronika)\n\t\t\t\t<\/figcaption><\/figure><figure class='gallery-item'>\n\t\t\t<div class='gallery-icon landscape'>\n\t\t\t\t<a href='https:\/\/ownetic.com\/magazyn\/2014\/stanislaw-ruksza-odczytac-region-na-nowo\/hotel-silesia-okladka-2014-03-03'><img width=\"80\" height=\"80\" src=\"https:\/\/ownetic.com\/magazyn\/wp-content\/uploads\/2014\/03\/hotel-silesia-okladka-2014-03-03-80x80.jpg\" class=\"attachment-thumbnail size-thumbnail\" alt=\"Matteo Terzaghi i Marco Z\u00fcrcher, \u201eHotel Silesia\u201d, ok\u0142adka (\u017ar\u00f3d\u0142o: materia\u0142y prasowe CSW Kronika)\" loading=\"lazy\" aria-describedby=\"gallery-1-20025\" \/><\/a>\n\t\t\t<\/div>\n\t\t\t\t<figcaption class='wp-caption-text gallery-caption' id='gallery-1-20025'>\n\t\t\t\tMatteo Terzaghi i Marco Z\u00fcrcher, \u201eHotel Silesia\u201d, ok\u0142adka (\u017ar\u00f3d\u0142o: materia\u0142y prasowe CSW Kronika)\n\t\t\t\t<\/figcaption><\/figure><figure class='gallery-item'>\n\t\t\t<div class='gallery-icon landscape'>\n\t\t\t\t<a href='https:\/\/ownetic.com\/magazyn\/2014\/stanislaw-ruksza-odczytac-region-na-nowo\/bogna-burska-co-jedza-rusalki-2014-03-03'><img width=\"80\" height=\"80\" src=\"https:\/\/ownetic.com\/magazyn\/wp-content\/uploads\/2014\/03\/bogna-burska-co-jedza-rusalki-2014-03-03-80x80.jpg\" class=\"attachment-thumbnail size-thumbnail\" alt=\"Bogna Burska, \u201eCo jedz\u0105 rusa\u0142ki\u201d (\u017ar\u00f3d\u0142o: materia\u0142y prasowe CSW Kronika)\" loading=\"lazy\" aria-describedby=\"gallery-1-20024\" \/><\/a>\n\t\t\t<\/div>\n\t\t\t\t<figcaption class='wp-caption-text gallery-caption' id='gallery-1-20024'>\n\t\t\t\tBogna Burska, \u201eCo jedz\u0105 rusa\u0142ki\u201d (\u017ar\u00f3d\u0142o: materia\u0142y prasowe CSW Kronika)\n\t\t\t\t<\/figcaption><\/figure><figure class='gallery-item'>\n\t\t\t<div class='gallery-icon landscape'>\n\t\t\t\t<a href='https:\/\/ownetic.com\/magazyn\/2014\/stanislaw-ruksza-odczytac-region-na-nowo\/barbara-klimova-spotkanie-csw-kronika-bytom-zaproszenie-2014-03-03'><img width=\"400\" height=\"240\" src=\"https:\/\/ownetic.com\/magazyn\/wp-content\/uploads\/2014\/03\/barbara-klimova-spotkanie-csw-kronika-bytom-zaproszenie-2014-03-03-400x240.jpg\" class=\"attachment-thumbnail size-thumbnail\" alt=\"Barbora Kl\u00edmov\u00e1, \u201ePr\u00f3ba po\u0142\u0105czenia \/ An Attempt to Connect\u201d, spotkanie w CSW Kronika w Bytomiu (\u017ar\u00f3d\u0142o: materia\u0142y prasowe CSW Kronika)\" loading=\"lazy\" aria-describedby=\"gallery-1-20023\" \/><\/a>\n\t\t\t<\/div>\n\t\t\t\t<figcaption class='wp-caption-text gallery-caption' id='gallery-1-20023'>\n\t\t\t\tBarbora Kl\u00edmov\u00e1, \u201ePr\u00f3ba po\u0142\u0105czenia \/ An Attempt to Connect\u201d, spotkanie w CSW Kronika w Bytomiu (\u017ar\u00f3d\u0142o: materia\u0142y prasowe CSW Kronika)\n\t\t\t\t<\/figcaption><\/figure>\n\t\t<\/div>\n\n<p><strong>W jaki spos\u00f3b za\u0142o\u017cenia Projektu Metropolis odpowiadaj\u0105 na takie po\u0142o\u017cenie i sytuacj\u0119 G\u00f3rnego \u015al\u0105ska, a tak\u017ce na dyskusj\u0119 mi\u0119dzyinstytucjonaln\u0105?<\/strong><\/p>\n<p>Podejmuj\u0105c wsp\u00f3lnie ten projekt razem z Fundacj\u0105 Imago Mundi stwierdzili\u015bmy, \u017ce w tak du\u017cym regionie, jakim jest \u015al\u0105sk, nie ma zbyt wielu instytucji sztuki wsp\u00f3\u0142czesnej. Dlatego warto by\u0142oby dokona\u0107 wprowadzania j\u0119zyka sztuki wsp\u00f3\u0142czesnej w te miejsca, gdzie jeszcze nie funkcjonuje i podj\u0119li\u015bmy si\u0119, opr\u00f3cz typowej pracy kuratorskiej, refleksji badawczej, cyklu rezydencji artystycznych i zwi\u0105zanych z nimi produkcji prac, tak\u017ce dzia\u0142ania quasi-misyjnego. Projekt Metropolis zacz\u0105\u0142 dociera\u0107 w takie miejsca, jak: Kopalnia Guido w Zabrzu, w kt\u00f3rej znajduje si\u0119 muzeum przemys\u0142u, dzia\u0142aj\u0105ca kopalnie w\u0119gla w Rudzie \u015alaskiej, dom kultury w Chorzowie, Piekary \u015al\u0105skie pozbawione galerii sztuki wsp\u00f3\u0142czesnej czy Tychy, gdzie pokazywali\u015bmy prace w budynku tamtejszego browaru. Po pewnym czasie zdali\u015bmy sobie spraw\u0119, \u017ce ka\u017cde takie spotkania dzia\u0142aj\u0105 bardzo o\u017cywczo, tak\u017ce i w obr\u0119bie instytucji nie maj\u0105cych nic wsp\u00f3lnego ze sztuk\u0105. Mam nadziej\u0119, \u017ce w tym roku pojawi\u0105 si\u0119 kolejne miejsca, w kt\u00f3rych b\u0119dziemy realizowa\u0107 nast\u0119pne projekty.<\/p>\n<p><strong>Czym kierowa\u0142 si\u0119 Pan przy doborze artyst\u00f3w i przygotowaniu programu dzia\u0142a\u0144 w ramach projektu?<\/strong><\/p>\n<p>Po pierwsze, nie rekrutujemy metod\u0105 tzw. \u201eopen call\u201d. Jest to wyb\u00f3r pewnych artyst\u00f3w, o kt\u00f3rych wiem, \u017ce wykonaj\u0105 dobr\u0105 prac\u0119 badawcz\u0105 i \u017ce tak\u017ce my niejednokrotnie b\u0119dziemy zaskoczeni efektem ich pracy, co oznacza, \u017ce dzi\u0119ki nim wnioski z tego projektu nie b\u0119d\u0105 tylko plastycznym kostiumem dla zobaczonej przez nas ju\u017c wcze\u015bniej idei. Nie nastawiamy si\u0119 te\u017c na produkcyjny model stosowany przy wielu festiwalach artystycznych, gdzie \u201ena szybko\u201d realizuje si\u0119 r\u00f3\u017cne projekty w przestrzeni publicznej. Bardziej skupiamy si\u0119 na formule d\u0142ugotrwa\u0142ej rezydencji, dobieraj\u0105c artyst\u00f3w na podstawie ich wcze\u015bniejszego dorobku. D\u0142uga rezydencja zale\u017cna jest od rzeczywistych potrzeb artysty i spo\u0142eczno\u015bci, aby da\u0107 szans\u0119 na realne badania. Podsumowuj\u0105c, wybory opieraj\u0105 si\u0119 na mojej kuratorskiej intuicji, ale te\u017c na dotychczasowym rozpoznaniu regionu. St\u0105d wi\u0119c pojawi\u0142a si\u0119 potrzeba poszukania os\u00f3b, kt\u00f3re zainteresowa\u0142yby si\u0119 \u015al\u0105skiem po raz pierwszy, mia\u0142yby podobne potrzeby poznawcze i patrzy\u0142yby na rzeczywisto\u015b\u0107 w kilku warstwach (spo\u0142ecznej, politycznej, ekonomicznej), \u015bwie\u017cym spojrzeniem.<\/p>\n<figure id=\"attachment_20029\" aria-describedby=\"caption-attachment-20029\" style=\"width: 540px\" class=\"wp-caption alignnone\"><a href=\"https:\/\/ownetic.com\/magazyn\/2014\/stanislaw-ruksza-odczytac-region-na-nowo\/magda-tothova-the-word-for-this-place-cz-3-video-2014-03-03\/\" rel=\"attachment wp-att-20029\"><img loading=\"lazy\" class=\"size-medium wp-image-20029\" title=\"Magda Tothova, \u201eThe word for this place is not Utopia\u201d, cz. 3, video (\u017ar\u00f3d\u0142o: materia\u0142y prasowe CSW Kronika)\" src=\"https:\/\/ownetic.com\/magazyn\/wp-content\/uploads\/2014\/03\/magda-tothova-the-word-for-this-place-cz-3-video-2014-03-03-540x406.jpg\" alt=\"Magda Tothova, \u201eThe word for this place is not Utopia\u201d, cz. 3, video (\u017ar\u00f3d\u0142o: materia\u0142y prasowe CSW Kronika)\" width=\"540\" height=\"406\" srcset=\"https:\/\/ownetic.com\/magazyn\/wp-content\/uploads\/2014\/03\/magda-tothova-the-word-for-this-place-cz-3-video-2014-03-03-540x406.jpg 540w, https:\/\/ownetic.com\/magazyn\/wp-content\/uploads\/2014\/03\/magda-tothova-the-word-for-this-place-cz-3-video-2014-03-03-900x676.jpg 900w, https:\/\/ownetic.com\/magazyn\/wp-content\/uploads\/2014\/03\/magda-tothova-the-word-for-this-place-cz-3-video-2014-03-03-576x433.jpg 576w, https:\/\/ownetic.com\/magazyn\/wp-content\/uploads\/2014\/03\/magda-tothova-the-word-for-this-place-cz-3-video-2014-03-03.jpg 920w\" sizes=\"(max-width: 540px) 100vw, 540px\" \/><\/a><figcaption id=\"caption-attachment-20029\" class=\"wp-caption-text\">Magda Tothova, \u201eThe word for this place is not Utopia\u201d, cz. 3, video (\u017ar\u00f3d\u0142o: materia\u0142y prasowe CSW Kronika)<\/figcaption><\/figure>\n<p><strong>W jaki spos\u00f3b arty\u015bci odpowiadaj\u0105 na te za\u0142o\u017cenia? Jak od ich strony wygl\u0105da wsp\u00f3\u0142praca w ramach projektu?<\/strong><\/p>\n<p>Nie chcemy tworzy\u0107 jednego modelu, jednego obrazu. Chcieliby\u015bmy jak najszerzej ukaza\u0107 obraz \u015al\u0105ska, dlatego poszukujemy u artyst\u00f3w \u201eponownie przeczytanej\u201d przesz\u0142o\u015bci regionu w formie nowych dzia\u0142a\u0144 czy analizy funkcjonuj\u0105cych rozwi\u0105za\u0144 spo\u0142ecznych i ich przysz\u0142o\u015bci, a czasem przywracania widzialno\u015bci tego, co wyparte np. symbolicznego kapita\u0142u warto\u015bci robotniczych, co ostatnio ma miejsce w ramach akcji life-stajlowego \u201eliftingu\u201d regionu. To jest ju\u017c ponad czterdzie\u015bci r\u00f3\u017cnorodnych projekt\u00f3w na wiele temat\u00f3w, wi\u0119c odnios\u0119 si\u0119 do kilku zaledwie.<\/p>\n<p>Na przyk\u0142ad, Magda Tothova stworzy\u0142a tak\u0105 prac\u0119 <em>The word for this place is not utopia<\/em>, na bazie futurologii i neologizm\u00f3w inspirowanych literatur\u0105 Stanis\u0142awa Lema, w kt\u00f3rej wsp\u00f3lnie z dzie\u0107mi \u015bl\u0105skimi stara\u0142a si\u0119 stworzy\u0107 nowe wynalazki zmieniaj\u0105ce ich miejsce. Dzieci razem z artystk\u0105 wymy\u015bla\u0142y potencjalne przysz\u0142e potrzeby ludzkie i rozwi\u0105zania dla nich, kt\u00f3re by\u0107 mo\u017ce b\u0119d\u0105 pomocne dla tego regionu.<\/p>\n<p>Z kolei, Rafa\u0142 Jakubowicz w swoim projekcie <em>P\u0142yta<\/em> kopiuje na \u015al\u0105sku p\u0142yt\u0119, z kt\u00f3rej przemawia\u0142 i organizowa\u0142 strajki jeden z dzia\u0142aczy zwi\u0105zkowych Inicjatywy Pracowniczej \u2013 Marceli Szary. Orygina\u0142 i kopia zacz\u0119\u0142y funkcjonowa\u0107 w galerii jako quasi-minimalistyczne rze\u017aby, wcielaj\u0105c si\u0119 w rol\u0119 obiekt\u00f3w rodem z dzisiejszych komercyjnych galerii sztuki. Obie p\u0142yty nabra\u0142y krytycznego charakteru jako komentarz do zar\u00f3wno eskapistycznego \u015bwiata sztuki, jak i lokalnego wypierania to\u017csamo\u015bci robotnika\/roszczeniowca w czasach przemian transformacyjnych. W tej pracy mamy szereg r\u00f3\u017cnych poziom\u00f3w odczyta\u0144 o znaczeniu estetycznym, historycznym, ekonomicznym. S\u0105 te\u017c w\u0105tki, kt\u00f3re nawi\u0105zuj\u0105 do form krajobrazowych (nihilistyczna praca Macieja Salamona i Macieja Chodzi\u0144skiego \u201ePrace ziemne\u201d) i odwo\u0142uj\u0105 si\u0119 do katastrofy przyrody, naszej w niej fatalistycznej egzystencji. Pojawiaj\u0105 si\u0119 te\u017c prace, pr\u00f3buj\u0105ce bezpo\u015brednio oddzia\u0142ywa\u0107 spo\u0142ecznie \u2013\u00a0i tu s\u0142owacki artysta Matej Vakula stara\u0142 si\u0119 odpowiada\u0107 na spo\u0142eczne potrzeby, np. razem z lokalnymi aktywistami zbudowa\u0142 pirackie toalety w centrum Katowic czy zagospodarowa\u0142 brzegi rzeki Przemszy.<\/p>\n<figure id=\"attachment_20030\" aria-describedby=\"caption-attachment-20030\" style=\"width: 540px\" class=\"wp-caption alignnone\"><a href=\"https:\/\/ownetic.com\/magazyn\/2014\/stanislaw-ruksza-odczytac-region-na-nowo\/matej-vakula-agents-of-knowledge-2014-03-03\/\" rel=\"attachment wp-att-20030\"><img loading=\"lazy\" class=\"size-medium wp-image-20030\" title=\"Matej Vakula, \u201eAgents of knowledge\u201d (\u017ar\u00f3d\u0142o: materia\u0142y prasowe CSW Kronika)\" src=\"https:\/\/ownetic.com\/magazyn\/wp-content\/uploads\/2014\/03\/matej-vakula-agents-of-knowledge-2014-03-03-540x359.jpg\" alt=\"Matej Vakula, \u201eAgents of knowledge\u201d (\u017ar\u00f3d\u0142o: materia\u0142y prasowe CSW Kronika)\" width=\"540\" height=\"359\" srcset=\"https:\/\/ownetic.com\/magazyn\/wp-content\/uploads\/2014\/03\/matej-vakula-agents-of-knowledge-2014-03-03-540x359.jpg 540w, https:\/\/ownetic.com\/magazyn\/wp-content\/uploads\/2014\/03\/matej-vakula-agents-of-knowledge-2014-03-03-900x599.jpg 900w, https:\/\/ownetic.com\/magazyn\/wp-content\/uploads\/2014\/03\/matej-vakula-agents-of-knowledge-2014-03-03-576x383.jpg 576w, https:\/\/ownetic.com\/magazyn\/wp-content\/uploads\/2014\/03\/matej-vakula-agents-of-knowledge-2014-03-03.jpg 920w\" sizes=\"(max-width: 540px) 100vw, 540px\" \/><\/a><figcaption id=\"caption-attachment-20030\" class=\"wp-caption-text\">Matej Vakula, \u201eAgents of knowledge\u201d (\u017ar\u00f3d\u0142o: materia\u0142y prasowe CSW Kronika)<\/figcaption><\/figure>\n<p><strong>Jaka, Pana zdaniem, by\u0142a odpowied\u017a publiczno\u015bci na dzia\u0142ania artyst\u00f3w? Kt\u00f3ra z organizowanych w ramach projektu akcji spotka\u0142a si\u0119 z najwi\u0119kszym zainteresowaniem?<\/strong><\/p>\n<p>Ka\u017cdy z tych projekt\u00f3w by\u0142 w pewnym sensie autonomiczny. Dopiero na koniec programu, pod koniec tego roku wszystkie razem zostan\u0105 zaprezentowane w ramach najwi\u0119kszej dotychczasowej wystawy o G\u00f3rnym \u015al\u0105sku i Zag\u0142\u0119biu D\u0105browskim. Ka\u017cdy z projekt\u00f3w mia\u0142 swoj\u0105 specyfik\u0119 i wszystkie zostan\u0105 podsumowane na wystawie ko\u0144cowej. Jedne projekty posiada\u0142y sw\u00f3j potencja\u0142 galeryjny, a inne dzia\u0142a\u0142y bardzo silnie w przestrzeni publicznej. Jeste\u015bmy \u015bwie\u017co po zamkni\u0119ciu wystawy Grzegorza Klamana, gdzie projektowi towarzyszy\u0142a grupa statyst\u00f3w \u2013 potencjalnych robotnik\u00f3w, kt\u00f3rzy bior\u0105 los w swoje r\u0119ce i organizuj\u0105 si\u0119 w partyzantk\u0119, s\u0105 oznak\u0105 potencjalnego oporu i niezgody na t\u0105 sytuacj\u0119, kt\u00f3ra wydarzy\u0142a si\u0119 na \u015al\u0105sku. To jeden z takich projekt\u00f3w, kt\u00f3ry zar\u00f3wno od strony medialnej, jak i odbioru publiczno\u015bci by\u0142 bardzo silny, posiada\u0142 swoj\u0105 inn\u0105 specyfik\u0119. W ramach niekt\u00f3rych projekt\u00f3w odbiorcami byli ludzie dla kt\u00f3rych wydarzenie Projektu Metropolis sta\u0142o si\u0119 rodzajem lokalnego \u015bwi\u0119ta. W miejscowo\u015bciach bez o\u015brodk\u00f3w pojawia\u0142a si\u0119 tak\u017ce publiczno\u015b\u0107, kt\u00f3ra przychodzi\u0142a z samej ciekawo\u015bci \u201ejak je\u015b\u0107 t\u0119 sztuk\u0119 wsp\u00f3\u0142czesn\u0105\u201d. O ile w Krakowie czy Warszawie nie jest ona czym\u015b obcym, o tyle w wielu miejscach jest ona wci\u0105\u017c nowym do\u015bwiadczeniem.<\/p>\n<figure id=\"attachment_20023\" aria-describedby=\"caption-attachment-20023\" style=\"width: 400px\" class=\"wp-caption alignnone\"><a href=\"https:\/\/ownetic.com\/magazyn\/2014\/stanislaw-ruksza-odczytac-region-na-nowo\/barbara-klimova-spotkanie-csw-kronika-bytom-zaproszenie-2014-03-03\/\" rel=\"attachment wp-att-20023\"><img loading=\"lazy\" class=\"size-full wp-image-20023\" title=\"Barbora Kl\u00edmov\u00e1, \u201ePr\u00f3ba po\u0142\u0105czenia \/ An Attempt to Connect\u201d, spotkanie w CSW Kronika w Bytomiu (\u017ar\u00f3d\u0142o: materia\u0142y prasowe CSW Kronika)\" src=\"https:\/\/ownetic.com\/magazyn\/wp-content\/uploads\/2014\/03\/barbara-klimova-spotkanie-csw-kronika-bytom-zaproszenie-2014-03-03.jpg\" alt=\"Barbora Kl\u00edmov\u00e1, \u201ePr\u00f3ba po\u0142\u0105czenia \/ An Attempt to Connect\u201d, spotkanie w CSW Kronika w Bytomiu (\u017ar\u00f3d\u0142o: materia\u0142y prasowe CSW Kronika)\" width=\"400\" height=\"263\" srcset=\"https:\/\/ownetic.com\/magazyn\/wp-content\/uploads\/2014\/03\/barbara-klimova-spotkanie-csw-kronika-bytom-zaproszenie-2014-03-03.jpg 400w, https:\/\/ownetic.com\/magazyn\/wp-content\/uploads\/2014\/03\/barbara-klimova-spotkanie-csw-kronika-bytom-zaproszenie-2014-03-03-120x79.jpg 120w, https:\/\/ownetic.com\/magazyn\/wp-content\/uploads\/2014\/03\/barbara-klimova-spotkanie-csw-kronika-bytom-zaproszenie-2014-03-03-90x59.jpg 90w, https:\/\/ownetic.com\/magazyn\/wp-content\/uploads\/2014\/03\/barbara-klimova-spotkanie-csw-kronika-bytom-zaproszenie-2014-03-03-320x210.jpg 320w\" sizes=\"(max-width: 400px) 100vw, 400px\" \/><\/a><figcaption id=\"caption-attachment-20023\" class=\"wp-caption-text\">Barbora Kl\u00edmov\u00e1, \u201ePr\u00f3ba po\u0142\u0105czenia \/ An Attempt to Connect\u201d, spotkanie w CSW Kronika w Bytomiu (\u017ar\u00f3d\u0142o: materia\u0142y prasowe CSW Kronika)<\/figcaption><\/figure>\n<p><strong>W jaki spos\u00f3b, Pana zdaniem, Projekt Metropolis zmienia oblicze G\u00f3rnego \u015al\u0105ska? <\/strong><\/p>\n<p>Podstawowym aspektem tego projektu jest pytanie, czy znamy miejsce, w kt\u00f3rym \u017cyjemy. Czy cz\u0119sto powtarzane przez nas stwierdzenie, \u017ce \u201emog\u0142oby by\u0107 inaczej\u201d wi\u0105\u017ce si\u0119 z tym, \u017ce w og\u00f3le skonfrontowali\u015bmy si\u0119 z rzeczywisto\u015bci\u0105, kt\u00f3r\u0105 nijako chcemy zmieni\u0107. A ta rzeczywisto\u015b\u0107 to otwarty zas\u00f3b wiedzy, z kt\u00f3rego mam nadziej\u0119 wszyscy skorzystamy. Nasz\u0105 tez\u0105 wyj\u015bciow\u0105 by\u0142o, \u017ce tak naprawd\u0119 nie znamy tego miejsca \/ tych miejsc i musimy sobie je dopiero zmapowa\u0107.<\/p>\n<p>Drug\u0105 spraw\u0105 jest to, \u017ce uruchomili\u015bmy bardzo du\u017cy mechanizm i nie chcia\u0142bym, aby te wszystkie wydarzenia w miejscach, kt\u00f3re dzi\u0119ki projektowi odkryli\u015bmy, wydarzy\u0142y si\u0119 tylko incydentalnie, jednorazowo. Wa\u017cne b\u0119dzie przed\u0142u\u017cenie tego projektu poprzez stworzenie agend w kolejnych miejscach tego regionu r\u00f3wnie\u017c poprzez \u201ezara\u017canie\u201d dzia\u0142aniami artystycznymi jego mieszka\u0144c\u00f3w (nie tylko artyst\u00f3w) w ich interesie. Upowszechnienie sposob\u00f3w dzia\u0142ania, omijaj\u0105cego np. przepisy czy dotychczasowe rytua\u0142y aktywno\u015bci.<\/p>\n<p>Wreszcie z programu Projekt Metropolis otrzymamy r\u00f3wnie\u017c publikacje i prace, kt\u00f3re pozostan\u0105 i mam nadziej\u0119, \u017ce zasil\u0105 publiczne zbiory o ogromny zas\u00f3b informacji dotycz\u0105cych regionu, nowej ikonografii G\u00f3rnego \u015al\u0105ska. Zyskamy tak\u017ce baz\u0119 danych dla przysz\u0142ych historyk\u00f3w, kulturoznawc\u00f3w i innych badaczy oraz polityk\u00f3w, a tak\u017ce szereg bardzo r\u00f3\u017cnych propozycji nie tylko artystycznych, ale te\u017c naukowych.<\/p>\n<p><strong>Dzi\u0119kuj\u0119 za rozmow\u0119.<\/strong><\/p>\n","protected":false},"excerpt":{"rendered":"<p>Chcieliby\u015bmy jak najszerzej ukaza\u0107 obraz \u015al\u0105ska, dlatego poszukujemy u artyst\u00f3w ponownie przeczytanej przesz\u0142o\u015bci regionu w formie nowych dzia\u0142a\u0144 czy analizy funkcjonuj\u0105cych rozwi\u0105za\u0144 spo\u0142ecznych i ich przysz\u0142o\u015bci, a czasem przywracania widzialno\u015bci tego, co wyparte np. symbolicznego kapita\u0142u warto\u015bci robotniczych, co ostatnio ma miejsce w ramach akcji life-stajlowego \u201eliftingu\u201d regionu.<\/p>\n","protected":false},"author":435,"featured_media":20023,"comment_status":"open","ping_status":"closed","sticky":false,"template":"","format":"standard","meta":[],"categories":[65],"tags":[2687,849],"powerkit_post_featured":[],"coauthors":[2686,1358],"yoast_head":"<!-- This site is optimized with the Yoast SEO plugin v18.7 - https:\/\/yoast.com\/wordpress\/plugins\/seo\/ -->\n<title>Odczyta\u0107 region na nowo<\/title>\n<meta name=\"description\" content=\"Stanis\u0142aw Ruksza: Chcieliby\u015bmy jak najszerzej ukaza\u0107 obraz \u015al\u0105ska, dlatego poszukujemy u artyst\u00f3w ponownie przeczytanej przesz\u0142o\u015bci regionu.\" \/>\n<meta name=\"robots\" content=\"index, follow, max-snippet:-1, max-image-preview:large, max-video-preview:-1\" \/>\n<link rel=\"canonical\" href=\"https:\/\/ownetic.com\/magazyn\/2014\/stanislaw-ruksza-odczytac-region-na-nowo\" \/>\n<script type=\"application\/ld+json\" class=\"yoast-schema-graph\">{\"@context\":\"https:\/\/schema.org\",\"@graph\":[{\"@type\":\"WebSite\",\"@id\":\"https:\/\/ownetic.com\/magazyn\/#website\",\"url\":\"https:\/\/ownetic.com\/magazyn\/\",\"name\":\"Ownetic Magazine\",\"description\":\"Magazine\",\"potentialAction\":[{\"@type\":\"SearchAction\",\"target\":{\"@type\":\"EntryPoint\",\"urlTemplate\":\"https:\/\/ownetic.com\/magazyn\/?s={search_term_string}\"},\"query-input\":\"required name=search_term_string\"}],\"inLanguage\":\"pl-PL\"},{\"@type\":\"ImageObject\",\"inLanguage\":\"pl-PL\",\"@id\":\"https:\/\/ownetic.com\/magazyn\/2014\/stanislaw-ruksza-odczytac-region-na-nowo#primaryimage\",\"url\":\"https:\/\/ownetic.com\/magazyn\/wp-content\/uploads\/2014\/03\/barbara-klimova-spotkanie-csw-kronika-bytom-zaproszenie-2014-03-03.jpg\",\"contentUrl\":\"https:\/\/ownetic.com\/magazyn\/wp-content\/uploads\/2014\/03\/barbara-klimova-spotkanie-csw-kronika-bytom-zaproszenie-2014-03-03.jpg\",\"width\":400,\"height\":263,\"caption\":\"Barbora Kl\u00edmov\u00e1, \u201ePr\u00f3ba po\u0142\u0105czenia \/ An Attempt to Connect\u201d, spotkanie w CSW Kronika w Bytomiu (\u017ar\u00f3d\u0142o: materia\u0142y prasowe CSW Kronika)\"},{\"@type\":\"WebPage\",\"@id\":\"https:\/\/ownetic.com\/magazyn\/2014\/stanislaw-ruksza-odczytac-region-na-nowo#webpage\",\"url\":\"https:\/\/ownetic.com\/magazyn\/2014\/stanislaw-ruksza-odczytac-region-na-nowo\",\"name\":\"Odczyta\u0107 region na nowo\",\"isPartOf\":{\"@id\":\"https:\/\/ownetic.com\/magazyn\/#website\"},\"primaryImageOfPage\":{\"@id\":\"https:\/\/ownetic.com\/magazyn\/2014\/stanislaw-ruksza-odczytac-region-na-nowo#primaryimage\"},\"datePublished\":\"2014-03-09T23:00:37+00:00\",\"dateModified\":\"2014-03-12T08:23:23+00:00\",\"author\":{\"@id\":\"https:\/\/ownetic.com\/magazyn\/#\/schema\/person\/60b7dcabcc46991688ca366d594e9aab\"},\"description\":\"Stanis\u0142aw Ruksza: Chcieliby\u015bmy jak najszerzej ukaza\u0107 obraz \u015al\u0105ska, dlatego poszukujemy u artyst\u00f3w ponownie przeczytanej przesz\u0142o\u015bci regionu.\",\"breadcrumb\":{\"@id\":\"https:\/\/ownetic.com\/magazyn\/2014\/stanislaw-ruksza-odczytac-region-na-nowo#breadcrumb\"},\"inLanguage\":\"pl-PL\",\"potentialAction\":[{\"@type\":\"ReadAction\",\"target\":[\"https:\/\/ownetic.com\/magazyn\/2014\/stanislaw-ruksza-odczytac-region-na-nowo\"]}]},{\"@type\":\"BreadcrumbList\",\"@id\":\"https:\/\/ownetic.com\/magazyn\/2014\/stanislaw-ruksza-odczytac-region-na-nowo#breadcrumb\",\"itemListElement\":[{\"@type\":\"ListItem\",\"position\":1,\"name\":\"Odczyta\u0107 region na nowo\"}]},{\"@type\":\"Person\",\"@id\":\"https:\/\/ownetic.com\/magazyn\/#\/schema\/person\/60b7dcabcc46991688ca366d594e9aab\",\"name\":\"Stanis\u0142aw Ruksza\",\"url\":\"https:\/\/ownetic.com\/magazyn\/author\/stanislaw-ruksza\"}]}<\/script>\n<!-- \/ Yoast SEO plugin. -->","yoast_head_json":{"title":"Odczyta\u0107 region na nowo","description":"Stanis\u0142aw Ruksza: Chcieliby\u015bmy jak najszerzej ukaza\u0107 obraz \u015al\u0105ska, dlatego poszukujemy u artyst\u00f3w ponownie przeczytanej przesz\u0142o\u015bci regionu.","robots":{"index":"index","follow":"follow","max-snippet":"max-snippet:-1","max-image-preview":"max-image-preview:large","max-video-preview":"max-video-preview:-1"},"canonical":"https:\/\/ownetic.com\/magazyn\/2014\/stanislaw-ruksza-odczytac-region-na-nowo","schema":{"@context":"https:\/\/schema.org","@graph":[{"@type":"WebSite","@id":"https:\/\/ownetic.com\/magazyn\/#website","url":"https:\/\/ownetic.com\/magazyn\/","name":"Ownetic Magazine","description":"Magazine","potentialAction":[{"@type":"SearchAction","target":{"@type":"EntryPoint","urlTemplate":"https:\/\/ownetic.com\/magazyn\/?s={search_term_string}"},"query-input":"required name=search_term_string"}],"inLanguage":"pl-PL"},{"@type":"ImageObject","inLanguage":"pl-PL","@id":"https:\/\/ownetic.com\/magazyn\/2014\/stanislaw-ruksza-odczytac-region-na-nowo#primaryimage","url":"https:\/\/ownetic.com\/magazyn\/wp-content\/uploads\/2014\/03\/barbara-klimova-spotkanie-csw-kronika-bytom-zaproszenie-2014-03-03.jpg","contentUrl":"https:\/\/ownetic.com\/magazyn\/wp-content\/uploads\/2014\/03\/barbara-klimova-spotkanie-csw-kronika-bytom-zaproszenie-2014-03-03.jpg","width":400,"height":263,"caption":"Barbora Kl\u00edmov\u00e1, \u201ePr\u00f3ba po\u0142\u0105czenia \/ An Attempt to Connect\u201d, spotkanie w CSW Kronika w Bytomiu (\u017ar\u00f3d\u0142o: materia\u0142y prasowe CSW Kronika)"},{"@type":"WebPage","@id":"https:\/\/ownetic.com\/magazyn\/2014\/stanislaw-ruksza-odczytac-region-na-nowo#webpage","url":"https:\/\/ownetic.com\/magazyn\/2014\/stanislaw-ruksza-odczytac-region-na-nowo","name":"Odczyta\u0107 region na nowo","isPartOf":{"@id":"https:\/\/ownetic.com\/magazyn\/#website"},"primaryImageOfPage":{"@id":"https:\/\/ownetic.com\/magazyn\/2014\/stanislaw-ruksza-odczytac-region-na-nowo#primaryimage"},"datePublished":"2014-03-09T23:00:37+00:00","dateModified":"2014-03-12T08:23:23+00:00","author":{"@id":"https:\/\/ownetic.com\/magazyn\/#\/schema\/person\/60b7dcabcc46991688ca366d594e9aab"},"description":"Stanis\u0142aw Ruksza: Chcieliby\u015bmy jak najszerzej ukaza\u0107 obraz \u015al\u0105ska, dlatego poszukujemy u artyst\u00f3w ponownie przeczytanej przesz\u0142o\u015bci regionu.","breadcrumb":{"@id":"https:\/\/ownetic.com\/magazyn\/2014\/stanislaw-ruksza-odczytac-region-na-nowo#breadcrumb"},"inLanguage":"pl-PL","potentialAction":[{"@type":"ReadAction","target":["https:\/\/ownetic.com\/magazyn\/2014\/stanislaw-ruksza-odczytac-region-na-nowo"]}]},{"@type":"BreadcrumbList","@id":"https:\/\/ownetic.com\/magazyn\/2014\/stanislaw-ruksza-odczytac-region-na-nowo#breadcrumb","itemListElement":[{"@type":"ListItem","position":1,"name":"Odczyta\u0107 region na nowo"}]},{"@type":"Person","@id":"https:\/\/ownetic.com\/magazyn\/#\/schema\/person\/60b7dcabcc46991688ca366d594e9aab","name":"Stanis\u0142aw Ruksza","url":"https:\/\/ownetic.com\/magazyn\/author\/stanislaw-ruksza"}]}},"_links":{"self":[{"href":"https:\/\/ownetic.com\/magazyn\/wp-json\/wp\/v2\/posts\/20022"}],"collection":[{"href":"https:\/\/ownetic.com\/magazyn\/wp-json\/wp\/v2\/posts"}],"about":[{"href":"https:\/\/ownetic.com\/magazyn\/wp-json\/wp\/v2\/types\/post"}],"author":[{"embeddable":true,"href":"https:\/\/ownetic.com\/magazyn\/wp-json\/wp\/v2\/users\/435"}],"replies":[{"embeddable":true,"href":"https:\/\/ownetic.com\/magazyn\/wp-json\/wp\/v2\/comments?post=20022"}],"version-history":[{"count":0,"href":"https:\/\/ownetic.com\/magazyn\/wp-json\/wp\/v2\/posts\/20022\/revisions"}],"wp:featuredmedia":[{"embeddable":true,"href":"https:\/\/ownetic.com\/magazyn\/wp-json\/wp\/v2\/media\/20023"}],"wp:attachment":[{"href":"https:\/\/ownetic.com\/magazyn\/wp-json\/wp\/v2\/media?parent=20022"}],"wp:term":[{"taxonomy":"category","embeddable":true,"href":"https:\/\/ownetic.com\/magazyn\/wp-json\/wp\/v2\/categories?post=20022"},{"taxonomy":"post_tag","embeddable":true,"href":"https:\/\/ownetic.com\/magazyn\/wp-json\/wp\/v2\/tags?post=20022"},{"taxonomy":"powerkit_post_featured","embeddable":true,"href":"https:\/\/ownetic.com\/magazyn\/wp-json\/wp\/v2\/powerkit_post_featured?post=20022"},{"taxonomy":"author","embeddable":true,"href":"https:\/\/ownetic.com\/magazyn\/wp-json\/wp\/v2\/coauthors?post=20022"}],"curies":[{"name":"wp","href":"https:\/\/api.w.org\/{rel}","templated":true}]}}