{"id":20305,"date":"2014-03-11T12:15:17","date_gmt":"2014-03-11T11:15:17","guid":{"rendered":"https:\/\/ownetic.com\/magazyn\/?p=20305"},"modified":"2021-01-12T14:28:49","modified_gmt":"2021-01-12T13:28:49","slug":"michal-lesiak-orly-2014-spoznione-laury","status":"publish","type":"post","link":"https:\/\/ownetic.com\/magazyn\/2014\/michal-lesiak-orly-2014-spoznione-laury","title":{"rendered":"Or\u0142y 2014: sp\u00f3\u017anione laury?"},"content":{"rendered":"<p>&nbsp;<\/p>\n<p>Zdobywc\u00f3w Or\u0142\u00f3w bez w\u0105tpienia wytypowa\u0107 jest zawsze du\u017co \u0142atwiej ni\u017c laureat\u00f3w Oscar\u00f3w. Nie tylko z powodu rozmiar\u00f3w rodzimej kinematografii, ale i dlatego, \u017ce Polska Akademia Filmowa swoj\u0105 ceremoni\u0119 przygotowuje d\u0142ugo po festiwalu w Gdyni oraz po przemarszu polskich film\u00f3w przez kinow\u0105 dystrybucj\u0119. St\u0105d ryzyko zachowawczych wybor\u00f3w \u2013 nagradzania tych, kt\u00f3rych docenili ju\u017c widzowie, jurorzy, dziennikarze. Tegoroczne rozstrzygni\u0119cia r\u00f3wnie\u017c specjalnie nie zaskakuj\u0105, ale i nie powinny wzbudza\u0107 wielkich kontrowersji.<\/p>\n<figure id=\"attachment_20309\" aria-describedby=\"caption-attachment-20309\" style=\"width: 540px\" class=\"wp-caption alignnone\"><a href=\"https:\/\/ownetic.com\/magazyn\/2014\/michal-lesiak-orly-2014-spoznione-laury\/papusza-joanna-kos-krauze-krzysztof-krauze-2013-2\/\" rel=\"attachment wp-att-20309\"><img loading=\"lazy\" class=\"size-medium wp-image-20309\" title=\"Kadr z filmu \u201ePapusza\u201d, re\u017c. Joanna Kos-Krauze, Krzysztof Krauze, 2013 (\u017ar\u00f3d\u0142o: materia\u0142y prasowe dystrybutora)\" src=\"https:\/\/ownetic.com\/magazyn\/wp-content\/uploads\/2014\/03\/papusza-joanna-kos-krauze-krzysztof-krauze-2013-540x291.jpg\" alt=\"Kadr z filmu \u201ePapusza\u201d, re\u017c. Joanna Kos-Krauze, Krzysztof Krauze, 2013 (\u017ar\u00f3d\u0142o: materia\u0142y prasowe dystrybutora)\" width=\"540\" height=\"291\" srcset=\"https:\/\/ownetic.com\/magazyn\/wp-content\/uploads\/2014\/03\/papusza-joanna-kos-krauze-krzysztof-krauze-2013-540x291.jpg 540w, https:\/\/ownetic.com\/magazyn\/wp-content\/uploads\/2014\/03\/papusza-joanna-kos-krauze-krzysztof-krauze-2013-800x432.jpg 800w, https:\/\/ownetic.com\/magazyn\/wp-content\/uploads\/2014\/03\/papusza-joanna-kos-krauze-krzysztof-krauze-2013-120x65.jpg 120w, https:\/\/ownetic.com\/magazyn\/wp-content\/uploads\/2014\/03\/papusza-joanna-kos-krauze-krzysztof-krauze-2013-90x49.jpg 90w, https:\/\/ownetic.com\/magazyn\/wp-content\/uploads\/2014\/03\/papusza-joanna-kos-krauze-krzysztof-krauze-2013-320x173.jpg 320w, https:\/\/ownetic.com\/magazyn\/wp-content\/uploads\/2014\/03\/papusza-joanna-kos-krauze-krzysztof-krauze-2013-560x303.jpg 560w, https:\/\/ownetic.com\/magazyn\/wp-content\/uploads\/2014\/03\/papusza-joanna-kos-krauze-krzysztof-krauze-2013-900x486.jpg 900w, https:\/\/ownetic.com\/magazyn\/wp-content\/uploads\/2014\/03\/papusza-joanna-kos-krauze-krzysztof-krauze-2013-576x311.jpg 576w, https:\/\/ownetic.com\/magazyn\/wp-content\/uploads\/2014\/03\/papusza-joanna-kos-krauze-krzysztof-krauze-2013.jpg 920w\" sizes=\"(max-width: 540px) 100vw, 540px\" \/><\/a><figcaption id=\"caption-attachment-20309\" class=\"wp-caption-text\">Kadr z filmu \u201ePapusza\u201d, re\u017c. Joanna Kos-Krauze, Krzysztof Krauze, 2013 (\u017ar\u00f3d\u0142o: materia\u0142y prasowe dystrybutora)<\/figcaption><\/figure>\n<p>Orze\u0142 za najlepszy film zas\u0142u\u017cenie trafi\u0142 do <em>Idy<\/em> \u2013 najpierw zdobywczyni Z\u0142otych Lw\u00f3w, a potem frekwencyjnej niespodzianki we francuskich kinach. Trudno te\u017c mie\u0107 zastrze\u017cenia do wyboru laureat\u00f3w nagr\u00f3d aktorskich. W pojedynku na perfekcj\u0119 mimikry, walcz\u0105cy z w\u0142asnym cia\u0142em Dawid Ogrodnik (<em>Chce si\u0119 \u017cy\u0107<\/em>) pokona\u0142 zmagaj\u0105cego si\u0119 z prezydenckim akcentem Roberta Wi\u0119ckiewicza (<em>Wa\u0142\u0119sa. Cz\u0142owiek z nadziei<\/em>). Wielokrotnie nagradzana Agata Kulesza (<em>Ida<\/em>) r\u00f3wnie mocnej rywalki nie mia\u0142a. Ucieszy\u0142y mnie nagrody dla drugoplanowej obsady filmu Pieprzycy \u2013 to ona bowiem wynosi t\u0119 niebezpiecznie sentymentaln\u0105 opowie\u015b\u0107 (nagroda za scenariusz to jednak gruba przesada) ponad poziom telewizyjnych historyjek o ludziach poranionych przez los. Specjalna nagroda publiczno\u015bci pokazuje, \u017ce takiego dobrego \u201ekina \u015brodka\u201d widownia potrzebuje.<\/p>\n<figure id=\"attachment_20310\" aria-describedby=\"caption-attachment-20310\" style=\"width: 540px\" class=\"wp-caption alignnone\"><a href=\"https:\/\/ownetic.com\/magazyn\/2014\/michal-lesiak-orly-2014-spoznione-laury\/ida-pawel-pawlikowski-solopan-2013-2\/\" rel=\"attachment wp-att-20310\"><img loading=\"lazy\" class=\"size-medium wp-image-20310\" title=\"Kadr z filmu \u201eIda\u201d, re\u017c. Pawe\u0142 Pawlikowski, 2013 (\u017ar\u00f3d\u0142o: materia\u0142y prasowe dystrybutora)\" src=\"https:\/\/ownetic.com\/magazyn\/wp-content\/uploads\/2014\/03\/ida-pawel-pawlikowski-solopan-2013-540x303.jpg\" alt=\"Kadr z filmu \u201eIda\u201d, re\u017c. Pawe\u0142 Pawlikowski, 2013 (\u017ar\u00f3d\u0142o: materia\u0142y prasowe dystrybutora)\" width=\"540\" height=\"303\" srcset=\"https:\/\/ownetic.com\/magazyn\/wp-content\/uploads\/2014\/03\/ida-pawel-pawlikowski-solopan-2013-540x303.jpg 540w, https:\/\/ownetic.com\/magazyn\/wp-content\/uploads\/2014\/03\/ida-pawel-pawlikowski-solopan-2013-576x323.jpg 576w, https:\/\/ownetic.com\/magazyn\/wp-content\/uploads\/2014\/03\/ida-pawel-pawlikowski-solopan-2013.jpg 900w\" sizes=\"(max-width: 540px) 100vw, 540px\" \/><\/a><figcaption id=\"caption-attachment-20310\" class=\"wp-caption-text\">Kadr z filmu \u201eIda\u201d, re\u017c. Pawe\u0142 Pawlikowski, 2013 (\u017ar\u00f3d\u0142o: materia\u0142y prasowe dystrybutora)<\/figcaption><\/figure>\n<p>W starciu operatorskich duet\u00f3w liczy\u0142y si\u0119 tylko zdj\u0119cia czarno-bia\u0142e. Tym razem uhonorowano starych wyjadaczy (Ptak-Staro\u0144) kosztem mieszanki rutyny i nowego spojrzenia (Lenczewski-\u017bal). Pozosta\u0142e nagrody dla <em>Papuszy<\/em> (muzyka, scenografia, kostiumy) potwierdzaj\u0105 tylko audiowizualne wyrafinowanie filmu ma\u0142\u017ce\u0144stwa Krauze.<\/p>\n<figure id=\"attachment_20316\" aria-describedby=\"caption-attachment-20316\" style=\"width: 530px\" class=\"wp-caption alignnone\"><a href=\"https:\/\/ownetic.com\/magazyn\/2014\/michal-lesiak-spoznione-laury-orly-2014\/malik-bendjelloul-sugar-man-kadr-z-filmu-2013-2\/\" rel=\"attachment wp-att-20316\"><img loading=\"lazy\" class=\"size-full wp-image-20316\" title=\"\u201eSugar Man\u201d, re\u017c. Malik Bendjelloul \u2013 kadr z filmu (\u017ar\u00f3d\u0142o: materia\u0142y prasowe dystrybutora, Gutek FIlm)\" src=\"https:\/\/ownetic.com\/magazyn\/wp-content\/uploads\/2014\/03\/malik-bendjelloul-sugar-man-kadr-z-filmu-2013.jpg\" alt=\"\u201eSugar Man\u201d, re\u017c. Malik Bendjelloul \u2013 kadr z filmu (\u017ar\u00f3d\u0142o: materia\u0142y prasowe dystrybutora, Gutek FIlm)\" width=\"530\" height=\"298\"\/><\/a><figcaption id=\"caption-attachment-20316\" class=\"wp-caption-text\">\u201eSugar Man\u201d, re\u017c. Malik Bendjelloul \u2013 kadr z filmu (\u017ar\u00f3d\u0142o: materia\u0142y prasowe dystrybutora, Gutek FIlm)<\/figcaption><\/figure>\n<p>Na koniec moje dwa prywatne przytyki. Jedynie ujmuj\u0105cej bohaterce (Danuta Szaflarska), kt\u00f3rej podczas gali za\u015bpiewano cokolwiek dwuznaczne 100 lat, skromniutki i obci\u0105\u017cony tautologicznymi napisami <em>Inny \u015bwiat<\/em> mo\u017ce zawdzi\u0119cza\u0107 przewag\u0119 nad polifonicznym historyczno-muzycznym portretem, jakim jest znakomita <em>Mi\u0142o\u015b\u0107<\/em> Filipa Dzier\u017cawskiego.<\/p>\n<p>Z kolei zagraniczny <em>Sugar Man<\/em> niew\u0105tpliwie zdoby\u0142 wielu fan\u00f3w tak\u017ce w Polsce (o czym \u015bwiadczy tak\u017ce gigantyczne zainteresowanie tras\u0105 koncertow\u0105 jego bohatera), ale wyr\u00f3\u017cnianie mianem najlepszego europejskiego filmu ubieg\u0142orocznego laureata Oscara, b\u0119d\u0105cego w obiegu festiwalowym ju\u017c od pocz\u0105tku 2012 roku, mo\u017ce tylko pog\u0142\u0119bi\u0107 dyskusje o nagrodach PAF jako o sp\u00f3\u017anionych laurach. Oby za rok wszystkie Or\u0142y przyby\u0142y we w\u0142a\u015bciwe miejsce o w\u0142a\u015bciwym czasie.<\/p>\n","protected":false},"excerpt":{"rendered":"<p>Zdobywc\u00f3w Or\u0142\u00f3w bez w\u0105tpienia wytypowa\u0107 jest zawsze du\u017co \u0142atwiej ni\u017c laureat\u00f3w Oscar\u00f3w. Nie tylko z powodu rozmiar\u00f3w rodzimej kinematografii, ale i dlatego, \u017ce Polska Akademia Filmowa swoj\u0105 ceremoni\u0119 przygotowuje d\u0142ugo po festiwalu w Gdyni oraz po przemarszu polskich film\u00f3w przez kinow\u0105 dystrybucj\u0119. <\/p>\n","protected":false},"author":246,"featured_media":20309,"comment_status":"open","ping_status":"closed","sticky":false,"template":"","format":"standard","meta":[],"categories":[1],"tags":[2360,2733,2362,2734,377,2624,2623,2620,1650,2357,2732,2130],"powerkit_post_featured":[],"coauthors":[14231],"yoast_head":"<!-- This site is optimized with the Yoast SEO plugin v18.7 - https:\/\/yoast.com\/wordpress\/plugins\/seo\/ -->\n<title>Sp\u00f3\u017anione laury? Or\u0142y 2014<\/title>\n<meta name=\"description\" content=\"Nagrody Polskiej Akademii Filmowej - Or\u0142y 2014 w komentarzu Micha\u0142a Lesiaka.\" \/>\n<meta name=\"robots\" content=\"index, follow, max-snippet:-1, max-image-preview:large, max-video-preview:-1\" \/>\n<link rel=\"canonical\" href=\"https:\/\/ownetic.com\/magazyn\/2014\/michal-lesiak-orly-2014-spoznione-laury\" \/>\n<script type=\"application\/ld+json\" class=\"yoast-schema-graph\">{\"@context\":\"https:\/\/schema.org\",\"@graph\":[{\"@type\":\"WebSite\",\"@id\":\"https:\/\/ownetic.com\/magazyn\/#website\",\"url\":\"https:\/\/ownetic.com\/magazyn\/\",\"name\":\"Ownetic Magazine\",\"description\":\"Magazine\",\"potentialAction\":[{\"@type\":\"SearchAction\",\"target\":{\"@type\":\"EntryPoint\",\"urlTemplate\":\"https:\/\/ownetic.com\/magazyn\/?s={search_term_string}\"},\"query-input\":\"required name=search_term_string\"}],\"inLanguage\":\"pl-PL\"},{\"@type\":\"ImageObject\",\"inLanguage\":\"pl-PL\",\"@id\":\"https:\/\/ownetic.com\/magazyn\/2014\/michal-lesiak-orly-2014-spoznione-laury#primaryimage\",\"url\":\"https:\/\/ownetic.com\/magazyn\/wp-content\/uploads\/2014\/03\/papusza-joanna-kos-krauze-krzysztof-krauze-2013.jpg\",\"contentUrl\":\"https:\/\/ownetic.com\/magazyn\/wp-content\/uploads\/2014\/03\/papusza-joanna-kos-krauze-krzysztof-krauze-2013.jpg\",\"width\":920,\"height\":497,\"caption\":\"Kadr z filmu \u201ePapusza\u201d, re\u017c. Joanna Kos-Krauze, Krzysztof Krauze, 2013 (\u017ar\u00f3d\u0142o: materia\u0142y prasowe dystrybutora)\"},{\"@type\":\"WebPage\",\"@id\":\"https:\/\/ownetic.com\/magazyn\/2014\/michal-lesiak-orly-2014-spoznione-laury#webpage\",\"url\":\"https:\/\/ownetic.com\/magazyn\/2014\/michal-lesiak-orly-2014-spoznione-laury\",\"name\":\"Sp\u00f3\u017anione laury? Or\u0142y 2014\",\"isPartOf\":{\"@id\":\"https:\/\/ownetic.com\/magazyn\/#website\"},\"primaryImageOfPage\":{\"@id\":\"https:\/\/ownetic.com\/magazyn\/2014\/michal-lesiak-orly-2014-spoznione-laury#primaryimage\"},\"datePublished\":\"2014-03-11T11:15:17+00:00\",\"dateModified\":\"2021-01-12T13:28:49+00:00\",\"author\":{\"@id\":\"https:\/\/ownetic.com\/magazyn\/#\/schema\/person\/df9398ef222fbd2a12f9329b2fde945d\"},\"description\":\"Nagrody Polskiej Akademii Filmowej - Or\u0142y 2014 w komentarzu Micha\u0142a Lesiaka.\",\"breadcrumb\":{\"@id\":\"https:\/\/ownetic.com\/magazyn\/2014\/michal-lesiak-orly-2014-spoznione-laury#breadcrumb\"},\"inLanguage\":\"pl-PL\",\"potentialAction\":[{\"@type\":\"ReadAction\",\"target\":[\"https:\/\/ownetic.com\/magazyn\/2014\/michal-lesiak-orly-2014-spoznione-laury\"]}]},{\"@type\":\"BreadcrumbList\",\"@id\":\"https:\/\/ownetic.com\/magazyn\/2014\/michal-lesiak-orly-2014-spoznione-laury#breadcrumb\",\"itemListElement\":[{\"@type\":\"ListItem\",\"position\":1,\"name\":\"Or\u0142y 2014: sp\u00f3\u017anione laury?\"}]},{\"@type\":\"Person\",\"@id\":\"https:\/\/ownetic.com\/magazyn\/#\/schema\/person\/df9398ef222fbd2a12f9329b2fde945d\",\"name\":\"Micha\u0142 Lesiak\",\"description\":\"Micha\u0142 Lesiak \u2013 redaktor czasopisma \u201eEKRANy\u201d.\",\"url\":\"https:\/\/ownetic.com\/magazyn\/author\/michal-lesiak\"}]}<\/script>\n<!-- \/ Yoast SEO plugin. -->","yoast_head_json":{"title":"Sp\u00f3\u017anione laury? Or\u0142y 2014","description":"Nagrody Polskiej Akademii Filmowej - Or\u0142y 2014 w komentarzu Micha\u0142a Lesiaka.","robots":{"index":"index","follow":"follow","max-snippet":"max-snippet:-1","max-image-preview":"max-image-preview:large","max-video-preview":"max-video-preview:-1"},"canonical":"https:\/\/ownetic.com\/magazyn\/2014\/michal-lesiak-orly-2014-spoznione-laury","schema":{"@context":"https:\/\/schema.org","@graph":[{"@type":"WebSite","@id":"https:\/\/ownetic.com\/magazyn\/#website","url":"https:\/\/ownetic.com\/magazyn\/","name":"Ownetic Magazine","description":"Magazine","potentialAction":[{"@type":"SearchAction","target":{"@type":"EntryPoint","urlTemplate":"https:\/\/ownetic.com\/magazyn\/?s={search_term_string}"},"query-input":"required name=search_term_string"}],"inLanguage":"pl-PL"},{"@type":"ImageObject","inLanguage":"pl-PL","@id":"https:\/\/ownetic.com\/magazyn\/2014\/michal-lesiak-orly-2014-spoznione-laury#primaryimage","url":"https:\/\/ownetic.com\/magazyn\/wp-content\/uploads\/2014\/03\/papusza-joanna-kos-krauze-krzysztof-krauze-2013.jpg","contentUrl":"https:\/\/ownetic.com\/magazyn\/wp-content\/uploads\/2014\/03\/papusza-joanna-kos-krauze-krzysztof-krauze-2013.jpg","width":920,"height":497,"caption":"Kadr z filmu \u201ePapusza\u201d, re\u017c. Joanna Kos-Krauze, Krzysztof Krauze, 2013 (\u017ar\u00f3d\u0142o: materia\u0142y prasowe dystrybutora)"},{"@type":"WebPage","@id":"https:\/\/ownetic.com\/magazyn\/2014\/michal-lesiak-orly-2014-spoznione-laury#webpage","url":"https:\/\/ownetic.com\/magazyn\/2014\/michal-lesiak-orly-2014-spoznione-laury","name":"Sp\u00f3\u017anione laury? Or\u0142y 2014","isPartOf":{"@id":"https:\/\/ownetic.com\/magazyn\/#website"},"primaryImageOfPage":{"@id":"https:\/\/ownetic.com\/magazyn\/2014\/michal-lesiak-orly-2014-spoznione-laury#primaryimage"},"datePublished":"2014-03-11T11:15:17+00:00","dateModified":"2021-01-12T13:28:49+00:00","author":{"@id":"https:\/\/ownetic.com\/magazyn\/#\/schema\/person\/df9398ef222fbd2a12f9329b2fde945d"},"description":"Nagrody Polskiej Akademii Filmowej - Or\u0142y 2014 w komentarzu Micha\u0142a Lesiaka.","breadcrumb":{"@id":"https:\/\/ownetic.com\/magazyn\/2014\/michal-lesiak-orly-2014-spoznione-laury#breadcrumb"},"inLanguage":"pl-PL","potentialAction":[{"@type":"ReadAction","target":["https:\/\/ownetic.com\/magazyn\/2014\/michal-lesiak-orly-2014-spoznione-laury"]}]},{"@type":"BreadcrumbList","@id":"https:\/\/ownetic.com\/magazyn\/2014\/michal-lesiak-orly-2014-spoznione-laury#breadcrumb","itemListElement":[{"@type":"ListItem","position":1,"name":"Or\u0142y 2014: sp\u00f3\u017anione laury?"}]},{"@type":"Person","@id":"https:\/\/ownetic.com\/magazyn\/#\/schema\/person\/df9398ef222fbd2a12f9329b2fde945d","name":"Micha\u0142 Lesiak","description":"Micha\u0142 Lesiak \u2013 redaktor czasopisma \u201eEKRANy\u201d.","url":"https:\/\/ownetic.com\/magazyn\/author\/michal-lesiak"}]}},"_links":{"self":[{"href":"https:\/\/ownetic.com\/magazyn\/wp-json\/wp\/v2\/posts\/20305"}],"collection":[{"href":"https:\/\/ownetic.com\/magazyn\/wp-json\/wp\/v2\/posts"}],"about":[{"href":"https:\/\/ownetic.com\/magazyn\/wp-json\/wp\/v2\/types\/post"}],"author":[{"embeddable":true,"href":"https:\/\/ownetic.com\/magazyn\/wp-json\/wp\/v2\/users\/246"}],"replies":[{"embeddable":true,"href":"https:\/\/ownetic.com\/magazyn\/wp-json\/wp\/v2\/comments?post=20305"}],"version-history":[{"count":1,"href":"https:\/\/ownetic.com\/magazyn\/wp-json\/wp\/v2\/posts\/20305\/revisions"}],"predecessor-version":[{"id":49261,"href":"https:\/\/ownetic.com\/magazyn\/wp-json\/wp\/v2\/posts\/20305\/revisions\/49261"}],"wp:featuredmedia":[{"embeddable":true,"href":"https:\/\/ownetic.com\/magazyn\/wp-json\/wp\/v2\/media\/20309"}],"wp:attachment":[{"href":"https:\/\/ownetic.com\/magazyn\/wp-json\/wp\/v2\/media?parent=20305"}],"wp:term":[{"taxonomy":"category","embeddable":true,"href":"https:\/\/ownetic.com\/magazyn\/wp-json\/wp\/v2\/categories?post=20305"},{"taxonomy":"post_tag","embeddable":true,"href":"https:\/\/ownetic.com\/magazyn\/wp-json\/wp\/v2\/tags?post=20305"},{"taxonomy":"powerkit_post_featured","embeddable":true,"href":"https:\/\/ownetic.com\/magazyn\/wp-json\/wp\/v2\/powerkit_post_featured?post=20305"},{"taxonomy":"author","embeddable":true,"href":"https:\/\/ownetic.com\/magazyn\/wp-json\/wp\/v2\/coauthors?post=20305"}],"curies":[{"name":"wp","href":"https:\/\/api.w.org\/{rel}","templated":true}]}}