{"id":22425,"date":"2014-06-16T00:00:20","date_gmt":"2014-06-15T23:00:20","guid":{"rendered":"https:\/\/ownetic.com\/magazyn\/?p=22425"},"modified":"2021-01-12T14:22:37","modified_gmt":"2021-01-12T13:22:37","slug":"marek-fiedor-anna-pigon-ziemia-ojca-to-kula-u-nogi-czy-raj-utracony","status":"publish","type":"post","link":"https:\/\/ownetic.com\/magazyn\/2014\/marek-fiedor-anna-pigon-ziemia-ojca-to-kula-u-nogi-czy-raj-utracony","title":{"rendered":"\u201eZiemia ojca\u201d to kula u nogi czy raj utracony?"},"content":{"rendered":"<p><strong>Anna Pigo\u0144: Helmut Kajzar, obok Tymoteusza Karpowicza i Tadeusza R\u00f3\u017cewicza, to dramaturg, kt\u00f3rego tw\u00f3rczo\u015bci\u0105 si\u0119 Pan interesuje. Co Pan w nim ceni szczeg\u00f3lnie?<\/strong><\/p>\n<p><strong>Marek Fiedor:<\/strong> W Kajzarze najciekawsze s\u0105 dwie sprawy. Pierwsz\u0105 za Witoldem Gombrowiczem mogliby\u015bmy nazwa\u0107 strategi\u0105 artysty \u201eprzez siebie do \u015bwiata\u201d. Kajzar dobieraj\u0105c si\u0119 bezwzgl\u0119dnie i bez taryfy ulgowej do siebie, dobiera si\u0119 zarazem do \u015bwiata. Skupienie na sobie nie jest ucieczk\u0105 od rzeczywisto\u015bci, ale sposobem bolesnego, dog\u0142\u0119bnego penetrowania i opisywania rzeczywisto\u015bci. Jest w jego tw\u00f3rczo\u015bci intryguj\u0105ca korelacja mi\u0119dzy tym, co osobiste a tym, co powszechne. Taka postawa wymaga sporej dozy odwagi \u2013 artysta nie szuka klucza do opisania \u015bwiata poza sob\u0105, nie pr\u00f3buje si\u0119 wpasowa\u0107 w obowi\u0105zuj\u0105ce narracje, przypodoba\u0107 odbiorcom \u2013 m\u00f3wi: \u201ejestem cz\u0119\u015bci\u0105 tego \u015bwiata, to co prze\u017cywam jest do\u015bwiadczeniem tak\u017ce innych ludzi, pisz\u0119 o sobie, by inni mogli w tym odnajdywa\u0107 w\u0142asne historie \u2013 historie r\u00f3wnoleg\u0142e\u201d. M\u00f3wi\u0105c o sobie, diagnozuje sprawy powszechne.<\/p>\n<figure id=\"attachment_22432\" aria-describedby=\"caption-attachment-22432\" style=\"width: 540px\" class=\"wp-caption alignnone\"><a href=\"https:\/\/ownetic.com\/magazyn\/2014\/ziemia-ojca-to-kula-u-nogi-czy-raj-utracony\/marek-fiedor-paternoster-wroclawski-teatr-wspolczesny-002\/\" rel=\"attachment wp-att-22432\"><img loading=\"lazy\" class=\"size-medium wp-image-22432 \" title=\"Marek Fiedor, \u201ePaternoster\u201d, Wroc\u0142awski Teatr Wsp\u00f3\u0142czesny, 2014, fot. Tomasz \u017burek (\u017ar\u00f3d\u0142o: dzi\u0119ki uprzejmo\u015bci Teatru)\" src=\"https:\/\/ownetic.com\/magazyn\/wp-content\/uploads\/2014\/06\/marek-fiedor-paternoster-wroclawski-teatr-wspolczesny-002-540x360.jpg\" alt=\"Marek Fiedor, \u201ePaternoster\u201d, Wroc\u0142awski Teatr Wsp\u00f3\u0142czesny, 2014, fot. Tomasz \u017burek (\u017ar\u00f3d\u0142o: dzi\u0119ki uprzejmo\u015bci Teatru)\" width=\"540\" height=\"360\" srcset=\"https:\/\/ownetic.com\/magazyn\/wp-content\/uploads\/2014\/06\/marek-fiedor-paternoster-wroclawski-teatr-wspolczesny-002-540x360.jpg 540w, https:\/\/ownetic.com\/magazyn\/wp-content\/uploads\/2014\/06\/marek-fiedor-paternoster-wroclawski-teatr-wspolczesny-002-900x600.jpg 900w, https:\/\/ownetic.com\/magazyn\/wp-content\/uploads\/2014\/06\/marek-fiedor-paternoster-wroclawski-teatr-wspolczesny-002-576x384.jpg 576w, https:\/\/ownetic.com\/magazyn\/wp-content\/uploads\/2014\/06\/marek-fiedor-paternoster-wroclawski-teatr-wspolczesny-002.jpg 1000w\" sizes=\"(max-width: 540px) 100vw, 540px\" \/><\/a><figcaption id=\"caption-attachment-22432\" class=\"wp-caption-text\">Marek Fiedor, \u201ePaternoster\u201d, Wroc\u0142awski Teatr Wsp\u00f3\u0142czesny, 2014, fot. Tomasz \u017burek (\u017ar\u00f3d\u0142o: dzi\u0119ki uprzejmo\u015bci Teatru)<\/figcaption><\/figure>\n<p>Taka postawa ma swoj\u0105 cen\u0119, mo\u017ce skutkowa\u0107 odrzuceniem. I tak by\u0142o w przypadku Kajzara. W latach 60. i 70. to co by\u0142o jego prawd\u0105, nie wpisywa\u0142o si\u0119 w obowi\u0105zuj\u0105ce interpretacje rzeczywisto\u015bci. Zarzucano mu eskapizm i apolityczno\u015b\u0107. Dzi\u015b Kajzarowskie rozpoznanie \u015bwiata jest udzia\u0142em coraz wi\u0119kszej liczby ludzi \u2013 staje si\u0119 powszechne. I to jest drugi, najciekawszy aspekt jego tw\u00f3rczo\u015bci.<\/p>\n<p>Kajzar opisywa\u0142 kryzys cywilizacyjny w kategoriach, kt\u00f3re dopiero dzi\u015b staj\u0105 si\u0119 zrozumia\u0142e. Si\u0119gamy do jego tekst\u00f3w pr\u00f3buj\u0105c opisa\u0107 konsumpcjonizm, dehumanizacj\u0119 czy przemoc wsp\u00f3\u0142czesnego \u015bwiata. Przemoc nie tylko rozumian\u0105 jako opresja polityczna, ale \u2013 mo\u017ce nawet przede wszystkim \u2013 jako zniewalaj\u0105cy cz\u0142owieka dyktat obowi\u0105zuj\u0105cych pogl\u0105d\u00f3w, idei, m\u00f3d, owczy p\u0119d do podporz\u0105dkowywania si\u0119 obowi\u0105zuj\u0105cym narracjom estetycznym, politycznym czy intelektualnym. Kajzar by\u0142 rzecznikiem \u201es\u0142abej\u201d jednostki, przeciwstawiaj\u0105cej si\u0119 zbiorowo\u015bci.<\/p>\n<div id='gallery-1' class='gallery galleryid-22425 gallery-columns-4 gallery-size-thumbnail'><figure class='gallery-item'>\n\t\t\t<div class='gallery-icon landscape'>\n\t\t\t\t<a href='https:\/\/ownetic.com\/magazyn\/2014\/marek-fiedor-anna-pigon-ziemia-ojca-to-kula-u-nogi-czy-raj-utracony\/paternoster-premiera-wroclawski-teatr-wspolczesny-2014-010'><img width=\"80\" height=\"80\" src=\"https:\/\/ownetic.com\/magazyn\/wp-content\/uploads\/2014\/06\/paternoster-premiera-wroclawski-teatr-wspolczesny-2014-010-80x80.jpg\" class=\"attachment-thumbnail size-thumbnail\" alt=\"\u201ePaternoster\u201d Helmuta Kajzara, oprac. tekstu, re\u017c. i scenografia Marek Fiedor, Wroc\u0142awski Teatr Wsp\u00f3\u0142czesny, premiera spektaklu, 14 czerwca 2014, fot. Tomasz \u017burek (\u017ar\u00f3d\u0142o: materia\u0142y prasowe organizatora)\" loading=\"lazy\" aria-describedby=\"gallery-1-22662\" \/><\/a>\n\t\t\t<\/div>\n\t\t\t\t<figcaption class='wp-caption-text gallery-caption' id='gallery-1-22662'>\n\t\t\t\t\u201ePaternoster\u201d Helmuta Kajzara, oprac. tekstu, re\u017c. i scenografia Marek Fiedor, Wroc\u0142awski Teatr Wsp\u00f3\u0142czesny, premiera spektaklu, 14 czerwca 2014, fot. Tomasz \u017burek (\u017ar\u00f3d\u0142o: materia\u0142y prasowe organizatora)\n\t\t\t\t<\/figcaption><\/figure><figure class='gallery-item'>\n\t\t\t<div class='gallery-icon landscape'>\n\t\t\t\t<a href='https:\/\/ownetic.com\/magazyn\/2014\/marek-fiedor-anna-pigon-ziemia-ojca-to-kula-u-nogi-czy-raj-utracony\/paternoster-premiera-wroclawski-teatr-wspolczesny-2014-009'><img width=\"80\" height=\"80\" src=\"https:\/\/ownetic.com\/magazyn\/wp-content\/uploads\/2014\/06\/paternoster-premiera-wroclawski-teatr-wspolczesny-2014-009-80x80.jpg\" class=\"attachment-thumbnail size-thumbnail\" alt=\"\u201ePaternoster\u201d Helmuta Kajzara, oprac. tekstu, re\u017c. i scenografia Marek Fiedor, Wroc\u0142awski Teatr Wsp\u00f3\u0142czesny, premiera spektaklu, 14 czerwca 2014, fot. Tomasz \u017burek (\u017ar\u00f3d\u0142o: materia\u0142y prasowe organizatora)\" loading=\"lazy\" aria-describedby=\"gallery-1-22661\" \/><\/a>\n\t\t\t<\/div>\n\t\t\t\t<figcaption class='wp-caption-text gallery-caption' id='gallery-1-22661'>\n\t\t\t\t\u201ePaternoster\u201d Helmuta Kajzara, oprac. tekstu, re\u017c. i scenografia Marek Fiedor, Wroc\u0142awski Teatr Wsp\u00f3\u0142czesny, premiera spektaklu, 14 czerwca 2014, fot. Tomasz \u017burek (\u017ar\u00f3d\u0142o: materia\u0142y prasowe organizatora)\n\t\t\t\t<\/figcaption><\/figure><figure class='gallery-item'>\n\t\t\t<div class='gallery-icon landscape'>\n\t\t\t\t<a href='https:\/\/ownetic.com\/magazyn\/2014\/marek-fiedor-anna-pigon-ziemia-ojca-to-kula-u-nogi-czy-raj-utracony\/paternoster-premiera-wroclawski-teatr-wspolczesny-2014-008'><img width=\"80\" height=\"80\" src=\"https:\/\/ownetic.com\/magazyn\/wp-content\/uploads\/2014\/06\/paternoster-premiera-wroclawski-teatr-wspolczesny-2014-008-80x80.jpg\" class=\"attachment-thumbnail size-thumbnail\" alt=\"\u201ePaternoster\u201d Helmuta Kajzara, oprac. tekstu, re\u017c. i scenografia Marek Fiedor, Wroc\u0142awski Teatr Wsp\u00f3\u0142czesny, premiera spektaklu, 14 czerwca 2014, fot. Tomasz \u017burek (\u017ar\u00f3d\u0142o: materia\u0142y prasowe organizatora)\" loading=\"lazy\" aria-describedby=\"gallery-1-22660\" \/><\/a>\n\t\t\t<\/div>\n\t\t\t\t<figcaption class='wp-caption-text gallery-caption' id='gallery-1-22660'>\n\t\t\t\t\u201ePaternoster\u201d Helmuta Kajzara, oprac. tekstu, re\u017c. i scenografia Marek Fiedor, Wroc\u0142awski Teatr Wsp\u00f3\u0142czesny, premiera spektaklu, 14 czerwca 2014, fot. Tomasz \u017burek (\u017ar\u00f3d\u0142o: materia\u0142y prasowe organizatora)\n\t\t\t\t<\/figcaption><\/figure><figure class='gallery-item'>\n\t\t\t<div class='gallery-icon landscape'>\n\t\t\t\t<a href='https:\/\/ownetic.com\/magazyn\/2014\/marek-fiedor-anna-pigon-ziemia-ojca-to-kula-u-nogi-czy-raj-utracony\/paternoster-premiera-wroclawski-teatr-wspolczesny-2014-007'><img width=\"80\" height=\"80\" src=\"https:\/\/ownetic.com\/magazyn\/wp-content\/uploads\/2014\/06\/paternoster-premiera-wroclawski-teatr-wspolczesny-2014-007-80x80.jpg\" class=\"attachment-thumbnail size-thumbnail\" alt=\"\u201ePaternoster\u201d Helmuta Kajzara, oprac. tekstu, re\u017c. i scenografia Marek Fiedor, Wroc\u0142awski Teatr Wsp\u00f3\u0142czesny, premiera spektaklu, 14 czerwca 2014, fot. Tomasz \u017burek (\u017ar\u00f3d\u0142o: materia\u0142y prasowe organizatora)\" loading=\"lazy\" aria-describedby=\"gallery-1-22659\" \/><\/a>\n\t\t\t<\/div>\n\t\t\t\t<figcaption class='wp-caption-text gallery-caption' id='gallery-1-22659'>\n\t\t\t\t\u201ePaternoster\u201d Helmuta Kajzara, oprac. tekstu, re\u017c. i scenografia Marek Fiedor, Wroc\u0142awski Teatr Wsp\u00f3\u0142czesny, premiera spektaklu, 14 czerwca 2014, fot. Tomasz \u017burek (\u017ar\u00f3d\u0142o: materia\u0142y prasowe organizatora)\n\t\t\t\t<\/figcaption><\/figure><figure class='gallery-item'>\n\t\t\t<div class='gallery-icon landscape'>\n\t\t\t\t<a href='https:\/\/ownetic.com\/magazyn\/2014\/marek-fiedor-anna-pigon-ziemia-ojca-to-kula-u-nogi-czy-raj-utracony\/paternoster-premiera-wroclawski-teatr-wspolczesny-2014-006'><img width=\"80\" height=\"80\" src=\"https:\/\/ownetic.com\/magazyn\/wp-content\/uploads\/2014\/06\/paternoster-premiera-wroclawski-teatr-wspolczesny-2014-006-80x80.jpg\" class=\"attachment-thumbnail size-thumbnail\" alt=\"\u201ePaternoster\u201d Helmuta Kajzara, oprac. tekstu, re\u017c. i scenografia Marek Fiedor, Wroc\u0142awski Teatr Wsp\u00f3\u0142czesny, premiera spektaklu, 14 czerwca 2014, fot. Tomasz \u017burek (\u017ar\u00f3d\u0142o: materia\u0142y prasowe organizatora)\" loading=\"lazy\" aria-describedby=\"gallery-1-22658\" \/><\/a>\n\t\t\t<\/div>\n\t\t\t\t<figcaption class='wp-caption-text gallery-caption' id='gallery-1-22658'>\n\t\t\t\t\u201ePaternoster\u201d Helmuta Kajzara, oprac. tekstu, re\u017c. i scenografia Marek Fiedor, Wroc\u0142awski Teatr Wsp\u00f3\u0142czesny, premiera spektaklu, 14 czerwca 2014, fot. Tomasz \u017burek (\u017ar\u00f3d\u0142o: materia\u0142y prasowe organizatora)\n\t\t\t\t<\/figcaption><\/figure><figure class='gallery-item'>\n\t\t\t<div class='gallery-icon landscape'>\n\t\t\t\t<a href='https:\/\/ownetic.com\/magazyn\/2014\/marek-fiedor-anna-pigon-ziemia-ojca-to-kula-u-nogi-czy-raj-utracony\/paternoster-premiera-wroclawski-teatr-wspolczesny-2014-005'><img width=\"80\" height=\"80\" src=\"https:\/\/ownetic.com\/magazyn\/wp-content\/uploads\/2014\/06\/paternoster-premiera-wroclawski-teatr-wspolczesny-2014-005-80x80.jpg\" class=\"attachment-thumbnail size-thumbnail\" alt=\"\u201ePaternoster\u201d Helmuta Kajzara, oprac. tekstu, re\u017c. i scenografia Marek Fiedor, Wroc\u0142awski Teatr Wsp\u00f3\u0142czesny, premiera spektaklu, 14 czerwca 2014, fot. Tomasz \u017burek (\u017ar\u00f3d\u0142o: materia\u0142y prasowe organizatora)\" loading=\"lazy\" aria-describedby=\"gallery-1-22657\" \/><\/a>\n\t\t\t<\/div>\n\t\t\t\t<figcaption class='wp-caption-text gallery-caption' id='gallery-1-22657'>\n\t\t\t\t\u201ePaternoster\u201d Helmuta Kajzara, oprac. tekstu, re\u017c. i scenografia Marek Fiedor, Wroc\u0142awski Teatr Wsp\u00f3\u0142czesny, premiera spektaklu, 14 czerwca 2014, fot. Tomasz \u017burek (\u017ar\u00f3d\u0142o: materia\u0142y prasowe organizatora)\n\t\t\t\t<\/figcaption><\/figure><figure class='gallery-item'>\n\t\t\t<div class='gallery-icon landscape'>\n\t\t\t\t<a href='https:\/\/ownetic.com\/magazyn\/2014\/marek-fiedor-anna-pigon-ziemia-ojca-to-kula-u-nogi-czy-raj-utracony\/paternoster-premiera-wroclawski-teatr-wspolczesny-2014-004'><img width=\"80\" height=\"80\" src=\"https:\/\/ownetic.com\/magazyn\/wp-content\/uploads\/2014\/06\/paternoster-premiera-wroclawski-teatr-wspolczesny-2014-004-80x80.jpg\" class=\"attachment-thumbnail size-thumbnail\" alt=\"\u201ePaternoster\u201d Helmuta Kajzara, oprac. tekstu, re\u017c. i scenografia Marek Fiedor, Wroc\u0142awski Teatr Wsp\u00f3\u0142czesny, premiera spektaklu, 14 czerwca 2014, fot. Tomasz \u017burek (\u017ar\u00f3d\u0142o: materia\u0142y prasowe organizatora)\" loading=\"lazy\" aria-describedby=\"gallery-1-22656\" \/><\/a>\n\t\t\t<\/div>\n\t\t\t\t<figcaption class='wp-caption-text gallery-caption' id='gallery-1-22656'>\n\t\t\t\t\u201ePaternoster\u201d Helmuta Kajzara, oprac. tekstu, re\u017c. i scenografia Marek Fiedor, Wroc\u0142awski Teatr Wsp\u00f3\u0142czesny, premiera spektaklu, 14 czerwca 2014, fot. Tomasz \u017burek (\u017ar\u00f3d\u0142o: materia\u0142y prasowe organizatora)\n\t\t\t\t<\/figcaption><\/figure><figure class='gallery-item'>\n\t\t\t<div class='gallery-icon landscape'>\n\t\t\t\t<a href='https:\/\/ownetic.com\/magazyn\/2014\/marek-fiedor-anna-pigon-ziemia-ojca-to-kula-u-nogi-czy-raj-utracony\/paternoster-premiera-wroclawski-teatr-wspolczesny-2014-003'><img width=\"80\" height=\"80\" src=\"https:\/\/ownetic.com\/magazyn\/wp-content\/uploads\/2014\/06\/paternoster-premiera-wroclawski-teatr-wspolczesny-2014-003-80x80.jpg\" class=\"attachment-thumbnail size-thumbnail\" alt=\"\u201ePaternoster\u201d Helmuta Kajzara, oprac. tekstu, re\u017c. i scenografia Marek Fiedor, Wroc\u0142awski Teatr Wsp\u00f3\u0142czesny, premiera spektaklu, 14 czerwca 2014, fot. Tomasz \u017burek (\u017ar\u00f3d\u0142o: materia\u0142y prasowe organizatora)\" loading=\"lazy\" aria-describedby=\"gallery-1-22655\" \/><\/a>\n\t\t\t<\/div>\n\t\t\t\t<figcaption class='wp-caption-text gallery-caption' id='gallery-1-22655'>\n\t\t\t\t\u201ePaternoster\u201d Helmuta Kajzara, oprac. tekstu, re\u017c. i scenografia Marek Fiedor, Wroc\u0142awski Teatr Wsp\u00f3\u0142czesny, premiera spektaklu, 14 czerwca 2014, fot. Tomasz \u017burek (\u017ar\u00f3d\u0142o: materia\u0142y prasowe organizatora)\n\t\t\t\t<\/figcaption><\/figure><figure class='gallery-item'>\n\t\t\t<div class='gallery-icon landscape'>\n\t\t\t\t<a href='https:\/\/ownetic.com\/magazyn\/2014\/marek-fiedor-anna-pigon-ziemia-ojca-to-kula-u-nogi-czy-raj-utracony\/paternoster-premiera-wroclawski-teatr-wspolczesny-2014-002'><img width=\"80\" height=\"80\" src=\"https:\/\/ownetic.com\/magazyn\/wp-content\/uploads\/2014\/06\/paternoster-premiera-wroclawski-teatr-wspolczesny-2014-002-80x80.jpg\" class=\"attachment-thumbnail size-thumbnail\" alt=\"\u201ePaternoster\u201d Helmuta Kajzara, oprac. tekstu, re\u017c. i scenografia Marek Fiedor, Wroc\u0142awski Teatr Wsp\u00f3\u0142czesny, premiera spektaklu, 14 czerwca 2014, fot. Tomasz \u017burek (\u017ar\u00f3d\u0142o: materia\u0142y prasowe organizatora)\" loading=\"lazy\" aria-describedby=\"gallery-1-22654\" \/><\/a>\n\t\t\t<\/div>\n\t\t\t\t<figcaption class='wp-caption-text gallery-caption' id='gallery-1-22654'>\n\t\t\t\t\u201ePaternoster\u201d Helmuta Kajzara, oprac. tekstu, re\u017c. i scenografia Marek Fiedor, Wroc\u0142awski Teatr Wsp\u00f3\u0142czesny, premiera spektaklu, 14 czerwca 2014, fot. Tomasz \u017burek (\u017ar\u00f3d\u0142o: materia\u0142y prasowe organizatora)\n\t\t\t\t<\/figcaption><\/figure><figure class='gallery-item'>\n\t\t\t<div class='gallery-icon landscape'>\n\t\t\t\t<a href='https:\/\/ownetic.com\/magazyn\/2014\/marek-fiedor-anna-pigon-ziemia-ojca-to-kula-u-nogi-czy-raj-utracony\/paternoster-premiera-wroclawski-teatr-wspolczesny-2014-001'><img width=\"80\" height=\"80\" src=\"https:\/\/ownetic.com\/magazyn\/wp-content\/uploads\/2014\/06\/paternoster-premiera-wroclawski-teatr-wspolczesny-2014-001-80x80.jpg\" class=\"attachment-thumbnail size-thumbnail\" alt=\"\u201ePaternoster\u201d Helmuta Kajzara, oprac. tekstu, re\u017c. i scenografia Marek Fiedor, Wroc\u0142awski Teatr Wsp\u00f3\u0142czesny, premiera spektaklu, 14 czerwca 2014, fot. Tomasz \u017burek (\u017ar\u00f3d\u0142o: materia\u0142y prasowe organizatora)\" loading=\"lazy\" aria-describedby=\"gallery-1-22653\" \/><\/a>\n\t\t\t<\/div>\n\t\t\t\t<figcaption class='wp-caption-text gallery-caption' id='gallery-1-22653'>\n\t\t\t\t\u201ePaternoster\u201d Helmuta Kajzara, oprac. tekstu, re\u017c. i scenografia Marek Fiedor, Wroc\u0142awski Teatr Wsp\u00f3\u0142czesny, premiera spektaklu, 14 czerwca 2014, fot. Tomasz \u017burek (\u017ar\u00f3d\u0142o: materia\u0142y prasowe organizatora)\n\t\t\t\t<\/figcaption><\/figure><figure class='gallery-item'>\n\t\t\t<div class='gallery-icon landscape'>\n\t\t\t\t<a href='https:\/\/ownetic.com\/magazyn\/2014\/marek-fiedor-anna-pigon-ziemia-ojca-to-kula-u-nogi-czy-raj-utracony\/marek-fiedor-paternoster-wroclawski-teatr-wspolczesny-002'><img width=\"80\" height=\"80\" src=\"https:\/\/ownetic.com\/magazyn\/wp-content\/uploads\/2014\/06\/marek-fiedor-paternoster-wroclawski-teatr-wspolczesny-002-80x80.jpg\" class=\"attachment-thumbnail size-thumbnail\" alt=\"Marek Fiedor, \u201ePaternoster\u201d, Wroc\u0142awski Teatr Wsp\u00f3\u0142czesny, 2014 (\u017ar\u00f3d\u0142o: dzi\u0119ki uprzejmo\u015bci Teatru)\" loading=\"lazy\" aria-describedby=\"gallery-1-22432\" \/><\/a>\n\t\t\t<\/div>\n\t\t\t\t<figcaption class='wp-caption-text gallery-caption' id='gallery-1-22432'>\n\t\t\t\tMarek Fiedor, \u201ePaternoster\u201d, Wroc\u0142awski Teatr Wsp\u00f3\u0142czesny, 2014 (\u017ar\u00f3d\u0142o: dzi\u0119ki uprzejmo\u015bci Teatru)\n\t\t\t\t<\/figcaption><\/figure><figure class='gallery-item'>\n\t\t\t<div class='gallery-icon landscape'>\n\t\t\t\t<a href='https:\/\/ownetic.com\/magazyn\/2014\/marek-fiedor-anna-pigon-ziemia-ojca-to-kula-u-nogi-czy-raj-utracony\/marek-fiedor-paternoster-wroclawski-teatr-wspolczesny-001'><img width=\"80\" height=\"80\" src=\"https:\/\/ownetic.com\/magazyn\/wp-content\/uploads\/2014\/06\/marek-fiedor-paternoster-wroclawski-teatr-wspolczesny-001-80x80.jpg\" class=\"attachment-thumbnail size-thumbnail\" alt=\"Marek Fiedor, \u201ePaternoster\u201d, Wroc\u0142awski Teatr Wsp\u00f3\u0142czesny, 2014 (\u017ar\u00f3d\u0142o: dzi\u0119ki uprzejmo\u015bci Teatru)\" loading=\"lazy\" aria-describedby=\"gallery-1-22431\" \/><\/a>\n\t\t\t<\/div>\n\t\t\t\t<figcaption class='wp-caption-text gallery-caption' id='gallery-1-22431'>\n\t\t\t\tMarek Fiedor, \u201ePaternoster\u201d, Wroc\u0142awski Teatr Wsp\u00f3\u0142czesny, 2014 (\u017ar\u00f3d\u0142o: dzi\u0119ki uprzejmo\u015bci Teatru)\n\t\t\t\t<\/figcaption><\/figure>\n\t\t<\/div>\n\n<p><strong>Kajzar nie tylko nie wstydzi si\u0119 swojego odosobnienia, indywidualno\u015bci, ale wr\u0119cz j\u0105 podkre\u015bla, poprzez na przyk\u0142ad zmian\u0119 imienia z J\u00f3zefa na Helmuta. Chce by\u0107 zatem wyobcowany, d\u0105\u017cy ku temu, by\u0107 mo\u017ce chce si\u0119 czu\u0107 bardziej wyj\u0105tkowy.<\/strong><\/p>\n<p>To jest przyj\u0119cie postawy z baga\u017cem jej konsekwencji. Cho\u0107 mo\u017cna go podejrzewa\u0107 o rodzaj autokreacji, o \u2013 m\u00f3wi\u0105c dzisiejszym j\u0119zykiem \u2013 \u201enakr\u0119canie si\u0119\u201d na wyj\u0105tkowo\u015b\u0107 i poprzez ni\u0105 definiowanie to\u017csamo\u015bci. Odbiera\u0107 to jako poz\u0119, fa\u0142sz, manipulacj\u0119 \u2013 to ju\u017c kwestia oceny strategii. W moim przekonaniu jest to postawa autentyczna, a jej dynamika sprawia, \u017ce mo\u017ce zatrze\u0107 si\u0119 granica mi\u0119dzy skutkiem i przyczyn\u0105.<\/p>\n<p><strong>Mo\u017cna powiedzie\u0107, \u017ce wyprzedza\u0142 sw\u00f3j czas nie tylko sob\u0105 samym, ale te\u017c tw\u00f3rczo\u015bci\u0105, jej tematyk\u0105 i form\u0105.<\/strong><\/p>\n<p>Zdecydowanie tak. O tematyce ju\u017c m\u00f3wili\u015bmy, ale nowatorstwo Kajzara dotyczy tak\u017ce formy \u2013 poszukiwania nowego j\u0119zyka scenicznego, wynikaj\u0105cego z niezgody na utrwalone formu\u0142y teatru. I o ile w pierwszych dramatach \u2013 <em>Paternoster<\/em>, <em>Rycerzu Andrzeju<\/em> \u2013 stosowa\u0142 do\u015b\u0107 tradycyjn\u0105 poetyk\u0119 sn\u00f3w-ba\u015bni, gdzie mo\u017cliwe do okre\u015blenia s\u0105 fabu\u0142y, a postaci identyfikowalne, o tyle w kolejnych tekstach \u2013 <em>W\u0142osach B\u0142azna<\/em> czy <em>Ci\u0105gu dalszym \u2013<\/em> pojawia si\u0119 odwa\u017cna pr\u00f3ba nowego j\u0119zyka, stopienia narracji didaskali\u00f3w z dialogami postaci w jeden strumie\u0144 teatralno\u015bci, z kt\u00f3rego re\u017cyser musi wydoby\u0107 kszta\u0142t scen i postaci. To techniki dramatopisarskie cz\u0119sto dzi\u015b u\u017cywane.<\/p>\n<p><strong>Dlaczego wi\u0119c jest tak ma\u0142o znany? Historycy literatury si\u0119 nim nie zajmuj\u0105, jest postaci\u0105 niemal\u017ce niewidoczn\u0105 w \u015bwiecie teatralnym. Teatr Wsp\u00f3\u0142czesny chce to zmieni\u0107 premier\u0105 <em>Paternoster<\/em>&#8230;<\/strong><\/p>\n<p>Chcemy to zmieni\u0107 nie tyle jedn\u0105 premier\u0105, ile ca\u0142ym programem dzia\u0142a\u0144, nazwanym za Krzysztofem Zar\u0119bskim (wsp\u00f3\u0142pracownikiem Kajzara) \u201estrefami kontaktu\u201d, kt\u00f3ry realizujemy od dw\u00f3ch lat i kt\u00f3ry nabiera rozmachu. B\u0119dzie mia\u0142 kulminacj\u0119 podczas Europejskiej Stolicy Kultury \u2013 Wroc\u0142aw 2016.<\/p>\n<p>Je\u015bli chodzi o pytanie, dlaczego jest ma\u0142o znany \u2013 trudno powiedzie\u0107. Los wszystkich wielkich zapomnianych jest wpisany w histori\u0119 sztuki, literatury i nigdy do ko\u0144ca nie wyja\u015bnimy, dlaczego tak si\u0119 dzieje. Kajzara nie traktowano zbyt powa\u017cnie. Wobec agresywnych i wyrazistych postaw Jerzego Grotowskiego, Tadeusza Kantora czy teatr\u00f3w offowych wydawa\u0142 si\u0119 s\u0142aby i \u201enie-powa\u017cny\u201d. Zdaj\u0105c na re\u017cyseri\u0119 w latach 80., przedstawi\u0142em jako egzemplarz re\u017cyserski <em>Paternoster<\/em>. Nie mog\u0119 zapomnie\u0107 u\u015bmieszk\u00f3w i kpin komisji. Kajzara uwa\u017cano za na\u015bladowc\u0119 Gombrowicza i R\u00f3\u017cewicza, ekshibicjonist\u0119, tw\u00f3rc\u0119 grafoma\u0144skiej literatury.<\/p>\n<p>W latach 70. ci\u0105\u017cy\u0142a te\u017c sytuacja polityczna. Postrzegano Kajzara jako apolitycznego eksperymentatora, kt\u00f3ry wpisuje si\u0119 w propagandow\u0105 potrzeb\u0119 w\u0142adzy \u2013 tworzy bezpieczny teatr awangardowy, legitymizuj\u0105c jej oblicze mecenasa wolno\u015bci artystycznej. Uwa\u017cano go za tw\u00f3rc\u0119, kt\u00f3ry nie widzi, co naprawd\u0119 dzieje si\u0119 w kraju i zajmuje si\u0119 robieniem b\u0142ahych happening\u00f3w. Dzi\u015b patrzymy na to inaczej, to jego postawa by\u0142a prawdziwym aktem wolno\u015bci. Potrafi\u0142 uwolni\u0107 si\u0119 nie tylko od opresji politycznej, komunizmu, ale te\u017c od antykomunizmu, od narzuconej postawy obowi\u0105zkowego zaanga\u017cowania.<\/p>\n<figure id=\"attachment_22431\" aria-describedby=\"caption-attachment-22431\" style=\"width: 540px\" class=\"wp-caption alignnone\"><a href=\"https:\/\/ownetic.com\/magazyn\/2014\/ziemia-ojca-to-kula-u-nogi-czy-raj-utracony\/marek-fiedor-paternoster-wroclawski-teatr-wspolczesny-001\/\" rel=\"attachment wp-att-22431\"><img loading=\"lazy\" class=\"size-medium wp-image-22431 \" title=\"Marek Fiedor, \u201ePaternoster\u201d, Wroc\u0142awski Teatr Wsp\u00f3\u0142czesny, 2014, fot. Tomasz \u017burek (\u017ar\u00f3d\u0142o: dzi\u0119ki uprzejmo\u015bci Teatru)\" src=\"https:\/\/ownetic.com\/magazyn\/wp-content\/uploads\/2014\/06\/marek-fiedor-paternoster-wroclawski-teatr-wspolczesny-001-540x360.jpg\" alt=\"Marek Fiedor, \u201ePaternoster\u201d, Wroc\u0142awski Teatr Wsp\u00f3\u0142czesny, 2014, fot. Tomasz \u017burek (\u017ar\u00f3d\u0142o: dzi\u0119ki uprzejmo\u015bci Teatru)\" width=\"540\" height=\"360\" srcset=\"https:\/\/ownetic.com\/magazyn\/wp-content\/uploads\/2014\/06\/marek-fiedor-paternoster-wroclawski-teatr-wspolczesny-001-540x360.jpg 540w, https:\/\/ownetic.com\/magazyn\/wp-content\/uploads\/2014\/06\/marek-fiedor-paternoster-wroclawski-teatr-wspolczesny-001-900x600.jpg 900w, https:\/\/ownetic.com\/magazyn\/wp-content\/uploads\/2014\/06\/marek-fiedor-paternoster-wroclawski-teatr-wspolczesny-001-576x384.jpg 576w, https:\/\/ownetic.com\/magazyn\/wp-content\/uploads\/2014\/06\/marek-fiedor-paternoster-wroclawski-teatr-wspolczesny-001.jpg 1000w\" sizes=\"(max-width: 540px) 100vw, 540px\" \/><\/a><figcaption id=\"caption-attachment-22431\" class=\"wp-caption-text\">Marek Fiedor, \u201ePaternoster\u201d, Wroc\u0142awski Teatr Wsp\u00f3\u0142czesny, 2014, fot. Tomasz \u017burek (\u017ar\u00f3d\u0142o: dzi\u0119ki uprzejmo\u015bci Teatru)<\/figcaption><\/figure>\n<p><strong>Globalizacja, internacjonalizm, Holocaust to g\u0142\u00f3wne zagadnienia <em>Paternoster<\/em>. Czy wyb\u00f3r tego dzie\u0142a, tego dramatopisarza w tym konkretnym momencie historii jest znacz\u0105cy? Co chcia\u0142 Pan przekaza\u0107 widzom \u2013 nie inscenizacj\u0105, ale wyborem?<\/strong><\/p>\n<p>Nie do ko\u0144ca mog\u0119 si\u0119 zgodzi\u0107 z takim zdefiniowaniem podstawowej tre\u015bci <em>Paternoster<\/em>. Temat \u017cydowski oczywi\u015bcie tam jest, ale bardziej widz\u0119 go w kontek\u015bcie nie tyle wojny, co roku 1968. Zagadnienie globalizacji nie jest g\u0142\u00f3wnym motywem dramatu, nie brzmi tak mocno, jak w p\u00f3\u017aniejszych utworach.<\/p>\n<p>Sk\u0105d taki wyb\u00f3r? <em>Paternoster <\/em>jest bardzo prost\u0105 histori\u0105, wr\u0119cz banaln\u0105. Kto\u015b, kto urodzi\u0142 si\u0119 \u201etu\u201d, idzie w \u015bwiat i trafia do jakiego\u015b \u201etam\u201d. Urodzi\u0142 si\u0119 \u201etu\u201d, a \u017cyje \u201etam\u201d. Pomi\u0119dzy \u201etam\u201d a \u201etu\u201d powstaje napi\u0119cie. Rodzi si\u0119 pytanie, jak sobie z tym napi\u0119ciem radzi\u0107. Co ono implikuje? Czy i o czym decyduje w \u017cyciu? To pytanie jest tre\u015bci\u0105 tw\u00f3rczo\u015bci Kajzara, tak\u017ce <em>Paternoster.<\/em><\/p>\n<p>W tym sensie ta sztuka jest odzwierciedleniem pewnego procesu, kt\u00f3ry zachodzi od po\u0142owy XX wieku i jest zwi\u0105zany z przemianami politycznymi, spo\u0142ecznymi i kulturowymi, jakie zaistnia\u0142y w Polsce, w szczeg\u00f3lno\u015bci z \u201eawansem spo\u0142ecznym\u201d epoki powojennej. Ju\u017c w XIX wieku rozpocz\u0119\u0142y si\u0119 ruchy migracyjne, ale mia\u0142y pod\u0142o\u017ce ekonomiczne i by\u0142y zwi\u0105zane z tworzeniem si\u0119 klasy robotniczej. Po wojnie za\u015b w ten spos\u00f3b kszta\u0142towa\u0142a si\u0119 nowa inteligencja, elita spo\u0142eczna \u2013 tak\u017ce artystyczna. Ludzie z baga\u017cem tradycji, wiary, norm, warto\u015bci i obyczaju zostaj\u0105 przeniesieni w inne miejsce. \u015awiat przestaje by\u0107 jednoznaczny i stabilny, rodzi si\u0119 to\u017csamo\u015bciowy zam\u0119t. Pojawia si\u0119 pytanie czy \u015bwiat, z kt\u00f3rego si\u0119 wysz\u0142o, to balast czy \u017ar\u00f3d\u0142o si\u0142y. Ten proces trwa do dzi\u015b, cho\u0107 teraz zupe\u0142nie inne s\u0105 jego przyczyny \u2013 jest raczej wyrazem wolno\u015bci wyboru. Tak czy owak i dzi\u015b przegl\u0105damy si\u0119 w J\u00f3ziu, bo nie jest to tylko historia artysty. Wielu ludzi dotyka dylemat, czy \u201eziemia ojca\u201d to kula u nogi czy raj utracony? Oczywi\u015bcie rozstrzyganie tej alternatywy jest z gruntu fa\u0142szywe, jest tylko tworzeniem nowej mitologii. Ale istotne jest samo podj\u0119cie tematu, przepracowanie go, czy mo\u017ce raczej: nieustanne przepracowywanie go.<\/p>\n<p><strong>Kajzar czu\u0142 si\u0119 odmie\u0144cem z racji pochodzenia (p\u00f3\u0142 Polak, p\u00f3\u0142 Niemiec), wiary (protestant), nie wpisa\u0142 si\u0119 w \u017caden artystyczny mainstream. Po tylu latach zn\u00f3w jest obecny we Wroc\u0142awiu, mie\u015bcie wyj\u0105tkowym ze wzgl\u0119du na wielokulturowo\u015b\u0107, pograniczno\u015b\u0107. Czy to si\u0119 przek\u0142ada na inscenizacj\u0119?<\/strong><\/p>\n<p>Nie jestem pewien jak to naprawd\u0119 jest z wielokulturowo\u015bci\u0105 Wroc\u0142awia. Czy ten mit ma jeszcze racj\u0119 bytu siedemdziesi\u0105t lat po wojnie? Sens \u201epograniczno\u015bci\u201d zmieni\u0142 si\u0119 diametralnie. To, co Kajzar opisywa\u0142 w latach 60., 70. jako stygmat wykluczenia i na czym budowa\u0142 koncepcj\u0119 odmie\u0144ca, cz\u0142owieka odrzuconego, dzi\u015b sta\u0142o si\u0119 warto\u015bci\u0105, prawie norm\u0105. Przynale\u017cno\u015b\u0107 do r\u00f3\u017cnych \u2013 jakby powiedzia\u0142 Kajzar \u2013 \u017ar\u00f3de\u0142 sprawia, \u017ce cz\u0142owiek staje si\u0119 bogatszy, pe\u0142niejszy.<\/p>\n<p><strong>By\u0107 mo\u017ce dzisiaj odmienno\u015b\u0107 nale\u017cy postrzega\u0107 w innych kategoriach. \u017bywy jest problem mniejszo\u015bci, na przyk\u0142ad seksualnych.<\/strong><\/p>\n<p>U Kajzara stygmat rozchwianej to\u017csamo\u015bci seksualnej by\u0142 tematem ukrytym, czy raczej ujawnionym, ale zakamuflowanym. Nie czyni\u0142 z niego fundamentu wypowiedzi artystycznej, \u015bwiatopogl\u0105dowej. Kwestia ta pojawia si\u0119 w jego tw\u00f3rczo\u015bci jako element ca\u0142o\u015bciowego problemu to\u017csamo\u015bciowego, kt\u00f3rego dotyka w wielu krzy\u017cuj\u0105cych si\u0119 i dope\u0142niaj\u0105cych aspektach: psychologicznym, religijnym, narodowo\u015bciowym, cielesnym.<\/p>\n<p><strong>Pana scenariusz opiera si\u0119 nie tylko na <em>Paternoster<\/em>, ale tak\u017ce na wywiadach z artyst\u0105 i jego biografii.<\/strong><\/p>\n<p>Kajzar sam do takiego procederu zaprasza, jego tw\u00f3rczo\u015b\u0107 jest ostentacyjnie prywatna, osobista, wr\u0119cz ekshibicjonistyczna \u2013 jakby sam chcia\u0142 zaciera\u0107 granice mi\u0119dzy sob\u0105-cz\u0142owiekiem a podmiotem literackim. Aczkolwiek trzeba mie\u0107 \u015bwiadomo\u015b\u0107, \u017ce jest to literatura; szczero\u015b\u0107 to forma literacka, autokreacja, gra. Cytuj\u0105c eseje i wywiady autora trzeba by\u0107 ogromnie pow\u015bci\u0105gliwym; nie pr\u00f3bowa\u0107 wycieczki w drug\u0105 stron\u0119, nie pr\u00f3bowa\u0107 dociera\u0107 do prawdy o Kajzarze. Nie mam takiego zamiaru. Robi\u0119 spektakl o J\u00f3ziu, nie o Kajzarze. Zestaw my\u015bli na temat teatru wyg\u0142aszany przez bohatera nie jest to\u017csamy z pogl\u0105dami autora <em>Paternoster<\/em>.<\/p>\n","protected":false},"excerpt":{"rendered":"<p><em>Paternoster<\/em> jest bardzo prost\u0105 histori\u0105, wr\u0119cz banaln\u0105. Kto\u015b, kto urodzi\u0142 si\u0119 \u201etu\u201d, idzie w \u015bwiat i trafia do jakiego\u015b \u201etam\u201d. Urodzi\u0142 si\u0119 \u201etu\u201d, a \u017cyje \u201etam\u201d. Pomi\u0119dzy \u201etam\u201d a \u201etu\u201d powstaje napi\u0119cie. Rodzi si\u0119 pytanie, jak sobie z tym napi\u0119ciem radzi\u0107. Co ono implikuje? Czy i o czym decyduje w \u017cyciu? To pytanie jest tre\u015bci\u0105 tw\u00f3rczo\u015bci Kajzara, tak\u017ce <em>Paternoster<\/em>.<\/p>\n","protected":false},"author":336,"featured_media":22431,"comment_status":"open","ping_status":"closed","sticky":false,"template":"","format":"standard","meta":[],"categories":[65],"tags":[3032,3033,2167,659,402,3034],"powerkit_post_featured":[],"coauthors":[14212],"yoast_head":"<!-- This site is optimized with the Yoast SEO plugin v18.7 - https:\/\/yoast.com\/wordpress\/plugins\/seo\/ -->\n<title>\u201eZiemia ojca\u201d to kula u nogi czy raj utracony?<\/title>\n<meta name=\"description\" content=\"&quot;Paternoster&quot;, kt\u00f3rego autorem jest Helmut Kajzar, w rozmowie re\u017cysera spektaklu, Marka Fiedora, z Ann\u0105 Pigo\u0144.\" \/>\n<meta name=\"robots\" content=\"index, follow, max-snippet:-1, max-image-preview:large, max-video-preview:-1\" \/>\n<link rel=\"canonical\" href=\"https:\/\/ownetic.com\/magazyn\/2014\/marek-fiedor-anna-pigon-ziemia-ojca-to-kula-u-nogi-czy-raj-utracony\" \/>\n<script type=\"application\/ld+json\" class=\"yoast-schema-graph\">{\"@context\":\"https:\/\/schema.org\",\"@graph\":[{\"@type\":\"WebSite\",\"@id\":\"https:\/\/ownetic.com\/magazyn\/#website\",\"url\":\"https:\/\/ownetic.com\/magazyn\/\",\"name\":\"Ownetic Magazine\",\"description\":\"Magazine\",\"potentialAction\":[{\"@type\":\"SearchAction\",\"target\":{\"@type\":\"EntryPoint\",\"urlTemplate\":\"https:\/\/ownetic.com\/magazyn\/?s={search_term_string}\"},\"query-input\":\"required name=search_term_string\"}],\"inLanguage\":\"pl-PL\"},{\"@type\":\"ImageObject\",\"inLanguage\":\"pl-PL\",\"@id\":\"https:\/\/ownetic.com\/magazyn\/2014\/marek-fiedor-anna-pigon-ziemia-ojca-to-kula-u-nogi-czy-raj-utracony#primaryimage\",\"url\":\"https:\/\/ownetic.com\/magazyn\/wp-content\/uploads\/2014\/06\/marek-fiedor-paternoster-wroclawski-teatr-wspolczesny-001.jpg\",\"contentUrl\":\"https:\/\/ownetic.com\/magazyn\/wp-content\/uploads\/2014\/06\/marek-fiedor-paternoster-wroclawski-teatr-wspolczesny-001.jpg\",\"width\":\"1000\",\"height\":\"667\",\"caption\":\"Marek Fiedor, \u201ePaternoster\u201d, Wroc\u0142awski Teatr Wsp\u00f3\u0142czesny, 2014 (\u017ar\u00f3d\u0142o: dzi\u0119ki uprzejmo\u015bci Teatru)\"},{\"@type\":\"WebPage\",\"@id\":\"https:\/\/ownetic.com\/magazyn\/2014\/marek-fiedor-anna-pigon-ziemia-ojca-to-kula-u-nogi-czy-raj-utracony#webpage\",\"url\":\"https:\/\/ownetic.com\/magazyn\/2014\/marek-fiedor-anna-pigon-ziemia-ojca-to-kula-u-nogi-czy-raj-utracony\",\"name\":\"\u201eZiemia ojca\u201d to kula u nogi czy raj utracony?\",\"isPartOf\":{\"@id\":\"https:\/\/ownetic.com\/magazyn\/#website\"},\"primaryImageOfPage\":{\"@id\":\"https:\/\/ownetic.com\/magazyn\/2014\/marek-fiedor-anna-pigon-ziemia-ojca-to-kula-u-nogi-czy-raj-utracony#primaryimage\"},\"datePublished\":\"2014-06-15T23:00:20+00:00\",\"dateModified\":\"2021-01-12T13:22:37+00:00\",\"author\":{\"@id\":\"https:\/\/ownetic.com\/magazyn\/#\/schema\/person\/20a3de8c28e39946fc41d8c8001c31b6\"},\"description\":\"\\\"Paternoster\\\", kt\u00f3rego autorem jest Helmut Kajzar, w rozmowie re\u017cysera spektaklu, Marka Fiedora, z Ann\u0105 Pigo\u0144.\",\"breadcrumb\":{\"@id\":\"https:\/\/ownetic.com\/magazyn\/2014\/marek-fiedor-anna-pigon-ziemia-ojca-to-kula-u-nogi-czy-raj-utracony#breadcrumb\"},\"inLanguage\":\"pl-PL\",\"potentialAction\":[{\"@type\":\"ReadAction\",\"target\":[\"https:\/\/ownetic.com\/magazyn\/2014\/marek-fiedor-anna-pigon-ziemia-ojca-to-kula-u-nogi-czy-raj-utracony\"]}]},{\"@type\":\"BreadcrumbList\",\"@id\":\"https:\/\/ownetic.com\/magazyn\/2014\/marek-fiedor-anna-pigon-ziemia-ojca-to-kula-u-nogi-czy-raj-utracony#breadcrumb\",\"itemListElement\":[{\"@type\":\"ListItem\",\"position\":1,\"name\":\"\u201eZiemia ojca\u201d to kula u nogi czy raj utracony?\"}]},{\"@type\":\"Person\",\"@id\":\"https:\/\/ownetic.com\/magazyn\/#\/schema\/person\/20a3de8c28e39946fc41d8c8001c31b6\",\"name\":\"Marek Fiedor\",\"description\":\"Marek Fiedor (1962) \u2013 re\u017cyser teatralny. Od 2012 roku dyrektor Wroc\u0142awskiego Teatru Wsp\u00f3\u0142czesnego. Debiutowa\u0142 w 1990 w Teatrze im. Juliusza S\u0142owackiego w Krakowie re\u017cyseri\u0105 \u201eApokryfu wigilijnego\u201d wed\u0142ug w\u0142asnego scenariusza. Laureat wielu nagr\u00f3d m.in.: Grand Prix za adaptacj\u0119 i inscenizacj\u0119 \u201eMatki Joanny od Anio\u0142\u00f3w\u201d wg Jaros\u0142awa Iwaszkiewicza w Teatrze im. Jana Kochanowskiego w Opolu na 1. Festiwalu Prapremier w Bydgoszczy w 2002 r.; Nagroda Kana\u0142u TVP Kultura w kategorii \\\"teatr\\\" za re\u017cyseri\u0119 spektaklu \u201eBaal\u201d Bertolta Brechta w Teatrze im. Jana Kochanowskiego w Opolu w 2007 r.\",\"url\":\"https:\/\/ownetic.com\/magazyn\/author\/marek-fiedor\"}]}<\/script>\n<!-- \/ Yoast SEO plugin. -->","yoast_head_json":{"title":"\u201eZiemia ojca\u201d to kula u nogi czy raj utracony?","description":"\"Paternoster\", kt\u00f3rego autorem jest Helmut Kajzar, w rozmowie re\u017cysera spektaklu, Marka Fiedora, z Ann\u0105 Pigo\u0144.","robots":{"index":"index","follow":"follow","max-snippet":"max-snippet:-1","max-image-preview":"max-image-preview:large","max-video-preview":"max-video-preview:-1"},"canonical":"https:\/\/ownetic.com\/magazyn\/2014\/marek-fiedor-anna-pigon-ziemia-ojca-to-kula-u-nogi-czy-raj-utracony","schema":{"@context":"https:\/\/schema.org","@graph":[{"@type":"WebSite","@id":"https:\/\/ownetic.com\/magazyn\/#website","url":"https:\/\/ownetic.com\/magazyn\/","name":"Ownetic Magazine","description":"Magazine","potentialAction":[{"@type":"SearchAction","target":{"@type":"EntryPoint","urlTemplate":"https:\/\/ownetic.com\/magazyn\/?s={search_term_string}"},"query-input":"required name=search_term_string"}],"inLanguage":"pl-PL"},{"@type":"ImageObject","inLanguage":"pl-PL","@id":"https:\/\/ownetic.com\/magazyn\/2014\/marek-fiedor-anna-pigon-ziemia-ojca-to-kula-u-nogi-czy-raj-utracony#primaryimage","url":"https:\/\/ownetic.com\/magazyn\/wp-content\/uploads\/2014\/06\/marek-fiedor-paternoster-wroclawski-teatr-wspolczesny-001.jpg","contentUrl":"https:\/\/ownetic.com\/magazyn\/wp-content\/uploads\/2014\/06\/marek-fiedor-paternoster-wroclawski-teatr-wspolczesny-001.jpg","width":"1000","height":"667","caption":"Marek Fiedor, \u201ePaternoster\u201d, Wroc\u0142awski Teatr Wsp\u00f3\u0142czesny, 2014 (\u017ar\u00f3d\u0142o: dzi\u0119ki uprzejmo\u015bci Teatru)"},{"@type":"WebPage","@id":"https:\/\/ownetic.com\/magazyn\/2014\/marek-fiedor-anna-pigon-ziemia-ojca-to-kula-u-nogi-czy-raj-utracony#webpage","url":"https:\/\/ownetic.com\/magazyn\/2014\/marek-fiedor-anna-pigon-ziemia-ojca-to-kula-u-nogi-czy-raj-utracony","name":"\u201eZiemia ojca\u201d to kula u nogi czy raj utracony?","isPartOf":{"@id":"https:\/\/ownetic.com\/magazyn\/#website"},"primaryImageOfPage":{"@id":"https:\/\/ownetic.com\/magazyn\/2014\/marek-fiedor-anna-pigon-ziemia-ojca-to-kula-u-nogi-czy-raj-utracony#primaryimage"},"datePublished":"2014-06-15T23:00:20+00:00","dateModified":"2021-01-12T13:22:37+00:00","author":{"@id":"https:\/\/ownetic.com\/magazyn\/#\/schema\/person\/20a3de8c28e39946fc41d8c8001c31b6"},"description":"\"Paternoster\", kt\u00f3rego autorem jest Helmut Kajzar, w rozmowie re\u017cysera spektaklu, Marka Fiedora, z Ann\u0105 Pigo\u0144.","breadcrumb":{"@id":"https:\/\/ownetic.com\/magazyn\/2014\/marek-fiedor-anna-pigon-ziemia-ojca-to-kula-u-nogi-czy-raj-utracony#breadcrumb"},"inLanguage":"pl-PL","potentialAction":[{"@type":"ReadAction","target":["https:\/\/ownetic.com\/magazyn\/2014\/marek-fiedor-anna-pigon-ziemia-ojca-to-kula-u-nogi-czy-raj-utracony"]}]},{"@type":"BreadcrumbList","@id":"https:\/\/ownetic.com\/magazyn\/2014\/marek-fiedor-anna-pigon-ziemia-ojca-to-kula-u-nogi-czy-raj-utracony#breadcrumb","itemListElement":[{"@type":"ListItem","position":1,"name":"\u201eZiemia ojca\u201d to kula u nogi czy raj utracony?"}]},{"@type":"Person","@id":"https:\/\/ownetic.com\/magazyn\/#\/schema\/person\/20a3de8c28e39946fc41d8c8001c31b6","name":"Marek Fiedor","description":"Marek Fiedor (1962) \u2013 re\u017cyser teatralny. Od 2012 roku dyrektor Wroc\u0142awskiego Teatru Wsp\u00f3\u0142czesnego. Debiutowa\u0142 w 1990 w Teatrze im. Juliusza S\u0142owackiego w Krakowie re\u017cyseri\u0105 \u201eApokryfu wigilijnego\u201d wed\u0142ug w\u0142asnego scenariusza. Laureat wielu nagr\u00f3d m.in.: Grand Prix za adaptacj\u0119 i inscenizacj\u0119 \u201eMatki Joanny od Anio\u0142\u00f3w\u201d wg Jaros\u0142awa Iwaszkiewicza w Teatrze im. Jana Kochanowskiego w Opolu na 1. Festiwalu Prapremier w Bydgoszczy w 2002 r.; Nagroda Kana\u0142u TVP Kultura w kategorii \"teatr\" za re\u017cyseri\u0119 spektaklu \u201eBaal\u201d Bertolta Brechta w Teatrze im. Jana Kochanowskiego w Opolu w 2007 r.","url":"https:\/\/ownetic.com\/magazyn\/author\/marek-fiedor"}]}},"_links":{"self":[{"href":"https:\/\/ownetic.com\/magazyn\/wp-json\/wp\/v2\/posts\/22425"}],"collection":[{"href":"https:\/\/ownetic.com\/magazyn\/wp-json\/wp\/v2\/posts"}],"about":[{"href":"https:\/\/ownetic.com\/magazyn\/wp-json\/wp\/v2\/types\/post"}],"author":[{"embeddable":true,"href":"https:\/\/ownetic.com\/magazyn\/wp-json\/wp\/v2\/users\/336"}],"replies":[{"embeddable":true,"href":"https:\/\/ownetic.com\/magazyn\/wp-json\/wp\/v2\/comments?post=22425"}],"version-history":[{"count":1,"href":"https:\/\/ownetic.com\/magazyn\/wp-json\/wp\/v2\/posts\/22425\/revisions"}],"predecessor-version":[{"id":49235,"href":"https:\/\/ownetic.com\/magazyn\/wp-json\/wp\/v2\/posts\/22425\/revisions\/49235"}],"wp:featuredmedia":[{"embeddable":true,"href":"https:\/\/ownetic.com\/magazyn\/wp-json\/wp\/v2\/media\/22431"}],"wp:attachment":[{"href":"https:\/\/ownetic.com\/magazyn\/wp-json\/wp\/v2\/media?parent=22425"}],"wp:term":[{"taxonomy":"category","embeddable":true,"href":"https:\/\/ownetic.com\/magazyn\/wp-json\/wp\/v2\/categories?post=22425"},{"taxonomy":"post_tag","embeddable":true,"href":"https:\/\/ownetic.com\/magazyn\/wp-json\/wp\/v2\/tags?post=22425"},{"taxonomy":"powerkit_post_featured","embeddable":true,"href":"https:\/\/ownetic.com\/magazyn\/wp-json\/wp\/v2\/powerkit_post_featured?post=22425"},{"taxonomy":"author","embeddable":true,"href":"https:\/\/ownetic.com\/magazyn\/wp-json\/wp\/v2\/coauthors?post=22425"}],"curies":[{"name":"wp","href":"https:\/\/api.w.org\/{rel}","templated":true}]}}