{"id":31324,"date":"2015-08-05T18:00:15","date_gmt":"2015-08-05T17:00:15","guid":{"rendered":"https:\/\/ownetic.com\/magazyn\/?p=31324"},"modified":"2021-01-12T09:45:07","modified_gmt":"2021-01-12T08:45:07","slug":"daria-skok-katalog-czulych-gestow","status":"publish","type":"post","link":"https:\/\/ownetic.com\/magazyn\/2015\/daria-skok-katalog-czulych-gestow","title":{"rendered":"Katalog czu\u0142ych gest\u00f3w"},"content":{"rendered":"<p>Na mapie polskich prowincji szczeci\u0144ska TRAFOstacja Sztuki wyrasta na prawdziwego hegemona. Mimo \u015brodowiskowych niesnasek i bojkotu TRAFO przez \u015brodowisko zwi\u0105zane ze szczeci\u0144skim Muzeum Narodowym, nie mo\u017cna tej instytucji odm\u00f3wi\u0107 pracy jak\u0105 wykonuje. Pracy na mark\u0119 instytucji nowoczesnej i dynamicznie si\u0119 rozwijaj\u0105cej. Opr\u00f3cz gwiazd weneckich Biennale: Nicoli Samoriego czy Gilada Ratmana, w TRAFO regularnie i konsekwentnie pokazuje si\u0119 tak\u017ce prace najm\u0142odszego pokolenia artyst\u00f3w. W ramach czwartej ju\u017c ods\u0142ony MEDIA LAB-u \u2013 cyklicznych wystaw nakierowanych na dialog mi\u0119dzy medium fotografii i wideo \u2013\u00a0zobaczy\u0107 mo\u017cemy prac\u0119 Krzysztofa Maniaka, laureata nagrody Artystyczna Podr\u00f3\u017c Hestii 2015 i trzyna\u015bcie fotografii francuskiego duetu artystycznego Epectase, zatytu\u0142owanych <em>Dieu est amour<\/em>.<\/p>\n<figure id=\"attachment_31359\" aria-describedby=\"caption-attachment-31359\" style=\"width: 540px\" class=\"wp-caption alignnone\"><a href=\"https:\/\/ownetic.com\/magazyn\/2015\/daria-skok-katalog-czulych-gestow\/epectase-dieu-est-amour-001\/\" rel=\"attachment wp-att-31359\"><img loading=\"lazy\" class=\"size-medium wp-image-31359\" title=\"Epectase, \u201eDieu est amour\u201d, 2012 (\u017ar\u00f3d\u0142o: dzi\u0119ki uprzejmo\u015bci TRAFOstacji Sztuki)\" src=\"https:\/\/ownetic.com\/magazyn\/wp-content\/uploads\/2015\/08\/epectase-dieu-est-amour-001-540x540.jpg\" alt=\"Epectase, \u201eDieu est amour\u201d, 2012 (\u017ar\u00f3d\u0142o: dzi\u0119ki uprzejmo\u015bci TRAFOstacji Sztuki)\" width=\"540\" height=\"540\" srcset=\"https:\/\/ownetic.com\/magazyn\/wp-content\/uploads\/2015\/08\/epectase-dieu-est-amour-001-540x540.jpg 540w, https:\/\/ownetic.com\/magazyn\/wp-content\/uploads\/2015\/08\/epectase-dieu-est-amour-001-800x800.jpg 800w, https:\/\/ownetic.com\/magazyn\/wp-content\/uploads\/2015\/08\/epectase-dieu-est-amour-001-80x80.jpg 80w, https:\/\/ownetic.com\/magazyn\/wp-content\/uploads\/2015\/08\/epectase-dieu-est-amour-001-120x120.jpg 120w, https:\/\/ownetic.com\/magazyn\/wp-content\/uploads\/2015\/08\/epectase-dieu-est-amour-001-90x90.jpg 90w, https:\/\/ownetic.com\/magazyn\/wp-content\/uploads\/2015\/08\/epectase-dieu-est-amour-001-320x320.jpg 320w, https:\/\/ownetic.com\/magazyn\/wp-content\/uploads\/2015\/08\/epectase-dieu-est-amour-001-560x560.jpg 560w, https:\/\/ownetic.com\/magazyn\/wp-content\/uploads\/2015\/08\/epectase-dieu-est-amour-001-900x900.jpg 900w, https:\/\/ownetic.com\/magazyn\/wp-content\/uploads\/2015\/08\/epectase-dieu-est-amour-001-576x576.jpg 576w, https:\/\/ownetic.com\/magazyn\/wp-content\/uploads\/2015\/08\/epectase-dieu-est-amour-001.jpg 1039w\" sizes=\"(max-width: 540px) 100vw, 540px\" \/><\/a><figcaption id=\"caption-attachment-31359\" class=\"wp-caption-text\">Epectase, \u201eDieu est amour\u201d, 2012 (\u017ar\u00f3d\u0142o: dzi\u0119ki uprzejmo\u015bci TRAFOstacji Sztuki)<\/figcaption><\/figure>\n<p>Niewielka przestrze\u0144 piwnicznego white cube\u2019u zaaran\u017cowana zosta\u0142a w spos\u00f3b minimalistyczny. Video Maniaka rzutowane jest wprost na bia\u0142\u0105 \u015bcian\u0119. Fotografie Corentina Fohlena i J\u00e9r\u00f4me\u2019a Von Zilwa, odbite na aluminiowych p\u0142ytach, powieszone zosta\u0142y na s\u0105siedniej \u015bcianie w r\u00f3wnych odst\u0119pach, na wysoko\u015bci wzroku. Trzynasta, ko\u0144cz\u0105ca cykl i cztery razy wi\u0119ksza fotografia, znalaz\u0142a si\u0119 na prostopad\u0142ej \u015bcianie.<\/p>\n<div id='gallery-1' class='gallery galleryid-31324 gallery-columns-4 gallery-size-thumbnail'><figure class='gallery-item'>\n\t\t\t<div class='gallery-icon landscape'>\n\t\t\t\t<a href='https:\/\/ownetic.com\/magazyn\/2015\/daria-skok-katalog-czulych-gestow\/epectase-dieu-est-amour-002'><img width=\"80\" height=\"80\" src=\"https:\/\/ownetic.com\/magazyn\/wp-content\/uploads\/2015\/08\/epectase-dieu-est-amour-002-80x80.jpg\" class=\"attachment-thumbnail size-thumbnail\" alt=\"Epectase, \u201eDieu est amour\u201d, 2012 (\u017ar\u00f3d\u0142o: dzi\u0119ki uprzejmo\u015bci TRAFOstacji Sztuki)\" loading=\"lazy\" aria-describedby=\"gallery-1-31360\" srcset=\"https:\/\/ownetic.com\/magazyn\/wp-content\/uploads\/2015\/08\/epectase-dieu-est-amour-002-80x80.jpg 80w, https:\/\/ownetic.com\/magazyn\/wp-content\/uploads\/2015\/08\/epectase-dieu-est-amour-002-540x540.jpg 540w, https:\/\/ownetic.com\/magazyn\/wp-content\/uploads\/2015\/08\/epectase-dieu-est-amour-002-900x900.jpg 900w, https:\/\/ownetic.com\/magazyn\/wp-content\/uploads\/2015\/08\/epectase-dieu-est-amour-002-576x576.jpg 576w, https:\/\/ownetic.com\/magazyn\/wp-content\/uploads\/2015\/08\/epectase-dieu-est-amour-002.jpg 1039w\" sizes=\"(max-width: 80px) 100vw, 80px\" \/><\/a>\n\t\t\t<\/div>\n\t\t\t\t<figcaption class='wp-caption-text gallery-caption' id='gallery-1-31360'>\n\t\t\t\tEpectase, \u201eDieu est amour\u201d, 2012 (\u017ar\u00f3d\u0142o: dzi\u0119ki uprzejmo\u015bci TRAFOstacji Sztuki)\n\t\t\t\t<\/figcaption><\/figure><figure class='gallery-item'>\n\t\t\t<div class='gallery-icon landscape'>\n\t\t\t\t<a href='https:\/\/ownetic.com\/magazyn\/2015\/daria-skok-katalog-czulych-gestow\/epectase-dieu-est-amour-001'><img width=\"400\" height=\"240\" src=\"https:\/\/ownetic.com\/magazyn\/wp-content\/uploads\/2015\/08\/epectase-dieu-est-amour-001-400x240.jpg\" class=\"attachment-thumbnail size-thumbnail\" alt=\"Epectase, \u201eDieu est amour\u201d, 2012 (\u017ar\u00f3d\u0142o: dzi\u0119ki uprzejmo\u015bci TRAFOstacji Sztuki)\" loading=\"lazy\" aria-describedby=\"gallery-1-31359\" \/><\/a>\n\t\t\t<\/div>\n\t\t\t\t<figcaption class='wp-caption-text gallery-caption' id='gallery-1-31359'>\n\t\t\t\tEpectase, \u201eDieu est amour\u201d, 2012 (\u017ar\u00f3d\u0142o: dzi\u0119ki uprzejmo\u015bci TRAFOstacji Sztuki)\n\t\t\t\t<\/figcaption><\/figure><figure class='gallery-item'>\n\t\t\t<div class='gallery-icon landscape'>\n\t\t\t\t<a href='https:\/\/ownetic.com\/magazyn\/2015\/daria-skok-katalog-czulych-gestow\/krzysztof-maniak-czas-i-przestrzen-2013-002'><img width=\"80\" height=\"80\" src=\"https:\/\/ownetic.com\/magazyn\/wp-content\/uploads\/2015\/08\/krzysztof-maniak-czas-i-przestrzen-2013-002-80x80.jpg\" class=\"attachment-thumbnail size-thumbnail\" alt=\"Krzysztof Maniak, kadr z filmu \u201eBez Tytu\u0142u\u201d (\u201eCzas i Przestrze\u0144\u201d), 2013, fot. dzi\u0119ki uprzejmo\u015bci artysty (\u017ar\u00f3d\u0142o: dzi\u0119ki uprzejmo\u015bci TRAFOstacji Sztuki)\" loading=\"lazy\" aria-describedby=\"gallery-1-31362\" \/><\/a>\n\t\t\t<\/div>\n\t\t\t\t<figcaption class='wp-caption-text gallery-caption' id='gallery-1-31362'>\n\t\t\t\tKrzysztof Maniak, kadr z filmu \u201eBez Tytu\u0142u\u201d (\u201eCzas i Przestrze\u0144\u201d), 2013, fot. dzi\u0119ki uprzejmo\u015bci artysty (\u017ar\u00f3d\u0142o: dzi\u0119ki uprzejmo\u015bci TRAFOstacji Sztuki)\n\t\t\t\t<\/figcaption><\/figure><figure class='gallery-item'>\n\t\t\t<div class='gallery-icon landscape'>\n\t\t\t\t<a href='https:\/\/ownetic.com\/magazyn\/2015\/daria-skok-katalog-czulych-gestow\/krzysztof-maniak-czas-i-przestrzen-2013-001'><img width=\"80\" height=\"80\" src=\"https:\/\/ownetic.com\/magazyn\/wp-content\/uploads\/2015\/08\/krzysztof-maniak-czas-i-przestrzen-2013-001-80x80.jpg\" class=\"attachment-thumbnail size-thumbnail\" alt=\"Krzysztof Maniak, kadr z filmu \u201eBez Tytu\u0142u\u201d (\u201eCzas i Przestrze\u0144\u201d), 2013, fot. dzi\u0119ki uprzejmo\u015bci artysty (\u017ar\u00f3d\u0142o: dzi\u0119ki uprzejmo\u015bci TRAFOstacji Sztuki)\" loading=\"lazy\" aria-describedby=\"gallery-1-31361\" \/><\/a>\n\t\t\t<\/div>\n\t\t\t\t<figcaption class='wp-caption-text gallery-caption' id='gallery-1-31361'>\n\t\t\t\tKrzysztof Maniak, kadr z filmu \u201eBez Tytu\u0142u\u201d (\u201eCzas i Przestrze\u0144\u201d), 2013, fot. dzi\u0119ki uprzejmo\u015bci artysty (\u017ar\u00f3d\u0142o: dzi\u0119ki uprzejmo\u015bci TRAFOstacji Sztuki)\n\t\t\t\t<\/figcaption><\/figure>\n\t\t<\/div>\n\n<p>Ju\u017c na pierwszy rzut oka nie ma w\u0105tpliwo\u015bci, kto w tej ma\u0142ej przestrzeni wygrywa. Cho\u0107 z daleka seria rytmicznych fotografii Epectase wygl\u0105da intryguj\u0105co, to jest to bardziej zas\u0142uga strategii kuratorki ni\u017c atrakcyjno\u015bci poszczeg\u00f3lnych fotografii. Inaczej w przypadku <em>Bez tytu\u0142u (Czas i przestrze\u0144)<\/em> Krzysztofa Maniaka. W TRAFOstacji kuratorka, Agata Ubysz, zdecydowa\u0142a si\u0119 pokaza\u0107 kilka uj\u0119\u0107, kt\u00f3re wcze\u015bniej prezentowane by\u0142y osobno, jako jeden film. Dzi\u0119ki temu kolejne epizody zwi\u0119kszaj\u0105 swoj\u0105 wzajemn\u0105 si\u0142\u0119 oddzia\u0142ywania. Z pocz\u0105tku irytuj\u0105ce wideo, po chwili poch\u0142ania odbiorc\u0119 i budzi trudne do zdefiniowania uczucie niezno\u015bnej intymno\u015bci. W niekt\u00f3rych \u201ezlupowanych\u201d uj\u0119ciach w k\u00f3\u0142ko odtwarzany jest jeden gest postaci (artysty). Usta dotykaj\u0105ce koniuszk\u00f3w ro\u015blin, d\u0142o\u0144 dotykaj\u0105ca unosz\u0105cych si\u0119 w powietrzu py\u0142k\u00f3w i nasion. Z pozoru zwyczajny gest jaki zdarza si\u0119 na co dzie\u0144 ka\u017cdemu z nas, tutaj pokazany w wi\u0119kszej skali i zap\u0119tlony, staje si\u0119 synonimem przesadnej blisko\u015bci. Mo\u017cna mie\u0107 wra\u017cenie naruszenia granicy w\u0142asnej przestrzeni, jakby ten dotyk przeznaczony by\u0142 dla naszej sk\u00f3ry.<\/p>\n<p>Opr\u00f3cz charakterystycznego dla Maniaka zainteresowania natur\u0105, ukszta\u0142towanego w du\u017cej mierze przez dzieci\u0144stwo i dojrzewanie na okolonych lasami obrze\u017cach Tuchowa, typowe s\u0105 dla niego tak\u017ce eksperymenty z form\u0105. Lupowanie, zap\u0119tlanie klatek przypomina sztandarowe eksperymenty Warsztatu Formy Filmowej. Podczas kiedy filmy takie jak <em>Bli\u017cej dalej<\/em> czy <em>Boli mnie noga<\/em> J\u00f3zefa Robakowskiego dzi\u0119ki autotematycznym formalnym eksperymentom z medium obna\u017caj\u0105 absurdalny charakter Polski lat sze\u015b\u0107dziesi\u0105tych, te same zabiegi formalne Maniaka zawieszaj\u0105 jego tw\u00f3rczo\u015b\u0107 pomi\u0119dzy poetyckim pejza\u017cem natury a ci\u0119\u017ck\u0105 do zniesienia intymno\u015bci\u0105 zrodzon\u0105 w relacji podmiotu i odbiorcy pracy. Ten emocjonalny, intymny odbi\u00f3r realizacji <em>Bez tytu\u0142u (Czas i przestrze\u0144)<\/em> wydaje si\u0119 mie\u0107 genez\u0119 w r\u00f3wnie emocjonalnym i intymnym stosunku artysty do natury oraz do procesu tw\u00f3rczego. W rozmowie z Karolin\u0105 Plint\u0105 na \u0142amach SZUM-u mo\u017cna przeczyta\u0107 tak\u0105 wypowied\u017a artysty: \u201eKiedy ju\u017c znajd\u0119 ciekawe miejsce, przez co mam na my\u015bli tak\u017ce kwestie formalne, na przyk\u0142ad spodoba mi si\u0119 uk\u0142ad drzew czy mozaikowa kompozycja krzak\u00f3w, to wtedy mam ochot\u0119 si\u0119 do niej zbli\u017cy\u0107 i\u00a0zaznaczy\u0107 ten moment poznania, wej\u015bcia w\u00a0jeszcze mniejszy fragment rzeczywisto\u015bci i\u00a0skalowania z\u00a0szerszego pola do mniejszego. Czyli dajmy na to id\u0119, zbli\u017cam si\u0119 do jakiego\u015b punktu i\u00a0w niego wnikam, nast\u0119pnie wkraczam dalej i\u00a0zatapiam si\u0119 w\u00a0kolejn\u0105 mniejsz\u0105 mikro-przestrze\u0144\u201d<a class=\"fn-ref-mark\" href=\"#footnote-1\" id=\"refmark-1\"><sup>[1]<\/sup><\/a>.<\/p>\n<p>Czy ten osobliwy proces tw\u00f3rczy wystawia wspomnian\u0105 niezno\u015bn\u0105 intymno\u015b\u0107 \u015bwiadomie na pokaz, czy mo\u017ce \u2013 na zasadzie skutku ubocznego \u2013 odbiorca staje si\u0119 voyeurem?<\/p>\n<figure id=\"attachment_31361\" aria-describedby=\"caption-attachment-31361\" style=\"width: 540px\" class=\"wp-caption alignnone\"><a href=\"https:\/\/ownetic.com\/magazyn\/2015\/daria-skok-katalog-czulych-gestow\/krzysztof-maniak-czas-i-przestrzen-2013-001\/\" rel=\"attachment wp-att-31361\"><img loading=\"lazy\" class=\"size-medium wp-image-31361\" title=\"Krzysztof Maniak, kadr z filmu \u201eBez Tytu\u0142u\u201d (\u201eCzas i Przestrze\u0144\u201d), 2013, fot. dzi\u0119ki uprzejmo\u015bci artysty (\u017ar\u00f3d\u0142o: dzi\u0119ki uprzejmo\u015bci TRAFOstacji Sztuki)\" src=\"https:\/\/ownetic.com\/magazyn\/wp-content\/uploads\/2015\/08\/krzysztof-maniak-czas-i-przestrzen-2013-001-540x303.jpg\" alt=\"Krzysztof Maniak, kadr z filmu \u201eBez Tytu\u0142u\u201d (\u201eCzas i Przestrze\u0144\u201d), 2013, fot. dzi\u0119ki uprzejmo\u015bci artysty (\u017ar\u00f3d\u0142o: dzi\u0119ki uprzejmo\u015bci TRAFOstacji Sztuki)\" width=\"540\" height=\"303\" srcset=\"https:\/\/ownetic.com\/magazyn\/wp-content\/uploads\/2015\/08\/krzysztof-maniak-czas-i-przestrzen-2013-001-540x303.jpg 540w, https:\/\/ownetic.com\/magazyn\/wp-content\/uploads\/2015\/08\/krzysztof-maniak-czas-i-przestrzen-2013-001-900x506.jpg 900w, https:\/\/ownetic.com\/magazyn\/wp-content\/uploads\/2015\/08\/krzysztof-maniak-czas-i-przestrzen-2013-001-576x324.jpg 576w, https:\/\/ownetic.com\/magazyn\/wp-content\/uploads\/2015\/08\/krzysztof-maniak-czas-i-przestrzen-2013-001.jpg 1280w\" sizes=\"(max-width: 540px) 100vw, 540px\" \/><\/a><figcaption id=\"caption-attachment-31361\" class=\"wp-caption-text\">Krzysztof Maniak, kadr z filmu \u201eBez Tytu\u0142u\u201d (\u201eCzas i Przestrze\u0144\u201d), 2013, fot. dzi\u0119ki uprzejmo\u015bci artysty (\u017ar\u00f3d\u0142o: dzi\u0119ki uprzejmo\u015bci TRAFOstacji Sztuki)<\/figcaption><\/figure>\n<p>Nie do ko\u0144ca jest tak, \u017ce pokazani w tej edycji MEDIA LAB-u arty\u015bci to debiutanci. Krzysztof Maniak, cho\u0107 ma zaledwie 25 lat (rocznik 1990), jest artyst\u0105 robi\u0105cym aktualnie zawrotn\u0105 karier\u0119. Zwyci\u0119zca tegorocznej nagrody Artystyczna Podr\u00f3\u017c Hestii ma na koncie tak\u017ce pierwsz\u0105 nagrod\u0119 Talenty Tr\u00f3jki 2013, Nagrod\u0119 Ministra Kultury i Dziedzictwa Narodowego, a tak\u017ce nagrod\u0119 VII Festiwalu Film\u00f3w i Form Jednominutowych <em>TheOneMinutes<\/em> w Gda\u0144sku. Pokazywany na prowincjach, ale i w Warszawie, szybko zdoby\u0142 uznanie, kt\u00f3rego apogeum stanowi\u0142o tegoroczne zwyci\u0119stwo we wspomnianym konkursie Hestii. Maniak \u2013 mimo m\u0142odego wieku \u2013 \u00a0jest zatem wyborem bezpiecznym, trafnym niezale\u017cnie od kontekstu.<\/p>\n<p>Zupe\u0142nie inaczej sprawy si\u0119 maj\u0105 w przypadku duetu Epectase i ich dzia\u0142a\u0144 performatywnych oraz fotograficznej dokumentacji tych\u017ce, prezentowanej pod tytu\u0142em <em>B\u00f3g jest mi\u0142o\u015bci\u0105<\/em>. Corentin Fohlen i J\u00e9r\u00f4me Von Zilw je\u017adzili po francuskich wsiach i miejscowo\u015bciach w poszukiwaniu przydro\u017cnych krucyfiks\u00f3w. Podczas kiedy Corentin ukrywa\u0142 si\u0119 za obiektywem aparatu, J\u00e9r\u00f4me\u00a0wdrapywa\u0142 si\u0119 na krucyfiks i w czu\u0142ym ge\u015bcie przytula\u0142 wyrze\u017abionego w drewnie Chrystusa. Jak mo\u017cna si\u0119 spodziewa\u0107, opr\u00f3cz efektu ko\u0144cowego \u2013 czyli wystudiowanych fotografii \u2013 sam gest mia\u0142 tak\u017ce wymiar performatywny i wi\u0105za\u0142y si\u0119 z nim skrajne reakcje przypadkowych \u015bwiadk\u00f3w zdarzenia.<\/p>\n<p>Tytu\u0142 jaki duet Epectase nada\u0142 fotografiom, czyli <em>B\u00f3g jest mi\u0142o\u015bci\u0105<\/em>, oraz ich wypowiedzi i prezentowany stosunek do religii (odwo\u0142uj\u0105 si\u0119 do katolicyzmu, cho\u0107 posuwaj\u0105 si\u0119 chyba do granicy perwersji) wykluczaj\u0105 polemiczny czy obrazoburczy charakter tych dzia\u0142a\u0144. O znaczeniu tego gestu stanowi nie jego katolicka czy antykatolicka krytyka, ale rozwa\u017cania na temat mi\u0142o\u015bci do Boga i jej charakteru. Dla lewackiej i antyklerykalnej publiki, kt\u00f3ra z pewno\u015bci\u0105 stanowi wi\u0119kszo\u015b\u0107 wielbicieli sztuk wizualnych i wsp\u00f3\u0142czesnej kultury, taki charakter artystycznych praktyk jest trudny do prze\u0142kni\u0119cia. By\u0107 mo\u017ce jednak narzucaj\u0105ce si\u0119 skojarzenia z perwersyjnymi i wypaczonymi zachowaniami g\u0142\u00f3wnej bohaterki filmu <em>Raj: Wiara<\/em> Ulriha Seidla, przeciwnie do zak\u0142adanego wolnomy\u015blicielstwa \u201eantyprawicowej frakcji\u201d do kt\u00f3rej i ja si\u0119 zaliczam, \u015bwiadcz\u0105 w\u0142a\u015bnie o konserwatywno\u015bci i zamkni\u0119ciu? Warto przytoczy\u0107 tutaj doskona\u0142\u0105 kreacj\u0119 Marii Hofst\u00e4tter, muzy Seidla, kt\u00f3ra w <em>Raj: Wiara<\/em> zagra\u0142a Ann\u0119 Mari\u0119, fanatyczn\u0105 katoliczk\u0119 i samotn\u0105, zrozpaczon\u0105 kobiet\u0119 jednocze\u015bnie. W jej d\u0142oniach krucyfiks stawa\u0142 si\u0119 niemal substytutem m\u0119skiego cz\u0142onka, wisz\u0105cy na krzy\u017cu Chrystus za\u015b prawowitym kochankiem. Nie da si\u0119 ukry\u0107, \u017ce obraz nakre\u015blony przez re\u017cysera stanowi\u0107 mo\u017ce twardy argument przeciwko nadawaniu cielesnego wymiaru \u201emi\u0142o\u015bci do Boga\u201d. \u00a0Bior\u0105c pod uwag\u0119 \u00a0moje, by\u0107 mo\u017ce stronnicze nastawienie, staram si\u0119 spojrze\u0107 na zdj\u0119cia jeszcze raz, oceniaj\u0105c ich warto\u015b\u0107 estetyczn\u0105, kompozycj\u0119 i inne formalne wymogi, kt\u00f3re sk\u0142adaj\u0105 si\u0119 na zachwyt odbiorcy. Pomijaj\u0105c doskona\u0142y pomys\u0142 naniesienia fotografii na aluminiowe p\u0142ytki, musz\u0119 stwierdzi\u0107 \u2013 nie zachwyca.<\/p>\n<figure id=\"attachment_31360\" aria-describedby=\"caption-attachment-31360\" style=\"width: 540px\" class=\"wp-caption alignnone\"><a href=\"https:\/\/ownetic.com\/magazyn\/2015\/daria-skok-katalog-czulych-gestow\/epectase-dieu-est-amour-002\/\" rel=\"attachment wp-att-31360\"><img loading=\"lazy\" class=\"size-medium wp-image-31360\" title=\"Epectase, \u201eDieu est amour\u201d, 2012 (\u017ar\u00f3d\u0142o: dzi\u0119ki uprzejmo\u015bci TRAFOstacji Sztuki)\" src=\"https:\/\/ownetic.com\/magazyn\/wp-content\/uploads\/2015\/08\/epectase-dieu-est-amour-002-540x540.jpg\" alt=\"Epectase, \u201eDieu est amour\u201d, 2012 (\u017ar\u00f3d\u0142o: dzi\u0119ki uprzejmo\u015bci TRAFOstacji Sztuki)\" width=\"540\" height=\"540\" srcset=\"https:\/\/ownetic.com\/magazyn\/wp-content\/uploads\/2015\/08\/epectase-dieu-est-amour-002-540x540.jpg 540w, https:\/\/ownetic.com\/magazyn\/wp-content\/uploads\/2015\/08\/epectase-dieu-est-amour-002-80x80.jpg 80w, https:\/\/ownetic.com\/magazyn\/wp-content\/uploads\/2015\/08\/epectase-dieu-est-amour-002-900x900.jpg 900w, https:\/\/ownetic.com\/magazyn\/wp-content\/uploads\/2015\/08\/epectase-dieu-est-amour-002-576x576.jpg 576w, https:\/\/ownetic.com\/magazyn\/wp-content\/uploads\/2015\/08\/epectase-dieu-est-amour-002.jpg 1039w\" sizes=\"(max-width: 540px) 100vw, 540px\" \/><\/a><figcaption id=\"caption-attachment-31360\" class=\"wp-caption-text\">Epectase, \u201eDieu est amour\u201d, 2012 (\u017ar\u00f3d\u0142o: dzi\u0119ki uprzejmo\u015bci TRAFOstacji Sztuki)<\/figcaption><\/figure>\n<p>Do g\u0142owy ci\u015bnie si\u0119 skojarzenie ze s\u0142ynnym ju\u017c projektem Cecylii Malik <em>365 drzew. <\/em>Artystka (czy dzisiaj mo\u017ce ju\u017c <em>dzia\u0142aczka spo\u0142eczna<\/em>?) codziennie, przez ca\u0142y rok, wdrapywa\u0142a si\u0119 na jedno drzewo. 365 fotografii dokumentuj\u0105cych to przedsi\u0119wzi\u0119cie jest dowodem na \u015bwiadome i dopracowane w ka\u017cdym aspekcie konceptualne dzia\u0142ania. Niekt\u00f3re fotografie, owszem, zachwycaj\u0105, niekt\u00f3re sta\u0142y si\u0119 ikoniczne. W por\u00f3wnaniu do Malik, zdj\u0119cia Epectase wypadaj\u0105 co najmniej s\u0142abo. Symetryczna lub nudnie dokumentalna kompozycja, gdyby nie przytulaj\u0105cy si\u0119 do krzy\u017ca m\u0119\u017cczyzna, niczym nie r\u00f3\u017cni\u0142aby si\u0119 od rodzinnych zdj\u0119\u0107 w albumie: <em>Maj 2007, komunia naszej wnuczki, Lato 2011 spacer z wnuczk\u0105 z Kosina do Przelewic. <\/em>O! albo na przyk\u0142ad takie praktyki inwentaryzacyjne student\u00f3w historii sztuki \u2013 jedziemy na wie\u015b i fotografujemy przydro\u017cne Chrystusy. <em>Dieu est amour<\/em>, cho\u0107by chcia\u0142o si\u0119 podej\u015b\u0107 do tej pracy inaczej, pod wnikliwym spojrzeniem staje si\u0119 prac\u0105 deklaratywn\u0105, odart\u0105 z niedopowiedzenia, w ko\u0144cu \u2013 nudn\u0105.<\/p>\n<p>Pomimo nijako\u015bci zdj\u0119\u0107 francuskiego duetu, nale\u017ca\u0142oby pochwali\u0107 kuratork\u0119 wystawy. Wyb\u00f3r prac nie jest bowiem tak arbitralny, jak mog\u0142oby si\u0119 wydawa\u0107. To co \u0142\u0105czy te tak r\u00f3\u017cne \u2013 pod wzgl\u0119dem formalnym, ale przede wszystkim jako\u015bciowym \u2013 dzia\u0142ania, to czu\u0142o\u015b\u0107. W przypadku Epectase jest to czu\u0142e, pe\u0142ne mi\u0142o\u015bci i wr\u0119cz cielesne podej\u015bcie do Boga. Cho\u0107 skojarzenie z ocieraj\u0105c\u0105 si\u0119 o krucyfiks Ann\u0105 Mari\u0105 z filmu Seidla dla mnie jest nieuniknione, to wspinaj\u0105cy si\u0119 na krzy\u017ce Corentin Fohlen podobno deklaruje tu czu\u0142\u0105 i pozbawion\u0105 wszelkich podtekst\u00f3w mi\u0142o\u015b\u0107. Czu\u0142o\u015b\u0107 w pracach Krzysztofa Maniaka zawarta jest w jego subtelnych gestach i emocjonalnej, czasem cielesnej relacji z natur\u0105. To w\u0142a\u015bnie ta delikatno\u015b\u0107 i czu\u0142o\u015b\u0107 gest\u00f3w artysty s\u0105 odpowiedzialne za zmieszanie, niepok\u00f3j, a nawet dyskomfort odbiorcy. To w\u0142a\u015bnie ta si\u0142a oddzia\u0142ywania, obok warstwy wizualnej, jest najmocniejsz\u0105 cech\u0105 tw\u00f3rczo\u015bci Maniaka.<\/p>\n<p>Niew\u0105tpliwie wyb\u00f3r Krzysztofa Maniaka jako artysty prezentowanego w tej edycji MEDIA LAB-u by\u0142 wyborem bezpiecznym. Chocia\u017c spe\u0142nia on kryterium wieku, to jest ju\u017c artyst\u0105 znanym i docenionym. Po cyklicznej imprezie organizowanej w ramach \u201elaboratorium\u201d ma\u0142ej przestrzeni, oczekiwa\u0142abym dostarczania odbiorcy prawdziwie \u015bwie\u017cych nazwisk. Z drugiej jednak strony, MEDIA LAB by\u0142 pierwsz\u0105 okazj\u0105 zobaczenia prac tego artysty w Szczecinie. By\u0107 mo\u017ce gdyby nie TRAFOstacja, \u017ceby zobaczy\u0107 prace Maniaka, ale i innych prezentowanych w TRAFO artyst\u00f3w, mieszka\u0144cy Szczecina jecha\u0107 musieliby co najmniej do Warszawy czy Krakowa. Dlatego kolejny ju\u017c raz o dzia\u0142alno\u015bci tej instytucji wypowiedzie\u0107 si\u0119 musz\u0119 z du\u017c\u0105 doz\u0105 sympatii. W ci\u0105gu ostatnich kilku lat swojej dzia\u0142alno\u015bci zrobi\u0142a ona wi\u0119cej dla Szczecina ni\u017c Muzeum Narodowe w ci\u0105gu kilkunastu lat; odebra\u0142a te\u017c pierwsze skrzypce r\u00f3wnie pr\u0119\u017cnie dzia\u0142aj\u0105cemu Klubowi 13 Muz, organizuj\u0105cemu mi\u0119dzy innymi coroczny festiwal sztuk wizualnych <em>Inspiracje<\/em>. Czy\u017cby TRAFO mia\u0142a wi\u0119cej czu\u0142o\u015bci dla sztuki?<\/p>\n<div id=\"footnote-list\" style=\"display:inherit\"><span id=fn-heading>Poka\u017c przypisy<\/span> &nbsp;&nbsp;&nbsp;(\u21b5 returns to text)<\/p>\n<ol>\n<li id=\"footnote-1\" class=\"fn-text\"><em> Figura zatrzymania. Rozmowa z Krzysztofem Maniakiem<\/em>, K. Plinta, SZUM &#8211; http:\/\/magazynszum.pl\/rozmowy\/figura-zatrzymania-rozmowa-z-krzysztofem-maniakiem<a href=\"#refmark-1\">\u21b5<\/a><\/li>\n<\/ol>\n<\/div>\n","protected":false},"excerpt":{"rendered":"<p>To co \u0142\u0105czy te tak r\u00f3\u017cne \u2013 pod wzgl\u0119dem formalnym, ale przede wszystkim jako\u015bciowym \u2013 dzia\u0142ania, to czu\u0142o\u015b\u0107. W przypadku Epectase jest to czu\u0142e, pe\u0142ne mi\u0142o\u015bci i wr\u0119cz cielesne podej\u015bcie do Boga. Cho\u0107 skojarzenie z ocieraj\u0105c\u0105 si\u0119 o krucyfiks Ann\u0105 Mari\u0105 z filmu Seidla dla mnie jest nieuniknione, to wspinaj\u0105cy si\u0119 na krzy\u017ce Corentin Fohlen podobno deklaruje tu czu\u0142\u0105 i pozbawion\u0105 wszelkich podtekst\u00f3w mi\u0142o\u015b\u0107. Czu\u0142o\u015b\u0107 w pracach Krzysztofa Maniaka zawarta jest w jego subtelnych gestach i emocjonalnej, czasem cielesnej relacji z natur\u0105. <\/p>\n","protected":false},"author":541,"featured_media":31359,"comment_status":"open","ping_status":"closed","sticky":false,"template":"","format":"standard","meta":[],"categories":[1],"tags":[3580,475,849,3585],"powerkit_post_featured":[],"coauthors":[14116],"yoast_head":"<!-- This site is optimized with the Yoast SEO plugin v18.7 - https:\/\/yoast.com\/wordpress\/plugins\/seo\/ -->\n<title>TRAFOstacja Sztuki \u2013 Katalog czu\u0142ych gest\u00f3w<\/title>\n<meta name=\"description\" content=\"Na mapie polskich prowincji szczeci\u0144ska TRAFOstacja Sztuki wyrasta na prawdziwego hegemona.\" \/>\n<meta name=\"robots\" content=\"index, follow, max-snippet:-1, max-image-preview:large, max-video-preview:-1\" \/>\n<link rel=\"canonical\" href=\"https:\/\/ownetic.com\/magazyn\/2015\/daria-skok-katalog-czulych-gestow\" \/>\n<script type=\"application\/ld+json\" class=\"yoast-schema-graph\">{\"@context\":\"https:\/\/schema.org\",\"@graph\":[{\"@type\":\"WebSite\",\"@id\":\"https:\/\/ownetic.com\/magazyn\/#website\",\"url\":\"https:\/\/ownetic.com\/magazyn\/\",\"name\":\"Ownetic Magazine\",\"description\":\"Magazine\",\"potentialAction\":[{\"@type\":\"SearchAction\",\"target\":{\"@type\":\"EntryPoint\",\"urlTemplate\":\"https:\/\/ownetic.com\/magazyn\/?s={search_term_string}\"},\"query-input\":\"required name=search_term_string\"}],\"inLanguage\":\"pl-PL\"},{\"@type\":\"ImageObject\",\"inLanguage\":\"pl-PL\",\"@id\":\"https:\/\/ownetic.com\/magazyn\/2015\/daria-skok-katalog-czulych-gestow#primaryimage\",\"url\":\"https:\/\/ownetic.com\/magazyn\/wp-content\/uploads\/2015\/08\/epectase-dieu-est-amour-001.jpg\",\"contentUrl\":\"https:\/\/ownetic.com\/magazyn\/wp-content\/uploads\/2015\/08\/epectase-dieu-est-amour-001.jpg\",\"width\":1039,\"height\":1039,\"caption\":\"Epectase, \u201eDieu est amour\u201d, 2012 (\u017ar\u00f3d\u0142o: dzi\u0119ki uprzejmo\u015bci TRAFOstacji Sztuki)\"},{\"@type\":\"WebPage\",\"@id\":\"https:\/\/ownetic.com\/magazyn\/2015\/daria-skok-katalog-czulych-gestow#webpage\",\"url\":\"https:\/\/ownetic.com\/magazyn\/2015\/daria-skok-katalog-czulych-gestow\",\"name\":\"TRAFOstacja Sztuki \u2013 Katalog czu\u0142ych gest\u00f3w\",\"isPartOf\":{\"@id\":\"https:\/\/ownetic.com\/magazyn\/#website\"},\"primaryImageOfPage\":{\"@id\":\"https:\/\/ownetic.com\/magazyn\/2015\/daria-skok-katalog-czulych-gestow#primaryimage\"},\"datePublished\":\"2015-08-05T17:00:15+00:00\",\"dateModified\":\"2021-01-12T08:45:07+00:00\",\"author\":{\"@id\":\"https:\/\/ownetic.com\/magazyn\/#\/schema\/person\/fa7e85b7dbfd24148f3b80af9fa74618\"},\"description\":\"Na mapie polskich prowincji szczeci\u0144ska TRAFOstacja Sztuki wyrasta na prawdziwego hegemona.\",\"breadcrumb\":{\"@id\":\"https:\/\/ownetic.com\/magazyn\/2015\/daria-skok-katalog-czulych-gestow#breadcrumb\"},\"inLanguage\":\"pl-PL\",\"potentialAction\":[{\"@type\":\"ReadAction\",\"target\":[\"https:\/\/ownetic.com\/magazyn\/2015\/daria-skok-katalog-czulych-gestow\"]}]},{\"@type\":\"BreadcrumbList\",\"@id\":\"https:\/\/ownetic.com\/magazyn\/2015\/daria-skok-katalog-czulych-gestow#breadcrumb\",\"itemListElement\":[{\"@type\":\"ListItem\",\"position\":1,\"name\":\"Katalog czu\u0142ych gest\u00f3w\"}]},{\"@type\":\"Person\",\"@id\":\"https:\/\/ownetic.com\/magazyn\/#\/schema\/person\/fa7e85b7dbfd24148f3b80af9fa74618\",\"name\":\"Daria Skok\",\"description\":\"DARIA SKOK \u2013 historyczka sztuki i krytyczka. Publikowa\u0142a min. w \u201eMagazynie Szum\u201d, \u201eRicie Baum\u201d, \u201eQUARCIE\u201d i \u201eArtluku\u201d. W ramach studi\u00f3w doktoranckich bada zwi\u0105zki sztuki partycypacyjnej i zmian gospodarczo-politycznych w Polsce po 1989 roku.\",\"url\":\"https:\/\/ownetic.com\/magazyn\/author\/daria-skok\"}]}<\/script>\n<!-- \/ Yoast SEO plugin. -->","yoast_head_json":{"title":"TRAFOstacja Sztuki \u2013 Katalog czu\u0142ych gest\u00f3w","description":"Na mapie polskich prowincji szczeci\u0144ska TRAFOstacja Sztuki wyrasta na prawdziwego hegemona.","robots":{"index":"index","follow":"follow","max-snippet":"max-snippet:-1","max-image-preview":"max-image-preview:large","max-video-preview":"max-video-preview:-1"},"canonical":"https:\/\/ownetic.com\/magazyn\/2015\/daria-skok-katalog-czulych-gestow","schema":{"@context":"https:\/\/schema.org","@graph":[{"@type":"WebSite","@id":"https:\/\/ownetic.com\/magazyn\/#website","url":"https:\/\/ownetic.com\/magazyn\/","name":"Ownetic Magazine","description":"Magazine","potentialAction":[{"@type":"SearchAction","target":{"@type":"EntryPoint","urlTemplate":"https:\/\/ownetic.com\/magazyn\/?s={search_term_string}"},"query-input":"required name=search_term_string"}],"inLanguage":"pl-PL"},{"@type":"ImageObject","inLanguage":"pl-PL","@id":"https:\/\/ownetic.com\/magazyn\/2015\/daria-skok-katalog-czulych-gestow#primaryimage","url":"https:\/\/ownetic.com\/magazyn\/wp-content\/uploads\/2015\/08\/epectase-dieu-est-amour-001.jpg","contentUrl":"https:\/\/ownetic.com\/magazyn\/wp-content\/uploads\/2015\/08\/epectase-dieu-est-amour-001.jpg","width":1039,"height":1039,"caption":"Epectase, \u201eDieu est amour\u201d, 2012 (\u017ar\u00f3d\u0142o: dzi\u0119ki uprzejmo\u015bci TRAFOstacji Sztuki)"},{"@type":"WebPage","@id":"https:\/\/ownetic.com\/magazyn\/2015\/daria-skok-katalog-czulych-gestow#webpage","url":"https:\/\/ownetic.com\/magazyn\/2015\/daria-skok-katalog-czulych-gestow","name":"TRAFOstacja Sztuki \u2013 Katalog czu\u0142ych gest\u00f3w","isPartOf":{"@id":"https:\/\/ownetic.com\/magazyn\/#website"},"primaryImageOfPage":{"@id":"https:\/\/ownetic.com\/magazyn\/2015\/daria-skok-katalog-czulych-gestow#primaryimage"},"datePublished":"2015-08-05T17:00:15+00:00","dateModified":"2021-01-12T08:45:07+00:00","author":{"@id":"https:\/\/ownetic.com\/magazyn\/#\/schema\/person\/fa7e85b7dbfd24148f3b80af9fa74618"},"description":"Na mapie polskich prowincji szczeci\u0144ska TRAFOstacja Sztuki wyrasta na prawdziwego hegemona.","breadcrumb":{"@id":"https:\/\/ownetic.com\/magazyn\/2015\/daria-skok-katalog-czulych-gestow#breadcrumb"},"inLanguage":"pl-PL","potentialAction":[{"@type":"ReadAction","target":["https:\/\/ownetic.com\/magazyn\/2015\/daria-skok-katalog-czulych-gestow"]}]},{"@type":"BreadcrumbList","@id":"https:\/\/ownetic.com\/magazyn\/2015\/daria-skok-katalog-czulych-gestow#breadcrumb","itemListElement":[{"@type":"ListItem","position":1,"name":"Katalog czu\u0142ych gest\u00f3w"}]},{"@type":"Person","@id":"https:\/\/ownetic.com\/magazyn\/#\/schema\/person\/fa7e85b7dbfd24148f3b80af9fa74618","name":"Daria Skok","description":"DARIA SKOK \u2013 historyczka sztuki i krytyczka. Publikowa\u0142a min. w \u201eMagazynie Szum\u201d, \u201eRicie Baum\u201d, \u201eQUARCIE\u201d i \u201eArtluku\u201d. W ramach studi\u00f3w doktoranckich bada zwi\u0105zki sztuki partycypacyjnej i zmian gospodarczo-politycznych w Polsce po 1989 roku.","url":"https:\/\/ownetic.com\/magazyn\/author\/daria-skok"}]}},"_links":{"self":[{"href":"https:\/\/ownetic.com\/magazyn\/wp-json\/wp\/v2\/posts\/31324"}],"collection":[{"href":"https:\/\/ownetic.com\/magazyn\/wp-json\/wp\/v2\/posts"}],"about":[{"href":"https:\/\/ownetic.com\/magazyn\/wp-json\/wp\/v2\/types\/post"}],"author":[{"embeddable":true,"href":"https:\/\/ownetic.com\/magazyn\/wp-json\/wp\/v2\/users\/541"}],"replies":[{"embeddable":true,"href":"https:\/\/ownetic.com\/magazyn\/wp-json\/wp\/v2\/comments?post=31324"}],"version-history":[{"count":1,"href":"https:\/\/ownetic.com\/magazyn\/wp-json\/wp\/v2\/posts\/31324\/revisions"}],"predecessor-version":[{"id":49137,"href":"https:\/\/ownetic.com\/magazyn\/wp-json\/wp\/v2\/posts\/31324\/revisions\/49137"}],"wp:featuredmedia":[{"embeddable":true,"href":"https:\/\/ownetic.com\/magazyn\/wp-json\/wp\/v2\/media\/31359"}],"wp:attachment":[{"href":"https:\/\/ownetic.com\/magazyn\/wp-json\/wp\/v2\/media?parent=31324"}],"wp:term":[{"taxonomy":"category","embeddable":true,"href":"https:\/\/ownetic.com\/magazyn\/wp-json\/wp\/v2\/categories?post=31324"},{"taxonomy":"post_tag","embeddable":true,"href":"https:\/\/ownetic.com\/magazyn\/wp-json\/wp\/v2\/tags?post=31324"},{"taxonomy":"powerkit_post_featured","embeddable":true,"href":"https:\/\/ownetic.com\/magazyn\/wp-json\/wp\/v2\/powerkit_post_featured?post=31324"},{"taxonomy":"author","embeddable":true,"href":"https:\/\/ownetic.com\/magazyn\/wp-json\/wp\/v2\/coauthors?post=31324"}],"curies":[{"name":"wp","href":"https:\/\/api.w.org\/{rel}","templated":true}]}}