{"id":33834,"date":"2015-12-22T09:00:38","date_gmt":"2015-12-22T08:00:38","guid":{"rendered":"https:\/\/ownetic.com\/magazyn\/?p=33834"},"modified":"2020-11-09T12:15:59","modified_gmt":"2020-11-09T11:15:59","slug":"anna-stec-dispossession-po-biennale-w-wenecji","status":"publish","type":"post","link":"https:\/\/ownetic.com\/magazyn\/2015\/anna-stec-dispossession-po-biennale-w-wenecji","title":{"rendered":"Dispossession. Po Biennale w Wenecji"},"content":{"rendered":"<p>W maju tego roku spojrzenie bran\u017cy artystycznej ca\u0142ego \u015bwiata skupione by\u0142o na Wenecji. Zrecenzowano ju\u017c najwa\u017cniejsze wystawy, opisano prezentacje nagrodzone Z\u0142otymi Lwami, wypunktowano najciekawsze realizacje i najbardziej obiecuj\u0105cych artyst\u00f3w. Po raz kolejny pojawi\u0142y si\u0119 g\u0142osy, \u017ce prezentacja sztuki, opieraj\u0105ca si\u0119 na geograficznych podzia\u0142ach (w pawilonach narodowych), jest ju\u017c anachronizmem. Wci\u0105\u017c jednak to ogrody Giardini (wraz z wystawa g\u0142\u00f3wn\u0105 w arsenale) znajdowa\u0142y si\u0119 w centrum uwagi i zepchn\u0119\u0142y na dalszy plan wystawy towarzysz\u0105ce Biennale, rozsiane po ca\u0142ej Wenecji. Szkoda, gdy\u017c to w\u0142a\u015bnie te satelickie wystawy cz\u0119sto by\u0142y znacznie ciekawszym uzupe\u0142nieniem tematu przewodniego wystawy g\u0142\u00f3wnej (\u201eWszystkie przysz\u0142o\u015bci \u015bwiata\u201d), ni\u017c prezentacje w pawilonach narodowych.<\/p>\n<figure id=\"attachment_33880\" aria-describedby=\"caption-attachment-33880\" style=\"width: 540px\" class=\"wp-caption alignnone\"><a href=\"https:\/\/ownetic.com\/magazyn\/2015\/anna-stec-dispossession-po-biennale-w-wenecji\/tomasz-opania-001\/\" rel=\"attachment wp-att-33880\"><img loading=\"lazy\" class=\"size-medium wp-image-33880\" title=\"Realizacja Tomasza Opani, wystawa \u201eDispossession\u201d, Biennale w Wenecji, 2015 (\u017ar\u00f3d\u0142o: materia\u0142y prasowe organizatora)\" src=\"https:\/\/ownetic.com\/magazyn\/wp-content\/uploads\/2015\/12\/tomasz-opania-001-540x360.jpg\" alt=\"Realizacja Tomasza Opani, wystawa \u201eDispossession\u201d, Biennale w Wenecji, 2015 (\u017ar\u00f3d\u0142o: materia\u0142y prasowe organizatora)\" width=\"540\" height=\"360\" srcset=\"https:\/\/ownetic.com\/magazyn\/wp-content\/uploads\/2015\/12\/tomasz-opania-001-540x360.jpg 540w, https:\/\/ownetic.com\/magazyn\/wp-content\/uploads\/2015\/12\/tomasz-opania-001-900x601.jpg 900w, https:\/\/ownetic.com\/magazyn\/wp-content\/uploads\/2015\/12\/tomasz-opania-001-576x384.jpg 576w, https:\/\/ownetic.com\/magazyn\/wp-content\/uploads\/2015\/12\/tomasz-opania-001.jpg 1554w\" sizes=\"(max-width: 540px) 100vw, 540px\" \/><\/a><figcaption id=\"caption-attachment-33880\" class=\"wp-caption-text\">Realizacja Tomasza Opani, wystawa \u201eDispossession\u201d, Biennale w Wenecji, 2015 (\u017ar\u00f3d\u0142o: materia\u0142y prasowe organizatora)<\/figcaption><\/figure>\n<p>Warto zatem pami\u0119ta\u0107, \u017ce do 22 listopada mo\u017cna by\u0142o przyjrze\u0107 si\u0119 mniejszym ekspozycjom towarzysz\u0105cym Biennale, na przyk\u0142ad wystawie pt. <em>Dispossession<\/em> przygotowanej przez Europejsk\u0105 Stolic\u0119 Kultury Wroc\u0142aw 2016 \u2013 interdyscyplinarnej opowie\u015bci, kr\u0105\u017c\u0105cej wok\u00f3\u0142 tematu przesiedle\u0144, migracji a przede wszystkim wok\u00f3\u0142 tematu utraty domu i niemo\u017cno\u015bci jego odzyskania w kontek\u015bcie zar\u00f3wno powojennych jak i wsp\u00f3\u0142czesnych wydarze\u0144.<\/p>\n<div id='gallery-1' class='gallery galleryid-33834 gallery-columns-5 gallery-size-thumbnail'><figure class='gallery-item'>\n\t\t\t<div class='gallery-icon landscape'>\n\t\t\t\t<a href='https:\/\/ownetic.com\/magazyn\/2015\/anna-stec-dispossession-po-biennale-w-wenecji\/tomasz-opania-004'><img width=\"80\" height=\"80\" src=\"https:\/\/ownetic.com\/magazyn\/wp-content\/uploads\/2015\/12\/tomasz-opania-004-80x80.jpg\" class=\"attachment-thumbnail size-thumbnail\" alt=\"Realizacja Tomasza Opani, wystawa \u201eDispossession\u201d, Biennale w Wenecji, 2015 (\u017ar\u00f3d\u0142o: materia\u0142y prasowe organizatora)\" loading=\"lazy\" aria-describedby=\"gallery-1-33883\" \/><\/a>\n\t\t\t<\/div>\n\t\t\t\t<figcaption class='wp-caption-text gallery-caption' id='gallery-1-33883'>\n\t\t\t\tRealizacja Tomasza Opani, wystawa \u201eDispossession\u201d, Biennale w Wenecji, 2015 (\u017ar\u00f3d\u0142o: materia\u0142y prasowe organizatora)\n\t\t\t\t<\/figcaption><\/figure><figure class='gallery-item'>\n\t\t\t<div class='gallery-icon landscape'>\n\t\t\t\t<a href='https:\/\/ownetic.com\/magazyn\/2015\/anna-stec-dispossession-po-biennale-w-wenecji\/tomasz-opania-003'><img width=\"80\" height=\"80\" src=\"https:\/\/ownetic.com\/magazyn\/wp-content\/uploads\/2015\/12\/tomasz-opania-003-80x80.jpg\" class=\"attachment-thumbnail size-thumbnail\" alt=\"Realizacja Tomasza Opani, wystawa \u201eDispossession\u201d, Biennale w Wenecji, 2015 (\u017ar\u00f3d\u0142o: materia\u0142y prasowe organizatora)\" loading=\"lazy\" aria-describedby=\"gallery-1-33882\" \/><\/a>\n\t\t\t<\/div>\n\t\t\t\t<figcaption class='wp-caption-text gallery-caption' id='gallery-1-33882'>\n\t\t\t\tRealizacja Tomasza Opani, wystawa \u201eDispossession\u201d, Biennale w Wenecji, 2015 (\u017ar\u00f3d\u0142o: materia\u0142y prasowe organizatora)\n\t\t\t\t<\/figcaption><\/figure><figure class='gallery-item'>\n\t\t\t<div class='gallery-icon landscape'>\n\t\t\t\t<a href='https:\/\/ownetic.com\/magazyn\/2015\/anna-stec-dispossession-po-biennale-w-wenecji\/tomasz-opania-002'><img width=\"80\" height=\"80\" src=\"https:\/\/ownetic.com\/magazyn\/wp-content\/uploads\/2015\/12\/tomasz-opania-002-80x80.jpg\" class=\"attachment-thumbnail size-thumbnail\" alt=\"Realizacja Tomasza Opani, wystawa \u201eDispossession\u201d, Biennale w Wenecji, 2015 (\u017ar\u00f3d\u0142o: materia\u0142y prasowe organizatora)\" loading=\"lazy\" aria-describedby=\"gallery-1-33881\" \/><\/a>\n\t\t\t<\/div>\n\t\t\t\t<figcaption class='wp-caption-text gallery-caption' id='gallery-1-33881'>\n\t\t\t\tRealizacja Tomasza Opani, wystawa \u201eDispossession\u201d, Biennale w Wenecji, 2015 (\u017ar\u00f3d\u0142o: materia\u0142y prasowe organizatora)\n\t\t\t\t<\/figcaption><\/figure><figure class='gallery-item'>\n\t\t\t<div class='gallery-icon landscape'>\n\t\t\t\t<a href='https:\/\/ownetic.com\/magazyn\/2015\/anna-stec-dispossession-po-biennale-w-wenecji\/tomasz-opania-001'><img width=\"80\" height=\"80\" src=\"https:\/\/ownetic.com\/magazyn\/wp-content\/uploads\/2015\/12\/tomasz-opania-001-80x80.jpg\" class=\"attachment-thumbnail size-thumbnail\" alt=\"Realizacja Tomasza Opani, wystawa \u201eDispossession\u201d, Biennale w Wenecji, 2015 (\u017ar\u00f3d\u0142o: materia\u0142y prasowe organizatora)\" loading=\"lazy\" aria-describedby=\"gallery-1-33880\" \/><\/a>\n\t\t\t<\/div>\n\t\t\t\t<figcaption class='wp-caption-text gallery-caption' id='gallery-1-33880'>\n\t\t\t\tRealizacja Tomasza Opani, wystawa \u201eDispossession\u201d, Biennale w Wenecji, 2015 (\u017ar\u00f3d\u0142o: materia\u0142y prasowe organizatora)\n\t\t\t\t<\/figcaption><\/figure><figure class='gallery-item'>\n\t\t\t<div class='gallery-icon portrait'>\n\t\t\t\t<a href='https:\/\/ownetic.com\/magazyn\/2015\/anna-stec-dispossession-po-biennale-w-wenecji\/thomas-kilpper-005'><img width=\"80\" height=\"80\" src=\"https:\/\/ownetic.com\/magazyn\/wp-content\/uploads\/2015\/12\/thomas-kilpper-005-80x80.jpg\" class=\"attachment-thumbnail size-thumbnail\" alt=\"Realizacja Thomasa Klippera, wystawa \u201eDispossession\u201d, Biennale w Wenecji, 2015 (\u017ar\u00f3d\u0142o: materia\u0142y prasowe organizatora)\" loading=\"lazy\" aria-describedby=\"gallery-1-33879\" \/><\/a>\n\t\t\t<\/div>\n\t\t\t\t<figcaption class='wp-caption-text gallery-caption' id='gallery-1-33879'>\n\t\t\t\tRealizacja Thomasa Klippera, wystawa \u201eDispossession\u201d, Biennale w Wenecji, 2015 (\u017ar\u00f3d\u0142o: materia\u0142y prasowe organizatora)\n\t\t\t\t<\/figcaption><\/figure><figure class='gallery-item'>\n\t\t\t<div class='gallery-icon landscape'>\n\t\t\t\t<a href='https:\/\/ownetic.com\/magazyn\/2015\/anna-stec-dispossession-po-biennale-w-wenecji\/thomas-kilpper-004'><img width=\"80\" height=\"80\" src=\"https:\/\/ownetic.com\/magazyn\/wp-content\/uploads\/2015\/12\/thomas-kilpper-004-80x80.jpg\" class=\"attachment-thumbnail size-thumbnail\" alt=\"Realizacja Thomasa Klippera, wystawa \u201eDispossession\u201d, Biennale w Wenecji, 2015 (\u017ar\u00f3d\u0142o: materia\u0142y prasowe organizatora)\" loading=\"lazy\" aria-describedby=\"gallery-1-33878\" \/><\/a>\n\t\t\t<\/div>\n\t\t\t\t<figcaption class='wp-caption-text gallery-caption' id='gallery-1-33878'>\n\t\t\t\tRealizacja Thomasa Klippera, wystawa \u201eDispossession\u201d, Biennale w Wenecji, 2015 (\u017ar\u00f3d\u0142o: materia\u0142y prasowe organizatora)\n\t\t\t\t<\/figcaption><\/figure><figure class='gallery-item'>\n\t\t\t<div class='gallery-icon landscape'>\n\t\t\t\t<a href='https:\/\/ownetic.com\/magazyn\/2015\/anna-stec-dispossession-po-biennale-w-wenecji\/thomas-kilpper-003'><img width=\"80\" height=\"80\" src=\"https:\/\/ownetic.com\/magazyn\/wp-content\/uploads\/2015\/12\/thomas-kilpper-003-80x80.jpg\" class=\"attachment-thumbnail size-thumbnail\" alt=\"Realizacja Thomasa Klippera, wystawa \u201eDispossession\u201d, Biennale w Wenecji, 2015 (\u017ar\u00f3d\u0142o: materia\u0142y prasowe organizatora)\" loading=\"lazy\" aria-describedby=\"gallery-1-33877\" \/><\/a>\n\t\t\t<\/div>\n\t\t\t\t<figcaption class='wp-caption-text gallery-caption' id='gallery-1-33877'>\n\t\t\t\tRealizacja Thomasa Klippera, wystawa \u201eDispossession\u201d, Biennale w Wenecji, 2015 (\u017ar\u00f3d\u0142o: materia\u0142y prasowe organizatora)\n\t\t\t\t<\/figcaption><\/figure><figure class='gallery-item'>\n\t\t\t<div class='gallery-icon landscape'>\n\t\t\t\t<a href='https:\/\/ownetic.com\/magazyn\/2015\/anna-stec-dispossession-po-biennale-w-wenecji\/thomas-kilpper-002'><img width=\"80\" height=\"80\" src=\"https:\/\/ownetic.com\/magazyn\/wp-content\/uploads\/2015\/12\/thomas-kilpper-002-80x80.jpg\" class=\"attachment-thumbnail size-thumbnail\" alt=\"Realizacja Thomasa Klippera, wystawa \u201eDispossession\u201d, Biennale w Wenecji, 2015 (\u017ar\u00f3d\u0142o: materia\u0142y prasowe organizatora)\" loading=\"lazy\" aria-describedby=\"gallery-1-33876\" \/><\/a>\n\t\t\t<\/div>\n\t\t\t\t<figcaption class='wp-caption-text gallery-caption' id='gallery-1-33876'>\n\t\t\t\tRealizacja Thomasa Klippera, wystawa \u201eDispossession\u201d, Biennale w Wenecji, 2015 (\u017ar\u00f3d\u0142o: materia\u0142y prasowe organizatora)\n\t\t\t\t<\/figcaption><\/figure><figure class='gallery-item'>\n\t\t\t<div class='gallery-icon landscape'>\n\t\t\t\t<a href='https:\/\/ownetic.com\/magazyn\/2015\/anna-stec-dispossession-po-biennale-w-wenecji\/thomas-kilpper-001'><img width=\"80\" height=\"80\" src=\"https:\/\/ownetic.com\/magazyn\/wp-content\/uploads\/2015\/12\/thomas-kilpper-001-80x80.jpg\" class=\"attachment-thumbnail size-thumbnail\" alt=\"Realizacja Thomasa Klippera, wystawa \u201eDispossession\u201d, Biennale w Wenecji, 2015 (\u017ar\u00f3d\u0142o: materia\u0142y prasowe organizatora)\" loading=\"lazy\" aria-describedby=\"gallery-1-33875\" \/><\/a>\n\t\t\t<\/div>\n\t\t\t\t<figcaption class='wp-caption-text gallery-caption' id='gallery-1-33875'>\n\t\t\t\tRealizacja Thomasa Klippera, wystawa \u201eDispossession\u201d, Biennale w Wenecji, 2015 (\u017ar\u00f3d\u0142o: materia\u0142y prasowe organizatora)\n\t\t\t\t<\/figcaption><\/figure><figure class='gallery-item'>\n\t\t\t<div class='gallery-icon landscape'>\n\t\t\t\t<a href='https:\/\/ownetic.com\/magazyn\/2015\/anna-stec-dispossession-po-biennale-w-wenecji\/the-open-group-004'><img width=\"80\" height=\"80\" src=\"https:\/\/ownetic.com\/magazyn\/wp-content\/uploads\/2015\/12\/the-open-group-004-80x80.jpg\" class=\"attachment-thumbnail size-thumbnail\" alt=\"Realizacja The Open Group, wystawa \u201eDispossession\u201d, Biennale w Wenecji, 2015 (\u017ar\u00f3d\u0142o: materia\u0142y prasowe organizatora)\" loading=\"lazy\" aria-describedby=\"gallery-1-33874\" \/><\/a>\n\t\t\t<\/div>\n\t\t\t\t<figcaption class='wp-caption-text gallery-caption' id='gallery-1-33874'>\n\t\t\t\tRealizacja The Open Group, wystawa \u201eDispossession\u201d, Biennale w Wenecji, 2015 (\u017ar\u00f3d\u0142o: materia\u0142y prasowe organizatora)\n\t\t\t\t<\/figcaption><\/figure><figure class='gallery-item'>\n\t\t\t<div class='gallery-icon landscape'>\n\t\t\t\t<a href='https:\/\/ownetic.com\/magazyn\/2015\/anna-stec-dispossession-po-biennale-w-wenecji\/the-open-group-003'><img width=\"80\" height=\"80\" src=\"https:\/\/ownetic.com\/magazyn\/wp-content\/uploads\/2015\/12\/the-open-group-003-80x80.jpg\" class=\"attachment-thumbnail size-thumbnail\" alt=\"Realizacja The Open Group, wystawa \u201eDispossession\u201d, Biennale w Wenecji, 2015 (\u017ar\u00f3d\u0142o: materia\u0142y prasowe organizatora)\" loading=\"lazy\" aria-describedby=\"gallery-1-33873\" \/><\/a>\n\t\t\t<\/div>\n\t\t\t\t<figcaption class='wp-caption-text gallery-caption' id='gallery-1-33873'>\n\t\t\t\tRealizacja The Open Group, wystawa \u201eDispossession\u201d, Biennale w Wenecji, 2015 (\u017ar\u00f3d\u0142o: materia\u0142y prasowe organizatora)\n\t\t\t\t<\/figcaption><\/figure><figure class='gallery-item'>\n\t\t\t<div class='gallery-icon landscape'>\n\t\t\t\t<a href='https:\/\/ownetic.com\/magazyn\/2015\/anna-stec-dispossession-po-biennale-w-wenecji\/the-open-group-002'><img width=\"80\" height=\"80\" src=\"https:\/\/ownetic.com\/magazyn\/wp-content\/uploads\/2015\/12\/the-open-group-002-80x80.jpg\" class=\"attachment-thumbnail size-thumbnail\" alt=\"Realizacja The Open Group, wystawa \u201eDispossession\u201d, Biennale w Wenecji, 2015 (\u017ar\u00f3d\u0142o: materia\u0142y prasowe organizatora)\" loading=\"lazy\" aria-describedby=\"gallery-1-33872\" \/><\/a>\n\t\t\t<\/div>\n\t\t\t\t<figcaption class='wp-caption-text gallery-caption' id='gallery-1-33872'>\n\t\t\t\tRealizacja The Open Group, wystawa \u201eDispossession\u201d, Biennale w Wenecji, 2015 (\u017ar\u00f3d\u0142o: materia\u0142y prasowe organizatora)\n\t\t\t\t<\/figcaption><\/figure><figure class='gallery-item'>\n\t\t\t<div class='gallery-icon landscape'>\n\t\t\t\t<a href='https:\/\/ownetic.com\/magazyn\/2015\/anna-stec-dispossession-po-biennale-w-wenecji\/the-open-group-001'><img width=\"80\" height=\"80\" src=\"https:\/\/ownetic.com\/magazyn\/wp-content\/uploads\/2015\/12\/the-open-group-001-80x80.jpg\" class=\"attachment-thumbnail size-thumbnail\" alt=\"Realizacja The Open Group, wystawa \u201eDispossession\u201d, Biennale w Wenecji, 2015 (\u017ar\u00f3d\u0142o: materia\u0142y prasowe organizatora)\" loading=\"lazy\" aria-describedby=\"gallery-1-33871\" \/><\/a>\n\t\t\t<\/div>\n\t\t\t\t<figcaption class='wp-caption-text gallery-caption' id='gallery-1-33871'>\n\t\t\t\tRealizacja The Open Group, wystawa \u201eDispossession\u201d, Biennale w Wenecji, 2015 (\u017ar\u00f3d\u0142o: materia\u0142y prasowe organizatora)\n\t\t\t\t<\/figcaption><\/figure><figure class='gallery-item'>\n\t\t\t<div class='gallery-icon landscape'>\n\t\t\t\t<a href='https:\/\/ownetic.com\/magazyn\/2015\/anna-stec-dispossession-po-biennale-w-wenecji\/szymon-kobylarz-005'><img width=\"80\" height=\"80\" src=\"https:\/\/ownetic.com\/magazyn\/wp-content\/uploads\/2015\/12\/szymon-kobylarz-005-80x80.jpg\" class=\"attachment-thumbnail size-thumbnail\" alt=\"Realizacja Szymona Kobylarza, wystawa \u201eDispossession\u201d, Biennale w Wenecji, 2015 (\u017ar\u00f3d\u0142o: materia\u0142y prasowe organizatora)\" loading=\"lazy\" aria-describedby=\"gallery-1-33870\" \/><\/a>\n\t\t\t<\/div>\n\t\t\t\t<figcaption class='wp-caption-text gallery-caption' id='gallery-1-33870'>\n\t\t\t\tRealizacja Szymona Kobylarza, wystawa \u201eDispossession\u201d, Biennale w Wenecji, 2015 (\u017ar\u00f3d\u0142o: materia\u0142y prasowe organizatora)\n\t\t\t\t<\/figcaption><\/figure><figure class='gallery-item'>\n\t\t\t<div class='gallery-icon portrait'>\n\t\t\t\t<a href='https:\/\/ownetic.com\/magazyn\/2015\/anna-stec-dispossession-po-biennale-w-wenecji\/szymon-kobylarz-004'><img width=\"80\" height=\"80\" src=\"https:\/\/ownetic.com\/magazyn\/wp-content\/uploads\/2015\/12\/szymon-kobylarz-004-80x80.jpg\" class=\"attachment-thumbnail size-thumbnail\" alt=\"Realizacja Szymona Kobylarza, wystawa \u201eDispossession\u201d, Biennale w Wenecji, 2015 (\u017ar\u00f3d\u0142o: materia\u0142y prasowe organizatora)\" loading=\"lazy\" aria-describedby=\"gallery-1-33869\" \/><\/a>\n\t\t\t<\/div>\n\t\t\t\t<figcaption class='wp-caption-text gallery-caption' id='gallery-1-33869'>\n\t\t\t\tRealizacja Szymona Kobylarza, wystawa \u201eDispossession\u201d, Biennale w Wenecji, 2015 (\u017ar\u00f3d\u0142o: materia\u0142y prasowe organizatora)\n\t\t\t\t<\/figcaption><\/figure><figure class='gallery-item'>\n\t\t\t<div class='gallery-icon landscape'>\n\t\t\t\t<a href='https:\/\/ownetic.com\/magazyn\/2015\/anna-stec-dispossession-po-biennale-w-wenecji\/szymon-kobylarz-003'><img width=\"80\" height=\"80\" src=\"https:\/\/ownetic.com\/magazyn\/wp-content\/uploads\/2015\/12\/szymon-kobylarz-003-80x80.jpg\" class=\"attachment-thumbnail size-thumbnail\" alt=\"Realizacja Szymona Kobylarza, wystawa \u201eDispossession\u201d, Biennale w Wenecji, 2015 (\u017ar\u00f3d\u0142o: materia\u0142y prasowe organizatora)\" loading=\"lazy\" aria-describedby=\"gallery-1-33868\" \/><\/a>\n\t\t\t<\/div>\n\t\t\t\t<figcaption class='wp-caption-text gallery-caption' id='gallery-1-33868'>\n\t\t\t\tRealizacja Szymona Kobylarza, wystawa \u201eDispossession\u201d, Biennale w Wenecji, 2015 (\u017ar\u00f3d\u0142o: materia\u0142y prasowe organizatora)\n\t\t\t\t<\/figcaption><\/figure><figure class='gallery-item'>\n\t\t\t<div class='gallery-icon landscape'>\n\t\t\t\t<a href='https:\/\/ownetic.com\/magazyn\/2015\/anna-stec-dispossession-po-biennale-w-wenecji\/szymon-kobylarz-002'><img width=\"80\" height=\"80\" src=\"https:\/\/ownetic.com\/magazyn\/wp-content\/uploads\/2015\/12\/szymon-kobylarz-002-80x80.jpg\" class=\"attachment-thumbnail size-thumbnail\" alt=\"Realizacja Szymona Kobylarza, wystawa \u201eDispossession\u201d, Biennale w Wenecji, 2015 (\u017ar\u00f3d\u0142o: materia\u0142y prasowe organizatora)\" loading=\"lazy\" aria-describedby=\"gallery-1-33867\" \/><\/a>\n\t\t\t<\/div>\n\t\t\t\t<figcaption class='wp-caption-text gallery-caption' id='gallery-1-33867'>\n\t\t\t\tRealizacja Szymona Kobylarza, wystawa \u201eDispossession\u201d, Biennale w Wenecji, 2015 (\u017ar\u00f3d\u0142o: materia\u0142y prasowe organizatora)\n\t\t\t\t<\/figcaption><\/figure><figure class='gallery-item'>\n\t\t\t<div class='gallery-icon portrait'>\n\t\t\t\t<a href='https:\/\/ownetic.com\/magazyn\/2015\/anna-stec-dispossession-po-biennale-w-wenecji\/szymon-kobylarz-001'><img width=\"80\" height=\"80\" src=\"https:\/\/ownetic.com\/magazyn\/wp-content\/uploads\/2015\/12\/szymon-kobylarz-001-80x80.jpg\" class=\"attachment-thumbnail size-thumbnail\" alt=\"Realizacja Szymona Kobylarza, wystawa \u201eDispossession\u201d, Biennale w Wenecji, 2015 (\u017ar\u00f3d\u0142o: materia\u0142y prasowe organizatora)\" loading=\"lazy\" aria-describedby=\"gallery-1-33866\" \/><\/a>\n\t\t\t<\/div>\n\t\t\t\t<figcaption class='wp-caption-text gallery-caption' id='gallery-1-33866'>\n\t\t\t\tRealizacja Szymona Kobylarza, wystawa \u201eDispossession\u201d, Biennale w Wenecji, 2015 (\u017ar\u00f3d\u0142o: materia\u0142y prasowe organizatora)\n\t\t\t\t<\/figcaption><\/figure><figure class='gallery-item'>\n\t\t\t<div class='gallery-icon landscape'>\n\t\t\t\t<a href='https:\/\/ownetic.com\/magazyn\/2015\/anna-stec-dispossession-po-biennale-w-wenecji\/susanne-keichel-004'><img width=\"80\" height=\"80\" src=\"https:\/\/ownetic.com\/magazyn\/wp-content\/uploads\/2015\/12\/susanne-keichel-004-80x80.jpg\" class=\"attachment-thumbnail size-thumbnail\" alt=\"Realizacja Susanne Keichel, wystawa \u201eDispossession\u201d, Biennale w Wenecji, 2015 (\u017ar\u00f3d\u0142o: materia\u0142y prasowe organizatora)\" loading=\"lazy\" aria-describedby=\"gallery-1-33865\" \/><\/a>\n\t\t\t<\/div>\n\t\t\t\t<figcaption class='wp-caption-text gallery-caption' id='gallery-1-33865'>\n\t\t\t\tRealizacja Susanne Keichel, wystawa \u201eDispossession\u201d, Biennale w Wenecji, 2015 (\u017ar\u00f3d\u0142o: materia\u0142y prasowe organizatora)\n\t\t\t\t<\/figcaption><\/figure><figure class='gallery-item'>\n\t\t\t<div class='gallery-icon landscape'>\n\t\t\t\t<a href='https:\/\/ownetic.com\/magazyn\/2015\/anna-stec-dispossession-po-biennale-w-wenecji\/susanne-keichel-003'><img width=\"80\" height=\"80\" src=\"https:\/\/ownetic.com\/magazyn\/wp-content\/uploads\/2015\/12\/susanne-keichel-003-80x80.jpg\" class=\"attachment-thumbnail size-thumbnail\" alt=\"Realizacja Susanne Keichel, wystawa \u201eDispossession\u201d, Biennale w Wenecji, 2015 (\u017ar\u00f3d\u0142o: materia\u0142y prasowe organizatora)\" loading=\"lazy\" aria-describedby=\"gallery-1-33864\" \/><\/a>\n\t\t\t<\/div>\n\t\t\t\t<figcaption class='wp-caption-text gallery-caption' id='gallery-1-33864'>\n\t\t\t\tRealizacja Susanne Keichel, wystawa \u201eDispossession\u201d, Biennale w Wenecji, 2015 (\u017ar\u00f3d\u0142o: materia\u0142y prasowe organizatora)\n\t\t\t\t<\/figcaption><\/figure><figure class='gallery-item'>\n\t\t\t<div class='gallery-icon landscape'>\n\t\t\t\t<a href='https:\/\/ownetic.com\/magazyn\/2015\/anna-stec-dispossession-po-biennale-w-wenecji\/susanne-keichel-002'><img width=\"80\" height=\"80\" src=\"https:\/\/ownetic.com\/magazyn\/wp-content\/uploads\/2015\/12\/susanne-keichel-002-80x80.jpg\" class=\"attachment-thumbnail size-thumbnail\" alt=\"Realizacja Susanne Keichel, wystawa \u201eDispossession\u201d, Biennale w Wenecji, 2015 (\u017ar\u00f3d\u0142o: materia\u0142y prasowe organizatora)\" loading=\"lazy\" aria-describedby=\"gallery-1-33863\" \/><\/a>\n\t\t\t<\/div>\n\t\t\t\t<figcaption class='wp-caption-text gallery-caption' id='gallery-1-33863'>\n\t\t\t\tRealizacja Susanne Keichel, wystawa \u201eDispossession\u201d, Biennale w Wenecji, 2015 (\u017ar\u00f3d\u0142o: materia\u0142y prasowe organizatora)\n\t\t\t\t<\/figcaption><\/figure><figure class='gallery-item'>\n\t\t\t<div class='gallery-icon landscape'>\n\t\t\t\t<a href='https:\/\/ownetic.com\/magazyn\/2015\/anna-stec-dispossession-po-biennale-w-wenecji\/susanne-keichel-001'><img width=\"80\" height=\"80\" src=\"https:\/\/ownetic.com\/magazyn\/wp-content\/uploads\/2015\/12\/susanne-keichel-001-80x80.jpg\" class=\"attachment-thumbnail size-thumbnail\" alt=\"Realizacja Susanne Keichel, wystawa \u201eDispossession\u201d, Biennale w Wenecji, 2015 (\u017ar\u00f3d\u0142o: materia\u0142y prasowe organizatora)\" loading=\"lazy\" aria-describedby=\"gallery-1-33862\" \/><\/a>\n\t\t\t<\/div>\n\t\t\t\t<figcaption class='wp-caption-text gallery-caption' id='gallery-1-33862'>\n\t\t\t\tRealizacja Susanne Keichel, wystawa \u201eDispossession\u201d, Biennale w Wenecji, 2015 (\u017ar\u00f3d\u0142o: materia\u0142y prasowe organizatora)\n\t\t\t\t<\/figcaption><\/figure><figure class='gallery-item'>\n\t\t\t<div class='gallery-icon landscape'>\n\t\t\t\t<a href='https:\/\/ownetic.com\/magazyn\/2015\/anna-stec-dispossession-po-biennale-w-wenecji\/oksana-zabuzhko-004'><img width=\"80\" height=\"80\" src=\"https:\/\/ownetic.com\/magazyn\/wp-content\/uploads\/2015\/12\/oksana-zabuzhko-004-80x80.jpg\" class=\"attachment-thumbnail size-thumbnail\" alt=\"Oksana Zabu\u017cko, wystawa \u201eDispossession\u201d, Biennale w Wenecji, 2015 (\u017ar\u00f3d\u0142o: materia\u0142y prasowe organizatora)\" loading=\"lazy\" aria-describedby=\"gallery-1-33861\" \/><\/a>\n\t\t\t<\/div>\n\t\t\t\t<figcaption class='wp-caption-text gallery-caption' id='gallery-1-33861'>\n\t\t\t\tOksana Zabu\u017cko, wystawa \u201eDispossession\u201d, Biennale w Wenecji, 2015 (\u017ar\u00f3d\u0142o: materia\u0142y prasowe organizatora)\n\t\t\t\t<\/figcaption><\/figure><figure class='gallery-item'>\n\t\t\t<div class='gallery-icon portrait'>\n\t\t\t\t<a href='https:\/\/ownetic.com\/magazyn\/2015\/anna-stec-dispossession-po-biennale-w-wenecji\/oksana-zabuzhko-003'><img width=\"80\" height=\"80\" src=\"https:\/\/ownetic.com\/magazyn\/wp-content\/uploads\/2015\/12\/oksana-zabuzhko-003-80x80.jpg\" class=\"attachment-thumbnail size-thumbnail\" alt=\"Oksana Zabu\u017cko, wystawa \u201eDispossession\u201d, Biennale w Wenecji, 2015 (\u017ar\u00f3d\u0142o: materia\u0142y prasowe organizatora)\" loading=\"lazy\" aria-describedby=\"gallery-1-33860\" \/><\/a>\n\t\t\t<\/div>\n\t\t\t\t<figcaption class='wp-caption-text gallery-caption' id='gallery-1-33860'>\n\t\t\t\tOksana Zabu\u017cko, wystawa \u201eDispossession\u201d, Biennale w Wenecji, 2015 (\u017ar\u00f3d\u0142o: materia\u0142y prasowe organizatora)\n\t\t\t\t<\/figcaption><\/figure><figure class='gallery-item'>\n\t\t\t<div class='gallery-icon landscape'>\n\t\t\t\t<a href='https:\/\/ownetic.com\/magazyn\/2015\/anna-stec-dispossession-po-biennale-w-wenecji\/oksana-zabuzhko-002'><img width=\"80\" height=\"80\" src=\"https:\/\/ownetic.com\/magazyn\/wp-content\/uploads\/2015\/12\/oksana-zabuzhko-002-80x80.jpg\" class=\"attachment-thumbnail size-thumbnail\" alt=\"Oksana Zabu\u017cko, wystawa \u201eDispossession\u201d, Biennale w Wenecji, 2015 (\u017ar\u00f3d\u0142o: materia\u0142y prasowe organizatora)\" loading=\"lazy\" aria-describedby=\"gallery-1-33859\" \/><\/a>\n\t\t\t<\/div>\n\t\t\t\t<figcaption class='wp-caption-text gallery-caption' id='gallery-1-33859'>\n\t\t\t\tOksana Zabu\u017cko, wystawa \u201eDispossession\u201d, Biennale w Wenecji, 2015 (\u017ar\u00f3d\u0142o: materia\u0142y prasowe organizatora)\n\t\t\t\t<\/figcaption><\/figure><figure class='gallery-item'>\n\t\t\t<div class='gallery-icon portrait'>\n\t\t\t\t<a href='https:\/\/ownetic.com\/magazyn\/2015\/anna-stec-dispossession-po-biennale-w-wenecji\/oksana-zabuzhko-001'><img width=\"80\" height=\"80\" src=\"https:\/\/ownetic.com\/magazyn\/wp-content\/uploads\/2015\/12\/oksana-zabuzhko-001-80x80.jpg\" class=\"attachment-thumbnail size-thumbnail\" alt=\"Oksana Zabu\u017cko, wystawa \u201eDispossession\u201d, Biennale w Wenecji, 2015 (\u017ar\u00f3d\u0142o: materia\u0142y prasowe organizatora)\" loading=\"lazy\" aria-describedby=\"gallery-1-33858\" \/><\/a>\n\t\t\t<\/div>\n\t\t\t\t<figcaption class='wp-caption-text gallery-caption' id='gallery-1-33858'>\n\t\t\t\tOksana Zabu\u017cko, wystawa \u201eDispossession\u201d, Biennale w Wenecji, 2015 (\u017ar\u00f3d\u0142o: materia\u0142y prasowe organizatora)\n\t\t\t\t<\/figcaption><\/figure><figure class='gallery-item'>\n\t\t\t<div class='gallery-icon landscape'>\n\t\t\t\t<a href='https:\/\/ownetic.com\/magazyn\/2015\/anna-stec-dispossession-po-biennale-w-wenecji\/manaf-halbouni-005'><img width=\"80\" height=\"80\" src=\"https:\/\/ownetic.com\/magazyn\/wp-content\/uploads\/2015\/12\/manaf-halbouni-005-80x80.jpg\" class=\"attachment-thumbnail size-thumbnail\" alt=\"Realizacja Manafa Halbouni, wystawa \u201eDispossession\u201d, Biennale w Wenecji, 2015 (\u017ar\u00f3d\u0142o: materia\u0142y prasowe organizatora)\" loading=\"lazy\" aria-describedby=\"gallery-1-33857\" \/><\/a>\n\t\t\t<\/div>\n\t\t\t\t<figcaption class='wp-caption-text gallery-caption' id='gallery-1-33857'>\n\t\t\t\tRealizacja Manafa Halbouni, wystawa \u201eDispossession\u201d, Biennale w Wenecji, 2015 (\u017ar\u00f3d\u0142o: materia\u0142y prasowe organizatora)\n\t\t\t\t<\/figcaption><\/figure><figure class='gallery-item'>\n\t\t\t<div class='gallery-icon portrait'>\n\t\t\t\t<a href='https:\/\/ownetic.com\/magazyn\/2015\/anna-stec-dispossession-po-biennale-w-wenecji\/manaf-halbouni-004'><img width=\"80\" height=\"80\" src=\"https:\/\/ownetic.com\/magazyn\/wp-content\/uploads\/2015\/12\/manaf-halbouni-004-80x80.jpg\" class=\"attachment-thumbnail size-thumbnail\" alt=\"Realizacja Manafa Halbouni, wystawa \u201eDispossession\u201d, Biennale w Wenecji, 2015 (\u017ar\u00f3d\u0142o: materia\u0142y prasowe organizatora)\" loading=\"lazy\" aria-describedby=\"gallery-1-33856\" \/><\/a>\n\t\t\t<\/div>\n\t\t\t\t<figcaption class='wp-caption-text gallery-caption' id='gallery-1-33856'>\n\t\t\t\tRealizacja Manafa Halbouni, wystawa \u201eDispossession\u201d, Biennale w Wenecji, 2015 (\u017ar\u00f3d\u0142o: materia\u0142y prasowe organizatora)\n\t\t\t\t<\/figcaption><\/figure><figure class='gallery-item'>\n\t\t\t<div class='gallery-icon landscape'>\n\t\t\t\t<a href='https:\/\/ownetic.com\/magazyn\/2015\/anna-stec-dispossession-po-biennale-w-wenecji\/manaf-halbouni-003'><img width=\"80\" height=\"80\" src=\"https:\/\/ownetic.com\/magazyn\/wp-content\/uploads\/2015\/12\/manaf-halbouni-003-80x80.jpg\" class=\"attachment-thumbnail size-thumbnail\" alt=\"Realizacja Manafa Halbouni, wystawa \u201eDispossession\u201d, Biennale w Wenecji, 2015 (\u017ar\u00f3d\u0142o: materia\u0142y prasowe organizatora)\" loading=\"lazy\" aria-describedby=\"gallery-1-33855\" \/><\/a>\n\t\t\t<\/div>\n\t\t\t\t<figcaption class='wp-caption-text gallery-caption' id='gallery-1-33855'>\n\t\t\t\tRealizacja Manafa Halbouni, wystawa \u201eDispossession\u201d, Biennale w Wenecji, 2015 (\u017ar\u00f3d\u0142o: materia\u0142y prasowe organizatora)\n\t\t\t\t<\/figcaption><\/figure><figure class='gallery-item'>\n\t\t\t<div class='gallery-icon portrait'>\n\t\t\t\t<a href='https:\/\/ownetic.com\/magazyn\/2015\/anna-stec-dispossession-po-biennale-w-wenecji\/manaf-halbouni-002'><img width=\"80\" height=\"80\" src=\"https:\/\/ownetic.com\/magazyn\/wp-content\/uploads\/2015\/12\/manaf-halbouni-002-80x80.jpg\" class=\"attachment-thumbnail size-thumbnail\" alt=\"Realizacja Manafa Halbouni, wystawa \u201eDispossession\u201d, Biennale w Wenecji, 2015 (\u017ar\u00f3d\u0142o: materia\u0142y prasowe organizatora)\" loading=\"lazy\" aria-describedby=\"gallery-1-33854\" \/><\/a>\n\t\t\t<\/div>\n\t\t\t\t<figcaption class='wp-caption-text gallery-caption' id='gallery-1-33854'>\n\t\t\t\tRealizacja Manafa Halbouni, wystawa \u201eDispossession\u201d, Biennale w Wenecji, 2015 (\u017ar\u00f3d\u0142o: materia\u0142y prasowe organizatora)\n\t\t\t\t<\/figcaption><\/figure><figure class='gallery-item'>\n\t\t\t<div class='gallery-icon landscape'>\n\t\t\t\t<a href='https:\/\/ownetic.com\/magazyn\/2015\/anna-stec-dispossession-po-biennale-w-wenecji\/manaf-halbouni-001'><img width=\"80\" height=\"80\" src=\"https:\/\/ownetic.com\/magazyn\/wp-content\/uploads\/2015\/12\/manaf-halbouni-001-80x80.jpg\" class=\"attachment-thumbnail size-thumbnail\" alt=\"Realizacja Manafa Halbouni, wystawa \u201eDispossession\u201d, Biennale w Wenecji, 2015 (\u017ar\u00f3d\u0142o: materia\u0142y prasowe organizatora)\" loading=\"lazy\" aria-describedby=\"gallery-1-33853\" \/><\/a>\n\t\t\t<\/div>\n\t\t\t\t<figcaption class='wp-caption-text gallery-caption' id='gallery-1-33853'>\n\t\t\t\tRealizacja Manafa Halbouni, wystawa \u201eDispossession\u201d, Biennale w Wenecji, 2015 (\u017ar\u00f3d\u0142o: materia\u0142y prasowe organizatora)\n\t\t\t\t<\/figcaption><\/figure><figure class='gallery-item'>\n\t\t\t<div class='gallery-icon landscape'>\n\t\t\t\t<a href='https:\/\/ownetic.com\/magazyn\/2015\/anna-stec-dispossession-po-biennale-w-wenecji\/dorota-nieznalska-005'><img width=\"80\" height=\"80\" src=\"https:\/\/ownetic.com\/magazyn\/wp-content\/uploads\/2015\/12\/dorota-nieznalska-005-80x80.jpg\" class=\"attachment-thumbnail size-thumbnail\" alt=\"Realizacja Doroty Nieznalskiej, wystawa \u201eDispossession\u201d, Biennale w Wenecji, 2015 (\u017ar\u00f3d\u0142o: materia\u0142y prasowe organizatora)\" loading=\"lazy\" aria-describedby=\"gallery-1-33852\" \/><\/a>\n\t\t\t<\/div>\n\t\t\t\t<figcaption class='wp-caption-text gallery-caption' id='gallery-1-33852'>\n\t\t\t\tRealizacja Doroty Nieznalskiej, wystawa \u201eDispossession\u201d, Biennale w Wenecji, 2015 (\u017ar\u00f3d\u0142o: materia\u0142y prasowe organizatora)\n\t\t\t\t<\/figcaption><\/figure><figure class='gallery-item'>\n\t\t\t<div class='gallery-icon landscape'>\n\t\t\t\t<a href='https:\/\/ownetic.com\/magazyn\/2015\/anna-stec-dispossession-po-biennale-w-wenecji\/dorota-nieznalska-004'><img width=\"80\" height=\"80\" src=\"https:\/\/ownetic.com\/magazyn\/wp-content\/uploads\/2015\/12\/dorota-nieznalska-004-80x80.jpg\" class=\"attachment-thumbnail size-thumbnail\" alt=\"Realizacja Doroty Nieznalskiej, wystawa \u201eDispossession\u201d, Biennale w Wenecji, 2015 (\u017ar\u00f3d\u0142o: materia\u0142y prasowe organizatora)\" loading=\"lazy\" aria-describedby=\"gallery-1-33851\" \/><\/a>\n\t\t\t<\/div>\n\t\t\t\t<figcaption class='wp-caption-text gallery-caption' id='gallery-1-33851'>\n\t\t\t\tRealizacja Doroty Nieznalskiej, wystawa \u201eDispossession\u201d, Biennale w Wenecji, 2015 (\u017ar\u00f3d\u0142o: materia\u0142y prasowe organizatora)\n\t\t\t\t<\/figcaption><\/figure><figure class='gallery-item'>\n\t\t\t<div class='gallery-icon landscape'>\n\t\t\t\t<a href='https:\/\/ownetic.com\/magazyn\/2015\/anna-stec-dispossession-po-biennale-w-wenecji\/dorota-nieznalska-003'><img width=\"80\" height=\"80\" src=\"https:\/\/ownetic.com\/magazyn\/wp-content\/uploads\/2015\/12\/dorota-nieznalska-003-80x80.jpg\" class=\"attachment-thumbnail size-thumbnail\" alt=\"Realizacja Doroty Nieznalskiej, wystawa \u201eDispossession\u201d, Biennale w Wenecji, 2015 (\u017ar\u00f3d\u0142o: materia\u0142y prasowe organizatora)\" loading=\"lazy\" aria-describedby=\"gallery-1-33850\" \/><\/a>\n\t\t\t<\/div>\n\t\t\t\t<figcaption class='wp-caption-text gallery-caption' id='gallery-1-33850'>\n\t\t\t\tRealizacja Doroty Nieznalskiej, wystawa \u201eDispossession\u201d, Biennale w Wenecji, 2015 (\u017ar\u00f3d\u0142o: materia\u0142y prasowe organizatora)\n\t\t\t\t<\/figcaption><\/figure><figure class='gallery-item'>\n\t\t\t<div class='gallery-icon portrait'>\n\t\t\t\t<a href='https:\/\/ownetic.com\/magazyn\/2015\/anna-stec-dispossession-po-biennale-w-wenecji\/dorota-nieznalska-002'><img width=\"80\" height=\"80\" src=\"https:\/\/ownetic.com\/magazyn\/wp-content\/uploads\/2015\/12\/dorota-nieznalska-002-80x80.jpg\" class=\"attachment-thumbnail size-thumbnail\" alt=\"Realizacja Doroty Nieznalskiej, wystawa \u201eDispossession\u201d, Biennale w Wenecji, 2015 (\u017ar\u00f3d\u0142o: materia\u0142y prasowe organizatora)\" loading=\"lazy\" aria-describedby=\"gallery-1-33849\" \/><\/a>\n\t\t\t<\/div>\n\t\t\t\t<figcaption class='wp-caption-text gallery-caption' id='gallery-1-33849'>\n\t\t\t\tRealizacja Doroty Nieznalskiej, wystawa \u201eDispossession\u201d, Biennale w Wenecji, 2015 (\u017ar\u00f3d\u0142o: materia\u0142y prasowe organizatora)\n\t\t\t\t<\/figcaption><\/figure><figure class='gallery-item'>\n\t\t\t<div class='gallery-icon landscape'>\n\t\t\t\t<a href='https:\/\/ownetic.com\/magazyn\/2015\/anna-stec-dispossession-po-biennale-w-wenecji\/dorota-nieznalska-001'><img width=\"80\" height=\"80\" src=\"https:\/\/ownetic.com\/magazyn\/wp-content\/uploads\/2015\/12\/dorota-nieznalska-001-80x80.jpg\" class=\"attachment-thumbnail size-thumbnail\" alt=\"Realizacja Doroty Nieznalskiej, wystawa \u201eDispossession\u201d, Biennale w Wenecji, 2015 (\u017ar\u00f3d\u0142o: materia\u0142y prasowe organizatora)\" loading=\"lazy\" aria-describedby=\"gallery-1-33848\" \/><\/a>\n\t\t\t<\/div>\n\t\t\t\t<figcaption class='wp-caption-text gallery-caption' id='gallery-1-33848'>\n\t\t\t\tRealizacja Doroty Nieznalskiej, wystawa \u201eDispossession\u201d, Biennale w Wenecji, 2015 (\u017ar\u00f3d\u0142o: materia\u0142y prasowe organizatora)\n\t\t\t\t<\/figcaption><\/figure><figure class='gallery-item'>\n\t\t\t<div class='gallery-icon landscape'>\n\t\t\t\t<a href='https:\/\/ownetic.com\/magazyn\/2015\/anna-stec-dispossession-po-biennale-w-wenecji\/andriy-sahaydakovsky-006'><img width=\"80\" height=\"80\" src=\"https:\/\/ownetic.com\/magazyn\/wp-content\/uploads\/2015\/12\/andriy-sahaydakovsky-006-80x80.jpg\" class=\"attachment-thumbnail size-thumbnail\" alt=\"Realizacja Andriya Sahadovskiego, wystawa \u201eDispossession\u201d, Biennale w Wenecji, 2015 (\u017ar\u00f3d\u0142o: materia\u0142y prasowe organizatora)\" loading=\"lazy\" aria-describedby=\"gallery-1-33847\" \/><\/a>\n\t\t\t<\/div>\n\t\t\t\t<figcaption class='wp-caption-text gallery-caption' id='gallery-1-33847'>\n\t\t\t\tRealizacja Andriya Sahadovskiego, wystawa \u201eDispossession\u201d, Biennale w Wenecji, 2015 (\u017ar\u00f3d\u0142o: materia\u0142y prasowe organizatora)\n\t\t\t\t<\/figcaption><\/figure><figure class='gallery-item'>\n\t\t\t<div class='gallery-icon portrait'>\n\t\t\t\t<a href='https:\/\/ownetic.com\/magazyn\/2015\/anna-stec-dispossession-po-biennale-w-wenecji\/andriy-sahaydakovsky-005'><img width=\"80\" height=\"80\" src=\"https:\/\/ownetic.com\/magazyn\/wp-content\/uploads\/2015\/12\/andriy-sahaydakovsky-005-80x80.jpg\" class=\"attachment-thumbnail size-thumbnail\" alt=\"Realizacja Andriya Sahadovskiego, wystawa \u201eDispossession\u201d, Biennale w Wenecji, 2015 (\u017ar\u00f3d\u0142o: materia\u0142y prasowe organizatora)\" loading=\"lazy\" aria-describedby=\"gallery-1-33846\" \/><\/a>\n\t\t\t<\/div>\n\t\t\t\t<figcaption class='wp-caption-text gallery-caption' id='gallery-1-33846'>\n\t\t\t\tRealizacja Andriya Sahadovskiego, wystawa \u201eDispossession\u201d, Biennale w Wenecji, 2015 (\u017ar\u00f3d\u0142o: materia\u0142y prasowe organizatora)\n\t\t\t\t<\/figcaption><\/figure><figure class='gallery-item'>\n\t\t\t<div class='gallery-icon landscape'>\n\t\t\t\t<a href='https:\/\/ownetic.com\/magazyn\/2015\/anna-stec-dispossession-po-biennale-w-wenecji\/andriy-sahaydakovsky-004'><img width=\"80\" height=\"80\" src=\"https:\/\/ownetic.com\/magazyn\/wp-content\/uploads\/2015\/12\/andriy-sahaydakovsky-004-80x80.jpg\" class=\"attachment-thumbnail size-thumbnail\" alt=\"Realizacja Andriya Sahadovskiego, wystawa \u201eDispossession\u201d, Biennale w Wenecji, 2015 (\u017ar\u00f3d\u0142o: materia\u0142y prasowe organizatora)\" loading=\"lazy\" aria-describedby=\"gallery-1-33845\" \/><\/a>\n\t\t\t<\/div>\n\t\t\t\t<figcaption class='wp-caption-text gallery-caption' id='gallery-1-33845'>\n\t\t\t\tRealizacja Andriya Sahadovskiego, wystawa \u201eDispossession\u201d, Biennale w Wenecji, 2015 (\u017ar\u00f3d\u0142o: materia\u0142y prasowe organizatora)\n\t\t\t\t<\/figcaption><\/figure><figure class='gallery-item'>\n\t\t\t<div class='gallery-icon landscape'>\n\t\t\t\t<a href='https:\/\/ownetic.com\/magazyn\/2015\/anna-stec-dispossession-po-biennale-w-wenecji\/andriy-sahaydakovsky-003'><img width=\"80\" height=\"80\" src=\"https:\/\/ownetic.com\/magazyn\/wp-content\/uploads\/2015\/12\/andriy-sahaydakovsky-003-80x80.jpg\" class=\"attachment-thumbnail size-thumbnail\" alt=\"Realizacja Andriya Sahadovskiego, wystawa \u201eDispossession\u201d, Biennale w Wenecji, 2015 (\u017ar\u00f3d\u0142o: materia\u0142y prasowe organizatora)\" loading=\"lazy\" aria-describedby=\"gallery-1-33844\" \/><\/a>\n\t\t\t<\/div>\n\t\t\t\t<figcaption class='wp-caption-text gallery-caption' id='gallery-1-33844'>\n\t\t\t\tRealizacja Andriya Sahadovskiego, wystawa \u201eDispossession\u201d, Biennale w Wenecji, 2015 (\u017ar\u00f3d\u0142o: materia\u0142y prasowe organizatora)\n\t\t\t\t<\/figcaption><\/figure><figure class='gallery-item'>\n\t\t\t<div class='gallery-icon portrait'>\n\t\t\t\t<a href='https:\/\/ownetic.com\/magazyn\/2015\/anna-stec-dispossession-po-biennale-w-wenecji\/andriy-sahaydakovsky-002'><img width=\"80\" height=\"80\" src=\"https:\/\/ownetic.com\/magazyn\/wp-content\/uploads\/2015\/12\/andriy-sahaydakovsky-002-80x80.jpg\" class=\"attachment-thumbnail size-thumbnail\" alt=\"Realizacja Andriya Sahadovskiego, wystawa \u201eDispossession\u201d, Biennale w Wenecji, 2015 (\u017ar\u00f3d\u0142o: materia\u0142y prasowe organizatora)\" loading=\"lazy\" aria-describedby=\"gallery-1-33843\" \/><\/a>\n\t\t\t<\/div>\n\t\t\t\t<figcaption class='wp-caption-text gallery-caption' id='gallery-1-33843'>\n\t\t\t\tRealizacja Andriya Sahadovskiego, wystawa \u201eDispossession\u201d, Biennale w Wenecji, 2015 (\u017ar\u00f3d\u0142o: materia\u0142y prasowe organizatora)\n\t\t\t\t<\/figcaption><\/figure><figure class='gallery-item'>\n\t\t\t<div class='gallery-icon portrait'>\n\t\t\t\t<a href='https:\/\/ownetic.com\/magazyn\/2015\/anna-stec-dispossession-po-biennale-w-wenecji\/andriy-sahaydakovsky-001'><img width=\"400\" height=\"240\" src=\"https:\/\/ownetic.com\/magazyn\/wp-content\/uploads\/2015\/12\/andriy-sahaydakovsky-001-400x240.jpg\" class=\"attachment-thumbnail size-thumbnail\" alt=\"Realizacja Andriya Sahadovskiego, wystawa \u201eDispossession\u201d, Biennale w Wenecji, 2015 (\u017ar\u00f3d\u0142o: materia\u0142y prasowe organizatora)\" loading=\"lazy\" aria-describedby=\"gallery-1-33842\" \/><\/a>\n\t\t\t<\/div>\n\t\t\t\t<figcaption class='wp-caption-text gallery-caption' id='gallery-1-33842'>\n\t\t\t\tRealizacja Andriya Sahadovskiego, wystawa \u201eDispossession\u201d, Biennale w Wenecji, 2015 (\u017ar\u00f3d\u0142o: materia\u0142y prasowe organizatora)\n\t\t\t\t<\/figcaption><\/figure>\n\t\t<\/div>\n\n<p><strong>Magia przesz\u0142o\u015bci i niepokoje tera\u017aniejszo\u015bci<\/strong><\/p>\n<p>Projekt <em>Dispossesssion<\/em> w du\u017cej mierze wywodzi si\u0119 z wroc\u0142awsko-zorientowanych zainteresowa\u0144 Micha\u0142a Bie\u0144ka i jego wcze\u015bniejszego projektu kuratorskiego, realizowanego w Muzeum Wsp\u00f3\u0142czesnym Wroc\u0142aw, pt. <em>Niemcy nie przyszli<\/em>. Na wystawie w MWW, kt\u00f3ra odby\u0142a si\u0119 zim\u0105 zesz\u0142ego roku, ogl\u0105da\u0107 by\u0142o mo\u017cna szereg prac artystycznych nawi\u0105zuj\u0105cych do tematu niemieckiej historii Wroc\u0142awia oraz powojennych przesiedle\u0144 ludno\u015bci na tereny Ziem Odzyskanych.<\/p>\n<p>Znaczna cz\u0119\u015b\u0107 artyst\u00f3w bior\u0105cych udzia\u0142 w projekcie wychowywa\u0142a si\u0119 na terenach Ziem Odzyskanych, przede wszystkim na terenie Wroc\u0142awia. St\u0105d te\u017c z wi\u0119kszo\u015bci prac zaprezentowanych na wystawie wybrzmiewa\u0142a swego rodzaju t\u0119sknota i nostalgia, odziedziczona zapewne po pokoleniu przesiedlonych. W zawi\u0142ej przestrzeni MWW uda\u0142o si\u0119 zbudowa\u0107 bardzo ciekaw\u0105 narracj\u0119, bazuj\u0105c w du\u017cej mierze na opowie\u015bciach poprzednich pokole\u0144, w kt\u00f3rych fakty \u0142\u0105czy\u0142y si\u0119 z miejskimi legendami, a realne przedmioty, pozostawione przez Niemc\u00f3w, s\u0142u\u017cy\u0142y budowaniu fantazji, o ukrytych w poniemieckim Wroc\u0142awiu skarbach.<\/p>\n<figure id=\"attachment_33855\" aria-describedby=\"caption-attachment-33855\" style=\"width: 540px\" class=\"wp-caption alignnone\"><a href=\"https:\/\/ownetic.com\/magazyn\/2015\/anna-stec-dispossession-po-biennale-w-wenecji\/manaf-halbouni-003\/\" rel=\"attachment wp-att-33855\"><img loading=\"lazy\" class=\"size-medium wp-image-33855\" title=\"Realizacja Manafa Halbouni, wystawa \u201eDispossession\u201d, Biennale w Wenecji, 2015 (\u017ar\u00f3d\u0142o: materia\u0142y prasowe organizatora)\" src=\"https:\/\/ownetic.com\/magazyn\/wp-content\/uploads\/2015\/12\/manaf-halbouni-003-540x360.jpg\" alt=\"Realizacja Manafa Halbouni, wystawa \u201eDispossession\u201d, Biennale w Wenecji, 2015 (\u017ar\u00f3d\u0142o: materia\u0142y prasowe organizatora)\" width=\"540\" height=\"360\" srcset=\"https:\/\/ownetic.com\/magazyn\/wp-content\/uploads\/2015\/12\/manaf-halbouni-003-540x360.jpg 540w, https:\/\/ownetic.com\/magazyn\/wp-content\/uploads\/2015\/12\/manaf-halbouni-003-900x601.jpg 900w, https:\/\/ownetic.com\/magazyn\/wp-content\/uploads\/2015\/12\/manaf-halbouni-003-576x384.jpg 576w, https:\/\/ownetic.com\/magazyn\/wp-content\/uploads\/2015\/12\/manaf-halbouni-003.jpg 1515w\" sizes=\"(max-width: 540px) 100vw, 540px\" \/><\/a><figcaption id=\"caption-attachment-33855\" class=\"wp-caption-text\">Realizacja Manafa Halbouni, wystawa \u201eDispossession\u201d, Biennale w Wenecji, 2015 (\u017ar\u00f3d\u0142o: materia\u0142y prasowe organizatora)<\/figcaption><\/figure>\n<p>Wystawa <em>Dispossession<\/em> pokazywana w pa\u0142acu Dona Brusa w Wenecji r\u00f3wnie\u017c kr\u0105\u017cy wok\u00f3\u0142 tematu utraty domu, wyw\u0142aszczenia i poczucia wykorzenienia. Wenecka ekspozycja odarta jest jednak z owej, specyficznej dla wroc\u0142awskiej <em>Niemcy nie przyszli<\/em> nostalgii. Powojenne historie dotycz\u0105ce przesiedle\u0144 pos\u0142u\u017cy\u0142y kuratorom <em>Dispossession<\/em> jedynie jako punkt wyj\u015bcia dla budowania opowie\u015bci o losach wsp\u00f3\u0142czesnych migrant\u00f3w i poszukiwaniu domu w dzisiejszym, niespokojnym \u015bwiecie. Zwiedzaj\u0105c wystaw\u0119 i przypominaj\u0105c sobie prace zaprezentowane na <em>Niemcy nie przyszli<\/em> u\u015bwiadamiamy sobie, \u017ce nim historie naszych dziadk\u00f3w sta\u0142y si\u0119 magiczn\u0105 opowie\u015bci\u0105 o ukrytych skarbach, by\u0142y zupe\u0142nie zwyczajn\u0105 opowie\u015bci\u0105 o ludzkiej tragedii. Tej samej tragedii, o kt\u00f3rej dzi\u015b na wystawie <em>Dispossession<\/em> opowiadaj\u0105 arty\u015bci z Polski, Niemiec i Ukrainy.<\/p>\n<p style=\"text-align: center;\">***<\/p>\n<p>Na wej\u015bciu do pa\u0142acu Dona Brusa wita\u0142 nas samoch\u00f3d \u2013 mobilny dom Manafa Halbouni. Artysta mieszka\u0142 w Niemczech gdy w jego ojczy\u017anie, Syrii,&nbsp; w 2011 roku rozpocz\u0119\u0142a si\u0119 wojna domowa. Mobilne miejsce do \u017cycia powsta\u0142o w wyniku silnego poczucia niemo\u017cno\u015bci powrotu do domu i niepewno\u015bci swojej sytuacji jako emigranta w Niemczech (spowodowanej m.in. nasilaj\u0105cymi si\u0119 demonstracjami antyimigracyjnymi Pegidy \u2013 organizacji walcz\u0105cej z polityk\u0105 azylow\u0105 i imigracyjn\u0105 Niemiec i Europy). Praca pt. <em>Dom jest nigdzie<\/em> stanowi odzwierciedlenie pe\u0142nych niepokoju nastroj\u00f3w we wsp\u00f3\u0142czesnej Europie.<\/p>\n<p>Nad samochodem-rze\u017ab\u0105 znajduje si\u0119 jeszcze jedna praca artysty \u2013 betonowy relief z kaligrafi\u0105 arabsk\u0105 \u201eAl Kaed\u201d (co w j. polskim znaczy \u201ew\u00f3dz\u201d) wykonan\u0105 ze stalowych pr\u0119t\u00f3w. W tej pracy artysta odwo\u0142uje si\u0119 do czas\u00f3w swojej m\u0142odo\u015bci. Ka\u017cdego ranka, pod szko\u0142\u0105 w Damaszku, do kt\u00f3rej ucz\u0119szcza\u0142 Halbouni, dzieci zbiera\u0142y si\u0119 by odda\u0107 ho\u0142d wiecznemu wodzowi. Forma pracy budzi oczywiste skojarzenia z gruzowiskiem \u2013 tym co pozosta\u0142o po idyllicznej krainie dzieci\u0144stwa artysty.<\/p>\n<figure id=\"attachment_33848\" aria-describedby=\"caption-attachment-33848\" style=\"width: 540px\" class=\"wp-caption alignnone\"><a href=\"https:\/\/ownetic.com\/magazyn\/2015\/anna-stec-dispossession-po-biennale-w-wenecji\/dorota-nieznalska-001\/\" rel=\"attachment wp-att-33848\"><img loading=\"lazy\" class=\"size-medium wp-image-33848\" title=\"Realizacja Doroty Nieznalskiej, wystawa \u201eDispossession\u201d, Biennale w Wenecji, 2015 (\u017ar\u00f3d\u0142o: materia\u0142y prasowe organizatora)\" src=\"https:\/\/ownetic.com\/magazyn\/wp-content\/uploads\/2015\/12\/dorota-nieznalska-001-540x360.jpg\" alt=\"Realizacja Doroty Nieznalskiej, wystawa \u201eDispossession\u201d, Biennale w Wenecji, 2015 (\u017ar\u00f3d\u0142o: materia\u0142y prasowe organizatora)\" width=\"540\" height=\"360\" srcset=\"https:\/\/ownetic.com\/magazyn\/wp-content\/uploads\/2015\/12\/dorota-nieznalska-001-540x360.jpg 540w, https:\/\/ownetic.com\/magazyn\/wp-content\/uploads\/2015\/12\/dorota-nieznalska-001-900x600.jpg 900w, https:\/\/ownetic.com\/magazyn\/wp-content\/uploads\/2015\/12\/dorota-nieznalska-001-576x384.jpg 576w, https:\/\/ownetic.com\/magazyn\/wp-content\/uploads\/2015\/12\/dorota-nieznalska-001.jpg 1562w\" sizes=\"(max-width: 540px) 100vw, 540px\" \/><\/a><figcaption id=\"caption-attachment-33848\" class=\"wp-caption-text\">Realizacja Doroty Nieznalskiej, wystawa \u201eDispossession\u201d, Biennale w Wenecji, 2015 (\u017ar\u00f3d\u0142o: materia\u0142y prasowe organizatora)<\/figcaption><\/figure>\n<p>Wchodz\u0105c na kolejne pi\u0119tro pa\u0142acu, kierunek wyznacza praca Doroty Nieznaleskiej pt. <em>Reisefieber<\/em>. Ze starych, poniemieckich drzwi (kt\u00f3re artystka pozyska\u0142a z teren\u00f3w Ziem Odzyskanych) Nieznalska zbudowa\u0142a rodzaj wagonu, konteneru przypominaj\u0105cego ten do przewo\u017cenia byd\u0142a. Forma nieodzownie kojarzy si\u0119 z przymusowymi przesiedleniami, odbywaj\u0105cymi si\u0119 zwykle w brutalnych i nieludzkich warunkach. Umiejscowienie pracy sprawia, \u017ce kontener mo\u017ce pe\u0142ni\u0107 funkcj\u0119 korytarza. <em>Reisefieber<\/em> mimowolnie wype\u0142nia nasz\u0105 pod\u015bwiadomo\u015b\u0107 obrazami wojny i prowadzi do kolejnych realizacji: tu\u017c za instalacj\u0105 Nieznalskiej znajduje si\u0119 praca Susanne Keichel \u2013 dokumentacja jak najbardziej aktualnych wydarze\u0144, jakie maj\u0105 miejsce we wsp\u00f3\u0142czesnym Dre\u017anie (przybieraj\u0105ce na sile antyimigracyjne dzia\u0142ania wspomnianej wcze\u015bniej Pegidy).<\/p>\n<p>W kolejnej sali zobaczy\u0107 mo\u017cemy instalacj\u0119 pt. <em>Podw\u00f3rko<\/em> autorstwa ukrai\u0144skiej Grypy Otwartej. Praca w najbardziej dos\u0142owny i bezpo\u015bredni, a jednocze\u015bnie chyba w najbardziej wzruszaj\u0105cy spos\u00f3b dotyka tematu przewodniego wystawy \u2013 tematu utraty domu.<\/p>\n<p>Arty\u015bci przeprowadzili wyczerpuj\u0105ce wywiady z dwoma kobietami, kt\u00f3re na skutek zawirowa\u0144 zwi\u0105zanych z wojn\u0105 utraci\u0142y sw\u00f3j dom. Jedna z kobiet zmuszona by\u0142a w niedalekiej przesz\u0142o\u015bci do opuszczenia swojego miejsca zamieszkania we wschodniej Ukrainie (na terenach kontrolowanych przez separatyst\u00f3w). Druga zosta\u0142a wysiedlona po II Wojnie \u015awiatowej z Wo\u0142ynia (obszaru nale\u017c\u0105cego obecnie do Ukrainy). Arty\u015bci poprosili obydwie kobiety o opisanie utraconego domu. Na prac\u0119 pt. <em>Podw\u00f3rko<\/em> sk\u0142adaj\u0105 si\u0119 zar\u00f3wno zapisy audio-wideo przeprowadzonych rozm\u00f3w jak i modele dom\u00f3w, kt\u00f3re artystom uda\u0142o si\u0119 zrekonstruowa\u0107 na podstawie wywiad\u00f3w.<\/p>\n<figure id=\"attachment_33873\" aria-describedby=\"caption-attachment-33873\" style=\"width: 540px\" class=\"wp-caption alignnone\"><a href=\"https:\/\/ownetic.com\/magazyn\/2015\/anna-stec-dispossession-po-biennale-w-wenecji\/the-open-group-003\/\" rel=\"attachment wp-att-33873\"><img loading=\"lazy\" class=\"size-medium wp-image-33873\" title=\"Realizacja The Open Group, wystawa \u201eDispossession\u201d, Biennale w Wenecji, 2015 (\u017ar\u00f3d\u0142o: materia\u0142y prasowe organizatora)\" src=\"https:\/\/ownetic.com\/magazyn\/wp-content\/uploads\/2015\/12\/the-open-group-003-540x360.jpg\" alt=\"Realizacja The Open Group, wystawa \u201eDispossession\u201d, Biennale w Wenecji, 2015 (\u017ar\u00f3d\u0142o: materia\u0142y prasowe organizatora)\" width=\"540\" height=\"360\" srcset=\"https:\/\/ownetic.com\/magazyn\/wp-content\/uploads\/2015\/12\/the-open-group-003-540x360.jpg 540w, https:\/\/ownetic.com\/magazyn\/wp-content\/uploads\/2015\/12\/the-open-group-003-900x601.jpg 900w, https:\/\/ownetic.com\/magazyn\/wp-content\/uploads\/2015\/12\/the-open-group-003-576x384.jpg 576w, https:\/\/ownetic.com\/magazyn\/wp-content\/uploads\/2015\/12\/the-open-group-003.jpg 1460w\" sizes=\"(max-width: 540px) 100vw, 540px\" \/><\/a><figcaption id=\"caption-attachment-33873\" class=\"wp-caption-text\">Realizacja The Open Group, wystawa \u201eDispossession\u201d, Biennale w Wenecji, 2015 (\u017ar\u00f3d\u0142o: materia\u0142y prasowe organizatora)<\/figcaption><\/figure>\n<p>W obydwu wypadkach obserwujemy trudno\u015bci zwi\u0105zane z opisaniem przestrzeni \u2013 jej wygl\u0105du i charakteru, za pomoc\u0105 s\u0142\u00f3w. Szczeg\u00f3lnie trudne okazuje si\u0119 opisanie utraconego miejsca, gdy do czynienia mamy z odleg\u0142ymi wydarzeniami i niewyra\u017anymi wspomnieniami (przypadek wysiedlenia z Wo\u0142ynia). W wywiadzie obserwujemy liczne wzruszaj\u0105ce momenty, w kt\u00f3rych pr\u00f3ba odtworzenia konkretnej, fizycznej formy przywo\u0142uje ca\u0142\u0105 fal\u0119 zar\u00f3wno dobrych jak i z\u0142ych wspomnie\u0144. Odkrywa, wydawa\u0142oby si\u0119, dawno temu ju\u017c zabli\u017anione rany. Zmaganie si\u0119 z dramatyczn\u0105 przesz\u0142o\u015bci\u0105 i niedoskona\u0142o\u015bci\u0105 w\u0142asnej pami\u0119ci okazuje si\u0119 niezmiernie trudne. Bior\u0105c jednak pod uwag\u0119, i\u017c jest to jedyna mo\u017cliwa forma symbolicznego odzyskania domu, g\u00f3r\u0119 bierze raczej determinacja ni\u017c zrezygnowanie. Wzruszenie, jakie przychodzi gdy okazuje si\u0119, \u017ce po d\u0142ugiej rozmowie uda\u0142o si\u0119 odtworzy\u0107 dom w postaci niewielkiego, tr\u00f3jwymiarowego modelu, m\u00f3wi samo za siebie.<\/p>\n<p>Jedn\u0105 z ciekawostek wystawy jest przygotowany specjalnie na te okazj\u0119 tekst Oksany Zabu\u017cko (<em>My, deportowani: koda<\/em>), kt\u00f3ry ma znale\u017a\u0107 si\u0119 tak\u017ce w nowej ksi\u0105\u017cce pisarki, opartej na wspomnieniach matki autorki i m\u00f3wi\u0105cej o traumie wysiedle\u0144. W tek\u015bcie (zaprezentowanym na wystawie w formie audio-wizualnej instalacji) autorka dotyka problemu niemo\u017cno\u015bci zapuszczenia korzeni na nowo oraz ci\u0105g\u0142ego poczucia bycia w drodze i \u017cycia na walizkach, jakie towarzyszy osobom wysiedlonym.<\/p>\n<p><!--nextpage--><\/p>\n<p>Z tematyk\u0105 budowania to\u017csamo\u015bci narodowej i poczucia przynale\u017cno\u015bci zmierzy\u0142 si\u0119 tak\u017ce Tomasz Opania. W nieco komicznej, w gruncie rzeczy, instalacji pt. <em>Zielona granica<\/em> \u015bwietnie uj\u0105\u0142 absurdy zwi\u0105zane z \u017cyciem w niestabilnym \u015bwiecie, pe\u0142nym sztucznie wykreowanych podzia\u0142\u00f3w.<\/p>\n<figure id=\"attachment_33882\" aria-describedby=\"caption-attachment-33882\" style=\"width: 540px\" class=\"wp-caption alignnone\"><a href=\"https:\/\/ownetic.com\/magazyn\/2015\/anna-stec-dispossession-po-biennale-w-wenecji\/tomasz-opania-003\/\" rel=\"attachment wp-att-33882\"><img loading=\"lazy\" class=\"size-medium wp-image-33882\" title=\"Realizacja Tomasza Opani, wystawa \u201eDispossession\u201d, Biennale w Wenecji, 2015 (\u017ar\u00f3d\u0142o: materia\u0142y prasowe organizatora)\" src=\"https:\/\/ownetic.com\/magazyn\/wp-content\/uploads\/2015\/12\/tomasz-opania-003-540x359.jpg\" alt=\"Realizacja Tomasza Opani, wystawa \u201eDispossession\u201d, Biennale w Wenecji, 2015 (\u017ar\u00f3d\u0142o: materia\u0142y prasowe organizatora)\" width=\"540\" height=\"359\" srcset=\"https:\/\/ownetic.com\/magazyn\/wp-content\/uploads\/2015\/12\/tomasz-opania-003-540x359.jpg 540w, https:\/\/ownetic.com\/magazyn\/wp-content\/uploads\/2015\/12\/tomasz-opania-003-900x599.jpg 900w, https:\/\/ownetic.com\/magazyn\/wp-content\/uploads\/2015\/12\/tomasz-opania-003-576x383.jpg 576w, https:\/\/ownetic.com\/magazyn\/wp-content\/uploads\/2015\/12\/tomasz-opania-003.jpg 1219w\" sizes=\"(max-width: 540px) 100vw, 540px\" \/><\/a><figcaption id=\"caption-attachment-33882\" class=\"wp-caption-text\">Realizacja Tomasza Opani, wystawa \u201eDispossession\u201d, Biennale w Wenecji, 2015 (\u017ar\u00f3d\u0142o: materia\u0142y prasowe organizatora)<\/figcaption><\/figure>\n<p>Opania przeprowadzi\u0142 seri\u0119 wywiad\u00f3w ze swoj\u0105 babci\u0105, ciotk\u0105 i matk\u0105. Rodzina Opanii mieszka na \u015al\u0105sku, przy granicy niemieckiej, kt\u00f3ra przekraczana by\u0142a przez cz\u0142onk\u00f3w rodziny artysty setki a mo\u017ce tysi\u0105ce razy. Ciotka Ruta mieszka\u0142a w Zabrzu, w domu celnym na granicy. Przy jej p\u0142ocie sta\u0142 szlaban. Siostra jej matki \u2013 babcia artysty, mieszka\u0142a po polskiej stronie kilka kilometr\u00f3w dalej w Rudzie \u015al\u0105skiej. Cz\u0142onkowie rodziny nieustannie w\u0119drowali, zmieniali miejsce zamieszkania, chodzili do szko\u0142y czy pracowali raz po polskiej raz po niemieckiej stronie. Pos\u0142ugiwanie si\u0119 na zmian\u0119 r\u00f3\u017cnymi j\u0119zykami i dokumentami wp\u0142ywa\u0142o na pojmowanie w\u0142asnej to\u017csamo\u015bci narodowej, kt\u00f3ra w takiej sytuacji pozostawa\u0142a kwesti\u0105 wyboru. Do tego dochodzi raz jeszcze kwestia fragmentaryczno\u015bci i niedoskona\u0142o\u015bci ludzkiej pami\u0119ci. Historia opowiadana przez babci\u0119 jest tak zagmatwana, \u017ce w gruncie rzeczy niemo\u017cliwa do zrozumienia. Absurdy, zwi\u0105zane z \u017cyciem na granicy dw\u00f3ch pa\u0144stw, podkre\u015bla towarzysz\u0105ca nagraniu wideo instalacja, kt\u00f3ra uk\u0142ada si\u0119 raz w polsk\u0105, raz niemieck\u0105 flag\u0119, w momentach, w kt\u00f3rych w filmie poruszane s\u0105 kwestie narodowo\u015bci.<\/p>\n<p>Przy wyj\u015bciu z wystawy natrafiamy na z\u0142o\u017con\u0105 instalacje Thomasa Kilppera \u2013 obraz dramatycznych wydarze\u0144 na w\u0142oskiej Lampeduzie. Od 2008 roku Kilpper stara si\u0119 wdro\u017cy\u0107 na wyspie projekt pt. <em>Latarnia dla Lampeduzy!<\/em>, maj\u0105cy zwr\u00f3ci\u0107 uwag\u0119 \u015bwiata na setki przybywaj\u0105cych do W\u0142och migrant\u00f3w oraz setki ofiar jakie poch\u0142ania morze, podczas pr\u00f3b przedostania si\u0119 do Europy z kontynentu afryka\u0144skiego. Instalacja, przygotowana na wystaw\u0119 w Wenecji, jest z jednej strony podsumowaniem podj\u0119tych dotychczas przez artyst\u0119 dzia\u0142a\u0144 na Lampeduzie, z drugiej \u2013 przykrym \u015bwiadectwem bezowocno\u015bci tych dzia\u0142a\u0144 i braku wsparcia ze strony polityk\u00f3w. Na instalacj\u0119 sk\u0142adaj\u0105 si\u0119 m.in. serie przedmiot\u00f3w anonimowych uchod\u017ac\u00f3w \u2013 \u201ezbi\u00f3r rzeczy osobistych zabranych przez migrant\u00f3w wyruszaj\u0105cych niebezpieczn\u0105 podr\u00f3\u017c.\u201d W ramach instalacji zobaczy\u0107 mo\u017cna tak\u017ce film wideo Holgera W\u00fcsta, w kt\u00f3rym artysta proponuje w\u0142asn\u0105 wersj\u0119 przybycia emigrant\u00f3w do W\u0142och, kreuj\u0105c za pomoc\u0105 ruchomego obrazu alternatywn\u0105 wizj\u0119 rzeczywisto\u015bci. Powoli przesuwaj\u0105ca si\u0119, panoramiczna fotografia ods\u0142ania przed widzem kolejne, pieczo\u0142owicie dopracowane, fragmenty utopijnego wyobra\u017cenia o \u015bwiecie pozbawionym niepokoju. Do brzegu placu \u015bw. Marka w Wenecji dobija pot\u0119\u017cny prom z migrantami, kt\u00f3rego dzi\u00f3b zdobi imponuj\u0105ca p\u0142askorze\u017aba przedstawiaj\u0105ca twarz Marksa. Plac \u015bw. Marka w wizji artysty przemieniony zostaje w ob\u00f3z dla emigrant\u00f3w, a przybyszy witaj\u0105 wywieszone w oknach weneckich pa\u0142ac\u00f3w transparenty z napisami: \u201eWszyscy jeste\u015bmy migrantami\u201d, \u201eWitaj wolno\u015bci\u201d.<\/p>\n<figure id=\"attachment_33877\" aria-describedby=\"caption-attachment-33877\" style=\"width: 540px\" class=\"wp-caption alignnone\"><a href=\"https:\/\/ownetic.com\/magazyn\/2015\/anna-stec-dispossession-po-biennale-w-wenecji\/thomas-kilpper-003\/\" rel=\"attachment wp-att-33877\"><img loading=\"lazy\" class=\"size-medium wp-image-33877\" title=\"Realizacja Thomasa Klippera, wystawa \u201eDispossession\u201d, Biennale w Wenecji, 2015 (\u017ar\u00f3d\u0142o: materia\u0142y prasowe organizatora)\" src=\"https:\/\/ownetic.com\/magazyn\/wp-content\/uploads\/2015\/12\/thomas-kilpper-003-540x360.jpg\" alt=\"Realizacja Thomasa Klippera, wystawa \u201eDispossession\u201d, Biennale w Wenecji, 2015 (\u017ar\u00f3d\u0142o: materia\u0142y prasowe organizatora)\" width=\"540\" height=\"360\" srcset=\"https:\/\/ownetic.com\/magazyn\/wp-content\/uploads\/2015\/12\/thomas-kilpper-003-540x360.jpg 540w, https:\/\/ownetic.com\/magazyn\/wp-content\/uploads\/2015\/12\/thomas-kilpper-003-900x600.jpg 900w, https:\/\/ownetic.com\/magazyn\/wp-content\/uploads\/2015\/12\/thomas-kilpper-003-576x384.jpg 576w, https:\/\/ownetic.com\/magazyn\/wp-content\/uploads\/2015\/12\/thomas-kilpper-003.jpg 1526w\" sizes=\"(max-width: 540px) 100vw, 540px\" \/><\/a><figcaption id=\"caption-attachment-33877\" class=\"wp-caption-text\">Realizacja Thomasa Klippera, wystawa \u201eDispossession\u201d, Biennale w Wenecji, 2015 (\u017ar\u00f3d\u0142o: materia\u0142y prasowe organizatora)<\/figcaption><\/figure>\n<p>Pokaz filmu trwa ponad godzin\u0119. Z przyjemno\u015bci\u0105 mo\u017cna wpatrywa\u0107 si\u0119 pe\u0142n\u0105 szczeg\u00f3\u0142\u00f3w fotografi\u0119 i odnajdywa\u0107 kolejne smaczki w\u0142\u0105czone przez artyst\u0119 w panoram\u0119. A\u017c szkoda, \u017ce dla tej, w gruncie rzeczy, monumentalnej pracy nie zosta\u0142a przewidziana bardziej monumentalna forma (film prezentowany jest na niewielkim ekranie).<\/p>\n<p>Niedo\u015bcigniona, utopijna wizja rzeczywisto\u015bci proponowana przez W\u00fcsta, tak daleka od tego jak wygl\u0105da nasz \u015bwiat obecnie, mog\u0142aby spokojnie sta\u0107 si\u0119 jedn\u0105 z g\u0142\u00f3wnych prezentacji ca\u0142ego Biennale i ilustracj\u0105 has\u0142a \u201eWszystkie przysz\u0142o\u015bci \u015bwiata\u201d.<\/p>\n<p><strong>Wszystkie przysz\u0142o\u015bci \u015bwiata i sztuka wyp\u0119dzania demon\u00f3w<\/strong><\/p>\n<p>Mog\u0142oby si\u0119 wydawa\u0107, \u017ce has\u0142o tegorocznego Biennale popchnie artyst\u00f3w (jak w przypadku W\u00fcsta) w kierunku snucia utopijnych wizji przysz\u0142o\u015bci.<\/p>\n<figure id=\"attachment_33865\" aria-describedby=\"caption-attachment-33865\" style=\"width: 540px\" class=\"wp-caption alignnone\"><a href=\"https:\/\/ownetic.com\/magazyn\/2015\/anna-stec-dispossession-po-biennale-w-wenecji\/susanne-keichel-004\/\" rel=\"attachment wp-att-33865\"><img loading=\"lazy\" class=\"size-medium wp-image-33865\" title=\"Realizacja Susanne Keichel, wystawa \u201eDispossession\u201d, Biennale w Wenecji, 2015 (\u017ar\u00f3d\u0142o: materia\u0142y prasowe organizatora)\" src=\"https:\/\/ownetic.com\/magazyn\/wp-content\/uploads\/2015\/12\/susanne-keichel-004-540x359.jpg\" alt=\"Realizacja Susanne Keichel, wystawa \u201eDispossession\u201d, Biennale w Wenecji, 2015 (\u017ar\u00f3d\u0142o: materia\u0142y prasowe organizatora)\" width=\"540\" height=\"359\" srcset=\"https:\/\/ownetic.com\/magazyn\/wp-content\/uploads\/2015\/12\/susanne-keichel-004-540x359.jpg 540w, https:\/\/ownetic.com\/magazyn\/wp-content\/uploads\/2015\/12\/susanne-keichel-004-900x599.jpg 900w, https:\/\/ownetic.com\/magazyn\/wp-content\/uploads\/2015\/12\/susanne-keichel-004-576x383.jpg 576w, https:\/\/ownetic.com\/magazyn\/wp-content\/uploads\/2015\/12\/susanne-keichel-004.jpg 992w\" sizes=\"(max-width: 540px) 100vw, 540px\" \/><\/a><figcaption id=\"caption-attachment-33865\" class=\"wp-caption-text\">Realizacja Susanne Keichel, wystawa \u201eDispossession\u201d, Biennale w Wenecji, 2015 (\u017ar\u00f3d\u0142o: materia\u0142y prasowe organizatora)<\/figcaption><\/figure>\n<p>W wi\u0119kszo\u015bci wypadk\u00f3w sta\u0142o si\u0119 jednak odwrotnie. Zar\u00f3wno arty\u015bci jak i sam kurator wystawy g\u0142\u00f3wnej, prezentowanej w arsenale (Okwui Enwezor) zwr\u00f3cili si\u0119 raczej ku przesz\u0142o\u015bci i wsp\u00f3\u0142czesnym konsekwencjom dawnego porz\u0105dku. Pozosta\u0142o\u015bci po kolonializmie, klasowe nier\u00f3wno\u015bci i wyzysk ludzi w kapitalistycznej rzeczywisto\u015bci; problemy zwi\u0105zane z migracj\u0105 i niemo\u017cno\u015bci\u0105 odnalezienia w\u0142asnego miejsca we wsp\u00f3\u0142czesnym \u015bwiecie&nbsp; \u2013 to tematy kt\u00f3re wzi\u0119\u0142y g\u00f3r\u0119 na tegorocznym Biennale. W tym wzgl\u0119dzie wystawa <em>Dispossession<\/em> wpisa\u0142a si\u0119 w ca\u0142o\u015b\u0107 wydarzenia doskonale.<\/p>\n<p>Co znamienne nie tylko dla prac zaprezentowanych w ramach <em>Dispossession<\/em>, ale i dla prac prezentowanych na ca\u0142ym Biennale, to zwrot od og\u00f3lnych narracji ku historii indywidualnej jednostki. To w\u0142a\u015bnie prace, kt\u00f3re podejmuj\u0105 kwesti\u0119 osobistych prze\u017cy\u0107 i rodzinnych historii, stawiaj\u0105c wspomnienia i emocje w centrum zainteresowa\u0144 sztuki, zyska\u0142y w tym roku szczeg\u00f3lne zainteresowanie. Przyk\u0142adowo, nagrodzona Z\u0142otym Lwem wystawa pt. <em>Armenity<\/em> skupia\u0142a si\u0119 m.in. na temacie subiektywnego odczucia swojej narodowej to\u017csamo\u015bci i jednoczesnego \u201ebycia w \u015bwiecie\u201d.<\/p>\n<figure id=\"attachment_33863\" aria-describedby=\"caption-attachment-33863\" style=\"width: 540px\" class=\"wp-caption alignnone\"><a href=\"https:\/\/ownetic.com\/magazyn\/2015\/anna-stec-dispossession-po-biennale-w-wenecji\/susanne-keichel-002\/\" rel=\"attachment wp-att-33863\"><img loading=\"lazy\" class=\"size-medium wp-image-33863\" title=\"Realizacja Susanne Keichel, wystawa \u201eDispossession\u201d, Biennale w Wenecji, 2015 (\u017ar\u00f3d\u0142o: materia\u0142y prasowe organizatora)\" src=\"https:\/\/ownetic.com\/magazyn\/wp-content\/uploads\/2015\/12\/susanne-keichel-002-540x360.jpg\" alt=\"Realizacja Susanne Keichel, wystawa \u201eDispossession\u201d, Biennale w Wenecji, 2015 (\u017ar\u00f3d\u0142o: materia\u0142y prasowe organizatora)\" width=\"540\" height=\"360\" srcset=\"https:\/\/ownetic.com\/magazyn\/wp-content\/uploads\/2015\/12\/susanne-keichel-002-540x360.jpg 540w, https:\/\/ownetic.com\/magazyn\/wp-content\/uploads\/2015\/12\/susanne-keichel-002-900x601.jpg 900w, https:\/\/ownetic.com\/magazyn\/wp-content\/uploads\/2015\/12\/susanne-keichel-002-576x384.jpg 576w, https:\/\/ownetic.com\/magazyn\/wp-content\/uploads\/2015\/12\/susanne-keichel-002.jpg 1557w\" sizes=\"(max-width: 540px) 100vw, 540px\" \/><\/a><figcaption id=\"caption-attachment-33863\" class=\"wp-caption-text\">Realizacja Susanne Keichel, wystawa \u201eDispossession\u201d, Biennale w Wenecji, 2015 (\u017ar\u00f3d\u0142o: materia\u0142y prasowe organizatora)<\/figcaption><\/figure>\n<p>Obserwuj\u0105c prace zaprezentowane na tegorocznym Biennale widzimy jak wsp\u00f3\u0142cze\u015bni arty\u015bci podejmuj\u0105 si\u0119 pracy o charakterze socjologiczno-psychologicznym. Badaj\u0105 przesz\u0142o\u015b\u0107 z perspektywy indywidualnych historii, bazuj\u0105c cz\u0119\u015bciej na selektywnej i niedoskona\u0142ej ludzkiej pami\u0119ci, ni\u017c na obiektywnych prawdach i historycznych faktach. Sporo artyst\u00f3w postawi\u0142o si\u0119 w roli s\u0142uchaczy, a wr\u0119cz spowiednik\u00f3w, czyni\u0105c form\u0119 filmowego dokumentu i wywiadu jedn\u0105 pe\u0142noprawnych praktyk artystycznych. A jednak, nawet gdy praktyki artystyczne okaza\u0142y si\u0119 takie same jak praktyki socjologa, psychologa czy antropologa, to sztuka wci\u0105\u017c wzbogaca\u0142a dane dzia\u0142ania o w\u0105tek magiczny i d\u0105\u017cy\u0142a do odczarowywania rzeczywisto\u015bci.<\/p>\n<p>W j\u0119zyku angielskim <em>Dispossession<\/em> znaczy nie tylko wyw\u0142aszczenie ale i jest synonimem egzorcyzmu. Troch\u0119 w\u0142a\u015bnie w roli egzorcyst\u00f3w musia\u0142a widzie\u0107 artyst\u00f3w z ukrai\u0144skiej Grupy Otwartej kobieta, bior\u0105ca udzia\u0142 w projekcie <em>Podw\u00f3rko<\/em>. Po wielu latach, gdy wydawa\u0142oby si\u0119, \u017ce sprawa przesiedle\u0144 i wyw\u0142aszcze\u0144 zosta\u0142a ju\u017c przez \u015bwiat zapomniana, a wszystkim przesiedlonym pozosta\u0142o pogodzi\u0107 si\u0119 z niemo\u017cno\u015bci\u0105 odzyskania utraconego maj\u0105tku, do jej drzwi pukaj\u0105 m\u0142odzi ludzie. Po\u015bwi\u0119caj\u0105 sw\u00f3j czas i energi\u0119 by chocia\u017cby w symbolicznym wymiarze przywr\u00f3ci\u0107 jej utracony w przesz\u0142o\u015bci dom i zbudowa\u0107 ze wspomnie\u0144 jego miniatur\u0119. Dzia\u0142anie nie ma oczywi\u015bcie \u017cadnej mocy sprawczej, ale by\u0107 mo\u017ce mia\u0142o moc oczyszczaj\u0105ca i pomog\u0142o wyp\u0119dzi\u0107, wci\u0105\u017c obecne w \u017cyciu przesiedlonych, demony przesz\u0142o\u015bci.<\/p>\n<p style=\"text-align: center;\">***<\/p>\n<p>Zaprezentowane w ramach <em>Dispossession<\/em> prace okaza\u0142y si\u0119 ciekawym uzupe\u0142nieniem temat\u00f3w przewodnich tegorocznego Biennale. Wroc\u0142awska wystawa przypomina, \u017ce cho\u0107 we wsp\u00f3\u0142czesnym \u015bwiecie perspektyw ogl\u0105du jest tak wiele, to emocje zwi\u0105zane z utrat\u0105 domu i nieustannym napi\u0119ciem mi\u0119dzy niemo\u017cno\u015bci\u0105 a potrzeb\u0105 zapuszczenia korzeni w nowym, \u201elepszym\u201d \u015bwiecie, w wymiarze prywatnym i z perspektywy indywidualnej jednostki, pozostaj\u0105 zawsze takie same.<\/p>\n","protected":false},"excerpt":{"rendered":"<p>Obserwuj\u0105c prace zaprezentowane na tegorocznym Biennale widzimy jak wsp\u00f3\u0142cze\u015bni arty\u015bci podejmuj\u0105 si\u0119 pracy o charakterze socjologiczno-psychologicznym. Badaj\u0105 przesz\u0142o\u015b\u0107 z perspektywy indywidualnych historii, bazuj\u0105c cz\u0119\u015bciej na selektywnej i niedoskona\u0142ej ludzkiej pami\u0119ci, ni\u017c na obiektywnych prawdach i historycznych faktach. <\/p>\n","protected":false},"author":619,"featured_media":33842,"comment_status":"open","ping_status":"closed","sticky":false,"template":"","format":"standard","meta":[],"categories":[1],"tags":[4475,4477,4478,613,4474,4483,3582,4469,4482,399,4476,4470,849,4472,4481,4473,847,402,4479],"powerkit_post_featured":[],"coauthors":[14097],"yoast_head":"<!-- This site is optimized with the Yoast SEO plugin v18.7 - https:\/\/yoast.com\/wordpress\/plugins\/seo\/ -->\n<title>Dispossession. Po Biennale w Wenecji<\/title>\n<meta name=\"description\" content=\"Wystawa &quot;Dispossession&quot; pokazywana w Wenecji r\u00f3wnie\u017c kr\u0105\u017cy wok\u00f3\u0142 tematu utraty domu, wyw\u0142aszczenia i poczucia wykorzenienia.\" \/>\n<meta name=\"robots\" content=\"index, follow, max-snippet:-1, max-image-preview:large, max-video-preview:-1\" \/>\n<link rel=\"canonical\" href=\"https:\/\/ownetic.com\/magazyn\/2015\/anna-stec-dispossession-po-biennale-w-wenecji\" \/>\n<link rel=\"next\" href=\"https:\/\/ownetic.com\/magazyn\/2015\/anna-stec-dispossession-po-biennale-w-wenecji\/2\" \/>\n<script type=\"application\/ld+json\" class=\"yoast-schema-graph\">{\"@context\":\"https:\/\/schema.org\",\"@graph\":[{\"@type\":\"WebSite\",\"@id\":\"https:\/\/ownetic.com\/magazyn\/#website\",\"url\":\"https:\/\/ownetic.com\/magazyn\/\",\"name\":\"Ownetic Magazine\",\"description\":\"Magazine\",\"potentialAction\":[{\"@type\":\"SearchAction\",\"target\":{\"@type\":\"EntryPoint\",\"urlTemplate\":\"https:\/\/ownetic.com\/magazyn\/?s={search_term_string}\"},\"query-input\":\"required name=search_term_string\"}],\"inLanguage\":\"pl-PL\"},{\"@type\":\"ImageObject\",\"inLanguage\":\"pl-PL\",\"@id\":\"https:\/\/ownetic.com\/magazyn\/2015\/anna-stec-dispossession-po-biennale-w-wenecji#primaryimage\",\"url\":\"https:\/\/ownetic.com\/magazyn\/wp-content\/uploads\/2015\/12\/andriy-sahaydakovsky-001.jpg\",\"contentUrl\":\"https:\/\/ownetic.com\/magazyn\/wp-content\/uploads\/2015\/12\/andriy-sahaydakovsky-001.jpg\",\"width\":1061,\"height\":1591,\"caption\":\"Realizacja Andriya Sahadovskiego, wystawa \u201eDispossession\u201d, Biennale w Wenecji, 2015 (\u017ar\u00f3d\u0142o: materia\u0142y prasowe organizatora)\"},{\"@type\":\"WebPage\",\"@id\":\"https:\/\/ownetic.com\/magazyn\/2015\/anna-stec-dispossession-po-biennale-w-wenecji#webpage\",\"url\":\"https:\/\/ownetic.com\/magazyn\/2015\/anna-stec-dispossession-po-biennale-w-wenecji\",\"name\":\"Dispossession. Po Biennale w Wenecji\",\"isPartOf\":{\"@id\":\"https:\/\/ownetic.com\/magazyn\/#website\"},\"primaryImageOfPage\":{\"@id\":\"https:\/\/ownetic.com\/magazyn\/2015\/anna-stec-dispossession-po-biennale-w-wenecji#primaryimage\"},\"datePublished\":\"2015-12-22T08:00:38+00:00\",\"dateModified\":\"2020-11-09T11:15:59+00:00\",\"author\":{\"@id\":\"https:\/\/ownetic.com\/magazyn\/#\/schema\/person\/d9963f53d3bab0344624abd3390d56f1\"},\"description\":\"Wystawa \\\"Dispossession\\\" pokazywana w Wenecji r\u00f3wnie\u017c kr\u0105\u017cy wok\u00f3\u0142 tematu utraty domu, wyw\u0142aszczenia i poczucia wykorzenienia.\",\"breadcrumb\":{\"@id\":\"https:\/\/ownetic.com\/magazyn\/2015\/anna-stec-dispossession-po-biennale-w-wenecji#breadcrumb\"},\"inLanguage\":\"pl-PL\",\"potentialAction\":[{\"@type\":\"ReadAction\",\"target\":[\"https:\/\/ownetic.com\/magazyn\/2015\/anna-stec-dispossession-po-biennale-w-wenecji\"]}]},{\"@type\":\"BreadcrumbList\",\"@id\":\"https:\/\/ownetic.com\/magazyn\/2015\/anna-stec-dispossession-po-biennale-w-wenecji#breadcrumb\",\"itemListElement\":[{\"@type\":\"ListItem\",\"position\":1,\"name\":\"Dispossession. Po Biennale w Wenecji\"}]},{\"@type\":\"Person\",\"@id\":\"https:\/\/ownetic.com\/magazyn\/#\/schema\/person\/d9963f53d3bab0344624abd3390d56f1\",\"name\":\"Anna Stec\",\"url\":\"https:\/\/ownetic.com\/magazyn\/author\/anna-stec\"}]}<\/script>\n<!-- \/ Yoast SEO plugin. -->","yoast_head_json":{"title":"Dispossession. Po Biennale w Wenecji","description":"Wystawa \"Dispossession\" pokazywana w Wenecji r\u00f3wnie\u017c kr\u0105\u017cy wok\u00f3\u0142 tematu utraty domu, wyw\u0142aszczenia i poczucia wykorzenienia.","robots":{"index":"index","follow":"follow","max-snippet":"max-snippet:-1","max-image-preview":"max-image-preview:large","max-video-preview":"max-video-preview:-1"},"canonical":"https:\/\/ownetic.com\/magazyn\/2015\/anna-stec-dispossession-po-biennale-w-wenecji","next":"https:\/\/ownetic.com\/magazyn\/2015\/anna-stec-dispossession-po-biennale-w-wenecji\/2","schema":{"@context":"https:\/\/schema.org","@graph":[{"@type":"WebSite","@id":"https:\/\/ownetic.com\/magazyn\/#website","url":"https:\/\/ownetic.com\/magazyn\/","name":"Ownetic Magazine","description":"Magazine","potentialAction":[{"@type":"SearchAction","target":{"@type":"EntryPoint","urlTemplate":"https:\/\/ownetic.com\/magazyn\/?s={search_term_string}"},"query-input":"required name=search_term_string"}],"inLanguage":"pl-PL"},{"@type":"ImageObject","inLanguage":"pl-PL","@id":"https:\/\/ownetic.com\/magazyn\/2015\/anna-stec-dispossession-po-biennale-w-wenecji#primaryimage","url":"https:\/\/ownetic.com\/magazyn\/wp-content\/uploads\/2015\/12\/andriy-sahaydakovsky-001.jpg","contentUrl":"https:\/\/ownetic.com\/magazyn\/wp-content\/uploads\/2015\/12\/andriy-sahaydakovsky-001.jpg","width":1061,"height":1591,"caption":"Realizacja Andriya Sahadovskiego, wystawa \u201eDispossession\u201d, Biennale w Wenecji, 2015 (\u017ar\u00f3d\u0142o: materia\u0142y prasowe organizatora)"},{"@type":"WebPage","@id":"https:\/\/ownetic.com\/magazyn\/2015\/anna-stec-dispossession-po-biennale-w-wenecji#webpage","url":"https:\/\/ownetic.com\/magazyn\/2015\/anna-stec-dispossession-po-biennale-w-wenecji","name":"Dispossession. Po Biennale w Wenecji","isPartOf":{"@id":"https:\/\/ownetic.com\/magazyn\/#website"},"primaryImageOfPage":{"@id":"https:\/\/ownetic.com\/magazyn\/2015\/anna-stec-dispossession-po-biennale-w-wenecji#primaryimage"},"datePublished":"2015-12-22T08:00:38+00:00","dateModified":"2020-11-09T11:15:59+00:00","author":{"@id":"https:\/\/ownetic.com\/magazyn\/#\/schema\/person\/d9963f53d3bab0344624abd3390d56f1"},"description":"Wystawa \"Dispossession\" pokazywana w Wenecji r\u00f3wnie\u017c kr\u0105\u017cy wok\u00f3\u0142 tematu utraty domu, wyw\u0142aszczenia i poczucia wykorzenienia.","breadcrumb":{"@id":"https:\/\/ownetic.com\/magazyn\/2015\/anna-stec-dispossession-po-biennale-w-wenecji#breadcrumb"},"inLanguage":"pl-PL","potentialAction":[{"@type":"ReadAction","target":["https:\/\/ownetic.com\/magazyn\/2015\/anna-stec-dispossession-po-biennale-w-wenecji"]}]},{"@type":"BreadcrumbList","@id":"https:\/\/ownetic.com\/magazyn\/2015\/anna-stec-dispossession-po-biennale-w-wenecji#breadcrumb","itemListElement":[{"@type":"ListItem","position":1,"name":"Dispossession. Po Biennale w Wenecji"}]},{"@type":"Person","@id":"https:\/\/ownetic.com\/magazyn\/#\/schema\/person\/d9963f53d3bab0344624abd3390d56f1","name":"Anna Stec","url":"https:\/\/ownetic.com\/magazyn\/author\/anna-stec"}]}},"_links":{"self":[{"href":"https:\/\/ownetic.com\/magazyn\/wp-json\/wp\/v2\/posts\/33834"}],"collection":[{"href":"https:\/\/ownetic.com\/magazyn\/wp-json\/wp\/v2\/posts"}],"about":[{"href":"https:\/\/ownetic.com\/magazyn\/wp-json\/wp\/v2\/types\/post"}],"author":[{"embeddable":true,"href":"https:\/\/ownetic.com\/magazyn\/wp-json\/wp\/v2\/users\/619"}],"replies":[{"embeddable":true,"href":"https:\/\/ownetic.com\/magazyn\/wp-json\/wp\/v2\/comments?post=33834"}],"version-history":[{"count":2,"href":"https:\/\/ownetic.com\/magazyn\/wp-json\/wp\/v2\/posts\/33834\/revisions"}],"predecessor-version":[{"id":48937,"href":"https:\/\/ownetic.com\/magazyn\/wp-json\/wp\/v2\/posts\/33834\/revisions\/48937"}],"wp:featuredmedia":[{"embeddable":true,"href":"https:\/\/ownetic.com\/magazyn\/wp-json\/wp\/v2\/media\/33842"}],"wp:attachment":[{"href":"https:\/\/ownetic.com\/magazyn\/wp-json\/wp\/v2\/media?parent=33834"}],"wp:term":[{"taxonomy":"category","embeddable":true,"href":"https:\/\/ownetic.com\/magazyn\/wp-json\/wp\/v2\/categories?post=33834"},{"taxonomy":"post_tag","embeddable":true,"href":"https:\/\/ownetic.com\/magazyn\/wp-json\/wp\/v2\/tags?post=33834"},{"taxonomy":"powerkit_post_featured","embeddable":true,"href":"https:\/\/ownetic.com\/magazyn\/wp-json\/wp\/v2\/powerkit_post_featured?post=33834"},{"taxonomy":"author","embeddable":true,"href":"https:\/\/ownetic.com\/magazyn\/wp-json\/wp\/v2\/coauthors?post=33834"}],"curies":[{"name":"wp","href":"https:\/\/api.w.org\/{rel}","templated":true}]}}