{"id":36990,"date":"2016-07-06T18:45:05","date_gmt":"2016-07-06T17:45:05","guid":{"rendered":"https:\/\/ownetic.com\/magazyn\/?p=36990"},"modified":"2020-11-09T12:11:33","modified_gmt":"2020-11-09T11:11:33","slug":"karolina-jablonska-geometria-wspolczesnosci","status":"publish","type":"post","link":"https:\/\/ownetic.com\/magazyn\/2016\/karolina-jablonska-geometria-wspolczesnosci","title":{"rendered":"Geometria wsp\u00f3\u0142czesno\u015bci"},"content":{"rendered":"<p>Formy geometryczne w sztuce s\u0105 cz\u0119sto uwa\u017cane za przejaw izolowania tw\u00f3rczo\u015bci od \u017cycia, jednak na wystawie <a title=\"Wydarzenia.O.pl: Geometria ekranu \u2013 geometria obrazu\" href=\"http:\/\/wydarzenia.o.pl\/2016\/05\/geometria-ekranu-geometria-obrazu-galeria-xs-kielce\/\"><em>Geometria ekranu \u2013 geometria obrazu<\/em><\/a> pokazane zosta\u0142y prace jedenastu wsp\u00f3\u0142czesnych artyst\u00f3w, kt\u00f3rzy, pos\u0142uguj\u0105c si\u0119 j\u0119zykiem geometrii, odnosz\u0105 si\u0119 do nowych technologii i obszar\u00f3w naszego \u017cycia, w kt\u00f3rych zaczynaj\u0105 one dominowa\u0107. Wystaw\u0119 mo\u017cna by\u0142o ogl\u0105da\u0107 w maju w kieleckiej Galerii XS, dzia\u0142aj\u0105cej przy Instytucie Sztuk Pi\u0119knych UJK. Zestawione zosta\u0142y tu dwie tendencje obecne w sztuce \u2013 sztuka geometryczna i sztuka zwi\u0105zana z technologi\u0105. Pierwsza z nich jest obszarem stosunkowo dobrze przebadanym, \u0142\u0105czonym z tradycjami awangardowymi, posiadaj\u0105cym sta\u0142\u0105 grup\u0119 entuzjast\u00f3w. Druga budzi \u017cywe zainteresowanie i cieszy si\u0119 du\u017c\u0105 popularno\u015bci\u0105 odbiorc\u00f3w, za\u015b badacze wydaj\u0105 si\u0119 wci\u0105\u017c traktowa\u0107 j\u0105 z dystansem i wykazuj\u0105 wobec niej brak zaufania. Po\u0142\u0105czenie tych dw\u00f3ch obszar\u00f3w daje nie tylko ciekawe efekty wizualne, ale pozwala zwr\u00f3ci\u0107 uwag\u0119 na poszukiwania artystyczne zachodz\u0105ce wok\u00f3\u0142 istoty sztuki oraz na postawy obecne w nurcie Geometrii Dyskursywnej, w kt\u00f3ry wpisuj\u0105 si\u0119 prace pokazane na wystawie.<\/p>\n<figure id=\"attachment_37000\" aria-describedby=\"caption-attachment-37000\" style=\"width: 540px\" class=\"wp-caption alignnone\"><a href=\"https:\/\/ownetic.com\/magazyn\/2016\/karolina-jablonska-geometria-wspolczesnosci\/geometria-ekranu-geometria-obrazu-codemanipulator-interactive-painting-1996-galeria-xs-kielce-2016\/\" rel=\"attachment wp-att-37000\"><img loading=\"lazy\" class=\"size-medium wp-image-37000\" title=\"Codemanipulator, \u201eInteractive Painting\u201d, 1996 (\u017ar\u00f3d\u0142o: materia\u0142y prasowe organizatora)\" src=\"https:\/\/ownetic.com\/magazyn\/wp-content\/uploads\/2016\/07\/geometria-ekranu-geometria-obrazu-codemanipulator-interactive-painting-1996-galeria-xs-kielce-2016-540x404.jpg\" alt=\"Codemanipulator, \u201eInteractive Painting\u201d, 1996 (\u017ar\u00f3d\u0142o: materia\u0142y prasowe organizatora)\" width=\"540\" height=\"404\" srcset=\"https:\/\/ownetic.com\/magazyn\/wp-content\/uploads\/2016\/07\/geometria-ekranu-geometria-obrazu-codemanipulator-interactive-painting-1996-galeria-xs-kielce-2016-540x404.jpg 540w, https:\/\/ownetic.com\/magazyn\/wp-content\/uploads\/2016\/07\/geometria-ekranu-geometria-obrazu-codemanipulator-interactive-painting-1996-galeria-xs-kielce-2016-900x675.jpg 900w, https:\/\/ownetic.com\/magazyn\/wp-content\/uploads\/2016\/07\/geometria-ekranu-geometria-obrazu-codemanipulator-interactive-painting-1996-galeria-xs-kielce-2016-576x432.jpg 576w, https:\/\/ownetic.com\/magazyn\/wp-content\/uploads\/2016\/07\/geometria-ekranu-geometria-obrazu-codemanipulator-interactive-painting-1996-galeria-xs-kielce-2016.jpg 1052w\" sizes=\"(max-width: 540px) 100vw, 540px\" \/><\/a><figcaption id=\"caption-attachment-37000\" class=\"wp-caption-text\">Codemanipulator, \u201eInteractive Painting\u201d, 1996 (\u017ar\u00f3d\u0142o: materia\u0142y prasowe organizatora)<\/figcaption><\/figure>\n<p>Maria\u017c sztuki i techniki, zw\u0142aszcza tej najnowszej, daje artystom mo\u017cliwo\u015b\u0107 przyj\u0119cia strategii gry, w kt\u00f3rej odbiorcy cz\u0119sto sami musz\u0105 odkry\u0107 jej zasady \u2013 po\u0142\u0105czy\u0107 komunikaty wysy\u0142ane w dw\u00f3ch j\u0119zykach: techniki i sztuki, odnale\u017a\u0107 powi\u0105zania mi\u0119dzy dwoma dziedzinami. Niekt\u00f3rzy arty\u015bci, jak Codemanipulator, zestawiaj\u0105 obok siebie dwa kody przekazywanej informacji, zwracaj\u0105c uwag\u0119 na r\u00f3\u017cny zapis tych samych informacji. W tym przypadku widzowie postawieni s\u0105 przed pracami stworzonymi w tradycyjny spos\u00f3b: fotografi\u0105, grafik\u0105, instalacj\u0105, kt\u00f3re prze\u0142o\u017cone s\u0105 r\u00f3wnie\u017c na j\u0119zyk HTML. Z kolei w pracach Macieja Zdanowicza punktem wyj\u015bcia s\u0105 d\u017awi\u0119ki miasta \u2013 pejza\u017c d\u017awi\u0119kowy, kt\u00f3ry artysta przek\u0142ada na obraz. Wykorzystuje tu fotografi\u0119 i elementy geometryczne, powsta\u0142e w wyniku analizy zarejestrowanych d\u017awi\u0119k\u00f3w. Ka\u017cdy obraz budowany jest w spos\u00f3b uwzgl\u0119dniaj\u0105cy miejsce ekspozycji, jednak zawsze towarzyszy mu ta sama \u015bcie\u017cka d\u017awi\u0119kowa. Mamy tu do czynienia z sytuacj\u0105, w kt\u00f3rej zapis wykonany w jednej dziedzinie jest przek\u0142adany na inn\u0105. Co ciekawe, mimo tego, \u017ce punktem wyj\u015bcia jest determinuj\u0105cy ca\u0142o\u015b\u0107 d\u017awi\u0119k, a obraz podporz\u0105dkowany jest przestrzeni, w kt\u00f3rej jest eksponowany, nie traci on swojej autonomii.<\/p>\n<div id='gallery-1' class='gallery galleryid-36990 gallery-columns-5 gallery-size-thumbnail'><figure class='gallery-item'>\n\t\t\t<div class='gallery-icon landscape'>\n\t\t\t\t<a href='https:\/\/ownetic.com\/magazyn\/2016\/karolina-jablonska-geometria-wspolczesnosci\/attachment\/37018'><img width=\"80\" height=\"80\" src=\"https:\/\/ownetic.com\/magazyn\/wp-content\/uploads\/2016\/07\/geometria-ekranu-geometria-obrazu-010-80x80.jpg\" class=\"attachment-thumbnail size-thumbnail\" alt=\"\u201eGeometria ekranu \u2013 geometria obrazu\u201d, Galeria XS Instytutu Sztuk Pi\u0119knych Uniwersytetu Jana Kochanowskiego w Kielcach, od lewej: Codemanipulator, \u201eCodepaintings\u201d, 2004, \u201eCodesculptures\u201d, 2004, Aleksander Olszewski, z cyklu \u201eAutostrada. Droga szybkiego ruchu\u201d, 2016, fot. Maciej Zdanowicz (\u017ar\u00f3d\u0142o: dzi\u0119ki uprzejmo\u015bci organizatora)\" loading=\"lazy\" aria-describedby=\"gallery-1-37018\" \/><\/a>\n\t\t\t<\/div>\n\t\t\t\t<figcaption class='wp-caption-text gallery-caption' id='gallery-1-37018'>\n\t\t\t\t\u201eGeometria ekranu \u2013 geometria obrazu\u201d, Galeria XS Instytutu Sztuk Pi\u0119knych Uniwersytetu Jana Kochanowskiego w Kielcach, od lewej: Codemanipulator, \u201eCodepaintings\u201d, 2004, \u201eCodesculptures\u201d, 2004, Aleksander Olszewski, z cyklu \u201eAutostrada. Droga szybkiego ruchu\u201d, 2016, fot. Maciej Zdanowicz (\u017ar\u00f3d\u0142o: dzi\u0119ki uprzejmo\u015bci organizatora)\n\t\t\t\t<\/figcaption><\/figure><figure class='gallery-item'>\n\t\t\t<div class='gallery-icon landscape'>\n\t\t\t\t<a href='https:\/\/ownetic.com\/magazyn\/2016\/karolina-jablonska-geometria-wspolczesnosci\/attachment\/37017'><img width=\"80\" height=\"80\" src=\"https:\/\/ownetic.com\/magazyn\/wp-content\/uploads\/2016\/07\/geometria-ekranu-geometria-obrazu-009-80x80.jpg\" class=\"attachment-thumbnail size-thumbnail\" alt=\"\u201eGeometria ekranu \u2013 geometria obrazu\u201d, Galeria XS Instytutu Sztuk Pi\u0119knych Uniwersytetu Jana Kochanowskiego w Kielcach, na pierwszym planie: Miko\u0142aj S\u0119czawa, \u201eTablet\u201d, 2015, od lewej: Codemanipulator, \u201eCodepaintings\u201d, 2004, \u201eCodesculptures\u201d, 2004, Aleksander Olszewski, z cyklu \u201eAutostrada. Droga szybkiego ruchu\u201d, 2016, fot. Maciej Zdanowicz (\u017ar\u00f3d\u0142o: dzi\u0119ki uprzejmo\u015bci organizatora)\" loading=\"lazy\" aria-describedby=\"gallery-1-37017\" \/><\/a>\n\t\t\t<\/div>\n\t\t\t\t<figcaption class='wp-caption-text gallery-caption' id='gallery-1-37017'>\n\t\t\t\t\u201eGeometria ekranu \u2013 geometria obrazu\u201d, Galeria XS Instytutu Sztuk Pi\u0119knych Uniwersytetu Jana Kochanowskiego w Kielcach, na pierwszym planie: Miko\u0142aj S\u0119czawa, \u201eTablet\u201d, 2015, od lewej: Codemanipulator, \u201eCodepaintings\u201d, 2004, \u201eCodesculptures\u201d, 2004, Aleksander Olszewski, z cyklu \u201eAutostrada. Droga szybkiego ruchu\u201d, 2016, fot. Maciej Zdanowicz (\u017ar\u00f3d\u0142o: dzi\u0119ki uprzejmo\u015bci organizatora)\n\t\t\t\t<\/figcaption><\/figure><figure class='gallery-item'>\n\t\t\t<div class='gallery-icon landscape'>\n\t\t\t\t<a href='https:\/\/ownetic.com\/magazyn\/2016\/karolina-jablonska-geometria-wspolczesnosci\/attachment\/37016'><img width=\"80\" height=\"80\" src=\"https:\/\/ownetic.com\/magazyn\/wp-content\/uploads\/2016\/07\/geometria-ekranu-geometria-obrazu-008-80x80.jpg\" class=\"attachment-thumbnail size-thumbnail\" alt=\"\u201eGeometria ekranu \u2013 geometria obrazu\u201d, Galeria XS Instytutu Sztuk Pi\u0119knych Uniwersytetu Jana Kochanowskiego w Kielcach, od lewej: S\u0142awomir Plewko, \u201eInercja przestrzeni. Komentarz negatywny\u201d, 2015, S\u0142awomir Plewko, \u201eInercja przestrzeni. Komentarz dyfrakcyjny\u201d, 2015, Codemanipulator, \u201eInteractive Painting\u201d, 1996, Maciej Zdanowicz, \u201eStambu\u0142 \u2013 s\u0142uchanie miasta\u201d, 2015, fot. Maciej Zdanowicz (\u017ar\u00f3d\u0142o: dzi\u0119ki uprzejmo\u015bci organizatora)\" loading=\"lazy\" aria-describedby=\"gallery-1-37016\" \/><\/a>\n\t\t\t<\/div>\n\t\t\t\t<figcaption class='wp-caption-text gallery-caption' id='gallery-1-37016'>\n\t\t\t\t\u201eGeometria ekranu \u2013 geometria obrazu\u201d, Galeria XS Instytutu Sztuk Pi\u0119knych Uniwersytetu Jana Kochanowskiego w Kielcach, od lewej: S\u0142awomir Plewko, \u201eInercja przestrzeni. Komentarz negatywny\u201d, 2015, S\u0142awomir Plewko, \u201eInercja przestrzeni. Komentarz dyfrakcyjny\u201d, 2015, Codemanipulator, \u201eInteractive Painting\u201d, 1996, Maciej Zdanowicz, \u201eStambu\u0142 \u2013 s\u0142uchanie miasta\u201d, 2015, fot. Maciej Zdanowicz (\u017ar\u00f3d\u0142o: dzi\u0119ki uprzejmo\u015bci organizatora)\n\t\t\t\t<\/figcaption><\/figure><figure class='gallery-item'>\n\t\t\t<div class='gallery-icon landscape'>\n\t\t\t\t<a href='https:\/\/ownetic.com\/magazyn\/2016\/karolina-jablonska-geometria-wspolczesnosci\/attachment\/37015'><img width=\"80\" height=\"80\" src=\"https:\/\/ownetic.com\/magazyn\/wp-content\/uploads\/2016\/07\/geometria-ekranu-geometria-obrazu-007-80x80.jpg\" class=\"attachment-thumbnail size-thumbnail\" alt=\"\u201eGeometria ekranu \u2013 geometria obrazu\u201d, Galeria XS Instytutu Sztuk Pi\u0119knych Uniwersytetu Jana Kochanowskiego w Kielcach, od lewej: S\u0142awomir Plewko, \u201eInercja przestrzeni. Komentarz inkoherentny\u201d, 2015, S\u0142awomir Plewko, \u201eInercja przestrzeni. Komentarz negatywny\u201d, 2015, S\u0142awomir Plewko, \u201eInercja przestrzeni. Komentarz dyfrakcyjny\u201d, 2015, Codemanipulator, \u201eInteractive Painting\u201d, 1996, fot. Maciej Zdanowicz (\u017ar\u00f3d\u0142o: dzi\u0119ki uprzejmo\u015bci organizatora)\" loading=\"lazy\" aria-describedby=\"gallery-1-37015\" \/><\/a>\n\t\t\t<\/div>\n\t\t\t\t<figcaption class='wp-caption-text gallery-caption' id='gallery-1-37015'>\n\t\t\t\t\u201eGeometria ekranu \u2013 geometria obrazu\u201d, Galeria XS Instytutu Sztuk Pi\u0119knych Uniwersytetu Jana Kochanowskiego w Kielcach, od lewej: S\u0142awomir Plewko, \u201eInercja przestrzeni. Komentarz inkoherentny\u201d, 2015, S\u0142awomir Plewko, \u201eInercja przestrzeni. Komentarz negatywny\u201d, 2015, S\u0142awomir Plewko, \u201eInercja przestrzeni. Komentarz dyfrakcyjny\u201d, 2015, Codemanipulator, \u201eInteractive Painting\u201d, 1996, fot. Maciej Zdanowicz (\u017ar\u00f3d\u0142o: dzi\u0119ki uprzejmo\u015bci organizatora)\n\t\t\t\t<\/figcaption><\/figure><figure class='gallery-item'>\n\t\t\t<div class='gallery-icon landscape'>\n\t\t\t\t<a href='https:\/\/ownetic.com\/magazyn\/2016\/karolina-jablonska-geometria-wspolczesnosci\/attachment\/37014'><img width=\"80\" height=\"80\" src=\"https:\/\/ownetic.com\/magazyn\/wp-content\/uploads\/2016\/07\/geometria-ekranu-geometria-obrazu-006-80x80.jpg\" class=\"attachment-thumbnail size-thumbnail\" alt=\"\u201eGeometria ekranu \u2013 geometria obrazu\u201d, Galeria XS Instytutu Sztuk Pi\u0119knych Uniwersytetu Jana Kochanowskiego w Kielcach, od lewej: Codemanipulator, \u201eCodemanipulators ToyBox\u201d, 2007, Zbigniew Roma\u0144czuk, \u201eArtefakt I-IV\u201d, 2015, Przemys\u0142aw Suliga, \u201eEwolucja-Drapie\u017cnik-Ofiara. Kadrowanie rzeczywisto\u015bci w Artificial Life\u201d, 2016, Codemanipulator, \u201eHTML-Malevich\u201d, 1996, fot. Maciej Zdanowicz (\u017ar\u00f3d\u0142o: dzi\u0119ki uprzejmo\u015bci organizatora)\" loading=\"lazy\" aria-describedby=\"gallery-1-37014\" \/><\/a>\n\t\t\t<\/div>\n\t\t\t\t<figcaption class='wp-caption-text gallery-caption' id='gallery-1-37014'>\n\t\t\t\t\u201eGeometria ekranu \u2013 geometria obrazu\u201d, Galeria XS Instytutu Sztuk Pi\u0119knych Uniwersytetu Jana Kochanowskiego w Kielcach, od lewej: Codemanipulator, \u201eCodemanipulators ToyBox\u201d, 2007, Zbigniew Roma\u0144czuk, \u201eArtefakt I-IV\u201d, 2015, Przemys\u0142aw Suliga, \u201eEwolucja-Drapie\u017cnik-Ofiara. Kadrowanie rzeczywisto\u015bci w Artificial Life\u201d, 2016, Codemanipulator, \u201eHTML-Malevich\u201d, 1996, fot. Maciej Zdanowicz (\u017ar\u00f3d\u0142o: dzi\u0119ki uprzejmo\u015bci organizatora)\n\t\t\t\t<\/figcaption><\/figure><figure class='gallery-item'>\n\t\t\t<div class='gallery-icon landscape'>\n\t\t\t\t<a href='https:\/\/ownetic.com\/magazyn\/2016\/karolina-jablonska-geometria-wspolczesnosci\/attachment\/37013'><img width=\"80\" height=\"80\" src=\"https:\/\/ownetic.com\/magazyn\/wp-content\/uploads\/2016\/07\/geometria-ekranu-geometria-obrazu-005-80x80.jpg\" class=\"attachment-thumbnail size-thumbnail\" alt=\"\u201eGeometria ekranu \u2013 geometria obrazu\u201d, Galeria XS Instytutu Sztuk Pi\u0119knych Uniwersytetu Jana Kochanowskiego w Kielcach, od lewej: Miko\u0142aj S\u0119czawa, \u201eP\u201d, 2015, Jakub Matys, \u201eThere is no noise\u201d, 2016, Wies\u0142aw \u0141uczaj, Jakub Matys (software), \u201eAttitude to immigrants \u2013 Random\u201d, 2016, fot. Maciej Zdanowicz (\u017ar\u00f3d\u0142o: dzi\u0119ki uprzejmo\u015bci organizatora)\" loading=\"lazy\" aria-describedby=\"gallery-1-37013\" \/><\/a>\n\t\t\t<\/div>\n\t\t\t\t<figcaption class='wp-caption-text gallery-caption' id='gallery-1-37013'>\n\t\t\t\t\u201eGeometria ekranu \u2013 geometria obrazu\u201d, Galeria XS Instytutu Sztuk Pi\u0119knych Uniwersytetu Jana Kochanowskiego w Kielcach, od lewej: Miko\u0142aj S\u0119czawa, \u201eP\u201d, 2015, Jakub Matys, \u201eThere is no noise\u201d, 2016, Wies\u0142aw \u0141uczaj, Jakub Matys (software), \u201eAttitude to immigrants \u2013 Random\u201d, 2016, fot. Maciej Zdanowicz (\u017ar\u00f3d\u0142o: dzi\u0119ki uprzejmo\u015bci organizatora)\n\t\t\t\t<\/figcaption><\/figure><figure class='gallery-item'>\n\t\t\t<div class='gallery-icon landscape'>\n\t\t\t\t<a href='https:\/\/ownetic.com\/magazyn\/2016\/karolina-jablonska-geometria-wspolczesnosci\/attachment\/37012'><img width=\"80\" height=\"80\" src=\"https:\/\/ownetic.com\/magazyn\/wp-content\/uploads\/2016\/07\/geometria-ekranu-geometria-obrazu-004-80x80.jpg\" class=\"attachment-thumbnail size-thumbnail\" alt=\"\u201eGeometria ekranu \u2013 geometria obrazu\u201d, Galeria XS Instytutu Sztuk Pi\u0119knych Uniwersytetu Jana Kochanowskiego w Kielcach, od lewej: Jan Pamu\u0142a, \u201eContinuum Ix\u201d, 2014, Miko\u0142aj S\u0119czawa, \u201eP\u201d, 2015, Jakub Matys, \u201eThere is no noise\u201d, 2016, fot. Maciej Zdanowicz (\u017ar\u00f3d\u0142o: dzi\u0119ki uprzejmo\u015bci organizatora)\" loading=\"lazy\" aria-describedby=\"gallery-1-37012\" \/><\/a>\n\t\t\t<\/div>\n\t\t\t\t<figcaption class='wp-caption-text gallery-caption' id='gallery-1-37012'>\n\t\t\t\t\u201eGeometria ekranu \u2013 geometria obrazu\u201d, Galeria XS Instytutu Sztuk Pi\u0119knych Uniwersytetu Jana Kochanowskiego w Kielcach, od lewej: Jan Pamu\u0142a, \u201eContinuum Ix\u201d, 2014, Miko\u0142aj S\u0119czawa, \u201eP\u201d, 2015, Jakub Matys, \u201eThere is no noise\u201d, 2016, fot. Maciej Zdanowicz (\u017ar\u00f3d\u0142o: dzi\u0119ki uprzejmo\u015bci organizatora)\n\t\t\t\t<\/figcaption><\/figure><figure class='gallery-item'>\n\t\t\t<div class='gallery-icon landscape'>\n\t\t\t\t<a href='https:\/\/ownetic.com\/magazyn\/2016\/karolina-jablonska-geometria-wspolczesnosci\/attachment\/37011'><img width=\"80\" height=\"80\" src=\"https:\/\/ownetic.com\/magazyn\/wp-content\/uploads\/2016\/07\/geometria-ekranu-geometria-obrazu-003-80x80.jpg\" class=\"attachment-thumbnail size-thumbnail\" alt=\"\u201eGeometria ekranu \u2013 geometria obrazu\u201d, Galeria XS Instytutu Sztuk Pi\u0119knych Uniwersytetu Jana Kochanowskiego w Kielcach, od lewej: Jan Pamu\u0142a, \u201eContinuum Ix\u201d, 2014, Miko\u0142aj S\u0119czawa, \u201eP\u201d, 2015, fot. Maciej Zdanowicz (\u017ar\u00f3d\u0142o: dzi\u0119ki uprzejmo\u015bci organizatora)\" loading=\"lazy\" aria-describedby=\"gallery-1-37011\" \/><\/a>\n\t\t\t<\/div>\n\t\t\t\t<figcaption class='wp-caption-text gallery-caption' id='gallery-1-37011'>\n\t\t\t\t\u201eGeometria ekranu \u2013 geometria obrazu\u201d, Galeria XS Instytutu Sztuk Pi\u0119knych Uniwersytetu Jana Kochanowskiego w Kielcach, od lewej: Jan Pamu\u0142a, \u201eContinuum Ix\u201d, 2014, Miko\u0142aj S\u0119czawa, \u201eP\u201d, 2015, fot. Maciej Zdanowicz (\u017ar\u00f3d\u0142o: dzi\u0119ki uprzejmo\u015bci organizatora)\n\t\t\t\t<\/figcaption><\/figure><figure class='gallery-item'>\n\t\t\t<div class='gallery-icon landscape'>\n\t\t\t\t<a href='https:\/\/ownetic.com\/magazyn\/2016\/karolina-jablonska-geometria-wspolczesnosci\/attachment\/37010'><img width=\"80\" height=\"80\" src=\"https:\/\/ownetic.com\/magazyn\/wp-content\/uploads\/2016\/07\/geometria-ekranu-geometria-obrazu-002-80x80.jpg\" class=\"attachment-thumbnail size-thumbnail\" alt=\"\u201eGeometria ekranu \u2013 geometria obrazu\u201d, Galeria XS Instytutu Sztuk Pi\u0119knych Uniwersytetu Jana Kochanowskiego w Kielcach, od lewej: Zbigniew Roma\u0144czuk, \u201eArtefakt I-IV\u201d, 2015, Przemys\u0142aw Suliga, \u201eEwolucja-Drapie\u017cnik-Ofiara. Kadrowanie rzeczywisto\u015bci w Artificial Life\u201d, 2016, fot. Maciej Zdanowicz (\u017ar\u00f3d\u0142o: dzi\u0119ki uprzejmo\u015bci organizatora)\" loading=\"lazy\" aria-describedby=\"gallery-1-37010\" \/><\/a>\n\t\t\t<\/div>\n\t\t\t\t<figcaption class='wp-caption-text gallery-caption' id='gallery-1-37010'>\n\t\t\t\t\u201eGeometria ekranu \u2013 geometria obrazu\u201d, Galeria XS Instytutu Sztuk Pi\u0119knych Uniwersytetu Jana Kochanowskiego w Kielcach, od lewej: Zbigniew Roma\u0144czuk, \u201eArtefakt I-IV\u201d, 2015, Przemys\u0142aw Suliga, \u201eEwolucja-Drapie\u017cnik-Ofiara. Kadrowanie rzeczywisto\u015bci w Artificial Life\u201d, 2016, fot. Maciej Zdanowicz (\u017ar\u00f3d\u0142o: dzi\u0119ki uprzejmo\u015bci organizatora)\n\t\t\t\t<\/figcaption><\/figure><figure class='gallery-item'>\n\t\t\t<div class='gallery-icon landscape'>\n\t\t\t\t<a href='https:\/\/ownetic.com\/magazyn\/2016\/karolina-jablonska-geometria-wspolczesnosci\/attachment\/37009'><img width=\"80\" height=\"80\" src=\"https:\/\/ownetic.com\/magazyn\/wp-content\/uploads\/2016\/07\/geometria-ekranu-geometria-obrazu-001-80x80.jpg\" class=\"attachment-thumbnail size-thumbnail\" alt=\"\u201eGeometria ekranu \u2013 geometria obrazu\u201d, Galeria XS Instytutu Sztuk Pi\u0119knych Uniwersytetu Jana Kochanowskiego w Kielcach, od lewej: fragment prac Zbigniewa Roma\u0144czuka, Przemys\u0142aw Suliga \u201eEwolucja-Drapie\u017cnik-Ofiara. Kadrowanie rzeczywisto\u015bci w Artificial Life\u201d, 2016, Codemanipulator, \u201eHTML-Malevich\u201d, 1996, fot. Maciej Zdanowicz (\u017ar\u00f3d\u0142o: dzi\u0119ki uprzejmo\u015bci organizatora)\" loading=\"lazy\" aria-describedby=\"gallery-1-37009\" \/><\/a>\n\t\t\t<\/div>\n\t\t\t\t<figcaption class='wp-caption-text gallery-caption' id='gallery-1-37009'>\n\t\t\t\t\u201eGeometria ekranu \u2013 geometria obrazu\u201d, Galeria XS Instytutu Sztuk Pi\u0119knych Uniwersytetu Jana Kochanowskiego w Kielcach, od lewej: fragment prac Zbigniewa Roma\u0144czuka, Przemys\u0142aw Suliga \u201eEwolucja-Drapie\u017cnik-Ofiara. Kadrowanie rzeczywisto\u015bci w Artificial Life\u201d, 2016, Codemanipulator, \u201eHTML-Malevich\u201d, 1996, fot. Maciej Zdanowicz (\u017ar\u00f3d\u0142o: dzi\u0119ki uprzejmo\u015bci organizatora)\n\t\t\t\t<\/figcaption><\/figure><figure class='gallery-item'>\n\t\t\t<div class='gallery-icon landscape'>\n\t\t\t\t<a href='https:\/\/ownetic.com\/magazyn\/2016\/karolina-jablonska-geometria-wspolczesnosci\/geometria-ekranu-geometria-obrazu-zbigniew-romanczuk-nr-35-galeria-xs-kielce-2016'><img width=\"80\" height=\"80\" src=\"https:\/\/ownetic.com\/magazyn\/wp-content\/uploads\/2016\/07\/geometria-ekranu-geometria-obrazu-zbigniew-romanczuk-nr-35-galeria-xs-kielce-2016-80x80.jpg\" class=\"attachment-thumbnail size-thumbnail\" alt=\"Zbigniew Roma\u0144czuk, \u201eNr 35\u201d (\u017ar\u00f3d\u0142o: materia\u0142y prasowe organizatora)\" loading=\"lazy\" aria-describedby=\"gallery-1-37008\" srcset=\"https:\/\/ownetic.com\/magazyn\/wp-content\/uploads\/2016\/07\/geometria-ekranu-geometria-obrazu-zbigniew-romanczuk-nr-35-galeria-xs-kielce-2016-80x80.jpg 80w, https:\/\/ownetic.com\/magazyn\/wp-content\/uploads\/2016\/07\/geometria-ekranu-geometria-obrazu-zbigniew-romanczuk-nr-35-galeria-xs-kielce-2016-540x537.jpg 540w, https:\/\/ownetic.com\/magazyn\/wp-content\/uploads\/2016\/07\/geometria-ekranu-geometria-obrazu-zbigniew-romanczuk-nr-35-galeria-xs-kielce-2016-900x896.jpg 900w, https:\/\/ownetic.com\/magazyn\/wp-content\/uploads\/2016\/07\/geometria-ekranu-geometria-obrazu-zbigniew-romanczuk-nr-35-galeria-xs-kielce-2016-576x573.jpg 576w, https:\/\/ownetic.com\/magazyn\/wp-content\/uploads\/2016\/07\/geometria-ekranu-geometria-obrazu-zbigniew-romanczuk-nr-35-galeria-xs-kielce-2016.jpg 1052w\" sizes=\"(max-width: 80px) 100vw, 80px\" \/><\/a>\n\t\t\t<\/div>\n\t\t\t\t<figcaption class='wp-caption-text gallery-caption' id='gallery-1-37008'>\n\t\t\t\tZbigniew Roma\u0144czuk, \u201eNr 35\u201d (\u017ar\u00f3d\u0142o: materia\u0142y prasowe organizatora)\n\t\t\t\t<\/figcaption><\/figure><figure class='gallery-item'>\n\t\t\t<div class='gallery-icon landscape'>\n\t\t\t\t<a href='https:\/\/ownetic.com\/magazyn\/2016\/karolina-jablonska-geometria-wspolczesnosci\/geometria-ekranu-geometria-obrazu-wieslaw-luczaj-jakub-matys-attitude-to-immgrants-random-galeria-xs-kilce-2016'><img width=\"80\" height=\"80\" src=\"https:\/\/ownetic.com\/magazyn\/wp-content\/uploads\/2016\/07\/geometria-ekranu-geometria-obrazu-wieslaw-luczaj-jakub-matys-attitude-to-immgrants-random-galeria-xs-kilce-2016-80x80.jpg\" class=\"attachment-thumbnail size-thumbnail\" alt=\"Wies\u0142aw \u0141uczaj, Jakub Matys (software), \u201eAttitude to immigrants \u2013 Random\u201d (\u017ar\u00f3d\u0142o: materia\u0142y prasowe organizatora)\" loading=\"lazy\" aria-describedby=\"gallery-1-37007\" srcset=\"https:\/\/ownetic.com\/magazyn\/wp-content\/uploads\/2016\/07\/geometria-ekranu-geometria-obrazu-wieslaw-luczaj-jakub-matys-attitude-to-immgrants-random-galeria-xs-kilce-2016-80x80.jpg 80w, https:\/\/ownetic.com\/magazyn\/wp-content\/uploads\/2016\/07\/geometria-ekranu-geometria-obrazu-wieslaw-luczaj-jakub-matys-attitude-to-immgrants-random-galeria-xs-kilce-2016-540x540.jpg 540w, https:\/\/ownetic.com\/magazyn\/wp-content\/uploads\/2016\/07\/geometria-ekranu-geometria-obrazu-wieslaw-luczaj-jakub-matys-attitude-to-immgrants-random-galeria-xs-kilce-2016-900x900.jpg 900w, https:\/\/ownetic.com\/magazyn\/wp-content\/uploads\/2016\/07\/geometria-ekranu-geometria-obrazu-wieslaw-luczaj-jakub-matys-attitude-to-immgrants-random-galeria-xs-kilce-2016-576x576.jpg 576w, https:\/\/ownetic.com\/magazyn\/wp-content\/uploads\/2016\/07\/geometria-ekranu-geometria-obrazu-wieslaw-luczaj-jakub-matys-attitude-to-immgrants-random-galeria-xs-kilce-2016.jpg 1052w\" sizes=\"(max-width: 80px) 100vw, 80px\" \/><\/a>\n\t\t\t<\/div>\n\t\t\t\t<figcaption class='wp-caption-text gallery-caption' id='gallery-1-37007'>\n\t\t\t\tWies\u0142aw \u0141uczaj, Jakub Matys (software), \u201eAttitude to immigrants \u2013 Random\u201d (\u017ar\u00f3d\u0142o: materia\u0142y prasowe organizatora)\n\t\t\t\t<\/figcaption><\/figure><figure class='gallery-item'>\n\t\t\t<div class='gallery-icon landscape'>\n\t\t\t\t<a href='https:\/\/ownetic.com\/magazyn\/2016\/karolina-jablonska-geometria-wspolczesnosci\/geometria-ekranu-geometria-obrazu-slawomir-plewko-intercja-przestrzeni-komentarz-natywny-galeria-xs-kielce-2016'><img width=\"80\" height=\"80\" src=\"https:\/\/ownetic.com\/magazyn\/wp-content\/uploads\/2016\/07\/geometria-ekranu-geometria-obrazu-slawomir-plewko-intercja-przestrzeni-komentarz-natywny-galeria-xs-kielce-2016-80x80.jpg\" class=\"attachment-thumbnail size-thumbnail\" alt=\"S\u0142awomir Plewko, \u201eInercja przestrzeni. Komentarz negatywny\u201d (\u017ar\u00f3d\u0142o: materia\u0142y prasowe organizatora)\" loading=\"lazy\" aria-describedby=\"gallery-1-37006\" srcset=\"https:\/\/ownetic.com\/magazyn\/wp-content\/uploads\/2016\/07\/geometria-ekranu-geometria-obrazu-slawomir-plewko-intercja-przestrzeni-komentarz-natywny-galeria-xs-kielce-2016-80x80.jpg 80w, https:\/\/ownetic.com\/magazyn\/wp-content\/uploads\/2016\/07\/geometria-ekranu-geometria-obrazu-slawomir-plewko-intercja-przestrzeni-komentarz-natywny-galeria-xs-kielce-2016-540x540.jpg 540w, https:\/\/ownetic.com\/magazyn\/wp-content\/uploads\/2016\/07\/geometria-ekranu-geometria-obrazu-slawomir-plewko-intercja-przestrzeni-komentarz-natywny-galeria-xs-kielce-2016-900x900.jpg 900w, https:\/\/ownetic.com\/magazyn\/wp-content\/uploads\/2016\/07\/geometria-ekranu-geometria-obrazu-slawomir-plewko-intercja-przestrzeni-komentarz-natywny-galeria-xs-kielce-2016-576x576.jpg 576w, https:\/\/ownetic.com\/magazyn\/wp-content\/uploads\/2016\/07\/geometria-ekranu-geometria-obrazu-slawomir-plewko-intercja-przestrzeni-komentarz-natywny-galeria-xs-kielce-2016.jpg 1052w\" sizes=\"(max-width: 80px) 100vw, 80px\" \/><\/a>\n\t\t\t<\/div>\n\t\t\t\t<figcaption class='wp-caption-text gallery-caption' id='gallery-1-37006'>\n\t\t\t\tS\u0142awomir Plewko, \u201eInercja przestrzeni. Komentarz negatywny\u201d (\u017ar\u00f3d\u0142o: materia\u0142y prasowe organizatora)\n\t\t\t\t<\/figcaption><\/figure><figure class='gallery-item'>\n\t\t\t<div class='gallery-icon landscape'>\n\t\t\t\t<a href='https:\/\/ownetic.com\/magazyn\/2016\/karolina-jablonska-geometria-wspolczesnosci\/geometria-ekranu-geometria-obrazu-przemyslaw-suliga-galeria-xs-kielce-2016'><img width=\"80\" height=\"80\" src=\"https:\/\/ownetic.com\/magazyn\/wp-content\/uploads\/2016\/07\/geometria-ekranu-geometria-obrazu-przemyslaw-suliga-galeria-xs-kielce-2016-80x80.jpg\" class=\"attachment-thumbnail size-thumbnail\" alt=\"Przemys\u0142aw Suliga (\u017ar\u00f3d\u0142o: materia\u0142y prasowe organizatora)\" loading=\"lazy\" aria-describedby=\"gallery-1-37005\" srcset=\"https:\/\/ownetic.com\/magazyn\/wp-content\/uploads\/2016\/07\/geometria-ekranu-geometria-obrazu-przemyslaw-suliga-galeria-xs-kielce-2016-80x80.jpg 80w, https:\/\/ownetic.com\/magazyn\/wp-content\/uploads\/2016\/07\/geometria-ekranu-geometria-obrazu-przemyslaw-suliga-galeria-xs-kielce-2016-540x538.jpg 540w, https:\/\/ownetic.com\/magazyn\/wp-content\/uploads\/2016\/07\/geometria-ekranu-geometria-obrazu-przemyslaw-suliga-galeria-xs-kielce-2016-900x898.jpg 900w, https:\/\/ownetic.com\/magazyn\/wp-content\/uploads\/2016\/07\/geometria-ekranu-geometria-obrazu-przemyslaw-suliga-galeria-xs-kielce-2016-576x574.jpg 576w, https:\/\/ownetic.com\/magazyn\/wp-content\/uploads\/2016\/07\/geometria-ekranu-geometria-obrazu-przemyslaw-suliga-galeria-xs-kielce-2016.jpg 1052w\" sizes=\"(max-width: 80px) 100vw, 80px\" \/><\/a>\n\t\t\t<\/div>\n\t\t\t\t<figcaption class='wp-caption-text gallery-caption' id='gallery-1-37005'>\n\t\t\t\tPrzemys\u0142aw Suliga (\u017ar\u00f3d\u0142o: materia\u0142y prasowe organizatora)\n\t\t\t\t<\/figcaption><\/figure><figure class='gallery-item'>\n\t\t\t<div class='gallery-icon landscape'>\n\t\t\t\t<a href='https:\/\/ownetic.com\/magazyn\/2016\/karolina-jablonska-geometria-wspolczesnosci\/geometria-ekranu-geometria-obrazu-piotr-welk-instalacja-interaktywna-xs-kielce-2016'><img width=\"80\" height=\"80\" src=\"https:\/\/ownetic.com\/magazyn\/wp-content\/uploads\/2016\/07\/geometria-ekranu-geometria-obrazu-piotr-welk-instalacja-interaktywna-xs-kielce-2016-80x80.jpg\" class=\"attachment-thumbnail size-thumbnail\" alt=\"Piotr Welk, \u201eInstalacja interaktywna\u201d (\u017ar\u00f3d\u0142o: materia\u0142y prasowe organizatora)\" loading=\"lazy\" aria-describedby=\"gallery-1-37004\" \/><\/a>\n\t\t\t<\/div>\n\t\t\t\t<figcaption class='wp-caption-text gallery-caption' id='gallery-1-37004'>\n\t\t\t\tPiotr Welk, \u201eInstalacja interaktywna\u201d (\u017ar\u00f3d\u0142o: materia\u0142y prasowe organizatora)\n\t\t\t\t<\/figcaption><\/figure><figure class='gallery-item'>\n\t\t\t<div class='gallery-icon portrait'>\n\t\t\t\t<a href='https:\/\/ownetic.com\/magazyn\/2016\/karolina-jablonska-geometria-wspolczesnosci\/geometria-ekranu-geometria-obrazu-mikolaj-seczawa-galeria-xs-kielce-2016'><img width=\"80\" height=\"80\" src=\"https:\/\/ownetic.com\/magazyn\/wp-content\/uploads\/2016\/07\/geometria-ekranu-geometria-obrazu-mikolaj-seczawa-galeria-xs-kielce-2016-80x80.jpg\" class=\"attachment-thumbnail size-thumbnail\" alt=\"Miko\u0142aj S\u0119czawa (\u017ar\u00f3d\u0142o: materia\u0142y prasowe organizatora)\" loading=\"lazy\" aria-describedby=\"gallery-1-37003\" srcset=\"https:\/\/ownetic.com\/magazyn\/wp-content\/uploads\/2016\/07\/geometria-ekranu-geometria-obrazu-mikolaj-seczawa-galeria-xs-kielce-2016-80x80.jpg 80w, https:\/\/ownetic.com\/magazyn\/wp-content\/uploads\/2016\/07\/geometria-ekranu-geometria-obrazu-mikolaj-seczawa-galeria-xs-kielce-2016-540x547.jpg 540w, https:\/\/ownetic.com\/magazyn\/wp-content\/uploads\/2016\/07\/geometria-ekranu-geometria-obrazu-mikolaj-seczawa-galeria-xs-kielce-2016-888x900.jpg 888w, https:\/\/ownetic.com\/magazyn\/wp-content\/uploads\/2016\/07\/geometria-ekranu-geometria-obrazu-mikolaj-seczawa-galeria-xs-kielce-2016-576x583.jpg 576w, https:\/\/ownetic.com\/magazyn\/wp-content\/uploads\/2016\/07\/geometria-ekranu-geometria-obrazu-mikolaj-seczawa-galeria-xs-kielce-2016.jpg 1052w\" sizes=\"(max-width: 80px) 100vw, 80px\" \/><\/a>\n\t\t\t<\/div>\n\t\t\t\t<figcaption class='wp-caption-text gallery-caption' id='gallery-1-37003'>\n\t\t\t\tMiko\u0142aj S\u0119czawa (\u017ar\u00f3d\u0142o: materia\u0142y prasowe organizatora)\n\t\t\t\t<\/figcaption><\/figure><figure class='gallery-item'>\n\t\t\t<div class='gallery-icon landscape'>\n\t\t\t\t<a href='https:\/\/ownetic.com\/magazyn\/2016\/karolina-jablonska-geometria-wspolczesnosci\/geometria-ekranu-geometria-obrazu-maciej-zdanowicz-stambul-sluchanie-miasta-galeria-xs-kielce-2016'><img width=\"80\" height=\"80\" src=\"https:\/\/ownetic.com\/magazyn\/wp-content\/uploads\/2016\/07\/geometria-ekranu-geometria-obrazu-maciej-zdanowicz-stambul-sluchanie-miasta-galeria-xs-kielce-2016-80x80.jpg\" class=\"attachment-thumbnail size-thumbnail\" alt=\"Maciej Zdanowicz, \u201eStambu\u0142. S\u0142uchanie miasta\u201d (\u017ar\u00f3d\u0142o: materia\u0142y prasowe organizatora)\" loading=\"lazy\" aria-describedby=\"gallery-1-37002\" \/><\/a>\n\t\t\t<\/div>\n\t\t\t\t<figcaption class='wp-caption-text gallery-caption' id='gallery-1-37002'>\n\t\t\t\tMaciej Zdanowicz, \u201eStambu\u0142. S\u0142uchanie miasta\u201d (\u017ar\u00f3d\u0142o: materia\u0142y prasowe organizatora)\n\t\t\t\t<\/figcaption><\/figure><figure class='gallery-item'>\n\t\t\t<div class='gallery-icon landscape'>\n\t\t\t\t<a href='https:\/\/ownetic.com\/magazyn\/2016\/karolina-jablonska-geometria-wspolczesnosci\/geometria-ekranu-geometria-obrazu-jan-pamula-continuum-plock-galeria-xs-kielce-2016'><img width=\"80\" height=\"80\" src=\"https:\/\/ownetic.com\/magazyn\/wp-content\/uploads\/2016\/07\/geometria-ekranu-geometria-obrazu-jan-pamula-continuum-plock-galeria-xs-kielce-2016-80x80.jpg\" class=\"attachment-thumbnail size-thumbnail\" alt=\"Jan Pamu\u0142a, \u201eContinuum\u201d (\u017ar\u00f3d\u0142o: materia\u0142y prasowe organizatora)\" loading=\"lazy\" aria-describedby=\"gallery-1-37001\" \/><\/a>\n\t\t\t<\/div>\n\t\t\t\t<figcaption class='wp-caption-text gallery-caption' id='gallery-1-37001'>\n\t\t\t\tJan Pamu\u0142a, \u201eContinuum\u201d (\u017ar\u00f3d\u0142o: materia\u0142y prasowe organizatora)\n\t\t\t\t<\/figcaption><\/figure><figure class='gallery-item'>\n\t\t\t<div class='gallery-icon landscape'>\n\t\t\t\t<a href='https:\/\/ownetic.com\/magazyn\/2016\/karolina-jablonska-geometria-wspolczesnosci\/geometria-ekranu-geometria-obrazu-codemanipulator-interactive-painting-1996-galeria-xs-kielce-2016'><img width=\"80\" height=\"80\" src=\"https:\/\/ownetic.com\/magazyn\/wp-content\/uploads\/2016\/07\/geometria-ekranu-geometria-obrazu-codemanipulator-interactive-painting-1996-galeria-xs-kielce-2016-80x80.jpg\" class=\"attachment-thumbnail size-thumbnail\" alt=\"Codemanipulator, \u201eInteractive Painting\u201d, 1996 (\u017ar\u00f3d\u0142o: materia\u0142y prasowe organizatora)\" loading=\"lazy\" aria-describedby=\"gallery-1-37000\" \/><\/a>\n\t\t\t<\/div>\n\t\t\t\t<figcaption class='wp-caption-text gallery-caption' id='gallery-1-37000'>\n\t\t\t\tCodemanipulator, \u201eInteractive Painting\u201d, 1996 (\u017ar\u00f3d\u0142o: materia\u0142y prasowe organizatora)\n\t\t\t\t<\/figcaption><\/figure><figure class='gallery-item'>\n\t\t\t<div class='gallery-icon landscape'>\n\t\t\t\t<a href='https:\/\/ownetic.com\/magazyn\/2016\/karolina-jablonska-geometria-wspolczesnosci\/geometria-ekranu-geometria-obrazu-codemanipulator-codemanipulators-toybox-2007-galeria-xs-kielce-2016'><img width=\"80\" height=\"80\" src=\"https:\/\/ownetic.com\/magazyn\/wp-content\/uploads\/2016\/07\/geometria-ekranu-geometria-obrazu-codemanipulator-codemanipulators-toybox-2007-galeria-xs-kielce-2016-80x80.jpg\" class=\"attachment-thumbnail size-thumbnail\" alt=\"Codemanipulator, \u201eCodemanipulators ToyBox\u201d, 2007 (\u017ar\u00f3d\u0142o: materia\u0142y prasowe organizatora)\" loading=\"lazy\" aria-describedby=\"gallery-1-36999\" \/><\/a>\n\t\t\t<\/div>\n\t\t\t\t<figcaption class='wp-caption-text gallery-caption' id='gallery-1-36999'>\n\t\t\t\tCodemanipulator, \u201eCodemanipulators ToyBox\u201d, 2007 (\u017ar\u00f3d\u0142o: materia\u0142y prasowe organizatora)\n\t\t\t\t<\/figcaption><\/figure><figure class='gallery-item'>\n\t\t\t<div class='gallery-icon landscape'>\n\t\t\t\t<a href='https:\/\/ownetic.com\/magazyn\/2016\/karolina-jablonska-geometria-wspolczesnosci\/geometria-ekranu-geometria-obrazu-aleksander-olszewski-plock-galeria-xs-kielce-2016'><img width=\"400\" height=\"240\" src=\"https:\/\/ownetic.com\/magazyn\/wp-content\/uploads\/2016\/07\/geometria-ekranu-geometria-obrazu-aleksander-olszewski-plock-galeria-xs-kielce-2016-400x240.jpg\" class=\"attachment-thumbnail size-thumbnail\" alt=\"Aleksander Olszewski, \u201eP\u0142ock\u201d (\u017ar\u00f3d\u0142o: materia\u0142y prasowe organizatora)\" loading=\"lazy\" aria-describedby=\"gallery-1-36998\" \/><\/a>\n\t\t\t<\/div>\n\t\t\t\t<figcaption class='wp-caption-text gallery-caption' id='gallery-1-36998'>\n\t\t\t\tAleksander Olszewski, \u201eP\u0142ock\u201d (\u017ar\u00f3d\u0142o: materia\u0142y prasowe organizatora)\n\t\t\t\t<\/figcaption><\/figure>\n\t\t<\/div>\n\n<p>Na wystawie jest te\u017c grupa prac, w kt\u00f3rych technika determinuje sfer\u0119 wizualn\u0105. Tak jest w przypadku prac Jana Pamu\u0142y i S\u0142awomira Plewki, kt\u00f3re powsta\u0142y z u\u017cyciem matematycznych wylicze\u0144. Ich techniczna dok\u0142adno\u015b\u0107, mo\u017cliwo\u015bci stosowania niuans\u00f3w barw oraz precyzyjnych, nawet niewielkich kszta\u0142t\u00f3w, wzmacnia odczucie estetyki i kieruje uwag\u0119 na poj\u0119cie harmonii. To z kolei prowokuje do postawienia pyta\u0144 o miejsce obrazu wizualnego w dobie kultury obrazkowej i nowych technologii, w kt\u00f3rych poruszamy si\u0119 i komunikujemy, u\u017cywaj\u0105c adekwatnych dla tych obszar\u00f3w j\u0119zyk\u00f3w. Wielu artyst\u00f3w rozszerza narz\u0119dzia sztuki \u2013 miejsce coraz rzadziej pojawiaj\u0105cego si\u0119 \u201eakrylu\u201d zajmuje film wideo, druk na p\u0142\u00f3tnie, animacja, a zamiast p\u0142\u00f3cien w przestrzeniach galerii pojawiaj\u0105 si\u0119 ekrany plazmowe czy tablety.<\/p>\n<p>Na przeciwleg\u0142ym biegunie znajduj\u0105 si\u0119 prace, w kt\u00f3rych arty\u015bci \u015bwiadomie zwracaj\u0105 uwag\u0119 na zak\u0142\u00f3cenie \u2013 przede wszystkim techniczne, i na takiej formie opieraj\u0105 wizualn\u0105 cz\u0119\u015b\u0107 swoich dzie\u0142. Przyk\u0142adem takich realizacji jest <em>There is no noise<\/em> Jakuba Matysa, gdzie sekwencja czerni i bieli, kt\u00f3r\u0105 ogl\u0105damy generowana jest przy pomocy komputera i odpowiedniego kodu, za\u015b obraz, kt\u00f3ry w efekcie widzimy przypomina za\u015bnie\u017cony ekran telewizora. Glitch jako temat i forma w sztuce pojawia si\u0119 w pracach Miko\u0142aja S\u0119czawy oraz filmie Zbigniewa Roma\u0144czuka <em>Distortion<\/em>. Wydaje si\u0119, \u017ce jest to z jednej strony pr\u00f3ba odzwierciedlenia pewnej bardzo szczeg\u00f3lnej, kr\u00f3tkotrwa\u0142ej chwili z rzeczywisto\u015bci, podniesienie do rangi tematu technicznego tabu (zyskuj\u0105cego w ostatnich latach ogromn\u0105 popularno\u015b\u0107), z drugiej za\u015b, poprzez charakterystyczny obraz, potrzeba zwr\u00f3cenia uwagi na szersze zjawiska spo\u0142eczne.<\/p>\n<figure id=\"attachment_37003\" aria-describedby=\"caption-attachment-37003\" style=\"width: 540px\" class=\"wp-caption alignnone\"><a href=\"https:\/\/ownetic.com\/magazyn\/2016\/karolina-jablonska-geometria-wspolczesnosci\/geometria-ekranu-geometria-obrazu-mikolaj-seczawa-galeria-xs-kielce-2016\/\" rel=\"attachment wp-att-37003\"><img loading=\"lazy\" class=\"size-medium wp-image-37003\" title=\"Miko\u0142aj S\u0119czawa (\u017ar\u00f3d\u0142o: materia\u0142y prasowe organizatora)\" src=\"https:\/\/ownetic.com\/magazyn\/wp-content\/uploads\/2016\/07\/geometria-ekranu-geometria-obrazu-mikolaj-seczawa-galeria-xs-kielce-2016-540x547.jpg\" alt=\"Miko\u0142aj S\u0119czawa (\u017ar\u00f3d\u0142o: materia\u0142y prasowe organizatora)\" width=\"540\" height=\"547\" srcset=\"https:\/\/ownetic.com\/magazyn\/wp-content\/uploads\/2016\/07\/geometria-ekranu-geometria-obrazu-mikolaj-seczawa-galeria-xs-kielce-2016-540x547.jpg 540w, https:\/\/ownetic.com\/magazyn\/wp-content\/uploads\/2016\/07\/geometria-ekranu-geometria-obrazu-mikolaj-seczawa-galeria-xs-kielce-2016-80x80.jpg 80w, https:\/\/ownetic.com\/magazyn\/wp-content\/uploads\/2016\/07\/geometria-ekranu-geometria-obrazu-mikolaj-seczawa-galeria-xs-kielce-2016-888x900.jpg 888w, https:\/\/ownetic.com\/magazyn\/wp-content\/uploads\/2016\/07\/geometria-ekranu-geometria-obrazu-mikolaj-seczawa-galeria-xs-kielce-2016-576x583.jpg 576w, https:\/\/ownetic.com\/magazyn\/wp-content\/uploads\/2016\/07\/geometria-ekranu-geometria-obrazu-mikolaj-seczawa-galeria-xs-kielce-2016.jpg 1052w\" sizes=\"(max-width: 540px) 100vw, 540px\" \/><\/a><figcaption id=\"caption-attachment-37003\" class=\"wp-caption-text\">Miko\u0142aj S\u0119czawa (\u017ar\u00f3d\u0142o: materia\u0142y prasowe organizatora)<\/figcaption><\/figure>\n<p>W\u015br\u00f3d prezentowanych prac mo\u017cna wyodr\u0119bni\u0107 tak\u017ce takie, kt\u00f3re s\u0105 \u015bci\u015ble zwi\u0105zane z konkretnymi danymi. Aleksander Olszewski pokaza\u0142 obrazy powsta\u0142e na podstawie danych uzyskanych z kamery samochodowej podczas podr\u00f3\u017cy \u2013 st\u0105d tytu\u0142 pokazywanego cyklu: <em>Autostrada. Droga szybkiego ruchu<\/em>. Wies\u0142aw \u0141uczaj, opieraj\u0105cy swoje malarstwo na danych statystycznych, przygotowa\u0142 wraz z Jakubem Matysem prac\u0119, w kt\u00f3rej dost\u0119pne dane statystyczne s\u0105 zobrazowane, a nast\u0119pnie dodatkowo przetwarzane, co generuje dalsze mo\u017cliwo\u015bci ich wizualizacji. Przemys\u0142aw Suliga inspiracje odnalaz\u0142 w danych zwi\u0105zanych ze sztucznym \u017cyciem, kt\u00f3re prze\u0142o\u017cy\u0142 na j\u0119zyk malarstwa. Wszyscy wymienieni tu arty\u015bci wykorzystali dokumentacj\u0119 powsta\u0142\u0105 w innej dziedzinie ni\u017c sztuka. Dost\u0119pne dane przedstawili jednak w sztuce, u\u017cywaj\u0105c w\u0142a\u015bciwych jej narz\u0119dzi, dzi\u0119ki czemu komunikat niesiony przez liczby i obraz jest taki sam. Ich tw\u00f3rczo\u015b\u0107 pozostaje zatem w \u015bcis\u0142ym zwi\u0105zku z rzeczywisto\u015bci\u0105, jednak nie staje si\u0119 ilustracj\u0105 dokumentu, nie pe\u0142ni funkcji utylitarnych \u2013 nie s\u0142u\u017cy upowszechnieniu danych.<\/p>\n<p><em>Geometria ekranu \u2013 geometria obrazu<\/em> to wystawa, w kt\u00f3rej przedstawiono przyk\u0142ady prac artyst\u00f3w pr\u00f3buj\u0105cych zdefiniowa\u0107 miejsce sztuki i obrazu we wsp\u00f3\u0142czesnym \u015bwiecie. Wszyscy oni stawiaj\u0105 te\u017c pytanie o nowe miejsce dla sztuki geometrycznej. Dla bior\u0105cych udzia\u0142 w wystawie abstrakcja geometryczna wpisywana w kontekst formalistycznego oderwania od \u017cycia i modelu autonomicznego j\u0119zyka sztuki wydaje si\u0119 by\u0107 niewystarczaj\u0105ca, je\u017celi wr\u0119cz nieaktualna. Poszukuj\u0105 oni obszar\u00f3w, w kt\u00f3rych kolor, kszta\u0142ty i rytm ich wyst\u0119powania mo\u017ce sta\u0107 si\u0119 artystycznym ekwiwalentem komunikatu p\u0142yn\u0105cego z innej dziedziny \u017cycia. Sztuka geometryczna przestaje by\u0107 tu oderwana od rzeczywisto\u015bci, jednocze\u015bnie jednak nie pe\u0142ni funkcji mimetycznych. To w\u0142a\u015bnie odniesienie sztuki do pewnych danych \u2013 zakodowanych przy pomocy liczb i wzor\u00f3w, pozawala zachowa\u0107 sztuce autonomi\u0119 przy r\u00f3wnoczesnym odniesieniu do codziennego \u017cycia.<\/p>\n<figure id=\"attachment_37012\" aria-describedby=\"caption-attachment-37012\" style=\"width: 540px\" class=\"wp-caption alignnone\"><a href=\"https:\/\/ownetic.com\/magazyn\/2016\/karolina-jablonska-geometria-wspolczesnosci\/attachment\/37012\/\" rel=\"attachment wp-att-37012\"><img loading=\"lazy\" class=\"size-medium wp-image-37012\" title=\"\u201eGeometria ekranu \u2013 geometria obrazu\u201d, Galeria XS Instytutu Sztuk Pi\u0119knych Uniwersytetu Jana Kochanowskiego w Kielcach, od lewej: Jan Pamu\u0142a, \u201eContinuum Ix\u201d, 2014, Miko\u0142aj S\u0119czawa, \u201eP\u201d, 2015, Jakub Matys, \u201eThere is no noise\u201d, 2016, fot. Maciej Zdanowicz (\u017ar\u00f3d\u0142o: dzi\u0119ki uprzejmo\u015bci organizatora)\" src=\"https:\/\/ownetic.com\/magazyn\/wp-content\/uploads\/2016\/07\/geometria-ekranu-geometria-obrazu-004-540x326.jpg\" alt=\"\u201eGeometria ekranu \u2013 geometria obrazu\u201d, Galeria XS Instytutu Sztuk Pi\u0119knych Uniwersytetu Jana Kochanowskiego w Kielcach, od lewej: Jan Pamu\u0142a, \u201eContinuum Ix\u201d, 2014, Miko\u0142aj S\u0119czawa, \u201eP\u201d, 2015, Jakub Matys, \u201eThere is no noise\u201d, 2016, fot. Maciej Zdanowicz (\u017ar\u00f3d\u0142o: dzi\u0119ki uprzejmo\u015bci organizatora)\" width=\"540\" height=\"326\" srcset=\"https:\/\/ownetic.com\/magazyn\/wp-content\/uploads\/2016\/07\/geometria-ekranu-geometria-obrazu-004-540x326.jpg 540w, https:\/\/ownetic.com\/magazyn\/wp-content\/uploads\/2016\/07\/geometria-ekranu-geometria-obrazu-004-900x544.jpg 900w, https:\/\/ownetic.com\/magazyn\/wp-content\/uploads\/2016\/07\/geometria-ekranu-geometria-obrazu-004-576x348.jpg 576w, https:\/\/ownetic.com\/magazyn\/wp-content\/uploads\/2016\/07\/geometria-ekranu-geometria-obrazu-004.jpg 1024w\" sizes=\"(max-width: 540px) 100vw, 540px\" \/><\/a><figcaption id=\"caption-attachment-37012\" class=\"wp-caption-text\">\u201eGeometria ekranu \u2013 geometria obrazu\u201d, Galeria XS Instytutu Sztuk Pi\u0119knych Uniwersytetu Jana Kochanowskiego w Kielcach, od lewej: Jan Pamu\u0142a, \u201eContinuum Ix\u201d, 2014, Miko\u0142aj S\u0119czawa, \u201eP\u201d, 2015, Jakub Matys, \u201eThere is no noise\u201d, 2016, fot. Maciej Zdanowicz (\u017ar\u00f3d\u0142o: dzi\u0119ki uprzejmo\u015bci organizatora)<\/figcaption><\/figure>\n<p>Tradycja sztuki geometrycznej determinuje nasz odbi\u00f3r \u2013 postrzegamy j\u0105 przez pryzmat formy. Je\u017celi jednak pokusi\u0107 si\u0119 o analiz\u0119 zawarto\u015bci tematycznej prezentowanych prac, to wi\u0119kszo\u015b\u0107 z nich odnosi si\u0119 do aktualnych problem\u00f3w wsp\u00f3\u0142czesno\u015bci, chocia\u017c s\u0105 one bardzo zr\u00f3\u017cnicowane. Trudno powiedzie\u0107 czy problemy pojawiaj\u0105ce si\u0119 w kr\u0119gu zainteresowania artyst\u00f3w s\u0105 starannie wybrane, czy te\u017c stanowi\u0105 po prostu efekt dost\u0119pno\u015bci tych, a nie innych danych. Istotne jest jednak to, \u017ce tre\u015b\u0107 tych prac jest r\u00f3wnie wa\u017cna, co ich forma.<\/p>\n<p>Wystaw\u0119 <em>Geometria ekranu \u2013 geometria<\/em> obrazu mo\u017cna odbiera\u0107 na wielu p\u0142aszczyznach. U jednych mo\u017ce wywo\u0142a\u0107 prze\u017cycia estetyczne \u2013 wszak sztuka geometryczna wspomagana mo\u017cliwo\u015bciami komputera i precyzj\u0105 wykonania mo\u017ce si\u0119 podoba\u0107. Inni przemierzaj\u0105c sale wystawowe znajd\u0105 czas na refleksj\u0119 nad zjawiskami we wsp\u00f3\u0142czesnym \u015bwiecie. Znajd\u0105 si\u0119 pewnie i tacy, dla kt\u00f3rych poszukiwanie powi\u0105za\u0144 mi\u0119dzy sztuk\u0105 a innymi dziedzinami \u017cycia, do kt\u00f3rych prezentowane prace si\u0119 odnosz\u0105, oka\u017ce si\u0119 intelektualn\u0105 rozrywk\u0105 i ciekaw\u0105 form\u0105 sp\u0119dzenia czasu. Pojawi si\u0119 wreszcie garstka tych, kt\u00f3rzy prace z wystawy umieszcz\u0105 w kontek\u015bcie zachodz\u0105cych zmian w zakresie poj\u0119\u0107 zwi\u0105zanych ze sztuk\u0105 i poszukaj\u0105 odpowiedzi na pytania zwi\u0105zane z jej mo\u017cliwo\u015bciami. Z wystawy, kt\u00f3r\u0105 w nowej ods\u0142onie b\u0119dzie mo\u017cna zobaczy\u0107 w Galerii EL w Elbl\u0105gu, z pewno\u015bci\u0105 nikt nie wyjdzie z poczuciem zmarnowanego czasu.<\/p>\n","protected":false},"excerpt":{"rendered":"<p>Wystaw\u0119 <em>Geometria ekranu \u2013 geometria obrazu<\/em> mo\u017cna odbiera\u0107 na wielu p\u0142aszczyznach. U jednych mo\u017ce wywo\u0142a\u0107 prze\u017cycia estetyczne \u2013 wszak sztuka geometryczna wspomagana mo\u017cliwo\u015bciami komputera i precyzj\u0105 wykonania mo\u017ce si\u0119 podoba\u0107. Inni przemierzaj\u0105c sale wystawowe znajd\u0105 czas na refleksj\u0119 nad zjawiskami we wsp\u00f3\u0142czesnym \u015bwiecie. <\/p>\n","protected":false},"author":204,"featured_media":36998,"comment_status":"open","ping_status":"closed","sticky":false,"template":"","format":"standard","meta":[],"categories":[1],"tags":[1102,7210,5062,5061,5060,5053,2380,1307,1543,5059,5056,5058,5057,5054,849,5052,5055],"powerkit_post_featured":[],"coauthors":[14167],"yoast_head":"<!-- This site is optimized with the Yoast SEO plugin v18.7 - https:\/\/yoast.com\/wordpress\/plugins\/seo\/ -->\n<title>Geometria wsp\u00f3\u0142czesno\u015bci<\/title>\n<meta name=\"description\" content=\"Na wystawie &quot;Geometria ekranu \u2013 geometria obrazu&quot; pokazane zosta\u0142y prace 11 wsp\u00f3\u0142czesnych artyst\u00f3w...\" \/>\n<meta name=\"robots\" content=\"index, follow, max-snippet:-1, max-image-preview:large, max-video-preview:-1\" \/>\n<link rel=\"canonical\" href=\"https:\/\/ownetic.com\/magazyn\/2016\/karolina-jablonska-geometria-wspolczesnosci\" \/>\n<script type=\"application\/ld+json\" class=\"yoast-schema-graph\">{\"@context\":\"https:\/\/schema.org\",\"@graph\":[{\"@type\":\"WebSite\",\"@id\":\"https:\/\/ownetic.com\/magazyn\/#website\",\"url\":\"https:\/\/ownetic.com\/magazyn\/\",\"name\":\"Ownetic Magazine\",\"description\":\"Magazine\",\"potentialAction\":[{\"@type\":\"SearchAction\",\"target\":{\"@type\":\"EntryPoint\",\"urlTemplate\":\"https:\/\/ownetic.com\/magazyn\/?s={search_term_string}\"},\"query-input\":\"required name=search_term_string\"}],\"inLanguage\":\"pl-PL\"},{\"@type\":\"ImageObject\",\"inLanguage\":\"pl-PL\",\"@id\":\"https:\/\/ownetic.com\/magazyn\/2016\/karolina-jablonska-geometria-wspolczesnosci#primaryimage\",\"url\":\"https:\/\/ownetic.com\/magazyn\/wp-content\/uploads\/2016\/07\/geometria-ekranu-geometria-obrazu-aleksander-olszewski-plock-galeria-xs-kielce-2016.jpg\",\"contentUrl\":\"https:\/\/ownetic.com\/magazyn\/wp-content\/uploads\/2016\/07\/geometria-ekranu-geometria-obrazu-aleksander-olszewski-plock-galeria-xs-kielce-2016.jpg\",\"width\":1052,\"height\":1052,\"caption\":\"Aleksander Olszewski, \u201eP\u0142ock\u201d (\u017ar\u00f3d\u0142o: materia\u0142y prasowe organizatora)\"},{\"@type\":\"WebPage\",\"@id\":\"https:\/\/ownetic.com\/magazyn\/2016\/karolina-jablonska-geometria-wspolczesnosci#webpage\",\"url\":\"https:\/\/ownetic.com\/magazyn\/2016\/karolina-jablonska-geometria-wspolczesnosci\",\"name\":\"Geometria wsp\u00f3\u0142czesno\u015bci\",\"isPartOf\":{\"@id\":\"https:\/\/ownetic.com\/magazyn\/#website\"},\"primaryImageOfPage\":{\"@id\":\"https:\/\/ownetic.com\/magazyn\/2016\/karolina-jablonska-geometria-wspolczesnosci#primaryimage\"},\"datePublished\":\"2016-07-06T17:45:05+00:00\",\"dateModified\":\"2020-11-09T11:11:33+00:00\",\"author\":{\"@id\":\"https:\/\/ownetic.com\/magazyn\/#\/schema\/person\/aed15ee11db0bff434e5c75473bf7ff6\"},\"description\":\"Na wystawie \\\"Geometria ekranu \u2013 geometria obrazu\\\" pokazane zosta\u0142y prace 11 wsp\u00f3\u0142czesnych artyst\u00f3w...\",\"breadcrumb\":{\"@id\":\"https:\/\/ownetic.com\/magazyn\/2016\/karolina-jablonska-geometria-wspolczesnosci#breadcrumb\"},\"inLanguage\":\"pl-PL\",\"potentialAction\":[{\"@type\":\"ReadAction\",\"target\":[\"https:\/\/ownetic.com\/magazyn\/2016\/karolina-jablonska-geometria-wspolczesnosci\"]}]},{\"@type\":\"BreadcrumbList\",\"@id\":\"https:\/\/ownetic.com\/magazyn\/2016\/karolina-jablonska-geometria-wspolczesnosci#breadcrumb\",\"itemListElement\":[{\"@type\":\"ListItem\",\"position\":1,\"name\":\"Geometria wsp\u00f3\u0142czesno\u015bci\"}]},{\"@type\":\"Person\",\"@id\":\"https:\/\/ownetic.com\/magazyn\/#\/schema\/person\/aed15ee11db0bff434e5c75473bf7ff6\",\"name\":\"Karolina Jab\u0142o\u0144ska\",\"url\":\"https:\/\/ownetic.com\/magazyn\/author\/karolina-jablonska\"}]}<\/script>\n<!-- \/ Yoast SEO plugin. -->","yoast_head_json":{"title":"Geometria wsp\u00f3\u0142czesno\u015bci","description":"Na wystawie \"Geometria ekranu \u2013 geometria obrazu\" pokazane zosta\u0142y prace 11 wsp\u00f3\u0142czesnych artyst\u00f3w...","robots":{"index":"index","follow":"follow","max-snippet":"max-snippet:-1","max-image-preview":"max-image-preview:large","max-video-preview":"max-video-preview:-1"},"canonical":"https:\/\/ownetic.com\/magazyn\/2016\/karolina-jablonska-geometria-wspolczesnosci","schema":{"@context":"https:\/\/schema.org","@graph":[{"@type":"WebSite","@id":"https:\/\/ownetic.com\/magazyn\/#website","url":"https:\/\/ownetic.com\/magazyn\/","name":"Ownetic Magazine","description":"Magazine","potentialAction":[{"@type":"SearchAction","target":{"@type":"EntryPoint","urlTemplate":"https:\/\/ownetic.com\/magazyn\/?s={search_term_string}"},"query-input":"required name=search_term_string"}],"inLanguage":"pl-PL"},{"@type":"ImageObject","inLanguage":"pl-PL","@id":"https:\/\/ownetic.com\/magazyn\/2016\/karolina-jablonska-geometria-wspolczesnosci#primaryimage","url":"https:\/\/ownetic.com\/magazyn\/wp-content\/uploads\/2016\/07\/geometria-ekranu-geometria-obrazu-aleksander-olszewski-plock-galeria-xs-kielce-2016.jpg","contentUrl":"https:\/\/ownetic.com\/magazyn\/wp-content\/uploads\/2016\/07\/geometria-ekranu-geometria-obrazu-aleksander-olszewski-plock-galeria-xs-kielce-2016.jpg","width":1052,"height":1052,"caption":"Aleksander Olszewski, \u201eP\u0142ock\u201d (\u017ar\u00f3d\u0142o: materia\u0142y prasowe organizatora)"},{"@type":"WebPage","@id":"https:\/\/ownetic.com\/magazyn\/2016\/karolina-jablonska-geometria-wspolczesnosci#webpage","url":"https:\/\/ownetic.com\/magazyn\/2016\/karolina-jablonska-geometria-wspolczesnosci","name":"Geometria wsp\u00f3\u0142czesno\u015bci","isPartOf":{"@id":"https:\/\/ownetic.com\/magazyn\/#website"},"primaryImageOfPage":{"@id":"https:\/\/ownetic.com\/magazyn\/2016\/karolina-jablonska-geometria-wspolczesnosci#primaryimage"},"datePublished":"2016-07-06T17:45:05+00:00","dateModified":"2020-11-09T11:11:33+00:00","author":{"@id":"https:\/\/ownetic.com\/magazyn\/#\/schema\/person\/aed15ee11db0bff434e5c75473bf7ff6"},"description":"Na wystawie \"Geometria ekranu \u2013 geometria obrazu\" pokazane zosta\u0142y prace 11 wsp\u00f3\u0142czesnych artyst\u00f3w...","breadcrumb":{"@id":"https:\/\/ownetic.com\/magazyn\/2016\/karolina-jablonska-geometria-wspolczesnosci#breadcrumb"},"inLanguage":"pl-PL","potentialAction":[{"@type":"ReadAction","target":["https:\/\/ownetic.com\/magazyn\/2016\/karolina-jablonska-geometria-wspolczesnosci"]}]},{"@type":"BreadcrumbList","@id":"https:\/\/ownetic.com\/magazyn\/2016\/karolina-jablonska-geometria-wspolczesnosci#breadcrumb","itemListElement":[{"@type":"ListItem","position":1,"name":"Geometria wsp\u00f3\u0142czesno\u015bci"}]},{"@type":"Person","@id":"https:\/\/ownetic.com\/magazyn\/#\/schema\/person\/aed15ee11db0bff434e5c75473bf7ff6","name":"Karolina Jab\u0142o\u0144ska","url":"https:\/\/ownetic.com\/magazyn\/author\/karolina-jablonska"}]}},"_links":{"self":[{"href":"https:\/\/ownetic.com\/magazyn\/wp-json\/wp\/v2\/posts\/36990"}],"collection":[{"href":"https:\/\/ownetic.com\/magazyn\/wp-json\/wp\/v2\/posts"}],"about":[{"href":"https:\/\/ownetic.com\/magazyn\/wp-json\/wp\/v2\/types\/post"}],"author":[{"embeddable":true,"href":"https:\/\/ownetic.com\/magazyn\/wp-json\/wp\/v2\/users\/204"}],"replies":[{"embeddable":true,"href":"https:\/\/ownetic.com\/magazyn\/wp-json\/wp\/v2\/comments?post=36990"}],"version-history":[{"count":1,"href":"https:\/\/ownetic.com\/magazyn\/wp-json\/wp\/v2\/posts\/36990\/revisions"}],"predecessor-version":[{"id":48912,"href":"https:\/\/ownetic.com\/magazyn\/wp-json\/wp\/v2\/posts\/36990\/revisions\/48912"}],"wp:featuredmedia":[{"embeddable":true,"href":"https:\/\/ownetic.com\/magazyn\/wp-json\/wp\/v2\/media\/36998"}],"wp:attachment":[{"href":"https:\/\/ownetic.com\/magazyn\/wp-json\/wp\/v2\/media?parent=36990"}],"wp:term":[{"taxonomy":"category","embeddable":true,"href":"https:\/\/ownetic.com\/magazyn\/wp-json\/wp\/v2\/categories?post=36990"},{"taxonomy":"post_tag","embeddable":true,"href":"https:\/\/ownetic.com\/magazyn\/wp-json\/wp\/v2\/tags?post=36990"},{"taxonomy":"powerkit_post_featured","embeddable":true,"href":"https:\/\/ownetic.com\/magazyn\/wp-json\/wp\/v2\/powerkit_post_featured?post=36990"},{"taxonomy":"author","embeddable":true,"href":"https:\/\/ownetic.com\/magazyn\/wp-json\/wp\/v2\/coauthors?post=36990"}],"curies":[{"name":"wp","href":"https:\/\/api.w.org\/{rel}","templated":true}]}}