{"id":37283,"date":"2016-07-26T08:30:15","date_gmt":"2016-07-26T07:30:15","guid":{"rendered":"https:\/\/ownetic.com\/magazyn\/?p=37283"},"modified":"2016-07-26T07:53:48","modified_gmt":"2016-07-26T06:53:48","slug":"grzegorz-bral-jowita-kubiak-rozrywka-mnie-nie-interesuje","status":"publish","type":"post","link":"https:\/\/ownetic.com\/magazyn\/2016\/grzegorz-bral-jowita-kubiak-rozrywka-mnie-nie-interesuje","title":{"rendered":"Rozrywka mnie nie interesuje"},"content":{"rendered":"<p><strong>Jowita Kubiak: Has\u0142em przewodnim tegorocznej, dwunastej edycji Brave Festival s\u0105 \u201eOutcasts-Wykluczeni\u201d. W obliczu kryzysu, jaki ogarn\u0105\u0142 Europ\u0119, problem uchod\u017ac\u00f3w wydaje si\u0119 pog\u0142\u0119bia\u0107 wewn\u0119trzne konflikty. Z jednej strony chcemy pom\u00f3c, z drugiej obawiamy si\u0119 urzeczywistnienia proroctwa Oriany Fallaci o Eurabii.<\/strong><\/p>\n<p><strong>Grzegorz Bral:<\/strong> To nie jest festiwal o uchod\u017acach, tylko o wykluczeniu. To dwie nieco r\u00f3\u017cne sprawy. Nasz festiwal od samego pocz\u0105tku ma podtytu\u0142: \u201eprzeciw wyp\u0119dzeniom z kultury\u201d. Jeszcze zanim wspomniany kryzys ogarn\u0105\u0142 Europ\u0119, by\u0142o wiadomo, \u017ce zachodz\u0105 bardzo g\u0142\u0119bokie procesy \u2013 r\u00f3\u017cnicuj\u0105ce, dziel\u0105ce, wykorzeniaj\u0105ce. To nie jest nic, co nie wydarza\u0142oby si\u0119 ju\u017c wcze\u015bniej. Poza tym nie interesuje mnie polityczny aspekt wykluczenia, lecz ludzki \u2013 kiedy i dlaczego odrzucamy \u201edrugiego\u201d. Chyba nie mo\u017cna znale\u017a\u0107 tego punktu, od kt\u00f3rego zaczyna si\u0119 niech\u0119\u0107 lub nienawi\u015b\u0107, gdzie indziej ni\u017c w braku wsp\u00f3\u0142czucia we w\u0142asnym sercu. Chcemy, \u017ceby nasz festiwal natchn\u0105\u0142 ludzi do akceptacji, szacunku, uznania i\u00a0wsparcia. W tym roku naszym \u201ewykluczonym\u201d by\u0142a osoba niepe\u0142nosprawna fizycznie lub umys\u0142owo. No, w\u0142a\u015bciwie \u201eniepe\u0142nosprawna\u201d tylko w tym potocznym, powierzchownym uj\u0119ciu. Bo przecie\u017c widzieli\u015bmy wspania\u0142ych artyst\u00f3w, promiennych, zaanga\u017cowanych, rozumnych. Nauczy\u0142em si\u0119 w tym roku o wiele bardziej szanowa\u0107 i docenia\u0107 to, \u017ce widz\u0119 ukochane osoby, \u017ce czuj\u0119 ich dotyk, \u017ce\u00a0s\u0142ysz\u0119, co do mnie m\u00f3wi\u0105, \u017ce chodzimy w g\u00f3ry i nad morze, podziwiamy pi\u0119kno \u015bwiata. Wygl\u0105da na to, \u017ce gdy wszystko masz, to niewiele doceniasz. Tym festiwalem pragn\u0119 pobudza\u0107 docenianie drugiego, a nie kwestionowanie go.<\/p>\n<figure id=\"attachment_37309\" aria-describedby=\"caption-attachment-37309\" style=\"width: 540px\" class=\"wp-caption alignnone\"><a href=\"https:\/\/ownetic.com\/magazyn\/?attachment_id=37309\" rel=\"attachment wp-att-37309\"><img loading=\"lazy\" class=\"size-medium wp-image-37309\" title=\"Candoco Dance Company, Brave Festival 2016, 7.07, fot. Mateusz Bral (\u017ar\u00f3d\u0142o: materia\u0142y prasowe organizatora)\" src=\"https:\/\/ownetic.com\/magazyn\/wp-content\/uploads\/2016\/07\/candoco-dance-company-7-lipca-fot-mateusz-bral-002-540x360.jpg\" alt=\"Candoco Dance Company, Brave Festival 2016, 7.07, fot. Mateusz Bral (\u017ar\u00f3d\u0142o: materia\u0142y prasowe organizatora)\" width=\"540\" height=\"360\" srcset=\"https:\/\/ownetic.com\/magazyn\/wp-content\/uploads\/2016\/07\/candoco-dance-company-7-lipca-fot-mateusz-bral-002-540x360.jpg 540w, https:\/\/ownetic.com\/magazyn\/wp-content\/uploads\/2016\/07\/candoco-dance-company-7-lipca-fot-mateusz-bral-002-900x600.jpg 900w, https:\/\/ownetic.com\/magazyn\/wp-content\/uploads\/2016\/07\/candoco-dance-company-7-lipca-fot-mateusz-bral-002-576x384.jpg 576w, https:\/\/ownetic.com\/magazyn\/wp-content\/uploads\/2016\/07\/candoco-dance-company-7-lipca-fot-mateusz-bral-002.jpg 1122w\" sizes=\"(max-width: 540px) 100vw, 540px\" \/><\/a><figcaption id=\"caption-attachment-37309\" class=\"wp-caption-text\">Candoco Dance Company, Brave Festival 2016, 7.07, fot. Mateusz Bral (\u017ar\u00f3d\u0142o: materia\u0142y prasowe organizatora)<\/figcaption><\/figure>\n<p><strong>Jest to festiwal ludzi odwa\u017cnych, zreszt\u0105 sugeruje to ju\u017c sam cz\u0142on nazwy \u201ebrave\u201d. Trzeba mie\u0107 odwag\u0119, \u017ceby nie\u015b\u0107 pomoc?<\/strong><\/p>\n<p>S\u0105dz\u0119, \u017ce s\u0105 sytuacje, w kt\u00f3rych potrzebna jest pot\u0119\u017cna odwaga, aby nie\u015b\u0107 pomoc drugiemu. Jednak\u017ce wielu z nas nie \u017cyje w drastycznych, wojennych okoliczno\u015bciach i w\u00f3wczas nie tyle odwaga jest potrzebna, co przekroczenie w\u0142asnego konformizmu i\u00a0wygody. To jest bardzo trudne. Nie by\u0107 kim\u015b, komu w \u017cyciu jest po prostu wygodnie, dla kt\u00f3rego brak wygody innych nie ma znaczenia. Zobaczy\u0107 cierpienie drugiego jest chyba dla wielu z nas najtrudniejszym zadaniem. A nawet je\u015bli zobaczymy, to czy pozwolimy, \u017ceby cierpienie i b\u00f3l drugiego sta\u0142y si\u0119 motywacj\u0105 do niesienia pomocy? Tak, trzeba by\u0107 odwa\u017cnym, aby przynie\u015b\u0107 drugiemu ulg\u0119 i nieco rado\u015bci. Dzisiejszy \u015bwiat, kt\u00f3ry z przemocy uczyni\u0142 medialne bohaterstwo, a z siej\u0105cego \u015bmier\u0107 na ekranie hollywoodzkiego aktora po\u017c\u0105danego celebryt\u0119, odwr\u00f3ci\u0142 wszelkie warto\u015bci do g\u00f3ry nogami. Bohaterem sta\u0142 si\u0119 ten, kt\u00f3ry zabija, a wojna usankcjonowan\u0105 grupow\u0105 zbrodni\u0105 i niczym innym. Tego, kt\u00f3ry ocala i pomaga, postrzega si\u0119 jako marzyciela, chocia\u017c w moich oczach to w\u0142a\u015bnie on jest najwi\u0119kszym z bohater\u00f3w. Jaki jest mechanizm tzw. \u201ehejtu\u201d, nie mam poj\u0119cia, ale wiem, \u017ce zaczyna si\u0119 wy\u0142\u0105cznie w twoim sercu.<\/p>\n<div id='gallery-1' class='gallery galleryid-37283 gallery-columns-5 gallery-size-thumbnail'><figure class='gallery-item'>\n\t\t\t<div class='gallery-icon landscape'>\n\t\t\t\t<a href='https:\/\/ownetic.com\/magazyn\/2016\/grzegorz-bral-jowita-kubiak-rozrywka-mnie-nie-interesuje\/teatr-21-klauni-czyli-o-rodzinie-8-lipca-fot-mateusz-bral-002'><img width=\"80\" height=\"80\" src=\"https:\/\/ownetic.com\/magazyn\/wp-content\/uploads\/2016\/07\/teatr-21-klauni-czyli-o-rodzinie-8-lipca-fot-mateusz-bral-002-80x80.jpg\" class=\"attachment-thumbnail size-thumbnail\" alt=\"Teatr 21, Klauni, czyli o rodzinie, Brave Festival 2016, 8.07, fot. Mateusz Bral (\u017ar\u00f3d\u0142o: materia\u0142y prasowe organizatora)\" loading=\"lazy\" aria-describedby=\"gallery-1-37329\" \/><\/a>\n\t\t\t<\/div>\n\t\t\t\t<figcaption class='wp-caption-text gallery-caption' id='gallery-1-37329'>\n\t\t\t\tTeatr 21, Klauni, czyli o rodzinie, Brave Festival 2016, 8.07, fot. Mateusz Bral (\u017ar\u00f3d\u0142o: materia\u0142y prasowe organizatora)\n\t\t\t\t<\/figcaption><\/figure><figure class='gallery-item'>\n\t\t\t<div class='gallery-icon landscape'>\n\t\t\t\t<a href='https:\/\/ownetic.com\/magazyn\/2016\/grzegorz-bral-jowita-kubiak-rozrywka-mnie-nie-interesuje\/teatr-21-klauni-czyli-o-rodzinie-8-lipca-fot-mateusz-bral-001'><img width=\"80\" height=\"80\" src=\"https:\/\/ownetic.com\/magazyn\/wp-content\/uploads\/2016\/07\/teatr-21-klauni-czyli-o-rodzinie-8-lipca-fot-mateusz-bral-001-80x80.jpg\" class=\"attachment-thumbnail size-thumbnail\" alt=\"Teatr 21, Klauni, czyli o rodzinie, Brave Festival 2016, 8.07, fot. Mateusz Bral (\u017ar\u00f3d\u0142o: materia\u0142y prasowe organizatora)\" loading=\"lazy\" aria-describedby=\"gallery-1-37328\" \/><\/a>\n\t\t\t<\/div>\n\t\t\t\t<figcaption class='wp-caption-text gallery-caption' id='gallery-1-37328'>\n\t\t\t\tTeatr 21, Klauni, czyli o rodzinie, Brave Festival 2016, 8.07, fot. Mateusz Bral (\u017ar\u00f3d\u0142o: materia\u0142y prasowe organizatora)\n\t\t\t\t<\/figcaption><\/figure><figure class='gallery-item'>\n\t\t\t<div class='gallery-icon landscape'>\n\t\t\t\t<a href='https:\/\/ownetic.com\/magazyn\/2016\/grzegorz-bral-jowita-kubiak-rozrywka-mnie-nie-interesuje\/teatr-21-6-lipca-fot-mateusz-bral-003'><img width=\"80\" height=\"80\" src=\"https:\/\/ownetic.com\/magazyn\/wp-content\/uploads\/2016\/07\/teatr-21-6-lipca-fot-mateusz-bral-003-80x80.jpg\" class=\"attachment-thumbnail size-thumbnail\" alt=\"Teatr 21, Upadek, Brave Festival 2016, 6.07, fot. Mateusz Bral (\u017ar\u00f3d\u0142o: materia\u0142y prasowe organizatora)\" loading=\"lazy\" aria-describedby=\"gallery-1-37327\" \/><\/a>\n\t\t\t<\/div>\n\t\t\t\t<figcaption class='wp-caption-text gallery-caption' id='gallery-1-37327'>\n\t\t\t\tTeatr 21, Upadek, Brave Festival 2016, 6.07, fot. Mateusz Bral (\u017ar\u00f3d\u0142o: materia\u0142y prasowe organizatora)\n\t\t\t\t<\/figcaption><\/figure><figure class='gallery-item'>\n\t\t\t<div class='gallery-icon landscape'>\n\t\t\t\t<a href='https:\/\/ownetic.com\/magazyn\/2016\/grzegorz-bral-jowita-kubiak-rozrywka-mnie-nie-interesuje\/teatr-21-6-lipca-fot-mateusz-bral-002'><img width=\"80\" height=\"80\" src=\"https:\/\/ownetic.com\/magazyn\/wp-content\/uploads\/2016\/07\/teatr-21-6-lipca-fot-mateusz-bral-002-80x80.jpg\" class=\"attachment-thumbnail size-thumbnail\" alt=\"Teatr 21, Upadek, Brave Festival 2016, 6.07, fot. Mateusz Bral (\u017ar\u00f3d\u0142o: materia\u0142y prasowe organizatora)\" loading=\"lazy\" aria-describedby=\"gallery-1-37326\" \/><\/a>\n\t\t\t<\/div>\n\t\t\t\t<figcaption class='wp-caption-text gallery-caption' id='gallery-1-37326'>\n\t\t\t\tTeatr 21, Upadek, Brave Festival 2016, 6.07, fot. Mateusz Bral (\u017ar\u00f3d\u0142o: materia\u0142y prasowe organizatora)\n\t\t\t\t<\/figcaption><\/figure><figure class='gallery-item'>\n\t\t\t<div class='gallery-icon landscape'>\n\t\t\t\t<a href='https:\/\/ownetic.com\/magazyn\/2016\/grzegorz-bral-jowita-kubiak-rozrywka-mnie-nie-interesuje\/teatr-21-6-lipca-fot-mateusz-bral-001'><img width=\"80\" height=\"80\" src=\"https:\/\/ownetic.com\/magazyn\/wp-content\/uploads\/2016\/07\/teatr-21-6-lipca-fot-mateusz-bral-001-80x80.jpg\" class=\"attachment-thumbnail size-thumbnail\" alt=\"Teatr 21, Upadek, Brave Festival 2016, 6.07, fot. Mateusz Bral (\u017ar\u00f3d\u0142o: materia\u0142y prasowe organizatora)\" loading=\"lazy\" aria-describedby=\"gallery-1-37325\" \/><\/a>\n\t\t\t<\/div>\n\t\t\t\t<figcaption class='wp-caption-text gallery-caption' id='gallery-1-37325'>\n\t\t\t\tTeatr 21, Upadek, Brave Festival 2016, 6.07, fot. Mateusz Bral (\u017ar\u00f3d\u0142o: materia\u0142y prasowe organizatora)\n\t\t\t\t<\/figcaption><\/figure><figure class='gallery-item'>\n\t\t\t<div class='gallery-icon landscape'>\n\t\t\t\t<a href='https:\/\/ownetic.com\/magazyn\/2016\/grzegorz-bral-jowita-kubiak-rozrywka-mnie-nie-interesuje\/nalaga-at-theater-13-lipca-fot-mateusz-bral-002'><img width=\"80\" height=\"80\" src=\"https:\/\/ownetic.com\/magazyn\/wp-content\/uploads\/2016\/07\/nalaga-at-theater-13-lipca-fot-mateusz-bral-002-80x80.jpg\" class=\"attachment-thumbnail size-thumbnail\" alt=\"Nalaga&#039;at Theater, Say Orange, Brave Festival 2016, 13.07, fot. Mateusz Bral (\u017ar\u00f3d\u0142o: materia\u0142y prasowe organizatora)\" loading=\"lazy\" aria-describedby=\"gallery-1-37324\" \/><\/a>\n\t\t\t<\/div>\n\t\t\t\t<figcaption class='wp-caption-text gallery-caption' id='gallery-1-37324'>\n\t\t\t\tNalaga&#8217;at Theater, Say Orange, Brave Festival 2016, 13.07, fot. Mateusz Bral (\u017ar\u00f3d\u0142o: materia\u0142y prasowe organizatora)\n\t\t\t\t<\/figcaption><\/figure><figure class='gallery-item'>\n\t\t\t<div class='gallery-icon landscape'>\n\t\t\t\t<a href='https:\/\/ownetic.com\/magazyn\/2016\/grzegorz-bral-jowita-kubiak-rozrywka-mnie-nie-interesuje\/nalaga-at-theater-13-lipca-fot-mateusz-bral-001'><img width=\"80\" height=\"80\" src=\"https:\/\/ownetic.com\/magazyn\/wp-content\/uploads\/2016\/07\/nalaga-at-theater-13-lipca-fot-mateusz-bral-001-80x80.jpg\" class=\"attachment-thumbnail size-thumbnail\" alt=\"Nalaga&#039;at Theater, Say Orange, Brave Festival 2016, 13.07, fot. Mateusz Bral (\u017ar\u00f3d\u0142o: materia\u0142y prasowe organizatora)\" loading=\"lazy\" aria-describedby=\"gallery-1-37323\" \/><\/a>\n\t\t\t<\/div>\n\t\t\t\t<figcaption class='wp-caption-text gallery-caption' id='gallery-1-37323'>\n\t\t\t\tNalaga&#8217;at Theater, Say Orange, Brave Festival 2016, 13.07, fot. Mateusz Bral (\u017ar\u00f3d\u0142o: materia\u0142y prasowe organizatora)\n\t\t\t\t<\/figcaption><\/figure><figure class='gallery-item'>\n\t\t\t<div class='gallery-icon landscape'>\n\t\t\t\t<a href='https:\/\/ownetic.com\/magazyn\/2016\/grzegorz-bral-jowita-kubiak-rozrywka-mnie-nie-interesuje\/musicians-without-borders-10-lipca-fot-mateusz-bral-003'><img width=\"80\" height=\"80\" src=\"https:\/\/ownetic.com\/magazyn\/wp-content\/uploads\/2016\/07\/musicians-without-borders-10-lipca-fot-mateusz-bral-003-80x80.jpg\" class=\"attachment-thumbnail size-thumbnail\" alt=\"Musicians without Borders, Brave Festival 2016, 10.07, fot. Mateusz Bral (\u017ar\u00f3d\u0142o: materia\u0142y prasowe organizatora)\" loading=\"lazy\" aria-describedby=\"gallery-1-37322\" \/><\/a>\n\t\t\t<\/div>\n\t\t\t\t<figcaption class='wp-caption-text gallery-caption' id='gallery-1-37322'>\n\t\t\t\tMusicians without Borders, Brave Festival 2016, 10.07, fot. Mateusz Bral (\u017ar\u00f3d\u0142o: materia\u0142y prasowe organizatora)\n\t\t\t\t<\/figcaption><\/figure><figure class='gallery-item'>\n\t\t\t<div class='gallery-icon landscape'>\n\t\t\t\t<a href='https:\/\/ownetic.com\/magazyn\/2016\/grzegorz-bral-jowita-kubiak-rozrywka-mnie-nie-interesuje\/musicians-without-borders-10-lipca-fot-mateusz-bral-002'><img width=\"80\" height=\"80\" src=\"https:\/\/ownetic.com\/magazyn\/wp-content\/uploads\/2016\/07\/musicians-without-borders-10-lipca-fot-mateusz-bral-002-80x80.jpg\" class=\"attachment-thumbnail size-thumbnail\" alt=\"Musicians without Borders, Brave Festival 2016, 10.07, fot. Mateusz Bral (\u017ar\u00f3d\u0142o: materia\u0142y prasowe organizatora)\" loading=\"lazy\" aria-describedby=\"gallery-1-37321\" \/><\/a>\n\t\t\t<\/div>\n\t\t\t\t<figcaption class='wp-caption-text gallery-caption' id='gallery-1-37321'>\n\t\t\t\tMusicians without Borders, Brave Festival 2016, 10.07, fot. Mateusz Bral (\u017ar\u00f3d\u0142o: materia\u0142y prasowe organizatora)\n\t\t\t\t<\/figcaption><\/figure><figure class='gallery-item'>\n\t\t\t<div class='gallery-icon landscape'>\n\t\t\t\t<a href='https:\/\/ownetic.com\/magazyn\/2016\/grzegorz-bral-jowita-kubiak-rozrywka-mnie-nie-interesuje\/musicians-without-borders-10-lipca-fot-mateusz-bral-001'><img width=\"80\" height=\"80\" src=\"https:\/\/ownetic.com\/magazyn\/wp-content\/uploads\/2016\/07\/musicians-without-borders-10-lipca-fot-mateusz-bral-001-80x80.jpg\" class=\"attachment-thumbnail size-thumbnail\" alt=\"Musicians without Borders, Brave Festival 2016, 10.07, fot. Mateusz Bral (\u017ar\u00f3d\u0142o: materia\u0142y prasowe organizatora)\" loading=\"lazy\" aria-describedby=\"gallery-1-37320\" \/><\/a>\n\t\t\t<\/div>\n\t\t\t\t<figcaption class='wp-caption-text gallery-caption' id='gallery-1-37320'>\n\t\t\t\tMusicians without Borders, Brave Festival 2016, 10.07, fot. Mateusz Bral (\u017ar\u00f3d\u0142o: materia\u0142y prasowe organizatora)\n\t\t\t\t<\/figcaption><\/figure><figure class='gallery-item'>\n\t\t\t<div class='gallery-icon landscape'>\n\t\t\t\t<a href='https:\/\/ownetic.com\/magazyn\/2016\/grzegorz-bral-jowita-kubiak-rozrywka-mnie-nie-interesuje\/ivan-perez-korzo-15-lipca-fot-mateusz-bral-003'><img width=\"80\" height=\"80\" src=\"https:\/\/ownetic.com\/magazyn\/wp-content\/uploads\/2016\/07\/ivan-perez-korzo-15-lipca-fot-mateusz-bral-003-80x80.jpg\" class=\"attachment-thumbnail size-thumbnail\" alt=\"Ivan Perez, Korzo Producties, Exhausting Space, Brave Festival 2016, 15.07, fot. Mateusz Bral (\u017ar\u00f3d\u0142o: materia\u0142y prasowe organizatora)\" loading=\"lazy\" aria-describedby=\"gallery-1-37319\" \/><\/a>\n\t\t\t<\/div>\n\t\t\t\t<figcaption class='wp-caption-text gallery-caption' id='gallery-1-37319'>\n\t\t\t\tIvan Perez, Korzo Producties, Exhausting Space, Brave Festival 2016, 15.07, fot. Mateusz Bral (\u017ar\u00f3d\u0142o: materia\u0142y prasowe organizatora)\n\t\t\t\t<\/figcaption><\/figure><figure class='gallery-item'>\n\t\t\t<div class='gallery-icon landscape'>\n\t\t\t\t<a href='https:\/\/ownetic.com\/magazyn\/2016\/grzegorz-bral-jowita-kubiak-rozrywka-mnie-nie-interesuje\/ivan-perez-korzo-15-lipca-fot-mateusz-bral-002'><img width=\"80\" height=\"80\" src=\"https:\/\/ownetic.com\/magazyn\/wp-content\/uploads\/2016\/07\/ivan-perez-korzo-15-lipca-fot-mateusz-bral-002-80x80.jpg\" class=\"attachment-thumbnail size-thumbnail\" alt=\"Ivan Perez, Korzo Producties, Exhausting Space, Brave Festival 2016, 15.07, fot. Mateusz Bral (\u017ar\u00f3d\u0142o: materia\u0142y prasowe organizatora)\" loading=\"lazy\" aria-describedby=\"gallery-1-37318\" \/><\/a>\n\t\t\t<\/div>\n\t\t\t\t<figcaption class='wp-caption-text gallery-caption' id='gallery-1-37318'>\n\t\t\t\tIvan Perez, Korzo Producties, Exhausting Space, Brave Festival 2016, 15.07, fot. Mateusz Bral (\u017ar\u00f3d\u0142o: materia\u0142y prasowe organizatora)\n\t\t\t\t<\/figcaption><\/figure><figure class='gallery-item'>\n\t\t\t<div class='gallery-icon landscape'>\n\t\t\t\t<a href='https:\/\/ownetic.com\/magazyn\/2016\/grzegorz-bral-jowita-kubiak-rozrywka-mnie-nie-interesuje\/ivan-perez-korzo-15-lipca-fot-mateusz-bral-001'><img width=\"80\" height=\"80\" src=\"https:\/\/ownetic.com\/magazyn\/wp-content\/uploads\/2016\/07\/ivan-perez-korzo-15-lipca-fot-mateusz-bral-001-80x80.jpg\" class=\"attachment-thumbnail size-thumbnail\" alt=\"Ivan Perez, Korzo Producties, Exhausting Space, Brave Festival 2016, 15.07, fot. Mateusz Bral (\u017ar\u00f3d\u0142o: materia\u0142y prasowe organizatora)\" loading=\"lazy\" aria-describedby=\"gallery-1-37317\" \/><\/a>\n\t\t\t<\/div>\n\t\t\t\t<figcaption class='wp-caption-text gallery-caption' id='gallery-1-37317'>\n\t\t\t\tIvan Perez, Korzo Producties, Exhausting Space, Brave Festival 2016, 15.07, fot. Mateusz Bral (\u017ar\u00f3d\u0142o: materia\u0142y prasowe organizatora)\n\t\t\t\t<\/figcaption><\/figure><figure class='gallery-item'>\n\t\t\t<div class='gallery-icon landscape'>\n\t\t\t\t<a href='https:\/\/ownetic.com\/magazyn\/2016\/grzegorz-bral-jowita-kubiak-rozrywka-mnie-nie-interesuje\/deafbeat-5-lipca-fot-mateusz-bral-003'><img width=\"80\" height=\"80\" src=\"https:\/\/ownetic.com\/magazyn\/wp-content\/uploads\/2016\/07\/deafbeat-5-lipca-fot-mateusz-bral-003-80x80.jpg\" class=\"attachment-thumbnail size-thumbnail\" alt=\"Deafbeat, Brave Festival 2016, 5.07, fot. Mateusz Bral (\u017ar\u00f3d\u0142o: materia\u0142y prasowe organizatora)\" loading=\"lazy\" aria-describedby=\"gallery-1-37316\" \/><\/a>\n\t\t\t<\/div>\n\t\t\t\t<figcaption class='wp-caption-text gallery-caption' id='gallery-1-37316'>\n\t\t\t\tDeafbeat, Brave Festival 2016, 5.07, fot. Mateusz Bral (\u017ar\u00f3d\u0142o: materia\u0142y prasowe organizatora)\n\t\t\t\t<\/figcaption><\/figure><figure class='gallery-item'>\n\t\t\t<div class='gallery-icon landscape'>\n\t\t\t\t<a href='https:\/\/ownetic.com\/magazyn\/2016\/grzegorz-bral-jowita-kubiak-rozrywka-mnie-nie-interesuje\/deafbeat-5-lipca-fot-mateusz-bral-002'><img width=\"80\" height=\"80\" src=\"https:\/\/ownetic.com\/magazyn\/wp-content\/uploads\/2016\/07\/deafbeat-5-lipca-fot-mateusz-bral-002-80x80.jpg\" class=\"attachment-thumbnail size-thumbnail\" alt=\"Deafbeat, Brave Festival 2016, 5.07, fot. Mateusz Bral (\u017ar\u00f3d\u0142o: materia\u0142y prasowe organizatora)\" loading=\"lazy\" aria-describedby=\"gallery-1-37315\" \/><\/a>\n\t\t\t<\/div>\n\t\t\t\t<figcaption class='wp-caption-text gallery-caption' id='gallery-1-37315'>\n\t\t\t\tDeafbeat, Brave Festival 2016, 5.07, fot. Mateusz Bral (\u017ar\u00f3d\u0142o: materia\u0142y prasowe organizatora)\n\t\t\t\t<\/figcaption><\/figure><figure class='gallery-item'>\n\t\t\t<div class='gallery-icon landscape'>\n\t\t\t\t<a href='https:\/\/ownetic.com\/magazyn\/2016\/grzegorz-bral-jowita-kubiak-rozrywka-mnie-nie-interesuje\/deafbeat-5-lipca-fot-mateusz-bral-001'><img width=\"80\" height=\"80\" src=\"https:\/\/ownetic.com\/magazyn\/wp-content\/uploads\/2016\/07\/deafbeat-5-lipca-fot-mateusz-bral-001-80x80.jpg\" class=\"attachment-thumbnail size-thumbnail\" alt=\"Deafbeat, Brave Festival 2016, 5.07, fot. Mateusz Bral (\u017ar\u00f3d\u0142o: materia\u0142y prasowe organizatora)\" loading=\"lazy\" aria-describedby=\"gallery-1-37314\" \/><\/a>\n\t\t\t<\/div>\n\t\t\t\t<figcaption class='wp-caption-text gallery-caption' id='gallery-1-37314'>\n\t\t\t\tDeafbeat, Brave Festival 2016, 5.07, fot. Mateusz Bral (\u017ar\u00f3d\u0142o: materia\u0142y prasowe organizatora)\n\t\t\t\t<\/figcaption><\/figure><figure class='gallery-item'>\n\t\t\t<div class='gallery-icon landscape'>\n\t\t\t\t<a href='https:\/\/ownetic.com\/magazyn\/2016\/grzegorz-bral-jowita-kubiak-rozrywka-mnie-nie-interesuje\/crazy-god-1-lipca-fot-mateusz-bral-003'><img width=\"80\" height=\"80\" src=\"https:\/\/ownetic.com\/magazyn\/wp-content\/uploads\/2016\/07\/crazy-god-1-lipca-fot-mateusz-bral-003-80x80.jpg\" class=\"attachment-thumbnail size-thumbnail\" alt=\"Teatr Pie\u015b\u0144 Koz\u0142a, Crazy God, Brave Festival 2016, 1.07, fot. Mateusz Bral (\u017ar\u00f3d\u0142o: materia\u0142y prasowe organizatora)\" loading=\"lazy\" aria-describedby=\"gallery-1-37313\" \/><\/a>\n\t\t\t<\/div>\n\t\t\t\t<figcaption class='wp-caption-text gallery-caption' id='gallery-1-37313'>\n\t\t\t\tTeatr Pie\u015b\u0144 Koz\u0142a, Crazy God, Brave Festival 2016, 1.07, fot. Mateusz Bral (\u017ar\u00f3d\u0142o: materia\u0142y prasowe organizatora)\n\t\t\t\t<\/figcaption><\/figure><figure class='gallery-item'>\n\t\t\t<div class='gallery-icon landscape'>\n\t\t\t\t<a href='https:\/\/ownetic.com\/magazyn\/2016\/grzegorz-bral-jowita-kubiak-rozrywka-mnie-nie-interesuje\/crazy-god-1-lipca-fot-mateusz-bral-002'><img width=\"80\" height=\"80\" src=\"https:\/\/ownetic.com\/magazyn\/wp-content\/uploads\/2016\/07\/crazy-god-1-lipca-fot-mateusz-bral-002-80x80.jpg\" class=\"attachment-thumbnail size-thumbnail\" alt=\"Teatr Pie\u015b\u0144 Koz\u0142a, Crazy God, Brave Festival 2016, 1.07, fot. Mateusz Bral (\u017ar\u00f3d\u0142o: materia\u0142y prasowe organizatora)\" loading=\"lazy\" aria-describedby=\"gallery-1-37312\" \/><\/a>\n\t\t\t<\/div>\n\t\t\t\t<figcaption class='wp-caption-text gallery-caption' id='gallery-1-37312'>\n\t\t\t\tTeatr Pie\u015b\u0144 Koz\u0142a, Crazy God, Brave Festival 2016, 1.07, fot. Mateusz Bral (\u017ar\u00f3d\u0142o: materia\u0142y prasowe organizatora)\n\t\t\t\t<\/figcaption><\/figure><figure class='gallery-item'>\n\t\t\t<div class='gallery-icon landscape'>\n\t\t\t\t<a href='https:\/\/ownetic.com\/magazyn\/2016\/grzegorz-bral-jowita-kubiak-rozrywka-mnie-nie-interesuje\/crazy-god-1-lipca-fot-mateusz-bral-001'><img width=\"80\" height=\"80\" src=\"https:\/\/ownetic.com\/magazyn\/wp-content\/uploads\/2016\/07\/crazy-god-1-lipca-fot-mateusz-bral-001-80x80.jpg\" class=\"attachment-thumbnail size-thumbnail\" alt=\"Teatr Pie\u015b\u0144 Koz\u0142a, Crazy God, Brave Festival 2016, 1.07, fot. Mateusz Bral (\u017ar\u00f3d\u0142o: materia\u0142y prasowe organizatora)\" loading=\"lazy\" aria-describedby=\"gallery-1-37311\" \/><\/a>\n\t\t\t<\/div>\n\t\t\t\t<figcaption class='wp-caption-text gallery-caption' id='gallery-1-37311'>\n\t\t\t\tTeatr Pie\u015b\u0144 Koz\u0142a, Crazy God, Brave Festival 2016, 1.07, fot. Mateusz Bral (\u017ar\u00f3d\u0142o: materia\u0142y prasowe organizatora)\n\t\t\t\t<\/figcaption><\/figure><figure class='gallery-item'>\n\t\t\t<div class='gallery-icon landscape'>\n\t\t\t\t<a href='https:\/\/ownetic.com\/magazyn\/2016\/grzegorz-bral-jowita-kubiak-rozrywka-mnie-nie-interesuje\/candoco-dance-company-7-lipca-fot-mateusz-bral-003'><img width=\"80\" height=\"80\" src=\"https:\/\/ownetic.com\/magazyn\/wp-content\/uploads\/2016\/07\/candoco-dance-company-7-lipca-fot-mateusz-bral-003-80x80.jpg\" class=\"attachment-thumbnail size-thumbnail\" alt=\"Candoco Dance Company, Brave Festival 2016, 7.07, fot. Mateusz Bral (\u017ar\u00f3d\u0142o: materia\u0142y prasowe organizatora)\" loading=\"lazy\" aria-describedby=\"gallery-1-37310\" \/><\/a>\n\t\t\t<\/div>\n\t\t\t\t<figcaption class='wp-caption-text gallery-caption' id='gallery-1-37310'>\n\t\t\t\tCandoco Dance Company, Brave Festival 2016, 7.07, fot. Mateusz Bral (\u017ar\u00f3d\u0142o: materia\u0142y prasowe organizatora)\n\t\t\t\t<\/figcaption><\/figure><figure class='gallery-item'>\n\t\t\t<div class='gallery-icon landscape'>\n\t\t\t\t<a href='https:\/\/ownetic.com\/magazyn\/2016\/grzegorz-bral-jowita-kubiak-rozrywka-mnie-nie-interesuje\/candoco-dance-company-7-lipca-fot-mateusz-bral-002'><img width=\"80\" height=\"80\" src=\"https:\/\/ownetic.com\/magazyn\/wp-content\/uploads\/2016\/07\/candoco-dance-company-7-lipca-fot-mateusz-bral-002-80x80.jpg\" class=\"attachment-thumbnail size-thumbnail\" alt=\"Candoco Dance Company, Brave Festival 2016, 7.07, fot. Mateusz Bral (\u017ar\u00f3d\u0142o: materia\u0142y prasowe organizatora)\" loading=\"lazy\" aria-describedby=\"gallery-1-37309\" \/><\/a>\n\t\t\t<\/div>\n\t\t\t\t<figcaption class='wp-caption-text gallery-caption' id='gallery-1-37309'>\n\t\t\t\tCandoco Dance Company, Brave Festival 2016, 7.07, fot. Mateusz Bral (\u017ar\u00f3d\u0142o: materia\u0142y prasowe organizatora)\n\t\t\t\t<\/figcaption><\/figure><figure class='gallery-item'>\n\t\t\t<div class='gallery-icon landscape'>\n\t\t\t\t<a href='https:\/\/ownetic.com\/magazyn\/2016\/grzegorz-bral-jowita-kubiak-rozrywka-mnie-nie-interesuje\/candoco-dance-company-7-lipca-fot-mateusz-bral-001'><img width=\"80\" height=\"80\" src=\"https:\/\/ownetic.com\/magazyn\/wp-content\/uploads\/2016\/07\/candoco-dance-company-7-lipca-fot-mateusz-bral-001-80x80.jpg\" class=\"attachment-thumbnail size-thumbnail\" alt=\"Candoco Dance Company, Brave Festival 2016, 7.07, fot. Mateusz Bral (\u017ar\u00f3d\u0142o: materia\u0142y prasowe organizatora)\" loading=\"lazy\" aria-describedby=\"gallery-1-37308\" \/><\/a>\n\t\t\t<\/div>\n\t\t\t\t<figcaption class='wp-caption-text gallery-caption' id='gallery-1-37308'>\n\t\t\t\tCandoco Dance Company, Brave Festival 2016, 7.07, fot. Mateusz Bral (\u017ar\u00f3d\u0142o: materia\u0142y prasowe organizatora)\n\t\t\t\t<\/figcaption><\/figure><figure class='gallery-item'>\n\t\t\t<div class='gallery-icon landscape'>\n\t\t\t\t<a href='https:\/\/ownetic.com\/magazyn\/2016\/grzegorz-bral-jowita-kubiak-rozrywka-mnie-nie-interesuje\/blind-ballet-6-lipca-fot-mateusz-bral-003'><img width=\"80\" height=\"80\" src=\"https:\/\/ownetic.com\/magazyn\/wp-content\/uploads\/2016\/07\/blind-ballet-6-lipca-fot-mateusz-bral-003-80x80.jpg\" class=\"attachment-thumbnail size-thumbnail\" alt=\"Blind Ballet, Brave Festival 2016, 6.07, fot. Mateusz Bral (\u017ar\u00f3d\u0142o: materia\u0142y prasowe organizatora)\" loading=\"lazy\" aria-describedby=\"gallery-1-37307\" \/><\/a>\n\t\t\t<\/div>\n\t\t\t\t<figcaption class='wp-caption-text gallery-caption' id='gallery-1-37307'>\n\t\t\t\tBlind Ballet, Brave Festival 2016, 6.07, fot. Mateusz Bral (\u017ar\u00f3d\u0142o: materia\u0142y prasowe organizatora)\n\t\t\t\t<\/figcaption><\/figure><figure class='gallery-item'>\n\t\t\t<div class='gallery-icon landscape'>\n\t\t\t\t<a href='https:\/\/ownetic.com\/magazyn\/2016\/grzegorz-bral-jowita-kubiak-rozrywka-mnie-nie-interesuje\/blind-ballet-6-lipca-fot-mateusz-bral-002'><img width=\"80\" height=\"80\" src=\"https:\/\/ownetic.com\/magazyn\/wp-content\/uploads\/2016\/07\/blind-ballet-6-lipca-fot-mateusz-bral-002-80x80.jpg\" class=\"attachment-thumbnail size-thumbnail\" alt=\"Blind Ballet, Brave Festival 2016, 6.07, fot. Mateusz Bral (\u017ar\u00f3d\u0142o: materia\u0142y prasowe organizatora)\" loading=\"lazy\" aria-describedby=\"gallery-1-37306\" \/><\/a>\n\t\t\t<\/div>\n\t\t\t\t<figcaption class='wp-caption-text gallery-caption' id='gallery-1-37306'>\n\t\t\t\tBlind Ballet, Brave Festival 2016, 6.07, fot. Mateusz Bral (\u017ar\u00f3d\u0142o: materia\u0142y prasowe organizatora)\n\t\t\t\t<\/figcaption><\/figure><figure class='gallery-item'>\n\t\t\t<div class='gallery-icon landscape'>\n\t\t\t\t<a href='https:\/\/ownetic.com\/magazyn\/2016\/grzegorz-bral-jowita-kubiak-rozrywka-mnie-nie-interesuje\/blind-ballet-6-lipca-fot-mateusz-bral-001'><img width=\"80\" height=\"80\" src=\"https:\/\/ownetic.com\/magazyn\/wp-content\/uploads\/2016\/07\/blind-ballet-6-lipca-fot-mateusz-bral-001-80x80.jpg\" class=\"attachment-thumbnail size-thumbnail\" alt=\"Blind Ballet, Brave Festival 2016, 6.07, fot. Mateusz Bral (\u017ar\u00f3d\u0142o: materia\u0142y prasowe organizatora)\" loading=\"lazy\" aria-describedby=\"gallery-1-37305\" \/><\/a>\n\t\t\t<\/div>\n\t\t\t\t<figcaption class='wp-caption-text gallery-caption' id='gallery-1-37305'>\n\t\t\t\tBlind Ballet, Brave Festival 2016, 6.07, fot. Mateusz Bral (\u017ar\u00f3d\u0142o: materia\u0142y prasowe organizatora)\n\t\t\t\t<\/figcaption><\/figure><figure class='gallery-item'>\n\t\t\t<div class='gallery-icon portrait'>\n\t\t\t\t<a href='https:\/\/ownetic.com\/magazyn\/2016\/grzegorz-bral-jowita-kubiak-rozrywka-mnie-nie-interesuje\/bakri-ki-mashak-2-lipca-fot-mateusz-bral-002'><img width=\"80\" height=\"80\" src=\"https:\/\/ownetic.com\/magazyn\/wp-content\/uploads\/2016\/07\/bakri-ki-mashak-2-lipca-fot-mateusz-bral-002-80x80.jpg\" class=\"attachment-thumbnail size-thumbnail\" alt=\"Bakri Ki Mashak, Brave Festival 2016, 2.07, fot. Mateusz Bral (\u017ar\u00f3d\u0142o: materia\u0142y prasowe organizatora)\" loading=\"lazy\" aria-describedby=\"gallery-1-37304\" \/><\/a>\n\t\t\t<\/div>\n\t\t\t\t<figcaption class='wp-caption-text gallery-caption' id='gallery-1-37304'>\n\t\t\t\tBakri Ki Mashak, Brave Festival 2016, 2.07, fot. Mateusz Bral (\u017ar\u00f3d\u0142o: materia\u0142y prasowe organizatora)\n\t\t\t\t<\/figcaption><\/figure><figure class='gallery-item'>\n\t\t\t<div class='gallery-icon landscape'>\n\t\t\t\t<a href='https:\/\/ownetic.com\/magazyn\/2016\/grzegorz-bral-jowita-kubiak-rozrywka-mnie-nie-interesuje\/bakri-ki-mashak-2-lipca-fot-mateusz-bral-001'><img width=\"400\" height=\"240\" src=\"https:\/\/ownetic.com\/magazyn\/wp-content\/uploads\/2016\/07\/bakri-ki-mashak-2-lipca-fot-mateusz-bral-001-400x240.jpg\" class=\"attachment-thumbnail size-thumbnail\" alt=\"Bakri Ki Mashak, Brave Festival 2016, 2.07, fot. Mateusz Bral (\u017ar\u00f3d\u0142o: materia\u0142y prasowe organizatora)\" loading=\"lazy\" aria-describedby=\"gallery-1-37303\" \/><\/a>\n\t\t\t<\/div>\n\t\t\t\t<figcaption class='wp-caption-text gallery-caption' id='gallery-1-37303'>\n\t\t\t\tBakri Ki Mashak, Brave Festival 2016, 2.07, fot. Mateusz Bral (\u017ar\u00f3d\u0142o: materia\u0142y prasowe organizatora)\n\t\t\t\t<\/figcaption><\/figure>\n\t\t<\/div>\n\n<p><strong>Wykluczeni to nie tylko ludzie wyp\u0119dzani z w\u0142asnych kraj\u00f3w, ale te\u017c osoby niepe\u0142nosprawne. Podczas festiwalu mo\u017cna by\u0142o obejrze\u0107 wyst\u0119p nies\u0142ysz\u0105cych b\u0119bniarzy z zespo\u0142u DeafBeat, grupy baletowej os\u00f3b niewidz\u0105cych Blind Ballet Company czy spektakl <\/strong><strong>warszawskiego Teatru 21, w kt\u00f3rym wyst\u0119puj\u0105 aktorzy z zespo\u0142em Downa i autyzmem.<\/strong><\/p>\n<p>Wykluczenie wydaje mi si\u0119 pot\u0119\u017cnym tematem. Zapyta\u0142em kilkadziesi\u0105t os\u00f3b, mo\u017ce nawet kilkaset, \u201ekto nigdy nie poczu\u0142 si\u0119 wykluczony?\u201d. Nikt nie podni\u00f3s\u0142 r\u0119ki. Wi\u0119c jest to mechanizm, kt\u00f3ry wszyscy znamy. Czy my sami wykluczamy? Czy ja sam wykluczam? Nieustannie! \u015awiadomie lub nie\u015bwiadomie dziel\u0119 ludzi na tych, kt\u00f3rych lubi\u0119 i tych, kt\u00f3rych nie lubi\u0119, wi\u0119c tych ostatnich natychmiast wykluczam z pola swojego wsp\u00f3\u0142czucia czy cho\u0107by zainteresowania. Miasta nie s\u0105 tworzone z my\u015bl\u0105 o\u00a0wszystkich. Porozmawiaj z osob\u0105 niewidom\u0105, nies\u0142ysz\u0105c\u0105 lub na w\u00f3zku inwalidzkim, to dowiesz si\u0119, czym jest dla nich miasto. Posiadamy i tworzymy tysi\u0105ce r\u00f3\u017cnicuj\u0105cych nas struktur i mechanizm\u00f3w. Projekty takie jak Brave Kids, pozwalaj\u0105ce setkom osieroconych dzieci z ca\u0142ego \u015bwiata spotka\u0107 si\u0119 i razem przygotowa\u0107 wsp\u00f3lne dzie\u0142o, pokazuj\u0105 najlepiej, \u017ce jeste\u015bmy jedno\u015bci\u0105, \u017ce podobnie czujemy i\u00a0pragniemy. Wykluczanie to ranienie. Po prostu. Ka\u017cde ranienie to wykluczanie i\u00a0chyba wszyscy nieustannie tego do\u015bwiadczamy. A osoby niepe\u0142nosprawne oraz dzieci tego ranienia do\u015bwiadczaj\u0105 najbardziej.<\/p>\n<p><strong>Osoby niepe\u0142nosprawne cz\u0119sto wzbudzaj\u0105 nieuzasadniony l\u0119k u tak zwanych pe\u0142nosprawnych. Warsztaty sensoryczne maj\u0105 szans\u0119 to zmieni\u0107?<\/strong><\/p>\n<p>Mam do\u015bwiadczenie studiowania na pi\u0119ciu r\u00f3\u017cnych uniwersytetach. Na \u017cadnym, nawet na psychologii, nikt mi nigdy nie zaproponowa\u0142, \u017cebym za\u0142o\u017cy\u0142 opask\u0119 na oczy i\u00a0przez chwil\u0119 wszed\u0142 w sytuacj\u0119 osoby, kt\u00f3ra nie widzi. Na \u017cadnym nikt mi nie zaproponowa\u0142, abym usiad\u0142 na w\u00f3zku inwalidzkim i spr\u00f3bowa\u0142 dosta\u0107 si\u0119 na pi\u0105te pi\u0119tro budynku ZUS-u. I tak dalej. Zdawa\u0142em egzaminy z liter, zda\u0144 i fikcyjnych bada\u0144, ale nie dotkn\u0105\u0142em niczego prawdziwego. Uniwersytety okaleczaj\u0105 nasz\u0105 empati\u0119 i rzeczywiste rozumienie.<em> <\/em>Brave jest projektem, w kt\u00f3rym chodzi o\u00a0do\u015bwiadczenie. Nie musisz niczego czyta\u0107. Przeczyta\u0142e\u015b ju\u017c bardzo du\u017co i \u015bwiat nie zmieni\u0142 si\u0119 na lepsze. Teraz dotknij. Jak w teatrze Nalagat! z Izraela, w kt\u00f3rym aktorzy ani nie s\u0142ysz\u0105, ani nie widz\u0105. Nazwa teatru znaczy <em>Dotknij!<\/em> L\u0119k pochodzi z\u00a0tego, \u017ce nie tylko ty nie \u201edotkn\u0105\u0142e\u015b\u201d, ale ani twoi rodzice, ani dziadkowie nie \u201edotykali\u201d i tak niesie si\u0119 po \u015bwiecie stereotyp. W\u0142a\u015bnie to jest podstawa. L\u0119k pochodzi ze stereotypu, z my\u015blenia magicznego. Innymi s\u0142owy: skoro to m\u00f3wi kto\u015b inny, to znaczy, \u017ce to jest prawda. To wygodne i bzdurne. I oczywi\u015bcie pozbawione odwagi, samodzielnego my\u015blenia. Najtrudniej jest samodzielnie my\u015ble\u0107. \u0141atwiej jest skandowa\u0107 nonsensy, kt\u00f3re skanduj\u0105 inni. Ale najcz\u0119\u015bciej wystarczy samemu dotkn\u0105\u0107, aby odkry\u0107 pi\u0119kno tego rzekomo \u201einnego\u201d.<\/p>\n<figure id=\"attachment_37312\" aria-describedby=\"caption-attachment-37312\" style=\"width: 540px\" class=\"wp-caption alignnone\"><a href=\"https:\/\/ownetic.com\/magazyn\/?attachment_id=37312\" rel=\"attachment wp-att-37312\"><img loading=\"lazy\" class=\"size-medium wp-image-37312\" title=\"Teatr Pie\u015b\u0144 Koz\u0142a, Crazy God, Brave Festival 2016, 1.07, fot. Mateusz Bral (\u017ar\u00f3d\u0142o: materia\u0142y prasowe organizatora)\" src=\"https:\/\/ownetic.com\/magazyn\/wp-content\/uploads\/2016\/07\/crazy-god-1-lipca-fot-mateusz-bral-002-540x359.jpg\" alt=\"Teatr Pie\u015b\u0144 Koz\u0142a, Crazy God, Brave Festival 2016, 1.07, fot. Mateusz Bral (\u017ar\u00f3d\u0142o: materia\u0142y prasowe organizatora)\" width=\"540\" height=\"359\" srcset=\"https:\/\/ownetic.com\/magazyn\/wp-content\/uploads\/2016\/07\/crazy-god-1-lipca-fot-mateusz-bral-002-540x359.jpg 540w, https:\/\/ownetic.com\/magazyn\/wp-content\/uploads\/2016\/07\/crazy-god-1-lipca-fot-mateusz-bral-002-900x599.jpg 900w, https:\/\/ownetic.com\/magazyn\/wp-content\/uploads\/2016\/07\/crazy-god-1-lipca-fot-mateusz-bral-002-576x383.jpg 576w, https:\/\/ownetic.com\/magazyn\/wp-content\/uploads\/2016\/07\/crazy-god-1-lipca-fot-mateusz-bral-002.jpg 1154w\" sizes=\"(max-width: 540px) 100vw, 540px\" \/><\/a><figcaption id=\"caption-attachment-37312\" class=\"wp-caption-text\">Teatr Pie\u015b\u0144 Koz\u0142a, Crazy God, Brave Festival 2016, 1.07, fot. Mateusz Bral (\u017ar\u00f3d\u0142o: materia\u0142y prasowe organizatora)<\/figcaption><\/figure>\n<p><strong>Wykluczenie spo\u0142eczne to niestety bardzo cz\u0119ste zjawisko. Co sprawia, \u017ce\u00a0czujemy si\u0119 lepsi od innych?<\/strong><\/p>\n<p>Stereotyp. \u0141\u0105czymy si\u0119 z lud\u017ami o podobnych pogl\u0105dach tylko po to, aby oni potwierdzali nasze stereotypy. Grupa bezdomnych alkoholik\u00f3w w czasie powodzi we Wroc\u0142awiu okaza\u0142a si\u0119 jedn\u0105 z najbardziej aktywnych grup pomagaj\u0105cych innym, mieszka\u0144com uwi\u0119zionym w zalanych domach. Na co dzie\u0144 w naszym stereotypie to menele. W sytuacji granicznej \u2013 prawdziwi bohaterowie. Obawiam si\u0119, \u017ce z\u00a0lenistwa nie zagl\u0105damy nigdy wystarczaj\u0105co g\u0142\u0119boko w serce drugiej osoby.<\/p>\n<p><strong>Brave Festival narodzi\u0142 si\u0119 w 2005 r. Jak zmienia\u0142 si\u0119 w ci\u0105gu minionych lat?<\/strong><\/p>\n<p>Brave zmienia si\u0119 razem z naszymi widzami. Ka\u017cdego roku staramy si\u0119 pokaza\u0107 nieco inne oblicza marginalizowanego, wykluczonego lub gin\u0105cego \u015bwiata. Widzowie s\u0105 tego naprawd\u0119 ciekawi. Pod\u0105\u017caj\u0105 w tej podr\u00f3\u017cy za nami. Staramy si\u0119 jako organizacja coraz bardziej profesjonalnie organizowa\u0107 to wydarzenie. Staramy si\u0119 te\u017c promowa\u0107 i poszerza\u0107 kr\u0105g naszych odbiorc\u00f3w. W tym projekcie bowiem nie chodzi o rozrywk\u0119, tylko o to szczeg\u00f3lne dotykanie \u201einnego\u201d. Wydaje mi si\u0119, \u017ce w\u00a0niesko\u0144czono\u015b\u0107 m\u00f3g\u0142bym konfrontowa\u0107 w\u0142asne stereotypy, kt\u00f3re nie maj\u0105 potwierdzenia w rzeczywisto\u015bci. Pocz\u0105wszy od d\u017awi\u0119k\u00f3w muzyki obcej dla mojego ucha poprzez niemo\u017cliwy do zrozumienia fenomen transu m\u0142odych kobiet a\u017c do prze\u0142amywania w\u0142asnych l\u0119k\u00f3w wobec os\u00f3b z zespo\u0142em Downa. Nieustanna podr\u00f3\u017c poza schematy. Tym jest zmiana Brave \u2013 odkrywaniem nowej \u017cyciowej przestrzeni. Odkrywaniem empatii.<\/p>\n<p><strong>Czy zaobserwowa\u0142 Pan zmian\u0119 w mentalno\u015bci Polak\u00f3w, ich podej\u015bciu do innych nacji w ci\u0105gu tych ponad dziesi\u0119ciu lat?<\/strong><\/p>\n<p>Obserwuj\u0119 nieustann\u0105 zmian\u0119 u widz\u00f3w oraz uczestnik\u00f3w festiwalu. M\u00f3g\u0142bym mno\u017cy\u0107 przyk\u0142ady, ale najlepiej kiedy\u015b porozmawia\u0107 z tak zwanymi \u201erodzinami goszcz\u0105cymi\u201d. Przyjmuj\u0105cymi do swojego domu na dwa tygodnie jedno lub dwoje obcych dzieci. Nie znaj\u0105 nawzajem swoich j\u0119zyk\u00f3w ani zwyczaj\u00f3w, ale dzieci otrzymuj\u0105 prawdziwy dom, prawdziw\u0105 trosk\u0119, serdeczno\u015b\u0107, ciep\u0142o i mi\u0142o\u015b\u0107. Polacy posiadaj\u0105 pot\u0119\u017cny potencja\u0142 serdeczno\u015bci i mi\u0142o\u015bci i w tym projekcie to tylko rozkwita. Poza tym wydaje mi si\u0119, \u017ce wszyscy tak naprawd\u0119 doskonale odnajdujemy si\u0119 w\u00a0serdeczno\u015bci i szacunku. S\u0105dz\u0119, \u017ce tego w\u0142a\u015bnie chc\u0105 nasi widzowie \u2013 atmosfery prawdziwego cz\u0142owiecze\u0144stwa.<\/p>\n<p><strong>Idea Festiwalu zrodzi\u0142a si\u0119 podczas Pana wyprawy do Meksyku \u015bladami Antonina Artauda. Wzoruje si\u0119 Pan na jego \u201eteatrze okrucie\u0144stwa\u201d?<\/strong><\/p>\n<p>Podr\u00f3\u017c do Meksyku to tylko jeden z kamyczk\u00f3w dok\u0142adanych do idei, wcale nie najwa\u017cniejszy. Ten rzeczywi\u015bcie kluczowy pojawi\u0142 si\u0119 po tym, jak prezydent [Wroc\u0142awia \u2013 przyp. red.] Rafa\u0142 Dutkiewicz zaprosi\u0142 mnie do stworzenia \u201efestiwalu, kt\u00f3ry ma sens\u201d. Wtedy przygl\u0105da\u0142em si\u0119 pracy tybeta\u0144skiego uchod\u017acy mieszkaj\u0105cego w Szkocji, ale podr\u00f3\u017cuj\u0105cego po ca\u0142ym \u015bwiecie i nios\u0105cego pomoc tam, gdzie tylko by\u0142o to potrzebne. To by\u0142 fascynuj\u0105cy m\u0119\u017cczyzna, ucz\u0105cy innych nieustannie, czym jest wsp\u00f3\u0142czucie w dzia\u0142aniu. Teraz to si\u0119 tak mi\u0119dzynarodowo nazywa \u201eCompassion in Action\u201d \u2013 \u201eWsp\u00f3\u0142czucie w Dzia\u0142aniu\u201d \u2013 ale to w\u0142a\u015bnie dr Akong Tulku Rinpocze zapocz\u0105tkowa\u0142 ten ruch w Europie. Prawdziwy pionier robienia projekt\u00f3w, kt\u00f3re przynosz\u0105 po\u017cytek wszystkim zwi\u0105zanym z tymi projektami. Wci\u0105\u017c od nowa si\u0119 tego ucz\u0119. Meksyk jedynie potwierdzi\u0142, \u017ce pomi\u0119dzy nami dzia\u0142a bardzo wielu takich spo\u0142ecznik\u00f3w. W ka\u017cdym kraju. Ka\u017cdy z nas ma w sobie tego \u201enios\u0105cego pomoc\u201d.<\/p>\n<p><strong>Co sprawi\u0142o, \u017ce zainteresowa\u0142 si\u0119 Pan zagro\u017conymi wymarciem kulturami?<\/strong><\/p>\n<p>Wychowa\u0142em si\u0119 blisko \u201eIndianina z Gda\u0144ska\u201d, Sat-Okh\u2019a. To by\u0142 syn polskiej syberyjskiej zes\u0142anki oraz kanadyjskiego wodza plemienia Szewanez\u00f3w. Jego dom by\u0142 wype\u0142niony nastrojem lasu, trofeami, tomahawkami, \u0142ukami, no\u017cami, pi\u00f3ropuszami, malarstwem i mn\u00f3stwem tego wszystkiego, co pochodzi\u0142o z jego plemienia. Zosta\u0142 marynarzem na polskich statkach, ale od zawsze mia\u0142 dusz\u0119 Indianina. By\u0142 dla mnie bram\u0105 do innego \u015bwiata. Pali\u0142 \u201efajk\u0119 pokoju\u201d i gra\u0142 ze mn\u0105 w\u2026 bryd\u017ca. Zabiera\u0142 mnie na swoje canoe w Borach Tucholskich i zachowywa\u0142 si\u0119 tak cicho, jak tylko chcia\u0142a tego przyroda. By\u0142 silnym, pot\u0119\u017cnym m\u0119\u017cczyzn\u0105. Jak\u017ce m\u00f3g\u0142bym zapomnie\u0107 takie dorastanie? Jak\u017ce m\u00f3g\u0142bym uzna\u0107, \u017ce los tych szlachetnych kultur jest mi oboj\u0119tny? Potem przysz\u0142o do\u015bwiadczenie kilku lat w Gardzienicach [O\u015brodek Praktyk Teatralnych Gardzienice \u2013 przyp. red] i wyprawy po pie\u015bni, ta\u0144ce i ludow\u0105 obrz\u0119dowo\u015b\u0107 Kres\u00f3w. Drugi z najpi\u0119kniejszych okres\u00f3w mojego \u017cycia. Inspiracj\u0119 stanowi\u0142a te\u017c oczywi\u015bcie literatura podr\u00f3\u017cnicza i moje w\u0142asne podr\u00f3\u017ce. Mam potrzeb\u0119 przynajmniej spowolnienia procesu utraty tysi\u0119cy nieprawdopodobnych kultur. Ich trwanie jest dla mnie tak niezb\u0119dne, jak tlen w powietrzu.<\/p>\n<p><!--nextpage--><\/p>\n<p><strong>Wsp\u00f3\u0142pracuje Pan z aktorami pochodz\u0105cymi z odr\u0119bnych kultur \u2013 opr\u00f3cz z Polski tak\u017ce m.in. z Rosji, Szkocji, Anglii, Grecji, Brazylii. Osi\u0105gni\u0119cie porozumienia w tak r\u00f3\u017cnorodnym zespole wydaje si\u0119 do\u015b\u0107 trudne.<\/strong><\/p>\n<p>S\u0105dz\u0119, \u017ce spotykamy si\u0119 w teatrze Pie\u015b\u0144 Koz\u0142a, poniewa\u017c co\u015b nas bardziej \u0142\u0105czy, ni\u017c dzieli. Rozstaj\u0119 si\u0119 szybko z kolegami, kt\u00f3rych celem jest podzielenie nas. Na\u00a0ca\u0142ym \u015bwiecie s\u0105 utalentowani ludzie, kt\u00f3rzy chc\u0105 prze\u017cy\u0107 kawa\u0142ek wsp\u00f3lnej sprawy. Staramy si\u0119 stworzy\u0107 niewielkie \u015brodowisko aktor\u00f3w naprawd\u0119 zainteresowanych wsp\u00f3\u0142prac\u0105 pomi\u0119dzy \u015bwiatami, religiami i pogl\u0105dami. Trudne, ale mo\u017cliwe. To, co niszczy spo\u0142eczno\u015bci, to arogancja i cynizm tych \u201elepszych\u201d. Porozumiewamy si\u0119 przy pomocy teatru.<\/p>\n<figure id=\"attachment_37303\" aria-describedby=\"caption-attachment-37303\" style=\"width: 540px\" class=\"wp-caption alignnone\"><a href=\"https:\/\/ownetic.com\/magazyn\/?attachment_id=37303\" rel=\"attachment wp-att-37303\"><img loading=\"lazy\" class=\"size-medium wp-image-37303\" title=\"Bakri Ki Mashak, Brave Festival 2016, 2.07, fot. Mateusz Bral (\u017ar\u00f3d\u0142o: materia\u0142y prasowe organizatora)\" src=\"https:\/\/ownetic.com\/magazyn\/wp-content\/uploads\/2016\/07\/bakri-ki-mashak-2-lipca-fot-mateusz-bral-001-540x360.jpg\" alt=\"Bakri Ki Mashak, Brave Festival 2016, 2.07, fot. Mateusz Bral (\u017ar\u00f3d\u0142o: materia\u0142y prasowe organizatora)\" width=\"540\" height=\"360\" srcset=\"https:\/\/ownetic.com\/magazyn\/wp-content\/uploads\/2016\/07\/bakri-ki-mashak-2-lipca-fot-mateusz-bral-001-540x360.jpg 540w, https:\/\/ownetic.com\/magazyn\/wp-content\/uploads\/2016\/07\/bakri-ki-mashak-2-lipca-fot-mateusz-bral-001-800x533.jpg 800w, https:\/\/ownetic.com\/magazyn\/wp-content\/uploads\/2016\/07\/bakri-ki-mashak-2-lipca-fot-mateusz-bral-001-120x80.jpg 120w, https:\/\/ownetic.com\/magazyn\/wp-content\/uploads\/2016\/07\/bakri-ki-mashak-2-lipca-fot-mateusz-bral-001-90x60.jpg 90w, https:\/\/ownetic.com\/magazyn\/wp-content\/uploads\/2016\/07\/bakri-ki-mashak-2-lipca-fot-mateusz-bral-001-320x213.jpg 320w, https:\/\/ownetic.com\/magazyn\/wp-content\/uploads\/2016\/07\/bakri-ki-mashak-2-lipca-fot-mateusz-bral-001-560x373.jpg 560w, https:\/\/ownetic.com\/magazyn\/wp-content\/uploads\/2016\/07\/bakri-ki-mashak-2-lipca-fot-mateusz-bral-001-900x600.jpg 900w, https:\/\/ownetic.com\/magazyn\/wp-content\/uploads\/2016\/07\/bakri-ki-mashak-2-lipca-fot-mateusz-bral-001-576x384.jpg 576w, https:\/\/ownetic.com\/magazyn\/wp-content\/uploads\/2016\/07\/bakri-ki-mashak-2-lipca-fot-mateusz-bral-001.jpg 993w\" sizes=\"(max-width: 540px) 100vw, 540px\" \/><\/a><figcaption id=\"caption-attachment-37303\" class=\"wp-caption-text\">Bakri Ki Mashak, Brave Festival 2016, 2.07, fot. Mateusz Bral (\u017ar\u00f3d\u0142o: materia\u0142y prasowe organizatora)<\/figcaption><\/figure>\n<p><strong>W wystawianej podczas Festiwalu <\/strong><strong><em>Pie\u015bni Leara<\/em><\/strong><strong> mo\u017cna d<\/strong><strong>ostrzec <\/strong><strong>pewne podobie\u0144stwa z teatrem ta\u0144ca wybitnej niemieckiej tancerki i choreografki Piny Baush.<\/strong><\/p>\n<p>To mi\u0142e por\u00f3wnanie. Oczywi\u015bcie uwielbiam teatr Piny, ale <em>Pie\u015bni Leara<\/em> nie mia\u0142y chyba \u017cadnej jednoznacznej inspiracji poza muzyk\u0105 stworzon\u0105 przez Macieja Rych\u0142ego oraz Jean-Claude\u2019a Acquaviv\u0119. Tym razem ws\u0142uchiwa\u0142em si\u0119 w emocje muzyki. Zreszt\u0105 ten spektakl dopiero zaczyna\u0142 si\u0119 rozwija\u0107, kiedy nasz przyjaciel, profesor Dariusz Kosi\u0144ski, powiedzia\u0142 po obejrzeniu jednej z pr\u00f3b: \u201etutaj si\u0119 zatrzymaj, nie rozwijaj tego dalej\u201d. I tak z utworu, kt\u00f3ry mia\u0142 wygl\u0105da\u0107 z za\u0142o\u017cenia zupe\u0142nie inaczej, powsta\u0142y <em>Pie\u015bni Leara<\/em>.<\/p>\n<p><strong>Ch\u0119tnie s<\/strong><strong>i\u0119ga Pan po utwory Williama Szekspira. Powsta\u0142e ponad czterysta lat temu dzie\u0142a s\u0105 nadal aktualne?<\/strong><\/p>\n<p>Wierz\u0119, \u017ce Szekspir posiada\u0142 prawdziw\u0105 moc s\u0142owa i \u017ce wywodzi\u0142 swoje dramaty z ludowej opowie\u015bci. Mam poczucie, \u017ce dawna ludowa opowie\u015b\u0107 posiada\u0142a wiele znacze\u0144. Nie tylko histori\u0119, kt\u00f3r\u0105 opowiada\u0142a, ale te\u017c przede wszystkim jaki\u015b \u201eleczniczy przekaz\u201d. Wierz\u0119, \u017ce tak samo jak s\u0142owa mog\u0105 rani\u0107, mog\u0105 te\u017c leczy\u0107 i \u017ce opowie\u015b\u0107 gra w tym powa\u017cn\u0105 rol\u0119. Prosz\u0119 zwr\u00f3ci\u0107 uwag\u0119, \u017ce ka\u017cdy z\u00a0szekspirowskich dramat\u00f3w jest w zasadzie o innej emocji. Po prostu o jednej emocji. <em>Makbet<\/em> o chciwej ambicji, <em>Kr\u00f3l Lear<\/em> o pysze i arogancji, <em>Otello<\/em> o\u00a0zazdro\u015bci. Jedna dojmuj\u0105ca emocja zostaje wybrana jako podstawowa energetyczna o\u015b dramatu. Drugi z kluczowych dla mnie motyw\u00f3w to rodzina. Szekspirowski dramat opowiada o rodzinie, w kt\u00f3rej dzieje si\u0119 co\u015b bardzo z\u0142ego. Dramat ujawniaj\u0105cy pot\u0119\u017cn\u0105 dysfunkcyjno\u015b\u0107 rodziny, cz\u0119sto zako\u0144czony \u015bmierci\u0105 jej cz\u0142onk\u00f3w. Owa dysfunkcyjno\u015b\u0107 rodu bardzo mnie od dawna fascynuje, gdy\u017c uwa\u017cam, \u017ce rodziny stworzone s\u0105 z\u2026 tajemnic. Szekspir to wielka umiej\u0119tno\u015b\u0107 powolnego ujawniania tajemnicy oraz tych wszystkich podsk\u00f3rnych w\u0105tk\u00f3w, kt\u00f3re w rodzinach wyst\u0119puj\u0105. Pami\u0119tam, jak powoli odkrywa\u0142em, dlaczego w <em>Learze<\/em> nie ma matki, jest tylko ojciec znienawidzony przez dwie starsze c\u00f3rki. Jak nieustannie odkrywam w <em>Hamlecie<\/em> dwuznaczn\u0105 relacj\u0119 Hamleta i matki. Innymi s\u0142owy \u2013 czego Szekspir nie napisa\u0142, a tylko zasugerowa\u0142. I,\u00a0oczywi\u015bcie, to pozostawia tw\u00f3rcom pot\u0119\u017cny obszar do interpretacji. Niesko\u0144czony i\u00a0wa\u017cny. No bo do czego si\u0119 odnosi\u0107? Ja nie umiem do publicystyki.<\/p>\n<p><strong>Festiwalowa o<\/strong><strong>ferta jest bardzo r\u00f3\u017cnorodna i ciekawa. Religia i duchowo\u015b\u0107 przeplataj\u0105 si\u0119 tutaj z magi\u0105. Dla mnie te zagadnienia \u015bci\u015ble si\u0119 ze sob\u0105 \u0142\u0105cz\u0105, ale\u00a0niekt\u00f3rych mog\u0105 bulwersowa\u0107\u2026<\/strong><\/p>\n<p>Z moich do\u015bwiadcze\u0144 wynika, \u017ce tradycyjna sztuka nigdy nie jest oddzielona od lokalnej magii i duchowo\u015bci. To, co usi\u0142ujemy wypiera\u0107 w Polsce, w Indiach jest norm\u0105 kulturow\u0105 i scena jest jednocze\u015bnie \u015bwi\u0105tyni\u0105. Nigdy nie zrozumiem, jak mo\u017ce kogo\u015b bulwersowa\u0107 co\u015b, czego nawet nie usi\u0142uje pozna\u0107. Duchowo\u015b\u0107 jest trudnym obszarem, bardzo dra\u017cliwym i podatnym na spory. Je\u015bli powiem, \u017ce tylko jedna religia jest prawdziwa, to powiem nonsens. Je\u015bli powiem, \u017ce wszystkie religie s\u0105 prawdziwe, znajdzie si\u0119 wielu takich, kt\u00f3rzy te\u017c uznaj\u0105 to za nonsens. Je\u015bli powiem, \u017ce poznanie Prawdy jest najwa\u017cniejsze, natychmiast mi zarzuc\u0105: jakiej Prawdy? i\u00a0z\u00a0jakiego punktu widzenia? To jest sytuacja, kt\u00f3r\u0105 ocali\u0107 mo\u017ce jedynie\u2026 szacunek dla drugiego. Paradoksalnie tylko akceptacja odr\u0119bno\u015bci i szacunek do przekona\u0144 drugiego powoduj\u0105, \u017ce nie ma nigdzie sporu. No ale to najtrudniejsze i wymaga odwagi zrezygnowania ze stereotyp\u00f3w.<\/p>\n<p><strong>Brave Festival, jak sami zaznaczacie, to lekcja otwarto\u015bci i tolerancji. Zastanawiam si\u0119 jednak, czy zmiana, jaka si\u0119 dokonuje w ludziach, nie jest kr\u00f3tkotrwa\u0142a \u2013 podczas festiwalowych dni jeste\u015bmy tolerancyjni, a po zako\u0144czeniu, gdy stajemy oko w oko z realnymi sytuacjami, powracaj\u0105 nasze uprzedzenia.<\/strong><\/p>\n<p>Bo ja wiem\u2026 Kiedy widz\u0119 \u201erodziny goszcz\u0105ce\u201d je\u017cd\u017c\u0105ce do \u201eswoich dzieci\u201d na drugi koniec \u015bwiata, kiedy widz\u0119 coraz wi\u0119cej miast i kraj\u00f3w, kt\u00f3re chc\u0105 do\u0142\u0105czy\u0107 do naszego festiwalu, to wydaje mi si\u0119, \u017ce wielu z nas podj\u0119\u0142o tak\u0105 prac\u0119 u podstaw. Nastawienia nie da si\u0119 zmieni\u0107 od razu. Nikt nie jest wirtuozem fortepianu od pierwszej lekcji. Musimy powtarza\u0107 to \u0107wiczenie. I chyba wielu ludzi zrozumia\u0142o, \u017ce poniewa\u017c nikt nikomu niczego nie narzuca, to troska o drugiego i o \u015bwiat jest wy\u0142\u0105cznie naszym dojrza\u0142ym wyborem. Ci, kt\u00f3rzy w tym uczestnicz\u0105, robi\u0105 to we w\u0142asnym tempie. I chyba wtedy to mo\u017ce dzia\u0142a\u0107. Ka\u017cdy biega w innym rytmie.<\/p>\n<p><strong>Festiwal opr\u00f3cz przes\u0142ania ma jeszcze inny szczytny cel \u2013 ca\u0142y doch\u00f3d zostaje przeznaczony na pomoc mi\u0119dzynarodowej organizacji humanitarnej ROKPA International, wspieraj\u0105cej edukacj\u0119 tybeta\u0144skich dzieci.<\/strong><\/p>\n<p>Chyba bym nie robi\u0142 tego festiwalu, gdyby nie to, \u017ce doch\u00f3d z bilet\u00f3w przeznaczamy na pomoc dla dzieci w tybeta\u0144skiej cz\u0119\u015bci Chin. W og\u00f3le uwa\u017cam, \u017ce warto robi\u0107 tylko takie projekty, kt\u00f3re przynosz\u0105 komu\u015b prawdziwy po\u017cytek. Rozrywka mnie nie interesuje.<\/p>\n<p><strong>Zdaje si\u0119, \u017ce przyj\u0105\u0142 Pan r\u00f3wnie\u017c za swoj\u0105 dewiz\u0119 s\u0142owa wsp\u00f3\u0142za\u0142o\u017cycielki ROKPA International, Lea Wyler, \u017ce pomaganie nadaje \u017cyciu sens. Festiwal niesie pomoc nie tylko ludziom, ale i przyrodzie. W ramach projektu Brave Ekologia tworzycie zielon\u0105 infrastruktur\u0119 Wroc\u0142awia.<\/strong><\/p>\n<p>To by\u0142 pi\u0119kny pomys\u0142 Pauliny Galanciak z naszego biura, aby zacz\u0105\u0107 sadzi\u0107 drzewa. Cudowny projekt. Do tej pory zasadzili\u015bmy oko\u0142o pi\u0119\u0107 tysi\u0119cy drzew. I tak d\u0142ugo, jak b\u0119dziemy dzia\u0142a\u0107, b\u0119dziemy r\u00f3wnie\u017c sadzi\u0107 drzewa. To, \u017ce przyroda nie mo\u017ce wyrazi\u0107 s\u0142owami zwi\u0105zanych z nami do\u015bwiadcze\u0144, nie znaczy, \u017ce nie cierpi. Sadzenie drzew to jak okazywanie najwi\u0119kszego szacunku temu, co nas od zawsze karmi. Jak mo\u017cemy chcie\u0107 zniszczy\u0107 to, od czego jeste\u015bmy uzale\u017cnieni? Nigdy tego nie zrozumiem.<\/p>\n<figure id=\"attachment_37322\" aria-describedby=\"caption-attachment-37322\" style=\"width: 540px\" class=\"wp-caption alignnone\"><a href=\"https:\/\/ownetic.com\/magazyn\/?attachment_id=37322\" rel=\"attachment wp-att-37322\"><img loading=\"lazy\" class=\"size-medium wp-image-37322\" title=\"Musicians without Borders, Brave Festival 2016, 10.07, fot. Mateusz Bral (\u017ar\u00f3d\u0142o: materia\u0142y prasowe organizatora)\" src=\"https:\/\/ownetic.com\/magazyn\/wp-content\/uploads\/2016\/07\/musicians-without-borders-10-lipca-fot-mateusz-bral-003-540x359.jpg\" alt=\"Musicians without Borders, Brave Festival 2016, 10.07, fot. Mateusz Bral (\u017ar\u00f3d\u0142o: materia\u0142y prasowe organizatora)\" width=\"540\" height=\"359\" srcset=\"https:\/\/ownetic.com\/magazyn\/wp-content\/uploads\/2016\/07\/musicians-without-borders-10-lipca-fot-mateusz-bral-003-540x359.jpg 540w, https:\/\/ownetic.com\/magazyn\/wp-content\/uploads\/2016\/07\/musicians-without-borders-10-lipca-fot-mateusz-bral-003-900x599.jpg 900w, https:\/\/ownetic.com\/magazyn\/wp-content\/uploads\/2016\/07\/musicians-without-borders-10-lipca-fot-mateusz-bral-003-576x383.jpg 576w, https:\/\/ownetic.com\/magazyn\/wp-content\/uploads\/2016\/07\/musicians-without-borders-10-lipca-fot-mateusz-bral-003.jpg 1027w\" sizes=\"(max-width: 540px) 100vw, 540px\" \/><\/a><figcaption id=\"caption-attachment-37322\" class=\"wp-caption-text\">Musicians without Borders, Brave Festival 2016, 10.07, fot. Mateusz Bral (\u017ar\u00f3d\u0142o: materia\u0142y prasowe organizatora)<\/figcaption><\/figure>\n<p><strong>Mo\u017cna si\u0119 uzale\u017cni\u0107 od pomagania?<\/strong><\/p>\n<p>Trzeba.<\/p>\n<p><strong>Nie my\u015bla\u0142 Pan o tym, \u017ceby rozszerzy\u0107 zasi\u0119g Festiwalu na inne miasta w\u00a0Polsce? Dzi\u0119ki temu wi\u0119cej os\u00f3b mia\u0142oby szans\u0119 zmieni\u0107 sw\u00f3j \u015bwiatopogl\u0105d.<\/strong><\/p>\n<p>Brave Kids rozszerza si\u0119 nie tylko na inne polskie miasta, ale te\u017c na inne kraje. W\u00a0tym roku do\u0142\u0105czy\u0142y do nas Gruzja i S\u0142owacja. A je\u015bli chodzi o g\u0142\u00f3wny Brave\u2026 hm, nie jestem pewien, jak to zrobi\u0107. Bardzo bym chcia\u0142, ale jeszcze nie umiem.<\/p>\n<p><strong>Trzeba mie\u0107 w sobie du\u017co odwagi, by \u201ep\u0142yn\u0105\u0107 ze strumieniem \u015bwiat\u0142a\u201d. Pan z\u00a0ca\u0142\u0105 pewno\u015bci\u0105 jest nonkonformist\u0105. Niewielu powiedzia\u0142oby \u201enie\u201d Broadwayowi\u2026<\/strong><\/p>\n<p>Chyba powiedzia\u0142em \u201eze strumieniem \u015bwiata\u201d, a nie \u201e\u015bwiat\u0142a\u201d, ale nie jestem pewien. Broadwayowi rzeczywi\u015bcie raz powiedzia\u0142em \u201enie\u201d, ale to tylko pusta przechwa\u0142ka. Budujemy projekt, kt\u00f3rego celem nie jest droga, popularna rozrywka, lecz ocalanie kultury, wra\u017cliwo\u015bci, tradycji albo przynajmniej u\u015bwiadamianie nam wszystkim, co\u00a0tracimy, je\u015bli si\u0119 nie zatrzymamy w swojej chciwo\u015bci. Kiedy \u201ewystarczy\u201d oznacza \u201ewystarczy\u201d. Ten \u201estrumie\u0144 \u015bwiata\u201d to nurt potoczny, powszechny, wi\u0119kszo\u015bciowy. Bardzo trudno z niego wyj\u015b\u0107, nie da\u0107 mu si\u0119, wyrwa\u0107 ze stereotyp\u00f3w. Si\u0142y naciskaj\u0105ce na ciebie s\u0105 naprawd\u0119 wielkie. Na dodatek wszyscy uznajemy to, co\u00a0widzimy, za realnie obowi\u0105zuj\u0105c\u0105 prawd\u0119, zapominaj\u0105c, \u017ce to wszystko tylko kreacje kogo\u015b innego. W naszej rzeczywisto\u015bci poza tym, \u017ce nieustannie si\u0119 zmienia, nie ma niczego obiektywnego ani niezmiennego. Teraz \u015bwiat oszala\u0142 na punkcie \u201esmart telefon\u00f3w\u201d. Kto\u015b robi pot\u0119\u017cny biznes, gromadzi pot\u0119\u017cn\u0105 ilo\u015b\u0107 informacji na nasz temat i jestem na sto procent przekonany, \u017ce ju\u017c prowadzi si\u0119 zaawansowane badania nad tym, jak jeszcze skuteczniej manipulowa\u0107 rzekomo naszymi potrzebami. Jeste\u015bmy dzi\u015b wy\u0142\u0105cznie klientel\u0105. Stracili\u015bmy autonomi\u0119 i to\u017csamo\u015b\u0107. Jeste\u015bmy wy\u0142\u0105cznie dodatkiem do produkt\u00f3w. Tym jest dzi\u015b cz\u0142owiek \u2013 niesamodzielnym dodatkiem do produktu lub marki.<\/p>\n<p><strong>Od 2010 do 2012 roku by\u0142 Pan szefem artystycznym Teatru Studio w\u00a0Warszawie. Dobrze wspomina Pan ten okres? Remigiusz Brzyk wypowiada\u0142 si\u0119 negatywnie o wsp\u00f3\u0142pracy z warszawskim \u015brodowiskiem teatralnym.<\/strong><\/p>\n<p>Studio to spotkanie ze wspania\u0142ymi lud\u017ami. Bardzo szanuj\u0119 ten okres, ale m\u00f3wi\u0105c wprost \u2013 nie nadawa\u0142em si\u0119. Wszed\u0142em do systemu, kt\u00f3ry by\u0142 zbyt sztywny, zbyt skostnia\u0142y i zachowawczy jak na moje umiej\u0119tno\u015bci i mo\u017cliwo\u015bci. Nie da\u0142em rady. W\u00a0Warszawie mo\u017ce sobie da\u0107 rad\u0119 tylko kto\u015b, kto rozumie Warszaw\u0119. Ja nie rozumiem i nie nadawa\u0142em si\u0119 do roli dyrektora warszawskiej sceny. Niemniej nauczy\u0142em si\u0119 tam strasznie du\u017co. Dzi\u0119kuj\u0119 wszystkim, z kt\u00f3rymi tam pracowa\u0142em.<\/p>\n<p><strong>Zdoby\u0142 Pan wiele mi\u0119dzynarodowych nagr\u00f3d i \u015bwiatowe uznanie. Wyznanie: \u201eczuj\u0119, \u017ce nieustannie jestem na pocz\u0105tku artystycznej drogi\u201d brzmi troch\u0119 jak kokieteria\u2026<\/strong><\/p>\n<p>To nie kokieteria. Codziennie zaczynam od pocz\u0105tku. Codziennie nic nie wiem. I\u00a0czasem to do\u015bwiadczenie jest bardzo bolesne, gdy\u017c cz\u0142owiek chcia\u0142by ju\u017c raz na zawsze by\u0107 kim\u015b. Cz\u0119sto robi\u0119 list\u0119 rzeczy, kt\u00f3rych nie wiem. Ta lista z biegiem lat niestety tylko si\u0119 wyd\u0142u\u017ca. Dzi\u015b nagroda, jutro i pojutrze pora\u017cka, tak to wygl\u0105da.<\/p>\n","protected":false},"excerpt":{"rendered":"<p>Chyba bym nie robi\u0142 tego festiwalu, gdyby nie to, \u017ce doch\u00f3d z bilet\u00f3w przeznaczamy na pomoc dla dzieci w tybeta\u0144skiej cz\u0119\u015bci Chin. W og\u00f3le uwa\u017cam, \u017ce warto robi\u0107 tylko takie projekty, kt\u00f3re przynosz\u0105 komu\u015b prawdziwy po\u017cytek. Rozrywka mnie nie interesuje.<\/p>\n","protected":false},"author":659,"featured_media":37303,"comment_status":"open","ping_status":"closed","sticky":false,"template":"","format":"standard","meta":[],"categories":[65],"tags":[5133,1574,3282,659,402],"powerkit_post_featured":[],"coauthors":[5132,3281],"yoast_head":"<!-- This site is optimized with the Yoast SEO plugin v18.7 - https:\/\/yoast.com\/wordpress\/plugins\/seo\/ -->\n<title>Grzegorz Bral. Rozrywka mnie nie interesuje<\/title>\n<meta name=\"description\" content=\"Grzegorz Bral: To nie jest festiwal o uchod\u017acach, tylko o wykluczeniu.\" \/>\n<meta name=\"robots\" content=\"index, follow, max-snippet:-1, max-image-preview:large, max-video-preview:-1\" \/>\n<link rel=\"canonical\" href=\"https:\/\/ownetic.com\/magazyn\/2016\/grzegorz-bral-jowita-kubiak-rozrywka-mnie-nie-interesuje\" \/>\n<link rel=\"next\" href=\"https:\/\/ownetic.com\/magazyn\/2016\/grzegorz-bral-jowita-kubiak-rozrywka-mnie-nie-interesuje\/2\" \/>\n<script type=\"application\/ld+json\" class=\"yoast-schema-graph\">{\"@context\":\"https:\/\/schema.org\",\"@graph\":[{\"@type\":\"WebSite\",\"@id\":\"https:\/\/ownetic.com\/magazyn\/#website\",\"url\":\"https:\/\/ownetic.com\/magazyn\/\",\"name\":\"Ownetic Magazine\",\"description\":\"Magazine\",\"potentialAction\":[{\"@type\":\"SearchAction\",\"target\":{\"@type\":\"EntryPoint\",\"urlTemplate\":\"https:\/\/ownetic.com\/magazyn\/?s={search_term_string}\"},\"query-input\":\"required name=search_term_string\"}],\"inLanguage\":\"pl-PL\"},{\"@type\":\"ImageObject\",\"inLanguage\":\"pl-PL\",\"@id\":\"https:\/\/ownetic.com\/magazyn\/2016\/grzegorz-bral-jowita-kubiak-rozrywka-mnie-nie-interesuje#primaryimage\",\"url\":\"https:\/\/ownetic.com\/magazyn\/wp-content\/uploads\/2016\/07\/bakri-ki-mashak-2-lipca-fot-mateusz-bral-001.jpg\",\"contentUrl\":\"https:\/\/ownetic.com\/magazyn\/wp-content\/uploads\/2016\/07\/bakri-ki-mashak-2-lipca-fot-mateusz-bral-001.jpg\",\"width\":993,\"height\":662,\"caption\":\"Bakri Ki Mashak, Brave Festival 2016, 2.07, fot. Mateusz Bral (\u017ar\u00f3d\u0142o: materia\u0142y prasowe organizatora)\"},{\"@type\":\"WebPage\",\"@id\":\"https:\/\/ownetic.com\/magazyn\/2016\/grzegorz-bral-jowita-kubiak-rozrywka-mnie-nie-interesuje#webpage\",\"url\":\"https:\/\/ownetic.com\/magazyn\/2016\/grzegorz-bral-jowita-kubiak-rozrywka-mnie-nie-interesuje\",\"name\":\"Grzegorz Bral. Rozrywka mnie nie interesuje\",\"isPartOf\":{\"@id\":\"https:\/\/ownetic.com\/magazyn\/#website\"},\"primaryImageOfPage\":{\"@id\":\"https:\/\/ownetic.com\/magazyn\/2016\/grzegorz-bral-jowita-kubiak-rozrywka-mnie-nie-interesuje#primaryimage\"},\"datePublished\":\"2016-07-26T07:30:15+00:00\",\"dateModified\":\"2016-07-26T06:53:48+00:00\",\"author\":{\"@id\":\"https:\/\/ownetic.com\/magazyn\/#\/schema\/person\/8e6fccc8e79597016590bcf6258c8986\"},\"description\":\"Grzegorz Bral: To nie jest festiwal o uchod\u017acach, tylko o wykluczeniu.\",\"breadcrumb\":{\"@id\":\"https:\/\/ownetic.com\/magazyn\/2016\/grzegorz-bral-jowita-kubiak-rozrywka-mnie-nie-interesuje#breadcrumb\"},\"inLanguage\":\"pl-PL\",\"potentialAction\":[{\"@type\":\"ReadAction\",\"target\":[\"https:\/\/ownetic.com\/magazyn\/2016\/grzegorz-bral-jowita-kubiak-rozrywka-mnie-nie-interesuje\"]}]},{\"@type\":\"BreadcrumbList\",\"@id\":\"https:\/\/ownetic.com\/magazyn\/2016\/grzegorz-bral-jowita-kubiak-rozrywka-mnie-nie-interesuje#breadcrumb\",\"itemListElement\":[{\"@type\":\"ListItem\",\"position\":1,\"name\":\"Rozrywka mnie nie interesuje\"}]},{\"@type\":\"Person\",\"@id\":\"https:\/\/ownetic.com\/magazyn\/#\/schema\/person\/8e6fccc8e79597016590bcf6258c8986\",\"name\":\"Grzegorz Bral\",\"description\":\"GRZEGORZ BRAL (1961) \u2013 aktor, re\u017cyser, pedagog. Tw\u00f3rca alternatywnego Teatru Pie\u015b\u0144 Koz\u0142a w Gda\u0144sku. Dyrektor artystyczny Brave Festival we Wroc\u0142awiu. W latach 1987-1992 zwi\u0105zany z O\u015brodkiem Praktyk Teatralnych Gardzienice, w latach 2010-2012 szef artystyczny Teatru Studio w Warszawie. Od lat 90. pracuje tak\u017ce jako nauczyciel technik aktorskich, wyk\u0142adaj\u0105c na polskich i zagranicznych uniwersytetach.\",\"url\":\"https:\/\/ownetic.com\/magazyn\/author\/grzegorz-bral\"}]}<\/script>\n<!-- \/ Yoast SEO plugin. -->","yoast_head_json":{"title":"Grzegorz Bral. Rozrywka mnie nie interesuje","description":"Grzegorz Bral: To nie jest festiwal o uchod\u017acach, tylko o wykluczeniu.","robots":{"index":"index","follow":"follow","max-snippet":"max-snippet:-1","max-image-preview":"max-image-preview:large","max-video-preview":"max-video-preview:-1"},"canonical":"https:\/\/ownetic.com\/magazyn\/2016\/grzegorz-bral-jowita-kubiak-rozrywka-mnie-nie-interesuje","next":"https:\/\/ownetic.com\/magazyn\/2016\/grzegorz-bral-jowita-kubiak-rozrywka-mnie-nie-interesuje\/2","schema":{"@context":"https:\/\/schema.org","@graph":[{"@type":"WebSite","@id":"https:\/\/ownetic.com\/magazyn\/#website","url":"https:\/\/ownetic.com\/magazyn\/","name":"Ownetic Magazine","description":"Magazine","potentialAction":[{"@type":"SearchAction","target":{"@type":"EntryPoint","urlTemplate":"https:\/\/ownetic.com\/magazyn\/?s={search_term_string}"},"query-input":"required name=search_term_string"}],"inLanguage":"pl-PL"},{"@type":"ImageObject","inLanguage":"pl-PL","@id":"https:\/\/ownetic.com\/magazyn\/2016\/grzegorz-bral-jowita-kubiak-rozrywka-mnie-nie-interesuje#primaryimage","url":"https:\/\/ownetic.com\/magazyn\/wp-content\/uploads\/2016\/07\/bakri-ki-mashak-2-lipca-fot-mateusz-bral-001.jpg","contentUrl":"https:\/\/ownetic.com\/magazyn\/wp-content\/uploads\/2016\/07\/bakri-ki-mashak-2-lipca-fot-mateusz-bral-001.jpg","width":993,"height":662,"caption":"Bakri Ki Mashak, Brave Festival 2016, 2.07, fot. Mateusz Bral (\u017ar\u00f3d\u0142o: materia\u0142y prasowe organizatora)"},{"@type":"WebPage","@id":"https:\/\/ownetic.com\/magazyn\/2016\/grzegorz-bral-jowita-kubiak-rozrywka-mnie-nie-interesuje#webpage","url":"https:\/\/ownetic.com\/magazyn\/2016\/grzegorz-bral-jowita-kubiak-rozrywka-mnie-nie-interesuje","name":"Grzegorz Bral. Rozrywka mnie nie interesuje","isPartOf":{"@id":"https:\/\/ownetic.com\/magazyn\/#website"},"primaryImageOfPage":{"@id":"https:\/\/ownetic.com\/magazyn\/2016\/grzegorz-bral-jowita-kubiak-rozrywka-mnie-nie-interesuje#primaryimage"},"datePublished":"2016-07-26T07:30:15+00:00","dateModified":"2016-07-26T06:53:48+00:00","author":{"@id":"https:\/\/ownetic.com\/magazyn\/#\/schema\/person\/8e6fccc8e79597016590bcf6258c8986"},"description":"Grzegorz Bral: To nie jest festiwal o uchod\u017acach, tylko o wykluczeniu.","breadcrumb":{"@id":"https:\/\/ownetic.com\/magazyn\/2016\/grzegorz-bral-jowita-kubiak-rozrywka-mnie-nie-interesuje#breadcrumb"},"inLanguage":"pl-PL","potentialAction":[{"@type":"ReadAction","target":["https:\/\/ownetic.com\/magazyn\/2016\/grzegorz-bral-jowita-kubiak-rozrywka-mnie-nie-interesuje"]}]},{"@type":"BreadcrumbList","@id":"https:\/\/ownetic.com\/magazyn\/2016\/grzegorz-bral-jowita-kubiak-rozrywka-mnie-nie-interesuje#breadcrumb","itemListElement":[{"@type":"ListItem","position":1,"name":"Rozrywka mnie nie interesuje"}]},{"@type":"Person","@id":"https:\/\/ownetic.com\/magazyn\/#\/schema\/person\/8e6fccc8e79597016590bcf6258c8986","name":"Grzegorz Bral","description":"GRZEGORZ BRAL (1961) \u2013 aktor, re\u017cyser, pedagog. Tw\u00f3rca alternatywnego Teatru Pie\u015b\u0144 Koz\u0142a w Gda\u0144sku. Dyrektor artystyczny Brave Festival we Wroc\u0142awiu. W latach 1987-1992 zwi\u0105zany z O\u015brodkiem Praktyk Teatralnych Gardzienice, w latach 2010-2012 szef artystyczny Teatru Studio w Warszawie. Od lat 90. pracuje tak\u017ce jako nauczyciel technik aktorskich, wyk\u0142adaj\u0105c na polskich i zagranicznych uniwersytetach.","url":"https:\/\/ownetic.com\/magazyn\/author\/grzegorz-bral"}]}},"_links":{"self":[{"href":"https:\/\/ownetic.com\/magazyn\/wp-json\/wp\/v2\/posts\/37283"}],"collection":[{"href":"https:\/\/ownetic.com\/magazyn\/wp-json\/wp\/v2\/posts"}],"about":[{"href":"https:\/\/ownetic.com\/magazyn\/wp-json\/wp\/v2\/types\/post"}],"author":[{"embeddable":true,"href":"https:\/\/ownetic.com\/magazyn\/wp-json\/wp\/v2\/users\/659"}],"replies":[{"embeddable":true,"href":"https:\/\/ownetic.com\/magazyn\/wp-json\/wp\/v2\/comments?post=37283"}],"version-history":[{"count":0,"href":"https:\/\/ownetic.com\/magazyn\/wp-json\/wp\/v2\/posts\/37283\/revisions"}],"wp:featuredmedia":[{"embeddable":true,"href":"https:\/\/ownetic.com\/magazyn\/wp-json\/wp\/v2\/media\/37303"}],"wp:attachment":[{"href":"https:\/\/ownetic.com\/magazyn\/wp-json\/wp\/v2\/media?parent=37283"}],"wp:term":[{"taxonomy":"category","embeddable":true,"href":"https:\/\/ownetic.com\/magazyn\/wp-json\/wp\/v2\/categories?post=37283"},{"taxonomy":"post_tag","embeddable":true,"href":"https:\/\/ownetic.com\/magazyn\/wp-json\/wp\/v2\/tags?post=37283"},{"taxonomy":"powerkit_post_featured","embeddable":true,"href":"https:\/\/ownetic.com\/magazyn\/wp-json\/wp\/v2\/powerkit_post_featured?post=37283"},{"taxonomy":"author","embeddable":true,"href":"https:\/\/ownetic.com\/magazyn\/wp-json\/wp\/v2\/coauthors?post=37283"}],"curies":[{"name":"wp","href":"https:\/\/api.w.org\/{rel}","templated":true}]}}