{"id":39592,"date":"2016-12-06T13:50:39","date_gmt":"2016-12-06T12:50:39","guid":{"rendered":"https:\/\/ownetic.com\/magazyn\/?p=39592"},"modified":"2020-11-09T12:14:12","modified_gmt":"2020-11-09T11:14:12","slug":"kama-wrobel-a-co-ty-robisz-dla-malarstwa","status":"publish","type":"post","link":"https:\/\/ownetic.com\/magazyn\/2016\/kama-wrobel-a-co-ty-robisz-dla-malarstwa","title":{"rendered":"A co Ty robisz dla malarstwa?"},"content":{"rendered":"<p>A co Ty robisz dla malarstwa? Tak brzmi has\u0142o tegorocznej, 12. edycji og\u00f3lnopolskiego Konkursu im. Eugeniusza Gepperta, kt\u00f3ry od 1989 roku ma za zadanie wspiera\u0107 najlepszych, zdaniem jury, tw\u00f3rc\u00f3w traktuj\u0105cych malarstwo jako najwa\u017cniejsze medium wypowiedzi artystycznej. Na przestrzeni tych wszystkich lat pojawiali si\u0119 arty\u015bci lepiej b\u0105d\u017a gorzej rokuj\u0105cy, kt\u00f3rzy mimo wszystko mieli zazwyczaj co\u015b interesuj\u0105cego do przekazania. Z roku na rok jest jednak coraz trudniej. Przede wszystkim dlatego, \u017ce malarstwo zdaje si\u0119 by\u0107 technik\u0105 troch\u0119 ju\u017c wyeksploatowan\u0105, kt\u00f3ra na wszelkie mo\u017cliwe sposoby by\u0142a modyfikowana i \u201eposzerzana\u201d, przez co w chwili obecnej nie daje tw\u00f3rcom zbyt wielu mo\u017cliwo\u015bci do eksperyment\u00f3w formalnych. Nie powinno wobec tego dziwi\u0107, \u017ce na wi\u0119kszo\u015bci przegl\u0105d\u00f3w dedykowanych tej dziedzinie sztuki, pojawiaj\u0105 si\u0119 realizacje o widocznie zr\u00f3\u017cnicowanym poziomie, nierzadko wt\u00f3rne i z oczywistych przyczyn si\u0119gaj\u0105ce po \u015brodki maj\u0105ce uatrakcyjni\u0107 w\u0142a\u015bciwo\u015bci tego medium. Nie jest te\u017c tajemnic\u0105, \u017ce wystawy (po)konkursowe niemal\u017ce zawsze przysparzaj\u0105 tych samych problem\u00f3w \u2013 jest zbyt du\u017co nie do ko\u0144ca pasuj\u0105cych do siebie obiekt\u00f3w, co sprawia, \u017ce niemo\u017cliwe staje si\u0119 wyeksponowanie okre\u015blonej \u015bcie\u017cki narracji. Tak te\u017c jest w przestrzeni wroc\u0142awskiej Awangardy, gdzie od samego wej\u015bcia przyt\u0142acza\u0142, poniek\u0105d uzasadniony, nadmiar i \u015bcisk, kt\u00f3ry nie do ko\u0144ca dobrze wp\u0142ywa\u0142 na odbi\u00f3r wielu zgromadzonych na tej ekspozycji prac. Prezentowane realizacje wyra\u017anie ze sob\u0105 konkurowa\u0142y, trac\u0105c zarazem indywidualny charakter oraz si\u0142\u0119. Nie za dobrze by\u0142o te\u017c pod wzgl\u0119dem scenograficznym. Mo\u017cna by\u0142o odnie\u015b\u0107 wra\u017cenie, \u017ce kuratorkom przegl\u0105du \u2013 Marcie Borgosz i Alicji Klimczak-Dobrzanieckiej \u2013 zabrak\u0142o pomys\u0142u na jego aran\u017cacj\u0119. S\u0105dz\u0119 te\u017c, \u017ce nie b\u0119dzie to nadu\u017cyciem, je\u015bli napisz\u0119, \u017ce charakter tej ekspozycji w praktyce nie r\u00f3\u017cni\u0142 si\u0119 niczym od odbywaj\u0105cych si\u0119 w Awangardzie studenckich przegl\u0105d\u00f3w dyplomowych. Podobny by\u0142 te\u017c poziom prezentowanych obiekt\u00f3w, co znaczy, \u017ce by\u0142y to prace raczej tw\u00f3rc\u00f3w poszukuj\u0105cych ni\u017c dojrza\u0142ych. Nie by\u0142o wi\u0119c zaskoczenia, ekscytacji, ani te\u017c zachwyt\u00f3w. Ale do rzeczy.<\/p>\n<figure id=\"attachment_39675\" aria-describedby=\"caption-attachment-39675\" style=\"width: 540px\" class=\"wp-caption alignnone\"><a href=\"https:\/\/ownetic.com\/magazyn\/2016\/kama-wrobel-a-co-ty-robisz-dla-malarstwa\/attachment\/39675\/\" rel=\"attachment wp-att-39675\"><img loading=\"lazy\" class=\"size-medium wp-image-39675\" title=\"Praca Celiny Kannunikavy, wystawa 12. Konkursu Gepperta w galerii Awangarda BWA Wroc\u0142aw, foto: Alicja Kielan (\u017ar\u00f3d\u0142o: dzi\u0119ki uprzejmo\u015bci organizatora)\" src=\"https:\/\/ownetic.com\/magazyn\/wp-content\/uploads\/2016\/11\/kannunikava-zaszczytne-odznaczenia-ktore-zdobia-nasze-piersi-II-2016-540x544.jpg\" alt=\"Praca Celiny Kannunikavy, wystawa 12. Konkursu Gepperta w galerii Awangarda BWA Wroc\u0142aw, foto: Alicja Kielan (\u017ar\u00f3d\u0142o: dzi\u0119ki uprzejmo\u015bci organizatora)\" width=\"540\" height=\"544\" srcset=\"https:\/\/ownetic.com\/magazyn\/wp-content\/uploads\/2016\/11\/kannunikava-zaszczytne-odznaczenia-ktore-zdobia-nasze-piersi-II-2016-540x544.jpg 540w, https:\/\/ownetic.com\/magazyn\/wp-content\/uploads\/2016\/11\/kannunikava-zaszczytne-odznaczenia-ktore-zdobia-nasze-piersi-II-2016-80x80.jpg 80w, https:\/\/ownetic.com\/magazyn\/wp-content\/uploads\/2016\/11\/kannunikava-zaszczytne-odznaczenia-ktore-zdobia-nasze-piersi-II-2016-576x580.jpg 576w, https:\/\/ownetic.com\/magazyn\/wp-content\/uploads\/2016\/11\/kannunikava-zaszczytne-odznaczenia-ktore-zdobia-nasze-piersi-II-2016.jpg 768w\" sizes=\"(max-width: 540px) 100vw, 540px\" \/><\/a><figcaption id=\"caption-attachment-39675\" class=\"wp-caption-text\">Praca Celiny Kannunikavy, wystawa 12. Konkursu Gepperta w galerii Awangarda BWA Wroc\u0142aw, foto: Alicja Kielan (\u017ar\u00f3d\u0142o: dzi\u0119ki uprzejmo\u015bci organizatora)<\/figcaption><\/figure>\n<p>Konkursy maj\u0105 to do siebie, \u017ce przyznawane s\u0105 nagrody, kt\u00f3re w pewien spos\u00f3b ustawiaj\u0105 pozycj\u0119 wyr\u00f3\u017cnionych tw\u00f3rc\u00f3w w tak zwanym <em>artworldzie. <\/em>Jury w sk\u0142adzie<em> <\/em>Magdalena Zi\u00f3\u0142kowska, Paulina O\u0142owska, Hanna Wr\u00f3blewska, Jaros\u0142aw Suchan, Piotr Kielan oraz Marek Pucha\u0142a zdecydowa\u0142o, \u017ce Nagroda G\u0142\u00f3wna MKiDN pow\u0119druje do Klementyny St\u0119pniewskiej, co niemal\u017ce od razu wznieci\u0142o szereg protest\u00f3w, oburzenie, a w konsekwencji te\u017c niezwykle zajad\u0142\u0105 k\u0142\u00f3tni\u0119 lub \u2013 jak kto woli \u2013 za\u017cart\u0105 dyskusj\u0119 w \u015brodowisku okre\u015blonej grupy krytyk\u00f3w, artyst\u00f3w i kurator\u00f3w. Czy s\u0142usznie?<\/p>\n<div id='gallery-1' class='gallery galleryid-39592 gallery-columns-5 gallery-size-thumbnail'><figure class='gallery-item'>\n\t\t\t<div class='gallery-icon portrait'>\n\t\t\t\t<a href='https:\/\/ownetic.com\/magazyn\/2016\/kama-wrobel-a-co-ty-robisz-dla-malarstwa\/olga-dziubak-005'><img width=\"80\" height=\"80\" src=\"https:\/\/ownetic.com\/magazyn\/wp-content\/uploads\/2016\/11\/olga-dziubak-005-80x80.jpg\" class=\"attachment-thumbnail size-thumbnail\" alt=\"Olga Dziubak, wystawa 12. Konkursu Gepperta w galerii Awangarda BWA Wroc\u0142aw, foto: Alicja Kielan (\u017ar\u00f3d\u0142o: dzi\u0119ki uprzejmo\u015bci organizatora)\" loading=\"lazy\" aria-describedby=\"gallery-1-39674\" \/><\/a>\n\t\t\t<\/div>\n\t\t\t\t<figcaption class='wp-caption-text gallery-caption' id='gallery-1-39674'>\n\t\t\t\tOlga Dziubak, wystawa 12. Konkursu Gepperta w galerii Awangarda BWA Wroc\u0142aw, foto: Alicja Kielan (\u017ar\u00f3d\u0142o: dzi\u0119ki uprzejmo\u015bci organizatora)\n\t\t\t\t<\/figcaption><\/figure><figure class='gallery-item'>\n\t\t\t<div class='gallery-icon landscape'>\n\t\t\t\t<a href='https:\/\/ownetic.com\/magazyn\/2016\/kama-wrobel-a-co-ty-robisz-dla-malarstwa\/olga-dziubak-004'><img width=\"80\" height=\"80\" src=\"https:\/\/ownetic.com\/magazyn\/wp-content\/uploads\/2016\/11\/olga-dziubak-004-80x80.jpg\" class=\"attachment-thumbnail size-thumbnail\" alt=\"Prace Olgi Dziubak, wystawa 12. Konkursu Gepperta w galerii Awangarda BWA Wroc\u0142aw, foto: Alicja Kielan (\u017ar\u00f3d\u0142o: dzi\u0119ki uprzejmo\u015bci organizatora)\" loading=\"lazy\" aria-describedby=\"gallery-1-39673\" \/><\/a>\n\t\t\t<\/div>\n\t\t\t\t<figcaption class='wp-caption-text gallery-caption' id='gallery-1-39673'>\n\t\t\t\tPrace Olgi Dziubak, wystawa 12. Konkursu Gepperta w galerii Awangarda BWA Wroc\u0142aw, foto: Alicja Kielan (\u017ar\u00f3d\u0142o: dzi\u0119ki uprzejmo\u015bci organizatora)\n\t\t\t\t<\/figcaption><\/figure><figure class='gallery-item'>\n\t\t\t<div class='gallery-icon landscape'>\n\t\t\t\t<a href='https:\/\/ownetic.com\/magazyn\/2016\/kama-wrobel-a-co-ty-robisz-dla-malarstwa\/olga-dziubak-003'><img width=\"80\" height=\"80\" src=\"https:\/\/ownetic.com\/magazyn\/wp-content\/uploads\/2016\/11\/olga-dziubak-003-80x80.jpg\" class=\"attachment-thumbnail size-thumbnail\" alt=\"Prace Olgi Dziubak, wystawa 12. Konkursu Gepperta w galerii Awangarda BWA Wroc\u0142aw, foto: Alicja Kielan (\u017ar\u00f3d\u0142o: dzi\u0119ki uprzejmo\u015bci organizatora)\" loading=\"lazy\" aria-describedby=\"gallery-1-39672\" \/><\/a>\n\t\t\t<\/div>\n\t\t\t\t<figcaption class='wp-caption-text gallery-caption' id='gallery-1-39672'>\n\t\t\t\tPrace Olgi Dziubak, wystawa 12. Konkursu Gepperta w galerii Awangarda BWA Wroc\u0142aw, foto: Alicja Kielan (\u017ar\u00f3d\u0142o: dzi\u0119ki uprzejmo\u015bci organizatora)\n\t\t\t\t<\/figcaption><\/figure><figure class='gallery-item'>\n\t\t\t<div class='gallery-icon landscape'>\n\t\t\t\t<a href='https:\/\/ownetic.com\/magazyn\/2016\/kama-wrobel-a-co-ty-robisz-dla-malarstwa\/olga-dziubak-002'><img width=\"80\" height=\"80\" src=\"https:\/\/ownetic.com\/magazyn\/wp-content\/uploads\/2016\/11\/olga-dziubak-002-80x80.jpg\" class=\"attachment-thumbnail size-thumbnail\" alt=\"Prace Olgi Dziubak, wystawa 12. Konkursu Gepperta w galerii Awangarda BWA Wroc\u0142aw, foto: Alicja Kielan (\u017ar\u00f3d\u0142o: dzi\u0119ki uprzejmo\u015bci organizatora)\" loading=\"lazy\" aria-describedby=\"gallery-1-39671\" \/><\/a>\n\t\t\t<\/div>\n\t\t\t\t<figcaption class='wp-caption-text gallery-caption' id='gallery-1-39671'>\n\t\t\t\tPrace Olgi Dziubak, wystawa 12. Konkursu Gepperta w galerii Awangarda BWA Wroc\u0142aw, foto: Alicja Kielan (\u017ar\u00f3d\u0142o: dzi\u0119ki uprzejmo\u015bci organizatora)\n\t\t\t\t<\/figcaption><\/figure><figure class='gallery-item'>\n\t\t\t<div class='gallery-icon landscape'>\n\t\t\t\t<a href='https:\/\/ownetic.com\/magazyn\/2016\/kama-wrobel-a-co-ty-robisz-dla-malarstwa\/olga-dziubak-001'><img width=\"80\" height=\"80\" src=\"https:\/\/ownetic.com\/magazyn\/wp-content\/uploads\/2016\/11\/olga-dziubak-001-80x80.jpg\" class=\"attachment-thumbnail size-thumbnail\" alt=\"Prace Olgi Dziubak, wystawa 12. Konkursu Gepperta w galerii Awangarda BWA Wroc\u0142aw, foto: Alicja Kielan (\u017ar\u00f3d\u0142o: dzi\u0119ki uprzejmo\u015bci organizatora)\" loading=\"lazy\" aria-describedby=\"gallery-1-39670\" \/><\/a>\n\t\t\t<\/div>\n\t\t\t\t<figcaption class='wp-caption-text gallery-caption' id='gallery-1-39670'>\n\t\t\t\tPrace Olgi Dziubak, wystawa 12. Konkursu Gepperta w galerii Awangarda BWA Wroc\u0142aw, foto: Alicja Kielan (\u017ar\u00f3d\u0142o: dzi\u0119ki uprzejmo\u015bci organizatora)\n\t\t\t\t<\/figcaption><\/figure><figure class='gallery-item'>\n\t\t\t<div class='gallery-icon landscape'>\n\t\t\t\t<a href='https:\/\/ownetic.com\/magazyn\/2016\/kama-wrobel-a-co-ty-robisz-dla-malarstwa\/mariusz-wildeman-002'><img width=\"80\" height=\"80\" src=\"https:\/\/ownetic.com\/magazyn\/wp-content\/uploads\/2016\/11\/mariusz-wildeman-002-80x80.jpg\" class=\"attachment-thumbnail size-thumbnail\" alt=\"Prace Mariusza Wildemana, wystawa 12. Konkursu Gepperta w galerii Awangarda BWA Wroc\u0142aw, foto: Alicja Kielan (\u017ar\u00f3d\u0142o: dzi\u0119ki uprzejmo\u015bci organizatora)\" loading=\"lazy\" aria-describedby=\"gallery-1-39669\" \/><\/a>\n\t\t\t<\/div>\n\t\t\t\t<figcaption class='wp-caption-text gallery-caption' id='gallery-1-39669'>\n\t\t\t\tPrace Mariusza Wildemana, wystawa 12. Konkursu Gepperta w galerii Awangarda BWA Wroc\u0142aw, foto: Alicja Kielan (\u017ar\u00f3d\u0142o: dzi\u0119ki uprzejmo\u015bci organizatora)\n\t\t\t\t<\/figcaption><\/figure><figure class='gallery-item'>\n\t\t\t<div class='gallery-icon landscape'>\n\t\t\t\t<a href='https:\/\/ownetic.com\/magazyn\/2016\/kama-wrobel-a-co-ty-robisz-dla-malarstwa\/mariusz-wildeman-001'><img width=\"80\" height=\"80\" src=\"https:\/\/ownetic.com\/magazyn\/wp-content\/uploads\/2016\/11\/mariusz-wildeman-001-80x80.jpg\" class=\"attachment-thumbnail size-thumbnail\" alt=\"Prace Mariusza Wildemana, wystawa 12. Konkursu Gepperta w galerii Awangarda BWA Wroc\u0142aw, foto: Alicja Kielan (\u017ar\u00f3d\u0142o: dzi\u0119ki uprzejmo\u015bci organizatora)\" loading=\"lazy\" aria-describedby=\"gallery-1-39668\" \/><\/a>\n\t\t\t<\/div>\n\t\t\t\t<figcaption class='wp-caption-text gallery-caption' id='gallery-1-39668'>\n\t\t\t\tPrace Mariusza Wildemana, wystawa 12. Konkursu Gepperta w galerii Awangarda BWA Wroc\u0142aw, foto: Alicja Kielan (\u017ar\u00f3d\u0142o: dzi\u0119ki uprzejmo\u015bci organizatora)\n\t\t\t\t<\/figcaption><\/figure><figure class='gallery-item'>\n\t\t\t<div class='gallery-icon portrait'>\n\t\t\t\t<a href='https:\/\/ownetic.com\/magazyn\/2016\/kama-wrobel-a-co-ty-robisz-dla-malarstwa\/malgorzata-kalinowska-004'><img width=\"80\" height=\"80\" src=\"https:\/\/ownetic.com\/magazyn\/wp-content\/uploads\/2016\/11\/malgorzata-kalinowska-004-80x80.jpg\" class=\"attachment-thumbnail size-thumbnail\" alt=\"Prace Ma\u0142gorzaty Kalinowskiej, wystawa 12. Konkursu Gepperta w galerii Awangarda BWA Wroc\u0142aw, foto: Alicja Kielan (\u017ar\u00f3d\u0142o: dzi\u0119ki uprzejmo\u015bci organizatora)\" loading=\"lazy\" aria-describedby=\"gallery-1-39667\" \/><\/a>\n\t\t\t<\/div>\n\t\t\t\t<figcaption class='wp-caption-text gallery-caption' id='gallery-1-39667'>\n\t\t\t\tPrace Ma\u0142gorzaty Kalinowskiej, wystawa 12. Konkursu Gepperta w galerii Awangarda BWA Wroc\u0142aw, foto: Alicja Kielan (\u017ar\u00f3d\u0142o: dzi\u0119ki uprzejmo\u015bci organizatora)\n\t\t\t\t<\/figcaption><\/figure><figure class='gallery-item'>\n\t\t\t<div class='gallery-icon portrait'>\n\t\t\t\t<a href='https:\/\/ownetic.com\/magazyn\/2016\/kama-wrobel-a-co-ty-robisz-dla-malarstwa\/malgorzata-kalinowska-003'><img width=\"80\" height=\"80\" src=\"https:\/\/ownetic.com\/magazyn\/wp-content\/uploads\/2016\/11\/malgorzata-kalinowska-003-80x80.jpg\" class=\"attachment-thumbnail size-thumbnail\" alt=\"Prace Ma\u0142gorzaty Kalinowskiej, wystawa 12. Konkursu Gepperta w galerii Awangarda BWA Wroc\u0142aw, foto: Alicja Kielan (\u017ar\u00f3d\u0142o: dzi\u0119ki uprzejmo\u015bci organizatora)\" loading=\"lazy\" aria-describedby=\"gallery-1-39666\" \/><\/a>\n\t\t\t<\/div>\n\t\t\t\t<figcaption class='wp-caption-text gallery-caption' id='gallery-1-39666'>\n\t\t\t\tPrace Ma\u0142gorzaty Kalinowskiej, wystawa 12. Konkursu Gepperta w galerii Awangarda BWA Wroc\u0142aw, foto: Alicja Kielan (\u017ar\u00f3d\u0142o: dzi\u0119ki uprzejmo\u015bci organizatora)\n\t\t\t\t<\/figcaption><\/figure><figure class='gallery-item'>\n\t\t\t<div class='gallery-icon portrait'>\n\t\t\t\t<a href='https:\/\/ownetic.com\/magazyn\/2016\/kama-wrobel-a-co-ty-robisz-dla-malarstwa\/malgorzata-kalinowska-002'><img width=\"80\" height=\"80\" src=\"https:\/\/ownetic.com\/magazyn\/wp-content\/uploads\/2016\/11\/malgorzata-kalinowska-002-80x80.jpg\" class=\"attachment-thumbnail size-thumbnail\" alt=\"Prace Ma\u0142gorzaty Kalinowskiej, wystawa 12. Konkursu Gepperta w galerii Awangarda BWA Wroc\u0142aw, foto: Alicja Kielan (\u017ar\u00f3d\u0142o: dzi\u0119ki uprzejmo\u015bci organizatora)\" loading=\"lazy\" aria-describedby=\"gallery-1-39665\" \/><\/a>\n\t\t\t<\/div>\n\t\t\t\t<figcaption class='wp-caption-text gallery-caption' id='gallery-1-39665'>\n\t\t\t\tPrace Ma\u0142gorzaty Kalinowskiej, wystawa 12. Konkursu Gepperta w galerii Awangarda BWA Wroc\u0142aw, foto: Alicja Kielan (\u017ar\u00f3d\u0142o: dzi\u0119ki uprzejmo\u015bci organizatora)\n\t\t\t\t<\/figcaption><\/figure><figure class='gallery-item'>\n\t\t\t<div class='gallery-icon landscape'>\n\t\t\t\t<a href='https:\/\/ownetic.com\/magazyn\/2016\/kama-wrobel-a-co-ty-robisz-dla-malarstwa\/malgorzata-kalinowska-001'><img width=\"80\" height=\"80\" src=\"https:\/\/ownetic.com\/magazyn\/wp-content\/uploads\/2016\/11\/malgorzata-kalinowska-001-80x80.jpg\" class=\"attachment-thumbnail size-thumbnail\" alt=\"Prace Ma\u0142gorzaty Kalinowskiej, wystawa 12. Konkursu Gepperta w galerii Awangarda BWA Wroc\u0142aw, foto: Alicja Kielan (\u017ar\u00f3d\u0142o: dzi\u0119ki uprzejmo\u015bci organizatora)\" loading=\"lazy\" aria-describedby=\"gallery-1-39664\" \/><\/a>\n\t\t\t<\/div>\n\t\t\t\t<figcaption class='wp-caption-text gallery-caption' id='gallery-1-39664'>\n\t\t\t\tPrace Ma\u0142gorzaty Kalinowskiej, wystawa 12. Konkursu Gepperta w galerii Awangarda BWA Wroc\u0142aw, foto: Alicja Kielan (\u017ar\u00f3d\u0142o: dzi\u0119ki uprzejmo\u015bci organizatora)\n\t\t\t\t<\/figcaption><\/figure><figure class='gallery-item'>\n\t\t\t<div class='gallery-icon landscape'>\n\t\t\t\t<a href='https:\/\/ownetic.com\/magazyn\/2016\/kama-wrobel-a-co-ty-robisz-dla-malarstwa\/krzysztof-nowicki-zlozenie-do-grobu-150x150cm-olej-na-plotnie-2015'><img width=\"80\" height=\"80\" src=\"https:\/\/ownetic.com\/magazyn\/wp-content\/uploads\/2016\/11\/krzysztof-nowicki-zlozenie-do-grobu-150x150cm-olej-na-plotnie-2015-80x80.jpg\" class=\"attachment-thumbnail size-thumbnail\" alt=\"Praca Krzysztofa Nowickiego, wystawa 12. Konkursu Gepperta w galerii Awangarda BWA Wroc\u0142aw, foto: Alicja Kielan (\u017ar\u00f3d\u0142o: dzi\u0119ki uprzejmo\u015bci organizatora)\" loading=\"lazy\" aria-describedby=\"gallery-1-39663\" srcset=\"https:\/\/ownetic.com\/magazyn\/wp-content\/uploads\/2016\/11\/krzysztof-nowicki-zlozenie-do-grobu-150x150cm-olej-na-plotnie-2015-80x80.jpg 80w, https:\/\/ownetic.com\/magazyn\/wp-content\/uploads\/2016\/11\/krzysztof-nowicki-zlozenie-do-grobu-150x150cm-olej-na-plotnie-2015-540x535.jpg 540w, https:\/\/ownetic.com\/magazyn\/wp-content\/uploads\/2016\/11\/krzysztof-nowicki-zlozenie-do-grobu-150x150cm-olej-na-plotnie-2015-576x571.jpg 576w, https:\/\/ownetic.com\/magazyn\/wp-content\/uploads\/2016\/11\/krzysztof-nowicki-zlozenie-do-grobu-150x150cm-olej-na-plotnie-2015.jpg 774w\" sizes=\"(max-width: 80px) 100vw, 80px\" \/><\/a>\n\t\t\t<\/div>\n\t\t\t\t<figcaption class='wp-caption-text gallery-caption' id='gallery-1-39663'>\n\t\t\t\tPraca Krzysztofa Nowickiego, wystawa 12. Konkursu Gepperta w galerii Awangarda BWA Wroc\u0142aw, foto: Alicja Kielan (\u017ar\u00f3d\u0142o: dzi\u0119ki uprzejmo\u015bci organizatora)\n\t\t\t\t<\/figcaption><\/figure><figure class='gallery-item'>\n\t\t\t<div class='gallery-icon portrait'>\n\t\t\t\t<a href='https:\/\/ownetic.com\/magazyn\/2016\/kama-wrobel-a-co-ty-robisz-dla-malarstwa\/krzysztif-nowicki-adoracja-geometrii-ii-160x120cm-olej-na-plotnie-2015'><img width=\"80\" height=\"80\" src=\"https:\/\/ownetic.com\/magazyn\/wp-content\/uploads\/2016\/11\/krzysztif-nowicki-adoracja-geometrii-II-160x120cm-olej-na-plotnie-2015-80x80.jpg\" class=\"attachment-thumbnail size-thumbnail\" alt=\"Praca Krzysztofa Nowickiego, wystawa 12. Konkursu Gepperta w galerii Awangarda BWA Wroc\u0142aw, foto: Alicja Kielan (\u017ar\u00f3d\u0142o: dzi\u0119ki uprzejmo\u015bci organizatora)\" loading=\"lazy\" aria-describedby=\"gallery-1-39662\" \/><\/a>\n\t\t\t<\/div>\n\t\t\t\t<figcaption class='wp-caption-text gallery-caption' id='gallery-1-39662'>\n\t\t\t\tPraca Krzysztofa Nowickiego, wystawa 12. Konkursu Gepperta w galerii Awangarda BWA Wroc\u0142aw, foto: Alicja Kielan (\u017ar\u00f3d\u0142o: dzi\u0119ki uprzejmo\u015bci organizatora)\n\t\t\t\t<\/figcaption><\/figure><figure class='gallery-item'>\n\t\t\t<div class='gallery-icon landscape'>\n\t\t\t\t<a href='https:\/\/ownetic.com\/magazyn\/2016\/kama-wrobel-a-co-ty-robisz-dla-malarstwa\/kle-mens-sw-katarzyna-ze-sieny'><img width=\"80\" height=\"80\" src=\"https:\/\/ownetic.com\/magazyn\/wp-content\/uploads\/2016\/11\/kle-mens-sw-katarzyna-ze-sieny-80x80.jpg\" class=\"attachment-thumbnail size-thumbnail\" alt=\"Praca Kle Mens, wystawa 12. Konkursu Gepperta w galerii Awangarda BWA Wroc\u0142aw, foto: Alicja Kielan (\u017ar\u00f3d\u0142o: dzi\u0119ki uprzejmo\u015bci organizatora)\" loading=\"lazy\" aria-describedby=\"gallery-1-39661\" \/><\/a>\n\t\t\t<\/div>\n\t\t\t\t<figcaption class='wp-caption-text gallery-caption' id='gallery-1-39661'>\n\t\t\t\tPraca Kle Mens, wystawa 12. Konkursu Gepperta w galerii Awangarda BWA Wroc\u0142aw, foto: Alicja Kielan (\u017ar\u00f3d\u0142o: dzi\u0119ki uprzejmo\u015bci organizatora)\n\t\t\t\t<\/figcaption><\/figure><figure class='gallery-item'>\n\t\t\t<div class='gallery-icon portrait'>\n\t\t\t\t<a href='https:\/\/ownetic.com\/magazyn\/2016\/kama-wrobel-a-co-ty-robisz-dla-malarstwa\/kle-mens-kumernis'><img width=\"80\" height=\"80\" src=\"https:\/\/ownetic.com\/magazyn\/wp-content\/uploads\/2016\/11\/kle-mens-kumernis-80x80.jpg\" class=\"attachment-thumbnail size-thumbnail\" alt=\"Praca Kle Mens, wystawa 12. Konkursu Gepperta w galerii Awangarda BWA Wroc\u0142aw, foto: Alicja Kielan (\u017ar\u00f3d\u0142o: dzi\u0119ki uprzejmo\u015bci organizatora)\" loading=\"lazy\" aria-describedby=\"gallery-1-39660\" \/><\/a>\n\t\t\t<\/div>\n\t\t\t\t<figcaption class='wp-caption-text gallery-caption' id='gallery-1-39660'>\n\t\t\t\tPraca Kle Mens, wystawa 12. Konkursu Gepperta w galerii Awangarda BWA Wroc\u0142aw, foto: Alicja Kielan (\u017ar\u00f3d\u0142o: dzi\u0119ki uprzejmo\u015bci organizatora)\n\t\t\t\t<\/figcaption><\/figure><figure class='gallery-item'>\n\t\t\t<div class='gallery-icon portrait'>\n\t\t\t\t<a href='https:\/\/ownetic.com\/magazyn\/2016\/kama-wrobel-a-co-ty-robisz-dla-malarstwa\/kle-mens-006'><img width=\"80\" height=\"80\" src=\"https:\/\/ownetic.com\/magazyn\/wp-content\/uploads\/2016\/11\/kle-mens-006-80x80.jpg\" class=\"attachment-thumbnail size-thumbnail\" alt=\"Kle Mens, wystawa 12. Konkursu Gepperta w galerii Awangarda BWA Wroc\u0142aw, foto: Alicja Kielan (\u017ar\u00f3d\u0142o: dzi\u0119ki uprzejmo\u015bci organizatora)\" loading=\"lazy\" aria-describedby=\"gallery-1-39659\" \/><\/a>\n\t\t\t<\/div>\n\t\t\t\t<figcaption class='wp-caption-text gallery-caption' id='gallery-1-39659'>\n\t\t\t\tKle Mens, wystawa 12. Konkursu Gepperta w galerii Awangarda BWA Wroc\u0142aw, foto: Alicja Kielan (\u017ar\u00f3d\u0142o: dzi\u0119ki uprzejmo\u015bci organizatora)\n\t\t\t\t<\/figcaption><\/figure><figure class='gallery-item'>\n\t\t\t<div class='gallery-icon portrait'>\n\t\t\t\t<a href='https:\/\/ownetic.com\/magazyn\/2016\/kama-wrobel-a-co-ty-robisz-dla-malarstwa\/kle-mens-005'><img width=\"80\" height=\"80\" src=\"https:\/\/ownetic.com\/magazyn\/wp-content\/uploads\/2016\/11\/kle-mens-005-80x80.jpg\" class=\"attachment-thumbnail size-thumbnail\" alt=\"Kle Mens, wystawa 12. Konkursu Gepperta w galerii Awangarda BWA Wroc\u0142aw, foto: Alicja Kielan (\u017ar\u00f3d\u0142o: dzi\u0119ki uprzejmo\u015bci organizatora)\" loading=\"lazy\" aria-describedby=\"gallery-1-39658\" \/><\/a>\n\t\t\t<\/div>\n\t\t\t\t<figcaption class='wp-caption-text gallery-caption' id='gallery-1-39658'>\n\t\t\t\tKle Mens, wystawa 12. Konkursu Gepperta w galerii Awangarda BWA Wroc\u0142aw, foto: Alicja Kielan (\u017ar\u00f3d\u0142o: dzi\u0119ki uprzejmo\u015bci organizatora)\n\t\t\t\t<\/figcaption><\/figure><figure class='gallery-item'>\n\t\t\t<div class='gallery-icon portrait'>\n\t\t\t\t<a href='https:\/\/ownetic.com\/magazyn\/2016\/kama-wrobel-a-co-ty-robisz-dla-malarstwa\/kle-mens-004'><img width=\"80\" height=\"80\" src=\"https:\/\/ownetic.com\/magazyn\/wp-content\/uploads\/2016\/11\/kle-mens-004-80x80.jpg\" class=\"attachment-thumbnail size-thumbnail\" alt=\"Kle Mens, wystawa 12. Konkursu Gepperta w galerii Awangarda BWA Wroc\u0142aw, foto: Alicja Kielan (\u017ar\u00f3d\u0142o: dzi\u0119ki uprzejmo\u015bci organizatora)\" loading=\"lazy\" aria-describedby=\"gallery-1-39657\" \/><\/a>\n\t\t\t<\/div>\n\t\t\t\t<figcaption class='wp-caption-text gallery-caption' id='gallery-1-39657'>\n\t\t\t\tKle Mens, wystawa 12. Konkursu Gepperta w galerii Awangarda BWA Wroc\u0142aw, foto: Alicja Kielan (\u017ar\u00f3d\u0142o: dzi\u0119ki uprzejmo\u015bci organizatora)\n\t\t\t\t<\/figcaption><\/figure><figure class='gallery-item'>\n\t\t\t<div class='gallery-icon landscape'>\n\t\t\t\t<a href='https:\/\/ownetic.com\/magazyn\/2016\/kama-wrobel-a-co-ty-robisz-dla-malarstwa\/kle-mens-003'><img width=\"80\" height=\"80\" src=\"https:\/\/ownetic.com\/magazyn\/wp-content\/uploads\/2016\/11\/kle-mens-003-80x80.jpg\" class=\"attachment-thumbnail size-thumbnail\" alt=\"Praca Kle Mens, wystawa 12. Konkursu Gepperta w galerii Awangarda BWA Wroc\u0142aw, foto: Alicja Kielan (\u017ar\u00f3d\u0142o: dzi\u0119ki uprzejmo\u015bci organizatora)\" loading=\"lazy\" aria-describedby=\"gallery-1-39656\" \/><\/a>\n\t\t\t<\/div>\n\t\t\t\t<figcaption class='wp-caption-text gallery-caption' id='gallery-1-39656'>\n\t\t\t\tPraca Kle Mens, wystawa 12. Konkursu Gepperta w galerii Awangarda BWA Wroc\u0142aw, foto: Alicja Kielan (\u017ar\u00f3d\u0142o: dzi\u0119ki uprzejmo\u015bci organizatora)\n\t\t\t\t<\/figcaption><\/figure><figure class='gallery-item'>\n\t\t\t<div class='gallery-icon landscape'>\n\t\t\t\t<a href='https:\/\/ownetic.com\/magazyn\/2016\/kama-wrobel-a-co-ty-robisz-dla-malarstwa\/kle-mens-002'><img width=\"80\" height=\"80\" src=\"https:\/\/ownetic.com\/magazyn\/wp-content\/uploads\/2016\/11\/kle-mens-002-80x80.jpg\" class=\"attachment-thumbnail size-thumbnail\" alt=\"Praca Kle Mens, wystawa 12. Konkursu Gepperta w galerii Awangarda BWA Wroc\u0142aw, foto: Alicja Kielan (\u017ar\u00f3d\u0142o: dzi\u0119ki uprzejmo\u015bci organizatora)\" loading=\"lazy\" aria-describedby=\"gallery-1-39655\" \/><\/a>\n\t\t\t<\/div>\n\t\t\t\t<figcaption class='wp-caption-text gallery-caption' id='gallery-1-39655'>\n\t\t\t\tPraca Kle Mens, wystawa 12. Konkursu Gepperta w galerii Awangarda BWA Wroc\u0142aw, foto: Alicja Kielan (\u017ar\u00f3d\u0142o: dzi\u0119ki uprzejmo\u015bci organizatora)\n\t\t\t\t<\/figcaption><\/figure><figure class='gallery-item'>\n\t\t\t<div class='gallery-icon landscape'>\n\t\t\t\t<a href='https:\/\/ownetic.com\/magazyn\/2016\/kama-wrobel-a-co-ty-robisz-dla-malarstwa\/kle-mens-001'><img width=\"80\" height=\"80\" src=\"https:\/\/ownetic.com\/magazyn\/wp-content\/uploads\/2016\/11\/kle-mens-001-80x80.jpg\" class=\"attachment-thumbnail size-thumbnail\" alt=\"Prace Kle Mens, wystawa 12. Konkursu Gepperta w galerii Awangarda BWA Wroc\u0142aw, foto: Alicja Kielan (\u017ar\u00f3d\u0142o: dzi\u0119ki uprzejmo\u015bci organizatora)\" loading=\"lazy\" aria-describedby=\"gallery-1-39654\" \/><\/a>\n\t\t\t<\/div>\n\t\t\t\t<figcaption class='wp-caption-text gallery-caption' id='gallery-1-39654'>\n\t\t\t\tPrace Kle Mens, wystawa 12. Konkursu Gepperta w galerii Awangarda BWA Wroc\u0142aw, foto: Alicja Kielan (\u017ar\u00f3d\u0142o: dzi\u0119ki uprzejmo\u015bci organizatora)\n\t\t\t\t<\/figcaption><\/figure><figure class='gallery-item'>\n\t\t\t<div class='gallery-icon landscape'>\n\t\t\t\t<a href='https:\/\/ownetic.com\/magazyn\/2016\/kama-wrobel-a-co-ty-robisz-dla-malarstwa\/karolina-jablonska-002'><img width=\"80\" height=\"80\" src=\"https:\/\/ownetic.com\/magazyn\/wp-content\/uploads\/2016\/11\/karolina-jablonska-002-80x80.jpg\" class=\"attachment-thumbnail size-thumbnail\" alt=\"Prace Karoliny Jab\u0142o\u0144skiej, wystawa 12. Konkursu Gepperta w galerii Awangarda BWA Wroc\u0142aw, foto: Alicja Kielan (\u017ar\u00f3d\u0142o: dzi\u0119ki uprzejmo\u015bci organizatora)\" loading=\"lazy\" aria-describedby=\"gallery-1-39653\" \/><\/a>\n\t\t\t<\/div>\n\t\t\t\t<figcaption class='wp-caption-text gallery-caption' id='gallery-1-39653'>\n\t\t\t\tPrace Karoliny Jab\u0142o\u0144skiej, wystawa 12. Konkursu Gepperta w galerii Awangarda BWA Wroc\u0142aw, foto: Alicja Kielan (\u017ar\u00f3d\u0142o: dzi\u0119ki uprzejmo\u015bci organizatora)\n\t\t\t\t<\/figcaption><\/figure><figure class='gallery-item'>\n\t\t\t<div class='gallery-icon landscape'>\n\t\t\t\t<a href='https:\/\/ownetic.com\/magazyn\/2016\/kama-wrobel-a-co-ty-robisz-dla-malarstwa\/karolina-jablonska-001'><img width=\"80\" height=\"80\" src=\"https:\/\/ownetic.com\/magazyn\/wp-content\/uploads\/2016\/11\/karolina-jablonska-001-80x80.jpg\" class=\"attachment-thumbnail size-thumbnail\" alt=\"Prace Karoliny Jab\u0142o\u0144skiej, wystawa 12. Konkursu Gepperta w galerii Awangarda BWA Wroc\u0142aw, foto: Alicja Kielan (\u017ar\u00f3d\u0142o: dzi\u0119ki uprzejmo\u015bci organizatora)\" loading=\"lazy\" aria-describedby=\"gallery-1-39652\" \/><\/a>\n\t\t\t<\/div>\n\t\t\t\t<figcaption class='wp-caption-text gallery-caption' id='gallery-1-39652'>\n\t\t\t\tPrace Karoliny Jab\u0142o\u0144skiej, wystawa 12. Konkursu Gepperta w galerii Awangarda BWA Wroc\u0142aw, foto: Alicja Kielan (\u017ar\u00f3d\u0142o: dzi\u0119ki uprzejmo\u015bci organizatora)\n\t\t\t\t<\/figcaption><\/figure><figure class='gallery-item'>\n\t\t\t<div class='gallery-icon landscape'>\n\t\t\t\t<a href='https:\/\/ownetic.com\/magazyn\/2016\/kama-wrobel-a-co-ty-robisz-dla-malarstwa\/justyna-medrala-004'><img width=\"80\" height=\"80\" src=\"https:\/\/ownetic.com\/magazyn\/wp-content\/uploads\/2016\/11\/justyna-medrala-004-80x80.jpg\" class=\"attachment-thumbnail size-thumbnail\" alt=\"Praca Justyny M\u0119drali, wystawa 12. Konkursu Gepperta w galerii Awangarda BWA Wroc\u0142aw, foto: Alicja Kielan (\u017ar\u00f3d\u0142o: dzi\u0119ki uprzejmo\u015bci organizatora)\" loading=\"lazy\" aria-describedby=\"gallery-1-39651\" \/><\/a>\n\t\t\t<\/div>\n\t\t\t\t<figcaption class='wp-caption-text gallery-caption' id='gallery-1-39651'>\n\t\t\t\tPraca Justyny M\u0119drali, wystawa 12. Konkursu Gepperta w galerii Awangarda BWA Wroc\u0142aw, foto: Alicja Kielan (\u017ar\u00f3d\u0142o: dzi\u0119ki uprzejmo\u015bci organizatora)\n\t\t\t\t<\/figcaption><\/figure><figure class='gallery-item'>\n\t\t\t<div class='gallery-icon portrait'>\n\t\t\t\t<a href='https:\/\/ownetic.com\/magazyn\/2016\/kama-wrobel-a-co-ty-robisz-dla-malarstwa\/justyna-medrala-003'><img width=\"80\" height=\"80\" src=\"https:\/\/ownetic.com\/magazyn\/wp-content\/uploads\/2016\/11\/justyna-medrala-003-80x80.jpg\" class=\"attachment-thumbnail size-thumbnail\" alt=\"Praca Justyny M\u0119drali, wystawa 12. Konkursu Gepperta w galerii Awangarda BWA Wroc\u0142aw, foto: Alicja Kielan (\u017ar\u00f3d\u0142o: dzi\u0119ki uprzejmo\u015bci organizatora)\" loading=\"lazy\" aria-describedby=\"gallery-1-39650\" \/><\/a>\n\t\t\t<\/div>\n\t\t\t\t<figcaption class='wp-caption-text gallery-caption' id='gallery-1-39650'>\n\t\t\t\tPraca Justyny M\u0119drali, wystawa 12. Konkursu Gepperta w galerii Awangarda BWA Wroc\u0142aw, foto: Alicja Kielan (\u017ar\u00f3d\u0142o: dzi\u0119ki uprzejmo\u015bci organizatora)\n\t\t\t\t<\/figcaption><\/figure><figure class='gallery-item'>\n\t\t\t<div class='gallery-icon landscape'>\n\t\t\t\t<a href='https:\/\/ownetic.com\/magazyn\/2016\/kama-wrobel-a-co-ty-robisz-dla-malarstwa\/justyna-medrala-002'><img width=\"80\" height=\"80\" src=\"https:\/\/ownetic.com\/magazyn\/wp-content\/uploads\/2016\/11\/justyna-medrala-002-80x80.jpg\" class=\"attachment-thumbnail size-thumbnail\" alt=\"Praca Justyny M\u0119drali, wystawa 12. Konkursu Gepperta w galerii Awangarda BWA Wroc\u0142aw, foto: Alicja Kielan (\u017ar\u00f3d\u0142o: dzi\u0119ki uprzejmo\u015bci organizatora)\" loading=\"lazy\" aria-describedby=\"gallery-1-39649\" \/><\/a>\n\t\t\t<\/div>\n\t\t\t\t<figcaption class='wp-caption-text gallery-caption' id='gallery-1-39649'>\n\t\t\t\tPraca Justyny M\u0119drali, wystawa 12. Konkursu Gepperta w galerii Awangarda BWA Wroc\u0142aw, foto: Alicja Kielan (\u017ar\u00f3d\u0142o: dzi\u0119ki uprzejmo\u015bci organizatora)\n\t\t\t\t<\/figcaption><\/figure><figure class='gallery-item'>\n\t\t\t<div class='gallery-icon landscape'>\n\t\t\t\t<a href='https:\/\/ownetic.com\/magazyn\/2016\/kama-wrobel-a-co-ty-robisz-dla-malarstwa\/justyna-medrala-001'><img width=\"80\" height=\"80\" src=\"https:\/\/ownetic.com\/magazyn\/wp-content\/uploads\/2016\/11\/justyna-medrala-001-80x80.jpg\" class=\"attachment-thumbnail size-thumbnail\" alt=\"Praca Justyny M\u0119drali, wystawa 12. Konkursu Gepperta w galerii Awangarda BWA Wroc\u0142aw, foto: Alicja Kielan (\u017ar\u00f3d\u0142o: dzi\u0119ki uprzejmo\u015bci organizatora)\" loading=\"lazy\" aria-describedby=\"gallery-1-39648\" \/><\/a>\n\t\t\t<\/div>\n\t\t\t\t<figcaption class='wp-caption-text gallery-caption' id='gallery-1-39648'>\n\t\t\t\tPraca Justyny M\u0119drali, wystawa 12. Konkursu Gepperta w galerii Awangarda BWA Wroc\u0142aw, foto: Alicja Kielan (\u017ar\u00f3d\u0142o: dzi\u0119ki uprzejmo\u015bci organizatora)\n\t\t\t\t<\/figcaption><\/figure><figure class='gallery-item'>\n\t\t\t<div class='gallery-icon portrait'>\n\t\t\t\t<a href='https:\/\/ownetic.com\/magazyn\/2016\/kama-wrobel-a-co-ty-robisz-dla-malarstwa\/okstom-002'><img width=\"80\" height=\"80\" src=\"https:\/\/ownetic.com\/magazyn\/wp-content\/uploads\/2016\/11\/okstom-002-80x80.jpg\" class=\"attachment-thumbnail size-thumbnail\" alt=\"Edmund Okstom, wystawa 12. Konkursu Gepperta w galerii Awangarda BWA Wroc\u0142aw, foto: Alicja Kielan (\u017ar\u00f3d\u0142o: dzi\u0119ki uprzejmo\u015bci organizatora)\" loading=\"lazy\" aria-describedby=\"gallery-1-39647\" \/><\/a>\n\t\t\t<\/div>\n\t\t\t\t<figcaption class='wp-caption-text gallery-caption' id='gallery-1-39647'>\n\t\t\t\tEdmund Okstom, wystawa 12. Konkursu Gepperta w galerii Awangarda BWA Wroc\u0142aw, foto: Alicja Kielan (\u017ar\u00f3d\u0142o: dzi\u0119ki uprzejmo\u015bci organizatora)\n\t\t\t\t<\/figcaption><\/figure><figure class='gallery-item'>\n\t\t\t<div class='gallery-icon landscape'>\n\t\t\t\t<a href='https:\/\/ownetic.com\/magazyn\/2016\/kama-wrobel-a-co-ty-robisz-dla-malarstwa\/okstom-001'><img width=\"80\" height=\"80\" src=\"https:\/\/ownetic.com\/magazyn\/wp-content\/uploads\/2016\/11\/okstom-001-80x80.jpg\" class=\"attachment-thumbnail size-thumbnail\" alt=\"Prace Edmunda Okstoma, wystawa 12. Konkursu Gepperta w galerii Awangarda BWA Wroc\u0142aw, foto: Alicja Kielan (\u017ar\u00f3d\u0142o: dzi\u0119ki uprzejmo\u015bci organizatora)\" loading=\"lazy\" aria-describedby=\"gallery-1-39646\" \/><\/a>\n\t\t\t<\/div>\n\t\t\t\t<figcaption class='wp-caption-text gallery-caption' id='gallery-1-39646'>\n\t\t\t\tPrace Edmunda Okstoma, wystawa 12. Konkursu Gepperta w galerii Awangarda BWA Wroc\u0142aw, foto: Alicja Kielan (\u017ar\u00f3d\u0142o: dzi\u0119ki uprzejmo\u015bci organizatora)\n\t\t\t\t<\/figcaption><\/figure><figure class='gallery-item'>\n\t\t\t<div class='gallery-icon portrait'>\n\t\t\t\t<a href='https:\/\/ownetic.com\/magazyn\/2016\/kama-wrobel-a-co-ty-robisz-dla-malarstwa\/attachment\/39645'><img width=\"80\" height=\"80\" src=\"https:\/\/ownetic.com\/magazyn\/wp-content\/uploads\/2016\/11\/daniel-cybulski-bez-tytulu-z-cyklu-autoreferencja-2013-farba-ftalowa-na-plotnie-190-x-150-cm-80x80.jpg\" class=\"attachment-thumbnail size-thumbnail\" alt=\"Praca Daniela Cybulskiego, wystawa 12. Konkursu Gepperta w galerii Awangarda BWA Wroc\u0142aw, foto: Alicja Kielan (\u017ar\u00f3d\u0142o: dzi\u0119ki uprzejmo\u015bci organizatora)\" loading=\"lazy\" aria-describedby=\"gallery-1-39645\" \/><\/a>\n\t\t\t<\/div>\n\t\t\t\t<figcaption class='wp-caption-text gallery-caption' id='gallery-1-39645'>\n\t\t\t\tPraca Daniela Cybulskiego, wystawa 12. Konkursu Gepperta w galerii Awangarda BWA Wroc\u0142aw, foto: Alicja Kielan (\u017ar\u00f3d\u0142o: dzi\u0119ki uprzejmo\u015bci organizatora)\n\t\t\t\t<\/figcaption><\/figure><figure class='gallery-item'>\n\t\t\t<div class='gallery-icon portrait'>\n\t\t\t\t<a href='https:\/\/ownetic.com\/magazyn\/2016\/kama-wrobel-a-co-ty-robisz-dla-malarstwa\/daniel-cybulski-bez-tytulu-2015-farba-ftalowa-na-plotnie-120-x-90-cm'><img width=\"80\" height=\"80\" src=\"https:\/\/ownetic.com\/magazyn\/wp-content\/uploads\/2016\/11\/daniel-cybulski-bez-tytulu-2015-farba-ftalowa-na-plotnie-120-x-90-cm-80x80.jpg\" class=\"attachment-thumbnail size-thumbnail\" alt=\"Praca Daniela Cybulskiego, wystawa 12. Konkursu Gepperta w galerii Awangarda BWA Wroc\u0142aw, foto: Alicja Kielan (\u017ar\u00f3d\u0142o: dzi\u0119ki uprzejmo\u015bci organizatora)\" loading=\"lazy\" aria-describedby=\"gallery-1-39644\" \/><\/a>\n\t\t\t<\/div>\n\t\t\t\t<figcaption class='wp-caption-text gallery-caption' id='gallery-1-39644'>\n\t\t\t\tPraca Daniela Cybulskiego, wystawa 12. Konkursu Gepperta w galerii Awangarda BWA Wroc\u0142aw, foto: Alicja Kielan (\u017ar\u00f3d\u0142o: dzi\u0119ki uprzejmo\u015bci organizatora)\n\t\t\t\t<\/figcaption><\/figure><figure class='gallery-item'>\n\t\t\t<div class='gallery-icon portrait'>\n\t\t\t\t<a href='https:\/\/ownetic.com\/magazyn\/2016\/kama-wrobel-a-co-ty-robisz-dla-malarstwa\/kannunikava-dom-zwiazkow-zawodowych'><img width=\"80\" height=\"80\" src=\"https:\/\/ownetic.com\/magazyn\/wp-content\/uploads\/2016\/11\/kannunikava-dom-zwiazkow-zawodowych-80x80.jpg\" class=\"attachment-thumbnail size-thumbnail\" alt=\"Praca Celiny Kannunikavy, wystawa 12. Konkursu Gepperta w galerii Awangarda BWA Wroc\u0142aw, foto: Alicja Kielan (\u017ar\u00f3d\u0142o: dzi\u0119ki uprzejmo\u015bci organizatora)\" loading=\"lazy\" aria-describedby=\"gallery-1-39643\" \/><\/a>\n\t\t\t<\/div>\n\t\t\t\t<figcaption class='wp-caption-text gallery-caption' id='gallery-1-39643'>\n\t\t\t\tPraca Celiny Kannunikavy, wystawa 12. Konkursu Gepperta w galerii Awangarda BWA Wroc\u0142aw, foto: Alicja Kielan (\u017ar\u00f3d\u0142o: dzi\u0119ki uprzejmo\u015bci organizatora)\n\t\t\t\t<\/figcaption><\/figure><figure class='gallery-item'>\n\t\t\t<div class='gallery-icon portrait'>\n\t\t\t\t<a href='https:\/\/ownetic.com\/magazyn\/2016\/kama-wrobel-a-co-ty-robisz-dla-malarstwa\/kannunikava-003'><img width=\"80\" height=\"80\" src=\"https:\/\/ownetic.com\/magazyn\/wp-content\/uploads\/2016\/11\/kannunikava-003-80x80.jpg\" class=\"attachment-thumbnail size-thumbnail\" alt=\"Celina Kannunikava, wystawa 12. Konkursu Gepperta w galerii Awangarda BWA Wroc\u0142aw, foto: Alicja Kielan (\u017ar\u00f3d\u0142o: dzi\u0119ki uprzejmo\u015bci organizatora)\" loading=\"lazy\" aria-describedby=\"gallery-1-39642\" \/><\/a>\n\t\t\t<\/div>\n\t\t\t\t<figcaption class='wp-caption-text gallery-caption' id='gallery-1-39642'>\n\t\t\t\tCelina Kannunikava, wystawa 12. Konkursu Gepperta w galerii Awangarda BWA Wroc\u0142aw, foto: Alicja Kielan (\u017ar\u00f3d\u0142o: dzi\u0119ki uprzejmo\u015bci organizatora)\n\t\t\t\t<\/figcaption><\/figure><figure class='gallery-item'>\n\t\t\t<div class='gallery-icon portrait'>\n\t\t\t\t<a href='https:\/\/ownetic.com\/magazyn\/2016\/kama-wrobel-a-co-ty-robisz-dla-malarstwa\/attachment\/39675'><img width=\"80\" height=\"80\" src=\"https:\/\/ownetic.com\/magazyn\/wp-content\/uploads\/2016\/11\/kannunikava-zaszczytne-odznaczenia-ktore-zdobia-nasze-piersi-II-2016-80x80.jpg\" class=\"attachment-thumbnail size-thumbnail\" alt=\"Praca Celiny Kannunikavy, wystawa 12. Konkursu Gepperta w galerii Awangarda BWA Wroc\u0142aw, foto: Alicja Kielan (\u017ar\u00f3d\u0142o: dzi\u0119ki uprzejmo\u015bci organizatora)\" loading=\"lazy\" aria-describedby=\"gallery-1-39675\" srcset=\"https:\/\/ownetic.com\/magazyn\/wp-content\/uploads\/2016\/11\/kannunikava-zaszczytne-odznaczenia-ktore-zdobia-nasze-piersi-II-2016-80x80.jpg 80w, https:\/\/ownetic.com\/magazyn\/wp-content\/uploads\/2016\/11\/kannunikava-zaszczytne-odznaczenia-ktore-zdobia-nasze-piersi-II-2016-540x544.jpg 540w, https:\/\/ownetic.com\/magazyn\/wp-content\/uploads\/2016\/11\/kannunikava-zaszczytne-odznaczenia-ktore-zdobia-nasze-piersi-II-2016-576x580.jpg 576w, https:\/\/ownetic.com\/magazyn\/wp-content\/uploads\/2016\/11\/kannunikava-zaszczytne-odznaczenia-ktore-zdobia-nasze-piersi-II-2016.jpg 768w\" sizes=\"(max-width: 80px) 100vw, 80px\" \/><\/a>\n\t\t\t<\/div>\n\t\t\t\t<figcaption class='wp-caption-text gallery-caption' id='gallery-1-39675'>\n\t\t\t\tPraca Celiny Kannunikavy, wystawa 12. Konkursu Gepperta w galerii Awangarda BWA Wroc\u0142aw, foto: Alicja Kielan (\u017ar\u00f3d\u0142o: dzi\u0119ki uprzejmo\u015bci organizatora)\n\t\t\t\t<\/figcaption><\/figure><figure class='gallery-item'>\n\t\t\t<div class='gallery-icon landscape'>\n\t\t\t\t<a href='https:\/\/ownetic.com\/magazyn\/2016\/kama-wrobel-a-co-ty-robisz-dla-malarstwa\/kannunikava-002'><img width=\"80\" height=\"80\" src=\"https:\/\/ownetic.com\/magazyn\/wp-content\/uploads\/2016\/11\/kannunikava-002-80x80.jpg\" class=\"attachment-thumbnail size-thumbnail\" alt=\"Prace Celiny Kannunikavy, wystawa 12. Konkursu Gepperta w galerii Awangarda BWA Wroc\u0142aw, foto: Alicja Kielan (\u017ar\u00f3d\u0142o: dzi\u0119ki uprzejmo\u015bci organizatora)\" loading=\"lazy\" aria-describedby=\"gallery-1-39641\" \/><\/a>\n\t\t\t<\/div>\n\t\t\t\t<figcaption class='wp-caption-text gallery-caption' id='gallery-1-39641'>\n\t\t\t\tPrace Celiny Kannunikavy, wystawa 12. Konkursu Gepperta w galerii Awangarda BWA Wroc\u0142aw, foto: Alicja Kielan (\u017ar\u00f3d\u0142o: dzi\u0119ki uprzejmo\u015bci organizatora)\n\t\t\t\t<\/figcaption><\/figure><figure class='gallery-item'>\n\t\t\t<div class='gallery-icon landscape'>\n\t\t\t\t<a href='https:\/\/ownetic.com\/magazyn\/2016\/kama-wrobel-a-co-ty-robisz-dla-malarstwa\/kannunikava-001'><img width=\"80\" height=\"80\" src=\"https:\/\/ownetic.com\/magazyn\/wp-content\/uploads\/2016\/11\/kannunikava-001-80x80.jpg\" class=\"attachment-thumbnail size-thumbnail\" alt=\"Prace Celiny Kannunikavy, wystawa 12. Konkursu Gepperta w galerii Awangarda BWA Wroc\u0142aw, foto: Alicja Kielan (\u017ar\u00f3d\u0142o: dzi\u0119ki uprzejmo\u015bci organizatora)\" loading=\"lazy\" aria-describedby=\"gallery-1-39640\" \/><\/a>\n\t\t\t<\/div>\n\t\t\t\t<figcaption class='wp-caption-text gallery-caption' id='gallery-1-39640'>\n\t\t\t\tPrace Celiny Kannunikavy, wystawa 12. Konkursu Gepperta w galerii Awangarda BWA Wroc\u0142aw, foto: Alicja Kielan (\u017ar\u00f3d\u0142o: dzi\u0119ki uprzejmo\u015bci organizatora)\n\t\t\t\t<\/figcaption><\/figure><figure class='gallery-item'>\n\t\t\t<div class='gallery-icon landscape'>\n\t\t\t\t<a href='https:\/\/ownetic.com\/magazyn\/2016\/kama-wrobel-a-co-ty-robisz-dla-malarstwa\/anna-sudol-004'><img width=\"80\" height=\"80\" src=\"https:\/\/ownetic.com\/magazyn\/wp-content\/uploads\/2016\/11\/anna-sudol-004-80x80.jpg\" class=\"attachment-thumbnail size-thumbnail\" alt=\"Prace Anny Sudo\u0142, wystawa 12. Konkursu Gepperta w galerii Awangarda BWA Wroc\u0142aw, foto: Alicja Kielan (\u017ar\u00f3d\u0142o: dzi\u0119ki uprzejmo\u015bci organizatora)\" loading=\"lazy\" aria-describedby=\"gallery-1-39639\" \/><\/a>\n\t\t\t<\/div>\n\t\t\t\t<figcaption class='wp-caption-text gallery-caption' id='gallery-1-39639'>\n\t\t\t\tPrace Anny Sudo\u0142, wystawa 12. Konkursu Gepperta w galerii Awangarda BWA Wroc\u0142aw, foto: Alicja Kielan (\u017ar\u00f3d\u0142o: dzi\u0119ki uprzejmo\u015bci organizatora)\n\t\t\t\t<\/figcaption><\/figure><figure class='gallery-item'>\n\t\t\t<div class='gallery-icon landscape'>\n\t\t\t\t<a href='https:\/\/ownetic.com\/magazyn\/2016\/kama-wrobel-a-co-ty-robisz-dla-malarstwa\/anna-sudol-003'><img width=\"80\" height=\"80\" src=\"https:\/\/ownetic.com\/magazyn\/wp-content\/uploads\/2016\/11\/anna-sudol-003-80x80.jpg\" class=\"attachment-thumbnail size-thumbnail\" alt=\"Prace Anny Sudo\u0142, wystawa 12. Konkursu Gepperta w galerii Awangarda BWA Wroc\u0142aw, foto: Alicja Kielan (\u017ar\u00f3d\u0142o: dzi\u0119ki uprzejmo\u015bci organizatora)\" loading=\"lazy\" aria-describedby=\"gallery-1-39638\" \/><\/a>\n\t\t\t<\/div>\n\t\t\t\t<figcaption class='wp-caption-text gallery-caption' id='gallery-1-39638'>\n\t\t\t\tPrace Anny Sudo\u0142, wystawa 12. Konkursu Gepperta w galerii Awangarda BWA Wroc\u0142aw, foto: Alicja Kielan (\u017ar\u00f3d\u0142o: dzi\u0119ki uprzejmo\u015bci organizatora)\n\t\t\t\t<\/figcaption><\/figure><figure class='gallery-item'>\n\t\t\t<div class='gallery-icon landscape'>\n\t\t\t\t<a href='https:\/\/ownetic.com\/magazyn\/2016\/kama-wrobel-a-co-ty-robisz-dla-malarstwa\/anna-sudol-002'><img width=\"80\" height=\"80\" src=\"https:\/\/ownetic.com\/magazyn\/wp-content\/uploads\/2016\/11\/anna-sudol-002-80x80.jpg\" class=\"attachment-thumbnail size-thumbnail\" alt=\"Prace Anny Sudo\u0142, wystawa 12. Konkursu Gepperta w galerii Awangarda BWA Wroc\u0142aw, foto: Alicja Kielan (\u017ar\u00f3d\u0142o: dzi\u0119ki uprzejmo\u015bci organizatora)\" loading=\"lazy\" aria-describedby=\"gallery-1-39637\" \/><\/a>\n\t\t\t<\/div>\n\t\t\t\t<figcaption class='wp-caption-text gallery-caption' id='gallery-1-39637'>\n\t\t\t\tPrace Anny Sudo\u0142, wystawa 12. Konkursu Gepperta w galerii Awangarda BWA Wroc\u0142aw, foto: Alicja Kielan (\u017ar\u00f3d\u0142o: dzi\u0119ki uprzejmo\u015bci organizatora)\n\t\t\t\t<\/figcaption><\/figure><figure class='gallery-item'>\n\t\t\t<div class='gallery-icon landscape'>\n\t\t\t\t<a href='https:\/\/ownetic.com\/magazyn\/2016\/kama-wrobel-a-co-ty-robisz-dla-malarstwa\/anna-sudol-001'><img width=\"80\" height=\"80\" src=\"https:\/\/ownetic.com\/magazyn\/wp-content\/uploads\/2016\/11\/anna-sudol-001-80x80.jpg\" class=\"attachment-thumbnail size-thumbnail\" alt=\"Prace Anny Sudo\u0142, wystawa 12. Konkursu Gepperta w galerii Awangarda BWA Wroc\u0142aw, foto: Alicja Kielan (\u017ar\u00f3d\u0142o: dzi\u0119ki uprzejmo\u015bci organizatora)\" loading=\"lazy\" aria-describedby=\"gallery-1-39636\" \/><\/a>\n\t\t\t<\/div>\n\t\t\t\t<figcaption class='wp-caption-text gallery-caption' id='gallery-1-39636'>\n\t\t\t\tPrace Anny Sudo\u0142, wystawa 12. Konkursu Gepperta w galerii Awangarda BWA Wroc\u0142aw, foto: Alicja Kielan (\u017ar\u00f3d\u0142o: dzi\u0119ki uprzejmo\u015bci organizatora)\n\t\t\t\t<\/figcaption><\/figure><figure class='gallery-item'>\n\t\t\t<div class='gallery-icon landscape'>\n\t\t\t\t<a href='https:\/\/ownetic.com\/magazyn\/2016\/kama-wrobel-a-co-ty-robisz-dla-malarstwa\/anastazja-jarodzka-002'><img width=\"80\" height=\"80\" src=\"https:\/\/ownetic.com\/magazyn\/wp-content\/uploads\/2016\/11\/anastazja-jarodzka-002-80x80.jpg\" class=\"attachment-thumbnail size-thumbnail\" alt=\"Prace Anastazji Jarodzkiej, wystawa 12. Konkursu Gepperta w galerii Awangarda BWA Wroc\u0142aw, foto: Alicja Kielan (\u017ar\u00f3d\u0142o: dzi\u0119ki uprzejmo\u015bci organizatora)\" loading=\"lazy\" aria-describedby=\"gallery-1-39635\" \/><\/a>\n\t\t\t<\/div>\n\t\t\t\t<figcaption class='wp-caption-text gallery-caption' id='gallery-1-39635'>\n\t\t\t\tPrace Anastazji Jarodzkiej, wystawa 12. Konkursu Gepperta w galerii Awangarda BWA Wroc\u0142aw, foto: Alicja Kielan (\u017ar\u00f3d\u0142o: dzi\u0119ki uprzejmo\u015bci organizatora)\n\t\t\t\t<\/figcaption><\/figure><figure class='gallery-item'>\n\t\t\t<div class='gallery-icon landscape'>\n\t\t\t\t<a href='https:\/\/ownetic.com\/magazyn\/2016\/kama-wrobel-a-co-ty-robisz-dla-malarstwa\/anastazja-jarodzka-001'><img width=\"80\" height=\"80\" src=\"https:\/\/ownetic.com\/magazyn\/wp-content\/uploads\/2016\/11\/anastazja-jarodzka-001-80x80.jpg\" class=\"attachment-thumbnail size-thumbnail\" alt=\"Prace Anastazji Jarodzkiej, wystawa 12. Konkursu Gepperta w galerii Awangarda BWA Wroc\u0142aw, foto: Alicja Kielan (\u017ar\u00f3d\u0142o: dzi\u0119ki uprzejmo\u015bci organizatora)\" loading=\"lazy\" aria-describedby=\"gallery-1-39634\" \/><\/a>\n\t\t\t<\/div>\n\t\t\t\t<figcaption class='wp-caption-text gallery-caption' id='gallery-1-39634'>\n\t\t\t\tPrace Anastazji Jarodzkiej, wystawa 12. Konkursu Gepperta w galerii Awangarda BWA Wroc\u0142aw, foto: Alicja Kielan (\u017ar\u00f3d\u0142o: dzi\u0119ki uprzejmo\u015bci organizatora)\n\t\t\t\t<\/figcaption><\/figure>\n\t\t<\/div>\n\n<p>My\u015bl\u0119, \u017ce akurat w kontek\u015bcie tw\u00f3rczo\u015bci Kle Mens ka\u017cda ze stron ma troch\u0119 racji, kt\u00f3ra niestety prawie za ka\u017cdym razem wypowiadana jest ze spor\u0105 dawk\u0105 agresji<span style=\"font-size: 10.8333px;\"><a class=\"fn-ref-mark\" href=\"#footnote-1\" id=\"refmark-1\"><sup>[1]<\/sup><\/a><\/span>. Jedni widz\u0105 w realizacjach tych sakralny kicz, inni prace pojemne merytorycznie. Dla niekt\u00f3rych nagroda ta jest wyrafinowanym pstryczkiem w nos skierowanym do w\u0142adzy rz\u0105dz\u0105cej i aktualnej sytuacji politycznej kraju, dla innych natomiast ca\u0142kowitym dnem \u2013 tak formalnym, jak i tre\u015bciowym<span style=\"font-size: 10.8333px;\"><a class=\"fn-ref-mark\" href=\"#footnote-2\" id=\"refmark-2\"><sup>[2]<\/sup><\/a><\/span>. Nie zmienia to jednak faktu, \u017ce prace te zosta\u0142y nagrodzone przez konkursowe jury, co znaczy, \u017ce w jaki\u015b spos\u00f3b musia\u0142y przekona\u0107 do siebie grono eksperckie. Inn\u0105 spraw\u0105 jest to, \u017ce werdykt, kt\u00f3ry brzmia\u0142: \u201eDoceniaj\u0105c oryginalno\u015b\u0107 postawy i odwag\u0119 w aktualizowaniu religijnej ikonografii i czynieniu z niej no\u015bnika wsp\u00f3\u0142cze\u015bnie istotnych tre\u015bci spo\u0142ecznych i politycznych\u201d, okaza\u0142 si\u0119 by\u0107 na tyle og\u00f3lny i niedoprecyzowany, \u017ce zacz\u0119\u0142y mno\u017cy\u0107 si\u0119 liczne, problematyczne pytania takie, jak: \u201eO jakie istotne tre\u015bci polityczne i spo\u0142eczne chodzi?\u201d, \u201eO jakiej oryginalnej postawie tu m\u00f3wimy?\u201d czy w ko\u0144cu \u201eW jaki spos\u00f3b religijna ikonografia jest przez te prace aktualizowana?\u201d. Przygl\u0105daj\u0105c si\u0119 zaproponowanej przez Kle Mens sztuce przyznam, \u017ce r\u00f3wnie\u017c i ja nie jestem do ko\u0144ca przekonana co do prezentowanej przez ni\u0105 postawy, jak i do tego, co w\u0142a\u015bciwie za jej pomoc\u0105 chce przekaza\u0107 odbiorcy. Pr\u00f3buj\u0105c osadzi\u0107 tw\u00f3rczo\u015b\u0107 m\u0142odej artystki w okre\u015blonym nurcie, dochodz\u0119 do wniosku, \u017ce na ten moment na pewno nie jest to sztuka krytyczna. Nie jest to r\u00f3wnie\u017c czysta sztuka sakralna, ani te\u017c \u2013&nbsp;jak wielu chce \u2013&nbsp;kicz religijny. Do sztuki feministycznej jeszcze troch\u0119 jej brakuje, mimo, \u017ce mamy tu bardzo widocznie podejmowany motyw kobiety-\u015bwi\u0119tej-m\u0119czennicy. A warto doda\u0107, \u017ce m\u0119czennic\u0105 t\u0105 jest w\u0142a\u015bnie sama artystka, kt\u00f3ra stosunkowo otwarcie m\u00f3wi o tym, \u017ce tw\u00f3rczo\u015b\u0107 jej jest rodzajem autoterapii i w\u0142asnym sposobem radzenia sobie z niekoniecznie mi\u0142ymi wydarzeniami z przesz\u0142o\u015bci. M\u00f3wimy tu o zatem o emocjonalnej, autobiograficznej strategii artystycznej, kt\u00f3ra pod przykryciem sztuki zaanga\u017cowanej, w wiwisekcyjny wr\u0119cz spos\u00f3b wylewa na odbiorc\u0119 dr\u0119cz\u0105ce malark\u0119 problemy i wspomnienia, z kt\u00f3rymi sobie nie radzi lub kt\u00f3re chce zrozumie\u0107. Czy jednak mo\u017cna je por\u00f3wnywa\u0107 \u2013 jak chce Wojciech Koz\u0142owski \u2013 do \u201eprze\u017cy\u0107 mistycznych\u201d<span style=\"font-size: 10.8333px;\"><a class=\"fn-ref-mark\" href=\"#footnote-3\" id=\"refmark-3\"><sup>[3]<\/sup><\/a><\/span>? Temat sztuki opartej na w\u0105tkach chrze\u015bcija\u0144skich jest ju\u017c bardzo wyeksploatowany, przemielony przez artyst\u00f3w na r\u00f3\u017cne sposoby i mody, dlatego wypowiadanie si\u0119 przy u\u017cyciu ikonografii jej przynale\u017c\u0105cej jest wyj\u0105tkowo trudne. Jak m\u00f3wi sama artystka: \u201e[\u2026] Tworz\u0105c, pr\u00f3buj\u0119 zrozumie\u0107 siebie na gruncie religii, w kt\u00f3rej by\u0142am g\u0142\u0119boko zakorzeniona. I szukam odpowiedzi, czym jest seksualno\u015b\u0107, kobieco\u015b\u0107, cierpienie\u201d<span style=\"font-size: 10.8333px;\"><a class=\"fn-ref-mark\" href=\"#footnote-4\" id=\"refmark-4\"><sup>[4]<\/sup><\/a><\/span>. My\u015bl\u0119, \u017ce s\u0142owo \u201eszukam\u201d w przypadku tych w\u0142a\u015bnie prac jest wyj\u0105tkowo adekwatne, gdy\u017c mimo, \u017ce z pewno\u015bci\u0105 s\u0105 one no\u015bnikiem wielu ambiwalentnych i wa\u017cnych dla Kle Mens emocji, to niestety nie maj\u0105 jeszcze si\u0142y przekaza\u0107 emocji tych dalej. To, czego mi w nich brakuje to oddzia\u0142ywanie na odbiorc\u0119. Mimo wizualnej atrakcyjno\u015bci i sensownego, oryginalnego jak na te czasy warsztatu, przedstawienia te s\u0105 jakby puste, nie nios\u0105 przekazu, nie sprawiaj\u0105, \u017ce widz rzeczywi\u015bcie je czuje czy te\u017c rozumie. Nie ma tu wewn\u0119trznego poruszenia ani tego, tak wa\u017cnego, a trudnego do nazwania czynnika, kt\u00f3ry sprawia, \u017ce odbiorca zostaje, kontempluje i tym samym szuka tej prawdy, kt\u00f3r\u0105 artysta ukry\u0142 gdzie\u015b g\u0142\u0119boko pod warstw\u0105 wizualn\u0105. Mimo wszystko nie mo\u017cna odbiera\u0107 St\u0119pniewskiej mo\u017cliwo\u015bci wypowiadania si\u0119 na g\u0142os w spos\u00f3b, taki jaki czuje. Dzi\u0119ki temu by\u0107 mo\u017ce kolejne realizacje jej autorstwa b\u0119d\u0105 bardziej zdystansowane w stosunku do siebie i w\u0142asnych wewn\u0119trznych rozterek, tym samym zostawiaj\u0105c odbiorcy nieco wi\u0119cej przestrzeni na osobist\u0105 interpretacj\u0119. Mimo mieszanych uczu\u0107 co do nagrodzonego we Wroc\u0142awiu cyklu, zgodz\u0119 si\u0119 z Wojciechem Koz\u0142owskim, \u017ce o St\u0119pniewskiej \u2013 r\u00f3wnie\u017c za spraw\u0105 jej temperamentu \u2013 z pewno\u015bci\u0105 jeszcze us\u0142yszymy.<\/p>\n<p>Kolejn\u0105 nagrodzon\u0105 artystk\u0105 jest Celina Kanunnikava, do kt\u00f3rej pow\u0119drowa\u0142a Nagroda Prezydenta Miasta Wroc\u0142awia. Kanunnikava jest absolwentka pozna\u0144skiego Uniwersytetu Artystycznego i mniej wi\u0119cej od 2013\/2014 roku \u2013 czyli od pobytu stypendialnego w Vilniaus Dailes Akademija \u2013 krytycznie wypowiada si\u0119 na temat represji, dyktatu w\u0142adzy i szeroko poj\u0119tego re\u017cimu. Dobrze jednak w tym miejscu zaznaczy\u0107, \u017ce nie jest to strategia nowa i tego typu narracja r\u00f3wnie\u017c nie zaskakuje, co nie zmienia faktu, \u017ce pewno\u015bci\u0105 zas\u0142uguje na uwag\u0119. Mi\u0142o jest bowiem widzie\u0107, \u017ce m\u0142odzi arty\u015bci staraj\u0105 si\u0119 by\u0107 zaanga\u017cowani i podejmuj\u0105 jeszcze pr\u00f3by komentowania sytuacji polityczno-gospodarczej i otaczaj\u0105cych ich globalnych problem\u00f3w. Kanunnikava \u2013 jak pisze Marta Smoli\u0144ska \u2013 \u201e[\u2026] udowadnia, \u017ce malarstwo mo\u017ce by\u0107 krytyczne i zaanga\u017cowane, nie trac\u0105c przy tym wieloznaczno\u015bci i nie staj\u0105c si\u0119 jednowymiarow\u0105 publicystyk\u0105. Artystka, \u017cyj\u0105c w Mi\u0144sku i Poznaniu, konfrontuje si\u0119 zar\u00f3wno z postsowieckim re\u017cimem \u0141ukaszenki, jak i z nadmiarem swobody czy tyrani\u0105 mo\u017cliwo\u015bci\u201d<span style=\"font-size: 10.8333px;\"><a class=\"fn-ref-mark\" href=\"#footnote-5\" id=\"refmark-5\"><sup>[5]<\/sup><\/a><\/span>. Prace m\u0142odej malarki s\u0105 ponure, ka\u017cdorazowo utrzymane w zgaszonych szaro\u015bciach. Motywem g\u0142\u00f3wnym s\u0105 tu najcz\u0119\u015bciej przyk\u0142ady architektury w\u0142adzy, kt\u00f3r\u0105 mo\u017cna sklasyfikowa\u0107 jako przyk\u0142ad <em>a<\/em><em>rchitecture parlante<\/em><em> <\/em>czyli architektury m\u00f3wi\u0105cej. Ale nie tylko, Kanunnikava ilustruje r\u00f3wnie\u017c przedmioty do tej w\u0142adzy przynale\u017c\u0105ce, kt\u00f3re z starannie pilnuj\u0105 porz\u0105dku w \u201epa\u0144stwie prawa\u201d. To, co interesuj\u0105ce, to ciekawe podej\u015bcie do malowanych przedmiot\u00f3w, kt\u00f3re nie maj\u0105 w sobie nic z hiperrealno\u015bci czy nawet realno\u015bci. Zamierzeniem artystki, zatracaj\u0105 niejako swoje kszta\u0142ty, balansuj\u0105 gdzie\u015b na granicy \u015bwiata przedstawiaj\u0105cego i niepokoj\u0105cej abstrakcji. Dokumentacyjny charakter ca\u0142kowicie si\u0119 zaciera, a malowane obiekty poddawane s\u0105 syntetyzacji i uog\u00f3lnieniu, dzi\u0119ki czemu obrazy te nabieraj\u0105 cech bardziej uniwersalnych, odnosz\u0105c si\u0119 \u2013 jak pisze Smoli\u0144ska \u2013 do \u201ekondycji cz\u0142owieka wobec machiny w\u0142adzy\u201d<span style=\"font-size: 10.8333px;\"><a class=\"fn-ref-mark\" href=\"#footnote-6\" id=\"refmark-6\"><sup>[6]<\/sup><\/a><\/span>. Jest tu co\u015b jeszcze, co z punktu widzenia krytyka wydaje si\u0119 interesuj\u0105ce. Ot\u00f3\u017c m\u0142oda malarka jest osob\u0105 wyj\u0105tkowo zaanga\u017cowan\u0105 w losy Bia\u0142orusi, \u015bwiadomie bior\u0105c\u0105 udzia\u0142 w licznych manifestacjach i protestach. Informacja ta sprawia, \u017ce tw\u00f3rczo\u015b\u0107 Kanunnikavy osadzona zostaje w realnym kontek\u015bcie egzystencjalnym, dzi\u0119ki czemu malarstwo to nabiera wi\u0119kszej wiarygodno\u015bci.<\/p>\n<figure id=\"attachment_39660\" aria-describedby=\"caption-attachment-39660\" style=\"width: 540px\" class=\"wp-caption alignnone\"><a href=\"https:\/\/ownetic.com\/magazyn\/2016\/kama-wrobel-a-co-ty-robisz-dla-malarstwa\/kle-mens-kumernis\/\" rel=\"attachment wp-att-39660\"><img loading=\"lazy\" class=\"size-medium wp-image-39660\" title=\"Praca Kle Mens, wystawa 12. Konkursu Gepperta w galerii Awangarda BWA Wroc\u0142aw, foto: Alicja Kielan (\u017ar\u00f3d\u0142o: dzi\u0119ki uprzejmo\u015bci organizatora)\" src=\"https:\/\/ownetic.com\/magazyn\/wp-content\/uploads\/2016\/11\/kle-mens-kumernis-540x670.jpg\" alt=\"Praca Kle Mens, wystawa 12. Konkursu Gepperta w galerii Awangarda BWA Wroc\u0142aw, foto: Alicja Kielan (\u017ar\u00f3d\u0142o: dzi\u0119ki uprzejmo\u015bci organizatora)\" width=\"540\" height=\"670\" srcset=\"https:\/\/ownetic.com\/magazyn\/wp-content\/uploads\/2016\/11\/kle-mens-kumernis-540x670.jpg 540w, https:\/\/ownetic.com\/magazyn\/wp-content\/uploads\/2016\/11\/kle-mens-kumernis-725x900.jpg 725w, https:\/\/ownetic.com\/magazyn\/wp-content\/uploads\/2016\/11\/kle-mens-kumernis-576x714.jpg 576w, https:\/\/ownetic.com\/magazyn\/wp-content\/uploads\/2016\/11\/kle-mens-kumernis.jpg 768w\" sizes=\"(max-width: 540px) 100vw, 540px\" \/><\/a><figcaption id=\"caption-attachment-39660\" class=\"wp-caption-text\">Praca Kle Mens, wystawa 12. Konkursu Gepperta w galerii Awangarda BWA Wroc\u0142aw, foto: Alicja Kielan (\u017ar\u00f3d\u0142o: dzi\u0119ki uprzejmo\u015bci organizatora)<\/figcaption><\/figure>\n<p>Odmienn\u0105 stylistyk\u0119 prezentuje natomiast Karolina Jab\u0142o\u0144ska, kt\u00f3rej tw\u00f3rczo\u015b\u0107 zosta\u0142a doceniona przez Dolno\u015bl\u0105ski Klub Kapita\u0142u. Musz\u0119 przyzna\u0107, \u017ce ten typ malarstwa przysparza mi troch\u0119 problem\u00f3w, gdy\u017c zdaje si\u0119, \u017ce m\u0142odzi arty\u015bci nieco na si\u0142\u0119 staraj\u0105 si\u0119 wskrzesza\u0107 zamieraj\u0105cy ju\u017c trend, kt\u00f3ry z powodzeniem rozwija\u0142 si\u0119 w okolicach roku 2008-2010. Dzia\u0142ania, kt\u00f3re nawi\u0105zuj\u0105 do estetyki czerpi\u0105cej ze sztuki naiwnej, prymitywistycznej, ekspresjonistycznej czy Nowych Dzikich o zabarwieniu fantasmagorycznym maj\u0105 w tym momencie ca\u0142kiem spor\u0105 grup\u0119 uznanych ju\u017c w \u015brodowisku reprezentant\u00f3w i nowe podej\u015bcia do tej w\u0142a\u015bnie, wyeksploatowanej ju\u017c stylistyki s\u0105 wed\u0142ug mnie po prostu nieciekawe. I dotyczy to zar\u00f3wno laureatki zesz\u0142orocznej Bielskiej Jesieni \u2013 Martyny Czech, jak i prezentowanej na tegorocznym Geppercie Karoliny Jab\u0142o\u0144skiej. Na tym etapie nie mog\u0119 wi\u0119c zgodzi\u0107 si\u0119 ze zdaniem Karoliny Plinty, kt\u00f3ra w swoim tek\u015bcie widzi Jab\u0142o\u0144sk\u0105 jako reprezentantk\u0119 malarstwa \u201e[\u2026] fajnego, namalowanego z nerwem, jak\u0105\u015b fantazj\u0105 i pomys\u0142em\u201d<span style=\"font-size: 10.8333px;\"><a class=\"fn-ref-mark\" href=\"#footnote-7\" id=\"refmark-7\"><sup>[7]<\/sup><\/a><\/span>, gdy\u017c w malarstwie tym widz\u0119 jedynie wt\u00f3rno\u015b\u0107 i nieszczeg\u00f3lno\u015b\u0107, kt\u00f3re absolutnie nic nie wnosz\u0105 do wsp\u00f3\u0142czesnego dyskursu o sztuce.<\/p>\n<p>Inaczej natomiast postrzegam pudrowe asambla\u017ce Ma\u0142gorzaty Kalinowskiej \u2013 prace wyj\u0105tkowo dziewcz\u0119ce, mimo swej nieprzyjemnej, bo \u2013&nbsp;jak zak\u0142adam \u2013&nbsp;zwi\u0105zanej z chorob\u0105 tematyki, paradoksalnie, spokojne, grzeczne i u\u0142o\u017cone. Nie krzycz\u0105 i nie dra\u017cni\u0105, a mimo wszystko m\u00f3wi\u0105. Ujmuj\u0105 mimo oczywistych nawi\u0105za\u0144 do tw\u00f3rczo\u015bci Bourgeois, Szapocznikow i Pini\u0144skiej-Bere\u015b, Magdy Moskwy, Urszuli Kluz-Knopek, poniek\u0105d te\u017c Kamili Mankus. Prezentowanych przez Kalinowsk\u0105 obiekt\u00f3w nie czyta si\u0119 jednak jako desperackiej pr\u00f3by zaw\u0142aszczenia j\u0119zyka tych artystek, a jako nie\u015bmia\u0142\u0105 jeszcze, acz konsekwentn\u0105 pr\u00f3b\u0119 budowania w\u0142asnego sposobu wyra\u017cania. Realizacje te maj\u0105 w sobie delikatne, ale mocno odczuwalne napi\u0119cia mi\u0119dzy tym co silne a tym co subtelne, tym co obrzydliwe i chore a tym co pi\u0119kne i zdrowe, w ko\u0144cu tym, co w domy\u015ble i tym, co dos\u0142owne. Trafnie o pracach tych pisze Iza Kowalczyk \u2013 \u201e[\u2026] artystka na sw\u00f3j spos\u00f3b m\u00f3wi o cielesno\u015bci, akcentuj\u0105c przede wszystkim ambiwalencje zwi\u0105zane z pojmowaniem cia\u0142a jako pow\u0142oki, ale te\u017c stroju b\u0119d\u0105cego metafor\u0105 cia\u0142a (ten dualizm ujawnia\u0142 si\u0119 najcz\u0119\u015bciej w tradycyjnych obrazach i figurach anatomicznych)\u201d<span style=\"font-size: 10.8333px;\"><a class=\"fn-ref-mark\" href=\"#footnote-8\" id=\"refmark-8\"><sup>[8]<\/sup><\/a><\/span>. Cielesno\u015b\u0107 jest tu bardzo istotna i uwypuklona, ale nie jest odra\u017caj\u0105ca. Wida\u0107, \u017ce artystka wie o czym m\u00f3wi, w jaki spos\u00f3b m\u00f3wi i uwa\u017cam, \u017ce jest to wa\u017cne.<\/p>\n<figure id=\"attachment_39666\" aria-describedby=\"caption-attachment-39666\" style=\"width: 533px\" class=\"wp-caption alignnone\"><a href=\"https:\/\/ownetic.com\/magazyn\/2016\/kama-wrobel-a-co-ty-robisz-dla-malarstwa\/malgorzata-kalinowska-003\/\" rel=\"attachment wp-att-39666\"><img loading=\"lazy\" class=\"size-medium wp-image-39666\" title=\"Prace Ma\u0142gorzaty Kalinowskiej, wystawa 12. Konkursu Gepperta w galerii Awangarda BWA Wroc\u0142aw, foto: Alicja Kielan (\u017ar\u00f3d\u0142o: dzi\u0119ki uprzejmo\u015bci organizatora)\" src=\"https:\/\/ownetic.com\/magazyn\/wp-content\/uploads\/2016\/11\/malgorzata-kalinowska-003-533x800.jpg\" alt=\"Prace Ma\u0142gorzaty Kalinowskiej, wystawa 12. Konkursu Gepperta w galerii Awangarda BWA Wroc\u0142aw, foto: Alicja Kielan (\u017ar\u00f3d\u0142o: dzi\u0119ki uprzejmo\u015bci organizatora)\" width=\"533\" height=\"800\" srcset=\"https:\/\/ownetic.com\/magazyn\/wp-content\/uploads\/2016\/11\/malgorzata-kalinowska-003-533x800.jpg 533w, https:\/\/ownetic.com\/magazyn\/wp-content\/uploads\/2016\/11\/malgorzata-kalinowska-003-600x900.jpg 600w, https:\/\/ownetic.com\/magazyn\/wp-content\/uploads\/2016\/11\/malgorzata-kalinowska-003-576x863.jpg 576w, https:\/\/ownetic.com\/magazyn\/wp-content\/uploads\/2016\/11\/malgorzata-kalinowska-003.jpg 683w\" sizes=\"(max-width: 533px) 100vw, 533px\" \/><\/a><figcaption id=\"caption-attachment-39666\" class=\"wp-caption-text\">Prace Ma\u0142gorzaty Kalinowskiej, wystawa 12. Konkursu Gepperta w galerii Awangarda BWA Wroc\u0142aw, foto: Alicja Kielan (\u017ar\u00f3d\u0142o: dzi\u0119ki uprzejmo\u015bci organizatora)<\/figcaption><\/figure>\n<p>Innym tw\u00f3rc\u0105, kt\u00f3ry r\u00f3wnie\u017c doskonale wie o czym opowiada w swojej sztuce jest Daniel Cybulski, kt\u00f3ry w dalszym ci\u0105gu zg\u0142\u0119bia medium malarskie pod wzgl\u0119dem formalnym, b\u0119d\u0105c jednocze\u015bnie ca\u0142kowicie wiernym od kilku ju\u017c lat prowadzonym przez siebie badaniom nad obrazem. Bez w\u0105tpienia jest to artysta bardzo dojrza\u0142y, konsekwentny i stosunkowo wyrazisty. Na wystawie we wroc\u0142awskim BWA zaprezentowano jednak zbyt wiele \u2013 jak na tak niewielk\u0105 przestrze\u0144 \u2013 obraz\u00f3w m\u0142odego malarza, kt\u00f3re, mimo \u017ce interesuj\u0105ce, zla\u0142y si\u0119 w jedn\u0105 monotonn\u0105 grup\u0119, trac\u0105c przy tym sw\u00f3j wyd\u017awi\u0119k. \u015aledz\u0105c tw\u00f3rczo\u015b\u0107 Cybulskiego nie spos\u00f3b te\u017c nie zada\u0107 pytania o to, jak potoczy si\u0119 rozw\u00f3j gda\u0144skiego malarza, kt\u00f3ry zdaje si\u0119, \u017ce powoli wyczerpuje charakterystyczny dla siebie arsena\u0142 \u015brodk\u00f3w i dost\u0119pne pola do eksperymentu formalnego. Czy zatem m\u0142ody malarz obierze inny kierunek? Z pewno\u015bci\u0105 jest to warte obserwacji. Nie jest to odosobniony przypadek. O podobnej sytuacji mo\u017cemy m\u00f3wi\u0107 w kontek\u015bcie tw\u00f3rczo\u015bci Krzysztofa Nowickiego, kt\u00f3ry w dalszym ci\u0105gu eksploruje podj\u0119t\u0105 kilka lat temu problematyk\u0119. W prezentowanych w Awangardzie pracach mo\u017cna zauwa\u017cy\u0107, \u017ce m\u0142ody artysta zaczyna si\u0119 troch\u0119 zap\u0119tla\u0107 i nie za bardzo wie, co ma dalej robi\u0107 z do\u015b\u0107 dobrze oswojonym ju\u017c j\u0119zykiem wypowiedzi. Konstruuje i dekonstruuje na nowo, wprowadza wi\u0119cej element\u00f3w przedstawiaj\u0105cych, b\u0105d\u017a te\u017c ca\u0142kiem si\u0119 ich pozbywa, co ostatecznie i tak niewiele zmienia w wyrazie tych obraz\u00f3w. Mo\u017cna odnie\u015b\u0107 wra\u017cenie, \u017ce Nowicki troch\u0119 si\u0119 zablokowa\u0142. Szuka, cho\u0107 odrobin\u0119 nieudolnie. Liczne, podejmowane przez niego pr\u00f3by modyfikacji obranej \u015bcie\u017cki nie doprowadzi\u0142y go niestety do rozwi\u0105za\u0144 bardziej interesuj\u0105cych ni\u017c te sprzed kilku lat. A szkoda, bo Nowicki ma rzeczywi\u015bcie pewien potencja\u0142, kt\u00f3ry mam nadziej\u0119, jeszcze wykorzysta.<\/p>\n<p>Na wystawie pojawi\u0142o si\u0119 jeszcze kilku tw\u00f3rc\u00f3w, kt\u00f3rzy taki potencja\u0142 tak\u017ce posiadaj\u0105. Mowa tu o Mariuszu Wildemanie, kt\u00f3ry wyj\u0105tkowo konsekwentnie od wielu ju\u017c lat rozwija (aktualnie syntetyzuje) charakterystyczn\u0105 dla niego, ocieraj\u0105c\u0105 si\u0119 o <em>new aestetics<\/em>, cyfrow\u0105 stylistyk\u0119 czy r\u00f3wnie konsekwentna w swoich poczynaniach Anastazja Jarodzka. Z ciekawszych postaw, warto wymieni\u0107 tu jeszcze Edmunda Okstoma i Ann\u0119 Sudo\u0142 \u2013 artyst\u00f3w, kt\u00f3rzy umiej\u0119tnie, nienachalnie i ca\u0142kiem zgrabnie dystansuj\u0105 si\u0119 od rzeczywisto\u015bci i kondycji typowego artysty. Okstom, nie posiadaj\u0105cy wykszta\u0142cenia akademickiego (po podkre\u015blane jest niemal\u017ce w ka\u017cdym tek\u015bcie), b\u0119d\u0105c niewzruszonym na mody, s\u0142aw\u0119 czy rynek, kreuje w\u0142a\u015bciwe dla siebie, niezmanierowane uczelni\u0105 przedstawienia, podczas gdy Sudo\u0142 zgrabnie puszcza oko do widza, w humorystyczny spos\u00f3b analizuj\u0105c (sw\u00f3j w\u0142asny) problem bycia artyst\u0105 we wsp\u00f3\u0142czesnym \u015bwiecie, w kt\u00f3rym nie jest naj\u0142atwiej i <em>de facto <\/em>wszystko ju\u017c by\u0142o. Warto wspomnie\u0107 jeszcze o tw\u00f3rczo\u015bci Justyny M\u0119drali, autorki bardzo interesuj\u0105cych, wielkoskalowych instalacji przestrzennych, kt\u00f3re urzekaj\u0105 swoj\u0105 organiczno\u015bci\u0105 i oszcz\u0119dno\u015bci\u0105 zarazem. M\u0119drala uko\u0144czy\u0142a krakowsk\u0105 Akademi\u0119 Sztuk Pi\u0119knych i w 2014 roku otrzyma\u0142a g\u0142\u00f3wn\u0105 nagrod\u0119 w presti\u017cowym konkursie \u201eTalenty Tr\u00f3jki 2014\u201d w kategorii sztuki wizualne. Wychodz\u0105c od rysunku klasycznego, przesz\u0142a do\u015b\u0107 d\u0142ug\u0105, cho\u0107 bardzo owocn\u0105 drog\u0119 poszukiwa\u0144 formalnych, kt\u00f3re doprowadzi\u0142y j\u0105 do obiecuj\u0105cych i odwa\u017cnych rozwi\u0105za\u0144. W tw\u00f3rczo\u015bci M\u0119drali istotnym zagadnieniem jest testowanie w\u0142a\u015bciwo\u015bci interesuj\u0105cych j\u0105 medi\u00f3w i podejmowanie pr\u00f3b przekraczania ich granic. \u201eCharakter prac Justyny M\u0119drali \u2013 jak pisze Aleksandra Jach \u2013 wynika w du\u017cej mierze z w\u0142a\u015bciwo\u015bci materii, z kt\u00f3r\u0105 artystka pracuje. To intryguj\u0105ce wydobywanie na pierwszy plan procesu samoorganizacji materii, otwiera nowe perspektywy estetyczne dla kontynuacji takich eksperyment\u00f3w jak neoawangardowe malarstwo materii. Justyna M\u0119drala, podobnie jak tamci arty\u015bci, wyczulona jest na zmys\u0142owe warto\u015bci, w jej przypadku w\u0119gla czy wosku pszczelego, testuj\u0105c ich materializacje i transformacje\u201d<span style=\"font-size: 10.8333px;\"><a class=\"fn-ref-mark\" href=\"#footnote-9\" id=\"refmark-9\"><sup>[9]<\/sup><\/a><\/span>. Jest to bardzo fajny maria\u017c o\u017cywionej i nieo\u017cywionej materii, stawania si\u0119 i transformowania, co wizualizowane jest w mocnych, przemy\u015blanych instalacjach, kt\u00f3re w moim odczuciu bardzo dobrze rokuj\u0105 na przysz\u0142o\u015b\u0107. I jedynie w przypadku tej w\u0142a\u015bnie artystki odczuwam du\u017cy niedosyt, gdy\u017c w galerii zaprezentowana zosta\u0142a tylko jedna (troch\u0119 st\u0142amszona przez narzucaj\u0105cy ograniczenia przestrzenne boks) instalacja i dwa mniejsze, gin\u0105ce na \u015bcianach obrazy.<\/p>\n<p>Tegoroczna edycja Konkursu Gepperta nie pokaza\u0142a nam nic nowego. Utwierdzi\u0142a natomiast w przekonaniu, \u017ce m\u0142odzi arty\u015bci coraz cz\u0119\u015bciej i ch\u0119tniej si\u0119gaj\u0105 po dialog z tradycj\u0105, r\u00f3wnie cz\u0119sto stosuj\u0105c <em>insidersk<\/em><em>\u0105<\/em><em> <\/em>strategi\u0119 wypowiadania si\u0119, w my\u015bl kt\u00f3rej artysta za pomoc\u0105 swojej sztuki opowiada przede wszystkim o sobie albo te\u017c o w\u0142asnej codzienno\u015bci, rzadziej krytykuje otaczaj\u0105c\u0105 go rzeczywisto\u015b\u0107. Nie ma buntu czy wyra\u017anej niezgody. Spokojniej te\u017c podchodzi si\u0119 do praktyk ju\u017c znanych, oswojonych, bez szczeg\u00f3lnego silenia si\u0119 na eksperyment czy odkrywanie nowego. Wystawa we wroc\u0142awskiej Awangardzie pokaza\u0142a, \u017ce arty\u015bci grzecznie i do\u015b\u0107 leniwie krocz\u0105 niemal\u017ce wszystkimi wytyczonymi ju\u017c w malarstwie drogami i nie nale\u017cy si\u0119 spodziewa\u0107, \u017ce w najbli\u017cszym czasie ulegnie to zmianie.<\/p>\n<div id=\"footnote-list\" style=\"display:inherit\"><span id=fn-heading>Poka\u017c przypisy<\/span> &nbsp;&nbsp;&nbsp;(\u21b5 returns to text)<\/p>\n<ol>\n<li id=\"footnote-1\" class=\"fn-text\">Jedna z tego typu tocz\u0105cych si\u0119 on-line dyskusji znajduje si\u0119 na kanale facebook.pl patrz: www.facebook.com\/notes\/wojciech-kozlowski\/klemens-plinta-geppert-i-ja\/10209244573725673?hc_location=ufi ( z dn. 6.11.2016 r.).<a href=\"#refmark-1\">\u21b5<\/a><\/li>\n<li id=\"footnote-2\" class=\"fn-text\">Kle Mens zaprezentowa\u0142a cykl prac utrzymanych w duchu ikonografii chrze\u015bcija\u0144skiej, kt\u00f3re zosta\u0142y wykonane na drewnianym pod\u0142o\u017cu w technice laserunku oraz statyczne wideo przedstawiaj\u0105ce artystk\u0119 i jej ch\u0142opaka ubranych w stroje bokser\u00f3w, upozowanych na scen\u0119 w typie Pieta. Motywem obraz\u00f3w by\u0142y \u015bwi\u0119te, mistyczki lub kobiety otoczone kultem (jak Kummernis), kt\u00f3rych wizerunki s\u0105 pretekstem do opowiadania o w\u0142asnej biografii artystki. Opis cyklu oraz zdj\u0119cia prac dost\u0119pne s\u0105 na stronie autorskiej artystki: <a href=\"http:\/\/www.kle-mens.pl\/p\/ka.html#kot\">http:\/\/www.kle-mens.pl\/p\/ka.html#kot<\/a> (dost\u0119p z dn. 24.11.2016 r.).<a href=\"#refmark-2\">\u21b5<\/a><\/li>\n<li id=\"footnote-3\" class=\"fn-text\">Patrz: geppert.art.pl\/index.php?page=kle-mens (dost\u0119p z dn. 30.10.2016 r.).<a href=\"#refmark-3\">\u21b5<\/a><\/li>\n<li id=\"footnote-4\" class=\"fn-text\">Martyna Nowicka, Ma\u0142gorzata Skowro\u0144ska, Kle Mens: Opowiadam ich historie &#8211; m\u0119czennic i \u015bwi\u0119tych ekstatyczek na krakow.wyborcza.pl Patrz: krakow.wyborcza.pl\/krakow\/1,42699,19819626,kle-mens-opowiadam-ich-historie-meczennic-i-swietych-ekstatyczek.html (dost\u0119p z dn. 3.11.2016 r.).<a href=\"#refmark-4\">\u21b5<\/a><\/li>\n<li id=\"footnote-5\" class=\"fn-text\">Patrz: <a href=\"http:\/\/www.torun.pl\/pl\/galeria-sztuki-wozownia?page=3\">www.torun.pl\/pl\/galeria-sztuki-wozownia?page=3<\/a> (dost\u0119p z dn. 02.11.2016 r.).<a href=\"#refmark-5\">\u21b5<\/a><\/li>\n<li id=\"footnote-6\" class=\"fn-text\">Patrz: geppert.art.pl\/index.php?page=celina-kanunnikava (dost\u0119p z dn. 03.11.2016 r.).<a href=\"#refmark-6\">\u21b5<\/a><\/li>\n<li id=\"footnote-7\" class=\"fn-text\">Karolina Plinta, <em>Gwo<\/em><em>\u017a<\/em><em>dzie do trumny. 12 Konkurs Gepperta<\/em> na <a href=\"https:\/\/magazynszum.pl\/krytyka\/gwozdzie-do-trumny-12-konkurs-gepperta\">https:\/\/magazynszum.pl\/krytyka\/gwozdzie-do-trumny-12-konkurs-gepperta<\/a> (dost\u0119p z dn. 04.11.2016 r.).<a href=\"#refmark-7\">\u21b5<\/a><\/li>\n<li id=\"footnote-8\" class=\"fn-text\">Patrz: strasznasztuka.blox.pl\/2014\/07\/Cielesnosc-wedlug-Malgorzaty-Kalinowskiej.html (dost\u0119p z dn. 02.11.2016 r.).<a href=\"#refmark-8\">\u21b5<\/a><\/li>\n<li id=\"footnote-9\" class=\"fn-text\">Patrz: geppert.art.pl\/index.php?page=justyna-m%C4%99drala (dost\u0119p z dn. 04.11.2016 r.).<a href=\"#refmark-9\">\u21b5<\/a><\/li>\n<\/ol>\n<\/div>\n","protected":false},"excerpt":{"rendered":"<p>Tegoroczna edycja Konkursu Gepperta nie pokaza\u0142a nam nic nowego. Utwierdzi\u0142a natomiast w przekonaniu, \u017ce m\u0142odzi arty\u015bci coraz cz\u0119\u015bciej i ch\u0119tniej si\u0119gaj\u0105 po dialog z tradycj\u0105, r\u00f3wnie cz\u0119sto stosuj\u0105c <em>insidersk\u0105<\/em> strategi\u0119 wypowiadania si\u0119, w my\u015bl kt\u00f3rej artysta za pomoc\u0105 swojej sztuki opowiada przede wszystkim o sobie albo te\u017c o w\u0142asnej codzienno\u015bci, rzadziej krytykuje otaczaj\u0105c\u0105 go rzeczywisto\u015b\u0107. <\/p>\n","protected":false},"author":114,"featured_media":39634,"comment_status":"open","ping_status":"closed","sticky":false,"template":"","format":"standard","meta":[],"categories":[1],"tags":[5517,5522,5511,5515,4768,3353,5514,5513,5518,624,1307,5512,5523,2388,3149,2451,5520,5521,5510,5519,5516,2374,4296,402],"powerkit_post_featured":[],"coauthors":[14160],"yoast_head":"<!-- This site is optimized with the Yoast SEO plugin v18.7 - https:\/\/yoast.com\/wordpress\/plugins\/seo\/ -->\n<title>Konkurs Gepperta. A co Ty robisz dla malarstwa?<\/title>\n<meta name=\"description\" content=\"Konkurs im. Eugeniusza Gepperta od 1989 roku ma za zadanie wspiera\u0107 najlepszych tw\u00f3rc\u00f3w w zakresie malarstwa.\" \/>\n<meta name=\"robots\" content=\"index, follow, max-snippet:-1, max-image-preview:large, max-video-preview:-1\" \/>\n<link rel=\"canonical\" href=\"https:\/\/ownetic.com\/magazyn\/2016\/kama-wrobel-a-co-ty-robisz-dla-malarstwa\" \/>\n<script type=\"application\/ld+json\" class=\"yoast-schema-graph\">{\"@context\":\"https:\/\/schema.org\",\"@graph\":[{\"@type\":\"WebSite\",\"@id\":\"https:\/\/ownetic.com\/magazyn\/#website\",\"url\":\"https:\/\/ownetic.com\/magazyn\/\",\"name\":\"Ownetic Magazine\",\"description\":\"Magazine\",\"potentialAction\":[{\"@type\":\"SearchAction\",\"target\":{\"@type\":\"EntryPoint\",\"urlTemplate\":\"https:\/\/ownetic.com\/magazyn\/?s={search_term_string}\"},\"query-input\":\"required name=search_term_string\"}],\"inLanguage\":\"pl-PL\"},{\"@type\":\"ImageObject\",\"inLanguage\":\"pl-PL\",\"@id\":\"https:\/\/ownetic.com\/magazyn\/2016\/kama-wrobel-a-co-ty-robisz-dla-malarstwa#primaryimage\",\"url\":\"https:\/\/ownetic.com\/magazyn\/wp-content\/uploads\/2016\/11\/anastazja-jarodzka-001.jpg\",\"contentUrl\":\"https:\/\/ownetic.com\/magazyn\/wp-content\/uploads\/2016\/11\/anastazja-jarodzka-001.jpg\",\"width\":\"1024\",\"height\":\"683\",\"caption\":\"Prace Anastazji Jarodzkiej, wystawa 12. Konkursu Gepperta w galerii Awangarda BWA Wroc\u0142aw, foto: Alicja Kielan (\u017ar\u00f3d\u0142o: dzi\u0119ki uprzejmo\u015bci organizatora)\"},{\"@type\":\"WebPage\",\"@id\":\"https:\/\/ownetic.com\/magazyn\/2016\/kama-wrobel-a-co-ty-robisz-dla-malarstwa#webpage\",\"url\":\"https:\/\/ownetic.com\/magazyn\/2016\/kama-wrobel-a-co-ty-robisz-dla-malarstwa\",\"name\":\"Konkurs Gepperta. A co Ty robisz dla malarstwa?\",\"isPartOf\":{\"@id\":\"https:\/\/ownetic.com\/magazyn\/#website\"},\"primaryImageOfPage\":{\"@id\":\"https:\/\/ownetic.com\/magazyn\/2016\/kama-wrobel-a-co-ty-robisz-dla-malarstwa#primaryimage\"},\"datePublished\":\"2016-12-06T12:50:39+00:00\",\"dateModified\":\"2020-11-09T11:14:12+00:00\",\"author\":{\"@id\":\"https:\/\/ownetic.com\/magazyn\/#\/schema\/person\/95dea02af3191daf19cfda30f663cacd\"},\"description\":\"Konkurs im. Eugeniusza Gepperta od 1989 roku ma za zadanie wspiera\u0107 najlepszych tw\u00f3rc\u00f3w w zakresie malarstwa.\",\"breadcrumb\":{\"@id\":\"https:\/\/ownetic.com\/magazyn\/2016\/kama-wrobel-a-co-ty-robisz-dla-malarstwa#breadcrumb\"},\"inLanguage\":\"pl-PL\",\"potentialAction\":[{\"@type\":\"ReadAction\",\"target\":[\"https:\/\/ownetic.com\/magazyn\/2016\/kama-wrobel-a-co-ty-robisz-dla-malarstwa\"]}]},{\"@type\":\"BreadcrumbList\",\"@id\":\"https:\/\/ownetic.com\/magazyn\/2016\/kama-wrobel-a-co-ty-robisz-dla-malarstwa#breadcrumb\",\"itemListElement\":[{\"@type\":\"ListItem\",\"position\":1,\"name\":\"A co Ty robisz dla malarstwa?\"}]},{\"@type\":\"Person\",\"@id\":\"https:\/\/ownetic.com\/magazyn\/#\/schema\/person\/95dea02af3191daf19cfda30f663cacd\",\"name\":\"Kama Wr\u00f3bel\",\"description\":\"KAMA WR\u00d3BEL (1986) \u2013 absolwentka Instytutu Historii Sztuki na Wydziale Historycznym Uniwersytetu Wroc\u0142awskiego. W 2010 roku obroni\u0142a prac\u0119 magistersk\u0105 pt. Polska sztuka wideo w latach 1989-1995. W latach 2008-2009 wsp\u00f3\u0142pracowa\u0142a z Centrum Sztuki WRO oraz w 2010 roku z nieistniej\u0105c\u0105 ju\u017c \u0142\u00f3dzk\u0105 Galeri\u0105 NT. Zajmuje si\u0119 analiz\u0105 zjawisk na rynku sztuki oraz wystawiennictwem, jako kurator zorganizowa\u0142a szereg wystaw w takich miejscach jak Galeria Fotografii Prospero\/Lublin, Galeria Sztuki Wsp\u00f3\u0142czesnej Platon\/Wroc\u0142aw, Galeria w Centrum Kultury Agora\/Wroc\u0142aw. Wyst\u0119puje r\u00f3wnie\u017c jako kurator niezale\u017cny. Wsp\u00f3\u0142pracuje z TIFF Collective, Fundacj\u0105 Fly with Art oraz wroc\u0142awsk\u0105 Galeri\u0105 Miejsk\u0105. Teksty jej autorstwa publikowane s\u0105 na portalach o tematyce artystycznej oraz w magazynach kulturalno-artystycznych.\",\"url\":\"https:\/\/ownetic.com\/magazyn\/author\/kama-wrobel\"}]}<\/script>\n<!-- \/ Yoast SEO plugin. -->","yoast_head_json":{"title":"Konkurs Gepperta. A co Ty robisz dla malarstwa?","description":"Konkurs im. Eugeniusza Gepperta od 1989 roku ma za zadanie wspiera\u0107 najlepszych tw\u00f3rc\u00f3w w zakresie malarstwa.","robots":{"index":"index","follow":"follow","max-snippet":"max-snippet:-1","max-image-preview":"max-image-preview:large","max-video-preview":"max-video-preview:-1"},"canonical":"https:\/\/ownetic.com\/magazyn\/2016\/kama-wrobel-a-co-ty-robisz-dla-malarstwa","schema":{"@context":"https:\/\/schema.org","@graph":[{"@type":"WebSite","@id":"https:\/\/ownetic.com\/magazyn\/#website","url":"https:\/\/ownetic.com\/magazyn\/","name":"Ownetic Magazine","description":"Magazine","potentialAction":[{"@type":"SearchAction","target":{"@type":"EntryPoint","urlTemplate":"https:\/\/ownetic.com\/magazyn\/?s={search_term_string}"},"query-input":"required name=search_term_string"}],"inLanguage":"pl-PL"},{"@type":"ImageObject","inLanguage":"pl-PL","@id":"https:\/\/ownetic.com\/magazyn\/2016\/kama-wrobel-a-co-ty-robisz-dla-malarstwa#primaryimage","url":"https:\/\/ownetic.com\/magazyn\/wp-content\/uploads\/2016\/11\/anastazja-jarodzka-001.jpg","contentUrl":"https:\/\/ownetic.com\/magazyn\/wp-content\/uploads\/2016\/11\/anastazja-jarodzka-001.jpg","width":"1024","height":"683","caption":"Prace Anastazji Jarodzkiej, wystawa 12. Konkursu Gepperta w galerii Awangarda BWA Wroc\u0142aw, foto: Alicja Kielan (\u017ar\u00f3d\u0142o: dzi\u0119ki uprzejmo\u015bci organizatora)"},{"@type":"WebPage","@id":"https:\/\/ownetic.com\/magazyn\/2016\/kama-wrobel-a-co-ty-robisz-dla-malarstwa#webpage","url":"https:\/\/ownetic.com\/magazyn\/2016\/kama-wrobel-a-co-ty-robisz-dla-malarstwa","name":"Konkurs Gepperta. A co Ty robisz dla malarstwa?","isPartOf":{"@id":"https:\/\/ownetic.com\/magazyn\/#website"},"primaryImageOfPage":{"@id":"https:\/\/ownetic.com\/magazyn\/2016\/kama-wrobel-a-co-ty-robisz-dla-malarstwa#primaryimage"},"datePublished":"2016-12-06T12:50:39+00:00","dateModified":"2020-11-09T11:14:12+00:00","author":{"@id":"https:\/\/ownetic.com\/magazyn\/#\/schema\/person\/95dea02af3191daf19cfda30f663cacd"},"description":"Konkurs im. Eugeniusza Gepperta od 1989 roku ma za zadanie wspiera\u0107 najlepszych tw\u00f3rc\u00f3w w zakresie malarstwa.","breadcrumb":{"@id":"https:\/\/ownetic.com\/magazyn\/2016\/kama-wrobel-a-co-ty-robisz-dla-malarstwa#breadcrumb"},"inLanguage":"pl-PL","potentialAction":[{"@type":"ReadAction","target":["https:\/\/ownetic.com\/magazyn\/2016\/kama-wrobel-a-co-ty-robisz-dla-malarstwa"]}]},{"@type":"BreadcrumbList","@id":"https:\/\/ownetic.com\/magazyn\/2016\/kama-wrobel-a-co-ty-robisz-dla-malarstwa#breadcrumb","itemListElement":[{"@type":"ListItem","position":1,"name":"A co Ty robisz dla malarstwa?"}]},{"@type":"Person","@id":"https:\/\/ownetic.com\/magazyn\/#\/schema\/person\/95dea02af3191daf19cfda30f663cacd","name":"Kama Wr\u00f3bel","description":"KAMA WR\u00d3BEL (1986) \u2013 absolwentka Instytutu Historii Sztuki na Wydziale Historycznym Uniwersytetu Wroc\u0142awskiego. W 2010 roku obroni\u0142a prac\u0119 magistersk\u0105 pt. Polska sztuka wideo w latach 1989-1995. W latach 2008-2009 wsp\u00f3\u0142pracowa\u0142a z Centrum Sztuki WRO oraz w 2010 roku z nieistniej\u0105c\u0105 ju\u017c \u0142\u00f3dzk\u0105 Galeri\u0105 NT. Zajmuje si\u0119 analiz\u0105 zjawisk na rynku sztuki oraz wystawiennictwem, jako kurator zorganizowa\u0142a szereg wystaw w takich miejscach jak Galeria Fotografii Prospero\/Lublin, Galeria Sztuki Wsp\u00f3\u0142czesnej Platon\/Wroc\u0142aw, Galeria w Centrum Kultury Agora\/Wroc\u0142aw. Wyst\u0119puje r\u00f3wnie\u017c jako kurator niezale\u017cny. Wsp\u00f3\u0142pracuje z TIFF Collective, Fundacj\u0105 Fly with Art oraz wroc\u0142awsk\u0105 Galeri\u0105 Miejsk\u0105. Teksty jej autorstwa publikowane s\u0105 na portalach o tematyce artystycznej oraz w magazynach kulturalno-artystycznych.","url":"https:\/\/ownetic.com\/magazyn\/author\/kama-wrobel"}]}},"_links":{"self":[{"href":"https:\/\/ownetic.com\/magazyn\/wp-json\/wp\/v2\/posts\/39592"}],"collection":[{"href":"https:\/\/ownetic.com\/magazyn\/wp-json\/wp\/v2\/posts"}],"about":[{"href":"https:\/\/ownetic.com\/magazyn\/wp-json\/wp\/v2\/types\/post"}],"author":[{"embeddable":true,"href":"https:\/\/ownetic.com\/magazyn\/wp-json\/wp\/v2\/users\/114"}],"replies":[{"embeddable":true,"href":"https:\/\/ownetic.com\/magazyn\/wp-json\/wp\/v2\/comments?post=39592"}],"version-history":[{"count":1,"href":"https:\/\/ownetic.com\/magazyn\/wp-json\/wp\/v2\/posts\/39592\/revisions"}],"predecessor-version":[{"id":48932,"href":"https:\/\/ownetic.com\/magazyn\/wp-json\/wp\/v2\/posts\/39592\/revisions\/48932"}],"wp:featuredmedia":[{"embeddable":true,"href":"https:\/\/ownetic.com\/magazyn\/wp-json\/wp\/v2\/media\/39634"}],"wp:attachment":[{"href":"https:\/\/ownetic.com\/magazyn\/wp-json\/wp\/v2\/media?parent=39592"}],"wp:term":[{"taxonomy":"category","embeddable":true,"href":"https:\/\/ownetic.com\/magazyn\/wp-json\/wp\/v2\/categories?post=39592"},{"taxonomy":"post_tag","embeddable":true,"href":"https:\/\/ownetic.com\/magazyn\/wp-json\/wp\/v2\/tags?post=39592"},{"taxonomy":"powerkit_post_featured","embeddable":true,"href":"https:\/\/ownetic.com\/magazyn\/wp-json\/wp\/v2\/powerkit_post_featured?post=39592"},{"taxonomy":"author","embeddable":true,"href":"https:\/\/ownetic.com\/magazyn\/wp-json\/wp\/v2\/coauthors?post=39592"}],"curies":[{"name":"wp","href":"https:\/\/api.w.org\/{rel}","templated":true}]}}