{"id":40960,"date":"2017-03-01T11:00:16","date_gmt":"2017-03-01T10:00:16","guid":{"rendered":"https:\/\/ownetic.com\/magazyn\/?p=40960"},"modified":"2020-11-05T16:02:23","modified_gmt":"2020-11-05T15:02:23","slug":"anna-michalik-ad-fontes","status":"publish","type":"post","link":"https:\/\/ownetic.com\/magazyn\/2017\/anna-michalik-ad-fontes","title":{"rendered":"Ad fontes"},"content":{"rendered":"<p>Najnowsza ksi\u0105\u017cka Wita Szostaka to nie tylko opowie\u015b\u0107 o mo\u017cliwych losach Odyseusza, lecz tak\u017ce historia pisarskiej drogi samego Szostaka, zr\u0119cznie wpleciona w zbi\u00f3r ma\u0142ych pr\u00f3z.<\/p>\n<figure id=\"attachment_40962\" aria-describedby=\"caption-attachment-40962\" style=\"width: 520px\" class=\"wp-caption alignnone\"><a href=\"https:\/\/ownetic.com\/magazyn\/2017\/anna-michalik-ad-fontes\/wit-szostak-zagroda-zebow-powergraph-2016-12-21\/\" rel=\"attachment wp-att-40962\"><img loading=\"lazy\" class=\"size-medium wp-image-40962\" title=\"Wit Szostak, \u201eZagroda z\u0119b\u00f3w\u201d, 2016 (\u017ar\u00f3d\u0142o: materia\u0142y prasowe wydawcy)\" src=\"https:\/\/ownetic.com\/magazyn\/wp-content\/uploads\/2017\/02\/wit-szostak-zagroda-zebow-powergraph-2016-12-21-520x800.jpg\" alt=\"Wit Szostak, \u201eZagroda z\u0119b\u00f3w\u201d, 2016 (\u017ar\u00f3d\u0142o: materia\u0142y prasowe wydawcy)\" width=\"520\" height=\"800\" srcset=\"https:\/\/ownetic.com\/magazyn\/wp-content\/uploads\/2017\/02\/wit-szostak-zagroda-zebow-powergraph-2016-12-21-520x800.jpg 520w, https:\/\/ownetic.com\/magazyn\/wp-content\/uploads\/2017\/02\/wit-szostak-zagroda-zebow-powergraph-2016-12-21-585x900.jpg 585w, https:\/\/ownetic.com\/magazyn\/wp-content\/uploads\/2017\/02\/wit-szostak-zagroda-zebow-powergraph-2016-12-21-576x885.jpg 576w, https:\/\/ownetic.com\/magazyn\/wp-content\/uploads\/2017\/02\/wit-szostak-zagroda-zebow-powergraph-2016-12-21.jpg 850w\" sizes=\"(max-width: 520px) 100vw, 520px\" \/><\/a><figcaption id=\"caption-attachment-40962\" class=\"wp-caption-text\">Wit Szostak, \u201eZagroda z\u0119b\u00f3w\u201d, 2016 (\u017ar\u00f3d\u0142o: materia\u0142y prasowe wydawcy)<\/figcaption><\/figure>\n<p><a title=\"News.O.pl: Czy Odys wr\u00f3ci na Itak\u0119?\" href=\"http:\/\/news.o.pl\/2016\/12\/22\/wit-szostak-zagroda-zebow-powergraph\/#\/\"><em>Zagroda z\u0119b\u00f3w<\/em><\/a> to dziesi\u0105ta ksi\u0105\u017cka w dorobku autora. Po <em>Trylogii o Smoczog\u00f3rach<\/em> \u2013 gatunkowo nieodleg\u0142ej od fantasy, opartej w du\u017cej mierze na legendach i opowie\u015bciach wywodz\u0105cych si\u0119 z g\u00f3r; <em>Trylogii krakowskiej<\/em> \u2013 sk\u0142adaj\u0105cej si\u0119 z graj\u0105cych z konwencj\u0105 dzie\u0142, kt\u00f3rych akcja toczy si\u0119 pod Wawelem; i wreszcie po <em>Stu dniach bez s\u0142o\u0144ca<\/em> \u2013 pozycji autoprze\u015bmiewczej, \u017ale rozpoznanej i niezrozumianej przez krytyk\u0119 \u2013 czytelnik Szostaka otrzymuje zbi\u00f3r zaskakuj\u0105cy z perspektywy rozbuchanego rynku wydawniczego.<\/p>\n<p>Wydaje si\u0119, \u017ce szczup\u0142a ksi\u0105\u017ceczka ze spokojn\u0105, stonowan\u0105 ok\u0142adk\u0105 kusi powrotem do dobrze znanego mitu Odyseusza. Daje poz\u00f3r przestrzeni bliskiej i oswojonej. Nic bardziej mylnego. Cho\u0107 <em>Zagroda z\u0119b\u00f3w<\/em> ma niewielk\u0105 obj\u0119to\u015b\u0107, to zawarty w niej tekst jest g\u0119sty i z\u0142o\u017cony; posiada przy tym wiele odn\u00f3g, w kt\u00f3rych mo\u017cna si\u0119 zagubi\u0107 tak \u0142atwo, jak w labiryntach ulicy Krokodyli.<\/p>\n<p><em>Zagrod\u0119 z\u0119b\u00f3w<\/em> mo\u017cna czyta\u0107 rozmaicie. Najpro\u015bciej \u2013 jako wsp\u00f3\u0142czesny namys\u0142 nad staro\u017cytnym tekstem, wyraz przekonania o \u017cywotno\u015bci i p\u0142odno\u015bci klasycznych utwor\u00f3w lub jako wariacje na temat Odyseusza i jego los\u00f3w. Mo\u017cna postawi\u0107 pytanie o jej \u017ar\u00f3d\u0142a i otrzyma\u0107 odpowied\u017a o podobnej tre\u015bci: wci\u0105\u017c \u017cywy mit o kr\u00f3lu Itaki i jego przygodach. Wszystko to jest jednak p\u0142aszczykiem, pod kt\u00f3rym kryj\u0105 si\u0119 wa\u017cniejsze wnioski.<\/p>\n<p>Wiele o tej ksi\u0105\u017cce ju\u017c powiedziano, jednak niewielu pokusi\u0142o si\u0119 o umiejscowienie jej wzgl\u0119dem poprzednich dzie\u0142 Szostaka. Nie jest bowiem tak, \u017ce <em>Zagroda z\u0119b\u00f3w<\/em> pojawi\u0142a si\u0119 znik\u0105d, jako osobliwy wykwit oderwany od literackiej drogi tego pisarza. Chocia\u017c na pierwszy rzut oka nie jest to zbyt oczywiste, to g\u0142\u0119bszy namys\u0142 nad poprzedzaj\u0105cymi j\u0105 powie\u015bciami pozwala na zauwa\u017cenie istotnych powi\u0105za\u0144. Dopiero z tak przyj\u0119tej perspektywy wida\u0107, jak wiele umyka czytelnikom i krytykom, kt\u00f3rzy nie przeczytali wszystkich dzie\u0142 autora, ka\u017cd\u0105 now\u0105 pozycj\u0119 traktuj\u0105c jako odr\u0119bn\u0105 ksi\u0105\u017ck\u0119, a nie wynik jego dotychczasowej pisarskiej drogi.<\/p>\n<p>Szostak wykorzystuje po raz kolejny niemal taki sam zestaw \u015brodk\u00f3w (na kt\u00f3ry sk\u0142ada si\u0119 m.in. przetwarzanie opowie\u015bci mitycznych czy te\u017c uk\u0142adanie wielopi\u0119trowych historii alternatywnych) i dopasowany do swoich preferencji warsztat konstrukcyjny (wielokrotne przekszta\u0142cenia fabu\u0142, rytmiczno\u015b\u0107 frazy). Cho\u0107 finalnie tworzy to now\u0105 jako\u015b\u0107, nazwan\u0105 <em>Zagrod\u0105 z\u0119b\u00f3w<\/em>, to uwa\u017cnemu czytelnikowi jego ksi\u0105\u017cek ca\u0142o\u015b\u0107 wyda si\u0119 niepokoj\u0105co znajoma.<\/p>\n<p>Tw\u00f3rcze wariacje na temat mit\u00f3w i\/lub najstarszych wierze\u0144 to z jednej strony opis <em>Zagrody z\u0119b\u00f3w<\/em>, a z drugiej <em>Wichr\u00f3w Smoczog\u00f3r<\/em> i <em>Oberk\u00f3w do ko\u0144ca \u015bwiata<\/em>.<\/p>\n<p>Historia opowiadana przez pryzmat problem\u00f3w g\u0142\u00f3wnego bohatera z to\u017csamo\u015bci\u0105, po\u015bwi\u0119cona rozwa\u017caniom na temat jego mo\u017cliwych \u017cyciorys\u00f3w to po cz\u0119\u015bci streszczenie los\u00f3w Odyseusza z <em>Zagrody z\u0119b\u00f3w<\/em>, a po cz\u0119\u015bci opis mo\u017cliwych biografii Bart\u0142omieja Chocho\u0142a z <em>Fugi<\/em>.<\/p>\n<p>Alternatywna historia bohatera (narodowego), z kt\u00f3rej wyrasta wiele niepokoj\u0105cych, mo\u017cliwych odn\u00f3g to najwa\u017cniejszy zabieg zastosowany nie tylko w <em>Zagrodzie z\u0119b\u00f3w<\/em>, ale i w <em>Dumanowskim<\/em>.<\/p>\n<p>Wieloma identycznymi okre\u015bleniami mo\u017cna opisa\u0107 zar\u00f3wno <em>Zagrod\u0119 z\u0119b\u00f3w<\/em>, jak i wcze\u015bniejsze ksi\u0105\u017cki w dorobku autora; \u015bwiadcz\u0105 o tym nawet fragmenty blurb\u00f3w zamieszczonych na ok\u0142adkach: \u201e(\u2026) niezwyk\u0142e historie, w kt\u00f3rych wszystko jest mo\u017cliwe, ba\u015b\u0144 bowiem miesza si\u0119 z jaw\u0105, a czas zmienia sw\u00f3j kierunek albo zap\u0119tla si\u0119 po wieczno\u015b\u0107\u201d (<em>Gl\u0119d\u017aby Ropucha<\/em>); \u201eopowie\u015b\u0107 o fikcyjnym bohaterze narodowym (\u2026). Jest sowizdrza\u0142em i dandysem (\u2026), partyzantem i politykiem, pustelnikiem i m\u0119\u017cem stanu. Losy ludzi, kt\u00f3rzy spotkaj\u0105 go na swej drodze, potocz\u0105 si\u0119 zupe\u0142nie inaczej, ni\u017c w znanej nam historii (\u2026) stanie si\u0119 bohaterem mitu, a liczni biografowie nigdy nie ustal\u0105 ostatecznej wersji jego \u017cyciorysu\u201d (<em>Dumanowski<\/em>). Czy zatem Szostak przez ca\u0142e \u017cycie pisze jedn\u0105 ksi\u0105\u017ck\u0119?<\/p>\n<p>Wydaje si\u0119 raczej, \u017ce obecnie zatacza ko\u0142o i \u2013 bogatszy o do\u015bwiadczenia kilkunastoletniej przygody z literatur\u0105 \u2013 wraca do swoich pocz\u0105tk\u00f3w, by odnale\u017a\u0107 co\u015b wa\u017cnego. Co to takiego? Oka\u017ce si\u0119 najpewniej w jego kolejnej ksi\u0105\u017cce.<\/p>\n","protected":false},"excerpt":{"rendered":"<p>Wydaje si\u0119, \u017ce szczup\u0142a ksi\u0105\u017ceczka ze spokojn\u0105, stonowan\u0105 ok\u0142adk\u0105 kusi powrotem do dobrze znanego mitu Odyseusza. Daje poz\u00f3r przestrzeni bliskiej i oswojonej. Nic bardziej mylnego. Cho\u0107 <em>Zagroda z\u0119b\u00f3w<\/em> ma niewielk\u0105 obj\u0119to\u015b\u0107, to zawarty w niej tekst jest g\u0119sty i z\u0142o\u017cony; posiada przy tym wiele odn\u00f3g, w kt\u00f3rych mo\u017cna si\u0119 zagubi\u0107 tak \u0142atwo, jak w labiryntach ulicy Krokodyli.<\/p>\n","protected":false},"author":581,"featured_media":40962,"comment_status":"open","ping_status":"closed","sticky":false,"template":"","format":"standard","meta":[],"categories":[1],"tags":[3768,484,2857,2858],"powerkit_post_featured":[],"coauthors":[14093],"yoast_head":"<!-- This site is optimized with the Yoast SEO plugin v18.7 - https:\/\/yoast.com\/wordpress\/plugins\/seo\/ -->\n<title>Ad fontes. Wit Szostak<\/title>\n<meta name=\"description\" content=\"Wit Szostak wykorzystuje po raz kolejny niemal taki sam zestaw \u015brodk\u00f3w.\" \/>\n<meta name=\"robots\" content=\"index, follow, max-snippet:-1, max-image-preview:large, max-video-preview:-1\" \/>\n<link rel=\"canonical\" href=\"https:\/\/ownetic.com\/magazyn\/2017\/anna-michalik-ad-fontes\" \/>\n<script type=\"application\/ld+json\" class=\"yoast-schema-graph\">{\"@context\":\"https:\/\/schema.org\",\"@graph\":[{\"@type\":\"WebSite\",\"@id\":\"https:\/\/ownetic.com\/magazyn\/#website\",\"url\":\"https:\/\/ownetic.com\/magazyn\/\",\"name\":\"Ownetic Magazine\",\"description\":\"Magazine\",\"potentialAction\":[{\"@type\":\"SearchAction\",\"target\":{\"@type\":\"EntryPoint\",\"urlTemplate\":\"https:\/\/ownetic.com\/magazyn\/?s={search_term_string}\"},\"query-input\":\"required name=search_term_string\"}],\"inLanguage\":\"pl-PL\"},{\"@type\":\"ImageObject\",\"inLanguage\":\"pl-PL\",\"@id\":\"https:\/\/ownetic.com\/magazyn\/2017\/anna-michalik-ad-fontes#primaryimage\",\"url\":\"https:\/\/ownetic.com\/magazyn\/wp-content\/uploads\/2017\/02\/wit-szostak-zagroda-zebow-powergraph-2016-12-21.jpg\",\"contentUrl\":\"https:\/\/ownetic.com\/magazyn\/wp-content\/uploads\/2017\/02\/wit-szostak-zagroda-zebow-powergraph-2016-12-21.jpg\",\"width\":\"850\",\"height\":\"1306\",\"caption\":\"Wit Szostak, \u201eZagroda z\u0119b\u00f3w\u201d, 2016 (\u017ar\u00f3d\u0142o: materia\u0142y prasowe wydawcy)\"},{\"@type\":\"WebPage\",\"@id\":\"https:\/\/ownetic.com\/magazyn\/2017\/anna-michalik-ad-fontes#webpage\",\"url\":\"https:\/\/ownetic.com\/magazyn\/2017\/anna-michalik-ad-fontes\",\"name\":\"Ad fontes. Wit Szostak\",\"isPartOf\":{\"@id\":\"https:\/\/ownetic.com\/magazyn\/#website\"},\"primaryImageOfPage\":{\"@id\":\"https:\/\/ownetic.com\/magazyn\/2017\/anna-michalik-ad-fontes#primaryimage\"},\"datePublished\":\"2017-03-01T10:00:16+00:00\",\"dateModified\":\"2020-11-05T15:02:23+00:00\",\"author\":{\"@id\":\"https:\/\/ownetic.com\/magazyn\/#\/schema\/person\/8c222bea4b1ef4615245240a9bf87eb6\"},\"description\":\"Wit Szostak wykorzystuje po raz kolejny niemal taki sam zestaw \u015brodk\u00f3w.\",\"breadcrumb\":{\"@id\":\"https:\/\/ownetic.com\/magazyn\/2017\/anna-michalik-ad-fontes#breadcrumb\"},\"inLanguage\":\"pl-PL\",\"potentialAction\":[{\"@type\":\"ReadAction\",\"target\":[\"https:\/\/ownetic.com\/magazyn\/2017\/anna-michalik-ad-fontes\"]}]},{\"@type\":\"BreadcrumbList\",\"@id\":\"https:\/\/ownetic.com\/magazyn\/2017\/anna-michalik-ad-fontes#breadcrumb\",\"itemListElement\":[{\"@type\":\"ListItem\",\"position\":1,\"name\":\"Ad fontes\"}]},{\"@type\":\"Person\",\"@id\":\"https:\/\/ownetic.com\/magazyn\/#\/schema\/person\/8c222bea4b1ef4615245240a9bf87eb6\",\"name\":\"Anna Michalik\",\"description\":\"ANNA MICHALIK \u2013 doktorantka na Wydziale Polonistyki Uniwersytetu Jagiello\u0144skiego. Interesuje si\u0119 literatur\u0105 XX i XXI wieku, now\u0105 polsk\u0105 fantastyk\u0105 oraz religioznawstwem.\",\"url\":\"https:\/\/ownetic.com\/magazyn\/author\/anna-michalik\"}]}<\/script>\n<!-- \/ Yoast SEO plugin. -->","yoast_head_json":{"title":"Ad fontes. Wit Szostak","description":"Wit Szostak wykorzystuje po raz kolejny niemal taki sam zestaw \u015brodk\u00f3w.","robots":{"index":"index","follow":"follow","max-snippet":"max-snippet:-1","max-image-preview":"max-image-preview:large","max-video-preview":"max-video-preview:-1"},"canonical":"https:\/\/ownetic.com\/magazyn\/2017\/anna-michalik-ad-fontes","schema":{"@context":"https:\/\/schema.org","@graph":[{"@type":"WebSite","@id":"https:\/\/ownetic.com\/magazyn\/#website","url":"https:\/\/ownetic.com\/magazyn\/","name":"Ownetic Magazine","description":"Magazine","potentialAction":[{"@type":"SearchAction","target":{"@type":"EntryPoint","urlTemplate":"https:\/\/ownetic.com\/magazyn\/?s={search_term_string}"},"query-input":"required name=search_term_string"}],"inLanguage":"pl-PL"},{"@type":"ImageObject","inLanguage":"pl-PL","@id":"https:\/\/ownetic.com\/magazyn\/2017\/anna-michalik-ad-fontes#primaryimage","url":"https:\/\/ownetic.com\/magazyn\/wp-content\/uploads\/2017\/02\/wit-szostak-zagroda-zebow-powergraph-2016-12-21.jpg","contentUrl":"https:\/\/ownetic.com\/magazyn\/wp-content\/uploads\/2017\/02\/wit-szostak-zagroda-zebow-powergraph-2016-12-21.jpg","width":"850","height":"1306","caption":"Wit Szostak, \u201eZagroda z\u0119b\u00f3w\u201d, 2016 (\u017ar\u00f3d\u0142o: materia\u0142y prasowe wydawcy)"},{"@type":"WebPage","@id":"https:\/\/ownetic.com\/magazyn\/2017\/anna-michalik-ad-fontes#webpage","url":"https:\/\/ownetic.com\/magazyn\/2017\/anna-michalik-ad-fontes","name":"Ad fontes. Wit Szostak","isPartOf":{"@id":"https:\/\/ownetic.com\/magazyn\/#website"},"primaryImageOfPage":{"@id":"https:\/\/ownetic.com\/magazyn\/2017\/anna-michalik-ad-fontes#primaryimage"},"datePublished":"2017-03-01T10:00:16+00:00","dateModified":"2020-11-05T15:02:23+00:00","author":{"@id":"https:\/\/ownetic.com\/magazyn\/#\/schema\/person\/8c222bea4b1ef4615245240a9bf87eb6"},"description":"Wit Szostak wykorzystuje po raz kolejny niemal taki sam zestaw \u015brodk\u00f3w.","breadcrumb":{"@id":"https:\/\/ownetic.com\/magazyn\/2017\/anna-michalik-ad-fontes#breadcrumb"},"inLanguage":"pl-PL","potentialAction":[{"@type":"ReadAction","target":["https:\/\/ownetic.com\/magazyn\/2017\/anna-michalik-ad-fontes"]}]},{"@type":"BreadcrumbList","@id":"https:\/\/ownetic.com\/magazyn\/2017\/anna-michalik-ad-fontes#breadcrumb","itemListElement":[{"@type":"ListItem","position":1,"name":"Ad fontes"}]},{"@type":"Person","@id":"https:\/\/ownetic.com\/magazyn\/#\/schema\/person\/8c222bea4b1ef4615245240a9bf87eb6","name":"Anna Michalik","description":"ANNA MICHALIK \u2013 doktorantka na Wydziale Polonistyki Uniwersytetu Jagiello\u0144skiego. Interesuje si\u0119 literatur\u0105 XX i XXI wieku, now\u0105 polsk\u0105 fantastyk\u0105 oraz religioznawstwem.","url":"https:\/\/ownetic.com\/magazyn\/author\/anna-michalik"}]}},"_links":{"self":[{"href":"https:\/\/ownetic.com\/magazyn\/wp-json\/wp\/v2\/posts\/40960"}],"collection":[{"href":"https:\/\/ownetic.com\/magazyn\/wp-json\/wp\/v2\/posts"}],"about":[{"href":"https:\/\/ownetic.com\/magazyn\/wp-json\/wp\/v2\/types\/post"}],"author":[{"embeddable":true,"href":"https:\/\/ownetic.com\/magazyn\/wp-json\/wp\/v2\/users\/581"}],"replies":[{"embeddable":true,"href":"https:\/\/ownetic.com\/magazyn\/wp-json\/wp\/v2\/comments?post=40960"}],"version-history":[{"count":2,"href":"https:\/\/ownetic.com\/magazyn\/wp-json\/wp\/v2\/posts\/40960\/revisions"}],"predecessor-version":[{"id":48661,"href":"https:\/\/ownetic.com\/magazyn\/wp-json\/wp\/v2\/posts\/40960\/revisions\/48661"}],"wp:featuredmedia":[{"embeddable":true,"href":"https:\/\/ownetic.com\/magazyn\/wp-json\/wp\/v2\/media\/40962"}],"wp:attachment":[{"href":"https:\/\/ownetic.com\/magazyn\/wp-json\/wp\/v2\/media?parent=40960"}],"wp:term":[{"taxonomy":"category","embeddable":true,"href":"https:\/\/ownetic.com\/magazyn\/wp-json\/wp\/v2\/categories?post=40960"},{"taxonomy":"post_tag","embeddable":true,"href":"https:\/\/ownetic.com\/magazyn\/wp-json\/wp\/v2\/tags?post=40960"},{"taxonomy":"powerkit_post_featured","embeddable":true,"href":"https:\/\/ownetic.com\/magazyn\/wp-json\/wp\/v2\/powerkit_post_featured?post=40960"},{"taxonomy":"author","embeddable":true,"href":"https:\/\/ownetic.com\/magazyn\/wp-json\/wp\/v2\/coauthors?post=40960"}],"curies":[{"name":"wp","href":"https:\/\/api.w.org\/{rel}","templated":true}]}}