{"id":47290,"date":"2018-11-26T11:43:20","date_gmt":"2018-11-26T10:43:20","guid":{"rendered":"https:\/\/ownetic.com\/magazyn\/?p=47290"},"modified":"2018-11-26T11:43:20","modified_gmt":"2018-11-26T10:43:20","slug":"to-nie-jest-kraj-dla-grzecznych-ludzi-na-marginesie-wystawy-rusicka-rzepecki-oronsko","status":"publish","type":"post","link":"https:\/\/ownetic.com\/magazyn\/2018\/to-nie-jest-kraj-dla-grzecznych-ludzi-na-marginesie-wystawy-rusicka-rzepecki-oronsko","title":{"rendered":"To nie jest kraj dla grzecznych ludzi. Na marginesie wystawy Rusicka \/ Rzepecki w Oro\u0144sku"},"content":{"rendered":"<p>Mocno la\u0142o, kiedy z\u00a0kilkorgiem przyjaci\u00f3\u0142 Adama, przykurczeni pod parasolami i\u00a0pochowani w\u00a0kurtkach przeciwdeszczowych, biegali\u015bmy od rze\u017aby do rze\u017aby po oro\u0144skim parku. Akurat niedawno w\u00a0Centrum Rze\u017aby Polskiej wystawiono fascynuj\u0105cego Henry\u2019ego Moore\u2019a. Wypada\u0142o zrobi\u0107 sobie \u0142adne <em>selfie<\/em>, ale jak w\u00a0tym deszczu? Ostatecznie zrobili\u015bmy tysi\u0105c zdj\u0119\u0107, na kt\u00f3rych widniejemy przemoczeni do suchej nitki i\u00a0w\u00a0fatalnych fryzurach, za to rado\u015bnie roze\u015bmiani. I\u00a0tak w\u0142a\u015bnie odczuwam sztuk\u0119 Adama Rzepeckiego \u2013 jako oddzia\u0142ywanie na odbiorc\u00f3w poprzez proste rzeczy, kt\u00f3re w\u00a0jaki\u015b spos\u00f3b \u0142\u0105cz\u0105 i\u00a0obdzielaj\u0105 rado\u015bci\u0105. Rzepecki po prostu stale wzywa nas do dzia\u0142ania. Zr\u00f3bmy co\u015b, jed\u017amy dok\u0105d\u015b, zobaczmy, spotkajmy, napiszmy, sfotografujmy, zaprotestujmy, pos\u0142uchajmy, przemy\u015blmy. Ci\u0119\u017cko oddzieli\u0107 jego sztuk\u0119 od jego osoby, bo osoba Adama jest wyj\u0105tkowo intensywna, i\u00a0kiedy ju\u017c kto\u015b trafi w\u00a0orbit\u0119 jego oddzia\u0142ywania, kr\u0105\u017cy po niej, jak te gwiazdy, kt\u00f3re tak ch\u0119tnie ostatnio maluje.<em> Co\u015b by zbroi\u0142 w\u00a0imi\u0119 Sprawy<\/em> \u2013 tak Rzepecki ma napisane na czole.<\/p>\n<figure id=\"attachment_47303\" aria-describedby=\"caption-attachment-47303\" style=\"width: 533px\" class=\"wp-caption alignnone\"><a href=\"https:\/\/ownetic.com\/magazyn\/wp-content\/uploads\/2018\/11\/rusicka-rzepecki-oronsko-2018-11-26-003.jpg\"><img loading=\"lazy\" class=\"size-medium wp-image-47303\" title=\"Irmina Rusicka i Adam Rzepecki, \u201eAquila non capit muscas\u201d, 2018, fot. J. Gaworski (\u017ar\u00f3d\u0142o: materia\u0142y prasowe organizatora)\" src=\"https:\/\/ownetic.com\/magazyn\/wp-content\/uploads\/2018\/11\/rusicka-rzepecki-oronsko-2018-11-26-003-533x800.jpg\" alt=\"Irmina Rusicka i Adam Rzepecki, \u201eAquila non capit muscas\u201d, 2018, fot. J. Gaworski (\u017ar\u00f3d\u0142o: materia\u0142y prasowe organizatora)\" width=\"533\" height=\"800\" srcset=\"https:\/\/ownetic.com\/magazyn\/wp-content\/uploads\/2018\/11\/rusicka-rzepecki-oronsko-2018-11-26-003-533x800.jpg 533w, https:\/\/ownetic.com\/magazyn\/wp-content\/uploads\/2018\/11\/rusicka-rzepecki-oronsko-2018-11-26-003-599x900.jpg 599w, https:\/\/ownetic.com\/magazyn\/wp-content\/uploads\/2018\/11\/rusicka-rzepecki-oronsko-2018-11-26-003-576x864.jpg 576w, https:\/\/ownetic.com\/magazyn\/wp-content\/uploads\/2018\/11\/rusicka-rzepecki-oronsko-2018-11-26-003.jpg 1333w\" sizes=\"(max-width: 533px) 100vw, 533px\" \/><\/a><figcaption id=\"caption-attachment-47303\" class=\"wp-caption-text\">Irmina Rusicka i Adam Rzepecki, \u201eAquila non capit muscas\u201d, 2018, fot. J. Gaworski (\u017ar\u00f3d\u0142o: materia\u0142y prasowe organizatora)<\/figcaption><\/figure>\n<p><strong>Dialog pokole\u0144<\/strong><\/p>\n<p>Czy Irmin\u0119 Rusick\u0105, m\u0142odsz\u0105 od Rzepeckiego o\u00a0dobre dwa pokolenia, przyci\u0105gn\u0119\u0142o do wsp\u00f3lnej wystawy w\u0142a\u015bnie takie <em>call for action<\/em>? Nie rozmawia\u0142am z\u00a0ni\u0105 o\u00a0tym, ale jej frajda z\u00a0odpalenia niesprawnej dot\u0105d SHL-ki przed g\u0142\u00f3wnym budynkiem Centrum w\u00a0Oro\u0144sku by\u0142a ewidentna. Tak samo, jak frajd\u0119 mia\u0142 wymalowan\u0105 na twarzy lokalny mechanik, kt\u00f3ry jeden motor Rzepeckiego posk\u0142ada\u0142 z\u00a0kilku innych. By\u0142o to po prostu co\u015b fajnego do zrobienia. Podobnie \u201efajne do zrobienia\u201d wydaj\u0105 mi si\u0119 w\u00a0og\u00f3le dzia\u0142ania cz\u0142onk\u00f3w \u0141odzi Kaliskiej; czy pracuj\u0105 razem czy osobno. Chce si\u0119 by\u0107 i\u00a0chce si\u0119 robi\u0107 co\u015b z\u00a0nimi, niewa\u017cne jak daleko przesuni\u0119te s\u0105 granice absurdu, za pomoc\u0105 kt\u00f3rego kontestuj\u0105 zastan\u0105 rzeczywisto\u015b\u0107.<\/p>\n<p>\u201eMotorem mojej sztuki jest SHL-ka\u201d, powiedzia\u0142 Rzepecki w\u0142adzom komunistycznym w\u00a0latach 80., wykonuj\u0105c rze\u017ab\u0119 i\u00a0wprowadzaj\u0105c niesprawny motor w\u00a0\u015bciany wystawiennicze. Rusicka usprawni\u0142a motor, ale zamontowa\u0142a go na stojaku, kt\u00f3ry pozwoli\u0142 maszynie porusza\u0107 si\u0119 bez motorzysty, za to jedynie po kr\u0119gu i\u00a0na wyci\u0105gni\u0119cie metalowej smyczy. Troch\u0119 jak cyrkowy nied\u017awied\u017a, grubym \u0142a\u0144cuchem przykuty do swojego rowerku, na kt\u00f3rym nauczy\u0142 si\u0119 je\u017adzi\u0107 ch\u0142ostany batem. Z\u00a0fascynacj\u0105 wpatrujemy si\u0119 w\u00a0jego dzik\u0105 si\u0142\u0119, bo na moment uda\u0142o si\u0119 j\u0105 ujarzmi\u0107, bo przez moment nikogo nie skrzywdzi<a class=\"fn-ref-mark\" href=\"#footnote-1\" id=\"refmark-1\"><sup>[1]<\/sup><\/a>.<\/p>\n<figure id=\"attachment_47301\" aria-describedby=\"caption-attachment-47301\" style=\"width: 540px\" class=\"wp-caption alignnone\"><a href=\"https:\/\/ownetic.com\/magazyn\/wp-content\/uploads\/2018\/11\/rusicka-rzepecki-oronsko-2018-11-26-001.jpg\"><img loading=\"lazy\" class=\"size-medium wp-image-47301\" title=\"Irmina Rusicka i Adam Rzepecki, fot. J. Gaworski (\u017ar\u00f3d\u0142o: materia\u0142y prasowe organizatora)\" src=\"https:\/\/ownetic.com\/magazyn\/wp-content\/uploads\/2018\/11\/rusicka-rzepecki-oronsko-2018-11-26-001-540x359.jpg\" alt=\"Irmina Rusicka i Adam Rzepecki, fot. J. Gaworski (\u017ar\u00f3d\u0142o: materia\u0142y prasowe organizatora)\" width=\"540\" height=\"359\" srcset=\"https:\/\/ownetic.com\/magazyn\/wp-content\/uploads\/2018\/11\/rusicka-rzepecki-oronsko-2018-11-26-001-540x359.jpg 540w, https:\/\/ownetic.com\/magazyn\/wp-content\/uploads\/2018\/11\/rusicka-rzepecki-oronsko-2018-11-26-001-900x599.jpg 900w, https:\/\/ownetic.com\/magazyn\/wp-content\/uploads\/2018\/11\/rusicka-rzepecki-oronsko-2018-11-26-001-576x383.jpg 576w, https:\/\/ownetic.com\/magazyn\/wp-content\/uploads\/2018\/11\/rusicka-rzepecki-oronsko-2018-11-26-001.jpg 2000w\" sizes=\"(max-width: 540px) 100vw, 540px\" \/><\/a><figcaption id=\"caption-attachment-47301\" class=\"wp-caption-text\">Irmina Rusicka i Adam Rzepecki, fot. J. Gaworski (\u017ar\u00f3d\u0142o: materia\u0142y prasowe organizatora)<\/figcaption><\/figure>\n<p><strong>Czy tak tresuje si\u0119 sztuk\u0119?<\/strong><\/p>\n<p>Czy wi\u0119c, mimo up\u0142ywu dekad, pokole\u0144 i\u00a0system\u00f3w politycznych, sztuka nadal ugania si\u0119 za w\u0142asnym ogonem rozmaitych ogranicze\u0144? Rzepecki swoj\u0105 tw\u00f3rczo\u015bci\u0105 zdaje si\u0119 m\u00f3wi\u0107, \u017ce jego wytresowa\u0107 si\u0119 nie da, a\u00a0zaanga\u017cowana spo\u0142ecznie Irmina Rusicka podejmuje pr\u00f3by potwierdzenia swojej niezgody na warunki pracy tw\u00f3rczej.<\/p>\n<p>Kim jest artysta, skoro wci\u0105\u017c na nowo musi protestowa\u0107 i\u00a0wyzwala\u0107 si\u0119 z\u00a0ram, norm i\u00a0zakaz\u00f3w, lub \u2013 wprost przeciwnie \u2013 ze z\u0142otej klatki dotacji rz\u0105dowych, politycznej mody, op\u0142acalnych trend\u00f3w rynkowych? Rzepecki, kt\u00f3remu zdarza si\u0119 zepsu\u0107 dzie\u0142a swoich koleg\u00f3w po fachu, je\u015bli uzna je za \u201esztuk\u0119 nieuczciw\u0105\u201d, uleg\u0142\u0105 systemowi, jest chyba skrajnym przyk\u0142adem przewra\u017cliwienia na prawd\u0119 tw\u00f3rcz\u0105. Ca\u0142y proces, jego zdaniem, powinien wynika\u0107 z\u00a0wewn\u0119trznych prze\u017cy\u0107 i\u00a0przekona\u0144, z\u00a0w\u0142asnej drogi artystycznej i\u00a0absolutnej uczciwo\u015bci wzgl\u0119dem siebie, nie za\u015b z\u00a0zapotrzebowania rynku czy w\u0142adzy. A\u00a0mimo to, przecie\u017c i\u00a0rynek, i\u00a0w\u0142adza kszta\u0142tuj\u0105 artyst\u0119 i\u00a0jego dzie\u0142o, niezale\u017cnie od tego czy pracuje zgodnie z\u00a0nimi, czy przeciw nim.<\/p>\n<p>Dlatego przes\u0142anie Rzepeckiego dla Irminy i\u00a0jej pokolenia (ale czy nie dla wszystkich innych?), brzmi: <em>Aquila non capit muscas<\/em> (Orze\u0142 nie \u0142owi much). Na wystawie przes\u0142anie to nie pad\u0142o z\u00a0ambony, ani z\u00a0jakiejkolwiek pozycji wy\u017cszo\u015bci \u2013 cho\u0107 tak \u0142atwo by\u0142o zrealizowa\u0107 je w\u00a0starej oro\u0144skiej kaplicy. Musia\u0142 je Rzepecki nabazgra\u0107 sprayem na murze.<\/p>\n<figure id=\"attachment_47302\" aria-describedby=\"caption-attachment-47302\" style=\"width: 540px\" class=\"wp-caption alignnone\"><a href=\"https:\/\/ownetic.com\/magazyn\/wp-content\/uploads\/2018\/11\/rusicka-rzepecki-oronsko-2018-11-26-002.jpg\"><img loading=\"lazy\" class=\"size-medium wp-image-47302\" title=\"Irmina Rusicka i Adam Rzepecki podczas pr\u00f3by odpalenia SHL-ki przed budynkiem Muzeum Rze\u017aby Wsp\u00f3\u0142czesnej w Oro\u0144sku, 23.06.2018, fot. J. Gaworski (\u017ar\u00f3d\u0142o: materia\u0142y prasowe organizatora)\" src=\"https:\/\/ownetic.com\/magazyn\/wp-content\/uploads\/2018\/11\/rusicka-rzepecki-oronsko-2018-11-26-002-540x359.jpg\" alt=\"Irmina Rusicka i Adam Rzepecki podczas pr\u00f3by odpalenia SHL-ki przed budynkiem Muzeum Rze\u017aby Wsp\u00f3\u0142czesnej w Oro\u0144sku, 23.06.2018, fot. J. Gaworski (\u017ar\u00f3d\u0142o: materia\u0142y prasowe organizatora)\" width=\"540\" height=\"359\" srcset=\"https:\/\/ownetic.com\/magazyn\/wp-content\/uploads\/2018\/11\/rusicka-rzepecki-oronsko-2018-11-26-002-540x359.jpg 540w, https:\/\/ownetic.com\/magazyn\/wp-content\/uploads\/2018\/11\/rusicka-rzepecki-oronsko-2018-11-26-002-900x599.jpg 900w, https:\/\/ownetic.com\/magazyn\/wp-content\/uploads\/2018\/11\/rusicka-rzepecki-oronsko-2018-11-26-002-576x383.jpg 576w, https:\/\/ownetic.com\/magazyn\/wp-content\/uploads\/2018\/11\/rusicka-rzepecki-oronsko-2018-11-26-002.jpg 2000w\" sizes=\"(max-width: 540px) 100vw, 540px\" \/><\/a><figcaption id=\"caption-attachment-47302\" class=\"wp-caption-text\">Irmina Rusicka i Adam Rzepecki podczas pr\u00f3by odpalenia SHL-ki przed budynkiem Muzeum Rze\u017aby Wsp\u00f3\u0142czesnej w Oro\u0144sku, 23.06.2018, fot. J. Gaworski (\u017ar\u00f3d\u0142o: materia\u0142y prasowe organizatora)<\/figcaption><\/figure>\n<p><strong>Odwrotno\u015b\u0107 porz\u0105dku<\/strong><\/p>\n<p>Jeszcze benzynowy kurz po SHL-ce nie opad\u0142, gdy Adam zacz\u0105\u0142 mnie z\u00a0t\u0142umu wyszarpywa\u0107 za r\u0119kaw: \u201eChod\u017a, chod\u017a, zobaczysz co\u015b, mamy niespodziank\u0119, ale musimy zd\u0105\u017cy\u0107 przed innymi\u2026\u201d. Cichcem wymkn\u0119li\u015bmy si\u0119 wernisa\u017cowej wycieczce, oprowadzanej po dzie\u0142ach Moore\u2019a, kt\u00f3rej ostateczn\u0105 destynacj\u0105 by\u0142a w\u0142a\u015bnie Galeria \u201eKaplica\u201d. To tutaj ulokowano g\u0142\u00f3wn\u0105 cz\u0119\u015b\u0107 wystawy Rusicka\u00a0\/\u00a0Rzepecki. Zanim jednak ekspozycja zosta\u0142a ods\u0142oni\u0119ta, zd\u0105\u017cyli oni \u2013 dw\u00f3jka niegrzecznych przedstawicieli odleg\u0142ych od siebie pokole\u0144 \u2013 r\u00f3\u017cowiutkim oczo-wiemy-jakim kolorem, wymalowa\u0107 manifest. <em>Aqiula non capit muscas<\/em> nie pad\u0142o z\u00a0ambony, lecz z\u00a0nielegalnie \u201ezbezczeszczonego\u201d muru. Czy mo\u017cna dobitniej wyg\u0142osi\u0107 sw\u00f3j antysystemowy przekaz, ni\u017c hakuj\u0105c jego ustalony porz\u0105dek<a class=\"fn-ref-mark\" href=\"#footnote-2\" id=\"refmark-2\"><sup>[2]<\/sup><\/a>?<\/p>\n<p>Zdj\u0119cie Rzepeckiego z\u00a0gestem \u201etakiego wa\u0142a\u201d pod Ministerstwem Kultury i\u00a0Sztuki trzydzie\u015bci kilka lat p\u00f3\u017aniej powt\u00f3rzy\u0142a Irmina pod Ministerstwem Kultury i\u00a0Dziedzictwa Narodowego. Historia ko\u0142em si\u0119 toczy jak ta przyspawana do stojaka SHL-ka. Szkoda, lecz nie o\u00a0tym teraz, bo oto drzwi do kaplicy otwieraj\u0105 si\u0119 i\u2026 wita nas ciemno\u015b\u0107.<\/p>\n<p>Dopiero po chwili zmys\u0142y oswajaj\u0105 si\u0119, a\u00a0m\u00f3zg, przywyk\u0142y do przepe\u0142nionych \u015bwiat\u0142em, cieniem, zapachem, struktur\u0105 i\u00a0kolorem wn\u0119trz \u015bwi\u0105tynnych, zaczyna pojmowa\u0107 now\u0105 rzeczywisto\u015b\u0107 \u2013 ow\u0105 ciemno\u015b\u0107, niepokoj\u0105ce d\u017awi\u0119ki fal kosmicznych, co minut\u0119 przerywanych wysy\u0142anym w\u00a0kosmos angielskim powitaniem \u201eHi\u201d z\u00a0d\u017awi\u0119kowej instalacji Rzepeckiego, dziwnie nisko podwieszone sklepienie z\u00a0jego czarno-bia\u0142ymi tekturkami, na kt\u00f3rych wymalowa\u0142 gwiazdy. Blado \u015bwiec\u0105ca Gwiazda Polarna ma nam wskazywa\u0107 oczywisty kierunek ku wewn\u0119trznej, lecz uniwersalnej prawdzie i\u00a0wolno\u015bci. W\u00a0przeciwnym kierunku od o\u0142tarza, nigdy do. Znad o\u0142tarzowej mensy za\u015b pulsuje matow\u0105 po\u015bwiat\u0105 d\u0142o\u0144 z\u00a0filmu Rusickiej. Wykonuje niezbyt oczywisty gest sk\u0142adania k\u0142amliwej przysi\u0119gi.<\/p>\n<p>Do tego gestu d\u0142o\u0144 zwykle schowana jest za plecami i\u00a0skierowana w\u00a0d\u00f3\u0142, tutaj, swoim umocowaniem na podwy\u017cszeniu i\u00a0kierunkowi ku g\u00f3rze, bardziej przypomina mudry ze \u015bwi\u0119tych ikon Jezusa Chrystusa. Troch\u0119 b\u0142\u0105kam si\u0119 otumaniona mi\u0119dzy tym odwr\u00f3conym porz\u0105dkiem rzeczy a\u00a0stopniowo nap\u0142ywaj\u0105cym, rozgadanym, przemoczonym t\u0142umem, kt\u00f3ry zalewa kaplic\u0119. Sacrum i\u00a0profanum w\u00a0pe\u0142nym przemieszaniu. I\u00a0wtedy \u2013 prawie potykam si\u0119 o\u00a0niewielk\u0105, ledwie pod\u015bwietlon\u0105 rze\u017ab\u0119 dw\u00f3ch stykaj\u0105cych si\u0119 ze sob\u0105 palc\u00f3w wskazuj\u0105cych obojga artyst\u00f3w.<\/p>\n<p>Adam strasznie si\u0119 irytuje na skojarzenie palc\u00f3w w\u00a0najbardziej oczywisty spos\u00f3b ze stworzeniem pierwszego cz\u0142owieka na fresku Micha\u0142a Anio\u0142a, nomen omen Adama. Prawie si\u0119 unosi, \u017ce wprost przeciwnie, \u017ce tu chodzi o\u00a0pewn\u0105 konfrontacj\u0119, \u017ce palce w\u00a0jego rze\u017abie napieraj\u0105 na siebie, jakby by\u0142y w\u00a0natarciu i\u00a0nie ma mi\u0119dzy nimi wygranej ani przegranej. Jakkolwiek by jednak nie rozumie\u0107 tej pracy, mi\u0119dzypokoleniowe po\u0142\u0105czenie przewodzi iskr\u0119 stworzenia \u2013 czy to za pomoc\u0105 konfrontacji, czy te\u017c bezpo\u015bredniej inspiracji i\u00a0wsp\u00f3lnie wyznawanych warto\u015bci.<\/p>\n<p>Irmina jeszcze pr\u00f3buje dyskutowa\u0107 z\u00a0tymi warto\u015bciami, umo\u017cliwiaj\u0105c zwiedzaj\u0105cym za\u017cycie gazu rozweselaj\u0105cego wprost z\u00a0kolorowych balonik\u00f3w. Mo\u017cna wprawi\u0107 si\u0119 w\u00a0weso\u0142y nastr\u00f3j, kt\u00f3ry pozwoli przewrotnie spojrze\u0107 na powag\u0119 sytuacji. W\u00a0ten oto spos\u00f3b sama za\u017cartuje ze znanego na Facebooku has\u0142a Rzepeckiego <em>Nie ma \u017cart\u00f3w<\/em> i\u00a0jeszcze raz str\u0105ci i\u00a0sztuk\u0119, i\u00a0warto\u015bci z\u00a0piedesta\u0142u. A\u00a0dalej postawi siebie przed kamer\u0105 i\u00a0b\u0119dzie tak d\u0142ugo wykonywa\u0107 uprzejme miny i\u00a0u\u015bmiechy, a\u017c jej cia\u0142o na poziomie fizjologicznym odm\u00f3wi pos\u0142usze\u0144stwa, i\u00a0na twarzy, zamiast uprzejmo\u015bci, pojawi\u0105 si\u0119 grymasy b\u00f3lu i\u00a0skrywanego smutku. B\u0119dzie to oczywiste nawi\u0105zanie do performans\u00f3w Mariny Abramovi\u0107, znowu z\u00a0pokolenia Adama, tym razem dyskutuj\u0105ce ze sztucznym \u017cyciem w\u00a0Internetach \u015blicznego na pokaz pokolenia IKEA.<\/p>\n<figure id=\"attachment_47300\" aria-describedby=\"caption-attachment-47300\" style=\"width: 540px\" class=\"wp-caption alignnone\"><a href=\"https:\/\/ownetic.com\/magazyn\/wp-content\/uploads\/2018\/11\/rusicka-rzepecki-oronsko-2018-11-26-004.jpg\"><img loading=\"lazy\" class=\"size-medium wp-image-47300\" title=\"Adam Rzepecki, \u201eMeeting Point\u201d, 2018, fot. J. Gaworski (\u017ar\u00f3d\u0142o: materia\u0142y prasowe organizatora)\" src=\"https:\/\/ownetic.com\/magazyn\/wp-content\/uploads\/2018\/11\/rusicka-rzepecki-oronsko-2018-11-26-004-540x359.jpg\" alt=\"Adam Rzepecki, \u201eMeeting Point\u201d, 2018, fot. J. Gaworski (\u017ar\u00f3d\u0142o: materia\u0142y prasowe organizatora)\" width=\"540\" height=\"359\" srcset=\"https:\/\/ownetic.com\/magazyn\/wp-content\/uploads\/2018\/11\/rusicka-rzepecki-oronsko-2018-11-26-004-540x359.jpg 540w, https:\/\/ownetic.com\/magazyn\/wp-content\/uploads\/2018\/11\/rusicka-rzepecki-oronsko-2018-11-26-004-1400x933.jpg 1400w, https:\/\/ownetic.com\/magazyn\/wp-content\/uploads\/2018\/11\/rusicka-rzepecki-oronsko-2018-11-26-004-1920x1280.jpg 1920w, https:\/\/ownetic.com\/magazyn\/wp-content\/uploads\/2018\/11\/rusicka-rzepecki-oronsko-2018-11-26-004-800x533.jpg 800w, https:\/\/ownetic.com\/magazyn\/wp-content\/uploads\/2018\/11\/rusicka-rzepecki-oronsko-2018-11-26-004-1536x1024.jpg 1536w, https:\/\/ownetic.com\/magazyn\/wp-content\/uploads\/2018\/11\/rusicka-rzepecki-oronsko-2018-11-26-004-120x80.jpg 120w, https:\/\/ownetic.com\/magazyn\/wp-content\/uploads\/2018\/11\/rusicka-rzepecki-oronsko-2018-11-26-004-90x60.jpg 90w, https:\/\/ownetic.com\/magazyn\/wp-content\/uploads\/2018\/11\/rusicka-rzepecki-oronsko-2018-11-26-004-320x213.jpg 320w, https:\/\/ownetic.com\/magazyn\/wp-content\/uploads\/2018\/11\/rusicka-rzepecki-oronsko-2018-11-26-004-560x373.jpg 560w, https:\/\/ownetic.com\/magazyn\/wp-content\/uploads\/2018\/11\/rusicka-rzepecki-oronsko-2018-11-26-004-1160x773.jpg 1160w, https:\/\/ownetic.com\/magazyn\/wp-content\/uploads\/2018\/11\/rusicka-rzepecki-oronsko-2018-11-26-004-900x599.jpg 900w, https:\/\/ownetic.com\/magazyn\/wp-content\/uploads\/2018\/11\/rusicka-rzepecki-oronsko-2018-11-26-004-576x383.jpg 576w, https:\/\/ownetic.com\/magazyn\/wp-content\/uploads\/2018\/11\/rusicka-rzepecki-oronsko-2018-11-26-004.jpg 2000w\" sizes=\"(max-width: 540px) 100vw, 540px\" \/><\/a><figcaption id=\"caption-attachment-47300\" class=\"wp-caption-text\">Adam Rzepecki, \u201eMeeting Point\u201d, 2018, fot. J. Gaworski (\u017ar\u00f3d\u0142o: materia\u0142y prasowe organizatora)<\/figcaption><\/figure>\n<p><strong>Niebo gwia\u017adziste nade mn\u0105, prawo moralne we mnie<\/strong><\/p>\n<p>Finisa\u017c wystawy ods\u0142ania ostatnie, ukryte w\u00a0mroku pod ciemn\u0105 materi\u0105 dzie\u0142o Rzepeckiego \u2013 tablic\u0119 nagrobn\u0105, kt\u00f3r\u0105 sam sobie w\u00a0kaplicy wystawi\u0142. Obok wmurowanych tablic pami\u0105tkowych i\u00a0proch\u00f3w oro\u0144skich fundator\u00f3w i\u00a0zas\u0142u\u017conych, zawis\u0142 odwa\u017cny manifest <em>Non omnis moriar<\/em> (Nie wszystek umr\u0119) z\u00a0przenikaj\u0105cym si\u0119 imieniem, nazwiskiem i\u00a0rokiem urodzenia artysty. Szcz\u0119\u015bliwie bez wolnego miejsca na rok zgonu.<\/p>\n<p>Czy jest to pomnik postawiony samemu sobie, czy mo\u017ce silna wiara w\u00a0to, \u017ce wyznawane warto\u015bci nie przepadn\u0105 ze \u015bmierci\u0105 artysty? Mo\u017ce poniesie je kolejna generacja tw\u00f3rc\u00f3w i\u00a0ludzi dobrej woli? Bo czy owe malowane akrylem na tekturowych pude\u0142kach gwiazdy przetrwaj\u0105 pr\u00f3b\u0119 czasu? Rzepecki zdaje si\u0119 dba\u0107 o\u00a0to najmniej. Mo\u017ce, gdy na swojej g\u00f3rze w\u00a0Beskidzie, sam jeden jedyny po wiele tygodni w\u00a0roku, wpatruje si\u0119 w\u00a0pot\u0119g\u0119 Kosmosu nad sob\u0105 wie, \u017ce nie musi?  <\/p>\n<div id=\"footnote-list\" style=\"display:inherit\"><span id=fn-heading>Poka\u017c przypisy<\/span> &nbsp;&nbsp;&nbsp;(\u21b5 returns to text)<\/p>\n<ol>\n<li id=\"footnote-1\" class=\"fn-text\"><a href=\"https:\/\/www.facebook.com\/renata.rusnak.organic\/videos\/vb.100004323363956\/1074204899400279\/\" target=\"_blank\">https:\/\/www.facebook.com\/renata.rusnak.organic\/videos\/vb.100004323363956\/1074204899400279\/<\/a><a href=\"#refmark-1\">\u21b5<\/a><\/li>\n<li id=\"footnote-2\" class=\"fn-text\"><a href=\"https:\/\/www.facebook.com\/renata.rusnak.organic\/videos\/vb.100004323363956\/1074279699392799\/\" target=\"_blank\">https:\/\/www.facebook.com\/renata.rusnak.organic\/videos\/vb.100004323363956\/1074279699392799\/<\/a><a href=\"#refmark-2\">\u21b5<\/a><\/li>\n<\/ol>\n<\/div>\n","protected":false},"excerpt":{"rendered":"<p>Czy Irmin\u0119 Rusick\u0105, m\u0142odsz\u0105 od Rzepeckiego o dobre dwa pokolenia, przyci\u0105gn\u0119\u0142o do wsp\u00f3lnej wystawy w\u0142a\u015bnie takie <em>call for action<\/em>? Nie rozmawia\u0142am z ni\u0105 o tym, ale jej frajda z odpalenia niesprawnej dot\u0105d SHL-ki przed g\u0142\u00f3wnym budynkiem Centrum w Oro\u0144sku by\u0142a ewidentna. Tak samo, jak frajd\u0119 mia\u0142 wymalowan\u0105 na twarzy lokalny mechanik, kt\u00f3ry jeden motor Rzepeckiego posk\u0142ada\u0142 z kilku innych. By\u0142o to po prostu co\u015b fajnego do zrobienia. Podobnie \u201efajne do zrobienia\u201d wydaj\u0105 mi si\u0119 w og\u00f3le dzia\u0142ania cz\u0142onk\u00f3w \u0141odzi Kaliskiej; czy pracuj\u0105 razem czy osobno. Chce si\u0119 by\u0107 i chce si\u0119 robi\u0107 co\u015b z nimi, niewa\u017cne jak daleko przesuni\u0119te s\u0105 granice absurdu, za pomoc\u0105 kt\u00f3rego kontestuj\u0105 zastan\u0105 rzeczywisto\u015b\u0107.<\/p>\n","protected":false},"author":862,"featured_media":47300,"comment_status":"open","ping_status":"closed","sticky":false,"template":"","format":"standard","meta":[],"categories":[1],"tags":[2472,186,6439,2226,7171],"powerkit_post_featured":[],"coauthors":[7170],"yoast_head":"<!-- This site is optimized with the Yoast SEO plugin v18.7 - https:\/\/yoast.com\/wordpress\/plugins\/seo\/ -->\n<title>To nie jest kraj dla grzecznych ludzi. Na marginesie wystawy Rusicka \/ Rzepecki w Oro\u0144sku<\/title>\n<meta name=\"description\" content=\"Rzepecki po prostu stale wzywa nas do dzia\u0142ania. Zr\u00f3bmy co\u015b, jed\u017amy dok\u0105d\u015b, zobaczmy, spotkajmy, napiszmy, sfotografujmy, zaprotestujmy, pos\u0142uchajmy, przemy\u015blmy. Renata Rusnak o wystawie Rusicka \/ Rzepecki\" \/>\n<meta name=\"robots\" content=\"index, follow, max-snippet:-1, max-image-preview:large, max-video-preview:-1\" \/>\n<link rel=\"canonical\" href=\"https:\/\/ownetic.com\/magazyn\/2018\/to-nie-jest-kraj-dla-grzecznych-ludzi-na-marginesie-wystawy-rusicka-rzepecki-oronsko\" \/>\n<script type=\"application\/ld+json\" class=\"yoast-schema-graph\">{\"@context\":\"https:\/\/schema.org\",\"@graph\":[{\"@type\":\"WebSite\",\"@id\":\"https:\/\/ownetic.com\/magazyn\/#website\",\"url\":\"https:\/\/ownetic.com\/magazyn\/\",\"name\":\"Ownetic Magazine\",\"description\":\"Magazine\",\"potentialAction\":[{\"@type\":\"SearchAction\",\"target\":{\"@type\":\"EntryPoint\",\"urlTemplate\":\"https:\/\/ownetic.com\/magazyn\/?s={search_term_string}\"},\"query-input\":\"required name=search_term_string\"}],\"inLanguage\":\"pl-PL\"},{\"@type\":\"ImageObject\",\"inLanguage\":\"pl-PL\",\"@id\":\"https:\/\/ownetic.com\/magazyn\/2018\/to-nie-jest-kraj-dla-grzecznych-ludzi-na-marginesie-wystawy-rusicka-rzepecki-oronsko#primaryimage\",\"url\":\"https:\/\/ownetic.com\/magazyn\/wp-content\/uploads\/2018\/11\/rusicka-rzepecki-oronsko-2018-11-26-004.jpg\",\"contentUrl\":\"https:\/\/ownetic.com\/magazyn\/wp-content\/uploads\/2018\/11\/rusicka-rzepecki-oronsko-2018-11-26-004.jpg\",\"width\":2000,\"height\":1333,\"caption\":\"Adam Rzepecki, \u201eMeeting Point\u201d, 2018, fot. J. Gaworski (\u017ar\u00f3d\u0142o: materia\u0142y prasowe organizatora)\"},{\"@type\":\"WebPage\",\"@id\":\"https:\/\/ownetic.com\/magazyn\/2018\/to-nie-jest-kraj-dla-grzecznych-ludzi-na-marginesie-wystawy-rusicka-rzepecki-oronsko#webpage\",\"url\":\"https:\/\/ownetic.com\/magazyn\/2018\/to-nie-jest-kraj-dla-grzecznych-ludzi-na-marginesie-wystawy-rusicka-rzepecki-oronsko\",\"name\":\"To nie jest kraj dla grzecznych ludzi. Na marginesie wystawy Rusicka \/ Rzepecki w Oro\u0144sku\",\"isPartOf\":{\"@id\":\"https:\/\/ownetic.com\/magazyn\/#website\"},\"primaryImageOfPage\":{\"@id\":\"https:\/\/ownetic.com\/magazyn\/2018\/to-nie-jest-kraj-dla-grzecznych-ludzi-na-marginesie-wystawy-rusicka-rzepecki-oronsko#primaryimage\"},\"datePublished\":\"2018-11-26T10:43:20+00:00\",\"dateModified\":\"2018-11-26T10:43:20+00:00\",\"author\":{\"@id\":\"https:\/\/ownetic.com\/magazyn\/#\/schema\/person\/0df82aa91d70c454610224ee24b915fa\"},\"description\":\"Rzepecki po prostu stale wzywa nas do dzia\u0142ania. Zr\u00f3bmy co\u015b, jed\u017amy dok\u0105d\u015b, zobaczmy, spotkajmy, napiszmy, sfotografujmy, zaprotestujmy, pos\u0142uchajmy, przemy\u015blmy. Renata Rusnak o wystawie Rusicka \/ Rzepecki\",\"breadcrumb\":{\"@id\":\"https:\/\/ownetic.com\/magazyn\/2018\/to-nie-jest-kraj-dla-grzecznych-ludzi-na-marginesie-wystawy-rusicka-rzepecki-oronsko#breadcrumb\"},\"inLanguage\":\"pl-PL\",\"potentialAction\":[{\"@type\":\"ReadAction\",\"target\":[\"https:\/\/ownetic.com\/magazyn\/2018\/to-nie-jest-kraj-dla-grzecznych-ludzi-na-marginesie-wystawy-rusicka-rzepecki-oronsko\"]}]},{\"@type\":\"BreadcrumbList\",\"@id\":\"https:\/\/ownetic.com\/magazyn\/2018\/to-nie-jest-kraj-dla-grzecznych-ludzi-na-marginesie-wystawy-rusicka-rzepecki-oronsko#breadcrumb\",\"itemListElement\":[{\"@type\":\"ListItem\",\"position\":1,\"name\":\"To nie jest kraj dla grzecznych ludzi. Na marginesie wystawy Rusicka \/ Rzepecki w Oro\u0144sku\"}]},{\"@type\":\"Person\",\"@id\":\"https:\/\/ownetic.com\/magazyn\/#\/schema\/person\/0df82aa91d70c454610224ee24b915fa\",\"name\":\"Renata Rusnak\",\"url\":\"https:\/\/ownetic.com\/magazyn\/author\/rrusnak\"}]}<\/script>\n<!-- \/ Yoast SEO plugin. -->","yoast_head_json":{"title":"To nie jest kraj dla grzecznych ludzi. Na marginesie wystawy Rusicka \/ Rzepecki w Oro\u0144sku","description":"Rzepecki po prostu stale wzywa nas do dzia\u0142ania. Zr\u00f3bmy co\u015b, jed\u017amy dok\u0105d\u015b, zobaczmy, spotkajmy, napiszmy, sfotografujmy, zaprotestujmy, pos\u0142uchajmy, przemy\u015blmy. Renata Rusnak o wystawie Rusicka \/ Rzepecki","robots":{"index":"index","follow":"follow","max-snippet":"max-snippet:-1","max-image-preview":"max-image-preview:large","max-video-preview":"max-video-preview:-1"},"canonical":"https:\/\/ownetic.com\/magazyn\/2018\/to-nie-jest-kraj-dla-grzecznych-ludzi-na-marginesie-wystawy-rusicka-rzepecki-oronsko","schema":{"@context":"https:\/\/schema.org","@graph":[{"@type":"WebSite","@id":"https:\/\/ownetic.com\/magazyn\/#website","url":"https:\/\/ownetic.com\/magazyn\/","name":"Ownetic Magazine","description":"Magazine","potentialAction":[{"@type":"SearchAction","target":{"@type":"EntryPoint","urlTemplate":"https:\/\/ownetic.com\/magazyn\/?s={search_term_string}"},"query-input":"required name=search_term_string"}],"inLanguage":"pl-PL"},{"@type":"ImageObject","inLanguage":"pl-PL","@id":"https:\/\/ownetic.com\/magazyn\/2018\/to-nie-jest-kraj-dla-grzecznych-ludzi-na-marginesie-wystawy-rusicka-rzepecki-oronsko#primaryimage","url":"https:\/\/ownetic.com\/magazyn\/wp-content\/uploads\/2018\/11\/rusicka-rzepecki-oronsko-2018-11-26-004.jpg","contentUrl":"https:\/\/ownetic.com\/magazyn\/wp-content\/uploads\/2018\/11\/rusicka-rzepecki-oronsko-2018-11-26-004.jpg","width":2000,"height":1333,"caption":"Adam Rzepecki, \u201eMeeting Point\u201d, 2018, fot. J. Gaworski (\u017ar\u00f3d\u0142o: materia\u0142y prasowe organizatora)"},{"@type":"WebPage","@id":"https:\/\/ownetic.com\/magazyn\/2018\/to-nie-jest-kraj-dla-grzecznych-ludzi-na-marginesie-wystawy-rusicka-rzepecki-oronsko#webpage","url":"https:\/\/ownetic.com\/magazyn\/2018\/to-nie-jest-kraj-dla-grzecznych-ludzi-na-marginesie-wystawy-rusicka-rzepecki-oronsko","name":"To nie jest kraj dla grzecznych ludzi. Na marginesie wystawy Rusicka \/ Rzepecki w Oro\u0144sku","isPartOf":{"@id":"https:\/\/ownetic.com\/magazyn\/#website"},"primaryImageOfPage":{"@id":"https:\/\/ownetic.com\/magazyn\/2018\/to-nie-jest-kraj-dla-grzecznych-ludzi-na-marginesie-wystawy-rusicka-rzepecki-oronsko#primaryimage"},"datePublished":"2018-11-26T10:43:20+00:00","dateModified":"2018-11-26T10:43:20+00:00","author":{"@id":"https:\/\/ownetic.com\/magazyn\/#\/schema\/person\/0df82aa91d70c454610224ee24b915fa"},"description":"Rzepecki po prostu stale wzywa nas do dzia\u0142ania. Zr\u00f3bmy co\u015b, jed\u017amy dok\u0105d\u015b, zobaczmy, spotkajmy, napiszmy, sfotografujmy, zaprotestujmy, pos\u0142uchajmy, przemy\u015blmy. Renata Rusnak o wystawie Rusicka \/ Rzepecki","breadcrumb":{"@id":"https:\/\/ownetic.com\/magazyn\/2018\/to-nie-jest-kraj-dla-grzecznych-ludzi-na-marginesie-wystawy-rusicka-rzepecki-oronsko#breadcrumb"},"inLanguage":"pl-PL","potentialAction":[{"@type":"ReadAction","target":["https:\/\/ownetic.com\/magazyn\/2018\/to-nie-jest-kraj-dla-grzecznych-ludzi-na-marginesie-wystawy-rusicka-rzepecki-oronsko"]}]},{"@type":"BreadcrumbList","@id":"https:\/\/ownetic.com\/magazyn\/2018\/to-nie-jest-kraj-dla-grzecznych-ludzi-na-marginesie-wystawy-rusicka-rzepecki-oronsko#breadcrumb","itemListElement":[{"@type":"ListItem","position":1,"name":"To nie jest kraj dla grzecznych ludzi. Na marginesie wystawy Rusicka \/ Rzepecki w Oro\u0144sku"}]},{"@type":"Person","@id":"https:\/\/ownetic.com\/magazyn\/#\/schema\/person\/0df82aa91d70c454610224ee24b915fa","name":"Renata Rusnak","url":"https:\/\/ownetic.com\/magazyn\/author\/rrusnak"}]}},"_links":{"self":[{"href":"https:\/\/ownetic.com\/magazyn\/wp-json\/wp\/v2\/posts\/47290"}],"collection":[{"href":"https:\/\/ownetic.com\/magazyn\/wp-json\/wp\/v2\/posts"}],"about":[{"href":"https:\/\/ownetic.com\/magazyn\/wp-json\/wp\/v2\/types\/post"}],"author":[{"embeddable":true,"href":"https:\/\/ownetic.com\/magazyn\/wp-json\/wp\/v2\/users\/862"}],"replies":[{"embeddable":true,"href":"https:\/\/ownetic.com\/magazyn\/wp-json\/wp\/v2\/comments?post=47290"}],"version-history":[{"count":0,"href":"https:\/\/ownetic.com\/magazyn\/wp-json\/wp\/v2\/posts\/47290\/revisions"}],"wp:featuredmedia":[{"embeddable":true,"href":"https:\/\/ownetic.com\/magazyn\/wp-json\/wp\/v2\/media\/47300"}],"wp:attachment":[{"href":"https:\/\/ownetic.com\/magazyn\/wp-json\/wp\/v2\/media?parent=47290"}],"wp:term":[{"taxonomy":"category","embeddable":true,"href":"https:\/\/ownetic.com\/magazyn\/wp-json\/wp\/v2\/categories?post=47290"},{"taxonomy":"post_tag","embeddable":true,"href":"https:\/\/ownetic.com\/magazyn\/wp-json\/wp\/v2\/tags?post=47290"},{"taxonomy":"powerkit_post_featured","embeddable":true,"href":"https:\/\/ownetic.com\/magazyn\/wp-json\/wp\/v2\/powerkit_post_featured?post=47290"},{"taxonomy":"author","embeddable":true,"href":"https:\/\/ownetic.com\/magazyn\/wp-json\/wp\/v2\/coauthors?post=47290"}],"curies":[{"name":"wp","href":"https:\/\/api.w.org\/{rel}","templated":true}]}}