{"id":48,"date":"2010-09-25T12:53:56","date_gmt":"2010-09-25T10:53:56","guid":{"rendered":"http:\/\/blog.o.pl\/chrzaszcz-brzmi-w-trzcinie\/?p=48"},"modified":"2020-11-05T10:54:15","modified_gmt":"2020-11-05T09:54:15","slug":"jonsi-sigur-ros-sacrum-profanum-2010","status":"publish","type":"post","link":"https:\/\/ownetic.com\/magazyn\/2010\/jonsi-sigur-ros-sacrum-profanum-2010","title":{"rendered":"J\u00f3nsi"},"content":{"rendered":"<p>Widzia\u0142am kiedy\u015b grafik\u0119 z przekrojem pokrywy \u015bnie\u017cnej Islandii. To nie to samo co nasz polski \u015bnieg. Ten wyspiarski jest kolorowy. Od bieli przez odcienie&nbsp;niebiesko-szaro\u015bci&nbsp;a\u017c po grafit i czer\u0144. Nie mam pewno\u015bci, ale o\u015bmiel\u0119 si\u0119 wysnu\u0107 powa\u017cne przypuszczenie, \u017ce wszystko na Islandii jest w\u0142a\u015bnie takie: r\u00f3\u017cnobarwne, malownicze, zaskakuj\u0105ce. A ju\u017c na pewno taka w\u0142a\u015bnie jest muzyka stamt\u0105d pochodz\u0105ca. Pora\u017caj\u0105ce przestrzenno\u015bci\u0105 kompozycje Sigur R\u00f3s, zawsze inna, zawsze \u015bwietna Bj\u00f6rk, pr\u00f3buj\u0105cy uwra\u017cliwi\u0107 publiczno\u015b\u0107 na muzyk\u0119 klasyczn\u0105 \u00d3lafur Arnalds, wci\u0105\u017c eksperymentuj\u0105cy M\u00fam, delikatny Hjaltal\u00edn, ciep\u0142a i urzekaj\u0105ca Emil\u00edana Torrini, \u017cywio\u0142owy FM Belfast i wielu, wielu innych wykonawc\u00f3w tworz\u0105cych oryginaln\u0105 i niepowtarzaln\u0105 scen\u0119 muzyczn\u0105 Islandii.<\/p>\n<p>O jej niezwyk\u0142o\u015bci polska publiczno\u015b\u0107 mia\u0142a okazj\u0119 przekona\u0107 si\u0119 wielokrotnie, gdy\u017c wszyscy z powy\u017cej wymienionych artyst\u00f3w go\u015bcili ju\u017c w naszym kraju. Nie tylko oni zreszt\u0105.<\/p>\n<p>W miniony weekend, w ramach krakowskiego Sacrum Profanum nadarzy\u0142a si\u0119 okazja podziwiania talentu wielkiej osobowo\u015bci wsp\u00f3\u0142czesnej sceny muzycznej w og\u00f3lno\u015bci. Na koncertach zamykaj\u0105cych \u00f3sm\u0105 edycj\u0119&nbsp;Festiwalu&nbsp;(nota bene w ca\u0142o\u015bci dedykowan\u0105 tw\u00f3rczo\u015bci muzyk\u00f3w z Islandii) wyst\u0105pi\u0142 J\u00f3nsi \u2013 wokalista i gitarzysta legendarnej ju\u017c grupy Sigur R\u00f3s, kt\u00f3ry tym razem przyjecha\u0142 do nas z materia\u0142em ze swojego solowego projektu.<\/p>\n<p>Szumne zapowiedzi wielkiego widowiska multimedialnego na szcz\u0119\u015bcie okaza\u0142y si\u0119 przesadzone. W niczym nie ujmuje to jednak przedstawieniu, kt\u00f3rego mia\u0142am okazj\u0119 by\u0107 \u015bwiadkiem. Wr\u0119cz przeciwnie. Co prawda momentami by\u0142am rozdarta \u2013 mia\u0142am ochot\u0119 zamkn\u0105\u0107 oczy i ws\u0142uchiwa\u0107 si\u0119 w ka\u017cdy meander kompozycji, a jednocze\u015bnie po\u017cera\u0107 wzrokiem to co dzieje si\u0119 na scenie, nie sta\u0142o si\u0119 jednak to czego mo\u017cna si\u0119 by\u0142o obawia\u0107 po takich okre\u015bleniach maj\u0105cego nast\u0105pi\u0107 koncertu \u2013 otoczka nie przys\u0142oni\u0142a sedna. Wszystko by\u0142o doskonale wywa\u017cone i splecione, a ten kto widzia\u0142 wie, \u017ce trudno opisa\u0107 to co dzia\u0142o si\u0119 na scenie. A dzia\u0142o si\u0119 wiele. Nie przez przypadek nazwa\u0142am koncert przedstawieniem. Mia\u0142 on swoj\u0105 dramaturgi\u0119, i doskonale przemy\u015blany uk\u0142ad, dzi\u0119ki, kt\u00f3remu muzykom uda\u0142o si\u0119 niemal zahipnotyzowa\u0107 widowni\u0119. Ka\u017cda kolejna wizualizacja i aran\u017cacja sceny mia\u0142a swoj\u0105 urokliw\u0105 si\u0142\u0119.<\/p>\n<p>Cichy, oszcz\u0119dny pierwszy utw\u00f3r z wy\u0142aniaj\u0105cym si\u0119 z ciemno\u015bci bohaterem wieczoru by\u0142 doskona\u0142ym preludium do tego co mia\u0142o nast\u0105pi\u0107 p\u00f3\u017aniej. W utworze Hengil\u00e1s perkusista doskona\u0142y, jakim okaza\u0142 si\u0119 by\u0107 Thorvaldur Th\u00f3r Thorvaldsson (trzykrotnie pojawiaj\u0105cy si\u0119 w jego nazwisku Thor uprawnia w moim mniemaniu nazywanie go W\u0142adc\u0105 Grzmot\u00f3w; co wi\u0119cej wcale nie jest to okre\u015blenie przesadzone), zaskoczy\u0142 smykami, kt\u00f3rymi niezwyk\u0142e d\u017awi\u0119ki wydobywa\u0142 z wibrafonu. Zaraz p\u00f3\u017aniej nast\u0105pi\u0142a chwila, kt\u00f3ra musia\u0142a zrobi\u0107 wra\u017cenie na wszystkich, kt\u00f3rzy tak jak ja po raz pierwszy mieli okazj\u0119 uczestniczy\u0107 w koncercie w Hali Ocynowni Elektrolitycznej. W miar\u0119 narastania d\u017awi\u0119ku perkusji w ogromnej sali wytworzy\u0142o si\u0119 co\u015b na kszta\u0142t magicznego rezonansu. Wszystkie metalowe konstrukcje zagra\u0142y razem z sekcj\u0105 rytmiczn\u0105. Mia\u0142o to w sobie wielk\u0105 si\u0142\u0119, z jednej strony zachwycaj\u0105c\u0105, z drugiej przera\u017caj\u0105c\u0105. Nie wydaje mi si\u0119 te\u017c aby ktokolwiek m\u00f3g\u0142 szybko zapomnie\u0107 o wy\u015bmienitej wizualizacji z wilkiem i jeleniem, zmieniaj\u0105cym si\u0119 wraz z rozwojem Kolni\u00f0ur w ogromnego jastrz\u0119bia (?).<\/p>\n<p>A potem wyciszenie. Nie trwa\u0142o ono jednak d\u0142ugo. Po dw\u00f3ch utworach, w Ukulele, powr\u00f3ci\u0142a moc perkusji, a wraz z ni\u0105 dr\u017c\u0105ce \u015bciany Ocynowni. Magia. Kolejnym czaruj\u0105cym momentem by\u0142o wykonanie Animal Arithmetic, doskonale wzbogaconego wizualizacj\u0105 z mr\u00f3wkami, kt\u00f3re biega\u0142y z pocz\u0105tku chaotycznie, by w ko\u0144c\u00f3wce zgodnie ponie\u015b\u0107 ze sceny wszystko co napotka\u0142y na swojej drodze. Pozwoli\u0142o to na zupe\u0142n\u0105 zmian\u0119 aran\u017cacji przestrzeni. Scena zamieni\u0142a si\u0119 nagle w miejsce bajkowe i zaskakuj\u0105co prywatne. Bez wizualizacji, w ciep\u0142ym \u015bwietle padaj\u0105cym z g\u00f3ry aktorzy wieczoru przez kolejnych kilka minut przywodzili na my\u015bl krasnoludki pracuj\u0105ce w swoim warsztacie. W czerwonych kubraczkach. Majstruj\u0105ce przy czym\u015b i niezdaj\u0105ce sobie sprawy z tego, \u017ce kto\u015b ich obserwuje. Zawi\u00f3d\u0142 si\u0119 jednak ten kto my\u015bla\u0142, \u017ce w tak kameralnym nastroju pozostaniemy do ko\u0144ca wyst\u0119pu. Around Us nie pozostawi\u0142o w\u0105tpliwo\u015bci. Uczestniczyli\u015bmy w koncercie wizjonera i szamana. Efekty mikrofonu w\u0142\u0105czane ju\u017c wcze\u015bniej, cho\u0107by w Animal Arthmetic, tym razem sta\u0142y si\u0119 jeszcze bardziej spektakularne, a miksowany na \u017cywo falset wokalisty okaza\u0142 si\u0119 momentem kulminacyjnym koncertu. Po kr\u00f3tkiej przerwie, muzycy wr\u00f3cili na scen\u0119, aby wykona\u0107 jeszcze dwie kompozycje. J\u00f3nsi w pi\u00f3ropuszu wykonuj\u0105c sw\u00f3j taniec przywodzi\u0142 na my\u015bl kap\u0142ana zapomnianego plemienia. A w tle rozp\u0119ta\u0142a si\u0119 wielka burza. Porywaj\u0105cy, mistyczny wr\u0119cz fina\u0142. Trudno by\u0142o si\u0119 otrz\u0105sn\u0105\u0107 po tej zawierusze. Wichura, pioruny i \u015bnieg. No w\u0142a\u015bnie \u015bnieg. Jak zwykle wszystko zasypa\u0142 \u015bnieg.<\/p>\n<p>PS. Je\u015bli komu\u015b wci\u0105\u017c ma\u0142o mro\u017anych wra\u017ce\u0144 , ju\u017c w listopadzie z czterema koncertami w Polsce &#8211; \u00d3lafur Arnalds. Ja ju\u017c nie mog\u0119 si\u0119 doczeka\u0107!<\/p>\n<p><em>Dorota S\u0142oniewska<\/em><\/p>\n","protected":false},"excerpt":{"rendered":"<p>Widzia\u0142am kiedy\u015b grafik\u0119 z przekrojem pokrywy \u015bnie\u017cnej Islandii. To nie to samo co nasz polski \u015bnieg. Ten wyspiarski jest kolorowy. Od bieli przez odcienie niebieskoszaro\u015bci a\u017c po grafit i czer\u0144. Nie mam pewno\u015bci, ale o\u015bmiel\u0119 si\u0119 wysnu\u0107 powa\u017cne przypuszczenie, \u017ce wszystko na Islandii jest w\u0142a\u015bnie takie: r\u00f3\u017cnobarwne, malownicze, zaskakuj\u0105ce. A ju\u017c na pewno taka w\u0142a\u015bnie jest muzyka stamt\u0105d pochodz\u0105ca. <\/p>\n","protected":false},"author":17,"featured_media":0,"comment_status":"open","ping_status":"open","sticky":false,"template":"","format":"standard","meta":[],"categories":[1],"tags":[856,857,858,56,862,863,864],"powerkit_post_featured":[],"coauthors":[14122],"yoast_head":"<!-- This site is optimized with the Yoast SEO plugin v18.7 - https:\/\/yoast.com\/wordpress\/plugins\/seo\/ -->\n<title>J\u00f3nsi<\/title>\n<meta name=\"description\" content=\"Na koncertach zamykaj\u0105cych \u00f3sm\u0105 edycj\u0119 Festiwalu (nota bene w ca\u0142o\u015bci dedykowan\u0105 tw\u00f3rczo\u015bci muzyk\u00f3w z Islandii) wyst\u0105pi\u0142 J\u00f3nsi...\" \/>\n<meta name=\"robots\" content=\"index, follow, max-snippet:-1, max-image-preview:large, max-video-preview:-1\" \/>\n<link rel=\"canonical\" href=\"https:\/\/ownetic.com\/magazyn\/2010\/jonsi-sigur-ros-sacrum-profanum-2010\" \/>\n<script type=\"application\/ld+json\" class=\"yoast-schema-graph\">{\"@context\":\"https:\/\/schema.org\",\"@graph\":[{\"@type\":\"WebSite\",\"@id\":\"https:\/\/ownetic.com\/magazyn\/#website\",\"url\":\"https:\/\/ownetic.com\/magazyn\/\",\"name\":\"Ownetic Magazine\",\"description\":\"Magazine\",\"potentialAction\":[{\"@type\":\"SearchAction\",\"target\":{\"@type\":\"EntryPoint\",\"urlTemplate\":\"https:\/\/ownetic.com\/magazyn\/?s={search_term_string}\"},\"query-input\":\"required name=search_term_string\"}],\"inLanguage\":\"pl-PL\"},{\"@type\":\"WebPage\",\"@id\":\"https:\/\/ownetic.com\/magazyn\/2010\/jonsi-sigur-ros-sacrum-profanum-2010#webpage\",\"url\":\"https:\/\/ownetic.com\/magazyn\/2010\/jonsi-sigur-ros-sacrum-profanum-2010\",\"name\":\"J\u00f3nsi\",\"isPartOf\":{\"@id\":\"https:\/\/ownetic.com\/magazyn\/#website\"},\"datePublished\":\"2010-09-25T10:53:56+00:00\",\"dateModified\":\"2020-11-05T09:54:15+00:00\",\"author\":{\"@id\":\"https:\/\/ownetic.com\/magazyn\/#\/schema\/person\/895015d6b9b49e5a98deea15953958eb\"},\"description\":\"Na koncertach zamykaj\u0105cych \u00f3sm\u0105 edycj\u0119 Festiwalu (nota bene w ca\u0142o\u015bci dedykowan\u0105 tw\u00f3rczo\u015bci muzyk\u00f3w z Islandii) wyst\u0105pi\u0142 J\u00f3nsi...\",\"breadcrumb\":{\"@id\":\"https:\/\/ownetic.com\/magazyn\/2010\/jonsi-sigur-ros-sacrum-profanum-2010#breadcrumb\"},\"inLanguage\":\"pl-PL\",\"potentialAction\":[{\"@type\":\"ReadAction\",\"target\":[\"https:\/\/ownetic.com\/magazyn\/2010\/jonsi-sigur-ros-sacrum-profanum-2010\"]}]},{\"@type\":\"BreadcrumbList\",\"@id\":\"https:\/\/ownetic.com\/magazyn\/2010\/jonsi-sigur-ros-sacrum-profanum-2010#breadcrumb\",\"itemListElement\":[{\"@type\":\"ListItem\",\"position\":1,\"name\":\"J\u00f3nsi\"}]},{\"@type\":\"Person\",\"@id\":\"https:\/\/ownetic.com\/magazyn\/#\/schema\/person\/895015d6b9b49e5a98deea15953958eb\",\"name\":\"Dorota S\u0142oniewska\",\"url\":\"https:\/\/ownetic.com\/magazyn\/author\/dorota-sloniewska\"}]}<\/script>\n<!-- \/ Yoast SEO plugin. -->","yoast_head_json":{"title":"J\u00f3nsi","description":"Na koncertach zamykaj\u0105cych \u00f3sm\u0105 edycj\u0119 Festiwalu (nota bene w ca\u0142o\u015bci dedykowan\u0105 tw\u00f3rczo\u015bci muzyk\u00f3w z Islandii) wyst\u0105pi\u0142 J\u00f3nsi...","robots":{"index":"index","follow":"follow","max-snippet":"max-snippet:-1","max-image-preview":"max-image-preview:large","max-video-preview":"max-video-preview:-1"},"canonical":"https:\/\/ownetic.com\/magazyn\/2010\/jonsi-sigur-ros-sacrum-profanum-2010","schema":{"@context":"https:\/\/schema.org","@graph":[{"@type":"WebSite","@id":"https:\/\/ownetic.com\/magazyn\/#website","url":"https:\/\/ownetic.com\/magazyn\/","name":"Ownetic Magazine","description":"Magazine","potentialAction":[{"@type":"SearchAction","target":{"@type":"EntryPoint","urlTemplate":"https:\/\/ownetic.com\/magazyn\/?s={search_term_string}"},"query-input":"required name=search_term_string"}],"inLanguage":"pl-PL"},{"@type":"WebPage","@id":"https:\/\/ownetic.com\/magazyn\/2010\/jonsi-sigur-ros-sacrum-profanum-2010#webpage","url":"https:\/\/ownetic.com\/magazyn\/2010\/jonsi-sigur-ros-sacrum-profanum-2010","name":"J\u00f3nsi","isPartOf":{"@id":"https:\/\/ownetic.com\/magazyn\/#website"},"datePublished":"2010-09-25T10:53:56+00:00","dateModified":"2020-11-05T09:54:15+00:00","author":{"@id":"https:\/\/ownetic.com\/magazyn\/#\/schema\/person\/895015d6b9b49e5a98deea15953958eb"},"description":"Na koncertach zamykaj\u0105cych \u00f3sm\u0105 edycj\u0119 Festiwalu (nota bene w ca\u0142o\u015bci dedykowan\u0105 tw\u00f3rczo\u015bci muzyk\u00f3w z Islandii) wyst\u0105pi\u0142 J\u00f3nsi...","breadcrumb":{"@id":"https:\/\/ownetic.com\/magazyn\/2010\/jonsi-sigur-ros-sacrum-profanum-2010#breadcrumb"},"inLanguage":"pl-PL","potentialAction":[{"@type":"ReadAction","target":["https:\/\/ownetic.com\/magazyn\/2010\/jonsi-sigur-ros-sacrum-profanum-2010"]}]},{"@type":"BreadcrumbList","@id":"https:\/\/ownetic.com\/magazyn\/2010\/jonsi-sigur-ros-sacrum-profanum-2010#breadcrumb","itemListElement":[{"@type":"ListItem","position":1,"name":"J\u00f3nsi"}]},{"@type":"Person","@id":"https:\/\/ownetic.com\/magazyn\/#\/schema\/person\/895015d6b9b49e5a98deea15953958eb","name":"Dorota S\u0142oniewska","url":"https:\/\/ownetic.com\/magazyn\/author\/dorota-sloniewska"}]}},"_links":{"self":[{"href":"https:\/\/ownetic.com\/magazyn\/wp-json\/wp\/v2\/posts\/48"}],"collection":[{"href":"https:\/\/ownetic.com\/magazyn\/wp-json\/wp\/v2\/posts"}],"about":[{"href":"https:\/\/ownetic.com\/magazyn\/wp-json\/wp\/v2\/types\/post"}],"author":[{"embeddable":true,"href":"https:\/\/ownetic.com\/magazyn\/wp-json\/wp\/v2\/users\/17"}],"replies":[{"embeddable":true,"href":"https:\/\/ownetic.com\/magazyn\/wp-json\/wp\/v2\/comments?post=48"}],"version-history":[{"count":1,"href":"https:\/\/ownetic.com\/magazyn\/wp-json\/wp\/v2\/posts\/48\/revisions"}],"predecessor-version":[{"id":48563,"href":"https:\/\/ownetic.com\/magazyn\/wp-json\/wp\/v2\/posts\/48\/revisions\/48563"}],"wp:attachment":[{"href":"https:\/\/ownetic.com\/magazyn\/wp-json\/wp\/v2\/media?parent=48"}],"wp:term":[{"taxonomy":"category","embeddable":true,"href":"https:\/\/ownetic.com\/magazyn\/wp-json\/wp\/v2\/categories?post=48"},{"taxonomy":"post_tag","embeddable":true,"href":"https:\/\/ownetic.com\/magazyn\/wp-json\/wp\/v2\/tags?post=48"},{"taxonomy":"powerkit_post_featured","embeddable":true,"href":"https:\/\/ownetic.com\/magazyn\/wp-json\/wp\/v2\/powerkit_post_featured?post=48"},{"taxonomy":"author","embeddable":true,"href":"https:\/\/ownetic.com\/magazyn\/wp-json\/wp\/v2\/coauthors?post=48"}],"curies":[{"name":"wp","href":"https:\/\/api.w.org\/{rel}","templated":true}]}}