{"id":6889,"date":"2011-12-14T17:27:21","date_gmt":"2011-12-14T16:27:21","guid":{"rendered":"https:\/\/ownetic.com\/magazyn\/?p=6889"},"modified":"2013-01-24T22:54:04","modified_gmt":"2013-01-24T21:54:04","slug":"stanislaw-ignacy-witkiewicz-stefan-okolowicz-krzysztof-jurecki","status":"publish","type":"post","link":"https:\/\/ownetic.com\/magazyn\/2011\/stanislaw-ignacy-witkiewicz-stefan-okolowicz-krzysztof-jurecki","title":{"rendered":"Nowe odkrywanie Witkacego. I nie tylko\u2026"},"content":{"rendered":"<p>Wystawa <em>Witkacy i inni. Z kolekcji Stefana Oko\u0142owicza i Ewy Franczak<\/em> zrealizowana w cyklu<em> U\u015bpiony kapita\u0142<\/em> przez Fundacj\u0119 Profile i Muzeum Pa\u0142ac w Wilanowie (16.06\u201315.08.11) by\u0142a du\u017cym wydarzeniem artystycznym z dw\u00f3ch powod\u00f3w. Pierwszym by\u0142o pokazanie najwi\u0119kszego zbioru fotografii Witkacego, a tak\u017ce innych zdj\u0119\u0107 znajduj\u0105cych si\u0119 w kolekcji Ewy Franczak i Stefana Oko\u0142owicza \u2013 najwybitniejszego badacza fotografii Witkacego, a drugim wydanie katalogu dzie\u0142 z nowymi interpretacjami.<\/p>\n<figure id=\"attachment_6968\" aria-describedby=\"caption-attachment-6968\" style=\"width: 540px\" class=\"wp-caption alignnone\"><a href=\"https:\/\/ownetic.com\/magazyn\/2011\/stanislaw-ignacy-witkiewicz-stefan-okolowicz-krzysztof-jurecki\/witkacy-jurecki-041\/\" rel=\"attachment wp-att-6968\"><img loading=\"lazy\" class=\"size-medium wp-image-6968\" title=\"Stanis\u0142aw Ignacy Witkiewicz, Azot, Fosf\u00f3r, Arsen, ( z cyklu kompozycji chemicznych), 1918 (dzi\u0119ki uprzejmo\u015bci Stefana Oko\u0142owicza)\" src=\"https:\/\/ownetic.com\/magazyn\/wp-content\/uploads\/2011\/12\/witkacy-jurecki-041-540x412.jpg\" alt=\"Stanis\u0142aw Ignacy Witkiewicz, Azot, Fosf\u00f3r, Arsen, ( z cyklu kompozycji chemicznych), 1918 (dzi\u0119ki uprzejmo\u015bci Stefana Oko\u0142owicza)\" width=\"540\" height=\"412\" \/><\/a><figcaption id=\"caption-attachment-6968\" class=\"wp-caption-text\">Stanis\u0142aw Ignacy Witkiewicz, Azot, Fosf\u00f3r, Arsen, ( z cyklu kompozycji chemicznych), 1918 (dzi\u0119ki uprzejmo\u015bci Stefana Oko\u0142owicza)<\/figcaption><\/figure>\n<h3 id=\"ekspozycja-i-wynikajace-z-jej-przeslanie\"><strong>Ekspozycja i wynikaj\u0105ce z jej przes\u0142anie<\/strong><\/h3>\n<p>Wystawa pokaza\u0142a now\u0105 ikonografi\u0119 dotycz\u0105c\u0105 rodziny Witkiewicz\u00f3w w postaci zdj\u0119\u0107 zak\u0142adu A. Puciata w Warszawie i grupy zes\u0142a\u0144c\u00f3w do Tomska po Powstaniu Styczniowym, gdzie w\u015br\u00f3d intelektualist\u00f3w przedstawieni s\u0105 Stanis\u0142aw i Ignacy Witkiewiczowie. Ten ostatni by\u0142 dziadkiem Witkacego, uczestnikiem Powstania Listopadowego. W tej obszernej cz\u0119\u015bci ekspozycji wart uwagi jest portret Karola Beyera wykonany w czasie jego zes\u0142ania w 19864 do Nowohapiorska, z odr\u0119czn\u0105 dedykacj\u0105 na awersie i piecz\u0105tk\u0105. Ukazuje m\u0119\u017cczyzn\u0119 w sile wieku i raczej nie pasuje do typowych zdj\u0119\u0107 przedstawiaj\u0105cych zes\u0142a\u0144c\u00f3w . Mi\u0119dzy obrazem a jego ide\u0105 jest du\u017ca rozbie\u017cno\u015b\u0107. W tej cz\u0119\u015bci wystawy mogli\u015bmy obejrze\u0107 cztery zdj\u0119cia, za kt\u00f3re Beyer zosta\u0142 zes\u0142any do Nowohapiorska, przedstawiaj\u0105ce poleg\u0142ych demonstrant\u00f3w w 1861 w centrum Warszawy. Mo\u017cna je por\u00f3wna\u0107 z akademickim rysunkiem Artura Grottgera dotycz\u0105cym tego samego wydarzenia, opublikowanym przez wiede\u0144skie wydawnictwo. Fotografie Beyera s\u0105 zdecydowanie bardziej drastyczne, zbli\u017caj\u0105 si\u0119 do tradycji XIX wieku portret\u00f3w po\u015bmiertnych, ale tak\u017ce poprzez eksponowanie ran i obna\u017conych tors\u00f3w \u2013 do fotografii nowoczesnej, tak\u017ce tej delektuj\u0105cej si\u0119 okrucie\u0144stwem, kt\u00f3rego u Beyera oczywi\u015bcie jeszcze nie ma.<\/p>\n<div id='gallery-1' class='gallery galleryid-6889 gallery-columns-6 gallery-size-thumbnail'><figure class='gallery-item'>\n\t\t\t<div class='gallery-icon portrait'>\n\t\t\t\t<a href='https:\/\/ownetic.com\/magazyn\/2011\/stanislaw-ignacy-witkiewicz-stefan-okolowicz-krzysztof-jurecki\/witkacy-jurecki-057'><img width=\"194\" height=\"240\" src=\"https:\/\/ownetic.com\/magazyn\/wp-content\/uploads\/2011\/12\/witkacy-jurecki-057.jpg\" class=\"attachment-thumbnail size-thumbnail\" alt=\"Stefan Oko\u0142owicz, Ostatni happening \u2014\u201eUwaga! Grozi mi\u0142o\u015bci\u0105 chemia\u201d, z udzia\u0142em Ewy Franczak, El\u017cbiety Pietras, Magdaleny Markowskiej, Henryka Jungsta, Wies\u0142awa Rosochy oraz autora fotografii, Zak\u0142ady Azotowe w Pu\u0142awach, 1970 (dzi\u0119ki uprzejmo\u015bci Stefana Oko\u0142owicza)\" loading=\"lazy\" aria-describedby=\"gallery-1-6984\" \/><\/a>\n\t\t\t<\/div>\n\t\t\t\t<figcaption class='wp-caption-text gallery-caption' id='gallery-1-6984'>\n\t\t\t\tStefan Oko\u0142owicz, Ostatni happening \u2014\u201eUwaga! Grozi mi\u0142o\u015bci\u0105 chemia\u201d,  z udzia\u0142em Ewy Franczak, El\u017cbiety Pietras, Magdaleny  Markowskiej, Henryka Jungsta, Wies\u0142awa Rosochy oraz  autora fotografii, Zak\u0142ady Azotowe w Pu\u0142awach, 1970 (dzi\u0119ki uprzejmo\u015bci Stefana Oko\u0142owicza)  \n\t\t\t\t<\/figcaption><\/figure><figure class='gallery-item'>\n\t\t\t<div class='gallery-icon landscape'>\n\t\t\t\t<a href='https:\/\/ownetic.com\/magazyn\/2011\/stanislaw-ignacy-witkiewicz-stefan-okolowicz-krzysztof-jurecki\/witkacy-jurecki-056'><img width=\"317\" height=\"240\" src=\"https:\/\/ownetic.com\/magazyn\/wp-content\/uploads\/2011\/12\/witkacy-jurecki-056.jpg\" class=\"attachment-thumbnail size-thumbnail\" alt=\"Stefan Oko\u0142owicz, Ostatni happening \u2014\u201eUwaga! Grozi mi\u0142o\u015bci\u0105 chemia\u201d, z udzia\u0142em Ewy Franczak, El\u017cbiety Pietras, Magdaleny Markowskiej, Henryka Jungsta, Wies\u0142awa Rosochy oraz autora fotografii, Zak\u0142ady Azotowe w Pu\u0142awach, 1970 (dzi\u0119ki uprzejmo\u015bci Stefana Oko\u0142owicza)\" loading=\"lazy\" aria-describedby=\"gallery-1-6983\" \/><\/a>\n\t\t\t<\/div>\n\t\t\t\t<figcaption class='wp-caption-text gallery-caption' id='gallery-1-6983'>\n\t\t\t\tStefan Oko\u0142owicz, Ostatni happening \u2014\u201eUwaga! Grozi mi\u0142o\u015bci\u0105 chemia\u201d,  z udzia\u0142em Ewy Franczak, El\u017cbiety Pietras, Magdaleny  Markowskiej, Henryka Jungsta, Wies\u0142awa Rosochy oraz  autora fotografii, Zak\u0142ady Azotowe w Pu\u0142awach, 1970 (dzi\u0119ki uprzejmo\u015bci Stefana Oko\u0142owicza)  \n\t\t\t\t<\/figcaption><\/figure><figure class='gallery-item'>\n\t\t\t<div class='gallery-icon portrait'>\n\t\t\t\t<a href='https:\/\/ownetic.com\/magazyn\/2011\/stanislaw-ignacy-witkiewicz-stefan-okolowicz-krzysztof-jurecki\/witkacy-jurecki-055'><img width=\"183\" height=\"240\" src=\"https:\/\/ownetic.com\/magazyn\/wp-content\/uploads\/2011\/12\/witkacy-jurecki-055.jpg\" class=\"attachment-thumbnail size-thumbnail\" alt=\"Stefan Oko\u0142owicz, Ostatni happening \u2014\u201eUwaga! Grozi mi\u0142o\u015bci\u0105 chemia\u201d, z udzia\u0142em Ewy Franczak, El\u017cbiety Pietras, Magdaleny Markowskiej, Henryka Jungsta, Wies\u0142awa Rosochy oraz autora fotografii, Zak\u0142ady Azotowe w Pu\u0142awach, 1970 (dzi\u0119ki uprzejmo\u015bci Stefana Oko\u0142owicza)\" loading=\"lazy\" aria-describedby=\"gallery-1-6982\" \/><\/a>\n\t\t\t<\/div>\n\t\t\t\t<figcaption class='wp-caption-text gallery-caption' id='gallery-1-6982'>\n\t\t\t\tStefan Oko\u0142owicz, Ostatni happening \u2014\u201eUwaga! Grozi mi\u0142o\u015bci\u0105 chemia\u201d,  z udzia\u0142em Ewy Franczak, El\u017cbiety Pietras, Magdaleny  Markowskiej, Henryka Jungsta, Wies\u0142awa Rosochy oraz  autora fotografii, Zak\u0142ady Azotowe w Pu\u0142awach, 1970 (dzi\u0119ki uprzejmo\u015bci Stefana Oko\u0142owicza)  \n\t\t\t\t<\/figcaption><\/figure><figure class='gallery-item'>\n\t\t\t<div class='gallery-icon portrait'>\n\t\t\t\t<a href='https:\/\/ownetic.com\/magazyn\/2011\/stanislaw-ignacy-witkiewicz-stefan-okolowicz-krzysztof-jurecki\/witkacy-jurecki-054'><img width=\"198\" height=\"240\" src=\"https:\/\/ownetic.com\/magazyn\/wp-content\/uploads\/2011\/12\/witkacy-jurecki-054.jpg\" class=\"attachment-thumbnail size-thumbnail\" alt=\"Stefan Oko\u0142owicz, Ostatni happening \u2014\u201eUwaga! Grozi mi\u0142o\u015bci\u0105 chemia\u201d, z udzia\u0142em Ewy Franczak, El\u017cbiety Pietras, Magdaleny Markowskiej, Henryka Jungsta, Wies\u0142awa Rosochy oraz autora fotografii, Zak\u0142ady Azotowe w Pu\u0142awach, 1970 (dzi\u0119ki uprzejmo\u015bci Stefana Oko\u0142owicza)\" loading=\"lazy\" aria-describedby=\"gallery-1-6981\" \/><\/a>\n\t\t\t<\/div>\n\t\t\t\t<figcaption class='wp-caption-text gallery-caption' id='gallery-1-6981'>\n\t\t\t\tStefan Oko\u0142owicz, Ostatni happening \u2014\u201eUwaga! Grozi mi\u0142o\u015bci\u0105 chemia\u201d,  z udzia\u0142em Ewy Franczak, El\u017cbiety Pietras, Magdaleny  Markowskiej, Henryka Jungsta, Wies\u0142awa Rosochy oraz  autora fotografii, Zak\u0142ady Azotowe w Pu\u0142awach, 1970 (dzi\u0119ki uprzejmo\u015bci Stefana Oko\u0142owicza)  \n\t\t\t\t<\/figcaption><\/figure><figure class='gallery-item'>\n\t\t\t<div class='gallery-icon portrait'>\n\t\t\t\t<a href='https:\/\/ownetic.com\/magazyn\/2011\/stanislaw-ignacy-witkiewicz-stefan-okolowicz-krzysztof-jurecki\/witkacy-jurecki-053'><img width=\"181\" height=\"240\" src=\"https:\/\/ownetic.com\/magazyn\/wp-content\/uploads\/2011\/12\/witkacy-jurecki-053.jpg\" class=\"attachment-thumbnail size-thumbnail\" alt=\"Stefan Oko\u0142owicz, Ostatni happening \u2014\u201eUwaga! Grozi mi\u0142o\u015bci\u0105 chemia\u201d, z udzia\u0142em Ewy Franczak, El\u017cbiety Pietras, Magdaleny Markowskiej, Henryka Jungsta, Wies\u0142awa Rosochy oraz autora fotografii, Zak\u0142ady Azotowe w Pu\u0142awach, 1970 (dzi\u0119ki uprzejmo\u015bci Stefana Oko\u0142owicza)\" loading=\"lazy\" aria-describedby=\"gallery-1-6980\" \/><\/a>\n\t\t\t<\/div>\n\t\t\t\t<figcaption class='wp-caption-text gallery-caption' id='gallery-1-6980'>\n\t\t\t\tStefan Oko\u0142owicz, Ostatni happening \u2014\u201eUwaga! Grozi mi\u0142o\u015bci\u0105 chemia\u201d,  z udzia\u0142em Ewy Franczak, El\u017cbiety Pietras, Magdaleny  Markowskiej, Henryka Jungsta, Wies\u0142awa Rosochy oraz  autora fotografii, Zak\u0142ady Azotowe w Pu\u0142awach, 1970 (dzi\u0119ki uprzejmo\u015bci Stefana Oko\u0142owicza)  \n\t\t\t\t<\/figcaption><\/figure><figure class='gallery-item'>\n\t\t\t<div class='gallery-icon portrait'>\n\t\t\t\t<a href='https:\/\/ownetic.com\/magazyn\/2011\/stanislaw-ignacy-witkiewicz-stefan-okolowicz-krzysztof-jurecki\/witkacy-jurecki-052'><img width=\"237\" height=\"240\" src=\"https:\/\/ownetic.com\/magazyn\/wp-content\/uploads\/2011\/12\/witkacy-jurecki-052.jpg\" class=\"attachment-thumbnail size-thumbnail\" alt=\"Stefan Oko\u0142owicz, Ostatni happening \u2014\u201eUwaga! Grozi mi\u0142o\u015bci\u0105 chemia\u201d, z udzia\u0142em Ewy Franczak, El\u017cbiety Pietras, Magdaleny Markowskiej, Henryka Jungsta, Wies\u0142awa Rosochy oraz autora fotografii, Zak\u0142ady Azotowe w Pu\u0142awach, 1970 (dzi\u0119ki uprzejmo\u015bci Stefana Oko\u0142owicza)\" loading=\"lazy\" aria-describedby=\"gallery-1-6979\" \/><\/a>\n\t\t\t<\/div>\n\t\t\t\t<figcaption class='wp-caption-text gallery-caption' id='gallery-1-6979'>\n\t\t\t\tStefan Oko\u0142owicz, Ostatni happening \u2014\u201eUwaga! Grozi mi\u0142o\u015bci\u0105 chemia\u201d,  z udzia\u0142em Ewy Franczak, El\u017cbiety Pietras, Magdaleny  Markowskiej, Henryka Jungsta, Wies\u0142awa Rosochy oraz  autora fotografii, Zak\u0142ady Azotowe w Pu\u0142awach, 1970 (dzi\u0119ki uprzejmo\u015bci Stefana Oko\u0142owicza)  \n\t\t\t\t<\/figcaption><\/figure><figure class='gallery-item'>\n\t\t\t<div class='gallery-icon portrait'>\n\t\t\t\t<a href='https:\/\/ownetic.com\/magazyn\/2011\/stanislaw-ignacy-witkiewicz-stefan-okolowicz-krzysztof-jurecki\/witkacy-jurecki-051'><img width=\"204\" height=\"240\" src=\"https:\/\/ownetic.com\/magazyn\/wp-content\/uploads\/2011\/12\/witkacy-jurecki-051.jpg\" class=\"attachment-thumbnail size-thumbnail\" alt=\"Stefan Oko\u0142owicz, Ostatni happening \u2014\u201eUwaga! Grozi mi\u0142o\u015bci\u0105 chemia\u201d, z udzia\u0142em Ewy Franczak, El\u017cbiety Pietras, Magdaleny Markowskiej, Henryka Jungsta, Wies\u0142awa Rosochy oraz autora fotografii, Zak\u0142ady Azotowe w Pu\u0142awach, 1970 (dzi\u0119ki uprzejmo\u015bci Stefana Oko\u0142owicza)\" loading=\"lazy\" aria-describedby=\"gallery-1-6978\" \/><\/a>\n\t\t\t<\/div>\n\t\t\t\t<figcaption class='wp-caption-text gallery-caption' id='gallery-1-6978'>\n\t\t\t\tStefan Oko\u0142owicz, Ostatni happening \u2014\u201eUwaga! Grozi mi\u0142o\u015bci\u0105 chemia\u201d,  z udzia\u0142em Ewy Franczak, El\u017cbiety Pietras, Magdaleny  Markowskiej, Henryka Jungsta, Wies\u0142awa Rosochy oraz  autora fotografii, Zak\u0142ady Azotowe w Pu\u0142awach, 1970 (dzi\u0119ki uprzejmo\u015bci Stefana Oko\u0142owicza)  \n\t\t\t\t<\/figcaption><\/figure><figure class='gallery-item'>\n\t\t\t<div class='gallery-icon portrait'>\n\t\t\t\t<a href='https:\/\/ownetic.com\/magazyn\/2011\/stanislaw-ignacy-witkiewicz-stefan-okolowicz-krzysztof-jurecki\/witkacy-jurecki-050'><img width=\"178\" height=\"240\" src=\"https:\/\/ownetic.com\/magazyn\/wp-content\/uploads\/2011\/12\/witkacy-jurecki-050.jpg\" class=\"attachment-thumbnail size-thumbnail\" alt=\"Stefan Oko\u0142owicz, Ostatni happening \u2014\u201eUwaga! Grozi mi\u0142o\u015bci\u0105 chemia\u201d, z udzia\u0142em Ewy Franczak, El\u017cbiety Pietras, Magdaleny Markowskiej, Henryka Jungsta, Wies\u0142awa Rosochy oraz autora fotografii, Zak\u0142ady Azotowe w Pu\u0142awach, 1970 (dzi\u0119ki uprzejmo\u015bci Stefana Oko\u0142owicza)\" loading=\"lazy\" aria-describedby=\"gallery-1-6977\" \/><\/a>\n\t\t\t<\/div>\n\t\t\t\t<figcaption class='wp-caption-text gallery-caption' id='gallery-1-6977'>\n\t\t\t\tStefan Oko\u0142owicz, Ostatni happening \u2014\u201eUwaga! Grozi mi\u0142o\u015bci\u0105 chemia\u201d,  z udzia\u0142em Ewy Franczak, El\u017cbiety Pietras, Magdaleny  Markowskiej, Henryka Jungsta, Wies\u0142awa Rosochy oraz  autora fotografii, Zak\u0142ady Azotowe w Pu\u0142awach, 1970 (dzi\u0119ki uprzejmo\u015bci Stefana Oko\u0142owicza)  \n\t\t\t\t<\/figcaption><\/figure><figure class='gallery-item'>\n\t\t\t<div class='gallery-icon portrait'>\n\t\t\t\t<a href='https:\/\/ownetic.com\/magazyn\/2011\/stanislaw-ignacy-witkiewicz-stefan-okolowicz-krzysztof-jurecki\/witkacy-jurecki-049'><img width=\"400\" height=\"240\" src=\"https:\/\/ownetic.com\/magazyn\/wp-content\/uploads\/2011\/12\/witkacy-jurecki-049-400x240.jpg\" class=\"attachment-thumbnail size-thumbnail\" alt=\"Stefan Oko\u0142owicz, Ostatni happening \u2014\u201eUwaga! Grozi mi\u0142o\u015bci\u0105 chemia\u201d, z udzia\u0142em Ewy Franczak, El\u017cbiety Pietras, Magdaleny Markowskiej, Henryka Jungsta, Wies\u0142awa Rosochy oraz autora fotografii, Zak\u0142ady Azotowe w Pu\u0142awach, 1970 (dzi\u0119ki uprzejmo\u015bci Stefana Oko\u0142owicza)\" loading=\"lazy\" aria-describedby=\"gallery-1-6976\" \/><\/a>\n\t\t\t<\/div>\n\t\t\t\t<figcaption class='wp-caption-text gallery-caption' id='gallery-1-6976'>\n\t\t\t\tStefan Oko\u0142owicz, Ostatni happening \u2014\u201eUwaga! Grozi mi\u0142o\u015bci\u0105 chemia\u201d,  z udzia\u0142em Ewy Franczak, El\u017cbiety Pietras, Magdaleny  Markowskiej, Henryka Jungsta, Wies\u0142awa Rosochy oraz  autora fotografii, Zak\u0142ady Azotowe w Pu\u0142awach, 1970 (dzi\u0119ki uprzejmo\u015bci Stefana Oko\u0142owicza)  \n\t\t\t\t<\/figcaption><\/figure><figure class='gallery-item'>\n\t\t\t<div class='gallery-icon portrait'>\n\t\t\t\t<a href='https:\/\/ownetic.com\/magazyn\/2011\/stanislaw-ignacy-witkiewicz-stefan-okolowicz-krzysztof-jurecki\/witkacy-jurecki-048'><img width=\"144\" height=\"240\" src=\"https:\/\/ownetic.com\/magazyn\/wp-content\/uploads\/2011\/12\/witkacy-jurecki-048.jpg\" class=\"attachment-thumbnail size-thumbnail\" alt=\"Stefan Oko\u0142owicz, Akt kubistyczny, 1972 (dzi\u0119ki uprzejmo\u015bci Stefana Oko\u0142owicza)\" loading=\"lazy\" aria-describedby=\"gallery-1-6975\" \/><\/a>\n\t\t\t<\/div>\n\t\t\t\t<figcaption class='wp-caption-text gallery-caption' id='gallery-1-6975'>\n\t\t\t\tStefan Oko\u0142owicz, Akt kubistyczny, 1972 (dzi\u0119ki uprzejmo\u015bci Stefana Oko\u0142owicza)\n\t\t\t\t<\/figcaption><\/figure><figure class='gallery-item'>\n\t\t\t<div class='gallery-icon portrait'>\n\t\t\t\t<a href='https:\/\/ownetic.com\/magazyn\/2011\/stanislaw-ignacy-witkiewicz-stefan-okolowicz-krzysztof-jurecki\/witkacy-jurecki-047'><img width=\"181\" height=\"240\" src=\"https:\/\/ownetic.com\/magazyn\/wp-content\/uploads\/2011\/12\/witkacy-jurecki-047.jpg\" class=\"attachment-thumbnail size-thumbnail\" alt=\"Stefan Oko\u0142owicz, Akt kubistyczny, 1972 (dzi\u0119ki uprzejmo\u015bci Stefana Oko\u0142owicza)\" loading=\"lazy\" aria-describedby=\"gallery-1-6974\" \/><\/a>\n\t\t\t<\/div>\n\t\t\t\t<figcaption class='wp-caption-text gallery-caption' id='gallery-1-6974'>\n\t\t\t\tStefan Oko\u0142owicz, Akt kubistyczny, 1972 (dzi\u0119ki uprzejmo\u015bci Stefana Oko\u0142owicza)\n\t\t\t\t<\/figcaption><\/figure><figure class='gallery-item'>\n\t\t\t<div class='gallery-icon portrait'>\n\t\t\t\t<a href='https:\/\/ownetic.com\/magazyn\/2011\/stanislaw-ignacy-witkiewicz-stefan-okolowicz-krzysztof-jurecki\/witkacy-jurecki-046'><img width=\"182\" height=\"240\" src=\"https:\/\/ownetic.com\/magazyn\/wp-content\/uploads\/2011\/12\/witkacy-jurecki-046.jpg\" class=\"attachment-thumbnail size-thumbnail\" alt=\"Stefan Oko\u0142owicz, Przemijanie-Fraktal, 1972 (dzi\u0119ki uprzejmo\u015bci Stefana Oko\u0142owicza)\" loading=\"lazy\" aria-describedby=\"gallery-1-6973\" \/><\/a>\n\t\t\t<\/div>\n\t\t\t\t<figcaption class='wp-caption-text gallery-caption' id='gallery-1-6973'>\n\t\t\t\tStefan Oko\u0142owicz, Przemijanie-Fraktal, 1972 (dzi\u0119ki uprzejmo\u015bci Stefana Oko\u0142owicza)\n\t\t\t\t<\/figcaption><\/figure><figure class='gallery-item'>\n\t\t\t<div class='gallery-icon portrait'>\n\t\t\t\t<a href='https:\/\/ownetic.com\/magazyn\/2011\/stanislaw-ignacy-witkiewicz-stefan-okolowicz-krzysztof-jurecki\/witkacy-jurecki-045'><img width=\"155\" height=\"240\" src=\"https:\/\/ownetic.com\/magazyn\/wp-content\/uploads\/2011\/12\/witkacy-jurecki-045.jpg\" class=\"attachment-thumbnail size-thumbnail\" alt=\"Janusz Petrykowski, z cyklu \u015acie\u017cka dzikich zwierz\u0105t, lata 80. XX w. (dzi\u0119ki uprzejmo\u015bci Stefana Oko\u0142owicza)\" loading=\"lazy\" aria-describedby=\"gallery-1-6972\" \/><\/a>\n\t\t\t<\/div>\n\t\t\t\t<figcaption class='wp-caption-text gallery-caption' id='gallery-1-6972'>\n\t\t\t\tJanusz Petrykowski, z cyklu \u015acie\u017cka dzikich zwierz\u0105t, lata 80. XX w. (dzi\u0119ki uprzejmo\u015bci Stefana Oko\u0142owicza)\n\t\t\t\t<\/figcaption><\/figure><figure class='gallery-item'>\n\t\t\t<div class='gallery-icon portrait'>\n\t\t\t\t<a href='https:\/\/ownetic.com\/magazyn\/2011\/stanislaw-ignacy-witkiewicz-stefan-okolowicz-krzysztof-jurecki\/witkacy-jurecki-044'><img width=\"172\" height=\"240\" src=\"https:\/\/ownetic.com\/magazyn\/wp-content\/uploads\/2011\/12\/witkacy-jurecki-044.jpg\" class=\"attachment-thumbnail size-thumbnail\" alt=\"Mieczys\u0142aw Choynowski, fotomonta\u017ce, 1938-1942 (dzi\u0119ki uprzejmo\u015bci Stefana Oko\u0142owicza)\" loading=\"lazy\" aria-describedby=\"gallery-1-6971\" \/><\/a>\n\t\t\t<\/div>\n\t\t\t\t<figcaption class='wp-caption-text gallery-caption' id='gallery-1-6971'>\n\t\t\t\tMieczys\u0142aw Choynowski, fotomonta\u017ce, 1938-1942 (dzi\u0119ki uprzejmo\u015bci Stefana Oko\u0142owicza)\n\t\t\t\t<\/figcaption><\/figure><figure class='gallery-item'>\n\t\t\t<div class='gallery-icon portrait'>\n\t\t\t\t<a href='https:\/\/ownetic.com\/magazyn\/2011\/stanislaw-ignacy-witkiewicz-stefan-okolowicz-krzysztof-jurecki\/witkacy-jurecki-043'><img width=\"179\" height=\"240\" src=\"https:\/\/ownetic.com\/magazyn\/wp-content\/uploads\/2011\/12\/witkacy-jurecki-043.jpg\" class=\"attachment-thumbnail size-thumbnail\" alt=\"Mieczys\u0142aw Choynowski, fotomonta\u017ce, 1938-1942 (dzi\u0119ki uprzejmo\u015bci Stefana Oko\u0142owicza)\" loading=\"lazy\" aria-describedby=\"gallery-1-6970\" \/><\/a>\n\t\t\t<\/div>\n\t\t\t\t<figcaption class='wp-caption-text gallery-caption' id='gallery-1-6970'>\n\t\t\t\tMieczys\u0142aw Choynowski, fotomonta\u017ce, 1938-1942 (dzi\u0119ki uprzejmo\u015bci Stefana Oko\u0142owicza)\n\t\t\t\t<\/figcaption><\/figure><figure class='gallery-item'>\n\t\t\t<div class='gallery-icon portrait'>\n\t\t\t\t<a href='https:\/\/ownetic.com\/magazyn\/2011\/stanislaw-ignacy-witkiewicz-stefan-okolowicz-krzysztof-jurecki\/witkacy-jurecki-042'><img width=\"179\" height=\"240\" src=\"https:\/\/ownetic.com\/magazyn\/wp-content\/uploads\/2011\/12\/witkacy-jurecki-042.jpg\" class=\"attachment-thumbnail size-thumbnail\" alt=\"Mieczys\u0142aw Choynowski, fotomonta\u017ce, 1938-1942 (dzi\u0119ki uprzejmo\u015bci Stefana Oko\u0142owicza)\" loading=\"lazy\" aria-describedby=\"gallery-1-6969\" \/><\/a>\n\t\t\t<\/div>\n\t\t\t\t<figcaption class='wp-caption-text gallery-caption' id='gallery-1-6969'>\n\t\t\t\tMieczys\u0142aw Choynowski, fotomonta\u017ce, 1938-1942 (dzi\u0119ki uprzejmo\u015bci Stefana Oko\u0142owicza)\n\t\t\t\t<\/figcaption><\/figure><figure class='gallery-item'>\n\t\t\t<div class='gallery-icon landscape'>\n\t\t\t\t<a href='https:\/\/ownetic.com\/magazyn\/2011\/stanislaw-ignacy-witkiewicz-stefan-okolowicz-krzysztof-jurecki\/witkacy-jurecki-041'><img width=\"315\" height=\"240\" src=\"https:\/\/ownetic.com\/magazyn\/wp-content\/uploads\/2011\/12\/witkacy-jurecki-041.jpg\" class=\"attachment-thumbnail size-thumbnail\" alt=\"Stanis\u0142aw Ignacy Witkiewicz, Azot, Fosf\u00f3r, Arsen, ( z cyklu kompozycji chemicznych), 1918 (dzi\u0119ki uprzejmo\u015bci Stefana Oko\u0142owicza)\" loading=\"lazy\" aria-describedby=\"gallery-1-6968\" \/><\/a>\n\t\t\t<\/div>\n\t\t\t\t<figcaption class='wp-caption-text gallery-caption' id='gallery-1-6968'>\n\t\t\t\tStanis\u0142aw Ignacy Witkiewicz, Azot, Fosf\u00f3r, Arsen, ( z cyklu kompozycji chemicznych), 1918 (dzi\u0119ki uprzejmo\u015bci Stefana Oko\u0142owicza)\n\t\t\t\t<\/figcaption><\/figure><figure class='gallery-item'>\n\t\t\t<div class='gallery-icon landscape'>\n\t\t\t\t<a href='https:\/\/ownetic.com\/magazyn\/2011\/stanislaw-ignacy-witkiewicz-stefan-okolowicz-krzysztof-jurecki\/witkacy-jurecki-040'><img width=\"332\" height=\"240\" src=\"https:\/\/ownetic.com\/magazyn\/wp-content\/uploads\/2011\/12\/witkacy-jurecki-040.jpg\" class=\"attachment-thumbnail size-thumbnail\" alt=\"Stanis\u0142aw Ignacy Witkiewicz, Strach przed samym sob\u0105, reprodukcja rysunku, ok.1914 (dzi\u0119ki uprzejmo\u015bci Stefana Oko\u0142owicza)\" loading=\"lazy\" aria-describedby=\"gallery-1-6967\" \/><\/a>\n\t\t\t<\/div>\n\t\t\t\t<figcaption class='wp-caption-text gallery-caption' id='gallery-1-6967'>\n\t\t\t\tStanis\u0142aw Ignacy Witkiewicz, Strach przed samym sob\u0105, reprodukcja rysunku, ok.1914 (dzi\u0119ki uprzejmo\u015bci Stefana Oko\u0142owicza)\n\t\t\t\t<\/figcaption><\/figure><figure class='gallery-item'>\n\t\t\t<div class='gallery-icon portrait'>\n\t\t\t\t<a href='https:\/\/ownetic.com\/magazyn\/2011\/stanislaw-ignacy-witkiewicz-stefan-okolowicz-krzysztof-jurecki\/witkacy-jurecki-039'><img width=\"179\" height=\"240\" src=\"https:\/\/ownetic.com\/magazyn\/wp-content\/uploads\/2011\/12\/witkacy-jurecki-039.jpg\" class=\"attachment-thumbnail size-thumbnail\" alt=\"Stanis\u0142aw Ignacy Witkiewicz, Bungo w upadku, reprodukcja rysunku,1908-1910 (dzi\u0119ki uprzejmo\u015bci Stefana Oko\u0142owicza)\" loading=\"lazy\" aria-describedby=\"gallery-1-6966\" \/><\/a>\n\t\t\t<\/div>\n\t\t\t\t<figcaption class='wp-caption-text gallery-caption' id='gallery-1-6966'>\n\t\t\t\tStanis\u0142aw Ignacy Witkiewicz, Bungo w upadku, reprodukcja rysunku,1908-1910 (dzi\u0119ki uprzejmo\u015bci Stefana Oko\u0142owicza)\n\t\t\t\t<\/figcaption><\/figure><figure class='gallery-item'>\n\t\t\t<div class='gallery-icon landscape'>\n\t\t\t\t<a href='https:\/\/ownetic.com\/magazyn\/2011\/stanislaw-ignacy-witkiewicz-stefan-okolowicz-krzysztof-jurecki\/witkacy-jurecki-037'><img width=\"392\" height=\"240\" src=\"https:\/\/ownetic.com\/magazyn\/wp-content\/uploads\/2011\/12\/witkacy-jurecki-037.jpg\" class=\"attachment-thumbnail size-thumbnail\" alt=\"Stanis\u0142aw Ignacy Witkiewicz, Schujowacenie m\u00f3zgowia - czyli - Autominetodon, rysunek, 1931 (dzi\u0119ki uprzejmo\u015bci Stefana Oko\u0142owicza)\" loading=\"lazy\" aria-describedby=\"gallery-1-6965\" \/><\/a>\n\t\t\t<\/div>\n\t\t\t\t<figcaption class='wp-caption-text gallery-caption' id='gallery-1-6965'>\n\t\t\t\tStanis\u0142aw Ignacy Witkiewicz, Schujowacenie m\u00f3zgowia &#8211; czyli &#8211; Autominetodon, rysunek, 1931 (dzi\u0119ki uprzejmo\u015bci Stefana Oko\u0142owicza)\n\t\t\t\t<\/figcaption><\/figure><figure class='gallery-item'>\n\t\t\t<div class='gallery-icon landscape'>\n\t\t\t\t<a href='https:\/\/ownetic.com\/magazyn\/2011\/stanislaw-ignacy-witkiewicz-stefan-okolowicz-krzysztof-jurecki\/witkacy-jurecki-036'><img width=\"391\" height=\"240\" src=\"https:\/\/ownetic.com\/magazyn\/wp-content\/uploads\/2011\/12\/witkacy-jurecki-036.jpg\" class=\"attachment-thumbnail size-thumbnail\" alt=\"Stanis\u0142aw Ignacy Witkiewicz, bez tytu\u0142u, rysunek, 1931 (dzi\u0119ki uprzejmo\u015bci Stefana Oko\u0142owicza)\" loading=\"lazy\" aria-describedby=\"gallery-1-6964\" \/><\/a>\n\t\t\t<\/div>\n\t\t\t\t<figcaption class='wp-caption-text gallery-caption' id='gallery-1-6964'>\n\t\t\t\tStanis\u0142aw Ignacy Witkiewicz, bez tytu\u0142u, rysunek, 1931 (dzi\u0119ki uprzejmo\u015bci Stefana Oko\u0142owicza)\n\t\t\t\t<\/figcaption><\/figure><figure class='gallery-item'>\n\t\t\t<div class='gallery-icon portrait'>\n\t\t\t\t<a href='https:\/\/ownetic.com\/magazyn\/2011\/stanislaw-ignacy-witkiewicz-stefan-okolowicz-krzysztof-jurecki\/witkacy-jurecki-035'><img width=\"179\" height=\"240\" src=\"https:\/\/ownetic.com\/magazyn\/wp-content\/uploads\/2011\/12\/witkacy-jurecki-035.jpg\" class=\"attachment-thumbnail size-thumbnail\" alt=\"Stanis\u0142aw Krygowski, bez tytu\u0142u, ok. 1900 (dzi\u0119ki uprzejmo\u015bci Stefana Oko\u0142owicza)\" loading=\"lazy\" aria-describedby=\"gallery-1-6963\" \/><\/a>\n\t\t\t<\/div>\n\t\t\t\t<figcaption class='wp-caption-text gallery-caption' id='gallery-1-6963'>\n\t\t\t\tStanis\u0142aw Krygowski, bez tytu\u0142u, ok. 1900 (dzi\u0119ki uprzejmo\u015bci Stefana Oko\u0142owicza)\n\t\t\t\t<\/figcaption><\/figure><figure class='gallery-item'>\n\t\t\t<div class='gallery-icon portrait'>\n\t\t\t\t<a href='https:\/\/ownetic.com\/magazyn\/2011\/stanislaw-ignacy-witkiewicz-stefan-okolowicz-krzysztof-jurecki\/witkacy-jurecki-034'><img width=\"178\" height=\"240\" src=\"https:\/\/ownetic.com\/magazyn\/wp-content\/uploads\/2011\/12\/witkacy-jurecki-034.jpg\" class=\"attachment-thumbnail size-thumbnail\" alt=\"Stanis\u0142aw Krygowski, bez tytu\u0142u, ok. 1900 (dzi\u0119ki uprzejmo\u015bci Stefana Oko\u0142owicza)\" loading=\"lazy\" aria-describedby=\"gallery-1-6962\" \/><\/a>\n\t\t\t<\/div>\n\t\t\t\t<figcaption class='wp-caption-text gallery-caption' id='gallery-1-6962'>\n\t\t\t\tStanis\u0142aw Krygowski, bez tytu\u0142u, ok. 1900 (dzi\u0119ki uprzejmo\u015bci Stefana Oko\u0142owicza)\n\t\t\t\t<\/figcaption><\/figure><figure class='gallery-item'>\n\t\t\t<div class='gallery-icon landscape'>\n\t\t\t\t<a href='https:\/\/ownetic.com\/magazyn\/2011\/stanislaw-ignacy-witkiewicz-stefan-okolowicz-krzysztof-jurecki\/witkacy-jurecki-033'><img width=\"388\" height=\"240\" src=\"https:\/\/ownetic.com\/magazyn\/wp-content\/uploads\/2011\/12\/witkacy-jurecki-033.jpg\" class=\"attachment-thumbnail size-thumbnail\" alt=\"Desgrandes \u2013 zak\u0142ad fotograficzny, Ignacy Witkiewicz (stryj S. I. Witkiewicza) udajacy swioch braci, ok.1900 (dzi\u0119ki uprzejmo\u015bci Stefana Oko\u0142owicza)\" loading=\"lazy\" aria-describedby=\"gallery-1-6961\" \/><\/a>\n\t\t\t<\/div>\n\t\t\t\t<figcaption class='wp-caption-text gallery-caption' id='gallery-1-6961'>\n\t\t\t\tDesgrandes \u2013 zak\u0142ad fotograficzny, Ignacy Witkiewicz (stryj S. I. Witkiewicza) udajacy swioch braci, ok.1900 (dzi\u0119ki uprzejmo\u015bci Stefana Oko\u0142owicza)\n\t\t\t\t<\/figcaption><\/figure><figure class='gallery-item'>\n\t\t\t<div class='gallery-icon portrait'>\n\t\t\t\t<a href='https:\/\/ownetic.com\/magazyn\/2011\/stanislaw-ignacy-witkiewicz-stefan-okolowicz-krzysztof-jurecki\/witkacy-jurecki-038'><img width=\"184\" height=\"240\" src=\"https:\/\/ownetic.com\/magazyn\/wp-content\/uploads\/2011\/12\/witkacy-jurecki-038.jpg\" class=\"attachment-thumbnail size-thumbnail\" alt=\"Stanis\u0142aw Ignacy Witkiewicz, Samob\u00f3jca na 3 sekundy przed wystrza\u0142em, reprodukcja rysunku, 1908-1910 (dzi\u0119ki uprzejmo\u015bci Stefana Oko\u0142owicza)\" loading=\"lazy\" aria-describedby=\"gallery-1-6960\" \/><\/a>\n\t\t\t<\/div>\n\t\t\t\t<figcaption class='wp-caption-text gallery-caption' id='gallery-1-6960'>\n\t\t\t\tStanis\u0142aw Ignacy Witkiewicz, Samob\u00f3jca na 3 sekundy przed wystrza\u0142em, reprodukcja rysunku, 1908-1910 (dzi\u0119ki uprzejmo\u015bci Stefana Oko\u0142owicza)\n\t\t\t\t<\/figcaption><\/figure><figure class='gallery-item'>\n\t\t\t<div class='gallery-icon portrait'>\n\t\t\t\t<a href='https:\/\/ownetic.com\/magazyn\/2011\/stanislaw-ignacy-witkiewicz-stefan-okolowicz-krzysztof-jurecki\/witkacy-jurecki-031'><img width=\"156\" height=\"240\" src=\"https:\/\/ownetic.com\/magazyn\/wp-content\/uploads\/2011\/12\/witkacy-jurecki-031.jpg\" class=\"attachment-thumbnail size-thumbnail\" alt=\"J\u00f3zef G\u0142ogowski, Krystyna G\u0142ogowska, pierwsza po\u0142owa lat 30. XX w (dzi\u0119ki uprzejmo\u015bci Stefana Oko\u0142owicza)\" loading=\"lazy\" aria-describedby=\"gallery-1-6959\" \/><\/a>\n\t\t\t<\/div>\n\t\t\t\t<figcaption class='wp-caption-text gallery-caption' id='gallery-1-6959'>\n\t\t\t\tJ\u00f3zef G\u0142ogowski, Krystyna G\u0142ogowska, pierwsza po\u0142owa lat 30. XX w (dzi\u0119ki uprzejmo\u015bci Stefana Oko\u0142owicza)\n\t\t\t\t<\/figcaption><\/figure><figure class='gallery-item'>\n\t\t\t<div class='gallery-icon landscape'>\n\t\t\t\t<a href='https:\/\/ownetic.com\/magazyn\/2011\/stanislaw-ignacy-witkiewicz-stefan-okolowicz-krzysztof-jurecki\/witkacy-jurecki-030'><img width=\"364\" height=\"240\" src=\"https:\/\/ownetic.com\/magazyn\/wp-content\/uploads\/2011\/12\/witkacy-jurecki-030.jpg\" class=\"attachment-thumbnail size-thumbnail\" alt=\"Jan Kochanowski, S. I. Witkiewicz I Roman Jasi\u0144ski, 1932 (dzi\u0119ki uprzejmo\u015bci Stefana Oko\u0142owicza)\" loading=\"lazy\" aria-describedby=\"gallery-1-6958\" \/><\/a>\n\t\t\t<\/div>\n\t\t\t\t<figcaption class='wp-caption-text gallery-caption' id='gallery-1-6958'>\n\t\t\t\tJan Kochanowski, S. I. Witkiewicz I Roman Jasi\u0144ski, 1932 (dzi\u0119ki uprzejmo\u015bci Stefana Oko\u0142owicza)  \n\t\t\t\t<\/figcaption><\/figure><figure class='gallery-item'>\n\t\t\t<div class='gallery-icon landscape'>\n\t\t\t\t<a href='https:\/\/ownetic.com\/magazyn\/2011\/stanislaw-ignacy-witkiewicz-stefan-okolowicz-krzysztof-jurecki\/witkacy-jurecki-029'><img width=\"357\" height=\"240\" src=\"https:\/\/ownetic.com\/magazyn\/wp-content\/uploads\/2011\/12\/witkacy-jurecki-029.jpg\" class=\"attachment-thumbnail size-thumbnail\" alt=\"Jan Kochanowski, S. I. Witkiewicz I Roman Jasi\u0144ski, 1932 (dzi\u0119ki uprzejmo\u015bci Stefana Oko\u0142owicza)\" loading=\"lazy\" aria-describedby=\"gallery-1-6957\" \/><\/a>\n\t\t\t<\/div>\n\t\t\t\t<figcaption class='wp-caption-text gallery-caption' id='gallery-1-6957'>\n\t\t\t\tJan Kochanowski, S. I. Witkiewicz I Roman Jasi\u0144ski, 1932 (dzi\u0119ki uprzejmo\u015bci Stefana Oko\u0142owicza)\n\t\t\t\t<\/figcaption><\/figure><figure class='gallery-item'>\n\t\t\t<div class='gallery-icon landscape'>\n\t\t\t\t<a href='https:\/\/ownetic.com\/magazyn\/2011\/stanislaw-ignacy-witkiewicz-stefan-okolowicz-krzysztof-jurecki\/witkacy-jurecki-032'><img width=\"327\" height=\"240\" src=\"https:\/\/ownetic.com\/magazyn\/wp-content\/uploads\/2011\/12\/witkacy-jurecki-032.jpg\" class=\"attachment-thumbnail size-thumbnail\" alt=\"Stanis\u0142aw Ignacy Witkiewicz, autoportret z Czes\u0142aw\u0105 Okni\u0144sk\u0105, lata 30. (dzi\u0119ki uprzejmo\u015bci Stefana Oko\u0142owicza)\" loading=\"lazy\" aria-describedby=\"gallery-1-6956\" \/><\/a>\n\t\t\t<\/div>\n\t\t\t\t<figcaption class='wp-caption-text gallery-caption' id='gallery-1-6956'>\n\t\t\t\tStanis\u0142aw Ignacy Witkiewicz, autoportret z Czes\u0142aw\u0105 Okni\u0144sk\u0105, lata 30. (dzi\u0119ki uprzejmo\u015bci Stefana Oko\u0142owicza)\n\t\t\t\t<\/figcaption><\/figure><figure class='gallery-item'>\n\t\t\t<div class='gallery-icon landscape'>\n\t\t\t\t<a href='https:\/\/ownetic.com\/magazyn\/2011\/stanislaw-ignacy-witkiewicz-stefan-okolowicz-krzysztof-jurecki\/witkacy-jurecki-028'><img width=\"350\" height=\"240\" src=\"https:\/\/ownetic.com\/magazyn\/wp-content\/uploads\/2011\/12\/witkacy-jurecki-028.jpg\" class=\"attachment-thumbnail size-thumbnail\" alt=\"S. I. Witkiewicz i Inka Turowska, Potw\u00f3r z D\u00fcsseldorfu, 1932, zdj\u0119cie wykona\u0142 W\u0142adys\u0142aw Jan Grabski (\u017ar\u00f3d\u0142o: archiwum Rodziny Grabskich, dzi\u0119ki uprzejmo\u015bci Grzegorza Jana Grabskiego)\" loading=\"lazy\" aria-describedby=\"gallery-1-6955\" \/><\/a>\n\t\t\t<\/div>\n\t\t\t\t<figcaption class='wp-caption-text gallery-caption' id='gallery-1-6955'>\n\t\t\t\tS. I. Witkiewicz i Inka Turowska, Potw\u00f3r z D\u00fcsseldorfu, 1932, zdj\u0119cie wykona\u0142 W\u0142adys\u0142aw Jan Grabski (\u017ar\u00f3d\u0142o: archiwum Rodziny Grabskich, dzi\u0119ki uprzejmo\u015bci Grzegorza Jana Grabskiego)\n\t\t\t\t<\/figcaption><\/figure><figure class='gallery-item'>\n\t\t\t<div class='gallery-icon portrait'>\n\t\t\t\t<a href='https:\/\/ownetic.com\/magazyn\/2011\/stanislaw-ignacy-witkiewicz-stefan-okolowicz-krzysztof-jurecki\/witkacy-jurecki-027'><img width=\"183\" height=\"240\" src=\"https:\/\/ownetic.com\/magazyn\/wp-content\/uploads\/2011\/12\/witkacy-jurecki-027.jpg\" class=\"attachment-thumbnail size-thumbnail\" alt=\"J\u00f3zef G\u0142ogowski, portret S. I. Witkiewicza \u2013 Przera\u017cenie wariata, 1931 (dzi\u0119ki uprzejmo\u015bci Stefana Oko\u0142owicza)\" loading=\"lazy\" aria-describedby=\"gallery-1-6954\" \/><\/a>\n\t\t\t<\/div>\n\t\t\t\t<figcaption class='wp-caption-text gallery-caption' id='gallery-1-6954'>\n\t\t\t\tJ\u00f3zef G\u0142ogowski, portret S. I. Witkiewicza \u2013 Przera\u017cenie wariata, 1931 (dzi\u0119ki uprzejmo\u015bci Stefana Oko\u0142owicza)\n\t\t\t\t<\/figcaption><\/figure><figure class='gallery-item'>\n\t\t\t<div class='gallery-icon portrait'>\n\t\t\t\t<a href='https:\/\/ownetic.com\/magazyn\/2011\/stanislaw-ignacy-witkiewicz-stefan-okolowicz-krzysztof-jurecki\/witkacy-jurecki-026'><img width=\"178\" height=\"240\" src=\"https:\/\/ownetic.com\/magazyn\/wp-content\/uploads\/2011\/12\/witkacy-jurecki-026.jpg\" class=\"attachment-thumbnail size-thumbnail\" alt=\"Tadeusz Langier, Maria Zaroty\u0144ska, ok.1937 (dzi\u0119ki uprzejmo\u015bci Stefana Oko\u0142owicza)\" loading=\"lazy\" aria-describedby=\"gallery-1-6953\" \/><\/a>\n\t\t\t<\/div>\n\t\t\t\t<figcaption class='wp-caption-text gallery-caption' id='gallery-1-6953'>\n\t\t\t\tTadeusz Langier, Maria Zaroty\u0144ska, ok.1937 (dzi\u0119ki uprzejmo\u015bci Stefana Oko\u0142owicza)\n\t\t\t\t<\/figcaption><\/figure><figure class='gallery-item'>\n\t\t\t<div class='gallery-icon portrait'>\n\t\t\t\t<a href='https:\/\/ownetic.com\/magazyn\/2011\/stanislaw-ignacy-witkiewicz-stefan-okolowicz-krzysztof-jurecki\/witkacy-jurecki-025'><img width=\"192\" height=\"240\" src=\"https:\/\/ownetic.com\/magazyn\/wp-content\/uploads\/2011\/12\/witkacy-jurecki-025.jpg\" class=\"attachment-thumbnail size-thumbnail\" alt=\"J\u00f3zef G\u0142ogowski, portret c\u00f3rki Zofii, 1924 (dzi\u0119ki uprzejmo\u015bci Stefana Oko\u0142owicza)\" loading=\"lazy\" aria-describedby=\"gallery-1-6952\" \/><\/a>\n\t\t\t<\/div>\n\t\t\t\t<figcaption class='wp-caption-text gallery-caption' id='gallery-1-6952'>\n\t\t\t\tJ\u00f3zef G\u0142ogowski, portret c\u00f3rki Zofii, 1924 (dzi\u0119ki uprzejmo\u015bci Stefana Oko\u0142owicza)\n\t\t\t\t<\/figcaption><\/figure><figure class='gallery-item'>\n\t\t\t<div class='gallery-icon portrait'>\n\t\t\t\t<a href='https:\/\/ownetic.com\/magazyn\/2011\/stanislaw-ignacy-witkiewicz-stefan-okolowicz-krzysztof-jurecki\/witkacy-jurecki-024'><img width=\"175\" height=\"240\" src=\"https:\/\/ownetic.com\/magazyn\/wp-content\/uploads\/2011\/12\/witkacy-jurecki-024.jpg\" class=\"attachment-thumbnail size-thumbnail\" alt=\"Stanis\u0142aw Ignacy Witkiewicz, Jadwiga Witkiewiczowa, 1923(dzi\u0119ki uprzejmo\u015bci Stefana Oko\u0142owicza)\" loading=\"lazy\" aria-describedby=\"gallery-1-6951\" \/><\/a>\n\t\t\t<\/div>\n\t\t\t\t<figcaption class='wp-caption-text gallery-caption' id='gallery-1-6951'>\n\t\t\t\tStanis\u0142aw Ignacy Witkiewicz, Jadwiga Witkiewiczowa, 1923(dzi\u0119ki uprzejmo\u015bci Stefana Oko\u0142owicza)\n\t\t\t\t<\/figcaption><\/figure><figure class='gallery-item'>\n\t\t\t<div class='gallery-icon portrait'>\n\t\t\t\t<a href='https:\/\/ownetic.com\/magazyn\/2011\/stanislaw-ignacy-witkiewicz-stefan-okolowicz-krzysztof-jurecki\/witkacy-jurecki-023'><img width=\"179\" height=\"240\" src=\"https:\/\/ownetic.com\/magazyn\/wp-content\/uploads\/2011\/12\/witkacy-jurecki-023.jpg\" class=\"attachment-thumbnail size-thumbnail\" alt=\"Stanis\u0142aw Ignacy Witkiewicz, Bronis\u0142aw Malinowski, 1911\u20131913 (dzi\u0119ki uprzejmo\u015bci Stefana Oko\u0142owicza)\" loading=\"lazy\" aria-describedby=\"gallery-1-6950\" \/><\/a>\n\t\t\t<\/div>\n\t\t\t\t<figcaption class='wp-caption-text gallery-caption' id='gallery-1-6950'>\n\t\t\t\tStanis\u0142aw Ignacy Witkiewicz, Bronis\u0142aw Malinowski, 1911\u20131913 (dzi\u0119ki uprzejmo\u015bci Stefana Oko\u0142owicza)\n\t\t\t\t<\/figcaption><\/figure><figure class='gallery-item'>\n\t\t\t<div class='gallery-icon portrait'>\n\t\t\t\t<a href='https:\/\/ownetic.com\/magazyn\/2011\/stanislaw-ignacy-witkiewicz-stefan-okolowicz-krzysztof-jurecki\/witkacy-jurecki-022'><img width=\"178\" height=\"240\" src=\"https:\/\/ownetic.com\/magazyn\/wp-content\/uploads\/2011\/12\/witkacy-jurecki-022.jpg\" class=\"attachment-thumbnail size-thumbnail\" alt=\"Stanis\u0142aw Ignacy Witkiewicz, Artur Rubinstein, 1913 (dzi\u0119ki uprzejmo\u015bci Stefana Oko\u0142owicza)\" loading=\"lazy\" aria-describedby=\"gallery-1-6949\" \/><\/a>\n\t\t\t<\/div>\n\t\t\t\t<figcaption class='wp-caption-text gallery-caption' id='gallery-1-6949'>\n\t\t\t\tStanis\u0142aw Ignacy Witkiewicz, Artur Rubinstein, 1913 (dzi\u0119ki uprzejmo\u015bci Stefana Oko\u0142owicza)\n\t\t\t\t<\/figcaption><\/figure><figure class='gallery-item'>\n\t\t\t<div class='gallery-icon portrait'>\n\t\t\t\t<a href='https:\/\/ownetic.com\/magazyn\/2011\/stanislaw-ignacy-witkiewicz-stefan-okolowicz-krzysztof-jurecki\/witkacy-jurecki-021'><img width=\"171\" height=\"240\" src=\"https:\/\/ownetic.com\/magazyn\/wp-content\/uploads\/2011\/12\/witkacy-jurecki-021.jpg\" class=\"attachment-thumbnail size-thumbnail\" alt=\"Stanis\u0142aw Ignacy Witkiewicz, Maria Witkiewicz\u00f3wna, ok.1912 (dzi\u0119ki uprzejmo\u015bci Stefana Oko\u0142owicza)\" loading=\"lazy\" aria-describedby=\"gallery-1-6948\" \/><\/a>\n\t\t\t<\/div>\n\t\t\t\t<figcaption class='wp-caption-text gallery-caption' id='gallery-1-6948'>\n\t\t\t\tStanis\u0142aw Ignacy Witkiewicz, Maria Witkiewicz\u00f3wna, ok.1912 (dzi\u0119ki uprzejmo\u015bci Stefana Oko\u0142owicza)\n\t\t\t\t<\/figcaption><\/figure><figure class='gallery-item'>\n\t\t\t<div class='gallery-icon landscape'>\n\t\t\t\t<a href='https:\/\/ownetic.com\/magazyn\/2011\/stanislaw-ignacy-witkiewicz-stefan-okolowicz-krzysztof-jurecki\/witkacy-jurecki-020'><img width=\"327\" height=\"240\" src=\"https:\/\/ownetic.com\/magazyn\/wp-content\/uploads\/2011\/12\/witkacy-jurecki-020.jpg\" class=\"attachment-thumbnail size-thumbnail\" alt=\"\u017bu\u0142awski, aktorka NN, pocz\u0105tek XX wieku (dzi\u0119ki uprzejmo\u015bci Stefana Oko\u0142owicza)\" loading=\"lazy\" aria-describedby=\"gallery-1-6947\" \/><\/a>\n\t\t\t<\/div>\n\t\t\t\t<figcaption class='wp-caption-text gallery-caption' id='gallery-1-6947'>\n\t\t\t\t\u017bu\u0142awski, aktorka NN, pocz\u0105tek XX wieku (dzi\u0119ki uprzejmo\u015bci Stefana Oko\u0142owicza)\n\t\t\t\t<\/figcaption><\/figure><figure class='gallery-item'>\n\t\t\t<div class='gallery-icon portrait'>\n\t\t\t\t<a href='https:\/\/ownetic.com\/magazyn\/2011\/stanislaw-ignacy-witkiewicz-stefan-okolowicz-krzysztof-jurecki\/witkacy-jurecki-019'><img width=\"176\" height=\"240\" src=\"https:\/\/ownetic.com\/magazyn\/wp-content\/uploads\/2011\/12\/witkacy-jurecki-019.jpg\" class=\"attachment-thumbnail size-thumbnail\" alt=\"Tadeusz Langier, Janina Illukiewicz\u00f3wna, ok. 1912 (dzi\u0119ki uprzejmo\u015bci Stefana Oko\u0142owicza)\" loading=\"lazy\" aria-describedby=\"gallery-1-6946\" \/><\/a>\n\t\t\t<\/div>\n\t\t\t\t<figcaption class='wp-caption-text gallery-caption' id='gallery-1-6946'>\n\t\t\t\tTadeusz Langier, Janina Illukiewicz\u00f3wna, ok. 1912 (dzi\u0119ki uprzejmo\u015bci Stefana Oko\u0142owicza)\n\t\t\t\t<\/figcaption><\/figure><figure class='gallery-item'>\n\t\t\t<div class='gallery-icon landscape'>\n\t\t\t\t<a href='https:\/\/ownetic.com\/magazyn\/2011\/stanislaw-ignacy-witkiewicz-stefan-okolowicz-krzysztof-jurecki\/witkacy-jurecki-018'><img width=\"339\" height=\"240\" src=\"https:\/\/ownetic.com\/magazyn\/wp-content\/uploads\/2011\/12\/witkacy-jurecki-018.jpg\" class=\"attachment-thumbnail size-thumbnail\" alt=\"Tadeusz Langier, Helena Biedrzycka, ok.1912 (dzi\u0119ki uprzejmo\u015bci Stefana Oko\u0142owicza)\" loading=\"lazy\" aria-describedby=\"gallery-1-6945\" \/><\/a>\n\t\t\t<\/div>\n\t\t\t\t<figcaption class='wp-caption-text gallery-caption' id='gallery-1-6945'>\n\t\t\t\tTadeusz Langier, Helena Biedrzycka, ok.1912 (dzi\u0119ki uprzejmo\u015bci Stefana Oko\u0142owicza)\n\t\t\t\t<\/figcaption><\/figure><figure class='gallery-item'>\n\t\t\t<div class='gallery-icon portrait'>\n\t\t\t\t<a href='https:\/\/ownetic.com\/magazyn\/2011\/stanislaw-ignacy-witkiewicz-stefan-okolowicz-krzysztof-jurecki\/witkacy-jurecki-017'><img width=\"176\" height=\"240\" src=\"https:\/\/ownetic.com\/magazyn\/wp-content\/uploads\/2011\/12\/witkacy-jurecki-017.jpg\" class=\"attachment-thumbnail size-thumbnail\" alt=\"Tadeusz Langier, Autoportret, pocz\u0105tek XX wieku (dzi\u0119ki uprzejmo\u015bci Stefana Oko\u0142owicza)\" loading=\"lazy\" aria-describedby=\"gallery-1-6944\" \/><\/a>\n\t\t\t<\/div>\n\t\t\t\t<figcaption class='wp-caption-text gallery-caption' id='gallery-1-6944'>\n\t\t\t\tTadeusz Langier, Autoportret, pocz\u0105tek XX wieku (dzi\u0119ki uprzejmo\u015bci Stefana Oko\u0142owicza)\n\t\t\t\t<\/figcaption><\/figure><figure class='gallery-item'>\n\t\t\t<div class='gallery-icon portrait'>\n\t\t\t\t<a href='https:\/\/ownetic.com\/magazyn\/2011\/stanislaw-ignacy-witkiewicz-stefan-okolowicz-krzysztof-jurecki\/witkacy-jurecki-016'><img width=\"167\" height=\"240\" src=\"https:\/\/ownetic.com\/magazyn\/wp-content\/uploads\/2011\/12\/witkacy-jurecki-016.jpg\" class=\"attachment-thumbnail size-thumbnail\" alt=\"Benedykt hr. Tyszkiewicz, Saba\u0142a ,1892, reprodukcja z orygina\u0142u wykonana przez Witkiewicz\u00f3w (dzi\u0119ki uprzejmo\u015bci Stefana Oko\u0142owicza)\" loading=\"lazy\" aria-describedby=\"gallery-1-6943\" \/><\/a>\n\t\t\t<\/div>\n\t\t\t\t<figcaption class='wp-caption-text gallery-caption' id='gallery-1-6943'>\n\t\t\t\tBenedykt hr. Tyszkiewicz, Saba\u0142a ,1892, reprodukcja z orygina\u0142u wykonana przez Witkiewicz\u00f3w (dzi\u0119ki uprzejmo\u015bci Stefana Oko\u0142owicza)\n\t\t\t\t<\/figcaption><\/figure><figure class='gallery-item'>\n\t\t\t<div class='gallery-icon portrait'>\n\t\t\t\t<a href='https:\/\/ownetic.com\/magazyn\/2011\/stanislaw-ignacy-witkiewicz-stefan-okolowicz-krzysztof-jurecki\/witkacy-jurecki-015'><img width=\"153\" height=\"240\" src=\"https:\/\/ownetic.com\/magazyn\/wp-content\/uploads\/2011\/12\/witkacy-jurecki-015.jpg\" class=\"attachment-thumbnail size-thumbnail\" alt=\"Ignacy Krieger, Krak\u00f3w, zak\u0142ad fotograficzny, portret z serii typ\u00f3w \u017byd\u00f3w krakowskich z drugiej po\u0142owy XIX wieku, ok.1875 (dzi\u0119ki uprzejmo\u015bci Stefana Oko\u0142owicz)\" loading=\"lazy\" aria-describedby=\"gallery-1-6942\" \/><\/a>\n\t\t\t<\/div>\n\t\t\t\t<figcaption class='wp-caption-text gallery-caption' id='gallery-1-6942'>\n\t\t\t\t Ignacy Krieger, Krak\u00f3w, zak\u0142ad fotograficzny, portret z serii typ\u00f3w \u017byd\u00f3w krakowskich z drugiej po\u0142owy XIX wieku, ok.1875 (dzi\u0119ki uprzejmo\u015bci Stefana Oko\u0142owicz)\n\t\t\t\t<\/figcaption><\/figure><figure class='gallery-item'>\n\t\t\t<div class='gallery-icon portrait'>\n\t\t\t\t<a href='https:\/\/ownetic.com\/magazyn\/2011\/stanislaw-ignacy-witkiewicz-stefan-okolowicz-krzysztof-jurecki\/witkacy-jurecki-014'><img width=\"179\" height=\"240\" src=\"https:\/\/ownetic.com\/magazyn\/wp-content\/uploads\/2011\/12\/witkacy-jurecki-014.jpg\" class=\"attachment-thumbnail size-thumbnail\" alt=\"J\u00f3zef G\u0142ogowski, Zb\u00f3jnickie Okna - seria trzech fotografi, koniec lat 20. XX wieku (dzi\u0119ki uprzejmo\u015bci Stefana Oko\u0142owicza)\" loading=\"lazy\" aria-describedby=\"gallery-1-6941\" \/><\/a>\n\t\t\t<\/div>\n\t\t\t\t<figcaption class='wp-caption-text gallery-caption' id='gallery-1-6941'>\n\t\t\t\tJ\u00f3zef G\u0142ogowski, Zb\u00f3jnickie Okna &#8211; seria trzech fotografi, koniec lat 20. XX wieku (dzi\u0119ki uprzejmo\u015bci Stefana Oko\u0142owicza)\n\t\t\t\t<\/figcaption><\/figure><figure class='gallery-item'>\n\t\t\t<div class='gallery-icon portrait'>\n\t\t\t\t<a href='https:\/\/ownetic.com\/magazyn\/2011\/stanislaw-ignacy-witkiewicz-stefan-okolowicz-krzysztof-jurecki\/witkacy-jurecki-013'><img width=\"184\" height=\"240\" src=\"https:\/\/ownetic.com\/magazyn\/wp-content\/uploads\/2011\/12\/witkacy-jurecki-013.jpg\" class=\"attachment-thumbnail size-thumbnail\" alt=\"J\u00f3zef G\u0142ogowski, Zb\u00f3jnickie Okna - seria trzech fotografi, koniec lat 20. XX wieku (dzi\u0119ki uprzejmo\u015bci Stefana Oko\u0142owicza)\" loading=\"lazy\" aria-describedby=\"gallery-1-6940\" \/><\/a>\n\t\t\t<\/div>\n\t\t\t\t<figcaption class='wp-caption-text gallery-caption' id='gallery-1-6940'>\n\t\t\t\tJ\u00f3zef G\u0142ogowski, Zb\u00f3jnickie Okna &#8211; seria trzech fotografi, koniec lat 20. XX wieku (dzi\u0119ki uprzejmo\u015bci Stefana Oko\u0142owicza)\n\t\t\t\t<\/figcaption><\/figure><figure class='gallery-item'>\n\t\t\t<div class='gallery-icon portrait'>\n\t\t\t\t<a href='https:\/\/ownetic.com\/magazyn\/2011\/stanislaw-ignacy-witkiewicz-stefan-okolowicz-krzysztof-jurecki\/witkacy-jurecki-012'><img width=\"182\" height=\"240\" src=\"https:\/\/ownetic.com\/magazyn\/wp-content\/uploads\/2011\/12\/witkacy-jurecki-012.jpg\" class=\"attachment-thumbnail size-thumbnail\" alt=\"J\u00f3zef G\u0142ogowski, Zb\u00f3jnickie Okna - seria trzech fotografi, koniec lat 20. XX wieku (dzi\u0119ki uprzejmo\u015bci Stefana Oko\u0142owicza)\" loading=\"lazy\" aria-describedby=\"gallery-1-6939\" \/><\/a>\n\t\t\t<\/div>\n\t\t\t\t<figcaption class='wp-caption-text gallery-caption' id='gallery-1-6939'>\n\t\t\t\tJ\u00f3zef G\u0142ogowski, Zb\u00f3jnickie Okna &#8211; seria trzech fotografi, koniec lat 20. XX wieku (dzi\u0119ki uprzejmo\u015bci Stefana Oko\u0142owicza)\n\t\t\t\t<\/figcaption><\/figure><figure class='gallery-item'>\n\t\t\t<div class='gallery-icon landscape'>\n\t\t\t\t<a href='https:\/\/ownetic.com\/magazyn\/2011\/stanislaw-ignacy-witkiewicz-stefan-okolowicz-krzysztof-jurecki\/witkacy-jurecki-011'><img width=\"330\" height=\"240\" src=\"https:\/\/ownetic.com\/magazyn\/wp-content\/uploads\/2011\/12\/witkacy-jurecki-011.jpg\" class=\"attachment-thumbnail size-thumbnail\" alt=\"Stanis\u0142aw Ignacy Witkiewicz, Morze w Do\u00eblan, 1911 (dzi\u0119ki uprzejmo\u015bci Stefana Oko\u0142owicza)\" loading=\"lazy\" aria-describedby=\"gallery-1-6938\" \/><\/a>\n\t\t\t<\/div>\n\t\t\t\t<figcaption class='wp-caption-text gallery-caption' id='gallery-1-6938'>\n\t\t\t\t Stanis\u0142aw Ignacy Witkiewicz, Morze w Do\u00eblan, 1911 (dzi\u0119ki uprzejmo\u015bci Stefana Oko\u0142owicza)\n\t\t\t\t<\/figcaption><\/figure><figure class='gallery-item'>\n\t\t\t<div class='gallery-icon landscape'>\n\t\t\t\t<a href='https:\/\/ownetic.com\/magazyn\/2011\/stanislaw-ignacy-witkiewicz-stefan-okolowicz-krzysztof-jurecki\/witkacy-jurecki-010'><img width=\"363\" height=\"240\" src=\"https:\/\/ownetic.com\/magazyn\/wp-content\/uploads\/2011\/12\/witkacy-jurecki-010.jpg\" class=\"attachment-thumbnail size-thumbnail\" alt=\"Antoni Wieczorek, Motyw zakopia\u0144ski, pierwsza po\u0142owa lat 30. (dzi\u0119ki uprzejmo\u015bci Stefana Oko\u0142owicza)\" loading=\"lazy\" aria-describedby=\"gallery-1-6937\" \/><\/a>\n\t\t\t<\/div>\n\t\t\t\t<figcaption class='wp-caption-text gallery-caption' id='gallery-1-6937'>\n\t\t\t\tAntoni Wieczorek, Motyw zakopia\u0144ski, pierwsza po\u0142owa lat 30. (dzi\u0119ki uprzejmo\u015bci Stefana Oko\u0142owicza)\n\t\t\t\t<\/figcaption><\/figure><figure class='gallery-item'>\n\t\t\t<div class='gallery-icon landscape'>\n\t\t\t\t<a href='https:\/\/ownetic.com\/magazyn\/2011\/stanislaw-ignacy-witkiewicz-stefan-okolowicz-krzysztof-jurecki\/witkacy-jurecki-009'><img width=\"323\" height=\"240\" src=\"https:\/\/ownetic.com\/magazyn\/wp-content\/uploads\/2011\/12\/witkacy-jurecki-009.jpg\" class=\"attachment-thumbnail size-thumbnail\" alt=\"Jan Bu\u0142hak, Motyw z Peresieki, ok. 1908 (dzi\u0119ki uprzejmo\u015bci Stefana Oko\u0142owicza)\" loading=\"lazy\" aria-describedby=\"gallery-1-6936\" \/><\/a>\n\t\t\t<\/div>\n\t\t\t\t<figcaption class='wp-caption-text gallery-caption' id='gallery-1-6936'>\n\t\t\t\tJan Bu\u0142hak, Motyw z Peresieki, ok. 1908 (dzi\u0119ki uprzejmo\u015bci Stefana Oko\u0142owicza)\n\t\t\t\t<\/figcaption><\/figure><figure class='gallery-item'>\n\t\t\t<div class='gallery-icon portrait'>\n\t\t\t\t<a href='https:\/\/ownetic.com\/magazyn\/2011\/stanislaw-ignacy-witkiewicz-stefan-okolowicz-krzysztof-jurecki\/witkacy-jurecki-008'><img width=\"185\" height=\"240\" src=\"https:\/\/ownetic.com\/magazyn\/wp-content\/uploads\/2011\/12\/witkacy-jurecki-008.jpg\" class=\"attachment-thumbnail size-thumbnail\" alt=\"Borys Wigilew, Krokusy, 1913 (dzi\u0119ki uprzejmo\u015bci Stefana Oko\u0142owicza)\" loading=\"lazy\" aria-describedby=\"gallery-1-6935\" \/><\/a>\n\t\t\t<\/div>\n\t\t\t\t<figcaption class='wp-caption-text gallery-caption' id='gallery-1-6935'>\n\t\t\t\tBorys Wigilew, Krokusy, 1913 (dzi\u0119ki uprzejmo\u015bci Stefana Oko\u0142owicza)\n\t\t\t\t<\/figcaption><\/figure><figure class='gallery-item'>\n\t\t\t<div class='gallery-icon landscape'>\n\t\t\t\t<a href='https:\/\/ownetic.com\/magazyn\/2011\/stanislaw-ignacy-witkiewicz-stefan-okolowicz-krzysztof-jurecki\/witkacy-jurecki-007'><img width=\"370\" height=\"240\" src=\"https:\/\/ownetic.com\/magazyn\/wp-content\/uploads\/2011\/12\/witkacy-jurecki-007.jpg\" class=\"attachment-thumbnail size-thumbnail\" alt=\"Borys Wigilew, Wiatr halny nad Giewontem, 1913 (dzi\u0119ki uprzejmo\u015bci Stefana Oko\u0142owicza)\" loading=\"lazy\" aria-describedby=\"gallery-1-6934\" \/><\/a>\n\t\t\t<\/div>\n\t\t\t\t<figcaption class='wp-caption-text gallery-caption' id='gallery-1-6934'>\n\t\t\t\tBorys Wigilew, Wiatr halny nad Giewontem, 1913 (dzi\u0119ki uprzejmo\u015bci Stefana Oko\u0142owicza)\n\t\t\t\t<\/figcaption><\/figure><figure class='gallery-item'>\n\t\t\t<div class='gallery-icon portrait'>\n\t\t\t\t<a href='https:\/\/ownetic.com\/magazyn\/2011\/stanislaw-ignacy-witkiewicz-stefan-okolowicz-krzysztof-jurecki\/witkacy-jurecki-006'><img width=\"168\" height=\"240\" src=\"https:\/\/ownetic.com\/magazyn\/wp-content\/uploads\/2011\/12\/witkacy-jurecki-006.jpg\" class=\"attachment-thumbnail size-thumbnail\" alt=\"Stanis\u0142aw Ignacy Witkiewicz, Zima, 1901\u20131902 (dzi\u0119ki uprzejmo\u015bci Stefana Oko\u0142owicza)\" loading=\"lazy\" aria-describedby=\"gallery-1-6933\" \/><\/a>\n\t\t\t<\/div>\n\t\t\t\t<figcaption class='wp-caption-text gallery-caption' id='gallery-1-6933'>\n\t\t\t\tStanis\u0142aw Ignacy Witkiewicz, Zima, 1901\u20131902 (dzi\u0119ki uprzejmo\u015bci Stefana Oko\u0142owicza)\n\t\t\t\t<\/figcaption><\/figure><figure class='gallery-item'>\n\t\t\t<div class='gallery-icon landscape'>\n\t\t\t\t<a href='https:\/\/ownetic.com\/magazyn\/2011\/stanislaw-ignacy-witkiewicz-stefan-okolowicz-krzysztof-jurecki\/witkacy-jurecki-005'><img width=\"364\" height=\"240\" src=\"https:\/\/ownetic.com\/magazyn\/wp-content\/uploads\/2011\/12\/witkacy-jurecki-005.jpg\" class=\"attachment-thumbnail size-thumbnail\" alt=\"Stanis\u0142aw Ignacy Witkiewicz, Studia z natury z okolic Zakopanego, ok. 1899 (dzi\u0119ki uprzejmo\u015bci Stefana Oko\u0142owicza)\" loading=\"lazy\" aria-describedby=\"gallery-1-6932\" \/><\/a>\n\t\t\t<\/div>\n\t\t\t\t<figcaption class='wp-caption-text gallery-caption' id='gallery-1-6932'>\n\t\t\t\tStanis\u0142aw Ignacy Witkiewicz, Studia z natury z okolic Zakopanego, ok. 1899 (dzi\u0119ki uprzejmo\u015bci Stefana Oko\u0142owicza)\n\t\t\t\t<\/figcaption><\/figure><figure class='gallery-item'>\n\t\t\t<div class='gallery-icon landscape'>\n\t\t\t\t<a href='https:\/\/ownetic.com\/magazyn\/2011\/stanislaw-ignacy-witkiewicz-stefan-okolowicz-krzysztof-jurecki\/witkacy-jurecki-004'><img width=\"322\" height=\"240\" src=\"https:\/\/ownetic.com\/magazyn\/wp-content\/uploads\/2011\/12\/witkacy-jurecki-004.jpg\" class=\"attachment-thumbnail size-thumbnail\" alt=\"Stanis\u0142aw Ignacy Witkiewicz, Zach\u00f3d s\u0142o\u0144ca, ok. 1900 (dzi\u0119ki uprzejmo\u015bci Stefana Oko\u0142owicza)\" loading=\"lazy\" aria-describedby=\"gallery-1-6931\" \/><\/a>\n\t\t\t<\/div>\n\t\t\t\t<figcaption class='wp-caption-text gallery-caption' id='gallery-1-6931'>\n\t\t\t\tStanis\u0142aw Ignacy Witkiewicz, Zach\u00f3d s\u0142o\u0144ca, ok. 1900 (dzi\u0119ki uprzejmo\u015bci Stefana Oko\u0142owicza)\n\t\t\t\t<\/figcaption><\/figure><figure class='gallery-item'>\n\t\t\t<div class='gallery-icon landscape'>\n\t\t\t\t<a href='https:\/\/ownetic.com\/magazyn\/2011\/stanislaw-ignacy-witkiewicz-stefan-okolowicz-krzysztof-jurecki\/witkacy-jurecki-003'><img width=\"373\" height=\"240\" src=\"https:\/\/ownetic.com\/magazyn\/wp-content\/uploads\/2011\/12\/witkacy-jurecki-003.jpg\" class=\"attachment-thumbnail size-thumbnail\" alt=\"Awit Szubert, Wielki Staw w Dolinie Pi\u0119ciu Staw\u00f3w Polskich, 1876\u20131878 (dzi\u0119ki uprzejmo\u015bci Stefana Oko\u0142owicza)\" loading=\"lazy\" aria-describedby=\"gallery-1-6930\" \/><\/a>\n\t\t\t<\/div>\n\t\t\t\t<figcaption class='wp-caption-text gallery-caption' id='gallery-1-6930'>\n\t\t\t\tAwit Szubert, Wielki Staw w Dolinie Pi\u0119ciu Staw\u00f3w Polskich, 1876\u20131878 (dzi\u0119ki uprzejmo\u015bci Stefana Oko\u0142owicza)\n\t\t\t\t<\/figcaption><\/figure><figure class='gallery-item'>\n\t\t\t<div class='gallery-icon portrait'>\n\t\t\t\t<a href='https:\/\/ownetic.com\/magazyn\/2011\/stanislaw-ignacy-witkiewicz-stefan-okolowicz-krzysztof-jurecki\/witkacy-jurecki-002'><img width=\"155\" height=\"240\" src=\"https:\/\/ownetic.com\/magazyn\/wp-content\/uploads\/2011\/12\/witkacy-jurecki-002.jpg\" class=\"attachment-thumbnail size-thumbnail\" alt=\"Awit Szubert, widok Zawratu znad Zmarz\u0142ego Stawu, 1876\u20131878 (dzi\u0119ki uprzejmo\u015bci Stefana Oko\u0142owicza)\" loading=\"lazy\" aria-describedby=\"gallery-1-6929\" \/><\/a>\n\t\t\t<\/div>\n\t\t\t\t<figcaption class='wp-caption-text gallery-caption' id='gallery-1-6929'>\n\t\t\t\tAwit Szubert, widok Zawratu znad Zmarz\u0142ego Stawu, 1876\u20131878 (dzi\u0119ki uprzejmo\u015bci Stefana Oko\u0142owicza)\n\t\t\t\t<\/figcaption><\/figure><figure class='gallery-item'>\n\t\t\t<div class='gallery-icon landscape'>\n\t\t\t\t<a href='https:\/\/ownetic.com\/magazyn\/2011\/stanislaw-ignacy-witkiewicz-stefan-okolowicz-krzysztof-jurecki\/witkacy-jurecki-001'><img width=\"335\" height=\"240\" src=\"https:\/\/ownetic.com\/magazyn\/wp-content\/uploads\/2011\/12\/witkacy-jurecki-001.jpg\" class=\"attachment-thumbnail size-thumbnail\" alt=\"Fotograf nieznany, Stanis\u0142aw Witkiewicz na tle kolekcji dzie\u0142 sztuki J\u00f3zefa Siedleckiego, ok. 1903 (dzi\u0119ki uprzejmo\u015bci Stefana Oko\u0142owicza)\" loading=\"lazy\" aria-describedby=\"gallery-1-6928\" \/><\/a>\n\t\t\t<\/div>\n\t\t\t\t<figcaption class='wp-caption-text gallery-caption' id='gallery-1-6928'>\n\t\t\t\tFotograf nieznany, Stanis\u0142aw Witkiewicz na tle kolekcji dzie\u0142 sztuki  J\u00f3zefa Siedleckiego, ok. 1903  (dzi\u0119ki uprzejmo\u015bci Stefana Oko\u0142owicza)\n\t\t\t\t<\/figcaption><\/figure><figure class='gallery-item'>\n\t\t\t<div class='gallery-icon landscape'>\n\t\t\t\t<a href='https:\/\/ownetic.com\/magazyn\/2011\/stanislaw-ignacy-witkiewicz-stefan-okolowicz-krzysztof-jurecki\/witkacy-stefan-okolowicz-022'><img width=\"361\" height=\"240\" src=\"https:\/\/ownetic.com\/magazyn\/wp-content\/uploads\/2011\/12\/witkacy-stefan-okolowicz-022.jpg\" class=\"attachment-thumbnail size-thumbnail\" alt=\"Wystawa Witkacy i inni. Z kolekcji Stefana Oko\u0142owicza i Ewy Franczak, fot. Stefan Oko\u0142owicz\" loading=\"lazy\" aria-describedby=\"gallery-1-6911\" \/><\/a>\n\t\t\t<\/div>\n\t\t\t\t<figcaption class='wp-caption-text gallery-caption' id='gallery-1-6911'>\n\t\t\t\tWystawa Witkacy i inni. Z kolekcji Stefana Oko\u0142owicza i Ewy Franczak, fot. Stefan Oko\u0142owicz\n\t\t\t\t<\/figcaption><\/figure><figure class='gallery-item'>\n\t\t\t<div class='gallery-icon landscape'>\n\t\t\t\t<a href='https:\/\/ownetic.com\/magazyn\/2011\/stanislaw-ignacy-witkiewicz-stefan-okolowicz-krzysztof-jurecki\/witkacy-stefan-okolowicz-021'><img width=\"361\" height=\"240\" src=\"https:\/\/ownetic.com\/magazyn\/wp-content\/uploads\/2011\/12\/witkacy-stefan-okolowicz-021.jpg\" class=\"attachment-thumbnail size-thumbnail\" alt=\"Wystawa Witkacy i inni. Z kolekcji Stefana Oko\u0142owicza i Ewy Franczak, fot. Stefan Oko\u0142owicz\" loading=\"lazy\" aria-describedby=\"gallery-1-6910\" \/><\/a>\n\t\t\t<\/div>\n\t\t\t\t<figcaption class='wp-caption-text gallery-caption' id='gallery-1-6910'>\n\t\t\t\tWystawa Witkacy i inni. Z kolekcji Stefana Oko\u0142owicza i Ewy Franczak, fot. Stefan Oko\u0142owicz\n\t\t\t\t<\/figcaption><\/figure><figure class='gallery-item'>\n\t\t\t<div class='gallery-icon landscape'>\n\t\t\t\t<a href='https:\/\/ownetic.com\/magazyn\/2011\/stanislaw-ignacy-witkiewicz-stefan-okolowicz-krzysztof-jurecki\/witkacy-stefan-okolowicz-020'><img width=\"361\" height=\"240\" src=\"https:\/\/ownetic.com\/magazyn\/wp-content\/uploads\/2011\/12\/witkacy-stefan-okolowicz-020.jpg\" class=\"attachment-thumbnail size-thumbnail\" alt=\"Wystawa Witkacy i inni. Z kolekcji Stefana Oko\u0142owicza i Ewy Franczak, fot. Stefan Oko\u0142owicz\" loading=\"lazy\" aria-describedby=\"gallery-1-6909\" \/><\/a>\n\t\t\t<\/div>\n\t\t\t\t<figcaption class='wp-caption-text gallery-caption' id='gallery-1-6909'>\n\t\t\t\tWystawa Witkacy i inni. Z kolekcji Stefana Oko\u0142owicza i Ewy Franczak, fot. Stefan Oko\u0142owicz\n\t\t\t\t<\/figcaption><\/figure><figure class='gallery-item'>\n\t\t\t<div class='gallery-icon landscape'>\n\t\t\t\t<a href='https:\/\/ownetic.com\/magazyn\/2011\/stanislaw-ignacy-witkiewicz-stefan-okolowicz-krzysztof-jurecki\/witkacy-stefan-okolowicz-019'><img width=\"361\" height=\"240\" src=\"https:\/\/ownetic.com\/magazyn\/wp-content\/uploads\/2011\/12\/witkacy-stefan-okolowicz-019.jpg\" class=\"attachment-thumbnail size-thumbnail\" alt=\"Wystawa Witkacy i inni. Z kolekcji Stefana Oko\u0142owicza i Ewy Franczak, fot. Stefan Oko\u0142owicz\" loading=\"lazy\" aria-describedby=\"gallery-1-6908\" \/><\/a>\n\t\t\t<\/div>\n\t\t\t\t<figcaption class='wp-caption-text gallery-caption' id='gallery-1-6908'>\n\t\t\t\tWystawa Witkacy i inni. Z kolekcji Stefana Oko\u0142owicza i Ewy Franczak, fot. Stefan Oko\u0142owicz\n\t\t\t\t<\/figcaption><\/figure><figure class='gallery-item'>\n\t\t\t<div class='gallery-icon landscape'>\n\t\t\t\t<a href='https:\/\/ownetic.com\/magazyn\/2011\/stanislaw-ignacy-witkiewicz-stefan-okolowicz-krzysztof-jurecki\/witkacy-stefan-okolowicz-018'><img width=\"361\" height=\"240\" src=\"https:\/\/ownetic.com\/magazyn\/wp-content\/uploads\/2011\/12\/witkacy-stefan-okolowicz-018.jpg\" class=\"attachment-thumbnail size-thumbnail\" alt=\"Wystawa Witkacy i inni. Z kolekcji Stefana Oko\u0142owicza i Ewy Franczak, fot. Stefan Oko\u0142owicz\" loading=\"lazy\" aria-describedby=\"gallery-1-6907\" \/><\/a>\n\t\t\t<\/div>\n\t\t\t\t<figcaption class='wp-caption-text gallery-caption' id='gallery-1-6907'>\n\t\t\t\tWystawa Witkacy i inni. Z kolekcji Stefana Oko\u0142owicza i Ewy Franczak, fot. Stefan Oko\u0142owicz\n\t\t\t\t<\/figcaption><\/figure><figure class='gallery-item'>\n\t\t\t<div class='gallery-icon landscape'>\n\t\t\t\t<a href='https:\/\/ownetic.com\/magazyn\/2011\/stanislaw-ignacy-witkiewicz-stefan-okolowicz-krzysztof-jurecki\/witkacy-stefan-okolowicz-017'><img width=\"361\" height=\"240\" src=\"https:\/\/ownetic.com\/magazyn\/wp-content\/uploads\/2011\/12\/witkacy-stefan-okolowicz-017.jpg\" class=\"attachment-thumbnail size-thumbnail\" alt=\"Wystawa Witkacy i inni. Z kolekcji Stefana Oko\u0142owicza i Ewy Franczak, fot. Stefan Oko\u0142owicz\" loading=\"lazy\" aria-describedby=\"gallery-1-6906\" \/><\/a>\n\t\t\t<\/div>\n\t\t\t\t<figcaption class='wp-caption-text gallery-caption' id='gallery-1-6906'>\n\t\t\t\tWystawa Witkacy i inni. Z kolekcji Stefana Oko\u0142owicza i Ewy Franczak, fot. Stefan Oko\u0142owicz\n\t\t\t\t<\/figcaption><\/figure><figure class='gallery-item'>\n\t\t\t<div class='gallery-icon landscape'>\n\t\t\t\t<a href='https:\/\/ownetic.com\/magazyn\/2011\/stanislaw-ignacy-witkiewicz-stefan-okolowicz-krzysztof-jurecki\/witkacy-stefan-okolowicz-016'><img width=\"361\" height=\"240\" src=\"https:\/\/ownetic.com\/magazyn\/wp-content\/uploads\/2011\/12\/witkacy-stefan-okolowicz-016.jpg\" class=\"attachment-thumbnail size-thumbnail\" alt=\"Wystawa Witkacy i inni. Z kolekcji Stefana Oko\u0142owicza i Ewy Franczak, fot. Stefan Oko\u0142owicz\" loading=\"lazy\" aria-describedby=\"gallery-1-6905\" \/><\/a>\n\t\t\t<\/div>\n\t\t\t\t<figcaption class='wp-caption-text gallery-caption' id='gallery-1-6905'>\n\t\t\t\tWystawa Witkacy i inni. Z kolekcji Stefana Oko\u0142owicza i Ewy Franczak, fot. Stefan Oko\u0142owicz\n\t\t\t\t<\/figcaption><\/figure><figure class='gallery-item'>\n\t\t\t<div class='gallery-icon landscape'>\n\t\t\t\t<a href='https:\/\/ownetic.com\/magazyn\/2011\/stanislaw-ignacy-witkiewicz-stefan-okolowicz-krzysztof-jurecki\/witkacy-stefan-okolowicz-015'><img width=\"361\" height=\"240\" src=\"https:\/\/ownetic.com\/magazyn\/wp-content\/uploads\/2011\/12\/witkacy-stefan-okolowicz-015.jpg\" class=\"attachment-thumbnail size-thumbnail\" alt=\"Wystawa Witkacy i inni. Z kolekcji Stefana Oko\u0142owicza i Ewy Franczak, fot. Stefan Oko\u0142owicz\" loading=\"lazy\" aria-describedby=\"gallery-1-6904\" \/><\/a>\n\t\t\t<\/div>\n\t\t\t\t<figcaption class='wp-caption-text gallery-caption' id='gallery-1-6904'>\n\t\t\t\tWystawa Witkacy i inni. Z kolekcji Stefana Oko\u0142owicza i Ewy Franczak, fot. Stefan Oko\u0142owicz\n\t\t\t\t<\/figcaption><\/figure><figure class='gallery-item'>\n\t\t\t<div class='gallery-icon landscape'>\n\t\t\t\t<a href='https:\/\/ownetic.com\/magazyn\/2011\/stanislaw-ignacy-witkiewicz-stefan-okolowicz-krzysztof-jurecki\/witkacy-stefan-okolowicz-014'><img width=\"361\" height=\"240\" src=\"https:\/\/ownetic.com\/magazyn\/wp-content\/uploads\/2011\/12\/witkacy-stefan-okolowicz-014.jpg\" class=\"attachment-thumbnail size-thumbnail\" alt=\"Wystawa Witkacy i inni. Z kolekcji Stefana Oko\u0142owicza i Ewy Franczak, fot. Stefan Oko\u0142owicz\" loading=\"lazy\" aria-describedby=\"gallery-1-6903\" \/><\/a>\n\t\t\t<\/div>\n\t\t\t\t<figcaption class='wp-caption-text gallery-caption' id='gallery-1-6903'>\n\t\t\t\tWystawa Witkacy i inni. Z kolekcji Stefana Oko\u0142owicza i Ewy Franczak, fot. Stefan Oko\u0142owicz\n\t\t\t\t<\/figcaption><\/figure><figure class='gallery-item'>\n\t\t\t<div class='gallery-icon landscape'>\n\t\t\t\t<a href='https:\/\/ownetic.com\/magazyn\/2011\/stanislaw-ignacy-witkiewicz-stefan-okolowicz-krzysztof-jurecki\/witkacy-stefan-okolowicz-013'><img width=\"361\" height=\"240\" src=\"https:\/\/ownetic.com\/magazyn\/wp-content\/uploads\/2011\/12\/witkacy-stefan-okolowicz-013.jpg\" class=\"attachment-thumbnail size-thumbnail\" alt=\"Wystawa Witkacy i inni. Z kolekcji Stefana Oko\u0142owicza i Ewy Franczak, fot. Stefan Oko\u0142owicz\" loading=\"lazy\" aria-describedby=\"gallery-1-6902\" \/><\/a>\n\t\t\t<\/div>\n\t\t\t\t<figcaption class='wp-caption-text gallery-caption' id='gallery-1-6902'>\n\t\t\t\tWystawa Witkacy i inni. Z kolekcji Stefana Oko\u0142owicza i Ewy Franczak, fot. Stefan Oko\u0142owicz\n\t\t\t\t<\/figcaption><\/figure><figure class='gallery-item'>\n\t\t\t<div class='gallery-icon landscape'>\n\t\t\t\t<a href='https:\/\/ownetic.com\/magazyn\/2011\/stanislaw-ignacy-witkiewicz-stefan-okolowicz-krzysztof-jurecki\/witkacy-stefan-okolowicz-012'><img width=\"361\" height=\"240\" src=\"https:\/\/ownetic.com\/magazyn\/wp-content\/uploads\/2011\/12\/witkacy-stefan-okolowicz-012.jpg\" class=\"attachment-thumbnail size-thumbnail\" alt=\"Wystawa Witkacy i inni. Z kolekcji Stefana Oko\u0142owicza i Ewy Franczak, fot. Stefan Oko\u0142owicz\" loading=\"lazy\" aria-describedby=\"gallery-1-6901\" \/><\/a>\n\t\t\t<\/div>\n\t\t\t\t<figcaption class='wp-caption-text gallery-caption' id='gallery-1-6901'>\n\t\t\t\tWystawa Witkacy i inni. Z kolekcji Stefana Oko\u0142owicza i Ewy Franczak, fot. Stefan Oko\u0142owicz\n\t\t\t\t<\/figcaption><\/figure><figure class='gallery-item'>\n\t\t\t<div class='gallery-icon landscape'>\n\t\t\t\t<a href='https:\/\/ownetic.com\/magazyn\/2011\/stanislaw-ignacy-witkiewicz-stefan-okolowicz-krzysztof-jurecki\/witkacy-stefan-okolowicz-011'><img width=\"361\" height=\"240\" src=\"https:\/\/ownetic.com\/magazyn\/wp-content\/uploads\/2011\/12\/witkacy-stefan-okolowicz-011.jpg\" class=\"attachment-thumbnail size-thumbnail\" alt=\"Wystawa Witkacy i inni. Z kolekcji Stefana Oko\u0142owicza i Ewy Franczak, fot. Stefan Oko\u0142owicz\" loading=\"lazy\" aria-describedby=\"gallery-1-6900\" \/><\/a>\n\t\t\t<\/div>\n\t\t\t\t<figcaption class='wp-caption-text gallery-caption' id='gallery-1-6900'>\n\t\t\t\tWystawa Witkacy i inni. Z kolekcji Stefana Oko\u0142owicza i Ewy Franczak, fot. Stefan Oko\u0142owicz\n\t\t\t\t<\/figcaption><\/figure><figure class='gallery-item'>\n\t\t\t<div class='gallery-icon landscape'>\n\t\t\t\t<a href='https:\/\/ownetic.com\/magazyn\/2011\/stanislaw-ignacy-witkiewicz-stefan-okolowicz-krzysztof-jurecki\/witkacy-stefan-okolowicz-010'><img width=\"361\" height=\"240\" src=\"https:\/\/ownetic.com\/magazyn\/wp-content\/uploads\/2011\/12\/witkacy-stefan-okolowicz-010.jpg\" class=\"attachment-thumbnail size-thumbnail\" alt=\"Wystawa Witkacy i inni. Z kolekcji Stefana Oko\u0142owicza i Ewy Franczak, fot. Stefan Oko\u0142owicz\" loading=\"lazy\" aria-describedby=\"gallery-1-6899\" \/><\/a>\n\t\t\t<\/div>\n\t\t\t\t<figcaption class='wp-caption-text gallery-caption' id='gallery-1-6899'>\n\t\t\t\tWystawa Witkacy i inni. Z kolekcji Stefana Oko\u0142owicza i Ewy Franczak, fot. Stefan Oko\u0142owicz\n\t\t\t\t<\/figcaption><\/figure><figure class='gallery-item'>\n\t\t\t<div class='gallery-icon landscape'>\n\t\t\t\t<a href='https:\/\/ownetic.com\/magazyn\/2011\/stanislaw-ignacy-witkiewicz-stefan-okolowicz-krzysztof-jurecki\/witkacy-stefan-okolowicz-009'><img width=\"361\" height=\"240\" src=\"https:\/\/ownetic.com\/magazyn\/wp-content\/uploads\/2011\/12\/witkacy-stefan-okolowicz-009.jpg\" class=\"attachment-thumbnail size-thumbnail\" alt=\"Wystawa Witkacy i inni. Z kolekcji Stefana Oko\u0142owicza i Ewy Franczak, fot. Stefan Oko\u0142owicz\" loading=\"lazy\" aria-describedby=\"gallery-1-6898\" \/><\/a>\n\t\t\t<\/div>\n\t\t\t\t<figcaption class='wp-caption-text gallery-caption' id='gallery-1-6898'>\n\t\t\t\tWystawa Witkacy i inni. Z kolekcji Stefana Oko\u0142owicza i Ewy Franczak, fot. Stefan Oko\u0142owicz\n\t\t\t\t<\/figcaption><\/figure><figure class='gallery-item'>\n\t\t\t<div class='gallery-icon landscape'>\n\t\t\t\t<a href='https:\/\/ownetic.com\/magazyn\/2011\/stanislaw-ignacy-witkiewicz-stefan-okolowicz-krzysztof-jurecki\/witkacy-stefan-okolowicz-008'><img width=\"361\" height=\"240\" src=\"https:\/\/ownetic.com\/magazyn\/wp-content\/uploads\/2011\/12\/witkacy-stefan-okolowicz-008.jpg\" class=\"attachment-thumbnail size-thumbnail\" alt=\"Wystawa Witkacy i inni. Z kolekcji Stefana Oko\u0142owicza i Ewy Franczak, fot. Stefan Oko\u0142owicz\" loading=\"lazy\" aria-describedby=\"gallery-1-6897\" \/><\/a>\n\t\t\t<\/div>\n\t\t\t\t<figcaption class='wp-caption-text gallery-caption' id='gallery-1-6897'>\n\t\t\t\tWystawa Witkacy i inni. Z kolekcji Stefana Oko\u0142owicza i Ewy Franczak, fot. Stefan Oko\u0142owicz\n\t\t\t\t<\/figcaption><\/figure><figure class='gallery-item'>\n\t\t\t<div class='gallery-icon landscape'>\n\t\t\t\t<a href='https:\/\/ownetic.com\/magazyn\/2011\/stanislaw-ignacy-witkiewicz-stefan-okolowicz-krzysztof-jurecki\/witkacy-stefan-okolowicz-007'><img width=\"361\" height=\"240\" src=\"https:\/\/ownetic.com\/magazyn\/wp-content\/uploads\/2011\/12\/witkacy-stefan-okolowicz-007.jpg\" class=\"attachment-thumbnail size-thumbnail\" alt=\"Wystawa Witkacy i inni. Z kolekcji Stefana Oko\u0142owicza i Ewy Franczak, fot. Stefan Oko\u0142owicz\" loading=\"lazy\" aria-describedby=\"gallery-1-6896\" \/><\/a>\n\t\t\t<\/div>\n\t\t\t\t<figcaption class='wp-caption-text gallery-caption' id='gallery-1-6896'>\n\t\t\t\tWystawa Witkacy i inni. Z kolekcji Stefana Oko\u0142owicza i Ewy Franczak, fot. Stefan Oko\u0142owicz\n\t\t\t\t<\/figcaption><\/figure><figure class='gallery-item'>\n\t\t\t<div class='gallery-icon landscape'>\n\t\t\t\t<a href='https:\/\/ownetic.com\/magazyn\/2011\/stanislaw-ignacy-witkiewicz-stefan-okolowicz-krzysztof-jurecki\/witkacy-stefan-okolowicz-006'><img width=\"361\" height=\"240\" src=\"https:\/\/ownetic.com\/magazyn\/wp-content\/uploads\/2011\/12\/witkacy-stefan-okolowicz-006.jpg\" class=\"attachment-thumbnail size-thumbnail\" alt=\"Wystawa Witkacy i inni. Z kolekcji Stefana Oko\u0142owicza i Ewy Franczak, fot. Stefan Oko\u0142owicz\" loading=\"lazy\" aria-describedby=\"gallery-1-6895\" \/><\/a>\n\t\t\t<\/div>\n\t\t\t\t<figcaption class='wp-caption-text gallery-caption' id='gallery-1-6895'>\n\t\t\t\tWystawa Witkacy i inni. Z kolekcji Stefana Oko\u0142owicza i Ewy Franczak, fot. Stefan Oko\u0142owicz\n\t\t\t\t<\/figcaption><\/figure><figure class='gallery-item'>\n\t\t\t<div class='gallery-icon landscape'>\n\t\t\t\t<a href='https:\/\/ownetic.com\/magazyn\/2011\/stanislaw-ignacy-witkiewicz-stefan-okolowicz-krzysztof-jurecki\/witkacy-stefan-okolowicz-005'><img width=\"361\" height=\"240\" src=\"https:\/\/ownetic.com\/magazyn\/wp-content\/uploads\/2011\/12\/witkacy-stefan-okolowicz-005.jpg\" class=\"attachment-thumbnail size-thumbnail\" alt=\"Wystawa Witkacy i inni. Z kolekcji Stefana Oko\u0142owicza i Ewy Franczak, fot. Stefan Oko\u0142owicz\" loading=\"lazy\" aria-describedby=\"gallery-1-6894\" \/><\/a>\n\t\t\t<\/div>\n\t\t\t\t<figcaption class='wp-caption-text gallery-caption' id='gallery-1-6894'>\n\t\t\t\tWystawa Witkacy i inni. Z kolekcji Stefana Oko\u0142owicza i Ewy Franczak, fot. Stefan Oko\u0142owicz\n\t\t\t\t<\/figcaption><\/figure><figure class='gallery-item'>\n\t\t\t<div class='gallery-icon landscape'>\n\t\t\t\t<a href='https:\/\/ownetic.com\/magazyn\/2011\/stanislaw-ignacy-witkiewicz-stefan-okolowicz-krzysztof-jurecki\/witkacy-stefan-okolowicz-004'><img width=\"361\" height=\"240\" src=\"https:\/\/ownetic.com\/magazyn\/wp-content\/uploads\/2011\/12\/witkacy-stefan-okolowicz-004.jpg\" class=\"attachment-thumbnail size-thumbnail\" alt=\"Wystawa Witkacy i inni. Z kolekcji Stefana Oko\u0142owicza i Ewy Franczak, fot. Stefan Oko\u0142owicz\" loading=\"lazy\" aria-describedby=\"gallery-1-6893\" \/><\/a>\n\t\t\t<\/div>\n\t\t\t\t<figcaption class='wp-caption-text gallery-caption' id='gallery-1-6893'>\n\t\t\t\tWystawa Witkacy i inni. Z kolekcji Stefana Oko\u0142owicza i Ewy Franczak, fot. Stefan Oko\u0142owicz\n\t\t\t\t<\/figcaption><\/figure><figure class='gallery-item'>\n\t\t\t<div class='gallery-icon landscape'>\n\t\t\t\t<a href='https:\/\/ownetic.com\/magazyn\/2011\/stanislaw-ignacy-witkiewicz-stefan-okolowicz-krzysztof-jurecki\/witkacy-stefan-okolowicz-003'><img width=\"361\" height=\"240\" src=\"https:\/\/ownetic.com\/magazyn\/wp-content\/uploads\/2011\/12\/witkacy-stefan-okolowicz-003.jpg\" class=\"attachment-thumbnail size-thumbnail\" alt=\"Wystawa Witkacy i inni. Z kolekcji Stefana Oko\u0142owicza i Ewy Franczak, fot. Stefan Oko\u0142owicz\" loading=\"lazy\" aria-describedby=\"gallery-1-6892\" \/><\/a>\n\t\t\t<\/div>\n\t\t\t\t<figcaption class='wp-caption-text gallery-caption' id='gallery-1-6892'>\n\t\t\t\tWystawa Witkacy i inni. Z kolekcji Stefana Oko\u0142owicza i Ewy Franczak, fot. Stefan Oko\u0142owicz\n\t\t\t\t<\/figcaption><\/figure><figure class='gallery-item'>\n\t\t\t<div class='gallery-icon landscape'>\n\t\t\t\t<a href='https:\/\/ownetic.com\/magazyn\/2011\/stanislaw-ignacy-witkiewicz-stefan-okolowicz-krzysztof-jurecki\/witkacy-stefan-okolowicz-002'><img width=\"361\" height=\"240\" src=\"https:\/\/ownetic.com\/magazyn\/wp-content\/uploads\/2011\/12\/witkacy-stefan-okolowicz-002.jpg\" class=\"attachment-thumbnail size-thumbnail\" alt=\"Wystawa Witkacy i inni. Z kolekcji Stefana Oko\u0142owicza i Ewy Franczak, fot. Stefan Oko\u0142owicz\" loading=\"lazy\" aria-describedby=\"gallery-1-6891\" \/><\/a>\n\t\t\t<\/div>\n\t\t\t\t<figcaption class='wp-caption-text gallery-caption' id='gallery-1-6891'>\n\t\t\t\tWystawa Witkacy i inni. Z kolekcji Stefana Oko\u0142owicza i Ewy Franczak, fot. Stefan Oko\u0142owicz\n\t\t\t\t<\/figcaption><\/figure><figure class='gallery-item'>\n\t\t\t<div class='gallery-icon landscape'>\n\t\t\t\t<a href='https:\/\/ownetic.com\/magazyn\/2011\/stanislaw-ignacy-witkiewicz-stefan-okolowicz-krzysztof-jurecki\/witkacy-stefan-okolowicz-001'><img width=\"361\" height=\"240\" src=\"https:\/\/ownetic.com\/magazyn\/wp-content\/uploads\/2011\/12\/witkacy-stefan-okolowicz-001.jpg\" class=\"attachment-thumbnail size-thumbnail\" alt=\"Wystawa Witkacy i inni. Z kolekcji Stefana Oko\u0142owicza i Ewy Franczak, fot. Stefan Oko\u0142owicz\" loading=\"lazy\" aria-describedby=\"gallery-1-6890\" \/><\/a>\n\t\t\t<\/div>\n\t\t\t\t<figcaption class='wp-caption-text gallery-caption' id='gallery-1-6890'>\n\t\t\t\tWystawa Witkacy i inni. Z kolekcji Stefana Oko\u0142owicza i Ewy Franczak, fot. Stefan Oko\u0142owicz\n\t\t\t\t<\/figcaption><\/figure>\n\t\t<\/div>\n\n<p>Oddzieln\u0105 grup\u0105 jest szeroki zestaw fotografii tatrza\u0144skiej, kt\u00f3ra sta\u0142a si\u0119 wa\u017cnym problemem fotograficznym dzi\u0119ki zdj\u0119ciom Awita Szuberta, Stanis\u0142awa Biza\u0144skiego i Stanis\u0142awa Krygowskiego. I mo\u017cna zastanawia\u0107 si\u0119, cho\u0107 takie pytania stawia\u0142 ju\u017c w latach 80. Jerzy Olek, na ile fotografia polska od lat 80. XX wieku do chwili obecnej ukazuje inny status tego trudnego problemu, gdy\u017c fotografia g\u00f3rska wymaga swoistej estetyki i zapisywania ulotnych stan\u00f3w przyrody, takich jak p\u0142yn\u0105ca woda w wodospadzie czy cie\u0144 na tafli wody Litworowego Stawu w wydaniu Krygowskiego.<\/p>\n<p>W tym zakresie<em> novum<\/em> s\u0105 fotografie J\u00f3zefa G\u0142ogowskiego, kt\u00f3ry dzi\u0119ki tej wystawie i kilku innych mniejszych<a class=\"fn-ref-mark\" href=\"#footnote-1\" id=\"refmark-1\"><sup>[1]<\/sup><\/a> , ogromnie zyska\u0142 na znaczeniu nie tylko jako przyjaciel Witkacego, ale tak\u017ce jako samodzielny fotograf, kt\u00f3ry wykonywa\u0142 nowego rodzaju pejza\u017ce g\u00f3rskie o charakterze zdecydowanie bardziej abstrakcyjnym. Jego zdj\u0119cia sytuuj\u0105 si\u0119 mi\u0119dzy tradycj\u0105 prerafaelit\u00f3w, ale w wydaniu Lewisa Carrolla, a znajomo\u015bci\u0105 homoseksualnej w charakterze, wybitnej tw\u00f3rczo\u015bci, niemieckiego piktorialisty barona Wilhelma von Gloedena<a class=\"fn-ref-mark\" href=\"#footnote-2\" id=\"refmark-2\"><sup>[2]<\/sup><\/a> z jego upodobaniem do dekoracyjno\u015bci. G\u0142ogowski by\u0142 wybitnym portrecist\u0105 r\u00f3\u017cnych osobowo\u015bci Witkacego, kt\u00f3re sygnowa\u0142. Tak wi\u0119c racj\u0119 ma Stefan Oko\u0142owicz, a nie Urszula Czartoryska czy obecnie Anna M. Potocka<a class=\"fn-ref-mark\" href=\"#footnote-3\" id=\"refmark-3\"><sup>[3]<\/sup><\/a>, kt\u00f3re ograniczy\u0142y w zakresie autorstwa grono fotograf\u00f3w na korzy\u015b\u0107 konceptualnego (u\u017cywaj\u0105c dzisiejszej terminologii) fotoperfomance\u2019u Witkacego, a na niekorzy\u015b\u0107 profesjonalizmu i przede wszystkim indywidualizmu G\u0142ogowskiego oraz innych fotograf\u00f3w dokumentuj\u0105cych dzia\u0142ania Stanis\u0142awa Witkiewicza.<\/p>\n<figure id=\"attachment_6961\" aria-describedby=\"caption-attachment-6961\" style=\"width: 540px\" class=\"wp-caption alignnone\"><a href=\"https:\/\/ownetic.com\/magazyn\/2011\/stanislaw-ignacy-witkiewicz-stefan-okolowicz-krzysztof-jurecki\/witkacy-jurecki-033\/\" rel=\"attachment wp-att-6961\"><img loading=\"lazy\" class=\"size-medium wp-image-6961\" title=\"Desgrandes \u2013 zak\u0142ad fotograficzny, Ignacy Witkiewicz (stryj S. I. Witkiewicza) udajacy swioch braci, ok.1900 (dzi\u0119ki uprzejmo\u015bci Stefana Oko\u0142owicza)\" src=\"https:\/\/ownetic.com\/magazyn\/wp-content\/uploads\/2011\/12\/witkacy-jurecki-033-540x334.jpg\" alt=\"Desgrandes \u2013 zak\u0142ad fotograficzny, Ignacy Witkiewicz (stryj S. I. Witkiewicza) udajacy swioch braci, ok.1900 (dzi\u0119ki uprzejmo\u015bci Stefana Oko\u0142owicza)\" width=\"540\" height=\"334\" \/><\/a><figcaption id=\"caption-attachment-6961\" class=\"wp-caption-text\">Desgrandes \u2013 zak\u0142ad fotograficzny, Ignacy Witkiewicz (stryj S. I. Witkiewicza) udajacy swioch braci, ok.1900 (dzi\u0119ki uprzejmo\u015bci Stefana Oko\u0142owicza)<\/figcaption><\/figure>\n<p>Inscenizacyjne zdj\u0119cia Witkacego podobnie jak akcje p\u00f3\u017aniejszego w\u0142oskiego futurysty Fortunato Depero z lat 1915\u20131916, specyficznym dzia\u0142aniem do kamery. Depero stosowa\u0142 znan\u0105 z \u00f3wczesnego malarstwa formu\u0142\u0119 klauna operuj\u0105cego \u2013 co jest zupe\u0142nym novum \u2013 r\u00f3\u017cnymi grymasami<a class=\"fn-ref-mark\" href=\"#footnote-4\" id=\"refmark-4\"><sup>[4]<\/sup><\/a>. Taka strategia \u201eprzedrze\u017aniania rzeczywisto\u015bci\u201d w latach 20. i 30. przej\u0119ta zosta\u0142a nast\u0119pnie przez dadaist\u00f3w i surrealist\u00f3w, w tym przez Witkacego.<\/p>\n<p>Tak\u017ce wczesne fotografie Witkacego, jak <em>Wilan\u00f3w<\/em> czy <em>Zima 1901\/02<\/em>, nabieraj\u0105 nowego znaczenia jako zbli\u017canie si\u0119 do realistyczno-symbolicznej wersji piktorializmu, wbardziej jego ameryka\u0144skiej ni\u017c polskiej odmianie. Zw\u0142aszcza Zim\u0119 mo\u017cna tu zestawi\u0107 z gumami Edwarda Steichena z tego samego czasu. I tym tropem, zwi\u0105zanym tak\u017ce z \u00f3wczesn\u0105 fascynacj\u0105 malarstwem (W\u0142adys\u0142aw \u015aliwi\u0144ski), pod\u0105\u017ca\u0142 Witkacy jeszcze w 1911, rejestruj\u0105c widoki w Do\u00eblan, przy czym ekspresja fal zbli\u017ca\u0142a si\u0119 do formy abstrakcyjnej, podobnie jak w ostatnich pracach Edwarda Westona<a class=\"fn-ref-mark\" href=\"#footnote-5\" id=\"refmark-5\"><sup>[5]<\/sup><\/a>.<\/p>\n<p>Prace Antoniego Wieczorka wa\u017cnego teoretyka w polskiej fotografii lat 30. przeciwnie \u2013 nie daj\u0105 nowych mo\u017cliwo\u015bci interpretacyjnych. S\u0105 zbyt jednostronne, cho\u0107 opowiada\u0142y si\u0119 za nowoczesn\u0105 koncepcj\u0105 ostro rysuj\u0105cych obiektyw\u00f3w. Za to pejza\u017ce z chmurami i piktorialne <em>Krokusy<\/em> Borysa Wigilewa, zmar\u0142ego w Zakopanem, by\u0142y dla mnie odkryciem. W koncepcji fotografowania r\u00f3\u017cnych form chmur zbli\u017ca\u0142 si\u0119 do teorii \u201eekwiwalentu\u201d Alfreda Stieglitza. Z kolei rudery z Lovrany, ukazuj\u0105ce w perspektywie matematycznej zau\u0142ki i bramy, bardzo przypominaj\u0105 niekt\u00f3re prace Atgeta. Czy je zna\u0142? Mo\u017ce wyka\u017c\u0105 to przysz\u0142e badania, cho\u0107 oczywi\u015bcie \u201e\u015bwiat jako ruina\u201d istnia\u0142 w fotografii polskiej w XIX wieku, co pokazuj\u0105 chocia\u017cby zamki czy rezydencje z kres\u00f3w ch\u0119tnie fotografowane np. przez A. Engiela.<\/p>\n<figure id=\"attachment_6977\" aria-describedby=\"caption-attachment-6977\" style=\"width: 445px\" class=\"wp-caption alignnone\"><a href=\"https:\/\/ownetic.com\/magazyn\/2011\/stanislaw-ignacy-witkiewicz-stefan-okolowicz-krzysztof-jurecki\/witkacy-jurecki-050\/\" rel=\"attachment wp-att-6977\"><img loading=\"lazy\" class=\"size-medium wp-image-6977\" title=\"Stefan Oko\u0142owicz, Ostatni happening \u2014\u201eUwaga! Grozi mi\u0142o\u015bci\u0105 chemia\u201d,  z udzia\u0142em Ewy Franczak, El\u017cbiety Pietras, Magdaleny  Markowskiej, Henryka Jungsta, Wies\u0142awa Rosochy oraz  autora fotografii, Zak\u0142ady Azotowe w Pu\u0142awach, 1970 (dzi\u0119ki uprzejmo\u015bci Stefana Oko\u0142owicza)  \" src=\"https:\/\/ownetic.com\/magazyn\/wp-content\/uploads\/2011\/12\/witkacy-jurecki-050-445x600.jpg\" alt=\"Stefan Oko\u0142owicz, Ostatni happening \u2014\u201eUwaga! Grozi mi\u0142o\u015bci\u0105 chemia\u201d, z udzia\u0142em Ewy Franczak, El\u017cbiety Pietras, Magdaleny Markowskiej, Henryka Jungsta, Wies\u0142awa Rosochy oraz autora fotografii, Zak\u0142ady Azotowe w Pu\u0142awach, 1970 (dzi\u0119ki uprzejmo\u015bci Stefana Oko\u0142owicza)\" width=\"445\" height=\"600\" \/><\/a><figcaption id=\"caption-attachment-6977\" class=\"wp-caption-text\">Stefan Oko\u0142owicz, Ostatni happening \u2014\u201eUwaga! Grozi mi\u0142o\u015bci\u0105 chemia\u201d, z udzia\u0142em Ewy Franczak, El\u017cbiety Pietras, Magdaleny Markowskiej, Henryka Jungsta, Wies\u0142awa Rosochy oraz autora fotografii, Zak\u0142ady Azotowe w Pu\u0142awach, 1970 (dzi\u0119ki uprzejmo\u015bci Stefana Oko\u0142owicza)<\/figcaption><\/figure>\n<h3 id=\"krag-witkacego\"><strong>Kr\u0105g Witkacego<\/strong><\/h3>\n<p>Z kr\u0119gu Witkacego zaprezentowano bardzo ciekaw\u0105 fotografi\u0119 Benedykta hr. Tyszkiewicza, kt\u00f3ra jest reprodukcj\u0105 wykonan\u0105 z orygina\u0142u przez Witkiewicz\u00f3w, gdy\u017c z pewno\u015bci\u0105 bardzo im si\u0119 podoba\u0142a<a class=\"fn-ref-mark\" href=\"#footnote-6\" id=\"refmark-6\"><sup>[6]<\/sup><\/a>. \u015awiadczy to o tym, \u017ce Tyszkiewicz by\u0142 wielkiej klasy portrecist\u0105 potrafi\u0105cym, jak Nadar, odda\u0107 psychologizm postaci. I aby podkre\u015bli\u0107 jego wyrafinowany styl, mo\u017cna to zdj\u0119cie por\u00f3wna\u0107 z prac\u0105 Stanis\u0142awa Dubrzyckiego<em> Nosiwoda ze Starej Sieniawy<\/em>, kt\u00f3ra nale\u017cy do kr\u0119gu krajoznawstwa i regionalizmu z pocz\u0105tku XX w.<\/p>\n<p>Pere\u0142kami tej bardzo wa\u017cnej wystawy s\u0105 inscenizowane na wschodni spos\u00f3b autoportrety Tadeusza Langiera oraz pi\u0119kna praca w technice gumy z przedstawieniem Marii Zaroty\u0144skiej. Prace te przypominaj\u0105 portrety symboliczne, czy nawet renesansowe i barokowe, ale tak\u017ce wczesne gumy Jana Bu\u0142haka. Inna realizacja Langiera, <em>Helena Biedrzycka<\/em>, jest utrzymana w stylu autoportret\u00f3w Witkacego, co jest zrozumia\u0142e, gdy\u017c obaj tw\u00f3rcy nale\u017celi do tego samego kr\u0119gu artystyczno-towarzyskiego i fotografowali te same postaci w podobnym stylu. Niezwyk\u0142ej urody jest portret Jerzego \u017bu\u0142awskiego z pocz\u0105tku XX w., celowo przedstawiaj\u0105cy nieostr\u0105 twarz i w\u0142osy oraz d\u0142ug\u0105 szyj\u0119 modela, wykonany w typie prac Julii Cameron, \u015bwiadcz\u0105cy, \u017ce fotografia prerafaelit\u00f3w by\u0142a znana w Polsce. Ten sam autor w podobnym stylu sfotografowa\u0142 ok. 1912 Gustawa Gwozdeckiego, gdzie gest zamkni\u0119tych oczy i d\u0142oni w drugim uj\u0119ciu maj\u0105 doda\u0107 portretowi nowych jako\u015bci, co si\u0119 uda\u0142o.<\/p>\n<p>Dawno nie by\u0142o tak obszernej wystawy zdj\u0119\u0107 Witkacego prezentuj\u0105cej tak du\u017c\u0105 ilo\u015b\u0107 oryginalnych prac, w\u0142\u0105cznie z odbitkami nieudanymi technicznie, kt\u00f3re na szcz\u0119\u015bcie zachowa\u0142y si\u0119 (zdj\u0119cia z Jadwig\u0105 Janczewsk\u0105). Ok. 1912 Witkacy tworzy\u0142 portrety nie tylko w ciasnym kadrze, ale tak\u017ce z podkre\u015bleniem pi\u0119kna i ulotno\u015bci w stylu prerafaelit\u00f3w (<em>Eugenia Dunin-Borkowska<\/em>). Szczeg\u00f3lnie nowocze\u015bnie wygl\u0105da portret Tadeusz Langiera, w kt\u00f3rym \u015bwiat\u0142o odbija si\u0119 w t\u0119cz\u00f3wkach, a ostro\u015b\u0107 obejmuje tylko nos i oczy, co nadaje mu jeszcze bardziej psychologicznego rysu. Wielu historyk\u00f3w fotografii podkre\u015bla, \u017ce w fotografii wsp\u00f3\u0142czesnej motyw zamkni\u0119tych oczu spopularyzowa\u0142 w latach 20. Man Ray, a przecie\u017c na zdj\u0119ciu z 1913 <em>Autoportret z Tadeuszem Langierem<\/em> w\u0142a\u015bnie ten drugi ma oczy zamkni\u0119te, a Witkacy szeroko otwarte, cho\u0107 nieobecne.<\/p>\n<figure id=\"attachment_6967\" aria-describedby=\"caption-attachment-6967\" style=\"width: 540px\" class=\"wp-caption alignnone\"><a href=\"https:\/\/ownetic.com\/magazyn\/2011\/stanislaw-ignacy-witkiewicz-stefan-okolowicz-krzysztof-jurecki\/witkacy-jurecki-040\/\" rel=\"attachment wp-att-6967\"><img loading=\"lazy\" class=\"size-medium wp-image-6967\" title=\"Stanis\u0142aw Ignacy Witkiewicz, Strach przed samym sob\u0105, reprodukcja rysunku, ok.1914 (dzi\u0119ki uprzejmo\u015bci Stefana Oko\u0142owicza)\" src=\"https:\/\/ownetic.com\/magazyn\/wp-content\/uploads\/2011\/12\/witkacy-jurecki-040-540x389.jpg\" alt=\"Stanis\u0142aw Ignacy Witkiewicz, Strach przed samym sob\u0105, reprodukcja rysunku, ok.1914 (dzi\u0119ki uprzejmo\u015bci Stefana Oko\u0142owicza)\" width=\"540\" height=\"389\" \/><\/a><figcaption id=\"caption-attachment-6967\" class=\"wp-caption-text\">Stanis\u0142aw Ignacy Witkiewicz, Strach przed samym sob\u0105, reprodukcja rysunku, ok.1914 (dzi\u0119ki uprzejmo\u015bci Stefana Oko\u0142owicza)<\/figcaption><\/figure>\n<p>Zaginione rysunki Wikacego \u015bwiadcz\u0105, \u017ce takie motywy fotograficzne, jak np. niesamowite w wyrazie oczy stosowa\u0142 tak\u017ce w prywatnych rysunkach (Langier, Mici\u0144ski). Mo\u017cna by\u0142o te\u017c zobaczy\u0107 portrety wielokrotne, w tym i Witkacego, cho\u0107, jak udowodni\u0142 to Stefan Oko\u0142owicz, zdj\u0119cie Witkacego ma sw\u00f3j precedens w fotomonta\u017cu z ok. 1900 r. przedstawiaj\u0105cym stryja Ignacego Witkiewicza, kt\u00f3ry udaje swoich braci. Najbardziej znany z nich, <em>Portret wielokrotny<\/em> Witkacego, posiada swoje zakorzenienie w sztuce awangardowej (Umberto Boccionni, Marcel Duchamp) i jednocze\u015bnie w jarmarcznej rozrywce, praktykowanej jeszcze w getcie warszawskim. Do tego z\u0142o\u017conego kontekstu kulturowego dodam jeszcze jeden \u2013 w znanym \u00f3wczesnym filmie protoekspresjonistycznym <em>Der Student von Prag<\/em> Stellana Rye\u2019a (1913) pojawi\u0142 si\u0119 motyw zwi\u0105zany z czarami i widocznym rozbiciem postaci, co osi\u0105gni\u0119to za pomoc\u0105 triku technicznego. Film inspirowany by\u0142 tak\u017ce opowiadaniem Edgara Allana Poego <em>William Wilson<\/em> z tak charakterystycznym dla romantyzmu, a p\u00f3\u017aniej tak\u017ce Witkacego, motywem sobowt\u00f3ra.<\/p>\n<p>W\u015br\u00f3d zdj\u0119\u0107 tzw. zabawowych o charakterze teatralno-filmowym z lat 20. i 30. zastanawia mnie autoportret z kelnerem, na kt\u00f3rym Witkacy jest ukazany w po\u0142owie, jakby znika\u0142 z tego \u015bwiata. Taki efekt spowodowa\u0142a podw\u00f3jna ekspozycja na\u015bwietlania negatywu daj\u0105ca mo\u017cliwo\u015b\u0107 skontrastowania realno\u015bci \u017cony Witkacego i niematerialno\u015bci kochanki (Czes\u0142awa Okni\u0144ska). S\u0105 to wa\u017cne portrety, podobnie jak inscenizowane Gro\u017any bandyta czy Nie\u015bmia\u0142y bandyta inspirowane filmem W\u0142odzimierza Majkowskiego <em>Panna i chuligan<\/em><a class=\"fn-ref-mark\" href=\"#footnote-7\" id=\"refmark-7\"><sup>[7]<\/sup><\/a>.<\/p>\n<p>Na wystawie pokazano tak\u017ce wiele prywatnych rysunk\u00f3w, kt\u00f3re powstawa\u0142y chyba z potrzeby przekraczania granic w prywatnej sferze adresowanej do bliskiego grona. S\u0105 w\u015br\u00f3d nich prace pornograficzne i z motywem pr\u00f3by samob\u00f3jczej, ale bardziej nale\u017cy ceni\u0107 zaprezentowanie wczesnego cyklu kompozycji astronomicznych czy chemicznych z 1918.<\/p>\n<figure id=\"attachment_6954\" aria-describedby=\"caption-attachment-6954\" style=\"width: 456px\" class=\"wp-caption alignnone\"><a href=\"https:\/\/ownetic.com\/magazyn\/2011\/stanislaw-ignacy-witkiewicz-stefan-okolowicz-krzysztof-jurecki\/witkacy-jurecki-027\/\" rel=\"attachment wp-att-6954\"><img loading=\"lazy\" class=\"size-medium wp-image-6954\" title=\"J\u00f3zef G\u0142ogowski, portret S. I. Witkiewicza \u2013 Przera\u017cenie wariata, 1931 (dzi\u0119ki uprzejmo\u015bci Stefana Oko\u0142owicza)\" src=\"https:\/\/ownetic.com\/magazyn\/wp-content\/uploads\/2011\/12\/witkacy-jurecki-027-456x600.jpg\" alt=\"J\u00f3zef G\u0142ogowski, portret S. I. Witkiewicza \u2013 Przera\u017cenie wariata, 1931 (dzi\u0119ki uprzejmo\u015bci Stefana Oko\u0142owicza)\" width=\"456\" height=\"600\" \/><\/a><figcaption id=\"caption-attachment-6954\" class=\"wp-caption-text\">J\u00f3zef G\u0142ogowski, portret S. I. Witkiewicza \u2013 Przera\u017cenie wariata, 1931 (dzi\u0119ki uprzejmo\u015bci Stefana Oko\u0142owicza)<\/figcaption><\/figure>\n<h3 id=\"odkrywanie-postaci-choynowskiego\"><strong>Odkrywanie postaci Choynowskiego<\/strong><\/h3>\n<p>Wielkie znacznie mia\u0142o zaprezentowanie nieznanych prac Mieczys\u0142awa Choynowskiego, zar\u00f3wno akt\u00f3w s\u0142u\u017c\u0105cych do tworzenia fotomonta\u017cy w typie p\u00f3\u017aniejszych prac Zdzis\u0142awa Beksi\u0144skiego, jak i zdj\u0119\u0107 z cieniami uj\u0119tych z \u017cabiej perspektywy w formule nowoczesnej fotografii z Bauhausu. Choynowski jest jednak przede wszystkim wybitnym fotomonta\u017cyst\u0105 (prace z lat 1938\u20131942, kt\u00f3re kontynuuj\u0105 postulaty awangardy z lat 20.-30). Krytyce podlega zar\u00f3wno ameryka\u0144ska cywilizacja, jak i \u201epolska sztuka\u201d. Zaskakuj\u0105co wsp\u00f3\u0142cze\u015bnie i jednocze\u015bnie pop\u2013artowo wygl\u0105daj\u0105 monta\u017ce \u0142\u0105cz\u0105ce kulturystyczne torsy m\u0119skie z kobiecymi g\u0142owami pi\u0119knych \u201ekinowych\u201d postaci. A wi\u0119c mamy tu tak\u017ce krytyk\u0119 polskiego przemys\u0142u kinowego. Jestem przekonany, \u017ce ma\u0142o znana posta\u0107 Choynowskiego doczeka si\u0119 dalszych interpretacji.<\/p>\n<p>Na koniec wystawy mo\u017cna by\u0142o zobaczy\u0107 wiele prac Stefana Oko\u0142owicza, z kt\u00f3rych zapami\u0119ta\u0142em <em>Tete-a tete<\/em> i ironizuj\u0105cy z socjalizmu czy<em> PZPR VII Zjazd PZPR<\/em>. Sporo miejsca zaj\u0119\u0142y te\u017c prace Janusza Perykowskiego \u2013 artysty zwi\u0105zanego ze sztuk\u0105 podziemn\u0105 z lat 80., kt\u00f3re w r\u00f3\u017cnorodny spos\u00f3b walczy\u0142y z systemem, tak\u017ce za pomoc\u0105 metafory (cykl <em>Nigdy nie zobacz\u0119 ju\u017c Kyoto<\/em>).<\/p>\n<p>Dla historii, kt\u00f3ra nigdy si\u0119 nie sko\u0144czy, a kt\u00f3r\u0105 mo\u017cna nazwa\u0107 histori\u0105 o Witkacym i stworzonym przez niego kr\u0119gu artystyczno-towarzyskim, wystawa oraz katalog maj\u0105 wielkie znacznie, gdy\u017c by\u0142a to najwa\u017cniejsza wystawa fotograficzna z zakresu wystaw historycznych roku 2011.<\/p>\n<p><em>Za udost\u0119pnienie wielu materia\u0142\u00f3w oraz za uwagi dotycz\u0105ce tw\u00f3rczo\u015bci Witkacego dzi\u0119kuj\u0119 Stefanowi Oko\u0142owiczowi.<\/em><\/p>\n<div id=\"footnote-list\" style=\"display:inherit\"><span id=fn-heading>Poka\u017c przypisy<\/span> &nbsp;&nbsp;&nbsp;(\u21b5 returns to text)<\/p>\n<ol>\n<li id=\"footnote-1\" class=\"fn-text\">Mam tu na my\u015bli przede wszystkim ekspozycj\u0119 <em>J\u00f3zef Jan G\u0142ogowski \u201eCzas c\u00f3rek\u201d<\/em> (galeria Asymetria), Warszawa 2009\/10.<a href=\"#refmark-1\">\u21b5<\/a><\/li>\n<li id=\"footnote-2\" class=\"fn-text\">Jego tw\u00f3rczo\u015b\u0107 poprzez poczt\u00f3wki fotograficzne bardzo szybko sta\u0142\u0105 si\u0119 popularna w ca\u0142ej Europie, nawet w Rosji. Oczywi\u015bcie nie odczytywano w\u0142a\u015bciwie ich rysu homoseksualnego, kt\u00f3ry by\u0142 ukryty.<a href=\"#refmark-2\">\u21b5<\/a><\/li>\n<li id=\"footnote-3\" class=\"fn-text\">Cho\u0107 wiedziano o G\u0142ogowskim i innych fotografach, minimalizowano ich pozycj\u0119 w tym zakresie, co w kilku przypadkach, g\u0142\u00f3wnie G\u0142ogowskiego, by\u0142o b\u0142\u0119dem. Zob. S. Oko\u0142owicz, <em>Musz\u0119 mie\u0107 mask\u0119, w\u015bciek\u0142\u0105 mask\u0119. Polemika z Mari\u0105 Ann\u0105 Potock\u0105<\/em>, [w:] \u201ePrzestrzenie Teorii\u201c, nr 14\/2010, s. 217\u2013249, Wydawnictwo Naukowe Uniwersytetu im. A. Mickiewicza w Poznaniu, Pozna\u0144 2010.<a href=\"#refmark-3\">\u21b5<\/a><\/li>\n<li id=\"footnote-4\" class=\"fn-text\">G. Foschi,<em> The History of Italian Photography<\/em>, w:<em> The Thistory of European Photography 1900\u20131938<\/em>, The Central European House of Photography, FOTO, Bratislava, 2010, s. 370.<a href=\"#refmark-4\">\u21b5<\/a><\/li>\n<li id=\"footnote-5\" class=\"fn-text\"><em>My Camera On Point Lobos By Edward Weston. 30 Photographs And Excerpts From E.W.&#8217;s Daybo, by Edward Weston<\/em>\u00a0, Yosemite\/Boston: Virginia Adams\/Houghton Mifflin Company, 1950.<a href=\"#refmark-5\">\u21b5<\/a><\/li>\n<li id=\"footnote-6\" class=\"fn-text\">Oryginaln\u0105 odbitk\u0119 z 1892 r. profesjonalnie naklejon\u0105 na grub\u0105 tektur\u0119, sygnowan\u0105 piecz\u0119ci\u0105 wyciskow\u0105 ze swoim herbem, Tyszkiewicz podarowa\u0142 Stanis\u0142awowi Witkiewiczowi. Zosta\u0142a oprawiona i zawieszona na \u015bcianie \u201esalonu\u201c Witkiewicz\u00f3w w domu \u015alimaka przy Krup\u00f3wkach w Zakopanem. Orygina\u0142 fotografii obecnie znajduje si\u0119 w Muzeum Tatrza\u0144skim, za\u015b reprodukcja wykonana zosta\u0142a na negatywie szklanym formatu 13&#215;18 cm i odbita stykowo nied\u0142ugo po \u015bmierci Saba\u0142y w 1893 roku.<a href=\"#refmark-6\">\u21b5<\/a><\/li>\n<li id=\"footnote-7\" class=\"fn-text\">W\u0142a\u015bnie taki \u201eniew\u0142a\u015bciwy\u201d tytu\u0142 z serii <em>Chuligan i panna<\/em> posiada kilka prac znajduj\u0105cych si\u0119 w zbiorach Muzeum Sztuki w \u0141odzi. Film z 1918 r., w kt\u00f3rym Majakowski by\u0142 g\u0142\u00f3wnym aktorem scenarzyst\u0105 i re\u017cyserem, nosi jednak tytu\u0142<em> Panna i chuligan<\/em>. Nale\u017cy w tym ciekawym utworze komediowym dostrzega\u0107 fascynacj\u0119 Witkacego postaci\u0105 kreowan\u0105 przez Majakowskiego. By\u0107 mo\u017ce by\u0142a dla Witkacego jego kolejnym sobowt\u00f3rem.<a href=\"#refmark-7\">\u21b5<\/a><\/li>\n<\/ol>\n<\/div>\n","protected":false},"excerpt":{"rendered":"<p>Wystawa Witkacy i inni. Z kolekcji Stefana Oko\u0142owicza i Ewy Franczak zrealizowana w cyklu U\u015bpiony kapita\u0142 przez Fundacj\u0119 Profile i Muzeum Pa\u0142ac w Wilanowie (16.06\u201315.08.11) by\u0142a du\u017cym wydarzeniem artystycznym z dw\u00f3ch powod\u00f3w. <\/p>\n","protected":false},"author":28,"featured_media":6976,"comment_status":"open","ping_status":"closed","sticky":false,"template":"","format":"standard","meta":[],"categories":[1],"tags":[1175,1172,7249,1526,1176,1174,849],"powerkit_post_featured":[],"coauthors":[568],"yoast_head":"<!-- This site is optimized with the Yoast SEO plugin v18.7 - https:\/\/yoast.com\/wordpress\/plugins\/seo\/ -->\n<title>Nowe odkrywanie Witkacego. I nie tylko\u2026<\/title>\n<meta name=\"description\" content=\"Wystawa Witkacy i inni. Z kolekcji Stefana Oko\u0142owicza i Ewy Franczak zrealizowana w cyklu U\u015bpiony kapita\u0142 przez Fundacj\u0119 Profile...\" \/>\n<meta name=\"robots\" content=\"index, follow, max-snippet:-1, max-image-preview:large, max-video-preview:-1\" \/>\n<link rel=\"canonical\" href=\"https:\/\/ownetic.com\/magazyn\/2011\/stanislaw-ignacy-witkiewicz-stefan-okolowicz-krzysztof-jurecki\" \/>\n<script type=\"application\/ld+json\" class=\"yoast-schema-graph\">{\"@context\":\"https:\/\/schema.org\",\"@graph\":[{\"@type\":\"WebSite\",\"@id\":\"https:\/\/ownetic.com\/magazyn\/#website\",\"url\":\"https:\/\/ownetic.com\/magazyn\/\",\"name\":\"Ownetic Magazine\",\"description\":\"Magazine\",\"potentialAction\":[{\"@type\":\"SearchAction\",\"target\":{\"@type\":\"EntryPoint\",\"urlTemplate\":\"https:\/\/ownetic.com\/magazyn\/?s={search_term_string}\"},\"query-input\":\"required name=search_term_string\"}],\"inLanguage\":\"pl-PL\"},{\"@type\":\"ImageObject\",\"inLanguage\":\"pl-PL\",\"@id\":\"https:\/\/ownetic.com\/magazyn\/2011\/stanislaw-ignacy-witkiewicz-stefan-okolowicz-krzysztof-jurecki#primaryimage\",\"url\":\"https:\/\/ownetic.com\/magazyn\/wp-content\/uploads\/2011\/12\/witkacy-jurecki-049.jpg\",\"contentUrl\":\"https:\/\/ownetic.com\/magazyn\/wp-content\/uploads\/2011\/12\/witkacy-jurecki-049.jpg\",\"width\":782,\"height\":1000,\"caption\":\"Stefan Oko\u0142owicz, Ostatni happening \u2014\u201eUwaga! Grozi mi\u0142o\u015bci\u0105 chemia\u201d, z udzia\u0142em Ewy Franczak, El\u017cbiety Pietras, Magdaleny Markowskiej, Henryka Jungsta, Wies\u0142awa Rosochy oraz autora fotografii, Zak\u0142ady Azotowe w Pu\u0142awach, 1970 (dzi\u0119ki uprzejmo\u015bci Stefana Oko\u0142owicza)\"},{\"@type\":\"WebPage\",\"@id\":\"https:\/\/ownetic.com\/magazyn\/2011\/stanislaw-ignacy-witkiewicz-stefan-okolowicz-krzysztof-jurecki#webpage\",\"url\":\"https:\/\/ownetic.com\/magazyn\/2011\/stanislaw-ignacy-witkiewicz-stefan-okolowicz-krzysztof-jurecki\",\"name\":\"Nowe odkrywanie Witkacego. I nie tylko\u2026\",\"isPartOf\":{\"@id\":\"https:\/\/ownetic.com\/magazyn\/#website\"},\"primaryImageOfPage\":{\"@id\":\"https:\/\/ownetic.com\/magazyn\/2011\/stanislaw-ignacy-witkiewicz-stefan-okolowicz-krzysztof-jurecki#primaryimage\"},\"datePublished\":\"2011-12-14T16:27:21+00:00\",\"dateModified\":\"2013-01-24T21:54:04+00:00\",\"author\":{\"@id\":\"https:\/\/ownetic.com\/magazyn\/#\/schema\/person\/fc5ca1219a97fec1f92c4adfb4df6cc7\"},\"description\":\"Wystawa Witkacy i inni. Z kolekcji Stefana Oko\u0142owicza i Ewy Franczak zrealizowana w cyklu U\u015bpiony kapita\u0142 przez Fundacj\u0119 Profile...\",\"breadcrumb\":{\"@id\":\"https:\/\/ownetic.com\/magazyn\/2011\/stanislaw-ignacy-witkiewicz-stefan-okolowicz-krzysztof-jurecki#breadcrumb\"},\"inLanguage\":\"pl-PL\",\"potentialAction\":[{\"@type\":\"ReadAction\",\"target\":[\"https:\/\/ownetic.com\/magazyn\/2011\/stanislaw-ignacy-witkiewicz-stefan-okolowicz-krzysztof-jurecki\"]}]},{\"@type\":\"BreadcrumbList\",\"@id\":\"https:\/\/ownetic.com\/magazyn\/2011\/stanislaw-ignacy-witkiewicz-stefan-okolowicz-krzysztof-jurecki#breadcrumb\",\"itemListElement\":[{\"@type\":\"ListItem\",\"position\":1,\"name\":\"Nowe odkrywanie Witkacego. I nie tylko\u2026\"}]},{\"@type\":\"Person\",\"@id\":\"https:\/\/ownetic.com\/magazyn\/#\/schema\/person\/fc5ca1219a97fec1f92c4adfb4df6cc7\",\"name\":\"Krzysztof Jurecki\",\"description\":\"KRZYSZTOF JURECKI (ur. 1960), krytyk i historyk sztuki, cz\u0142onek honorowy ZPAF i AICA. Specjalizuje si\u0119 w historii sztuki XX wieku, zw\u0142aszcza modernizmu i awangardy artystycznej, zajmuje si\u0119 przede wszystkim fotografi\u0105 i filmem eksperymentalnym. Autor kilku ksi\u0105\u017cek z zakresu fotografii. Pisa\u0142 dla wielu pism artystycznych, obecnie dla \u201eO.pl\u201d i \u201eFormatu\u201d. Przewodnicz\u0105cy jury konkursu Cyberfoto w Cz\u0119stochowie (od 2002) i Biennale Sztuki w Piotrkowie (od 2011). W latach 1998-2005 kierowa\u0142 dzia\u0142em Fotografii i Technik Wizualnych w Muzeum Sztuki w \u0141odzi. Kurator wystaw. W latach 2007-2017 roku zwi\u0105zany z Galeri\u0105 Wozownia w Toruniu. Wyk\u0142ada\u0142 na ASP w Poznaniu, \u0141odzi i Gda\u0144sku, obecnie na WSSiP w \u0141odzi. Prowadzi blog: http:\/\/jureckifoto.blogspot.com\/.\",\"url\":\"https:\/\/ownetic.com\/magazyn\/author\/krzysztof-jurecki\"}]}<\/script>\n<!-- \/ Yoast SEO plugin. -->","yoast_head_json":{"title":"Nowe odkrywanie Witkacego. I nie tylko\u2026","description":"Wystawa Witkacy i inni. Z kolekcji Stefana Oko\u0142owicza i Ewy Franczak zrealizowana w cyklu U\u015bpiony kapita\u0142 przez Fundacj\u0119 Profile...","robots":{"index":"index","follow":"follow","max-snippet":"max-snippet:-1","max-image-preview":"max-image-preview:large","max-video-preview":"max-video-preview:-1"},"canonical":"https:\/\/ownetic.com\/magazyn\/2011\/stanislaw-ignacy-witkiewicz-stefan-okolowicz-krzysztof-jurecki","schema":{"@context":"https:\/\/schema.org","@graph":[{"@type":"WebSite","@id":"https:\/\/ownetic.com\/magazyn\/#website","url":"https:\/\/ownetic.com\/magazyn\/","name":"Ownetic Magazine","description":"Magazine","potentialAction":[{"@type":"SearchAction","target":{"@type":"EntryPoint","urlTemplate":"https:\/\/ownetic.com\/magazyn\/?s={search_term_string}"},"query-input":"required name=search_term_string"}],"inLanguage":"pl-PL"},{"@type":"ImageObject","inLanguage":"pl-PL","@id":"https:\/\/ownetic.com\/magazyn\/2011\/stanislaw-ignacy-witkiewicz-stefan-okolowicz-krzysztof-jurecki#primaryimage","url":"https:\/\/ownetic.com\/magazyn\/wp-content\/uploads\/2011\/12\/witkacy-jurecki-049.jpg","contentUrl":"https:\/\/ownetic.com\/magazyn\/wp-content\/uploads\/2011\/12\/witkacy-jurecki-049.jpg","width":782,"height":1000,"caption":"Stefan Oko\u0142owicz, Ostatni happening \u2014\u201eUwaga! Grozi mi\u0142o\u015bci\u0105 chemia\u201d, z udzia\u0142em Ewy Franczak, El\u017cbiety Pietras, Magdaleny Markowskiej, Henryka Jungsta, Wies\u0142awa Rosochy oraz autora fotografii, Zak\u0142ady Azotowe w Pu\u0142awach, 1970 (dzi\u0119ki uprzejmo\u015bci Stefana Oko\u0142owicza)"},{"@type":"WebPage","@id":"https:\/\/ownetic.com\/magazyn\/2011\/stanislaw-ignacy-witkiewicz-stefan-okolowicz-krzysztof-jurecki#webpage","url":"https:\/\/ownetic.com\/magazyn\/2011\/stanislaw-ignacy-witkiewicz-stefan-okolowicz-krzysztof-jurecki","name":"Nowe odkrywanie Witkacego. I nie tylko\u2026","isPartOf":{"@id":"https:\/\/ownetic.com\/magazyn\/#website"},"primaryImageOfPage":{"@id":"https:\/\/ownetic.com\/magazyn\/2011\/stanislaw-ignacy-witkiewicz-stefan-okolowicz-krzysztof-jurecki#primaryimage"},"datePublished":"2011-12-14T16:27:21+00:00","dateModified":"2013-01-24T21:54:04+00:00","author":{"@id":"https:\/\/ownetic.com\/magazyn\/#\/schema\/person\/fc5ca1219a97fec1f92c4adfb4df6cc7"},"description":"Wystawa Witkacy i inni. Z kolekcji Stefana Oko\u0142owicza i Ewy Franczak zrealizowana w cyklu U\u015bpiony kapita\u0142 przez Fundacj\u0119 Profile...","breadcrumb":{"@id":"https:\/\/ownetic.com\/magazyn\/2011\/stanislaw-ignacy-witkiewicz-stefan-okolowicz-krzysztof-jurecki#breadcrumb"},"inLanguage":"pl-PL","potentialAction":[{"@type":"ReadAction","target":["https:\/\/ownetic.com\/magazyn\/2011\/stanislaw-ignacy-witkiewicz-stefan-okolowicz-krzysztof-jurecki"]}]},{"@type":"BreadcrumbList","@id":"https:\/\/ownetic.com\/magazyn\/2011\/stanislaw-ignacy-witkiewicz-stefan-okolowicz-krzysztof-jurecki#breadcrumb","itemListElement":[{"@type":"ListItem","position":1,"name":"Nowe odkrywanie Witkacego. I nie tylko\u2026"}]},{"@type":"Person","@id":"https:\/\/ownetic.com\/magazyn\/#\/schema\/person\/fc5ca1219a97fec1f92c4adfb4df6cc7","name":"Krzysztof Jurecki","description":"KRZYSZTOF JURECKI (ur. 1960), krytyk i historyk sztuki, cz\u0142onek honorowy ZPAF i AICA. Specjalizuje si\u0119 w historii sztuki XX wieku, zw\u0142aszcza modernizmu i awangardy artystycznej, zajmuje si\u0119 przede wszystkim fotografi\u0105 i filmem eksperymentalnym. Autor kilku ksi\u0105\u017cek z zakresu fotografii. Pisa\u0142 dla wielu pism artystycznych, obecnie dla \u201eO.pl\u201d i \u201eFormatu\u201d. Przewodnicz\u0105cy jury konkursu Cyberfoto w Cz\u0119stochowie (od 2002) i Biennale Sztuki w Piotrkowie (od 2011). W latach 1998-2005 kierowa\u0142 dzia\u0142em Fotografii i Technik Wizualnych w Muzeum Sztuki w \u0141odzi. Kurator wystaw. W latach 2007-2017 roku zwi\u0105zany z Galeri\u0105 Wozownia w Toruniu. Wyk\u0142ada\u0142 na ASP w Poznaniu, \u0141odzi i Gda\u0144sku, obecnie na WSSiP w \u0141odzi. Prowadzi blog: http:\/\/jureckifoto.blogspot.com\/.","url":"https:\/\/ownetic.com\/magazyn\/author\/krzysztof-jurecki"}]}},"_links":{"self":[{"href":"https:\/\/ownetic.com\/magazyn\/wp-json\/wp\/v2\/posts\/6889"}],"collection":[{"href":"https:\/\/ownetic.com\/magazyn\/wp-json\/wp\/v2\/posts"}],"about":[{"href":"https:\/\/ownetic.com\/magazyn\/wp-json\/wp\/v2\/types\/post"}],"author":[{"embeddable":true,"href":"https:\/\/ownetic.com\/magazyn\/wp-json\/wp\/v2\/users\/28"}],"replies":[{"embeddable":true,"href":"https:\/\/ownetic.com\/magazyn\/wp-json\/wp\/v2\/comments?post=6889"}],"version-history":[{"count":0,"href":"https:\/\/ownetic.com\/magazyn\/wp-json\/wp\/v2\/posts\/6889\/revisions"}],"wp:featuredmedia":[{"embeddable":true,"href":"https:\/\/ownetic.com\/magazyn\/wp-json\/wp\/v2\/media\/6976"}],"wp:attachment":[{"href":"https:\/\/ownetic.com\/magazyn\/wp-json\/wp\/v2\/media?parent=6889"}],"wp:term":[{"taxonomy":"category","embeddable":true,"href":"https:\/\/ownetic.com\/magazyn\/wp-json\/wp\/v2\/categories?post=6889"},{"taxonomy":"post_tag","embeddable":true,"href":"https:\/\/ownetic.com\/magazyn\/wp-json\/wp\/v2\/tags?post=6889"},{"taxonomy":"powerkit_post_featured","embeddable":true,"href":"https:\/\/ownetic.com\/magazyn\/wp-json\/wp\/v2\/powerkit_post_featured?post=6889"},{"taxonomy":"author","embeddable":true,"href":"https:\/\/ownetic.com\/magazyn\/wp-json\/wp\/v2\/coauthors?post=6889"}],"curies":[{"name":"wp","href":"https:\/\/api.w.org\/{rel}","templated":true}]}}