{"id":735,"date":"2009-12-11T01:11:50","date_gmt":"2009-12-10T23:11:50","guid":{"rendered":"https:\/\/ownetic.com\/magazyn\/?p=735"},"modified":"2013-12-18T12:22:54","modified_gmt":"2013-12-18T11:22:54","slug":"anna-petelenz-camerimage-2009","status":"publish","type":"post","link":"https:\/\/ownetic.com\/magazyn\/2009\/anna-petelenz-camerimage-2009","title":{"rendered":"Camerimage"},"content":{"rendered":"<p>Siedem dni szale\u0144stwa, kilkadziesi\u0105t tytu\u0142\u00f3w film\u00f3w do wyboru, niewyspanie, nadmiar kawy w organizmie i znane nazwiska \u015bwiata kina mijane na korytarzach<em>. <\/em>Zako\u0144czy\u0142a si\u0119 siedemnasta edycja Mi\u0119dzynarodowego Festiwalu Sztuki Autor\u00f3w Zdj\u0119\u0107 Filmowych Plus Camerimage w \u0141odzi. W gronie trzech zwyci\u0119skich film\u00f3w konkursu g\u0142\u00f3wnego znalaz\u0142y si\u0119 a\u017c dwa polskie tytu\u0142y.<\/p>\n<p>Krok w prz\u00f3d?<\/p>\n<p>W tegorocznym konkursie g\u0142\u00f3wnym wystartowa\u0142o siedemna\u015bcie tytu\u0142\u00f3w z ca\u0142ego \u015bwiata &#8211; polskie, ameryka\u0144skie, holenderskie, nowozelandzkie. Kino wsp\u00f3\u0142czesne, kt\u00f3rego wsp\u00f3ln\u0105 cech\u0105 powinna by\u0107 dba\u0142o\u015b\u0107 o obraz, spojrzenie kamery, dopieszczenie wizualnej strony kinowego opowiadania. I rzeczywi\u015bcie by\u0142o sporo tytu\u0142\u00f3w doskonale wpisuj\u0105cych si\u0119 w t\u0119 charakterystyk\u0119.<\/p>\n<figure id=\"attachment_778\" aria-describedby=\"caption-attachment-778\" style=\"width: 540px\" class=\"wp-caption alignnone\"><img loading=\"lazy\" class=\"size-medium wp-image-778\" title=\"Plus-Camerimage-2009-Centrum-Festiwalowe-w-Teatrze-Wielkim-fot-Andrzej-Lew\" src=\"https:\/\/ownetic.com\/magazyn\/wp-content\/uploads\/2009\/12\/Plus-Camerimage-2009-Centrum-Festiwalowe-w-Teatrze-Wielkim-fot-Andrzej-Lew-540x359.jpg\" alt=\"Plus Camerimage 2009. Centrum Festiwalowe, Teatr Wielki, fot. Andrzej Lew\" width=\"540\" height=\"359\" \/><figcaption id=\"caption-attachment-778\" class=\"wp-caption-text\">Plus Camerimage 2009. Centrum Festiwalowe, Teatr Wielki, fot. Andrzej Lew<\/figcaption><\/figure>\n<p>Organizator imprezy, Marek \u017bydowicz m\u00f3wi\u0142: \u201eWspaniale, \u017ce po Los Angeles, Cannes czy Wenecji, \u0141\u00f3d\u017a staje si\u0119 miejscem, w kt\u00f3rym spotykaj\u0105 si\u0119 gwiazdy filmowe i arty\u015bci najwi\u0119kszego formatu\u201d. Prawda. W \u0141odzi mo\u017cna by\u0142o spotka\u0107 takie gwiazdy jak Bill Murray, Carlos Saura, Terry William czy Vittorio Storaro. Specjalnymi nagrodami wyr\u00f3\u017cniono m.in. Allana Starskiego, Dante Spinottiego, Volkera Schl\u00f6ndorffa. Camerimage to tak\u017ce jedyna na \u015bwiecie impreza po\u015bwi\u0119cona sztuce operatorskiej.<\/p>\n<div id='gallery-1' class='gallery galleryid-735 gallery-columns-6 gallery-size-thumbnail'><figure class='gallery-item'>\n\t\t\t<div class='gallery-icon landscape'>\n\t\t\t\t<a href='https:\/\/ownetic.com\/magazyn\/2009\/anna-petelenz-camerimage-2009\/camerimage-2009-allan-starski-zdobywca-nagrody-specjalnej-fot-andrzej-lew'><img width=\"361\" height=\"240\" src=\"https:\/\/ownetic.com\/magazyn\/wp-content\/uploads\/2009\/12\/Camerimage-2009-Allan-Starski-zdobywca-nagrody-specjalnej-fot-Andrzej-Lew.jpg\" class=\"attachment-thumbnail size-thumbnail\" alt=\"\" loading=\"lazy\" aria-describedby=\"gallery-1-739\" \/><\/a>\n\t\t\t<\/div>\n\t\t\t\t<figcaption class='wp-caption-text gallery-caption' id='gallery-1-739'>\n\t\t\t\tAllan Starski, fot. Andrzej Lew\n\t\t\t\t<\/figcaption><\/figure><figure class='gallery-item'>\n\t\t\t<div class='gallery-icon landscape'>\n\t\t\t\t<a href='https:\/\/ownetic.com\/magazyn\/2009\/anna-petelenz-camerimage-2009\/camerimage-2009-a-single-man-tom-ford-001'><img width=\"400\" height=\"225\" src=\"https:\/\/ownetic.com\/magazyn\/wp-content\/uploads\/2009\/12\/Camerimage-2009-a-single-man-tom-ford-001.jpg\" class=\"attachment-thumbnail size-thumbnail\" alt=\"\" loading=\"lazy\" aria-describedby=\"gallery-1-740\" \/><\/a>\n\t\t\t<\/div>\n\t\t\t\t<figcaption class='wp-caption-text gallery-caption' id='gallery-1-740'>\n\t\t\t\tKadr z filmu \u201eA single man\u201d\n\t\t\t\t<\/figcaption><\/figure><figure class='gallery-item'>\n\t\t\t<div class='gallery-icon landscape'>\n\t\t\t\t<a href='https:\/\/ownetic.com\/magazyn\/2009\/anna-petelenz-camerimage-2009\/camerimage-2009-a-single-man-tom-ford-002'><img width=\"400\" height=\"225\" src=\"https:\/\/ownetic.com\/magazyn\/wp-content\/uploads\/2009\/12\/Camerimage-2009-a-single-man-tom-ford-002.jpg\" class=\"attachment-thumbnail size-thumbnail\" alt=\"\" loading=\"lazy\" aria-describedby=\"gallery-1-741\" \/><\/a>\n\t\t\t<\/div>\n\t\t\t\t<figcaption class='wp-caption-text gallery-caption' id='gallery-1-741'>\n\t\t\t\tKadr z filmu \u201eA single man\u201d\n\t\t\t\t<\/figcaption><\/figure><figure class='gallery-item'>\n\t\t\t<div class='gallery-icon landscape'>\n\t\t\t\t<a href='https:\/\/ownetic.com\/magazyn\/2009\/anna-petelenz-camerimage-2009\/camerimage-2009-a-single-man-tom-ford-003'><img width=\"400\" height=\"225\" src=\"https:\/\/ownetic.com\/magazyn\/wp-content\/uploads\/2009\/12\/Camerimage-2009-a-single-man-tom-ford-003.jpg\" class=\"attachment-thumbnail size-thumbnail\" alt=\"\" loading=\"lazy\" aria-describedby=\"gallery-1-742\" \/><\/a>\n\t\t\t<\/div>\n\t\t\t\t<figcaption class='wp-caption-text gallery-caption' id='gallery-1-742'>\n\t\t\t\tKadr z filmu \u201eA single man\u201d\n\t\t\t\t<\/figcaption><\/figure><figure class='gallery-item'>\n\t\t\t<div class='gallery-icon landscape'>\n\t\t\t\t<a href='https:\/\/ownetic.com\/magazyn\/2009\/anna-petelenz-camerimage-2009\/camerimage-2009-a-single-man-tom-ford-004'><img width=\"400\" height=\"225\" src=\"https:\/\/ownetic.com\/magazyn\/wp-content\/uploads\/2009\/12\/Camerimage-2009-a-single-man-tom-ford-004.jpg\" class=\"attachment-thumbnail size-thumbnail\" alt=\"\" loading=\"lazy\" aria-describedby=\"gallery-1-743\" \/><\/a>\n\t\t\t<\/div>\n\t\t\t\t<figcaption class='wp-caption-text gallery-caption' id='gallery-1-743'>\n\t\t\t\tCamerimage 2009, Kadr z filmu:  \u201eA single man\u201d\n\t\t\t\t<\/figcaption><\/figure><figure class='gallery-item'>\n\t\t\t<div class='gallery-icon landscape'>\n\t\t\t\t<a href='https:\/\/ownetic.com\/magazyn\/2009\/anna-petelenz-camerimage-2009\/camerimage-2009-a-single-man-tom-ford-005'><img width=\"400\" height=\"225\" src=\"https:\/\/ownetic.com\/magazyn\/wp-content\/uploads\/2009\/12\/Camerimage-2009-a-single-man-tom-ford-005.jpg\" class=\"attachment-thumbnail size-thumbnail\" alt=\"\" loading=\"lazy\" aria-describedby=\"gallery-1-744\" \/><\/a>\n\t\t\t<\/div>\n\t\t\t\t<figcaption class='wp-caption-text gallery-caption' id='gallery-1-744'>\n\t\t\t\tCamerimage 2009, Kadr z filmu:  \u201eA single man\u201d\n\t\t\t\t<\/figcaption><\/figure><figure class='gallery-item'>\n\t\t\t<div class='gallery-icon landscape'>\n\t\t\t\t<a href='https:\/\/ownetic.com\/magazyn\/2009\/anna-petelenz-camerimage-2009\/camerimage-2009-bill-murray-fot-andrzej-lew'><img width=\"361\" height=\"240\" src=\"https:\/\/ownetic.com\/magazyn\/wp-content\/uploads\/2009\/12\/Camerimage-2009-Bill-Murray-fot-Andrzej-Lew.jpg\" class=\"attachment-thumbnail size-thumbnail\" alt=\"\" loading=\"lazy\" aria-describedby=\"gallery-1-745\" \/><\/a>\n\t\t\t<\/div>\n\t\t\t\t<figcaption class='wp-caption-text gallery-caption' id='gallery-1-745'>\n\t\t\t\tBill-Murray, fot. Andrzej Lew\n\t\t\t\t<\/figcaption><\/figure><figure class='gallery-item'>\n\t\t\t<div class='gallery-icon landscape'>\n\t\t\t\t<a href='https:\/\/ownetic.com\/magazyn\/2009\/anna-petelenz-camerimage-2009\/camerimage-2009-brett-ratner-i-andrzej-bartkowiak-fot-pawel-dworniak'><img width=\"361\" height=\"240\" src=\"https:\/\/ownetic.com\/magazyn\/wp-content\/uploads\/2009\/12\/Camerimage-2009-Brett-Ratner-i-Andrzej-Bartkowiak-fot-Pawel-Dworniak.jpg\" class=\"attachment-thumbnail size-thumbnail\" alt=\"\" loading=\"lazy\" aria-describedby=\"gallery-1-746\" \/><\/a>\n\t\t\t<\/div>\n\t\t\t\t<figcaption class='wp-caption-text gallery-caption' id='gallery-1-746'>\n\t\t\t\tCamerimage 2009, Brett Ratner i Andrzej Bartkowiak, fot. Pawe\u0142 Dworniak\n\t\t\t\t<\/figcaption><\/figure><figure class='gallery-item'>\n\t\t\t<div class='gallery-icon landscape'>\n\t\t\t\t<a href='https:\/\/ownetic.com\/magazyn\/2009\/anna-petelenz-camerimage-2009\/camerimage-2009-dante-spinotti-fot-pawel-dworniak'><img width=\"361\" height=\"240\" src=\"https:\/\/ownetic.com\/magazyn\/wp-content\/uploads\/2009\/12\/Camerimage-2009-Dante-Spinotti-fot-pawel-dworniak.jpg\" class=\"attachment-thumbnail size-thumbnail\" alt=\"\" loading=\"lazy\" aria-describedby=\"gallery-1-747\" \/><\/a>\n\t\t\t<\/div>\n\t\t\t\t<figcaption class='wp-caption-text gallery-caption' id='gallery-1-747'>\n\t\t\t\tCamerimage 2009, Dante Spinotti, fot. Pawe\u0142 Dworniak\n\t\t\t\t<\/figcaption><\/figure><figure class='gallery-item'>\n\t\t\t<div class='gallery-icon landscape'>\n\t\t\t\t<a href='https:\/\/ownetic.com\/magazyn\/2009\/anna-petelenz-camerimage-2009\/camerimage-2009-dante-spinotti-fot-pawel-dworniak2'><img width=\"361\" height=\"240\" src=\"https:\/\/ownetic.com\/magazyn\/wp-content\/uploads\/2009\/12\/Camerimage-2009-dante-spinotti-fot-pawel-dworniak2.jpg\" class=\"attachment-thumbnail size-thumbnail\" alt=\"\" loading=\"lazy\" aria-describedby=\"gallery-1-748\" \/><\/a>\n\t\t\t<\/div>\n\t\t\t\t<figcaption class='wp-caption-text gallery-caption' id='gallery-1-748'>\n\t\t\t\tCamerimage 2009, Dante Spinotti, fot. Pawe\u0142 Dworniak\n\t\t\t\t<\/figcaption><\/figure><figure class='gallery-item'>\n\t\t\t<div class='gallery-icon portrait'>\n\t\t\t\t<a href='https:\/\/ownetic.com\/magazyn\/2009\/anna-petelenz-camerimage-2009\/camerimage-2009-dante-spinotti-podczas-konferencji-prasowej-fot-andrzej-lew'><img width=\"160\" height=\"240\" src=\"https:\/\/ownetic.com\/magazyn\/wp-content\/uploads\/2009\/12\/Camerimage-2009-dante-spinotti-podczas-konferencji-prasowej-fot-andrzej-lew.jpg\" class=\"attachment-thumbnail size-thumbnail\" alt=\"\" loading=\"lazy\" aria-describedby=\"gallery-1-749\" \/><\/a>\n\t\t\t<\/div>\n\t\t\t\t<figcaption class='wp-caption-text gallery-caption' id='gallery-1-749'>\n\t\t\t\tCamerimage 2009, Dante Spinotti podczas konferencji prasowej, fot. Andrzej Lew\n\t\t\t\t<\/figcaption><\/figure><figure class='gallery-item'>\n\t\t\t<div class='gallery-icon landscape'>\n\t\t\t\t<a href='https:\/\/ownetic.com\/magazyn\/2009\/anna-petelenz-camerimage-2009\/camerimage-2009-dariusz-wolski-zdobywca-nagrody-specjalnej-fot-andrzej-rozycki'><img width=\"361\" height=\"240\" src=\"https:\/\/ownetic.com\/magazyn\/wp-content\/uploads\/2009\/12\/Camerimage-2009-Dariusz-Wolski-zdobywca-nagrody-specjalnej-fot-Andrzej-Rozycki.jpg\" class=\"attachment-thumbnail size-thumbnail\" alt=\"\" loading=\"lazy\" aria-describedby=\"gallery-1-750\" \/><\/a>\n\t\t\t<\/div>\n\t\t\t\t<figcaption class='wp-caption-text gallery-caption' id='gallery-1-750'>\n\t\t\t\tCamerimage 2009. Dariusz Wolski wyr\u00f3\u017cniony nagrod\u0105 specjaln\u0105, fot. Andrzej R\u00f3\u017cycki\n\t\t\t\t<\/figcaption><\/figure><figure class='gallery-item'>\n\t\t\t<div class='gallery-icon landscape'>\n\t\t\t\t<a href='https:\/\/ownetic.com\/magazyn\/2009\/anna-petelenz-camerimage-2009\/camerimage-2009-dom-zly-dziedziel-i-jakubik'><img width=\"360\" height=\"240\" src=\"https:\/\/ownetic.com\/magazyn\/wp-content\/uploads\/2009\/12\/Camerimage-2009-dom-zly-dziedziel-i-jakubik.jpg\" class=\"attachment-thumbnail size-thumbnail\" alt=\"\" loading=\"lazy\" aria-describedby=\"gallery-1-751\" \/><\/a>\n\t\t\t<\/div>\n\t\t\t\t<figcaption class='wp-caption-text gallery-caption' id='gallery-1-751'>\n\t\t\t\tCamerimage 2009, Kadr z filmu: \u201eDom z\u0142y\u201d\n\t\t\t\t<\/figcaption><\/figure><figure class='gallery-item'>\n\t\t\t<div class='gallery-icon landscape'>\n\t\t\t\t<a href='https:\/\/ownetic.com\/magazyn\/2009\/anna-petelenz-camerimage-2009\/camerimage-2009-dom-zly-preis-i-jakubik'><img width=\"360\" height=\"240\" src=\"https:\/\/ownetic.com\/magazyn\/wp-content\/uploads\/2009\/12\/Camerimage-2009-dom-zly-preis-i-jakubik.jpg\" class=\"attachment-thumbnail size-thumbnail\" alt=\"\" loading=\"lazy\" aria-describedby=\"gallery-1-752\" \/><\/a>\n\t\t\t<\/div>\n\t\t\t\t<figcaption class='wp-caption-text gallery-caption' id='gallery-1-752'>\n\t\t\t\tCamerimage 2009, Kadr z filmu: \u201eDom z\u0142y\u201d\n\t\t\t\t<\/figcaption><\/figure><figure class='gallery-item'>\n\t\t\t<div class='gallery-icon landscape'>\n\t\t\t\t<a href='https:\/\/ownetic.com\/magazyn\/2009\/anna-petelenz-camerimage-2009\/camerimage-2009-dom-zly-rezyser-wojciech-smarzowski'><img width=\"360\" height=\"240\" src=\"https:\/\/ownetic.com\/magazyn\/wp-content\/uploads\/2009\/12\/Camerimage-2009-dom-zly-rezyser-wojciech-smarzowski.jpg\" class=\"attachment-thumbnail size-thumbnail\" alt=\"\" loading=\"lazy\" aria-describedby=\"gallery-1-753\" \/><\/a>\n\t\t\t<\/div>\n\t\t\t\t<figcaption class='wp-caption-text gallery-caption' id='gallery-1-753'>\n\t\t\t\tCamerimage 2009 , Wojciech Smarzowski, re\u017cyser \u201eDomu z\u0142ego \u201d\n\t\t\t\t<\/figcaption><\/figure><figure class='gallery-item'>\n\t\t\t<div class='gallery-icon landscape'>\n\t\t\t\t<a href='https:\/\/ownetic.com\/magazyn\/2009\/anna-petelenz-camerimage-2009\/camerimage-2009-frank-gehry-prezentacja-proj-architekt-nowego-centrum-fot-lukasz-piernikowski'><img width=\"361\" height=\"240\" src=\"https:\/\/ownetic.com\/magazyn\/wp-content\/uploads\/2009\/12\/Camerimage-2009-frank-gehry-prezentacja-proj-architekt-nowego-centrum-fot-lukasz-piernikowski.jpg\" class=\"attachment-thumbnail size-thumbnail\" alt=\"\" loading=\"lazy\" aria-describedby=\"gallery-1-754\" \/><\/a>\n\t\t\t<\/div>\n\t\t\t\t<figcaption class='wp-caption-text gallery-caption' id='gallery-1-754'>\n\t\t\t\tCamerimage 2009, Frank Gehry, prezentacja projektu architektonicznego nowego centrum festiwalowego, fot. \u0141ukasz Piernikowski\n\t\t\t\t<\/figcaption><\/figure><figure class='gallery-item'>\n\t\t\t<div class='gallery-icon landscape'>\n\t\t\t\t<a href='https:\/\/ownetic.com\/magazyn\/2009\/anna-petelenz-camerimage-2009\/camerimage-2009-liban-giora-bejach'><img width=\"320\" height=\"240\" src=\"https:\/\/ownetic.com\/magazyn\/wp-content\/uploads\/2009\/12\/Camerimage-2009-liban-giora-bejach.jpg\" class=\"attachment-thumbnail size-thumbnail\" alt=\"\" loading=\"lazy\" aria-describedby=\"gallery-1-755\" \/><\/a>\n\t\t\t<\/div>\n\t\t\t\t<figcaption class='wp-caption-text gallery-caption' id='gallery-1-755'>\n\t\t\t\tCamerimage 2009, Giora Bejach\n\t\t\t\t<\/figcaption><\/figure><figure class='gallery-item'>\n\t\t\t<div class='gallery-icon landscape'>\n\t\t\t\t<a href='https:\/\/ownetic.com\/magazyn\/2009\/anna-petelenz-camerimage-2009\/camerimage-2009-liban-samuel-maoza-001'><img width=\"360\" height=\"240\" src=\"https:\/\/ownetic.com\/magazyn\/wp-content\/uploads\/2009\/12\/Camerimage-2009-liban-samuel-maoza-001.jpg\" class=\"attachment-thumbnail size-thumbnail\" alt=\"\" loading=\"lazy\" aria-describedby=\"gallery-1-756\" \/><\/a>\n\t\t\t<\/div>\n\t\t\t\t<figcaption class='wp-caption-text gallery-caption' id='gallery-1-756'>\n\t\t\t\tCamerimage 2009, Kadr z filmu: \u201eLiban\u201d\n\t\t\t\t<\/figcaption><\/figure><figure class='gallery-item'>\n\t\t\t<div class='gallery-icon landscape'>\n\t\t\t\t<a href='https:\/\/ownetic.com\/magazyn\/2009\/anna-petelenz-camerimage-2009\/camerimage-2009-liban-samuel-maoza-002'><img width=\"400\" height=\"225\" src=\"https:\/\/ownetic.com\/magazyn\/wp-content\/uploads\/2009\/12\/Camerimage-2009-liban-samuel-maoza-002.jpg\" class=\"attachment-thumbnail size-thumbnail\" alt=\"\" loading=\"lazy\" aria-describedby=\"gallery-1-757\" \/><\/a>\n\t\t\t<\/div>\n\t\t\t\t<figcaption class='wp-caption-text gallery-caption' id='gallery-1-757'>\n\t\t\t\tCamerimage 2009, Kadr z filmu: \u201eLiban\u201d\n\t\t\t\t<\/figcaption><\/figure><figure class='gallery-item'>\n\t\t\t<div class='gallery-icon landscape'>\n\t\t\t\t<a href='https:\/\/ownetic.com\/magazyn\/2009\/anna-petelenz-camerimage-2009\/camerimage-2009-makieta-nowego-centrum-w-lodzi-fot-andrzej-lew'><img width=\"361\" height=\"240\" src=\"https:\/\/ownetic.com\/magazyn\/wp-content\/uploads\/2009\/12\/Camerimage-2009-makieta-nowego-centrum-w-lodzi-fot-andrzej-lew.jpg\" class=\"attachment-thumbnail size-thumbnail\" alt=\"\" loading=\"lazy\" aria-describedby=\"gallery-1-758\" \/><\/a>\n\t\t\t<\/div>\n\t\t\t\t<figcaption class='wp-caption-text gallery-caption' id='gallery-1-758'>\n\t\t\t\tCamerimage 2009, makieta nowego centrum w \u0141odzi, fot. Andrzej Lew\n\t\t\t\t<\/figcaption><\/figure><figure class='gallery-item'>\n\t\t\t<div class='gallery-icon portrait'>\n\t\t\t\t<a href='https:\/\/ownetic.com\/magazyn\/2009\/anna-petelenz-camerimage-2009\/camerimage-2009-michael-ballhaus-fot-andrzej-lew'><img width=\"157\" height=\"240\" src=\"https:\/\/ownetic.com\/magazyn\/wp-content\/uploads\/2009\/12\/Camerimage-2009-Michael-Ballhaus-fot-Andrzej-Lew.jpg\" class=\"attachment-thumbnail size-thumbnail\" alt=\"\" loading=\"lazy\" aria-describedby=\"gallery-1-759\" \/><\/a>\n\t\t\t<\/div>\n\t\t\t\t<figcaption class='wp-caption-text gallery-caption' id='gallery-1-759'>\n\t\t\t\tCamerimage 2009, Michael Ballhaus, fot. Andrzej Lew\n\t\t\t\t<\/figcaption><\/figure><figure class='gallery-item'>\n\t\t\t<div class='gallery-icon landscape'>\n\t\t\t\t<a href='https:\/\/ownetic.com\/magazyn\/2009\/anna-petelenz-camerimage-2009\/camerimage-2009-projekt-centrum-festiwalowego-w-lodzi-fot-andrzej-lew'><img width=\"361\" height=\"240\" src=\"https:\/\/ownetic.com\/magazyn\/wp-content\/uploads\/2009\/12\/Camerimage-2009-projekt-centrum-festiwalowego-w-lodzi-fot-andrzej-lew.jpg\" class=\"attachment-thumbnail size-thumbnail\" alt=\"\" loading=\"lazy\" aria-describedby=\"gallery-1-761\" \/><\/a>\n\t\t\t<\/div>\n\t\t\t\t<figcaption class='wp-caption-text gallery-caption' id='gallery-1-761'>\n\t\t\t\tCamerimage 2009, projekt Centrum Festiwalowego w \u0141odzi, fot. Andrzej Lew\n\t\t\t\t<\/figcaption><\/figure><figure class='gallery-item'>\n\t\t\t<div class='gallery-icon portrait'>\n\t\t\t\t<a href='https:\/\/ownetic.com\/magazyn\/2009\/anna-petelenz-camerimage-2009\/camerimage-2009-public-enemies-dante-spinotti'><img width=\"160\" height=\"240\" src=\"https:\/\/ownetic.com\/magazyn\/wp-content\/uploads\/2009\/12\/Camerimage-2009-public-enemies-dante-spinotti.jpg\" class=\"attachment-thumbnail size-thumbnail\" alt=\"\" loading=\"lazy\" \/><\/a>\n\t\t\t<\/div><\/figure><figure class='gallery-item'>\n\t\t\t<div class='gallery-icon landscape'>\n\t\t\t\t<a href='https:\/\/ownetic.com\/magazyn\/2009\/anna-petelenz-camerimage-2009\/camerimage-2009-rewers-borys-lankosz-kadr-z-filmu-001'><img width=\"336\" height=\"240\" src=\"https:\/\/ownetic.com\/magazyn\/wp-content\/uploads\/2009\/12\/Camerimage-2009-rewers-borys-lankosz-kadr-z-filmu-001.jpg\" class=\"attachment-thumbnail size-thumbnail\" alt=\"\" loading=\"lazy\" aria-describedby=\"gallery-1-763\" \/><\/a>\n\t\t\t<\/div>\n\t\t\t\t<figcaption class='wp-caption-text gallery-caption' id='gallery-1-763'>\n\t\t\t\tCamerimage 2009, Kadr z filmu: \u201eRewers\u201d\n\t\t\t\t<\/figcaption><\/figure><figure class='gallery-item'>\n\t\t\t<div class='gallery-icon landscape'>\n\t\t\t\t<a href='https:\/\/ownetic.com\/magazyn\/2009\/anna-petelenz-camerimage-2009\/camerimage-2009-rewers-borys-lankosz-kadr-z-filmu-002'><img width=\"317\" height=\"240\" src=\"https:\/\/ownetic.com\/magazyn\/wp-content\/uploads\/2009\/12\/Camerimage-2009-rewers-borys-lankosz-kadr-z-filmu-002.jpg\" class=\"attachment-thumbnail size-thumbnail\" alt=\"\" loading=\"lazy\" aria-describedby=\"gallery-1-764\" \/><\/a>\n\t\t\t<\/div>\n\t\t\t\t<figcaption class='wp-caption-text gallery-caption' id='gallery-1-764'>\n\t\t\t\tCamerimage 2009, Kadr z filmu: \u201eRewers\u201d\n\t\t\t\t<\/figcaption><\/figure><figure class='gallery-item'>\n\t\t\t<div class='gallery-icon landscape'>\n\t\t\t\t<a href='https:\/\/ownetic.com\/magazyn\/2009\/anna-petelenz-camerimage-2009\/camerimage-2009-rewers-borys-lankosz-kadr-z-filmu-003'><img width=\"400\" height=\"240\" src=\"https:\/\/ownetic.com\/magazyn\/wp-content\/uploads\/2009\/12\/Camerimage-2009-rewers-borys-lankosz-kadr-z-filmu-003-400x240.jpg\" class=\"attachment-thumbnail size-thumbnail\" alt=\"\" loading=\"lazy\" aria-describedby=\"gallery-1-765\" \/><\/a>\n\t\t\t<\/div>\n\t\t\t\t<figcaption class='wp-caption-text gallery-caption' id='gallery-1-765'>\n\t\t\t\tCamerimage 2009, Kadr z filmu: \u201eRewers\u201d\n\t\t\t\t<\/figcaption><\/figure><figure class='gallery-item'>\n\t\t\t<div class='gallery-icon landscape'>\n\t\t\t\t<a href='https:\/\/ownetic.com\/magazyn\/2009\/anna-petelenz-camerimage-2009\/camerimage-2009-rewers-borys-lankosz-kadr-z-filmu-004'><img width=\"398\" height=\"240\" src=\"https:\/\/ownetic.com\/magazyn\/wp-content\/uploads\/2009\/12\/Camerimage-2009-rewers-borys-lankosz-kadr-z-filmu-004.jpg\" class=\"attachment-thumbnail size-thumbnail\" alt=\"\" loading=\"lazy\" aria-describedby=\"gallery-1-766\" \/><\/a>\n\t\t\t<\/div>\n\t\t\t\t<figcaption class='wp-caption-text gallery-caption' id='gallery-1-766'>\n\t\t\t\tCamerimage 2009, Kadr z filmu: \u201eRewers\u201d\n\t\t\t\t<\/figcaption><\/figure><figure class='gallery-item'>\n\t\t\t<div class='gallery-icon landscape'>\n\t\t\t\t<a href='https:\/\/ownetic.com\/magazyn\/2009\/anna-petelenz-camerimage-2009\/camerimage-2009-rewers-borys-lankosz-kadr-z-filmu-005'><img width=\"338\" height=\"240\" src=\"https:\/\/ownetic.com\/magazyn\/wp-content\/uploads\/2009\/12\/Camerimage-2009-rewers-borys-lankosz-kadr-z-filmu-005.jpg\" class=\"attachment-thumbnail size-thumbnail\" alt=\"\" loading=\"lazy\" aria-describedby=\"gallery-1-767\" \/><\/a>\n\t\t\t<\/div>\n\t\t\t\t<figcaption class='wp-caption-text gallery-caption' id='gallery-1-767'>\n\t\t\t\tCamerimage 2009, Kadr z filmu: \u201eRewers\u201d\n\t\t\t\t<\/figcaption><\/figure><figure class='gallery-item'>\n\t\t\t<div class='gallery-icon landscape'>\n\t\t\t\t<a href='https:\/\/ownetic.com\/magazyn\/2009\/anna-petelenz-camerimage-2009\/camerimage-2009-rewers-borys-lankosz-kadr-z-filmu-006'><img width=\"336\" height=\"240\" src=\"https:\/\/ownetic.com\/magazyn\/wp-content\/uploads\/2009\/12\/Camerimage-2009-rewers-borys-lankosz-kadr-z-filmu-006.jpg\" class=\"attachment-thumbnail size-thumbnail\" alt=\"\" loading=\"lazy\" aria-describedby=\"gallery-1-768\" \/><\/a>\n\t\t\t<\/div>\n\t\t\t\t<figcaption class='wp-caption-text gallery-caption' id='gallery-1-768'>\n\t\t\t\tCamerimage 2009, Kadr z filmu: \u201eRewers\u201d\n\t\t\t\t<\/figcaption><\/figure><figure class='gallery-item'>\n\t\t\t<div class='gallery-icon portrait'>\n\t\t\t\t<a href='https:\/\/ownetic.com\/magazyn\/2009\/anna-petelenz-camerimage-2009\/camerimage-2009-rewers-rezyser-borys-lankosz'><img width=\"180\" height=\"240\" src=\"https:\/\/ownetic.com\/magazyn\/wp-content\/uploads\/2009\/12\/Camerimage-2009-rewers-rezyser-borys-lankosz.jpg\" class=\"attachment-thumbnail size-thumbnail\" alt=\"\" loading=\"lazy\" aria-describedby=\"gallery-1-769\" \/><\/a>\n\t\t\t<\/div>\n\t\t\t\t<figcaption class='wp-caption-text gallery-caption' id='gallery-1-769'>\n\t\t\t\tCamerimage 2009, Kadr z filmu: \u201eRewers\u201d\n\t\t\t\t<\/figcaption><\/figure><figure class='gallery-item'>\n\t\t\t<div class='gallery-icon landscape'>\n\t\t\t\t<a href='https:\/\/ownetic.com\/magazyn\/2009\/anna-petelenz-camerimage-2009\/camerimage-2009-terry-gilliam-nagroda-specjalna-fot-andrzej-lew'><img width=\"361\" height=\"240\" src=\"https:\/\/ownetic.com\/magazyn\/wp-content\/uploads\/2009\/12\/Camerimage-2009-Terry-Gilliam-nagroda-specjalna-fot-Andrzej-Lew.jpg\" class=\"attachment-thumbnail size-thumbnail\" alt=\"\" loading=\"lazy\" aria-describedby=\"gallery-1-770\" \/><\/a>\n\t\t\t<\/div>\n\t\t\t\t<figcaption class='wp-caption-text gallery-caption' id='gallery-1-770'>\n\t\t\t\tCamerimage 2009, Terry Gilliam, wyr\u00f3\u017cniony nagrod\u0105 specjaln\u0105, fot. Andrzej Lew\n\t\t\t\t<\/figcaption><\/figure><figure class='gallery-item'>\n\t\t\t<div class='gallery-icon portrait'>\n\t\t\t\t<a href='https:\/\/ownetic.com\/magazyn\/2009\/anna-petelenz-camerimage-2009\/camerimage-2009-thelma-schoonmaker-nagroda-specjalna-fot-andrzej-lew'><img width=\"160\" height=\"240\" src=\"https:\/\/ownetic.com\/magazyn\/wp-content\/uploads\/2009\/12\/Camerimage-2009-Thelma-Schoonmaker-nagroda-specjalna-fot-Andrzej-Lew.jpg\" class=\"attachment-thumbnail size-thumbnail\" alt=\"\" loading=\"lazy\" aria-describedby=\"gallery-1-771\" \/><\/a>\n\t\t\t<\/div>\n\t\t\t\t<figcaption class='wp-caption-text gallery-caption' id='gallery-1-771'>\n\t\t\t\tThelma Schoonmaker, wyr\u00f3\u017cniona nagrod\u0105 specjaln\u0105, fot. Andrzej Lew\n\t\t\t\t<\/figcaption><\/figure><figure class='gallery-item'>\n\t\t\t<div class='gallery-icon landscape'>\n\t\t\t\t<a href='https:\/\/ownetic.com\/magazyn\/2009\/anna-petelenz-camerimage-2009\/camerimage-2009-tlen-kadr-001'><img width=\"360\" height=\"240\" src=\"https:\/\/ownetic.com\/magazyn\/wp-content\/uploads\/2009\/12\/Camerimage-2009-tlen-kadr-001.jpg\" class=\"attachment-thumbnail size-thumbnail\" alt=\"\" loading=\"lazy\" aria-describedby=\"gallery-1-772\" \/><\/a>\n\t\t\t<\/div>\n\t\t\t\t<figcaption class='wp-caption-text gallery-caption' id='gallery-1-772'>\n\t\t\t\tCamerimage 2009. Kadr z filmu: \u201eTlen\u201d\n\t\t\t\t<\/figcaption><\/figure><figure class='gallery-item'>\n\t\t\t<div class='gallery-icon landscape'>\n\t\t\t\t<a href='https:\/\/ownetic.com\/magazyn\/2009\/anna-petelenz-camerimage-2009\/camerimage-2009-tlen-kadr-002'><img width=\"360\" height=\"240\" src=\"https:\/\/ownetic.com\/magazyn\/wp-content\/uploads\/2009\/12\/Camerimage-2009-tlen-kadr-002.jpg\" class=\"attachment-thumbnail size-thumbnail\" alt=\"\" loading=\"lazy\" aria-describedby=\"gallery-1-773\" \/><\/a>\n\t\t\t<\/div>\n\t\t\t\t<figcaption class='wp-caption-text gallery-caption' id='gallery-1-773'>\n\t\t\t\tCamerimage 2009. Kadr z filmu: \u201eTlen\u201d\n\t\t\t\t<\/figcaption><\/figure><figure class='gallery-item'>\n\t\t\t<div class='gallery-icon landscape'>\n\t\t\t\t<a href='https:\/\/ownetic.com\/magazyn\/2009\/anna-petelenz-camerimage-2009\/camerimage-2009-tlum-przed-makieta-nowego-centrum-w-lodzi-fot-andrzej-lew'><img width=\"361\" height=\"240\" src=\"https:\/\/ownetic.com\/magazyn\/wp-content\/uploads\/2009\/12\/Camerimage-2009-tlum-przed-makieta-nowego-centrum-w-lodzi-fot-andrzej-lew.jpg\" class=\"attachment-thumbnail size-thumbnail\" alt=\"\" loading=\"lazy\" aria-describedby=\"gallery-1-774\" \/><\/a>\n\t\t\t<\/div>\n\t\t\t\t<figcaption class='wp-caption-text gallery-caption' id='gallery-1-774'>\n\t\t\t\tCamerimage 2009, t\u0142um przed makiet\u0105 nowego Centrum Festiwalowego w \u0141odzi, fot. Andrzej Lew\n\t\t\t\t<\/figcaption><\/figure><figure class='gallery-item'>\n\t\t\t<div class='gallery-icon landscape'>\n\t\t\t\t<a href='https:\/\/ownetic.com\/magazyn\/2009\/anna-petelenz-camerimage-2009\/camerimage-2009-vilmos-zsigmond-i-anda-rottenberg-fot-andrzej-lew'><img width=\"361\" height=\"240\" src=\"https:\/\/ownetic.com\/magazyn\/wp-content\/uploads\/2009\/12\/Camerimage-2009-Vilmos-Zsigmond-i-Anda-Rottenberg-fot-Andrzej-Lew.jpg\" class=\"attachment-thumbnail size-thumbnail\" alt=\"\" loading=\"lazy\" aria-describedby=\"gallery-1-775\" \/><\/a>\n\t\t\t<\/div>\n\t\t\t\t<figcaption class='wp-caption-text gallery-caption' id='gallery-1-775'>\n\t\t\t\tVilmos Zsigmond i Anda Rottenberg, fot. Andrzej Lew\n\t\t\t\t<\/figcaption><\/figure><figure class='gallery-item'>\n\t\t\t<div class='gallery-icon portrait'>\n\t\t\t\t<a href='https:\/\/ownetic.com\/magazyn\/2009\/anna-petelenz-camerimage-2009\/camerimage-2009-wrogowie-publiczni'><img width=\"166\" height=\"240\" src=\"https:\/\/ownetic.com\/magazyn\/wp-content\/uploads\/2009\/12\/Camerimage-2009-wrogowie-publiczni.jpg\" class=\"attachment-thumbnail size-thumbnail\" alt=\"\" loading=\"lazy\" \/><\/a>\n\t\t\t<\/div><\/figure><figure class='gallery-item'>\n\t\t\t<div class='gallery-icon landscape'>\n\t\t\t\t<a href='https:\/\/ownetic.com\/magazyn\/2009\/anna-petelenz-camerimage-2009\/camerimage-richard-zanuck-nagroda-specjalna-fot-andrzej-lew'><img width=\"361\" height=\"240\" src=\"https:\/\/ownetic.com\/magazyn\/wp-content\/uploads\/2009\/12\/Camerimage-Richard-Zanuck-Nagroda-specjalna-fot-Andrzej-Lew.jpg\" class=\"attachment-thumbnail size-thumbnail\" alt=\"\" loading=\"lazy\" aria-describedby=\"gallery-1-777\" \/><\/a>\n\t\t\t<\/div>\n\t\t\t\t<figcaption class='wp-caption-text gallery-caption' id='gallery-1-777'>\n\t\t\t\tRichard Zanuck, fot. Andrzej Lew\n\t\t\t\t<\/figcaption><\/figure><figure class='gallery-item'>\n\t\t\t<div class='gallery-icon landscape'>\n\t\t\t\t<a href='https:\/\/ownetic.com\/magazyn\/2009\/anna-petelenz-camerimage-2009\/plus-camerimage-2009-centrum-festiwalowe-w-teatrze-wielkim-fot-andrzej-lew'><img width=\"361\" height=\"240\" src=\"https:\/\/ownetic.com\/magazyn\/wp-content\/uploads\/2009\/12\/Plus-Camerimage-2009-Centrum-Festiwalowe-w-Teatrze-Wielkim-fot-Andrzej-Lew.jpg\" class=\"attachment-thumbnail size-thumbnail\" alt=\"\" loading=\"lazy\" aria-describedby=\"gallery-1-778\" \/><\/a>\n\t\t\t<\/div>\n\t\t\t\t<figcaption class='wp-caption-text gallery-caption' id='gallery-1-778'>\n\t\t\t\tPlus Camerimage 2009. Centrum Festiwalowe, Teatr Wielki, fot. Andrzej Lew\n\t\t\t\t<\/figcaption><\/figure>\n\t\t<\/div>\n\n<p>Nie by\u0142a zaskoczeniem wiadomo\u015b\u0107, \u017ce g\u0142\u00f3wn\u0105 nagrod\u0119, Z\u0142ot\u0105 \u017bab\u0119, dosta\u0142 Giora Bejach \u2013 autor zdj\u0119\u0107 do filmu <em>Liban<\/em>. Tytu\u0142, nagrodzony ju\u017c wcze\u015bniej Z\u0142otym Lwem w Wenecji, w program festiwalu sztuki operatorskiej wpisa\u0142 si\u0119 doskonale. Historia kilku \u017co\u0142nierzy walcz\u0105cych w wojnie liba\u0144skiej porusza nie tylko ze wzgl\u0119du na wydarzenia i klaustrofobiczn\u0105 narracj\u0119. Widz zostaje obdarzony spojrzeniem ograniczonym, zamkni\u0119tym. Je\u017celi wygl\u0105da z wn\u0119trza niemi\u0142osiernie dusznego i brudnego czo\u0142gu, to tylko przez wizjer, co i tak nie zmniejsza wra\u017cenia uwi\u0119zienia w \u015bmiertelnej puszce. Sekwencja nocnej jazdy w\u015br\u00f3d drzew robi wielkie wra\u017cenie \u2013 \u017co\u0142nierze s\u0105 przestraszeni, nie wiedz\u0105 dok\u0105d jad\u0105 ani co si\u0119 dzieje, jedyne, co mog\u0105 zrobi\u0107 to przyspieszy\u0107 i zanurza\u0107 si\u0119 w rozja\u015bnionej noktowizorem nocy.<\/p>\n<figure id=\"attachment_757\" aria-describedby=\"caption-attachment-757\" style=\"width: 540px\" class=\"wp-caption alignnone\"><img loading=\"lazy\" class=\"size-medium wp-image-757\" title=\"Camerimage-2009-liban-samuel-maoza-002\" src=\"https:\/\/ownetic.com\/magazyn\/wp-content\/uploads\/2009\/12\/Camerimage-2009-liban-samuel-maoza-002-540x303.jpg\" alt=\"Camerimage 2009, Kadr z filmu: \u201eLiban\u201d\" width=\"540\" height=\"303\" \/><figcaption id=\"caption-attachment-757\" class=\"wp-caption-text\">Camerimage 2009, Kadr z filmu: \u201eLiban\u201d<\/figcaption><\/figure>\n<p>Ku zaskoczeniu wielu uczestnik\u00f3w jedn\u0105 z gwiazd festiwalu filmowego okaza\u0142 si\u0119 architekt \u2013 Frank Gehry \u2013 projektuj\u0105cy nowe centrum festiwalowo-kongresowe w \u0141odzi. Dokument wyre\u017cyserowany przez Sydney\u2019a Pollacka \u2013 <em>Szkice Franka Gehry&#8217;ego<\/em> prezentuje nie tylko sylwetk\u0119 s\u0142ynnego architekta i imponuj\u0105cy rozmach jego monumentalnych budowli. Dzi\u0119ki pomieszaniu narracji bliskich os\u00f3b i wsp\u00f3\u0142pracownik\u00f3w otrzymujemy pe\u0142ny obraz cz\u0142owieka\u2011tw\u00f3rcy. Z filmu wy\u0142ania si\u0119 zgrabna opowie\u015b\u0107 o poszukiwaniu w\u0142a\u015bciwej formy, kolejnych etapach koncepcyjnego powstawania budynku. Pi\u0119knie filmowane Muzeum Guggenheima w Bilbao, Walt Disney Concert Hotel w Los Angeles czy Ta\u0144cz\u0105cy Dom w Pradze ciesz\u0105 oko widz\u00f3w przez ponad osiemdziesi\u0105t minut. W filmie pojawiaj\u0105 si\u0119 te\u017c tytu\u0142owe szkice, zapiski my\u015bli w kresce. Ale, jak m\u00f3wi do kamery sam architekt: \u201ePapier nie wystarcza\u201d. Woli modele, formy daj\u0105ce poczucie, cho\u0107 minimalnej w\u0142adzy nad przestrzeni\u0105.<\/p>\n<figure id=\"attachment_761\" aria-describedby=\"caption-attachment-761\" style=\"width: 540px\" class=\"wp-caption alignnone\"><img loading=\"lazy\" class=\"size-medium wp-image-761\" title=\"Camerimage-2009-projekt-centrum-festiwalowego-w-lodzi-fot-andrzej-lew\" src=\"https:\/\/ownetic.com\/magazyn\/wp-content\/uploads\/2009\/12\/Camerimage-2009-projekt-centrum-festiwalowego-w-lodzi-fot-andrzej-lew-540x359.jpg\" alt=\"Camerimage 2009, projekt Centrum Festiwalowego w \u0141odzi, fot. Andrzej Lew\" width=\"540\" height=\"359\" \/><figcaption id=\"caption-attachment-761\" class=\"wp-caption-text\">Camerimage 2009, projekt Centrum Festiwalowego w \u0141odzi, fot. Andrzej Lew<\/figcaption><\/figure>\n<p>Architektura Gehry&#8217;ego mi\u0119kko podda\u0142a si\u0119 spojrzeniu Pollacka. Trudno nie oprze\u0107 si\u0119 wra\u017ceniu, \u017ce tych dw\u00f3ch starszych pan\u00f3w, po przeciwnych stronach kamery, \u0142\u0105czy co\u015b wi\u0119cej ni\u017c rozmowa o niepokoju tw\u00f3rczym. Pojawia si\u0119 tu swoiste podobie\u0144stwo mi\u0119dzy sylwetk\u0105 architekta i re\u017cysera filmowego, czyli mistrz\u00f3w ceremonii powstawania dzie\u0142a zbiorowego. I kinematografia, i architektura wymagaj\u0105 kompetencji wykraczaj\u0105cych poza w\u0142asn\u0105 profesj\u0119, umiej\u0119tno\u015bci tw\u00f3rczych, organizacyjnych, rozumienia r\u00f3\u017cnych szczebli rozwoju projektu. Kino to symulacja, p\u00f3\u0142toragodzinny sen w sali kinowej. Architektura \u2013 trwa\u0142a i namacalna ingerencja w rzeczywisto\u015b\u0107. I cho\u0107 tak bardzo r\u00f3\u017cne, Pollackowi udaje si\u0119 po\u0142\u0105czy\u0107 dwie skrajno\u015bci w jedn\u0105 opowie\u015b\u0107 o niepokoju przelewanym w formy.<\/p>\n<p><!--nextpage--><\/p>\n<p>Do g\u0142\u00f3wnych mankament\u00f3w tegorocznej edycji Camerimage nale\u017ca\u0142a z pewno\u015bci\u0105 obs\u0142uga \u2013 zasadnicza, w nienagannie skrojonych mundurkach gani\u0142a widz\u00f3w za wyci\u0105gni\u0119cie butelki z wod\u0105 czy robienie zdj\u0119\u0107 gwiazdom na scenie. Po stokro\u0107 wi\u0119ksze cierpienia kinoman\u00f3w powodowa\u0142a znaczna ilo\u015b\u0107 s\u0142abych film\u00f3w. Fatalna okaza\u0142a si\u0119 <em>Papie\u017cyca Joanna<\/em> (re\u017c. S\u00f6nke Wortmann), zapowiadana jako epicka historia legendarnej Joanny maj\u0105cej sprawowa\u0107 urz\u0105d papieski przez dwa lata w IX wieku. Film koncentruje si\u0119 na romansowych w\u0105tkach \u017cycia bohaterki i jest opowiedziany w konwencji filmu telewizyjnego, czyli za pomoc\u0105 bliskich uj\u0119\u0107, patetycznych dialog\u00f3w i wyj\u0105tkowo topornego aktorstwa. R\u00f3wnie wstrz\u0105saj\u0105cy okaza\u0142 si\u0119 pokaz <em>\u015awinek<\/em> Roberta Gli\u0144skiego. Przykre, je\u017celi historia prostytuuj\u0105cych si\u0119 dzieci wzbudza powszechny \u015bmiech i docinki widowni, ale inaczej w tym przypadku by\u0107 nie mog\u0142o. By\u0142o te\u017c kino, kt\u00f3re niekoniecznie oferuje cokolwiek poza obrazem, jak np. <em>Flashbacks of a fool<\/em> Baillie Walsha. Historia dojrza\u0142ego aktora, kt\u00f3ry w kryzysowym momencie \u017cycia wraca wspomnieniami do okresu nastoletnich uniesie\u0144 erotycznych. Kino bardzo \u0142adne, z estetycznymi uj\u0119ciami wzburzonej wody, plenerami prze\u015bwietlonymi s\u0142o\u0144cem, kobiecymi w\u0142osami powiewaj\u0105cymi na wietrze. Podobnie <em>Samson i Dalila<\/em> Warwicka Thorntona \u2013 operatorsko zr\u0119cznie, ale nieciekawie opowiedziana love story nastoletnich Aborygen\u00f3w.<\/p>\n<p>Szkoda film\u00f3w, kt\u00f3re nie zosta\u0142y docenione. <em>A single man<\/em> Toma Forda, to nie tylko przejmuj\u0105ca historia cz\u0142owieka pr\u00f3buj\u0105cego poradzi\u0107 sobie z rozpacz\u0105 po tragicznej \u015bmierci bliskiej osoby. To tak\u017ce popis operatorskich umiej\u0119tno\u015bci Eduarda Grau filmuj\u0105cego wystylizowane lata sze\u015b\u0107dziesi\u0105te w Ameryce. Obraz zmienia si\u0119 w zale\u017cno\u015bci od nastroju g\u0142\u00f3wnego bohatera (w tej roli Collin Firth): od przy\u0107mionych i brudnych szaro\u015bci, przez skrz\u0105ce si\u0119 s\u0142o\u0144cem uj\u0119cia m\u0142odych amant\u00f3w, a\u017c po powolne celebrowanie m\u0119skiego cia\u0142a pod wod\u0105.<\/p>\n<figure id=\"attachment_741\" aria-describedby=\"caption-attachment-741\" style=\"width: 540px\" class=\"wp-caption alignnone\"><img loading=\"lazy\" class=\"size-medium wp-image-741\" title=\"Camerimage-2009-a-single-man-tom-ford-002\" src=\"https:\/\/ownetic.com\/magazyn\/wp-content\/uploads\/2009\/12\/Camerimage-2009-a-single-man-tom-ford-002-540x303.jpg\" alt=\"Kadr z filmu \u201eA single man\u201d\" width=\"540\" height=\"303\" \/><figcaption id=\"caption-attachment-741\" class=\"wp-caption-text\">Kadr z filmu \u201eA single man\u201d<\/figcaption><\/figure>\n<p>Srebrna \u017baba, nagroda dla Wojciecha Ptaka, autora zdj\u0119\u0107 do <em>Domu z\u0142ego<\/em> (re\u017c. Wojciech Smarzowski) jest przede wszystkim uk\u0142onem w stron\u0119 sprawnego wykorzystania techniki cyfrowej. Drapie\u017cne uj\u0119cia i szybki monta\u017c \u015bwietnie obrazuj\u0105 chaotyczn\u0105 opowie\u015b\u0107 o polskim alkoholowym uwik\u0142aniu w przemoc. W przypadku tego filmu \u201ecyfra\u201d by\u0142a zrozumia\u0142a i akceptowana, w przeciwie\u0144stwie np. do (tak\u017ce pokazywanych w konkursie g\u0142\u00f3wnym) <em>Wrog\u00f3w publicznych<\/em> Michaela Manna. Tam forma nie jest sp\u00f3jna z tre\u015bci\u0105, za to ca\u0142kowicie separuje film Manna od tradycji estetyki kina gangsterskiego.<\/p>\n<figure id=\"attachment_752\" aria-describedby=\"caption-attachment-752\" style=\"width: 540px\" class=\"wp-caption alignnone\"><img loading=\"lazy\" class=\"size-medium wp-image-752\" title=\"Camerimage-2009-dom-zly-preis-i-jakubik\" src=\"https:\/\/ownetic.com\/magazyn\/wp-content\/uploads\/2009\/12\/Camerimage-2009-dom-zly-preis-i-jakubik-540x360.jpg\" alt=\"Camerimage 2009, Kadr z filmu: \u201eDom z\u0142y\u201d\" width=\"540\" height=\"360\" \/><figcaption id=\"caption-attachment-752\" class=\"wp-caption-text\">Camerimage 2009, Kadr z filmu: \u201eDom z\u0142y\u201d<\/figcaption><\/figure>\n<p>Nieco rozczarowuj\u0105ca okaza\u0142a si\u0119 nagroda (Br\u0105zowa \u017baba) dla Marcina Kosza\u0142ki za <em>Rewers<\/em> (re\u017c. Borys Lankosz). Zdj\u0119cia s\u0105 czarno-bia\u0142e, \u0142adne i dope\u0142niaj\u0105ce rzeteln\u0105 narracj\u0119 filmu. Wsteczne i zachowawcze wydaje si\u0119 nagradzanie sprawnego u\u017cycia znanych ju\u017c mo\u017cliwo\u015bci, je\u017celi w tym samym konkursie pojawia si\u0119 taka pere\u0142ka wizualna jak <em>Tlen<\/em> Iwana Wyrypajewa (zdj. Andrey Naidenov). Wyr\u00f3\u017cniony nagrod\u0105 publiczno\u015bci na tegorocznym festiwalu Era Nowe Horyzonty, <em>Tlen<\/em> jest niezwykle \u015bwie\u017c\u0105 zabaw\u0105 wizualno\u015bci\u0105, monta\u017cem i narracj\u0105. Utrzymany w konwencji wideoklip\u00f3w jednego albumu muzycznego, film Wyrypajewa zrywa z (i tak fa\u0142szyw\u0105) przezroczysto\u015bci\u0105 filmowego medium \u2013 obraz jest ca\u0142y czas otoczony niebiesk\u0105 obw\u00f3dk\u0105, jakby celowo rozgraniczaj\u0105c \u015bwiat kina, wyobra\u017ani widza i muzycznej narracji p\u0142yn\u0105cej z ekranu. Wielka szkoda, \u017ce impreza celebruj\u0105ca wizualno\u015b\u0107 nagrodzi\u0142a klasyczny <em>Rewers<\/em> zamiast filmu nowatorskiego, bawi\u0105cego si\u0119 audiowizualnymi mo\u017cliwo\u015bciami X Muzy.<\/p>\n<figure id=\"attachment_767\" aria-describedby=\"caption-attachment-767\" style=\"width: 540px\" class=\"wp-caption alignnone\"><img loading=\"lazy\" class=\"size-medium wp-image-767\" title=\"Camerimage-2009-rewers-borys-lankosz-kadr-z-filmu-005\" src=\"https:\/\/ownetic.com\/magazyn\/wp-content\/uploads\/2009\/12\/Camerimage-2009-rewers-borys-lankosz-kadr-z-filmu-005-540x383.jpg\" alt=\"Camerimage 2009, Kadr z filmu: \u201eRewers\u201d\" width=\"540\" height=\"383\" \/><figcaption id=\"caption-attachment-767\" class=\"wp-caption-text\">Camerimage 2009, Kadr z filmu: \u201eRewers\u201d<\/figcaption><\/figure>\n<p>I tak, siedem dni filmowego szale\u0144stwa min\u0119\u0142o szybko. Z oko\u0142o trzydziestu (mo\u017cliwych do obejrzenia) seans\u00f3w zapami\u0119ta\u0107 warto jedynie kilka. Cz\u0119\u015b\u0107 pokazywanych film\u00f3w zapewne pojawi si\u0119 wkr\u00f3tce na ekranach, kilka zdob\u0119dzie przysz\u0142oroczne nagrody na kolejnych imprezach filmowych. By\u0107 mo\u017ce ostatni raz Camerimage odby\u0142o si\u0119 w Teatrze Wielkim. Przeprowadzka do nowego centrum festiwalowego planowana jest dopiero na rok 2011, ale plotki g\u0142osz\u0105 jakoby przysz\u0142oroczna ods\u0142ona mia\u0142a odby\u0107 si\u0119 ju\u017c w innych \u0142\u00f3dzkich kinach. Oby wraz ze zmian\u0105 przestrzeni, pojawi\u0142a si\u0119 nowa energia. Gotowa nagradza\u0107 wizualnie nowatorskie, a nie zachowawcze kino.<\/p>\n","protected":false},"excerpt":{"rendered":"<p>Siedem dni szale\u0144stwa, kilkadziesi\u0105t tytu\u0142\u00f3w film\u00f3w do wyboru, niewyspanie, nadmiar kawy w organizmie i znane nazwiska \u015bwiata kina mijane na korytarzach. Zako\u0144czy\u0142a si\u0119 siedemnasta edycja Mi\u0119dzynarodowego Festiwalu Sztuki Autor\u00f3w Zdj\u0119\u0107 Filmowych Plus Camerimage w \u0141odzi. W gronie trzech zwyci\u0119skich film\u00f3w konkursu g\u0142\u00f3wnego znalaz\u0142y si\u0119 a\u017c dwa polskie tytu\u0142y.<\/p>\n","protected":false},"author":69,"featured_media":739,"comment_status":"open","ping_status":"closed","sticky":false,"template":"","format":"standard","meta":[],"categories":[1],"tags":[150,7225,151,152,142,377,139,144,134,135,131,133,146,132,141,148,140,145,147,136,137,153,143,154,149,138],"powerkit_post_featured":[],"coauthors":[129],"yoast_head":"<!-- This site is optimized with the Yoast SEO plugin v18.7 - https:\/\/yoast.com\/wordpress\/plugins\/seo\/ -->\n<title>Camerimage<\/title>\n<meta name=\"description\" content=\"Zako\u0144czy\u0142a si\u0119 siedemnasta edycja Mi\u0119dzynarodowego Festiwalu Sztuki Autor\u00f3w Zdj\u0119\u0107 Filmowych Plus Camerimage w \u0141odzi.\" \/>\n<meta name=\"robots\" content=\"index, follow, max-snippet:-1, max-image-preview:large, max-video-preview:-1\" \/>\n<link rel=\"canonical\" href=\"https:\/\/ownetic.com\/magazyn\/2009\/anna-petelenz-camerimage-2009\" \/>\n<link rel=\"next\" href=\"https:\/\/ownetic.com\/magazyn\/2009\/anna-petelenz-camerimage-2009\/2\" \/>\n<script type=\"application\/ld+json\" class=\"yoast-schema-graph\">{\"@context\":\"https:\/\/schema.org\",\"@graph\":[{\"@type\":\"WebSite\",\"@id\":\"https:\/\/ownetic.com\/magazyn\/#website\",\"url\":\"https:\/\/ownetic.com\/magazyn\/\",\"name\":\"Ownetic Magazine\",\"description\":\"Magazine\",\"potentialAction\":[{\"@type\":\"SearchAction\",\"target\":{\"@type\":\"EntryPoint\",\"urlTemplate\":\"https:\/\/ownetic.com\/magazyn\/?s={search_term_string}\"},\"query-input\":\"required name=search_term_string\"}],\"inLanguage\":\"pl-PL\"},{\"@type\":\"ImageObject\",\"inLanguage\":\"pl-PL\",\"@id\":\"https:\/\/ownetic.com\/magazyn\/2009\/anna-petelenz-camerimage-2009#primaryimage\",\"url\":\"https:\/\/ownetic.com\/magazyn\/wp-content\/uploads\/2009\/12\/Camerimage-2009-Allan-Starski-zdobywca-nagrody-specjalnej-fot-Andrzej-Lew.jpg\",\"contentUrl\":\"https:\/\/ownetic.com\/magazyn\/wp-content\/uploads\/2009\/12\/Camerimage-2009-Allan-Starski-zdobywca-nagrody-specjalnej-fot-Andrzej-Lew.jpg\",\"width\":\"1024\",\"height\":\"681\",\"caption\":\"Allan Starski, fot. Andrzej Lew\"},{\"@type\":\"WebPage\",\"@id\":\"https:\/\/ownetic.com\/magazyn\/2009\/anna-petelenz-camerimage-2009#webpage\",\"url\":\"https:\/\/ownetic.com\/magazyn\/2009\/anna-petelenz-camerimage-2009\",\"name\":\"Camerimage\",\"isPartOf\":{\"@id\":\"https:\/\/ownetic.com\/magazyn\/#website\"},\"primaryImageOfPage\":{\"@id\":\"https:\/\/ownetic.com\/magazyn\/2009\/anna-petelenz-camerimage-2009#primaryimage\"},\"datePublished\":\"2009-12-10T23:11:50+00:00\",\"dateModified\":\"2013-12-18T11:22:54+00:00\",\"author\":{\"@id\":\"https:\/\/ownetic.com\/magazyn\/#\/schema\/person\/6d93feacd7c6fe6c0057affb5f57b119\"},\"description\":\"Zako\u0144czy\u0142a si\u0119 siedemnasta edycja Mi\u0119dzynarodowego Festiwalu Sztuki Autor\u00f3w Zdj\u0119\u0107 Filmowych Plus Camerimage w \u0141odzi.\",\"breadcrumb\":{\"@id\":\"https:\/\/ownetic.com\/magazyn\/2009\/anna-petelenz-camerimage-2009#breadcrumb\"},\"inLanguage\":\"pl-PL\",\"potentialAction\":[{\"@type\":\"ReadAction\",\"target\":[\"https:\/\/ownetic.com\/magazyn\/2009\/anna-petelenz-camerimage-2009\"]}]},{\"@type\":\"BreadcrumbList\",\"@id\":\"https:\/\/ownetic.com\/magazyn\/2009\/anna-petelenz-camerimage-2009#breadcrumb\",\"itemListElement\":[{\"@type\":\"ListItem\",\"position\":1,\"name\":\"Camerimage\"}]},{\"@type\":\"Person\",\"@id\":\"https:\/\/ownetic.com\/magazyn\/#\/schema\/person\/6d93feacd7c6fe6c0057affb5f57b119\",\"name\":\"Anna Petelenz\",\"url\":\"https:\/\/ownetic.com\/magazyn\/author\/anna-petelenz\"}]}<\/script>\n<!-- \/ Yoast SEO plugin. -->","yoast_head_json":{"title":"Camerimage","description":"Zako\u0144czy\u0142a si\u0119 siedemnasta edycja Mi\u0119dzynarodowego Festiwalu Sztuki Autor\u00f3w Zdj\u0119\u0107 Filmowych Plus Camerimage w \u0141odzi.","robots":{"index":"index","follow":"follow","max-snippet":"max-snippet:-1","max-image-preview":"max-image-preview:large","max-video-preview":"max-video-preview:-1"},"canonical":"https:\/\/ownetic.com\/magazyn\/2009\/anna-petelenz-camerimage-2009","next":"https:\/\/ownetic.com\/magazyn\/2009\/anna-petelenz-camerimage-2009\/2","schema":{"@context":"https:\/\/schema.org","@graph":[{"@type":"WebSite","@id":"https:\/\/ownetic.com\/magazyn\/#website","url":"https:\/\/ownetic.com\/magazyn\/","name":"Ownetic Magazine","description":"Magazine","potentialAction":[{"@type":"SearchAction","target":{"@type":"EntryPoint","urlTemplate":"https:\/\/ownetic.com\/magazyn\/?s={search_term_string}"},"query-input":"required name=search_term_string"}],"inLanguage":"pl-PL"},{"@type":"ImageObject","inLanguage":"pl-PL","@id":"https:\/\/ownetic.com\/magazyn\/2009\/anna-petelenz-camerimage-2009#primaryimage","url":"https:\/\/ownetic.com\/magazyn\/wp-content\/uploads\/2009\/12\/Camerimage-2009-Allan-Starski-zdobywca-nagrody-specjalnej-fot-Andrzej-Lew.jpg","contentUrl":"https:\/\/ownetic.com\/magazyn\/wp-content\/uploads\/2009\/12\/Camerimage-2009-Allan-Starski-zdobywca-nagrody-specjalnej-fot-Andrzej-Lew.jpg","width":"1024","height":"681","caption":"Allan Starski, fot. Andrzej Lew"},{"@type":"WebPage","@id":"https:\/\/ownetic.com\/magazyn\/2009\/anna-petelenz-camerimage-2009#webpage","url":"https:\/\/ownetic.com\/magazyn\/2009\/anna-petelenz-camerimage-2009","name":"Camerimage","isPartOf":{"@id":"https:\/\/ownetic.com\/magazyn\/#website"},"primaryImageOfPage":{"@id":"https:\/\/ownetic.com\/magazyn\/2009\/anna-petelenz-camerimage-2009#primaryimage"},"datePublished":"2009-12-10T23:11:50+00:00","dateModified":"2013-12-18T11:22:54+00:00","author":{"@id":"https:\/\/ownetic.com\/magazyn\/#\/schema\/person\/6d93feacd7c6fe6c0057affb5f57b119"},"description":"Zako\u0144czy\u0142a si\u0119 siedemnasta edycja Mi\u0119dzynarodowego Festiwalu Sztuki Autor\u00f3w Zdj\u0119\u0107 Filmowych Plus Camerimage w \u0141odzi.","breadcrumb":{"@id":"https:\/\/ownetic.com\/magazyn\/2009\/anna-petelenz-camerimage-2009#breadcrumb"},"inLanguage":"pl-PL","potentialAction":[{"@type":"ReadAction","target":["https:\/\/ownetic.com\/magazyn\/2009\/anna-petelenz-camerimage-2009"]}]},{"@type":"BreadcrumbList","@id":"https:\/\/ownetic.com\/magazyn\/2009\/anna-petelenz-camerimage-2009#breadcrumb","itemListElement":[{"@type":"ListItem","position":1,"name":"Camerimage"}]},{"@type":"Person","@id":"https:\/\/ownetic.com\/magazyn\/#\/schema\/person\/6d93feacd7c6fe6c0057affb5f57b119","name":"Anna Petelenz","url":"https:\/\/ownetic.com\/magazyn\/author\/anna-petelenz"}]}},"_links":{"self":[{"href":"https:\/\/ownetic.com\/magazyn\/wp-json\/wp\/v2\/posts\/735"}],"collection":[{"href":"https:\/\/ownetic.com\/magazyn\/wp-json\/wp\/v2\/posts"}],"about":[{"href":"https:\/\/ownetic.com\/magazyn\/wp-json\/wp\/v2\/types\/post"}],"author":[{"embeddable":true,"href":"https:\/\/ownetic.com\/magazyn\/wp-json\/wp\/v2\/users\/69"}],"replies":[{"embeddable":true,"href":"https:\/\/ownetic.com\/magazyn\/wp-json\/wp\/v2\/comments?post=735"}],"version-history":[{"count":0,"href":"https:\/\/ownetic.com\/magazyn\/wp-json\/wp\/v2\/posts\/735\/revisions"}],"wp:featuredmedia":[{"embeddable":true,"href":"https:\/\/ownetic.com\/magazyn\/wp-json\/wp\/v2\/media\/739"}],"wp:attachment":[{"href":"https:\/\/ownetic.com\/magazyn\/wp-json\/wp\/v2\/media?parent=735"}],"wp:term":[{"taxonomy":"category","embeddable":true,"href":"https:\/\/ownetic.com\/magazyn\/wp-json\/wp\/v2\/categories?post=735"},{"taxonomy":"post_tag","embeddable":true,"href":"https:\/\/ownetic.com\/magazyn\/wp-json\/wp\/v2\/tags?post=735"},{"taxonomy":"powerkit_post_featured","embeddable":true,"href":"https:\/\/ownetic.com\/magazyn\/wp-json\/wp\/v2\/powerkit_post_featured?post=735"},{"taxonomy":"author","embeddable":true,"href":"https:\/\/ownetic.com\/magazyn\/wp-json\/wp\/v2\/coauthors?post=735"}],"curies":[{"name":"wp","href":"https:\/\/api.w.org\/{rel}","templated":true}]}}