{"id":10510,"date":"2010-09-23T00:02:23","date_gmt":"2010-09-22T23:02:23","guid":{"rendered":"https:\/\/ownetic.com\/wydarzenia\/?p=10510"},"modified":"2011-12-30T12:17:06","modified_gmt":"2011-12-30T11:17:06","slug":"podazaj-za-bialym-krolikiem","status":"publish","type":"post","link":"https:\/\/ownetic.com\/wydarzenia\/2010\/09\/podazaj-za-bialym-krolikiem\/","title":{"rendered":"Pod\u0105\u017caj za bia\u0142ym kr\u00f3likiem!"},"content":{"rendered":"<p>Wystawa <em>Pod\u0105\u017caj za bia\u0142ym kr\u00f3likiem<\/em> powsta\u0142a w odpowiedzi na ogromn\u0105 potrzeb\u0119 uczenia dzieci aktywnego uczestnictwa w kulturze. Jest to pierwsze tego rodzaju wydarzenie w Krakowie. Wystawa zosta\u0142a zainicjowana warsztatami dla artyst\u00f3w. Ich uczestnicy poznali specyfik\u0119 dzieci\u0119cego odbierania \u015bwiata. \u015awiat dzieci i ich spos\u00f3b my\u015blenia rz\u0105dzi si\u0119 bowiem w\u0142asnymi prawami, kt\u00f3re nie pozostaj\u0105 bez wp\u0142ywu na to jak najm\u0142odsi widz\u0105 i interpretuj\u0105 sztuk\u0119. Arty\u015bci maj\u0105 dodatkowo mo\u017cliwo\u015b\u0107 wsp\u00f3\u0142pracy z konsultantk\u0105 naukow\u0105.<\/p>\n<figure id=\"attachment_10524\" aria-describedby=\"caption-attachment-10524\" style=\"width: 530px\" class=\"wp-caption alignnone\"><a href=\"https:\/\/ownetic.com\/wydarzenia\/2010\/09\/podazaj-za-bialym-krolikiem\/podazaj-za-bialym-krolikiem-bunkier-sztuki-logo\/\" rel=\"attachment wp-att-10524\"><img loading=\"lazy\" class=\"size-full wp-image-10524\" src=\"https:\/\/ownetic.com\/wydarzenia\/wp-content\/uploads\/2010\/09\/podazaj-za-bialym-krolikiem-bunkier-sztuki-logo.jpg\" alt=\"Logo wystawy &quot;Pod\u0105\u017caj za bia\u0142ym kr\u00f3likiem&quot;\" width=\"530\" height=\"600\" \/><\/a><figcaption id=\"caption-attachment-10524\" class=\"wp-caption-text\">Logo wystawy &quot;Pod\u0105\u017caj za bia\u0142ym kr\u00f3likiem&quot;<\/figcaption><\/figure>\n<p>Inspiracj\u0105 dla wystawy sta\u0142 si\u0119 tak\u017ce fakt, \u017ce dostrzegamy niezwyk\u0142\u0105 zbie\u017cno\u015b\u0107 mi\u0119dzy sposobami wyra\u017cania si\u0119 sztuki wsp\u00f3\u0142czesnej a \u015brodowiskiem, w jakim \u017cyj\u0105 dzieci i m\u0142odzie\u017c. Powszechna obecno\u015b\u0107 medi\u00f3w elektronicznych i \u2013 z drugiej strony \u2013 interaktywny charakter sztuki, jej zdolno\u015b\u0107 wchodzenia w obszary zwyk\u0142ego \u017cycia, sprawiaj\u0105, \u017ce m\u0142ody odbiorca znajduje si\u0119 blisko form najnowszej tw\u00f3rczo\u015bci. Wp\u0142ywa to na atrakcyjno\u015b\u0107 sztuki, jej mo\u017cliwo\u015bci bycia zrozumian\u0105 przez najm\u0142odszych, wreszcie \u2013 na jej si\u0142\u0119 oddzia\u0142ywania.<\/p>\n<p>Na wystawie zobaczy\u0107 mo\u017cna wy\u0142\u0105cznie nowe prace powsta\u0142e z my\u015bl\u0105 o dzieciach. Cz\u0119sto wynikaj\u0105 z osobistej podr\u00f3\u017cy artysty do czas\u00f3w w\u0142asnego dzieci\u0144stwa. Wszystkie zach\u0119ca\u0107 b\u0119d\u0105 do aktywnego uczestnictwa w wystawie. Stworz\u0105 atmosfer\u0119 blisk\u0105 zabawie prowokuj\u0105c jednocze\u015bnie do krytycznego my\u015blenia, obserwacji i interpretacji w\u0142asnych zachowa\u0144 przez dzieci.<\/p>\n<div id='gallery-1' class='gallery galleryid-10510 gallery-columns-6 gallery-size-thumbnail'><figure class='gallery-item'>\n\t\t\t<div class='gallery-icon '>\n\t\t\t\t<a href='https:\/\/ownetic.com\/wydarzenia\/2010\/09\/podazaj-za-bialym-krolikiem\/podazaj-za-bialym-krolikiem-bunkier-sztuki-zorka-wollny-podroz-fot-rafal-sosin-013\/'><img width=\"1\" height=\"1\" src=\"https:\/\/ownetic.com\/wydarzenia\/wp-content\/uploads\/2010\/09\/podazaj-za-bialym-krolikiem-bunkier-sztuki-zorka-wollny-podroz-fot-rafal-sosin-013.jpg\" class=\"attachment-thumbnail size-thumbnail\" alt=\"&quot;Podr\u00f3\u017c\u201d Zorka Wollny, fot. Rafa\u0142 Sosin\" loading=\"lazy\" aria-describedby=\"gallery-1-10544\" \/><\/a>\n\t\t\t<\/div>\n\t\t\t\t<figcaption class='wp-caption-text gallery-caption' id='gallery-1-10544'>\n\t\t\t\t&#8220;Podr\u00f3\u017c\u201d Zorka Wollny, fot. Rafa\u0142 Sosin \n\t\t\t\t<\/figcaption><\/figure><figure class='gallery-item'>\n\t\t\t<div class='gallery-icon '>\n\t\t\t\t<a href='https:\/\/ownetic.com\/wydarzenia\/2010\/09\/podazaj-za-bialym-krolikiem\/podazaj-za-bialym-krolikiem-bunkier-sztuki-zorka-wollny-podroz-fot-rafal-sosin-012\/'><img width=\"1\" height=\"1\" src=\"https:\/\/ownetic.com\/wydarzenia\/wp-content\/uploads\/2010\/09\/podazaj-za-bialym-krolikiem-bunkier-sztuki-zorka-wollny-podroz-fot-rafal-sosin-012.jpg\" class=\"attachment-thumbnail size-thumbnail\" alt=\"&quot;Podr\u00f3\u017c\u201d Zorka Wollny, fot. Rafa\u0142 Sosin\" loading=\"lazy\" aria-describedby=\"gallery-1-10543\" \/><\/a>\n\t\t\t<\/div>\n\t\t\t\t<figcaption class='wp-caption-text gallery-caption' id='gallery-1-10543'>\n\t\t\t\t&#8220;Podr\u00f3\u017c\u201d Zorka Wollny, fot. Rafa\u0142 Sosin \n\t\t\t\t<\/figcaption><\/figure><figure class='gallery-item'>\n\t\t\t<div class='gallery-icon '>\n\t\t\t\t<a href='https:\/\/ownetic.com\/wydarzenia\/2010\/09\/podazaj-za-bialym-krolikiem\/podazaj-za-bialym-krolikiem-bunkier-sztuki-zorka-wollny-podroz-fot-rafal-sosin-011\/'><img width=\"1\" height=\"1\" src=\"https:\/\/ownetic.com\/wydarzenia\/wp-content\/uploads\/2010\/09\/podazaj-za-bialym-krolikiem-bunkier-sztuki-zorka-wollny-podroz-fot-rafal-sosin-011.jpg\" class=\"attachment-thumbnail size-thumbnail\" alt=\"&quot;Podr\u00f3\u017c\u201d Zorka Wollny, fot. Rafa\u0142 Sosin\" loading=\"lazy\" aria-describedby=\"gallery-1-10542\" \/><\/a>\n\t\t\t<\/div>\n\t\t\t\t<figcaption class='wp-caption-text gallery-caption' id='gallery-1-10542'>\n\t\t\t\t&#8220;Podr\u00f3\u017c\u201d Zorka Wollny, fot. Rafa\u0142 Sosin \n\t\t\t\t<\/figcaption><\/figure><figure class='gallery-item'>\n\t\t\t<div class='gallery-icon '>\n\t\t\t\t<a href='https:\/\/ownetic.com\/wydarzenia\/2010\/09\/podazaj-za-bialym-krolikiem\/podazaj-za-bialym-krolikiem-bunkier-sztuki-zorka-wollny-podroz-fot-rafal-sosin-010\/'><img width=\"1\" height=\"1\" src=\"https:\/\/ownetic.com\/wydarzenia\/wp-content\/uploads\/2010\/09\/podazaj-za-bialym-krolikiem-bunkier-sztuki-zorka-wollny-podroz-fot-rafal-sosin-010.jpg\" class=\"attachment-thumbnail size-thumbnail\" alt=\"&quot;Podr\u00f3\u017c\u201d Zorka Wollny, fot. Rafa\u0142 Sosin\" loading=\"lazy\" aria-describedby=\"gallery-1-10541\" \/><\/a>\n\t\t\t<\/div>\n\t\t\t\t<figcaption class='wp-caption-text gallery-caption' id='gallery-1-10541'>\n\t\t\t\t&#8220;Podr\u00f3\u017c\u201d Zorka Wollny, fot. Rafa\u0142 Sosin \n\t\t\t\t<\/figcaption><\/figure><figure class='gallery-item'>\n\t\t\t<div class='gallery-icon '>\n\t\t\t\t<a href='https:\/\/ownetic.com\/wydarzenia\/2010\/09\/podazaj-za-bialym-krolikiem\/podazaj-za-bialym-krolikiem-bunkier-sztuki-wojciech-kosma-sztuki-dla-dzieci-fot-rafal-sosin-014\/'><img width=\"1\" height=\"1\" src=\"https:\/\/ownetic.com\/wydarzenia\/wp-content\/uploads\/2010\/09\/podazaj-za-bialym-krolikiem-bunkier-sztuki-wojciech-kosma-sztuki-dla-dzieci-fot-rafal-sosin-014.jpg\" class=\"attachment-thumbnail size-thumbnail\" alt=\"&quot;Sztuki dla dzieci\u201d Wojciech Kosma, fot. Rafa\u0142 Sosin\" loading=\"lazy\" aria-describedby=\"gallery-1-10540\" \/><\/a>\n\t\t\t<\/div>\n\t\t\t\t<figcaption class='wp-caption-text gallery-caption' id='gallery-1-10540'>\n\t\t\t\t&#8220;Sztuki dla dzieci\u201d Wojciech Kosma, fot. Rafa\u0142 Sosin\n\t\t\t\t<\/figcaption><\/figure><figure class='gallery-item'>\n\t\t\t<div class='gallery-icon '>\n\t\t\t\t<a href='https:\/\/ownetic.com\/wydarzenia\/2010\/09\/podazaj-za-bialym-krolikiem\/podazaj-za-bialym-krolikiem-bunkier-sztuki-olaf-brzeski-topielce-fot-rafal-sosin-017\/'><img width=\"1\" height=\"1\" src=\"https:\/\/ownetic.com\/wydarzenia\/wp-content\/uploads\/2010\/09\/podazaj-za-bialym-krolikiem-bunkier-sztuki-olaf-brzeski-topielce-fot-rafal-sosin-017.jpg\" class=\"attachment-thumbnail size-thumbnail\" alt=\"&quot;Topielce\u201d Olaf Brzeski, fot. Rafa\u0142 Sosin\" loading=\"lazy\" aria-describedby=\"gallery-1-10539\" \/><\/a>\n\t\t\t<\/div>\n\t\t\t\t<figcaption class='wp-caption-text gallery-caption' id='gallery-1-10539'>\n\t\t\t\t&#8220;Topielce\u201d Olaf Brzeski, fot. Rafa\u0142 Sosin\n\t\t\t\t<\/figcaption><\/figure><figure class='gallery-item'>\n\t\t\t<div class='gallery-icon '>\n\t\t\t\t<a href='https:\/\/ownetic.com\/wydarzenia\/2010\/09\/podazaj-za-bialym-krolikiem\/podazaj-za-bialym-krolikiem-bunkier-sztuki-justyna-koeke-wypadek-fot-rafal-sosin-005\/'><img width=\"1\" height=\"1\" src=\"https:\/\/ownetic.com\/wydarzenia\/wp-content\/uploads\/2010\/09\/podazaj-za-bialym-krolikiem-bunkier-sztuki-justyna-koeke-wypadek-fot-rafal-sosin-005.jpg\" class=\"attachment-thumbnail size-thumbnail\" alt=\"&quot;Wypadek\u201d Justyna Koeke, fot. Rafa\u0142 Sosin\" loading=\"lazy\" aria-describedby=\"gallery-1-10538\" \/><\/a>\n\t\t\t<\/div>\n\t\t\t\t<figcaption class='wp-caption-text gallery-caption' id='gallery-1-10538'>\n\t\t\t\t&#8220;Wypadek\u201d Justyna Koeke, fot. Rafa\u0142 Sosin\n\t\t\t\t<\/figcaption><\/figure><figure class='gallery-item'>\n\t\t\t<div class='gallery-icon '>\n\t\t\t\t<a href='https:\/\/ownetic.com\/wydarzenia\/2010\/09\/podazaj-za-bialym-krolikiem\/podazaj-za-bialym-krolikiem-bunkier-sztuki-justyna-koeke-wypadek-fot-rafal-sosin-004\/'><img width=\"1\" height=\"1\" src=\"https:\/\/ownetic.com\/wydarzenia\/wp-content\/uploads\/2010\/09\/podazaj-za-bialym-krolikiem-bunkier-sztuki-justyna-koeke-wypadek-fot-rafal-sosin-004.jpg\" class=\"attachment-thumbnail size-thumbnail\" alt=\"&quot;Wypadek\u201d Justyna Koeke, fot. Rafa\u0142 Sosin\" loading=\"lazy\" aria-describedby=\"gallery-1-10537\" \/><\/a>\n\t\t\t<\/div>\n\t\t\t\t<figcaption class='wp-caption-text gallery-caption' id='gallery-1-10537'>\n\t\t\t\t&#8220;Wypadek\u201d Justyna Koeke, fot. Rafa\u0142 Sosin\n\t\t\t\t<\/figcaption><\/figure><figure class='gallery-item'>\n\t\t\t<div class='gallery-icon '>\n\t\t\t\t<a href='https:\/\/ownetic.com\/wydarzenia\/2010\/09\/podazaj-za-bialym-krolikiem\/podazaj-za-bialym-krolikiem-bunkier-sztuki-justyna-koeke-wypadek-fot-rafal-sosin-003\/'><img width=\"1\" height=\"1\" src=\"https:\/\/ownetic.com\/wydarzenia\/wp-content\/uploads\/2010\/09\/podazaj-za-bialym-krolikiem-bunkier-sztuki-justyna-koeke-wypadek-fot-rafal-sosin-003.jpg\" class=\"attachment-thumbnail size-thumbnail\" alt=\"&quot;Wypadek\u201d Justyna Koeke, fot. Rafa\u0142 Sosin\" loading=\"lazy\" aria-describedby=\"gallery-1-10536\" \/><\/a>\n\t\t\t<\/div>\n\t\t\t\t<figcaption class='wp-caption-text gallery-caption' id='gallery-1-10536'>\n\t\t\t\t&#8220;Wypadek\u201d Justyna Koeke, fot. Rafa\u0142 Sosin\n\t\t\t\t<\/figcaption><\/figure><figure class='gallery-item'>\n\t\t\t<div class='gallery-icon '>\n\t\t\t\t<a href='https:\/\/ownetic.com\/wydarzenia\/2010\/09\/podazaj-za-bialym-krolikiem\/podazaj-za-bialym-krolikiem-bunkier-sztuki-justyna-koeke-wypadek-fot-rafal-sosin-002\/'><img width=\"1\" height=\"1\" src=\"https:\/\/ownetic.com\/wydarzenia\/wp-content\/uploads\/2010\/09\/podazaj-za-bialym-krolikiem-bunkier-sztuki-justyna-koeke-wypadek-fot-rafal-sosin-002.jpg\" class=\"attachment-thumbnail size-thumbnail\" alt=\"&quot;Wypadek\u201d Justyna Koeke, fot. Rafa\u0142 Sosin\" loading=\"lazy\" aria-describedby=\"gallery-1-10535\" \/><\/a>\n\t\t\t<\/div>\n\t\t\t\t<figcaption class='wp-caption-text gallery-caption' id='gallery-1-10535'>\n\t\t\t\t&#8220;Wypadek\u201d Justyna Koeke, fot. Rafa\u0142 Sosin\n\t\t\t\t<\/figcaption><\/figure><figure class='gallery-item'>\n\t\t\t<div class='gallery-icon '>\n\t\t\t\t<a href='https:\/\/ownetic.com\/wydarzenia\/2010\/09\/podazaj-za-bialym-krolikiem\/podazaj-za-bialym-krolikiem-bunkier-sztuki-justyna-koeke-wypadek-fot-rafal-sosin-001\/'><img width=\"1\" height=\"1\" src=\"https:\/\/ownetic.com\/wydarzenia\/wp-content\/uploads\/2010\/09\/podazaj-za-bialym-krolikiem-bunkier-sztuki-justyna-koeke-wypadek-fot-rafal-sosin-001.jpg\" class=\"attachment-thumbnail size-thumbnail\" alt=\"&quot;Wypadek\u201d Justyna Koeke, fot. Rafa\u0142 Sosin\" loading=\"lazy\" aria-describedby=\"gallery-1-10534\" \/><\/a>\n\t\t\t<\/div>\n\t\t\t\t<figcaption class='wp-caption-text gallery-caption' id='gallery-1-10534'>\n\t\t\t\t&#8220;Wypadek\u201d Justyna Koeke, fot. Rafa\u0142 Sosin\n\t\t\t\t<\/figcaption><\/figure><figure class='gallery-item'>\n\t\t\t<div class='gallery-icon '>\n\t\t\t\t<a href='https:\/\/ownetic.com\/wydarzenia\/2010\/09\/podazaj-za-bialym-krolikiem\/podazaj-za-bialym-krolikiem-bunkier-sztuki-hubert-czerepok-little-boy-fot-rafal-sosin-015\/'><img width=\"1\" height=\"1\" src=\"https:\/\/ownetic.com\/wydarzenia\/wp-content\/uploads\/2010\/09\/podazaj-za-bialym-krolikiem-bunkier-sztuki-hubert-czerepok-little-boy-fot-rafal-sosin-015.jpg\" class=\"attachment-thumbnail size-thumbnail\" alt=\"&quot;Little Boy\u201d Huberta Czerepok, fot. Rafa\u0142 Sosin\" loading=\"lazy\" aria-describedby=\"gallery-1-10533\" \/><\/a>\n\t\t\t<\/div>\n\t\t\t\t<figcaption class='wp-caption-text gallery-caption' id='gallery-1-10533'>\n\t\t\t\t&#8220;Little Boy\u201d Huberta Czerepok, fot. Rafa\u0142 Sosin \n\t\t\t\t<\/figcaption><\/figure><figure class='gallery-item'>\n\t\t\t<div class='gallery-icon '>\n\t\t\t\t<a href='https:\/\/ownetic.com\/wydarzenia\/2010\/09\/podazaj-za-bialym-krolikiem\/podazaj-za-bialym-krolikiem-bunkier-sztuki-angelika-markul-kuszenie-fot-rafal-sosin-006\/'><img width=\"1\" height=\"1\" src=\"https:\/\/ownetic.com\/wydarzenia\/wp-content\/uploads\/2010\/09\/podazaj-za-bialym-krolikiem-bunkier-sztuki-angelika-markul-kuszenie-fot-rafal-sosin-006.jpg\" class=\"attachment-thumbnail size-thumbnail\" alt=\"&quot;Kuszenie Angeliki\u201d Angelika Markul, fot. Rafa\u0142 Sosin\" loading=\"lazy\" aria-describedby=\"gallery-1-10532\" \/><\/a>\n\t\t\t<\/div>\n\t\t\t\t<figcaption class='wp-caption-text gallery-caption' id='gallery-1-10532'>\n\t\t\t\t&#8220;Kuszenie Angeliki\u201d Angelika Markul, fot. Rafa\u0142 Sosin \n\t\t\t\t<\/figcaption><\/figure><figure class='gallery-item'>\n\t\t\t<div class='gallery-icon '>\n\t\t\t\t<a href='https:\/\/ownetic.com\/wydarzenia\/2010\/09\/podazaj-za-bialym-krolikiem\/podazaj-za-bialym-krolikiem-bunkier-sztuki-a-kurant-a-wasilkowska-nie-bo-fot-rafal-sosin-008\/'><img width=\"1\" height=\"1\" src=\"https:\/\/ownetic.com\/wydarzenia\/wp-content\/uploads\/2010\/09\/podazaj-za-bialym-krolikiem-bunkier-sztuki-a-kurant-a-wasilkowska-nie-bo-fot-rafal-sosin-008.jpg\" class=\"attachment-thumbnail size-thumbnail\" alt=\"&quot;Nie\u2026bo\u201d Agnieszka Kurant i Aleksandra Wasilkowska, fot. Rafa\u0142 Sosin\" loading=\"lazy\" aria-describedby=\"gallery-1-10530\" \/><\/a>\n\t\t\t<\/div>\n\t\t\t\t<figcaption class='wp-caption-text gallery-caption' id='gallery-1-10530'>\n\t\t\t\t&#8220;Nie\u2026bo\u201d Agnieszka Kurant i Aleksandra Wasilkowska, fot. Rafa\u0142 Sosin \n\t\t\t\t<\/figcaption><\/figure><figure class='gallery-item'>\n\t\t\t<div class='gallery-icon '>\n\t\t\t\t<a href='https:\/\/ownetic.com\/wydarzenia\/2010\/09\/podazaj-za-bialym-krolikiem\/podazaj-za-bialym-krolikiem-bunkier-sztuki-a-kurant-a-wasilkowska-nie-bo-fot-rafal-sosin-009\/'><img width=\"1\" height=\"1\" src=\"https:\/\/ownetic.com\/wydarzenia\/wp-content\/uploads\/2010\/09\/podazaj-za-bialym-krolikiem-bunkier-sztuki-a-kurant-a-wasilkowska-nie-bo-fot-rafal-sosin-009.jpg\" class=\"attachment-thumbnail size-thumbnail\" alt=\"&quot;Nie\u2026bo\u201d Agnieszka Kurant i Aleksandra Wasilkowska, fot. Rafa\u0142 Sosin\" loading=\"lazy\" aria-describedby=\"gallery-1-10529\" \/><\/a>\n\t\t\t<\/div>\n\t\t\t\t<figcaption class='wp-caption-text gallery-caption' id='gallery-1-10529'>\n\t\t\t\t&#8220;Nie\u2026bo\u201d Agnieszka Kurant i Aleksandra Wasilkowska, fot. Rafa\u0142 Sosin \n\t\t\t\t<\/figcaption><\/figure><figure class='gallery-item'>\n\t\t\t<div class='gallery-icon landscape'>\n\t\t\t\t<a href='https:\/\/ownetic.com\/wydarzenia\/2010\/09\/podazaj-za-bialym-krolikiem\/podazaj-za-bialym-krolikiem-bunkier-sztuki-aleksandra-polisiewicz-fot-rafal-sosin-016\/'><img width=\"260\" height=\"173\" src=\"https:\/\/ownetic.com\/wydarzenia\/wp-content\/uploads\/2010\/09\/podazaj-za-bialym-krolikiem-bunkier-sztuki-aleksandra-polisiewicz-fot-rafal-sosin-016.jpg\" class=\"attachment-thumbnail size-thumbnail\" alt=\"&quot;Kr\u00f3lestwo Zjednoczonych Kolor\u00f3w\u201d Aleksandra Polisiewicz, fot. Rafa\u0142 Sosin\" loading=\"lazy\" aria-describedby=\"gallery-1-10528\" \/><\/a>\n\t\t\t<\/div>\n\t\t\t\t<figcaption class='wp-caption-text gallery-caption' id='gallery-1-10528'>\n\t\t\t\t&#8220;Kr\u00f3lestwo Zjednoczonych Kolor\u00f3w\u201d Aleksandra Polisiewicz, fot. Rafa\u0142 Sosin\n\t\t\t\t<\/figcaption><\/figure><figure class='gallery-item'>\n\t\t\t<div class='gallery-icon '>\n\t\t\t\t<a href='https:\/\/ownetic.com\/wydarzenia\/2010\/09\/podazaj-za-bialym-krolikiem\/podazaj-za-bialym-krolikiem-bunkier-sztuki-angelika-markul-kuszenie-fot-rafal-sosin-007\/'><img width=\"1\" height=\"1\" src=\"https:\/\/ownetic.com\/wydarzenia\/wp-content\/uploads\/2010\/09\/podazaj-za-bialym-krolikiem-bunkier-sztuki-angelika-markul-kuszenie-fot-rafal-sosin-007.jpg\" class=\"attachment-thumbnail size-thumbnail\" alt=\"&quot;Kuszenie Angeliki\u201d Angelika Markul, fot. Rafa\u0142 Sosin\" loading=\"lazy\" aria-describedby=\"gallery-1-10527\" \/><\/a>\n\t\t\t<\/div>\n\t\t\t\t<figcaption class='wp-caption-text gallery-caption' id='gallery-1-10527'>\n\t\t\t\t&#8220;Kuszenie Angeliki\u201d Angelika Markul, fot. Rafa\u0142 Sosin \n\t\t\t\t<\/figcaption><\/figure><figure class='gallery-item'>\n\t\t\t<div class='gallery-icon '>\n\t\t\t\t<a href='https:\/\/ownetic.com\/wydarzenia\/2010\/09\/podazaj-za-bialym-krolikiem\/podazaj-za-bialym-krolikiem-bunkier-sztuki-logo\/'><img width=\"1\" height=\"1\" src=\"https:\/\/ownetic.com\/wydarzenia\/wp-content\/uploads\/2010\/09\/podazaj-za-bialym-krolikiem-bunkier-sztuki-logo.jpg\" class=\"attachment-thumbnail size-thumbnail\" alt=\"Logo wystawy &quot;Pod\u0105\u017caj za bia\u0142ym kr\u00f3likiem&quot;\" loading=\"lazy\" \/><\/a>\n\t\t\t<\/div><\/figure>\n\t\t<\/div>\n\n<p>Uszyty z mi\u0119kkich materia\u0142\u00f3w <em>Wypadek<\/em> <strong>Justyny Koeke<\/strong> nawi\u0105zuje do dzieci\u0119cej fascynacji katastrofami, kt\u00f3re s\u0105 wyrazem intuicyjnej potrzeby mierzenia si\u0119 z l\u0119kiem i tematami ostatecznymi. <em>Kuszenie<\/em> <strong>Angeliki Markul<\/strong> odwo\u0142uje si\u0119 do osobistego wspomnienia z dzieci\u0144stwa artystki, kt\u00f3ra zgubi\u0142a si\u0119 w polu kukurydzy. Pok\u00f3j szczelnie wype\u0142niony zielon\u0105 mg\u0142\u0105, w kt\u00f3rym traci si\u0119 poczucie czasu i przestrzeni wywo\u0142uje sprzeczne emocje \u2013 od fascynacji po zagubienie. Wy\u0142aniaj\u0105ce si\u0119 zza chmur <em>Nie\u2026bo <\/em>to instalacja <strong>Agnieszki Kurant<\/strong> i <strong>Aleksandry Wasilkowski<\/strong>, przedstawiaj\u0105ca rzeczywisto\u015b\u0107 do g\u00f3ry nogami.<\/p>\n<p>Artystki zainspirowa\u0142 przewrotny obraz \u015bwiata widzianego oczami dziecka. Podr\u00f3\u017c <strong>Zorki Wollny<\/strong> to metafora procesu dojrzewania, uj\u0119ta w formie labiryntu. Odbiorcy natrafi na szereg wyzwa\u0144, odpowiadaj\u0105cych tym, z kt\u00f3rymi cz\u0142owiek styka si\u0119 w procesie dojrzewania. Dwoje artyst\u00f3w przygotowa\u0142o prace w form\u0119 klock\u00f3w: <strong>Hubert Czerepok<\/strong> drewniany model bomby atomowej do sk\u0142adania a <strong>Aleksandra Polisiewicz<\/strong> uk\u0142adank\u0119 odnosz\u0105c\u0105 si\u0119 do zjawiska wielokulturowo\u015bci. Iluzyjna instalacja <strong>Olafa Brzeskiego<\/strong> zainspirowana zabawk\u0105 artysty z czas\u00f3w dzieci\u0144stwa odnosi si\u0119 fenomenu wspomnie\u0144, kt\u00f3re podlegaj\u0105 deformacji i s\u0105 przefiltrowane przez pryzmat czasu.<\/p>\n<figure id=\"attachment_10527\" aria-describedby=\"caption-attachment-10527\" style=\"width: 576px\" class=\"wp-caption alignnone\"><a href=\"https:\/\/ownetic.com\/wydarzenia\/2010\/09\/podazaj-za-bialym-krolikiem\/podazaj-za-bialym-krolikiem-bunkier-sztuki-angelika-markul-kuszenie-fot-rafal-sosin-007\/\" rel=\"attachment wp-att-10527\"><img loading=\"lazy\" class=\"size-medium wp-image-10527\" src=\"https:\/\/ownetic.com\/wydarzenia\/wp-content\/uploads\/2010\/09\/podazaj-za-bialym-krolikiem-bunkier-sztuki-angelika-markul-kuszenie-fot-rafal-sosin-007-576x383.jpg\" alt=\"&quot;Kuszenie Angeliki\u201d Angelika Markul, fot. Rafa\u0142 Sosin \" width=\"576\" height=\"383\" \/><\/a><figcaption id=\"caption-attachment-10527\" class=\"wp-caption-text\">&quot;Kuszenie Angeliki\u201d Angelika Markul, fot. Rafa\u0142 Sosin<\/figcaption><\/figure>\n<p>Tytu\u0142owy cytat, zaczerpni\u0119ty z\u00a0 <em>Alicji w Krainie Czar\u00f3w<\/em> Lewisa Carrolla, jest zaproszeniem do podr\u00f3\u017cy w g\u0142\u0105b kr\u00f3liczej nory. Tym samym zapraszamy do podr\u00f3\u017cy w inn\u0105 rzeczywisto\u015b\u0107 \u2013 w g\u0142\u0105b sztuki, kt\u00f3ra mia\u0142aby pobudzi\u0107 wra\u017cliwo\u015b\u0107 dzieci. Sztuka otwiera\u0107 b\u0119dzie przed najm\u0142odszymi \u015bwiat nieskr\u0119powanej wyobra\u017ani, rz\u0105dz\u0105cy si\u0119 w\u0142asnymi prawami i w\u0142asn\u0105 logik\u0105. Traktowa\u0107 j\u0105 mo\u017cna jako Krain\u0119 Czar\u00f3w, r\u00f3wnoleg\u0142y wymiar rzeczywisto\u015bci, do kt\u00f3rego mo\u017ce wej\u015b\u0107 ka\u017cdy, pod warunkiem, \u017ce tak jak Alicja, przejdzie na <em>drug\u0105 stron\u0119 lustra<\/em> i <em>uwierzy w to, co niemo\u017cliwe<\/em>.<\/p>\n<p>Wystawa zosta\u0142a wzbogacona o dodatkowe przestrzenie edukacyjno-rekreacyjne, jak kino i \u015bwietlica. Towarzyszy jej\u00a0 program edukacyjny skierowany do dzieci, m\u0142odzie\u017cy oraz ich opiekun\u00f3w.<\/p>\n<p><strong>Arty\u015bci:<\/strong><\/p>\n<p>Olaf Brzeski,<br \/>\nHubert Czerepok,<br \/>\nJustyna Koeke,<br \/>\nWojciech Kosma,<br \/>\nAgnieszka Kurant i Aleksandra Wasilkowska,<br \/>\nAngelika Markul,<br \/>\nAleksandra Polisiewicz,<br \/>\nZorka Wollny<\/p>\n<figure id=\"attachment_10528\" aria-describedby=\"caption-attachment-10528\" style=\"width: 576px\" class=\"wp-caption alignnone\"><a href=\"https:\/\/ownetic.com\/wydarzenia\/2010\/09\/podazaj-za-bialym-krolikiem\/podazaj-za-bialym-krolikiem-bunkier-sztuki-aleksandra-polisiewicz-fot-rafal-sosin-016\/\" rel=\"attachment wp-att-10528\"><img loading=\"lazy\" class=\"size-medium wp-image-10528\" src=\"https:\/\/ownetic.com\/wydarzenia\/wp-content\/uploads\/2010\/09\/podazaj-za-bialym-krolikiem-bunkier-sztuki-aleksandra-polisiewicz-fot-rafal-sosin-016-576x383.jpg\" alt=\"&quot;Kr\u00f3lestwo Zjednoczonych Kolor\u00f3w\u201d Aleksandra Polisiewicz, fot. Rafa\u0142 Sosin\" width=\"576\" height=\"383\" \/><\/a><figcaption id=\"caption-attachment-10528\" class=\"wp-caption-text\">&quot;Kr\u00f3lestwo Zjednoczonych Kolor\u00f3w\u201d Aleksandra Polisiewicz, fot. Rafa\u0142 Sosin<\/figcaption><\/figure>\n<p><strong>Pod\u0105\u017caj za bia\u0142ym kr\u00f3likiem!<\/strong><br \/>\n10. wrze\u015bnia 2010 r. &#8211; 24. pa\u017adziernika 2010 r.<br \/>\nKurator wystawy: Anna Bargiel, Anna Smolak, Magdalena Ujma<br \/>\nKonsultacja merytoryczna: dr Monika N\u0119cka<br \/>\nAutorzy aran\u017cacji: Jacek Pa\u017adzior, Bartosz Mucha<br \/>\nBunkier Sztuki w Krakowie<\/p>\n","protected":false},"excerpt":{"rendered":"<p>Wystawa Pod\u0105\u017caj za bia\u0142ym kr\u00f3likiem powsta\u0142 w odpowiedzi na ogromn\u0105 potrzeb\u0119 uczenia dzieci aktywnego uczestnictwa w kulturze. Jest to pierwsze tego rodzaju wydarzenie w Krakowie. Wystawa zosta\u0142a zainicjowana warsztatami dla artyst\u00f3w. Ich uczestnicy poznali specyfik\u0119 dzieci\u0119cego odbierania \u015bwiata. \u015awiat dzieci i ich spos\u00f3b my\u015blenia rz\u0105dzi si\u0119 bowiem w\u0142asnymi prawami, kt\u00f3re nie pozostaj\u0105 bez wp\u0142ywu na to jak najm\u0142odsi widz\u0105 i interpretuj\u0105 sztuk\u0119. Arty\u015bci maj\u0105 dodatkowo mo\u017cliwo\u015b\u0107 wsp\u00f3\u0142pracy z konsultantk\u0105 naukow\u0105.<\/p>\n","protected":false},"author":34,"featured_media":10528,"comment_status":"open","ping_status":"closed","sticky":false,"template":"","format":"standard","meta":[],"categories":[5],"tags":[886,197,2584,879,2579,2580,2587,422,1742,2586,2582,35,2581,2585,1520,2583,1522],"powerkit_post_featured":[],"yoast_head":"<!-- This site is optimized with the Yoast SEO plugin v18.7 - https:\/\/yoast.com\/wordpress\/plugins\/seo\/ -->\n<title>Pod\u0105\u017caj za bia\u0142ym kr\u00f3likiem<\/title>\n<meta name=\"description\" content=\"Pod\u0105\u017caj za bia\u0142ym kr\u00f3likiem, Bunkier Sztuki w Krakowie, Krak\u00f3w, Anna Bargiel, Anna Smolak, Magdalena Ujma, Olaf Brzeski, Hubert Czerepok, Justyna Koeke, Wojciech Kosma, Agnieszka Kurant, Aleksandra Wasilkowska, Angelika Markul, Aleksandra Polisiewicz, Zorka Wollny, Monika N\u0119cka, Jacek Pa\u017adzior, Bartosz Mucha\" \/>\n<meta name=\"robots\" content=\"index, follow, max-snippet:-1, max-image-preview:large, max-video-preview:-1\" \/>\n<link rel=\"canonical\" href=\"https:\/\/ownetic.com\/wydarzenia\/2010\/09\/podazaj-za-bialym-krolikiem\/\" \/>\n<meta name=\"twitter:card\" content=\"summary_large_image\" \/>\n<meta name=\"twitter:title\" content=\"Pod\u0105\u017caj za bia\u0142ym kr\u00f3likiem\" \/>\n<meta name=\"twitter:description\" content=\"Pod\u0105\u017caj za bia\u0142ym kr\u00f3likiem, Bunkier Sztuki w Krakowie, Krak\u00f3w, Anna Bargiel, Anna Smolak, Magdalena Ujma, Olaf Brzeski, Hubert Czerepok, Justyna Koeke, Wojciech Kosma, Agnieszka Kurant, Aleksandra Wasilkowska, Angelika Markul, Aleksandra Polisiewicz, Zorka Wollny, Monika N\u0119cka, Jacek Pa\u017adzior, Bartosz Mucha\" \/>\n<meta name=\"twitter:image\" content=\"https:\/\/ownetic.com\/wydarzenia\/wp-content\/uploads\/2010\/09\/podazaj-za-bialym-krolikiem-bunkier-sztuki-aleksandra-polisiewicz-fot-rafal-sosin-016.jpg\" \/>\n<meta name=\"twitter:label1\" content=\"Napisane przez\" \/>\n\t<meta name=\"twitter:data1\" content=\"joanna-molek\" \/>\n\t<meta name=\"twitter:label2\" content=\"Szacowany czas czytania\" \/>\n\t<meta name=\"twitter:data2\" content=\"3 minuty\" \/>\n<script type=\"application\/ld+json\" class=\"yoast-schema-graph\">{\"@context\":\"https:\/\/schema.org\",\"@graph\":[{\"@type\":\"WebSite\",\"@id\":\"https:\/\/ownetic.com\/wydarzenia\/#website\",\"url\":\"https:\/\/ownetic.com\/wydarzenia\/\",\"name\":\"Wydarzenia O.pl\",\"description\":\"Przestrze\u0144 prezentacji najwa\u017cniejszych wydarze\u0144 z takich dziedzin, jak: sztuka, design, fotografia, film, muzyka, teatr, literatura, historia, taniec, architektura\",\"potentialAction\":[{\"@type\":\"SearchAction\",\"target\":{\"@type\":\"EntryPoint\",\"urlTemplate\":\"https:\/\/ownetic.com\/wydarzenia\/?s={search_term_string}\"},\"query-input\":\"required name=search_term_string\"}],\"inLanguage\":\"pl-PL\"},{\"@type\":\"ImageObject\",\"inLanguage\":\"pl-PL\",\"@id\":\"https:\/\/ownetic.com\/wydarzenia\/2010\/09\/podazaj-za-bialym-krolikiem\/#primaryimage\",\"url\":\"https:\/\/ownetic.com\/wydarzenia\/wp-content\/uploads\/2010\/09\/podazaj-za-bialym-krolikiem-bunkier-sztuki-aleksandra-polisiewicz-fot-rafal-sosin-016.jpg\",\"contentUrl\":\"https:\/\/ownetic.com\/wydarzenia\/wp-content\/uploads\/2010\/09\/podazaj-za-bialym-krolikiem-bunkier-sztuki-aleksandra-polisiewicz-fot-rafal-sosin-016.jpg\",\"width\":1772,\"height\":1181,\"caption\":\"\\\"Kr\u00f3lestwo Zjednoczonych Kolor\u00f3w\u201d Aleksandra Polisiewicz, fot. Rafa\u0142 Sosin\"},{\"@type\":\"WebPage\",\"@id\":\"https:\/\/ownetic.com\/wydarzenia\/2010\/09\/podazaj-za-bialym-krolikiem\/#webpage\",\"url\":\"https:\/\/ownetic.com\/wydarzenia\/2010\/09\/podazaj-za-bialym-krolikiem\/\",\"name\":\"Pod\u0105\u017caj za bia\u0142ym kr\u00f3likiem\",\"isPartOf\":{\"@id\":\"https:\/\/ownetic.com\/wydarzenia\/#website\"},\"primaryImageOfPage\":{\"@id\":\"https:\/\/ownetic.com\/wydarzenia\/2010\/09\/podazaj-za-bialym-krolikiem\/#primaryimage\"},\"datePublished\":\"2010-09-22T23:02:23+00:00\",\"dateModified\":\"2011-12-30T11:17:06+00:00\",\"author\":{\"@id\":\"https:\/\/ownetic.com\/wydarzenia\/#\/schema\/person\/a12266414bb1e10485f7db7398277488\"},\"description\":\"Pod\u0105\u017caj za bia\u0142ym kr\u00f3likiem, Bunkier Sztuki w Krakowie, Krak\u00f3w, Anna Bargiel, Anna Smolak, Magdalena Ujma, Olaf Brzeski, Hubert Czerepok, Justyna Koeke, Wojciech Kosma, Agnieszka Kurant, Aleksandra Wasilkowska, Angelika Markul, Aleksandra Polisiewicz, Zorka Wollny, Monika N\u0119cka, Jacek Pa\u017adzior, Bartosz Mucha\",\"breadcrumb\":{\"@id\":\"https:\/\/ownetic.com\/wydarzenia\/2010\/09\/podazaj-za-bialym-krolikiem\/#breadcrumb\"},\"inLanguage\":\"pl-PL\",\"potentialAction\":[{\"@type\":\"ReadAction\",\"target\":[\"https:\/\/ownetic.com\/wydarzenia\/2010\/09\/podazaj-za-bialym-krolikiem\/\"]}]},{\"@type\":\"BreadcrumbList\",\"@id\":\"https:\/\/ownetic.com\/wydarzenia\/2010\/09\/podazaj-za-bialym-krolikiem\/#breadcrumb\",\"itemListElement\":[{\"@type\":\"ListItem\",\"position\":1,\"name\":\"Strona g\u0142\u00f3wna\",\"item\":\"https:\/\/ownetic.com\/wydarzenia\/\"},{\"@type\":\"ListItem\",\"position\":2,\"name\":\"Pod\u0105\u017caj za bia\u0142ym kr\u00f3likiem!\"}]},{\"@type\":\"Person\",\"@id\":\"https:\/\/ownetic.com\/wydarzenia\/#\/schema\/person\/a12266414bb1e10485f7db7398277488\",\"name\":\"joanna-molek\",\"url\":\"https:\/\/ownetic.com\/wydarzenia\/author\/joanna-molek\/\"}]}<\/script>\n<!-- \/ Yoast SEO plugin. -->","yoast_head_json":{"title":"Pod\u0105\u017caj za bia\u0142ym kr\u00f3likiem","description":"Pod\u0105\u017caj za bia\u0142ym kr\u00f3likiem, Bunkier Sztuki w Krakowie, Krak\u00f3w, Anna Bargiel, Anna Smolak, Magdalena Ujma, Olaf Brzeski, Hubert Czerepok, Justyna Koeke, Wojciech Kosma, Agnieszka Kurant, Aleksandra Wasilkowska, Angelika Markul, Aleksandra Polisiewicz, Zorka Wollny, Monika N\u0119cka, Jacek Pa\u017adzior, Bartosz Mucha","robots":{"index":"index","follow":"follow","max-snippet":"max-snippet:-1","max-image-preview":"max-image-preview:large","max-video-preview":"max-video-preview:-1"},"canonical":"https:\/\/ownetic.com\/wydarzenia\/2010\/09\/podazaj-za-bialym-krolikiem\/","twitter_card":"summary_large_image","twitter_title":"Pod\u0105\u017caj za bia\u0142ym kr\u00f3likiem","twitter_description":"Pod\u0105\u017caj za bia\u0142ym kr\u00f3likiem, Bunkier Sztuki w Krakowie, Krak\u00f3w, Anna Bargiel, Anna Smolak, Magdalena Ujma, Olaf Brzeski, Hubert Czerepok, Justyna Koeke, Wojciech Kosma, Agnieszka Kurant, Aleksandra Wasilkowska, Angelika Markul, Aleksandra Polisiewicz, Zorka Wollny, Monika N\u0119cka, Jacek Pa\u017adzior, Bartosz Mucha","twitter_image":"https:\/\/ownetic.com\/wydarzenia\/wp-content\/uploads\/2010\/09\/podazaj-za-bialym-krolikiem-bunkier-sztuki-aleksandra-polisiewicz-fot-rafal-sosin-016.jpg","twitter_misc":{"Napisane przez":"joanna-molek","Szacowany czas czytania":"3 minuty"},"schema":{"@context":"https:\/\/schema.org","@graph":[{"@type":"WebSite","@id":"https:\/\/ownetic.com\/wydarzenia\/#website","url":"https:\/\/ownetic.com\/wydarzenia\/","name":"Wydarzenia O.pl","description":"Przestrze\u0144 prezentacji najwa\u017cniejszych wydarze\u0144 z takich dziedzin, jak: sztuka, design, fotografia, film, muzyka, teatr, literatura, historia, taniec, architektura","potentialAction":[{"@type":"SearchAction","target":{"@type":"EntryPoint","urlTemplate":"https:\/\/ownetic.com\/wydarzenia\/?s={search_term_string}"},"query-input":"required name=search_term_string"}],"inLanguage":"pl-PL"},{"@type":"ImageObject","inLanguage":"pl-PL","@id":"https:\/\/ownetic.com\/wydarzenia\/2010\/09\/podazaj-za-bialym-krolikiem\/#primaryimage","url":"https:\/\/ownetic.com\/wydarzenia\/wp-content\/uploads\/2010\/09\/podazaj-za-bialym-krolikiem-bunkier-sztuki-aleksandra-polisiewicz-fot-rafal-sosin-016.jpg","contentUrl":"https:\/\/ownetic.com\/wydarzenia\/wp-content\/uploads\/2010\/09\/podazaj-za-bialym-krolikiem-bunkier-sztuki-aleksandra-polisiewicz-fot-rafal-sosin-016.jpg","width":1772,"height":1181,"caption":"\"Kr\u00f3lestwo Zjednoczonych Kolor\u00f3w\u201d Aleksandra Polisiewicz, fot. Rafa\u0142 Sosin"},{"@type":"WebPage","@id":"https:\/\/ownetic.com\/wydarzenia\/2010\/09\/podazaj-za-bialym-krolikiem\/#webpage","url":"https:\/\/ownetic.com\/wydarzenia\/2010\/09\/podazaj-za-bialym-krolikiem\/","name":"Pod\u0105\u017caj za bia\u0142ym kr\u00f3likiem","isPartOf":{"@id":"https:\/\/ownetic.com\/wydarzenia\/#website"},"primaryImageOfPage":{"@id":"https:\/\/ownetic.com\/wydarzenia\/2010\/09\/podazaj-za-bialym-krolikiem\/#primaryimage"},"datePublished":"2010-09-22T23:02:23+00:00","dateModified":"2011-12-30T11:17:06+00:00","author":{"@id":"https:\/\/ownetic.com\/wydarzenia\/#\/schema\/person\/a12266414bb1e10485f7db7398277488"},"description":"Pod\u0105\u017caj za bia\u0142ym kr\u00f3likiem, Bunkier Sztuki w Krakowie, Krak\u00f3w, Anna Bargiel, Anna Smolak, Magdalena Ujma, Olaf Brzeski, Hubert Czerepok, Justyna Koeke, Wojciech Kosma, Agnieszka Kurant, Aleksandra Wasilkowska, Angelika Markul, Aleksandra Polisiewicz, Zorka Wollny, Monika N\u0119cka, Jacek Pa\u017adzior, Bartosz Mucha","breadcrumb":{"@id":"https:\/\/ownetic.com\/wydarzenia\/2010\/09\/podazaj-za-bialym-krolikiem\/#breadcrumb"},"inLanguage":"pl-PL","potentialAction":[{"@type":"ReadAction","target":["https:\/\/ownetic.com\/wydarzenia\/2010\/09\/podazaj-za-bialym-krolikiem\/"]}]},{"@type":"BreadcrumbList","@id":"https:\/\/ownetic.com\/wydarzenia\/2010\/09\/podazaj-za-bialym-krolikiem\/#breadcrumb","itemListElement":[{"@type":"ListItem","position":1,"name":"Strona g\u0142\u00f3wna","item":"https:\/\/ownetic.com\/wydarzenia\/"},{"@type":"ListItem","position":2,"name":"Pod\u0105\u017caj za bia\u0142ym kr\u00f3likiem!"}]},{"@type":"Person","@id":"https:\/\/ownetic.com\/wydarzenia\/#\/schema\/person\/a12266414bb1e10485f7db7398277488","name":"joanna-molek","url":"https:\/\/ownetic.com\/wydarzenia\/author\/joanna-molek\/"}]}},"_links":{"self":[{"href":"https:\/\/ownetic.com\/wydarzenia\/wp-json\/wp\/v2\/posts\/10510"}],"collection":[{"href":"https:\/\/ownetic.com\/wydarzenia\/wp-json\/wp\/v2\/posts"}],"about":[{"href":"https:\/\/ownetic.com\/wydarzenia\/wp-json\/wp\/v2\/types\/post"}],"author":[{"embeddable":true,"href":"https:\/\/ownetic.com\/wydarzenia\/wp-json\/wp\/v2\/users\/34"}],"replies":[{"embeddable":true,"href":"https:\/\/ownetic.com\/wydarzenia\/wp-json\/wp\/v2\/comments?post=10510"}],"version-history":[{"count":0,"href":"https:\/\/ownetic.com\/wydarzenia\/wp-json\/wp\/v2\/posts\/10510\/revisions"}],"wp:featuredmedia":[{"embeddable":true,"href":"https:\/\/ownetic.com\/wydarzenia\/wp-json\/wp\/v2\/media\/10528"}],"wp:attachment":[{"href":"https:\/\/ownetic.com\/wydarzenia\/wp-json\/wp\/v2\/media?parent=10510"}],"wp:term":[{"taxonomy":"category","embeddable":true,"href":"https:\/\/ownetic.com\/wydarzenia\/wp-json\/wp\/v2\/categories?post=10510"},{"taxonomy":"post_tag","embeddable":true,"href":"https:\/\/ownetic.com\/wydarzenia\/wp-json\/wp\/v2\/tags?post=10510"},{"taxonomy":"powerkit_post_featured","embeddable":true,"href":"https:\/\/ownetic.com\/wydarzenia\/wp-json\/wp\/v2\/powerkit_post_featured?post=10510"}],"curies":[{"name":"wp","href":"https:\/\/api.w.org\/{rel}","templated":true}]}}