{"id":24350,"date":"2012-03-24T01:00:57","date_gmt":"2012-03-24T00:00:57","guid":{"rendered":"https:\/\/ownetic.com\/wydarzenia\/?p=24350"},"modified":"2012-04-02T10:00:59","modified_gmt":"2012-04-02T09:00:59","slug":"iv-cocart-music-festival-csw-znaki-czasu-torun","status":"publish","type":"post","link":"https:\/\/ownetic.com\/wydarzenia\/2012\/03\/iv-cocart-music-festival-csw-znaki-czasu-torun\/","title":{"rendered":"IV CoCArt Music Festival"},"content":{"rendered":"<p><em>CoCArt Music Festival<\/em>\u00a0to festiwal \u0142\u0105cz\u0105cy nowe trendy we wsp\u00f3\u0142czesnej muzyce awangardowej i eksperymentalnej o charakterze elektronicznym i elektroakustycznym z projektami opartymi o estetyczn\u0105 waloryzacj\u0119 multimedi\u00f3w, traktowanych jako pe\u0142noprawny komponent dzia\u0142ania tw\u00f3rczego.\u00a0Czwarta edycja festiwalu jest tw\u00f3rcz\u0105 kontynuacj\u0105 trzech poprzednich edycji\u00a0<em>CoCArt Music Festival<\/em>, kt\u00f3re odby\u0142y si\u0119 w CSW w Toruniu i zosta\u0142y obj\u0119te w 2008 roku patronatem Europejskiego Roku Dialogu Mi\u0119dzykulturowego, a w 2009 roku Europejskiego Roku Innowacyjno\u015bci.<\/p>\n<figure id=\"attachment_24358\" aria-describedby=\"caption-attachment-24358\" style=\"width: 556px\" class=\"wp-caption alignnone\"><a href=\"https:\/\/ownetic.com\/wydarzenia\/2012\/03\/iv-cocart-music-festival-csw-znaki-czasu-torun\/cocart-music-festival-csw-torun-2012-03-22\/\" rel=\"attachment wp-att-24358\"><img loading=\"lazy\" class=\"size-medium wp-image-24358\" src=\"https:\/\/ownetic.com\/wydarzenia\/wp-content\/uploads\/2012\/03\/cocart-music-festival-csw-torun-2012-03-22-556x800.jpg\" alt=\"IV CoCArt Music Festival, CSW Znaki Czasu w Toruniu - plakat (\u017ar\u00f3d\u0142o: materia\u0142y prasowe)\" width=\"556\" height=\"800\" \/><\/a><figcaption id=\"caption-attachment-24358\" class=\"wp-caption-text\">IV CoCArt Music Festival, CSW Znaki Czasu w Toruniu - plakat (\u017ar\u00f3d\u0142o: materia\u0142y prasowe)<\/figcaption><\/figure>\n<p><strong>Arty\u015bci IV CoCArt Music Festival:<\/strong><\/p>\n<p><strong>Chris Cutler (UK)<\/strong><\/p>\n<p>Urodzony w 1947 roku w Waszyngtonie (USA) angielski perkusista, kompozytor, legendarna posta\u0107 awangardowej muzyki rockowej, nowej improwizacji oraz wsp\u00f3\u0142czesnej muzyki eksperymentalnej, autor tekst\u00f3w piosenek, producent muzyczny, wydawca i teoretyk muzyki. Za\u0142o\u017cyciel kilku klasycznych grup awangardy rockowej: Henry Cow, Art Bears, News From Babel oraz Cassiber. Od ko\u0144ca lat 60-tych ca\u0142y czas aktywny tw\u00f3rczo. Wsp\u00f3\u0142pracowa\u0142 m.in. z: The Residents, Slapp Happy, Pere Ubu, The Work, Fred Frith, Zeena Parkins, Dagmar Krause, Lindsay Cooper, Peter Blegvad, Thomas Dimuzzio, Lutz Glandien. W 1978 roku za\u0142o\u017cy\u0142 istniej\u0105c\u0105 do dzisiaj firm\u0119 p\u0142ytow\u0105 <em>Recommended Records<\/em>, obecnie nazywaj\u0105c\u0105 si\u0119 <em>ReR Megacorp<\/em>, kt\u00f3rej jest r\u00f3wnie\u017c niezwykle wymagaj\u0105cym szefem artystycznym.<\/p>\n<p>By\u0142 pomys\u0142odawc\u0105 nieformalnej organizacji awangardy rockowej <em>Rock In Opposition<\/em>, kt\u00f3ra wystartowa\u0142a w po\u0142owie lat 70-tych, a obecnie funkcjonuje ju\u017c jako okre\u015blenie formy muzycznej oraz jak coroczny festiwal RIO organizowany we Francji. Jest autorem wielu esej\u00f3w i tekst\u00f3w krytycznych na temat muzyki popularnej oraz awangardowej, w tym ksi\u0105\u017cki <em>File Under Popular<\/em> wydanej r\u00f3wnie\u017c w Polsce pod tytu\u0142em <em>O muzyce popularnej<\/em>. Wyst\u0119puje w solowych koncertach z wsp\u00f3\u0142czesn\u0105 muzyk\u0105 eksperymentaln\u0105 oraz now\u0105 improwizacj\u0105, gdzie \u017ar\u00f3d\u0142em d\u017awi\u0119ku s\u0105 przedmioty oraz elektronika.<\/p>\n<div id='gallery-1' class='gallery galleryid-24350 gallery-columns-6 gallery-size-thumbnail'><figure class='gallery-item'>\n\t\t\t<div class='gallery-icon '>\n\t\t\t\t<a href='https:\/\/ownetic.com\/wydarzenia\/2012\/03\/iv-cocart-music-festival-csw-znaki-czasu-torun\/cocart-music-festival-csw-torun-2012-03-22\/'><img width=\"1\" height=\"1\" src=\"https:\/\/ownetic.com\/wydarzenia\/wp-content\/uploads\/2012\/03\/cocart-music-festival-csw-torun-2012-03-22.jpg\" class=\"attachment-thumbnail size-thumbnail\" alt=\"IV CoCArt Music Festival, CSW Znaki Czasu w Toruniu - plakat (\u017ar\u00f3d\u0142o: materia\u0142y prasowe)\" loading=\"lazy\" aria-describedby=\"gallery-1-24358\" \/><\/a>\n\t\t\t<\/div>\n\t\t\t\t<figcaption class='wp-caption-text gallery-caption' id='gallery-1-24358'>\n\t\t\t\tIV CoCArt Music Festival, CSW Znaki Czasu w Toruniu &#8211; plakat (\u017ar\u00f3d\u0142o: materia\u0142y prasowe)\n\t\t\t\t<\/figcaption><\/figure><figure class='gallery-item'>\n\t\t\t<div class='gallery-icon '>\n\t\t\t\t<a href='https:\/\/ownetic.com\/wydarzenia\/2012\/03\/iv-cocart-music-festival-csw-znaki-czasu-torun\/hati-2012-03-23\/'><img width=\"1\" height=\"1\" src=\"https:\/\/ownetic.com\/wydarzenia\/wp-content\/uploads\/2012\/03\/hati-2012-03-23.jpg\" class=\"attachment-thumbnail size-thumbnail\" alt=\"HATI (\u017ar\u00f3d\u0142o: materia\u0142y prasowe)\" loading=\"lazy\" aria-describedby=\"gallery-1-24359\" \/><\/a>\n\t\t\t<\/div>\n\t\t\t\t<figcaption class='wp-caption-text gallery-caption' id='gallery-1-24359'>\n\t\t\t\tHATI (\u017ar\u00f3d\u0142o: materia\u0142y prasowe)\n\t\t\t\t<\/figcaption><\/figure><figure class='gallery-item'>\n\t\t\t<div class='gallery-icon '>\n\t\t\t\t<a href='https:\/\/ownetic.com\/wydarzenia\/2012\/03\/iv-cocart-music-festival-csw-znaki-czasu-torun\/pathman-2012-03-23\/'><img width=\"1\" height=\"1\" src=\"https:\/\/ownetic.com\/wydarzenia\/wp-content\/uploads\/2012\/03\/pathman-2012-03-23.jpg\" class=\"attachment-thumbnail size-thumbnail\" alt=\"PathMAN (\u017ar\u00f3d\u0142o: materia\u0142y prasowe)\" loading=\"lazy\" aria-describedby=\"gallery-1-24360\" \/><\/a>\n\t\t\t<\/div>\n\t\t\t\t<figcaption class='wp-caption-text gallery-caption' id='gallery-1-24360'>\n\t\t\t\tPathMAN (\u017ar\u00f3d\u0142o: materia\u0142y prasowe)\n\t\t\t\t<\/figcaption><\/figure><figure class='gallery-item'>\n\t\t\t<div class='gallery-icon '>\n\t\t\t\t<a href='https:\/\/ownetic.com\/wydarzenia\/2012\/03\/iv-cocart-music-festival-csw-znaki-czasu-torun\/steve-buchanan-heike-fiedler-2012-03-23\/'><img width=\"1\" height=\"1\" src=\"https:\/\/ownetic.com\/wydarzenia\/wp-content\/uploads\/2012\/03\/steve-buchanan-heike-fiedler-2012-03-23.jpg\" class=\"attachment-thumbnail size-thumbnail\" alt=\"Steve Buchanan i Heike Fiedler (\u017ar\u00f3d\u0142o: materia\u0142y prasowe)\" loading=\"lazy\" aria-describedby=\"gallery-1-24361\" \/><\/a>\n\t\t\t<\/div>\n\t\t\t\t<figcaption class='wp-caption-text gallery-caption' id='gallery-1-24361'>\n\t\t\t\tSteve Buchanan i Heike Fiedler (\u017ar\u00f3d\u0142o: materia\u0142y prasowe)\n\t\t\t\t<\/figcaption><\/figure><figure class='gallery-item'>\n\t\t\t<div class='gallery-icon '>\n\t\t\t\t<a href='https:\/\/ownetic.com\/wydarzenia\/2012\/03\/iv-cocart-music-festival-csw-znaki-czasu-torun\/zenial-2012-03-23\/'><img width=\"1\" height=\"1\" src=\"https:\/\/ownetic.com\/wydarzenia\/wp-content\/uploads\/2012\/03\/zenial-2012-03-23.jpg\" class=\"attachment-thumbnail size-thumbnail\" alt=\"ZENIAL (\u017ar\u00f3d\u0142o: materia\u0142y prasowe)\" loading=\"lazy\" aria-describedby=\"gallery-1-24362\" \/><\/a>\n\t\t\t<\/div>\n\t\t\t\t<figcaption class='wp-caption-text gallery-caption' id='gallery-1-24362'>\n\t\t\t\tZENIAL (\u017ar\u00f3d\u0142o: materia\u0142y prasowe)\n\t\t\t\t<\/figcaption><\/figure><figure class='gallery-item'>\n\t\t\t<div class='gallery-icon '>\n\t\t\t\t<a href='https:\/\/ownetic.com\/wydarzenia\/2012\/03\/iv-cocart-music-festival-csw-znaki-czasu-torun\/c33-2012-03-23\/'><img width=\"1\" height=\"1\" src=\"https:\/\/ownetic.com\/wydarzenia\/wp-content\/uploads\/2012\/03\/c33-2012-03-23.jpg\" class=\"attachment-thumbnail size-thumbnail\" alt=\"C.3.3. (\u017ar\u00f3d\u0142o: materia\u0142y prasowe)\" loading=\"lazy\" aria-describedby=\"gallery-1-24363\" \/><\/a>\n\t\t\t<\/div>\n\t\t\t\t<figcaption class='wp-caption-text gallery-caption' id='gallery-1-24363'>\n\t\t\t\tC.3.3. (\u017ar\u00f3d\u0142o: materia\u0142y prasowe)\n\t\t\t\t<\/figcaption><\/figure><figure class='gallery-item'>\n\t\t\t<div class='gallery-icon '>\n\t\t\t\t<a href='https:\/\/ownetic.com\/wydarzenia\/2012\/03\/iv-cocart-music-festival-csw-znaki-czasu-torun\/chris-cutler-2012-03-23\/'><img width=\"1\" height=\"1\" src=\"https:\/\/ownetic.com\/wydarzenia\/wp-content\/uploads\/2012\/03\/chris-cutler-2012-03-23.jpg\" class=\"attachment-thumbnail size-thumbnail\" alt=\"Chris Cutler (\u017ar\u00f3d\u0142o: materia\u0142y prasowe)\" loading=\"lazy\" aria-describedby=\"gallery-1-24370\" \/><\/a>\n\t\t\t<\/div>\n\t\t\t\t<figcaption class='wp-caption-text gallery-caption' id='gallery-1-24370'>\n\t\t\t\tChris Cutler (\u017ar\u00f3d\u0142o: materia\u0142y prasowe)\n\t\t\t\t<\/figcaption><\/figure><figure class='gallery-item'>\n\t\t\t<div class='gallery-icon landscape'>\n\t\t\t\t<a href='https:\/\/ownetic.com\/wydarzenia\/2012\/03\/iv-cocart-music-festival-csw-znaki-czasu-torun\/cocart-music-festival-2012-03-23\/'><img width=\"260\" height=\"99\" src=\"https:\/\/ownetic.com\/wydarzenia\/wp-content\/uploads\/2012\/03\/cocart-music-festival-2012-03-23.jpg\" class=\"attachment-thumbnail size-thumbnail\" alt=\"Logo CoCArt Music Festival (\u017ar\u00f3d\u0142o: materia\u0142y prasowe)\" loading=\"lazy\" aria-describedby=\"gallery-1-24371\" \/><\/a>\n\t\t\t<\/div>\n\t\t\t\t<figcaption class='wp-caption-text gallery-caption' id='gallery-1-24371'>\n\t\t\t\tLogo CoCArt Music Festival (\u017ar\u00f3d\u0142o: materia\u0142y prasowe)\n\t\t\t\t<\/figcaption><\/figure>\n\t\t<\/div>\n\n<p><strong>C.3.3. (UK)<\/strong><\/p>\n<p>Duet Paul Jamrozy (ex TEST DEPT) i Roz Corrigan. Paul Jamrozy by\u0142 wsp\u00f3\u0142za\u0142o\u017cycielem wp\u0142ywowej post-punkowo industrialnej grupy TEST DEPARTMENT, powsta\u0142ej we wczesnych latach 80-tych w po\u0142udniowym Londynie. D\u017awi\u0119kowe ataki kolektywu uwa\u017cane by\u0142y za testy fizycznej wytrzyma\u0142o\u015bci, zmierzaj\u0105ce ku granicy wytrzyma\u0142o\u015bci na b\u00f3l spowodowany rytmicznym ha\u0142asem, generowanym mi\u0119dzy innymi w du\u017cej mierze na odpadach cywilizacji takich jak beczki, szyny, pr\u0119ty stalowe, \u0142a\u0144cuchy. Zesp\u00f3\u0142 adaptowa\u0142 do potrzeb swych zmasowanych multimedialnych wyst\u0105pie\u0144 takie przestrzenie jak hale fabryczne, stacje kolejowe czy zamarzni\u0119te jezioro. W po\u0142owie lat 90. muzycy skoncentrowali sw\u0105 aktywno\u015b\u0107 artystyczn\u0105 na pracy z nowoczesnymi technologiami muzycznymi, id\u0105c w kierunku awangardowej muzyki tanecznej, w ko\u0144cu wydzielaj\u0105c si\u0119 w szersz\u0105 diaspor\u0119 artyst\u00f3w d\u017awi\u0119ku eksperymentuj\u0105cych z elektronik\u0105.<\/p>\n<p>Paul Jamrozy studiowa\u0142 sztuk\u0119 interaktywn\u0105 i media elektroniczne, pracuj\u0105c pod wieloma nazwami jak Satellitic, Deep Face, Full Spectrum Dominance czy obecnie jako projekt C.3.3. \u2013 inspirowany jego do\u015bwiadczeniem pracy w wi\u0119zieniach. Skupia si\u0119 tak\u017ce na kreowaniu eksperymentalnych elektronicznych instalacji i performance. Satellitic jest podstawow\u0105 platform\u0105 dla prac Paula Jamrozego i jego wsp\u00f3\u0142pracownik\u00f3w w takich dziedzinach jak Sztuka Elektro-Magnetyczna, manipulacja materia\u0142em d\u017awi\u0119kowym, \u015bcie\u017cka d\u017awi\u0119kowa, performance, wsp\u00f3\u0142praca i wsp\u00f3lnota.<\/p>\n<figure id=\"attachment_24363\" aria-describedby=\"caption-attachment-24363\" style=\"width: 576px\" class=\"wp-caption alignnone\"><a href=\"https:\/\/ownetic.com\/wydarzenia\/2012\/03\/iv-cocart-music-festival-csw-znaki-czasu-torun\/c33-2012-03-23\/\" rel=\"attachment wp-att-24363\"><img loading=\"lazy\" class=\"size-medium wp-image-24363\" src=\"https:\/\/ownetic.com\/wydarzenia\/wp-content\/uploads\/2012\/03\/c33-2012-03-23-576x678.jpg\" alt=\"C.3.3. (\u017ar\u00f3d\u0142o: materia\u0142y prasowe)\" width=\"576\" height=\"678\" \/><\/a><figcaption id=\"caption-attachment-24363\" class=\"wp-caption-text\">C.3.3. (\u017ar\u00f3d\u0142o: materia\u0142y prasowe)<\/figcaption><\/figure>\n<p><strong>PathMAN (PL)<\/strong><\/p>\n<p>Po rozpadzie istniej\u0105cego od 1976 roku Teatru D\u017awi\u0119ku <em>ATMAN<\/em> (w 1998 r.), Piotr Kolecki i Marek Leszczy\u0144ski utworzyli grup\u0119 pathMAN. Od tego czasu przez zesp\u00f3\u0142 przewin\u0119\u0142o si\u0119 kilku innych muzyk\u00f3w, zesp\u00f3\u0142 z przerwami wyst\u0119powa\u0142 w Polsce i za granic\u0105. Propozycja muzyczna i brzmieniowa tria pathMAN oparta jest na akustycznym instrumentarium jak m.in.: cymba\u0142y polskie, cymba\u0142y ukrai\u0144skie, tscheng, cytry, sitar, gitary akustyczne i 12-strunowe oraz zabytkowa gitara dwugryfowa, drumbass, flety, akordeon, polskie b\u0119bny ceramiczne, tr\u0105bka, perkusja, gitara elektryczna. W niewielkim stopniu korzystaj\u0105 muzycy z urz\u0105dze\u0144 elektronicznych.<\/p>\n<p>Muzyka grupy, prezentowana podczas kameralnych koncert\u00f3w to ci\u0105g\u0142a emisja d\u017awi\u0119k\u00f3w, tworz\u0105cych d\u0142ugi utw\u00f3r, w kt\u00f3rym dynamika zmienia si\u0119 od ciszy po \u0142oskot, barwy od d\u017awi\u0119k\u00f3w lasu i \u0142\u0105ki po zgie\u0142k ulicy i hal fabrycznych, a nastr\u00f3j od kontemplacji, poprzez jazzowy feeling do rockowego koncertu. Energi\u0119 tak kreowanej muzyki w du\u017cym stopniu tworzy publiczno\u015b\u0107, kt\u00f3rej zaanga\u017cowanie w odbi\u00f3r zap\u0119tla si\u0119 z muzykami, tworz\u0105c zamkni\u0119t\u0105, <em>Miniaturow\u0105 Przestrze\u0144<\/em>. Grupa pathMAN wyst\u0105pi w sk\u0142adzie: Piotr Kolecki, Marek Leszczy\u0144ski, Kuba Pieczy\u0144ski.<\/p>\n<p><strong>Steve Buchanan (audio) i Heike Fiedler (video) (CH)<\/strong><\/p>\n<p>Steve Buchanan &#8211; urodzony w Filadelfii muzyk i tancerz, profesjonalny performer od wczesnych lat 70-tych. Artysta interdyscyplinarny. W p\u00f3\u017anych latach 70-tych i 80-tych mieszka\u0142 w Nowym Jorku. W latach 90-tych przeprowadzi\u0142 si\u0119 do Szwajcarii, rezyduje w Genewie. Jego repertuar obejmuje szerokie spektrum: pocz\u0105wszy od w\u0142oskich i ba\u0142ka\u0144skich rytm\u00f3w, a\u017c do muzyki noise. Wykonuje improwizacje w wielu popularnych (i nie tylko) nurtach muzycznych. Od pocz\u0105tku lat 80-tych jest zwi\u0105zany tak\u017ce ze sztuk\u0105 wideo, wsp\u00f3\u0142pracuj\u0105c z takimi artystami jak: Paul Garrin, Boris Edelstein, Exzytz (architects 1024). D\u0142uga lista projekt\u00f3w, w kt\u00f3rych uczestniczy\u0142 zwi\u0105zana jest m.in. z takimi artystami jak: Fred Frith, Sun Ra, David Moss, Elliott Levin, Ron Anderson, Jon Rose, Paed Conca, Steve Dalachinsky, Tatsuya Yoshide, Nicholas Field, William Parker czy Heike Fiedler. Steve Buchanan gra na kilku instrumentach (saksofon altowy, gitary, banjo), a tak\u017ce ta\u0144czy, przenosz\u0105c ruchy swojego cia\u0142a na skonstruowany przez siebie instrument 2nd-LINE (TAP-DANCE-BOARD), z kt\u00f3rym zaprezentuje si\u0119 na <em>CoCArt Music Festival<\/em> \u2013 we wsp\u00f3lnym projekcie audiowizualnym z Heike Fiedler.<\/p>\n<figure id=\"attachment_24361\" aria-describedby=\"caption-attachment-24361\" style=\"width: 576px\" class=\"wp-caption alignnone\"><a href=\"https:\/\/ownetic.com\/wydarzenia\/2012\/03\/iv-cocart-music-festival-csw-znaki-czasu-torun\/steve-buchanan-heike-fiedler-2012-03-23\/\" rel=\"attachment wp-att-24361\"><img loading=\"lazy\" class=\"size-medium wp-image-24361\" title=\"Steve Buchanan i Heike Fiedler (\u017ar\u00f3d\u0142o: materia\u0142y prasowe)\" src=\"https:\/\/ownetic.com\/wydarzenia\/wp-content\/uploads\/2012\/03\/steve-buchanan-heike-fiedler-2012-03-23-576x384.jpg\" alt=\"Steve Buchanan i Heike Fiedler (\u017ar\u00f3d\u0142o: materia\u0142y prasowe)\" width=\"576\" height=\"384\" \/><\/a><figcaption id=\"caption-attachment-24361\" class=\"wp-caption-text\">Steve Buchanan i Heike Fiedler (\u017ar\u00f3d\u0142o: materia\u0142y prasowe)<\/figcaption><\/figure>\n<p>Heike Fiedler (D\/CH) &#8211; poetka, artystka nowoczesna, eksperymentalna, improwizatorka. Pracuje z tekstem i d\u017awi\u0119kiem, oddaj\u0105c relacje pomi\u0119dzy j\u0119zykiem, p\u0142ci\u0105, a BREAD (o\u015b deiktyczna i akty mowy). Zajmuje si\u0119 r\u00f3wnie\u017c elektroakustyk\u0105, poezj\u0105 \u015bpiewan\u0105, daje wyk\u0142ady, zajmuje si\u0119 video (vj). Ingeruje w przestrze\u0144 publiczn\u0105, bierze udzia\u0142 w festiwalach (zar\u00f3wno wystawy indywidualne, jak i zbiorowe). Pracowa\u0142a w kilku krajach Europy, jest animatorem kultury i uczestnikiem <em>ROARATORIO<\/em>.<\/p>\n<p><!--nextpage--><\/p>\n<p><strong>ZENIAL (PL)<\/strong><\/p>\n<p>\u0141ukasz Sza\u0142ankiewicz a.k.a. ZENIAL, artysta mieszkaj\u0105cy w Poznaniu, sound designer, historyk, kurator muzyki elektronicznej. Cz\u0142onek Polskiego Stowarzyszenia Muzyki Elektroakustycznej. Bra\u0142 udzia\u0142 w mi\u0119dzynarodowych festiwalach w Austrii, Rosji, Bu\u0142garii, Niemczech, Holandii, Czechach, S\u0142owacji, Ukrainie, Francji, Chinach, W\u0119grzech, Bia\u0142orusi, Rumunii, Litwie, Izraelu, Kazachstanie, Peru, Brazylii, Argentynie, Urugwaju, Kolumbii, Meksyku, Ekwadorze, Luksemburgu, Chorwacji i USA. Wyst\u0119powa\u0142 w Polsce podczas Festiwali: <em>Audio Art<\/em>, <em>Unsound<\/em>, <em>Wro<\/em>, a tak\u017ce w Galerii Kordegarda (Warszawa), Centrum Sztuki Wsp\u00f3\u0142czesnej Zamek Ujazdowski (Warszawa), Galerii Arsena\u0142 (Bia\u0142ystok), Centrum Sztuki Wsp\u00f3\u0142czesnej \u0141a\u017ania (Gda\u0144sk) i wielu innych miejscach. W swojej pracy skupia si\u0119 zar\u00f3wno na muzycznych poszukiwaniach, jak i audiowizualnych wyst\u0119pach oraz interaktywnych instalacjach. Wyda\u0142 albumy jako ZENIAL oraz PALSECAM, wraz z Maciejem Szymczukiem jest tw\u00f3rc\u0105 projektu AABZU. Razem z Markiem Cho\u0142oniewskim udziela si\u0119 w projekcie Dizzy Kinetics. \u0141ukasz Sza\u0142ankiewicz jest r\u00f3wnie\u017c wsp\u00f3\u0142za\u0142o\u017cycielem Audiotong Label, platformy muzyki eksperymentalnej oraz sztuki d\u017awi\u0119ku, kt\u00f3ra dzia\u0142a w Krakowie od 2005 roku.<\/p>\n<figure id=\"attachment_24362\" aria-describedby=\"caption-attachment-24362\" style=\"width: 576px\" class=\"wp-caption alignnone\"><a href=\"https:\/\/ownetic.com\/wydarzenia\/2012\/03\/iv-cocart-music-festival-csw-znaki-czasu-torun\/zenial-2012-03-23\/\" rel=\"attachment wp-att-24362\"><img loading=\"lazy\" class=\"size-medium wp-image-24362\" src=\"https:\/\/ownetic.com\/wydarzenia\/wp-content\/uploads\/2012\/03\/zenial-2012-03-23-576x382.jpg\" alt=\"ZENIAL (\u017ar\u00f3d\u0142o: materia\u0142y prasowe)\" width=\"576\" height=\"382\" \/><\/a><figcaption id=\"caption-attachment-24362\" class=\"wp-caption-text\">ZENIAL (\u017ar\u00f3d\u0142o: materia\u0142y prasowe)<\/figcaption><\/figure>\n<p><strong>HATI (PL)<\/strong><\/p>\n<p>Grupa muzyczna bazuj\u0105ca na brzmieniu instrument\u00f3w akustycznych \u2013 etnicznych i obiekt\u00f3w z recyklingu, \u0142\u0105cz\u0105ca w sobie eksploracje na polu muzyki rytualno-medytacyjnej i improwizowanej. Muzycy HATI \u2013 Rafa\u0142 Iwa\u0144ski i Rafa\u0142 Ko\u0142acki \u2013 zagrali kilkaset koncert\u00f3w w Polsce, USA, Niemczech, Hiszpanii, Belgii, Holandii, Irlandii, Wielkiej Brytanii, Francji, Danii i na Litwie. Pojawili si\u0119 na wielu festiwalach, m.in.: <em>Unsound Festival New York<\/em>, <em>Equinox Festival<\/em> w Londynie, <em>Fan\u00f8 Free Folk Festival<\/em> w Danii, <em>Linien Festival<\/em> w Getyndze, <em>Wroc\u0142aw Industrial Festival<\/em>, <em>Festiwal w Krajobrazie<\/em> w Inow\u0142odzu, <em>Open\u2019er Festival<\/em>. Grupa nagra\u0142a szereg p\u0142yt, tak\u017ce we wsp\u00f3\u0142pracy z innymi polskimi i zagranicznymi muzykami. Muzycy HATI wsp\u00f3\u0142pracowali koncertowo i studyjnie z wieloma wy\u015bmienitymi artystami d\u017awi\u0119ku i obrazu takimi jak Z\u2019EV (m.in. podw\u00f3jny album nagrany podczas trasy koncertowej w maju 2011 &#8211; Z&#8217;EV &amp; HATI <em>Heart of a Wolf<\/em>), grupa PAS z Nowego Jorku (album PAS\/HATI present P.H.A.S.T.I. \u2013 T<em>he Stages of Sleep: A Metaphor for Toru\u0144<\/em>), PURE (wsp\u00f3lny projekt i p\u0142yta sygnowane jako PRSZR), S\u0142awomir Ciesielski (ex Republika \u2013 wsp\u00f3lna p\u0142yta b\u0119dzie wydana w 2012 r.), John Zorn, Robert Curgenven, Steve Buchanan &amp; Heike Fiedler, Raymond Salvatore Harmon i wieloma innymi.<\/p>\n<p>Najnowszy premierowy materia\u0142 HATI zosta\u0142 skomponowany w trzyosobowym sk\u0142adzie, tym razem we wsp\u00f3\u0142pracy z toru\u0144skim muzykiem Robertem Darowskim &#8211; graj\u0105cym na didgeridoo. R. Iwa\u0144ski i R. Ko\u0142acki s\u0105 pomys\u0142odawcami i wsp\u00f3\u0142organizatorami CoCArt Music Festival w CSW Znaki Czasu w Toruniu. Obaj arty\u015bci udzielaj\u0105 si\u0119 w autorskich projektach. R. Ko\u0142acki w <em>Tonopolis<\/em> (2010) &#8211; na kt\u00f3ry sk\u0142ada si\u0119 p\u0142yta cd i strona internetowa, prezentuj\u0105ce prace d\u017awi\u0119kowe z nurtu field recordings oraz w projekcie muzyczno-literackim <em>Orient Potockiego. D\u017awi\u0119kopis<\/em>\u00a0(2011). R. Iwa\u0144ski pod nazw\u0105 X-NAVI:ET tworzy muzyk\u0119 elektroakustyczn\u0105 graj\u0105c koncerty solo oraz z innymi artystami d\u017awi\u0119ku i obrazu; nagrywa p\u0142yty \u2013 m.in. split album ELECTRIC URANUS &amp; X-NAVI:ET V<em>oices of the Cosmos<\/em>\u00a0(2011) oraz album na p\u0142ycie winylowej pt. <em>Soundtracks for the Dying Moments<\/em> (2012).<\/p>\n<figure id=\"attachment_24359\" aria-describedby=\"caption-attachment-24359\" style=\"width: 535px\" class=\"wp-caption alignnone\"><a href=\"https:\/\/ownetic.com\/wydarzenia\/2012\/03\/iv-cocart-music-festival-csw-znaki-czasu-torun\/hati-2012-03-23\/\" rel=\"attachment wp-att-24359\"><img loading=\"lazy\" class=\"size-medium wp-image-24359\" src=\"https:\/\/ownetic.com\/wydarzenia\/wp-content\/uploads\/2012\/03\/hati-2012-03-23-535x800.jpg\" alt=\"HATI (\u017ar\u00f3d\u0142o: materia\u0142y prasowe)\" width=\"535\" height=\"800\" \/><\/a><figcaption id=\"caption-attachment-24359\" class=\"wp-caption-text\">HATI (\u017ar\u00f3d\u0142o: materia\u0142y prasowe)<\/figcaption><\/figure>\n<p>O trzeciej edycji festiwalu (2011) pisano m.in.:<\/p>\n<blockquote><p><em>CoCArt<\/em> skupia si\u0119 na trudnych formach muzyki eksperymentalnej i dla mnie by\u0142 pozytywnym zaskoczeniem, nie tylko ze wzgl\u0119du na liczb\u0119 publiczno\u015bci \u2013 ale przede wszystkim ze wzgl\u0119du na jej wiek. Sporo m\u0142odych ludzi!!!. To dla mnie zaskoczenie. By\u0107 mo\u017ce nie wszyscy byli tu dla muzyki i nie wszyscy byli ni\u0105 zainteresowani do ko\u0144ca. Ale od czego\u015b trzeba zacz\u0105\u0107, a trzeba przyzna\u0107, \u017ce sp\u0119dzenie ca\u0142ego wieczoru przy muzyce awangardowej nie jest prostym zadaniem.\/\u2026\/ Dzi\u0119ki HATI za umo\u017cliwienie\u2026<\/p>\n<p>Henryk Palczewski, Informator\u00a0<em>Ars 2<\/em>, Nr 52, Lipiec 2011<\/p>\n<p>Co s\u0142ycha\u0107 w \u015bwiecie muzyki elektronicznej i elektroakustycznej? Na jakie nowe doznania mo\u017cemy liczy\u0107 ze strony tw\u00f3rc\u00f3w ambientu i postindustrialu? Jakie nowe zjawiska rodz\u0105 si\u0119 na pograniczu muzyki \u2019do s\u0142uchania\u201d i sound artu? Po odpowiedzi na takie pytania warto zanurkowa\u0107 do gara\u017cu pod toru\u0144skim CSW, kt\u00f3re wraz z zespo\u0142em HATI zaprasza na <em>CoCArt Music Festival<\/em>, jedyn\u0105 tak\u0105 imprez\u0119 w naszej cz\u0119\u015bci Europy.<\/p>\n<p>J\u0119drzej S\u0142odkowski, Gazeta Wyborcza, 18.03.2011<\/p><\/blockquote>\n<p><em>IV CoCArt Music Festival<\/em><br \/>\n31 marca, godz. 18.00, Pok\u00f3j z kuchni\u0105<br \/>\n31 marca, godz. 23.59, Chilloutroom Klub Tantra<br \/>\nCentrum Sztuki Wsp\u00f3\u0142czesnej\u00a0<em>Znaki Czasu<\/em><br \/>\nWa\u0142y gen. Sikorskiego 13<br \/>\nToru\u0144<\/p>\n","protected":false},"excerpt":{"rendered":"<p><em>CoCArt Music Festival<\/em>\u00a0to festiwal \u0142\u0105cz\u0105cy nowe trendy we wsp\u00f3\u0142czesnej muzyce awangardowej i eksperymentalnej o charakterze elektronicznym i elektroakustycznym z projektami opartymi o estetyczn\u0105 waloryzacj\u0119 multimedi\u00f3w, traktowanych jako pe\u0142noprawny komponent dzia\u0142ania tw\u00f3rczego.\u00a0Czwarta edycja festiwalu jest tw\u00f3rcz\u0105 kontynuacj\u0105 trzech poprzednich edycji\u00a0<em>CoCArt Music Festival<\/em>, kt\u00f3re odby\u0142y si\u0119 w CSW w Toruniu i zosta\u0142y obj\u0119te w 2008 r. patronatem Europejskiego Roku Dialogu Mi\u0119dzykulturowego, a w 2009 r. Europejskiego Roku Innowacyjno\u015bci.<\/p>\n","protected":false},"author":64,"featured_media":24371,"comment_status":"open","ping_status":"closed","sticky":false,"template":"","format":"standard","meta":[],"categories":[22,5],"tags":[1141,4561,4559,4560,59],"powerkit_post_featured":[],"yoast_head":"<!-- This site is optimized with the Yoast SEO plugin v18.7 - https:\/\/yoast.com\/wordpress\/plugins\/seo\/ -->\n<title>IV CoCArt Music Festival<\/title>\n<meta name=\"description\" content=\"IV CoCArt Music Festival, Muzyka, Nowe Media, Steve Buchanan, Chris Cutler, Centrum Sztuki Wsp\u00f3\u0142czesnej Znaki Czasu w Toruniu, Toru\u0144\" \/>\n<meta name=\"robots\" content=\"index, follow, max-snippet:-1, max-image-preview:large, max-video-preview:-1\" \/>\n<link rel=\"canonical\" href=\"https:\/\/ownetic.com\/wydarzenia\/2012\/03\/iv-cocart-music-festival-csw-znaki-czasu-torun\/\" \/>\n<link rel=\"next\" href=\"https:\/\/ownetic.com\/wydarzenia\/2012\/03\/iv-cocart-music-festival-csw-znaki-czasu-torun\/2\/\" \/>\n<meta name=\"twitter:card\" content=\"summary_large_image\" \/>\n<meta name=\"twitter:title\" content=\"IV CoCArt Music Festival\" \/>\n<meta name=\"twitter:description\" content=\"IV CoCArt Music Festival, Muzyka, Nowe Media, Steve Buchanan, Chris Cutler, Centrum Sztuki Wsp\u00f3\u0142czesnej Znaki Czasu w Toruniu, Toru\u0144\" \/>\n<meta name=\"twitter:image\" content=\"https:\/\/ownetic.com\/wydarzenia\/wp-content\/uploads\/2012\/03\/cocart-music-festival-2012-03-23.jpg\" \/>\n<meta name=\"twitter:label1\" content=\"Napisane przez\" \/>\n\t<meta name=\"twitter:data1\" content=\"michal-pudlo\" \/>\n\t<meta name=\"twitter:label2\" content=\"Szacowany czas czytania\" \/>\n\t<meta name=\"twitter:data2\" content=\"9 minut\" \/>\n<script type=\"application\/ld+json\" class=\"yoast-schema-graph\">{\"@context\":\"https:\/\/schema.org\",\"@graph\":[{\"@type\":\"WebSite\",\"@id\":\"https:\/\/ownetic.com\/wydarzenia\/#website\",\"url\":\"https:\/\/ownetic.com\/wydarzenia\/\",\"name\":\"Wydarzenia O.pl\",\"description\":\"Przestrze\u0144 prezentacji najwa\u017cniejszych wydarze\u0144 z takich dziedzin, jak: sztuka, design, fotografia, film, muzyka, teatr, literatura, historia, taniec, architektura\",\"potentialAction\":[{\"@type\":\"SearchAction\",\"target\":{\"@type\":\"EntryPoint\",\"urlTemplate\":\"https:\/\/ownetic.com\/wydarzenia\/?s={search_term_string}\"},\"query-input\":\"required name=search_term_string\"}],\"inLanguage\":\"pl-PL\"},{\"@type\":\"ImageObject\",\"inLanguage\":\"pl-PL\",\"@id\":\"https:\/\/ownetic.com\/wydarzenia\/2012\/03\/iv-cocart-music-festival-csw-znaki-czasu-torun\/#primaryimage\",\"url\":\"https:\/\/ownetic.com\/wydarzenia\/wp-content\/uploads\/2012\/03\/cocart-music-festival-2012-03-23.jpg\",\"contentUrl\":\"https:\/\/ownetic.com\/wydarzenia\/wp-content\/uploads\/2012\/03\/cocart-music-festival-2012-03-23.jpg\",\"width\":300,\"height\":114,\"caption\":\"Logo CoCArt Music Festival (\u017ar\u00f3d\u0142o: materia\u0142y prasowe)\"},{\"@type\":\"WebPage\",\"@id\":\"https:\/\/ownetic.com\/wydarzenia\/2012\/03\/iv-cocart-music-festival-csw-znaki-czasu-torun\/#webpage\",\"url\":\"https:\/\/ownetic.com\/wydarzenia\/2012\/03\/iv-cocart-music-festival-csw-znaki-czasu-torun\/\",\"name\":\"IV CoCArt Music Festival\",\"isPartOf\":{\"@id\":\"https:\/\/ownetic.com\/wydarzenia\/#website\"},\"primaryImageOfPage\":{\"@id\":\"https:\/\/ownetic.com\/wydarzenia\/2012\/03\/iv-cocart-music-festival-csw-znaki-czasu-torun\/#primaryimage\"},\"datePublished\":\"2012-03-24T00:00:57+00:00\",\"dateModified\":\"2012-04-02T09:00:59+00:00\",\"author\":{\"@id\":\"https:\/\/ownetic.com\/wydarzenia\/#\/schema\/person\/b2c59add8e8761933e409240289caacd\"},\"description\":\"IV CoCArt Music Festival, Muzyka, Nowe Media, Steve Buchanan, Chris Cutler, Centrum Sztuki Wsp\u00f3\u0142czesnej Znaki Czasu w Toruniu, Toru\u0144\",\"breadcrumb\":{\"@id\":\"https:\/\/ownetic.com\/wydarzenia\/2012\/03\/iv-cocart-music-festival-csw-znaki-czasu-torun\/#breadcrumb\"},\"inLanguage\":\"pl-PL\",\"potentialAction\":[{\"@type\":\"ReadAction\",\"target\":[\"https:\/\/ownetic.com\/wydarzenia\/2012\/03\/iv-cocart-music-festival-csw-znaki-czasu-torun\/\"]}]},{\"@type\":\"BreadcrumbList\",\"@id\":\"https:\/\/ownetic.com\/wydarzenia\/2012\/03\/iv-cocart-music-festival-csw-znaki-czasu-torun\/#breadcrumb\",\"itemListElement\":[{\"@type\":\"ListItem\",\"position\":1,\"name\":\"Strona g\u0142\u00f3wna\"}]},{\"@type\":\"Person\",\"@id\":\"https:\/\/ownetic.com\/wydarzenia\/#\/schema\/person\/b2c59add8e8761933e409240289caacd\",\"name\":\"michal-pudlo\",\"url\":\"https:\/\/ownetic.com\/wydarzenia\/author\/michal-pudlo\/\"}]}<\/script>\n<!-- \/ Yoast SEO plugin. -->","yoast_head_json":{"title":"IV CoCArt Music Festival","description":"IV CoCArt Music Festival, Muzyka, Nowe Media, Steve Buchanan, Chris Cutler, Centrum Sztuki Wsp\u00f3\u0142czesnej Znaki Czasu w Toruniu, Toru\u0144","robots":{"index":"index","follow":"follow","max-snippet":"max-snippet:-1","max-image-preview":"max-image-preview:large","max-video-preview":"max-video-preview:-1"},"canonical":"https:\/\/ownetic.com\/wydarzenia\/2012\/03\/iv-cocart-music-festival-csw-znaki-czasu-torun\/","next":"https:\/\/ownetic.com\/wydarzenia\/2012\/03\/iv-cocart-music-festival-csw-znaki-czasu-torun\/2\/","twitter_card":"summary_large_image","twitter_title":"IV CoCArt Music Festival","twitter_description":"IV CoCArt Music Festival, Muzyka, Nowe Media, Steve Buchanan, Chris Cutler, Centrum Sztuki Wsp\u00f3\u0142czesnej Znaki Czasu w Toruniu, Toru\u0144","twitter_image":"https:\/\/ownetic.com\/wydarzenia\/wp-content\/uploads\/2012\/03\/cocart-music-festival-2012-03-23.jpg","twitter_misc":{"Napisane przez":"michal-pudlo","Szacowany czas czytania":"9 minut"},"schema":{"@context":"https:\/\/schema.org","@graph":[{"@type":"WebSite","@id":"https:\/\/ownetic.com\/wydarzenia\/#website","url":"https:\/\/ownetic.com\/wydarzenia\/","name":"Wydarzenia O.pl","description":"Przestrze\u0144 prezentacji najwa\u017cniejszych wydarze\u0144 z takich dziedzin, jak: sztuka, design, fotografia, film, muzyka, teatr, literatura, historia, taniec, architektura","potentialAction":[{"@type":"SearchAction","target":{"@type":"EntryPoint","urlTemplate":"https:\/\/ownetic.com\/wydarzenia\/?s={search_term_string}"},"query-input":"required name=search_term_string"}],"inLanguage":"pl-PL"},{"@type":"ImageObject","inLanguage":"pl-PL","@id":"https:\/\/ownetic.com\/wydarzenia\/2012\/03\/iv-cocart-music-festival-csw-znaki-czasu-torun\/#primaryimage","url":"https:\/\/ownetic.com\/wydarzenia\/wp-content\/uploads\/2012\/03\/cocart-music-festival-2012-03-23.jpg","contentUrl":"https:\/\/ownetic.com\/wydarzenia\/wp-content\/uploads\/2012\/03\/cocart-music-festival-2012-03-23.jpg","width":300,"height":114,"caption":"Logo CoCArt Music Festival (\u017ar\u00f3d\u0142o: materia\u0142y prasowe)"},{"@type":"WebPage","@id":"https:\/\/ownetic.com\/wydarzenia\/2012\/03\/iv-cocart-music-festival-csw-znaki-czasu-torun\/#webpage","url":"https:\/\/ownetic.com\/wydarzenia\/2012\/03\/iv-cocart-music-festival-csw-znaki-czasu-torun\/","name":"IV CoCArt Music Festival","isPartOf":{"@id":"https:\/\/ownetic.com\/wydarzenia\/#website"},"primaryImageOfPage":{"@id":"https:\/\/ownetic.com\/wydarzenia\/2012\/03\/iv-cocart-music-festival-csw-znaki-czasu-torun\/#primaryimage"},"datePublished":"2012-03-24T00:00:57+00:00","dateModified":"2012-04-02T09:00:59+00:00","author":{"@id":"https:\/\/ownetic.com\/wydarzenia\/#\/schema\/person\/b2c59add8e8761933e409240289caacd"},"description":"IV CoCArt Music Festival, Muzyka, Nowe Media, Steve Buchanan, Chris Cutler, Centrum Sztuki Wsp\u00f3\u0142czesnej Znaki Czasu w Toruniu, Toru\u0144","breadcrumb":{"@id":"https:\/\/ownetic.com\/wydarzenia\/2012\/03\/iv-cocart-music-festival-csw-znaki-czasu-torun\/#breadcrumb"},"inLanguage":"pl-PL","potentialAction":[{"@type":"ReadAction","target":["https:\/\/ownetic.com\/wydarzenia\/2012\/03\/iv-cocart-music-festival-csw-znaki-czasu-torun\/"]}]},{"@type":"BreadcrumbList","@id":"https:\/\/ownetic.com\/wydarzenia\/2012\/03\/iv-cocart-music-festival-csw-znaki-czasu-torun\/#breadcrumb","itemListElement":[{"@type":"ListItem","position":1,"name":"Strona g\u0142\u00f3wna"}]},{"@type":"Person","@id":"https:\/\/ownetic.com\/wydarzenia\/#\/schema\/person\/b2c59add8e8761933e409240289caacd","name":"michal-pudlo","url":"https:\/\/ownetic.com\/wydarzenia\/author\/michal-pudlo\/"}]}},"_links":{"self":[{"href":"https:\/\/ownetic.com\/wydarzenia\/wp-json\/wp\/v2\/posts\/24350"}],"collection":[{"href":"https:\/\/ownetic.com\/wydarzenia\/wp-json\/wp\/v2\/posts"}],"about":[{"href":"https:\/\/ownetic.com\/wydarzenia\/wp-json\/wp\/v2\/types\/post"}],"author":[{"embeddable":true,"href":"https:\/\/ownetic.com\/wydarzenia\/wp-json\/wp\/v2\/users\/64"}],"replies":[{"embeddable":true,"href":"https:\/\/ownetic.com\/wydarzenia\/wp-json\/wp\/v2\/comments?post=24350"}],"version-history":[{"count":0,"href":"https:\/\/ownetic.com\/wydarzenia\/wp-json\/wp\/v2\/posts\/24350\/revisions"}],"wp:featuredmedia":[{"embeddable":true,"href":"https:\/\/ownetic.com\/wydarzenia\/wp-json\/wp\/v2\/media\/24371"}],"wp:attachment":[{"href":"https:\/\/ownetic.com\/wydarzenia\/wp-json\/wp\/v2\/media?parent=24350"}],"wp:term":[{"taxonomy":"category","embeddable":true,"href":"https:\/\/ownetic.com\/wydarzenia\/wp-json\/wp\/v2\/categories?post=24350"},{"taxonomy":"post_tag","embeddable":true,"href":"https:\/\/ownetic.com\/wydarzenia\/wp-json\/wp\/v2\/tags?post=24350"},{"taxonomy":"powerkit_post_featured","embeddable":true,"href":"https:\/\/ownetic.com\/wydarzenia\/wp-json\/wp\/v2\/powerkit_post_featured?post=24350"}],"curies":[{"name":"wp","href":"https:\/\/api.w.org\/{rel}","templated":true}]}}