{"id":28717,"date":"2012-07-26T02:00:57","date_gmt":"2012-07-26T01:00:57","guid":{"rendered":"https:\/\/ownetic.com\/wydarzenia\/?p=28717"},"modified":"2012-12-16T21:31:26","modified_gmt":"2012-12-16T20:31:26","slug":"tomasz-skorka-rzezba-figuratywna-jako-zbior-przedmiotow-niepotrzebnych-galeria-wozowania-torun","status":"publish","type":"post","link":"https:\/\/ownetic.com\/wydarzenia\/2012\/07\/tomasz-skorka-rzezba-figuratywna-jako-zbior-przedmiotow-niepotrzebnych-galeria-wozowania-torun\/","title":{"rendered":"Tomasz Sk\u00f3rka, <em>Rze\u017aba figuratywna jako zbi\u00f3r przedmiot\u00f3w niepotrzebnych<\/em>"},"content":{"rendered":"<p><em>Rze\u017aba figuratywna jako zbi\u00f3r przedmiot\u00f3w niepotrzebnych<\/em> to pr\u00f3ba znalezienia uniwersalnego rozwi\u0105zania dla rze\u017aby, aby mog\u0142a d\u0142ugo przetrwa\u0107 w przestrzeni otwartej zapewniaj\u0105c sobie nietykalno\u015b\u0107 form\u0105 i materia\u0142em. Artysta, \u00a0zainspirowany teoriami telewizyjnymi na temat rozpadu plastikowych opakowa\u0144, przeprowadzi\u0142 seri\u0119 do\u015bwiadcze\u0144 z \u017cywicami, w kt\u00f3rych estetyce stara\u0142 si\u0119 wydoby\u0107 form\u0119 podbijaj\u0105c\u0105 w\u0105tpliwe pi\u0119kno sztucznych substancji.<\/p>\n<figure id=\"attachment_28718\" aria-describedby=\"caption-attachment-28718\" style=\"width: 576px\" class=\"wp-caption alignnone\"><a href=\"https:\/\/ownetic.com\/wydarzenia\/2012\/07\/tomasz-skorka-rzezba-figuratywna-jako-zbior-przedmiotow-niepotrzebnych-galeria-wozowania-torun\/tomasz-skorka-rzezba-2012-07-24\/\" rel=\"attachment wp-att-28718\"><img loading=\"lazy\" class=\"size-medium wp-image-28718\" src=\"https:\/\/ownetic.com\/wydarzenia\/wp-content\/uploads\/2012\/07\/tomasz-skorka-rzezba-2012-07-24-576x382.jpg\" alt=\"Tomasz Sk\u00f3rka, rze\u017aba (\u017ar\u00f3d\u0142o: materia\u0142y prasowe)\" width=\"576\" height=\"382\" \/><\/a><figcaption id=\"caption-attachment-28718\" class=\"wp-caption-text\">Tomasz Sk\u00f3rka, rze\u017aba (\u017ar\u00f3d\u0142o: materia\u0142y prasowe)<\/figcaption><\/figure>\n<blockquote><p>Poszukuj\u0105c rze\u017abiarskiej odpowiedzi dla wymaga\u0144 nowego materia\u0142u\u00a0u\u015bwiadomi\u0142em sobie, \u017ce \u015bmieci zostan\u0105 po nas najd\u0142u\u017cej nie dlatego, \u017ce s\u0105 z\u00a0tworzywa, kt\u00f3re si\u0119 nie rozk\u0142ada ale dlatego \u017ce s\u0105 nikomu nie potrzebne. Pi\u0119tno\u00a0zu\u017cycia konserwuje nawet delikatne przedmioty daj\u0105c im szans\u0119 przetrwania. Nie\u00a0wzbudzaj\u0105c po\u017c\u0105dania mog\u0105 le\u017ce\u0107 latami tworz\u0105c galerie ogrodowych\u00a0obiekt\u00f3w. Zapewnienie trwa\u0142o\u015bci w sposobie modelowania rze\u017ab jako\u00a0wypr\u00f3\u017cnionych z zawarto\u015bci plastikowych pojemnik\u00f3w jest \u015bladem zderzenia z rzeczywisto\u015bci\u0105, kt\u00f3ra ich nie potrzebuje.<\/p>\n<p>Tomasz Sk\u00f3rka<\/p><\/blockquote>\n<div id='gallery-1' class='gallery galleryid-28717 gallery-columns-6 gallery-size-thumbnail'><figure class='gallery-item'>\n\t\t\t<div class='gallery-icon '>\n\t\t\t\t<a href='https:\/\/ownetic.com\/wydarzenia\/2012\/07\/tomasz-skorka-rzezba-figuratywna-jako-zbior-przedmiotow-niepotrzebnych-galeria-wozowania-torun\/tomasz-skorka-rzezba-2012-07-24\/'><img width=\"1\" height=\"1\" src=\"https:\/\/ownetic.com\/wydarzenia\/wp-content\/uploads\/2012\/07\/tomasz-skorka-rzezba-2012-07-24.jpg\" class=\"attachment-thumbnail size-thumbnail\" alt=\"Tomasz Sk\u00f3rka, rze\u017aba (\u017ar\u00f3d\u0142o: materia\u0142y prasowe)\" loading=\"lazy\" aria-describedby=\"gallery-1-28718\" \/><\/a>\n\t\t\t<\/div>\n\t\t\t\t<figcaption class='wp-caption-text gallery-caption' id='gallery-1-28718'>\n\t\t\t\tTomasz Sk\u00f3rka, rze\u017aba (\u017ar\u00f3d\u0142o: materia\u0142y prasowe)\n\t\t\t\t<\/figcaption><\/figure><figure class='gallery-item'>\n\t\t\t<div class='gallery-icon '>\n\t\t\t\t<a href='https:\/\/ownetic.com\/wydarzenia\/2012\/07\/tomasz-skorka-rzezba-figuratywna-jako-zbior-przedmiotow-niepotrzebnych-galeria-wozowania-torun\/tomasz-skorka-rzezba-2012-07-24-01\/'><img width=\"1\" height=\"1\" src=\"https:\/\/ownetic.com\/wydarzenia\/wp-content\/uploads\/2012\/07\/tomasz-skorka-rzezba-2012-07-24-01.jpg\" class=\"attachment-thumbnail size-thumbnail\" alt=\"Tomasz Sk\u00f3rka, rze\u017aba (\u017ar\u00f3d\u0142o: materia\u0142y prasowe)\" loading=\"lazy\" aria-describedby=\"gallery-1-28719\" \/><\/a>\n\t\t\t<\/div>\n\t\t\t\t<figcaption class='wp-caption-text gallery-caption' id='gallery-1-28719'>\n\t\t\t\tTomasz Sk\u00f3rka, rze\u017aba (\u017ar\u00f3d\u0142o: materia\u0142y prasowe)\n\t\t\t\t<\/figcaption><\/figure><figure class='gallery-item'>\n\t\t\t<div class='gallery-icon '>\n\t\t\t\t<a href='https:\/\/ownetic.com\/wydarzenia\/2012\/07\/tomasz-skorka-rzezba-figuratywna-jako-zbior-przedmiotow-niepotrzebnych-galeria-wozowania-torun\/tomasz-skorka-rzezba-2012-07-24-02\/'><img width=\"1\" height=\"1\" src=\"https:\/\/ownetic.com\/wydarzenia\/wp-content\/uploads\/2012\/07\/tomasz-skorka-rzezba-2012-07-24-02.jpg\" class=\"attachment-thumbnail size-thumbnail\" alt=\"Tomasz Sk\u00f3rka, rze\u017aba (\u017ar\u00f3d\u0142o: materia\u0142y prasowe)\" loading=\"lazy\" aria-describedby=\"gallery-1-28720\" \/><\/a>\n\t\t\t<\/div>\n\t\t\t\t<figcaption class='wp-caption-text gallery-caption' id='gallery-1-28720'>\n\t\t\t\tTomasz Sk\u00f3rka, rze\u017aba (\u017ar\u00f3d\u0142o: materia\u0142y prasowe)\n\t\t\t\t<\/figcaption><\/figure><figure class='gallery-item'>\n\t\t\t<div class='gallery-icon '>\n\t\t\t\t<a href='https:\/\/ownetic.com\/wydarzenia\/2012\/07\/tomasz-skorka-rzezba-figuratywna-jako-zbior-przedmiotow-niepotrzebnych-galeria-wozowania-torun\/tomasz-skorka-rzezba-2012-07-24-03\/'><img width=\"1\" height=\"1\" src=\"https:\/\/ownetic.com\/wydarzenia\/wp-content\/uploads\/2012\/07\/tomasz-skorka-rzezba-2012-07-24-03.jpg\" class=\"attachment-thumbnail size-thumbnail\" alt=\"Tomasz Sk\u00f3rka, rze\u017aba (\u017ar\u00f3d\u0142o: materia\u0142y prasowe)\" loading=\"lazy\" aria-describedby=\"gallery-1-28721\" \/><\/a>\n\t\t\t<\/div>\n\t\t\t\t<figcaption class='wp-caption-text gallery-caption' id='gallery-1-28721'>\n\t\t\t\tTomasz Sk\u00f3rka, rze\u017aba (\u017ar\u00f3d\u0142o: materia\u0142y prasowe)\n\t\t\t\t<\/figcaption><\/figure><figure class='gallery-item'>\n\t\t\t<div class='gallery-icon '>\n\t\t\t\t<a href='https:\/\/ownetic.com\/wydarzenia\/2012\/07\/tomasz-skorka-rzezba-figuratywna-jako-zbior-przedmiotow-niepotrzebnych-galeria-wozowania-torun\/tomasz-skorka-rzezba-2012-07-24-04\/'><img width=\"1\" height=\"1\" src=\"https:\/\/ownetic.com\/wydarzenia\/wp-content\/uploads\/2012\/07\/tomasz-skorka-rzezba-2012-07-24-04.jpg\" class=\"attachment-thumbnail size-thumbnail\" alt=\"Tomasz Sk\u00f3rka, rze\u017aba (\u017ar\u00f3d\u0142o: materia\u0142y prasowe)\" loading=\"lazy\" aria-describedby=\"gallery-1-28722\" \/><\/a>\n\t\t\t<\/div>\n\t\t\t\t<figcaption class='wp-caption-text gallery-caption' id='gallery-1-28722'>\n\t\t\t\tTomasz Sk\u00f3rka, rze\u017aba (\u017ar\u00f3d\u0142o: materia\u0142y prasowe)\n\t\t\t\t<\/figcaption><\/figure><figure class='gallery-item'>\n\t\t\t<div class='gallery-icon landscape'>\n\t\t\t\t<a href='https:\/\/ownetic.com\/wydarzenia\/2012\/07\/tomasz-skorka-rzezba-figuratywna-jako-zbior-przedmiotow-niepotrzebnych-galeria-wozowania-torun\/tomasz-skorka-rzezba-2012-07-24-07\/'><img width=\"260\" height=\"173\" src=\"https:\/\/ownetic.com\/wydarzenia\/wp-content\/uploads\/2012\/07\/tomasz-skorka-rzezba-2012-07-24-07.jpg\" class=\"attachment-thumbnail size-thumbnail\" alt=\"Tomasz Sk\u00f3rka, rze\u017aba (\u017ar\u00f3d\u0142o: materia\u0142y prasowe)\" loading=\"lazy\" aria-describedby=\"gallery-1-28727\" \/><\/a>\n\t\t\t<\/div>\n\t\t\t\t<figcaption class='wp-caption-text gallery-caption' id='gallery-1-28727'>\n\t\t\t\tTomasz Sk\u00f3rka, rze\u017aba (\u017ar\u00f3d\u0142o: materia\u0142y prasowe)\n\t\t\t\t<\/figcaption><\/figure><figure class='gallery-item'>\n\t\t\t<div class='gallery-icon '>\n\t\t\t\t<a href='https:\/\/ownetic.com\/wydarzenia\/2012\/07\/tomasz-skorka-rzezba-figuratywna-jako-zbior-przedmiotow-niepotrzebnych-galeria-wozowania-torun\/tomasz-skorka-rzezba-2012-07-24-06\/'><img width=\"1\" height=\"1\" src=\"https:\/\/ownetic.com\/wydarzenia\/wp-content\/uploads\/2012\/07\/tomasz-skorka-rzezba-2012-07-24-06.jpg\" class=\"attachment-thumbnail size-thumbnail\" alt=\"Tomasz Sk\u00f3rka, rze\u017aba (\u017ar\u00f3d\u0142o: materia\u0142y prasowe)\" loading=\"lazy\" aria-describedby=\"gallery-1-28728\" \/><\/a>\n\t\t\t<\/div>\n\t\t\t\t<figcaption class='wp-caption-text gallery-caption' id='gallery-1-28728'>\n\t\t\t\tTomasz Sk\u00f3rka, rze\u017aba (\u017ar\u00f3d\u0142o: materia\u0142y prasowe)\n\t\t\t\t<\/figcaption><\/figure>\n\t\t<\/div>\n\n<p><strong>Tomasz Sk\u00f3rka \u2013<\/strong> urodzi\u0142 si\u0119 19 lutego 1971 roku w Po\u0142czynie Zdroju. Studia uko\u0144czy\u0142 w ASP w Gda\u0144sku na Wydziale Rze\u017aby, dyplom uzyska\u0142 w 1996 roku. w pracowni prof. Stanis\u0142awa Radwa\u0144skiego. Od 1996 roku jest pracownikiem dydaktyczny (asystentem) w pracowni Podstaw Rze\u017aby na Wydziale Rze\u017aby w ASP Gda\u0144sk.<\/p>\n<p>Na wystawie w toru\u0144skiej Wozowni zaprezentowane zostan\u0105 prace z cyklu<em> \u015amieci.<\/em> S\u0105 to rze\u017aby wykonane w 2011 roku z laminatu poliestrowego i betonu. B\u0119dzie to jedna z pierwszych indywidualnych prezentacji Artysty poza Gda\u0144skiem.<\/p>\n<figure id=\"attachment_28721\" aria-describedby=\"caption-attachment-28721\" style=\"width: 576px\" class=\"wp-caption alignnone\"><a href=\"https:\/\/ownetic.com\/wydarzenia\/2012\/07\/tomasz-skorka-rzezba-figuratywna-jako-zbior-przedmiotow-niepotrzebnych-galeria-wozowania-torun\/tomasz-skorka-rzezba-2012-07-24-03\/\" rel=\"attachment wp-att-28721\"><img loading=\"lazy\" class=\"size-medium wp-image-28721\" title=\"Tomasz Sk\u00f3rka, rze\u017aba (\u017ar\u00f3d\u0142o: materia\u0142y prasowe)\" src=\"https:\/\/ownetic.com\/wydarzenia\/wp-content\/uploads\/2012\/07\/tomasz-skorka-rzezba-2012-07-24-03-576x382.jpg\" alt=\"Tomasz Sk\u00f3rka, rze\u017aba (\u017ar\u00f3d\u0142o: materia\u0142y prasowe)\" width=\"576\" height=\"382\" \/><\/a><figcaption id=\"caption-attachment-28721\" class=\"wp-caption-text\">Tomasz Sk\u00f3rka, rze\u017aba (\u017ar\u00f3d\u0142o: materia\u0142y prasowe)<\/figcaption><\/figure>\n<p><strong><em>Rze\u017aba figuratywna jako zbi\u00f3r przedmiot\u00f3w niepotrzebnych<\/em><\/strong><br \/>\nOd 3 sierpnia do 2 wrze\u015bnia 2012 roku<br \/>\nWernisa\u017c: 3 sierpnia, godz. 18.00<br \/>\nGaleria Sztuki Wozownia<br \/>\nul. Rabia\u0144ska 20<br \/>\nToru\u0144<\/p>\n","protected":false},"excerpt":{"rendered":"<p><em>Rze\u017aba figuratywna jako zbi\u00f3r przedmiot\u00f3w niepotrzebnych<\/em> to pr\u00f3ba znalezienia uniwersalnego rozwi\u0105zania dla rze\u017aby, aby mog\u0142a d\u0142ugo przetrwa\u0107 w przestrzeni otwartej zapewniaj\u0105c sobie nietykalno\u015b\u0107 form\u0105 i materia\u0142em. Artysta,  zainspirowany teoriami telewizyjnymi na temat rozpadu plastikowych opakowa\u0144, przeprowadzi\u0142 seri\u0119 do\u015bwiadcze\u0144 z \u017cywicami, w kt\u00f3rych estetyce stara\u0142 si\u0119 wydoby\u0107 form\u0119 podbijaj\u0105c\u0105 w\u0105tpliwe pi\u0119kno sztucznych substancji.<\/p>\n","protected":false},"author":68,"featured_media":28727,"comment_status":"open","ping_status":"closed","sticky":false,"template":"","format":"standard","meta":[],"categories":[5],"tags":[4316,5068,59],"powerkit_post_featured":[],"yoast_head":"<!-- This site is optimized with the Yoast SEO plugin v18.7 - https:\/\/yoast.com\/wordpress\/plugins\/seo\/ -->\n<title>Tomasz Sk\u00f3rka, Rze\u017aba figuratywna jako zbi\u00f3r przedmiot\u00f3w niepotrzebnych<\/title>\n<meta name=\"description\" content=\"Tomasz Sk\u00f3rka \u2013 urodzi\u0142 si\u0119 19 lutego 1971 roku w Po\u0142czynie Zdroju. Studia uko\u0144czy\u0142 w ASP w Gda\u0144sku na Wydziale Rze\u017aby...\" \/>\n<meta name=\"robots\" content=\"index, follow, max-snippet:-1, max-image-preview:large, max-video-preview:-1\" \/>\n<link rel=\"canonical\" href=\"https:\/\/ownetic.com\/wydarzenia\/2012\/07\/tomasz-skorka-rzezba-figuratywna-jako-zbior-przedmiotow-niepotrzebnych-galeria-wozowania-torun\/\" \/>\n<meta name=\"twitter:card\" content=\"summary_large_image\" \/>\n<meta name=\"twitter:title\" content=\"Tomasz Sk\u00f3rka, Rze\u017aba figuratywna jako zbi\u00f3r przedmiot\u00f3w niepotrzebnych\" \/>\n<meta name=\"twitter:description\" content=\"Tomasz Sk\u00f3rka \u2013 urodzi\u0142 si\u0119 19 lutego 1971 roku w Po\u0142czynie Zdroju. Studia uko\u0144czy\u0142 w ASP w Gda\u0144sku na Wydziale Rze\u017aby...\" \/>\n<meta name=\"twitter:image\" content=\"https:\/\/ownetic.com\/wydarzenia\/wp-content\/uploads\/2012\/07\/tomasz-skorka-rzezba-2012-07-24-07.jpg\" \/>\n<meta name=\"twitter:label1\" content=\"Napisane przez\" \/>\n\t<meta name=\"twitter:data1\" content=\"ania-ostojska\" \/>\n\t<meta name=\"twitter:label2\" content=\"Szacowany czas czytania\" \/>\n\t<meta name=\"twitter:data2\" content=\"2 minuty\" \/>\n<script type=\"application\/ld+json\" class=\"yoast-schema-graph\">{\"@context\":\"https:\/\/schema.org\",\"@graph\":[{\"@type\":\"WebSite\",\"@id\":\"https:\/\/ownetic.com\/wydarzenia\/#website\",\"url\":\"https:\/\/ownetic.com\/wydarzenia\/\",\"name\":\"Wydarzenia O.pl\",\"description\":\"Przestrze\u0144 prezentacji najwa\u017cniejszych wydarze\u0144 z takich dziedzin, jak: sztuka, design, fotografia, film, muzyka, teatr, literatura, historia, taniec, architektura\",\"potentialAction\":[{\"@type\":\"SearchAction\",\"target\":{\"@type\":\"EntryPoint\",\"urlTemplate\":\"https:\/\/ownetic.com\/wydarzenia\/?s={search_term_string}\"},\"query-input\":\"required name=search_term_string\"}],\"inLanguage\":\"pl-PL\"},{\"@type\":\"ImageObject\",\"inLanguage\":\"pl-PL\",\"@id\":\"https:\/\/ownetic.com\/wydarzenia\/2012\/07\/tomasz-skorka-rzezba-figuratywna-jako-zbior-przedmiotow-niepotrzebnych-galeria-wozowania-torun\/#primaryimage\",\"url\":\"https:\/\/ownetic.com\/wydarzenia\/wp-content\/uploads\/2012\/07\/tomasz-skorka-rzezba-2012-07-24-07.jpg\",\"contentUrl\":\"https:\/\/ownetic.com\/wydarzenia\/wp-content\/uploads\/2012\/07\/tomasz-skorka-rzezba-2012-07-24-07.jpg\",\"width\":1200,\"height\":799,\"caption\":\"Tomasz Sk\u00f3rka, rze\u017aba (\u017ar\u00f3d\u0142o: materia\u0142y prasowe)\"},{\"@type\":\"WebPage\",\"@id\":\"https:\/\/ownetic.com\/wydarzenia\/2012\/07\/tomasz-skorka-rzezba-figuratywna-jako-zbior-przedmiotow-niepotrzebnych-galeria-wozowania-torun\/#webpage\",\"url\":\"https:\/\/ownetic.com\/wydarzenia\/2012\/07\/tomasz-skorka-rzezba-figuratywna-jako-zbior-przedmiotow-niepotrzebnych-galeria-wozowania-torun\/\",\"name\":\"Tomasz Sk\u00f3rka, Rze\u017aba figuratywna jako zbi\u00f3r przedmiot\u00f3w niepotrzebnych\",\"isPartOf\":{\"@id\":\"https:\/\/ownetic.com\/wydarzenia\/#website\"},\"primaryImageOfPage\":{\"@id\":\"https:\/\/ownetic.com\/wydarzenia\/2012\/07\/tomasz-skorka-rzezba-figuratywna-jako-zbior-przedmiotow-niepotrzebnych-galeria-wozowania-torun\/#primaryimage\"},\"datePublished\":\"2012-07-26T01:00:57+00:00\",\"dateModified\":\"2012-12-16T20:31:26+00:00\",\"author\":{\"@id\":\"https:\/\/ownetic.com\/wydarzenia\/#\/schema\/person\/228b12cb631b43e1bb1cedc11fb8b407\"},\"description\":\"Tomasz Sk\u00f3rka \u2013 urodzi\u0142 si\u0119 19 lutego 1971 roku w Po\u0142czynie Zdroju. Studia uko\u0144czy\u0142 w ASP w Gda\u0144sku na Wydziale Rze\u017aby...\",\"breadcrumb\":{\"@id\":\"https:\/\/ownetic.com\/wydarzenia\/2012\/07\/tomasz-skorka-rzezba-figuratywna-jako-zbior-przedmiotow-niepotrzebnych-galeria-wozowania-torun\/#breadcrumb\"},\"inLanguage\":\"pl-PL\",\"potentialAction\":[{\"@type\":\"ReadAction\",\"target\":[\"https:\/\/ownetic.com\/wydarzenia\/2012\/07\/tomasz-skorka-rzezba-figuratywna-jako-zbior-przedmiotow-niepotrzebnych-galeria-wozowania-torun\/\"]}]},{\"@type\":\"BreadcrumbList\",\"@id\":\"https:\/\/ownetic.com\/wydarzenia\/2012\/07\/tomasz-skorka-rzezba-figuratywna-jako-zbior-przedmiotow-niepotrzebnych-galeria-wozowania-torun\/#breadcrumb\",\"itemListElement\":[{\"@type\":\"ListItem\",\"position\":1,\"name\":\"Strona g\u0142\u00f3wna\",\"item\":\"https:\/\/ownetic.com\/wydarzenia\/\"},{\"@type\":\"ListItem\",\"position\":2,\"name\":\"Tomasz Sk\u00f3rka, Rze\u017aba figuratywna jako zbi\u00f3r przedmiot\u00f3w niepotrzebnych\"}]},{\"@type\":\"Person\",\"@id\":\"https:\/\/ownetic.com\/wydarzenia\/#\/schema\/person\/228b12cb631b43e1bb1cedc11fb8b407\",\"name\":\"ania-ostojska\",\"url\":\"https:\/\/ownetic.com\/wydarzenia\/author\/ania-ostojska\/\"}]}<\/script>\n<!-- \/ Yoast SEO plugin. -->","yoast_head_json":{"title":"Tomasz Sk\u00f3rka, Rze\u017aba figuratywna jako zbi\u00f3r przedmiot\u00f3w niepotrzebnych","description":"Tomasz Sk\u00f3rka \u2013 urodzi\u0142 si\u0119 19 lutego 1971 roku w Po\u0142czynie Zdroju. Studia uko\u0144czy\u0142 w ASP w Gda\u0144sku na Wydziale Rze\u017aby...","robots":{"index":"index","follow":"follow","max-snippet":"max-snippet:-1","max-image-preview":"max-image-preview:large","max-video-preview":"max-video-preview:-1"},"canonical":"https:\/\/ownetic.com\/wydarzenia\/2012\/07\/tomasz-skorka-rzezba-figuratywna-jako-zbior-przedmiotow-niepotrzebnych-galeria-wozowania-torun\/","twitter_card":"summary_large_image","twitter_title":"Tomasz Sk\u00f3rka, Rze\u017aba figuratywna jako zbi\u00f3r przedmiot\u00f3w niepotrzebnych","twitter_description":"Tomasz Sk\u00f3rka \u2013 urodzi\u0142 si\u0119 19 lutego 1971 roku w Po\u0142czynie Zdroju. Studia uko\u0144czy\u0142 w ASP w Gda\u0144sku na Wydziale Rze\u017aby...","twitter_image":"https:\/\/ownetic.com\/wydarzenia\/wp-content\/uploads\/2012\/07\/tomasz-skorka-rzezba-2012-07-24-07.jpg","twitter_misc":{"Napisane przez":"ania-ostojska","Szacowany czas czytania":"2 minuty"},"schema":{"@context":"https:\/\/schema.org","@graph":[{"@type":"WebSite","@id":"https:\/\/ownetic.com\/wydarzenia\/#website","url":"https:\/\/ownetic.com\/wydarzenia\/","name":"Wydarzenia O.pl","description":"Przestrze\u0144 prezentacji najwa\u017cniejszych wydarze\u0144 z takich dziedzin, jak: sztuka, design, fotografia, film, muzyka, teatr, literatura, historia, taniec, architektura","potentialAction":[{"@type":"SearchAction","target":{"@type":"EntryPoint","urlTemplate":"https:\/\/ownetic.com\/wydarzenia\/?s={search_term_string}"},"query-input":"required name=search_term_string"}],"inLanguage":"pl-PL"},{"@type":"ImageObject","inLanguage":"pl-PL","@id":"https:\/\/ownetic.com\/wydarzenia\/2012\/07\/tomasz-skorka-rzezba-figuratywna-jako-zbior-przedmiotow-niepotrzebnych-galeria-wozowania-torun\/#primaryimage","url":"https:\/\/ownetic.com\/wydarzenia\/wp-content\/uploads\/2012\/07\/tomasz-skorka-rzezba-2012-07-24-07.jpg","contentUrl":"https:\/\/ownetic.com\/wydarzenia\/wp-content\/uploads\/2012\/07\/tomasz-skorka-rzezba-2012-07-24-07.jpg","width":1200,"height":799,"caption":"Tomasz Sk\u00f3rka, rze\u017aba (\u017ar\u00f3d\u0142o: materia\u0142y prasowe)"},{"@type":"WebPage","@id":"https:\/\/ownetic.com\/wydarzenia\/2012\/07\/tomasz-skorka-rzezba-figuratywna-jako-zbior-przedmiotow-niepotrzebnych-galeria-wozowania-torun\/#webpage","url":"https:\/\/ownetic.com\/wydarzenia\/2012\/07\/tomasz-skorka-rzezba-figuratywna-jako-zbior-przedmiotow-niepotrzebnych-galeria-wozowania-torun\/","name":"Tomasz Sk\u00f3rka, Rze\u017aba figuratywna jako zbi\u00f3r przedmiot\u00f3w niepotrzebnych","isPartOf":{"@id":"https:\/\/ownetic.com\/wydarzenia\/#website"},"primaryImageOfPage":{"@id":"https:\/\/ownetic.com\/wydarzenia\/2012\/07\/tomasz-skorka-rzezba-figuratywna-jako-zbior-przedmiotow-niepotrzebnych-galeria-wozowania-torun\/#primaryimage"},"datePublished":"2012-07-26T01:00:57+00:00","dateModified":"2012-12-16T20:31:26+00:00","author":{"@id":"https:\/\/ownetic.com\/wydarzenia\/#\/schema\/person\/228b12cb631b43e1bb1cedc11fb8b407"},"description":"Tomasz Sk\u00f3rka \u2013 urodzi\u0142 si\u0119 19 lutego 1971 roku w Po\u0142czynie Zdroju. Studia uko\u0144czy\u0142 w ASP w Gda\u0144sku na Wydziale Rze\u017aby...","breadcrumb":{"@id":"https:\/\/ownetic.com\/wydarzenia\/2012\/07\/tomasz-skorka-rzezba-figuratywna-jako-zbior-przedmiotow-niepotrzebnych-galeria-wozowania-torun\/#breadcrumb"},"inLanguage":"pl-PL","potentialAction":[{"@type":"ReadAction","target":["https:\/\/ownetic.com\/wydarzenia\/2012\/07\/tomasz-skorka-rzezba-figuratywna-jako-zbior-przedmiotow-niepotrzebnych-galeria-wozowania-torun\/"]}]},{"@type":"BreadcrumbList","@id":"https:\/\/ownetic.com\/wydarzenia\/2012\/07\/tomasz-skorka-rzezba-figuratywna-jako-zbior-przedmiotow-niepotrzebnych-galeria-wozowania-torun\/#breadcrumb","itemListElement":[{"@type":"ListItem","position":1,"name":"Strona g\u0142\u00f3wna","item":"https:\/\/ownetic.com\/wydarzenia\/"},{"@type":"ListItem","position":2,"name":"Tomasz Sk\u00f3rka, Rze\u017aba figuratywna jako zbi\u00f3r przedmiot\u00f3w niepotrzebnych"}]},{"@type":"Person","@id":"https:\/\/ownetic.com\/wydarzenia\/#\/schema\/person\/228b12cb631b43e1bb1cedc11fb8b407","name":"ania-ostojska","url":"https:\/\/ownetic.com\/wydarzenia\/author\/ania-ostojska\/"}]}},"_links":{"self":[{"href":"https:\/\/ownetic.com\/wydarzenia\/wp-json\/wp\/v2\/posts\/28717"}],"collection":[{"href":"https:\/\/ownetic.com\/wydarzenia\/wp-json\/wp\/v2\/posts"}],"about":[{"href":"https:\/\/ownetic.com\/wydarzenia\/wp-json\/wp\/v2\/types\/post"}],"author":[{"embeddable":true,"href":"https:\/\/ownetic.com\/wydarzenia\/wp-json\/wp\/v2\/users\/68"}],"replies":[{"embeddable":true,"href":"https:\/\/ownetic.com\/wydarzenia\/wp-json\/wp\/v2\/comments?post=28717"}],"version-history":[{"count":0,"href":"https:\/\/ownetic.com\/wydarzenia\/wp-json\/wp\/v2\/posts\/28717\/revisions"}],"wp:featuredmedia":[{"embeddable":true,"href":"https:\/\/ownetic.com\/wydarzenia\/wp-json\/wp\/v2\/media\/28727"}],"wp:attachment":[{"href":"https:\/\/ownetic.com\/wydarzenia\/wp-json\/wp\/v2\/media?parent=28717"}],"wp:term":[{"taxonomy":"category","embeddable":true,"href":"https:\/\/ownetic.com\/wydarzenia\/wp-json\/wp\/v2\/categories?post=28717"},{"taxonomy":"post_tag","embeddable":true,"href":"https:\/\/ownetic.com\/wydarzenia\/wp-json\/wp\/v2\/tags?post=28717"},{"taxonomy":"powerkit_post_featured","embeddable":true,"href":"https:\/\/ownetic.com\/wydarzenia\/wp-json\/wp\/v2\/powerkit_post_featured?post=28717"}],"curies":[{"name":"wp","href":"https:\/\/api.w.org\/{rel}","templated":true}]}}