{"id":319,"date":"2008-11-12T00:47:52","date_gmt":"2008-11-11T23:47:52","guid":{"rendered":"https:\/\/ownetic.com\/wydarzenia\/?p=319"},"modified":"2013-02-16T15:10:55","modified_gmt":"2013-02-16T14:10:55","slug":"xv-miedzynarodowe-spotkania-sztuki-akcji-rozdroze-2008","status":"publish","type":"post","link":"https:\/\/ownetic.com\/wydarzenia\/2008\/11\/xv-miedzynarodowe-spotkania-sztuki-akcji-rozdroze-2008\/","title":{"rendered":"XV Mi\u0119dzynarodowe Spotkania Sztuki Akcji &#8211; ROZDRO\u017bE 2008"},"content":{"rendered":"<p>Od 1994 CSW organizuje unikalny w skali Polski interdyscyplinarny, mi\u0119dzynarodowy festiwal Mi\u0119dzynarodowe Spotkania Sztuki Akcji ROZDRO\u017bE prezentuj\u0105cy spektakle z pogranicza teatru, ta\u0144ca i sztuk wizualnych. Ka\u017cda edycja festiwalu dedykowana jest wybitnym, lecz nieznanym w Polsce, artystom z innego kraju. Podczas czternastu edycji festiwalu wyst\u0105pili na nim arty\u015bci z Francji, Niemiec, Wielkiej Brytanii, Belgii, Stan\u00f3w Zjednoczonych, Japonii, Hiszpanii, W\u0142och, S\u0142owenii, Chorwacji, Szwecji, Danii, W\u0119gier i Warszawy (m.in. Teatr Ta\u0144ca Piny Bausch z Wuppertalu, zesp\u00f3\u0142 wokalny Meredith Monk z Nowego Jorku, tancerz Kazuo Ohno z Japonii oraz zesp\u00f3\u0142 ta\u0144ca nowoczesnego <em>Rosas<\/em> z Brukseli).<\/p>\n<figure id=\"attachment_328\" aria-describedby=\"caption-attachment-328\" style=\"width: 576px\" class=\"wp-caption alignnone\"><a href=\"https:\/\/ownetic.com\/wydarzenia\/wp-content\/uploads\/2008\/11\/8.jpg\" target=\"_blank\"><img loading=\"lazy\" class=\"size-medium wp-image-328 \" title=\"8\" src=\"https:\/\/ownetic.com\/wydarzenia\/wp-content\/uploads\/2008\/11\/8-576x378.jpg\" alt=\"B.c,Janvier 1545 Fontainebleau, L'association fragile \/ Christian Pizzo, fot. Marc Domage\" width=\"576\" height=\"378\" \/><\/a><figcaption id=\"caption-attachment-328\" class=\"wp-caption-text\">B.c,Janvier 1545 Fontainebleau, L&#39;association fragile \/ Christian Pizzo, fot. Marc Domage<\/figcaption><\/figure>\n<p>Tegoroczna 15. edycja festiwalu ROZDRO\u017bE przedstawia tw\u00f3rczo\u015b\u0107 cenionych w Europie, lecz nieznanych u nas artyst\u00f3w z Francji: Mathilde Monnier i Christiana Rizzo. Obok nich swoje prace przedstawi\u0105: grupa polskich tancerzy Universal Law of Impermanence (U\/LOI) pod kierunkiem Kai Ko\u0142odziejczyk oraz warszawski teatr Akademia Ruchu.<\/p>\n<p><strong>Mathilde Monnier<\/strong> jest wybitn\u0105 francusk\u0105 choreografk\u0105 i tancerk\u0105. Jej poszukiwania artystyczne sytuuj\u0105ce si\u0119 na pograniczu ta\u0144ca, teatru i performance art poszerzy\u0142y pojmowanie ta\u0144ca wsp\u00f3\u0142czesnego. W 1985 wsp\u00f3lnie z Jean-Fran\u00e7ois Duroure&#8217;m za\u0142o\u017cy\u0142a zesp\u00f3\u0142 ta\u0144ca Compagnie de Hexe. W 1986 za choreografi\u0119 Cru stworzon\u0105 wsp\u00f3lnie z Alainem Rigout otrzyma\u0142a nagrod\u0119 na mi\u0119dzynarodowym konkursie choreograficznym Bagnolet w Pary\u017cu. Stworzy\u0142a oko\u0142o 30 r\u00f3\u017cnorodnych choreografii, prezentowanych na wszystkich kontynentach min. na festiwalach w Pary\u017cu, Lyonie, Awinionie, Londynie, Edynburgu, Nowym Jorku, Madrycie, Wiedniu i Adelajdzie. W swoich choreografiach przede wszystkim bada pod\u015bwiadom\u0105 sfer\u0119 psychiki i jej wp\u0142yw na stosunki mi\u0119dzyludzkie. Jej styl charakteryzuje po\u0142\u0105czenie precyzji formy z zainteresowaniem ta\u0144cem zrodzonym z analizy ruchu i wirtuozerii. W 1994 artystka zosta\u0142a odznaczona Orderem Sztuki i Literatury, a w 2000 &#8211; Legi\u0105 Honorow\u0105. Nigdy nie go\u015bci\u0142a w Polsce.<\/p>\n<div id='gallery-1' class='gallery galleryid-319 gallery-columns-3 gallery-size-thumbnail'><figure class='gallery-item'>\n\t\t\t<div class='gallery-icon portrait'>\n\t\t\t\t<a href='https:\/\/ownetic.com\/wydarzenia\/2008\/11\/xv-miedzynarodowe-spotkania-sztuki-akcji-rozdroze-2008\/attachment\/7\/'><img width=\"260\" height=\"200\" src=\"https:\/\/ownetic.com\/wydarzenia\/wp-content\/uploads\/2008\/11\/7-260x200.jpg\" class=\"attachment-thumbnail size-thumbnail\" alt=\"\" loading=\"lazy\" aria-describedby=\"gallery-1-327\" srcset=\"https:\/\/ownetic.com\/wydarzenia\/wp-content\/uploads\/2008\/11\/7-260x200.jpg 260w, https:\/\/ownetic.com\/wydarzenia\/wp-content\/uploads\/2008\/11\/7-90x68.jpg 90w\" sizes=\"(max-width: 260px) 100vw, 260px\" \/><\/a>\n\t\t\t<\/div>\n\t\t\t\t<figcaption class='wp-caption-text gallery-caption' id='gallery-1-327'>\n\t\t\t\tTempo 76, Centre Chor\u00e9graphique National de Montpellier Languedoc-Roussillon, fot. Marc Coudrais\n\t\t\t\t<\/figcaption><\/figure><figure class='gallery-item'>\n\t\t\t<div class='gallery-icon landscape'>\n\t\t\t\t<a href='https:\/\/ownetic.com\/wydarzenia\/2008\/11\/xv-miedzynarodowe-spotkania-sztuki-akcji-rozdroze-2008\/attachment\/8\/'><img width=\"260\" height=\"200\" src=\"https:\/\/ownetic.com\/wydarzenia\/wp-content\/uploads\/2008\/11\/8-260x200.jpg\" class=\"attachment-thumbnail size-thumbnail\" alt=\"\" loading=\"lazy\" aria-describedby=\"gallery-1-328\" srcset=\"https:\/\/ownetic.com\/wydarzenia\/wp-content\/uploads\/2008\/11\/8-260x200.jpg 260w, https:\/\/ownetic.com\/wydarzenia\/wp-content\/uploads\/2008\/11\/8-90x68.jpg 90w\" sizes=\"(max-width: 260px) 100vw, 260px\" \/><\/a>\n\t\t\t<\/div>\n\t\t\t\t<figcaption class='wp-caption-text gallery-caption' id='gallery-1-328'>\n\t\t\t\tB.c,Janvier 1545 Fontainebleau, L&#8217;association fragile \/ Christian Pizzo, fot. Marc Domage\n\t\t\t\t<\/figcaption><\/figure><figure class='gallery-item'>\n\t\t\t<div class='gallery-icon landscape'>\n\t\t\t\t<a href='https:\/\/ownetic.com\/wydarzenia\/2008\/11\/xv-miedzynarodowe-spotkania-sztuki-akcji-rozdroze-2008\/attachment\/4\/'><img width=\"260\" height=\"200\" src=\"https:\/\/ownetic.com\/wydarzenia\/wp-content\/uploads\/2008\/11\/4-260x200.jpg\" class=\"attachment-thumbnail size-thumbnail\" alt=\"\" loading=\"lazy\" aria-describedby=\"gallery-1-324\" srcset=\"https:\/\/ownetic.com\/wydarzenia\/wp-content\/uploads\/2008\/11\/4-260x200.jpg 260w, https:\/\/ownetic.com\/wydarzenia\/wp-content\/uploads\/2008\/11\/4-90x68.jpg 90w\" sizes=\"(max-width: 260px) 100vw, 260px\" \/><\/a>\n\t\t\t<\/div>\n\t\t\t\t<figcaption class='wp-caption-text gallery-caption' id='gallery-1-324'>\n\t\t\t\tCztery wyk\u0142ady, Akademia Ruchu, fot. Jan Pieni\u0105\u017cek\n\t\t\t\t<\/figcaption><\/figure><figure class='gallery-item'>\n\t\t\t<div class='gallery-icon landscape'>\n\t\t\t\t<a href='https:\/\/ownetic.com\/wydarzenia\/2008\/11\/xv-miedzynarodowe-spotkania-sztuki-akcji-rozdroze-2008\/attachment\/6\/'><img width=\"260\" height=\"200\" src=\"https:\/\/ownetic.com\/wydarzenia\/wp-content\/uploads\/2008\/11\/6-260x200.jpg\" class=\"attachment-thumbnail size-thumbnail\" alt=\"\" loading=\"lazy\" aria-describedby=\"gallery-1-326\" srcset=\"https:\/\/ownetic.com\/wydarzenia\/wp-content\/uploads\/2008\/11\/6-260x200.jpg 260w, https:\/\/ownetic.com\/wydarzenia\/wp-content\/uploads\/2008\/11\/6-90x68.jpg 90w\" sizes=\"(max-width: 260px) 100vw, 260px\" \/><\/a>\n\t\t\t<\/div>\n\t\t\t\t<figcaption class='wp-caption-text gallery-caption' id='gallery-1-326'>\n\t\t\t\tULOI, Brith Out\u2026, fot. master-art.com.pl\n\t\t\t\t<\/figcaption><\/figure><figure class='gallery-item'>\n\t\t\t<div class='gallery-icon portrait'>\n\t\t\t\t<a href='https:\/\/ownetic.com\/wydarzenia\/2008\/11\/xv-miedzynarodowe-spotkania-sztuki-akcji-rozdroze-2008\/attachment\/5\/'><img width=\"260\" height=\"200\" src=\"https:\/\/ownetic.com\/wydarzenia\/wp-content\/uploads\/2008\/11\/5-260x200.jpg\" class=\"attachment-thumbnail size-thumbnail\" alt=\"\" loading=\"lazy\" aria-describedby=\"gallery-1-325\" srcset=\"https:\/\/ownetic.com\/wydarzenia\/wp-content\/uploads\/2008\/11\/5-260x200.jpg 260w, https:\/\/ownetic.com\/wydarzenia\/wp-content\/uploads\/2008\/11\/5-90x68.jpg 90w\" sizes=\"(max-width: 260px) 100vw, 260px\" \/><\/a>\n\t\t\t<\/div>\n\t\t\t\t<figcaption class='wp-caption-text gallery-caption' id='gallery-1-325'>\n\t\t\t\tULOI, Brith Out\u2026, fot. master-art.com.pl\n\t\t\t\t<\/figcaption><\/figure><figure class='gallery-item'>\n\t\t\t<div class='gallery-icon landscape'>\n\t\t\t\t<a href='https:\/\/ownetic.com\/wydarzenia\/2008\/11\/xv-miedzynarodowe-spotkania-sztuki-akcji-rozdroze-2008\/attachment\/3\/'><img width=\"260\" height=\"200\" src=\"https:\/\/ownetic.com\/wydarzenia\/wp-content\/uploads\/2008\/11\/3-260x200.jpg\" class=\"attachment-thumbnail size-thumbnail\" alt=\"\" loading=\"lazy\" aria-describedby=\"gallery-1-323\" srcset=\"https:\/\/ownetic.com\/wydarzenia\/wp-content\/uploads\/2008\/11\/3-260x200.jpg 260w, https:\/\/ownetic.com\/wydarzenia\/wp-content\/uploads\/2008\/11\/3-90x68.jpg 90w\" sizes=\"(max-width: 260px) 100vw, 260px\" \/><\/a>\n\t\t\t<\/div>\n\t\t\t\t<figcaption class='wp-caption-text gallery-caption' id='gallery-1-323'>\n\t\t\t\tCztery wyk\u0142ady, Akademia Ruchu, fot. Jan Pieni\u0105\u017cek\n\t\t\t\t<\/figcaption><\/figure><figure class='gallery-item'>\n\t\t\t<div class='gallery-icon portrait'>\n\t\t\t\t<a href='https:\/\/ownetic.com\/wydarzenia\/2008\/11\/xv-miedzynarodowe-spotkania-sztuki-akcji-rozdroze-2008\/attachment\/2\/'><img width=\"260\" height=\"200\" src=\"https:\/\/ownetic.com\/wydarzenia\/wp-content\/uploads\/2008\/11\/2-260x200.jpg\" class=\"attachment-thumbnail size-thumbnail\" alt=\"\" loading=\"lazy\" aria-describedby=\"gallery-1-322\" srcset=\"https:\/\/ownetic.com\/wydarzenia\/wp-content\/uploads\/2008\/11\/2-260x200.jpg 260w, https:\/\/ownetic.com\/wydarzenia\/wp-content\/uploads\/2008\/11\/2-90x68.jpg 90w\" sizes=\"(max-width: 260px) 100vw, 260px\" \/><\/a>\n\t\t\t<\/div>\n\t\t\t\t<figcaption class='wp-caption-text gallery-caption' id='gallery-1-322'>\n\t\t\t\tB.c,Janvier 1545 Fontainebleau, L&#8217;association fragile \/ Christian Pizzo, fot. Marc Domage\n\t\t\t\t<\/figcaption><\/figure><figure class='gallery-item'>\n\t\t\t<div class='gallery-icon landscape'>\n\t\t\t\t<a href='https:\/\/ownetic.com\/wydarzenia\/2008\/11\/xv-miedzynarodowe-spotkania-sztuki-akcji-rozdroze-2008\/attachment\/1\/'><img width=\"260\" height=\"200\" src=\"https:\/\/ownetic.com\/wydarzenia\/wp-content\/uploads\/2008\/11\/1-260x200.jpg\" class=\"attachment-thumbnail size-thumbnail\" alt=\"\" loading=\"lazy\" aria-describedby=\"gallery-1-321\" srcset=\"https:\/\/ownetic.com\/wydarzenia\/wp-content\/uploads\/2008\/11\/1-260x200.jpg 260w, https:\/\/ownetic.com\/wydarzenia\/wp-content\/uploads\/2008\/11\/1-90x68.jpg 90w\" sizes=\"(max-width: 260px) 100vw, 260px\" \/><\/a>\n\t\t\t<\/div>\n\t\t\t\t<figcaption class='wp-caption-text gallery-caption' id='gallery-1-321'>\n\t\t\t\tTempo 76, Centre Chor\u00e9graphique National de Montpellier Languedoc-Roussillon, fot. Marc Coudrais\n\t\t\t\t<\/figcaption><\/figure>\n\t\t<\/div>\n\n<p>Spektakl taneczny Tempo 76 w choreografii Mathilde Monnier zaprezentuje zesp\u00f3\u0142 Centre Chor\u00e9graphique National de Montpellier Languedoc &#8211; Roussillon. Jego premiera mia\u0142a miejsce w czerwcu 2007 na mi\u0119dzynarodowym festiwalu ta\u0144ca w Montpellier. W swej nowej choreografii Monnier reinterpretuje taneczn\u0105 form\u0119 <em>unisono<\/em> &#8211; zsynchronizowanego ruchu grupy. Tempo 76 wyra\u017ca napi\u0119cie mi\u0119dzy osobowo\u015bci\u0105 jednostki a uniformizacj\u0105 zachowa\u0144 narzucanych przez spo\u0142ecze\u0144stwo. Na pustej scenie pokrytej traw\u0105 dziewi\u0119cioro tancerzy wykonuje seri\u0119 zsynchronizowanych ruch\u00f3w do muzyki Gy\u00f6rgy Ligetiego. Spektakl by\u0142 prezentowany m.in. na Festiwalu Jesiennym w Pary\u017cu i festiwalu Steirischer Herbst w Grazu.<\/p>\n<p><strong>Universal Law of Impermanence <\/strong>(U\/LOI) to grupa artyst\u00f3w pracuj\u0105cych pod kierunkiem tancerki, performerki i choreografki <strong>Kai Ko\u0142odziejczyk<\/strong>, kt\u00f3ra rozpocz\u0119\u0142a swoj\u0105 drog\u0119 artystyczn\u0105 w Warszawie. Jest ona absolwentk\u0105 Pa\u0144stwowej Szko\u0142y Baletowej w Warszawie i Szko\u0142y Ta\u0144ca Wsp\u00f3\u0142czesnego P.A.R.T.S. w Brukseli. Ta\u0144czy m.in. w spektaklach renomowanego zespo\u0142u ta\u0144ca nowoczesnego Rosas z Brukseli (kt\u00f3ry wyst\u0119powa\u0142 w Warszawie podczas festiwalu ROZDRO\u017bE w 1994). Od 2000 realizuje m.in. cykl dzia\u0142a\u0144 artystycznych w oparciu o improwizacje taneczne. Od 2007 roku dzia\u0142ania te s\u0105 firmowane przez grup\u0119 U\/LOI. W tym roku grupa zosta\u0142a zaproszona m.in. do udzia\u0142u w festiwalu INPEX DIY VIDEO w Sztokholmie.<\/p>\n<p>Kolektyw U\/LOI zaprezentuje premier\u0119 spektaklu \/ instalacji tanecznej Brith Out&#8230; wg pomys\u0142u Kai Ko\u0142odziejczyk. Praca nad nim rozpocz\u0119\u0142a si\u0119 w pa\u017adzierniku 2007 w Belgradzie w ramach mi\u0119dzynarodowego projektu artystycznego Rezonans realizowanego w Serbii, Szwajcarii i Polsce. Spektakl sk\u0142ada si\u0119 z serii symultanicznych, solowych dzia\u0142a\u0144 5 polskich tancerzy pracuj\u0105cych g\u0142\u00f3wnie za granic\u0105 oraz z projekcji wideo. Interesuj\u0105ce wizualnie obrazy cia\u0142 &#8211; ruchomych rze\u017ab &#8211; kreuj\u0105 sytuacj\u0119 para-teatralnego do\u015bwiadczenia.<\/p>\n<p><strong>Akademia Ruchu<\/strong> to jeden z najbardziej znanych polskich teatr\u00f3w poszukuj\u0105cych. Istnieje w Warszawie od 1973. Jest znany jako teatr zachowa\u0144 i narracji wizualnej. Dzia\u0142a na pograniczu teatru, performance art i sztuk wizualnych. Wyst\u0105pienia teatru s\u0105 pr\u00f3b\u0105 syntetycznego opisu i interpretacji stan\u00f3w zbiorowej \u015bwiadomo\u015bci, spo\u0142ecznych zachowa\u0144 i ich politycznego kontekstu. Akademia Ruchu wyst\u0119powa\u0142a w wi\u0119kszo\u015bci kraj\u00f3w Europy, w obu Amerykach i w Japonii, m.in. na festiwalach w Chicago, Tokio, Nancy, Caracas i Petersburgu, a tak\u017ce w ramach prezentacji sztuk wizualnych na Documenta 8 w Kassel, w Institute of Contemporary Art w Londynie i w PS 1 Museum w Nowym Jorku.<\/p>\n<p>Akademia Ruchu zaprezentuje cykl akcji plastycznych Cztery wyk\u0142ady. B\u0119d\u0105 to cztery kr\u00f3tkie akcje w formie nietypowych wyk\u0142ad\u00f3w, kt\u00f3re by\u0142y pokazane po raz pierwszy jesieni\u0105 2007. Prace te by\u0142y dotychczas realizowane oddzielnie, w odmiennych warunkach przestrzeni. Cztery wyk\u0142ady po raz pierwszy zostan\u0105 pokazane w ci\u0105gu jednego wieczoru, w jednym miejscu &#8211; w budynku Laboratorium CSW i na terenie przyleg\u0142ego do niego placu. Cztery wyk\u0142ady s\u0105 pr\u00f3b\u0105 opisu zachowa\u0144 i mechanizm\u00f3w spo\u0142ecznych.<\/p>\n<p><strong>Christian Rizzo<\/strong> jest cenionym francuskim choreografem, performerem i scenografem. Tworzy na pograniczu sztuk widowiskowych i wizualnych. Od 1990 dzia\u0142a na scenie tanecznej. W 1996 za\u0142o\u017cy\u0142 zesp\u00f3\u0142 L&#8217;association fragile \/ Christian Rizzo. Do tej pory stworzy\u0142 kilkana\u015bcie choreografii wyr\u00f3\u017cniaj\u0105cych si\u0119 innowacyjno\u015bci\u0105 i walorami wizualnymi. W sezonie 2002 \/ 2003 otrzyma\u0142 nagrod\u0119 krytyk\u00f3w francuskich w dziedzinie choreografii. Jego prace by\u0142y prezentowane m.in. na festiwalu w Awinionie oraz w Pary\u017cu, Londynie, Nowym Jorku, Berlinie i w Taipei. Obecnie Rizzo jest artyst\u0105 &#8211; rezydentem w operze w Lille. Nigdy nie go\u015bci\u0142 w Polsce.<\/p>\n<p>Zesp\u00f3\u0142 L&#8217;association fragile \/ Christian Rizzo poka\u017ce spektakl taneczno-plastyczny B.c, Janvier 1545, Fontainebleau. Christian Rizzo jest autorem projektu spektaklu, jego choreografii, scenografii i kostium\u00f3w. G\u0142\u00f3wn\u0105 wykonawczyni\u0105 przedstawienia jest wybitna francuska tancerka Julie Guibert, kt\u00f3ra ta\u0144czy\u0142a m.in. w balecie opery w Lyonie oraz w zespole Cullberg Ballet w Sztokholmie. Przypominaj\u0105ce tajemniczy rytua\u0142, estetycznie wysmakowane przedstawienie sytuuje si\u0119 na pograniczu teatru ta\u0144ca i instalacji plastycznej. Tworzy je seria precyzyjnych dzia\u0142a\u0144 tancerki w bia\u0142ej przestrzeni sceny na tle wisz\u0105cych obiekt\u00f3w plastycznych i dziesi\u0105tk\u00f3w p\u0142on\u0105cych zniczy. Premiera spektaklu mia\u0142a miejsce w czerwcu 2007 podczas mi\u0119dzynarodowego festiwalu ta\u0144ca w Montpellier.<\/p>\n<p><strong>Program<\/strong><br \/>\n3 listopada, godz. 20.00, CSW Zamek Ujazdowski, Sala Kino \/ Audytorium<br \/>\nPrelekcja \/ spotkanie Mathilde Monnier z publiczno\u015bci\u0105 ilustrowane projekcj\u0105 zapis\u00f3w spektakli choreografki<\/p>\n<p>4 i 5 listopada, godz.19.15, Teatr Wielki &#8211; Opera Narodowa, Sala im. E. M\u0142ynarskiego<br \/>\nTempo 76, spektakl taneczny zespo\u0142u Centre Chor\u00e9graphique National de Montpellier Languedoc-Roussillon w choreografii Mathilde Monnier. Po drugim pokazie spektaklu spotkanie artyst\u00f3w z widzami<\/p>\n<p>24 i 25 listopada, godz. 20.00, Laboratorium CSW<br \/>\nBrith Out&#8230;, premiera spektaklu \/instalacji tanecznej kolektywu Universal Law of Impermanence (U\/LOI)<br \/>\nw choreografii Kai Ko\u0142odziejczyk. Po drugim pokazie spektaklu spotkanie artyst\u00f3w z widzami<\/p>\n<p>27 i 28 listopada, godz. 18.00, Laboratorium CSW i teren obok niego<br \/>\nCztery wyk\u0142ady, akcja plastyczna teatru Akademia Ruchu. Po drugim pokazie akcji spotkanie artyst\u00f3w z widzami<\/p>\n<p>2 grudnia, godz. 18.00, CSW Zamek Ujazdowski, Sala Kino \/ Audytorium<br \/>\nPrelekcja \/spotkanie Christiana Rizzo z publiczno\u015bci\u0105 ilustrowane projekcj\u0105 zapis\u00f3w spektakli artysty<\/p>\n<p>3 grudnia, godz. 19.00, Teatr Studio, PKiN<br \/>\nB.c, Janvier 1545, Fontainebleau, spektakl taneczny L&#8217;association fragile \/ Christian Rizzo<br \/>\nPo pokazie spektaklu &#8211; spotkanie artyst\u00f3w z widzami<\/p>\n<p>Kurator: Janusz Marek<\/p>\n<p>CENTRUM SZTUKI WSP\u00d3\u0141CZESNEJ ZAMEK UJAZDOWSKI<br \/>\nul. Jazd\u00f3w2, 00-467 Warszawa<\/p>\n","protected":false},"excerpt":{"rendered":"<p>Od 1994 CSW organizuje unikalny w skali Polski interdyscyplinarny, mi\u0119dzynarodowy festiwal Mi\u0119dzynarodowe Spotkania Sztuki Akcji ROZDRO\u017bE prezentuj\u0105cy spektakle z pogranicza teatru, ta\u0144ca i sztuk wizualnych. Ka\u017cda edycja festiwalu dedykowana jest wybitnym, lecz nieznanym w Polsce, artystom z innego kraju. <\/p>\n","protected":false},"author":3,"featured_media":321,"comment_status":"open","ping_status":"closed","sticky":false,"template":"","format":"standard","meta":[],"categories":[5,25],"tags":[96,98,97,101,100,99,32],"powerkit_post_featured":[],"yoast_head":"<!-- This site is optimized with the Yoast SEO plugin v18.7 - https:\/\/yoast.com\/wordpress\/plugins\/seo\/ -->\n<title>XV Mi\u0119dzynarodowe Spotkania Sztuki Akcji - ROZDRO\u017bE 2008<\/title>\n<meta name=\"description\" content=\"Od 1994 CSW organizuje unikalny w skali Polski interdyscyplinarny, mi\u0119dzynarodowy festiwal Mi\u0119dzynarodowe Spotkania Sztuki Akcji ROZDRO\u017bE...\" \/>\n<meta name=\"robots\" content=\"index, follow, max-snippet:-1, max-image-preview:large, max-video-preview:-1\" \/>\n<link rel=\"canonical\" href=\"https:\/\/ownetic.com\/wydarzenia\/2008\/11\/xv-miedzynarodowe-spotkania-sztuki-akcji-rozdroze-2008\/\" \/>\n<meta name=\"twitter:card\" content=\"summary_large_image\" \/>\n<meta name=\"twitter:title\" content=\"XV Mi\u0119dzynarodowe Spotkania Sztuki Akcji - ROZDRO\u017bE 2008\" \/>\n<meta name=\"twitter:description\" content=\"Od 1994 CSW organizuje unikalny w skali Polski interdyscyplinarny, mi\u0119dzynarodowy festiwal Mi\u0119dzynarodowe Spotkania Sztuki Akcji ROZDRO\u017bE...\" \/>\n<meta name=\"twitter:image\" content=\"https:\/\/ownetic.com\/wydarzenia\/wp-content\/uploads\/2008\/11\/1-scaled.jpg\" \/>\n<meta name=\"twitter:label1\" content=\"Napisane przez\" \/>\n\t<meta name=\"twitter:data1\" content=\"joanna\" \/>\n\t<meta name=\"twitter:label2\" content=\"Szacowany czas czytania\" \/>\n\t<meta name=\"twitter:data2\" content=\"6 minut\" \/>\n<script type=\"application\/ld+json\" class=\"yoast-schema-graph\">{\"@context\":\"https:\/\/schema.org\",\"@graph\":[{\"@type\":\"WebSite\",\"@id\":\"https:\/\/ownetic.com\/wydarzenia\/#website\",\"url\":\"https:\/\/ownetic.com\/wydarzenia\/\",\"name\":\"Wydarzenia O.pl\",\"description\":\"Przestrze\u0144 prezentacji najwa\u017cniejszych wydarze\u0144 z takich dziedzin, jak: sztuka, design, fotografia, film, muzyka, teatr, literatura, historia, taniec, architektura\",\"potentialAction\":[{\"@type\":\"SearchAction\",\"target\":{\"@type\":\"EntryPoint\",\"urlTemplate\":\"https:\/\/ownetic.com\/wydarzenia\/?s={search_term_string}\"},\"query-input\":\"required name=search_term_string\"}],\"inLanguage\":\"pl-PL\"},{\"@type\":\"ImageObject\",\"inLanguage\":\"pl-PL\",\"@id\":\"https:\/\/ownetic.com\/wydarzenia\/2008\/11\/xv-miedzynarodowe-spotkania-sztuki-akcji-rozdroze-2008\/#primaryimage\",\"url\":\"https:\/\/ownetic.com\/wydarzenia\/wp-content\/uploads\/2008\/11\/1-scaled.jpg\",\"contentUrl\":\"https:\/\/ownetic.com\/wydarzenia\/wp-content\/uploads\/2008\/11\/1-scaled.jpg\",\"width\":2560,\"height\":1714,\"caption\":\"Tempo 76, Centre Chor\u00e9graphique National de Montpellier Languedoc-Roussillon, fot. Marc Coudrais\"},{\"@type\":\"WebPage\",\"@id\":\"https:\/\/ownetic.com\/wydarzenia\/2008\/11\/xv-miedzynarodowe-spotkania-sztuki-akcji-rozdroze-2008\/#webpage\",\"url\":\"https:\/\/ownetic.com\/wydarzenia\/2008\/11\/xv-miedzynarodowe-spotkania-sztuki-akcji-rozdroze-2008\/\",\"name\":\"XV Mi\u0119dzynarodowe Spotkania Sztuki Akcji - ROZDRO\u017bE 2008\",\"isPartOf\":{\"@id\":\"https:\/\/ownetic.com\/wydarzenia\/#website\"},\"primaryImageOfPage\":{\"@id\":\"https:\/\/ownetic.com\/wydarzenia\/2008\/11\/xv-miedzynarodowe-spotkania-sztuki-akcji-rozdroze-2008\/#primaryimage\"},\"datePublished\":\"2008-11-11T23:47:52+00:00\",\"dateModified\":\"2013-02-16T14:10:55+00:00\",\"author\":{\"@id\":\"https:\/\/ownetic.com\/wydarzenia\/#\/schema\/person\/3abb620170473ea641f899a357e48c98\"},\"description\":\"Od 1994 CSW organizuje unikalny w skali Polski interdyscyplinarny, mi\u0119dzynarodowy festiwal Mi\u0119dzynarodowe Spotkania Sztuki Akcji ROZDRO\u017bE...\",\"breadcrumb\":{\"@id\":\"https:\/\/ownetic.com\/wydarzenia\/2008\/11\/xv-miedzynarodowe-spotkania-sztuki-akcji-rozdroze-2008\/#breadcrumb\"},\"inLanguage\":\"pl-PL\",\"potentialAction\":[{\"@type\":\"ReadAction\",\"target\":[\"https:\/\/ownetic.com\/wydarzenia\/2008\/11\/xv-miedzynarodowe-spotkania-sztuki-akcji-rozdroze-2008\/\"]}]},{\"@type\":\"BreadcrumbList\",\"@id\":\"https:\/\/ownetic.com\/wydarzenia\/2008\/11\/xv-miedzynarodowe-spotkania-sztuki-akcji-rozdroze-2008\/#breadcrumb\",\"itemListElement\":[{\"@type\":\"ListItem\",\"position\":1,\"name\":\"Strona g\u0142\u00f3wna\",\"item\":\"https:\/\/ownetic.com\/wydarzenia\/\"},{\"@type\":\"ListItem\",\"position\":2,\"name\":\"XV Mi\u0119dzynarodowe Spotkania Sztuki Akcji &#8211; ROZDRO\u017bE 2008\"}]},{\"@type\":\"Person\",\"@id\":\"https:\/\/ownetic.com\/wydarzenia\/#\/schema\/person\/3abb620170473ea641f899a357e48c98\",\"name\":\"joanna\",\"sameAs\":[\"http:\/\/o.pl\"],\"url\":\"https:\/\/ownetic.com\/wydarzenia\/author\/joanna\/\"}]}<\/script>\n<!-- \/ Yoast SEO plugin. -->","yoast_head_json":{"title":"XV Mi\u0119dzynarodowe Spotkania Sztuki Akcji - ROZDRO\u017bE 2008","description":"Od 1994 CSW organizuje unikalny w skali Polski interdyscyplinarny, mi\u0119dzynarodowy festiwal Mi\u0119dzynarodowe Spotkania Sztuki Akcji ROZDRO\u017bE...","robots":{"index":"index","follow":"follow","max-snippet":"max-snippet:-1","max-image-preview":"max-image-preview:large","max-video-preview":"max-video-preview:-1"},"canonical":"https:\/\/ownetic.com\/wydarzenia\/2008\/11\/xv-miedzynarodowe-spotkania-sztuki-akcji-rozdroze-2008\/","twitter_card":"summary_large_image","twitter_title":"XV Mi\u0119dzynarodowe Spotkania Sztuki Akcji - ROZDRO\u017bE 2008","twitter_description":"Od 1994 CSW organizuje unikalny w skali Polski interdyscyplinarny, mi\u0119dzynarodowy festiwal Mi\u0119dzynarodowe Spotkania Sztuki Akcji ROZDRO\u017bE...","twitter_image":"https:\/\/ownetic.com\/wydarzenia\/wp-content\/uploads\/2008\/11\/1-scaled.jpg","twitter_misc":{"Napisane przez":"joanna","Szacowany czas czytania":"6 minut"},"schema":{"@context":"https:\/\/schema.org","@graph":[{"@type":"WebSite","@id":"https:\/\/ownetic.com\/wydarzenia\/#website","url":"https:\/\/ownetic.com\/wydarzenia\/","name":"Wydarzenia O.pl","description":"Przestrze\u0144 prezentacji najwa\u017cniejszych wydarze\u0144 z takich dziedzin, jak: sztuka, design, fotografia, film, muzyka, teatr, literatura, historia, taniec, architektura","potentialAction":[{"@type":"SearchAction","target":{"@type":"EntryPoint","urlTemplate":"https:\/\/ownetic.com\/wydarzenia\/?s={search_term_string}"},"query-input":"required name=search_term_string"}],"inLanguage":"pl-PL"},{"@type":"ImageObject","inLanguage":"pl-PL","@id":"https:\/\/ownetic.com\/wydarzenia\/2008\/11\/xv-miedzynarodowe-spotkania-sztuki-akcji-rozdroze-2008\/#primaryimage","url":"https:\/\/ownetic.com\/wydarzenia\/wp-content\/uploads\/2008\/11\/1-scaled.jpg","contentUrl":"https:\/\/ownetic.com\/wydarzenia\/wp-content\/uploads\/2008\/11\/1-scaled.jpg","width":2560,"height":1714,"caption":"Tempo 76, Centre Chor\u00e9graphique National de Montpellier Languedoc-Roussillon, fot. Marc Coudrais"},{"@type":"WebPage","@id":"https:\/\/ownetic.com\/wydarzenia\/2008\/11\/xv-miedzynarodowe-spotkania-sztuki-akcji-rozdroze-2008\/#webpage","url":"https:\/\/ownetic.com\/wydarzenia\/2008\/11\/xv-miedzynarodowe-spotkania-sztuki-akcji-rozdroze-2008\/","name":"XV Mi\u0119dzynarodowe Spotkania Sztuki Akcji - ROZDRO\u017bE 2008","isPartOf":{"@id":"https:\/\/ownetic.com\/wydarzenia\/#website"},"primaryImageOfPage":{"@id":"https:\/\/ownetic.com\/wydarzenia\/2008\/11\/xv-miedzynarodowe-spotkania-sztuki-akcji-rozdroze-2008\/#primaryimage"},"datePublished":"2008-11-11T23:47:52+00:00","dateModified":"2013-02-16T14:10:55+00:00","author":{"@id":"https:\/\/ownetic.com\/wydarzenia\/#\/schema\/person\/3abb620170473ea641f899a357e48c98"},"description":"Od 1994 CSW organizuje unikalny w skali Polski interdyscyplinarny, mi\u0119dzynarodowy festiwal Mi\u0119dzynarodowe Spotkania Sztuki Akcji ROZDRO\u017bE...","breadcrumb":{"@id":"https:\/\/ownetic.com\/wydarzenia\/2008\/11\/xv-miedzynarodowe-spotkania-sztuki-akcji-rozdroze-2008\/#breadcrumb"},"inLanguage":"pl-PL","potentialAction":[{"@type":"ReadAction","target":["https:\/\/ownetic.com\/wydarzenia\/2008\/11\/xv-miedzynarodowe-spotkania-sztuki-akcji-rozdroze-2008\/"]}]},{"@type":"BreadcrumbList","@id":"https:\/\/ownetic.com\/wydarzenia\/2008\/11\/xv-miedzynarodowe-spotkania-sztuki-akcji-rozdroze-2008\/#breadcrumb","itemListElement":[{"@type":"ListItem","position":1,"name":"Strona g\u0142\u00f3wna","item":"https:\/\/ownetic.com\/wydarzenia\/"},{"@type":"ListItem","position":2,"name":"XV Mi\u0119dzynarodowe Spotkania Sztuki Akcji &#8211; ROZDRO\u017bE 2008"}]},{"@type":"Person","@id":"https:\/\/ownetic.com\/wydarzenia\/#\/schema\/person\/3abb620170473ea641f899a357e48c98","name":"joanna","sameAs":["http:\/\/o.pl"],"url":"https:\/\/ownetic.com\/wydarzenia\/author\/joanna\/"}]}},"_links":{"self":[{"href":"https:\/\/ownetic.com\/wydarzenia\/wp-json\/wp\/v2\/posts\/319"}],"collection":[{"href":"https:\/\/ownetic.com\/wydarzenia\/wp-json\/wp\/v2\/posts"}],"about":[{"href":"https:\/\/ownetic.com\/wydarzenia\/wp-json\/wp\/v2\/types\/post"}],"author":[{"embeddable":true,"href":"https:\/\/ownetic.com\/wydarzenia\/wp-json\/wp\/v2\/users\/3"}],"replies":[{"embeddable":true,"href":"https:\/\/ownetic.com\/wydarzenia\/wp-json\/wp\/v2\/comments?post=319"}],"version-history":[{"count":0,"href":"https:\/\/ownetic.com\/wydarzenia\/wp-json\/wp\/v2\/posts\/319\/revisions"}],"wp:featuredmedia":[{"embeddable":true,"href":"https:\/\/ownetic.com\/wydarzenia\/wp-json\/wp\/v2\/media\/321"}],"wp:attachment":[{"href":"https:\/\/ownetic.com\/wydarzenia\/wp-json\/wp\/v2\/media?parent=319"}],"wp:term":[{"taxonomy":"category","embeddable":true,"href":"https:\/\/ownetic.com\/wydarzenia\/wp-json\/wp\/v2\/categories?post=319"},{"taxonomy":"post_tag","embeddable":true,"href":"https:\/\/ownetic.com\/wydarzenia\/wp-json\/wp\/v2\/tags?post=319"},{"taxonomy":"powerkit_post_featured","embeddable":true,"href":"https:\/\/ownetic.com\/wydarzenia\/wp-json\/wp\/v2\/powerkit_post_featured?post=319"}],"curies":[{"name":"wp","href":"https:\/\/api.w.org\/{rel}","templated":true}]}}