{"id":36203,"date":"2013-04-12T00:00:48","date_gmt":"2013-04-11T23:00:48","guid":{"rendered":"https:\/\/ownetic.com\/wydarzenia\/?p=36203"},"modified":"2013-05-27T10:27:14","modified_gmt":"2013-05-27T09:27:14","slug":"czym-jest-dzis-sztuka-radziejowice-2012-mcsw-elektrownia-radom","status":"publish","type":"post","link":"https:\/\/ownetic.com\/wydarzenia\/2013\/04\/czym-jest-dzis-sztuka-radziejowice-2012-mcsw-elektrownia-radom\/","title":{"rendered":"Czym jest dzi\u015b sztuka \u2013 Radziejowice 2012"},"content":{"rendered":"<p>Na wystawie zostan\u0105 zaprezentowane prace artyst\u00f3w uczestnicz\u0105cych w trzydziestym Plenerze-Sympozjum dla Artyst\u00f3w Pos\u0142uguj\u0105cych si\u0119 J\u0119zykiem Geometrii, kt\u00f3ry we wrze\u015bniu 2012 roku odby\u0142 si\u0119 w Domu Pracy Tw\u00f3rczej w Radziejowicach. Has\u0142em przewodnim ubieg\u0142orocznego spotkania by\u0142o pytanie <em>Czym jest dzi\u015b sztuka?<\/em>.<\/p>\n<figure id=\"attachment_36210\" aria-describedby=\"caption-attachment-36210\" style=\"width: 576px\" class=\"wp-caption alignnone\"><a href=\"https:\/\/ownetic.com\/wydarzenia\/2013\/04\/czym-jest-dzis-sztuka-radziejowice-2012-mcsw-elektrownia-radom\/mitsouko-mori-14-03-2012-2012-2013-04-11\/\" rel=\"attachment wp-att-36210\"><img loading=\"lazy\" class=\"size-medium wp-image-36210\" title=\"Mitsouko Mori, \u201e14.03.2012\u201d, 2012 (\u017ar\u00f3d\u0142o: materia\u0142y prasowe organizatora)\" src=\"https:\/\/ownetic.com\/wydarzenia\/wp-content\/uploads\/2013\/04\/mitsouko-mori-14-03-2012-2012-2013-04-11-576x580.jpg\" alt=\"Mitsouko Mori, \u201e14.03.2012\u201d, 2012 (\u017ar\u00f3d\u0142o: materia\u0142y prasowe organizatora)\" width=\"576\" height=\"580\" \/><\/a><figcaption id=\"caption-attachment-36210\" class=\"wp-caption-text\">Mitsouko Mori, \u201e14.03.2012\u201d, 2012 (\u017ar\u00f3d\u0142o: materia\u0142y prasowe organizatora)<\/figcaption><\/figure>\n<p>W plenerze wzi\u0119\u0142o udzia\u0142 43 artyst\u00f3w, w tym 26 z Polski i 17 z zagranicy. Mi\u0119dzynarodowa kolekcja sztuki spod znaku geometrii, kt\u00f3ra, jako trzecia po Muzeum Che\u0142mskim i Oro\u0144sku, powstaje w ramach zbior\u00f3w Mazowieckiego Centrum Sztuki Wsp\u00f3\u0142czesnej <em>Elektrownia<\/em> w Radomiu, wzbogaci\u0142a si\u0119 dzi\u0119ki trzydziestemu plenerowi o 47 dzie\u0142a i liczy obecnie (po czterech organizowanych w Radziejowicach plenerach) 153 obiekty. Przewa\u017caj\u0105ca wi\u0119kszo\u015b\u0107 eksponowanych na wystawie prac to prace malarskie. Uzupe\u0142nia je kilka druk\u00f3w cyfrowych, rysunk\u00f3w, prac graficznych i obiekt\u00f3w przestrzennych.<\/p>\n<div id='gallery-1' class='gallery galleryid-36203 gallery-columns-4 gallery-size-thumbnail'><figure class='gallery-item'>\n\t\t\t<div class='gallery-icon '>\n\t\t\t\t<a href='https:\/\/ownetic.com\/wydarzenia\/2013\/04\/czym-jest-dzis-sztuka-radziejowice-2012-mcsw-elektrownia-radom\/mitsouko-mori-14-03-2012-2012-2013-04-11\/'><img width=\"1\" height=\"1\" src=\"https:\/\/ownetic.com\/wydarzenia\/wp-content\/uploads\/2013\/04\/mitsouko-mori-14-03-2012-2012-2013-04-11.jpg\" class=\"attachment-thumbnail size-thumbnail\" alt=\"Mitsouko Mori, \u201e14.03.2012\u201d, 2012 (\u017ar\u00f3d\u0142o: materia\u0142y prasowe organizatora)\" loading=\"lazy\" aria-describedby=\"gallery-1-36210\" \/><\/a>\n\t\t\t<\/div>\n\t\t\t\t<figcaption class='wp-caption-text gallery-caption' id='gallery-1-36210'>\n\t\t\t\tMitsouko Mori, \u201e14.03.2012\u201d, 2012 (\u017ar\u00f3d\u0142o: materia\u0142y prasowe organizatora)\n\t\t\t\t<\/figcaption><\/figure><figure class='gallery-item'>\n\t\t\t<div class='gallery-icon portrait'>\n\t\t\t\t<a href='https:\/\/ownetic.com\/wydarzenia\/2013\/04\/czym-jest-dzis-sztuka-radziejowice-2012-mcsw-elektrownia-radom\/michal-misiak-i-3-2011-2013-04-11\/'><img width=\"199\" height=\"200\" src=\"https:\/\/ownetic.com\/wydarzenia\/wp-content\/uploads\/2013\/04\/michal-misiak-I-3-2011-2013-04-11.jpg\" class=\"attachment-thumbnail size-thumbnail\" alt=\"Micha\u0142 Misiak, \u201eI 3\u201d, 2011 (\u017ar\u00f3d\u0142o: materia\u0142y prasowe organizatora)\" loading=\"lazy\" aria-describedby=\"gallery-1-36209\" \/><\/a>\n\t\t\t<\/div>\n\t\t\t\t<figcaption class='wp-caption-text gallery-caption' id='gallery-1-36209'>\n\t\t\t\tMicha\u0142 Misiak, \u201eI 3\u201d, 2011 (\u017ar\u00f3d\u0142o: materia\u0142y prasowe organizatora)\n\t\t\t\t<\/figcaption><\/figure><figure class='gallery-item'>\n\t\t\t<div class='gallery-icon '>\n\t\t\t\t<a href='https:\/\/ownetic.com\/wydarzenia\/2013\/04\/czym-jest-dzis-sztuka-radziejowice-2012-mcsw-elektrownia-radom\/karolina-jaklewicz-rozpad-2011-2013-04-11\/'><img width=\"1\" height=\"1\" src=\"https:\/\/ownetic.com\/wydarzenia\/wp-content\/uploads\/2013\/04\/karolina-jaklewicz-rozpad-2011-2013-04-11.jpg\" class=\"attachment-thumbnail size-thumbnail\" alt=\"Karolina Jaklewicz, \u201eRozpad\u201d, 2011 (\u017ar\u00f3d\u0142o: materia\u0142y prasowe organizatora)\" loading=\"lazy\" aria-describedby=\"gallery-1-36208\" \/><\/a>\n\t\t\t<\/div>\n\t\t\t\t<figcaption class='wp-caption-text gallery-caption' id='gallery-1-36208'>\n\t\t\t\tKarolina Jaklewicz, \u201eRozpad\u201d, 2011 (\u017ar\u00f3d\u0142o: materia\u0142y prasowe organizatora)\n\t\t\t\t<\/figcaption><\/figure><figure class='gallery-item'>\n\t\t\t<div class='gallery-icon '>\n\t\t\t\t<a href='https:\/\/ownetic.com\/wydarzenia\/2013\/04\/czym-jest-dzis-sztuka-radziejowice-2012-mcsw-elektrownia-radom\/julian-gil-waderno-de-polonia-168-2012-2013-04-11\/'><img width=\"1\" height=\"1\" src=\"https:\/\/ownetic.com\/wydarzenia\/wp-content\/uploads\/2013\/04\/julian-gil-waderno-de-polonia-168-2012-2013-04-11.jpg\" class=\"attachment-thumbnail size-thumbnail\" alt=\"Julian Gil, \u201eWaderno de Polonia 168\u201d, 2012 (\u017ar\u00f3d\u0142o: materia\u0142y prasowe organizatora)\" loading=\"lazy\" aria-describedby=\"gallery-1-36207\" \/><\/a>\n\t\t\t<\/div>\n\t\t\t\t<figcaption class='wp-caption-text gallery-caption' id='gallery-1-36207'>\n\t\t\t\tJulian Gil, \u201eWaderno de Polonia 168\u201d, 2012 (\u017ar\u00f3d\u0142o: materia\u0142y prasowe organizatora)\n\t\t\t\t<\/figcaption><\/figure><figure class='gallery-item'>\n\t\t\t<div class='gallery-icon '>\n\t\t\t\t<a href='https:\/\/ownetic.com\/wydarzenia\/2013\/04\/czym-jest-dzis-sztuka-radziejowice-2012-mcsw-elektrownia-radom\/jerzy-kalucki-bialy-luk-2012-2013-04-11\/'><img width=\"1\" height=\"1\" src=\"https:\/\/ownetic.com\/wydarzenia\/wp-content\/uploads\/2013\/04\/jerzy-kalucki-bialy-luk-2012-2013-04-11.jpg\" class=\"attachment-thumbnail size-thumbnail\" alt=\"Jerzy Ka\u0142ucki, \u201eBia\u0142y \u0142uk\u201d, 2012 (\u017ar\u00f3d\u0142o: materia\u0142y prasowe organizatora)\" loading=\"lazy\" aria-describedby=\"gallery-1-36206\" \/><\/a>\n\t\t\t<\/div>\n\t\t\t\t<figcaption class='wp-caption-text gallery-caption' id='gallery-1-36206'>\n\t\t\t\tJerzy Ka\u0142ucki, \u201eBia\u0142y \u0142uk\u201d, 2012 (\u017ar\u00f3d\u0142o: materia\u0142y prasowe organizatora)\n\t\t\t\t<\/figcaption><\/figure><figure class='gallery-item'>\n\t\t\t<div class='gallery-icon '>\n\t\t\t\t<a href='https:\/\/ownetic.com\/wydarzenia\/2013\/04\/czym-jest-dzis-sztuka-radziejowice-2012-mcsw-elektrownia-radom\/ingo-glass-dialog-zasadniczych-form-i-barw-w-przestrzeni-2011-2013-04-11\/'><img width=\"1\" height=\"1\" src=\"https:\/\/ownetic.com\/wydarzenia\/wp-content\/uploads\/2013\/04\/ingo-glass-dialog-zasadniczych-form-i-barw-w-przestrzeni-2011-2013-04-11.jpg\" class=\"attachment-thumbnail size-thumbnail\" alt=\"Ingo Glass, \u201eDialog zasadniczych form i barw w przestrzeni\u201d, 2011 (\u017ar\u00f3d\u0142o: materia\u0142y prasowe organizatora)\" loading=\"lazy\" aria-describedby=\"gallery-1-36205\" \/><\/a>\n\t\t\t<\/div>\n\t\t\t\t<figcaption class='wp-caption-text gallery-caption' id='gallery-1-36205'>\n\t\t\t\tIngo Glass, \u201eDialog zasadniczych form i barw w przestrzeni\u201d, 2011 (\u017ar\u00f3d\u0142o: materia\u0142y prasowe organizatora)\n\t\t\t\t<\/figcaption><\/figure><figure class='gallery-item'>\n\t\t\t<div class='gallery-icon '>\n\t\t\t\t<a href='https:\/\/ownetic.com\/wydarzenia\/2013\/04\/czym-jest-dzis-sztuka-radziejowice-2012-mcsw-elektrownia-radom\/anna-szprynger-bez-tytulu-2012-2013-04-11\/'><img width=\"1\" height=\"1\" src=\"https:\/\/ownetic.com\/wydarzenia\/wp-content\/uploads\/2013\/04\/anna-szprynger-bez-tytulu-2012-2013-04-11.jpg\" class=\"attachment-thumbnail size-thumbnail\" alt=\"Anna Szprynger, Bez tytu\u0142u, 2012 (\u017ar\u00f3d\u0142o: materia\u0142y prasowe organizatora)\" loading=\"lazy\" aria-describedby=\"gallery-1-36204\" \/><\/a>\n\t\t\t<\/div>\n\t\t\t\t<figcaption class='wp-caption-text gallery-caption' id='gallery-1-36204'>\n\t\t\t\tAnna Szprynger, Bez tytu\u0142u, 2012 (\u017ar\u00f3d\u0142o: materia\u0142y prasowe organizatora)\n\t\t\t\t<\/figcaption><\/figure>\n\t\t<\/div>\n\n<p>We wst\u0119pie do katalogu Bo\u017cena Kowalska \u2013 kurator wystawy i pleneru, pisze:<\/p>\n<blockquote><p>Gdy ogl\u0105da si\u0119 prace uczestnik\u00f3w pleneru, tak bardzo zr\u00f3\u017cnicowane, cho\u0107 operuj\u0105 tym samym j\u0119zykiem, nasuwaj\u0105 si\u0119 r\u00f3\u017cne refleksje. Z jednej strony o uniwersalizmie j\u0119zyka geometrii, a to w obydwu tego s\u0142owa znaczeniach: \u017ce daje mo\u017cliwo\u015b\u0107 przekazu najbardziej og\u00f3lnych, abstrakcyjnych poj\u0119\u0107, tak\u017ce odbicia praw i harmonii uniwersum, i \u017ce jest powszechnie dost\u0119pny. Przekazywane im przes\u0142ania przekraczaj\u0105 bowiem bariery granic geograficznych, narodowych, etnicznych i ka\u017cdych innych. Z drugiej strony s\u0105 to refleksje dotycz\u0105ce zr\u00f3\u017cnicowania indywidualno\u015bci ludzkich, rozmaito\u015bci ludzkich temperament\u00f3w i wielorako\u015bci motywacji tw\u00f3rczych.<\/p><\/blockquote>\n<figure id=\"attachment_36205\" aria-describedby=\"caption-attachment-36205\" style=\"width: 576px\" class=\"wp-caption alignnone\"><a href=\"https:\/\/ownetic.com\/wydarzenia\/2013\/04\/czym-jest-dzis-sztuka-radziejowice-2012-mcsw-elektrownia-radom\/ingo-glass-dialog-zasadniczych-form-i-barw-w-przestrzeni-2011-2013-04-11\/\" rel=\"attachment wp-att-36205\"><img loading=\"lazy\" class=\"size-medium wp-image-36205\" title=\"Ingo Glass, \u201eDialog zasadniczych form i barw w przestrzeni\u201d, 2011 (\u017ar\u00f3d\u0142o: materia\u0142y prasowe organizatora)\" src=\"https:\/\/ownetic.com\/wydarzenia\/wp-content\/uploads\/2013\/04\/ingo-glass-dialog-zasadniczych-form-i-barw-w-przestrzeni-2011-2013-04-11-576x576.jpg\" alt=\"Ingo Glass, \u201eDialog zasadniczych form i barw w przestrzeni\u201d, 2011 (\u017ar\u00f3d\u0142o: materia\u0142y prasowe organizatora)\" width=\"576\" height=\"576\" \/><\/a><figcaption id=\"caption-attachment-36205\" class=\"wp-caption-text\">Ingo Glass, \u201eDialog zasadniczych form i barw w przestrzeni\u201d, 2011 (\u017ar\u00f3d\u0142o: materia\u0142y prasowe organizatora)<\/figcaption><\/figure>\n<p><strong>Arty\u015bci:<\/strong> Tamara Berdowska, Hellmut Bruch, S\u0142awomir Brzoska, Dominique Chapuis, Mateusz D\u0105browski, Pawe\u0142 Dutkiewicz, Rita Ernst, Andrzej Gieraga, Ryszard Gieryszewski, Julian Gil, Ingo Glass, Kazimierz G\u0142az, Eugenia Gortchakova, Dorota Grynczel, Istvan Haasz, Adam Hawry\u0142kiewicz, Gerhard Hotter, Karolina Jaklewicz, Jerzy Ka\u0142ucki, Mieczys\u0142aw Knut, Jo Kuhn, \u0141ukasz Leszczy\u0144ski, Anders Liden, Josef Linschinger, Wies\u0142aw \u0141uczaj, Ryszard \u0141ugowski, S\u0142awomir Marzec, Micha\u0142 Misiak, Mitsouko Mori, Pawe\u0142 Mostowski, Leszek Oprz\u0105dek, Janusz Orbitowski, Jan Pamu\u0142a, Tomasz Prymon, Reinhard Roy, H. D. Schrader, Anna Szprynger, Grzegorz Sztabi\u0144ski, Jerzy Treli\u0144ski, Anna Trochim, Jean-Pierre Viot, Tadeusz G. Wiktor, Mieczys\u0142aw Wi\u015bniewski<\/p>\n<p><strong>Wystawa poplenerowa <em>Czym jest dzi\u015b sztuka? \u2013 Radziejowice 2012<\/em><\/strong><br \/>\nWernisa\u017c: 12 kwietnia 2013 roku, godz. 15.00<br \/>\nWystawa potrwa do 31 maja 2013 roku<br \/>\nMazowieckie Centrum Sztuki Wsp\u00f3\u0142czesnej Elektrownia<br \/>\nul. Domagalskiego 5<br \/>\nRadom<\/p>\n","protected":false},"excerpt":{"rendered":"<p>Na wystawie zostan\u0105 zaprezentowane prace artyst\u00f3w uczestnicz\u0105cych w trzydziestym Plenerze-Sympozjum dla Artyst\u00f3w Pos\u0142uguj\u0105cych si\u0119 J\u0119zykiem Geometrii, kt\u00f3ry we wrze\u015bniu 2012 roku odby\u0142 si\u0119 w Domu Pracy Tw\u00f3rczej w Radziejowicach. Has\u0142em przewodnim ubieg\u0142orocznego spotkania by\u0142o pytanie <em>Czym jest dzi\u015b sztuka?<\/em>.<\/p>\n","protected":false},"author":62,"featured_media":36209,"comment_status":"open","ping_status":"closed","sticky":false,"template":"","format":"standard","meta":[],"categories":[5],"tags":[6195,6194,1642,6196,876,1350,95,1952,6197,6193],"powerkit_post_featured":[],"yoast_head":"<!-- This site is optimized with the Yoast SEO plugin v18.7 - https:\/\/yoast.com\/wordpress\/plugins\/seo\/ -->\n<title>Czym jest dzi\u015b sztuka \u2013 Radziejowice 2012<\/title>\n<meta name=\"description\" content=\"W MCSW Elektrownia mo\u017cna ogl\u0105da\u0107 wystaw\u0119 z XXX Pleneru dla Artyst\u00f3w Pos\u0142uguj\u0105cych si\u0119 J\u0119zykiem Geometrii pt. Czym jest dzi\u015b sztuka?.\" \/>\n<meta name=\"robots\" content=\"index, follow, max-snippet:-1, max-image-preview:large, max-video-preview:-1\" \/>\n<link rel=\"canonical\" href=\"https:\/\/ownetic.com\/wydarzenia\/2013\/04\/czym-jest-dzis-sztuka-radziejowice-2012-mcsw-elektrownia-radom\/\" \/>\n<meta name=\"twitter:card\" content=\"summary_large_image\" \/>\n<meta name=\"twitter:title\" content=\"Czym jest dzi\u015b sztuka \u2013 Radziejowice 2012\" \/>\n<meta name=\"twitter:description\" content=\"W MCSW Elektrownia mo\u017cna ogl\u0105da\u0107 wystaw\u0119 z XXX Pleneru dla Artyst\u00f3w Pos\u0142uguj\u0105cych si\u0119 J\u0119zykiem Geometrii pt. Czym jest dzi\u015b sztuka?.\" \/>\n<meta name=\"twitter:image\" content=\"https:\/\/ownetic.com\/wydarzenia\/wp-content\/uploads\/2013\/04\/michal-misiak-I-3-2011-2013-04-11.jpg\" \/>\n<meta name=\"twitter:label1\" content=\"Napisane przez\" \/>\n\t<meta name=\"twitter:data1\" content=\"kaska-kowalska\" \/>\n\t<meta name=\"twitter:label2\" content=\"Szacowany czas czytania\" \/>\n\t<meta name=\"twitter:data2\" content=\"2 minuty\" \/>\n<script type=\"application\/ld+json\" class=\"yoast-schema-graph\">{\"@context\":\"https:\/\/schema.org\",\"@graph\":[{\"@type\":\"WebSite\",\"@id\":\"https:\/\/ownetic.com\/wydarzenia\/#website\",\"url\":\"https:\/\/ownetic.com\/wydarzenia\/\",\"name\":\"Wydarzenia O.pl\",\"description\":\"Przestrze\u0144 prezentacji najwa\u017cniejszych wydarze\u0144 z takich dziedzin, jak: sztuka, design, fotografia, film, muzyka, teatr, literatura, historia, taniec, architektura\",\"potentialAction\":[{\"@type\":\"SearchAction\",\"target\":{\"@type\":\"EntryPoint\",\"urlTemplate\":\"https:\/\/ownetic.com\/wydarzenia\/?s={search_term_string}\"},\"query-input\":\"required name=search_term_string\"}],\"inLanguage\":\"pl-PL\"},{\"@type\":\"ImageObject\",\"inLanguage\":\"pl-PL\",\"@id\":\"https:\/\/ownetic.com\/wydarzenia\/2013\/04\/czym-jest-dzis-sztuka-radziejowice-2012-mcsw-elektrownia-radom\/#primaryimage\",\"url\":\"https:\/\/ownetic.com\/wydarzenia\/wp-content\/uploads\/2013\/04\/michal-misiak-I-3-2011-2013-04-11.jpg\",\"contentUrl\":\"https:\/\/ownetic.com\/wydarzenia\/wp-content\/uploads\/2013\/04\/michal-misiak-I-3-2011-2013-04-11.jpg\",\"width\":1195,\"height\":1200,\"caption\":\"Micha\u0142 Misiak, \u201eI 3\u201d, 2011 (\u017ar\u00f3d\u0142o: materia\u0142y prasowe organizatora)\"},{\"@type\":\"WebPage\",\"@id\":\"https:\/\/ownetic.com\/wydarzenia\/2013\/04\/czym-jest-dzis-sztuka-radziejowice-2012-mcsw-elektrownia-radom\/#webpage\",\"url\":\"https:\/\/ownetic.com\/wydarzenia\/2013\/04\/czym-jest-dzis-sztuka-radziejowice-2012-mcsw-elektrownia-radom\/\",\"name\":\"Czym jest dzi\u015b sztuka \u2013 Radziejowice 2012\",\"isPartOf\":{\"@id\":\"https:\/\/ownetic.com\/wydarzenia\/#website\"},\"primaryImageOfPage\":{\"@id\":\"https:\/\/ownetic.com\/wydarzenia\/2013\/04\/czym-jest-dzis-sztuka-radziejowice-2012-mcsw-elektrownia-radom\/#primaryimage\"},\"datePublished\":\"2013-04-11T23:00:48+00:00\",\"dateModified\":\"2013-05-27T09:27:14+00:00\",\"author\":{\"@id\":\"https:\/\/ownetic.com\/wydarzenia\/#\/schema\/person\/b1972baa91de641ce21b53c4bf288444\"},\"description\":\"W MCSW Elektrownia mo\u017cna ogl\u0105da\u0107 wystaw\u0119 z XXX Pleneru dla Artyst\u00f3w Pos\u0142uguj\u0105cych si\u0119 J\u0119zykiem Geometrii pt. Czym jest dzi\u015b sztuka?.\",\"breadcrumb\":{\"@id\":\"https:\/\/ownetic.com\/wydarzenia\/2013\/04\/czym-jest-dzis-sztuka-radziejowice-2012-mcsw-elektrownia-radom\/#breadcrumb\"},\"inLanguage\":\"pl-PL\",\"potentialAction\":[{\"@type\":\"ReadAction\",\"target\":[\"https:\/\/ownetic.com\/wydarzenia\/2013\/04\/czym-jest-dzis-sztuka-radziejowice-2012-mcsw-elektrownia-radom\/\"]}]},{\"@type\":\"BreadcrumbList\",\"@id\":\"https:\/\/ownetic.com\/wydarzenia\/2013\/04\/czym-jest-dzis-sztuka-radziejowice-2012-mcsw-elektrownia-radom\/#breadcrumb\",\"itemListElement\":[{\"@type\":\"ListItem\",\"position\":1,\"name\":\"Strona g\u0142\u00f3wna\",\"item\":\"https:\/\/ownetic.com\/wydarzenia\/\"},{\"@type\":\"ListItem\",\"position\":2,\"name\":\"Czym jest dzi\u015b sztuka \u2013 Radziejowice 2012\"}]},{\"@type\":\"Person\",\"@id\":\"https:\/\/ownetic.com\/wydarzenia\/#\/schema\/person\/b1972baa91de641ce21b53c4bf288444\",\"name\":\"kaska-kowalska\",\"url\":\"https:\/\/ownetic.com\/wydarzenia\/author\/kaska-kowalska\/\"}]}<\/script>\n<!-- \/ Yoast SEO plugin. -->","yoast_head_json":{"title":"Czym jest dzi\u015b sztuka \u2013 Radziejowice 2012","description":"W MCSW Elektrownia mo\u017cna ogl\u0105da\u0107 wystaw\u0119 z XXX Pleneru dla Artyst\u00f3w Pos\u0142uguj\u0105cych si\u0119 J\u0119zykiem Geometrii pt. Czym jest dzi\u015b sztuka?.","robots":{"index":"index","follow":"follow","max-snippet":"max-snippet:-1","max-image-preview":"max-image-preview:large","max-video-preview":"max-video-preview:-1"},"canonical":"https:\/\/ownetic.com\/wydarzenia\/2013\/04\/czym-jest-dzis-sztuka-radziejowice-2012-mcsw-elektrownia-radom\/","twitter_card":"summary_large_image","twitter_title":"Czym jest dzi\u015b sztuka \u2013 Radziejowice 2012","twitter_description":"W MCSW Elektrownia mo\u017cna ogl\u0105da\u0107 wystaw\u0119 z XXX Pleneru dla Artyst\u00f3w Pos\u0142uguj\u0105cych si\u0119 J\u0119zykiem Geometrii pt. Czym jest dzi\u015b sztuka?.","twitter_image":"https:\/\/ownetic.com\/wydarzenia\/wp-content\/uploads\/2013\/04\/michal-misiak-I-3-2011-2013-04-11.jpg","twitter_misc":{"Napisane przez":"kaska-kowalska","Szacowany czas czytania":"2 minuty"},"schema":{"@context":"https:\/\/schema.org","@graph":[{"@type":"WebSite","@id":"https:\/\/ownetic.com\/wydarzenia\/#website","url":"https:\/\/ownetic.com\/wydarzenia\/","name":"Wydarzenia O.pl","description":"Przestrze\u0144 prezentacji najwa\u017cniejszych wydarze\u0144 z takich dziedzin, jak: sztuka, design, fotografia, film, muzyka, teatr, literatura, historia, taniec, architektura","potentialAction":[{"@type":"SearchAction","target":{"@type":"EntryPoint","urlTemplate":"https:\/\/ownetic.com\/wydarzenia\/?s={search_term_string}"},"query-input":"required name=search_term_string"}],"inLanguage":"pl-PL"},{"@type":"ImageObject","inLanguage":"pl-PL","@id":"https:\/\/ownetic.com\/wydarzenia\/2013\/04\/czym-jest-dzis-sztuka-radziejowice-2012-mcsw-elektrownia-radom\/#primaryimage","url":"https:\/\/ownetic.com\/wydarzenia\/wp-content\/uploads\/2013\/04\/michal-misiak-I-3-2011-2013-04-11.jpg","contentUrl":"https:\/\/ownetic.com\/wydarzenia\/wp-content\/uploads\/2013\/04\/michal-misiak-I-3-2011-2013-04-11.jpg","width":1195,"height":1200,"caption":"Micha\u0142 Misiak, \u201eI 3\u201d, 2011 (\u017ar\u00f3d\u0142o: materia\u0142y prasowe organizatora)"},{"@type":"WebPage","@id":"https:\/\/ownetic.com\/wydarzenia\/2013\/04\/czym-jest-dzis-sztuka-radziejowice-2012-mcsw-elektrownia-radom\/#webpage","url":"https:\/\/ownetic.com\/wydarzenia\/2013\/04\/czym-jest-dzis-sztuka-radziejowice-2012-mcsw-elektrownia-radom\/","name":"Czym jest dzi\u015b sztuka \u2013 Radziejowice 2012","isPartOf":{"@id":"https:\/\/ownetic.com\/wydarzenia\/#website"},"primaryImageOfPage":{"@id":"https:\/\/ownetic.com\/wydarzenia\/2013\/04\/czym-jest-dzis-sztuka-radziejowice-2012-mcsw-elektrownia-radom\/#primaryimage"},"datePublished":"2013-04-11T23:00:48+00:00","dateModified":"2013-05-27T09:27:14+00:00","author":{"@id":"https:\/\/ownetic.com\/wydarzenia\/#\/schema\/person\/b1972baa91de641ce21b53c4bf288444"},"description":"W MCSW Elektrownia mo\u017cna ogl\u0105da\u0107 wystaw\u0119 z XXX Pleneru dla Artyst\u00f3w Pos\u0142uguj\u0105cych si\u0119 J\u0119zykiem Geometrii pt. Czym jest dzi\u015b sztuka?.","breadcrumb":{"@id":"https:\/\/ownetic.com\/wydarzenia\/2013\/04\/czym-jest-dzis-sztuka-radziejowice-2012-mcsw-elektrownia-radom\/#breadcrumb"},"inLanguage":"pl-PL","potentialAction":[{"@type":"ReadAction","target":["https:\/\/ownetic.com\/wydarzenia\/2013\/04\/czym-jest-dzis-sztuka-radziejowice-2012-mcsw-elektrownia-radom\/"]}]},{"@type":"BreadcrumbList","@id":"https:\/\/ownetic.com\/wydarzenia\/2013\/04\/czym-jest-dzis-sztuka-radziejowice-2012-mcsw-elektrownia-radom\/#breadcrumb","itemListElement":[{"@type":"ListItem","position":1,"name":"Strona g\u0142\u00f3wna","item":"https:\/\/ownetic.com\/wydarzenia\/"},{"@type":"ListItem","position":2,"name":"Czym jest dzi\u015b sztuka \u2013 Radziejowice 2012"}]},{"@type":"Person","@id":"https:\/\/ownetic.com\/wydarzenia\/#\/schema\/person\/b1972baa91de641ce21b53c4bf288444","name":"kaska-kowalska","url":"https:\/\/ownetic.com\/wydarzenia\/author\/kaska-kowalska\/"}]}},"_links":{"self":[{"href":"https:\/\/ownetic.com\/wydarzenia\/wp-json\/wp\/v2\/posts\/36203"}],"collection":[{"href":"https:\/\/ownetic.com\/wydarzenia\/wp-json\/wp\/v2\/posts"}],"about":[{"href":"https:\/\/ownetic.com\/wydarzenia\/wp-json\/wp\/v2\/types\/post"}],"author":[{"embeddable":true,"href":"https:\/\/ownetic.com\/wydarzenia\/wp-json\/wp\/v2\/users\/62"}],"replies":[{"embeddable":true,"href":"https:\/\/ownetic.com\/wydarzenia\/wp-json\/wp\/v2\/comments?post=36203"}],"version-history":[{"count":0,"href":"https:\/\/ownetic.com\/wydarzenia\/wp-json\/wp\/v2\/posts\/36203\/revisions"}],"wp:featuredmedia":[{"embeddable":true,"href":"https:\/\/ownetic.com\/wydarzenia\/wp-json\/wp\/v2\/media\/36209"}],"wp:attachment":[{"href":"https:\/\/ownetic.com\/wydarzenia\/wp-json\/wp\/v2\/media?parent=36203"}],"wp:term":[{"taxonomy":"category","embeddable":true,"href":"https:\/\/ownetic.com\/wydarzenia\/wp-json\/wp\/v2\/categories?post=36203"},{"taxonomy":"post_tag","embeddable":true,"href":"https:\/\/ownetic.com\/wydarzenia\/wp-json\/wp\/v2\/tags?post=36203"},{"taxonomy":"powerkit_post_featured","embeddable":true,"href":"https:\/\/ownetic.com\/wydarzenia\/wp-json\/wp\/v2\/powerkit_post_featured?post=36203"}],"curies":[{"name":"wp","href":"https:\/\/api.w.org\/{rel}","templated":true}]}}