{"id":37279,"date":"2013-05-22T00:00:01","date_gmt":"2013-05-21T23:00:01","guid":{"rendered":"https:\/\/ownetic.com\/wydarzenia\/?p=37279"},"modified":"2013-06-22T22:35:36","modified_gmt":"2013-06-22T21:35:36","slug":"witoslaw-czerwonka-zrodla-csw-laznia-2-gdansk","status":"publish","type":"post","link":"https:\/\/ownetic.com\/wydarzenia\/2013\/05\/witoslaw-czerwonka-zrodla-csw-laznia-2-gdansk\/","title":{"rendered":"Witos\u0142aw Czerwonka. \u0179r\u00f3d\u0142a"},"content":{"rendered":"<p>Podstaw\u0105 projektu <em>\u0179r\u00f3d\u0142a<\/em> by\u0142a pocz\u0105tkowo konfrontacja j\u0119zyk\u00f3w sztuki rejestruj\u0105cej w spos\u00f3b obiektywny rzeczywisto\u015b\u0107 i spostrze\u017cenia czym taki obiektywizm z lat 70-tych r\u00f3\u017cni si\u0119 od tego obecnego, definiowanego przez media cyfrowe. Projekt Witos\u0142awa Czerwonki <em>\u0179r\u00f3d\u0142a<\/em> odnosi si\u0119, pomimo pozoru ca\u0142kowitej obiektywizacji do kwestii przemian spo\u0142eczno-gospodarczych, zachodz\u0105cych w ostatnich 10 latach w Nowym Porcie.<\/p>\n<figure id=\"attachment_37281\" aria-describedby=\"caption-attachment-37281\" style=\"width: 576px\" class=\"wp-caption alignnone\"><a href=\"https:\/\/ownetic.com\/wydarzenia\/2013\/05\/witoslaw-czerwonka-zrodla-csw-laznia-2-gdansk\/witoslaw-czerwonka-fot-krzysztof-miekus-2013-05-09-002\/\" rel=\"attachment wp-att-37281\"><img loading=\"lazy\" class=\"size-medium wp-image-37281\" title=\"Witos\u0142aw Czerwonka, fot. Krzysztof Mi\u0119kus (\u017ar\u00f3d\u0142o: materia\u0142y prasowe organizatora)\" src=\"https:\/\/ownetic.com\/wydarzenia\/wp-content\/uploads\/2013\/05\/witoslaw-czerwonka-fot-krzysztof-miekus-2013-05-09-002-576x384.jpg\" alt=\"Witos\u0142aw Czerwonka, fot. Krzysztof Mi\u0119kus (\u017ar\u00f3d\u0142o: materia\u0142y prasowe organizatora)\" width=\"576\" height=\"384\" \/><\/a><figcaption id=\"caption-attachment-37281\" class=\"wp-caption-text\">Witos\u0142aw Czerwonka, fot. Krzysztof Mi\u0119kus (\u017ar\u00f3d\u0142o: materia\u0142y prasowe organizatora)<\/figcaption><\/figure>\n<p><em>B\u0142\u0105dzenie losowe<\/em> \u2013 najnowszy projekt artystyczny Witos\u0142awa Czerwonki, profesora pracowni Intermedi\u00f3w gda\u0144skiej ASP po\u015bwi\u0119cony jest historii wsp\u00f3\u0142czesnej obumieraj\u0105cej dzielnicy Nowy Port w Gda\u0144sku, gdzie raptem kilka miesi\u0119cy temu otwarto now\u0105 plac\u00f3wk\u0119 kulturaln\u0105 \u0141a\u017ania 2, przy ulicy Doker\u00f3w 5.<\/p>\n<div id='gallery-1' class='gallery galleryid-37279 gallery-columns-5 gallery-size-thumbnail'><figure class='gallery-item'>\n\t\t\t<div class='gallery-icon '>\n\t\t\t\t<a href='https:\/\/ownetic.com\/wydarzenia\/2013\/05\/witoslaw-czerwonka-zrodla-csw-laznia-2-gdansk\/witoslaw-czerwonka-zrodla-csw-laznia-2-gdansk-fot-krzysztof-miekus-2013-05-09-003\/'><img width=\"1\" height=\"1\" src=\"https:\/\/ownetic.com\/wydarzenia\/wp-content\/uploads\/2013\/05\/witoslaw-czerwonka-zrodla-csw-laznia-2-gdansk-fot-krzysztof-miekus-2013-05-09-003.jpg\" class=\"attachment-thumbnail size-thumbnail\" alt=\"Witos\u0142aw Czerwonka, wystawa \u201e\u0179r\u00f3d\u0142a\u201d, CSW \u0141a\u017ania 2 w Gda\u0144sku, fot. Krzysztof Mi\u0119kus (\u017ar\u00f3d\u0142o: materia\u0142y prasowe organizatora)\" loading=\"lazy\" aria-describedby=\"gallery-1-38884\" \/><\/a>\n\t\t\t<\/div>\n\t\t\t\t<figcaption class='wp-caption-text gallery-caption' id='gallery-1-38884'>\n\t\t\t\tWitos\u0142aw Czerwonka, wystawa \u201e\u0179r\u00f3d\u0142a\u201d, CSW \u0141a\u017ania 2 w Gda\u0144sku, fot. Krzysztof Mi\u0119kus (\u017ar\u00f3d\u0142o: materia\u0142y prasowe organizatora)\n\t\t\t\t<\/figcaption><\/figure><figure class='gallery-item'>\n\t\t\t<div class='gallery-icon '>\n\t\t\t\t<a href='https:\/\/ownetic.com\/wydarzenia\/2013\/05\/witoslaw-czerwonka-zrodla-csw-laznia-2-gdansk\/witoslaw-czerwonka-2013-05-09-006\/'><img width=\"1\" height=\"1\" src=\"https:\/\/ownetic.com\/wydarzenia\/wp-content\/uploads\/2013\/05\/witoslaw-czerwonka-2013-05-09-006.jpg\" class=\"attachment-thumbnail size-thumbnail\" alt=\"Fot. Witos\u0142aw Czerwonka, wystawa \u201e\u0179r\u00f3d\u0142a\u201d, CSW \u0141a\u017ania 2 w Gda\u0144sku (\u017ar\u00f3d\u0142o: materia\u0142y prasowe organizatora)\" loading=\"lazy\" aria-describedby=\"gallery-1-38883\" \/><\/a>\n\t\t\t<\/div>\n\t\t\t\t<figcaption class='wp-caption-text gallery-caption' id='gallery-1-38883'>\n\t\t\t\tFot. Witos\u0142aw Czerwonka, wystawa \u201e\u0179r\u00f3d\u0142a\u201d, CSW \u0141a\u017ania 2 w Gda\u0144sku (\u017ar\u00f3d\u0142o: materia\u0142y prasowe organizatora)\n\t\t\t\t<\/figcaption><\/figure><figure class='gallery-item'>\n\t\t\t<div class='gallery-icon '>\n\t\t\t\t<a href='https:\/\/ownetic.com\/wydarzenia\/2013\/05\/witoslaw-czerwonka-zrodla-csw-laznia-2-gdansk\/witoslaw-czerwonka-2013-05-09-007\/'><img width=\"1\" height=\"1\" src=\"https:\/\/ownetic.com\/wydarzenia\/wp-content\/uploads\/2013\/05\/witoslaw-czerwonka-2013-05-09-007.jpg\" class=\"attachment-thumbnail size-thumbnail\" alt=\"Witos\u0142aw Czerwonka (\u017ar\u00f3d\u0142o: materia\u0142y prasowe organizatora)\" loading=\"lazy\" aria-describedby=\"gallery-1-37298\" \/><\/a>\n\t\t\t<\/div>\n\t\t\t\t<figcaption class='wp-caption-text gallery-caption' id='gallery-1-37298'>\n\t\t\t\tWitos\u0142aw Czerwonka (\u017ar\u00f3d\u0142o: materia\u0142y prasowe organizatora)\n\t\t\t\t<\/figcaption><\/figure><figure class='gallery-item'>\n\t\t\t<div class='gallery-icon '>\n\t\t\t\t<a href='https:\/\/ownetic.com\/wydarzenia\/2013\/05\/witoslaw-czerwonka-zrodla-csw-laznia-2-gdansk\/witoslaw-czerwonka-2013-05-09-005\/'><img width=\"1\" height=\"1\" src=\"https:\/\/ownetic.com\/wydarzenia\/wp-content\/uploads\/2013\/05\/witoslaw-czerwonka-2013-05-09-005.jpg\" class=\"attachment-thumbnail size-thumbnail\" alt=\"Fot. Witos\u0142aw Czerwonka, wystawa \u201e\u0179r\u00f3d\u0142a\u201d, CSW \u0141a\u017ania 2 w Gda\u0144sku (\u017ar\u00f3d\u0142o: materia\u0142y prasowe organizatora)\" loading=\"lazy\" aria-describedby=\"gallery-1-37296\" \/><\/a>\n\t\t\t<\/div>\n\t\t\t\t<figcaption class='wp-caption-text gallery-caption' id='gallery-1-37296'>\n\t\t\t\tFot. Witos\u0142aw Czerwonka, wystawa \u201e\u0179r\u00f3d\u0142a\u201d, CSW \u0141a\u017ania 2 w Gda\u0144sku (\u017ar\u00f3d\u0142o: materia\u0142y prasowe organizatora)\n\t\t\t\t<\/figcaption><\/figure><figure class='gallery-item'>\n\t\t\t<div class='gallery-icon '>\n\t\t\t\t<a href='https:\/\/ownetic.com\/wydarzenia\/2013\/05\/witoslaw-czerwonka-zrodla-csw-laznia-2-gdansk\/witoslaw-czerwonka-2013-05-09-004\/'><img width=\"1\" height=\"1\" src=\"https:\/\/ownetic.com\/wydarzenia\/wp-content\/uploads\/2013\/05\/witoslaw-czerwonka-2013-05-09-004.jpg\" class=\"attachment-thumbnail size-thumbnail\" alt=\"Fot. Witos\u0142aw Czerwonka, wystawa \u201e\u0179r\u00f3d\u0142a\u201d, CSW \u0141a\u017ania 2 w Gda\u0144sku (\u017ar\u00f3d\u0142o: materia\u0142y prasowe organizatora)\" loading=\"lazy\" aria-describedby=\"gallery-1-37295\" \/><\/a>\n\t\t\t<\/div>\n\t\t\t\t<figcaption class='wp-caption-text gallery-caption' id='gallery-1-37295'>\n\t\t\t\tFot. Witos\u0142aw Czerwonka, wystawa \u201e\u0179r\u00f3d\u0142a\u201d, CSW \u0141a\u017ania 2 w Gda\u0144sku (\u017ar\u00f3d\u0142o: materia\u0142y prasowe organizatora)\n\t\t\t\t<\/figcaption><\/figure><figure class='gallery-item'>\n\t\t\t<div class='gallery-icon '>\n\t\t\t\t<a href='https:\/\/ownetic.com\/wydarzenia\/2013\/05\/witoslaw-czerwonka-zrodla-csw-laznia-2-gdansk\/witoslaw-czerwonka-2013-05-09-003\/'><img width=\"1\" height=\"1\" src=\"https:\/\/ownetic.com\/wydarzenia\/wp-content\/uploads\/2013\/05\/witoslaw-czerwonka-2013-05-09-003.jpg\" class=\"attachment-thumbnail size-thumbnail\" alt=\"Fot. Witos\u0142aw Czerwonka, wystawa \u201e\u0179r\u00f3d\u0142a\u201d, CSW \u0141a\u017ania 2 w Gda\u0144sku (\u017ar\u00f3d\u0142o: materia\u0142y prasowe organizatora)\" loading=\"lazy\" aria-describedby=\"gallery-1-37294\" \/><\/a>\n\t\t\t<\/div>\n\t\t\t\t<figcaption class='wp-caption-text gallery-caption' id='gallery-1-37294'>\n\t\t\t\tFot. Witos\u0142aw Czerwonka, wystawa \u201e\u0179r\u00f3d\u0142a\u201d, CSW \u0141a\u017ania 2 w Gda\u0144sku (\u017ar\u00f3d\u0142o: materia\u0142y prasowe organizatora)\n\t\t\t\t<\/figcaption><\/figure><figure class='gallery-item'>\n\t\t\t<div class='gallery-icon '>\n\t\t\t\t<a href='https:\/\/ownetic.com\/wydarzenia\/2013\/05\/witoslaw-czerwonka-zrodla-csw-laznia-2-gdansk\/witoslaw-czerwonka-2013-05-09-002\/'><img width=\"1\" height=\"1\" src=\"https:\/\/ownetic.com\/wydarzenia\/wp-content\/uploads\/2013\/05\/witoslaw-czerwonka-2013-05-09-002.jpg\" class=\"attachment-thumbnail size-thumbnail\" alt=\"Fot. Witos\u0142aw Czerwonka, wystawa \u201e\u0179r\u00f3d\u0142a\u201d, CSW \u0141a\u017ania 2 w Gda\u0144sku (\u017ar\u00f3d\u0142o: materia\u0142y prasowe organizatora)\" loading=\"lazy\" aria-describedby=\"gallery-1-37293\" \/><\/a>\n\t\t\t<\/div>\n\t\t\t\t<figcaption class='wp-caption-text gallery-caption' id='gallery-1-37293'>\n\t\t\t\tFot. Witos\u0142aw Czerwonka, wystawa \u201e\u0179r\u00f3d\u0142a\u201d, CSW \u0141a\u017ania 2 w Gda\u0144sku (\u017ar\u00f3d\u0142o: materia\u0142y prasowe organizatora)\n\t\t\t\t<\/figcaption><\/figure><figure class='gallery-item'>\n\t\t\t<div class='gallery-icon '>\n\t\t\t\t<a href='https:\/\/ownetic.com\/wydarzenia\/2013\/05\/witoslaw-czerwonka-zrodla-csw-laznia-2-gdansk\/witoslaw-czerwonka-2013-05-09-001\/'><img width=\"1\" height=\"1\" src=\"https:\/\/ownetic.com\/wydarzenia\/wp-content\/uploads\/2013\/05\/witoslaw-czerwonka-2013-05-09-001.jpg\" class=\"attachment-thumbnail size-thumbnail\" alt=\"Fot. Witos\u0142aw Czerwonka, wystawa \u201e\u0179r\u00f3d\u0142a\u201d, CSW \u0141a\u017ania 2 w Gda\u0144sku (\u017ar\u00f3d\u0142o: materia\u0142y prasowe organizatora)\" loading=\"lazy\" aria-describedby=\"gallery-1-37292\" \/><\/a>\n\t\t\t<\/div>\n\t\t\t\t<figcaption class='wp-caption-text gallery-caption' id='gallery-1-37292'>\n\t\t\t\tFot. Witos\u0142aw Czerwonka, wystawa \u201e\u0179r\u00f3d\u0142a\u201d, CSW \u0141a\u017ania 2 w Gda\u0144sku (\u017ar\u00f3d\u0142o: materia\u0142y prasowe organizatora)\n\t\t\t\t<\/figcaption><\/figure><figure class='gallery-item'>\n\t\t\t<div class='gallery-icon '>\n\t\t\t\t<a href='https:\/\/ownetic.com\/wydarzenia\/2013\/05\/witoslaw-czerwonka-zrodla-csw-laznia-2-gdansk\/witoslaw-czerwonka-zrodla-csw-laznia-2-wernisaz-gdansk-fot-krzysztof-miekus-2013-05-09-006\/'><img width=\"1\" height=\"1\" src=\"https:\/\/ownetic.com\/wydarzenia\/wp-content\/uploads\/2013\/05\/witoslaw-czerwonka-zrodla-csw-laznia-2-wernisaz-gdansk-fot-krzysztof-miekus-2013-05-09-006.jpg\" class=\"attachment-thumbnail size-thumbnail\" alt=\"Witos\u0142aw Czerwonka, wystawa \u201e\u0179r\u00f3d\u0142a\u201d, CSW \u0141a\u017ania 2 w Gda\u0144sku, wernisa\u017c, fot. Krzysztof Mi\u0119kus (\u017ar\u00f3d\u0142o: materia\u0142y prasowe organizatora)\" loading=\"lazy\" aria-describedby=\"gallery-1-37291\" \/><\/a>\n\t\t\t<\/div>\n\t\t\t\t<figcaption class='wp-caption-text gallery-caption' id='gallery-1-37291'>\n\t\t\t\tWitos\u0142aw Czerwonka, wystawa \u201e\u0179r\u00f3d\u0142a\u201d, CSW \u0141a\u017ania 2 w Gda\u0144sku, wernisa\u017c, fot. Krzysztof Mi\u0119kus (\u017ar\u00f3d\u0142o: materia\u0142y prasowe organizatora)\n\t\t\t\t<\/figcaption><\/figure><figure class='gallery-item'>\n\t\t\t<div class='gallery-icon '>\n\t\t\t\t<a href='https:\/\/ownetic.com\/wydarzenia\/2013\/05\/witoslaw-czerwonka-zrodla-csw-laznia-2-gdansk\/witoslaw-czerwonka-zrodla-csw-laznia-2-wernisaz-gdansk-fot-krzysztof-miekus-2013-05-09-005\/'><img width=\"1\" height=\"1\" src=\"https:\/\/ownetic.com\/wydarzenia\/wp-content\/uploads\/2013\/05\/witoslaw-czerwonka-zrodla-csw-laznia-2-wernisaz-gdansk-fot-krzysztof-miekus-2013-05-09-005.jpg\" class=\"attachment-thumbnail size-thumbnail\" alt=\"Witos\u0142aw Czerwonka, wystawa \u201e\u0179r\u00f3d\u0142a\u201d, CSW \u0141a\u017ania 2 w Gda\u0144sku, wernisa\u017c, fot. Krzysztof Mi\u0119kus (\u017ar\u00f3d\u0142o: materia\u0142y prasowe organizatora)\" loading=\"lazy\" aria-describedby=\"gallery-1-37290\" \/><\/a>\n\t\t\t<\/div>\n\t\t\t\t<figcaption class='wp-caption-text gallery-caption' id='gallery-1-37290'>\n\t\t\t\tWitos\u0142aw Czerwonka, wystawa \u201e\u0179r\u00f3d\u0142a\u201d, CSW \u0141a\u017ania 2 w Gda\u0144sku, wernisa\u017c, fot. Krzysztof Mi\u0119kus (\u017ar\u00f3d\u0142o: materia\u0142y prasowe organizatora)\n\t\t\t\t<\/figcaption><\/figure><figure class='gallery-item'>\n\t\t\t<div class='gallery-icon '>\n\t\t\t\t<a href='https:\/\/ownetic.com\/wydarzenia\/2013\/05\/witoslaw-czerwonka-zrodla-csw-laznia-2-gdansk\/witoslaw-czerwonka-zrodla-csw-laznia-2-wernisaz-gdansk-fot-krzysztof-miekus-2013-05-09-004\/'><img width=\"1\" height=\"1\" src=\"https:\/\/ownetic.com\/wydarzenia\/wp-content\/uploads\/2013\/05\/witoslaw-czerwonka-zrodla-csw-laznia-2-wernisaz-gdansk-fot-krzysztof-miekus-2013-05-09-004.jpg\" class=\"attachment-thumbnail size-thumbnail\" alt=\"Witos\u0142aw Czerwonka, wystawa \u201e\u0179r\u00f3d\u0142a\u201d, CSW \u0141a\u017ania 2 w Gda\u0144sku, wernisa\u017c, fot. Krzysztof Mi\u0119kus (\u017ar\u00f3d\u0142o: materia\u0142y prasowe organizatora)\" loading=\"lazy\" aria-describedby=\"gallery-1-37289\" \/><\/a>\n\t\t\t<\/div>\n\t\t\t\t<figcaption class='wp-caption-text gallery-caption' id='gallery-1-37289'>\n\t\t\t\tWitos\u0142aw Czerwonka, wystawa \u201e\u0179r\u00f3d\u0142a\u201d, CSW \u0141a\u017ania 2 w Gda\u0144sku, wernisa\u017c, fot. Krzysztof Mi\u0119kus (\u017ar\u00f3d\u0142o: materia\u0142y prasowe organizatora)\n\t\t\t\t<\/figcaption><\/figure><figure class='gallery-item'>\n\t\t\t<div class='gallery-icon '>\n\t\t\t\t<a href='https:\/\/ownetic.com\/wydarzenia\/2013\/05\/witoslaw-czerwonka-zrodla-csw-laznia-2-gdansk\/witoslaw-czerwonka-zrodla-csw-laznia-2-wernisaz-gdansk-fot-krzysztof-miekus-2013-05-09-003\/'><img width=\"1\" height=\"1\" src=\"https:\/\/ownetic.com\/wydarzenia\/wp-content\/uploads\/2013\/05\/witoslaw-czerwonka-zrodla-csw-laznia-2-wernisaz-gdansk-fot-krzysztof-miekus-2013-05-09-003.jpg\" class=\"attachment-thumbnail size-thumbnail\" alt=\"Witos\u0142aw Czerwonka, wystawa \u201e\u0179r\u00f3d\u0142a\u201d, CSW \u0141a\u017ania 2 w Gda\u0144sku, wernisa\u017c, fot. Krzysztof Mi\u0119kus (\u017ar\u00f3d\u0142o: materia\u0142y prasowe organizatora)\" loading=\"lazy\" aria-describedby=\"gallery-1-37288\" \/><\/a>\n\t\t\t<\/div>\n\t\t\t\t<figcaption class='wp-caption-text gallery-caption' id='gallery-1-37288'>\n\t\t\t\tWitos\u0142aw Czerwonka, wystawa \u201e\u0179r\u00f3d\u0142a\u201d, CSW \u0141a\u017ania 2 w Gda\u0144sku, wernisa\u017c, fot. Krzysztof Mi\u0119kus (\u017ar\u00f3d\u0142o: materia\u0142y prasowe organizatora)\n\t\t\t\t<\/figcaption><\/figure><figure class='gallery-item'>\n\t\t\t<div class='gallery-icon '>\n\t\t\t\t<a href='https:\/\/ownetic.com\/wydarzenia\/2013\/05\/witoslaw-czerwonka-zrodla-csw-laznia-2-gdansk\/witoslaw-czerwonka-zrodla-csw-laznia-2-wernisaz-gdansk-fot-krzysztof-miekus-2013-05-09-002\/'><img width=\"1\" height=\"1\" src=\"https:\/\/ownetic.com\/wydarzenia\/wp-content\/uploads\/2013\/05\/witoslaw-czerwonka-zrodla-csw-laznia-2-wernisaz-gdansk-fot-krzysztof-miekus-2013-05-09-002.jpg\" class=\"attachment-thumbnail size-thumbnail\" alt=\"Witos\u0142aw Czerwonka, wystawa \u201e\u0179r\u00f3d\u0142a\u201d, CSW \u0141a\u017ania 2 w Gda\u0144sku, wernisa\u017c, fot. Krzysztof Mi\u0119kus (\u017ar\u00f3d\u0142o: materia\u0142y prasowe organizatora)\" loading=\"lazy\" aria-describedby=\"gallery-1-37287\" \/><\/a>\n\t\t\t<\/div>\n\t\t\t\t<figcaption class='wp-caption-text gallery-caption' id='gallery-1-37287'>\n\t\t\t\tWitos\u0142aw Czerwonka, wystawa \u201e\u0179r\u00f3d\u0142a\u201d, CSW \u0141a\u017ania 2 w Gda\u0144sku, wernisa\u017c, fot. Krzysztof Mi\u0119kus (\u017ar\u00f3d\u0142o: materia\u0142y prasowe organizatora)\n\t\t\t\t<\/figcaption><\/figure><figure class='gallery-item'>\n\t\t\t<div class='gallery-icon '>\n\t\t\t\t<a href='https:\/\/ownetic.com\/wydarzenia\/2013\/05\/witoslaw-czerwonka-zrodla-csw-laznia-2-gdansk\/witoslaw-czerwonka-zrodla-csw-laznia-2-wernisaz-gdansk-fot-krzysztof-miekus-2013-05-09-001\/'><img width=\"1\" height=\"1\" src=\"https:\/\/ownetic.com\/wydarzenia\/wp-content\/uploads\/2013\/05\/witoslaw-czerwonka-zrodla-csw-laznia-2-wernisaz-gdansk-fot-krzysztof-miekus-2013-05-09-001.jpg\" class=\"attachment-thumbnail size-thumbnail\" alt=\"Witos\u0142aw Czerwonka, wystawa \u201e\u0179r\u00f3d\u0142a\u201d, CSW \u0141a\u017ania 2 w Gda\u0144sku, wernisa\u017c, fot. Krzysztof Mi\u0119kus (\u017ar\u00f3d\u0142o: materia\u0142y prasowe organizatora)\" loading=\"lazy\" aria-describedby=\"gallery-1-37286\" \/><\/a>\n\t\t\t<\/div>\n\t\t\t\t<figcaption class='wp-caption-text gallery-caption' id='gallery-1-37286'>\n\t\t\t\tWitos\u0142aw Czerwonka, wystawa \u201e\u0179r\u00f3d\u0142a\u201d, CSW \u0141a\u017ania 2 w Gda\u0144sku, wernisa\u017c, fot. Krzysztof Mi\u0119kus (\u017ar\u00f3d\u0142o: materia\u0142y prasowe organizatora)\n\t\t\t\t<\/figcaption><\/figure><figure class='gallery-item'>\n\t\t\t<div class='gallery-icon landscape'>\n\t\t\t\t<a href='https:\/\/ownetic.com\/wydarzenia\/2013\/05\/witoslaw-czerwonka-zrodla-csw-laznia-2-gdansk\/witoslaw-czerwonka-zrodla-csw-laznia-2-gdansk-fot-krzysztof-miekus-2013-05-09-004\/'><img width=\"260\" height=\"173\" src=\"https:\/\/ownetic.com\/wydarzenia\/wp-content\/uploads\/2013\/05\/witoslaw-czerwonka-zrodla-csw-laznia-2-gdansk-fot-krzysztof-miekus-2013-05-09-004.jpg\" class=\"attachment-thumbnail size-thumbnail\" alt=\"Witos\u0142aw Czerwonka, wystawa \u201e\u0179r\u00f3d\u0142a\u201d, CSW \u0141a\u017ania 2 w Gda\u0144sku, fot. Krzysztof Mi\u0119kus (\u017ar\u00f3d\u0142o: materia\u0142y prasowe organizatora)\" loading=\"lazy\" aria-describedby=\"gallery-1-37285\" \/><\/a>\n\t\t\t<\/div>\n\t\t\t\t<figcaption class='wp-caption-text gallery-caption' id='gallery-1-37285'>\n\t\t\t\tWitos\u0142aw Czerwonka, wystawa \u201e\u0179r\u00f3d\u0142a\u201d, CSW \u0141a\u017ania 2 w Gda\u0144sku, fot. Krzysztof Mi\u0119kus (\u017ar\u00f3d\u0142o: materia\u0142y prasowe organizatora)\n\t\t\t\t<\/figcaption><\/figure><figure class='gallery-item'>\n\t\t\t<div class='gallery-icon '>\n\t\t\t\t<a href='https:\/\/ownetic.com\/wydarzenia\/2013\/05\/witoslaw-czerwonka-zrodla-csw-laznia-2-gdansk\/witoslaw-czerwonka-zrodla-csw-laznia-2-gdansk-fot-krzysztof-miekus-2013-05-09-002\/'><img width=\"1\" height=\"1\" src=\"https:\/\/ownetic.com\/wydarzenia\/wp-content\/uploads\/2013\/05\/witoslaw-czerwonka-zrodla-csw-laznia-2-gdansk-fot-krzysztof-miekus-2013-05-09-002.jpg\" class=\"attachment-thumbnail size-thumbnail\" alt=\"Witos\u0142aw Czerwonka, wystawa \u201e\u0179r\u00f3d\u0142a\u201d, CSW \u0141a\u017ania 2 w Gda\u0144sku, fot. Krzysztof Mi\u0119kus (\u017ar\u00f3d\u0142o: materia\u0142y prasowe organizatora)\" loading=\"lazy\" aria-describedby=\"gallery-1-37283\" \/><\/a>\n\t\t\t<\/div>\n\t\t\t\t<figcaption class='wp-caption-text gallery-caption' id='gallery-1-37283'>\n\t\t\t\tWitos\u0142aw Czerwonka, wystawa \u201e\u0179r\u00f3d\u0142a\u201d, CSW \u0141a\u017ania 2 w Gda\u0144sku, fot. Krzysztof Mi\u0119kus (\u017ar\u00f3d\u0142o: materia\u0142y prasowe organizatora)\n\t\t\t\t<\/figcaption><\/figure><figure class='gallery-item'>\n\t\t\t<div class='gallery-icon '>\n\t\t\t\t<a href='https:\/\/ownetic.com\/wydarzenia\/2013\/05\/witoslaw-czerwonka-zrodla-csw-laznia-2-gdansk\/witoslaw-czerwonka-zrodla-csw-laznia-2-gdansk-fot-krzysztof-miekus-2013-05-09-001\/'><img width=\"1\" height=\"1\" src=\"https:\/\/ownetic.com\/wydarzenia\/wp-content\/uploads\/2013\/05\/witoslaw-czerwonka-zrodla-csw-laznia-2-gdansk-fot-krzysztof-miekus-2013-05-09-001.jpg\" class=\"attachment-thumbnail size-thumbnail\" alt=\"Witos\u0142aw Czerwonka, wystawa \u201e\u0179r\u00f3d\u0142a\u201d, CSW \u0141a\u017ania 2 w Gda\u0144sku, fot. Krzysztof Mi\u0119kus (\u017ar\u00f3d\u0142o: materia\u0142y prasowe organizatora)\" loading=\"lazy\" aria-describedby=\"gallery-1-37282\" \/><\/a>\n\t\t\t<\/div>\n\t\t\t\t<figcaption class='wp-caption-text gallery-caption' id='gallery-1-37282'>\n\t\t\t\tWitos\u0142aw Czerwonka, wystawa \u201e\u0179r\u00f3d\u0142a\u201d, CSW \u0141a\u017ania 2 w Gda\u0144sku, fot. Krzysztof Mi\u0119kus (\u017ar\u00f3d\u0142o: materia\u0142y prasowe organizatora)\n\t\t\t\t<\/figcaption><\/figure><figure class='gallery-item'>\n\t\t\t<div class='gallery-icon '>\n\t\t\t\t<a href='https:\/\/ownetic.com\/wydarzenia\/2013\/05\/witoslaw-czerwonka-zrodla-csw-laznia-2-gdansk\/witoslaw-czerwonka-fot-krzysztof-miekus-2013-05-09-002\/'><img width=\"1\" height=\"1\" src=\"https:\/\/ownetic.com\/wydarzenia\/wp-content\/uploads\/2013\/05\/witoslaw-czerwonka-fot-krzysztof-miekus-2013-05-09-002.jpg\" class=\"attachment-thumbnail size-thumbnail\" alt=\"Witos\u0142aw Czerwonka, fot. Krzysztof Mi\u0119kus (\u017ar\u00f3d\u0142o: materia\u0142y prasowe organizatora)\" loading=\"lazy\" aria-describedby=\"gallery-1-37281\" \/><\/a>\n\t\t\t<\/div>\n\t\t\t\t<figcaption class='wp-caption-text gallery-caption' id='gallery-1-37281'>\n\t\t\t\tWitos\u0142aw Czerwonka, fot. Krzysztof Mi\u0119kus (\u017ar\u00f3d\u0142o: materia\u0142y prasowe organizatora)\n\t\t\t\t<\/figcaption><\/figure><figure class='gallery-item'>\n\t\t\t<div class='gallery-icon '>\n\t\t\t\t<a href='https:\/\/ownetic.com\/wydarzenia\/2013\/05\/witoslaw-czerwonka-zrodla-csw-laznia-2-gdansk\/witoslaw-czerwonka-fot-krzysztof-miekus-2013-05-09-001\/'><img width=\"1\" height=\"1\" src=\"https:\/\/ownetic.com\/wydarzenia\/wp-content\/uploads\/2013\/05\/witoslaw-czerwonka-fot-krzysztof-miekus-2013-05-09-001.jpg\" class=\"attachment-thumbnail size-thumbnail\" alt=\"Witos\u0142aw Czerwonka, fot. Krzysztof Mi\u0119kus (\u017ar\u00f3d\u0142o: materia\u0142y prasowe organizatora)\" loading=\"lazy\" aria-describedby=\"gallery-1-37280\" \/><\/a>\n\t\t\t<\/div>\n\t\t\t\t<figcaption class='wp-caption-text gallery-caption' id='gallery-1-37280'>\n\t\t\t\tWitos\u0142aw Czerwonka, fot. Krzysztof Mi\u0119kus (\u017ar\u00f3d\u0142o: materia\u0142y prasowe organizatora)\n\t\t\t\t<\/figcaption><\/figure>\n\t\t<\/div>\n\n<p>42 sceny <em>widok\u00f3w panoramicznych dzielnicy<\/em> w\u0142a\u015bnie poprzez brak jakichkolwiek scen ukazuj\u0105cych relacje mi\u0119dzyludzkie oraz danych (bo sk\u0105d je wzi\u0105\u0107) dotycz\u0105cych inwestycyjnych bud\u00f3w, miejsc odpoczynku, pracy czy rozrywki rdzennych mieszka\u0144c\u00f3w dzielnicy projekt ten porusza problemy degradacji grup spo\u0142ecznych nie zwi\u0105zanych z obecnymi planami inwestycyjnymi, problemy wykluczenia, bezdomno\u015bci i likwidacji podstaw samoidentyfikacji, kt\u00f3re zwi\u0105zane by\u0142y z tradycj\u0105 pracy w gospodarce narodowej, w porcie, na nabrze\u017cu, w magazynach, w knajpach, na rynku handlu wymiennego.<\/p>\n<figure id=\"attachment_38883\" aria-describedby=\"caption-attachment-38883\" style=\"width: 576px\" class=\"wp-caption alignnone\"><a href=\"https:\/\/ownetic.com\/wydarzenia\/2013\/05\/witoslaw-czerwonka-zrodla-csw-laznia-2-gdansk\/witoslaw-czerwonka-2013-05-09-006\/\" rel=\"attachment wp-att-38883\"><img loading=\"lazy\" class=\"size-medium wp-image-38883\" title=\"Fot. Witos\u0142aw Czerwonka, wystawa \u201e\u0179r\u00f3d\u0142a\u201d, CSW \u0141a\u017ania 2 w Gda\u0144sku (\u017ar\u00f3d\u0142o: materia\u0142y prasowe organizatora)\" src=\"https:\/\/ownetic.com\/wydarzenia\/wp-content\/uploads\/2013\/05\/witoslaw-czerwonka-2013-05-09-006-576x768.jpg\" alt=\"Fot. Witos\u0142aw Czerwonka, wystawa \u201e\u0179r\u00f3d\u0142a\u201d, CSW \u0141a\u017ania 2 w Gda\u0144sku (\u017ar\u00f3d\u0142o: materia\u0142y prasowe organizatora)\" width=\"576\" height=\"768\" \/><\/a><figcaption id=\"caption-attachment-38883\" class=\"wp-caption-text\">Fot. Witos\u0142aw Czerwonka, wystawa \u201e\u0179r\u00f3d\u0142a\u201d, CSW \u0141a\u017ania 2 w Gda\u0144sku (\u017ar\u00f3d\u0142o: materia\u0142y prasowe organizatora)<\/figcaption><\/figure>\n<p>Po przekszta\u0142ceniu tego terenu w anonimowe grunty na sprzeda\u017c , zajmuj\u0105ce ponad 40 hektar\u00f3w czyli 2\/3 dzielnicy Nowy Port, odgrodzone wysokim ogrodzeniem od mieszka\u0144c\u00f3w, kt\u00f3rzy przez 300 lat tworzyli to\u017csamo\u015b\u0107 tego miejsca przesta\u0142y by\u0107 ich udzia\u0142em, cz\u0119\u015bci\u0105 ich historii i egzystencji, lu\u017ano tylko i przypadkowo zwi\u0105zanej z tym co oznacza ich \u017cycie, spe\u0142nienie, r\u00f3wnowag\u0119 uzyskan\u0105 poprzez wypowiadanie si\u0119 spo\u0142eczne w j\u0119zykach sztuki i innych oznaczaj\u0105cych pozytywn\u0105 integracj\u0119 \u015bwiatopogl\u0105du \u017cycia z polityk\u0105. Tak wi\u0119c laboratoryjny projekt galeryjny ma szans\u0119 sta\u0107 si\u0119 elementem wizualnego archiwum dzielnicy, punktem wyj\u015bcia gry ulicznej, partytur\u0105 spaceru.<\/p>\n<p>Wystawa profesora Katedry Intermedi\u00f3w Wydzia\u0142u Rze\u017aby gda\u0144skiej ASP, wychowawcy ca\u0142ego pokolenia gda\u0144skich artyst\u00f3w, pos\u0142uguj\u0105cych si\u0119 nowymi mediami. We wn\u0119trzu \u0141a\u017ani 2 zostanie zaprezentowana ekspozycja nowych prac fotograficznych oraz wideo tego artysty, kt\u00f3re jednak odwo\u0142uj\u0105 si\u0119 do jego wcze\u015bniejszych realizacji, traktowanych jako estetyczny punkt wyj\u015bcia. Cz\u0119\u015b\u0107 tego projektu nawi\u0105zywa\u0107 b\u0119dzie do gda\u0144skiej dzielnicy Nowy Port, kt\u00f3r\u0105 artysta traktuje jako obszar swej medytacji. Aran\u017cacja projektu w przestrzeni \u0141a\u017ani 2 b\u0119dzie mia\u0142a charakter dzia\u0142ania site-specific.<\/p>\n<figure id=\"attachment_38884\" aria-describedby=\"caption-attachment-38884\" style=\"width: 576px\" class=\"wp-caption alignnone\"><a href=\"https:\/\/ownetic.com\/wydarzenia\/2013\/05\/witoslaw-czerwonka-zrodla-csw-laznia-2-gdansk\/witoslaw-czerwonka-zrodla-csw-laznia-2-gdansk-fot-krzysztof-miekus-2013-05-09-003\/\" rel=\"attachment wp-att-38884\"><img loading=\"lazy\" class=\"size-medium wp-image-38884\" title=\"Witos\u0142aw Czerwonka, wystawa \u201e\u0179r\u00f3d\u0142a\u201d, CSW \u0141a\u017ania 2 w Gda\u0144sku, fot. Krzysztof Mi\u0119kus (\u017ar\u00f3d\u0142o: materia\u0142y prasowe organizatora)\" src=\"https:\/\/ownetic.com\/wydarzenia\/wp-content\/uploads\/2013\/05\/witoslaw-czerwonka-zrodla-csw-laznia-2-gdansk-fot-krzysztof-miekus-2013-05-09-003-576x384.jpg\" alt=\"Witos\u0142aw Czerwonka, wystawa \u201e\u0179r\u00f3d\u0142a\u201d, CSW \u0141a\u017ania 2 w Gda\u0144sku, fot. Krzysztof Mi\u0119kus (\u017ar\u00f3d\u0142o: materia\u0142y prasowe organizatora)\" width=\"576\" height=\"384\" \/><\/a><figcaption id=\"caption-attachment-38884\" class=\"wp-caption-text\">Witos\u0142aw Czerwonka, wystawa \u201e\u0179r\u00f3d\u0142a\u201d, CSW \u0141a\u017ania 2 w Gda\u0144sku, fot. Krzysztof Mi\u0119kus (\u017ar\u00f3d\u0142o: materia\u0142y prasowe organizatora)<\/figcaption><\/figure>\n<p><strong>Witos\u0142aw Czerwonka<\/strong> urodzi\u0142 si\u0119 4 czerwca 1949 roku we Wroc\u0142awiu. Studiowa\u0142 na Wydziale Malarstwa i Rze\u017aby w Pa\u0144stwowej Wy\u017cszej Szkole Sztuk Plastycznych w Gda\u0144sku, w latach 1967-72. Dyplom uzyskuje w 1972 r. w Pracowni Malarstwa prof. Jacka \u017bu\u0142awskiego oraz w Pracowni Projektowania Graficznego u docenta Witolda Janowskiego. W latach 1978-80 wraz z Adamem Harasem i Jerzym Ostrog\u00f3rskim zak\u0142ada i prowadzi galerie multimedialn\u0105 AUT w Gda\u0144sku, a nast\u0119pnie OUT w Sopocie. W latach 1980-82 wsp\u00f3\u0142tworzy z docentem Romanem Usarewiczem nowatorski program Pracowni Podstaw Projektowania, kt\u00f3ry rozwija i prowadzi, wraz z Wojciechem Zamiar\u0105 w latach 1982-93. Na bazie tych do\u015bwiadcze\u0144 powstaje Pracownia Intermedialna <em>PI<\/em>, kt\u00f3r\u0105 kieruje do dnia dzisiejszego.<\/p>\n<p>W 1995 uzyskuje tytu\u0142 profesora nadzwyczajnego a w roku 2000 tytu\u0142 profesora zwyczajnego. W latach 1990-93 pe\u0142ni\u0142 funkcj\u0119 Prorektora, a latach 1993-1999 funkcj\u0119 Dziekana Wydzia\u0142u Malarstwa i Grafiki gda\u0144skiej Akademii Sztuk Pi\u0119knych. Obecnie artysta prowadzi pracowni\u0119 Przestrzeni Audio-Video na Wydziale Rze\u017aby gda\u0144skiej ASP. Mieszka i tworzy w Sopocie. Jest artyst\u0105 multimedialnym &#8211; w zakres jego zainteresowa\u0144 wchodzi performance, film, fotografia, rysunek, instalacje i videorze\u017aby.<\/p>\n<p>Witos\u0142aw Czerwonka, <em>\u0179r\u00f3d\u0142a<\/em><br \/>\nWernisa\u017c: 26 kwietnia 2013 roku, godz. 18.00<br \/>\nWystawa potrwa do 16 czerwca 2013 roku<br \/>\n\u0141a\u017ania 2 w Nowym Porcie<br \/>\nul. Strajku Doker\u00f3w 5<br \/>\nGda\u0144sk<\/p>\n","protected":false},"excerpt":{"rendered":"<p>Podstaw\u0105 projektu <em>\u0179r\u00f3d\u0142a<\/em> by\u0142a pocz\u0105tkowo konfrontacja j\u0119zyk\u00f3w sztuki rejestruj\u0105cej w spos\u00f3b obiektywny rzeczywisto\u015b\u0107 i spostrze\u017cenia czym taki obiektywizm z lat 70-tych r\u00f3\u017cni si\u0119 od tego obecnego, definiowanego przez media cyfrowe. Projekt Witos\u0142awa Czerwonki <em>\u0179r\u00f3d\u0142a<\/em> odnosi si\u0119, pomimo pozoru ca\u0142kowitej obiektywizacji do kwestii przemian spo\u0142eczno-gospodarczych, zachodz\u0105cych w ostatnich 10 latach w Nowym Porcie.<\/p>\n","protected":false},"author":62,"featured_media":37285,"comment_status":"open","ping_status":"closed","sticky":false,"template":"","format":"standard","meta":[],"categories":[19,5],"tags":[6436,38,6435],"powerkit_post_featured":[],"yoast_head":"<!-- This site is optimized with the Yoast SEO plugin v18.7 - https:\/\/yoast.com\/wordpress\/plugins\/seo\/ -->\n<title>Witos\u0142aw Czerwonka. \u0179r\u00f3d\u0142a<\/title>\n<meta name=\"description\" content=\"Podstaw\u0105 projektu \u0179r\u00f3d\u0142a by\u0142a konfrontacja j\u0119zyk\u00f3w sztuki rejestruj\u0105cej w spos\u00f3b obiektywny rzeczywisto\u015b\u0107, autorem jest Witos\u0142aw Czerwonka.\" \/>\n<meta name=\"robots\" content=\"index, follow, max-snippet:-1, max-image-preview:large, max-video-preview:-1\" \/>\n<link rel=\"canonical\" href=\"https:\/\/ownetic.com\/wydarzenia\/2013\/05\/witoslaw-czerwonka-zrodla-csw-laznia-2-gdansk\/\" \/>\n<meta name=\"twitter:card\" content=\"summary_large_image\" \/>\n<meta name=\"twitter:title\" content=\"Witos\u0142aw Czerwonka. \u0179r\u00f3d\u0142a\" \/>\n<meta name=\"twitter:description\" content=\"Podstaw\u0105 projektu \u0179r\u00f3d\u0142a by\u0142a konfrontacja j\u0119zyk\u00f3w sztuki rejestruj\u0105cej w spos\u00f3b obiektywny rzeczywisto\u015b\u0107, autorem jest Witos\u0142aw Czerwonka.\" \/>\n<meta name=\"twitter:image\" content=\"https:\/\/ownetic.com\/wydarzenia\/wp-content\/uploads\/2013\/05\/witoslaw-czerwonka-zrodla-csw-laznia-2-gdansk-fot-krzysztof-miekus-2013-05-09-004.jpg\" \/>\n<meta name=\"twitter:label1\" content=\"Napisane przez\" \/>\n\t<meta name=\"twitter:data1\" content=\"kaska-kowalska\" \/>\n\t<meta name=\"twitter:label2\" content=\"Szacowany czas czytania\" \/>\n\t<meta name=\"twitter:data2\" content=\"4 minuty\" \/>\n<script type=\"application\/ld+json\" class=\"yoast-schema-graph\">{\"@context\":\"https:\/\/schema.org\",\"@graph\":[{\"@type\":\"WebSite\",\"@id\":\"https:\/\/ownetic.com\/wydarzenia\/#website\",\"url\":\"https:\/\/ownetic.com\/wydarzenia\/\",\"name\":\"Wydarzenia O.pl\",\"description\":\"Przestrze\u0144 prezentacji najwa\u017cniejszych wydarze\u0144 z takich dziedzin, jak: sztuka, design, fotografia, film, muzyka, teatr, literatura, historia, taniec, architektura\",\"potentialAction\":[{\"@type\":\"SearchAction\",\"target\":{\"@type\":\"EntryPoint\",\"urlTemplate\":\"https:\/\/ownetic.com\/wydarzenia\/?s={search_term_string}\"},\"query-input\":\"required name=search_term_string\"}],\"inLanguage\":\"pl-PL\"},{\"@type\":\"ImageObject\",\"inLanguage\":\"pl-PL\",\"@id\":\"https:\/\/ownetic.com\/wydarzenia\/2013\/05\/witoslaw-czerwonka-zrodla-csw-laznia-2-gdansk\/#primaryimage\",\"url\":\"https:\/\/ownetic.com\/wydarzenia\/wp-content\/uploads\/2013\/05\/witoslaw-czerwonka-zrodla-csw-laznia-2-gdansk-fot-krzysztof-miekus-2013-05-09-004.jpg\",\"contentUrl\":\"https:\/\/ownetic.com\/wydarzenia\/wp-content\/uploads\/2013\/05\/witoslaw-czerwonka-zrodla-csw-laznia-2-gdansk-fot-krzysztof-miekus-2013-05-09-004.jpg\",\"width\":1000,\"height\":667,\"caption\":\"Witos\u0142aw Czerwonka, wystawa \u201e\u0179r\u00f3d\u0142a\u201d, CSW \u0141a\u017ania 2 w Gda\u0144sku, fot. Krzysztof Mi\u0119kus (\u017ar\u00f3d\u0142o: materia\u0142y prasowe organizatora)\"},{\"@type\":\"WebPage\",\"@id\":\"https:\/\/ownetic.com\/wydarzenia\/2013\/05\/witoslaw-czerwonka-zrodla-csw-laznia-2-gdansk\/#webpage\",\"url\":\"https:\/\/ownetic.com\/wydarzenia\/2013\/05\/witoslaw-czerwonka-zrodla-csw-laznia-2-gdansk\/\",\"name\":\"Witos\u0142aw Czerwonka. \u0179r\u00f3d\u0142a\",\"isPartOf\":{\"@id\":\"https:\/\/ownetic.com\/wydarzenia\/#website\"},\"primaryImageOfPage\":{\"@id\":\"https:\/\/ownetic.com\/wydarzenia\/2013\/05\/witoslaw-czerwonka-zrodla-csw-laznia-2-gdansk\/#primaryimage\"},\"datePublished\":\"2013-05-21T23:00:01+00:00\",\"dateModified\":\"2013-06-22T21:35:36+00:00\",\"author\":{\"@id\":\"https:\/\/ownetic.com\/wydarzenia\/#\/schema\/person\/b1972baa91de641ce21b53c4bf288444\"},\"description\":\"Podstaw\u0105 projektu \u0179r\u00f3d\u0142a by\u0142a konfrontacja j\u0119zyk\u00f3w sztuki rejestruj\u0105cej w spos\u00f3b obiektywny rzeczywisto\u015b\u0107, autorem jest Witos\u0142aw Czerwonka.\",\"breadcrumb\":{\"@id\":\"https:\/\/ownetic.com\/wydarzenia\/2013\/05\/witoslaw-czerwonka-zrodla-csw-laznia-2-gdansk\/#breadcrumb\"},\"inLanguage\":\"pl-PL\",\"potentialAction\":[{\"@type\":\"ReadAction\",\"target\":[\"https:\/\/ownetic.com\/wydarzenia\/2013\/05\/witoslaw-czerwonka-zrodla-csw-laznia-2-gdansk\/\"]}]},{\"@type\":\"BreadcrumbList\",\"@id\":\"https:\/\/ownetic.com\/wydarzenia\/2013\/05\/witoslaw-czerwonka-zrodla-csw-laznia-2-gdansk\/#breadcrumb\",\"itemListElement\":[{\"@type\":\"ListItem\",\"position\":1,\"name\":\"Strona g\u0142\u00f3wna\",\"item\":\"https:\/\/ownetic.com\/wydarzenia\/\"},{\"@type\":\"ListItem\",\"position\":2,\"name\":\"Witos\u0142aw Czerwonka. \u0179r\u00f3d\u0142a\"}]},{\"@type\":\"Person\",\"@id\":\"https:\/\/ownetic.com\/wydarzenia\/#\/schema\/person\/b1972baa91de641ce21b53c4bf288444\",\"name\":\"kaska-kowalska\",\"url\":\"https:\/\/ownetic.com\/wydarzenia\/author\/kaska-kowalska\/\"}]}<\/script>\n<!-- \/ Yoast SEO plugin. -->","yoast_head_json":{"title":"Witos\u0142aw Czerwonka. \u0179r\u00f3d\u0142a","description":"Podstaw\u0105 projektu \u0179r\u00f3d\u0142a by\u0142a konfrontacja j\u0119zyk\u00f3w sztuki rejestruj\u0105cej w spos\u00f3b obiektywny rzeczywisto\u015b\u0107, autorem jest Witos\u0142aw Czerwonka.","robots":{"index":"index","follow":"follow","max-snippet":"max-snippet:-1","max-image-preview":"max-image-preview:large","max-video-preview":"max-video-preview:-1"},"canonical":"https:\/\/ownetic.com\/wydarzenia\/2013\/05\/witoslaw-czerwonka-zrodla-csw-laznia-2-gdansk\/","twitter_card":"summary_large_image","twitter_title":"Witos\u0142aw Czerwonka. \u0179r\u00f3d\u0142a","twitter_description":"Podstaw\u0105 projektu \u0179r\u00f3d\u0142a by\u0142a konfrontacja j\u0119zyk\u00f3w sztuki rejestruj\u0105cej w spos\u00f3b obiektywny rzeczywisto\u015b\u0107, autorem jest Witos\u0142aw Czerwonka.","twitter_image":"https:\/\/ownetic.com\/wydarzenia\/wp-content\/uploads\/2013\/05\/witoslaw-czerwonka-zrodla-csw-laznia-2-gdansk-fot-krzysztof-miekus-2013-05-09-004.jpg","twitter_misc":{"Napisane przez":"kaska-kowalska","Szacowany czas czytania":"4 minuty"},"schema":{"@context":"https:\/\/schema.org","@graph":[{"@type":"WebSite","@id":"https:\/\/ownetic.com\/wydarzenia\/#website","url":"https:\/\/ownetic.com\/wydarzenia\/","name":"Wydarzenia O.pl","description":"Przestrze\u0144 prezentacji najwa\u017cniejszych wydarze\u0144 z takich dziedzin, jak: sztuka, design, fotografia, film, muzyka, teatr, literatura, historia, taniec, architektura","potentialAction":[{"@type":"SearchAction","target":{"@type":"EntryPoint","urlTemplate":"https:\/\/ownetic.com\/wydarzenia\/?s={search_term_string}"},"query-input":"required name=search_term_string"}],"inLanguage":"pl-PL"},{"@type":"ImageObject","inLanguage":"pl-PL","@id":"https:\/\/ownetic.com\/wydarzenia\/2013\/05\/witoslaw-czerwonka-zrodla-csw-laznia-2-gdansk\/#primaryimage","url":"https:\/\/ownetic.com\/wydarzenia\/wp-content\/uploads\/2013\/05\/witoslaw-czerwonka-zrodla-csw-laznia-2-gdansk-fot-krzysztof-miekus-2013-05-09-004.jpg","contentUrl":"https:\/\/ownetic.com\/wydarzenia\/wp-content\/uploads\/2013\/05\/witoslaw-czerwonka-zrodla-csw-laznia-2-gdansk-fot-krzysztof-miekus-2013-05-09-004.jpg","width":1000,"height":667,"caption":"Witos\u0142aw Czerwonka, wystawa \u201e\u0179r\u00f3d\u0142a\u201d, CSW \u0141a\u017ania 2 w Gda\u0144sku, fot. Krzysztof Mi\u0119kus (\u017ar\u00f3d\u0142o: materia\u0142y prasowe organizatora)"},{"@type":"WebPage","@id":"https:\/\/ownetic.com\/wydarzenia\/2013\/05\/witoslaw-czerwonka-zrodla-csw-laznia-2-gdansk\/#webpage","url":"https:\/\/ownetic.com\/wydarzenia\/2013\/05\/witoslaw-czerwonka-zrodla-csw-laznia-2-gdansk\/","name":"Witos\u0142aw Czerwonka. \u0179r\u00f3d\u0142a","isPartOf":{"@id":"https:\/\/ownetic.com\/wydarzenia\/#website"},"primaryImageOfPage":{"@id":"https:\/\/ownetic.com\/wydarzenia\/2013\/05\/witoslaw-czerwonka-zrodla-csw-laznia-2-gdansk\/#primaryimage"},"datePublished":"2013-05-21T23:00:01+00:00","dateModified":"2013-06-22T21:35:36+00:00","author":{"@id":"https:\/\/ownetic.com\/wydarzenia\/#\/schema\/person\/b1972baa91de641ce21b53c4bf288444"},"description":"Podstaw\u0105 projektu \u0179r\u00f3d\u0142a by\u0142a konfrontacja j\u0119zyk\u00f3w sztuki rejestruj\u0105cej w spos\u00f3b obiektywny rzeczywisto\u015b\u0107, autorem jest Witos\u0142aw Czerwonka.","breadcrumb":{"@id":"https:\/\/ownetic.com\/wydarzenia\/2013\/05\/witoslaw-czerwonka-zrodla-csw-laznia-2-gdansk\/#breadcrumb"},"inLanguage":"pl-PL","potentialAction":[{"@type":"ReadAction","target":["https:\/\/ownetic.com\/wydarzenia\/2013\/05\/witoslaw-czerwonka-zrodla-csw-laznia-2-gdansk\/"]}]},{"@type":"BreadcrumbList","@id":"https:\/\/ownetic.com\/wydarzenia\/2013\/05\/witoslaw-czerwonka-zrodla-csw-laznia-2-gdansk\/#breadcrumb","itemListElement":[{"@type":"ListItem","position":1,"name":"Strona g\u0142\u00f3wna","item":"https:\/\/ownetic.com\/wydarzenia\/"},{"@type":"ListItem","position":2,"name":"Witos\u0142aw Czerwonka. \u0179r\u00f3d\u0142a"}]},{"@type":"Person","@id":"https:\/\/ownetic.com\/wydarzenia\/#\/schema\/person\/b1972baa91de641ce21b53c4bf288444","name":"kaska-kowalska","url":"https:\/\/ownetic.com\/wydarzenia\/author\/kaska-kowalska\/"}]}},"_links":{"self":[{"href":"https:\/\/ownetic.com\/wydarzenia\/wp-json\/wp\/v2\/posts\/37279"}],"collection":[{"href":"https:\/\/ownetic.com\/wydarzenia\/wp-json\/wp\/v2\/posts"}],"about":[{"href":"https:\/\/ownetic.com\/wydarzenia\/wp-json\/wp\/v2\/types\/post"}],"author":[{"embeddable":true,"href":"https:\/\/ownetic.com\/wydarzenia\/wp-json\/wp\/v2\/users\/62"}],"replies":[{"embeddable":true,"href":"https:\/\/ownetic.com\/wydarzenia\/wp-json\/wp\/v2\/comments?post=37279"}],"version-history":[{"count":0,"href":"https:\/\/ownetic.com\/wydarzenia\/wp-json\/wp\/v2\/posts\/37279\/revisions"}],"wp:featuredmedia":[{"embeddable":true,"href":"https:\/\/ownetic.com\/wydarzenia\/wp-json\/wp\/v2\/media\/37285"}],"wp:attachment":[{"href":"https:\/\/ownetic.com\/wydarzenia\/wp-json\/wp\/v2\/media?parent=37279"}],"wp:term":[{"taxonomy":"category","embeddable":true,"href":"https:\/\/ownetic.com\/wydarzenia\/wp-json\/wp\/v2\/categories?post=37279"},{"taxonomy":"post_tag","embeddable":true,"href":"https:\/\/ownetic.com\/wydarzenia\/wp-json\/wp\/v2\/tags?post=37279"},{"taxonomy":"powerkit_post_featured","embeddable":true,"href":"https:\/\/ownetic.com\/wydarzenia\/wp-json\/wp\/v2\/powerkit_post_featured?post=37279"}],"curies":[{"name":"wp","href":"https:\/\/api.w.org\/{rel}","templated":true}]}}