{"id":37554,"date":"2013-05-24T00:00:24","date_gmt":"2013-05-23T23:00:24","guid":{"rendered":"https:\/\/ownetic.com\/wydarzenia\/?p=37554"},"modified":"2013-06-22T22:20:32","modified_gmt":"2013-06-22T21:20:32","slug":"tadeusz-rolke-studio-rolke-muzeum-sztuki-wspolcznesnej-mocak-krakow","status":"publish","type":"post","link":"https:\/\/ownetic.com\/wydarzenia\/2013\/05\/tadeusz-rolke-studio-rolke-muzeum-sztuki-wspolcznesnej-mocak-krakow\/","title":{"rendered":"Tadeusz Rolke. Studio Rolke"},"content":{"rendered":"<p>Podczas wieloletniej pracy \u2013 od pierwszych zachowanych zdj\u0119\u0107 z 1944 roku a\u017c do dzisiaj \u2013Tadeusz Rolke stara si\u0119 za pomoc\u0105 aparatu <em>\u0142apa\u0107 chwile<\/em>. Przez wiele lat pracowa\u0142 jako reporter, rejestrowa\u0142 happeningi w galerii Foksal i fotografowa\u0142 mod\u0119 dla czasopisma <em>Przekr\u00f3j<\/em>. Na wystawie w MOCAK-u s\u0105 prezentowane zdj\u0119cia, kt\u00f3re (za zgod\u0105 w\u0142a\u015bciciela) z archiwum fotografa wydoby\u0142 Witek Orski, artysta i kurator zwi\u0105zany z warszawsk\u0105 galeri\u0105 Czu\u0142o\u015b\u0107.<\/p>\n<div class=\"mceTemp\">\n<figure id=\"attachment_38870\" aria-describedby=\"caption-attachment-38870\" style=\"width: 576px\" class=\"wp-caption alignnone\"><a href=\"https:\/\/ownetic.com\/wydarzenia\/2013\/05\/tadeusz-rolke-studio-rolke-muzeum-sztuki-wspolcznesnej-mocak-krakow\/tadeusz-rolke-bez-tytulu-kazimierz-nad-wisla-1960-2013-05-16\/\" rel=\"attachment wp-att-38870\"><img loading=\"lazy\" class=\"size-medium wp-image-38870\" title=\"Tadeusz Rolke, Bez tytu\u0142u \/ Untitled, Kazimierz n. Wis\u0142\u0105, 1960 \u00a9 Tadeusz Rolke\" src=\"https:\/\/ownetic.com\/wydarzenia\/wp-content\/uploads\/2013\/05\/tadeusz-rolke-bez-tytulu-kazimierz-nad-wisla-1960-2013-05-16-576x377.jpg\" alt=\"Tadeusz Rolke, Bez tytu\u0142u \/ Untitled, Kazimierz n. Wis\u0142\u0105, 1960 \u00a9 Tadeusz Rolke\" width=\"576\" height=\"377\" \/><\/a><figcaption id=\"caption-attachment-38870\" class=\"wp-caption-text\">Tadeusz Rolke, Bez tytu\u0142u \/ Untitled, Kazimierz n. Wis\u0142\u0105, 1960 \u00a9 Tadeusz Rolke<\/figcaption><\/figure>\n<\/div>\n<p>Dzi\u0119ki temu spotkaniu dw\u00f3ch fotograf\u00f3w mamy okazj\u0119 ogl\u0105da\u0107 kulisy pracy Rolkego z modelkami. Podobnie jak w s\u0142ynnym albumie Helmuta Newtona<em> Us and Them<\/em>, mo\u017cna zobaczy\u0107 nie tylko efekty pracy fotografa, ale i jego samego w otoczeniu modelek. Zamiast podziwia\u0107 kobiece cia\u0142a, obserwujemy budowanie relacji mi\u0119dzy modelkami i fotografem, poznajemy samego mistrza.<\/p>\n<div id='gallery-1' class='gallery galleryid-37554 gallery-columns-4 gallery-size-thumbnail'><figure class='gallery-item'>\n\t\t\t<div class='gallery-icon '>\n\t\t\t\t<a href='https:\/\/ownetic.com\/wydarzenia\/2013\/05\/tadeusz-rolke-studio-rolke-muzeum-sztuki-wspolcznesnej-mocak-krakow\/tadeusz-rolke-bez-tytulu-zalesie-2008-2013-05-16\/'><img width=\"1\" height=\"1\" src=\"https:\/\/ownetic.com\/wydarzenia\/wp-content\/uploads\/2013\/05\/tadeusz-rolke-bez-tytulu-zalesie-2008-2013-05-16.jpg\" class=\"attachment-thumbnail size-thumbnail\" alt=\"Tadeusz Rolke, Bez tytu\u0142u \/ Untitled, Zalesie, 2008 \u00a9 Tadeusz Rolke\" loading=\"lazy\" aria-describedby=\"gallery-1-38871\" \/><\/a>\n\t\t\t<\/div>\n\t\t\t\t<figcaption class='wp-caption-text gallery-caption' id='gallery-1-38871'>\n\t\t\t\tTadeusz Rolke, Bez tytu\u0142u \/ Untitled, Zalesie, 2008 \u00a9 Tadeusz Rolke\n\t\t\t\t<\/figcaption><\/figure><figure class='gallery-item'>\n\t\t\t<div class='gallery-icon '>\n\t\t\t\t<a href='https:\/\/ownetic.com\/wydarzenia\/2013\/05\/tadeusz-rolke-studio-rolke-muzeum-sztuki-wspolcznesnej-mocak-krakow\/tadeusz-rolke-bez-tytulu-kazimierz-nad-wisla-1960-2013-05-16\/'><img width=\"1\" height=\"1\" src=\"https:\/\/ownetic.com\/wydarzenia\/wp-content\/uploads\/2013\/05\/tadeusz-rolke-bez-tytulu-kazimierz-nad-wisla-1960-2013-05-16.jpg\" class=\"attachment-thumbnail size-thumbnail\" alt=\"Tadeusz Rolke, Bez tytu\u0142u \/ Untitled, Kazimierz n. Wis\u0142\u0105, 1960 \u00a9 Tadeusz Rolke\" loading=\"lazy\" aria-describedby=\"gallery-1-38870\" \/><\/a>\n\t\t\t<\/div>\n\t\t\t\t<figcaption class='wp-caption-text gallery-caption' id='gallery-1-38870'>\n\t\t\t\tTadeusz Rolke, Bez tytu\u0142u \/ Untitled, Kazimierz n. Wis\u0142\u0105, 1960 \u00a9 Tadeusz Rolke\n\t\t\t\t<\/figcaption><\/figure><figure class='gallery-item'>\n\t\t\t<div class='gallery-icon '>\n\t\t\t\t<a href='https:\/\/ownetic.com\/wydarzenia\/2013\/05\/tadeusz-rolke-studio-rolke-muzeum-sztuki-wspolcznesnej-mocak-krakow\/tadeusz-rolke-paryz-1965-2013-05-16\/'><img width=\"1\" height=\"1\" src=\"https:\/\/ownetic.com\/wydarzenia\/wp-content\/uploads\/2013\/05\/tadeusz-rolke-paryz-1965-2013-05-16.jpg\" class=\"attachment-thumbnail size-thumbnail\" alt=\"Tadeusz Rolke, Bez tytu\u0142u, Pary\u017c 1965 \/ Untitled, Paris 1965 \u00a9 Tadeusz Rolke\" loading=\"lazy\" aria-describedby=\"gallery-1-37561\" \/><\/a>\n\t\t\t<\/div>\n\t\t\t\t<figcaption class='wp-caption-text gallery-caption' id='gallery-1-37561'>\n\t\t\t\tTadeusz Rolke, Bez tytu\u0142u, Pary\u017c 1965 \/ Untitled, Paris 1965 \u00a9 Tadeusz Rolke\n\t\t\t\t<\/figcaption><\/figure><figure class='gallery-item'>\n\t\t\t<div class='gallery-icon '>\n\t\t\t\t<a href='https:\/\/ownetic.com\/wydarzenia\/2013\/05\/tadeusz-rolke-studio-rolke-muzeum-sztuki-wspolcznesnej-mocak-krakow\/tadeusz-rolke-bez-tytulu-warszawa-1984-2013-05-16\/'><img width=\"1\" height=\"1\" src=\"https:\/\/ownetic.com\/wydarzenia\/wp-content\/uploads\/2013\/05\/tadeusz-rolke-bez-tytulu-warszawa-1984-2013-05-16.jpg\" class=\"attachment-thumbnail size-thumbnail\" alt=\"Tadeusz Rolke, Bez tytu\u0142u \/ Untitled, Warszawa \/ Warsaw, 1984 \u00a9 Tadeusz Rolke\" loading=\"lazy\" aria-describedby=\"gallery-1-37559\" \/><\/a>\n\t\t\t<\/div>\n\t\t\t\t<figcaption class='wp-caption-text gallery-caption' id='gallery-1-37559'>\n\t\t\t\tTadeusz Rolke, Bez tytu\u0142u \/ Untitled, Warszawa \/ Warsaw, 1984 \u00a9 Tadeusz Rolke\n\t\t\t\t<\/figcaption><\/figure><figure class='gallery-item'>\n\t\t\t<div class='gallery-icon '>\n\t\t\t\t<a href='https:\/\/ownetic.com\/wydarzenia\/2013\/05\/tadeusz-rolke-studio-rolke-muzeum-sztuki-wspolcznesnej-mocak-krakow\/tadeusz-rolke-bez-tytulu-sycylia-1974-2013-05-16\/'><img width=\"1\" height=\"1\" src=\"https:\/\/ownetic.com\/wydarzenia\/wp-content\/uploads\/2013\/05\/tadeusz-rolke-bez-tytulu-sycylia-1974-2013-05-16.jpg\" class=\"attachment-thumbnail size-thumbnail\" alt=\"Tadeusz Rolke, Bez tytu\u0142u \/ Untitled, Sycylia \/ Sicily, 1974 \u00a9 Tadeusz Rolke\" loading=\"lazy\" aria-describedby=\"gallery-1-37558\" \/><\/a>\n\t\t\t<\/div>\n\t\t\t\t<figcaption class='wp-caption-text gallery-caption' id='gallery-1-37558'>\n\t\t\t\tTadeusz Rolke, Bez tytu\u0142u \/ Untitled, Sycylia \/ Sicily, 1974 \u00a9 Tadeusz Rolke\n\t\t\t\t<\/figcaption><\/figure><figure class='gallery-item'>\n\t\t\t<div class='gallery-icon '>\n\t\t\t\t<a href='https:\/\/ownetic.com\/wydarzenia\/2013\/05\/tadeusz-rolke-studio-rolke-muzeum-sztuki-wspolcznesnej-mocak-krakow\/tadeusz-rolke-bez-tytulu-paryz-2013-05-16\/'><img width=\"1\" height=\"1\" src=\"https:\/\/ownetic.com\/wydarzenia\/wp-content\/uploads\/2013\/05\/tadeusz-rolke-bez-tytulu-paryz-2013-05-16.jpg\" class=\"attachment-thumbnail size-thumbnail\" alt=\"Tadeusz Rolke, Bez tytu\u0142u \/ Untitled, Pary\u017c \/ Paris \u00a9 Tadeusz Rolke\" loading=\"lazy\" aria-describedby=\"gallery-1-37557\" \/><\/a>\n\t\t\t<\/div>\n\t\t\t\t<figcaption class='wp-caption-text gallery-caption' id='gallery-1-37557'>\n\t\t\t\tTadeusz Rolke, Bez tytu\u0142u \/ Untitled, Pary\u017c \/ Paris \u00a9 Tadeusz Rolke\n\t\t\t\t<\/figcaption><\/figure><figure class='gallery-item'>\n\t\t\t<div class='gallery-icon '>\n\t\t\t\t<a href='https:\/\/ownetic.com\/wydarzenia\/2013\/05\/tadeusz-rolke-studio-rolke-muzeum-sztuki-wspolcznesnej-mocak-krakow\/tadeusz-rolke-bez-tytulu-hamburg-1979-2013-05-16\/'><img width=\"1\" height=\"1\" src=\"https:\/\/ownetic.com\/wydarzenia\/wp-content\/uploads\/2013\/05\/tadeusz-rolke-bez-tytulu-hamburg-1979-2013-05-16.jpg\" class=\"attachment-thumbnail size-thumbnail\" alt=\"Tadeusz Rolke, Bez tytu\u0142u \/ Untitled, Hamburg, 1979 \u00a9 Tadeusz Rolke\" loading=\"lazy\" aria-describedby=\"gallery-1-37555\" \/><\/a>\n\t\t\t<\/div>\n\t\t\t\t<figcaption class='wp-caption-text gallery-caption' id='gallery-1-37555'>\n\t\t\t\tTadeusz Rolke, Bez tytu\u0142u \/ Untitled, Hamburg, 1979 \u00a9 Tadeusz Rolke\n\t\t\t\t<\/figcaption><\/figure>\n\t\t<\/div>\n\n<p>Moda PRL-u jest w tym wypadku t\u0142em opowie\u015bci, kt\u00f3ra dzisiaj nie mog\u0142aby si\u0119 ju\u017c zdarzy\u0107. Zamiast ogromnego przemys\u0142u \u2013 ogl\u0105damy kameralne spotkania, zamiast produkt\u00f3w \u015bwiatowych korporacji \u2013 zgrzebne ubrania produkcji krajowej.<\/p>\n<figure id=\"attachment_38871\" aria-describedby=\"caption-attachment-38871\" style=\"width: 385px\" class=\"wp-caption alignnone\"><a href=\"https:\/\/ownetic.com\/wydarzenia\/2013\/05\/tadeusz-rolke-studio-rolke-muzeum-sztuki-wspolcznesnej-mocak-krakow\/tadeusz-rolke-bez-tytulu-zalesie-2008-2013-05-16\/\" rel=\"attachment wp-att-38871\"><img loading=\"lazy\" class=\"size-large wp-image-38871\" title=\"Tadeusz Rolke, Bez tytu\u0142u \/ Untitled, Zalesie, 2008 \u00a9 Tadeusz Rolke\" src=\"https:\/\/ownetic.com\/wydarzenia\/wp-content\/uploads\/2013\/05\/tadeusz-rolke-bez-tytulu-zalesie-2008-2013-05-16-385x600.jpg\" alt=\"Tadeusz Rolke, Bez tytu\u0142u \/ Untitled, Zalesie, 2008 \u00a9 Tadeusz Rolke\" width=\"385\" height=\"600\" \/><\/a><figcaption id=\"caption-attachment-38871\" class=\"wp-caption-text\">Tadeusz Rolke, Bez tytu\u0142u \/ Untitled, Zalesie, 2008 \u00a9 Tadeusz Rolke<\/figcaption><\/figure>\n<p><strong>Tadeusz Rolke<\/strong> (ur. 1929, Warszawa) to klasyk polskiej fotografii reporta\u017cowej. Podczas wieloletniej kariery pracowa\u0142 m.in. dla magazyn\u00f3w <em>Ty i Ja<\/em>, <em>Przekr\u00f3j<\/em>, <em>Stolica<\/em>, <em>\u015awiat<\/em>. W latach 70. wyemigrowa\u0142 do Niemiec, gdzie stworzy\u0142 w Hamburgu s\u0142ynny cykl <em>Fischmarkt<\/em>. Po powrocie do Polski w latach 80. wyda\u0142 trzy albumy. Dzisiaj pracuje i mieszka w Warszawie.<\/p>\n<p><strong>Miesi\u0105c fotografii w Krakowie:<\/strong> Tadeusz Rolke, <em>Studio Rolke<\/em><br \/>\nWernisa\u017c: 16 maja 2013 roku<br \/>\nWystaw\u0119 mo\u017cna ogl\u0105da\u0107 do 17 czerwca 2013 roku<br \/>\nMuzeum Sztuki Wsp\u00f3\u0142czesnej MOCAK, Galeria Beta<br \/>\nul. Lipowa 4<br \/>\nKrak\u00f3w<\/p>\n","protected":false},"excerpt":{"rendered":"<p>Podczas wieloletniej pracy \u2013 od pierwszych zachowanych zdj\u0119\u0107 z 1944 roku a\u017c do dzisiaj \u2013Tadeusz Rolke stara si\u0119 za pomoc\u0105 aparatu \u0142apa\u0107 chwile. Przez wiele lat pracowa\u0142 jako reporter, rejestrowa\u0142 happeningi w galerii Foksal i fotografowa\u0142 mod\u0119 dla czasopisma Przekr\u00f3j. Na wystawie w MOCAK-u s\u0105 prezentowane zdj\u0119cia, kt\u00f3re (za zgod\u0105 w\u0142a\u015bciciela) z archiwum fotografa wydoby\u0142 Witek Orski, artysta i kurator zwi\u0105zany z warszawsk\u0105 galeri\u0105 Czu\u0142o\u015b\u0107.<\/p>\n","protected":false},"author":62,"featured_media":37555,"comment_status":"open","ping_status":"closed","sticky":false,"template":"","format":"standard","meta":[],"categories":[19],"tags":[35,570,6005,4737],"powerkit_post_featured":[],"yoast_head":"<!-- This site is optimized with the Yoast SEO plugin v18.7 - https:\/\/yoast.com\/wordpress\/plugins\/seo\/ -->\n<title>Tadeusz Rolke. Studio Rolke<\/title>\n<meta name=\"description\" content=\"Podczas wieloletniej pracy \u2013 od pierwszych zdj\u0119\u0107 z 1944 roku a\u017c do dzisiaj \u2013Tadeusz Rolke stara si\u0119 za pomoc\u0105 aparatu \u0142apa\u0107 chwile.\" \/>\n<meta name=\"robots\" content=\"index, follow, max-snippet:-1, max-image-preview:large, max-video-preview:-1\" \/>\n<link rel=\"canonical\" href=\"https:\/\/ownetic.com\/wydarzenia\/2013\/05\/tadeusz-rolke-studio-rolke-muzeum-sztuki-wspolcznesnej-mocak-krakow\/\" \/>\n<meta name=\"twitter:card\" content=\"summary_large_image\" \/>\n<meta name=\"twitter:title\" content=\"Tadeusz Rolke. Studio Rolke\" \/>\n<meta name=\"twitter:description\" content=\"Podczas wieloletniej pracy \u2013 od pierwszych zdj\u0119\u0107 z 1944 roku a\u017c do dzisiaj \u2013Tadeusz Rolke stara si\u0119 za pomoc\u0105 aparatu \u0142apa\u0107 chwile.\" \/>\n<meta name=\"twitter:image\" content=\"https:\/\/ownetic.com\/wydarzenia\/wp-content\/uploads\/2013\/05\/tadeusz-rolke-bez-tytulu-hamburg-1979-2013-05-16.jpg\" \/>\n<meta name=\"twitter:label1\" content=\"Napisane przez\" \/>\n\t<meta name=\"twitter:data1\" content=\"kaska-kowalska\" \/>\n\t<meta name=\"twitter:label2\" content=\"Szacowany czas czytania\" \/>\n\t<meta name=\"twitter:data2\" content=\"1 minuta\" \/>\n<script type=\"application\/ld+json\" class=\"yoast-schema-graph\">{\"@context\":\"https:\/\/schema.org\",\"@graph\":[{\"@type\":\"WebSite\",\"@id\":\"https:\/\/ownetic.com\/wydarzenia\/#website\",\"url\":\"https:\/\/ownetic.com\/wydarzenia\/\",\"name\":\"Wydarzenia O.pl\",\"description\":\"Przestrze\u0144 prezentacji najwa\u017cniejszych wydarze\u0144 z takich dziedzin, jak: sztuka, design, fotografia, film, muzyka, teatr, literatura, historia, taniec, architektura\",\"potentialAction\":[{\"@type\":\"SearchAction\",\"target\":{\"@type\":\"EntryPoint\",\"urlTemplate\":\"https:\/\/ownetic.com\/wydarzenia\/?s={search_term_string}\"},\"query-input\":\"required name=search_term_string\"}],\"inLanguage\":\"pl-PL\"},{\"@type\":\"ImageObject\",\"inLanguage\":\"pl-PL\",\"@id\":\"https:\/\/ownetic.com\/wydarzenia\/2013\/05\/tadeusz-rolke-studio-rolke-muzeum-sztuki-wspolcznesnej-mocak-krakow\/#primaryimage\",\"url\":\"https:\/\/ownetic.com\/wydarzenia\/wp-content\/uploads\/2013\/05\/tadeusz-rolke-bez-tytulu-hamburg-1979-2013-05-16.jpg\",\"contentUrl\":\"https:\/\/ownetic.com\/wydarzenia\/wp-content\/uploads\/2013\/05\/tadeusz-rolke-bez-tytulu-hamburg-1979-2013-05-16.jpg\",\"caption\":\"Tadeusz Rolke, Bez tytu\u0142u \/ Untitled, Hamburg, 1979 \u00a9 Tadeusz Rolke\"},{\"@type\":\"WebPage\",\"@id\":\"https:\/\/ownetic.com\/wydarzenia\/2013\/05\/tadeusz-rolke-studio-rolke-muzeum-sztuki-wspolcznesnej-mocak-krakow\/#webpage\",\"url\":\"https:\/\/ownetic.com\/wydarzenia\/2013\/05\/tadeusz-rolke-studio-rolke-muzeum-sztuki-wspolcznesnej-mocak-krakow\/\",\"name\":\"Tadeusz Rolke. Studio Rolke\",\"isPartOf\":{\"@id\":\"https:\/\/ownetic.com\/wydarzenia\/#website\"},\"primaryImageOfPage\":{\"@id\":\"https:\/\/ownetic.com\/wydarzenia\/2013\/05\/tadeusz-rolke-studio-rolke-muzeum-sztuki-wspolcznesnej-mocak-krakow\/#primaryimage\"},\"datePublished\":\"2013-05-23T23:00:24+00:00\",\"dateModified\":\"2013-06-22T21:20:32+00:00\",\"author\":{\"@id\":\"https:\/\/ownetic.com\/wydarzenia\/#\/schema\/person\/b1972baa91de641ce21b53c4bf288444\"},\"description\":\"Podczas wieloletniej pracy \u2013 od pierwszych zdj\u0119\u0107 z 1944 roku a\u017c do dzisiaj \u2013Tadeusz Rolke stara si\u0119 za pomoc\u0105 aparatu \u0142apa\u0107 chwile.\",\"breadcrumb\":{\"@id\":\"https:\/\/ownetic.com\/wydarzenia\/2013\/05\/tadeusz-rolke-studio-rolke-muzeum-sztuki-wspolcznesnej-mocak-krakow\/#breadcrumb\"},\"inLanguage\":\"pl-PL\",\"potentialAction\":[{\"@type\":\"ReadAction\",\"target\":[\"https:\/\/ownetic.com\/wydarzenia\/2013\/05\/tadeusz-rolke-studio-rolke-muzeum-sztuki-wspolcznesnej-mocak-krakow\/\"]}]},{\"@type\":\"BreadcrumbList\",\"@id\":\"https:\/\/ownetic.com\/wydarzenia\/2013\/05\/tadeusz-rolke-studio-rolke-muzeum-sztuki-wspolcznesnej-mocak-krakow\/#breadcrumb\",\"itemListElement\":[{\"@type\":\"ListItem\",\"position\":1,\"name\":\"Strona g\u0142\u00f3wna\",\"item\":\"https:\/\/ownetic.com\/wydarzenia\/\"},{\"@type\":\"ListItem\",\"position\":2,\"name\":\"Tadeusz Rolke. Studio Rolke\"}]},{\"@type\":\"Person\",\"@id\":\"https:\/\/ownetic.com\/wydarzenia\/#\/schema\/person\/b1972baa91de641ce21b53c4bf288444\",\"name\":\"kaska-kowalska\",\"url\":\"https:\/\/ownetic.com\/wydarzenia\/author\/kaska-kowalska\/\"}]}<\/script>\n<!-- \/ Yoast SEO plugin. -->","yoast_head_json":{"title":"Tadeusz Rolke. Studio Rolke","description":"Podczas wieloletniej pracy \u2013 od pierwszych zdj\u0119\u0107 z 1944 roku a\u017c do dzisiaj \u2013Tadeusz Rolke stara si\u0119 za pomoc\u0105 aparatu \u0142apa\u0107 chwile.","robots":{"index":"index","follow":"follow","max-snippet":"max-snippet:-1","max-image-preview":"max-image-preview:large","max-video-preview":"max-video-preview:-1"},"canonical":"https:\/\/ownetic.com\/wydarzenia\/2013\/05\/tadeusz-rolke-studio-rolke-muzeum-sztuki-wspolcznesnej-mocak-krakow\/","twitter_card":"summary_large_image","twitter_title":"Tadeusz Rolke. Studio Rolke","twitter_description":"Podczas wieloletniej pracy \u2013 od pierwszych zdj\u0119\u0107 z 1944 roku a\u017c do dzisiaj \u2013Tadeusz Rolke stara si\u0119 za pomoc\u0105 aparatu \u0142apa\u0107 chwile.","twitter_image":"https:\/\/ownetic.com\/wydarzenia\/wp-content\/uploads\/2013\/05\/tadeusz-rolke-bez-tytulu-hamburg-1979-2013-05-16.jpg","twitter_misc":{"Napisane przez":"kaska-kowalska","Szacowany czas czytania":"1 minuta"},"schema":{"@context":"https:\/\/schema.org","@graph":[{"@type":"WebSite","@id":"https:\/\/ownetic.com\/wydarzenia\/#website","url":"https:\/\/ownetic.com\/wydarzenia\/","name":"Wydarzenia O.pl","description":"Przestrze\u0144 prezentacji najwa\u017cniejszych wydarze\u0144 z takich dziedzin, jak: sztuka, design, fotografia, film, muzyka, teatr, literatura, historia, taniec, architektura","potentialAction":[{"@type":"SearchAction","target":{"@type":"EntryPoint","urlTemplate":"https:\/\/ownetic.com\/wydarzenia\/?s={search_term_string}"},"query-input":"required name=search_term_string"}],"inLanguage":"pl-PL"},{"@type":"ImageObject","inLanguage":"pl-PL","@id":"https:\/\/ownetic.com\/wydarzenia\/2013\/05\/tadeusz-rolke-studio-rolke-muzeum-sztuki-wspolcznesnej-mocak-krakow\/#primaryimage","url":"https:\/\/ownetic.com\/wydarzenia\/wp-content\/uploads\/2013\/05\/tadeusz-rolke-bez-tytulu-hamburg-1979-2013-05-16.jpg","contentUrl":"https:\/\/ownetic.com\/wydarzenia\/wp-content\/uploads\/2013\/05\/tadeusz-rolke-bez-tytulu-hamburg-1979-2013-05-16.jpg","caption":"Tadeusz Rolke, Bez tytu\u0142u \/ Untitled, Hamburg, 1979 \u00a9 Tadeusz Rolke"},{"@type":"WebPage","@id":"https:\/\/ownetic.com\/wydarzenia\/2013\/05\/tadeusz-rolke-studio-rolke-muzeum-sztuki-wspolcznesnej-mocak-krakow\/#webpage","url":"https:\/\/ownetic.com\/wydarzenia\/2013\/05\/tadeusz-rolke-studio-rolke-muzeum-sztuki-wspolcznesnej-mocak-krakow\/","name":"Tadeusz Rolke. Studio Rolke","isPartOf":{"@id":"https:\/\/ownetic.com\/wydarzenia\/#website"},"primaryImageOfPage":{"@id":"https:\/\/ownetic.com\/wydarzenia\/2013\/05\/tadeusz-rolke-studio-rolke-muzeum-sztuki-wspolcznesnej-mocak-krakow\/#primaryimage"},"datePublished":"2013-05-23T23:00:24+00:00","dateModified":"2013-06-22T21:20:32+00:00","author":{"@id":"https:\/\/ownetic.com\/wydarzenia\/#\/schema\/person\/b1972baa91de641ce21b53c4bf288444"},"description":"Podczas wieloletniej pracy \u2013 od pierwszych zdj\u0119\u0107 z 1944 roku a\u017c do dzisiaj \u2013Tadeusz Rolke stara si\u0119 za pomoc\u0105 aparatu \u0142apa\u0107 chwile.","breadcrumb":{"@id":"https:\/\/ownetic.com\/wydarzenia\/2013\/05\/tadeusz-rolke-studio-rolke-muzeum-sztuki-wspolcznesnej-mocak-krakow\/#breadcrumb"},"inLanguage":"pl-PL","potentialAction":[{"@type":"ReadAction","target":["https:\/\/ownetic.com\/wydarzenia\/2013\/05\/tadeusz-rolke-studio-rolke-muzeum-sztuki-wspolcznesnej-mocak-krakow\/"]}]},{"@type":"BreadcrumbList","@id":"https:\/\/ownetic.com\/wydarzenia\/2013\/05\/tadeusz-rolke-studio-rolke-muzeum-sztuki-wspolcznesnej-mocak-krakow\/#breadcrumb","itemListElement":[{"@type":"ListItem","position":1,"name":"Strona g\u0142\u00f3wna","item":"https:\/\/ownetic.com\/wydarzenia\/"},{"@type":"ListItem","position":2,"name":"Tadeusz Rolke. Studio Rolke"}]},{"@type":"Person","@id":"https:\/\/ownetic.com\/wydarzenia\/#\/schema\/person\/b1972baa91de641ce21b53c4bf288444","name":"kaska-kowalska","url":"https:\/\/ownetic.com\/wydarzenia\/author\/kaska-kowalska\/"}]}},"_links":{"self":[{"href":"https:\/\/ownetic.com\/wydarzenia\/wp-json\/wp\/v2\/posts\/37554"}],"collection":[{"href":"https:\/\/ownetic.com\/wydarzenia\/wp-json\/wp\/v2\/posts"}],"about":[{"href":"https:\/\/ownetic.com\/wydarzenia\/wp-json\/wp\/v2\/types\/post"}],"author":[{"embeddable":true,"href":"https:\/\/ownetic.com\/wydarzenia\/wp-json\/wp\/v2\/users\/62"}],"replies":[{"embeddable":true,"href":"https:\/\/ownetic.com\/wydarzenia\/wp-json\/wp\/v2\/comments?post=37554"}],"version-history":[{"count":0,"href":"https:\/\/ownetic.com\/wydarzenia\/wp-json\/wp\/v2\/posts\/37554\/revisions"}],"wp:featuredmedia":[{"embeddable":true,"href":"https:\/\/ownetic.com\/wydarzenia\/wp-json\/wp\/v2\/media\/37555"}],"wp:attachment":[{"href":"https:\/\/ownetic.com\/wydarzenia\/wp-json\/wp\/v2\/media?parent=37554"}],"wp:term":[{"taxonomy":"category","embeddable":true,"href":"https:\/\/ownetic.com\/wydarzenia\/wp-json\/wp\/v2\/categories?post=37554"},{"taxonomy":"post_tag","embeddable":true,"href":"https:\/\/ownetic.com\/wydarzenia\/wp-json\/wp\/v2\/tags?post=37554"},{"taxonomy":"powerkit_post_featured","embeddable":true,"href":"https:\/\/ownetic.com\/wydarzenia\/wp-json\/wp\/v2\/powerkit_post_featured?post=37554"}],"curies":[{"name":"wp","href":"https:\/\/api.w.org\/{rel}","templated":true}]}}