{"id":39077,"date":"2013-06-28T23:02:23","date_gmt":"2013-06-28T22:02:23","guid":{"rendered":"https:\/\/ownetic.com\/wydarzenia\/?p=39077"},"modified":"2013-08-28T10:16:01","modified_gmt":"2013-08-28T09:16:01","slug":"lato-teatralne-2013-sopot","status":"publish","type":"post","link":"https:\/\/ownetic.com\/wydarzenia\/2013\/06\/lato-teatralne-2013-sopot\/","title":{"rendered":"Lato Teatralne Sopot 2013"},"content":{"rendered":"<p>Teatr Atelier im. Agnieszki Osieckiej podczas Lata Teatralnego Sopot, w lipcu i w sierpniu zaprezentuje premiery spektakli dramatycznych i muzycznych na scenie letniej w budynku na sopockiej pla\u017cy. W miesi\u0105cach wiosenno-jesienno-zimowych na zaproszenia licznych instytucji kulturalnych Teatr wyst\u0119puje go\u015bcinnie ze swoim repertuarem w Polsce i zagranic\u0105.<\/p>\n<figure id=\"attachment_39096\" aria-describedby=\"caption-attachment-39096\" style=\"width: 576px\" class=\"wp-caption alignnone\"><a href=\"https:\/\/ownetic.com\/wydarzenia\/2013\/06\/lato-teatralne-2013-sopot\/lena-piekniewska-fot-rela-juraszynska-2013-06-28\/\" rel=\"attachment wp-att-39096\"><img loading=\"lazy\" class=\"size-medium wp-image-39096\" title=\"Lena Pi\u0119kniewska, fot. Rela Juraszy\u0144ska (\u017ar\u00f3d\u0142o: materia\u0142y prasowe organizatora)\" src=\"https:\/\/ownetic.com\/wydarzenia\/wp-content\/uploads\/2013\/07\/lena-piekniewska-fot-rela-juraszynska-2013-06-28-576x383.jpg\" alt=\"Lena Pi\u0119kniewska, fot. Rela Juraszy\u0144ska (\u017ar\u00f3d\u0142o: materia\u0142y prasowe organizatora)\" width=\"576\" height=\"383\" \/><\/a><figcaption id=\"caption-attachment-39096\" class=\"wp-caption-text\">Lena Pi\u0119kniewska, fot. Rela Juraszy\u0144ska (\u017ar\u00f3d\u0142o: materia\u0142y prasowe organizatora)<\/figcaption><\/figure>\n<p><strong>Program wydarze\u0144 na lipiec:<\/strong><\/p>\n<ul>\n<li><strong><\/strong>2 lipca 2013 roku, godz. 19.30 \u2013 M. Kumorek\/ B. Le\u015bmian \u2013 recital pt. <em>\u015amiercie<\/em><\/li>\n<li>3 lipca 2013 roku, godz. 18.00 i 20.30 \u2013 M. Kumorek\/ B. Le\u015bmian \u2013 recital pt. <em>\u015amiercie<\/em><\/li>\n<li><em><\/em>4 lipca 2013 roku, godz. 19.30 \u2013 <em>Hommage a Joanna Bogacka<\/em><\/li>\n<li><em><\/em>5 i 6 lipca 2013 roku, godz. 19.30 \u2013 Miros\u0142aw Czy\u017cykiewicz \u2013 promocja nowej p\u0142yty <em>Ma ch\u00e8rie<\/em><\/li>\n<li>7 lipca 2013 roku, godz. 18.00 i 20.30 \u2013 Miros\u0142aw Czy\u017cykiewicz \u2013 promocja nowej p\u0142yty <em>Ma ch\u00e8rie<\/em><\/li>\n<li>8 i 9 lipca 2013 roku, godz. 19.30 \u2013 Adam Nowak \u2013 recital<\/li>\n<li>10 lipca 2013 roku, godz. 18.30 i 20.30 \u2013 Adam Nowak \u2013 recital<\/li>\n<li>11 lipca 2013 roku, godz. 19.30 \u2013 <em>Kobiety<\/em> \u2013 recital Marka Dyjaka (foyer)<\/li>\n<li>12 lipca 2013 roku, godz. 19.30 \u2013\u00a0Mariusz Lubomski \u2013 recital (foyer)<\/li>\n<li>13 lipca 2013 roku, godz. 20.00 \u2013 Silence \/ New Yiddish Songs \/ Andr\u00e9 Ochodlo &amp; Atom String Quartet featuring Jan Smoczy\u0144ski and Adam \u017buchowski<\/li>\n<li>14-17 lipca 2013 roku, godz. 15.30 \u2013 Warsztaty jidysz prowadzenie prof. Armin Eidherr, Uniwersytet Salzburg<\/li>\n<li>14-17 lipca 2013 roku, godz. 20.00 \u2013 Silence \/ New Yiddish Songs \/ Andr\u00e9 Ochodlo &amp; Atom String Quartet featuring Jan Smoczy\u0144ski and Adam \u017buchowski<\/li>\n<li>18 lipca 2013 roku, godz. 19.30 \u2013 <em>Ko\u0142ysanki na wieczny sen \u2013 <\/em>koncert Leny Pi\u0119kniewskiej<\/li>\n<li>19 lipca 2013 roku, godz. 19.30 \u2013 Klezmafour \u2013 klezmer show<\/li>\n<li>20 lipca 2013 roku, godz. 19.30 \u2013 Ulpan Akiva \/ Szko\u0142a J\u0119zyka Hebrajskiego<\/li>\n<li>20 lipca 2013 roku, godz. 20.00 \u2013 Call me a Jew<\/li>\n<li>21-23 lipca 2013 roku, godz. 15.30 \u2013 Warsztaty Jidyszkajt<\/li>\n<li>21 lipca 2013 roku, godz. 20.00 \u0098\u2013 Klezmer Night<\/li>\n<li>23 lipca 2013 roku, godz. 19.30 \u2013 <em>Bluer than Blue<\/em> \u2013 koncert Urszuli Makosz z zespo\u0142em<\/li>\n<li>24 lipca 2013 roku, godz. 19.30 \u2013 <em>Ballada o \u015bwiecie, kt\u00f3rego ju\u017c nie ma<\/em>, Quartet Klezmer Trio (foyer)<\/li>\n<li>25-28 lipca 2013 roku, godz. 19.30 \u2013 Layla (Nowa Tradycja Piesni Jidysz) \u2013 Andr\u00e9 Ochodlo &amp; Odem\u2019s Trio<\/li>\n<li>29 lipca 2013 roku, godz. 19.30 \u2013\u00a0Paul Brody (USA\/D) &amp; guests: Berlin\u2013Warsaw Connection \u2013 koncert<\/li>\n<li>31 lipca \u2013 4 sierpnia 2013 roku, godz. 19.30 \u2013 <em>Moje chmury p\u0142yna nisko<\/em> recital Piotra Machalicy<\/li>\n<\/ul>\n<div id='gallery-1' class='gallery galleryid-39077 gallery-columns-5 gallery-size-thumbnail'><figure class='gallery-item'>\n\t\t\t<div class='gallery-icon '>\n\t\t\t\t<a href='https:\/\/ownetic.com\/wydarzenia\/2013\/06\/lato-teatralne-2013-sopot\/tydzien-bardow-sopot-plakat-2013-06-28\/'><img width=\"1\" height=\"1\" src=\"https:\/\/ownetic.com\/wydarzenia\/wp-content\/uploads\/2013\/07\/tydzien-bardow-sopot-plakat-2013-06-28.jpg\" class=\"attachment-thumbnail size-thumbnail\" alt=\"Tydzie\u0144 Bard\u00f3w w Sopocie, plakat (\u017ar\u00f3d\u0142o: materia\u0142y prasowe organizatora)\" loading=\"lazy\" aria-describedby=\"gallery-1-39100\" \/><\/a>\n\t\t\t<\/div>\n\t\t\t\t<figcaption class='wp-caption-text gallery-caption' id='gallery-1-39100'>\n\t\t\t\tTydzie\u0144 Bard\u00f3w w Sopocie, plakat (\u017ar\u00f3d\u0142o: materia\u0142y prasowe organizatora)\n\t\t\t\t<\/figcaption><\/figure><figure class='gallery-item'>\n\t\t\t<div class='gallery-icon '>\n\t\t\t\t<a href='https:\/\/ownetic.com\/wydarzenia\/2013\/06\/lato-teatralne-2013-sopot\/stanislawa-celinska-2013-06-28\/'><img width=\"1\" height=\"1\" src=\"https:\/\/ownetic.com\/wydarzenia\/wp-content\/uploads\/2013\/07\/stanislawa-celinska-2013-06-28.jpg\" class=\"attachment-thumbnail size-thumbnail\" alt=\"Stanis\u0142awa Celi\u0144ska (\u017ar\u00f3d\u0142o: materia\u0142y prasowe organizatora)\" loading=\"lazy\" aria-describedby=\"gallery-1-39099\" \/><\/a>\n\t\t\t<\/div>\n\t\t\t\t<figcaption class='wp-caption-text gallery-caption' id='gallery-1-39099'>\n\t\t\t\tStanis\u0142awa Celi\u0144ska (\u017ar\u00f3d\u0142o: materia\u0142y prasowe organizatora)\n\t\t\t\t<\/figcaption><\/figure><figure class='gallery-item'>\n\t\t\t<div class='gallery-icon '>\n\t\t\t\t<a href='https:\/\/ownetic.com\/wydarzenia\/2013\/06\/lato-teatralne-2013-sopot\/piotr-dlubak-2013-06-28\/'><img width=\"1\" height=\"1\" src=\"https:\/\/ownetic.com\/wydarzenia\/wp-content\/uploads\/2013\/07\/piotr-dlubak-2013-06-28.jpg\" class=\"attachment-thumbnail size-thumbnail\" alt=\"Piotr Machalica, fot. Piotr D\u0142ubak (\u017ar\u00f3d\u0142o: materia\u0142y prasowe organizatora)\" loading=\"lazy\" aria-describedby=\"gallery-1-39098\" \/><\/a>\n\t\t\t<\/div>\n\t\t\t\t<figcaption class='wp-caption-text gallery-caption' id='gallery-1-39098'>\n\t\t\t\tPiotr Machalica, fot. Piotr D\u0142ubak (\u017ar\u00f3d\u0142o: materia\u0142y prasowe organizatora)\n\t\t\t\t<\/figcaption><\/figure><figure class='gallery-item'>\n\t\t\t<div class='gallery-icon '>\n\t\t\t\t<a href='https:\/\/ownetic.com\/wydarzenia\/2013\/06\/lato-teatralne-2013-sopot\/ulotka-2013-indd\/'><img width=\"1\" height=\"1\" src=\"https:\/\/ownetic.com\/wydarzenia\/wp-content\/uploads\/2013\/07\/magda-kumorek-2013-06-28.jpg\" class=\"attachment-thumbnail size-thumbnail\" alt=\"Recital Magdy Kumorek, ulotka (\u017ar\u00f3d\u0142o: materia\u0142y prasowe organizatora)\" loading=\"lazy\" aria-describedby=\"gallery-1-39097\" \/><\/a>\n\t\t\t<\/div>\n\t\t\t\t<figcaption class='wp-caption-text gallery-caption' id='gallery-1-39097'>\n\t\t\t\tRecital Magdy Kumorek, ulotka (\u017ar\u00f3d\u0142o: materia\u0142y prasowe organizatora)\n\t\t\t\t<\/figcaption><\/figure><figure class='gallery-item'>\n\t\t\t<div class='gallery-icon '>\n\t\t\t\t<a href='https:\/\/ownetic.com\/wydarzenia\/2013\/06\/lato-teatralne-2013-sopot\/lena-piekniewska-fot-rela-juraszynska-2013-06-28\/'><img width=\"1\" height=\"1\" src=\"https:\/\/ownetic.com\/wydarzenia\/wp-content\/uploads\/2013\/07\/lena-piekniewska-fot-rela-juraszynska-2013-06-28.jpg\" class=\"attachment-thumbnail size-thumbnail\" alt=\"Lena Pi\u0119kniewska, fot. Rela Juraszy\u0144ska (\u017ar\u00f3d\u0142o: materia\u0142y prasowe organizatora)\" loading=\"lazy\" aria-describedby=\"gallery-1-39096\" \/><\/a>\n\t\t\t<\/div>\n\t\t\t\t<figcaption class='wp-caption-text gallery-caption' id='gallery-1-39096'>\n\t\t\t\tLena Pi\u0119kniewska, fot. Rela Juraszy\u0144ska (\u017ar\u00f3d\u0142o: materia\u0142y prasowe organizatora)\n\t\t\t\t<\/figcaption><\/figure><figure class='gallery-item'>\n\t\t\t<div class='gallery-icon '>\n\t\t\t\t<a href='https:\/\/ownetic.com\/wydarzenia\/2013\/06\/lato-teatralne-2013-sopot\/jan-janga-tomaszewski-hej-joe-2013-06-28\/'><img width=\"1\" height=\"1\" src=\"https:\/\/ownetic.com\/wydarzenia\/wp-content\/uploads\/2013\/07\/jan-janga-tomaszewski-hej-joe-2013-06-28.jpg\" class=\"attachment-thumbnail size-thumbnail\" alt=\"Jan Janga Tomaszewski, \u201eHej Joe\u201d (\u017ar\u00f3d\u0142o: materia\u0142y prasowe organizatora)\" loading=\"lazy\" aria-describedby=\"gallery-1-39095\" \/><\/a>\n\t\t\t<\/div>\n\t\t\t\t<figcaption class='wp-caption-text gallery-caption' id='gallery-1-39095'>\n\t\t\t\tJan Janga Tomaszewski, \u201eHej Joe\u201d (\u017ar\u00f3d\u0142o: materia\u0142y prasowe organizatora)\n\t\t\t\t<\/figcaption><\/figure><figure class='gallery-item'>\n\t\t\t<div class='gallery-icon '>\n\t\t\t\t<a href='https:\/\/ownetic.com\/wydarzenia\/2013\/06\/lato-teatralne-2013-sopot\/jan-janga-tomaszewski-2013-06-28-002\/'><img width=\"1\" height=\"1\" src=\"https:\/\/ownetic.com\/wydarzenia\/wp-content\/uploads\/2013\/07\/jan-janga-tomaszewski-2013-06-28-002.jpg\" class=\"attachment-thumbnail size-thumbnail\" alt=\"Jan Janga Tomaszewski (\u017ar\u00f3d\u0142o: materia\u0142y prasowe organizatora)\" loading=\"lazy\" aria-describedby=\"gallery-1-39094\" \/><\/a>\n\t\t\t<\/div>\n\t\t\t\t<figcaption class='wp-caption-text gallery-caption' id='gallery-1-39094'>\n\t\t\t\tJan Janga Tomaszewski (\u017ar\u00f3d\u0142o: materia\u0142y prasowe organizatora)\n\t\t\t\t<\/figcaption><\/figure><figure class='gallery-item'>\n\t\t\t<div class='gallery-icon '>\n\t\t\t\t<a href='https:\/\/ownetic.com\/wydarzenia\/2013\/06\/lato-teatralne-2013-sopot\/jan-janga-tomaszewski-2013-06-28\/'><img width=\"1\" height=\"1\" src=\"https:\/\/ownetic.com\/wydarzenia\/wp-content\/uploads\/2013\/07\/jan-janga-tomaszewski-2013-06-28.jpg\" class=\"attachment-thumbnail size-thumbnail\" alt=\"Jan Janga Tomaszewski (\u017ar\u00f3d\u0142o: materia\u0142y prasowe organizatora)\" loading=\"lazy\" aria-describedby=\"gallery-1-39093\" \/><\/a>\n\t\t\t<\/div>\n\t\t\t\t<figcaption class='wp-caption-text gallery-caption' id='gallery-1-39093'>\n\t\t\t\tJan Janga Tomaszewski (\u017ar\u00f3d\u0142o: materia\u0142y prasowe organizatora)\n\t\t\t\t<\/figcaption><\/figure><figure class='gallery-item'>\n\t\t\t<div class='gallery-icon landscape'>\n\t\t\t\t<a href='https:\/\/ownetic.com\/wydarzenia\/2013\/06\/lato-teatralne-2013-sopot\/andrzej-poniedzielski-fot-piotr-kucia-2013-06-28\/'><img width=\"200\" height=\"200\" src=\"https:\/\/ownetic.com\/wydarzenia\/wp-content\/uploads\/2013\/07\/andrzej-poniedzielski-fot-piotr-kucia-2013-06-28.jpg\" class=\"attachment-thumbnail size-thumbnail\" alt=\"Andrzej Poniedzielski, fot. Piotr Kucia (\u017ar\u00f3d\u0142o: materia\u0142y prasowe organizatora)\" loading=\"lazy\" aria-describedby=\"gallery-1-39092\" \/><\/a>\n\t\t\t<\/div>\n\t\t\t\t<figcaption class='wp-caption-text gallery-caption' id='gallery-1-39092'>\n\t\t\t\tAndrzej Poniedzielski, fot. Piotr Kucia (\u017ar\u00f3d\u0142o: materia\u0142y prasowe organizatora)\n\t\t\t\t<\/figcaption><\/figure>\n\t\t<\/div>\n\n<p><strong>W sierpniu planowane s\u0105 nast\u0119puj\u0105ce wydarzenia:<\/strong><\/p>\n<ul>\n<li><strong><\/strong>7 sierpnia 2013 roku, godz. 20.00 \u2013 Konkurs na interpretacje piosenek Agnieszki Osieckiej<\/li>\n<li>8-10 sierpnia 2013 roku, godz. 18.00 i 20.00 \u2013 Konkurs na interpretacje piosenek Agnieszki Osieckiej<\/li>\n<li>11 sierpnia 2013 roku, godz. 19.30 \u2013 Konkurs na interpretacje piosenek Agnieszki Osieckiej<\/li>\n<li>14 i 15 sierpnia 2013 roku, godz. 19.30 \u2013 <em>Ca\u0142ujcie mnie wszyscy w odbiornik<\/em><\/li>\n<li>16 i 17 sierpnia 2013 roku, godz. 18.00 i 20.00 \u2013 <em>Ca\u0142ujcie mnie wszyscy w odbiornik<\/em><\/li>\n<li>18 sierpnia 2013 roku, godz. 19.30 \u2013 <em>Ca\u0142ujcie mnie wszyscy w odbiornik<\/em><\/li>\n<li>18 sierpnia 2013 roku, godz. 19.30 \u2013 <em>Ca\u0142ujcie mnie wszyscy w odbiornik<\/em><\/li>\n<li>20 i 21 sierpnia 2013 roku, godz. 19.30 \u2013 <em>Domofon czyli \u015bpiewniczek domowy Stanis\u0142awy C.<\/em><\/li>\n<li>22 sierpnia 2013 roku, godz. 18.00 i 20.00 \u2013 <em>Domofon czyli \u015bpiewniczek domowy Stanis\u0142awy C.<\/em><\/li>\n<li>23-25 sierpnia 2013 roku, godz. 19.30 \u2013 <em>Bia\u0142a lokomotywa<\/em>, piosenki Edwarda Stachury<\/li>\n<li>26 i 27 sierpnia 2013 roku, godz. 18.00 i 20.00 \u2013\u00a0Andrzej Poniedzielski \u2013 <em>SzlafRock &amp; roll<\/em> \u2013 promocja nowej p\u0142yty<\/li>\n<li>29 sierpnia 2013 roku, godz. 18.00, 19.30, 20.00 \u2013 Hanna Banaszak \u2013 <em>Stoj\u0119 na Tobie Ziemio<\/em><\/li>\n<li>30 sierpnia 2013 roku, godz. 18.00, 20.00 \u2013 Hanna Banaszak \u2013 <em>Stoj\u0119 na Tobie Ziemio<\/em><\/li>\n<li>31 sierpnia 2013 roku, godz. 19.30 \u2013 Hanna Banaszak \u2013 <em>Stoj\u0119 na Tobie Ziemio<\/em><\/li>\n<\/ul>\n<figure id=\"attachment_39092\" aria-describedby=\"caption-attachment-39092\" style=\"width: 500px\" class=\"wp-caption alignnone\"><a href=\"https:\/\/ownetic.com\/wydarzenia\/2013\/06\/lato-teatralne-2013-sopot\/andrzej-poniedzielski-fot-piotr-kucia-2013-06-28\/\" rel=\"attachment wp-att-39092\"><img loading=\"lazy\" class=\"size-full wp-image-39092\" title=\"Andrzej Poniedzielski, fot. Piotr Kucia (\u017ar\u00f3d\u0142o: materia\u0142y prasowe organizatora)\" src=\"https:\/\/ownetic.com\/wydarzenia\/wp-content\/uploads\/2013\/07\/andrzej-poniedzielski-fot-piotr-kucia-2013-06-28.jpg\" alt=\"Andrzej Poniedzielski, fot. Piotr Kucia (\u017ar\u00f3d\u0142o: materia\u0142y prasowe organizatora)\" width=\"500\" height=\"500\" \/><\/a><figcaption id=\"caption-attachment-39092\" class=\"wp-caption-text\">Andrzej Poniedzielski, fot. Piotr Kucia (\u017ar\u00f3d\u0142o: materia\u0142y prasowe organizatora)<\/figcaption><\/figure>\n<p><strong><em>Bia\u0142a lokomotywa. <\/em>Spektakl muzyczno \u2013 poetycki dla fan\u00f3w znakomitego tandemu Stachura \u2013 Satanowski. <\/strong>W programie koncertu. m.in. <em>\u017bycie to nie teatr<\/em>, <em>Bia\u0142a lokomotywa<\/em>, <em>Nie \u2013 Brookli\u0144ski most<\/em>, <em>Ju\u017c jest za p\u00f3\u017ano nie jest za p\u00f3\u017ano<\/em>.<\/p>\n<p>Jerzy Satanowski:<\/p>\n<blockquote><p>Spektakl jest pr\u00f3b\u0105 opisania \u2013 poprzez piosenki, proz\u0119, poezj\u0119, wspomnienia, fragmenty list\u00f3w \u2013 losu, jednego z najciekawszych poet\u00f3w powojennej Polski \u2013 Edwarda Stachury (&#8230;) By\u0142 czas kiedy zacz\u0119li\u015bmy wsp\u00f3lnie tworzy\u0107, on teksty a ja muzyk\u0119. Wsp\u00f3\u0142praca ta trwa\u0142a ca\u0142e lata. Opr\u00f3cz tego normalnie; grali\u015bmy w karty, je\u017adzili\u015bmy po Polsce, pili\u015bmy w\u00f3dk\u0119\u201d. Cho\u0107 biografia Stachury ma wymiar tragiczny, chc\u0119 przedstawi\u0107 niezwyk\u0142\u0105 barwno\u015b\u0107 tej postaci, jej witalno\u015b\u0107 i zaanga\u017cowanie w \u015bwiat warto\u015bci.<\/p><\/blockquote>\n<p><strong><em>Domofon, czyli \u015bpiewniczek domowy Stanis\u0142awy C.<\/em> w wykonaniu Stanis\u0142awy Celi\u0144skiej<\/strong>. Nie jest to <em>\u015apiewnik domowy<\/em> Stanis\u0142awa Moniuszki, tylko <em>\u015apiewniczek \u2013 domofon<\/em>, a znana aktorka si\u0119ga w nim po teksty m.in. Jana Wo\u0142ka, Agnieszki Osieckiej, Jonasza Kofty, Bu\u0142ata Okud\u017cawy, Konstantego Ildefonsa Ga\u0142czy\u0144skiego, Bertolta Brechta. W tym wyborze nie ma jednak nic przypadkowego. , ukazuj\u0105c bowiem intymny \u015bwiat artystki, prowadzi nas nieuchronnie ku identyfikacji z kim\u015b bardzo nam bliskim: ze <em>zwyk\u0142\u0105<\/em>, wsp\u00f3\u0142czesn\u0105 kobiet\u0105 i ca\u0142\u0105 z\u0142o\u017cono\u015bci\u0105 jej \u017cycia i codziennych problem\u00f3w. Porywaj\u0105cy recital Stanis\u0142awy Celi\u0144skiej nazwano <em>szczer\u0105 rozmow\u0105 z widzem<\/em> (G\u0142os Wybrze\u017ca), bo artystka g\u0142\u0119boko anga\u017cuje zas\u0142uchan\u0105 publiczno\u015b\u0107. Kunsztownie zaciera bardzo subteln\u0105 granic\u0119 pomi\u0119dzy tym, co prywatne i tym, co sceniczne, pomi\u0119dzy intymnym, a publicznym.<\/p>\n<p><strong><em>Stoj\u0119 na Tobie Ziemio. <\/em><\/strong>Hanna Banaszak wci\u0105\u017c fascynuje, elektryzuje g\u0142osem i seksapilem. Kiedy pod koniec lat 80. zmys\u0142owo \u015bpiewa\u0142a <em>Nie, nie mo\u017cesz teraz odej\u015b\u0107<\/em> przez ca\u0142\u0105 Polsk\u0119 przechodzi\u0142 dreszcz. Kr\u00f3lowa polskiej piosenki, gwiazda festiwali w Opolu i Sopocie, ulubienica Starszych Pan\u00f3w. Trudno j\u0105 jednoznacznie zdefiniowa\u0107, poniewa\u017c potrafi \u015bpiewa\u0107 wszystko \u2013 od jazzu, przez piosenk\u0119 poetyck\u0105, kabaretow\u0105 do klasyki. Jej interpretacja Piazzoli, Manione, Metheny\u2019ego, Chopina, to wykonania najwy\u017cszej pr\u00f3by.<\/p>\n<p>Hanna Banaszak z zespo\u0142em:<\/p>\n<ul>\n<li>Piotr Ka\u0142u\u017cny \u2013 piano<\/li>\n<li>Leszek Ranz \u2013 gitara basowa<\/li>\n<li>Krzysztof Przyby\u0142owicz \u2013 perkusja<\/li>\n<\/ul>\n<p><strong><em>Hommage a Joanna Bogacka. <\/em><\/strong>Przegl\u0105d r\u00f3l Joanny Bogackiej, wybitnej aktorki teatralnej i filmowej, kt\u00f3ra odesz\u0142a w minionym roku. Zwi\u0105zana z Sopotem, zachwyca\u0142a publiczno\u015b\u0107 talentem, warsztatem i kobieco\u015bci\u0105. Jednocze\u015bnie liryczna i charyzmatyczna, daleka i najbli\u017csza, tajemnicza i g\u0142odna \u015bwiata. Film jest przypomnieniem znakomitych kreacji artystki w spektaklach Teatru Atelier. Portret niezwyk\u0142ej aktorki i fascynuj\u0105cej kobiety jest kola\u017cem fragment\u00f3w sopockich spektakli <em>Jubileusz<\/em>, <em>Komunikacja \u015bwi\u0144<\/em>, <em>Z prochu powsta\u0142e\u015b<\/em> i tego, z kt\u00f3rego publiczno\u015b\u0107 chyba najlepiej zapami\u0119ta Joann\u0119 Bogack\u0105 \u2013 <em>Szary Anio\u0142<\/em>. Realizacja: Justyna Mazur, Wojciech Ostrowski.<\/p>\n<figure id=\"attachment_39098\" aria-describedby=\"caption-attachment-39098\" style=\"width: 576px\" class=\"wp-caption alignnone\"><a href=\"https:\/\/ownetic.com\/wydarzenia\/2013\/06\/lato-teatralne-2013-sopot\/piotr-dlubak-2013-06-28\/\" rel=\"attachment wp-att-39098\"><img loading=\"lazy\" class=\"size-medium wp-image-39098\" title=\"Piotr Machalica, fot. Piotr D\u0142ubak (\u017ar\u00f3d\u0142o: materia\u0142y prasowe organizatora)\" src=\"https:\/\/ownetic.com\/wydarzenia\/wp-content\/uploads\/2013\/07\/piotr-dlubak-2013-06-28-576x393.jpg\" alt=\"Piotr Machalica, fot. Piotr D\u0142ubak (\u017ar\u00f3d\u0142o: materia\u0142y prasowe organizatora)\" width=\"576\" height=\"393\" \/><\/a><figcaption id=\"caption-attachment-39098\" class=\"wp-caption-text\">Piotr Machalica, fot. Piotr D\u0142ubak (\u017ar\u00f3d\u0142o: materia\u0142y prasowe organizatora)<\/figcaption><\/figure>\n<p><strong><em>Ko\u0142ysanki na wieczny sen<\/em><\/strong> <strong>\u2013 koncert Leny Pi\u0119kniewskiej. <\/strong><em>Ko\u0142ysanki na wieczny sen<\/em> to rytua\u0142 po\u017cegnania. To wspomnienie ludzi, kt\u00f3rzy byli cz\u0119\u015bci\u0105 miejsca. Uczczenie \u017cydowskiej historii wtopionej w ulice miast i \u015bwi\u0105ty\u0144. To utulenie w muzyce pami\u0119ci o wielu pokoleniach polskich \u017byd\u00f3w. (\u2026) To modlitwa za zmar\u0142ych. Ko\u0142ysanie dusz. Bo ko\u0142ysanki s\u0105 cich\u0105 modlitw\u0105. Nadziej\u0105 i pro\u015bb\u0105 o spokojny sen. Pozbawione patosu, ubrane w proste, niekiedy s\u0142owa.<\/p>\n<p><strong>Marek Andrzejewski z zespo\u0142em<\/strong><\/p>\n<ul>\n<li>Piotr Bogutyn \u2013 gitary<\/li>\n<li>Micha\u0142 Iwanek \u2013 instrumenty klawiszowe<\/li>\n<li>Krzysztof Nowak \u2013 bas<\/li>\n<li>Tomasz Deutryk \u2013 perkusja<\/li>\n<\/ul>\n<p>Marek Andrzejewski \u2013 autor, kompozytor, wykonawca piosenek. W latach 90\u2013tych wsp\u00f3\u0142pracowa\u0142 z folkowym zespo\u0142em <em>Orkiestra \u015bw. Miko\u0142aja<\/em>, z teatrem <em>Gardzienice<\/em> i z Teatrem Grupa Chwilowa. Jako autor i wykonawca swoich piosenek zadebiutowa\u0142 w 1993 roku (Zatem obchodzi w tym roku jubileusz dwudziestolecia pracy artystycznej). W 1994 roku otrzyma\u0142 I nagrod\u0119 na Studenckim Festiwalu Piosenki w Krakowie oraz nagrod\u0119 im. Wojtka Bellona przyznawan\u0105 \u015bpiewaj\u0105cym autorom. Dwukrotnie zdoby\u0142 Grand Prix i Nagrod\u0119 Publiczno\u015bci Og\u00f3lnopolskiego Festiwalu Recitali w Siedlcach (w 1994 i 1997 roku). Wielokrotnie reprezentowa\u0142 \u015brodowisko Lubelskie na koncertach galowych Krajowego Festiwalu Piosenki Polskiej w Opolu.<\/p>\n<p><!--nextpage--><\/p>\n<p><strong><em>Kobiety<\/em> \u2013 recital Marka Dyjaka (foyer). <\/strong>Nie spotka si\u0119 go w wielkich salach koncertowych, na Wembley pewnie by nie wyst\u0105pi\u0142. Jego si\u0142a tkwi w bezgranicznej szczero\u015bci i bezkompromisowo\u015bci. Nie stara si\u0119 i\u015b\u0107 pod pr\u0105d za wszelk\u0105 cen\u0119, nie p\u0142ynie te\u017c z pr\u0105dem. Tworzy po prostu muzyk\u0119 prawdziw\u0105, oczyszczaj\u0105c\u0105. Nowy album \u2013 <em>Kobiety<\/em>, to 11 najpi\u0119kniejszych piosenek najwi\u0119kszych Polskich piosenkarek i tek\u015bciarek mi. in.: Osieckiej, Nosowskiej, Bartosiewicz, Celi\u0144skiej, Groniec, Umer, Mielczarek.<\/p>\n<figure id=\"attachment_39100\" aria-describedby=\"caption-attachment-39100\" style=\"width: 576px\" class=\"wp-caption alignnone\"><a href=\"https:\/\/ownetic.com\/wydarzenia\/2013\/06\/lato-teatralne-2013-sopot\/tydzien-bardow-sopot-plakat-2013-06-28\/\" rel=\"attachment wp-att-39100\"><img loading=\"lazy\" class=\"size-medium wp-image-39100\" title=\"Tydzie\u0144 Bard\u00f3w w Sopocie, plakat (\u017ar\u00f3d\u0142o: materia\u0142y prasowe organizatora)\" src=\"https:\/\/ownetic.com\/wydarzenia\/wp-content\/uploads\/2013\/07\/tydzien-bardow-sopot-plakat-2013-06-28-576x691.jpg\" alt=\"Tydzie\u0144 Bard\u00f3w w Sopocie, plakat (\u017ar\u00f3d\u0142o: materia\u0142y prasowe organizatora)\" width=\"576\" height=\"691\" \/><\/a><figcaption id=\"caption-attachment-39100\" class=\"wp-caption-text\">Tydzie\u0144 Bard\u00f3w w Sopocie, plakat (\u017ar\u00f3d\u0142o: materia\u0142y prasowe organizatora)<\/figcaption><\/figure>\n<p><strong>Mariusz Lubomski <\/strong>zadebiutowa\u0142 na Gie\u0142dzie Piosenki Studenckiej w Szklarskiej Por\u0119bie razem z zespo\u0142em <em>I z Poznania i z Torunia<\/em> w roku 1982. Porwali publiczno\u015b\u0107 piosenk\u0105 <em>Impreza w klubie harcerza<\/em>. Od tej pory wyst\u0119powa\u0142 w wielu klubach studenckich w ca\u0142ej Polsce. W 1985 wygrali pierwsz\u0105 PaK\u0118 w Krakowie piosenk\u0105 Rafa\u0142a Bryndala <em>Indianie i kowboje<\/em>. Pocz\u0105tkowe fascynacje Mariusza Lubomskiego to tw\u00f3rczo\u015b\u0107 Toma Waitsa. W roku 1987 zaistnia\u0142 solo i zdoby\u0142 pierwsz\u0105 nagrod\u0119 na Festiwalu Piosenki Studenckiej w Krakowie. P\u00f3\u017aniej za\u015bpiewa\u0142 w opolskim Kabaretonie w\u0142asna wersj\u0119 <em>Undergroundu<\/em> (ze s\u0142owami S\u0142awomira Wolskiego). Prochowiec i przykr\u00f3tkie spodnie sta\u0142y si\u0119 swoistym stylem, do dzisiaj nieobcym \u00f3wczesnemu laureatowi Nagrody Operator\u00f3w dla Indywidualno\u015bci Opolskiego Koncertu. W 1988 Lubomski mia\u0142 sw\u00f3j recital na PPA. Od tamtego czasu nagra\u0142 kilka bardzo interesuj\u0105cych p\u0142yt i program\u00f3w telewizyjnych. Zaprezentowany na XVIII Przegl\u0105dzie recital <em>Lubomski &#8211; Conte\\\\\\&#8217;m<\/em> bardzo si\u0119 podoba\u0142 publiczno\u015bci, a dla wielu os\u00f3b by\u0142 odkryciem tego znakomitego w\u0142oskiego autora, kompozytora i piosenek.<\/p>\n<p>Arty\u015bcie na scenie b\u0119dzie akompaniowa\u0142 zesp\u00f3\u0142 w sk\u0142adzie:<\/p>\n<ul>\n<li>Bartek Staszkiewicz \u2013 fortepian<\/li>\n<li>Micha\u0142 Rybka \u2013 gitara basowa akustyczna<\/li>\n<li>Tomasz Grzegorski \u2013 klarnet basowy<\/li>\n<\/ul>\n<p><strong><em>Moje chmury p\u0142yn\u0105 nisko<\/em> \u2013 recital Piotra Machalicy<\/strong>. Piosenki Jana Wo\u0142ka, Wojciecha M\u0142ynarskiego, Andrzeja Strzeleckiego, Edwarda Stachury w muzycznej oprawie Jerzego Satanowskiego, Janusza Strobla, Janusza Grzywacza, Janusza Senta, Paolo Conte i.in.<\/p>\n<blockquote><p>Wybra\u0142em utwory, z kt\u00f3rymi si\u0119 identyfikuje: o \u017cyciu, uczuciach, t\u0119sknotach, samotno\u015bci, szcz\u0119\u015bciu i nieszcz\u0119\u015bciu, o tym, co min\u0119\u0142o bezpowrotnie i o tym, co jeszcze przed nami.<\/p>\n<p>Piotr Machalica<\/p><\/blockquote>\n<ul>\n<li>Marcin Lamch \u2013 kontrabas<\/li>\n<li>Marek Pospieszalski \u2013 saksofon<\/li>\n<li>Micha\u0142 Walczak \u2013 gitara<\/li>\n<li>Pawe\u0142 Tomaszewski \u2013 fortepian; Grzegorz Mas\u0142owski \u2013 perkusja<\/li>\n<\/ul>\n<p><strong>Poniedzielski,\u00a0 <em>SzlafRock (&amp; Roll). <\/em><\/strong>Podczas koncertu promuj\u0105cego najnowsz\u0105 p\u0142yt\u0119 Andrzeja Poniedzielskiego zabrzmi\u0105 piosenki, kt\u00f3re napisa\u0142 m.in. dla Maryli Rodowicz, Edyty Geppert, Seweryna Krajewskiego. Koncert z udzia\u0142em: Patrycji Zisch (\u015bpiew) i Andrzeja Pawlukiewicza \u2013 (instrumenty klawiszowe)<\/p>\n<p>Andrzej Poniedzielski \u2013 autor tekst\u00f3w piosenek, re\u017cyser, konferansjer, humorysta; poeta. Jego wysublimowane poczucie humoru, zdolno\u015b\u0107 ironicznego komentowania rzeczywisto\u015bci i kunszt w pos\u0142ugiwaniu si\u0119 j\u0119zykiem to warto\u015bci same w sobie. Mistrz scenicznej pauzy.<\/p>\n<figure id=\"attachment_39099\" aria-describedby=\"caption-attachment-39099\" style=\"width: 300px\" class=\"wp-caption alignnone\"><a href=\"https:\/\/ownetic.com\/wydarzenia\/2013\/06\/lato-teatralne-2013-sopot\/stanislawa-celinska-2013-06-28\/\" rel=\"attachment wp-att-39099\"><img loading=\"lazy\" class=\"size-full wp-image-39099\" title=\"Stanis\u0142awa Celi\u0144ska (\u017ar\u00f3d\u0142o: materia\u0142y prasowe organizatora)\" src=\"https:\/\/ownetic.com\/wydarzenia\/wp-content\/uploads\/2013\/07\/stanislawa-celinska-2013-06-28.jpg\" alt=\"Stanis\u0142awa Celi\u0144ska (\u017ar\u00f3d\u0142o: materia\u0142y prasowe organizatora)\" width=\"300\" height=\"400\" \/><\/a><figcaption id=\"caption-attachment-39099\" class=\"wp-caption-text\">Stanis\u0142awa Celi\u0144ska (\u017ar\u00f3d\u0142o: materia\u0142y prasowe organizatora)<\/figcaption><\/figure>\n<p><strong><em>Ma ch\u00e9rie. <\/em>Koncert promuj\u0105cy najnowsz\u0105 p\u0142yt\u0119 Miros\u0142awa Czy\u017cykiewicza<\/strong><\/p>\n<p>Arty\u015bcie na scenie akompaniuje :<\/p>\n<ul>\n<li>Hadrian Filip Tabecki \u2013 fortepian, kierownictwo muzyczne<\/li>\n<li>Mariusz Jeka \u2013 klarnet, saksofony<\/li>\n<\/ul>\n<p>Miros\u0142aw Czy\u017cykiewicz:<\/p>\n<blockquote><p>Komponowa\u0142em ten zbi\u00f3r wierszy, \u017ceby troszk\u0119 zaintrygowa\u0107, zaciekawi\u0107 mi\u0142o\u015bnik\u00f3w piosenki poetyckiej i zaskoczy\u0107 nawet samego siebie w niekt\u00f3rych przypadkach Potraktowa\u0142em ten album jako rodzaj wyzwania i zbioru do\u015bwiadcze\u0144, jakie naby\u0142em przez lata jako kompozytor, aran\u017cer i interpretator tekst\u00f3w. Przekopa\u0142em dziesi\u0105tki ksi\u0105\u017cek poetyckich w poszukiwaniu odpowiednich tekst\u00f3w. Chcia\u0142em opowiedzie\u0107 historie ostatniego okresu swojego \u017cycia poprzez te wiersze. Wydaje mi si\u0119, \u017ce w <em>Ma cherie<\/em> przekroczy\u0142em pr\u00f3g w\u0142asnych mo\u017cliwo\u015bci i umiej\u0119tno\u015bci, kt\u00f3re posiada\u0142em do tej pory\u2026 Niekt\u00f3re harmoniczne wyzwania i konstrukcje muzyczne wydawa\u0142y mi si\u0119 niegdy\u015b poza moim zasi\u0119giem, a teraz uda\u0142o si\u0119 w jakiej\u015b mierz\u0119 ich dotkn\u0105\u0107.<\/p>\n<p>(opracowano na podstawie audycji Janusza Deblesema <em>Gitar\u0105 i pi\u00f3rem<\/em> wyemitowanej w radiowej Tr\u00f3jce)<\/p><\/blockquote>\n<p><strong>Magda Kumorek, <em>\u015amiercie<\/em><\/strong><\/p>\n<p>S\u0142owa: Boles\u0142aw Le\u015bmian<br \/>\nMuzyka: Magda Kumorek<br \/>\nAran\u017cacje i kierownictwo muzyczne: Olga Kwiatek \u2013 skrzypce, Piotr Ha\u0142aj \u2013 tuba, Micha\u0142 Lasota \u2013 perkusja, Adam Lepka \u2013 instrumenty d\u0119te i perkusyjne, Adam Skrzypek \u2013 kontrabas i akordeon basowy<\/p>\n<blockquote><p>Paradoksalnie tych par\u0119 piosenek o \u015bmierciach powsta\u0142o z uczucia mi\u0142o\u015bci i uwielbienia. Bo:<\/p>\n<ol>\n<li>Lubi\u0119 poezj\u0119 Le\u015bmiana bardzo i zachwyca mnie fakt, \u017ce odnajduj\u0119 w niej bieg moich w\u0142asnych my\u015bli dotycz\u0105cych natury Cz\u0142owieka, przemijania, wiary w Boga i si\u0142y Przyrody.<\/li>\n<li>Lubi\u0119 \u015bpiewa\u0107.<\/li>\n<li>Lubi\u0119 muzyczne w\u0119dr\u00f3wki mojego m\u0119\u017ca, Piotra Dziubka, kt\u00f3rego poprosi\u0142am o zaaran\u017cowanie tych par\u0119 d\u017awi\u0119k\u00f3w, jakie przysz\u0142y mi do g\u0142owy na temat poezji Le\u015bmiana.<\/li>\n<\/ol>\n<p>Drogi widzu\/s\u0142uchaczu-melancholii znajdziesz tu ma\u0142o. Raczej wadzenie si\u0119 tym, co nieuchronne, rado\u015b\u0107 z \u017cycia i kilka nut z przytupem w tle.<\/p>\n<p>Magda Kumorek<\/p><\/blockquote>\n<figure id=\"attachment_39097\" aria-describedby=\"caption-attachment-39097\" style=\"width: 576px\" class=\"wp-caption alignnone\"><a href=\"https:\/\/ownetic.com\/wydarzenia\/2013\/06\/lato-teatralne-2013-sopot\/ulotka-2013-indd\/\" rel=\"attachment wp-att-39097\"><img loading=\"lazy\" class=\"size-medium wp-image-39097\" title=\"Recital Magdy Kumorek, ulotka (\u017ar\u00f3d\u0142o: materia\u0142y prasowe organizatora)\" src=\"https:\/\/ownetic.com\/wydarzenia\/wp-content\/uploads\/2013\/07\/magda-kumorek-2013-06-28-576x347.jpg\" alt=\"Recital Magdy Kumorek, ulotka (\u017ar\u00f3d\u0142o: materia\u0142y prasowe organizatora)\" width=\"576\" height=\"347\" \/><\/a><figcaption id=\"caption-attachment-39097\" class=\"wp-caption-text\">Recital Magdy Kumorek, ulotka (\u017ar\u00f3d\u0142o: materia\u0142y prasowe organizatora)<\/figcaption><\/figure>\n<p><strong>XVI edycja og\u00f3lnopolskiego Konkursu <em>Pami\u0119tajmy o Osieckiej<\/em><\/strong><\/p>\n<p>Jury I etapu Konkursu w sk\u0142adzie: Agata Passent, Magda Smalara, Jan Borkowski, Jacek Kita, Jerzy Satanowski i Adam S\u0142awi\u0144ski po wys\u0142uchaniu w dniach 10,11,12 czerwca 2013 roku zg\u0142oszonych wykonawc\u00f3w postanowi\u0142o zakwalifikowa\u0107 do II etapu dziesi\u0119ciu z nich.<\/p>\n<ol>\n<li>Karolina Czarnecka<\/li>\n<li>Aleksandra D\u0142ugosz<\/li>\n<li>Agata G\u00f3ral<\/li>\n<li>Justyna Grzywaczyk<\/li>\n<li>Justyna Kunysz<\/li>\n<li>Aleksandra Kwiatkowska<\/li>\n<li>Jakub Pawlak<\/li>\n<li>Pawe\u0142 Ruszkowski<\/li>\n<li>Julia Rybakowska<\/li>\n<li>Wiktoria W\u0119grzyn<\/li>\n<\/ol>\n<p>Ponadto jury postanowi\u0142o zakwalifikowa\u0107 do III etapu Konkursu z pomini\u0119ciem Warsztat\u00f3w w Sopocie zesp\u00f3\u0142 Nieczuli Gentelmani.<\/p>\n<p><strong>Teatr Atelier im. Agnieszki Osieckiej<\/strong>, kt\u00f3rego Dyrektorem jest Andr\u00e9 H\u00fcbner-Ochodlo (laureat wszystkich mo\u017cliwych nagr\u00f3d teatralnych i kulturalnych na Wybrze\u017cu) jest uznany jako Teatr promuj\u0105cy wsp\u00f3\u0142czesn\u0105 dramaturgi\u0119 \u015bwiatow\u0105, jak r\u00f3wnie\u017c realizuj\u0105cy projekty wywodz\u0105ce si\u0119 z tradycji <em>pogranicza kultur<\/em> \u2013 polskiej, \u017cydowskiej i niemieckiej.<\/p>\n<p><strong>Lato Teatralne Sopot 2013<br \/>\n<\/strong>Lipiec-sierpie\u0144 2013 r.<br \/>\nTeatr Atelier im. Agnieszki Osieckiej w Sopocie<\/p>\n","protected":false},"excerpt":{"rendered":"<p>Teatr Atelier im. Agnieszki Osieckiej podczas Lata Teatralnego Sopot, w lipcu i w sierpniu zaprezentuje premiery spektakli dramatycznych i muzycznych na scenie letniej w budynku na sopockiej pla\u017cy. W miesi\u0105cach wiosenno-jesienno-zimowych na zaproszenia licznych instytucji kulturalnych Teatr wyst\u0119puje go\u015bcinnie ze swoim repertuarem w Polsce i zagranic\u0105.<\/p>\n","protected":false},"author":62,"featured_media":39092,"comment_status":"open","ping_status":"closed","sticky":false,"template":"","format":"standard","meta":[],"categories":[22,25],"tags":[6733,6727,6732,6736,4981,6719,6730,6737,6729,6720,6718,6721,6739,6734,6735,6731,1291,6726,6728,3680,6722,6723,6725,6738,6724,1265,4142,6717,6740],"powerkit_post_featured":[],"yoast_head":"<!-- This site is optimized with the Yoast SEO plugin v18.7 - https:\/\/yoast.com\/wordpress\/plugins\/seo\/ -->\n<title>Lato Teatralne Sopot 2013<\/title>\n<meta name=\"description\" content=\"Teatr Atelier podczas Lata Teatralnego Sopot, w lipcu i w sierpniu prezentuje premiery spektakli dramatycznych i muzycznych.\" \/>\n<meta name=\"robots\" content=\"index, follow, max-snippet:-1, max-image-preview:large, max-video-preview:-1\" \/>\n<link rel=\"canonical\" href=\"https:\/\/ownetic.com\/wydarzenia\/2013\/06\/lato-teatralne-2013-sopot\/\" \/>\n<link rel=\"next\" href=\"https:\/\/ownetic.com\/wydarzenia\/2013\/06\/lato-teatralne-2013-sopot\/2\/\" \/>\n<meta name=\"twitter:card\" content=\"summary_large_image\" \/>\n<meta name=\"twitter:title\" content=\"Lato Teatralne Sopot 2013\" \/>\n<meta name=\"twitter:description\" content=\"Teatr Atelier podczas Lata Teatralnego Sopot, w lipcu i w sierpniu prezentuje premiery spektakli dramatycznych i muzycznych.\" \/>\n<meta name=\"twitter:image\" content=\"https:\/\/ownetic.com\/wydarzenia\/wp-content\/uploads\/2013\/07\/andrzej-poniedzielski-fot-piotr-kucia-2013-06-28.jpg\" \/>\n<meta name=\"twitter:label1\" content=\"Napisane przez\" \/>\n\t<meta name=\"twitter:data1\" content=\"kaska-kowalska\" \/>\n\t<meta name=\"twitter:label2\" content=\"Szacowany czas czytania\" \/>\n\t<meta name=\"twitter:data2\" content=\"11 minut\" \/>\n<script type=\"application\/ld+json\" class=\"yoast-schema-graph\">{\"@context\":\"https:\/\/schema.org\",\"@graph\":[{\"@type\":\"WebSite\",\"@id\":\"https:\/\/ownetic.com\/wydarzenia\/#website\",\"url\":\"https:\/\/ownetic.com\/wydarzenia\/\",\"name\":\"Wydarzenia O.pl\",\"description\":\"Przestrze\u0144 prezentacji najwa\u017cniejszych wydarze\u0144 z takich dziedzin, jak: sztuka, design, fotografia, film, muzyka, teatr, literatura, historia, taniec, architektura\",\"potentialAction\":[{\"@type\":\"SearchAction\",\"target\":{\"@type\":\"EntryPoint\",\"urlTemplate\":\"https:\/\/ownetic.com\/wydarzenia\/?s={search_term_string}\"},\"query-input\":\"required name=search_term_string\"}],\"inLanguage\":\"pl-PL\"},{\"@type\":\"ImageObject\",\"inLanguage\":\"pl-PL\",\"@id\":\"https:\/\/ownetic.com\/wydarzenia\/2013\/06\/lato-teatralne-2013-sopot\/#primaryimage\",\"url\":\"https:\/\/ownetic.com\/wydarzenia\/wp-content\/uploads\/2013\/07\/andrzej-poniedzielski-fot-piotr-kucia-2013-06-28.jpg\",\"contentUrl\":\"https:\/\/ownetic.com\/wydarzenia\/wp-content\/uploads\/2013\/07\/andrzej-poniedzielski-fot-piotr-kucia-2013-06-28.jpg\",\"width\":500,\"height\":500,\"caption\":\"Andrzej Poniedzielski, fot. Piotr Kucia (\u017ar\u00f3d\u0142o: materia\u0142y prasowe organizatora)\"},{\"@type\":\"WebPage\",\"@id\":\"https:\/\/ownetic.com\/wydarzenia\/2013\/06\/lato-teatralne-2013-sopot\/#webpage\",\"url\":\"https:\/\/ownetic.com\/wydarzenia\/2013\/06\/lato-teatralne-2013-sopot\/\",\"name\":\"Lato Teatralne Sopot 2013\",\"isPartOf\":{\"@id\":\"https:\/\/ownetic.com\/wydarzenia\/#website\"},\"primaryImageOfPage\":{\"@id\":\"https:\/\/ownetic.com\/wydarzenia\/2013\/06\/lato-teatralne-2013-sopot\/#primaryimage\"},\"datePublished\":\"2013-06-28T22:02:23+00:00\",\"dateModified\":\"2013-08-28T09:16:01+00:00\",\"author\":{\"@id\":\"https:\/\/ownetic.com\/wydarzenia\/#\/schema\/person\/b1972baa91de641ce21b53c4bf288444\"},\"description\":\"Teatr Atelier podczas Lata Teatralnego Sopot, w lipcu i w sierpniu prezentuje premiery spektakli dramatycznych i muzycznych.\",\"breadcrumb\":{\"@id\":\"https:\/\/ownetic.com\/wydarzenia\/2013\/06\/lato-teatralne-2013-sopot\/#breadcrumb\"},\"inLanguage\":\"pl-PL\",\"potentialAction\":[{\"@type\":\"ReadAction\",\"target\":[\"https:\/\/ownetic.com\/wydarzenia\/2013\/06\/lato-teatralne-2013-sopot\/\"]}]},{\"@type\":\"BreadcrumbList\",\"@id\":\"https:\/\/ownetic.com\/wydarzenia\/2013\/06\/lato-teatralne-2013-sopot\/#breadcrumb\",\"itemListElement\":[{\"@type\":\"ListItem\",\"position\":1,\"name\":\"Strona g\u0142\u00f3wna\"}]},{\"@type\":\"Person\",\"@id\":\"https:\/\/ownetic.com\/wydarzenia\/#\/schema\/person\/b1972baa91de641ce21b53c4bf288444\",\"name\":\"kaska-kowalska\",\"url\":\"https:\/\/ownetic.com\/wydarzenia\/author\/kaska-kowalska\/\"}]}<\/script>\n<!-- \/ Yoast SEO plugin. -->","yoast_head_json":{"title":"Lato Teatralne Sopot 2013","description":"Teatr Atelier podczas Lata Teatralnego Sopot, w lipcu i w sierpniu prezentuje premiery spektakli dramatycznych i muzycznych.","robots":{"index":"index","follow":"follow","max-snippet":"max-snippet:-1","max-image-preview":"max-image-preview:large","max-video-preview":"max-video-preview:-1"},"canonical":"https:\/\/ownetic.com\/wydarzenia\/2013\/06\/lato-teatralne-2013-sopot\/","next":"https:\/\/ownetic.com\/wydarzenia\/2013\/06\/lato-teatralne-2013-sopot\/2\/","twitter_card":"summary_large_image","twitter_title":"Lato Teatralne Sopot 2013","twitter_description":"Teatr Atelier podczas Lata Teatralnego Sopot, w lipcu i w sierpniu prezentuje premiery spektakli dramatycznych i muzycznych.","twitter_image":"https:\/\/ownetic.com\/wydarzenia\/wp-content\/uploads\/2013\/07\/andrzej-poniedzielski-fot-piotr-kucia-2013-06-28.jpg","twitter_misc":{"Napisane przez":"kaska-kowalska","Szacowany czas czytania":"11 minut"},"schema":{"@context":"https:\/\/schema.org","@graph":[{"@type":"WebSite","@id":"https:\/\/ownetic.com\/wydarzenia\/#website","url":"https:\/\/ownetic.com\/wydarzenia\/","name":"Wydarzenia O.pl","description":"Przestrze\u0144 prezentacji najwa\u017cniejszych wydarze\u0144 z takich dziedzin, jak: sztuka, design, fotografia, film, muzyka, teatr, literatura, historia, taniec, architektura","potentialAction":[{"@type":"SearchAction","target":{"@type":"EntryPoint","urlTemplate":"https:\/\/ownetic.com\/wydarzenia\/?s={search_term_string}"},"query-input":"required name=search_term_string"}],"inLanguage":"pl-PL"},{"@type":"ImageObject","inLanguage":"pl-PL","@id":"https:\/\/ownetic.com\/wydarzenia\/2013\/06\/lato-teatralne-2013-sopot\/#primaryimage","url":"https:\/\/ownetic.com\/wydarzenia\/wp-content\/uploads\/2013\/07\/andrzej-poniedzielski-fot-piotr-kucia-2013-06-28.jpg","contentUrl":"https:\/\/ownetic.com\/wydarzenia\/wp-content\/uploads\/2013\/07\/andrzej-poniedzielski-fot-piotr-kucia-2013-06-28.jpg","width":500,"height":500,"caption":"Andrzej Poniedzielski, fot. Piotr Kucia (\u017ar\u00f3d\u0142o: materia\u0142y prasowe organizatora)"},{"@type":"WebPage","@id":"https:\/\/ownetic.com\/wydarzenia\/2013\/06\/lato-teatralne-2013-sopot\/#webpage","url":"https:\/\/ownetic.com\/wydarzenia\/2013\/06\/lato-teatralne-2013-sopot\/","name":"Lato Teatralne Sopot 2013","isPartOf":{"@id":"https:\/\/ownetic.com\/wydarzenia\/#website"},"primaryImageOfPage":{"@id":"https:\/\/ownetic.com\/wydarzenia\/2013\/06\/lato-teatralne-2013-sopot\/#primaryimage"},"datePublished":"2013-06-28T22:02:23+00:00","dateModified":"2013-08-28T09:16:01+00:00","author":{"@id":"https:\/\/ownetic.com\/wydarzenia\/#\/schema\/person\/b1972baa91de641ce21b53c4bf288444"},"description":"Teatr Atelier podczas Lata Teatralnego Sopot, w lipcu i w sierpniu prezentuje premiery spektakli dramatycznych i muzycznych.","breadcrumb":{"@id":"https:\/\/ownetic.com\/wydarzenia\/2013\/06\/lato-teatralne-2013-sopot\/#breadcrumb"},"inLanguage":"pl-PL","potentialAction":[{"@type":"ReadAction","target":["https:\/\/ownetic.com\/wydarzenia\/2013\/06\/lato-teatralne-2013-sopot\/"]}]},{"@type":"BreadcrumbList","@id":"https:\/\/ownetic.com\/wydarzenia\/2013\/06\/lato-teatralne-2013-sopot\/#breadcrumb","itemListElement":[{"@type":"ListItem","position":1,"name":"Strona g\u0142\u00f3wna"}]},{"@type":"Person","@id":"https:\/\/ownetic.com\/wydarzenia\/#\/schema\/person\/b1972baa91de641ce21b53c4bf288444","name":"kaska-kowalska","url":"https:\/\/ownetic.com\/wydarzenia\/author\/kaska-kowalska\/"}]}},"_links":{"self":[{"href":"https:\/\/ownetic.com\/wydarzenia\/wp-json\/wp\/v2\/posts\/39077"}],"collection":[{"href":"https:\/\/ownetic.com\/wydarzenia\/wp-json\/wp\/v2\/posts"}],"about":[{"href":"https:\/\/ownetic.com\/wydarzenia\/wp-json\/wp\/v2\/types\/post"}],"author":[{"embeddable":true,"href":"https:\/\/ownetic.com\/wydarzenia\/wp-json\/wp\/v2\/users\/62"}],"replies":[{"embeddable":true,"href":"https:\/\/ownetic.com\/wydarzenia\/wp-json\/wp\/v2\/comments?post=39077"}],"version-history":[{"count":0,"href":"https:\/\/ownetic.com\/wydarzenia\/wp-json\/wp\/v2\/posts\/39077\/revisions"}],"wp:featuredmedia":[{"embeddable":true,"href":"https:\/\/ownetic.com\/wydarzenia\/wp-json\/wp\/v2\/media\/39092"}],"wp:attachment":[{"href":"https:\/\/ownetic.com\/wydarzenia\/wp-json\/wp\/v2\/media?parent=39077"}],"wp:term":[{"taxonomy":"category","embeddable":true,"href":"https:\/\/ownetic.com\/wydarzenia\/wp-json\/wp\/v2\/categories?post=39077"},{"taxonomy":"post_tag","embeddable":true,"href":"https:\/\/ownetic.com\/wydarzenia\/wp-json\/wp\/v2\/tags?post=39077"},{"taxonomy":"powerkit_post_featured","embeddable":true,"href":"https:\/\/ownetic.com\/wydarzenia\/wp-json\/wp\/v2\/powerkit_post_featured?post=39077"}],"curies":[{"name":"wp","href":"https:\/\/api.w.org\/{rel}","templated":true}]}}