{"id":39146,"date":"2013-07-03T08:00:09","date_gmt":"2013-07-03T07:00:09","guid":{"rendered":"https:\/\/ownetic.com\/wydarzenia\/?p=39146"},"modified":"2013-07-15T08:50:48","modified_gmt":"2013-07-15T07:50:48","slug":"art-meetings-2013-estonia","status":"publish","type":"post","link":"https:\/\/ownetic.com\/wydarzenia\/2013\/07\/art-meetings-2013-estonia\/","title":{"rendered":"Art Meetings 2013"},"content":{"rendered":"<p>Jak nam\u00f3wi\u0107 Esto\u0144czyka do komponowania z Polakiem? Jak niezale\u017cn\u0105 artystk\u0119 z Ukrainy zach\u0119ci\u0107 do udzia\u0142u w polskim festiwalu? Przedstawi\u0107 im najlepsz\u0105 polsk\u0105 sztuk\u0119. I stworzy\u0107 odpowiednie warunki wsp\u00f3\u0142pracy. W\u0142a\u015bnie tym zajmuje si\u0119 Art Meetings \u2013 projekt organizowany przez wroc\u0142awski klub Firlej i fundacj\u0119 Eclectica.<\/p>\n<figure id=\"attachment_39160\" aria-describedby=\"caption-attachment-39160\" style=\"width: 576px\" class=\"wp-caption alignnone\"><a href=\"https:\/\/ownetic.com\/wydarzenia\/2013\/07\/art-meetings-2013-estonia\/the-kurws-fot-macio-moretti-2013-07-01\/\" rel=\"attachment wp-att-39160\"><img loading=\"lazy\" class=\"size-medium wp-image-39160\" title=\"The Kurws, na zdj\u0119ciu od lewej: D. Bargenda, J. Majchrzak, P. Zabrodzki, H. Kostkiewicz, O. Carls, fot. Macio Moretti (\u017ar\u00f3d\u0142o: materia\u0142y prasowe organizatora)\" src=\"https:\/\/ownetic.com\/wydarzenia\/wp-content\/uploads\/2013\/07\/the-kurws-fot-macio-moretti-2013-07-01-576x397.jpg\" alt=\"The Kurws, na zdj\u0119ciu od lewej: D. Bargenda, J. Majchrzak, P. Zabrodzki, H. Kostkiewicz, O. Carls, fot. Macio Moretti (\u017ar\u00f3d\u0142o: materia\u0142y prasowe organizatora)\" width=\"576\" height=\"397\" \/><\/a><figcaption id=\"caption-attachment-39160\" class=\"wp-caption-text\">The Kurws, na zdj\u0119ciu od lewej: D. Bargenda, J. Majchrzak, P. Zabrodzki, H. Kostkiewicz, O. Carls, fot. Macio Moretti (\u017ar\u00f3d\u0142o: materia\u0142y prasowe organizatora)<\/figcaption><\/figure>\n<p>Projekt Art Meetings na celu ma promocj\u0119 polskiej kultury niezale\u017cnej za granic\u0105 i inicjacj\u0119 mi\u0119dzynarodowej wsp\u00f3\u0142pracy kulturalnej. Art Meetings to multikulturowe spotkania odbywaj\u0105ce si\u0119 w r\u00f3\u017cnych krajach Europy. W 2013 roku projekt ma dwie ods\u0142ony: esto\u0144sk\u0105 i ukrai\u0144sk\u0105.<\/p>\n<div id='gallery-1' class='gallery galleryid-39146 gallery-columns-5 gallery-size-thumbnail'><figure class='gallery-item'>\n\t\t\t<div class='gallery-icon '>\n\t\t\t\t<a href='https:\/\/ownetic.com\/wydarzenia\/2013\/07\/art-meetings-2013-estonia\/the-kurws-fot-macio-moretti-2013-07-01\/'><img width=\"1\" height=\"1\" src=\"https:\/\/ownetic.com\/wydarzenia\/wp-content\/uploads\/2013\/07\/the-kurws-fot-macio-moretti-2013-07-01.jpg\" class=\"attachment-thumbnail size-thumbnail\" alt=\"The Kurws, na zdj\u0119ciu od lewej: D. Bargenda, J. Majchrzak, P. Zabrodzki, H. Kostkiewicz, O. Carls, fot. Macio Moretti (\u017ar\u00f3d\u0142o: materia\u0142y prasowe organizatora)\" loading=\"lazy\" aria-describedby=\"gallery-1-39160\" \/><\/a>\n\t\t\t<\/div>\n\t\t\t\t<figcaption class='wp-caption-text gallery-caption' id='gallery-1-39160'>\n\t\t\t\tThe Kurws, na zdj\u0119ciu od lewej: D. Bargenda, J. Majchrzak, P. Zabrodzki, H. Kostkiewicz, O. Carls, fot. Macio Moretti (\u017ar\u00f3d\u0142o: materia\u0142y prasowe organizatora)\n\t\t\t\t<\/figcaption><\/figure><figure class='gallery-item'>\n\t\t\t<div class='gallery-icon '>\n\t\t\t\t<a href='https:\/\/ownetic.com\/wydarzenia\/2013\/07\/art-meetings-2013-estonia\/niwea-dawid-szczesny-wojciech-bakowski-2013-07-01\/'><img width=\"1\" height=\"1\" src=\"https:\/\/ownetic.com\/wydarzenia\/wp-content\/uploads\/2013\/07\/niwea-dawid-szczesny-wojciech-bakowski-2013-07-01.jpg\" class=\"attachment-thumbnail size-thumbnail\" alt=\"Niwea, na zdj\u0119ciu: Dawid Szcz\u0119sny, Wojciech B\u0105kowski (\u017ar\u00f3d\u0142o: materia\u0142y prasowe organizatora)\" loading=\"lazy\" aria-describedby=\"gallery-1-39159\" \/><\/a>\n\t\t\t<\/div>\n\t\t\t\t<figcaption class='wp-caption-text gallery-caption' id='gallery-1-39159'>\n\t\t\t\tNiwea, na zdj\u0119ciu: Dawid Szcz\u0119sny, Wojciech B\u0105kowski (\u017ar\u00f3d\u0142o: materia\u0142y prasowe organizatora)\n\t\t\t\t<\/figcaption><\/figure><figure class='gallery-item'>\n\t\t\t<div class='gallery-icon '>\n\t\t\t\t<a href='https:\/\/ownetic.com\/wydarzenia\/2013\/07\/art-meetings-2013-estonia\/motywy-slowne-monika-dawidziuk-2013-07-01\/'><img width=\"1\" height=\"1\" src=\"https:\/\/ownetic.com\/wydarzenia\/wp-content\/uploads\/2013\/07\/motywy-slowne-monika-dawidziuk-2013-07-01.jpg\" class=\"attachment-thumbnail size-thumbnail\" alt=\"Motywy S\u0142owne, na zdj\u0119ciu: Monika Dawidziuk (\u017ar\u00f3d\u0142o: materia\u0142y prasowe organizatora)\" loading=\"lazy\" aria-describedby=\"gallery-1-39158\" \/><\/a>\n\t\t\t<\/div>\n\t\t\t\t<figcaption class='wp-caption-text gallery-caption' id='gallery-1-39158'>\n\t\t\t\tMotywy S\u0142owne, na zdj\u0119ciu: Monika Dawidziuk (\u017ar\u00f3d\u0142o: materia\u0142y prasowe organizatora)\n\t\t\t\t<\/figcaption><\/figure><figure class='gallery-item'>\n\t\t\t<div class='gallery-icon '>\n\t\t\t\t<a href='https:\/\/ownetic.com\/wydarzenia\/2013\/07\/art-meetings-2013-estonia\/motywy-slowne-katarzyna-emose-uhumwangho-2013-07-01\/'><img width=\"1\" height=\"1\" src=\"https:\/\/ownetic.com\/wydarzenia\/wp-content\/uploads\/2013\/07\/motywy-slowne-katarzyna-emose-uhumwangho-2013-07-01.jpg\" class=\"attachment-thumbnail size-thumbnail\" alt=\"Motywy S\u0142owne, na zdj\u0119ciu: Katarzyna Emose Uhumwangho (\u017ar\u00f3d\u0142o: materia\u0142y prasowe organizatora)\" loading=\"lazy\" aria-describedby=\"gallery-1-39157\" \/><\/a>\n\t\t\t<\/div>\n\t\t\t\t<figcaption class='wp-caption-text gallery-caption' id='gallery-1-39157'>\n\t\t\t\tMotywy S\u0142owne, na zdj\u0119ciu: Katarzyna Emose Uhumwangho (\u017ar\u00f3d\u0142o: materia\u0142y prasowe organizatora)\n\t\t\t\t<\/figcaption><\/figure><figure class='gallery-item'>\n\t\t\t<div class='gallery-icon '>\n\t\t\t\t<a href='https:\/\/ownetic.com\/wydarzenia\/2013\/07\/art-meetings-2013-estonia\/motywy-slowne-adam-pater-2013-07-01\/'><img width=\"1\" height=\"1\" src=\"https:\/\/ownetic.com\/wydarzenia\/wp-content\/uploads\/2013\/07\/motywy-slowne-adam-pater-2013-07-01.jpg\" class=\"attachment-thumbnail size-thumbnail\" alt=\"Motywy S\u0142owne, na zdj\u0119ciu: Adam Pater (\u017ar\u00f3d\u0142o: materia\u0142y prasowe organizatora)\" loading=\"lazy\" aria-describedby=\"gallery-1-39156\" \/><\/a>\n\t\t\t<\/div>\n\t\t\t\t<figcaption class='wp-caption-text gallery-caption' id='gallery-1-39156'>\n\t\t\t\tMotywy S\u0142owne, na zdj\u0119ciu: Adam Pater (\u017ar\u00f3d\u0142o: materia\u0142y prasowe organizatora)\n\t\t\t\t<\/figcaption><\/figure><figure class='gallery-item'>\n\t\t\t<div class='gallery-icon '>\n\t\t\t\t<a href='https:\/\/ownetic.com\/wydarzenia\/2013\/07\/art-meetings-2013-estonia\/motywy-elektroniczne-kaido-2013-07-01\/'><img width=\"1\" height=\"1\" src=\"https:\/\/ownetic.com\/wydarzenia\/wp-content\/uploads\/2013\/07\/motywy-elektroniczne-kaido-2013-07-01.jpg\" class=\"attachment-thumbnail size-thumbnail\" alt=\"Motywy Elektroniczne, na zdj\u0119ciu: Kaido Kirikm\u00e4e (\u017ar\u00f3d\u0142o: materia\u0142y prasowe organizatora)\" loading=\"lazy\" aria-describedby=\"gallery-1-39155\" \/><\/a>\n\t\t\t<\/div>\n\t\t\t\t<figcaption class='wp-caption-text gallery-caption' id='gallery-1-39155'>\n\t\t\t\tMotywy Elektroniczne, na zdj\u0119ciu: Kaido Kirikm\u00e4e (\u017ar\u00f3d\u0142o: materia\u0142y prasowe organizatora)\n\t\t\t\t<\/figcaption><\/figure><figure class='gallery-item'>\n\t\t\t<div class='gallery-icon '>\n\t\t\t\t<a href='https:\/\/ownetic.com\/wydarzenia\/2013\/07\/art-meetings-2013-estonia\/motywy-elektroniczne-dawid-szczesny-2013-07-01\/'><img width=\"1\" height=\"1\" src=\"https:\/\/ownetic.com\/wydarzenia\/wp-content\/uploads\/2013\/07\/motywy-elektroniczne-dawid-szczesny-2013-07-01.jpg\" class=\"attachment-thumbnail size-thumbnail\" alt=\"Motywy Elektroniczne, na zdj\u0119ciu: Dawid Szcz\u0119sny (\u017ar\u00f3d\u0142o: materia\u0142y prasowe organizatora)\" loading=\"lazy\" aria-describedby=\"gallery-1-39154\" \/><\/a>\n\t\t\t<\/div>\n\t\t\t\t<figcaption class='wp-caption-text gallery-caption' id='gallery-1-39154'>\n\t\t\t\tMotywy Elektroniczne, na zdj\u0119ciu: Dawid Szcz\u0119sny (\u017ar\u00f3d\u0142o: materia\u0142y prasowe organizatora)\n\t\t\t\t<\/figcaption><\/figure><figure class='gallery-item'>\n\t\t\t<div class='gallery-icon '>\n\t\t\t\t<a href='https:\/\/ownetic.com\/wydarzenia\/2013\/07\/art-meetings-2013-estonia\/art-meetings-ukraina-2012-2013-07-01\/'><img width=\"1\" height=\"1\" src=\"https:\/\/ownetic.com\/wydarzenia\/wp-content\/uploads\/2013\/07\/art-meetings-ukraina-2012-2013-07-01.jpg\" class=\"attachment-thumbnail size-thumbnail\" alt=\"Art Meetings, Ukraina, 2012 r. (\u017ar\u00f3d\u0142o: materia\u0142y prasowe organizatora)\" loading=\"lazy\" aria-describedby=\"gallery-1-39153\" \/><\/a>\n\t\t\t<\/div>\n\t\t\t\t<figcaption class='wp-caption-text gallery-caption' id='gallery-1-39153'>\n\t\t\t\tArt Meetings, Ukraina, 2012 r. (\u017ar\u00f3d\u0142o: materia\u0142y prasowe organizatora)\n\t\t\t\t<\/figcaption><\/figure><figure class='gallery-item'>\n\t\t\t<div class='gallery-icon '>\n\t\t\t\t<a href='https:\/\/ownetic.com\/wydarzenia\/2013\/07\/art-meetings-2013-estonia\/art-meetings-ukraina-08-2012-2013-07-01\/'><img width=\"1\" height=\"1\" src=\"https:\/\/ownetic.com\/wydarzenia\/wp-content\/uploads\/2013\/07\/art-meetings-ukraina-08-2012-2013-07-01.jpg\" class=\"attachment-thumbnail size-thumbnail\" alt=\"Art Meetings, Ukraina, sierpie\u0144 2012 r. (\u017ar\u00f3d\u0142o: materia\u0142y prasowe organizatora)\" loading=\"lazy\" aria-describedby=\"gallery-1-39152\" \/><\/a>\n\t\t\t<\/div>\n\t\t\t\t<figcaption class='wp-caption-text gallery-caption' id='gallery-1-39152'>\n\t\t\t\tArt Meetings, Ukraina, sierpie\u0144 2012 r. (\u017ar\u00f3d\u0142o: materia\u0142y prasowe organizatora)\n\t\t\t\t<\/figcaption><\/figure><figure class='gallery-item'>\n\t\t\t<div class='gallery-icon '>\n\t\t\t\t<a href='https:\/\/ownetic.com\/wydarzenia\/2013\/07\/art-meetings-2013-estonia\/art-meetings-ukraina-06-2012-2013-07-01\/'><img width=\"1\" height=\"1\" src=\"https:\/\/ownetic.com\/wydarzenia\/wp-content\/uploads\/2013\/07\/art-meetings-ukraina-06-2012-2013-07-01.jpg\" class=\"attachment-thumbnail size-thumbnail\" alt=\"Art Meetings, Ukraina, czerwiec 2012 r. (\u017ar\u00f3d\u0142o: materia\u0142y prasowe organizatora)\" loading=\"lazy\" aria-describedby=\"gallery-1-39151\" \/><\/a>\n\t\t\t<\/div>\n\t\t\t\t<figcaption class='wp-caption-text gallery-caption' id='gallery-1-39151'>\n\t\t\t\tArt Meetings, Ukraina, czerwiec 2012 r. (\u017ar\u00f3d\u0142o: materia\u0142y prasowe organizatora)\n\t\t\t\t<\/figcaption><\/figure><figure class='gallery-item'>\n\t\t\t<div class='gallery-icon '>\n\t\t\t\t<a href='https:\/\/ownetic.com\/wydarzenia\/2013\/07\/art-meetings-2013-estonia\/art-meetings-ukraina-05-2012-2013-07-01\/'><img width=\"1\" height=\"1\" src=\"https:\/\/ownetic.com\/wydarzenia\/wp-content\/uploads\/2013\/07\/art-meetings-ukraina-05-2012-2013-07-01.jpg\" class=\"attachment-thumbnail size-thumbnail\" alt=\"Art Meetings, Ukraina, maj 2012 r. (\u017ar\u00f3d\u0142o: materia\u0142y prasowe organizatora)\" loading=\"lazy\" aria-describedby=\"gallery-1-39150\" \/><\/a>\n\t\t\t<\/div>\n\t\t\t\t<figcaption class='wp-caption-text gallery-caption' id='gallery-1-39150'>\n\t\t\t\tArt Meetings, Ukraina, maj 2012 r. (\u017ar\u00f3d\u0142o: materia\u0142y prasowe organizatora)\n\t\t\t\t<\/figcaption><\/figure><figure class='gallery-item'>\n\t\t\t<div class='gallery-icon '>\n\t\t\t\t<a href='https:\/\/ownetic.com\/wydarzenia\/2013\/07\/art-meetings-2013-estonia\/art-meetings-ukraina-04-2012-2013-07-01\/'><img width=\"1\" height=\"1\" src=\"https:\/\/ownetic.com\/wydarzenia\/wp-content\/uploads\/2013\/07\/art-meetings-ukraina-04-2012-2013-07-01.jpg\" class=\"attachment-thumbnail size-thumbnail\" alt=\"Art Meetings, Ukraina, kwiecie\u0144 2012 r. (\u017ar\u00f3d\u0142o: materia\u0142y prasowe organizatora)\" loading=\"lazy\" aria-describedby=\"gallery-1-39149\" \/><\/a>\n\t\t\t<\/div>\n\t\t\t\t<figcaption class='wp-caption-text gallery-caption' id='gallery-1-39149'>\n\t\t\t\tArt Meetings, Ukraina, kwiecie\u0144 2012 r. (\u017ar\u00f3d\u0142o: materia\u0142y prasowe organizatora)\n\t\t\t\t<\/figcaption><\/figure><figure class='gallery-item'>\n\t\t\t<div class='gallery-icon '>\n\t\t\t\t<a href='https:\/\/ownetic.com\/wydarzenia\/2013\/07\/art-meetings-2013-estonia\/art-meetings-ukraina-03-2012-2013-07-01\/'><img width=\"1\" height=\"1\" src=\"https:\/\/ownetic.com\/wydarzenia\/wp-content\/uploads\/2013\/07\/art-meetings-ukraina-03-2012-2013-07-01.jpg\" class=\"attachment-thumbnail size-thumbnail\" alt=\"Art Meetings, Ukraina, marzec 2012 r. (\u017ar\u00f3d\u0142o: materia\u0142y prasowe organizatora)\" loading=\"lazy\" aria-describedby=\"gallery-1-39148\" \/><\/a>\n\t\t\t<\/div>\n\t\t\t\t<figcaption class='wp-caption-text gallery-caption' id='gallery-1-39148'>\n\t\t\t\tArt Meetings, Ukraina, marzec 2012 r. (\u017ar\u00f3d\u0142o: materia\u0142y prasowe organizatora)\n\t\t\t\t<\/figcaption><\/figure><figure class='gallery-item'>\n\t\t\t<div class='gallery-icon landscape'>\n\t\t\t\t<a href='https:\/\/ownetic.com\/wydarzenia\/2013\/07\/art-meetings-2013-estonia\/art-meetings-ukraina-02-2012-2013-07-01\/'><img width=\"260\" height=\"173\" src=\"https:\/\/ownetic.com\/wydarzenia\/wp-content\/uploads\/2013\/07\/art-meetings-ukraina-02-2012-2013-07-01.jpg\" class=\"attachment-thumbnail size-thumbnail\" alt=\"Art Meetings, Ukraina, luty 2012 r. (\u017ar\u00f3d\u0142o: materia\u0142y prasowe organizatora)\" loading=\"lazy\" aria-describedby=\"gallery-1-39147\" \/><\/a>\n\t\t\t<\/div>\n\t\t\t\t<figcaption class='wp-caption-text gallery-caption' id='gallery-1-39147'>\n\t\t\t\tArt Meetings, Ukraina, luty 2012 r. (\u017ar\u00f3d\u0142o: materia\u0142y prasowe organizatora)\n\t\t\t\t<\/figcaption><\/figure>\n\t\t<\/div>\n\n<p>Dzi\u0119ki Art Meetings w Estonii wyst\u0105pi alternatywna reprezentacja Polski: the Kurws i Niwea. Polacy zagraj\u0105 12 i 13 lipca, w ramach festiwalu Patarei Kultuuritolm w Tallinnie, w klimatycznej przestrzeni by\u0142ego wi\u0119zienia. Art Meetings to tak\u017ce inkubator polsko-esto\u0144skiej wsp\u00f3\u0142pracy \u2013 podczas wydarzenia odb\u0119dzie si\u0119 premiera projektu, kt\u00f3ry z inicjatywy Art Meetings wsp\u00f3\u0142tworz\u0105 najzdolniejsi muzycy elektroniczni z obu pa\u0144stw: Dawid Szcz\u0119sny i Kaido Kirikmae.<\/p>\n<p>Ponadto polsko-esto\u0144ska grupa aktor\u00f3w pod przewodnictwem Moniki Dawidziuk przedstawi interaktywny performance <em>Mi\u0142o\u015b\u0107 Love Armastus<\/em>, niekonwencjonaln\u0105 lekcj\u0119 j\u0119zyka polskiego i esto\u0144skiego. Art Meetings w Tallinnie to r\u00f3wnie\u017c konkurs dla esto\u0144skich muzyk\u00f3w. Do zawod\u00f3w stan\u0119\u0142o w tym roku 60 zespo\u0142\u00f3w, z kt\u00f3rych wybrano 3 finalist\u00f3w, zaproszonych nast\u0119pnie do wyst\u0119pu na Patarei Kultuuritolm.<\/p>\n<figure id=\"attachment_39155\" aria-describedby=\"caption-attachment-39155\" style=\"width: 576px\" class=\"wp-caption alignnone\"><a href=\"https:\/\/ownetic.com\/wydarzenia\/2013\/07\/art-meetings-2013-estonia\/motywy-elektroniczne-kaido-2013-07-01\/\" rel=\"attachment wp-att-39155\"><img loading=\"lazy\" class=\"size-medium wp-image-39155\" title=\"Motywy Elektroniczne, na zdj\u0119ciu: Kaido Kirikm\u00e4e (\u017ar\u00f3d\u0142o: materia\u0142y prasowe organizatora)\" src=\"https:\/\/ownetic.com\/wydarzenia\/wp-content\/uploads\/2013\/07\/motywy-elektroniczne-kaido-2013-07-01-576x432.jpg\" alt=\"Motywy Elektroniczne, na zdj\u0119ciu: Kaido Kirikm\u00e4e (\u017ar\u00f3d\u0142o: materia\u0142y prasowe organizatora)\" width=\"576\" height=\"432\" \/><\/a><figcaption id=\"caption-attachment-39155\" class=\"wp-caption-text\">Motywy Elektroniczne, na zdj\u0119ciu: Kaido Kirikm\u00e4e (\u017ar\u00f3d\u0142o: materia\u0142y prasowe organizatora)<\/figcaption><\/figure>\n<p>Podczas esto\u0144skiego festiwalu mi\u0119dzynarodowe jury wybierze zwyci\u0119zc\u0119 zawod\u00f3w. Nagrod\u0105 g\u0142\u00f3wn\u0105 jest koncert na wroc\u0142awskim Asymmetry Festival \u2013 niepowtarzalna okazja do zaprezentowania tw\u00f3rczo\u015bci mi\u0119dzynarodowej publice i rzeszy dyrektor\u00f3w czo\u0142owych europejskich festiwali.<\/p>\n<p><strong>Art Meetings 2013<br \/>\n<\/strong>Festiwal odb\u0119dzie si\u0119 12 i 13 lipca 2013 roku<br \/>\nTallin<\/p>\n","protected":false},"excerpt":{"rendered":"<p>Jak nam\u00f3wi\u0107 Esto\u0144czyka do komponowania z Polakiem? Jak niezale\u017cn\u0105 artystk\u0119 z Ukrainy zach\u0119ci\u0107 do udzia\u0142u w polskim festiwalu? Przedstawi\u0107 im najlepsz\u0105 polsk\u0105 sztuk\u0119. I stworzy\u0107 odpowiednie warunki wsp\u00f3\u0142pracy. W\u0142a\u015bnie tym zajmuje si\u0119 Art Meetings \u2013 projekt organizowany przez wroc\u0142awski klub Firlej i fundacj\u0119 Eclectica.<\/p>\n","protected":false},"author":62,"featured_media":39147,"comment_status":"open","ping_status":"closed","sticky":false,"template":"","format":"standard","meta":[],"categories":[22],"tags":[6748,2938,6749,6750,6754,6751,6755,2234,6752,6753],"powerkit_post_featured":[],"yoast_head":"<!-- This site is optimized with the Yoast SEO plugin v18.7 - https:\/\/yoast.com\/wordpress\/plugins\/seo\/ -->\n<title>Art Meetings 2013<\/title>\n<meta name=\"description\" content=\"Projekt Art Meetings na celu ma promocj\u0119 polskiej kultury niezale\u017cnej za granic\u0105 i inicjacj\u0119 mi\u0119dzynarodowej wsp\u00f3\u0142pracy kulturalnej.\" \/>\n<meta name=\"robots\" content=\"index, follow, max-snippet:-1, max-image-preview:large, max-video-preview:-1\" \/>\n<link rel=\"canonical\" href=\"https:\/\/ownetic.com\/wydarzenia\/2013\/07\/art-meetings-2013-estonia\/\" \/>\n<meta name=\"twitter:card\" content=\"summary_large_image\" \/>\n<meta name=\"twitter:title\" content=\"Art Meetings 2013\" \/>\n<meta name=\"twitter:description\" content=\"Projekt Art Meetings na celu ma promocj\u0119 polskiej kultury niezale\u017cnej za granic\u0105 i inicjacj\u0119 mi\u0119dzynarodowej wsp\u00f3\u0142pracy kulturalnej.\" \/>\n<meta name=\"twitter:image\" content=\"https:\/\/ownetic.com\/wydarzenia\/wp-content\/uploads\/2013\/07\/art-meetings-ukraina-02-2012-2013-07-01.jpg\" \/>\n<meta name=\"twitter:label1\" content=\"Napisane przez\" \/>\n\t<meta name=\"twitter:data1\" content=\"kaska-kowalska\" \/>\n\t<meta name=\"twitter:label2\" content=\"Szacowany czas czytania\" \/>\n\t<meta name=\"twitter:data2\" content=\"2 minuty\" \/>\n<script type=\"application\/ld+json\" class=\"yoast-schema-graph\">{\"@context\":\"https:\/\/schema.org\",\"@graph\":[{\"@type\":\"WebSite\",\"@id\":\"https:\/\/ownetic.com\/wydarzenia\/#website\",\"url\":\"https:\/\/ownetic.com\/wydarzenia\/\",\"name\":\"Wydarzenia O.pl\",\"description\":\"Przestrze\u0144 prezentacji najwa\u017cniejszych wydarze\u0144 z takich dziedzin, jak: sztuka, design, fotografia, film, muzyka, teatr, literatura, historia, taniec, architektura\",\"potentialAction\":[{\"@type\":\"SearchAction\",\"target\":{\"@type\":\"EntryPoint\",\"urlTemplate\":\"https:\/\/ownetic.com\/wydarzenia\/?s={search_term_string}\"},\"query-input\":\"required name=search_term_string\"}],\"inLanguage\":\"pl-PL\"},{\"@type\":\"ImageObject\",\"inLanguage\":\"pl-PL\",\"@id\":\"https:\/\/ownetic.com\/wydarzenia\/2013\/07\/art-meetings-2013-estonia\/#primaryimage\",\"url\":\"https:\/\/ownetic.com\/wydarzenia\/wp-content\/uploads\/2013\/07\/art-meetings-ukraina-02-2012-2013-07-01.jpg\",\"contentUrl\":\"https:\/\/ownetic.com\/wydarzenia\/wp-content\/uploads\/2013\/07\/art-meetings-ukraina-02-2012-2013-07-01.jpg\",\"width\":800,\"height\":531,\"caption\":\"Art Meetings, Ukraina, luty 2012 r. (\u017ar\u00f3d\u0142o: materia\u0142y prasowe organizatora)\"},{\"@type\":\"WebPage\",\"@id\":\"https:\/\/ownetic.com\/wydarzenia\/2013\/07\/art-meetings-2013-estonia\/#webpage\",\"url\":\"https:\/\/ownetic.com\/wydarzenia\/2013\/07\/art-meetings-2013-estonia\/\",\"name\":\"Art Meetings 2013\",\"isPartOf\":{\"@id\":\"https:\/\/ownetic.com\/wydarzenia\/#website\"},\"primaryImageOfPage\":{\"@id\":\"https:\/\/ownetic.com\/wydarzenia\/2013\/07\/art-meetings-2013-estonia\/#primaryimage\"},\"datePublished\":\"2013-07-03T07:00:09+00:00\",\"dateModified\":\"2013-07-15T07:50:48+00:00\",\"author\":{\"@id\":\"https:\/\/ownetic.com\/wydarzenia\/#\/schema\/person\/b1972baa91de641ce21b53c4bf288444\"},\"description\":\"Projekt Art Meetings na celu ma promocj\u0119 polskiej kultury niezale\u017cnej za granic\u0105 i inicjacj\u0119 mi\u0119dzynarodowej wsp\u00f3\u0142pracy kulturalnej.\",\"breadcrumb\":{\"@id\":\"https:\/\/ownetic.com\/wydarzenia\/2013\/07\/art-meetings-2013-estonia\/#breadcrumb\"},\"inLanguage\":\"pl-PL\",\"potentialAction\":[{\"@type\":\"ReadAction\",\"target\":[\"https:\/\/ownetic.com\/wydarzenia\/2013\/07\/art-meetings-2013-estonia\/\"]}]},{\"@type\":\"BreadcrumbList\",\"@id\":\"https:\/\/ownetic.com\/wydarzenia\/2013\/07\/art-meetings-2013-estonia\/#breadcrumb\",\"itemListElement\":[{\"@type\":\"ListItem\",\"position\":1,\"name\":\"Strona g\u0142\u00f3wna\",\"item\":\"https:\/\/ownetic.com\/wydarzenia\/\"},{\"@type\":\"ListItem\",\"position\":2,\"name\":\"Art Meetings 2013\"}]},{\"@type\":\"Person\",\"@id\":\"https:\/\/ownetic.com\/wydarzenia\/#\/schema\/person\/b1972baa91de641ce21b53c4bf288444\",\"name\":\"kaska-kowalska\",\"url\":\"https:\/\/ownetic.com\/wydarzenia\/author\/kaska-kowalska\/\"}]}<\/script>\n<!-- \/ Yoast SEO plugin. -->","yoast_head_json":{"title":"Art Meetings 2013","description":"Projekt Art Meetings na celu ma promocj\u0119 polskiej kultury niezale\u017cnej za granic\u0105 i inicjacj\u0119 mi\u0119dzynarodowej wsp\u00f3\u0142pracy kulturalnej.","robots":{"index":"index","follow":"follow","max-snippet":"max-snippet:-1","max-image-preview":"max-image-preview:large","max-video-preview":"max-video-preview:-1"},"canonical":"https:\/\/ownetic.com\/wydarzenia\/2013\/07\/art-meetings-2013-estonia\/","twitter_card":"summary_large_image","twitter_title":"Art Meetings 2013","twitter_description":"Projekt Art Meetings na celu ma promocj\u0119 polskiej kultury niezale\u017cnej za granic\u0105 i inicjacj\u0119 mi\u0119dzynarodowej wsp\u00f3\u0142pracy kulturalnej.","twitter_image":"https:\/\/ownetic.com\/wydarzenia\/wp-content\/uploads\/2013\/07\/art-meetings-ukraina-02-2012-2013-07-01.jpg","twitter_misc":{"Napisane przez":"kaska-kowalska","Szacowany czas czytania":"2 minuty"},"schema":{"@context":"https:\/\/schema.org","@graph":[{"@type":"WebSite","@id":"https:\/\/ownetic.com\/wydarzenia\/#website","url":"https:\/\/ownetic.com\/wydarzenia\/","name":"Wydarzenia O.pl","description":"Przestrze\u0144 prezentacji najwa\u017cniejszych wydarze\u0144 z takich dziedzin, jak: sztuka, design, fotografia, film, muzyka, teatr, literatura, historia, taniec, architektura","potentialAction":[{"@type":"SearchAction","target":{"@type":"EntryPoint","urlTemplate":"https:\/\/ownetic.com\/wydarzenia\/?s={search_term_string}"},"query-input":"required name=search_term_string"}],"inLanguage":"pl-PL"},{"@type":"ImageObject","inLanguage":"pl-PL","@id":"https:\/\/ownetic.com\/wydarzenia\/2013\/07\/art-meetings-2013-estonia\/#primaryimage","url":"https:\/\/ownetic.com\/wydarzenia\/wp-content\/uploads\/2013\/07\/art-meetings-ukraina-02-2012-2013-07-01.jpg","contentUrl":"https:\/\/ownetic.com\/wydarzenia\/wp-content\/uploads\/2013\/07\/art-meetings-ukraina-02-2012-2013-07-01.jpg","width":800,"height":531,"caption":"Art Meetings, Ukraina, luty 2012 r. (\u017ar\u00f3d\u0142o: materia\u0142y prasowe organizatora)"},{"@type":"WebPage","@id":"https:\/\/ownetic.com\/wydarzenia\/2013\/07\/art-meetings-2013-estonia\/#webpage","url":"https:\/\/ownetic.com\/wydarzenia\/2013\/07\/art-meetings-2013-estonia\/","name":"Art Meetings 2013","isPartOf":{"@id":"https:\/\/ownetic.com\/wydarzenia\/#website"},"primaryImageOfPage":{"@id":"https:\/\/ownetic.com\/wydarzenia\/2013\/07\/art-meetings-2013-estonia\/#primaryimage"},"datePublished":"2013-07-03T07:00:09+00:00","dateModified":"2013-07-15T07:50:48+00:00","author":{"@id":"https:\/\/ownetic.com\/wydarzenia\/#\/schema\/person\/b1972baa91de641ce21b53c4bf288444"},"description":"Projekt Art Meetings na celu ma promocj\u0119 polskiej kultury niezale\u017cnej za granic\u0105 i inicjacj\u0119 mi\u0119dzynarodowej wsp\u00f3\u0142pracy kulturalnej.","breadcrumb":{"@id":"https:\/\/ownetic.com\/wydarzenia\/2013\/07\/art-meetings-2013-estonia\/#breadcrumb"},"inLanguage":"pl-PL","potentialAction":[{"@type":"ReadAction","target":["https:\/\/ownetic.com\/wydarzenia\/2013\/07\/art-meetings-2013-estonia\/"]}]},{"@type":"BreadcrumbList","@id":"https:\/\/ownetic.com\/wydarzenia\/2013\/07\/art-meetings-2013-estonia\/#breadcrumb","itemListElement":[{"@type":"ListItem","position":1,"name":"Strona g\u0142\u00f3wna","item":"https:\/\/ownetic.com\/wydarzenia\/"},{"@type":"ListItem","position":2,"name":"Art Meetings 2013"}]},{"@type":"Person","@id":"https:\/\/ownetic.com\/wydarzenia\/#\/schema\/person\/b1972baa91de641ce21b53c4bf288444","name":"kaska-kowalska","url":"https:\/\/ownetic.com\/wydarzenia\/author\/kaska-kowalska\/"}]}},"_links":{"self":[{"href":"https:\/\/ownetic.com\/wydarzenia\/wp-json\/wp\/v2\/posts\/39146"}],"collection":[{"href":"https:\/\/ownetic.com\/wydarzenia\/wp-json\/wp\/v2\/posts"}],"about":[{"href":"https:\/\/ownetic.com\/wydarzenia\/wp-json\/wp\/v2\/types\/post"}],"author":[{"embeddable":true,"href":"https:\/\/ownetic.com\/wydarzenia\/wp-json\/wp\/v2\/users\/62"}],"replies":[{"embeddable":true,"href":"https:\/\/ownetic.com\/wydarzenia\/wp-json\/wp\/v2\/comments?post=39146"}],"version-history":[{"count":0,"href":"https:\/\/ownetic.com\/wydarzenia\/wp-json\/wp\/v2\/posts\/39146\/revisions"}],"wp:featuredmedia":[{"embeddable":true,"href":"https:\/\/ownetic.com\/wydarzenia\/wp-json\/wp\/v2\/media\/39147"}],"wp:attachment":[{"href":"https:\/\/ownetic.com\/wydarzenia\/wp-json\/wp\/v2\/media?parent=39146"}],"wp:term":[{"taxonomy":"category","embeddable":true,"href":"https:\/\/ownetic.com\/wydarzenia\/wp-json\/wp\/v2\/categories?post=39146"},{"taxonomy":"post_tag","embeddable":true,"href":"https:\/\/ownetic.com\/wydarzenia\/wp-json\/wp\/v2\/tags?post=39146"},{"taxonomy":"powerkit_post_featured","embeddable":true,"href":"https:\/\/ownetic.com\/wydarzenia\/wp-json\/wp\/v2\/powerkit_post_featured?post=39146"}],"curies":[{"name":"wp","href":"https:\/\/api.w.org\/{rel}","templated":true}]}}