{"id":42954,"date":"2013-10-24T00:00:02","date_gmt":"2013-10-23T23:00:02","guid":{"rendered":"https:\/\/ownetic.com\/wydarzenia\/?p=42954"},"modified":"2014-01-13T16:37:00","modified_gmt":"2014-01-13T15:37:00","slug":"ludwika-ogorzelec-napiecia-intelektualne-buw-warszawa","status":"publish","type":"post","link":"https:\/\/ownetic.com\/wydarzenia\/2013\/10\/ludwika-ogorzelec-napiecia-intelektualne-buw-warszawa\/","title":{"rendered":"Ludwika Ogorzelec. Napi\u0119cia intelektualne"},"content":{"rendered":"<p><em>Napi\u0119cia intelektualne<\/em> to rze\u017aba typu site-specific. Kreowana jest specjalnie do wn\u0119trza budynku BUW. B\u0119dzie kolejn\u0105 prac\u0105 Ludwiki Ogorzelec z cyklu <em>Krystalizacja przestrzeni<\/em>, zapocz\u0105tkowanego w 1990 roku. Napr\u0119\u017cone, przecinaj\u0105ce przestrze\u0144 i siebie nawzajem linie przezroczystego celofanu dziel\u0105 przestrze\u0144 na mniejsze fragmenty, nadaj\u0105c jej nowe znaczenie estetyczno-emocjonalne poprzez wykreowan\u0105 energi\u0119 oddzia\u0142ywuj\u0105c\u0105 na psychik\u0119 cz\u0142owieka.<\/p>\n<figure id=\"attachment_44266\" aria-describedby=\"caption-attachment-44266\" style=\"width: 576px\" class=\"wp-caption alignnone\"><a href=\"https:\/\/ownetic.com\/wydarzenia\/2013\/10\/ludwika-ogorzelec-napiecia-intelektualne-buw-warszawa\/ludwika-ogorzelec-napiecia-intelektualne-buw-warszawa-2013-11-18-009\/\" rel=\"attachment wp-att-44266\"><img loading=\"lazy\" class=\"size-medium wp-image-44266\" title=\"    Ludwika Ogorzelec, \u201eNapi\u0119cia intelektualne\u201d, BUW, fot. Krzysztof P\u0119czalski (\u017ar\u00f3d\u0142o: materia\u0142y prasowe organizatora)\" src=\"https:\/\/ownetic.com\/wydarzenia\/wp-content\/uploads\/2013\/10\/ludwika-ogorzelec-napiecia-intelektualne-buw-warszawa-2013-11-18-009-576x384.jpg\" alt=\"Ludwika Ogorzelec, \u201eNapi\u0119cia intelektualne\u201d, BUW, fot. Krzysztof P\u0119czalski (\u017ar\u00f3d\u0142o: materia\u0142y prasowe organizatora)\" width=\"576\" height=\"384\" \/><\/a><figcaption id=\"caption-attachment-44266\" class=\"wp-caption-text\">Ludwika Ogorzelec, \u201eNapi\u0119cia intelektualne\u201d, BUW, fot. Krzysztof P\u0119czalski (\u017ar\u00f3d\u0142o: materia\u0142y prasowe organizatora)<\/figcaption><\/figure>\n<p>Zasadniczym tworzywem jest tu sama przestrze\u0144 \u2013 linie celofanu (materii lekkiej, elastycznej) u\u017cyte s\u0105 dla zarysowania jej tr\u00f3jwymiarowego wizualnego konturu. Kontur ten dzi\u0119ki r\u00f3wnowadze napr\u0119\u017ce\u0144 ostatecznie objawia si\u0119 w formie dynamicznej struktury wychwytuj\u0105cej \u015bwiat\u0142o.<\/p>\n<div id='gallery-1' class='gallery galleryid-42954 gallery-columns-6 gallery-size-thumbnail'><figure class='gallery-item'>\n\t\t\t<div class='gallery-icon '>\n\t\t\t\t<a href='https:\/\/ownetic.com\/wydarzenia\/2013\/10\/ludwika-ogorzelec-napiecia-intelektualne-buw-warszawa\/ludwika-ogorzelec-napiecia-intelektualne-buw-warszawa-2013-11-18-012\/'><img width=\"1\" height=\"1\" src=\"https:\/\/ownetic.com\/wydarzenia\/wp-content\/uploads\/2013\/10\/ludwika-ogorzelec-napiecia-intelektualne-buw-warszawa-2013-11-18-012.jpg\" class=\"attachment-thumbnail size-thumbnail\" alt=\"Ludwika Ogorzelec, \u201eNapi\u0119cia intelektualne\u201d, BUW, fot. Krzysztof P\u0119czalski (\u017ar\u00f3d\u0142o: materia\u0142y prasowe organizatora)\" loading=\"lazy\" aria-describedby=\"gallery-1-44269\" \/><\/a>\n\t\t\t<\/div>\n\t\t\t\t<figcaption class='wp-caption-text gallery-caption' id='gallery-1-44269'>\n\t\t\t\t    Ludwika Ogorzelec, \u201eNapi\u0119cia intelektualne\u201d, BUW, fot. Krzysztof P\u0119czalski (\u017ar\u00f3d\u0142o: materia\u0142y prasowe organizatora)\n\t\t\t\t<\/figcaption><\/figure><figure class='gallery-item'>\n\t\t\t<div class='gallery-icon '>\n\t\t\t\t<a href='https:\/\/ownetic.com\/wydarzenia\/2013\/10\/ludwika-ogorzelec-napiecia-intelektualne-buw-warszawa\/ludwika-ogorzelec-napiecia-intelektualne-buw-warszawa-2013-11-18-011\/'><img width=\"1\" height=\"1\" src=\"https:\/\/ownetic.com\/wydarzenia\/wp-content\/uploads\/2013\/10\/ludwika-ogorzelec-napiecia-intelektualne-buw-warszawa-2013-11-18-011.jpg\" class=\"attachment-thumbnail size-thumbnail\" alt=\"Ludwika Ogorzelec, \u201eNapi\u0119cia intelektualne\u201d, BUW, fot. Krzysztof P\u0119czalski (\u017ar\u00f3d\u0142o: materia\u0142y prasowe organizatora)\" loading=\"lazy\" aria-describedby=\"gallery-1-44268\" \/><\/a>\n\t\t\t<\/div>\n\t\t\t\t<figcaption class='wp-caption-text gallery-caption' id='gallery-1-44268'>\n\t\t\t\t    Ludwika Ogorzelec, \u201eNapi\u0119cia intelektualne\u201d, BUW, fot. Krzysztof P\u0119czalski (\u017ar\u00f3d\u0142o: materia\u0142y prasowe organizatora)\n\t\t\t\t<\/figcaption><\/figure><figure class='gallery-item'>\n\t\t\t<div class='gallery-icon '>\n\t\t\t\t<a href='https:\/\/ownetic.com\/wydarzenia\/2013\/10\/ludwika-ogorzelec-napiecia-intelektualne-buw-warszawa\/ludwika-ogorzelec-napiecia-intelektualne-buw-warszawa-2013-11-18-010\/'><img width=\"1\" height=\"1\" src=\"https:\/\/ownetic.com\/wydarzenia\/wp-content\/uploads\/2013\/10\/ludwika-ogorzelec-napiecia-intelektualne-buw-warszawa-2013-11-18-010.jpg\" class=\"attachment-thumbnail size-thumbnail\" alt=\"Ludwika Ogorzelec, \u201eNapi\u0119cia intelektualne\u201d, BUW, fot. Krzysztof P\u0119czalski (\u017ar\u00f3d\u0142o: materia\u0142y prasowe organizatora)\" loading=\"lazy\" aria-describedby=\"gallery-1-44267\" \/><\/a>\n\t\t\t<\/div>\n\t\t\t\t<figcaption class='wp-caption-text gallery-caption' id='gallery-1-44267'>\n\t\t\t\t    Ludwika Ogorzelec, \u201eNapi\u0119cia intelektualne\u201d, BUW, fot. Krzysztof P\u0119czalski (\u017ar\u00f3d\u0142o: materia\u0142y prasowe organizatora)\n\t\t\t\t<\/figcaption><\/figure><figure class='gallery-item'>\n\t\t\t<div class='gallery-icon '>\n\t\t\t\t<a href='https:\/\/ownetic.com\/wydarzenia\/2013\/10\/ludwika-ogorzelec-napiecia-intelektualne-buw-warszawa\/ludwika-ogorzelec-napiecia-intelektualne-buw-warszawa-2013-11-18-009\/'><img width=\"1\" height=\"1\" src=\"https:\/\/ownetic.com\/wydarzenia\/wp-content\/uploads\/2013\/10\/ludwika-ogorzelec-napiecia-intelektualne-buw-warszawa-2013-11-18-009.jpg\" class=\"attachment-thumbnail size-thumbnail\" alt=\"Ludwika Ogorzelec, \u201eNapi\u0119cia intelektualne\u201d, BUW, fot. Krzysztof P\u0119czalski (\u017ar\u00f3d\u0142o: materia\u0142y prasowe organizatora)\" loading=\"lazy\" aria-describedby=\"gallery-1-44266\" \/><\/a>\n\t\t\t<\/div>\n\t\t\t\t<figcaption class='wp-caption-text gallery-caption' id='gallery-1-44266'>\n\t\t\t\t    Ludwika Ogorzelec, \u201eNapi\u0119cia intelektualne\u201d, BUW, fot. Krzysztof P\u0119czalski (\u017ar\u00f3d\u0142o: materia\u0142y prasowe organizatora)\n\t\t\t\t<\/figcaption><\/figure><figure class='gallery-item'>\n\t\t\t<div class='gallery-icon '>\n\t\t\t\t<a href='https:\/\/ownetic.com\/wydarzenia\/2013\/10\/ludwika-ogorzelec-napiecia-intelektualne-buw-warszawa\/ludwika-ogorzelec-napiecia-intelektualne-buw-warszawa-2013-11-18-008\/'><img width=\"1\" height=\"1\" src=\"https:\/\/ownetic.com\/wydarzenia\/wp-content\/uploads\/2013\/10\/ludwika-ogorzelec-napiecia-intelektualne-buw-warszawa-2013-11-18-008.jpg\" class=\"attachment-thumbnail size-thumbnail\" alt=\"Ludwika Ogorzelec, \u201eNapi\u0119cia intelektualne\u201d, BUW, fot. Krzysztof P\u0119czalski (\u017ar\u00f3d\u0142o: materia\u0142y prasowe organizatora)\" loading=\"lazy\" aria-describedby=\"gallery-1-44265\" \/><\/a>\n\t\t\t<\/div>\n\t\t\t\t<figcaption class='wp-caption-text gallery-caption' id='gallery-1-44265'>\n\t\t\t\t    Ludwika Ogorzelec, \u201eNapi\u0119cia intelektualne\u201d, BUW, fot. Krzysztof P\u0119czalski (\u017ar\u00f3d\u0142o: materia\u0142y prasowe organizatora)\n\t\t\t\t<\/figcaption><\/figure><figure class='gallery-item'>\n\t\t\t<div class='gallery-icon '>\n\t\t\t\t<a href='https:\/\/ownetic.com\/wydarzenia\/2013\/10\/ludwika-ogorzelec-napiecia-intelektualne-buw-warszawa\/ludwika-ogorzelec-napiecia-intelektualne-buw-warszawa-2013-11-18-007\/'><img width=\"1\" height=\"1\" src=\"https:\/\/ownetic.com\/wydarzenia\/wp-content\/uploads\/2013\/10\/ludwika-ogorzelec-napiecia-intelektualne-buw-warszawa-2013-11-18-007.jpg\" class=\"attachment-thumbnail size-thumbnail\" alt=\"Ludwika Ogorzelec, \u201eNapi\u0119cia intelektualne\u201d, BUW, fot. Krzysztof P\u0119czalski (\u017ar\u00f3d\u0142o: materia\u0142y prasowe organizatora)\" loading=\"lazy\" aria-describedby=\"gallery-1-44264\" \/><\/a>\n\t\t\t<\/div>\n\t\t\t\t<figcaption class='wp-caption-text gallery-caption' id='gallery-1-44264'>\n\t\t\t\t    Ludwika Ogorzelec, \u201eNapi\u0119cia intelektualne\u201d, BUW, fot. Krzysztof P\u0119czalski (\u017ar\u00f3d\u0142o: materia\u0142y prasowe organizatora)\n\t\t\t\t<\/figcaption><\/figure><figure class='gallery-item'>\n\t\t\t<div class='gallery-icon '>\n\t\t\t\t<a href='https:\/\/ownetic.com\/wydarzenia\/2013\/10\/ludwika-ogorzelec-napiecia-intelektualne-buw-warszawa\/ludwika-ogorzelec-napiecia-intelektualne-buw-warszawa-2013-11-18-006\/'><img width=\"1\" height=\"1\" src=\"https:\/\/ownetic.com\/wydarzenia\/wp-content\/uploads\/2013\/10\/ludwika-ogorzelec-napiecia-intelektualne-buw-warszawa-2013-11-18-006.jpg\" class=\"attachment-thumbnail size-thumbnail\" alt=\"Ludwika Ogorzelec, \u201eNapi\u0119cia intelektualne\u201d, BUW, fot. Krzysztof P\u0119czalski (\u017ar\u00f3d\u0142o: materia\u0142y prasowe organizatora)\" loading=\"lazy\" aria-describedby=\"gallery-1-44263\" \/><\/a>\n\t\t\t<\/div>\n\t\t\t\t<figcaption class='wp-caption-text gallery-caption' id='gallery-1-44263'>\n\t\t\t\t    Ludwika Ogorzelec, \u201eNapi\u0119cia intelektualne\u201d, BUW, fot. Krzysztof P\u0119czalski (\u017ar\u00f3d\u0142o: materia\u0142y prasowe organizatora)\n\t\t\t\t<\/figcaption><\/figure><figure class='gallery-item'>\n\t\t\t<div class='gallery-icon '>\n\t\t\t\t<a href='https:\/\/ownetic.com\/wydarzenia\/2013\/10\/ludwika-ogorzelec-napiecia-intelektualne-buw-warszawa\/ludwika-ogorzelec-napiecia-intelektualne-buw-warszawa-2013-11-18-005\/'><img width=\"1\" height=\"1\" src=\"https:\/\/ownetic.com\/wydarzenia\/wp-content\/uploads\/2013\/10\/ludwika-ogorzelec-napiecia-intelektualne-buw-warszawa-2013-11-18-005.jpg\" class=\"attachment-thumbnail size-thumbnail\" alt=\"Ludwika Ogorzelec, \u201eNapi\u0119cia intelektualne\u201d, BUW, fot. Krzysztof P\u0119czalski (\u017ar\u00f3d\u0142o: materia\u0142y prasowe organizatora)\" loading=\"lazy\" aria-describedby=\"gallery-1-44262\" \/><\/a>\n\t\t\t<\/div>\n\t\t\t\t<figcaption class='wp-caption-text gallery-caption' id='gallery-1-44262'>\n\t\t\t\t    Ludwika Ogorzelec, \u201eNapi\u0119cia intelektualne\u201d, BUW, fot. Krzysztof P\u0119czalski (\u017ar\u00f3d\u0142o: materia\u0142y prasowe organizatora)\n\t\t\t\t<\/figcaption><\/figure><figure class='gallery-item'>\n\t\t\t<div class='gallery-icon '>\n\t\t\t\t<a href='https:\/\/ownetic.com\/wydarzenia\/2013\/10\/ludwika-ogorzelec-napiecia-intelektualne-buw-warszawa\/ludwika-ogorzelec-napiecia-intelektualne-buw-warszawa-2013-11-18-004\/'><img width=\"1\" height=\"1\" src=\"https:\/\/ownetic.com\/wydarzenia\/wp-content\/uploads\/2013\/10\/ludwika-ogorzelec-napiecia-intelektualne-buw-warszawa-2013-11-18-004.jpg\" class=\"attachment-thumbnail size-thumbnail\" alt=\"Ludwika Ogorzelec, \u201eNapi\u0119cia intelektualne\u201d, BUW, fot. Krzysztof P\u0119czalski (\u017ar\u00f3d\u0142o: materia\u0142y prasowe organizatora)\" loading=\"lazy\" aria-describedby=\"gallery-1-44261\" \/><\/a>\n\t\t\t<\/div>\n\t\t\t\t<figcaption class='wp-caption-text gallery-caption' id='gallery-1-44261'>\n\t\t\t\t    Ludwika Ogorzelec, \u201eNapi\u0119cia intelektualne\u201d, BUW, fot. Krzysztof P\u0119czalski (\u017ar\u00f3d\u0142o: materia\u0142y prasowe organizatora)\n\t\t\t\t<\/figcaption><\/figure><figure class='gallery-item'>\n\t\t\t<div class='gallery-icon '>\n\t\t\t\t<a href='https:\/\/ownetic.com\/wydarzenia\/2013\/10\/ludwika-ogorzelec-napiecia-intelektualne-buw-warszawa\/ludwika-ogorzelec-napiecia-intelektualne-buw-warszawa-2013-11-18-003\/'><img width=\"1\" height=\"1\" src=\"https:\/\/ownetic.com\/wydarzenia\/wp-content\/uploads\/2013\/10\/ludwika-ogorzelec-napiecia-intelektualne-buw-warszawa-2013-11-18-003.jpg\" class=\"attachment-thumbnail size-thumbnail\" alt=\"Ludwika Ogorzelec, \u201eNapi\u0119cia intelektualne\u201d, BUW, fot. Krzysztof P\u0119czalski (\u017ar\u00f3d\u0142o: materia\u0142y prasowe organizatora)\" loading=\"lazy\" aria-describedby=\"gallery-1-44260\" \/><\/a>\n\t\t\t<\/div>\n\t\t\t\t<figcaption class='wp-caption-text gallery-caption' id='gallery-1-44260'>\n\t\t\t\t    Ludwika Ogorzelec, \u201eNapi\u0119cia intelektualne\u201d, BUW, fot. Krzysztof P\u0119czalski (\u017ar\u00f3d\u0142o: materia\u0142y prasowe organizatora)\n\t\t\t\t<\/figcaption><\/figure><figure class='gallery-item'>\n\t\t\t<div class='gallery-icon '>\n\t\t\t\t<a href='https:\/\/ownetic.com\/wydarzenia\/2013\/10\/ludwika-ogorzelec-napiecia-intelektualne-buw-warszawa\/ludwika-ogorzelec-napiecia-intelektualne-buw-warszawa-2013-11-18-002\/'><img width=\"1\" height=\"1\" src=\"https:\/\/ownetic.com\/wydarzenia\/wp-content\/uploads\/2013\/10\/ludwika-ogorzelec-napiecia-intelektualne-buw-warszawa-2013-11-18-002.jpg\" class=\"attachment-thumbnail size-thumbnail\" alt=\"Ludwika Ogorzelec, \u201eNapi\u0119cia intelektualne\u201d, BUW, fot. Krzysztof P\u0119czalski (\u017ar\u00f3d\u0142o: materia\u0142y prasowe organizatora)\" loading=\"lazy\" aria-describedby=\"gallery-1-44259\" \/><\/a>\n\t\t\t<\/div>\n\t\t\t\t<figcaption class='wp-caption-text gallery-caption' id='gallery-1-44259'>\n\t\t\t\t    Ludwika Ogorzelec, \u201eNapi\u0119cia intelektualne\u201d, BUW, fot. Krzysztof P\u0119czalski (\u017ar\u00f3d\u0142o: materia\u0142y prasowe organizatora)\n\t\t\t\t<\/figcaption><\/figure><figure class='gallery-item'>\n\t\t\t<div class='gallery-icon '>\n\t\t\t\t<a href='https:\/\/ownetic.com\/wydarzenia\/2013\/10\/ludwika-ogorzelec-napiecia-intelektualne-buw-warszawa\/ludwika-ogorzelec-napiecia-intelektualne-buw-warszawa-2013-11-18-001\/'><img width=\"1\" height=\"1\" src=\"https:\/\/ownetic.com\/wydarzenia\/wp-content\/uploads\/2013\/10\/ludwika-ogorzelec-napiecia-intelektualne-buw-warszawa-2013-11-18-001.jpg\" class=\"attachment-thumbnail size-thumbnail\" alt=\"Ludwika Ogorzelec, \u201eNapi\u0119cia intelektualne\u201d, BUW, fot. Krzysztof P\u0119czalski (\u017ar\u00f3d\u0142o: materia\u0142y prasowe organizatora)\" loading=\"lazy\" aria-describedby=\"gallery-1-44258\" \/><\/a>\n\t\t\t<\/div>\n\t\t\t\t<figcaption class='wp-caption-text gallery-caption' id='gallery-1-44258'>\n\t\t\t\t    Ludwika Ogorzelec, \u201eNapi\u0119cia intelektualne\u201d, BUW, fot. Krzysztof P\u0119czalski (\u017ar\u00f3d\u0142o: materia\u0142y prasowe organizatora)\n\t\t\t\t<\/figcaption><\/figure><figure class='gallery-item'>\n\t\t\t<div class='gallery-icon '>\n\t\t\t\t<a href='https:\/\/ownetic.com\/wydarzenia\/2013\/10\/ludwika-ogorzelec-napiecia-intelektualne-buw-warszawa\/ludwika-ogorzelec-rozwarstwienie-wroclaw-2012-2013-10-17-001\/'><img width=\"1\" height=\"1\" src=\"https:\/\/ownetic.com\/wydarzenia\/wp-content\/uploads\/2013\/10\/ludwika-ogorzelec-rozwarstwienie-wroclaw-2012-2013-10-17-001.jpg\" class=\"attachment-thumbnail size-thumbnail\" alt=\"Ludwika Ogorzelec, \u201eRozwarstwienie\u201d, Wroc\u0142aw 2012 (\u017ar\u00f3d\u0142o: materia\u0142y prasowe organizatora)\" loading=\"lazy\" aria-describedby=\"gallery-1-42975\" \/><\/a>\n\t\t\t<\/div>\n\t\t\t\t<figcaption class='wp-caption-text gallery-caption' id='gallery-1-42975'>\n\t\t\t\tLudwika Ogorzelec, \u201eRozwarstwienie\u201d, Wroc\u0142aw 2012 (\u017ar\u00f3d\u0142o: materia\u0142y prasowe organizatora)\n\t\t\t\t<\/figcaption><\/figure><figure class='gallery-item'>\n\t\t\t<div class='gallery-icon '>\n\t\t\t\t<a href='https:\/\/ownetic.com\/wydarzenia\/2013\/10\/ludwika-ogorzelec-napiecia-intelektualne-buw-warszawa\/ludwika-ogorzelec-woomby-australia-2006-2013-10-16\/'><img width=\"1\" height=\"1\" src=\"https:\/\/ownetic.com\/wydarzenia\/wp-content\/uploads\/2013\/10\/ludwika-ogorzelec-woomby-australia-2006-2013-10-16.jpg\" class=\"attachment-thumbnail size-thumbnail\" alt=\"Ludwika Ogorzelec, Woomby, Australia, 2006 (\u017ar\u00f3d\u0142o: materia\u0142y prasowe organizatora)\" loading=\"lazy\" aria-describedby=\"gallery-1-42974\" \/><\/a>\n\t\t\t<\/div>\n\t\t\t\t<figcaption class='wp-caption-text gallery-caption' id='gallery-1-42974'>\n\t\t\t\tLudwika Ogorzelec, Woomby, Australia, 2006 (\u017ar\u00f3d\u0142o: materia\u0142y prasowe organizatora)\n\t\t\t\t<\/figcaption><\/figure><figure class='gallery-item'>\n\t\t\t<div class='gallery-icon '>\n\t\t\t\t<a href='https:\/\/ownetic.com\/wydarzenia\/2013\/10\/ludwika-ogorzelec-napiecia-intelektualne-buw-warszawa\/ludwika-ogorzelec-taniec-czarownic-kielce-2012-2013-10-17\/'><img width=\"1\" height=\"1\" src=\"https:\/\/ownetic.com\/wydarzenia\/wp-content\/uploads\/2013\/10\/ludwika-ogorzelec-taniec-czarownic-kielce-2012-2013-10-17.jpg\" class=\"attachment-thumbnail size-thumbnail\" alt=\"Ludwika Ogorzelec, \u201eTaniec czarownic\u201d, Kielce, 2012 (\u017ar\u00f3d\u0142o: materia\u0142y prasowe organizatora)\" loading=\"lazy\" aria-describedby=\"gallery-1-42973\" \/><\/a>\n\t\t\t<\/div>\n\t\t\t\t<figcaption class='wp-caption-text gallery-caption' id='gallery-1-42973'>\n\t\t\t\tLudwika Ogorzelec, \u201eTaniec czarownic\u201d, Kielce, 2012 (\u017ar\u00f3d\u0142o: materia\u0142y prasowe organizatora)\n\t\t\t\t<\/figcaption><\/figure><figure class='gallery-item'>\n\t\t\t<div class='gallery-icon '>\n\t\t\t\t<a href='https:\/\/ownetic.com\/wydarzenia\/2013\/10\/ludwika-ogorzelec-napiecia-intelektualne-buw-warszawa\/ludwika-ogorzelec-taniec-czarownic-kielce-2011-2013-10-17-002\/'><img width=\"1\" height=\"1\" src=\"https:\/\/ownetic.com\/wydarzenia\/wp-content\/uploads\/2013\/10\/ludwika-ogorzelec-taniec-czarownic-kielce-2011-2013-10-17-002.jpg\" class=\"attachment-thumbnail size-thumbnail\" alt=\"Ludwika Ogorzelec, \u201eTaniec czarownic\u201d, Kielce, 2011 (\u017ar\u00f3d\u0142o: materia\u0142y prasowe organizatora)\" loading=\"lazy\" aria-describedby=\"gallery-1-42972\" \/><\/a>\n\t\t\t<\/div>\n\t\t\t\t<figcaption class='wp-caption-text gallery-caption' id='gallery-1-42972'>\n\t\t\t\tLudwika Ogorzelec, \u201eTaniec czarownic\u201d, Kielce, 2011 (\u017ar\u00f3d\u0142o: materia\u0142y prasowe organizatora)\n\t\t\t\t<\/figcaption><\/figure><figure class='gallery-item'>\n\t\t\t<div class='gallery-icon '>\n\t\t\t\t<a href='https:\/\/ownetic.com\/wydarzenia\/2013\/10\/ludwika-ogorzelec-napiecia-intelektualne-buw-warszawa\/ludwika-ogorzelec-taniec-czarownic-kielce-2011-2013-10-17-001\/'><img width=\"1\" height=\"1\" src=\"https:\/\/ownetic.com\/wydarzenia\/wp-content\/uploads\/2013\/10\/ludwika-ogorzelec-taniec-czarownic-kielce-2011-2013-10-17-001.jpg\" class=\"attachment-thumbnail size-thumbnail\" alt=\"Ludwika Ogorzelec, \u201eTaniec czarownic\u201d, Kielce, 2011 (\u017ar\u00f3d\u0142o: materia\u0142y prasowe organizatora)\" loading=\"lazy\" aria-describedby=\"gallery-1-42971\" \/><\/a>\n\t\t\t<\/div>\n\t\t\t\t<figcaption class='wp-caption-text gallery-caption' id='gallery-1-42971'>\n\t\t\t\tLudwika Ogorzelec, \u201eTaniec czarownic\u201d, Kielce, 2011 (\u017ar\u00f3d\u0142o: materia\u0142y prasowe organizatora)\n\t\t\t\t<\/figcaption><\/figure><figure class='gallery-item'>\n\t\t\t<div class='gallery-icon '>\n\t\t\t\t<a href='https:\/\/ownetic.com\/wydarzenia\/2013\/10\/ludwika-ogorzelec-napiecia-intelektualne-buw-warszawa\/ludwika-ogorzelec-tanczac-z-linia-pekin-2012-2013-10-17\/'><img width=\"1\" height=\"1\" src=\"https:\/\/ownetic.com\/wydarzenia\/wp-content\/uploads\/2013\/10\/ludwika-ogorzelec-tanczac-z-linia-pekin-2012-2013-10-17.jpg\" class=\"attachment-thumbnail size-thumbnail\" alt=\"Ludwika Ogorzelec, \u201eTa\u0144cz\u0105c z lini\u0105\u201d, Pekin, 2012 (\u017ar\u00f3d\u0142o: materia\u0142y prasowe organizatora)\" loading=\"lazy\" aria-describedby=\"gallery-1-42970\" \/><\/a>\n\t\t\t<\/div>\n\t\t\t\t<figcaption class='wp-caption-text gallery-caption' id='gallery-1-42970'>\n\t\t\t\tLudwika Ogorzelec, \u201eTa\u0144cz\u0105c z lini\u0105\u201d, Pekin, 2012 (\u017ar\u00f3d\u0142o: materia\u0142y prasowe organizatora)\n\t\t\t\t<\/figcaption><\/figure><figure class='gallery-item'>\n\t\t\t<div class='gallery-icon '>\n\t\t\t\t<a href='https:\/\/ownetic.com\/wydarzenia\/2013\/10\/ludwika-ogorzelec-napiecia-intelektualne-buw-warszawa\/ludwika-ogorzelec-rozwarstwienie-wroclaw-2012-2013-10-17\/'><img width=\"1\" height=\"1\" src=\"https:\/\/ownetic.com\/wydarzenia\/wp-content\/uploads\/2013\/10\/ludwika-ogorzelec-rozwarstwienie-wroclaw-2012-2013-10-17.jpg\" class=\"attachment-thumbnail size-thumbnail\" alt=\"Ludwika Ogorzelec, \u201eRozwarstwienie\u201d, Wroc\u0142aw 2012 (\u017ar\u00f3d\u0142o: materia\u0142y prasowe organizatora)\" loading=\"lazy\" aria-describedby=\"gallery-1-42969\" \/><\/a>\n\t\t\t<\/div>\n\t\t\t\t<figcaption class='wp-caption-text gallery-caption' id='gallery-1-42969'>\n\t\t\t\tLudwika Ogorzelec, \u201eRozwarstwienie\u201d, Wroc\u0142aw 2012 (\u017ar\u00f3d\u0142o: materia\u0142y prasowe organizatora)\n\t\t\t\t<\/figcaption><\/figure><figure class='gallery-item'>\n\t\t\t<div class='gallery-icon '>\n\t\t\t\t<a href='https:\/\/ownetic.com\/wydarzenia\/2013\/10\/ludwika-ogorzelec-napiecia-intelektualne-buw-warszawa\/ludwika-ogorzelec-rozwarstwienie-lofty-archicomu-wroclaw-2012-2013-10-17\/'><img width=\"1\" height=\"1\" src=\"https:\/\/ownetic.com\/wydarzenia\/wp-content\/uploads\/2013\/10\/ludwika-ogorzelec-rozwarstwienie-lofty-archicomu-wroclaw-2012-2013-10-17.jpg\" class=\"attachment-thumbnail size-thumbnail\" alt=\"Ludwika Ogorzelec, \u201eRozwarstwienie\u201d, Lofty Archicomu, Wroc\u0142aw 2012 (\u017ar\u00f3d\u0142o: materia\u0142y prasowe organizatora)\" loading=\"lazy\" aria-describedby=\"gallery-1-42968\" \/><\/a>\n\t\t\t<\/div>\n\t\t\t\t<figcaption class='wp-caption-text gallery-caption' id='gallery-1-42968'>\n\t\t\t\tLudwika Ogorzelec, \u201eRozwarstwienie\u201d, Lofty Archicomu, Wroc\u0142aw 2012 (\u017ar\u00f3d\u0142o: materia\u0142y prasowe organizatora)\n\t\t\t\t<\/figcaption><\/figure><figure class='gallery-item'>\n\t\t\t<div class='gallery-icon '>\n\t\t\t\t<a href='https:\/\/ownetic.com\/wydarzenia\/2013\/10\/ludwika-ogorzelec-napiecia-intelektualne-buw-warszawa\/ludwika-ogorzelec-rajskie-drzewko-kielce-2012-2013-10-17\/'><img width=\"1\" height=\"1\" src=\"https:\/\/ownetic.com\/wydarzenia\/wp-content\/uploads\/2013\/10\/ludwika-ogorzelec-rajskie-drzewko-kielce-2012-2013-10-17.jpg\" class=\"attachment-thumbnail size-thumbnail\" alt=\"Ludwika Ogorzelec, \u201eRajskie drzewsko\u201d, Kielce, 2012 (\u017ar\u00f3d\u0142o: materia\u0142y prasowe organizatora)\" loading=\"lazy\" aria-describedby=\"gallery-1-42967\" \/><\/a>\n\t\t\t<\/div>\n\t\t\t\t<figcaption class='wp-caption-text gallery-caption' id='gallery-1-42967'>\n\t\t\t\tLudwika Ogorzelec, \u201eRajskie drzewsko\u201d, Kielce, 2012 (\u017ar\u00f3d\u0142o: materia\u0142y prasowe organizatora)\n\t\t\t\t<\/figcaption><\/figure><figure class='gallery-item'>\n\t\t\t<div class='gallery-icon '>\n\t\t\t\t<a href='https:\/\/ownetic.com\/wydarzenia\/2013\/10\/ludwika-ogorzelec-napiecia-intelektualne-buw-warszawa\/ludwika-ogorzelec-pardo-gallery-nowy-jork-2000-2013-10-17\/'><img width=\"1\" height=\"1\" src=\"https:\/\/ownetic.com\/wydarzenia\/wp-content\/uploads\/2013\/10\/ludwika-ogorzelec-pardo-gallery-nowy-jork-2000-2013-10-17.jpg\" class=\"attachment-thumbnail size-thumbnail\" alt=\"Ludwika Ogorzelec, Pardo Gallery, Nowy Jork, 2000 (\u017ar\u00f3d\u0142o: materia\u0142y prasowe organizatora)\" loading=\"lazy\" aria-describedby=\"gallery-1-42966\" \/><\/a>\n\t\t\t<\/div>\n\t\t\t\t<figcaption class='wp-caption-text gallery-caption' id='gallery-1-42966'>\n\t\t\t\tLudwika Ogorzelec, Pardo Gallery, Nowy Jork, 2000 (\u017ar\u00f3d\u0142o: materia\u0142y prasowe organizatora)\n\t\t\t\t<\/figcaption><\/figure><figure class='gallery-item'>\n\t\t\t<div class='gallery-icon '>\n\t\t\t\t<a href='https:\/\/ownetic.com\/wydarzenia\/2013\/10\/ludwika-ogorzelec-napiecia-intelektualne-buw-warszawa\/ludwika-ogorzelec-napiecia-intelektualne-buw-wizualizacja-2013-10-16\/'><img width=\"1\" height=\"1\" src=\"https:\/\/ownetic.com\/wydarzenia\/wp-content\/uploads\/2013\/10\/ludwika-ogorzelec-napiecia-intelektualne-buw-wizualizacja-2013-10-16.jpg\" class=\"attachment-thumbnail size-thumbnail\" alt=\"Ludwika Ogorzelec, \u201eNapi\u0119cia intelektualne\u201d, BUW, wizualizacja (\u017ar\u00f3d\u0142o: materia\u0142y prasowe organizatora)\" loading=\"lazy\" aria-describedby=\"gallery-1-42965\" \/><\/a>\n\t\t\t<\/div>\n\t\t\t\t<figcaption class='wp-caption-text gallery-caption' id='gallery-1-42965'>\n\t\t\t\tLudwika Ogorzelec, \u201eNapi\u0119cia intelektualne\u201d, BUW, wizualizacja (\u017ar\u00f3d\u0142o: materia\u0142y prasowe organizatora)\n\t\t\t\t<\/figcaption><\/figure><figure class='gallery-item'>\n\t\t\t<div class='gallery-icon '>\n\t\t\t\t<a href='https:\/\/ownetic.com\/wydarzenia\/2013\/10\/ludwika-ogorzelec-napiecia-intelektualne-buw-warszawa\/ludwika-ogorzelec-muzeum-miedzi-legnica-1995-2013-10-17\/'><img width=\"1\" height=\"1\" src=\"https:\/\/ownetic.com\/wydarzenia\/wp-content\/uploads\/2013\/10\/ludwika-ogorzelec-muzeum-miedzi-legnica-1995-2013-10-17.jpg\" class=\"attachment-thumbnail size-thumbnail\" alt=\"Ludwika Ogorzelec, Muzeum miedzi w Legnicy, 1995 (\u017ar\u00f3d\u0142o: materia\u0142y prasowe organizatora)\" loading=\"lazy\" aria-describedby=\"gallery-1-42964\" \/><\/a>\n\t\t\t<\/div>\n\t\t\t\t<figcaption class='wp-caption-text gallery-caption' id='gallery-1-42964'>\n\t\t\t\tLudwika Ogorzelec, Muzeum miedzi w Legnicy, 1995 (\u017ar\u00f3d\u0142o: materia\u0142y prasowe organizatora)\n\t\t\t\t<\/figcaption><\/figure><figure class='gallery-item'>\n\t\t\t<div class='gallery-icon '>\n\t\t\t\t<a href='https:\/\/ownetic.com\/wydarzenia\/2013\/10\/ludwika-ogorzelec-napiecia-intelektualne-buw-warszawa\/ludwika-ogorzelec-mont-bell-francja-2001-2013-10-16\/'><img width=\"1\" height=\"1\" src=\"https:\/\/ownetic.com\/wydarzenia\/wp-content\/uploads\/2013\/10\/ludwika-ogorzelec-mont-bell-francja-2001-2013-10-16.jpg\" class=\"attachment-thumbnail size-thumbnail\" alt=\"Ludwika Ogorzelec, Mont Bell, Francja, 2001 (\u017ar\u00f3d\u0142o: materia\u0142y prasowe organizatora)\" loading=\"lazy\" aria-describedby=\"gallery-1-42963\" \/><\/a>\n\t\t\t<\/div>\n\t\t\t\t<figcaption class='wp-caption-text gallery-caption' id='gallery-1-42963'>\n\t\t\t\tLudwika Ogorzelec, Mont Bell, Francja, 2001 (\u017ar\u00f3d\u0142o: materia\u0142y prasowe organizatora)\n\t\t\t\t<\/figcaption><\/figure><figure class='gallery-item'>\n\t\t\t<div class='gallery-icon '>\n\t\t\t\t<a href='https:\/\/ownetic.com\/wydarzenia\/2013\/10\/ludwika-ogorzelec-napiecia-intelektualne-buw-warszawa\/ludwika-ogorzelec-montauban-belgia-2010-2013-10-17-002\/'><img width=\"1\" height=\"1\" src=\"https:\/\/ownetic.com\/wydarzenia\/wp-content\/uploads\/2013\/10\/ludwika-ogorzelec-montauban-belgia-2010-2013-10-17-002.jpg\" class=\"attachment-thumbnail size-thumbnail\" alt=\"Ludwika Ogorzelec, Montaubaun, Belgia, 2010 (\u017ar\u00f3d\u0142o: materia\u0142y prasowe organizatora)\" loading=\"lazy\" aria-describedby=\"gallery-1-42962\" \/><\/a>\n\t\t\t<\/div>\n\t\t\t\t<figcaption class='wp-caption-text gallery-caption' id='gallery-1-42962'>\n\t\t\t\tLudwika Ogorzelec, Montaubaun, Belgia, 2010 (\u017ar\u00f3d\u0142o: materia\u0142y prasowe organizatora)\n\t\t\t\t<\/figcaption><\/figure><figure class='gallery-item'>\n\t\t\t<div class='gallery-icon '>\n\t\t\t\t<a href='https:\/\/ownetic.com\/wydarzenia\/2013\/10\/ludwika-ogorzelec-napiecia-intelektualne-buw-warszawa\/ludwika-ogorzelec-montauban-belgia-2010-2013-10-17-001\/'><img width=\"1\" height=\"1\" src=\"https:\/\/ownetic.com\/wydarzenia\/wp-content\/uploads\/2013\/10\/ludwika-ogorzelec-montauban-belgia-2010-2013-10-17-001.jpg\" class=\"attachment-thumbnail size-thumbnail\" alt=\"Ludwika Ogorzelec, Montaubaun, Belgia, 2010 (\u017ar\u00f3d\u0142o: materia\u0142y prasowe organizatora)\" loading=\"lazy\" aria-describedby=\"gallery-1-42961\" \/><\/a>\n\t\t\t<\/div>\n\t\t\t\t<figcaption class='wp-caption-text gallery-caption' id='gallery-1-42961'>\n\t\t\t\tLudwika Ogorzelec, Montaubaun, Belgia, 2010 (\u017ar\u00f3d\u0142o: materia\u0142y prasowe organizatora)\n\t\t\t\t<\/figcaption><\/figure><figure class='gallery-item'>\n\t\t\t<div class='gallery-icon '>\n\t\t\t\t<a href='https:\/\/ownetic.com\/wydarzenia\/2013\/10\/ludwika-ogorzelec-napiecia-intelektualne-buw-warszawa\/ludwika-ogorzelec-gorzow-2008-2013-10-16\/'><img width=\"1\" height=\"1\" src=\"https:\/\/ownetic.com\/wydarzenia\/wp-content\/uploads\/2013\/10\/ludwika-ogorzelec-gorzow-2008-2013-10-16.jpg\" class=\"attachment-thumbnail size-thumbnail\" alt=\"Ludwika Ogorzelec, Gorz\u00f3w, 2008 (\u017ar\u00f3d\u0142o: materia\u0142y prasowe organizatora)\" loading=\"lazy\" aria-describedby=\"gallery-1-42960\" \/><\/a>\n\t\t\t<\/div>\n\t\t\t\t<figcaption class='wp-caption-text gallery-caption' id='gallery-1-42960'>\n\t\t\t\tLudwika Ogorzelec, Gorz\u00f3w, 2008 (\u017ar\u00f3d\u0142o: materia\u0142y prasowe organizatora)\n\t\t\t\t<\/figcaption><\/figure><figure class='gallery-item'>\n\t\t\t<div class='gallery-icon '>\n\t\t\t\t<a href='https:\/\/ownetic.com\/wydarzenia\/2013\/10\/ludwika-ogorzelec-napiecia-intelektualne-buw-warszawa\/ludwika-ogorzelec-barcelona-2000-2013-10-17\/'><img width=\"1\" height=\"1\" src=\"https:\/\/ownetic.com\/wydarzenia\/wp-content\/uploads\/2013\/10\/ludwika-ogorzelec-barcelona-2000-2013-10-17.jpg\" class=\"attachment-thumbnail size-thumbnail\" alt=\"Ludwika Ogorzelec, Barcelona, 2000 (\u017ar\u00f3d\u0142o: materia\u0142y prasowe organizatora)\" loading=\"lazy\" aria-describedby=\"gallery-1-42959\" \/><\/a>\n\t\t\t<\/div>\n\t\t\t\t<figcaption class='wp-caption-text gallery-caption' id='gallery-1-42959'>\n\t\t\t\tLudwika Ogorzelec, Barcelona, 2000 (\u017ar\u00f3d\u0142o: materia\u0142y prasowe organizatora)\n\t\t\t\t<\/figcaption><\/figure><figure class='gallery-item'>\n\t\t\t<div class='gallery-icon '>\n\t\t\t\t<a href='https:\/\/ownetic.com\/wydarzenia\/2013\/10\/ludwika-ogorzelec-napiecia-intelektualne-buw-warszawa\/ludwika-ogorzelec-arsenal-wroclaw-2007-2013-10-17\/'><img width=\"1\" height=\"1\" src=\"https:\/\/ownetic.com\/wydarzenia\/wp-content\/uploads\/2013\/10\/ludwika-ogorzelec-arsenal-wroclaw-2007-2013-10-17.jpg\" class=\"attachment-thumbnail size-thumbnail\" alt=\"Ludwika Ogorzelec, Arsena\u0142, Wroc\u0142aw, 2007 (\u017ar\u00f3d\u0142o: materia\u0142y prasowe organizatora)\" loading=\"lazy\" aria-describedby=\"gallery-1-42958\" \/><\/a>\n\t\t\t<\/div>\n\t\t\t\t<figcaption class='wp-caption-text gallery-caption' id='gallery-1-42958'>\n\t\t\t\tLudwika Ogorzelec, Arsena\u0142, Wroc\u0142aw, 2007 (\u017ar\u00f3d\u0142o: materia\u0142y prasowe organizatora)\n\t\t\t\t<\/figcaption><\/figure><figure class='gallery-item'>\n\t\t\t<div class='gallery-icon '>\n\t\t\t\t<a href='https:\/\/ownetic.com\/wydarzenia\/2013\/10\/ludwika-ogorzelec-napiecia-intelektualne-buw-warszawa\/ludwika-ogorzelec-anglia-exeter-2011-2013-10-17\/'><img width=\"1\" height=\"1\" src=\"https:\/\/ownetic.com\/wydarzenia\/wp-content\/uploads\/2013\/10\/ludwika-ogorzelec-anglia-exeter-2011-2013-10-17.jpg\" class=\"attachment-thumbnail size-thumbnail\" alt=\"Ludwika Ogorzelec, Anglia, Exeter, 2011 (\u017ar\u00f3d\u0142o: materia\u0142y prasowe organizatora)\" loading=\"lazy\" aria-describedby=\"gallery-1-42957\" \/><\/a>\n\t\t\t<\/div>\n\t\t\t\t<figcaption class='wp-caption-text gallery-caption' id='gallery-1-42957'>\n\t\t\t\tLudwika Ogorzelec, Anglia, Exeter, 2011 (\u017ar\u00f3d\u0142o: materia\u0142y prasowe organizatora)\n\t\t\t\t<\/figcaption><\/figure><figure class='gallery-item'>\n\t\t\t<div class='gallery-icon '>\n\t\t\t\t<a href='https:\/\/ownetic.com\/wydarzenia\/2013\/10\/ludwika-ogorzelec-napiecia-intelektualne-buw-warszawa\/ludwika-ogorzelec-albury-australia-2007-2013-10-16-002\/'><img width=\"1\" height=\"1\" src=\"https:\/\/ownetic.com\/wydarzenia\/wp-content\/uploads\/2013\/10\/ludwika-ogorzelec-albury-australia-2007-2013-10-16-002.jpg\" class=\"attachment-thumbnail size-thumbnail\" alt=\"Ludwika Ogorzelec, Albury, Australia, 2007 (\u017ar\u00f3d\u0142o: materia\u0142y prasowe organizatora)\" loading=\"lazy\" aria-describedby=\"gallery-1-42956\" \/><\/a>\n\t\t\t<\/div>\n\t\t\t\t<figcaption class='wp-caption-text gallery-caption' id='gallery-1-42956'>\n\t\t\t\tLudwika Ogorzelec, Albury, Australia, 2007 (\u017ar\u00f3d\u0142o: materia\u0142y prasowe organizatora)\n\t\t\t\t<\/figcaption><\/figure><figure class='gallery-item'>\n\t\t\t<div class='gallery-icon landscape'>\n\t\t\t\t<a href='https:\/\/ownetic.com\/wydarzenia\/2013\/10\/ludwika-ogorzelec-napiecia-intelektualne-buw-warszawa\/ludwika-ogorzelec-albury-australia-2007-2013-10-16-001\/'><img width=\"260\" height=\"195\" src=\"https:\/\/ownetic.com\/wydarzenia\/wp-content\/uploads\/2013\/10\/ludwika-ogorzelec-albury-australia-2007-2013-10-16-001.jpg\" class=\"attachment-thumbnail size-thumbnail\" alt=\"Ludwika Ogorzelec, Albury, Australia, 2007 (\u017ar\u00f3d\u0142o: materia\u0142y prasowe organizatora)\" loading=\"lazy\" aria-describedby=\"gallery-1-42955\" \/><\/a>\n\t\t\t<\/div>\n\t\t\t\t<figcaption class='wp-caption-text gallery-caption' id='gallery-1-42955'>\n\t\t\t\tLudwika Ogorzelec, Albury, Australia, 2007 (\u017ar\u00f3d\u0142o: materia\u0142y prasowe organizatora)\n\t\t\t\t<\/figcaption><\/figure>\n\t\t<\/div>\n\n<p>Dzia\u0142anie rze\u017aby skierowane jest do czytelnik\u00f3w Biblioteki. Przychodz\u0105cy w to miejsce cz\u0142owiek (student czy naukowiec korzystaj\u0105cy z ksi\u0119gozbioru) zaskoczony jest innym obrazem i now\u0105 energi\u0105 wn\u0119trza, do kt\u00f3rego wcze\u015bniej ju\u017c si\u0119 przyzwyczai\u0142 i przesta\u0142 je widzie\u0107. Mimo \u017ce jego praca nad podj\u0119tym tematem kontynuowana jest jak przedtem, czuje si\u0119 on ju\u017c inaczej \u2013 jego wysi\u0142ek intelektualny wzmocniony jest o kreatywn\u0105 emocj\u0119 emitowan\u0105 przez ukosy napi\u0119tych nad jego g\u0142ow\u0105 linii.<\/p>\n<p>Ta kreatywna zmiana wn\u0119trza biblioteki sprawia, \u017ce staje si\u0119 ona w pe\u0142niejszy spos\u00f3b instytucj\u0105 kultury stymuluj\u0105c\u0105 rozw\u00f3j ca\u0142ej osobowo\u015bci cz\u0142owieka.<\/p>\n<figure id=\"attachment_42974\" aria-describedby=\"caption-attachment-42974\" style=\"width: 576px\" class=\"wp-caption alignnone\"><a href=\"https:\/\/ownetic.com\/wydarzenia\/2013\/10\/ludwika-ogorzelec-napiecia-intelektualne-buw-warszawa\/ludwika-ogorzelec-woomby-australia-2006-2013-10-16\/\" rel=\"attachment wp-att-42974\"><img loading=\"lazy\" class=\"size-medium wp-image-42974\" title=\"Ludwika Ogorzelec, Woomby, Australia, 2006 (\u017ar\u00f3d\u0142o: materia\u0142y prasowe organizatora)\" src=\"https:\/\/ownetic.com\/wydarzenia\/wp-content\/uploads\/2013\/10\/ludwika-ogorzelec-woomby-australia-2006-2013-10-16-576x432.jpg\" alt=\"Ludwika Ogorzelec, Woomby, Australia, 2006 (\u017ar\u00f3d\u0142o: materia\u0142y prasowe organizatora)\" width=\"576\" height=\"432\" \/><\/a><figcaption id=\"caption-attachment-42974\" class=\"wp-caption-text\">Ludwika Ogorzelec, Woomby, Australia, 2006 (\u017ar\u00f3d\u0142o: materia\u0142y prasowe organizatora)<\/figcaption><\/figure>\n<p>Ludwika Ogorzelec o projekcie (w wywiadzie z El\u017cbiet\u0105 \u0141ubowicz pt.<em> Napi\u0119cia intelektualne. Pr\u00f3buj\u0119 dotkn\u0105\u0107 wra\u017cliwo\u015bci pierwszej<\/em>):<\/p>\n<blockquote><p>Projekt ten mia\u0142 sw\u00f3j pocz\u0105tek ju\u017c w 2010 roku. Kiedy szuka\u0142am przestrzeni dla mojej rze\u017aby w Warszawie, kurator J\u00f3zef Piwkowski przyprowadzi\u0142 mnie do Biblioteki Uniwersyteckiej. Wn\u0119trze Biblioteki oczarowa\u0142o mnie swoim dostoje\u0144stwem, estetyk\u0105, a zw\u0142aszcza atmosfer\u0105 skupienia i intelektualnego napi\u0119cia. B\u0119d\u0105c w holu g\u0142\u00f3wnym, kolumnowym \u2013 kt\u00f3ry wyda\u0142 mi si\u0119 by\u0107 katedr\u0105 m\u0105dro\u015bci \u2013 zobaczy\u0142am w wyobra\u017ani napr\u0119\u017cone linie ludzkich my\u015bli, idei p\u0142yn\u0105cych z ksi\u0119gozbior\u00f3w do umys\u0142\u00f3w czytelnik\u00f3w, przeistaczaj\u0105cych si\u0119 w nowe struktury intelektualne. Ucieszy\u0142am si\u0119, \u017ce moja interwencja tw\u00f3rcza w t\u0119 przestrze\u0144 nie tyle b\u0119dzie unaocznia\u0107 to co niewidzialne, ale kreatywnie wzmocni te napi\u0119cia\u2026 A mo\u017ce tak\u017ce wyprowadzi niekt\u00f3rych obecnych w bibliotece na drog\u0119, kt\u00f3r\u0105 wsp\u00f3lnie z intelektem spacerowa\u0142a b\u0119dzie estetyka. Adresuj\u0105c do nich swoj\u0105 propozycj\u0119 emocjonalno-wizualn\u0105, widz\u0119 ich jednocze\u015bnie jako odbiorc\u00f3w i jako cz\u0119\u015b\u0107 ca\u0142o\u015bci mojego projektu.<\/p><\/blockquote>\n<figure id=\"attachment_42970\" aria-describedby=\"caption-attachment-42970\" style=\"width: 576px\" class=\"wp-caption alignnone\"><a href=\"https:\/\/ownetic.com\/wydarzenia\/2013\/10\/ludwika-ogorzelec-napiecia-intelektualne-buw-warszawa\/ludwika-ogorzelec-tanczac-z-linia-pekin-2012-2013-10-17\/\" rel=\"attachment wp-att-42970\"><img loading=\"lazy\" class=\"size-medium wp-image-42970\" title=\"Ludwika Ogorzelec, \u201eTa\u0144cz\u0105c z lini\u0105\u201d, Pekin, 2012 (\u017ar\u00f3d\u0142o: materia\u0142y prasowe organizatora)\" src=\"https:\/\/ownetic.com\/wydarzenia\/wp-content\/uploads\/2013\/10\/ludwika-ogorzelec-tanczac-z-linia-pekin-2012-2013-10-17-576x324.jpg\" alt=\"Ludwika Ogorzelec, \u201eTa\u0144cz\u0105c z lini\u0105\u201d, Pekin, 2012 (\u017ar\u00f3d\u0142o: materia\u0142y prasowe organizatora)\" width=\"576\" height=\"324\" \/><\/a><figcaption id=\"caption-attachment-42970\" class=\"wp-caption-text\">Ludwika Ogorzelec, \u201eTa\u0144cz\u0105c z lini\u0105\u201d, Pekin, 2012 (\u017ar\u00f3d\u0142o: materia\u0142y prasowe organizatora)<\/figcaption><\/figure>\n<p>Na pytanie El\u017cbiety \u0141ubowicz,<em> czy Krystalizacja przestrzeni to tylko poetycka metafora, czy to, co robisz, ma rzeczywi\u015bcie bliski zwi\u0105zek ze struktur\u0105 kryszta\u0142u<\/em> Ludwika Ogorzelec odpowiedzia\u0142a:<\/p>\n<blockquote><p><em>Krystalizacja przestrzeni<\/em> \u2013 cykl-akcja \u2013 podobnie jak w krystalizacji chemicznej, jest specyficznym procesem podzia\u0142u ca\u0142o\u015bci na cz\u0119\u015bci, materii na bry\u0142y-kryszta\u0142y. W wypadku mojego aktu tw\u00f3rczego s\u0105 to kryszta\u0142y subiektywne, poetyckie, mimo \u017ce maj\u0105 fizyczn\u0105 tr\u00f3jwymiarowo\u015b\u0107. Dziel\u0105c przestrze\u0144 lini\u0105, tworz\u0119 kontury bry\u0142y, kt\u00f3ra w swojej formie ma wiele wsp\u00f3lnego z geometri\u0105 kryszta\u0142u. Zauwa\u017caj\u0105 to naukowcy, specjali\u015bci od fizyki cia\u0142a sta\u0142ego, z kt\u00f3rymi nieraz na ten temat rozmawiam. Nie\u017cyj\u0105cy ju\u017c profesor Jerzy Przystawa w swojej ksi\u0105\u017cce <em>po<\/em>zestawia\u0142 modu\u0142y fizyczne z fragmentami moich rze\u017ab. Kiedy\u015b w trakcie jednego z moich wernisa\u017cy powiedzia\u0142: My fizycy dociekamy, eksperymentujemy, obliczamy, a ona (pokazuj\u0105c na mnie) niesiona intuicj\u0105 ot tak sobie \u2013 tu strzela palcami \u2013 trafia w sedno naszych docieka\u0144.<\/p>\n<p>Linia, przecinaj\u0105ca si\u0119 ze sob\u0105 sam\u0105 w odpowiednich porz\u0105dkach, wydzielaj\u0105c bry\u0142y przestrzeni z ca\u0142o\u015bci, jest tylko konturem, istotnym, ale drugorz\u0119dnym. Ta bry\u0142a \u2013 <em>kryszta\u0142 przestrzeni<\/em> \u2013 napi\u0119cia i energia w nim zgromadzone, s\u0105 istot\u0105 mojego aktu \u2013 procesu krystalizacji przestrzeni.<\/p>\n<p>Cykl Krystalizacja przestrzeni jest te\u017c rodzajem akcji tw\u00f3rczej, w kt\u00f3rej to ja sama ci\u0105gn\u0119 t\u0119 przezroczyst\u0105 lini\u0119 przez \u015bwiat od miejsca w przestrzeni, danego mi do skrystalizowania, do nast\u0119pnego, i do jeszcze innego\u2026 I tak ju\u017c przez 23 lata kontynuuj\u0119 ten ewoluuj\u0105cy projekt. Ka\u017cda uko\u0144czona praca jest sum\u0105 do\u015bwiadcze\u0144 i jakby przystankiem dla kolejnego eksperymentowania \u2013 eksperymentowania z przestrzeni\u0105, z jej specyfik\u0105 i kontekstem kulturowym w danym miejscu w \u015bwiecie.<\/p><\/blockquote>\n<p><strong>Organizatorami wystawy s\u0105:<\/strong> Fundacja <em>Nowa Przestrze\u0144 Sztuki<\/em>, Biblioteka Uniwersytecka w Warszawie<br \/>\n<strong>Kurator wystawy:<\/strong> El\u017cbieta \u0141ubowicz<\/p>\n<p><strong>Ludwika Ogorzelec \u2013 <em>Napi\u0119cia intelektualne <\/em>(z cyklu <em>Krystalizacja przestrzeni<\/em>)<br \/>\n<\/strong>Wernisa\u017c: 7 listopada 2013 roku, godz. 21.00<br \/>\nRze\u017aba b\u0119dzie istnia\u0142a do 15 stycznia 2014 roku<br \/>\nBiblioteka Uniwersytecka<br \/>\nul. Dobra 56\/66<br \/>\nWarszawa<\/p>\n","protected":false},"excerpt":{"rendered":"<p><em>Napi\u0119cia intelektualne<\/em> to rze\u017aba typu site-specific. Kreowana jest specjalnie do wn\u0119trza budynku BUW. B\u0119dzie kolejn\u0105 prac\u0105 Ludwiki Ogorzelec z cyklu <em>Krystalizacja przestrzeni<\/em>, zapocz\u0105tkowanego w 1990 roku. Napr\u0119\u017cone, przecinaj\u0105ce przestrze\u0144 i siebie nawzajem linie przezroczystego celofanu dziel\u0105 przestrze\u0144 na mniejsze fragmenty, nadaj\u0105c jej nowe znaczenie estetyczno-emocjonalne poprzez wykreowan\u0105 energi\u0119 oddzia\u0142ywuj\u0105c\u0105 na psychik\u0119 cz\u0142owieka.<\/p>\n","protected":false},"author":62,"featured_media":42955,"comment_status":"open","ping_status":"closed","sticky":false,"template":"","format":"standard","meta":[],"categories":[5],"tags":[7694,7696,7695,7693,32],"powerkit_post_featured":[],"yoast_head":"<!-- This site is optimized with the Yoast SEO plugin v18.7 - https:\/\/yoast.com\/wordpress\/plugins\/seo\/ -->\n<title>Ludwika Ogorzelec. Napi\u0119cia intelektualne<\/title>\n<meta name=\"description\" content=\"Napi\u0119cia intelektualne to rze\u017aba typu site-specific. B\u0119dzie kolejn\u0105 prac\u0105 Ludwiki Ogorzelec z cyklu Krystalizacja przestrzeni.\" \/>\n<meta name=\"robots\" content=\"index, follow, max-snippet:-1, max-image-preview:large, max-video-preview:-1\" \/>\n<link rel=\"canonical\" href=\"https:\/\/ownetic.com\/wydarzenia\/2013\/10\/ludwika-ogorzelec-napiecia-intelektualne-buw-warszawa\/\" \/>\n<meta name=\"twitter:card\" content=\"summary_large_image\" \/>\n<meta name=\"twitter:title\" content=\"Ludwika Ogorzelec. Napi\u0119cia intelektualne\" \/>\n<meta name=\"twitter:description\" content=\"Napi\u0119cia intelektualne to rze\u017aba typu site-specific. B\u0119dzie kolejn\u0105 prac\u0105 Ludwiki Ogorzelec z cyklu Krystalizacja przestrzeni.\" \/>\n<meta name=\"twitter:image\" content=\"https:\/\/ownetic.com\/wydarzenia\/wp-content\/uploads\/2013\/10\/ludwika-ogorzelec-albury-australia-2007-2013-10-16-001.jpg\" \/>\n<meta name=\"twitter:label1\" content=\"Napisane przez\" \/>\n\t<meta name=\"twitter:data1\" content=\"kaska-kowalska\" \/>\n\t<meta name=\"twitter:label2\" content=\"Szacowany czas czytania\" \/>\n\t<meta name=\"twitter:data2\" content=\"4 minuty\" \/>\n<script type=\"application\/ld+json\" class=\"yoast-schema-graph\">{\"@context\":\"https:\/\/schema.org\",\"@graph\":[{\"@type\":\"WebSite\",\"@id\":\"https:\/\/ownetic.com\/wydarzenia\/#website\",\"url\":\"https:\/\/ownetic.com\/wydarzenia\/\",\"name\":\"Wydarzenia O.pl\",\"description\":\"Przestrze\u0144 prezentacji najwa\u017cniejszych wydarze\u0144 z takich dziedzin, jak: sztuka, design, fotografia, film, muzyka, teatr, literatura, historia, taniec, architektura\",\"potentialAction\":[{\"@type\":\"SearchAction\",\"target\":{\"@type\":\"EntryPoint\",\"urlTemplate\":\"https:\/\/ownetic.com\/wydarzenia\/?s={search_term_string}\"},\"query-input\":\"required name=search_term_string\"}],\"inLanguage\":\"pl-PL\"},{\"@type\":\"ImageObject\",\"inLanguage\":\"pl-PL\",\"@id\":\"https:\/\/ownetic.com\/wydarzenia\/2013\/10\/ludwika-ogorzelec-napiecia-intelektualne-buw-warszawa\/#primaryimage\",\"url\":\"https:\/\/ownetic.com\/wydarzenia\/wp-content\/uploads\/2013\/10\/ludwika-ogorzelec-albury-australia-2007-2013-10-16-001.jpg\",\"contentUrl\":\"https:\/\/ownetic.com\/wydarzenia\/wp-content\/uploads\/2013\/10\/ludwika-ogorzelec-albury-australia-2007-2013-10-16-001.jpg\",\"width\":640,\"height\":480,\"caption\":\"Ludwika Ogorzelec, Albury, Australia, 2007 (\u017ar\u00f3d\u0142o: materia\u0142y prasowe organizatora)\"},{\"@type\":\"WebPage\",\"@id\":\"https:\/\/ownetic.com\/wydarzenia\/2013\/10\/ludwika-ogorzelec-napiecia-intelektualne-buw-warszawa\/#webpage\",\"url\":\"https:\/\/ownetic.com\/wydarzenia\/2013\/10\/ludwika-ogorzelec-napiecia-intelektualne-buw-warszawa\/\",\"name\":\"Ludwika Ogorzelec. Napi\u0119cia intelektualne\",\"isPartOf\":{\"@id\":\"https:\/\/ownetic.com\/wydarzenia\/#website\"},\"primaryImageOfPage\":{\"@id\":\"https:\/\/ownetic.com\/wydarzenia\/2013\/10\/ludwika-ogorzelec-napiecia-intelektualne-buw-warszawa\/#primaryimage\"},\"datePublished\":\"2013-10-23T23:00:02+00:00\",\"dateModified\":\"2014-01-13T15:37:00+00:00\",\"author\":{\"@id\":\"https:\/\/ownetic.com\/wydarzenia\/#\/schema\/person\/b1972baa91de641ce21b53c4bf288444\"},\"description\":\"Napi\u0119cia intelektualne to rze\u017aba typu site-specific. B\u0119dzie kolejn\u0105 prac\u0105 Ludwiki Ogorzelec z cyklu Krystalizacja przestrzeni.\",\"breadcrumb\":{\"@id\":\"https:\/\/ownetic.com\/wydarzenia\/2013\/10\/ludwika-ogorzelec-napiecia-intelektualne-buw-warszawa\/#breadcrumb\"},\"inLanguage\":\"pl-PL\",\"potentialAction\":[{\"@type\":\"ReadAction\",\"target\":[\"https:\/\/ownetic.com\/wydarzenia\/2013\/10\/ludwika-ogorzelec-napiecia-intelektualne-buw-warszawa\/\"]}]},{\"@type\":\"BreadcrumbList\",\"@id\":\"https:\/\/ownetic.com\/wydarzenia\/2013\/10\/ludwika-ogorzelec-napiecia-intelektualne-buw-warszawa\/#breadcrumb\",\"itemListElement\":[{\"@type\":\"ListItem\",\"position\":1,\"name\":\"Strona g\u0142\u00f3wna\",\"item\":\"https:\/\/ownetic.com\/wydarzenia\/\"},{\"@type\":\"ListItem\",\"position\":2,\"name\":\"Ludwika Ogorzelec. Napi\u0119cia intelektualne\"}]},{\"@type\":\"Person\",\"@id\":\"https:\/\/ownetic.com\/wydarzenia\/#\/schema\/person\/b1972baa91de641ce21b53c4bf288444\",\"name\":\"kaska-kowalska\",\"url\":\"https:\/\/ownetic.com\/wydarzenia\/author\/kaska-kowalska\/\"}]}<\/script>\n<!-- \/ Yoast SEO plugin. -->","yoast_head_json":{"title":"Ludwika Ogorzelec. Napi\u0119cia intelektualne","description":"Napi\u0119cia intelektualne to rze\u017aba typu site-specific. B\u0119dzie kolejn\u0105 prac\u0105 Ludwiki Ogorzelec z cyklu Krystalizacja przestrzeni.","robots":{"index":"index","follow":"follow","max-snippet":"max-snippet:-1","max-image-preview":"max-image-preview:large","max-video-preview":"max-video-preview:-1"},"canonical":"https:\/\/ownetic.com\/wydarzenia\/2013\/10\/ludwika-ogorzelec-napiecia-intelektualne-buw-warszawa\/","twitter_card":"summary_large_image","twitter_title":"Ludwika Ogorzelec. Napi\u0119cia intelektualne","twitter_description":"Napi\u0119cia intelektualne to rze\u017aba typu site-specific. B\u0119dzie kolejn\u0105 prac\u0105 Ludwiki Ogorzelec z cyklu Krystalizacja przestrzeni.","twitter_image":"https:\/\/ownetic.com\/wydarzenia\/wp-content\/uploads\/2013\/10\/ludwika-ogorzelec-albury-australia-2007-2013-10-16-001.jpg","twitter_misc":{"Napisane przez":"kaska-kowalska","Szacowany czas czytania":"4 minuty"},"schema":{"@context":"https:\/\/schema.org","@graph":[{"@type":"WebSite","@id":"https:\/\/ownetic.com\/wydarzenia\/#website","url":"https:\/\/ownetic.com\/wydarzenia\/","name":"Wydarzenia O.pl","description":"Przestrze\u0144 prezentacji najwa\u017cniejszych wydarze\u0144 z takich dziedzin, jak: sztuka, design, fotografia, film, muzyka, teatr, literatura, historia, taniec, architektura","potentialAction":[{"@type":"SearchAction","target":{"@type":"EntryPoint","urlTemplate":"https:\/\/ownetic.com\/wydarzenia\/?s={search_term_string}"},"query-input":"required name=search_term_string"}],"inLanguage":"pl-PL"},{"@type":"ImageObject","inLanguage":"pl-PL","@id":"https:\/\/ownetic.com\/wydarzenia\/2013\/10\/ludwika-ogorzelec-napiecia-intelektualne-buw-warszawa\/#primaryimage","url":"https:\/\/ownetic.com\/wydarzenia\/wp-content\/uploads\/2013\/10\/ludwika-ogorzelec-albury-australia-2007-2013-10-16-001.jpg","contentUrl":"https:\/\/ownetic.com\/wydarzenia\/wp-content\/uploads\/2013\/10\/ludwika-ogorzelec-albury-australia-2007-2013-10-16-001.jpg","width":640,"height":480,"caption":"Ludwika Ogorzelec, Albury, Australia, 2007 (\u017ar\u00f3d\u0142o: materia\u0142y prasowe organizatora)"},{"@type":"WebPage","@id":"https:\/\/ownetic.com\/wydarzenia\/2013\/10\/ludwika-ogorzelec-napiecia-intelektualne-buw-warszawa\/#webpage","url":"https:\/\/ownetic.com\/wydarzenia\/2013\/10\/ludwika-ogorzelec-napiecia-intelektualne-buw-warszawa\/","name":"Ludwika Ogorzelec. Napi\u0119cia intelektualne","isPartOf":{"@id":"https:\/\/ownetic.com\/wydarzenia\/#website"},"primaryImageOfPage":{"@id":"https:\/\/ownetic.com\/wydarzenia\/2013\/10\/ludwika-ogorzelec-napiecia-intelektualne-buw-warszawa\/#primaryimage"},"datePublished":"2013-10-23T23:00:02+00:00","dateModified":"2014-01-13T15:37:00+00:00","author":{"@id":"https:\/\/ownetic.com\/wydarzenia\/#\/schema\/person\/b1972baa91de641ce21b53c4bf288444"},"description":"Napi\u0119cia intelektualne to rze\u017aba typu site-specific. B\u0119dzie kolejn\u0105 prac\u0105 Ludwiki Ogorzelec z cyklu Krystalizacja przestrzeni.","breadcrumb":{"@id":"https:\/\/ownetic.com\/wydarzenia\/2013\/10\/ludwika-ogorzelec-napiecia-intelektualne-buw-warszawa\/#breadcrumb"},"inLanguage":"pl-PL","potentialAction":[{"@type":"ReadAction","target":["https:\/\/ownetic.com\/wydarzenia\/2013\/10\/ludwika-ogorzelec-napiecia-intelektualne-buw-warszawa\/"]}]},{"@type":"BreadcrumbList","@id":"https:\/\/ownetic.com\/wydarzenia\/2013\/10\/ludwika-ogorzelec-napiecia-intelektualne-buw-warszawa\/#breadcrumb","itemListElement":[{"@type":"ListItem","position":1,"name":"Strona g\u0142\u00f3wna","item":"https:\/\/ownetic.com\/wydarzenia\/"},{"@type":"ListItem","position":2,"name":"Ludwika Ogorzelec. Napi\u0119cia intelektualne"}]},{"@type":"Person","@id":"https:\/\/ownetic.com\/wydarzenia\/#\/schema\/person\/b1972baa91de641ce21b53c4bf288444","name":"kaska-kowalska","url":"https:\/\/ownetic.com\/wydarzenia\/author\/kaska-kowalska\/"}]}},"_links":{"self":[{"href":"https:\/\/ownetic.com\/wydarzenia\/wp-json\/wp\/v2\/posts\/42954"}],"collection":[{"href":"https:\/\/ownetic.com\/wydarzenia\/wp-json\/wp\/v2\/posts"}],"about":[{"href":"https:\/\/ownetic.com\/wydarzenia\/wp-json\/wp\/v2\/types\/post"}],"author":[{"embeddable":true,"href":"https:\/\/ownetic.com\/wydarzenia\/wp-json\/wp\/v2\/users\/62"}],"replies":[{"embeddable":true,"href":"https:\/\/ownetic.com\/wydarzenia\/wp-json\/wp\/v2\/comments?post=42954"}],"version-history":[{"count":0,"href":"https:\/\/ownetic.com\/wydarzenia\/wp-json\/wp\/v2\/posts\/42954\/revisions"}],"wp:featuredmedia":[{"embeddable":true,"href":"https:\/\/ownetic.com\/wydarzenia\/wp-json\/wp\/v2\/media\/42955"}],"wp:attachment":[{"href":"https:\/\/ownetic.com\/wydarzenia\/wp-json\/wp\/v2\/media?parent=42954"}],"wp:term":[{"taxonomy":"category","embeddable":true,"href":"https:\/\/ownetic.com\/wydarzenia\/wp-json\/wp\/v2\/categories?post=42954"},{"taxonomy":"post_tag","embeddable":true,"href":"https:\/\/ownetic.com\/wydarzenia\/wp-json\/wp\/v2\/tags?post=42954"},{"taxonomy":"powerkit_post_featured","embeddable":true,"href":"https:\/\/ownetic.com\/wydarzenia\/wp-json\/wp\/v2\/powerkit_post_featured?post=42954"}],"curies":[{"name":"wp","href":"https:\/\/api.w.org\/{rel}","templated":true}]}}