{"id":45085,"date":"2013-12-10T00:00:56","date_gmt":"2013-12-09T23:00:56","guid":{"rendered":"https:\/\/ownetic.com\/wydarzenia\/?p=45085"},"modified":"2014-02-21T19:01:10","modified_gmt":"2014-02-21T18:01:10","slug":"janek-simon-efekt-mhf-krakow","status":"publish","type":"post","link":"https:\/\/ownetic.com\/wydarzenia\/2013\/12\/janek-simon-efekt-mhf-krakow\/","title":{"rendered":"Janek Simon. Efekt \u03a6"},"content":{"rendered":"<p><em>Efekt \u03a6<\/em> to wystawa, kt\u00f3rej autorem, \u0142\u0105cz\u0105cym r\u00f3wnocze\u015bnie funkcje artystyczne, kuratorskie oraz badawcze jest Janek Simon, jeden z najciekawszych wsp\u00f3\u0142czesnych polskich artyst\u00f3w. Do kluczowych idei poruszanych przez autora ekspozycji i jednocze\u015bnie wpisuj\u0105cych si\u0119 we wsp\u00f3\u0142czesn\u0105 refleksj\u0119 nad <em>kultur\u0105 wizualn\u0105<\/em> nale\u017c\u0105 problemy relacji pomi\u0119dzy histori\u0105 idei projekcji ruchu a jej spo\u0142ecznym funkcjonowaniem, rozwojem technologii i zmieniaj\u0105cymi si\u0119 indywidualnymi potrzebami.<\/p>\n<figure id=\"attachment_45090\" aria-describedby=\"caption-attachment-45090\" style=\"width: 576px\" class=\"wp-caption alignnone\"><a href=\"https:\/\/ownetic.com\/wydarzenia\/2013\/12\/janek-simon-efekt-mhf-krakow\/projektor-kineatograficzny-am8-2013-12-03\/\" rel=\"attachment wp-att-45090\"><img loading=\"lazy\" class=\"size-medium wp-image-45090\" title=\"Projektor kinematograficzny AM8, fot. Wojciech Staszkiewicz, obiekt ze zbior\u00f3w MHF (\u017ar\u00f3d\u0142o: materia\u0142y prasowe organizatora)\" src=\"https:\/\/ownetic.com\/wydarzenia\/wp-content\/uploads\/2013\/12\/projektor-kineatograficzny-am8-2013-12-03-576x491.jpg\" alt=\"Projektor kinematograficzny AM8, fot. Wojciech Staszkiewicz, obiekt ze zbior\u00f3w MHF (\u017ar\u00f3d\u0142o: materia\u0142y prasowe organizatora)\" width=\"576\" height=\"491\" \/><\/a><figcaption id=\"caption-attachment-45090\" class=\"wp-caption-text\">Projektor kinematograficzny AM8, fot. Wojciech Staszkiewicz, obiekt ze zbior\u00f3w MHF (\u017ar\u00f3d\u0142o: materia\u0142y prasowe organizatora)<\/figcaption><\/figure>\n<p>Tytu\u0142owy efekt \u03a6 to iluzja p\u0142ynnego ruchu pojawiaj\u0105ca si\u0119 w momencie wy\u015bwietlania serii nieruchomych obraz\u00f3w z cz\u0119stotliwo\u015bci\u0105 co najmniej 16 klatek na sekund\u0119. Wykorzystanie tego, wynikaj\u0105cego z percepcyjnej niedoskona\u0142o\u015bci ludzkiego oka, efektu otworzy\u0142o drog\u0119 do powstania jednego z najbardziej znacz\u0105cych zjawisk wsp\u00f3\u0142czesnej kultury czyli kinematografii. Mo\u017cliwo\u015b\u0107 przedstawienia \u015bwiata przy pomocy ruchomego obrazu pozwoli\u0142a stworzy\u0107 nowe narz\u0119dzia i j\u0119zyki dla opowiadania historii, tworzenia mit\u00f3w, komunikacji mi\u0119dzyludzkiej, budowy i krystalizacji to\u017csamo\u015bci czy wreszcie zmian spo\u0142ecznych, a nawet politycznych rewolucji.<\/p>\n<div id='gallery-1' class='gallery galleryid-45085 gallery-columns-5 gallery-size-thumbnail'><figure class='gallery-item'>\n\t\t\t<div class='gallery-icon '>\n\t\t\t\t<a href='https:\/\/ownetic.com\/wydarzenia\/2013\/12\/janek-simon-efekt-mhf-krakow\/projektor-kineatograficzny-pathe-baby-2013-12-03\/'><img width=\"1\" height=\"1\" src=\"https:\/\/ownetic.com\/wydarzenia\/wp-content\/uploads\/2013\/12\/projektor-kineatograficzny-pathe-baby-2013-12-03.jpg\" class=\"attachment-thumbnail size-thumbnail\" alt=\"Projektor Kinematograficzny Path\u00e9 Baby, fot. Wojciech Staszkiewicz, obiekt ze zbior\u00f3w MHF (\u017ar\u00f3d\u0142o: materia\u0142y prasowe organizatora)\" loading=\"lazy\" aria-describedby=\"gallery-1-45093\" \/><\/a>\n\t\t\t<\/div>\n\t\t\t\t<figcaption class='wp-caption-text gallery-caption' id='gallery-1-45093'>\n\t\t\t\tProjektor Kinematograficzny Path\u00e9 Baby, fot. Wojciech Staszkiewicz, obiekt ze zbior\u00f3w MHF (\u017ar\u00f3d\u0142o: materia\u0142y prasowe organizatora)\n\t\t\t\t<\/figcaption><\/figure><figure class='gallery-item'>\n\t\t\t<div class='gallery-icon '>\n\t\t\t\t<a href='https:\/\/ownetic.com\/wydarzenia\/2013\/12\/janek-simon-efekt-mhf-krakow\/projektor-kineatograficzny-ica-2013-12-03\/'><img width=\"1\" height=\"1\" src=\"https:\/\/ownetic.com\/wydarzenia\/wp-content\/uploads\/2013\/12\/projektor-kineatograficzny-ica-2013-12-03.jpg\" class=\"attachment-thumbnail size-thumbnail\" alt=\"Projektor kinematograficzny ICA, fot. Wojciech Staszkiewicz, obiekt ze zbior\u00f3w MHF (\u017ar\u00f3d\u0142o: materia\u0142y prasowe organizatora)\" loading=\"lazy\" aria-describedby=\"gallery-1-45091\" \/><\/a>\n\t\t\t<\/div>\n\t\t\t\t<figcaption class='wp-caption-text gallery-caption' id='gallery-1-45091'>\n\t\t\t\tProjektor kinematograficzny ICA, fot. Wojciech Staszkiewicz, obiekt ze zbior\u00f3w MHF (\u017ar\u00f3d\u0142o: materia\u0142y prasowe organizatora)\n\t\t\t\t<\/figcaption><\/figure><figure class='gallery-item'>\n\t\t\t<div class='gallery-icon '>\n\t\t\t\t<a href='https:\/\/ownetic.com\/wydarzenia\/2013\/12\/janek-simon-efekt-mhf-krakow\/projektor-kineatograficzny-am8-2013-12-03\/'><img width=\"1\" height=\"1\" src=\"https:\/\/ownetic.com\/wydarzenia\/wp-content\/uploads\/2013\/12\/projektor-kineatograficzny-am8-2013-12-03.jpg\" class=\"attachment-thumbnail size-thumbnail\" alt=\"Projektor kinematograficzny AM8, fot. Wojciech Staszkiewicz, obiekt ze zbior\u00f3w MHF (\u017ar\u00f3d\u0142o: materia\u0142y prasowe organizatora)\" loading=\"lazy\" aria-describedby=\"gallery-1-45090\" \/><\/a>\n\t\t\t<\/div>\n\t\t\t\t<figcaption class='wp-caption-text gallery-caption' id='gallery-1-45090'>\n\t\t\t\tProjektor kinematograficzny AM8, fot. Wojciech Staszkiewicz, obiekt ze zbior\u00f3w MHF (\u017ar\u00f3d\u0142o: materia\u0142y prasowe organizatora)\n\t\t\t\t<\/figcaption><\/figure><figure class='gallery-item'>\n\t\t\t<div class='gallery-icon '>\n\t\t\t\t<a href='https:\/\/ownetic.com\/wydarzenia\/2013\/12\/janek-simon-efekt-mhf-krakow\/janek-simon-kamera-sony-portapak-2013-12-03-002\/'><img width=\"1\" height=\"1\" src=\"https:\/\/ownetic.com\/wydarzenia\/wp-content\/uploads\/2013\/12\/janek-simon-kamera-sony-portapak-2013-12-03-002.jpg\" class=\"attachment-thumbnail size-thumbnail\" alt=\"Kamera Sony Portapak \u2013 obiekt wykonany przez Janka Simona, fot. Wojciech Staszkiewicz (\u017ar\u00f3d\u0142o: materia\u0142y prasowe organizatora)\" loading=\"lazy\" aria-describedby=\"gallery-1-45089\" \/><\/a>\n\t\t\t<\/div>\n\t\t\t\t<figcaption class='wp-caption-text gallery-caption' id='gallery-1-45089'>\n\t\t\t\tKamera Sony Portapak \u2013 obiekt wykonany przez Janka Simona, fot. Wojciech Staszkiewicz (\u017ar\u00f3d\u0142o: materia\u0142y prasowe organizatora)\n\t\t\t\t<\/figcaption><\/figure><figure class='gallery-item'>\n\t\t\t<div class='gallery-icon landscape'>\n\t\t\t\t<a href='https:\/\/ownetic.com\/wydarzenia\/2013\/12\/janek-simon-efekt-mhf-krakow\/janek-simon-kamera-sony-portapak-2013-12-03-001\/'><img width=\"260\" height=\"191\" src=\"https:\/\/ownetic.com\/wydarzenia\/wp-content\/uploads\/2013\/12\/janek-simon-kamera-sony-portapak-2013-12-03-001.jpg\" class=\"attachment-thumbnail size-thumbnail\" alt=\"Kamera Sony Portapak \u2013 obiekt wykonany przez Janka Simona, fot. Wojciech Staszkiewicz (\u017ar\u00f3d\u0142o: materia\u0142y prasowe organizatora)\" loading=\"lazy\" aria-describedby=\"gallery-1-45087\" \/><\/a>\n\t\t\t<\/div>\n\t\t\t\t<figcaption class='wp-caption-text gallery-caption' id='gallery-1-45087'>\n\t\t\t\tKamera Sony Portapak \u2013 obiekt wykonany przez Janka Simona, fot. Wojciech Staszkiewicz (\u017ar\u00f3d\u0142o: materia\u0142y prasowe organizatora)\n\t\t\t\t<\/figcaption><\/figure>\n\t\t<\/div>\n\n<p>Autor wystawy pr\u00f3buje przyjrze\u0107 si\u0119 historii tego zjawiska z kilku perspektyw. Interesuje go historia obiekt\u00f3w i ich materialno\u015b\u0107, to jak wygl\u0105daj\u0105 i z czego s\u0105 zrobione. Analizuje tak\u017ce spo\u0142eczne znaczenie poszczeg\u00f3lnych wynalazk\u00f3w, ich popularyzacj\u0119 i przenikanie przez r\u00f3\u017cnego rodzaju bariery klasowe i profesjonalne. Zastanawia si\u0119 jak kinematografia i jej aparaty zmieni\u0142y sposoby komunikowania si\u0119 i wp\u0142yn\u0119\u0142y na rol\u0119 obrazu w polityce. Janek Simon patrzy tak\u017ce na rozw\u00f3j filmowej technologii, na konkretne momenty innowacji, kt\u00f3re pozwala\u0142y na rozw\u00f3j tego pola i jego narz\u0119dzi.<\/p>\n<p><em>Efekt \u03a6<\/em> to wystawa po\u015bwi\u0119cona fenomenowi kina i jednocze\u015bnie pierwsza du\u017ca prezentacja kolekcji sprz\u0119tu kinematograficznego znajduj\u0105cego si\u0119 w zbiorach MHF. Jak prawdopodobnie ka\u017cda kolekcja, tak\u017ce i ta nieustannie si\u0119 wzbogaca pozostaj\u0105c jednocze\u015bnie ci\u0105gle niekompletn\u0105. Poniewa\u017c pokaz jest tworzony przez artyst\u0119 wizualnego, a nie kuratora czy historyka dizajnu, pozwoli\u0142 on sobie na u\u017cycie pewnej licentia poetica \u2013 niekt\u00f3re obiekty na wystawie zosta\u0142y odtworzone staj\u0105c si\u0119 rekonstrukcj\u0105 konkretnych urz\u0105dze\u0144 lub rekonstrukcj\u0105 fantazji na temat prze\u0142omowych dla historii kina artefakt\u00f3w.<\/p>\n<p>Wystawa <em>Efekt \u03a6<\/em> zorganizowana jest w ramach projektu <em>Klucz do magazynu<\/em>, strategicznego zadania w dzia\u0142alno\u015bci MHF w roku 2013.<\/p>\n<figure id=\"attachment_45089\" aria-describedby=\"caption-attachment-45089\" style=\"width: 576px\" class=\"wp-caption alignnone\"><a href=\"https:\/\/ownetic.com\/wydarzenia\/2013\/12\/janek-simon-efekt-mhf-krakow\/janek-simon-kamera-sony-portapak-2013-12-03-002\/\" rel=\"attachment wp-att-45089\"><img loading=\"lazy\" class=\"size-medium wp-image-45089\" title=\"Kamera Sony Portapak \u2013 obiekt wykonany przez Janka Simona, fot. Wojciech Staszkiewicz (\u017ar\u00f3d\u0142o: materia\u0142y prasowe organizatora)\" src=\"https:\/\/ownetic.com\/wydarzenia\/wp-content\/uploads\/2013\/12\/janek-simon-kamera-sony-portapak-2013-12-03-002-576x476.jpg\" alt=\"Kamera Sony Portapak \u2013 obiekt wykonany przez Janka Simona, fot. Wojciech Staszkiewicz (\u017ar\u00f3d\u0142o: materia\u0142y prasowe organizatora)\" width=\"576\" height=\"476\" \/><\/a><figcaption id=\"caption-attachment-45089\" class=\"wp-caption-text\">Kamera Sony Portapak \u2013 obiekt wykonany przez Janka Simona, fot. Wojciech Staszkiewicz (\u017ar\u00f3d\u0142o: materia\u0142y prasowe organizatora)<\/figcaption><\/figure>\n<p><strong><em>Klucz do magazynu<\/em><\/strong> to kompleksowy projekt r\u00f3\u017cnorodnych dzia\u0142a\u0144 bazuj\u0105cych w ca\u0142o\u015bci na zbiorach MHF, wpisany w konsekwentnie realizowany plan rozwoju Muzeum, obejmuj\u0105cy wystawy, publikacje, badania naukowe, warsztaty dla r\u00f3\u017cnych grup wiekowych i \u015brodowisk. Projekt <em>Klucz do magazynu<\/em> stanowi wa\u017cny element realizowanej od kilku lat linii rozwojowej MHF zak\u0142adaj\u0105cej, obok innych podstawowych zada\u0144 instytucji muzealnej, maksymalne otwarcie na odbiorc\u0119, przebiegaj\u0105ce kompleksowo na r\u00f3\u017cnych poziomach dzia\u0142alno\u015bci instytucji.<\/p>\n<p>Zasadnicz\u0105\/bazow\u0105 cz\u0119\u015bci\u0105 projektu <em>Klucz do magazynu<\/em>, wpisuj\u0105c\u0105 si\u0119 w misj\u0119 i strategi\u0119 Muzeum, jest postawienie na wsp\u00f3\u0142prac\u0119 z autorytetami i sta\u0142e podnoszenie poziomu merytorycznego naszych dzia\u0142a\u0144. Dzia\u0142ania te, skupione s\u0105 na nowoczesnym my\u015bleniu o Muzeum i interpretacjach Fotografii, jako znacz\u0105cych zjawisk wsp\u00f3\u0142czesnej kultury.<\/p>\n<figure id=\"attachment_45093\" aria-describedby=\"caption-attachment-45093\" style=\"width: 397px\" class=\"wp-caption alignnone\"><a href=\"https:\/\/ownetic.com\/wydarzenia\/2013\/12\/janek-simon-efekt-mhf-krakow\/projektor-kineatograficzny-pathe-baby-2013-12-03\/\" rel=\"attachment wp-att-45093\"><img loading=\"lazy\" class=\"size-large wp-image-45093\" title=\"Projektor Kinematograficzny Path\u00e9 Baby, fot. Wojciech Staszkiewicz, obiekt ze zbior\u00f3w MHF (\u017ar\u00f3d\u0142o: materia\u0142y prasowe organizatora)\" src=\"https:\/\/ownetic.com\/wydarzenia\/wp-content\/uploads\/2013\/12\/projektor-kineatograficzny-pathe-baby-2013-12-03-397x600.jpg\" alt=\"Projektor Kinematograficzny Path\u00e9 Baby, fot. Wojciech Staszkiewicz, obiekt ze zbior\u00f3w MHF (\u017ar\u00f3d\u0142o: materia\u0142y prasowe organizatora)\" width=\"397\" height=\"600\" \/><\/a><figcaption id=\"caption-attachment-45093\" class=\"wp-caption-text\">Projektor Kinematograficzny Path\u00e9 Baby, fot. Wojciech Staszkiewicz, obiekt ze zbior\u00f3w MHF (\u017ar\u00f3d\u0142o: materia\u0142y prasowe organizatora)<\/figcaption><\/figure>\n<p><strong>Janek Simon<\/strong> (ur. 1977) \u2013 artysta multimedialny, tw\u00f3rca instalacji interaktywnych, film\u00f3w video, program\u00f3w komputerowych, obiekt\u00f3w i akcji artystycznych. Studiowa\u0142 psychologi\u0119 i socjologi\u0119 na Uniwersytecie Jagiello\u0144skim. Karier\u0119 artystyczn\u0105 zaczyna\u0142 jako VJ Jansi tworz\u0105c wizualizacje do muzyki klubowej. W 2002 roku zadebiutowa\u0142 na Festiwalu M\u0142odej Sztuki NOVART.PL w Krakowie, gdzie pokaza\u0142 swoj\u0105 prac\u0119 Carpet Invaders. Jego postaw\u0119 krytycy okre\u015blaj\u0105 mianem anarchistyczno-indywidualistycznej. Artysta ch\u0119tnie si\u0119ga do swoich wspomnie\u0144 i do\u015bwiadcze\u0144 z dzieci\u0144stwa oraz przyznaje si\u0119 do inspiracji Fluxusem oraz sztuk\u0105 konceptualn\u0105.<\/p>\n<p>Nominowany do Paszport\u00f3w Polityki (2006), Laureat konkursu Spojrzenia (2007) organizowanego przez Fundacj\u0119 Deutsche Bank i Zach\u0119t\u0119 Narodow\u0105 Galeri\u0119 Sztuki. Zwi\u0105zany z warszawsk\u0105 galeri\u0105 Raster. Wsp\u00f3\u0142za\u0142o\u017cyciel sp\u00f3\u0142dzielni Goldex Poldex.<\/p>\n<p><strong>Koncepcja i aran\u017cacja wystawy:<\/strong> Janek Simon<br \/>\n<strong>Koordynacja wystawy:<\/strong> Aneta Kopczacka, Monika Kozie\u0144<br \/>\n<strong>Projekt graficzny<\/strong>: Jakub de Barbaro<\/p>\n<p><strong>Janek Simon, <em>Efekt \u03a6<\/em><br \/>\n<\/strong>Wernisa\u017c: 4 grudnia 2013 roku, godz. 18.00<br \/>\nWystawa potrwa do 30 marca 2014 roku<br \/>\nMuzeum Historii Fotografii im. Walerego Rzewuskiego<br \/>\nul. J\u00f3zefit\u00f3w 16<br \/>\nKrak\u00f3w<\/p>\n","protected":false},"excerpt":{"rendered":"<p><em>Efekt \u03a6<\/em> to wystawa, kt\u00f3rej autorem, \u0142\u0105cz\u0105cym r\u00f3wnocze\u015bnie funkcje artystyczne, kuratorskie oraz badawcze jest Janek Simon, jeden z najciekawszych wsp\u00f3\u0142czesnych polskich artyst\u00f3w. Do kluczowych idei poruszanych przez autora ekspozycji nale\u017c\u0105 problemy relacji pomi\u0119dzy histori\u0105 idei projekcji ruchu a jej spo\u0142ecznym funkcjonowaniem, rozwojem technologii i zmieniaj\u0105cymi si\u0119 indywidualnymi potrzebami.<\/p>\n","protected":false},"author":62,"featured_media":45087,"comment_status":"open","ping_status":"closed","sticky":false,"template":"","format":"standard","meta":[],"categories":[236,19],"tags":[8183,6517,2064,35,8184,8182],"powerkit_post_featured":[],"yoast_head":"<!-- This site is optimized with the Yoast SEO plugin v18.7 - https:\/\/yoast.com\/wordpress\/plugins\/seo\/ -->\n<title>Janek Simon. Efekt \u03a6<\/title>\n<meta name=\"description\" content=\"Efekt \u03a6 to wystawa, kt\u00f3rej autorem, \u0142\u0105cz\u0105cym r\u00f3wnocze\u015bnie funkcje artystyczne, kuratorskie oraz badawcze jest Janek Simon.\" \/>\n<meta name=\"robots\" content=\"index, follow, max-snippet:-1, max-image-preview:large, max-video-preview:-1\" \/>\n<link rel=\"canonical\" href=\"https:\/\/ownetic.com\/wydarzenia\/2013\/12\/janek-simon-efekt-mhf-krakow\/\" \/>\n<meta name=\"twitter:card\" content=\"summary_large_image\" \/>\n<meta name=\"twitter:title\" content=\"Janek Simon. Efekt \u03a6\" \/>\n<meta name=\"twitter:description\" content=\"Efekt \u03a6 to wystawa, kt\u00f3rej autorem, \u0142\u0105cz\u0105cym r\u00f3wnocze\u015bnie funkcje artystyczne, kuratorskie oraz badawcze jest Janek Simon.\" \/>\n<meta name=\"twitter:image\" content=\"https:\/\/ownetic.com\/wydarzenia\/wp-content\/uploads\/2013\/12\/janek-simon-kamera-sony-portapak-2013-12-03-001.jpg\" \/>\n<meta name=\"twitter:label1\" content=\"Napisane przez\" \/>\n\t<meta name=\"twitter:data1\" content=\"kaska-kowalska\" \/>\n\t<meta name=\"twitter:label2\" content=\"Szacowany czas czytania\" \/>\n\t<meta name=\"twitter:data2\" content=\"4 minuty\" \/>\n<script type=\"application\/ld+json\" class=\"yoast-schema-graph\">{\"@context\":\"https:\/\/schema.org\",\"@graph\":[{\"@type\":\"WebSite\",\"@id\":\"https:\/\/ownetic.com\/wydarzenia\/#website\",\"url\":\"https:\/\/ownetic.com\/wydarzenia\/\",\"name\":\"Wydarzenia O.pl\",\"description\":\"Przestrze\u0144 prezentacji najwa\u017cniejszych wydarze\u0144 z takich dziedzin, jak: sztuka, design, fotografia, film, muzyka, teatr, literatura, historia, taniec, architektura\",\"potentialAction\":[{\"@type\":\"SearchAction\",\"target\":{\"@type\":\"EntryPoint\",\"urlTemplate\":\"https:\/\/ownetic.com\/wydarzenia\/?s={search_term_string}\"},\"query-input\":\"required name=search_term_string\"}],\"inLanguage\":\"pl-PL\"},{\"@type\":\"ImageObject\",\"inLanguage\":\"pl-PL\",\"@id\":\"https:\/\/ownetic.com\/wydarzenia\/2013\/12\/janek-simon-efekt-mhf-krakow\/#primaryimage\",\"url\":\"https:\/\/ownetic.com\/wydarzenia\/wp-content\/uploads\/2013\/12\/janek-simon-kamera-sony-portapak-2013-12-03-001.jpg\",\"contentUrl\":\"https:\/\/ownetic.com\/wydarzenia\/wp-content\/uploads\/2013\/12\/janek-simon-kamera-sony-portapak-2013-12-03-001.jpg\",\"width\":1200,\"height\":883,\"caption\":\"Kamera Sony Portapak \u2013 obiekt wykonany przez Janka Simona, fot. Wojciech Staszkiewicz (\u017ar\u00f3d\u0142o: materia\u0142y prasowe organizatora)\"},{\"@type\":\"WebPage\",\"@id\":\"https:\/\/ownetic.com\/wydarzenia\/2013\/12\/janek-simon-efekt-mhf-krakow\/#webpage\",\"url\":\"https:\/\/ownetic.com\/wydarzenia\/2013\/12\/janek-simon-efekt-mhf-krakow\/\",\"name\":\"Janek Simon. Efekt \u03a6\",\"isPartOf\":{\"@id\":\"https:\/\/ownetic.com\/wydarzenia\/#website\"},\"primaryImageOfPage\":{\"@id\":\"https:\/\/ownetic.com\/wydarzenia\/2013\/12\/janek-simon-efekt-mhf-krakow\/#primaryimage\"},\"datePublished\":\"2013-12-09T23:00:56+00:00\",\"dateModified\":\"2014-02-21T18:01:10+00:00\",\"author\":{\"@id\":\"https:\/\/ownetic.com\/wydarzenia\/#\/schema\/person\/b1972baa91de641ce21b53c4bf288444\"},\"description\":\"Efekt \u03a6 to wystawa, kt\u00f3rej autorem, \u0142\u0105cz\u0105cym r\u00f3wnocze\u015bnie funkcje artystyczne, kuratorskie oraz badawcze jest Janek Simon.\",\"breadcrumb\":{\"@id\":\"https:\/\/ownetic.com\/wydarzenia\/2013\/12\/janek-simon-efekt-mhf-krakow\/#breadcrumb\"},\"inLanguage\":\"pl-PL\",\"potentialAction\":[{\"@type\":\"ReadAction\",\"target\":[\"https:\/\/ownetic.com\/wydarzenia\/2013\/12\/janek-simon-efekt-mhf-krakow\/\"]}]},{\"@type\":\"BreadcrumbList\",\"@id\":\"https:\/\/ownetic.com\/wydarzenia\/2013\/12\/janek-simon-efekt-mhf-krakow\/#breadcrumb\",\"itemListElement\":[{\"@type\":\"ListItem\",\"position\":1,\"name\":\"Strona g\u0142\u00f3wna\",\"item\":\"https:\/\/ownetic.com\/wydarzenia\/\"},{\"@type\":\"ListItem\",\"position\":2,\"name\":\"Janek Simon. Efekt \u03a6\"}]},{\"@type\":\"Person\",\"@id\":\"https:\/\/ownetic.com\/wydarzenia\/#\/schema\/person\/b1972baa91de641ce21b53c4bf288444\",\"name\":\"kaska-kowalska\",\"url\":\"https:\/\/ownetic.com\/wydarzenia\/author\/kaska-kowalska\/\"}]}<\/script>\n<!-- \/ Yoast SEO plugin. -->","yoast_head_json":{"title":"Janek Simon. Efekt \u03a6","description":"Efekt \u03a6 to wystawa, kt\u00f3rej autorem, \u0142\u0105cz\u0105cym r\u00f3wnocze\u015bnie funkcje artystyczne, kuratorskie oraz badawcze jest Janek Simon.","robots":{"index":"index","follow":"follow","max-snippet":"max-snippet:-1","max-image-preview":"max-image-preview:large","max-video-preview":"max-video-preview:-1"},"canonical":"https:\/\/ownetic.com\/wydarzenia\/2013\/12\/janek-simon-efekt-mhf-krakow\/","twitter_card":"summary_large_image","twitter_title":"Janek Simon. Efekt \u03a6","twitter_description":"Efekt \u03a6 to wystawa, kt\u00f3rej autorem, \u0142\u0105cz\u0105cym r\u00f3wnocze\u015bnie funkcje artystyczne, kuratorskie oraz badawcze jest Janek Simon.","twitter_image":"https:\/\/ownetic.com\/wydarzenia\/wp-content\/uploads\/2013\/12\/janek-simon-kamera-sony-portapak-2013-12-03-001.jpg","twitter_misc":{"Napisane przez":"kaska-kowalska","Szacowany czas czytania":"4 minuty"},"schema":{"@context":"https:\/\/schema.org","@graph":[{"@type":"WebSite","@id":"https:\/\/ownetic.com\/wydarzenia\/#website","url":"https:\/\/ownetic.com\/wydarzenia\/","name":"Wydarzenia O.pl","description":"Przestrze\u0144 prezentacji najwa\u017cniejszych wydarze\u0144 z takich dziedzin, jak: sztuka, design, fotografia, film, muzyka, teatr, literatura, historia, taniec, architektura","potentialAction":[{"@type":"SearchAction","target":{"@type":"EntryPoint","urlTemplate":"https:\/\/ownetic.com\/wydarzenia\/?s={search_term_string}"},"query-input":"required name=search_term_string"}],"inLanguage":"pl-PL"},{"@type":"ImageObject","inLanguage":"pl-PL","@id":"https:\/\/ownetic.com\/wydarzenia\/2013\/12\/janek-simon-efekt-mhf-krakow\/#primaryimage","url":"https:\/\/ownetic.com\/wydarzenia\/wp-content\/uploads\/2013\/12\/janek-simon-kamera-sony-portapak-2013-12-03-001.jpg","contentUrl":"https:\/\/ownetic.com\/wydarzenia\/wp-content\/uploads\/2013\/12\/janek-simon-kamera-sony-portapak-2013-12-03-001.jpg","width":1200,"height":883,"caption":"Kamera Sony Portapak \u2013 obiekt wykonany przez Janka Simona, fot. Wojciech Staszkiewicz (\u017ar\u00f3d\u0142o: materia\u0142y prasowe organizatora)"},{"@type":"WebPage","@id":"https:\/\/ownetic.com\/wydarzenia\/2013\/12\/janek-simon-efekt-mhf-krakow\/#webpage","url":"https:\/\/ownetic.com\/wydarzenia\/2013\/12\/janek-simon-efekt-mhf-krakow\/","name":"Janek Simon. Efekt \u03a6","isPartOf":{"@id":"https:\/\/ownetic.com\/wydarzenia\/#website"},"primaryImageOfPage":{"@id":"https:\/\/ownetic.com\/wydarzenia\/2013\/12\/janek-simon-efekt-mhf-krakow\/#primaryimage"},"datePublished":"2013-12-09T23:00:56+00:00","dateModified":"2014-02-21T18:01:10+00:00","author":{"@id":"https:\/\/ownetic.com\/wydarzenia\/#\/schema\/person\/b1972baa91de641ce21b53c4bf288444"},"description":"Efekt \u03a6 to wystawa, kt\u00f3rej autorem, \u0142\u0105cz\u0105cym r\u00f3wnocze\u015bnie funkcje artystyczne, kuratorskie oraz badawcze jest Janek Simon.","breadcrumb":{"@id":"https:\/\/ownetic.com\/wydarzenia\/2013\/12\/janek-simon-efekt-mhf-krakow\/#breadcrumb"},"inLanguage":"pl-PL","potentialAction":[{"@type":"ReadAction","target":["https:\/\/ownetic.com\/wydarzenia\/2013\/12\/janek-simon-efekt-mhf-krakow\/"]}]},{"@type":"BreadcrumbList","@id":"https:\/\/ownetic.com\/wydarzenia\/2013\/12\/janek-simon-efekt-mhf-krakow\/#breadcrumb","itemListElement":[{"@type":"ListItem","position":1,"name":"Strona g\u0142\u00f3wna","item":"https:\/\/ownetic.com\/wydarzenia\/"},{"@type":"ListItem","position":2,"name":"Janek Simon. Efekt \u03a6"}]},{"@type":"Person","@id":"https:\/\/ownetic.com\/wydarzenia\/#\/schema\/person\/b1972baa91de641ce21b53c4bf288444","name":"kaska-kowalska","url":"https:\/\/ownetic.com\/wydarzenia\/author\/kaska-kowalska\/"}]}},"_links":{"self":[{"href":"https:\/\/ownetic.com\/wydarzenia\/wp-json\/wp\/v2\/posts\/45085"}],"collection":[{"href":"https:\/\/ownetic.com\/wydarzenia\/wp-json\/wp\/v2\/posts"}],"about":[{"href":"https:\/\/ownetic.com\/wydarzenia\/wp-json\/wp\/v2\/types\/post"}],"author":[{"embeddable":true,"href":"https:\/\/ownetic.com\/wydarzenia\/wp-json\/wp\/v2\/users\/62"}],"replies":[{"embeddable":true,"href":"https:\/\/ownetic.com\/wydarzenia\/wp-json\/wp\/v2\/comments?post=45085"}],"version-history":[{"count":0,"href":"https:\/\/ownetic.com\/wydarzenia\/wp-json\/wp\/v2\/posts\/45085\/revisions"}],"wp:featuredmedia":[{"embeddable":true,"href":"https:\/\/ownetic.com\/wydarzenia\/wp-json\/wp\/v2\/media\/45087"}],"wp:attachment":[{"href":"https:\/\/ownetic.com\/wydarzenia\/wp-json\/wp\/v2\/media?parent=45085"}],"wp:term":[{"taxonomy":"category","embeddable":true,"href":"https:\/\/ownetic.com\/wydarzenia\/wp-json\/wp\/v2\/categories?post=45085"},{"taxonomy":"post_tag","embeddable":true,"href":"https:\/\/ownetic.com\/wydarzenia\/wp-json\/wp\/v2\/tags?post=45085"},{"taxonomy":"powerkit_post_featured","embeddable":true,"href":"https:\/\/ownetic.com\/wydarzenia\/wp-json\/wp\/v2\/powerkit_post_featured?post=45085"}],"curies":[{"name":"wp","href":"https:\/\/api.w.org\/{rel}","templated":true}]}}