{"id":46732,"date":"2014-03-20T00:00:18","date_gmt":"2014-03-19T23:00:18","guid":{"rendered":"https:\/\/ownetic.com\/wydarzenia\/?p=46732"},"modified":"2014-05-22T10:40:17","modified_gmt":"2014-05-22T09:40:17","slug":"ogolnopolski-festiwal-polskiej-animacji-opla","status":"publish","type":"post","link":"https:\/\/ownetic.com\/wydarzenia\/2014\/03\/ogolnopolski-festiwal-polskiej-animacji-opla\/","title":{"rendered":"Og\u00f3lnopolski Festiwal Polskiej Animacji O!PLA"},"content":{"rendered":"<p>Od Ba\u0142tyku i Mazur, po Beskid i Bieszczady. Domy Kultury, Galerie, Kina, Klubokawiarnie, Muzea\u2026 Po ubieg\u0142orocznym debiucie w 21. miejscowo\u015bciach (<em>20-tu miastach i Pacanowie<\/em>), ambicj\u0105 O!PLA by\u0142o dotarcie do jeszcze wi\u0119kszej ilo\u015bci miast i miasteczek. II Og\u00f3lnopolski Festiwal Polskiej Animacji O!PLA 2014 odb\u0119dzie si\u0119 \u2013 symbolicznie \u2013 w czterdziestu czterech miejscowo\u015bciach: trzydziestu dziewi\u0119ciu miastach i pi\u0119ciu wsiach.<\/p>\n<figure id=\"attachment_46759\" aria-describedby=\"caption-attachment-46759\" style=\"width: 576px\" class=\"wp-caption alignnone\"><a href=\"https:\/\/ownetic.com\/wydarzenia\/2014\/03\/ogolnopolski-festiwal-polskiej-animacji-opla\/ogolnopolski-festiwal-polskiej-animacji-opla-2014-03-18-014\/\" rel=\"attachment wp-att-46759\"><img loading=\"lazy\" class=\"size-medium wp-image-46759\" title=\"\u201eOdrobina tej rado\u015bci\u201d, \u0141ukasz Rusinek (\u017ar\u00f3d\u0142o: materia\u0142y prasowe organizatora)\" src=\"https:\/\/ownetic.com\/wydarzenia\/wp-content\/uploads\/2014\/03\/ogolnopolski-festiwal-polskiej-animacji-opla-2014-03-18-014-576x323.jpg\" alt=\"\u201eOdrobina tej rado\u015bci\u201d, \u0141ukasz Rusinek (\u017ar\u00f3d\u0142o: materia\u0142y prasowe organizatora)\" width=\"576\" height=\"323\" \/><\/a><figcaption id=\"caption-attachment-46759\" class=\"wp-caption-text\">\u201eOdrobina tej rado\u015bci\u201d, \u0141ukasz Rusinek (\u017ar\u00f3d\u0142o: materia\u0142y prasowe organizatora)<\/figcaption><\/figure>\n<p>Doro\u015bli Widzowie we wszystkich miejscowo\u015bciach zobacz\u0105 5 blok\u00f3w konkursowych prezentuj\u0105cych najnowsz\u0105 polsk\u0105 animacj\u0119 autorsk\u0105 w czterech kategoriach: studyjnej \/ szkolnej \/ off&amp;workshop \/ wideoklip. Ponadto, w wielu miejscach program wzbogacony b\u0119dzie o projekcje towarzysz\u0105ce dla dzieci, m\u0142odzie\u017cy i doros\u0142ych, a w niekt\u00f3rych tak\u017ce o warsztaty animacji, spotkania z tw\u00f3rcami, prelekcje, oraz wydarzenia b\u0119d\u0105ce autorsk\u0105 inwencj\u0105 lokalnych organizator\u00f3w O!PLA 2014.<\/p>\n<div id='gallery-1' class='gallery galleryid-46732 gallery-columns-6 gallery-size-thumbnail'><figure class='gallery-item'>\n\t\t\t<div class='gallery-icon '>\n\t\t\t\t<a href='https:\/\/ownetic.com\/wydarzenia\/2014\/03\/ogolnopolski-festiwal-polskiej-animacji-opla\/ogolnopolski-festiwal-polskiej-animacji-opla-2014-03-18-001\/'><img width=\"1\" height=\"1\" src=\"https:\/\/ownetic.com\/wydarzenia\/wp-content\/uploads\/2014\/03\/ogolnopolski-festiwal-polskiej-animacji-opla-2014-03-18-001.jpg\" class=\"attachment-thumbnail size-thumbnail\" alt=\"\u201eCia\u0142o\u201d, Paulina Majda (\u017ar\u00f3d\u0142o: materia\u0142y prasowe organizatora)\" loading=\"lazy\" aria-describedby=\"gallery-1-46733\" \/><\/a>\n\t\t\t<\/div>\n\t\t\t\t<figcaption class='wp-caption-text gallery-caption' id='gallery-1-46733'>\n\t\t\t\t\u201eCia\u0142o\u201d, Paulina Majda (\u017ar\u00f3d\u0142o: materia\u0142y prasowe organizatora)\n\t\t\t\t<\/figcaption><\/figure><figure class='gallery-item'>\n\t\t\t<div class='gallery-icon '>\n\t\t\t\t<a href='https:\/\/ownetic.com\/wydarzenia\/2014\/03\/ogolnopolski-festiwal-polskiej-animacji-opla\/ogolnopolski-festiwal-polskiej-animacji-opla-2014-03-18-002\/'><img width=\"1\" height=\"1\" src=\"https:\/\/ownetic.com\/wydarzenia\/wp-content\/uploads\/2014\/03\/ogolnopolski-festiwal-polskiej-animacji-opla-2014-03-18-002.jpg\" class=\"attachment-thumbnail size-thumbnail\" alt=\"\u201eRzeki\u201d, Daria Wiktoria Kopiec (\u017ar\u00f3d\u0142o: materia\u0142y prasowe organizatora)\" loading=\"lazy\" aria-describedby=\"gallery-1-46734\" \/><\/a>\n\t\t\t<\/div>\n\t\t\t\t<figcaption class='wp-caption-text gallery-caption' id='gallery-1-46734'>\n\t\t\t\t\u201eRzeki\u201d, Daria Wiktoria Kopiec (\u017ar\u00f3d\u0142o: materia\u0142y prasowe organizatora)\n\t\t\t\t<\/figcaption><\/figure><figure class='gallery-item'>\n\t\t\t<div class='gallery-icon '>\n\t\t\t\t<a href='https:\/\/ownetic.com\/wydarzenia\/2014\/03\/ogolnopolski-festiwal-polskiej-animacji-opla\/ogolnopolski-festiwal-polskiej-animacji-opla-2014-03-18-003\/'><img width=\"1\" height=\"1\" src=\"https:\/\/ownetic.com\/wydarzenia\/wp-content\/uploads\/2014\/03\/ogolnopolski-festiwal-polskiej-animacji-opla-2014-03-18-003.jpg\" class=\"attachment-thumbnail size-thumbnail\" alt=\"\u201eW Szetejniach\u201d, Jakub Wro\u0144ski (\u017ar\u00f3d\u0142o: materia\u0142y prasowe organizatora)\" loading=\"lazy\" aria-describedby=\"gallery-1-46735\" \/><\/a>\n\t\t\t<\/div>\n\t\t\t\t<figcaption class='wp-caption-text gallery-caption' id='gallery-1-46735'>\n\t\t\t\t\u201eW Szetejniach\u201d, Jakub Wro\u0144ski (\u017ar\u00f3d\u0142o: materia\u0142y prasowe organizatora)\n\t\t\t\t<\/figcaption><\/figure><figure class='gallery-item'>\n\t\t\t<div class='gallery-icon '>\n\t\t\t\t<a href='https:\/\/ownetic.com\/wydarzenia\/2014\/03\/ogolnopolski-festiwal-polskiej-animacji-opla\/ogolnopolski-festiwal-polskiej-animacji-opla-2014-03-18-004\/'><img width=\"1\" height=\"1\" src=\"https:\/\/ownetic.com\/wydarzenia\/wp-content\/uploads\/2014\/03\/ogolnopolski-festiwal-polskiej-animacji-opla-2014-03-18-004.jpg\" class=\"attachment-thumbnail size-thumbnail\" alt=\"\u201eBest Friend\u201d, Kijek\/Adamski (\u017ar\u00f3d\u0142o: materia\u0142y prasowe organizatora)\" loading=\"lazy\" aria-describedby=\"gallery-1-46736\" \/><\/a>\n\t\t\t<\/div>\n\t\t\t\t<figcaption class='wp-caption-text gallery-caption' id='gallery-1-46736'>\n\t\t\t\t\u201eBest Friend\u201d, Kijek\/Adamski (\u017ar\u00f3d\u0142o: materia\u0142y prasowe organizatora)\n\t\t\t\t<\/figcaption><\/figure><figure class='gallery-item'>\n\t\t\t<div class='gallery-icon '>\n\t\t\t\t<a href='https:\/\/ownetic.com\/wydarzenia\/2014\/03\/ogolnopolski-festiwal-polskiej-animacji-opla\/ogolnopolski-festiwal-polskiej-animacji-opla-2014-03-18-005\/'><img width=\"1\" height=\"1\" src=\"https:\/\/ownetic.com\/wydarzenia\/wp-content\/uploads\/2014\/03\/ogolnopolski-festiwal-polskiej-animacji-opla-2014-03-18-005.jpg\" class=\"attachment-thumbnail size-thumbnail\" alt=\"\u201eKsi\u0119\u017cy M\u0142yn\u201d, Justyna Apolinarzak i Marta Ostajewska (\u017ar\u00f3d\u0142o: materia\u0142y prasowe organizatora)\" loading=\"lazy\" aria-describedby=\"gallery-1-46737\" \/><\/a>\n\t\t\t<\/div>\n\t\t\t\t<figcaption class='wp-caption-text gallery-caption' id='gallery-1-46737'>\n\t\t\t\t\u201eKsi\u0119\u017cy M\u0142yn\u201d, Justyna Apolinarzak i Marta Ostajewska (\u017ar\u00f3d\u0142o: materia\u0142y prasowe organizatora)\n\t\t\t\t<\/figcaption><\/figure><figure class='gallery-item'>\n\t\t\t<div class='gallery-icon '>\n\t\t\t\t<a href='https:\/\/ownetic.com\/wydarzenia\/2014\/03\/ogolnopolski-festiwal-polskiej-animacji-opla\/ogolnopolski-festiwal-polskiej-animacji-opla-2014-03-18-006\/'><img width=\"1\" height=\"1\" src=\"https:\/\/ownetic.com\/wydarzenia\/wp-content\/uploads\/2014\/03\/ogolnopolski-festiwal-polskiej-animacji-opla-2014-03-18-006.jpg\" class=\"attachment-thumbnail size-thumbnail\" alt=\"\u201eKuku\u0142ek\u201d, Daniel Zag\u00f3rski (\u017ar\u00f3d\u0142o: materia\u0142y prasowe organizatora)\" loading=\"lazy\" aria-describedby=\"gallery-1-46738\" \/><\/a>\n\t\t\t<\/div>\n\t\t\t\t<figcaption class='wp-caption-text gallery-caption' id='gallery-1-46738'>\n\t\t\t\t\u201eKuku\u0142ek\u201d, Daniel Zag\u00f3rski (\u017ar\u00f3d\u0142o: materia\u0142y prasowe organizatora)\n\t\t\t\t<\/figcaption><\/figure><figure class='gallery-item'>\n\t\t\t<div class='gallery-icon '>\n\t\t\t\t<a href='https:\/\/ownetic.com\/wydarzenia\/2014\/03\/ogolnopolski-festiwal-polskiej-animacji-opla\/ogolnopolski-festiwal-polskiej-animacji-opla-2014-03-18-007\/'><img width=\"1\" height=\"1\" src=\"https:\/\/ownetic.com\/wydarzenia\/wp-content\/uploads\/2014\/03\/ogolnopolski-festiwal-polskiej-animacji-opla-2014-03-18-007.jpg\" class=\"attachment-thumbnail size-thumbnail\" alt=\"\u201eMoonshine\u201d, Micha\u0142 Poniedzielski (\u017ar\u00f3d\u0142o: materia\u0142y prasowe organizatora)\" loading=\"lazy\" aria-describedby=\"gallery-1-46739\" \/><\/a>\n\t\t\t<\/div>\n\t\t\t\t<figcaption class='wp-caption-text gallery-caption' id='gallery-1-46739'>\n\t\t\t\t\u201eMoonshine\u201d, Micha\u0142 Poniedzielski (\u017ar\u00f3d\u0142o: materia\u0142y prasowe organizatora)\n\t\t\t\t<\/figcaption><\/figure><figure class='gallery-item'>\n\t\t\t<div class='gallery-icon '>\n\t\t\t\t<a href='https:\/\/ownetic.com\/wydarzenia\/2014\/03\/ogolnopolski-festiwal-polskiej-animacji-opla\/ogolnopolski-festiwal-polskiej-animacji-opla-2014-03-18-011\/'><img width=\"1\" height=\"1\" src=\"https:\/\/ownetic.com\/wydarzenia\/wp-content\/uploads\/2014\/03\/ogolnopolski-festiwal-polskiej-animacji-opla-2014-03-18-011.jpg\" class=\"attachment-thumbnail size-thumbnail\" alt=\"\u201eDull life\u201d, Marcin Michalak, Wiktor Bartman (\u017ar\u00f3d\u0142o: materia\u0142y prasowe organizatora)\" loading=\"lazy\" aria-describedby=\"gallery-1-46756\" \/><\/a>\n\t\t\t<\/div>\n\t\t\t\t<figcaption class='wp-caption-text gallery-caption' id='gallery-1-46756'>\n\t\t\t\t\u201eDull life\u201d, Marcin Michalak, Wiktor Bartman (\u017ar\u00f3d\u0142o: materia\u0142y prasowe organizatora)\n\t\t\t\t<\/figcaption><\/figure><figure class='gallery-item'>\n\t\t\t<div class='gallery-icon '>\n\t\t\t\t<a href='https:\/\/ownetic.com\/wydarzenia\/2014\/03\/ogolnopolski-festiwal-polskiej-animacji-opla\/ogolnopolski-festiwal-polskiej-animacji-opla-2014-03-18-012\/'><img width=\"1\" height=\"1\" src=\"https:\/\/ownetic.com\/wydarzenia\/wp-content\/uploads\/2014\/03\/ogolnopolski-festiwal-polskiej-animacji-opla-2014-03-18-012.jpg\" class=\"attachment-thumbnail size-thumbnail\" alt=\"\u201ePaj\u0105k i muchy\u201d, Tessa Moult-Milewska (\u017ar\u00f3d\u0142o: materia\u0142y prasowe organizatora)\" loading=\"lazy\" aria-describedby=\"gallery-1-46757\" \/><\/a>\n\t\t\t<\/div>\n\t\t\t\t<figcaption class='wp-caption-text gallery-caption' id='gallery-1-46757'>\n\t\t\t\t\u201ePaj\u0105k i muchy\u201d, Tessa Moult-Milewska (\u017ar\u00f3d\u0142o: materia\u0142y prasowe organizatora)\n\t\t\t\t<\/figcaption><\/figure><figure class='gallery-item'>\n\t\t\t<div class='gallery-icon '>\n\t\t\t\t<a href='https:\/\/ownetic.com\/wydarzenia\/2014\/03\/ogolnopolski-festiwal-polskiej-animacji-opla\/ogolnopolski-festiwal-polskiej-animacji-opla-2014-03-18-013\/'><img width=\"1\" height=\"1\" src=\"https:\/\/ownetic.com\/wydarzenia\/wp-content\/uploads\/2014\/03\/ogolnopolski-festiwal-polskiej-animacji-opla-2014-03-18-013.jpg\" class=\"attachment-thumbnail size-thumbnail\" alt=\"\u201eDo serca Twego\u201d, Ewa Borysewicz (\u017ar\u00f3d\u0142o: materia\u0142y prasowe organizatora)\" loading=\"lazy\" aria-describedby=\"gallery-1-46758\" \/><\/a>\n\t\t\t<\/div>\n\t\t\t\t<figcaption class='wp-caption-text gallery-caption' id='gallery-1-46758'>\n\t\t\t\t\u201eDo serca Twego\u201d, Ewa Borysewicz (\u017ar\u00f3d\u0142o: materia\u0142y prasowe organizatora)\n\t\t\t\t<\/figcaption><\/figure><figure class='gallery-item'>\n\t\t\t<div class='gallery-icon '>\n\t\t\t\t<a href='https:\/\/ownetic.com\/wydarzenia\/2014\/03\/ogolnopolski-festiwal-polskiej-animacji-opla\/ogolnopolski-festiwal-polskiej-animacji-opla-2014-03-18-014\/'><img width=\"1\" height=\"1\" src=\"https:\/\/ownetic.com\/wydarzenia\/wp-content\/uploads\/2014\/03\/ogolnopolski-festiwal-polskiej-animacji-opla-2014-03-18-014.jpg\" class=\"attachment-thumbnail size-thumbnail\" alt=\"\u201eOdrobina tej rado\u015bci\u201d, \u0141ukasz Rusinek (\u017ar\u00f3d\u0142o: materia\u0142y prasowe organizatora)\" loading=\"lazy\" aria-describedby=\"gallery-1-46759\" \/><\/a>\n\t\t\t<\/div>\n\t\t\t\t<figcaption class='wp-caption-text gallery-caption' id='gallery-1-46759'>\n\t\t\t\t\u201eOdrobina tej rado\u015bci\u201d, \u0141ukasz Rusinek (\u017ar\u00f3d\u0142o: materia\u0142y prasowe organizatora)\n\t\t\t\t<\/figcaption><\/figure><figure class='gallery-item'>\n\t\t\t<div class='gallery-icon '>\n\t\t\t\t<a href='https:\/\/ownetic.com\/wydarzenia\/2014\/03\/ogolnopolski-festiwal-polskiej-animacji-opla\/ogolnopolski-festiwal-polskiej-animacji-opla-2014-03-18-009\/'><img width=\"1\" height=\"1\" src=\"https:\/\/ownetic.com\/wydarzenia\/wp-content\/uploads\/2014\/03\/ogolnopolski-festiwal-polskiej-animacji-opla-2014-03-18-009.jpg\" class=\"attachment-thumbnail size-thumbnail\" alt=\"II Og\u00f3lnopolski Festiwal Polskiej Animacji O!PLA (\u017ar\u00f3d\u0142o: materia\u0142y prasowe organizatora)\" loading=\"lazy\" aria-describedby=\"gallery-1-46741\" \/><\/a>\n\t\t\t<\/div>\n\t\t\t\t<figcaption class='wp-caption-text gallery-caption' id='gallery-1-46741'>\n\t\t\t\tII Og\u00f3lnopolski Festiwal Polskiej Animacji O!PLA (\u017ar\u00f3d\u0142o: materia\u0142y prasowe organizatora)\n\t\t\t\t<\/figcaption><\/figure>\n\t\t<\/div>\n\n<p><strong>Konkurs.<\/strong> O uznanie og\u00f3lnopolskiej publiczno\u015bci z 44 miejscowo\u015bci walczy\u0107 b\u0119dzie w tym roku a\u017c 90 (ze 127 zg\u0142oszonych!) polskich kr\u00f3tkometra\u017cowych film\u00f3w animowanych z lat 2012-2014: 9 w kategorii\u00a0<em>Studyjnej<\/em>, 13 w kategorii\u00a0<em>Off &amp; Workshop<\/em>, 20 w kategorii<em>Animowany Wideoklip<\/em>, i a\u017c 33 w kategorii\u00a0<em>Szkolnej<\/em>. Tegoroczn\u0105 nowo\u015bci\u0105 b\u0119dzie pi\u0105ta kategoria o nazwie\u00a0<em>Animowane fraszk<\/em>i, w kt\u00f3rej ostatecznie znalaz\u0142o si\u0119 15 film\u00f3w trwaj\u0105cych od 44 do 137 sekund. Przy powstawaniu tej kategorii brano pod uwag\u0119 tak\u017ce filmy zg\u0142oszone w ubieg\u0142ym roku.<\/p>\n<p>Podobnie jak w zesz\u0142ym roku, laureaci konkursu zostan\u0105 wy\u0142onieni na podstawie liczby g\u0142os\u00f3w oddanych przez wszystkich widz\u00f3w uczestnicz\u0105cych w og\u00f3lnopolskich projekcjach.<\/p>\n<p>Nagrodami regulaminowymi O!PLA s\u0105 statuetki\u00a0<em>Z\u0142otych, Srebrnych<\/em>\u00a0i<em>\u00a0Br\u0105zowych Tobo\u0142k\u00f3w Kozio\u0142ka Mato\u0142ka<\/em>, ufundowane s\u0105 przez firm\u0119 TISSOTOYS.<\/p>\n<figure id=\"attachment_46737\" aria-describedby=\"caption-attachment-46737\" style=\"width: 576px\" class=\"wp-caption alignnone\"><a href=\"https:\/\/ownetic.com\/wydarzenia\/2014\/03\/ogolnopolski-festiwal-polskiej-animacji-opla\/ogolnopolski-festiwal-polskiej-animacji-opla-2014-03-18-005\/\" rel=\"attachment wp-att-46737\"><img loading=\"lazy\" class=\"size-medium wp-image-46737\" title=\"\u201eKsi\u0119\u017cy M\u0142yn\u201d, Justyna Apolinarzak i Marta Ostajewska (\u017ar\u00f3d\u0142o: materia\u0142y prasowe organizatora)\" src=\"https:\/\/ownetic.com\/wydarzenia\/wp-content\/uploads\/2014\/03\/ogolnopolski-festiwal-polskiej-animacji-opla-2014-03-18-005-576x329.jpg\" alt=\"\u201eKsi\u0119\u017cy M\u0142yn\u201d, Justyna Apolinarzak i Marta Ostajewska (\u017ar\u00f3d\u0142o: materia\u0142y prasowe organizatora)\" width=\"576\" height=\"329\" \/><\/a><figcaption id=\"caption-attachment-46737\" class=\"wp-caption-text\">\u201eKsi\u0119\u017cy M\u0142yn\u201d, Justyna Apolinarzak i Marta Ostajewska (\u017ar\u00f3d\u0142o: materia\u0142y prasowe organizatora)<\/figcaption><\/figure>\n<p><strong>Wielkie otwarcie.<\/strong> 5 premier, 2 projekcje specjalne, w tym\u00a0<em>Moonshine<\/em>\u00a0Micha\u0142a Poniedzielskiego i animowany dokument pt.\u00a0<em>Ksi\u0119\u017cy M\u0142yn<\/em>, oraz niezwyk\u0142a podr\u00f3\u017c z zesz\u0142orocznymi laureatami Tobo\u0142k\u00f3w Kozio\u0142ka Mato\u0142ka, podczas kt\u00f3rej\u00a0<em>nie zostan\u0105 wy\u015bwietlone<\/em>\u00a0filmy nagrodzone na O!PLA 2013. To wszystko czeka na widz\u00f3w podczas Wielkiego Otwarcia II Og\u00f3lnopolskiego Festiwalu Polskiej Animacji O!PLA 2014 21 marca o 17.00, w Muzeum Kinematografii w \u0141odzi (pl. Zwyci\u0119stwa 1).<\/p>\n<p>Niew\u0105tpliwym wydarzeniem b\u0119dzie premiera projektu <em>Poezja w obrazach<\/em> czyli 3 kr\u00f3tkich film\u00f3w animowanych w trzech r\u00f3\u017cnych technikach zrealizowanych przez trzech r\u00f3\u017cnych artyst\u00f3w (Daria Wiktoria Kopiec, Paulina Majda, Jakub Wro\u0144ski) , a mimo to ze sob\u0105 po\u0142\u0105czonych. Po\u0142\u0105czonych osob\u0105 Czes\u0142awa Mi\u0142osza, kt\u00f3rego wiersze zainspirowa\u0142y tw\u00f3rc\u00f3w do wyj\u0105tkowych realizacji. Tak powsta\u0142a kolekcja film\u00f3w, kt\u00f3re sta\u0142y si\u0119 cz\u0119\u015bci\u0105 wystawy w krasnogrudzkim dworze, po\u015bwi\u0119conej \u017cyciu i tw\u00f3rczo\u015bci Czes\u0142awa Mi\u0142osza: <em>Szukanie ojczyzny \u2013 \u015bwiadectwa i proroctwa Czes\u0142awa Mi\u0142osza<\/em>. Inicjatorami i organizatorami projektu jest Fundacja Pogranicze oraz O\u015brodek <em>Pogranicze \u2013 sztuk, kultur, narod\u00f3w<\/em> w Sejnach, dzi\u0119ki uprzejmo\u015bci kt\u00f3rych <em>Poezja w obrazach<\/em>\u00a0otworzy Festiwal O!PLA 2014.<\/p>\n<figure id=\"attachment_46739\" aria-describedby=\"caption-attachment-46739\" style=\"width: 576px\" class=\"wp-caption alignnone\"><a href=\"https:\/\/ownetic.com\/wydarzenia\/2014\/03\/ogolnopolski-festiwal-polskiej-animacji-opla\/ogolnopolski-festiwal-polskiej-animacji-opla-2014-03-18-007\/\" rel=\"attachment wp-att-46739\"><img loading=\"lazy\" class=\"size-medium wp-image-46739\" title=\"\u201eMoonshine\u201d, Micha\u0142 Poniedzielski (\u017ar\u00f3d\u0142o: materia\u0142y prasowe organizatora)\" src=\"https:\/\/ownetic.com\/wydarzenia\/wp-content\/uploads\/2014\/03\/ogolnopolski-festiwal-polskiej-animacji-opla-2014-03-18-007-576x241.jpg\" alt=\"\u201eMoonshine\u201d, Micha\u0142 Poniedzielski (\u017ar\u00f3d\u0142o: materia\u0142y prasowe organizatora)\" width=\"576\" height=\"241\" \/><\/a><figcaption id=\"caption-attachment-46739\" class=\"wp-caption-text\">\u201eMoonshine\u201d, Micha\u0142 Poniedzielski (\u017ar\u00f3d\u0142o: materia\u0142y prasowe organizatora)<\/figcaption><\/figure>\n<p>Kolejn\u0105 premier\u0105 b\u0119dzie <em>T.<\/em> \u2013\u00a0projekt Zbigniewa Czapli, jednej z najwa\u017cniejszych postaci we wsp\u00f3\u0142czesnej polskiej animacji (<em>Rytua\u0142, Papierowe pude\u0142ko, Toto<\/em>), kt\u00f3ry postanowi\u0142 podj\u0105\u0107 autotematyczny dialog o animacji z 11-letnim artyst\u0105 (rysownikiem i ilustratorem), Tadkiem \u0141ab\u0119dzkim. Co z tej animowanej rozmowy wynik\u0142o b\u0119dzie mo\u017cna dowiedzie\u0107 podczas Wielkiego Otwarcia O!PLA 2014!<\/p>\n<p>Ostatni\u0105 premier\u0105 Wielkiego Otwarcia b\u0119dzie <em>Indywiduum<\/em>, najnowszy film tw\u00f3rcy znakomitego <em>Wy\u015bcigu<\/em> (1989) \u2013 groteskowa opowie\u015bci\u0105 o totalitarnym mie\u015bcie, w kt\u00f3rym obowi\u0105zuje\u2026 zakaz \u015bmiechu.<\/p>\n<p>Podczas Wielkiego Otwarcia zaprezentowany zostanie tak\u017ce <em>Moonshine<\/em>\u00a0Micha\u0142a Poniedzielskiego, uznane za najlepsz\u0105 animacj\u0119 na 44. Tampere Film Festival, oraz animowany dokument autorstwa Justyny Apolinarzak i Marty Ostajewskiej, z muzyk\u0105 Suavasa Lewego, inspirowan\u0105 d\u017awi\u0119kami \u0141odzi \u2013\u00a0<em>Ksi\u0119\u017cy M\u0142yn.<\/em><\/p>\n<p>Atrakcj\u0105 dla pami\u0119taj\u0105cych zesz\u0142orocznych laureat\u00f3w Tobo\u0142k\u00f3w Kozio\u0142ka Mato\u0142ka b\u0119dzie unikatowy program prezentuj\u0105cy wcze\u015bniejsze i najnowsze, a tak\u017ce<em> przysz\u0142e<\/em> dokonania tw\u00f3rc\u00f3w, kt\u00f3rych filmy podbi\u0142y serca publiczno\u015bci na O!PLA 2013.<\/p>\n<figure id=\"attachment_46741\" aria-describedby=\"caption-attachment-46741\" style=\"width: 576px\" class=\"wp-caption alignnone\"><a href=\"https:\/\/ownetic.com\/wydarzenia\/2014\/03\/ogolnopolski-festiwal-polskiej-animacji-opla\/ogolnopolski-festiwal-polskiej-animacji-opla-2014-03-18-009\/\" rel=\"attachment wp-att-46741\"><img loading=\"lazy\" class=\"size-medium wp-image-46741\" title=\"II Og\u00f3lnopolski Festiwal Polskiej Animacji O!PLA (\u017ar\u00f3d\u0142o: materia\u0142y prasowe organizatora)\" src=\"https:\/\/ownetic.com\/wydarzenia\/wp-content\/uploads\/2014\/03\/ogolnopolski-festiwal-polskiej-animacji-opla-2014-03-18-009-576x227.jpg\" alt=\"II Og\u00f3lnopolski Festiwal Polskiej Animacji O!PLA (\u017ar\u00f3d\u0142o: materia\u0142y prasowe organizatora)\" width=\"576\" height=\"227\" \/><\/a><figcaption id=\"caption-attachment-46741\" class=\"wp-caption-text\">II Og\u00f3lnopolski Festiwal Polskiej Animacji O!PLA (\u017ar\u00f3d\u0142o: materia\u0142y prasowe organizatora)<\/figcaption><\/figure>\n<p>G\u0142\u00f3wnym Organizatorem Og\u00f3lnopolskiego Festiwalu Polskiej Animacji O!PLA jest niezale\u017cny promotor animacji \u2013 Animation Across Borders.<\/p>\n<p><em>II Og\u00f3lnopolski Festiwal Polskiej Animacji O!PLA<\/em><br \/>\n21 marca \u2013 8 czerwca 2014 r.<\/p>\n<p><em>Wielkie Otwarcie<\/em><br \/>\n21 marca 2014 r.<br \/>\nMuzeum Kinematografii<br \/>\n\u0141\u00f3d\u017a<\/p>\n","protected":false},"excerpt":{"rendered":"<p>Od Ba\u0142tyku i Mazur, po Beskid i Bieszczady. Domy Kultury, Galerie, Kina, Klubokawiarnie, Muzea\u2026 Po ubieg\u0142orocznym debiucie w 21. miejscowo\u015bciach (20-tu miastach i Pacanowie), ambicj\u0105 O!PLA by\u0142o dotarcie do jeszcze wi\u0119kszej ilo\u015bci miast i miasteczek. II Og\u00f3lnopolski Festiwal Polskiej Animacji O!PLA 2014 odb\u0119dzie si\u0119 \u2013 symbolicznie \u2013 w czterdziestu czterech miejscowo\u015bciach: trzydziestu dziewi\u0119ciu miastach i pi\u0119ciu wsiach.<\/p>\n","protected":false},"author":56,"featured_media":46733,"comment_status":"open","ping_status":"closed","sticky":false,"template":"","format":"standard","meta":[],"categories":[236],"tags":[8441,8443,8444,103,8445,8440,3254,8439,8442],"powerkit_post_featured":[],"yoast_head":"<!-- This site is optimized with the Yoast SEO plugin v18.7 - https:\/\/yoast.com\/wordpress\/plugins\/seo\/ -->\n<title>Og\u00f3lnopolski Festiwal Polskiej Animacji O!PLA<\/title>\n<meta name=\"description\" content=\"Od 21 marca do 8 czerwca potrwa II Og\u00f3lnopolski Festiwal Polskiej Animacji O!PLA.\" \/>\n<meta name=\"robots\" content=\"index, follow, max-snippet:-1, max-image-preview:large, max-video-preview:-1\" \/>\n<link rel=\"canonical\" href=\"https:\/\/ownetic.com\/wydarzenia\/2014\/03\/ogolnopolski-festiwal-polskiej-animacji-opla\/\" \/>\n<meta name=\"twitter:card\" content=\"summary_large_image\" \/>\n<meta name=\"twitter:title\" content=\"Og\u00f3lnopolski Festiwal Polskiej Animacji O!PLA\" \/>\n<meta name=\"twitter:description\" content=\"Od 21 marca do 8 czerwca potrwa II Og\u00f3lnopolski Festiwal Polskiej Animacji O!PLA.\" \/>\n<meta name=\"twitter:image\" content=\"https:\/\/ownetic.com\/wydarzenia\/wp-content\/uploads\/2014\/03\/ogolnopolski-festiwal-polskiej-animacji-opla-2014-03-18-001.jpg\" \/>\n<meta name=\"twitter:label1\" content=\"Napisane przez\" \/>\n\t<meta name=\"twitter:data1\" content=\"ewa-zielinska\" \/>\n\t<meta name=\"twitter:label2\" content=\"Szacowany czas czytania\" \/>\n\t<meta name=\"twitter:data2\" content=\"4 minuty\" \/>\n<script type=\"application\/ld+json\" class=\"yoast-schema-graph\">{\"@context\":\"https:\/\/schema.org\",\"@graph\":[{\"@type\":\"WebSite\",\"@id\":\"https:\/\/ownetic.com\/wydarzenia\/#website\",\"url\":\"https:\/\/ownetic.com\/wydarzenia\/\",\"name\":\"Wydarzenia O.pl\",\"description\":\"Przestrze\u0144 prezentacji najwa\u017cniejszych wydarze\u0144 z takich dziedzin, jak: sztuka, design, fotografia, film, muzyka, teatr, literatura, historia, taniec, architektura\",\"potentialAction\":[{\"@type\":\"SearchAction\",\"target\":{\"@type\":\"EntryPoint\",\"urlTemplate\":\"https:\/\/ownetic.com\/wydarzenia\/?s={search_term_string}\"},\"query-input\":\"required name=search_term_string\"}],\"inLanguage\":\"pl-PL\"},{\"@type\":\"ImageObject\",\"inLanguage\":\"pl-PL\",\"@id\":\"https:\/\/ownetic.com\/wydarzenia\/2014\/03\/ogolnopolski-festiwal-polskiej-animacji-opla\/#primaryimage\",\"url\":\"https:\/\/ownetic.com\/wydarzenia\/wp-content\/uploads\/2014\/03\/ogolnopolski-festiwal-polskiej-animacji-opla-2014-03-18-001.jpg\",\"contentUrl\":\"https:\/\/ownetic.com\/wydarzenia\/wp-content\/uploads\/2014\/03\/ogolnopolski-festiwal-polskiej-animacji-opla-2014-03-18-001.jpg\",\"caption\":\"\u201eCia\u0142o\u201d, Paulina Majda (\u017ar\u00f3d\u0142o: materia\u0142y prasowe organizatora)\"},{\"@type\":\"WebPage\",\"@id\":\"https:\/\/ownetic.com\/wydarzenia\/2014\/03\/ogolnopolski-festiwal-polskiej-animacji-opla\/#webpage\",\"url\":\"https:\/\/ownetic.com\/wydarzenia\/2014\/03\/ogolnopolski-festiwal-polskiej-animacji-opla\/\",\"name\":\"Og\u00f3lnopolski Festiwal Polskiej Animacji O!PLA\",\"isPartOf\":{\"@id\":\"https:\/\/ownetic.com\/wydarzenia\/#website\"},\"primaryImageOfPage\":{\"@id\":\"https:\/\/ownetic.com\/wydarzenia\/2014\/03\/ogolnopolski-festiwal-polskiej-animacji-opla\/#primaryimage\"},\"datePublished\":\"2014-03-19T23:00:18+00:00\",\"dateModified\":\"2014-05-22T09:40:17+00:00\",\"author\":{\"@id\":\"https:\/\/ownetic.com\/wydarzenia\/#\/schema\/person\/e4687d8905c6818629d41f9561956f85\"},\"description\":\"Od 21 marca do 8 czerwca potrwa II Og\u00f3lnopolski Festiwal Polskiej Animacji O!PLA.\",\"breadcrumb\":{\"@id\":\"https:\/\/ownetic.com\/wydarzenia\/2014\/03\/ogolnopolski-festiwal-polskiej-animacji-opla\/#breadcrumb\"},\"inLanguage\":\"pl-PL\",\"potentialAction\":[{\"@type\":\"ReadAction\",\"target\":[\"https:\/\/ownetic.com\/wydarzenia\/2014\/03\/ogolnopolski-festiwal-polskiej-animacji-opla\/\"]}]},{\"@type\":\"BreadcrumbList\",\"@id\":\"https:\/\/ownetic.com\/wydarzenia\/2014\/03\/ogolnopolski-festiwal-polskiej-animacji-opla\/#breadcrumb\",\"itemListElement\":[{\"@type\":\"ListItem\",\"position\":1,\"name\":\"Strona g\u0142\u00f3wna\",\"item\":\"https:\/\/ownetic.com\/wydarzenia\/\"},{\"@type\":\"ListItem\",\"position\":2,\"name\":\"Og\u00f3lnopolski Festiwal Polskiej Animacji O!PLA\"}]},{\"@type\":\"Person\",\"@id\":\"https:\/\/ownetic.com\/wydarzenia\/#\/schema\/person\/e4687d8905c6818629d41f9561956f85\",\"name\":\"ewa-zielinska\",\"url\":\"https:\/\/ownetic.com\/wydarzenia\/author\/ewa-zielinska\/\"}]}<\/script>\n<!-- \/ Yoast SEO plugin. -->","yoast_head_json":{"title":"Og\u00f3lnopolski Festiwal Polskiej Animacji O!PLA","description":"Od 21 marca do 8 czerwca potrwa II Og\u00f3lnopolski Festiwal Polskiej Animacji O!PLA.","robots":{"index":"index","follow":"follow","max-snippet":"max-snippet:-1","max-image-preview":"max-image-preview:large","max-video-preview":"max-video-preview:-1"},"canonical":"https:\/\/ownetic.com\/wydarzenia\/2014\/03\/ogolnopolski-festiwal-polskiej-animacji-opla\/","twitter_card":"summary_large_image","twitter_title":"Og\u00f3lnopolski Festiwal Polskiej Animacji O!PLA","twitter_description":"Od 21 marca do 8 czerwca potrwa II Og\u00f3lnopolski Festiwal Polskiej Animacji O!PLA.","twitter_image":"https:\/\/ownetic.com\/wydarzenia\/wp-content\/uploads\/2014\/03\/ogolnopolski-festiwal-polskiej-animacji-opla-2014-03-18-001.jpg","twitter_misc":{"Napisane przez":"ewa-zielinska","Szacowany czas czytania":"4 minuty"},"schema":{"@context":"https:\/\/schema.org","@graph":[{"@type":"WebSite","@id":"https:\/\/ownetic.com\/wydarzenia\/#website","url":"https:\/\/ownetic.com\/wydarzenia\/","name":"Wydarzenia O.pl","description":"Przestrze\u0144 prezentacji najwa\u017cniejszych wydarze\u0144 z takich dziedzin, jak: sztuka, design, fotografia, film, muzyka, teatr, literatura, historia, taniec, architektura","potentialAction":[{"@type":"SearchAction","target":{"@type":"EntryPoint","urlTemplate":"https:\/\/ownetic.com\/wydarzenia\/?s={search_term_string}"},"query-input":"required name=search_term_string"}],"inLanguage":"pl-PL"},{"@type":"ImageObject","inLanguage":"pl-PL","@id":"https:\/\/ownetic.com\/wydarzenia\/2014\/03\/ogolnopolski-festiwal-polskiej-animacji-opla\/#primaryimage","url":"https:\/\/ownetic.com\/wydarzenia\/wp-content\/uploads\/2014\/03\/ogolnopolski-festiwal-polskiej-animacji-opla-2014-03-18-001.jpg","contentUrl":"https:\/\/ownetic.com\/wydarzenia\/wp-content\/uploads\/2014\/03\/ogolnopolski-festiwal-polskiej-animacji-opla-2014-03-18-001.jpg","caption":"\u201eCia\u0142o\u201d, Paulina Majda (\u017ar\u00f3d\u0142o: materia\u0142y prasowe organizatora)"},{"@type":"WebPage","@id":"https:\/\/ownetic.com\/wydarzenia\/2014\/03\/ogolnopolski-festiwal-polskiej-animacji-opla\/#webpage","url":"https:\/\/ownetic.com\/wydarzenia\/2014\/03\/ogolnopolski-festiwal-polskiej-animacji-opla\/","name":"Og\u00f3lnopolski Festiwal Polskiej Animacji O!PLA","isPartOf":{"@id":"https:\/\/ownetic.com\/wydarzenia\/#website"},"primaryImageOfPage":{"@id":"https:\/\/ownetic.com\/wydarzenia\/2014\/03\/ogolnopolski-festiwal-polskiej-animacji-opla\/#primaryimage"},"datePublished":"2014-03-19T23:00:18+00:00","dateModified":"2014-05-22T09:40:17+00:00","author":{"@id":"https:\/\/ownetic.com\/wydarzenia\/#\/schema\/person\/e4687d8905c6818629d41f9561956f85"},"description":"Od 21 marca do 8 czerwca potrwa II Og\u00f3lnopolski Festiwal Polskiej Animacji O!PLA.","breadcrumb":{"@id":"https:\/\/ownetic.com\/wydarzenia\/2014\/03\/ogolnopolski-festiwal-polskiej-animacji-opla\/#breadcrumb"},"inLanguage":"pl-PL","potentialAction":[{"@type":"ReadAction","target":["https:\/\/ownetic.com\/wydarzenia\/2014\/03\/ogolnopolski-festiwal-polskiej-animacji-opla\/"]}]},{"@type":"BreadcrumbList","@id":"https:\/\/ownetic.com\/wydarzenia\/2014\/03\/ogolnopolski-festiwal-polskiej-animacji-opla\/#breadcrumb","itemListElement":[{"@type":"ListItem","position":1,"name":"Strona g\u0142\u00f3wna","item":"https:\/\/ownetic.com\/wydarzenia\/"},{"@type":"ListItem","position":2,"name":"Og\u00f3lnopolski Festiwal Polskiej Animacji O!PLA"}]},{"@type":"Person","@id":"https:\/\/ownetic.com\/wydarzenia\/#\/schema\/person\/e4687d8905c6818629d41f9561956f85","name":"ewa-zielinska","url":"https:\/\/ownetic.com\/wydarzenia\/author\/ewa-zielinska\/"}]}},"_links":{"self":[{"href":"https:\/\/ownetic.com\/wydarzenia\/wp-json\/wp\/v2\/posts\/46732"}],"collection":[{"href":"https:\/\/ownetic.com\/wydarzenia\/wp-json\/wp\/v2\/posts"}],"about":[{"href":"https:\/\/ownetic.com\/wydarzenia\/wp-json\/wp\/v2\/types\/post"}],"author":[{"embeddable":true,"href":"https:\/\/ownetic.com\/wydarzenia\/wp-json\/wp\/v2\/users\/56"}],"replies":[{"embeddable":true,"href":"https:\/\/ownetic.com\/wydarzenia\/wp-json\/wp\/v2\/comments?post=46732"}],"version-history":[{"count":0,"href":"https:\/\/ownetic.com\/wydarzenia\/wp-json\/wp\/v2\/posts\/46732\/revisions"}],"wp:featuredmedia":[{"embeddable":true,"href":"https:\/\/ownetic.com\/wydarzenia\/wp-json\/wp\/v2\/media\/46733"}],"wp:attachment":[{"href":"https:\/\/ownetic.com\/wydarzenia\/wp-json\/wp\/v2\/media?parent=46732"}],"wp:term":[{"taxonomy":"category","embeddable":true,"href":"https:\/\/ownetic.com\/wydarzenia\/wp-json\/wp\/v2\/categories?post=46732"},{"taxonomy":"post_tag","embeddable":true,"href":"https:\/\/ownetic.com\/wydarzenia\/wp-json\/wp\/v2\/tags?post=46732"},{"taxonomy":"powerkit_post_featured","embeddable":true,"href":"https:\/\/ownetic.com\/wydarzenia\/wp-json\/wp\/v2\/powerkit_post_featured?post=46732"}],"curies":[{"name":"wp","href":"https:\/\/api.w.org\/{rel}","templated":true}]}}