{"id":50681,"date":"2014-08-18T18:00:50","date_gmt":"2014-08-18T17:00:50","guid":{"rendered":"https:\/\/ownetic.com\/wydarzenia\/?p=50681"},"modified":"2014-09-04T11:45:31","modified_gmt":"2014-09-04T10:45:31","slug":"14-lemkowskie-jeruzalem-galeria-sztuki-legnica","status":"publish","type":"post","link":"https:\/\/ownetic.com\/wydarzenia\/2014\/08\/14-lemkowskie-jeruzalem-galeria-sztuki-legnica\/","title":{"rendered":"\u0141emkowskie Jeruzalem"},"content":{"rendered":"<p>Tegoroczna edycja \u0141emkowskiego Jeruzalem po\u015bwi\u0119cona jest Nikiforowi \u2013 a w\u0142a\u015bciwie Epifaniuszowi Drowniakowi \u2013 malarzowi prymitywi\u015bcie \u0142emkowskiego pochodzenia. Talent Nikifora przejawia\u0142 si\u0119 g\u0142\u00f3wnie w tw\u00f3rczo\u015bci na kawa\u0142kach tektury, ok\u0142adkach zeszyt\u00f3w, skrawkach papieru, na kt\u00f3rych uwiecznia\u0142 autoportrety, widoki krynickich willi i cerkwie \u2013 jego \u015bwi\u0119ty \u015bwiat. By\u0142 przy tym niezwykle p\u0142odnym tw\u00f3rc\u0105, stworzy\u0142 blisko 40 tysi\u0119cy dzie\u0142.<\/p>\n<figure id=\"attachment_50683\" aria-describedby=\"caption-attachment-50683\" style=\"width: 575px\" class=\"wp-caption alignnone\"><a href=\"https:\/\/ownetic.com\/wydarzenia\/2014\/08\/14-lemkowskie-jeruzalem-galeria-sztuki-legnica\/islbg-3\/\" rel=\"attachment wp-att-50683\"><img loading=\"lazy\" class=\"size-full wp-image-50683\" title=\"Edward Dwurnik, \u201e\u0141emkowskie Jeruzalem\u201d (\u017ar\u00f3d\u0142o: materia\u0142y prasowe organizatora) \" src=\"https:\/\/ownetic.com\/wydarzenia\/wp-content\/uploads\/2014\/08\/edward-dwurnik-2014-07-30.jpg\" alt=\"Edward Dwurnik, \u201e\u0141emkowskie Jeruzalem\u201d (\u017ar\u00f3d\u0142o: materia\u0142y prasowe organizatora)\" width=\"575\" height=\"414\" \/><\/a><figcaption id=\"caption-attachment-50683\" class=\"wp-caption-text\">Edward Dwurnik, \u201e\u0141emkowskie Jeruzalem\u201d (\u017ar\u00f3d\u0142o: materia\u0142y prasowe organizatora)<\/figcaption><\/figure>\n<p>8 sierpnia odby\u0142 si\u0119 wernisa\u017c wystawy <em>XIV \u0141emkowskiego Jeruzalem<\/em>. Udzia\u0142 w wystawie wzi\u0119\u0142o zr\u00f3\u017cnicowane pokolenie artyst\u00f3w pochodzenia \u0142emkowskiego. Obok pierwszych prac Edwarda Dwurnika na wystawie mo\u017cna obejrze\u0107 instalacje artystyczne, obrazy i filmy wykonane, cz\u0119sto w autorskich technikach, przez artyst\u00f3w reprezentuj\u0105cych m\u0142ode pokolenie. W wystawie uczestniczyli tak\u017ce wybitni tw\u00f3rcy pochodzenia polskiego m.in. Grzegorz Sztwiertnia oraz Joanna Zemanek.<\/p>\n<div id='gallery-1' class='gallery galleryid-50681 gallery-columns-5 gallery-size-thumbnail'><figure class='gallery-item'>\n\t\t\t<div class='gallery-icon '>\n\t\t\t\t<a href='https:\/\/ownetic.com\/wydarzenia\/2014\/08\/14-lemkowskie-jeruzalem-galeria-sztuki-legnica\/danylo-mowczan-2014-07-30-920x375\/'><img width=\"1\" height=\"1\" src=\"https:\/\/ownetic.com\/wydarzenia\/wp-content\/uploads\/2014\/08\/danylo-mowczan-2014-07-30-920x375.jpg\" class=\"attachment-thumbnail size-thumbnail\" alt=\"Danylo Mowczan, \u201e\u0141emkowskie Jeruzalem\u201d (\u017ar\u00f3d\u0142o: materia\u0142y prasowe organizatora)\" loading=\"lazy\" aria-describedby=\"gallery-1-50682\" \/><\/a>\n\t\t\t<\/div>\n\t\t\t\t<figcaption class='wp-caption-text gallery-caption' id='gallery-1-50682'>\n\t\t\t\tDanylo Mowczan, \u201e\u0141emkowskie Jeruzalem\u201d (\u017ar\u00f3d\u0142o: materia\u0142y prasowe organizatora) \n\t\t\t\t<\/figcaption><\/figure><figure class='gallery-item'>\n\t\t\t<div class='gallery-icon '>\n\t\t\t\t<a href='https:\/\/ownetic.com\/wydarzenia\/2014\/08\/14-lemkowskie-jeruzalem-galeria-sztuki-legnica\/islbg-3\/'><img width=\"1\" height=\"1\" src=\"https:\/\/ownetic.com\/wydarzenia\/wp-content\/uploads\/2014\/08\/edward-dwurnik-2014-07-30.jpg\" class=\"attachment-thumbnail size-thumbnail\" alt=\"Edward Dwurnik, \u201e\u0141emkowskie Jeruzalem\u201d (\u017ar\u00f3d\u0142o: materia\u0142y prasowe organizatora)\" loading=\"lazy\" aria-describedby=\"gallery-1-50683\" \/><\/a>\n\t\t\t<\/div>\n\t\t\t\t<figcaption class='wp-caption-text gallery-caption' id='gallery-1-50683'>\n\t\t\t\tEdward Dwurnik, \u201e\u0141emkowskie Jeruzalem\u201d (\u017ar\u00f3d\u0142o: materia\u0142y prasowe organizatora) \n\t\t\t\t<\/figcaption><\/figure><figure class='gallery-item'>\n\t\t\t<div class='gallery-icon '>\n\t\t\t\t<a href='https:\/\/ownetic.com\/wydarzenia\/2014\/08\/14-lemkowskie-jeruzalem-galeria-sztuki-legnica\/mateusz-budzynski-2014-07-30\/'><img width=\"1\" height=\"1\" src=\"https:\/\/ownetic.com\/wydarzenia\/wp-content\/uploads\/2014\/08\/mateusz-budzynski-2014-07-30.jpg\" class=\"attachment-thumbnail size-thumbnail\" alt=\"Mateusz Budzy\u0144ski, \u201e\u0141emkowskie Jeruzalem\u201d (\u017ar\u00f3d\u0142o: materia\u0142y prasowe organizatora)\" loading=\"lazy\" aria-describedby=\"gallery-1-50684\" \/><\/a>\n\t\t\t<\/div>\n\t\t\t\t<figcaption class='wp-caption-text gallery-caption' id='gallery-1-50684'>\n\t\t\t\tMateusz Budzy\u0144ski, \u201e\u0141emkowskie Jeruzalem\u201d (\u017ar\u00f3d\u0142o: materia\u0142y prasowe organizatora) \n\t\t\t\t<\/figcaption><\/figure><figure class='gallery-item'>\n\t\t\t<div class='gallery-icon '>\n\t\t\t\t<a href='https:\/\/ownetic.com\/wydarzenia\/2014\/08\/14-lemkowskie-jeruzalem-galeria-sztuki-legnica\/nikifor-2014-07-30\/'><img width=\"1\" height=\"1\" src=\"https:\/\/ownetic.com\/wydarzenia\/wp-content\/uploads\/2014\/08\/nikifor-2014-07-30.jpg\" class=\"attachment-thumbnail size-thumbnail\" alt=\"Nikifor, \u201e\u0141emkowskie Jeruzalem\u201d (\u017ar\u00f3d\u0142o: materia\u0142y prasowe organizatora)\" loading=\"lazy\" aria-describedby=\"gallery-1-50685\" \/><\/a>\n\t\t\t<\/div>\n\t\t\t\t<figcaption class='wp-caption-text gallery-caption' id='gallery-1-50685'>\n\t\t\t\tNikifor, \u201e\u0141emkowskie Jeruzalem\u201d (\u017ar\u00f3d\u0142o: materia\u0142y prasowe organizatora) \n\t\t\t\t<\/figcaption><\/figure><figure class='gallery-item'>\n\t\t\t<div class='gallery-icon '>\n\t\t\t\t<a href='https:\/\/ownetic.com\/wydarzenia\/2014\/08\/14-lemkowskie-jeruzalem-galeria-sztuki-legnica\/tatiana-skoromna-2014-07-30-683x950\/'><img width=\"1\" height=\"1\" src=\"https:\/\/ownetic.com\/wydarzenia\/wp-content\/uploads\/2014\/08\/tatiana-skoromna-2014-07-30-683x950.jpg\" class=\"attachment-thumbnail size-thumbnail\" alt=\"Tatiana Skoromna, \u201e\u0141emkowskie Jeruzalem\u201d (\u017ar\u00f3d\u0142o: materia\u0142y prasowe organizatora)\" loading=\"lazy\" aria-describedby=\"gallery-1-50686\" \/><\/a>\n\t\t\t<\/div>\n\t\t\t\t<figcaption class='wp-caption-text gallery-caption' id='gallery-1-50686'>\n\t\t\t\tTatiana Skoromna, \u201e\u0141emkowskie Jeruzalem\u201d (\u017ar\u00f3d\u0142o: materia\u0142y prasowe organizatora) \n\t\t\t\t<\/figcaption><\/figure><figure class='gallery-item'>\n\t\t\t<div class='gallery-icon '>\n\t\t\t\t<a href='https:\/\/ownetic.com\/wydarzenia\/2014\/08\/14-lemkowskie-jeruzalem-galeria-sztuki-legnica\/lemkowskie-jeruzalem-galeria-sztuki-w-legnicy-2014-08-18\/'><img width=\"1\" height=\"1\" src=\"https:\/\/ownetic.com\/wydarzenia\/wp-content\/uploads\/2014\/08\/lemkowskie-jeruzalem-galeria-sztuki-w-legnicy-2014-08-18.jpg\" class=\"attachment-thumbnail size-thumbnail\" alt=\"\u201e\u0141emkowskie Jeruzalem\u201d, wernisa\u017c wystawy (\u017ar\u00f3d\u0142o: materia\u0142y prasowe organizatora)\" loading=\"lazy\" aria-describedby=\"gallery-1-50687\" \/><\/a>\n\t\t\t<\/div>\n\t\t\t\t<figcaption class='wp-caption-text gallery-caption' id='gallery-1-50687'>\n\t\t\t\t\u201e\u0141emkowskie Jeruzalem\u201d, wernisa\u017c wystawy (\u017ar\u00f3d\u0142o: materia\u0142y prasowe organizatora) \n\t\t\t\t<\/figcaption><\/figure><figure class='gallery-item'>\n\t\t\t<div class='gallery-icon '>\n\t\t\t\t<a href='https:\/\/ownetic.com\/wydarzenia\/2014\/08\/14-lemkowskie-jeruzalem-galeria-sztuki-legnica\/lemkowskie-jeruzalem-galeria-sztuki-w-legnicy-2014-08-18-001\/'><img width=\"1\" height=\"1\" src=\"https:\/\/ownetic.com\/wydarzenia\/wp-content\/uploads\/2014\/08\/lemkowskie-jeruzalem-galeria-sztuki-w-legnicy-2014-08-18-001.jpg\" class=\"attachment-thumbnail size-thumbnail\" alt=\"\u201e\u0141emkowskie Jeruzalem\u201d, wernisa\u017c wystawy (\u017ar\u00f3d\u0142o: materia\u0142y prasowe organizatora)\" loading=\"lazy\" aria-describedby=\"gallery-1-50688\" \/><\/a>\n\t\t\t<\/div>\n\t\t\t\t<figcaption class='wp-caption-text gallery-caption' id='gallery-1-50688'>\n\t\t\t\t\u201e\u0141emkowskie Jeruzalem\u201d, wernisa\u017c wystawy (\u017ar\u00f3d\u0142o: materia\u0142y prasowe organizatora) \n\t\t\t\t<\/figcaption><\/figure><figure class='gallery-item'>\n\t\t\t<div class='gallery-icon '>\n\t\t\t\t<a href='https:\/\/ownetic.com\/wydarzenia\/2014\/08\/14-lemkowskie-jeruzalem-galeria-sztuki-legnica\/lemkowskie-jeruzalem-galeria-sztuki-w-legnicy-2014-08-18-002\/'><img width=\"1\" height=\"1\" src=\"https:\/\/ownetic.com\/wydarzenia\/wp-content\/uploads\/2014\/08\/lemkowskie-jeruzalem-galeria-sztuki-w-legnicy-2014-08-18-002.jpg\" class=\"attachment-thumbnail size-thumbnail\" alt=\"\u201e\u0141emkowskie Jeruzalem\u201d, wernisa\u017c wystawy (\u017ar\u00f3d\u0142o: materia\u0142y prasowe organizatora)\" loading=\"lazy\" aria-describedby=\"gallery-1-50689\" \/><\/a>\n\t\t\t<\/div>\n\t\t\t\t<figcaption class='wp-caption-text gallery-caption' id='gallery-1-50689'>\n\t\t\t\t\u201e\u0141emkowskie Jeruzalem\u201d, wernisa\u017c wystawy (\u017ar\u00f3d\u0142o: materia\u0142y prasowe organizatora) \n\t\t\t\t<\/figcaption><\/figure><figure class='gallery-item'>\n\t\t\t<div class='gallery-icon '>\n\t\t\t\t<a href='https:\/\/ownetic.com\/wydarzenia\/2014\/08\/14-lemkowskie-jeruzalem-galeria-sztuki-legnica\/lemkowskie-jeruzalem-galeria-sztuki-w-legnicy-2014-08-18-003\/'><img width=\"1\" height=\"1\" src=\"https:\/\/ownetic.com\/wydarzenia\/wp-content\/uploads\/2014\/08\/lemkowskie-jeruzalem-galeria-sztuki-w-legnicy-2014-08-18-003.jpg\" class=\"attachment-thumbnail size-thumbnail\" alt=\"\u201e\u0141emkowskie Jeruzalem\u201d, wernisa\u017c wystawy (\u017ar\u00f3d\u0142o: materia\u0142y prasowe organizatora)\" loading=\"lazy\" aria-describedby=\"gallery-1-50690\" \/><\/a>\n\t\t\t<\/div>\n\t\t\t\t<figcaption class='wp-caption-text gallery-caption' id='gallery-1-50690'>\n\t\t\t\t\u201e\u0141emkowskie Jeruzalem\u201d, wernisa\u017c wystawy (\u017ar\u00f3d\u0142o: materia\u0142y prasowe organizatora) \n\t\t\t\t<\/figcaption><\/figure><figure class='gallery-item'>\n\t\t\t<div class='gallery-icon '>\n\t\t\t\t<a href='https:\/\/ownetic.com\/wydarzenia\/2014\/08\/14-lemkowskie-jeruzalem-galeria-sztuki-legnica\/lemkowskie-jeruzalem-galeria-sztuki-w-legnicy-2014-08-18-004\/'><img width=\"1\" height=\"1\" src=\"https:\/\/ownetic.com\/wydarzenia\/wp-content\/uploads\/2014\/08\/lemkowskie-jeruzalem-galeria-sztuki-w-legnicy-2014-08-18-004.jpg\" class=\"attachment-thumbnail size-thumbnail\" alt=\"\u201e\u0141emkowskie Jeruzalem\u201d, wernisa\u017c wystawy (\u017ar\u00f3d\u0142o: materia\u0142y prasowe organizatora)\" loading=\"lazy\" aria-describedby=\"gallery-1-50691\" \/><\/a>\n\t\t\t<\/div>\n\t\t\t\t<figcaption class='wp-caption-text gallery-caption' id='gallery-1-50691'>\n\t\t\t\t\u201e\u0141emkowskie Jeruzalem\u201d, wernisa\u017c wystawy (\u017ar\u00f3d\u0142o: materia\u0142y prasowe organizatora) \n\t\t\t\t<\/figcaption><\/figure><figure class='gallery-item'>\n\t\t\t<div class='gallery-icon '>\n\t\t\t\t<a href='https:\/\/ownetic.com\/wydarzenia\/2014\/08\/14-lemkowskie-jeruzalem-galeria-sztuki-legnica\/lemkowskie-jeruzalem-galeria-sztuki-w-legnicy-2014-08-18-005\/'><img width=\"1\" height=\"1\" src=\"https:\/\/ownetic.com\/wydarzenia\/wp-content\/uploads\/2014\/08\/lemkowskie-jeruzalem-galeria-sztuki-w-legnicy-2014-08-18-005.jpg\" class=\"attachment-thumbnail size-thumbnail\" alt=\"\u201e\u0141emkowskie Jeruzalem\u201d, wernisa\u017c wystawy (\u017ar\u00f3d\u0142o: materia\u0142y prasowe organizatora)\" loading=\"lazy\" aria-describedby=\"gallery-1-50692\" \/><\/a>\n\t\t\t<\/div>\n\t\t\t\t<figcaption class='wp-caption-text gallery-caption' id='gallery-1-50692'>\n\t\t\t\t\u201e\u0141emkowskie Jeruzalem\u201d, wernisa\u017c wystawy (\u017ar\u00f3d\u0142o: materia\u0142y prasowe organizatora) \n\t\t\t\t<\/figcaption><\/figure><figure class='gallery-item'>\n\t\t\t<div class='gallery-icon '>\n\t\t\t\t<a href='https:\/\/ownetic.com\/wydarzenia\/2014\/08\/14-lemkowskie-jeruzalem-galeria-sztuki-legnica\/lemkowskie-jeruzalem-galeria-sztuki-w-legnicy-2014-08-18-006\/'><img width=\"1\" height=\"1\" src=\"https:\/\/ownetic.com\/wydarzenia\/wp-content\/uploads\/2014\/08\/lemkowskie-jeruzalem-galeria-sztuki-w-legnicy-2014-08-18-006.jpg\" class=\"attachment-thumbnail size-thumbnail\" alt=\"\u201e\u0141emkowskie Jeruzalem\u201d, wernisa\u017c wystawy (\u017ar\u00f3d\u0142o: materia\u0142y prasowe organizatora)\" loading=\"lazy\" aria-describedby=\"gallery-1-50693\" \/><\/a>\n\t\t\t<\/div>\n\t\t\t\t<figcaption class='wp-caption-text gallery-caption' id='gallery-1-50693'>\n\t\t\t\t\u201e\u0141emkowskie Jeruzalem\u201d, wernisa\u017c wystawy (\u017ar\u00f3d\u0142o: materia\u0142y prasowe organizatora) \n\t\t\t\t<\/figcaption><\/figure><figure class='gallery-item'>\n\t\t\t<div class='gallery-icon '>\n\t\t\t\t<a href='https:\/\/ownetic.com\/wydarzenia\/2014\/08\/14-lemkowskie-jeruzalem-galeria-sztuki-legnica\/lemkowskie-jeruzalem-galeria-sztuki-w-legnicy-2014-08-18-009\/'><img width=\"1\" height=\"1\" src=\"https:\/\/ownetic.com\/wydarzenia\/wp-content\/uploads\/2014\/08\/lemkowskie-jeruzalem-galeria-sztuki-w-legnicy-2014-08-18-009.jpg\" class=\"attachment-thumbnail size-thumbnail\" alt=\"\u201e\u0141emkowskie Jeruzalem\u201d, wernisa\u017c wystawy (\u017ar\u00f3d\u0142o: materia\u0142y prasowe organizatora)\" loading=\"lazy\" aria-describedby=\"gallery-1-50694\" \/><\/a>\n\t\t\t<\/div>\n\t\t\t\t<figcaption class='wp-caption-text gallery-caption' id='gallery-1-50694'>\n\t\t\t\t\u201e\u0141emkowskie Jeruzalem\u201d, wernisa\u017c wystawy (\u017ar\u00f3d\u0142o: materia\u0142y prasowe organizatora) \n\t\t\t\t<\/figcaption><\/figure><figure class='gallery-item'>\n\t\t\t<div class='gallery-icon '>\n\t\t\t\t<a href='https:\/\/ownetic.com\/wydarzenia\/2014\/08\/14-lemkowskie-jeruzalem-galeria-sztuki-legnica\/lemkowskie-jeruzalem-galeria-sztuki-w-legnicy-2014-08-18-010\/'><img width=\"1\" height=\"1\" src=\"https:\/\/ownetic.com\/wydarzenia\/wp-content\/uploads\/2014\/08\/lemkowskie-jeruzalem-galeria-sztuki-w-legnicy-2014-08-18-010.jpg\" class=\"attachment-thumbnail size-thumbnail\" alt=\"\u201e\u0141emkowskie Jeruzalem\u201d, wernisa\u017c wystawy (\u017ar\u00f3d\u0142o: materia\u0142y prasowe organizatora)\" loading=\"lazy\" aria-describedby=\"gallery-1-50695\" \/><\/a>\n\t\t\t<\/div>\n\t\t\t\t<figcaption class='wp-caption-text gallery-caption' id='gallery-1-50695'>\n\t\t\t\t\u201e\u0141emkowskie Jeruzalem\u201d, wernisa\u017c wystawy (\u017ar\u00f3d\u0142o: materia\u0142y prasowe organizatora) \n\t\t\t\t<\/figcaption><\/figure><figure class='gallery-item'>\n\t\t\t<div class='gallery-icon '>\n\t\t\t\t<a href='https:\/\/ownetic.com\/wydarzenia\/2014\/08\/14-lemkowskie-jeruzalem-galeria-sztuki-legnica\/lemkowskie-jeruzalem-galeria-sztuki-w-legnicy-2014-08-18-011\/'><img width=\"1\" height=\"1\" src=\"https:\/\/ownetic.com\/wydarzenia\/wp-content\/uploads\/2014\/08\/lemkowskie-jeruzalem-galeria-sztuki-w-legnicy-2014-08-18-011.jpg\" class=\"attachment-thumbnail size-thumbnail\" alt=\"\u201e\u0141emkowskie Jeruzalem\u201d, wernisa\u017c wystawy (\u017ar\u00f3d\u0142o: materia\u0142y prasowe organizatora)\" loading=\"lazy\" aria-describedby=\"gallery-1-50696\" \/><\/a>\n\t\t\t<\/div>\n\t\t\t\t<figcaption class='wp-caption-text gallery-caption' id='gallery-1-50696'>\n\t\t\t\t\u201e\u0141emkowskie Jeruzalem\u201d, wernisa\u017c wystawy (\u017ar\u00f3d\u0142o: materia\u0142y prasowe organizatora) \n\t\t\t\t<\/figcaption><\/figure><figure class='gallery-item'>\n\t\t\t<div class='gallery-icon '>\n\t\t\t\t<a href='https:\/\/ownetic.com\/wydarzenia\/2014\/08\/14-lemkowskie-jeruzalem-galeria-sztuki-legnica\/lemkowskie-jeruzalem-galeria-sztuki-w-legnicy-2014-08-18-012\/'><img width=\"1\" height=\"1\" src=\"https:\/\/ownetic.com\/wydarzenia\/wp-content\/uploads\/2014\/08\/lemkowskie-jeruzalem-galeria-sztuki-w-legnicy-2014-08-18-012.jpg\" class=\"attachment-thumbnail size-thumbnail\" alt=\"\u201e\u0141emkowskie Jeruzalem\u201d, wernisa\u017c wystawy (\u017ar\u00f3d\u0142o: materia\u0142y prasowe organizatora)\" loading=\"lazy\" aria-describedby=\"gallery-1-50697\" \/><\/a>\n\t\t\t<\/div>\n\t\t\t\t<figcaption class='wp-caption-text gallery-caption' id='gallery-1-50697'>\n\t\t\t\t\u201e\u0141emkowskie Jeruzalem\u201d, wernisa\u017c wystawy (\u017ar\u00f3d\u0142o: materia\u0142y prasowe organizatora) \n\t\t\t\t<\/figcaption><\/figure><figure class='gallery-item'>\n\t\t\t<div class='gallery-icon '>\n\t\t\t\t<a href='https:\/\/ownetic.com\/wydarzenia\/2014\/08\/14-lemkowskie-jeruzalem-galeria-sztuki-legnica\/lemkowskie-jeruzalem-galeria-sztuki-w-legnicy-2014-08-18-013\/'><img width=\"1\" height=\"1\" src=\"https:\/\/ownetic.com\/wydarzenia\/wp-content\/uploads\/2014\/08\/lemkowskie-jeruzalem-galeria-sztuki-w-legnicy-2014-08-18-013.jpg\" class=\"attachment-thumbnail size-thumbnail\" alt=\"\u201e\u0141emkowskie Jeruzalem\u201d, wernisa\u017c wystawy (\u017ar\u00f3d\u0142o: materia\u0142y prasowe organizatora)\" loading=\"lazy\" aria-describedby=\"gallery-1-50698\" \/><\/a>\n\t\t\t<\/div>\n\t\t\t\t<figcaption class='wp-caption-text gallery-caption' id='gallery-1-50698'>\n\t\t\t\t\u201e\u0141emkowskie Jeruzalem\u201d, wernisa\u017c wystawy (\u017ar\u00f3d\u0142o: materia\u0142y prasowe organizatora) \n\t\t\t\t<\/figcaption><\/figure>\n\t\t<\/div>\n\n<p><em>\u0141emkowskie Jeruzalem<\/em> to artystyczny projekt, kt\u00f3ry od 13 lat organizuje Zjednoczenie \u0141emk\u00f3w z Gorlic. Ma on na celu integracj\u0119 \u015brodowiska artystycznego, kt\u00f3re w tw\u00f3rczych poszukiwaniach porusza kwestie zwi\u0105zane z kultur\u0105 \u0142emkowsk\u0105. <em>\u0141emkowskie Jeruzalem<\/em> ma znaczenie symboliczne i kultowe, a dla wielu jest to powr\u00f3t do korzeni, podr\u00f3\u017c w g\u0142\u0105b siebie. Opr\u00f3cz walor\u00f3w artystycznych plener zach\u0119ca szerok\u0105 publiczno\u015b\u0107 do dialogu mi\u0119dzykulturowego i bli\u017cszego poznania kultury \u0142emkowskiej.<\/p>\n<figure id=\"attachment_50685\" aria-describedby=\"caption-attachment-50685\" style=\"width: 575px\" class=\"wp-caption alignnone\"><a href=\"https:\/\/ownetic.com\/wydarzenia\/2014\/08\/14-lemkowskie-jeruzalem-galeria-sztuki-legnica\/nikifor-2014-07-30\/\" rel=\"attachment wp-att-50685\"><img loading=\"lazy\" class=\"size-full wp-image-50685\" title=\"Nikifor, \u201e\u0141emkowskie Jeruzalem\u201d (\u017ar\u00f3d\u0142o: materia\u0142y prasowe organizatora) \" src=\"https:\/\/ownetic.com\/wydarzenia\/wp-content\/uploads\/2014\/08\/nikifor-2014-07-30.jpg\" alt=\"Nikifor, \u201e\u0141emkowskie Jeruzalem\u201d (\u017ar\u00f3d\u0142o: materia\u0142y prasowe organizatora)\" width=\"575\" height=\"428\" \/><\/a><figcaption id=\"caption-attachment-50685\" class=\"wp-caption-text\">Nikifor, \u201e\u0141emkowskie Jeruzalem\u201d (\u017ar\u00f3d\u0142o: materia\u0142y prasowe organizatora)<\/figcaption><\/figure>\n<p>Tw\u00f3rczo\u015b\u0107 Nikifora najpe\u0142niej oddaje cytat z ksi\u0105\u017cki Andrzeja Sasiuka \u2013\u00a0polskiego prozaisty, poety, publicysty i dramaturga:<\/p>\n<blockquote><p>Trudno o artyst\u0119, kt\u00f3ry w swoim dziele bardziej by\u0142 <em>st\u0105d,<\/em> kt\u00f3ry bardziej nie <em>by\u0142by znik\u0105d<\/em>. Jego obrazy to niesko\u0144czono\u015b\u0107 wariacji na temat widzialnego. Domy, g\u00f3ry, ko\u015bcio\u0142y i poci\u0105gi promieniuj\u0105 z rzeczywisto\u015bci coraz pi\u0119kniejsze, coraz doskonalsze i zmierzaj\u0105 ku jakiej\u015b niesko\u0144czono\u015bci istnienia. Nikifor, tworzy, odtwarza, by nie zagin\u0119\u0142o, by trwa\u0142o, by \u015bwiata nie zagarn\u0119\u0142a nico\u015b\u0107. Jest jak B\u00f3g, kt\u00f3ry ka\u017cdego ranka gasi ciemno\u015b\u0107 i uruchamia kolejny dzie\u0144 z domami, g\u00f3rami, ko\u015bcio\u0142ami i poci\u0105gami \u017ceby\u015bmy mieli si\u0119 gdzie podzia\u0107. Trzydzie\u015bci tysi\u0119cy obraz\u00f3w na temat stworzenia \u015bwiata i w jego obronie. Albo dla jego zbawienia, bo przecie\u017c w tych pejza\u017cach jest tak pi\u0119knie, tak nieruchomo i tak \u015bwietli\u015bcie jak na ikonach. Pochylony nad tektur\u0105, g\u0142uchy na zgie\u0142k deptaku odgadywa\u0142 jak powinien wygl\u0105da\u0107 \u015bwiat.<\/p>\n<p>Fragment z ksi\u0105\u017cki Andrzeja Sasiuka<em> Nie ma ekspres\u00f3w przy \u017c\u00f3\u0142tych drogach<\/em><\/p><\/blockquote>\n<figure id=\"attachment_50682\" aria-describedby=\"caption-attachment-50682\" style=\"width: 576px\" class=\"wp-caption alignnone\"><a href=\"https:\/\/ownetic.com\/wydarzenia\/2014\/08\/14-lemkowskie-jeruzalem-galeria-sztuki-legnica\/danylo-mowczan-2014-07-30-920x375\/\" rel=\"attachment wp-att-50682\"><img loading=\"lazy\" class=\"size-medium wp-image-50682\" title=\"Danylo Mowczan, \u201e\u0141emkowskie Jeruzalem\u201d (\u017ar\u00f3d\u0142o: materia\u0142y prasowe organizatora) \" src=\"https:\/\/ownetic.com\/wydarzenia\/wp-content\/uploads\/2014\/08\/danylo-mowczan-2014-07-30-920x375-576x234.jpg\" alt=\"Danylo Mowczan, \u201e\u0141emkowskie Jeruzalem\u201d (\u017ar\u00f3d\u0142o: materia\u0142y prasowe organizatora)\" width=\"576\" height=\"234\" \/><\/a><figcaption id=\"caption-attachment-50682\" class=\"wp-caption-text\">Danylo Mowczan, \u201e\u0141emkowskie Jeruzalem\u201d (\u017ar\u00f3d\u0142o: materia\u0142y prasowe organizatora)<\/figcaption><\/figure>\n<p>Natalia H\u0142adyk (kuratorka i uczestniczka wystawy) przywita\u0142a zgromadzonych w Galerii Ring go\u015bci w dw\u00f3ch j\u0119zykach: \u0142emkowskim i polskim. Akcent ten skierowany by\u0142 do licznej grupy \u0142emk\u00f3w przyby\u0142ych na wernisa\u017c, kt\u00f3rzy licznie zamieszkuj\u0105 Legnic\u0119 i jej okolice. By\u0142y w\u015br\u00f3d nich osoby m\u0142ode i stare, kt\u00f3re we wzruszaj\u0105cych rozmowach dzieli\u0142y si\u0119 wspomnieniami ze swojej dawnej <em>ma\u0142ej ojczyzny<\/em>.<\/p>\n<figure id=\"attachment_50688\" aria-describedby=\"caption-attachment-50688\" style=\"width: 576px\" class=\"wp-caption alignnone\"><a href=\"https:\/\/ownetic.com\/wydarzenia\/2014\/08\/14-lemkowskie-jeruzalem-galeria-sztuki-legnica\/lemkowskie-jeruzalem-galeria-sztuki-w-legnicy-2014-08-18-001\/\" rel=\"attachment wp-att-50688\"><img loading=\"lazy\" class=\"size-medium wp-image-50688\" title=\"\u201e\u0141emkowskie Jeruzalem\u201d, wernisa\u017c wystawy (\u017ar\u00f3d\u0142o: materia\u0142y prasowe organizatora) \" src=\"https:\/\/ownetic.com\/wydarzenia\/wp-content\/uploads\/2014\/08\/lemkowskie-jeruzalem-galeria-sztuki-w-legnicy-2014-08-18-001-576x432.jpg\" alt=\"\u201e\u0141emkowskie Jeruzalem\u201d, wernisa\u017c wystawy (\u017ar\u00f3d\u0142o: materia\u0142y prasowe organizatora)\" width=\"576\" height=\"432\" \/><\/a><figcaption id=\"caption-attachment-50688\" class=\"wp-caption-text\">\u201e\u0141emkowskie Jeruzalem\u201d, wernisa\u017c wystawy (\u017ar\u00f3d\u0142o: materia\u0142y prasowe organizatora)<\/figcaption><\/figure>\n<p><!--nextpage-->W\u015br\u00f3d go\u015bci by\u0142 te\u017c profesor Stefan Dudra \u2013 przedstawiciel mniejszo\u015bci \u0142emkowskiej w Komisji Wsp\u00f3lnej Rz\u0105du Mniejszo\u015bci oraz ks. Miros\u0142aw Drapa\u0142a \u2013\u00a0proboszcz Legnickiej Parafii Grekokatolickiej. W kilku s\u0142owach kuratorki \u0141emkowskiego Jeruzalem wyja\u015bni\u0142y ide\u0119, kt\u00f3ra im przy\u015bwieca:<\/p>\n<blockquote><p>Ta wystawa skupia m\u0142odych artyst\u00f3w \u2013\u00a0\u0141emk\u00f3w, kt\u00f3rzy rozsiani s\u0105 po ca\u0142ym \u015bwiecie. Bior\u0105 w niej udzia\u0142 arty\u015bci nie tylko z Polski, ale tak\u017ce i sympatycy kultury \u0142emkowskiej z innych kraj\u00f3w \u2013 z Ukrainy. Miasto Jeruzalem zosta\u0142o w tytule wystawy u\u017cyte nieprzypadkowo, poniewa\u017c jest ono synonimem powrot\u00f3w.<\/p>\n<p>Natalia H\u0142adyk, kuratorka wystawy<\/p>\n<p>O Legnic\u0119 zabiegali\u015bmy, bo chcieli\u015bmy samym \u0141emkom pokaza\u0107, \u017ce nie tylko \u015bpiewamy i ta\u0144czymy, ale s\u0105 te\u017c m\u0142odzi ludzie, kt\u00f3rzy zajmuj\u0105 si\u0119 sztukami plastycznymi, \u017ce nie jeste\u015bmy skansenem, ale spo\u0142ecze\u0144stwem rozwijaj\u0105cym si\u0119 i ca\u0142y czas idziemy do przodu.<\/p>\n<p>Joanna Zemanek, wsp\u00f3\u0142kuratorka wystawy<\/p><\/blockquote>\n<figure id=\"attachment_50689\" aria-describedby=\"caption-attachment-50689\" style=\"width: 576px\" class=\"wp-caption alignnone\"><a href=\"https:\/\/ownetic.com\/wydarzenia\/2014\/08\/14-lemkowskie-jeruzalem-galeria-sztuki-legnica\/lemkowskie-jeruzalem-galeria-sztuki-w-legnicy-2014-08-18-002\/\" rel=\"attachment wp-att-50689\"><img loading=\"lazy\" class=\"size-medium wp-image-50689\" title=\"\u201e\u0141emkowskie Jeruzalem\u201d, wernisa\u017c wystawy (\u017ar\u00f3d\u0142o: materia\u0142y prasowe organizatora) \" src=\"https:\/\/ownetic.com\/wydarzenia\/wp-content\/uploads\/2014\/08\/lemkowskie-jeruzalem-galeria-sztuki-w-legnicy-2014-08-18-002-576x767.jpg\" alt=\"\u201e\u0141emkowskie Jeruzalem\u201d, wernisa\u017c wystawy (\u017ar\u00f3d\u0142o: materia\u0142y prasowe organizatora)\" width=\"576\" height=\"767\" \/><\/a><figcaption id=\"caption-attachment-50689\" class=\"wp-caption-text\">\u201e\u0141emkowskie Jeruzalem\u201d, wernisa\u017c wystawy (\u017ar\u00f3d\u0142o: materia\u0142y prasowe organizatora)<\/figcaption><\/figure>\n<p>Na wernisa\u017cu rozdawane by\u0142y katalogi wystawy. Kilka ostatnich stron stanowi\u0142y bia\u0142e, niezapisane kartki. Joanna Zemanek zach\u0119ca\u0142a ka\u017cd\u0105 z obdarowanych os\u00f3b do zape\u0142niania wolnych stron swoimi przemy\u015bleniami, czyni\u0105c z katalogu sw\u00f3j osobisty<em> Notatnik ze \u015bwiata<\/em>.<\/p>\n<p><strong>Uczestnicy pleneru \/ wystawy:<\/strong><\/p>\n<p>Epifaniusz Drowniak (Nikifor), Edward Dwurnik (go\u015b\u0107 zaproszony), Stefan Telep, Grzegorz Sztwiertnia, Natalia H\u0142adyk, Joanna Zemanek, Jerzy Dobrza\u0144ski, Mateusz Budzy\u0144ski, Serhij Petluk, Mychajlo Barabasz, Tereza Barabasz, Oleksij Choroszko, Tatiana Skoromna, Danylo Mowczan, Mychajlo Kolodko.<\/p>\n<figure id=\"attachment_50690\" aria-describedby=\"caption-attachment-50690\" style=\"width: 576px\" class=\"wp-caption alignnone\"><a href=\"https:\/\/ownetic.com\/wydarzenia\/2014\/08\/14-lemkowskie-jeruzalem-galeria-sztuki-legnica\/lemkowskie-jeruzalem-galeria-sztuki-w-legnicy-2014-08-18-003\/\" rel=\"attachment wp-att-50690\"><img loading=\"lazy\" class=\"size-medium wp-image-50690\" title=\"\u201e\u0141emkowskie Jeruzalem\u201d, wernisa\u017c wystawy (\u017ar\u00f3d\u0142o: materia\u0142y prasowe organizatora) \" src=\"https:\/\/ownetic.com\/wydarzenia\/wp-content\/uploads\/2014\/08\/lemkowskie-jeruzalem-galeria-sztuki-w-legnicy-2014-08-18-003-576x432.jpg\" alt=\"\u201e\u0141emkowskie Jeruzalem\u201d, wernisa\u017c wystawy (\u017ar\u00f3d\u0142o: materia\u0142y prasowe organizatora)\" width=\"576\" height=\"432\" \/><\/a><figcaption id=\"caption-attachment-50690\" class=\"wp-caption-text\">\u201e\u0141emkowskie Jeruzalem\u201d, wernisa\u017c wystawy (\u017ar\u00f3d\u0142o: materia\u0142y prasowe organizatora)<\/figcaption><\/figure>\n<p><strong>XIV \u0141emkowskie Jeruzalem \u2013 wystawa poplenerowa<br \/>\n<\/strong>Wystawa trwa od 8 do 31 sierpnia 2014 roku<br \/>\nGaleria Sztuki w Legnicy<\/p>\n","protected":false},"excerpt":{"rendered":"<p>Tegoroczna edycja \u0141emkowskiego Jeruzalem po\u015bwi\u0119cona jest Nikiforowi \u2013 a w\u0142a\u015bciwie Epifaniuszowi Drowniakowi \u2013 malarzowi prymitywi\u015bcie \u0142emkowskiego pochodzenia. Talent Nikifora przejawia\u0142 si\u0119 g\u0142\u00f3wnie w tw\u00f3rczo\u015bci na kawa\u0142kach tektury, ok\u0142adkach zeszyt\u00f3w, skrawkach papieru, na kt\u00f3rych uwiecznia\u0142 autoportrety, widoki krynickich willi i cerkwie \u2013 jego \u015bwi\u0119ty \u015bwiat. By\u0142 przy tym niezwykle p\u0142odnym tw\u00f3rc\u0105, stworzy\u0142 blisko 40 tysi\u0119cy dzie\u0142.<\/p>\n","protected":false},"author":87,"featured_media":50682,"comment_status":"open","ping_status":"closed","sticky":false,"template":"","format":"standard","meta":[],"categories":[5],"tags":[9089,4094,9080,5733,252,8173,7413,4635,9083,9085,9090,9082,9087,9084,9091,9081,9088,9086],"powerkit_post_featured":[],"yoast_head":"<!-- This site is optimized with the Yoast SEO plugin v18.7 - https:\/\/yoast.com\/wordpress\/plugins\/seo\/ -->\n<title>\u0141emkowskie Jeruzalem<\/title>\n<meta name=\"description\" content=\"Od 8 do 31 sierpnia w Galerii Sztuki w Legnicy b\u0119dzie mo\u017cna ogl\u0105da\u0107 wystaw\u0119 poplenerow\u0105 XIV \u0141emkowskie Jeruzalem.\" \/>\n<meta name=\"robots\" content=\"index, follow, max-snippet:-1, max-image-preview:large, max-video-preview:-1\" \/>\n<link rel=\"canonical\" href=\"https:\/\/ownetic.com\/wydarzenia\/2014\/08\/14-lemkowskie-jeruzalem-galeria-sztuki-legnica\/\" \/>\n<link rel=\"next\" href=\"https:\/\/ownetic.com\/wydarzenia\/2014\/08\/14-lemkowskie-jeruzalem-galeria-sztuki-legnica\/2\/\" \/>\n<meta name=\"twitter:card\" content=\"summary_large_image\" \/>\n<meta name=\"twitter:title\" content=\"\u0141emkowskie Jeruzalem\" \/>\n<meta name=\"twitter:description\" content=\"Od 8 do 31 sierpnia w Galerii Sztuki w Legnicy b\u0119dzie mo\u017cna ogl\u0105da\u0107 wystaw\u0119 poplenerow\u0105 XIV \u0141emkowskie Jeruzalem.\" \/>\n<meta name=\"twitter:image\" content=\"https:\/\/ownetic.com\/wydarzenia\/wp-content\/uploads\/2014\/08\/danylo-mowczan-2014-07-30-920x375.jpg\" \/>\n<meta name=\"twitter:label1\" content=\"Napisane przez\" \/>\n\t<meta name=\"twitter:data1\" content=\"Agata Pamula\" \/>\n\t<meta name=\"twitter:label2\" content=\"Szacowany czas czytania\" \/>\n\t<meta name=\"twitter:data2\" content=\"4 minuty\" \/>\n<script type=\"application\/ld+json\" class=\"yoast-schema-graph\">{\"@context\":\"https:\/\/schema.org\",\"@graph\":[{\"@type\":\"WebSite\",\"@id\":\"https:\/\/ownetic.com\/wydarzenia\/#website\",\"url\":\"https:\/\/ownetic.com\/wydarzenia\/\",\"name\":\"Wydarzenia O.pl\",\"description\":\"Przestrze\u0144 prezentacji najwa\u017cniejszych wydarze\u0144 z takich dziedzin, jak: sztuka, design, fotografia, film, muzyka, teatr, literatura, historia, taniec, architektura\",\"potentialAction\":[{\"@type\":\"SearchAction\",\"target\":{\"@type\":\"EntryPoint\",\"urlTemplate\":\"https:\/\/ownetic.com\/wydarzenia\/?s={search_term_string}\"},\"query-input\":\"required name=search_term_string\"}],\"inLanguage\":\"pl-PL\"},{\"@type\":\"ImageObject\",\"inLanguage\":\"pl-PL\",\"@id\":\"https:\/\/ownetic.com\/wydarzenia\/2014\/08\/14-lemkowskie-jeruzalem-galeria-sztuki-legnica\/#primaryimage\",\"url\":\"https:\/\/ownetic.com\/wydarzenia\/wp-content\/uploads\/2014\/08\/danylo-mowczan-2014-07-30-920x375.jpg\",\"contentUrl\":\"https:\/\/ownetic.com\/wydarzenia\/wp-content\/uploads\/2014\/08\/danylo-mowczan-2014-07-30-920x375.jpg\",\"caption\":\"Danylo Mowczan, \u201e\u0141emkowskie Jeruzalem\u201d (\u017ar\u00f3d\u0142o: materia\u0142y prasowe organizatora)\"},{\"@type\":\"WebPage\",\"@id\":\"https:\/\/ownetic.com\/wydarzenia\/2014\/08\/14-lemkowskie-jeruzalem-galeria-sztuki-legnica\/#webpage\",\"url\":\"https:\/\/ownetic.com\/wydarzenia\/2014\/08\/14-lemkowskie-jeruzalem-galeria-sztuki-legnica\/\",\"name\":\"\u0141emkowskie Jeruzalem\",\"isPartOf\":{\"@id\":\"https:\/\/ownetic.com\/wydarzenia\/#website\"},\"primaryImageOfPage\":{\"@id\":\"https:\/\/ownetic.com\/wydarzenia\/2014\/08\/14-lemkowskie-jeruzalem-galeria-sztuki-legnica\/#primaryimage\"},\"datePublished\":\"2014-08-18T17:00:50+00:00\",\"dateModified\":\"2014-09-04T10:45:31+00:00\",\"author\":{\"@id\":\"https:\/\/ownetic.com\/wydarzenia\/#\/schema\/person\/b6c25945f54778ea83608a3c9b3ed93d\"},\"description\":\"Od 8 do 31 sierpnia w Galerii Sztuki w Legnicy b\u0119dzie mo\u017cna ogl\u0105da\u0107 wystaw\u0119 poplenerow\u0105 XIV \u0141emkowskie Jeruzalem.\",\"breadcrumb\":{\"@id\":\"https:\/\/ownetic.com\/wydarzenia\/2014\/08\/14-lemkowskie-jeruzalem-galeria-sztuki-legnica\/#breadcrumb\"},\"inLanguage\":\"pl-PL\",\"potentialAction\":[{\"@type\":\"ReadAction\",\"target\":[\"https:\/\/ownetic.com\/wydarzenia\/2014\/08\/14-lemkowskie-jeruzalem-galeria-sztuki-legnica\/\"]}]},{\"@type\":\"BreadcrumbList\",\"@id\":\"https:\/\/ownetic.com\/wydarzenia\/2014\/08\/14-lemkowskie-jeruzalem-galeria-sztuki-legnica\/#breadcrumb\",\"itemListElement\":[{\"@type\":\"ListItem\",\"position\":1,\"name\":\"Strona g\u0142\u00f3wna\"}]},{\"@type\":\"Person\",\"@id\":\"https:\/\/ownetic.com\/wydarzenia\/#\/schema\/person\/b6c25945f54778ea83608a3c9b3ed93d\",\"name\":\"Agata Pamula\",\"url\":\"https:\/\/ownetic.com\/wydarzenia\/author\/agata-pamula\/\"}]}<\/script>\n<!-- \/ Yoast SEO plugin. -->","yoast_head_json":{"title":"\u0141emkowskie Jeruzalem","description":"Od 8 do 31 sierpnia w Galerii Sztuki w Legnicy b\u0119dzie mo\u017cna ogl\u0105da\u0107 wystaw\u0119 poplenerow\u0105 XIV \u0141emkowskie Jeruzalem.","robots":{"index":"index","follow":"follow","max-snippet":"max-snippet:-1","max-image-preview":"max-image-preview:large","max-video-preview":"max-video-preview:-1"},"canonical":"https:\/\/ownetic.com\/wydarzenia\/2014\/08\/14-lemkowskie-jeruzalem-galeria-sztuki-legnica\/","next":"https:\/\/ownetic.com\/wydarzenia\/2014\/08\/14-lemkowskie-jeruzalem-galeria-sztuki-legnica\/2\/","twitter_card":"summary_large_image","twitter_title":"\u0141emkowskie Jeruzalem","twitter_description":"Od 8 do 31 sierpnia w Galerii Sztuki w Legnicy b\u0119dzie mo\u017cna ogl\u0105da\u0107 wystaw\u0119 poplenerow\u0105 XIV \u0141emkowskie Jeruzalem.","twitter_image":"https:\/\/ownetic.com\/wydarzenia\/wp-content\/uploads\/2014\/08\/danylo-mowczan-2014-07-30-920x375.jpg","twitter_misc":{"Napisane przez":"Agata Pamula","Szacowany czas czytania":"4 minuty"},"schema":{"@context":"https:\/\/schema.org","@graph":[{"@type":"WebSite","@id":"https:\/\/ownetic.com\/wydarzenia\/#website","url":"https:\/\/ownetic.com\/wydarzenia\/","name":"Wydarzenia O.pl","description":"Przestrze\u0144 prezentacji najwa\u017cniejszych wydarze\u0144 z takich dziedzin, jak: sztuka, design, fotografia, film, muzyka, teatr, literatura, historia, taniec, architektura","potentialAction":[{"@type":"SearchAction","target":{"@type":"EntryPoint","urlTemplate":"https:\/\/ownetic.com\/wydarzenia\/?s={search_term_string}"},"query-input":"required name=search_term_string"}],"inLanguage":"pl-PL"},{"@type":"ImageObject","inLanguage":"pl-PL","@id":"https:\/\/ownetic.com\/wydarzenia\/2014\/08\/14-lemkowskie-jeruzalem-galeria-sztuki-legnica\/#primaryimage","url":"https:\/\/ownetic.com\/wydarzenia\/wp-content\/uploads\/2014\/08\/danylo-mowczan-2014-07-30-920x375.jpg","contentUrl":"https:\/\/ownetic.com\/wydarzenia\/wp-content\/uploads\/2014\/08\/danylo-mowczan-2014-07-30-920x375.jpg","caption":"Danylo Mowczan, \u201e\u0141emkowskie Jeruzalem\u201d (\u017ar\u00f3d\u0142o: materia\u0142y prasowe organizatora)"},{"@type":"WebPage","@id":"https:\/\/ownetic.com\/wydarzenia\/2014\/08\/14-lemkowskie-jeruzalem-galeria-sztuki-legnica\/#webpage","url":"https:\/\/ownetic.com\/wydarzenia\/2014\/08\/14-lemkowskie-jeruzalem-galeria-sztuki-legnica\/","name":"\u0141emkowskie Jeruzalem","isPartOf":{"@id":"https:\/\/ownetic.com\/wydarzenia\/#website"},"primaryImageOfPage":{"@id":"https:\/\/ownetic.com\/wydarzenia\/2014\/08\/14-lemkowskie-jeruzalem-galeria-sztuki-legnica\/#primaryimage"},"datePublished":"2014-08-18T17:00:50+00:00","dateModified":"2014-09-04T10:45:31+00:00","author":{"@id":"https:\/\/ownetic.com\/wydarzenia\/#\/schema\/person\/b6c25945f54778ea83608a3c9b3ed93d"},"description":"Od 8 do 31 sierpnia w Galerii Sztuki w Legnicy b\u0119dzie mo\u017cna ogl\u0105da\u0107 wystaw\u0119 poplenerow\u0105 XIV \u0141emkowskie Jeruzalem.","breadcrumb":{"@id":"https:\/\/ownetic.com\/wydarzenia\/2014\/08\/14-lemkowskie-jeruzalem-galeria-sztuki-legnica\/#breadcrumb"},"inLanguage":"pl-PL","potentialAction":[{"@type":"ReadAction","target":["https:\/\/ownetic.com\/wydarzenia\/2014\/08\/14-lemkowskie-jeruzalem-galeria-sztuki-legnica\/"]}]},{"@type":"BreadcrumbList","@id":"https:\/\/ownetic.com\/wydarzenia\/2014\/08\/14-lemkowskie-jeruzalem-galeria-sztuki-legnica\/#breadcrumb","itemListElement":[{"@type":"ListItem","position":1,"name":"Strona g\u0142\u00f3wna"}]},{"@type":"Person","@id":"https:\/\/ownetic.com\/wydarzenia\/#\/schema\/person\/b6c25945f54778ea83608a3c9b3ed93d","name":"Agata Pamula","url":"https:\/\/ownetic.com\/wydarzenia\/author\/agata-pamula\/"}]}},"_links":{"self":[{"href":"https:\/\/ownetic.com\/wydarzenia\/wp-json\/wp\/v2\/posts\/50681"}],"collection":[{"href":"https:\/\/ownetic.com\/wydarzenia\/wp-json\/wp\/v2\/posts"}],"about":[{"href":"https:\/\/ownetic.com\/wydarzenia\/wp-json\/wp\/v2\/types\/post"}],"author":[{"embeddable":true,"href":"https:\/\/ownetic.com\/wydarzenia\/wp-json\/wp\/v2\/users\/87"}],"replies":[{"embeddable":true,"href":"https:\/\/ownetic.com\/wydarzenia\/wp-json\/wp\/v2\/comments?post=50681"}],"version-history":[{"count":0,"href":"https:\/\/ownetic.com\/wydarzenia\/wp-json\/wp\/v2\/posts\/50681\/revisions"}],"wp:featuredmedia":[{"embeddable":true,"href":"https:\/\/ownetic.com\/wydarzenia\/wp-json\/wp\/v2\/media\/50682"}],"wp:attachment":[{"href":"https:\/\/ownetic.com\/wydarzenia\/wp-json\/wp\/v2\/media?parent=50681"}],"wp:term":[{"taxonomy":"category","embeddable":true,"href":"https:\/\/ownetic.com\/wydarzenia\/wp-json\/wp\/v2\/categories?post=50681"},{"taxonomy":"post_tag","embeddable":true,"href":"https:\/\/ownetic.com\/wydarzenia\/wp-json\/wp\/v2\/tags?post=50681"},{"taxonomy":"powerkit_post_featured","embeddable":true,"href":"https:\/\/ownetic.com\/wydarzenia\/wp-json\/wp\/v2\/powerkit_post_featured?post=50681"}],"curies":[{"name":"wp","href":"https:\/\/api.w.org\/{rel}","templated":true}]}}