{"id":50839,"date":"2014-08-26T00:00:20","date_gmt":"2014-08-25T23:00:20","guid":{"rendered":"https:\/\/ownetic.com\/wydarzenia\/?p=50839"},"modified":"2014-10-03T12:43:51","modified_gmt":"2014-10-03T11:43:51","slug":"przepis-na-krakow-jerzego-dobrzyckiego-muzeum-historyczne-miasta-krakowa","status":"publish","type":"post","link":"https:\/\/ownetic.com\/wydarzenia\/2014\/08\/przepis-na-krakow-jerzego-dobrzyckiego-muzeum-historyczne-miasta-krakowa\/","title":{"rendered":"Przepis na Krak\u00f3w Jerzego Dobrzyckiego"},"content":{"rendered":"<p>W naszym \u017cyciu stosujemy przer\u00f3\u017cne przepisy, niekt\u00f3re z nich sami wymy\u015blamy. Muzeum Historyczne Miasta Krakowa pragnie przedstawi\u0107 bardzo oryginalny przepis \u2013 przepis na Krak\u00f3w. Napisa\u0142 go przed laty wieloletni dyrektor MHK \u2013 historyk sztuki Jerzy Dobrzycki (1900\u20131972).<\/p>\n<figure id=\"attachment_50840\" aria-describedby=\"caption-attachment-50840\" style=\"width: 576px\" class=\"wp-caption alignnone\"><a href=\"\/wp-content\/uploads\/2014\/08\/dni-krakowa-1937-wesole-miasteczko-park-jordana-fot-agencja-swiatowid-muzeum-historyczne-miasta-krakowa-2014-08-26.jpg\"><img loading=\"lazy\" class=\"size-medium wp-image-50840\" title=\"Dni Krakowa \u2013 \u201eweso\u0142e miasteczko\u201d w parku Jordana. Fot. Agencja Fotograficzna \u201e\u015awiatowid\u201d, 1937, ze zbior\u00f3w Muzeum Historycznego Miasta Krakowa (\u017ar\u00f3d\u0142o: materia\u0142y prasowe)\" src=\"https:\/\/ownetic.com\/wydarzenia\/wp-content\/uploads\/2014\/08\/dni-krakowa-1937-wesole-miasteczko-park-jordana-fot-agencja-swiatowid-muzeum-historyczne-miasta-krakowa-2014-08-26-576x400.jpg\" alt=\"Dni Krakowa \u2013 \u201eweso\u0142e miasteczko\u201d w parku Jordana. Fot. Agencja Fotograficzna \u201e\u015awiatowid\u201d, 1937, ze zbior\u00f3w Muzeum Historycznego Miasta Krakowa (\u017ar\u00f3d\u0142o: materia\u0142y prasowe)\" width=\"576\" height=\"400\" \/><\/a><figcaption id=\"caption-attachment-50840\" class=\"wp-caption-text\">Dni Krakowa \u2013 \u201eweso\u0142e miasteczko\u201d w parku Jordana. Fot. Agencja Fotograficzna \u201e\u015awiatowid\u201d, 1937, ze zbior\u00f3w Muzeum Historycznego Miasta Krakowa (\u017ar\u00f3d\u0142o: materia\u0142y prasowe)<\/figcaption><\/figure>\n<p>Jerzy Dobrzycki znany jest jako inicjator konkursu na najpi\u0119kniejsze szopki krakowskie i opiekun pochodu Lajkonika. Niekt\u00f3rzy pami\u0119taj\u0105 by\u0107 mo\u017ce jego wyst\u0105pienia w audycjach radiowych dotycz\u0105cych historii i obyczaj\u00f3w miasta. Wymienione aspekty dzia\u0142alno\u015bci Jerzego Dobrzyckiego nie wyczerpuj\u0105 jednak szerokiego spectrum dzia\u0142a\u0144 podejmowanych przez niego w celu urzeczywistnienia wizji Krakowa, jak\u0105 posiada\u0142.<\/p>\n<p>Ide\u0105 przy\u015bwiecaj\u0105c\u0105 Dobrzyckiemu by\u0142o pokazanie dziedzictwa i bogatej tradycji Krakowa w spos\u00f3b nowoczesny i przyst\u0119pny. Jego Krak\u00f3w by\u0142 miastem, kt\u00f3re na polu kultury i sztuki nie mog\u0142o mie\u0107 sobie r\u00f3wnych w ca\u0142ej Polsce. Przepis na tak widziany Krak\u00f3w mia\u0142 dwa zasadnicze sk\u0142adniki. Przed II wojn\u0105 \u015bwiatow\u0105 by\u0142a to dzia\u0142alno\u015b\u0107 Dobrzyckiego w Miejskim Biurze Propagandy w Krakowie i opracowanie programu Festiwalu Sztuki Dni Krakowa. Po wojnie g\u0142\u00f3wnym sk\u0142adnikiem przepisu\u00a0sta\u0142a si\u0119 praca Dobrzyckiego przy budowaniu fundament\u00f3w Muzeum Historycznego Miasta Krakowa.<\/p>\n<div id='gallery-1' class='gallery galleryid-50839 gallery-columns-6 gallery-size-thumbnail'><figure class='gallery-item'>\n\t\t\t<div class='gallery-icon '>\n\t\t\t\t<a href='https:\/\/ownetic.com\/wydarzenia\/2014\/08\/przepis-na-krakow-jerzego-dobrzyckiego-muzeum-historyczne-miasta-krakowa\/jerzy-dobrzycki-pocztowka-muzeum-historyczne-miasta-krakowa-2014-08-26\/'><img width=\"1\" height=\"1\" src=\"https:\/\/ownetic.com\/wydarzenia\/wp-content\/uploads\/2014\/08\/jerzy-dobrzycki-pocztowka-muzeum-historyczne-miasta-krakowa-2014-08-26.jpg\" class=\"attachment-thumbnail size-thumbnail\" alt=\"Jerzy Dobrzycki \u2013 poczt\u00f3wka (\u017ar\u00f3d\u0142o: materia\u0142y prasowe)\" loading=\"lazy\" aria-describedby=\"gallery-1-50845\" \/><\/a>\n\t\t\t<\/div>\n\t\t\t\t<figcaption class='wp-caption-text gallery-caption' id='gallery-1-50845'>\n\t\t\t\tJerzy Dobrzycki \u2013 poczt\u00f3wka (\u017ar\u00f3d\u0142o: materia\u0142y prasowe)\n\t\t\t\t<\/figcaption><\/figure><figure class='gallery-item'>\n\t\t\t<div class='gallery-icon '>\n\t\t\t\t<a href='https:\/\/ownetic.com\/wydarzenia\/2014\/08\/przepis-na-krakow-jerzego-dobrzyckiego-muzeum-historyczne-miasta-krakowa\/datownik-poczta-balonowa-muzeum-historyczne-miasta-krakowa-2014-08-26\/'><img width=\"1\" height=\"1\" src=\"https:\/\/ownetic.com\/wydarzenia\/wp-content\/uploads\/2014\/08\/datownik-poczta-balonowa-muzeum-historyczne-miasta-krakowa-2014-08-26.jpg\" class=\"attachment-thumbnail size-thumbnail\" alt=\"Poczta Balonowa MHK \u2013 datownik (\u017ar\u00f3d\u0142o: materia\u0142y prasowe)\" loading=\"lazy\" aria-describedby=\"gallery-1-50844\" \/><\/a>\n\t\t\t<\/div>\n\t\t\t\t<figcaption class='wp-caption-text gallery-caption' id='gallery-1-50844'>\n\t\t\t\tPoczta Balonowa MHK \u2013 datownik (\u017ar\u00f3d\u0142o: materia\u0142y prasowe)\n\t\t\t\t<\/figcaption><\/figure><figure class='gallery-item'>\n\t\t\t<div class='gallery-icon '>\n\t\t\t\t<a href='https:\/\/ownetic.com\/wydarzenia\/2014\/08\/przepis-na-krakow-jerzego-dobrzyckiego-muzeum-historyczne-miasta-krakowa\/attachment\/50843\/'><img width=\"1\" height=\"1\" src=\"https:\/\/ownetic.com\/wydarzenia\/wp-content\/uploads\/2014\/08\/przepis-na-krakow-jerzego-dobrzyckiego-muzeum-historyczne-miasta-krakowa-2014-08-26.jpg\" class=\"attachment-thumbnail size-thumbnail\" alt=\"\u201ePrzepis na Krak\u00f3w Jerzego Dobrzyckiego\u201d \u2013 plakat (\u017ar\u00f3d\u0142o: materia\u0142y prasowe)\" loading=\"lazy\" aria-describedby=\"gallery-1-50843\" \/><\/a>\n\t\t\t<\/div>\n\t\t\t\t<figcaption class='wp-caption-text gallery-caption' id='gallery-1-50843'>\n\t\t\t\t\u201ePrzepis na Krak\u00f3w Jerzego Dobrzyckiego\u201d \u2013 plakat (\u017ar\u00f3d\u0142o: materia\u0142y prasowe)\n\t\t\t\t<\/figcaption><\/figure><figure class='gallery-item'>\n\t\t\t<div class='gallery-icon '>\n\t\t\t\t<a href='https:\/\/ownetic.com\/wydarzenia\/2014\/08\/przepis-na-krakow-jerzego-dobrzyckiego-muzeum-historyczne-miasta-krakowa\/wianki-nad-wisla-pod-wawelem-fot-stanislaw-mucha-lata-30-muzeum-historyczne-miasta-krakowa-2014-08-26\/'><img width=\"1\" height=\"1\" src=\"https:\/\/ownetic.com\/wydarzenia\/wp-content\/uploads\/2014\/08\/wianki-nad-wisla-pod-wawelem-fot-stanislaw-mucha-lata-30-muzeum-historyczne-miasta-krakowa-2014-08-26.jpg\" class=\"attachment-thumbnail size-thumbnail\" alt=\"Wianki nad Wis\u0142\u0105 pod Wawelem. Fot. Stanis\u0142aw Mucha, lata 30. XX w., ze zbior\u00f3w Muzeum Historycznego Miasta Krakowa (\u017ar\u00f3d\u0142o: materia\u0142y prasowe)\" loading=\"lazy\" aria-describedby=\"gallery-1-50842\" \/><\/a>\n\t\t\t<\/div>\n\t\t\t\t<figcaption class='wp-caption-text gallery-caption' id='gallery-1-50842'>\n\t\t\t\tWianki nad Wis\u0142\u0105 pod Wawelem. Fot. Stanis\u0142aw Mucha, lata 30. XX w., ze zbior\u00f3w Muzeum Historycznego Miasta Krakowa (\u017ar\u00f3d\u0142o: materia\u0142y prasowe)\n\t\t\t\t<\/figcaption><\/figure><figure class='gallery-item'>\n\t\t\t<div class='gallery-icon '>\n\t\t\t\t<a href='https:\/\/ownetic.com\/wydarzenia\/2014\/08\/przepis-na-krakow-jerzego-dobrzyckiego-muzeum-historyczne-miasta-krakowa\/studenci-asp-palac-prasy-1937-fot-agencja-swiatowid-muzeum-historyczne-miasta-krakowa-2014-08-26\/'><img width=\"1\" height=\"1\" src=\"https:\/\/ownetic.com\/wydarzenia\/wp-content\/uploads\/2014\/08\/studenci-asp-palac-prasy-1937-fot-agencja-swiatowid-muzeum-historyczne-miasta-krakowa-2014-08-26.jpg\" class=\"attachment-thumbnail size-thumbnail\" alt=\"Grupa student\u00f3w Akademii Sztuk Pi\u0119knych oraz kuk\u0142y bior\u0105ce udzia\u0142 w pochodzie masek. Pierwszy z prawej Tadeusz Kantor (z kapeluszem w r\u0119ku). W tle fragment Pa\u0142acu Prasy. Fot. Agencja Fotograficzna \u201e\u015awiatowid\u201d, 1937, ze zbior\u00f3w Muzeum Historycznego Miasta Krakowa (\u017ar\u00f3d\u0142o: materia\u0142y prasowe)\" loading=\"lazy\" aria-describedby=\"gallery-1-50841\" \/><\/a>\n\t\t\t<\/div>\n\t\t\t\t<figcaption class='wp-caption-text gallery-caption' id='gallery-1-50841'>\n\t\t\t\tGrupa student\u00f3w Akademii Sztuk Pi\u0119knych oraz kuk\u0142y bior\u0105ce udzia\u0142 w pochodzie masek. Pierwszy z prawej Tadeusz Kantor (z kapeluszem w r\u0119ku). W tle fragment Pa\u0142acu Prasy. Fot. Agencja Fotograficzna \u201e\u015awiatowid\u201d, 1937, ze zbior\u00f3w Muzeum Historycznego Miasta Krakowa (\u017ar\u00f3d\u0142o: materia\u0142y prasowe)\n\t\t\t\t<\/figcaption><\/figure><figure class='gallery-item'>\n\t\t\t<div class='gallery-icon '>\n\t\t\t\t<a href='https:\/\/ownetic.com\/wydarzenia\/2014\/08\/przepis-na-krakow-jerzego-dobrzyckiego-muzeum-historyczne-miasta-krakowa\/dni-krakowa-1937-wesole-miasteczko-park-jordana-fot-agencja-swiatowid-muzeum-historyczne-miasta-krakowa-2014-08-26\/'><img width=\"1\" height=\"1\" src=\"https:\/\/ownetic.com\/wydarzenia\/wp-content\/uploads\/2014\/08\/dni-krakowa-1937-wesole-miasteczko-park-jordana-fot-agencja-swiatowid-muzeum-historyczne-miasta-krakowa-2014-08-26.jpg\" class=\"attachment-thumbnail size-thumbnail\" alt=\"Dni Krakowa \u2013 \u201eweso\u0142e miasteczko\u201d w parku Jordana. Fot. Agencja Fotograficzna \u201e\u015awiatowid\u201d, 1937, ze zbior\u00f3w Muzeum Historycznego Miasta Krakowa (\u017ar\u00f3d\u0142o: materia\u0142y prasowe)\" loading=\"lazy\" aria-describedby=\"gallery-1-50840\" \/><\/a>\n\t\t\t<\/div>\n\t\t\t\t<figcaption class='wp-caption-text gallery-caption' id='gallery-1-50840'>\n\t\t\t\tDni Krakowa \u2013 \u201eweso\u0142e miasteczko\u201d w parku Jordana. Fot. Agencja Fotograficzna \u201e\u015awiatowid\u201d, 1937, ze zbior\u00f3w Muzeum Historycznego Miasta Krakowa (\u017ar\u00f3d\u0142o: materia\u0142y prasowe)\n\t\t\t\t<\/figcaption><\/figure>\n\t\t<\/div>\n\n<p>Organizatorzy zapraszaj\u0105 w podr\u00f3\u017c, w czasie kt\u00f3rej przewodnikiem b\u0119dzie sam Jerzy Dobrzycki. Gwarantuj\u0105 klimat od\u015bwi\u0119tnego Krakowa lat 30. XX wieku, zapoznanie si\u0119 z histori\u0105 konkursu na najpi\u0119kniejsze szopki krakowskie oraz pocz\u0105tkami Muzeum. Czeka prawdziwy rarytas i to ju\u017c we wrze\u015bniu \u2013 unikatowa szopka, kt\u00f3ra zdoby\u0142a II nagrod\u0119 podczas pierwszego konkursu na najpi\u0119kniejsze szopki krakowskie w roku 1937.<\/p>\n<p>Wystawa\u00a0<em>Przepis na Krak\u00f3w Jerzego Dobrzyckiego<\/em>\u00a0opowiada\u0107 b\u0119dzie tak\u017ce o przedwojennym \u015bwi\u0119cie miasta, jakim by\u0142y Dni Krakowa.\u00a0Osobliwo\u015bci\u0105 pierwszych Dni Krakowa w roku 1936 by\u0142a poczta balonowa. Dwa razy w tygodniu mo\u017cna by\u0142o nada\u0107 balonem\u00a0<em>Krak\u00f3w<\/em>\u00a0listy i kartki pocztowe, ostemplowane specjalnym datownikiem urz\u0119du pocztowego nr 2 w Krakowie i stemplem z napisem\u00a0<em>Balon Krak\u00f3w<\/em>.<\/p>\n<figure id=\"attachment_50842\" aria-describedby=\"caption-attachment-50842\" style=\"width: 576px\" class=\"wp-caption alignnone\"><a href=\"\/wp-content\/uploads\/2014\/08\/wianki-nad-wisla-pod-wawelem-fot-stanislaw-mucha-lata-30-muzeum-historyczne-miasta-krakowa-2014-08-26.jpg\"><img loading=\"lazy\" class=\"size-medium wp-image-50842\" title=\"Wianki nad Wis\u0142\u0105 pod Wawelem. Fot. Stanis\u0142aw Mucha, lata 30. XX w., ze zbior\u00f3w Muzeum Historycznego Miasta Krakowa (\u017ar\u00f3d\u0142o: materia\u0142y prasowe)\" src=\"https:\/\/ownetic.com\/wydarzenia\/wp-content\/uploads\/2014\/08\/wianki-nad-wisla-pod-wawelem-fot-stanislaw-mucha-lata-30-muzeum-historyczne-miasta-krakowa-2014-08-26-576x422.jpg\" alt=\"Wianki nad Wis\u0142\u0105 pod Wawelem. Fot. Stanis\u0142aw Mucha, lata 30. XX w., ze zbior\u00f3w Muzeum Historycznego Miasta Krakowa (\u017ar\u00f3d\u0142o: materia\u0142y prasowe)\" width=\"576\" height=\"422\" \/><\/a><figcaption id=\"caption-attachment-50842\" class=\"wp-caption-text\">Wianki nad Wis\u0142\u0105 pod Wawelem. Fot. Stanis\u0142aw Mucha, lata 30. XX w., ze zbior\u00f3w Muzeum Historycznego Miasta Krakowa (\u017ar\u00f3d\u0142o: materia\u0142y prasowe)<\/figcaption><\/figure>\n<p>Z okazji wystawy we wsp\u00f3\u0142pracy z Poczt\u0105 Polsk\u0105 (Biurem Marketingu i Filatelistyki, Regionalnym Koordynatorem ds. filatelistyki, Region Sieci w Krakowie) Muzeum Historyczne Miasta Krakowa organizuje Poczt\u0119 Balonow\u0105 MHK.<\/p>\n<p>Start balonu z Ma\u0142ego Rynku nast\u0105pi 4 wrze\u015bnia oko\u0142o godziny 18.00 (przelot balonu zale\u017cny b\u0119dzie od warunk\u00f3w atmosferycznych). Z okazji\u00a0<em>Poczty Balonowej MHK<\/em>\u00a0Poczta Polska przygotowa\u0142a kartk\u0119 pocztow\u0105, a we wsp\u00f3\u0142pracy z MHK datownik okoliczno\u015bciowy, datownik informacyjny oraz nalepk\u0119.\u00a0Okoliczno\u015bciow\u0105 kartk\u0119 pocztow\u0105 mo\u017cna zakupi\u0107 od dnia 20 sierpnia. Podczas wernisa\u017cu wystawy rozdawane b\u0119d\u0105 muzealne kartki pocztowe, kt\u00f3re tak\u017ce b\u0119dzie mo\u017cna wys\u0142a\u0107 poczt\u0105 balonow\u0105.<\/p>\n<p><em>Przepis na Krak\u00f3w Jerzego Dobrzyckiego<\/em><br \/>\nWernisa\u017c: 4 wrze\u015bnia, godz. 17.00<br \/>\nCzas trwania wystawy: od 5 wrze\u015bnia 2014 roku do 8 lutego 2015 roku<br \/>\nKamienica Hipolit\u00f3w w Krakowie<\/p>\n","protected":false},"excerpt":{"rendered":"<p>W naszym \u017cyciu stosujemy przer\u00f3\u017cne przepisy, niekt\u00f3re z nich sami wymy\u015blamy. Muzeum Historyczne Miasta Krakowa pragnie przedstawi\u0107 bardzo oryginalny przepis \u2013 przepis na Krak\u00f3w. Napisa\u0142 go przed laty wieloletni dyrektor MHK \u2013 historyk sztuki Jerzy Dobrzycki (1900\u20131972).<\/p>\n","protected":false},"author":80,"featured_media":50840,"comment_status":"open","ping_status":"closed","sticky":false,"template":"","format":"standard","meta":[],"categories":[21],"tags":[9120,4807,35,4712],"powerkit_post_featured":[],"yoast_head":"<!-- This site is optimized with the Yoast SEO plugin v18.7 - https:\/\/yoast.com\/wordpress\/plugins\/seo\/ -->\n<title>Przepis na Krak\u00f3w Jerzego Dobrzyckiego<\/title>\n<meta name=\"description\" content=\"Od 5 wrze\u015bnia 2014 roku do 8 lutego 2015 roku w Kamienicy Hipolit\u00f3w w Krakowie b\u0119dzie prezentowana wystawa Przepis na Krak\u00f3w Jerzego Dobrzyckiego.\" \/>\n<meta name=\"robots\" content=\"index, follow, max-snippet:-1, max-image-preview:large, max-video-preview:-1\" \/>\n<link rel=\"canonical\" href=\"https:\/\/ownetic.com\/wydarzenia\/2014\/08\/przepis-na-krakow-jerzego-dobrzyckiego-muzeum-historyczne-miasta-krakowa\/\" \/>\n<meta name=\"twitter:card\" content=\"summary_large_image\" \/>\n<meta name=\"twitter:title\" content=\"Przepis na Krak\u00f3w Jerzego Dobrzyckiego\" \/>\n<meta name=\"twitter:description\" content=\"Od 5 wrze\u015bnia 2014 roku do 8 lutego 2015 roku w Kamienicy Hipolit\u00f3w w Krakowie b\u0119dzie prezentowana wystawa Przepis na Krak\u00f3w Jerzego Dobrzyckiego.\" \/>\n<meta name=\"twitter:image\" content=\"https:\/\/ownetic.com\/wydarzenia\/wp-content\/uploads\/2014\/08\/dni-krakowa-1937-wesole-miasteczko-park-jordana-fot-agencja-swiatowid-muzeum-historyczne-miasta-krakowa-2014-08-26.jpg\" \/>\n<meta name=\"twitter:label1\" content=\"Napisane przez\" \/>\n\t<meta name=\"twitter:data1\" content=\"ewa-nowicka\" \/>\n\t<meta name=\"twitter:label2\" content=\"Szacowany czas czytania\" \/>\n\t<meta name=\"twitter:data2\" content=\"3 minuty\" \/>\n<script type=\"application\/ld+json\" class=\"yoast-schema-graph\">{\"@context\":\"https:\/\/schema.org\",\"@graph\":[{\"@type\":\"WebSite\",\"@id\":\"https:\/\/ownetic.com\/wydarzenia\/#website\",\"url\":\"https:\/\/ownetic.com\/wydarzenia\/\",\"name\":\"Wydarzenia O.pl\",\"description\":\"Przestrze\u0144 prezentacji najwa\u017cniejszych wydarze\u0144 z takich dziedzin, jak: sztuka, design, fotografia, film, muzyka, teatr, literatura, historia, taniec, architektura\",\"potentialAction\":[{\"@type\":\"SearchAction\",\"target\":{\"@type\":\"EntryPoint\",\"urlTemplate\":\"https:\/\/ownetic.com\/wydarzenia\/?s={search_term_string}\"},\"query-input\":\"required name=search_term_string\"}],\"inLanguage\":\"pl-PL\"},{\"@type\":\"ImageObject\",\"inLanguage\":\"pl-PL\",\"@id\":\"https:\/\/ownetic.com\/wydarzenia\/2014\/08\/przepis-na-krakow-jerzego-dobrzyckiego-muzeum-historyczne-miasta-krakowa\/#primaryimage\",\"url\":\"https:\/\/ownetic.com\/wydarzenia\/wp-content\/uploads\/2014\/08\/dni-krakowa-1937-wesole-miasteczko-park-jordana-fot-agencja-swiatowid-muzeum-historyczne-miasta-krakowa-2014-08-26.jpg\",\"contentUrl\":\"https:\/\/ownetic.com\/wydarzenia\/wp-content\/uploads\/2014\/08\/dni-krakowa-1937-wesole-miasteczko-park-jordana-fot-agencja-swiatowid-muzeum-historyczne-miasta-krakowa-2014-08-26.jpg\",\"caption\":\"Dni Krakowa \u2013 \u201eweso\u0142e miasteczko\u201d w parku Jordana. Fot. Agencja Fotograficzna \u201e\u015awiatowid\u201d, 1937, ze zbior\u00f3w Muzeum Historycznego Miasta Krakowa (\u017ar\u00f3d\u0142o: materia\u0142y prasowe)\"},{\"@type\":\"WebPage\",\"@id\":\"https:\/\/ownetic.com\/wydarzenia\/2014\/08\/przepis-na-krakow-jerzego-dobrzyckiego-muzeum-historyczne-miasta-krakowa\/#webpage\",\"url\":\"https:\/\/ownetic.com\/wydarzenia\/2014\/08\/przepis-na-krakow-jerzego-dobrzyckiego-muzeum-historyczne-miasta-krakowa\/\",\"name\":\"Przepis na Krak\u00f3w Jerzego Dobrzyckiego\",\"isPartOf\":{\"@id\":\"https:\/\/ownetic.com\/wydarzenia\/#website\"},\"primaryImageOfPage\":{\"@id\":\"https:\/\/ownetic.com\/wydarzenia\/2014\/08\/przepis-na-krakow-jerzego-dobrzyckiego-muzeum-historyczne-miasta-krakowa\/#primaryimage\"},\"datePublished\":\"2014-08-25T23:00:20+00:00\",\"dateModified\":\"2014-10-03T11:43:51+00:00\",\"author\":{\"@id\":\"https:\/\/ownetic.com\/wydarzenia\/#\/schema\/person\/387f348b5e3a0e229c7908b995fa4080\"},\"description\":\"Od 5 wrze\u015bnia 2014 roku do 8 lutego 2015 roku w Kamienicy Hipolit\u00f3w w Krakowie b\u0119dzie prezentowana wystawa Przepis na Krak\u00f3w Jerzego Dobrzyckiego.\",\"breadcrumb\":{\"@id\":\"https:\/\/ownetic.com\/wydarzenia\/2014\/08\/przepis-na-krakow-jerzego-dobrzyckiego-muzeum-historyczne-miasta-krakowa\/#breadcrumb\"},\"inLanguage\":\"pl-PL\",\"potentialAction\":[{\"@type\":\"ReadAction\",\"target\":[\"https:\/\/ownetic.com\/wydarzenia\/2014\/08\/przepis-na-krakow-jerzego-dobrzyckiego-muzeum-historyczne-miasta-krakowa\/\"]}]},{\"@type\":\"BreadcrumbList\",\"@id\":\"https:\/\/ownetic.com\/wydarzenia\/2014\/08\/przepis-na-krakow-jerzego-dobrzyckiego-muzeum-historyczne-miasta-krakowa\/#breadcrumb\",\"itemListElement\":[{\"@type\":\"ListItem\",\"position\":1,\"name\":\"Strona g\u0142\u00f3wna\",\"item\":\"https:\/\/ownetic.com\/wydarzenia\/\"},{\"@type\":\"ListItem\",\"position\":2,\"name\":\"Przepis na Krak\u00f3w Jerzego Dobrzyckiego\"}]},{\"@type\":\"Person\",\"@id\":\"https:\/\/ownetic.com\/wydarzenia\/#\/schema\/person\/387f348b5e3a0e229c7908b995fa4080\",\"name\":\"ewa-nowicka\",\"url\":\"https:\/\/ownetic.com\/wydarzenia\/author\/ewa-nowicka\/\"}]}<\/script>\n<!-- \/ Yoast SEO plugin. -->","yoast_head_json":{"title":"Przepis na Krak\u00f3w Jerzego Dobrzyckiego","description":"Od 5 wrze\u015bnia 2014 roku do 8 lutego 2015 roku w Kamienicy Hipolit\u00f3w w Krakowie b\u0119dzie prezentowana wystawa Przepis na Krak\u00f3w Jerzego Dobrzyckiego.","robots":{"index":"index","follow":"follow","max-snippet":"max-snippet:-1","max-image-preview":"max-image-preview:large","max-video-preview":"max-video-preview:-1"},"canonical":"https:\/\/ownetic.com\/wydarzenia\/2014\/08\/przepis-na-krakow-jerzego-dobrzyckiego-muzeum-historyczne-miasta-krakowa\/","twitter_card":"summary_large_image","twitter_title":"Przepis na Krak\u00f3w Jerzego Dobrzyckiego","twitter_description":"Od 5 wrze\u015bnia 2014 roku do 8 lutego 2015 roku w Kamienicy Hipolit\u00f3w w Krakowie b\u0119dzie prezentowana wystawa Przepis na Krak\u00f3w Jerzego Dobrzyckiego.","twitter_image":"https:\/\/ownetic.com\/wydarzenia\/wp-content\/uploads\/2014\/08\/dni-krakowa-1937-wesole-miasteczko-park-jordana-fot-agencja-swiatowid-muzeum-historyczne-miasta-krakowa-2014-08-26.jpg","twitter_misc":{"Napisane przez":"ewa-nowicka","Szacowany czas czytania":"3 minuty"},"schema":{"@context":"https:\/\/schema.org","@graph":[{"@type":"WebSite","@id":"https:\/\/ownetic.com\/wydarzenia\/#website","url":"https:\/\/ownetic.com\/wydarzenia\/","name":"Wydarzenia O.pl","description":"Przestrze\u0144 prezentacji najwa\u017cniejszych wydarze\u0144 z takich dziedzin, jak: sztuka, design, fotografia, film, muzyka, teatr, literatura, historia, taniec, architektura","potentialAction":[{"@type":"SearchAction","target":{"@type":"EntryPoint","urlTemplate":"https:\/\/ownetic.com\/wydarzenia\/?s={search_term_string}"},"query-input":"required name=search_term_string"}],"inLanguage":"pl-PL"},{"@type":"ImageObject","inLanguage":"pl-PL","@id":"https:\/\/ownetic.com\/wydarzenia\/2014\/08\/przepis-na-krakow-jerzego-dobrzyckiego-muzeum-historyczne-miasta-krakowa\/#primaryimage","url":"https:\/\/ownetic.com\/wydarzenia\/wp-content\/uploads\/2014\/08\/dni-krakowa-1937-wesole-miasteczko-park-jordana-fot-agencja-swiatowid-muzeum-historyczne-miasta-krakowa-2014-08-26.jpg","contentUrl":"https:\/\/ownetic.com\/wydarzenia\/wp-content\/uploads\/2014\/08\/dni-krakowa-1937-wesole-miasteczko-park-jordana-fot-agencja-swiatowid-muzeum-historyczne-miasta-krakowa-2014-08-26.jpg","caption":"Dni Krakowa \u2013 \u201eweso\u0142e miasteczko\u201d w parku Jordana. Fot. Agencja Fotograficzna \u201e\u015awiatowid\u201d, 1937, ze zbior\u00f3w Muzeum Historycznego Miasta Krakowa (\u017ar\u00f3d\u0142o: materia\u0142y prasowe)"},{"@type":"WebPage","@id":"https:\/\/ownetic.com\/wydarzenia\/2014\/08\/przepis-na-krakow-jerzego-dobrzyckiego-muzeum-historyczne-miasta-krakowa\/#webpage","url":"https:\/\/ownetic.com\/wydarzenia\/2014\/08\/przepis-na-krakow-jerzego-dobrzyckiego-muzeum-historyczne-miasta-krakowa\/","name":"Przepis na Krak\u00f3w Jerzego Dobrzyckiego","isPartOf":{"@id":"https:\/\/ownetic.com\/wydarzenia\/#website"},"primaryImageOfPage":{"@id":"https:\/\/ownetic.com\/wydarzenia\/2014\/08\/przepis-na-krakow-jerzego-dobrzyckiego-muzeum-historyczne-miasta-krakowa\/#primaryimage"},"datePublished":"2014-08-25T23:00:20+00:00","dateModified":"2014-10-03T11:43:51+00:00","author":{"@id":"https:\/\/ownetic.com\/wydarzenia\/#\/schema\/person\/387f348b5e3a0e229c7908b995fa4080"},"description":"Od 5 wrze\u015bnia 2014 roku do 8 lutego 2015 roku w Kamienicy Hipolit\u00f3w w Krakowie b\u0119dzie prezentowana wystawa Przepis na Krak\u00f3w Jerzego Dobrzyckiego.","breadcrumb":{"@id":"https:\/\/ownetic.com\/wydarzenia\/2014\/08\/przepis-na-krakow-jerzego-dobrzyckiego-muzeum-historyczne-miasta-krakowa\/#breadcrumb"},"inLanguage":"pl-PL","potentialAction":[{"@type":"ReadAction","target":["https:\/\/ownetic.com\/wydarzenia\/2014\/08\/przepis-na-krakow-jerzego-dobrzyckiego-muzeum-historyczne-miasta-krakowa\/"]}]},{"@type":"BreadcrumbList","@id":"https:\/\/ownetic.com\/wydarzenia\/2014\/08\/przepis-na-krakow-jerzego-dobrzyckiego-muzeum-historyczne-miasta-krakowa\/#breadcrumb","itemListElement":[{"@type":"ListItem","position":1,"name":"Strona g\u0142\u00f3wna","item":"https:\/\/ownetic.com\/wydarzenia\/"},{"@type":"ListItem","position":2,"name":"Przepis na Krak\u00f3w Jerzego Dobrzyckiego"}]},{"@type":"Person","@id":"https:\/\/ownetic.com\/wydarzenia\/#\/schema\/person\/387f348b5e3a0e229c7908b995fa4080","name":"ewa-nowicka","url":"https:\/\/ownetic.com\/wydarzenia\/author\/ewa-nowicka\/"}]}},"_links":{"self":[{"href":"https:\/\/ownetic.com\/wydarzenia\/wp-json\/wp\/v2\/posts\/50839"}],"collection":[{"href":"https:\/\/ownetic.com\/wydarzenia\/wp-json\/wp\/v2\/posts"}],"about":[{"href":"https:\/\/ownetic.com\/wydarzenia\/wp-json\/wp\/v2\/types\/post"}],"author":[{"embeddable":true,"href":"https:\/\/ownetic.com\/wydarzenia\/wp-json\/wp\/v2\/users\/80"}],"replies":[{"embeddable":true,"href":"https:\/\/ownetic.com\/wydarzenia\/wp-json\/wp\/v2\/comments?post=50839"}],"version-history":[{"count":0,"href":"https:\/\/ownetic.com\/wydarzenia\/wp-json\/wp\/v2\/posts\/50839\/revisions"}],"wp:featuredmedia":[{"embeddable":true,"href":"https:\/\/ownetic.com\/wydarzenia\/wp-json\/wp\/v2\/media\/50840"}],"wp:attachment":[{"href":"https:\/\/ownetic.com\/wydarzenia\/wp-json\/wp\/v2\/media?parent=50839"}],"wp:term":[{"taxonomy":"category","embeddable":true,"href":"https:\/\/ownetic.com\/wydarzenia\/wp-json\/wp\/v2\/categories?post=50839"},{"taxonomy":"post_tag","embeddable":true,"href":"https:\/\/ownetic.com\/wydarzenia\/wp-json\/wp\/v2\/tags?post=50839"},{"taxonomy":"powerkit_post_featured","embeddable":true,"href":"https:\/\/ownetic.com\/wydarzenia\/wp-json\/wp\/v2\/powerkit_post_featured?post=50839"}],"curies":[{"name":"wp","href":"https:\/\/api.w.org\/{rel}","templated":true}]}}