{"id":50954,"date":"2014-09-09T10:00:39","date_gmt":"2014-09-09T09:00:39","guid":{"rendered":"https:\/\/ownetic.com\/wydarzenia\/?p=50954"},"modified":"2014-11-12T11:51:21","modified_gmt":"2014-11-12T10:51:21","slug":"przestrzen-opery-polscy-scenografowie-xx-i-xxi-wieku-muzeum-narodowe-krakow","status":"publish","type":"post","link":"https:\/\/ownetic.com\/wydarzenia\/2014\/09\/przestrzen-opery-polscy-scenografowie-xx-i-xxi-wieku-muzeum-narodowe-krakow\/","title":{"rendered":"Przestrze\u0144 Opery. Polscy scenografowie XX i XXI wieku"},"content":{"rendered":"<p>Wystawa<em> Przestrze\u0144 Opery. Polscy scenografowie XX i XXI wieku<\/em> w MNK ods\u0142ania przed widzami kulisy wyobra\u017ani wielkich artyst\u00f3w i scenograf\u00f3w, kt\u00f3rzy od czas\u00f3w II wojny \u015bwiatowej kreowali teatr operowy, projektuj\u0105c scenografi\u0119 i kostiumy. Zobaczymy kilkaset projekt\u00f3w dekoracji i kostium\u00f3w, fotografii, makiet, a tak\u017ce prezentacje multimedialne, fragmenty oper i film\u00f3w o tw\u00f3rcach. Us\u0142yszymy najpi\u0119kniejsze arie operowe. Wejdziemy do magazyn\u00f3w dekoracji i charakteryzatorni, a na koniec znajdziemy si\u0119 na scenie.<\/p>\n<figure id=\"attachment_50959\" aria-describedby=\"caption-attachment-50959\" style=\"width: 576px\" class=\"wp-caption alignnone\"><a href=\"https:\/\/ownetic.com\/wydarzenia\/2014\/09\/przestrzen-opery-polscy-scenografowie-xx-i-xxi-wieku-muzeum-narodowe-krakow\/andrzej-kreutz-majewski-przestrzen-opery-muzeum-narodowe-krakow-2014-08-30-014\/\" rel=\"attachment wp-att-50959\"><img loading=\"lazy\" class=\"size-medium wp-image-50959\" title=\"Andrzej Kreutz Majewski, niezrealizowane projekty scenografii do opery \u201eTurandot\u201d Giacomo Pucciniego, 2010, w\u0142. Zbiory prywatne (\u017ar\u00f3d\u0142o: materia\u0142y prasowe organizatora)\" src=\"https:\/\/ownetic.com\/wydarzenia\/wp-content\/uploads\/2014\/08\/andrzej-kreutz-majewski-przestrzen-opery-muzeum-narodowe-krak\u00f3w-2014-08-30-014-576x409.jpg\" alt=\"Andrzej Kreutz Majewski, niezrealizowane projekty scenografii do opery \u201eTurandot\u201d Giacomo Pucciniego, 2010, w\u0142. Zbiory prywatne (\u017ar\u00f3d\u0142o: materia\u0142y prasowe organizatora)\" width=\"576\" height=\"409\" \/><\/a><figcaption id=\"caption-attachment-50959\" class=\"wp-caption-text\">Andrzej Kreutz Majewski, niezrealizowane projekty scenografii do opery \u201eTurandot\u201d Giacomo Pucciniego, 2010, w\u0142. Zbiory prywatne (\u017ar\u00f3d\u0142o: materia\u0142y prasowe organizatora)<\/figcaption><\/figure>\n<p>Wystawa jest cz\u0119\u015bci\u0105 obchod\u00f3w Jubileuszu 60-lecia Opery Krakowskiej i przygotowana zosta\u0142a przez t\u0119 instytucj\u0119 wsp\u00f3lnie z Muzeum Narodowym w Krakowie. Ekspozycja ukazuje r\u00f3\u017cnorodno\u015b\u0107 zjawisk i tendencji dominuj\u0105cych w polskiej scenografii, tworzonej na najwi\u0119kszych scenach operowych w Polsce. W operze i balecie wizualna strona przedstawienia jest obok muzyki najsilniejszym \u015brodkiem wyrazu, prawdziwym laboratorium wyzwalaj\u0105cym tw\u00f3rcz\u0105 wyobra\u017ani\u0119 artyst\u00f3w.<\/p>\n<div id='gallery-1' class='gallery galleryid-50954 gallery-columns-5 gallery-size-thumbnail'><figure class='gallery-item'>\n\t\t\t<div class='gallery-icon '>\n\t\t\t\t<a href='https:\/\/ownetic.com\/wydarzenia\/2014\/09\/przestrzen-opery-polscy-scenografowie-xx-i-xxi-wieku-muzeum-narodowe-krakow\/andrzej-kreutz-majewski-przestrzen-opery-muzeum-narodowe-krakow-2014-08-30-001\/'><img width=\"1\" height=\"1\" src=\"https:\/\/ownetic.com\/wydarzenia\/wp-content\/uploads\/2014\/08\/andrzej-kreutz-majewski-przestrzen-opery-muzeum-narodowe-krak\u00f3w-2014-08-30-001.jpg\" class=\"attachment-thumbnail size-thumbnail\" alt=\"Andrzej Kreutz Majewski, projekty kostium\u00f3w do opery \u201ePajace\u201d Ruggiero Leoncavalla, Miejski Teatr Muzyczny \u2013 Opera i Operetka w Krakowie, 1960, w\u0142. Archiwum Opery Krakowskiej (\u017ar\u00f3d\u0142o: materia\u0142y prasowe organizatora)\" loading=\"lazy\" aria-describedby=\"gallery-1-50955\" \/><\/a>\n\t\t\t<\/div>\n\t\t\t\t<figcaption class='wp-caption-text gallery-caption' id='gallery-1-50955'>\n\t\t\t\tAndrzej Kreutz Majewski, projekty kostium\u00f3w do opery \u201ePajace\u201d Ruggiero Leoncavalla, Miejski Teatr Muzyczny \u2013 Opera i Operetka w Krakowie, 1960, w\u0142. Archiwum Opery Krakowskiej (\u017ar\u00f3d\u0142o: materia\u0142y prasowe organizatora)\n\t\t\t\t<\/figcaption><\/figure><figure class='gallery-item'>\n\t\t\t<div class='gallery-icon '>\n\t\t\t\t<a href='https:\/\/ownetic.com\/wydarzenia\/2014\/09\/przestrzen-opery-polscy-scenografowie-xx-i-xxi-wieku-muzeum-narodowe-krakow\/andrzej-kreutz-majewski-przestrzen-opery-muzeum-narodowe-krakow-2014-08-30-002\/'><img width=\"1\" height=\"1\" src=\"https:\/\/ownetic.com\/wydarzenia\/wp-content\/uploads\/2014\/08\/andrzej-kreutz-majewski-przestrzen-opery-muzeum-narodowe-krak\u00f3w-2014-08-30-002.jpg\" class=\"attachment-thumbnail size-thumbnail\" alt=\"Andrzej Kreutz Majewski, projekt kostiumu do baletu \u201eDon Juan\u201d Christopha Willibalda Glucka, Miejski Teatr Muzyczny \u2013 Opera i Operetka w Krakowie, 1965, w\u0142. Archiwum Opery Krakowskiej (\u017ar\u00f3d\u0142o: materia\u0142y prasowe organizatora)\" loading=\"lazy\" aria-describedby=\"gallery-1-50956\" \/><\/a>\n\t\t\t<\/div>\n\t\t\t\t<figcaption class='wp-caption-text gallery-caption' id='gallery-1-50956'>\n\t\t\t\tAndrzej Kreutz Majewski, projekt kostiumu do baletu \u201eDon Juan\u201d Christopha Willibalda Glucka, Miejski Teatr Muzyczny \u2013 Opera i Operetka w Krakowie, 1965, w\u0142. Archiwum Opery Krakowskiej (\u017ar\u00f3d\u0142o: materia\u0142y prasowe organizatora)\n\t\t\t\t<\/figcaption><\/figure><figure class='gallery-item'>\n\t\t\t<div class='gallery-icon '>\n\t\t\t\t<a href='https:\/\/ownetic.com\/wydarzenia\/2014\/09\/przestrzen-opery-polscy-scenografowie-xx-i-xxi-wieku-muzeum-narodowe-krakow\/andrzej-kreutz-majewski-przestrzen-opery-muzeum-narodowe-krakow-2014-08-30-012\/'><img width=\"1\" height=\"1\" src=\"https:\/\/ownetic.com\/wydarzenia\/wp-content\/uploads\/2014\/08\/andrzej-kreutz-majewski-przestrzen-opery-muzeum-narodowe-krak\u00f3w-2014-08-30-012.jpg\" class=\"attachment-thumbnail size-thumbnail\" alt=\"Andrzej Kreutz Majewski, niezrealizowane projekty scenografii do opery \u201eTurandot\u201d Giacomo Pucciniego, 2010, w\u0142. Zbiory prywatne (\u017ar\u00f3d\u0142o: materia\u0142y prasowe organizatora)\" loading=\"lazy\" aria-describedby=\"gallery-1-50957\" \/><\/a>\n\t\t\t<\/div>\n\t\t\t\t<figcaption class='wp-caption-text gallery-caption' id='gallery-1-50957'>\n\t\t\t\tAndrzej Kreutz Majewski, niezrealizowane projekty scenografii do opery \u201eTurandot\u201d Giacomo Pucciniego, 2010, w\u0142. Zbiory prywatne (\u017ar\u00f3d\u0142o: materia\u0142y prasowe organizatora)\n\t\t\t\t<\/figcaption><\/figure><figure class='gallery-item'>\n\t\t\t<div class='gallery-icon '>\n\t\t\t\t<a href='https:\/\/ownetic.com\/wydarzenia\/2014\/09\/przestrzen-opery-polscy-scenografowie-xx-i-xxi-wieku-muzeum-narodowe-krakow\/andrzej-kreutz-majewski-przestrzen-opery-muzeum-narodowe-krakow-2014-08-30-013\/'><img width=\"1\" height=\"1\" src=\"https:\/\/ownetic.com\/wydarzenia\/wp-content\/uploads\/2014\/08\/andrzej-kreutz-majewski-przestrzen-opery-muzeum-narodowe-krak\u00f3w-2014-08-30-013.jpg\" class=\"attachment-thumbnail size-thumbnail\" alt=\"Andrzej Kreutz Majewski, niezrealizowane projekty scenografii do opery \u201eTurandot\u201d Giacomo Pucciniego, 2010, w\u0142. Zbiory prywatne (\u017ar\u00f3d\u0142o: materia\u0142y prasowe organizatora)\" loading=\"lazy\" aria-describedby=\"gallery-1-50958\" \/><\/a>\n\t\t\t<\/div>\n\t\t\t\t<figcaption class='wp-caption-text gallery-caption' id='gallery-1-50958'>\n\t\t\t\tAndrzej Kreutz Majewski, niezrealizowane projekty scenografii do opery \u201eTurandot\u201d Giacomo Pucciniego, 2010, w\u0142. Zbiory prywatne (\u017ar\u00f3d\u0142o: materia\u0142y prasowe organizatora)\n\t\t\t\t<\/figcaption><\/figure><figure class='gallery-item'>\n\t\t\t<div class='gallery-icon '>\n\t\t\t\t<a href='https:\/\/ownetic.com\/wydarzenia\/2014\/09\/przestrzen-opery-polscy-scenografowie-xx-i-xxi-wieku-muzeum-narodowe-krakow\/andrzej-kreutz-majewski-przestrzen-opery-muzeum-narodowe-krakow-2014-08-30-014\/'><img width=\"1\" height=\"1\" src=\"https:\/\/ownetic.com\/wydarzenia\/wp-content\/uploads\/2014\/08\/andrzej-kreutz-majewski-przestrzen-opery-muzeum-narodowe-krak\u00f3w-2014-08-30-014.jpg\" class=\"attachment-thumbnail size-thumbnail\" alt=\"Andrzej Kreutz Majewski, niezrealizowane projekty scenografii do opery \u201eTurandot\u201d Giacomo Pucciniego, 2010, w\u0142. Zbiory prywatne (\u017ar\u00f3d\u0142o: materia\u0142y prasowe organizatora)\" loading=\"lazy\" aria-describedby=\"gallery-1-50959\" \/><\/a>\n\t\t\t<\/div>\n\t\t\t\t<figcaption class='wp-caption-text gallery-caption' id='gallery-1-50959'>\n\t\t\t\tAndrzej Kreutz Majewski, niezrealizowane projekty scenografii do opery \u201eTurandot\u201d Giacomo Pucciniego, 2010, w\u0142. Zbiory prywatne (\u017ar\u00f3d\u0142o: materia\u0142y prasowe organizatora)\n\t\t\t\t<\/figcaption><\/figure><figure class='gallery-item'>\n\t\t\t<div class='gallery-icon '>\n\t\t\t\t<a href='https:\/\/ownetic.com\/wydarzenia\/2014\/09\/przestrzen-opery-polscy-scenografowie-xx-i-xxi-wieku-muzeum-narodowe-krakow\/andrzej-sadowski-przestrzen-opery-muzem-narodowe-krakow-2014-08-30-011\/'><img width=\"1\" height=\"1\" src=\"https:\/\/ownetic.com\/wydarzenia\/wp-content\/uploads\/2014\/08\/andrzej-sadowski-przestrzen-opery-muzem-narodowe-krakow-2014-08-30-011.jpg\" class=\"attachment-thumbnail size-thumbnail\" alt=\"Andrzej Sadowski, projekt scenografii do opery \u201eStraszny dw\u00f3r\u201d Stanis\u0142awa Moniuszki, Krakowski Teatr Muzyczny, 1975, w\u0142. Archiwum Opery Krakowskiej (\u017ar\u00f3d\u0142o: materia\u0142y prasowe organizatora)\" loading=\"lazy\" aria-describedby=\"gallery-1-50960\" \/><\/a>\n\t\t\t<\/div>\n\t\t\t\t<figcaption class='wp-caption-text gallery-caption' id='gallery-1-50960'>\n\t\t\t\tAndrzej Sadowski, projekt scenografii do opery \u201eStraszny dw\u00f3r\u201d Stanis\u0142awa Moniuszki, Krakowski Teatr Muzyczny, 1975, w\u0142. Archiwum Opery Krakowskiej (\u017ar\u00f3d\u0142o: materia\u0142y prasowe organizatora)\n\t\t\t\t<\/figcaption><\/figure><figure class='gallery-item'>\n\t\t\t<div class='gallery-icon '>\n\t\t\t\t<a href='https:\/\/ownetic.com\/wydarzenia\/2014\/09\/przestrzen-opery-polscy-scenografowie-xx-i-xxi-wieku-muzeum-narodowe-krakow\/jozef-szajna-przestrzen-opery-muzem-narodowe-krakow-2014-08-30-006\/'><img width=\"1\" height=\"1\" src=\"https:\/\/ownetic.com\/wydarzenia\/wp-content\/uploads\/2014\/08\/jozef-szajna-przestrzen-opery-muzem-narodowe-krakow-2014-08-30-006.jpg\" class=\"attachment-thumbnail size-thumbnail\" alt=\"J\u00f3zef Szajna, projekt scenografii do opery \u201eFaust\u201d Charlesa Gounoda, Miejski Teatr Muzyczny \u2013 Opera i Operetka w Krakowie, 1967, w\u0142. Archiwum Opery Krakowskiej (\u017ar\u00f3d\u0142o: materia\u0142y prasowe organizatora)\" loading=\"lazy\" aria-describedby=\"gallery-1-50961\" \/><\/a>\n\t\t\t<\/div>\n\t\t\t\t<figcaption class='wp-caption-text gallery-caption' id='gallery-1-50961'>\n\t\t\t\tJ\u00f3zef Szajna, projekt scenografii do opery \u201eFaust\u201d Charlesa Gounoda, Miejski Teatr Muzyczny \u2013 Opera i Operetka w Krakowie, 1967, w\u0142. Archiwum Opery Krakowskiej (\u017ar\u00f3d\u0142o: materia\u0142y prasowe organizatora)\n\t\t\t\t<\/figcaption><\/figure><figure class='gallery-item'>\n\t\t\t<div class='gallery-icon '>\n\t\t\t\t<a href='https:\/\/ownetic.com\/wydarzenia\/2014\/09\/przestrzen-opery-polscy-scenografowie-xx-i-xxi-wieku-muzeum-narodowe-krakow\/jozef-szajna-przestrzen-opery-muzem-narodowe-krakow-2014-08-30-007\/'><img width=\"1\" height=\"1\" src=\"https:\/\/ownetic.com\/wydarzenia\/wp-content\/uploads\/2014\/08\/jozef-szajna-przestrzen-opery-muzem-narodowe-krakow-2014-08-30-007.jpg\" class=\"attachment-thumbnail size-thumbnail\" alt=\"J\u00f3zef Szajna, projekt scenografii do opery \u201eFaust\u201d Charlesa Gounoda, Miejski Teatr Muzyczny \u2013 Opera i Operetka w Krakowie, 1967, w\u0142. Archiwum Opery Krakowskiej (\u017ar\u00f3d\u0142o: materia\u0142y prasowe organizatora)\" loading=\"lazy\" aria-describedby=\"gallery-1-50962\" \/><\/a>\n\t\t\t<\/div>\n\t\t\t\t<figcaption class='wp-caption-text gallery-caption' id='gallery-1-50962'>\n\t\t\t\tJ\u00f3zef Szajna, projekt scenografii do opery \u201eFaust\u201d Charlesa Gounoda, Miejski Teatr Muzyczny \u2013 Opera i Operetka w Krakowie, 1967, w\u0142. Archiwum Opery Krakowskiej (\u017ar\u00f3d\u0142o: materia\u0142y prasowe organizatora)\n\t\t\t\t<\/figcaption><\/figure><figure class='gallery-item'>\n\t\t\t<div class='gallery-icon '>\n\t\t\t\t<a href='https:\/\/ownetic.com\/wydarzenia\/2014\/09\/przestrzen-opery-polscy-scenografowie-xx-i-xxi-wieku-muzeum-narodowe-krakow\/karol-frycz-przestrzen-opery-muzeum-narodowe-krakow-2014-08-30\/'><img width=\"1\" height=\"1\" src=\"https:\/\/ownetic.com\/wydarzenia\/wp-content\/uploads\/2014\/08\/karol-frycz-przestrzen-opery-muzeum-narodowe-krakow-2014-08-30.jpg\" class=\"attachment-thumbnail size-thumbnail\" alt=\"Karol Frycz, projekt kostiumu do opery \u201eStraszny dw\u00f3r\u201d Stanis\u0142awa Moniuszki, Pa\u0144stwowa Opera i Filharmonia w Warszawie, 1949, w\u0142. Muzeum Ksi\u0105\u017c\u0105t Lubomirskich w Zak\u0142adzie Narodowym im. Ossoli\u0144skich we Wroc\u0142awiu (\u017ar\u00f3d\u0142o: materia\u0142y prasowe organizatora)\" loading=\"lazy\" aria-describedby=\"gallery-1-50963\" \/><\/a>\n\t\t\t<\/div>\n\t\t\t\t<figcaption class='wp-caption-text gallery-caption' id='gallery-1-50963'>\n\t\t\t\tKarol Frycz, projekt kostiumu do opery \u201eStraszny dw\u00f3r\u201d Stanis\u0142awa Moniuszki, Pa\u0144stwowa Opera i Filharmonia w Warszawie, 1949, w\u0142. Muzeum Ksi\u0105\u017c\u0105t Lubomirskich w Zak\u0142adzie Narodowym im. Ossoli\u0144skich we Wroc\u0142awiu (\u017ar\u00f3d\u0142o: materia\u0142y prasowe organizatora)\n\t\t\t\t<\/figcaption><\/figure><figure class='gallery-item'>\n\t\t\t<div class='gallery-icon '>\n\t\t\t\t<a href='https:\/\/ownetic.com\/wydarzenia\/2014\/09\/przestrzen-opery-polscy-scenografowie-xx-i-xxi-wieku-muzeum-narodowe-krakow\/kazimierz-wisniak-przestrzen-opery-muzeum-narodowe-krakow-2014-08-30-005\/'><img width=\"1\" height=\"1\" src=\"https:\/\/ownetic.com\/wydarzenia\/wp-content\/uploads\/2014\/08\/kazimierz-wisniak-przestrzen-opery-muzeum-narodowe-krakow-2014-08-30-005.jpg\" class=\"attachment-thumbnail size-thumbnail\" alt=\"Kazimierz Wi\u015bniak, projekt kostiumu do baletu \u201eFrancesca da Rimini\u201d, Piotra Czajkowskiego, Miejski Teatr Muzyczny \u2013 Opera i Operetka w Krakowie, 1963, w\u0142. Archiwum Opery Krakowskiej (\u017ar\u00f3d\u0142o: materia\u0142y prasowe organizatora)\" loading=\"lazy\" aria-describedby=\"gallery-1-50964\" \/><\/a>\n\t\t\t<\/div>\n\t\t\t\t<figcaption class='wp-caption-text gallery-caption' id='gallery-1-50964'>\n\t\t\t\tKazimierz Wi\u015bniak, projekt kostiumu do baletu \u201eFrancesca da Rimini\u201d, Piotra Czajkowskiego, Miejski Teatr Muzyczny \u2013 Opera i Operetka w Krakowie, 1963, w\u0142. Archiwum Opery Krakowskiej (\u017ar\u00f3d\u0142o: materia\u0142y prasowe organizatora)\n\t\t\t\t<\/figcaption><\/figure><figure class='gallery-item'>\n\t\t\t<div class='gallery-icon '>\n\t\t\t\t<a href='https:\/\/ownetic.com\/wydarzenia\/2014\/09\/przestrzen-opery-polscy-scenografowie-xx-i-xxi-wieku-muzeum-narodowe-krakow\/krystyna-zachwatowicz-przestrzen-opery-muzeum-narodowe-krakow-2014-08-30-008\/'><img width=\"1\" height=\"1\" src=\"https:\/\/ownetic.com\/wydarzenia\/wp-content\/uploads\/2014\/08\/krystyna-zachwatowicz-przestrzen-opery-muzeum-narodowe-krakow-2014-08-30-008.jpg\" class=\"attachment-thumbnail size-thumbnail\" alt=\"Krystyna Zachwatowicz, projekt kostiumu do opery \u201eMadama Butterfly\u201d Giacomo Pucciniego, Miejski Teatr Muzyczny \u2013 Opera i Operetka w Krakowie, 1969, w\u0142. Archiwum Opery Krakowskiej (\u017ar\u00f3d\u0142o: materia\u0142y prasowe organizatora)\" loading=\"lazy\" aria-describedby=\"gallery-1-50965\" \/><\/a>\n\t\t\t<\/div>\n\t\t\t\t<figcaption class='wp-caption-text gallery-caption' id='gallery-1-50965'>\n\t\t\t\tKrystyna Zachwatowicz, projekt kostiumu do opery \u201eMadama Butterfly\u201d Giacomo Pucciniego, Miejski Teatr Muzyczny \u2013 Opera i Operetka w Krakowie, 1969, w\u0142. Archiwum Opery Krakowskiej (\u017ar\u00f3d\u0142o: materia\u0142y prasowe organizatora)\n\t\t\t\t<\/figcaption><\/figure><figure class='gallery-item'>\n\t\t\t<div class='gallery-icon '>\n\t\t\t\t<a href='https:\/\/ownetic.com\/wydarzenia\/2014\/09\/przestrzen-opery-polscy-scenografowie-xx-i-xxi-wieku-muzeum-narodowe-krakow\/krzysztof-pankiewicz-przestrzen-opery-muzem-narodowe-krakow-2014-08-30-009\/'><img width=\"1\" height=\"1\" src=\"https:\/\/ownetic.com\/wydarzenia\/wp-content\/uploads\/2014\/08\/krzysztof-pankiewicz-przestrzen-opery-muzem-narodowe-krakow-2014-08-30-009.jpg\" class=\"attachment-thumbnail size-thumbnail\" alt=\"Krzysztof Pankiewicz, projekty kostium\u00f3w do opery \u201eCyrulik sewilski Gioacchina Rossiniego\u201d, Teatr Wielki w Warszawie, 1971, w\u0142. Archiwum Zak\u0142adowe Teatru Wielkiego \u2013 Opery Narodowej w Warszawie (\u017ar\u00f3d\u0142o: materia\u0142y prasowe organizatora)\" loading=\"lazy\" aria-describedby=\"gallery-1-50966\" \/><\/a>\n\t\t\t<\/div>\n\t\t\t\t<figcaption class='wp-caption-text gallery-caption' id='gallery-1-50966'>\n\t\t\t\tKrzysztof Pankiewicz, projekty kostium\u00f3w do opery \u201eCyrulik sewilski Gioacchina Rossiniego\u201d, Teatr Wielki w Warszawie, 1971, w\u0142. Archiwum Zak\u0142adowe Teatru Wielkiego \u2013 Opery Narodowej w Warszawie (\u017ar\u00f3d\u0142o: materia\u0142y prasowe organizatora)\n\t\t\t\t<\/figcaption><\/figure><figure class='gallery-item'>\n\t\t\t<div class='gallery-icon '>\n\t\t\t\t<a href='https:\/\/ownetic.com\/wydarzenia\/2014\/09\/przestrzen-opery-polscy-scenografowie-xx-i-xxi-wieku-muzeum-narodowe-krakow\/krzysztof-pankiewicz-przestrzen-opery-muzem-narodowe-krakow-2014-08-30-010\/'><img width=\"1\" height=\"1\" src=\"https:\/\/ownetic.com\/wydarzenia\/wp-content\/uploads\/2014\/08\/krzysztof-pankiewicz-przestrzen-opery-muzem-narodowe-krakow-2014-08-30-010.jpg\" class=\"attachment-thumbnail size-thumbnail\" alt=\"Krzysztof Pankiewicz, projekty kostium\u00f3w do opery \u201eCyrulik sewilski Gioacchina Rossiniego\u201d, Teatr Wielki w Warszawie, 1971, w\u0142. Archiwum Zak\u0142adowe Teatru Wielkiego \u2013 Opery Narodowej w Warszawie (\u017ar\u00f3d\u0142o: materia\u0142y prasowe organizatora)\" loading=\"lazy\" aria-describedby=\"gallery-1-50967\" \/><\/a>\n\t\t\t<\/div>\n\t\t\t\t<figcaption class='wp-caption-text gallery-caption' id='gallery-1-50967'>\n\t\t\t\tKrzysztof Pankiewicz, projekty kostium\u00f3w do opery \u201eCyrulik sewilski Gioacchina Rossiniego\u201d, Teatr Wielki w Warszawie, 1971, w\u0142. Archiwum Zak\u0142adowe Teatru Wielkiego \u2013 Opery Narodowej w Warszawie (\u017ar\u00f3d\u0142o: materia\u0142y prasowe organizatora)\n\t\t\t\t<\/figcaption><\/figure><figure class='gallery-item'>\n\t\t\t<div class='gallery-icon '>\n\t\t\t\t<a href='https:\/\/ownetic.com\/wydarzenia\/2014\/09\/przestrzen-opery-polscy-scenografowie-xx-i-xxi-wieku-muzeum-narodowe-krakow\/tadeusz-kanot-przestrzen-opery-muzeum-narodowe-krakow-2014-08-30-004\/'><img width=\"1\" height=\"1\" src=\"https:\/\/ownetic.com\/wydarzenia\/wp-content\/uploads\/2014\/08\/tadeusz-kanot-przestrzen-opery-muzeum-narodowe-krakow-2014-08-30-004.jpg\" class=\"attachment-thumbnail size-thumbnail\" alt=\"Tadeusz Kantor, projekt kostiumu do opery \u201eDon Kichot Julesa Masseneta\u201d, Miejski Teatr Muzyczny \u2013 Opera i Operetka w Krakowie, 1962, w\u0142. Archiwum Opery Krakowskiej (\u017ar\u00f3d\u0142o: materia\u0142y prasowe organizatora)\" loading=\"lazy\" aria-describedby=\"gallery-1-50968\" \/><\/a>\n\t\t\t<\/div>\n\t\t\t\t<figcaption class='wp-caption-text gallery-caption' id='gallery-1-50968'>\n\t\t\t\tTadeusz Kantor, projekt kostiumu do opery \u201eDon Kichot Julesa Masseneta\u201d, Miejski Teatr Muzyczny \u2013 Opera i Operetka w Krakowie, 1962, w\u0142. Archiwum Opery Krakowskiej (\u017ar\u00f3d\u0142o: materia\u0142y prasowe organizatora)\n\t\t\t\t<\/figcaption><\/figure><figure class='gallery-item'>\n\t\t\t<div class='gallery-icon '>\n\t\t\t\t<a href='https:\/\/ownetic.com\/wydarzenia\/2014\/09\/przestrzen-opery-polscy-scenografowie-xx-i-xxi-wieku-muzeum-narodowe-krakow\/teresa-roszkowska-przestrzen-opery-muzeum-narodowe-krakow-2014-08-30-004\/'><img width=\"1\" height=\"1\" src=\"https:\/\/ownetic.com\/wydarzenia\/wp-content\/uploads\/2014\/08\/teresa-roszkowska-przestrzen-opery-muzeum-narodowe-krakow-2014-08-30-004.jpg\" class=\"attachment-thumbnail size-thumbnail\" alt=\"Teresa Roszkowska, projekty kostium\u00f3w do opery \u201eDon Pasquale Gaetano Donizettiego\u201d, Pa\u0144stwowa Opera w Warszawie, 1961, w\u0142. Muzeum Teatralne w Teatrze Wielkim \u2013 Operze Narodowej w Warszawie (\u017ar\u00f3d\u0142o: materia\u0142y prasowe organizatora)\" loading=\"lazy\" aria-describedby=\"gallery-1-50969\" \/><\/a>\n\t\t\t<\/div>\n\t\t\t\t<figcaption class='wp-caption-text gallery-caption' id='gallery-1-50969'>\n\t\t\t\tTeresa Roszkowska, projekty kostium\u00f3w do opery \u201eDon Pasquale Gaetano Donizettiego\u201d, Pa\u0144stwowa Opera w Warszawie, 1961, w\u0142. Muzeum Teatralne w Teatrze Wielkim \u2013 Operze Narodowej w Warszawie (\u017ar\u00f3d\u0142o: materia\u0142y prasowe organizatora)\n\t\t\t\t<\/figcaption><\/figure>\n\t\t<\/div>\n\n<p>Charakterystyczn\u0105 cech\u0105 polskiej scenografii jest jej zwi\u0105zek ze sztuk\u0105 nowoczesn\u0105 i wsp\u00f3\u0142czesn\u0105. Wystawa w MNK poka\u017ce jak rodzi si\u0119 wizualna strona teatru operowego, pozwoli zajrze\u0107 za kulisy i poczu\u0107 magi\u0119 tej sztuki.<\/p>\n<figure id=\"attachment_50960\" aria-describedby=\"caption-attachment-50960\" style=\"width: 576px\" class=\"wp-caption alignnone\"><a href=\"https:\/\/ownetic.com\/wydarzenia\/2014\/09\/przestrzen-opery-polscy-scenografowie-xx-i-xxi-wieku-muzeum-narodowe-krakow\/andrzej-sadowski-przestrzen-opery-muzem-narodowe-krakow-2014-08-30-011\/\" rel=\"attachment wp-att-50960\"><img loading=\"lazy\" class=\"size-medium wp-image-50960\" title=\"Andrzej Sadowski, projekt scenografii do opery \u201eStraszny dw\u00f3r\u201d Stanis\u0142awa Moniuszki, Krakowski Teatr Muzyczny, 1975, w\u0142. Archiwum Opery Krakowskiej (\u017ar\u00f3d\u0142o: materia\u0142y prasowe organizatora)\" src=\"https:\/\/ownetic.com\/wydarzenia\/wp-content\/uploads\/2014\/08\/andrzej-sadowski-przestrzen-opery-muzem-narodowe-krakow-2014-08-30-011-576x384.jpg\" alt=\"Andrzej Sadowski, projekt scenografii do opery \u201eStraszny dw\u00f3r\u201d Stanis\u0142awa Moniuszki, Krakowski Teatr Muzyczny, 1975, w\u0142. Archiwum Opery Krakowskiej (\u017ar\u00f3d\u0142o: materia\u0142y prasowe organizatora)\" width=\"576\" height=\"384\" \/><\/a><figcaption id=\"caption-attachment-50960\" class=\"wp-caption-text\">Andrzej Sadowski, projekt scenografii do opery \u201eStraszny dw\u00f3r\u201d Stanis\u0142awa Moniuszki, Krakowski Teatr Muzyczny, 1975, w\u0142. Archiwum Opery Krakowskiej (\u017ar\u00f3d\u0142o: materia\u0142y prasowe organizatora)<\/figcaption><\/figure>\n<p>Ponad 500 projekt\u00f3w dekoracji i kostium\u00f3w pochodzi z muze\u00f3w, teatr\u00f3w operowych i ich archiw\u00f3w z ca\u0142ej Polski. Wiele z tych prac zostanie pokazanych publicznie po raz pierwszy. Na wystawie zaprezentujemy prace 45 artyst\u00f3w, m.in.: Karola Frycza, Andrzeja Pronaszki, Andrzeja Stopki, Tadeusza Kantora, Kazimierza Mikulskiego, Lidii i Jerzego Skar\u017cy\u0144skich, Wojciecha Krakowskiego, Marii Jaremy, J\u00f3zefa Szajny, Mariana Ko\u0142odzieja, Krystyny Zachwatowicz, Kazimierza Wi\u015bniaka, Andrzeja Kreutz Majewskiego, Otto Axera, Krzysztofa Pankiewicza, Zofii Wierchowicz, Teresy Roszkowskiej, Franciszka Starowieyskiego, Zofii de Ines, Borisa Kudliki, Ma\u0142gorzaty Szcz\u0119\u015bniak.<\/p>\n<figure id=\"attachment_50967\" aria-describedby=\"caption-attachment-50967\" style=\"width: 576px\" class=\"wp-caption alignnone\"><a href=\"https:\/\/ownetic.com\/wydarzenia\/2014\/09\/przestrzen-opery-polscy-scenografowie-xx-i-xxi-wieku-muzeum-narodowe-krakow\/krzysztof-pankiewicz-przestrzen-opery-muzem-narodowe-krakow-2014-08-30-010\/\" rel=\"attachment wp-att-50967\"><img loading=\"lazy\" class=\"size-medium wp-image-50967\" title=\"Krzysztof Pankiewicz, projekty kostium\u00f3w do opery \u201eCyrulik sewilski Gioacchina Rossiniego\u201d, Teatr Wielki w Warszawie, 1971, w\u0142. Archiwum Zak\u0142adowe Teatru Wielkiego \u2013 Opery Narodowej w Warszawie (\u017ar\u00f3d\u0142o: materia\u0142y prasowe organizatora)\" src=\"https:\/\/ownetic.com\/wydarzenia\/wp-content\/uploads\/2014\/08\/krzysztof-pankiewicz-przestrzen-opery-muzem-narodowe-krakow-2014-08-30-010-576x792.jpg\" alt=\"Krzysztof Pankiewicz, projekty kostium\u00f3w do opery \u201eCyrulik sewilski Gioacchina Rossiniego\u201d, Teatr Wielki w Warszawie, 1971, w\u0142. Archiwum Zak\u0142adowe Teatru Wielkiego \u2013 Opery Narodowej w Warszawie (\u017ar\u00f3d\u0142o: materia\u0142y prasowe organizatora)\" width=\"576\" height=\"792\" \/><\/a><figcaption id=\"caption-attachment-50967\" class=\"wp-caption-text\">Krzysztof Pankiewicz, projekty kostium\u00f3w do opery \u201eCyrulik sewilski Gioacchina Rossiniego\u201d, Teatr Wielki w Warszawie, 1971, w\u0142. Archiwum Zak\u0142adowe Teatru Wielkiego \u2013 Opery Narodowej w Warszawie (\u017ar\u00f3d\u0142o: materia\u0142y prasowe organizatora)<\/figcaption><\/figure>\n<blockquote><p>Teatr dla niekt\u00f3rych plastyk\u00f3w, okaza\u0142 si\u0119 tak niewyczerpanym \u017ar\u00f3d\u0142em dopingu artystycznego, \u017ce na sta\u0142e si\u0119 z nim zwi\u0105zali. Teatr ich wci\u0105gn\u0105\u0142, poch\u0142on\u0105\u0142, zawojowa\u0142, lecz jednocze\u015bnie sam uleg\u0142, podporz\u0105dkowuj\u0105c si\u0119 ich zamys\u0142om \u2013 pisa\u0142 Andrzej Pronaszko. (<em>O now\u0105 przestrze\u0144 sceniczn\u0105<\/em>, 1958, w: Andrzej Pronaszko. Zapiski scenografa, 1976).<\/p><\/blockquote>\n<p><!--nextpage--><\/p>\n<p><strong>Karol Frycz<\/strong><\/p>\n<p>Scenograf, malarz i re\u017cyser teatralny. Urodzi\u0142 si\u0119 w 1877 roku na Kielecczy\u017anie. Studiowa\u0142 malarstwo w krakowskiej ASP u Jana Stanis\u0142awskiego, Leona Wycz\u00f3\u0142kowskiego i J\u00f3zefa Mehoffera oraz histori\u0119 sztuki na Uniwersytecie Jagiello\u0144skim. Uznawany jest za spadkobierc\u0119 idei Stanis\u0142awa Wyspia\u0144skiego. Teatralne zainteresowania zaprowadzi\u0142y Frycza do wiede\u0144skiej Kunstgewerbeschule, gdzie odby\u0142 studia u Alfreda Rollera, scenografa Opery Wiede\u0144skiej. Od 1913 roku realizowa\u0142 scenografi\u0119 w Teatrze Polskim w Warszawie, w latach 1935\u20131939 i 1945\u20131946 by\u0142 dyrektorem Teatru im. Juliusza S\u0142owackiego w Krakowie. By\u0142 r\u00f3wnie\u017c profesorem krakowskiej ASP i kierownikiem za\u0142o\u017conej w 1930 roku pierwszej w Polsce katedry malarstwa dekoracyjnego i teatralnego.<\/p>\n<p>Od 1956 roku pe\u0142ni\u0142 funkcj\u0119 dziekana utworzonego przez siebie Wydzia\u0142u Scenografii. Jako pierwszy zerwa\u0142 z XIX wieczn\u0105 tradycj\u0105 przywo\u017cenia gotowych komplet\u00f3w dekoracji z Wiednia i stosowania tych samych scenografii do wielu sztuk. W oparciu \u017ar\u00f3d\u0142a historyczne tworzy\u0142 barwne i dekoracyjne kostiumy, poddaj\u0105c je stylizacji i nadaj\u0105c im nowoczesn\u0105 form\u0119. Po II wojnie \u015bwiatowej realizowa\u0142 tak\u017ce scenografie dla oper i balet\u00f3w. By\u0142 wybitnym znawc\u0105 teatru, mentorem i mistrzem kolejnych pokole\u0144 scenograf\u00f3w. Zmar\u0142 w 1963 roku w Krakowie.<\/p>\n<figure id=\"attachment_50963\" aria-describedby=\"caption-attachment-50963\" style=\"width: 557px\" class=\"wp-caption alignnone\"><a href=\"https:\/\/ownetic.com\/wydarzenia\/2014\/09\/przestrzen-opery-polscy-scenografowie-xx-i-xxi-wieku-muzeum-narodowe-krakow\/karol-frycz-przestrzen-opery-muzeum-narodowe-krakow-2014-08-30\/\" rel=\"attachment wp-att-50963\"><img loading=\"lazy\" class=\"size-medium wp-image-50963\" title=\"Karol Frycz, projekt kostiumu do opery \u201eStraszny dw\u00f3r\u201d Stanis\u0142awa Moniuszki, Pa\u0144stwowa Opera i Filharmonia w Warszawie, 1949, w\u0142. Muzeum Ksi\u0105\u017c\u0105t Lubomirskich w Zak\u0142adzie Narodowym im. Ossoli\u0144skich we Wroc\u0142awiu (\u017ar\u00f3d\u0142o: materia\u0142y prasowe organizatora)\" src=\"https:\/\/ownetic.com\/wydarzenia\/wp-content\/uploads\/2014\/08\/karol-frycz-przestrzen-opery-muzeum-narodowe-krakow-2014-08-30-557x800.jpg\" alt=\"Karol Frycz, projekt kostiumu do opery \u201eStraszny dw\u00f3r\u201d Stanis\u0142awa Moniuszki, Pa\u0144stwowa Opera i Filharmonia w Warszawie, 1949, w\u0142. Muzeum Ksi\u0105\u017c\u0105t Lubomirskich w Zak\u0142adzie Narodowym im. Ossoli\u0144skich we Wroc\u0142awiu (\u017ar\u00f3d\u0142o: materia\u0142y prasowe organizatora)\" width=\"557\" height=\"800\" \/><\/a><figcaption id=\"caption-attachment-50963\" class=\"wp-caption-text\">Karol Frycz, projekt kostiumu do opery \u201eStraszny dw\u00f3r\u201d Stanis\u0142awa Moniuszki, Pa\u0144stwowa Opera i Filharmonia w Warszawie, 1949, w\u0142. Muzeum Ksi\u0105\u017c\u0105t Lubomirskich w Zak\u0142adzie Narodowym im. Ossoli\u0144skich we Wroc\u0142awiu (\u017ar\u00f3d\u0142o: materia\u0142y prasowe organizatora)<\/figcaption><\/figure>\n<p><strong>Tadeusz Kantor<\/strong><\/p>\n<p>Malarz, scenograf, grafik, re\u017cyser, krytyk i teoretyk sztuki, g\u0142\u00f3wny tw\u00f3rca powojennej polskiej awangardy. Urodzi\u0142 si\u0119 w 1915 roku w Wielopolu Skrzy\u0144skim. Studiowa\u0142 w krakowskiej ASP m.in. u Karola Frycza. W czasie wojny za\u0142o\u017cy\u0142 konspiracyjny teatr eksperymentalny, wok\u00f3\u0142 kt\u00f3rego skupieni byli arty\u015bci nale\u017c\u0105cy do powsta\u0142ej po wojnie Grupy M\u0142odych Plastyk\u00f3w i II Grupy Krakowskiej.<\/p>\n<p>Po wojnie Tadeusz Kantor zosta\u0142 zaanga\u017cowany na stanowisku kierownika malarni w Starym Teatrze, a nast\u0119pnie od 1950 roku pracowa\u0142 jako scenograf w teatrach zawodowych m.in. w Pa\u0144stwowych Teatrach Dramatycznych w Krakowie. Artysta tworzy\u0142 tak\u017ce scenografie w teatrach operowych w Krakowie, Warszawie i Poznaniu. W 1962 roku na scenie Miejskiego Teatru Muzycznego w Krakowie wyre\u017cyserowa\u0142 i zrealizowa\u0142 scenografi\u0119 do opery Don Kichot J. Masseneta. Doskona\u0142a 00oprawa plastyczna mia\u0142a mie\u0107 wed\u0142ug s\u0142\u00f3w artysty tak samo radykaln\u0105 wymow\u0119 jak teatr Cricot2.<\/p>\n<p>Tadeusz Kantor w za\u0142o\u017conym przez siebie w 1955 roku teatrze Cricot2, realizowa\u0142 sztuki wed\u0142ug Witkacego oraz spektakle autorskie. Niezwyk\u0142a formu\u0142a Teatru \u015amierci i takie spektakle jak m.in. Umar\u0142a Klasa (1975) przynios\u0142y arty\u015bcie \u015bwiatow\u0105 s\u0142aw\u0119. Teatr Tadeusza Kantora powstawa\u0142 zawsze w zwi\u0105zku z jego tw\u00f3rczo\u015bci\u0105 malarsk\u0105. Artysta przeszczepia\u0142 na polski grunt awangardowe pr\u0105dy tworz\u0105c malarstwo metaforyczne, uprawiaj\u0105c sztuk\u0119 informel i realizuj\u0105c happeningi.<\/p>\n<figure id=\"attachment_50968\" aria-describedby=\"caption-attachment-50968\" style=\"width: 533px\" class=\"wp-caption alignnone\"><a href=\"https:\/\/ownetic.com\/wydarzenia\/2014\/09\/przestrzen-opery-polscy-scenografowie-xx-i-xxi-wieku-muzeum-narodowe-krakow\/tadeusz-kanot-przestrzen-opery-muzeum-narodowe-krakow-2014-08-30-004\/\" rel=\"attachment wp-att-50968\"><img loading=\"lazy\" class=\"size-medium wp-image-50968\" title=\"Tadeusz Kantor, projekt kostiumu do opery \u201eDon Kichot Julesa Masseneta\u201d, Miejski Teatr Muzyczny \u2013 Opera i Operetka w Krakowie, 1962, w\u0142. Archiwum Opery Krakowskiej (\u017ar\u00f3d\u0142o: materia\u0142y prasowe organizatora)\" src=\"https:\/\/ownetic.com\/wydarzenia\/wp-content\/uploads\/2014\/08\/tadeusz-kanot-przestrzen-opery-muzeum-narodowe-krakow-2014-08-30-004-533x800.jpg\" alt=\"Tadeusz Kantor, projekt kostiumu do opery \u201eDon Kichot Julesa Masseneta\u201d, Miejski Teatr Muzyczny \u2013 Opera i Operetka w Krakowie, 1962, w\u0142. Archiwum Opery Krakowskiej (\u017ar\u00f3d\u0142o: materia\u0142y prasowe organizatora)\" width=\"533\" height=\"800\" \/><\/a><figcaption id=\"caption-attachment-50968\" class=\"wp-caption-text\">Tadeusz Kantor, projekt kostiumu do opery \u201eDon Kichot Julesa Masseneta\u201d, Miejski Teatr Muzyczny \u2013 Opera i Operetka w Krakowie, 1962, w\u0142. Archiwum Opery Krakowskiej (\u017ar\u00f3d\u0142o: materia\u0142y prasowe organizatora)<\/figcaption><\/figure>\n<p><strong>Jerzy Skar\u017cy\u0144ski<\/strong><\/p>\n<p>Malarz, wybitny scenograf teatralny i filmowy, ilustrator, tw\u00f3rca plakat\u00f3w i komiks\u00f3w. Urodzi\u0142 si\u0119 w 1924 roku w Krakowie. Podczas okupacji zwi\u0105zany z Grup\u0105 M\u0142odych Plastyk\u00f3w oraz Podziemnym Teatrem Niezale\u017cnym Tadeusza Kantora. By\u0142 tak\u017ce uczniem Zawodowej Szko\u0142y Przemys\u0142u Artystycznego (Kunstgewerbeschule). Po wojnie zosta\u0142 s\u0142uchaczem krakowskiej ASP i Instytutu Sztuki Filmowej. W latach 1948\u20131958 pracowa\u0142 jako scenograf w Teatrze Lalki i Aktora Groteska, kszta\u0142tuj\u0105c niezwykle indywidualny styl projektowania dekoracji i kostium\u00f3w. Nast\u0119pnie od 1958 roku realizowa\u0142 scenografi\u0119 w Starym Teatrze. Od tego czasu wszystkie prace tworzy\u0142 wsp\u00f3lnie z \u017con\u0105 Lidi\u0105 Mintycz.<\/p>\n<p>Od 1959 roku tworzy\u0142 tak\u017ce scenografi\u0119 filmow\u0105. By\u0142 autorem ilustracji do wielu ksi\u0105\u017cek i czasopism, tw\u00f3rc\u0105 plakat\u00f3w teatralnych i filmowych, wsp\u00f3\u0142pracownikiem <em>Przekroju<\/em>. By\u0142 profesorem, a w latach 1990\u20131992 kierownikiem Podyplomowego Studium Scenografii Teatralnej, Filmowej i Telewizyjnej. Projektowa\u0142 scenografie dla wielu polskich scen, r\u00f3wnie\u017c teatr\u00f3w operowych. Poetyckie, niedopowiedziane, inspirowane surrealizmem prace Jerzego Skar\u017cy\u0144skiego, stwarza\u0142y odrealnion\u0105 i intryguj\u0105c\u0105 aur\u0119 spektaklu. Zmar\u0142 w 2004 roku w Krakowie.<\/p>\n<p><!--nextpage--><\/p>\n<figure id=\"attachment_50958\" aria-describedby=\"caption-attachment-50958\" style=\"width: 576px\" class=\"wp-caption alignnone\"><a href=\"https:\/\/ownetic.com\/wydarzenia\/2014\/09\/przestrzen-opery-polscy-scenografowie-xx-i-xxi-wieku-muzeum-narodowe-krakow\/andrzej-kreutz-majewski-przestrzen-opery-muzeum-narodowe-krakow-2014-08-30-013\/\" rel=\"attachment wp-att-50958\"><img loading=\"lazy\" class=\"size-medium wp-image-50958\" title=\"Andrzej Kreutz Majewski, niezrealizowane projekty scenografii do opery \u201eTurandot\u201d Giacomo Pucciniego, 2010, w\u0142. Zbiory prywatne (\u017ar\u00f3d\u0142o: materia\u0142y prasowe organizatora)\" src=\"https:\/\/ownetic.com\/wydarzenia\/wp-content\/uploads\/2014\/08\/andrzej-kreutz-majewski-przestrzen-opery-muzeum-narodowe-krak\u00f3w-2014-08-30-013-576x407.jpg\" alt=\"Andrzej Kreutz Majewski, niezrealizowane projekty scenografii do opery \u201eTurandot\u201d Giacomo Pucciniego, 2010, w\u0142. Zbiory prywatne (\u017ar\u00f3d\u0142o: materia\u0142y prasowe organizatora)\" width=\"576\" height=\"407\" \/><\/a><figcaption id=\"caption-attachment-50958\" class=\"wp-caption-text\">Andrzej Kreutz Majewski, niezrealizowane projekty scenografii do opery \u201eTurandot\u201d Giacomo Pucciniego, 2010, w\u0142. Zbiory prywatne (\u017ar\u00f3d\u0142o: materia\u0142y prasowe organizatora)<\/figcaption><\/figure>\n<p><strong>J\u00f3zef Szajna<\/strong><\/p>\n<p>Scenograf, re\u017cyser, autor scenariuszy teatralnych, teoretyk teatru, malarz i grafik. Urodzi\u0142 si\u0119 w 1922 roku w Rzeszowie. W okresie okupacji wi\u0119ziony w obozie koncentracyjnym w O\u015bwi\u0119cimiu. Do\u015bwiadczenia wojenne zdeterminowa\u0142y sztuk\u0119 J\u00f3zefa Szajny i zawa\u017cy\u0142y na charakterze jego tw\u00f3rczo\u015bci artystycznej. W latach 1948\u20131953 studiowa\u0142 grafik\u0119 oraz scenografi\u0119 u Karola Frycza w krakowskiej ASP. Od 1955 roku zwi\u0105zany by\u0142 z Teatrem Ludowym w Nowej Hucie (w latach 1963\u20131966 jako dyrektor i kierownik artystyczny), realizuj\u0105c awangardowy program artystyczny, Wsp\u00f3\u0142pracowa\u0142 z wieloma polskimi teatrami m.in. Starym Teatrem, Teatrem \u015al\u0105skim w Katowicach, Teatrem Polskim w Warszawie.<\/p>\n<p>W 1971 obj\u0105\u0142 dyrekcj\u0119 Teatru Klasycznego w Warszawie, kt\u00f3ry w 1972 zosta\u0142 przekszta\u0142cony w Centrum Sztuki Studio, scen\u0119 eksperymentaln\u0105 i studyjn\u0105. J\u00f3zef Szajna tworzy\u0142 tak\u017ce scenografie i kostiumy dla Opery \u015al\u0105skiej w Bytomiu i Krakowskiego Teatru Muzycznego. Krakowska inscenizacja opery Faust Ch. Gounoda z 1967 roku jest przyk\u0142adem realizowanego przez artyst\u0119 teatru narracji plastycznej, w kt\u00f3rym to w\u0142a\u015bnie plastyka jest g\u0142\u00f3wnym no\u015bnikiem sens\u00f3w i znacze\u0144, a rola obrazu wykracza znacznie poza samo ilustrowanie tekstu libretta. J\u00f3zef Szajna zmar\u0142 w 2008 roku w Krakowie.<\/p>\n<figure id=\"attachment_50961\" aria-describedby=\"caption-attachment-50961\" style=\"width: 576px\" class=\"wp-caption alignnone\"><a href=\"https:\/\/ownetic.com\/wydarzenia\/2014\/09\/przestrzen-opery-polscy-scenografowie-xx-i-xxi-wieku-muzeum-narodowe-krakow\/jozef-szajna-przestrzen-opery-muzem-narodowe-krakow-2014-08-30-006\/\" rel=\"attachment wp-att-50961\"><img loading=\"lazy\" class=\"size-medium wp-image-50961\" title=\"J\u00f3zef Szajna, projekt scenografii do opery \u201eFaust\u201d Charlesa Gounoda, Miejski Teatr Muzyczny \u2013 Opera i Operetka w Krakowie, 1967, w\u0142. Archiwum Opery Krakowskiej (\u017ar\u00f3d\u0142o: materia\u0142y prasowe organizatora)\" src=\"https:\/\/ownetic.com\/wydarzenia\/wp-content\/uploads\/2014\/08\/jozef-szajna-przestrzen-opery-muzem-narodowe-krakow-2014-08-30-006-576x411.jpg\" alt=\"J\u00f3zef Szajna, projekt scenografii do opery \u201eFaust\u201d Charlesa Gounoda, Miejski Teatr Muzyczny \u2013 Opera i Operetka w Krakowie, 1967, w\u0142. Archiwum Opery Krakowskiej (\u017ar\u00f3d\u0142o: materia\u0142y prasowe organizatora)\" width=\"576\" height=\"411\" \/><\/a><figcaption id=\"caption-attachment-50961\" class=\"wp-caption-text\">J\u00f3zef Szajna, projekt scenografii do opery \u201eFaust\u201d Charlesa Gounoda, Miejski Teatr Muzyczny \u2013 Opera i Operetka w Krakowie, 1967, w\u0142. Archiwum Opery Krakowskiej (\u017ar\u00f3d\u0142o: materia\u0142y prasowe organizatora)<\/figcaption><\/figure>\n<p><strong>Andrzej Kreutz Majewski<\/strong><\/p>\n<p>\u015awiatowej s\u0142awy scenograf, malarz i pedagog. Urodzi\u0142 si\u0119 w 1936 roku w Brdowie. Studiowa\u0142 w krakowskiej ASP u Karola Frycza, Andrzeja Stopki i Adama Marczy\u0144skiego oraz w Akademii Sztuk Pi\u0119knych w Rzymie. Debiutowa\u0142 w Teatrze im. Juliusz S\u0142owackiego w Krakowie w 1959 roku. W 1961 roku na zaproszenie Bohdana Wodiczki podj\u0105\u0142 wsp\u00f3\u0142prac\u0119 z Pa\u0144stwow\u0105 Oper\u0105 w Warszawie. W latach 1966\u20132005 zwi\u0105zany by\u0142 z t\u0105 scen\u0105 na sta\u0142e jako naczelny scenograf. Wsp\u00f3\u0142pracowa\u0142 r\u00f3wnie\u017c z czo\u0142owymi teatrami operowymi \u015bwiata m.in. Covent Garden, Oper\u0105 Paryska, Oper\u0105 w Kolonii i Hamburgu, Metropolitan Opera w Nowym Jorku, a tak\u017ce teatrami w Amsterdamie, Ankarze, Atenach, Barcelonie, Bonn, Buenos Aires, Madrycie, Monachium, Los Angeles, Tel Awiwie, Turynie, Zurychu i wielu innych.<\/p>\n<p>Pracowa\u0142 z wybitnymi re\u017cyserami i choreografami m.in. Augustem Everdingiem i Serge Lifarem. Wi\u0119kszo\u015b\u0107 swej tw\u00f3rczo\u015bci dedykowa\u0142 operze i baletowi. By\u0142 tw\u00f3rc\u0105 symbolicznych scenografii, przesyconych specyficzn\u0105 metaforyk\u0105, oniryczn\u0105 i niepokoj\u0105c\u0105 wizj\u0105 \u015bwiata. Zmar\u0142 w 2011 roku w Warszawie.<\/p>\n<figure id=\"attachment_50956\" aria-describedby=\"caption-attachment-50956\" style=\"width: 533px\" class=\"wp-caption alignnone\"><a href=\"https:\/\/ownetic.com\/wydarzenia\/2014\/09\/przestrzen-opery-polscy-scenografowie-xx-i-xxi-wieku-muzeum-narodowe-krakow\/andrzej-kreutz-majewski-przestrzen-opery-muzeum-narodowe-krakow-2014-08-30-002\/\" rel=\"attachment wp-att-50956\"><img loading=\"lazy\" class=\"size-medium wp-image-50956\" title=\"Andrzej Kreutz Majewski, projekt kostiumu do baletu \u201eDon Juan\u201d Christopha Willibalda Glucka, Miejski Teatr Muzyczny \u2013 Opera i Operetka w Krakowie, 1965, w\u0142. Archiwum Opery Krakowskiej (\u017ar\u00f3d\u0142o: materia\u0142y prasowe organizatora)\" src=\"https:\/\/ownetic.com\/wydarzenia\/wp-content\/uploads\/2014\/08\/andrzej-kreutz-majewski-przestrzen-opery-muzeum-narodowe-krak\u00f3w-2014-08-30-002-533x800.jpg\" alt=\"Andrzej Kreutz Majewski, projekt kostiumu do baletu \u201eDon Juan\u201d Christopha Willibalda Glucka, Miejski Teatr Muzyczny \u2013 Opera i Operetka w Krakowie, 1965, w\u0142. Archiwum Opery Krakowskiej (\u017ar\u00f3d\u0142o: materia\u0142y prasowe organizatora)\" width=\"533\" height=\"800\" \/><\/a><figcaption id=\"caption-attachment-50956\" class=\"wp-caption-text\">Andrzej Kreutz Majewski, projekt kostiumu do baletu \u201eDon Juan\u201d Christopha Willibalda Glucka, Miejski Teatr Muzyczny \u2013 Opera i Operetka w Krakowie, 1965, w\u0142. Archiwum Opery Krakowskiej (\u017ar\u00f3d\u0142o: materia\u0142y prasowe organizatora)<\/figcaption><\/figure>\n<p><strong>Boris Kudli\u010dka<\/strong><\/p>\n<p>Jeden z najwybitniejszych wsp\u00f3\u0142czesnych scenograf\u00f3w europejskich. Urodzi\u0142 si\u0119 w 1972 roku na S\u0142owacji. Studiowa\u0142 w Katedrze Projektowania Scenografii i Kostiumu na Wydziale Teatralnym Akademii Artystycznej w Bratys\u0142awie oraz w Akademii Sztuk Pi\u0119knych Minerva w Gronningen.<\/p>\n<p>W 1995 roku rozpocz\u0105\u0142 wsp\u00f3\u0142prace z Teatrem Wielkim \u2013 Oper\u0105 Narodow\u0105 w Warszawie jako asystent Andrzeja Kreutz Majewskiego, a rok p\u00f3\u017aniej jako samodzielny scenograf. Realizuje g\u0142\u00f3wnie scenografie operowe, wsp\u00f3\u0142pracuje z czo\u0142owymi europejskimi re\u017cyserami. Z Mariuszem Treli\u0144skim zrealizowa\u0142 wiele spektakli operowych dla Teatru Wielkiego w Warszawie a tak\u017ce dla scen operowych w m.in. Berlinie, Bratys\u0142awie, Petersburgu, Moskwie, Los Angeles, Waszyngtonie, Tel Awiwie i Walencji. Nowoczesne scenografie Borisa Kudliki zmieniaj\u0105 historyczny kontekst inscenizowanych utwor\u00f3w, nadaj\u0105c im uniwersalny i ponadczasowy charakter. Innowacyjne w swej formie, powstaj\u0105 z wykorzystaniem najnowszej technologii i materia\u0142\u00f3w takich jak plastik, aluminium, laser i wideo projekcja.<\/p>\n<p><!--nextpage--><\/p>\n<figure id=\"attachment_50969\" aria-describedby=\"caption-attachment-50969\" style=\"width: 576px\" class=\"wp-caption alignnone\"><a href=\"https:\/\/ownetic.com\/wydarzenia\/2014\/09\/przestrzen-opery-polscy-scenografowie-xx-i-xxi-wieku-muzeum-narodowe-krakow\/teresa-roszkowska-przestrzen-opery-muzeum-narodowe-krakow-2014-08-30-004\/\" rel=\"attachment wp-att-50969\"><img loading=\"lazy\" class=\"size-medium wp-image-50969\" title=\"Teresa Roszkowska, projekty kostium\u00f3w do opery \u201eDon Pasquale Gaetano Donizettiego\u201d, Pa\u0144stwowa Opera w Warszawie, 1961, w\u0142. Muzeum Teatralne w Teatrze Wielkim \u2013 Operze Narodowej w Warszawie (\u017ar\u00f3d\u0142o: materia\u0142y prasowe organizatora)\" src=\"https:\/\/ownetic.com\/wydarzenia\/wp-content\/uploads\/2014\/08\/teresa-roszkowska-przestrzen-opery-muzeum-narodowe-krakow-2014-08-30-004-576x783.jpg\" alt=\"Teresa Roszkowska, projekty kostium\u00f3w do opery \u201eDon Pasquale Gaetano Donizettiego\u201d, Pa\u0144stwowa Opera w Warszawie, 1961, w\u0142. Muzeum Teatralne w Teatrze Wielkim \u2013 Operze Narodowej w Warszawie (\u017ar\u00f3d\u0142o: materia\u0142y prasowe organizatora)\" width=\"576\" height=\"783\" \/><\/a><figcaption id=\"caption-attachment-50969\" class=\"wp-caption-text\">Teresa Roszkowska, projekty kostium\u00f3w do opery \u201eDon Pasquale Gaetano Donizettiego\u201d, Pa\u0144stwowa Opera w Warszawie, 1961, w\u0142. Muzeum Teatralne w Teatrze Wielkim \u2013 Operze Narodowej w Warszawie (\u017ar\u00f3d\u0142o: materia\u0142y prasowe organizatora)<\/figcaption><\/figure>\n<p>Wystawa jest wsp\u00f3lnym projektem Muzeum Narodowego w Krakowie i Opery Krakowskiej<\/p>\n<p>Kurator: Katarzyna Sanocka<br \/>\nKoordynator: Maria Grzywacz<br \/>\nAran\u017cacja: Przemys\u0142aw Klonowski<br \/>\n\u015awiat\u0142o i multimedia: Marta Saint Tokarz<\/p>\n<p style=\"margin-bottom: 0cm; line-height: 150%;\"><strong><em>Przestrze\u0144 Opery. Polscy scenografowie XX i XXI wieku<\/em><\/strong><br \/>\nOd 14 pa\u017adziernika do 31 grudnia 2014 roku<br \/>\nGmach G\u0142\u00f3wny, al. 3 Maja 1<br \/>\nMuzeum Narodowe w Krakowie<\/p>\n","protected":false},"excerpt":{"rendered":"<p>Wystawa <em>Przestrze\u0144 Opery. Polscy scenografowie XX i XXI wieku<\/em> w MNK ods\u0142ania przed widzami kulisy wyobra\u017ani wielkich artyst\u00f3w i scenograf\u00f3w, kt\u00f3rzy od czas\u00f3w II wojny \u015bwiatowej kreowali teatr operowy, projektuj\u0105c scenografi\u0119 i kostiumy. Zobaczymy kilkaset projekt\u00f3w dekoracji i kostium\u00f3w, fotografii, makiet, a tak\u017ce prezentacje multimedialne, fragmenty oper i film\u00f3w o tw\u00f3rcach. Us\u0142yszymy najpi\u0119kniejsze arie operowe. Wejdziemy do magazyn\u00f3w dekoracji i charakteryzatorni, a na koniec znajdziemy si\u0119 na scenie.<\/p>\n","protected":false},"author":87,"featured_media":50955,"comment_status":"open","ping_status":"closed","sticky":false,"template":"","format":"standard","meta":[],"categories":[25],"tags":[9134,9133,9135,1653,9136,9129,35,9130,9132,272,9131,1252],"powerkit_post_featured":[],"yoast_head":"<!-- This site is optimized with the Yoast SEO plugin v18.7 - https:\/\/yoast.com\/wordpress\/plugins\/seo\/ -->\n<title>Przestrze\u0144 Opery. Polscy scenografowie XX i XXI wieku<\/title>\n<meta name=\"description\" content=\"Od 14 pa\u017adziernika do 31 grudnia w Muzeum Narodowych b\u0119dzie mo\u017cna zobaczy\u0107 wystaw\u0119, Przestrze\u0144 Opery. Polscy scenografowie XX i XXI wieku.\" \/>\n<meta name=\"robots\" content=\"index, follow, max-snippet:-1, max-image-preview:large, max-video-preview:-1\" \/>\n<link rel=\"canonical\" href=\"https:\/\/ownetic.com\/wydarzenia\/2014\/09\/przestrzen-opery-polscy-scenografowie-xx-i-xxi-wieku-muzeum-narodowe-krakow\/\" \/>\n<link rel=\"next\" href=\"https:\/\/ownetic.com\/wydarzenia\/2014\/09\/przestrzen-opery-polscy-scenografowie-xx-i-xxi-wieku-muzeum-narodowe-krakow\/2\/\" \/>\n<meta name=\"twitter:card\" content=\"summary_large_image\" \/>\n<meta name=\"twitter:title\" content=\"Przestrze\u0144 Opery. Polscy scenografowie XX i XXI wieku\" \/>\n<meta name=\"twitter:description\" content=\"Od 14 pa\u017adziernika do 31 grudnia w Muzeum Narodowych b\u0119dzie mo\u017cna zobaczy\u0107 wystaw\u0119, Przestrze\u0144 Opery. Polscy scenografowie XX i XXI wieku.\" \/>\n<meta name=\"twitter:image\" content=\"https:\/\/ownetic.com\/wydarzenia\/wp-content\/uploads\/2014\/08\/andrzej-kreutz-majewski-przestrzen-opery-muzeum-narodowe-krak\u00f3w-2014-08-30-001.jpg\" \/>\n<meta name=\"twitter:label1\" content=\"Napisane przez\" \/>\n\t<meta name=\"twitter:data1\" content=\"Agata Pamula\" \/>\n\t<meta name=\"twitter:label2\" content=\"Szacowany czas czytania\" \/>\n\t<meta name=\"twitter:data2\" content=\"9 minut\" \/>\n<script type=\"application\/ld+json\" class=\"yoast-schema-graph\">{\"@context\":\"https:\/\/schema.org\",\"@graph\":[{\"@type\":\"WebSite\",\"@id\":\"https:\/\/ownetic.com\/wydarzenia\/#website\",\"url\":\"https:\/\/ownetic.com\/wydarzenia\/\",\"name\":\"Wydarzenia O.pl\",\"description\":\"Przestrze\u0144 prezentacji najwa\u017cniejszych wydarze\u0144 z takich dziedzin, jak: sztuka, design, fotografia, film, muzyka, teatr, literatura, historia, taniec, architektura\",\"potentialAction\":[{\"@type\":\"SearchAction\",\"target\":{\"@type\":\"EntryPoint\",\"urlTemplate\":\"https:\/\/ownetic.com\/wydarzenia\/?s={search_term_string}\"},\"query-input\":\"required name=search_term_string\"}],\"inLanguage\":\"pl-PL\"},{\"@type\":\"ImageObject\",\"inLanguage\":\"pl-PL\",\"@id\":\"https:\/\/ownetic.com\/wydarzenia\/2014\/09\/przestrzen-opery-polscy-scenografowie-xx-i-xxi-wieku-muzeum-narodowe-krakow\/#primaryimage\",\"url\":\"https:\/\/ownetic.com\/wydarzenia\/wp-content\/uploads\/2014\/08\/andrzej-kreutz-majewski-przestrzen-opery-muzeum-narodowe-krak\u00f3w-2014-08-30-001.jpg\",\"contentUrl\":\"https:\/\/ownetic.com\/wydarzenia\/wp-content\/uploads\/2014\/08\/andrzej-kreutz-majewski-przestrzen-opery-muzeum-narodowe-krak\u00f3w-2014-08-30-001.jpg\",\"caption\":\"Andrzej Kreutz Majewski, projekty kostium\u00f3w do opery \u201ePajace\u201d Ruggiero Leoncavalla, Miejski Teatr Muzyczny \u2013 Opera i Operetka w Krakowie, 1960, w\u0142. Archiwum Opery Krakowskiej (\u017ar\u00f3d\u0142o: materia\u0142y prasowe organizatora)\"},{\"@type\":\"WebPage\",\"@id\":\"https:\/\/ownetic.com\/wydarzenia\/2014\/09\/przestrzen-opery-polscy-scenografowie-xx-i-xxi-wieku-muzeum-narodowe-krakow\/#webpage\",\"url\":\"https:\/\/ownetic.com\/wydarzenia\/2014\/09\/przestrzen-opery-polscy-scenografowie-xx-i-xxi-wieku-muzeum-narodowe-krakow\/\",\"name\":\"Przestrze\u0144 Opery. Polscy scenografowie XX i XXI wieku\",\"isPartOf\":{\"@id\":\"https:\/\/ownetic.com\/wydarzenia\/#website\"},\"primaryImageOfPage\":{\"@id\":\"https:\/\/ownetic.com\/wydarzenia\/2014\/09\/przestrzen-opery-polscy-scenografowie-xx-i-xxi-wieku-muzeum-narodowe-krakow\/#primaryimage\"},\"datePublished\":\"2014-09-09T09:00:39+00:00\",\"dateModified\":\"2014-11-12T10:51:21+00:00\",\"author\":{\"@id\":\"https:\/\/ownetic.com\/wydarzenia\/#\/schema\/person\/b6c25945f54778ea83608a3c9b3ed93d\"},\"description\":\"Od 14 pa\u017adziernika do 31 grudnia w Muzeum Narodowych b\u0119dzie mo\u017cna zobaczy\u0107 wystaw\u0119, Przestrze\u0144 Opery. Polscy scenografowie XX i XXI wieku.\",\"breadcrumb\":{\"@id\":\"https:\/\/ownetic.com\/wydarzenia\/2014\/09\/przestrzen-opery-polscy-scenografowie-xx-i-xxi-wieku-muzeum-narodowe-krakow\/#breadcrumb\"},\"inLanguage\":\"pl-PL\",\"potentialAction\":[{\"@type\":\"ReadAction\",\"target\":[\"https:\/\/ownetic.com\/wydarzenia\/2014\/09\/przestrzen-opery-polscy-scenografowie-xx-i-xxi-wieku-muzeum-narodowe-krakow\/\"]}]},{\"@type\":\"BreadcrumbList\",\"@id\":\"https:\/\/ownetic.com\/wydarzenia\/2014\/09\/przestrzen-opery-polscy-scenografowie-xx-i-xxi-wieku-muzeum-narodowe-krakow\/#breadcrumb\",\"itemListElement\":[{\"@type\":\"ListItem\",\"position\":1,\"name\":\"Strona g\u0142\u00f3wna\"}]},{\"@type\":\"Person\",\"@id\":\"https:\/\/ownetic.com\/wydarzenia\/#\/schema\/person\/b6c25945f54778ea83608a3c9b3ed93d\",\"name\":\"Agata Pamula\",\"url\":\"https:\/\/ownetic.com\/wydarzenia\/author\/agata-pamula\/\"}]}<\/script>\n<!-- \/ Yoast SEO plugin. -->","yoast_head_json":{"title":"Przestrze\u0144 Opery. Polscy scenografowie XX i XXI wieku","description":"Od 14 pa\u017adziernika do 31 grudnia w Muzeum Narodowych b\u0119dzie mo\u017cna zobaczy\u0107 wystaw\u0119, Przestrze\u0144 Opery. Polscy scenografowie XX i XXI wieku.","robots":{"index":"index","follow":"follow","max-snippet":"max-snippet:-1","max-image-preview":"max-image-preview:large","max-video-preview":"max-video-preview:-1"},"canonical":"https:\/\/ownetic.com\/wydarzenia\/2014\/09\/przestrzen-opery-polscy-scenografowie-xx-i-xxi-wieku-muzeum-narodowe-krakow\/","next":"https:\/\/ownetic.com\/wydarzenia\/2014\/09\/przestrzen-opery-polscy-scenografowie-xx-i-xxi-wieku-muzeum-narodowe-krakow\/2\/","twitter_card":"summary_large_image","twitter_title":"Przestrze\u0144 Opery. Polscy scenografowie XX i XXI wieku","twitter_description":"Od 14 pa\u017adziernika do 31 grudnia w Muzeum Narodowych b\u0119dzie mo\u017cna zobaczy\u0107 wystaw\u0119, Przestrze\u0144 Opery. Polscy scenografowie XX i XXI wieku.","twitter_image":"https:\/\/ownetic.com\/wydarzenia\/wp-content\/uploads\/2014\/08\/andrzej-kreutz-majewski-przestrzen-opery-muzeum-narodowe-krak\u00f3w-2014-08-30-001.jpg","twitter_misc":{"Napisane przez":"Agata Pamula","Szacowany czas czytania":"9 minut"},"schema":{"@context":"https:\/\/schema.org","@graph":[{"@type":"WebSite","@id":"https:\/\/ownetic.com\/wydarzenia\/#website","url":"https:\/\/ownetic.com\/wydarzenia\/","name":"Wydarzenia O.pl","description":"Przestrze\u0144 prezentacji najwa\u017cniejszych wydarze\u0144 z takich dziedzin, jak: sztuka, design, fotografia, film, muzyka, teatr, literatura, historia, taniec, architektura","potentialAction":[{"@type":"SearchAction","target":{"@type":"EntryPoint","urlTemplate":"https:\/\/ownetic.com\/wydarzenia\/?s={search_term_string}"},"query-input":"required name=search_term_string"}],"inLanguage":"pl-PL"},{"@type":"ImageObject","inLanguage":"pl-PL","@id":"https:\/\/ownetic.com\/wydarzenia\/2014\/09\/przestrzen-opery-polscy-scenografowie-xx-i-xxi-wieku-muzeum-narodowe-krakow\/#primaryimage","url":"https:\/\/ownetic.com\/wydarzenia\/wp-content\/uploads\/2014\/08\/andrzej-kreutz-majewski-przestrzen-opery-muzeum-narodowe-krak\u00f3w-2014-08-30-001.jpg","contentUrl":"https:\/\/ownetic.com\/wydarzenia\/wp-content\/uploads\/2014\/08\/andrzej-kreutz-majewski-przestrzen-opery-muzeum-narodowe-krak\u00f3w-2014-08-30-001.jpg","caption":"Andrzej Kreutz Majewski, projekty kostium\u00f3w do opery \u201ePajace\u201d Ruggiero Leoncavalla, Miejski Teatr Muzyczny \u2013 Opera i Operetka w Krakowie, 1960, w\u0142. Archiwum Opery Krakowskiej (\u017ar\u00f3d\u0142o: materia\u0142y prasowe organizatora)"},{"@type":"WebPage","@id":"https:\/\/ownetic.com\/wydarzenia\/2014\/09\/przestrzen-opery-polscy-scenografowie-xx-i-xxi-wieku-muzeum-narodowe-krakow\/#webpage","url":"https:\/\/ownetic.com\/wydarzenia\/2014\/09\/przestrzen-opery-polscy-scenografowie-xx-i-xxi-wieku-muzeum-narodowe-krakow\/","name":"Przestrze\u0144 Opery. Polscy scenografowie XX i XXI wieku","isPartOf":{"@id":"https:\/\/ownetic.com\/wydarzenia\/#website"},"primaryImageOfPage":{"@id":"https:\/\/ownetic.com\/wydarzenia\/2014\/09\/przestrzen-opery-polscy-scenografowie-xx-i-xxi-wieku-muzeum-narodowe-krakow\/#primaryimage"},"datePublished":"2014-09-09T09:00:39+00:00","dateModified":"2014-11-12T10:51:21+00:00","author":{"@id":"https:\/\/ownetic.com\/wydarzenia\/#\/schema\/person\/b6c25945f54778ea83608a3c9b3ed93d"},"description":"Od 14 pa\u017adziernika do 31 grudnia w Muzeum Narodowych b\u0119dzie mo\u017cna zobaczy\u0107 wystaw\u0119, Przestrze\u0144 Opery. Polscy scenografowie XX i XXI wieku.","breadcrumb":{"@id":"https:\/\/ownetic.com\/wydarzenia\/2014\/09\/przestrzen-opery-polscy-scenografowie-xx-i-xxi-wieku-muzeum-narodowe-krakow\/#breadcrumb"},"inLanguage":"pl-PL","potentialAction":[{"@type":"ReadAction","target":["https:\/\/ownetic.com\/wydarzenia\/2014\/09\/przestrzen-opery-polscy-scenografowie-xx-i-xxi-wieku-muzeum-narodowe-krakow\/"]}]},{"@type":"BreadcrumbList","@id":"https:\/\/ownetic.com\/wydarzenia\/2014\/09\/przestrzen-opery-polscy-scenografowie-xx-i-xxi-wieku-muzeum-narodowe-krakow\/#breadcrumb","itemListElement":[{"@type":"ListItem","position":1,"name":"Strona g\u0142\u00f3wna"}]},{"@type":"Person","@id":"https:\/\/ownetic.com\/wydarzenia\/#\/schema\/person\/b6c25945f54778ea83608a3c9b3ed93d","name":"Agata Pamula","url":"https:\/\/ownetic.com\/wydarzenia\/author\/agata-pamula\/"}]}},"_links":{"self":[{"href":"https:\/\/ownetic.com\/wydarzenia\/wp-json\/wp\/v2\/posts\/50954"}],"collection":[{"href":"https:\/\/ownetic.com\/wydarzenia\/wp-json\/wp\/v2\/posts"}],"about":[{"href":"https:\/\/ownetic.com\/wydarzenia\/wp-json\/wp\/v2\/types\/post"}],"author":[{"embeddable":true,"href":"https:\/\/ownetic.com\/wydarzenia\/wp-json\/wp\/v2\/users\/87"}],"replies":[{"embeddable":true,"href":"https:\/\/ownetic.com\/wydarzenia\/wp-json\/wp\/v2\/comments?post=50954"}],"version-history":[{"count":0,"href":"https:\/\/ownetic.com\/wydarzenia\/wp-json\/wp\/v2\/posts\/50954\/revisions"}],"wp:featuredmedia":[{"embeddable":true,"href":"https:\/\/ownetic.com\/wydarzenia\/wp-json\/wp\/v2\/media\/50955"}],"wp:attachment":[{"href":"https:\/\/ownetic.com\/wydarzenia\/wp-json\/wp\/v2\/media?parent=50954"}],"wp:term":[{"taxonomy":"category","embeddable":true,"href":"https:\/\/ownetic.com\/wydarzenia\/wp-json\/wp\/v2\/categories?post=50954"},{"taxonomy":"post_tag","embeddable":true,"href":"https:\/\/ownetic.com\/wydarzenia\/wp-json\/wp\/v2\/tags?post=50954"},{"taxonomy":"powerkit_post_featured","embeddable":true,"href":"https:\/\/ownetic.com\/wydarzenia\/wp-json\/wp\/v2\/powerkit_post_featured?post=50954"}],"curies":[{"name":"wp","href":"https:\/\/api.w.org\/{rel}","templated":true}]}}