{"id":53013,"date":"2014-12-04T00:00:31","date_gmt":"2014-12-03T23:00:31","guid":{"rendered":"https:\/\/ownetic.com\/wydarzenia\/?p=53013"},"modified":"2015-02-06T13:31:14","modified_gmt":"2015-02-06T12:31:14","slug":"zbigniew-lagocki-pozdrowienia-z-muszyny-galeria-stara-ldk-lodz","status":"publish","type":"post","link":"https:\/\/ownetic.com\/wydarzenia\/2014\/12\/zbigniew-lagocki-pozdrowienia-z-muszyny-galeria-stara-ldk-lodz\/","title":{"rendered":"Zbigniew \u0141agocki. Pozdrowienia z Muszyny!"},"content":{"rendered":"<p>Ekspozycja ma na celu wyodr\u0119bnienie i zaznaczenie tw\u00f3rczo\u015bci Zbigniewa \u0141agockiego w dziedzinie <em>fotografii poczt\u00f3wkowej<\/em>. Tym samym, wystawa poruszy aspekt jego dzia\u0142alno\u015bci w okresie PRL \u2013 tak odmienny od szeroko opracowanej w badaniach jego najbardziej reprezentatywnej tw\u00f3rczo\u015bci artystycznej obejmuj\u0105cej, mi\u0119dzy innymi, tematyk\u0119 akt\u00f3w oraz portret\u00f3w. Wobec do tej pory znanego dorobku \u0141agockiego tym bardziej zaskakuj\u0105cy staje si\u0119 fakt, \u017ce w latach 70. i 80. we wsp\u00f3\u0142pracy z Krajow\u0105 Agencj\u0105 Wydawnicz\u0105, na kartkach pocztowych by\u0142y publikowane jego zdj\u0119cia prezentuj\u0105ce mi\u0119dzy innymi sanatoria, kurorty i domy wypoczynkowe \u2013 dalekie od subtelnej estetyki.<\/p>\n<figure id=\"attachment_53017\" aria-describedby=\"caption-attachment-53017\" style=\"width: 576px\" class=\"wp-caption alignnone\"><a href=\"https:\/\/ownetic.com\/wydarzenia\/2014\/12\/zbigniew-lagocki-pozdrowienia-z-muszyny-galeria-stara-ldk-lodz\/zbigniew-lagocki-krynica-sanatorium-budowlani-2014-11-26\/\" rel=\"attachment wp-att-53017\"><img loading=\"lazy\" class=\"size-medium wp-image-53017\" title=\"\u00a9 fot. Zbigniew \u0141agocki. \u201eKrynica. Sanatorium Budowlani\u201d, lata 70-te (\u017ar\u00f3d\u0142o: materia\u0142y prasowe organizatora)\" src=\"https:\/\/ownetic.com\/wydarzenia\/wp-content\/uploads\/2014\/11\/zbigniew-lagocki-krynica-sanatorium-budowlani-2014-11-26-576x380.jpg\" alt=\"\u00a9 fot. Zbigniew \u0141agocki. \u201eKrynica. Sanatorium Budowlani\u201d, lata 70-te (\u017ar\u00f3d\u0142o: materia\u0142y prasowe organizatora)\" width=\"576\" height=\"380\" \/><\/a><figcaption id=\"caption-attachment-53017\" class=\"wp-caption-text\">\u00a9 fot. Zbigniew \u0141agocki. \u201eKrynica. Sanatorium Budowlani\u201d, lata 70-te (\u017ar\u00f3d\u0142o: materia\u0142y prasowe organizatora)<\/figcaption><\/figure>\n<p>Projekt wystawy powsta\u0142 jako praca magisterska Katarzyny Kowalskiej (kuratorki wystawy) zrealizowana na specjalizacji kuratorskiej pod kierunkiem dr hab. Andrzeja Szczerskiego w Instytucie Historii Sztuki Uniwersytetu Jagiello\u0144skiego w Krakowie. Wystawa jest realizowana przy wsp\u00f3\u0142pracy artystycznej i merytorycznej z dr Mari\u0105 Pyrlik \u2013 w\u0142a\u015bcicielem spu\u015bcizny artystycznej Zbigniewa \u0141agockiego.<\/p>\n<p>(Katarzyna Kowalska)<\/p>\n<div id='gallery-1' class='gallery galleryid-53013 gallery-columns-6 gallery-size-thumbnail'><figure class='gallery-item'>\n\t\t\t<div class='gallery-icon '>\n\t\t\t\t<a href='https:\/\/ownetic.com\/wydarzenia\/2014\/12\/zbigniew-lagocki-pozdrowienia-z-muszyny-galeria-stara-ldk-lodz\/pozdrowienia-z-muszyny-galeria-stara-lodz-2014-12-17-030\/'><img width=\"1\" height=\"1\" src=\"https:\/\/ownetic.com\/wydarzenia\/wp-content\/uploads\/2014\/12\/pozdrowienia-z-muszyny-galeria-stara-lodz-2014-12-17-030.jpg\" class=\"attachment-thumbnail size-thumbnail\" alt=\"Dom Wczasowy \u017bera\u0144 w Muszynie (1974 r.), wystawa fotografii Zbigniewa \u0141agockiego \u201ePozdrowienia z Muszyny!\u201d, Galeria Stara w \u0141odzi, 13.12.2014\u201317.01.2015, fot. Szymon Mamczur (\u017ar\u00f3d\u0142o: materia\u0142y prasowe organizatora)\" loading=\"lazy\" aria-describedby=\"gallery-1-53362\" \/><\/a>\n\t\t\t<\/div>\n\t\t\t\t<figcaption class='wp-caption-text gallery-caption' id='gallery-1-53362'>\n\t\t\t\tDom Wczasowy \u017bera\u0144 w Muszynie (1974 r.), wystawa fotografii Zbigniewa \u0141agockiego \u201ePozdrowienia z Muszyny!\u201d, Galeria Stara w \u0141odzi, 13.12.2014\u201317.01.2015, fot. Szymon Mamczur (\u017ar\u00f3d\u0142o: materia\u0142y prasowe organizatora)\n\t\t\t\t<\/figcaption><\/figure><figure class='gallery-item'>\n\t\t\t<div class='gallery-icon '>\n\t\t\t\t<a href='https:\/\/ownetic.com\/wydarzenia\/2014\/12\/zbigniew-lagocki-pozdrowienia-z-muszyny-galeria-stara-ldk-lodz\/pozdrowienia-z-muszyny-galeria-stara-lodz-2014-12-17-029\/'><img width=\"1\" height=\"1\" src=\"https:\/\/ownetic.com\/wydarzenia\/wp-content\/uploads\/2014\/12\/pozdrowienia-z-muszyny-galeria-stara-lodz-2014-12-17-029.jpg\" class=\"attachment-thumbnail size-thumbnail\" alt=\"Dom Wczasowy \u017bera\u0144 w Muszynie (1974 r.), wystawa fotografii Zbigniewa \u0141agockiego \u201ePozdrowienia z Muszyny!\u201d, Galeria Stara w \u0141odzi, 13.12.2014\u201317.01.2015, fot. Szymon Mamczur (\u017ar\u00f3d\u0142o: materia\u0142y prasowe organizatora)\" loading=\"lazy\" aria-describedby=\"gallery-1-53361\" \/><\/a>\n\t\t\t<\/div>\n\t\t\t\t<figcaption class='wp-caption-text gallery-caption' id='gallery-1-53361'>\n\t\t\t\tDom Wczasowy \u017bera\u0144 w Muszynie (1974 r.), wystawa fotografii Zbigniewa \u0141agockiego \u201ePozdrowienia z Muszyny!\u201d, Galeria Stara w \u0141odzi, 13.12.2014\u201317.01.2015, fot. Szymon Mamczur (\u017ar\u00f3d\u0142o: materia\u0142y prasowe organizatora)\n\t\t\t\t<\/figcaption><\/figure><figure class='gallery-item'>\n\t\t\t<div class='gallery-icon '>\n\t\t\t\t<a href='https:\/\/ownetic.com\/wydarzenia\/2014\/12\/zbigniew-lagocki-pozdrowienia-z-muszyny-galeria-stara-ldk-lodz\/pozdrowienia-z-muszyny-galeria-stara-lodz-2014-12-17-028\/'><img width=\"1\" height=\"1\" src=\"https:\/\/ownetic.com\/wydarzenia\/wp-content\/uploads\/2014\/12\/pozdrowienia-z-muszyny-galeria-stara-lodz-2014-12-17-028.jpg\" class=\"attachment-thumbnail size-thumbnail\" alt=\"Dom Wczasowy \u017bera\u0144 w Muszynie (1974 r.), wystawa fotografii Zbigniewa \u0141agockiego \u201ePozdrowienia z Muszyny!\u201d, Galeria Stara w \u0141odzi, 13.12.2014\u201317.01.2015, fot. Szymon Mamczur (\u017ar\u00f3d\u0142o: materia\u0142y prasowe organizatora)\" loading=\"lazy\" aria-describedby=\"gallery-1-53360\" \/><\/a>\n\t\t\t<\/div>\n\t\t\t\t<figcaption class='wp-caption-text gallery-caption' id='gallery-1-53360'>\n\t\t\t\tDom Wczasowy \u017bera\u0144 w Muszynie (1974 r.), wystawa fotografii Zbigniewa \u0141agockiego \u201ePozdrowienia z Muszyny!\u201d, Galeria Stara w \u0141odzi, 13.12.2014\u201317.01.2015, fot. Szymon Mamczur (\u017ar\u00f3d\u0142o: materia\u0142y prasowe organizatora) \n\t\t\t\t<\/figcaption><\/figure><figure class='gallery-item'>\n\t\t\t<div class='gallery-icon '>\n\t\t\t\t<a href='https:\/\/ownetic.com\/wydarzenia\/2014\/12\/zbigniew-lagocki-pozdrowienia-z-muszyny-galeria-stara-ldk-lodz\/pozdrowienia-z-muszyny-galeria-stara-lodz-2014-12-17-027\/'><img width=\"1\" height=\"1\" src=\"https:\/\/ownetic.com\/wydarzenia\/wp-content\/uploads\/2014\/12\/pozdrowienia-z-muszyny-galeria-stara-lodz-2014-12-17-027.jpg\" class=\"attachment-thumbnail size-thumbnail\" alt=\"Sanatorium Metalowiec w Muszynie (poczt\u00f3wka), wystawa fotografii Zbigniewa \u0141agockiego \u201ePozdrowienia z Muszyny!\u201d, Galeria Stara w \u0141odzi, 13.12.2014\u201317.01.2015, fot. Szymon Mamczur (\u017ar\u00f3d\u0142o: materia\u0142y prasowe organizatora)\" loading=\"lazy\" aria-describedby=\"gallery-1-53359\" \/><\/a>\n\t\t\t<\/div>\n\t\t\t\t<figcaption class='wp-caption-text gallery-caption' id='gallery-1-53359'>\n\t\t\t\tSanatorium Metalowiec w Muszynie (poczt\u00f3wka), wystawa fotografii Zbigniewa \u0141agockiego \u201ePozdrowienia z Muszyny!\u201d, Galeria Stara w \u0141odzi, 13.12.2014\u201317.01.2015, fot. Szymon Mamczur (\u017ar\u00f3d\u0142o: materia\u0142y prasowe organizatora) \n\t\t\t\t<\/figcaption><\/figure><figure class='gallery-item'>\n\t\t\t<div class='gallery-icon '>\n\t\t\t\t<a href='https:\/\/ownetic.com\/wydarzenia\/2014\/12\/zbigniew-lagocki-pozdrowienia-z-muszyny-galeria-stara-ldk-lodz\/pozdrowienia-z-muszyny-galeria-stara-lodz-2014-12-17-026\/'><img width=\"1\" height=\"1\" src=\"https:\/\/ownetic.com\/wydarzenia\/wp-content\/uploads\/2014\/12\/pozdrowienia-z-muszyny-galeria-stara-lodz-2014-12-17-026.jpg\" class=\"attachment-thumbnail size-thumbnail\" alt=\"Nowy Dom Zdrojowy i deptak w Krynicy Zdroju (1974 r.), wystawa fotografii Zbigniewa \u0141agockiego \u201ePozdrowienia z Muszyny!\u201d, Galeria Stara w \u0141odzi, 13.12.2014\u201317.01.2015, fot. Szymon Mamczur (\u017ar\u00f3d\u0142o: materia\u0142y prasowe organizatora)\" loading=\"lazy\" aria-describedby=\"gallery-1-53358\" \/><\/a>\n\t\t\t<\/div>\n\t\t\t\t<figcaption class='wp-caption-text gallery-caption' id='gallery-1-53358'>\n\t\t\t\tNowy Dom Zdrojowy i deptak w Krynicy Zdroju (1974 r.), wystawa fotografii Zbigniewa \u0141agockiego \u201ePozdrowienia z Muszyny!\u201d, Galeria Stara w \u0141odzi, 13.12.2014\u201317.01.2015, fot. Szymon Mamczur (\u017ar\u00f3d\u0142o: materia\u0142y prasowe organizatora) \n\t\t\t\t<\/figcaption><\/figure><figure class='gallery-item'>\n\t\t\t<div class='gallery-icon '>\n\t\t\t\t<a href='https:\/\/ownetic.com\/wydarzenia\/2014\/12\/zbigniew-lagocki-pozdrowienia-z-muszyny-galeria-stara-ldk-lodz\/pozdrowienia-z-muszyny-galeria-stara-lodz-2014-12-17-025\/'><img width=\"1\" height=\"1\" src=\"https:\/\/ownetic.com\/wydarzenia\/wp-content\/uploads\/2014\/12\/pozdrowienia-z-muszyny-galeria-stara-lodz-2014-12-17-025.jpg\" class=\"attachment-thumbnail size-thumbnail\" alt=\"Dom Wczasowy \u017bera\u0144 w Muszynie (poczt\u00f3wka), wystawa fotografii Zbigniewa \u0141agockiego \u201ePozdrowienia z Muszyny!\u201d, Galeria Stara w \u0141odzi, 13.12.2014\u201317.01.2015, fot. Szymon Mamczur (\u017ar\u00f3d\u0142o: materia\u0142y prasowe organizatora)\" loading=\"lazy\" aria-describedby=\"gallery-1-53357\" \/><\/a>\n\t\t\t<\/div>\n\t\t\t\t<figcaption class='wp-caption-text gallery-caption' id='gallery-1-53357'>\n\t\t\t\tDom Wczasowy \u017bera\u0144 w Muszynie (poczt\u00f3wka), wystawa fotografii Zbigniewa \u0141agockiego \u201ePozdrowienia z Muszyny!\u201d, Galeria Stara w \u0141odzi, 13.12.2014\u201317.01.2015, fot. Szymon Mamczur (\u017ar\u00f3d\u0142o: materia\u0142y prasowe organizatora) \n\t\t\t\t<\/figcaption><\/figure><figure class='gallery-item'>\n\t\t\t<div class='gallery-icon '>\n\t\t\t\t<a href='https:\/\/ownetic.com\/wydarzenia\/2014\/12\/zbigniew-lagocki-pozdrowienia-z-muszyny-galeria-stara-ldk-lodz\/pozdrowienia-z-muszyny-galeria-stara-lodz-2014-12-17-024\/'><img width=\"1\" height=\"1\" src=\"https:\/\/ownetic.com\/wydarzenia\/wp-content\/uploads\/2014\/12\/pozdrowienia-z-muszyny-galeria-stara-lodz-2014-12-17-024.jpg\" class=\"attachment-thumbnail size-thumbnail\" alt=\"Dom Wczasowy \u017bera\u0144 w Muszynie (1974 r.), wystawa fotografii Zbigniewa \u0141agockiego \u201ePozdrowienia z Muszyny!\u201d, Galeria Stara w \u0141odzi, 13.12.2014\u201317.01.2015, fot. Szymon Mamczur (\u017ar\u00f3d\u0142o: materia\u0142y prasowe organizatora)\" loading=\"lazy\" aria-describedby=\"gallery-1-53356\" \/><\/a>\n\t\t\t<\/div>\n\t\t\t\t<figcaption class='wp-caption-text gallery-caption' id='gallery-1-53356'>\n\t\t\t\tDom Wczasowy \u017bera\u0144 w Muszynie (1974 r.), wystawa fotografii Zbigniewa \u0141agockiego \u201ePozdrowienia z Muszyny!\u201d, Galeria Stara w \u0141odzi, 13.12.2014\u201317.01.2015, fot. Szymon Mamczur (\u017ar\u00f3d\u0142o: materia\u0142y prasowe organizatora)\n\t\t\t\t<\/figcaption><\/figure><figure class='gallery-item'>\n\t\t\t<div class='gallery-icon '>\n\t\t\t\t<a href='https:\/\/ownetic.com\/wydarzenia\/2014\/12\/zbigniew-lagocki-pozdrowienia-z-muszyny-galeria-stara-ldk-lodz\/pozdrowienia-z-muszyny-galeria-stara-lodz-2014-12-17-022\/'><img width=\"1\" height=\"1\" src=\"https:\/\/ownetic.com\/wydarzenia\/wp-content\/uploads\/2014\/12\/pozdrowienia-z-muszyny-galeria-stara-lodz-2014-12-17-022.jpg\" class=\"attachment-thumbnail size-thumbnail\" alt=\"Sanatorium Budowlani w Krynicy (1974 r.), wystawa fotografii Zbigniewa \u0141agockiego \u201ePozdrowienia z Muszyny!\u201d, Galeria Stara w \u0141odzi, 13.12.2014\u201317.01.2015, fot. Szymon Mamczur (\u017ar\u00f3d\u0142o: materia\u0142y prasowe organizatora)\" loading=\"lazy\" aria-describedby=\"gallery-1-53355\" \/><\/a>\n\t\t\t<\/div>\n\t\t\t\t<figcaption class='wp-caption-text gallery-caption' id='gallery-1-53355'>\n\t\t\t\tSanatorium Budowlani w Krynicy (1974 r.), wystawa fotografii Zbigniewa \u0141agockiego \u201ePozdrowienia z Muszyny!\u201d, Galeria Stara w \u0141odzi, 13.12.2014\u201317.01.2015, fot. Szymon Mamczur (\u017ar\u00f3d\u0142o: materia\u0142y prasowe organizatora)\n\t\t\t\t<\/figcaption><\/figure><figure class='gallery-item'>\n\t\t\t<div class='gallery-icon '>\n\t\t\t\t<a href='https:\/\/ownetic.com\/wydarzenia\/2014\/12\/zbigniew-lagocki-pozdrowienia-z-muszyny-galeria-stara-ldk-lodz\/pozdrowienia-z-muszyny-galeria-stara-lodz-2014-12-17-021\/'><img width=\"1\" height=\"1\" src=\"https:\/\/ownetic.com\/wydarzenia\/wp-content\/uploads\/2014\/12\/pozdrowienia-z-muszyny-galeria-stara-lodz-2014-12-17-021.jpg\" class=\"attachment-thumbnail size-thumbnail\" alt=\"Wystawa fotografii Zbigniewa \u0141agockiego \u201ePozdrowienia z Muszyny!\u201d, Galeria Stara w \u0141odzi, 13.12.2014\u201317.01.2015, fot. Szymon Mamczur (\u017ar\u00f3d\u0142o: materia\u0142y prasowe organizatora)\" loading=\"lazy\" aria-describedby=\"gallery-1-53354\" \/><\/a>\n\t\t\t<\/div>\n\t\t\t\t<figcaption class='wp-caption-text gallery-caption' id='gallery-1-53354'>\n\t\t\t\tWystawa fotografii Zbigniewa \u0141agockiego \u201ePozdrowienia z Muszyny!\u201d, Galeria Stara w \u0141odzi, 13.12.2014\u201317.01.2015, fot. Szymon Mamczur (\u017ar\u00f3d\u0142o: materia\u0142y prasowe organizatora)\n\t\t\t\t<\/figcaption><\/figure><figure class='gallery-item'>\n\t\t\t<div class='gallery-icon '>\n\t\t\t\t<a href='https:\/\/ownetic.com\/wydarzenia\/2014\/12\/zbigniew-lagocki-pozdrowienia-z-muszyny-galeria-stara-ldk-lodz\/pozdrowienia-z-muszyny-galeria-stara-lodz-2014-12-17-020\/'><img width=\"1\" height=\"1\" src=\"https:\/\/ownetic.com\/wydarzenia\/wp-content\/uploads\/2014\/12\/pozdrowienia-z-muszyny-galeria-stara-lodz-2014-12-17-020.jpg\" class=\"attachment-thumbnail size-thumbnail\" alt=\"Wystawa fotografii Zbigniewa \u0141agockiego \u201ePozdrowienia z Muszyny!\u201d, Galeria Stara w \u0141odzi, 13.12.2014\u201317.01.2015, fot. Szymon Mamczur (\u017ar\u00f3d\u0142o: materia\u0142y prasowe organizatora)\" loading=\"lazy\" aria-describedby=\"gallery-1-53353\" \/><\/a>\n\t\t\t<\/div>\n\t\t\t\t<figcaption class='wp-caption-text gallery-caption' id='gallery-1-53353'>\n\t\t\t\tWystawa fotografii Zbigniewa \u0141agockiego \u201ePozdrowienia z Muszyny!\u201d, Galeria Stara w \u0141odzi, 13.12.2014\u201317.01.2015, fot. Szymon Mamczur (\u017ar\u00f3d\u0142o: materia\u0142y prasowe organizatora)\n\t\t\t\t<\/figcaption><\/figure><figure class='gallery-item'>\n\t\t\t<div class='gallery-icon '>\n\t\t\t\t<a href='https:\/\/ownetic.com\/wydarzenia\/2014\/12\/zbigniew-lagocki-pozdrowienia-z-muszyny-galeria-stara-ldk-lodz\/pozdrowienia-z-muszyny-galeria-stara-lodz-2014-12-17-019\/'><img width=\"1\" height=\"1\" src=\"https:\/\/ownetic.com\/wydarzenia\/wp-content\/uploads\/2014\/12\/pozdrowienia-z-muszyny-galeria-stara-lodz-2014-12-17-019.jpg\" class=\"attachment-thumbnail size-thumbnail\" alt=\"Wystawa fotografii Zbigniewa \u0141agockiego \u201ePozdrowienia z Muszyny!\u201d, Galeria Stara w \u0141odzi, 13.12.2014\u201317.01.2015, fot. Szymon Mamczur (\u017ar\u00f3d\u0142o: materia\u0142y prasowe organizatora)\" loading=\"lazy\" aria-describedby=\"gallery-1-53352\" \/><\/a>\n\t\t\t<\/div>\n\t\t\t\t<figcaption class='wp-caption-text gallery-caption' id='gallery-1-53352'>\n\t\t\t\tWystawa fotografii Zbigniewa \u0141agockiego \u201ePozdrowienia z Muszyny!\u201d, Galeria Stara w \u0141odzi, 13.12.2014\u201317.01.2015, fot. Szymon Mamczur (\u017ar\u00f3d\u0142o: materia\u0142y prasowe organizatora)\n\t\t\t\t<\/figcaption><\/figure><figure class='gallery-item'>\n\t\t\t<div class='gallery-icon '>\n\t\t\t\t<a href='https:\/\/ownetic.com\/wydarzenia\/2014\/12\/zbigniew-lagocki-pozdrowienia-z-muszyny-galeria-stara-ldk-lodz\/pozdrowienia-z-muszyny-galeria-stara-lodz-2014-12-17-018\/'><img width=\"1\" height=\"1\" src=\"https:\/\/ownetic.com\/wydarzenia\/wp-content\/uploads\/2014\/12\/pozdrowienia-z-muszyny-galeria-stara-lodz-2014-12-17-018.jpg\" class=\"attachment-thumbnail size-thumbnail\" alt=\"Wystawa fotografii Zbigniewa \u0141agockiego \u201ePozdrowienia z Muszyny!\u201d, Galeria Stara w \u0141odzi, 13.12.2014\u201317.01.2015, fot. Szymon Mamczur (\u017ar\u00f3d\u0142o: materia\u0142y prasowe organizatora)\" loading=\"lazy\" aria-describedby=\"gallery-1-53351\" \/><\/a>\n\t\t\t<\/div>\n\t\t\t\t<figcaption class='wp-caption-text gallery-caption' id='gallery-1-53351'>\n\t\t\t\tWystawa fotografii Zbigniewa \u0141agockiego \u201ePozdrowienia z Muszyny!\u201d, Galeria Stara w \u0141odzi, 13.12.2014\u201317.01.2015, fot. Szymon Mamczur (\u017ar\u00f3d\u0142o: materia\u0142y prasowe organizatora)\n\t\t\t\t<\/figcaption><\/figure><figure class='gallery-item'>\n\t\t\t<div class='gallery-icon '>\n\t\t\t\t<a href='https:\/\/ownetic.com\/wydarzenia\/2014\/12\/zbigniew-lagocki-pozdrowienia-z-muszyny-galeria-stara-ldk-lodz\/pozdrowienia-z-muszyny-galeria-stara-lodz-2014-12-17-017\/'><img width=\"1\" height=\"1\" src=\"https:\/\/ownetic.com\/wydarzenia\/wp-content\/uploads\/2014\/12\/pozdrowienia-z-muszyny-galeria-stara-lodz-2014-12-17-017.jpg\" class=\"attachment-thumbnail size-thumbnail\" alt=\"Wystawa fotografii Zbigniewa \u0141agockiego \u201ePozdrowienia z Muszyny!\u201d, Galeria Stara w \u0141odzi, 13.12.2014\u201317.01.2015, fot. Szymon Mamczur (\u017ar\u00f3d\u0142o: materia\u0142y prasowe organizatora)\" loading=\"lazy\" aria-describedby=\"gallery-1-53350\" \/><\/a>\n\t\t\t<\/div>\n\t\t\t\t<figcaption class='wp-caption-text gallery-caption' id='gallery-1-53350'>\n\t\t\t\tWystawa fotografii Zbigniewa \u0141agockiego \u201ePozdrowienia z Muszyny!\u201d, Galeria Stara w \u0141odzi, 13.12.2014\u201317.01.2015, fot. Szymon Mamczur (\u017ar\u00f3d\u0142o: materia\u0142y prasowe organizatora)\n\t\t\t\t<\/figcaption><\/figure><figure class='gallery-item'>\n\t\t\t<div class='gallery-icon '>\n\t\t\t\t<a href='https:\/\/ownetic.com\/wydarzenia\/2014\/12\/zbigniew-lagocki-pozdrowienia-z-muszyny-galeria-stara-ldk-lodz\/pozdrowienia-z-muszyny-galeria-stara-lodz-2014-12-17-016\/'><img width=\"1\" height=\"1\" src=\"https:\/\/ownetic.com\/wydarzenia\/wp-content\/uploads\/2014\/12\/pozdrowienia-z-muszyny-galeria-stara-lodz-2014-12-17-016.jpg\" class=\"attachment-thumbnail size-thumbnail\" alt=\"Wystawa fotografii Zbigniewa \u0141agockiego \u201ePozdrowienia z Muszyny!\u201d, Galeria Stara w \u0141odzi, 13.12.2014\u201317.01.2015, fot. Szymon Mamczur (\u017ar\u00f3d\u0142o: materia\u0142y prasowe organizatora)\" loading=\"lazy\" aria-describedby=\"gallery-1-53349\" \/><\/a>\n\t\t\t<\/div>\n\t\t\t\t<figcaption class='wp-caption-text gallery-caption' id='gallery-1-53349'>\n\t\t\t\tWystawa fotografii Zbigniewa \u0141agockiego \u201ePozdrowienia z Muszyny!\u201d, Galeria Stara w \u0141odzi, 13.12.2014\u201317.01.2015, fot. Szymon Mamczur (\u017ar\u00f3d\u0142o: materia\u0142y prasowe organizatora)\n\t\t\t\t<\/figcaption><\/figure><figure class='gallery-item'>\n\t\t\t<div class='gallery-icon '>\n\t\t\t\t<a href='https:\/\/ownetic.com\/wydarzenia\/2014\/12\/zbigniew-lagocki-pozdrowienia-z-muszyny-galeria-stara-ldk-lodz\/pozdrowienia-z-muszyny-galeria-stara-lodz-2014-12-17-014\/'><img width=\"1\" height=\"1\" src=\"https:\/\/ownetic.com\/wydarzenia\/wp-content\/uploads\/2014\/12\/pozdrowienia-z-muszyny-galeria-stara-lodz-2014-12-17-014.jpg\" class=\"attachment-thumbnail size-thumbnail\" alt=\"Wystawa fotografii Zbigniewa \u0141agockiego \u201ePozdrowienia z Muszyny!\u201d, Galeria Stara w \u0141odzi, 13.12.2014\u201317.01.2015, fot. Szymon Mamczur (\u017ar\u00f3d\u0142o: materia\u0142y prasowe organizatora)\" loading=\"lazy\" aria-describedby=\"gallery-1-53347\" \/><\/a>\n\t\t\t<\/div>\n\t\t\t\t<figcaption class='wp-caption-text gallery-caption' id='gallery-1-53347'>\n\t\t\t\tWystawa fotografii Zbigniewa \u0141agockiego \u201ePozdrowienia z Muszyny!\u201d, Galeria Stara w \u0141odzi, 13.12.2014\u201317.01.2015, fot. Szymon Mamczur (\u017ar\u00f3d\u0142o: materia\u0142y prasowe organizatora)\n\t\t\t\t<\/figcaption><\/figure><figure class='gallery-item'>\n\t\t\t<div class='gallery-icon '>\n\t\t\t\t<a href='https:\/\/ownetic.com\/wydarzenia\/2014\/12\/zbigniew-lagocki-pozdrowienia-z-muszyny-galeria-stara-ldk-lodz\/pozdrowienia-z-muszyny-galeria-stara-lodz-2014-12-17-013\/'><img width=\"1\" height=\"1\" src=\"https:\/\/ownetic.com\/wydarzenia\/wp-content\/uploads\/2014\/12\/pozdrowienia-z-muszyny-galeria-stara-lodz-2014-12-17-013.jpg\" class=\"attachment-thumbnail size-thumbnail\" alt=\"Wystawa fotografii Zbigniewa \u0141agockiego \u201ePozdrowienia z Muszyny!\u201d, Galeria Stara w \u0141odzi, 13.12.2014\u201317.01.2015, fot. Szymon Mamczur (\u017ar\u00f3d\u0142o: materia\u0142y prasowe organizatora)\" loading=\"lazy\" aria-describedby=\"gallery-1-53346\" \/><\/a>\n\t\t\t<\/div>\n\t\t\t\t<figcaption class='wp-caption-text gallery-caption' id='gallery-1-53346'>\n\t\t\t\tWystawa fotografii Zbigniewa \u0141agockiego \u201ePozdrowienia z Muszyny!\u201d, Galeria Stara w \u0141odzi, 13.12.2014\u201317.01.2015, fot. Szymon Mamczur (\u017ar\u00f3d\u0142o: materia\u0142y prasowe organizatora)\n\t\t\t\t<\/figcaption><\/figure><figure class='gallery-item'>\n\t\t\t<div class='gallery-icon '>\n\t\t\t\t<a href='https:\/\/ownetic.com\/wydarzenia\/2014\/12\/zbigniew-lagocki-pozdrowienia-z-muszyny-galeria-stara-ldk-lodz\/pozdrowienia-z-muszyny-galeria-stara-lodz-2014-12-17-012\/'><img width=\"1\" height=\"1\" src=\"https:\/\/ownetic.com\/wydarzenia\/wp-content\/uploads\/2014\/12\/pozdrowienia-z-muszyny-galeria-stara-lodz-2014-12-17-012.jpg\" class=\"attachment-thumbnail size-thumbnail\" alt=\"Wystawa fotografii Zbigniewa \u0141agockiego \u201ePozdrowienia z Muszyny!\u201d, Galeria Stara w \u0141odzi, 13.12.2014\u201317.01.2015, fot. Szymon Mamczur (\u017ar\u00f3d\u0142o: materia\u0142y prasowe organizatora)\" loading=\"lazy\" aria-describedby=\"gallery-1-53345\" \/><\/a>\n\t\t\t<\/div>\n\t\t\t\t<figcaption class='wp-caption-text gallery-caption' id='gallery-1-53345'>\n\t\t\t\tWystawa fotografii Zbigniewa \u0141agockiego \u201ePozdrowienia z Muszyny!\u201d, Galeria Stara w \u0141odzi, 13.12.2014\u201317.01.2015, fot. Szymon Mamczur (\u017ar\u00f3d\u0142o: materia\u0142y prasowe organizatora)\n\t\t\t\t<\/figcaption><\/figure><figure class='gallery-item'>\n\t\t\t<div class='gallery-icon '>\n\t\t\t\t<a href='https:\/\/ownetic.com\/wydarzenia\/2014\/12\/zbigniew-lagocki-pozdrowienia-z-muszyny-galeria-stara-ldk-lodz\/pozdrowienia-z-muszyny-galeria-stara-lodz-2014-12-17-011\/'><img width=\"1\" height=\"1\" src=\"https:\/\/ownetic.com\/wydarzenia\/wp-content\/uploads\/2014\/12\/pozdrowienia-z-muszyny-galeria-stara-lodz-2014-12-17-011.jpg\" class=\"attachment-thumbnail size-thumbnail\" alt=\"Wystawa fotografii Zbigniewa \u0141agockiego \u201ePozdrowienia z Muszyny!\u201d, Galeria Stara w \u0141odzi, 13.12.2014\u201317.01.2015, fot. Szymon Mamczur (\u017ar\u00f3d\u0142o: materia\u0142y prasowe organizatora)\" loading=\"lazy\" aria-describedby=\"gallery-1-53294\" \/><\/a>\n\t\t\t<\/div>\n\t\t\t\t<figcaption class='wp-caption-text gallery-caption' id='gallery-1-53294'>\n\t\t\t\tWystawa fotografii Zbigniewa \u0141agockiego \u201ePozdrowienia z Muszyny!\u201d, Galeria Stara w \u0141odzi, 13.12.2014\u201317.01.2015, fot. Szymon Mamczur (\u017ar\u00f3d\u0142o: materia\u0142y prasowe organizatora)\n\t\t\t\t<\/figcaption><\/figure><figure class='gallery-item'>\n\t\t\t<div class='gallery-icon '>\n\t\t\t\t<a href='https:\/\/ownetic.com\/wydarzenia\/2014\/12\/zbigniew-lagocki-pozdrowienia-z-muszyny-galeria-stara-ldk-lodz\/pozdrowienia-z-muszyny-galeria-stara-lodz-2014-12-17-010\/'><img width=\"1\" height=\"1\" src=\"https:\/\/ownetic.com\/wydarzenia\/wp-content\/uploads\/2014\/12\/pozdrowienia-z-muszyny-galeria-stara-lodz-2014-12-17-010.jpg\" class=\"attachment-thumbnail size-thumbnail\" alt=\"Wystawa fotografii Zbigniewa \u0141agockiego \u201ePozdrowienia z Muszyny!\u201d, Galeria Stara w \u0141odzi, 13.12.2014\u201317.01.2015, fot. Szymon Mamczur (\u017ar\u00f3d\u0142o: materia\u0142y prasowe organizatora)\" loading=\"lazy\" aria-describedby=\"gallery-1-53293\" \/><\/a>\n\t\t\t<\/div>\n\t\t\t\t<figcaption class='wp-caption-text gallery-caption' id='gallery-1-53293'>\n\t\t\t\tWystawa fotografii Zbigniewa \u0141agockiego \u201ePozdrowienia z Muszyny!\u201d, Galeria Stara w \u0141odzi, 13.12.2014\u201317.01.2015, fot. Szymon Mamczur (\u017ar\u00f3d\u0142o: materia\u0142y prasowe organizatora)\n\t\t\t\t<\/figcaption><\/figure><figure class='gallery-item'>\n\t\t\t<div class='gallery-icon '>\n\t\t\t\t<a href='https:\/\/ownetic.com\/wydarzenia\/2014\/12\/zbigniew-lagocki-pozdrowienia-z-muszyny-galeria-stara-ldk-lodz\/pozdrowienia-z-muszyny-galeria-stara-lodz-2014-12-17-009\/'><img width=\"1\" height=\"1\" src=\"https:\/\/ownetic.com\/wydarzenia\/wp-content\/uploads\/2014\/12\/pozdrowienia-z-muszyny-galeria-stara-lodz-2014-12-17-009.jpg\" class=\"attachment-thumbnail size-thumbnail\" alt=\"Wystawa fotografii Zbigniewa \u0141agockiego \u201ePozdrowienia z Muszyny!\u201d, Galeria Stara w \u0141odzi, 13.12.2014\u201317.01.2015, fot. Szymon Mamczur (\u017ar\u00f3d\u0142o: materia\u0142y prasowe organizatora)\" loading=\"lazy\" aria-describedby=\"gallery-1-53292\" \/><\/a>\n\t\t\t<\/div>\n\t\t\t\t<figcaption class='wp-caption-text gallery-caption' id='gallery-1-53292'>\n\t\t\t\tWystawa fotografii Zbigniewa \u0141agockiego \u201ePozdrowienia z Muszyny!\u201d, Galeria Stara w \u0141odzi, 13.12.2014\u201317.01.2015, fot. Szymon Mamczur (\u017ar\u00f3d\u0142o: materia\u0142y prasowe organizatora)\n\t\t\t\t<\/figcaption><\/figure><figure class='gallery-item'>\n\t\t\t<div class='gallery-icon '>\n\t\t\t\t<a href='https:\/\/ownetic.com\/wydarzenia\/2014\/12\/zbigniew-lagocki-pozdrowienia-z-muszyny-galeria-stara-ldk-lodz\/pozdrowienia-z-muszyny-galeria-stara-lodz-2014-12-17-008\/'><img width=\"1\" height=\"1\" src=\"https:\/\/ownetic.com\/wydarzenia\/wp-content\/uploads\/2014\/12\/pozdrowienia-z-muszyny-galeria-stara-lodz-2014-12-17-008.jpg\" class=\"attachment-thumbnail size-thumbnail\" alt=\"Wystawa fotografii Zbigniewa \u0141agockiego \u201ePozdrowienia z Muszyny!\u201d, Galeria Stara w \u0141odzi, 13.12.2014\u201317.01.2015, fot. Szymon Mamczur (\u017ar\u00f3d\u0142o: materia\u0142y prasowe organizatora)\" loading=\"lazy\" aria-describedby=\"gallery-1-53291\" \/><\/a>\n\t\t\t<\/div>\n\t\t\t\t<figcaption class='wp-caption-text gallery-caption' id='gallery-1-53291'>\n\t\t\t\tWystawa fotografii Zbigniewa \u0141agockiego \u201ePozdrowienia z Muszyny!\u201d, Galeria Stara w \u0141odzi, 13.12.2014\u201317.01.2015, fot. Szymon Mamczur (\u017ar\u00f3d\u0142o: materia\u0142y prasowe organizatora)\n\t\t\t\t<\/figcaption><\/figure><figure class='gallery-item'>\n\t\t\t<div class='gallery-icon '>\n\t\t\t\t<a href='https:\/\/ownetic.com\/wydarzenia\/2014\/12\/zbigniew-lagocki-pozdrowienia-z-muszyny-galeria-stara-ldk-lodz\/pozdrowienia-z-muszyny-galeria-stara-lodz-2014-12-17-007\/'><img width=\"1\" height=\"1\" src=\"https:\/\/ownetic.com\/wydarzenia\/wp-content\/uploads\/2014\/12\/pozdrowienia-z-muszyny-galeria-stara-lodz-2014-12-17-007.jpg\" class=\"attachment-thumbnail size-thumbnail\" alt=\"Wystawa fotografii Zbigniewa \u0141agockiego \u201ePozdrowienia z Muszyny!\u201d, Galeria Stara w \u0141odzi, 13.12.2014\u201317.01.2015, fot. Szymon Mamczur (\u017ar\u00f3d\u0142o: materia\u0142y prasowe organizatora)\" loading=\"lazy\" aria-describedby=\"gallery-1-53290\" \/><\/a>\n\t\t\t<\/div>\n\t\t\t\t<figcaption class='wp-caption-text gallery-caption' id='gallery-1-53290'>\n\t\t\t\tWystawa fotografii Zbigniewa \u0141agockiego \u201ePozdrowienia z Muszyny!\u201d, Galeria Stara w \u0141odzi, 13.12.2014\u201317.01.2015, fot. Szymon Mamczur (\u017ar\u00f3d\u0142o: materia\u0142y prasowe organizatora)\n\t\t\t\t<\/figcaption><\/figure><figure class='gallery-item'>\n\t\t\t<div class='gallery-icon '>\n\t\t\t\t<a href='https:\/\/ownetic.com\/wydarzenia\/2014\/12\/zbigniew-lagocki-pozdrowienia-z-muszyny-galeria-stara-ldk-lodz\/pozdrowienia-z-muszyny-galeria-stara-lodz-2014-12-17-006\/'><img width=\"1\" height=\"1\" src=\"https:\/\/ownetic.com\/wydarzenia\/wp-content\/uploads\/2014\/12\/pozdrowienia-z-muszyny-galeria-stara-lodz-2014-12-17-006.jpg\" class=\"attachment-thumbnail size-thumbnail\" alt=\"Wystawa fotografii Zbigniewa \u0141agockiego \u201ePozdrowienia z Muszyny!\u201d, Galeria Stara w \u0141odzi, 13.12.2014\u201317.01.2015, fot. Szymon Mamczur (\u017ar\u00f3d\u0142o: materia\u0142y prasowe organizatora)\" loading=\"lazy\" aria-describedby=\"gallery-1-53289\" \/><\/a>\n\t\t\t<\/div>\n\t\t\t\t<figcaption class='wp-caption-text gallery-caption' id='gallery-1-53289'>\n\t\t\t\tWystawa fotografii Zbigniewa \u0141agockiego \u201ePozdrowienia z Muszyny!\u201d, Galeria Stara w \u0141odzi, 13.12.2014\u201317.01.2015, fot. Szymon Mamczur (\u017ar\u00f3d\u0142o: materia\u0142y prasowe organizatora)\n\t\t\t\t<\/figcaption><\/figure><figure class='gallery-item'>\n\t\t\t<div class='gallery-icon '>\n\t\t\t\t<a href='https:\/\/ownetic.com\/wydarzenia\/2014\/12\/zbigniew-lagocki-pozdrowienia-z-muszyny-galeria-stara-ldk-lodz\/pozdrowienia-z-muszyny-galeria-stara-lodz-2014-12-17-004\/'><img width=\"1\" height=\"1\" src=\"https:\/\/ownetic.com\/wydarzenia\/wp-content\/uploads\/2014\/12\/pozdrowienia-z-muszyny-galeria-stara-lodz-2014-12-17-004.jpg\" class=\"attachment-thumbnail size-thumbnail\" alt=\"Wystawa fotografii Zbigniewa \u0141agockiego \u201ePozdrowienia z Muszyny!\u201d, Galeria Stara w \u0141odzi, 13.12.2014\u201317.01.2015, fot. Szymon Mamczur (\u017ar\u00f3d\u0142o: materia\u0142y prasowe organizatora)\" loading=\"lazy\" aria-describedby=\"gallery-1-53287\" \/><\/a>\n\t\t\t<\/div>\n\t\t\t\t<figcaption class='wp-caption-text gallery-caption' id='gallery-1-53287'>\n\t\t\t\tWystawa fotografii Zbigniewa \u0141agockiego \u201ePozdrowienia z Muszyny!\u201d, Galeria Stara w \u0141odzi, 13.12.2014\u201317.01.2015, fot. Szymon Mamczur (\u017ar\u00f3d\u0142o: materia\u0142y prasowe organizatora)\n\t\t\t\t<\/figcaption><\/figure><figure class='gallery-item'>\n\t\t\t<div class='gallery-icon '>\n\t\t\t\t<a href='https:\/\/ownetic.com\/wydarzenia\/2014\/12\/zbigniew-lagocki-pozdrowienia-z-muszyny-galeria-stara-ldk-lodz\/pozdrowienia-z-muszyny-galeria-stara-lodz-2014-12-17-003\/'><img width=\"1\" height=\"1\" src=\"https:\/\/ownetic.com\/wydarzenia\/wp-content\/uploads\/2014\/12\/pozdrowienia-z-muszyny-galeria-stara-lodz-2014-12-17-003.jpg\" class=\"attachment-thumbnail size-thumbnail\" alt=\"Wystawa fotografii Zbigniewa \u0141agockiego \u201ePozdrowienia z Muszyny!\u201d, Galeria Stara w \u0141odzi, 13.12.2014\u201317.01.2015, fot. Szymon Mamczur (\u017ar\u00f3d\u0142o: materia\u0142y prasowe organizatora)\" loading=\"lazy\" aria-describedby=\"gallery-1-53286\" \/><\/a>\n\t\t\t<\/div>\n\t\t\t\t<figcaption class='wp-caption-text gallery-caption' id='gallery-1-53286'>\n\t\t\t\tWystawa fotografii Zbigniewa \u0141agockiego \u201ePozdrowienia z Muszyny!\u201d, Galeria Stara w \u0141odzi, 13.12.2014\u201317.01.2015, fot. Szymon Mamczur (\u017ar\u00f3d\u0142o: materia\u0142y prasowe organizatora)\n\t\t\t\t<\/figcaption><\/figure><figure class='gallery-item'>\n\t\t\t<div class='gallery-icon '>\n\t\t\t\t<a href='https:\/\/ownetic.com\/wydarzenia\/2014\/12\/zbigniew-lagocki-pozdrowienia-z-muszyny-galeria-stara-ldk-lodz\/pozdrowienia-z-muszyny-galeria-stara-lodz-2014-12-17-001\/'><img width=\"1\" height=\"1\" src=\"https:\/\/ownetic.com\/wydarzenia\/wp-content\/uploads\/2014\/12\/pozdrowienia-z-muszyny-galeria-stara-lodz-2014-12-17-001.jpg\" class=\"attachment-thumbnail size-thumbnail\" alt=\"Wystawa fotografii Zbigniewa \u0141agockiego \u201ePozdrowienia z Muszyny!\u201d, Galeria Stara w \u0141odzi, 13.12.2014\u201317.01.2015, fot. Szymon Mamczur (\u017ar\u00f3d\u0142o: materia\u0142y prasowe organizatora)\" loading=\"lazy\" aria-describedby=\"gallery-1-53284\" \/><\/a>\n\t\t\t<\/div>\n\t\t\t\t<figcaption class='wp-caption-text gallery-caption' id='gallery-1-53284'>\n\t\t\t\tWystawa fotografii Zbigniewa \u0141agockiego \u201ePozdrowienia z Muszyny!\u201d, Galeria Stara w \u0141odzi, 13.12.2014\u201317.01.2015, fot. Szymon Mamczur (\u017ar\u00f3d\u0142o: materia\u0142y prasowe organizatora)\n\t\t\t\t<\/figcaption><\/figure><figure class='gallery-item'>\n\t\t\t<div class='gallery-icon '>\n\t\t\t\t<a href='https:\/\/ownetic.com\/wydarzenia\/2014\/12\/zbigniew-lagocki-pozdrowienia-z-muszyny-galeria-stara-ldk-lodz\/zbigniew-lagocki-oswiecim-kryty-basen-plywacki-1976-2014-11-26\/'><img width=\"1\" height=\"1\" src=\"https:\/\/ownetic.com\/wydarzenia\/wp-content\/uploads\/2014\/11\/zbigniew-lagocki-oswiecim-kryty-basen-plywacki-1976-2014-11-26.jpg\" class=\"attachment-thumbnail size-thumbnail\" alt=\"\u00a9 fot. Zbigniew \u0141agocki. \u201eO\u015bwi\u0119cim. Kryty basen p\u0142ywacki\u201d, 1976 rok (\u017ar\u00f3d\u0142o: materia\u0142y prasowe organizatora)\" loading=\"lazy\" aria-describedby=\"gallery-1-53019\" \/><\/a>\n\t\t\t<\/div>\n\t\t\t\t<figcaption class='wp-caption-text gallery-caption' id='gallery-1-53019'>\n\t\t\t\t\u00a9 fot. Zbigniew \u0141agocki. \u201eO\u015bwi\u0119cim. Kryty basen p\u0142ywacki\u201d, 1976 rok (\u017ar\u00f3d\u0142o: materia\u0142y prasowe organizatora)\n\t\t\t\t<\/figcaption><\/figure><figure class='gallery-item'>\n\t\t\t<div class='gallery-icon '>\n\t\t\t\t<a href='https:\/\/ownetic.com\/wydarzenia\/2014\/12\/zbigniew-lagocki-pozdrowienia-z-muszyny-galeria-stara-ldk-lodz\/zbigniew-lagocki-krynica-sanatorium-budowlani-2014-11-26-001\/'><img width=\"1\" height=\"1\" src=\"https:\/\/ownetic.com\/wydarzenia\/wp-content\/uploads\/2014\/11\/zbigniew-lagocki-krynica-sanatorium-budowlani-2014-11-26-001.jpg\" class=\"attachment-thumbnail size-thumbnail\" alt=\"\u00a9 fot. Zbigniew \u0141agocki. \u201eKrynica. Sanatorium Budowlani\u201d, lata 70-te (\u017ar\u00f3d\u0142o: materia\u0142y prasowe organizatora)\" loading=\"lazy\" aria-describedby=\"gallery-1-53018\" \/><\/a>\n\t\t\t<\/div>\n\t\t\t\t<figcaption class='wp-caption-text gallery-caption' id='gallery-1-53018'>\n\t\t\t\t\u00a9 fot. Zbigniew \u0141agocki. \u201eKrynica. Sanatorium Budowlani\u201d, lata 70-te (\u017ar\u00f3d\u0142o: materia\u0142y prasowe organizatora)\n\t\t\t\t<\/figcaption><\/figure><figure class='gallery-item'>\n\t\t\t<div class='gallery-icon '>\n\t\t\t\t<a href='https:\/\/ownetic.com\/wydarzenia\/2014\/12\/zbigniew-lagocki-pozdrowienia-z-muszyny-galeria-stara-ldk-lodz\/zbigniew-lagocki-krynica-sanatorium-budowlani-2014-11-26\/'><img width=\"1\" height=\"1\" src=\"https:\/\/ownetic.com\/wydarzenia\/wp-content\/uploads\/2014\/11\/zbigniew-lagocki-krynica-sanatorium-budowlani-2014-11-26.jpg\" class=\"attachment-thumbnail size-thumbnail\" alt=\"\u00a9 fot. Zbigniew \u0141agocki. \u201eKrynica. Sanatorium Budowlani\u201d, lata 70-te (\u017ar\u00f3d\u0142o: materia\u0142y prasowe organizatora)\" loading=\"lazy\" aria-describedby=\"gallery-1-53017\" \/><\/a>\n\t\t\t<\/div>\n\t\t\t\t<figcaption class='wp-caption-text gallery-caption' id='gallery-1-53017'>\n\t\t\t\t\u00a9 fot. Zbigniew \u0141agocki. \u201eKrynica. Sanatorium Budowlani\u201d, lata 70-te (\u017ar\u00f3d\u0142o: materia\u0142y prasowe organizatora)\n\t\t\t\t<\/figcaption><\/figure><figure class='gallery-item'>\n\t\t\t<div class='gallery-icon landscape'>\n\t\t\t\t<a href='https:\/\/ownetic.com\/wydarzenia\/2014\/12\/zbigniew-lagocki-pozdrowienia-z-muszyny-galeria-stara-ldk-lodz\/zbigniew-lagocki-dom-wypoczynkowy-alchemik-2014-11-26\/'><img width=\"260\" height=\"173\" src=\"https:\/\/ownetic.com\/wydarzenia\/wp-content\/uploads\/2014\/11\/zbigniew-lagocki-dom-wypoczynkowy-alchemik-2014-11-26.jpg\" class=\"attachment-thumbnail size-thumbnail\" alt=\"\u00a9 fot. Zbigniew \u0141agocki, \u201eMuszyna. Dom Wypoczynkowy Alchemik\u201d, 1974 rok (\u017ar\u00f3d\u0142o: materia\u0142y prasowe organizatora)\" loading=\"lazy\" aria-describedby=\"gallery-1-53016\" \/><\/a>\n\t\t\t<\/div>\n\t\t\t\t<figcaption class='wp-caption-text gallery-caption' id='gallery-1-53016'>\n\t\t\t\t\u00a9 fot. Zbigniew \u0141agocki, \u201eMuszyna. Dom Wypoczynkowy Alchemik\u201d, 1974 rok (\u017ar\u00f3d\u0142o: materia\u0142y prasowe organizatora)\n\t\t\t\t<\/figcaption><\/figure>\n\t\t<\/div>\n\n<p>Prace Zbigniewa \u0141agockiego, wykonane na zam\u00f3wienie Krajowej Agencji Wydawniczej, uka\u017c\u0105 istotn\u0105 rol\u0119 <em>fotografii poczt\u00f3wkowej<\/em>, gdzie obraz materialnego dobrobytu odbudowanej Polski w latach 60. i 70. by\u0142 symbolem sukcesu socjalistycznego systemu. Jednym z najbardziej charakterystycznych <em>no\u015bnik\u00f3w<\/em>tych tre\u015bci sta\u0142y si\u0119 nowo powsta\u0142e sanatoria i uzdrowiska, kt\u00f3re by\u0142y najcz\u0119\u015bciej zlecanym przez wydawnictwo tematem. Warto zaznaczy\u0107, \u017ce prezentowane fotografie, zestawione z poczt\u00f3wkami, nie b\u0119d\u0105 mia\u0142y tylko charakteru <em>wyci\u0105gni\u0119tych z szuflady<\/em>, ale r\u00f3wnie\u017c stan\u0105 si\u0119 \u015bwiadectwem warto\u015bci artystycznej, dokumentalnej i historycznej.<\/p>\n<p>Istotnym aspektem wystawy b\u0119dzie tak\u017ce zestawienie oryginalnych fotografii z poczt\u00f3wkami, na kt\u00f3rych ukaza\u0142y si\u0119. W ten spos\u00f3b ekspozycja uka\u017ce druk poczt\u00f3wek jako wynik niezwykle z\u0142o\u017conego procesu wydawniczego \u2013 pocz\u0105wszy od wykonania przez fotografa diapozytyw\u00f3w a\u017c na procesie drukarskim ko\u0144cz\u0105c. Wystawa r\u00f3wnie\u017c pozwoli ods\u0142oni\u0107 istotn\u0105 warto\u015b\u0107 tradycyjnych metod <em>produkcyjnych<\/em> poczt\u00f3wek, kt\u00f3re wobec aktualnych wsp\u00f3\u0142czesnych cyfrowych technik wydawniczych zyskuj\u0105 szczeg\u00f3lne znaczenie.<\/p>\n<p>Prezentowane fotografie pochodz\u0105 z archiwum dr Marii Pyrlik i z Narodowego Archiwum Cyfrowego.<\/p>\n<p>Katarzyna Kowalska \u2013 kuratorka wystawy<\/p>\n<figure id=\"attachment_53019\" aria-describedby=\"caption-attachment-53019\" style=\"width: 576px\" class=\"wp-caption alignnone\"><a href=\"https:\/\/ownetic.com\/wydarzenia\/2014\/12\/zbigniew-lagocki-pozdrowienia-z-muszyny-galeria-stara-ldk-lodz\/zbigniew-lagocki-oswiecim-kryty-basen-plywacki-1976-2014-11-26\/\" rel=\"attachment wp-att-53019\"><img loading=\"lazy\" class=\"size-medium wp-image-53019\" title=\"\u00a9 fot. Zbigniew \u0141agocki. \u201eO\u015bwi\u0119cim. Kryty basen p\u0142ywacki\u201d, 1976 rok (\u017ar\u00f3d\u0142o: materia\u0142y prasowe organizatora)\" src=\"https:\/\/ownetic.com\/wydarzenia\/wp-content\/uploads\/2014\/11\/zbigniew-lagocki-oswiecim-kryty-basen-plywacki-1976-2014-11-26-576x383.jpg\" alt=\"\u00a9 fot. Zbigniew \u0141agocki. \u201eO\u015bwi\u0119cim. Kryty basen p\u0142ywacki\u201d, 1976 rok (\u017ar\u00f3d\u0142o: materia\u0142y prasowe organizatora)\" width=\"576\" height=\"383\" \/><\/a><figcaption id=\"caption-attachment-53019\" class=\"wp-caption-text\">\u00a9 fot. Zbigniew \u0141agocki. \u201eO\u015bwi\u0119cim. Kryty basen p\u0142ywacki\u201d, 1976 rok (\u017ar\u00f3d\u0142o: materia\u0142y prasowe organizatora)<\/figcaption><\/figure>\n<p><em>Pozdrowienia z Muszyny!<\/em> to wystawa kilkunastu fotografii prof. Zbigniewa \u0141agockiego, kt\u00f3re powsta\u0142y g\u0142\u00f3wnie w latach 70. XX wieku. Cz\u0119\u015b\u0107 z tych fotografii zaistnia\u0142a w formie kartek \u2013 poczt\u00f3wek, kt\u00f3re powszechnie wysy\u0142a\u0142o si\u0119 z <em>pozdrowieniami z wakacji<\/em>. Sam \u0141agocki okre\u015bla\u0142 tego rodzaju fotografi\u0119 jako folderow\u0105. Fotografia folderowa, bo mia\u0142a pokazywa\u0107 pi\u0119kno tego miejsca, jego specyfik\u0119 i niepowtarzalno\u015b\u0107, a w domy\u015ble zdj\u0119cia mog\u0142yby si\u0119 znale\u017a\u0107 w folderach reklamuj\u0105cych to miejsce. Na potrzeby wystawy zosta\u0142y wybrane zdj\u0119cia g\u0142\u00f3wnie sanatori\u00f3w i hoteli. Pojawiaj\u0105 si\u0119 r\u00f3wnie\u017c na nich ludzie, samochody, kt\u00f3re dope\u0142niaj\u0105 obraz i pokazuj\u0105 estetyk\u0119 tamtych czas\u00f3w. To do dom\u00f3w wypoczynkowych przyje\u017cd\u017cali w czasach PRL-u pracownicy hut, kopalni i innych zak\u0142ad\u00f3w w celach rekreacyjnych.<\/p>\n<p>(Maria Pyrlik)<\/p>\n<p><!--nextpage--><\/p>\n<p>Na\u015bwietlone slajdy przez \u0141agockiego s\u0105 pozbawione p\u00f3\u017aniejszej ingerencji w obraz (w tamtych czasach nie istnia\u0142y komputery). Obrazy powstawa\u0142y w momencie naci\u015bni\u0119cia spustu migawki, po wcze\u015bniejszym przygotowaniu koncepcyjnym, przeanalizowaniu kadru i wykorzystaniu \u015brodk\u00f3w dost\u0119pnych na <em>miejscu<\/em> (\u015bwiat\u0142o lub jego <em>brak<\/em>, wykorzystanie p\u0142aszczyzn koloru, fragment\u00f3w architektury etc.), a nast\u0119pnie u\u017cyciu odpowiednich materia\u0142\u00f3w \u015bwiat\u0142oczu\u0142ych do na\u015bwietlenia. Ca\u0142a wystawa jest ubocznym i niewielkim fragmentem tw\u00f3rczo\u015bci prof. Zbigniewa \u0141agockiego.<\/p>\n<p>(Maria Pyrlik)<\/p>\n<figure id=\"attachment_53286\" aria-describedby=\"caption-attachment-53286\" style=\"width: 576px\" class=\"wp-caption alignnone\"><a href=\"https:\/\/ownetic.com\/wydarzenia\/2014\/12\/zbigniew-lagocki-pozdrowienia-z-muszyny-galeria-stara-ldk-lodz\/pozdrowienia-z-muszyny-galeria-stara-lodz-2014-12-17-003\/\" rel=\"attachment wp-att-53286\"><img loading=\"lazy\" class=\"size-medium wp-image-53286\" title=\"Wystawa fotografii Zbigniewa \u0141agockiego \u201ePozdrowienia z Muszyny!\u201d, Galeria Stara w \u0141odzi, 13.12.2014\u201317.01.2015, fot. Szymon Mamczur (\u017ar\u00f3d\u0142o: materia\u0142y prasowe organizatora)\" src=\"https:\/\/ownetic.com\/wydarzenia\/wp-content\/uploads\/2014\/12\/pozdrowienia-z-muszyny-galeria-stara-lodz-2014-12-17-003-576x441.jpg\" alt=\"Wystawa fotografii Zbigniewa \u0141agockiego \u201ePozdrowienia z Muszyny!\u201d, Galeria Stara w \u0141odzi, 13.12.2014\u201317.01.2015, fot. Szymon Mamczur (\u017ar\u00f3d\u0142o: materia\u0142y prasowe organizatora)\" width=\"576\" height=\"441\" \/><\/a><figcaption id=\"caption-attachment-53286\" class=\"wp-caption-text\">Wystawa fotografii Zbigniewa \u0141agockiego \u201ePozdrowienia z Muszyny!\u201d, Galeria Stara w \u0141odzi, 13.12.2014\u201317.01.2015, fot. Szymon Mamczur (\u017ar\u00f3d\u0142o: materia\u0142y prasowe organizatora)<\/figcaption><\/figure>\n<p><strong>Zbigniew \u0141agocki<\/strong> (1927\u20132009), profesor Akademii Sztuk Pi\u0119knych w Krakowie. Uznawany jest za jednego z najwybitniejszych fotograf\u00f3w polskich XX wieku. Uko\u0144czy\u0142 Wydzia\u0142 Architektury Politechniki Krakowskiej. Pracowa\u0142 jako architekt w Polsce i w Szwajcarii. Od 1957 roku nale\u017ca\u0142 do ZPAF. By\u0142 cz\u0142onkiem Photographic Society of America. Bra\u0142 udzia\u0142 w licznych wystawach indywidualnych i zbiorowych w kraju i zagranic\u0105. Otrzyma\u0142 wiele nagr\u00f3d i wyr\u00f3\u017cnie\u0144. W 1967 roku zdoby\u0142 z\u0142oty medal na Mi\u0119dzynarodowym Biennale Sztuki w S\u00e3o Paulo za cykl zdj\u0119\u0107 <em>Aerotica<\/em>. By\u0142 przewodnicz\u0105cym komisji artystycznej FIAP. W 1972 roku otrzyma\u0142 tytu\u0142 Honoraire Excellence FIAP. Odznaczony Z\u0142otym Krzy\u017cem Zas\u0142ugi oraz medalem Niepce\u2019a. By\u0142 wsp\u00f3\u0142organizatorem (wraz ze Zbigniewem D\u0142ubakiem) znacz\u0105cych ekspozycji: <em>Wystawa Fotografii Subiektywnej<\/em> (1968) i <em>Fotografowie Poszukuj\u0105cy<\/em> (1971). Od 1977 roku wyk\u0142ada\u0142 fotografi\u0119 na krakowskiej ASP. W 1994 roku otrzyma\u0142 tytu\u0142 profesora sztuk plastycznych. By\u0142 tw\u00f3rc\u0105 pierwszej Katedry Fotografii w Polsce na Akademii Sztuk Pi\u0119knych w Krakowie.<\/p>\n<p>Spu\u015bcizna Zbigniewa \u0141agockiego liczy kilkadziesi\u0105t tysi\u0119cy negatyw\u00f3w. Sk\u0142adaj\u0105 si\u0119 na ni\u0105 tematy: Piwnica pod Baranami, portrety znanych ludzi (artyst\u00f3w, muzyk\u00f3w, aktor\u00f3w), akty, zdj\u0119cia z podr\u00f3\u017cy (Francja, Hiszpania, Meksyk, Norwegia, Szwajcaria, Kaukaz, W\u0142ochy), zdj\u0119cia z przedstawie\u0144 teatralnych (Teatr Stary, Teatr Ludowy, Teatr Bagatela, Teatr w Tarnowie), zdj\u0119cia zespo\u0142u <em>\u015al\u0105sk<\/em>, fotografie Krakowa na przestrzeni lat, r\u00f3\u017cnych miejsc w Polsce i wiele innych cykli, kt\u00f3re stanowi\u0105 cz\u0119\u015b\u0107 artystyczn\u0105 Profesora (<em>Aerotica<\/em>, <em>Body building<\/em>, <em>Dotkni\u0119cia<\/em>).<\/p>\n<p>dr Maria Pyrlik<\/p>\n<figure id=\"attachment_53284\" aria-describedby=\"caption-attachment-53284\" style=\"width: 576px\" class=\"wp-caption alignnone\"><a href=\"https:\/\/ownetic.com\/wydarzenia\/2014\/12\/zbigniew-lagocki-pozdrowienia-z-muszyny-galeria-stara-ldk-lodz\/pozdrowienia-z-muszyny-galeria-stara-lodz-2014-12-17-001\/\" rel=\"attachment wp-att-53284\"><img loading=\"lazy\" class=\"size-medium wp-image-53284\" title=\"Wystawa fotografii Zbigniewa \u0141agockiego \u201ePozdrowienia z Muszyny!\u201d, Galeria Stara w \u0141odzi, 13.12.2014\u201317.01.2015, fot. Szymon Mamczur (\u017ar\u00f3d\u0142o: materia\u0142y prasowe organizatora)\" src=\"https:\/\/ownetic.com\/wydarzenia\/wp-content\/uploads\/2014\/12\/pozdrowienia-z-muszyny-galeria-stara-lodz-2014-12-17-001-576x303.jpg\" alt=\"Wystawa fotografii Zbigniewa \u0141agockiego \u201ePozdrowienia z Muszyny!\u201d, Galeria Stara w \u0141odzi, 13.12.2014\u201317.01.2015, fot. Szymon Mamczur (\u017ar\u00f3d\u0142o: materia\u0142y prasowe organizatora)\" width=\"576\" height=\"303\" \/><\/a><figcaption id=\"caption-attachment-53284\" class=\"wp-caption-text\">Wystawa fotografii Zbigniewa \u0141agockiego \u201ePozdrowienia z Muszyny!\u201d, Galeria Stara w \u0141odzi, 13.12.2014\u201317.01.2015, fot. Szymon Mamczur (\u017ar\u00f3d\u0142o: materia\u0142y prasowe organizatora)<\/figcaption><\/figure>\n<p><strong>Kuratorka wystawy: <\/strong>Katarzyna Kowalska<\/p>\n<p><strong>Zbigniew \u0141agocki, <em>Pozdrowienia z Muszyny!<br \/>\n<\/em><\/strong>Wernisa\u017c: 12 grudnia 2014 roku, godz. 19.00<br \/>\nWystaw\u0119 b\u0119dzie mo\u017cna ogl\u0105da\u0107 do 17 stycznia 2015 roku<br \/>\nGaleria Stara<br \/>\n\u0141\u00f3dzki Dom Kultury, ul. Traugutta 18<br \/>\n\u0141\u00f3d\u017a<\/p>\n","protected":false},"excerpt":{"rendered":"<p>Ekspozycja ma na celu wyodr\u0119bnienie i zaznaczenie tw\u00f3rczo\u015bci Zbigniewa \u0141agockiego w dziedzinie <em>fotografii poczt\u00f3wkowej<\/em>. Tym samym, wystawa poruszy aspekt jego dzia\u0142alno\u015bci w okresie PRL \u2013 tak odmienny od szeroko opracowanej w badaniach jego najbardziej reprezentatywnej tw\u00f3rczo\u015bci artystycznej obejmuj\u0105cej, mi\u0119dzy innymi, tematyk\u0119 akt\u00f3w oraz portret\u00f3w. <\/p>\n","protected":false},"author":62,"featured_media":53016,"comment_status":"open","ping_status":"closed","sticky":false,"template":"","format":"standard","meta":[],"categories":[19],"tags":[349,9582,9255,6247,9583,6855],"powerkit_post_featured":[],"yoast_head":"<!-- This site is optimized with the Yoast SEO plugin v18.7 - https:\/\/yoast.com\/wordpress\/plugins\/seo\/ -->\n<title>Zbigniew \u0141agocki. Pozdrowienia z Muszyny!<\/title>\n<meta name=\"description\" content=\"12 grudnia w \u0142\u00f3dzkiej Galerii Starej zostanie otwarta wystawa pt. Pozdrowienia z Muszyny!. Autorem fotografii jest Zbigniew \u0141agocki.\" \/>\n<meta name=\"robots\" content=\"index, follow, max-snippet:-1, max-image-preview:large, max-video-preview:-1\" \/>\n<link rel=\"canonical\" href=\"https:\/\/ownetic.com\/wydarzenia\/2014\/12\/zbigniew-lagocki-pozdrowienia-z-muszyny-galeria-stara-ldk-lodz\/\" \/>\n<link rel=\"next\" href=\"https:\/\/ownetic.com\/wydarzenia\/2014\/12\/zbigniew-lagocki-pozdrowienia-z-muszyny-galeria-stara-ldk-lodz\/2\/\" \/>\n<meta name=\"twitter:card\" content=\"summary_large_image\" \/>\n<meta name=\"twitter:title\" content=\"Zbigniew \u0141agocki. Pozdrowienia z Muszyny!\" \/>\n<meta name=\"twitter:description\" content=\"12 grudnia w \u0142\u00f3dzkiej Galerii Starej zostanie otwarta wystawa pt. Pozdrowienia z Muszyny!. Autorem fotografii jest Zbigniew \u0141agocki.\" \/>\n<meta name=\"twitter:image\" content=\"https:\/\/ownetic.com\/wydarzenia\/wp-content\/uploads\/2014\/11\/zbigniew-lagocki-dom-wypoczynkowy-alchemik-2014-11-26.jpg\" \/>\n<meta name=\"twitter:label1\" content=\"Napisane przez\" \/>\n\t<meta name=\"twitter:data1\" content=\"kaska-kowalska\" \/>\n\t<meta name=\"twitter:label2\" content=\"Szacowany czas czytania\" \/>\n\t<meta name=\"twitter:data2\" content=\"5 minut\" \/>\n<script type=\"application\/ld+json\" class=\"yoast-schema-graph\">{\"@context\":\"https:\/\/schema.org\",\"@graph\":[{\"@type\":\"WebSite\",\"@id\":\"https:\/\/ownetic.com\/wydarzenia\/#website\",\"url\":\"https:\/\/ownetic.com\/wydarzenia\/\",\"name\":\"Wydarzenia O.pl\",\"description\":\"Przestrze\u0144 prezentacji najwa\u017cniejszych wydarze\u0144 z takich dziedzin, jak: sztuka, design, fotografia, film, muzyka, teatr, literatura, historia, taniec, architektura\",\"potentialAction\":[{\"@type\":\"SearchAction\",\"target\":{\"@type\":\"EntryPoint\",\"urlTemplate\":\"https:\/\/ownetic.com\/wydarzenia\/?s={search_term_string}\"},\"query-input\":\"required name=search_term_string\"}],\"inLanguage\":\"pl-PL\"},{\"@type\":\"ImageObject\",\"inLanguage\":\"pl-PL\",\"@id\":\"https:\/\/ownetic.com\/wydarzenia\/2014\/12\/zbigniew-lagocki-pozdrowienia-z-muszyny-galeria-stara-ldk-lodz\/#primaryimage\",\"url\":\"https:\/\/ownetic.com\/wydarzenia\/wp-content\/uploads\/2014\/11\/zbigniew-lagocki-dom-wypoczynkowy-alchemik-2014-11-26.jpg\",\"contentUrl\":\"https:\/\/ownetic.com\/wydarzenia\/wp-content\/uploads\/2014\/11\/zbigniew-lagocki-dom-wypoczynkowy-alchemik-2014-11-26.jpg\",\"width\":800,\"height\":533,\"caption\":\"\u00a9 fot. Zbigniew \u0141agocki, \u201eMuszyna. Dom Wypoczynkowy Alchemik\u201d, 1974 rok (\u017ar\u00f3d\u0142o: materia\u0142y prasowe organizatora)\"},{\"@type\":\"WebPage\",\"@id\":\"https:\/\/ownetic.com\/wydarzenia\/2014\/12\/zbigniew-lagocki-pozdrowienia-z-muszyny-galeria-stara-ldk-lodz\/#webpage\",\"url\":\"https:\/\/ownetic.com\/wydarzenia\/2014\/12\/zbigniew-lagocki-pozdrowienia-z-muszyny-galeria-stara-ldk-lodz\/\",\"name\":\"Zbigniew \u0141agocki. Pozdrowienia z Muszyny!\",\"isPartOf\":{\"@id\":\"https:\/\/ownetic.com\/wydarzenia\/#website\"},\"primaryImageOfPage\":{\"@id\":\"https:\/\/ownetic.com\/wydarzenia\/2014\/12\/zbigniew-lagocki-pozdrowienia-z-muszyny-galeria-stara-ldk-lodz\/#primaryimage\"},\"datePublished\":\"2014-12-03T23:00:31+00:00\",\"dateModified\":\"2015-02-06T12:31:14+00:00\",\"author\":{\"@id\":\"https:\/\/ownetic.com\/wydarzenia\/#\/schema\/person\/b1972baa91de641ce21b53c4bf288444\"},\"description\":\"12 grudnia w \u0142\u00f3dzkiej Galerii Starej zostanie otwarta wystawa pt. Pozdrowienia z Muszyny!. Autorem fotografii jest Zbigniew \u0141agocki.\",\"breadcrumb\":{\"@id\":\"https:\/\/ownetic.com\/wydarzenia\/2014\/12\/zbigniew-lagocki-pozdrowienia-z-muszyny-galeria-stara-ldk-lodz\/#breadcrumb\"},\"inLanguage\":\"pl-PL\",\"potentialAction\":[{\"@type\":\"ReadAction\",\"target\":[\"https:\/\/ownetic.com\/wydarzenia\/2014\/12\/zbigniew-lagocki-pozdrowienia-z-muszyny-galeria-stara-ldk-lodz\/\"]}]},{\"@type\":\"BreadcrumbList\",\"@id\":\"https:\/\/ownetic.com\/wydarzenia\/2014\/12\/zbigniew-lagocki-pozdrowienia-z-muszyny-galeria-stara-ldk-lodz\/#breadcrumb\",\"itemListElement\":[{\"@type\":\"ListItem\",\"position\":1,\"name\":\"Strona g\u0142\u00f3wna\"}]},{\"@type\":\"Person\",\"@id\":\"https:\/\/ownetic.com\/wydarzenia\/#\/schema\/person\/b1972baa91de641ce21b53c4bf288444\",\"name\":\"kaska-kowalska\",\"url\":\"https:\/\/ownetic.com\/wydarzenia\/author\/kaska-kowalska\/\"}]}<\/script>\n<!-- \/ Yoast SEO plugin. -->","yoast_head_json":{"title":"Zbigniew \u0141agocki. Pozdrowienia z Muszyny!","description":"12 grudnia w \u0142\u00f3dzkiej Galerii Starej zostanie otwarta wystawa pt. Pozdrowienia z Muszyny!. Autorem fotografii jest Zbigniew \u0141agocki.","robots":{"index":"index","follow":"follow","max-snippet":"max-snippet:-1","max-image-preview":"max-image-preview:large","max-video-preview":"max-video-preview:-1"},"canonical":"https:\/\/ownetic.com\/wydarzenia\/2014\/12\/zbigniew-lagocki-pozdrowienia-z-muszyny-galeria-stara-ldk-lodz\/","next":"https:\/\/ownetic.com\/wydarzenia\/2014\/12\/zbigniew-lagocki-pozdrowienia-z-muszyny-galeria-stara-ldk-lodz\/2\/","twitter_card":"summary_large_image","twitter_title":"Zbigniew \u0141agocki. Pozdrowienia z Muszyny!","twitter_description":"12 grudnia w \u0142\u00f3dzkiej Galerii Starej zostanie otwarta wystawa pt. Pozdrowienia z Muszyny!. Autorem fotografii jest Zbigniew \u0141agocki.","twitter_image":"https:\/\/ownetic.com\/wydarzenia\/wp-content\/uploads\/2014\/11\/zbigniew-lagocki-dom-wypoczynkowy-alchemik-2014-11-26.jpg","twitter_misc":{"Napisane przez":"kaska-kowalska","Szacowany czas czytania":"5 minut"},"schema":{"@context":"https:\/\/schema.org","@graph":[{"@type":"WebSite","@id":"https:\/\/ownetic.com\/wydarzenia\/#website","url":"https:\/\/ownetic.com\/wydarzenia\/","name":"Wydarzenia O.pl","description":"Przestrze\u0144 prezentacji najwa\u017cniejszych wydarze\u0144 z takich dziedzin, jak: sztuka, design, fotografia, film, muzyka, teatr, literatura, historia, taniec, architektura","potentialAction":[{"@type":"SearchAction","target":{"@type":"EntryPoint","urlTemplate":"https:\/\/ownetic.com\/wydarzenia\/?s={search_term_string}"},"query-input":"required name=search_term_string"}],"inLanguage":"pl-PL"},{"@type":"ImageObject","inLanguage":"pl-PL","@id":"https:\/\/ownetic.com\/wydarzenia\/2014\/12\/zbigniew-lagocki-pozdrowienia-z-muszyny-galeria-stara-ldk-lodz\/#primaryimage","url":"https:\/\/ownetic.com\/wydarzenia\/wp-content\/uploads\/2014\/11\/zbigniew-lagocki-dom-wypoczynkowy-alchemik-2014-11-26.jpg","contentUrl":"https:\/\/ownetic.com\/wydarzenia\/wp-content\/uploads\/2014\/11\/zbigniew-lagocki-dom-wypoczynkowy-alchemik-2014-11-26.jpg","width":800,"height":533,"caption":"\u00a9 fot. Zbigniew \u0141agocki, \u201eMuszyna. Dom Wypoczynkowy Alchemik\u201d, 1974 rok (\u017ar\u00f3d\u0142o: materia\u0142y prasowe organizatora)"},{"@type":"WebPage","@id":"https:\/\/ownetic.com\/wydarzenia\/2014\/12\/zbigniew-lagocki-pozdrowienia-z-muszyny-galeria-stara-ldk-lodz\/#webpage","url":"https:\/\/ownetic.com\/wydarzenia\/2014\/12\/zbigniew-lagocki-pozdrowienia-z-muszyny-galeria-stara-ldk-lodz\/","name":"Zbigniew \u0141agocki. Pozdrowienia z Muszyny!","isPartOf":{"@id":"https:\/\/ownetic.com\/wydarzenia\/#website"},"primaryImageOfPage":{"@id":"https:\/\/ownetic.com\/wydarzenia\/2014\/12\/zbigniew-lagocki-pozdrowienia-z-muszyny-galeria-stara-ldk-lodz\/#primaryimage"},"datePublished":"2014-12-03T23:00:31+00:00","dateModified":"2015-02-06T12:31:14+00:00","author":{"@id":"https:\/\/ownetic.com\/wydarzenia\/#\/schema\/person\/b1972baa91de641ce21b53c4bf288444"},"description":"12 grudnia w \u0142\u00f3dzkiej Galerii Starej zostanie otwarta wystawa pt. Pozdrowienia z Muszyny!. Autorem fotografii jest Zbigniew \u0141agocki.","breadcrumb":{"@id":"https:\/\/ownetic.com\/wydarzenia\/2014\/12\/zbigniew-lagocki-pozdrowienia-z-muszyny-galeria-stara-ldk-lodz\/#breadcrumb"},"inLanguage":"pl-PL","potentialAction":[{"@type":"ReadAction","target":["https:\/\/ownetic.com\/wydarzenia\/2014\/12\/zbigniew-lagocki-pozdrowienia-z-muszyny-galeria-stara-ldk-lodz\/"]}]},{"@type":"BreadcrumbList","@id":"https:\/\/ownetic.com\/wydarzenia\/2014\/12\/zbigniew-lagocki-pozdrowienia-z-muszyny-galeria-stara-ldk-lodz\/#breadcrumb","itemListElement":[{"@type":"ListItem","position":1,"name":"Strona g\u0142\u00f3wna"}]},{"@type":"Person","@id":"https:\/\/ownetic.com\/wydarzenia\/#\/schema\/person\/b1972baa91de641ce21b53c4bf288444","name":"kaska-kowalska","url":"https:\/\/ownetic.com\/wydarzenia\/author\/kaska-kowalska\/"}]}},"_links":{"self":[{"href":"https:\/\/ownetic.com\/wydarzenia\/wp-json\/wp\/v2\/posts\/53013"}],"collection":[{"href":"https:\/\/ownetic.com\/wydarzenia\/wp-json\/wp\/v2\/posts"}],"about":[{"href":"https:\/\/ownetic.com\/wydarzenia\/wp-json\/wp\/v2\/types\/post"}],"author":[{"embeddable":true,"href":"https:\/\/ownetic.com\/wydarzenia\/wp-json\/wp\/v2\/users\/62"}],"replies":[{"embeddable":true,"href":"https:\/\/ownetic.com\/wydarzenia\/wp-json\/wp\/v2\/comments?post=53013"}],"version-history":[{"count":0,"href":"https:\/\/ownetic.com\/wydarzenia\/wp-json\/wp\/v2\/posts\/53013\/revisions"}],"wp:featuredmedia":[{"embeddable":true,"href":"https:\/\/ownetic.com\/wydarzenia\/wp-json\/wp\/v2\/media\/53016"}],"wp:attachment":[{"href":"https:\/\/ownetic.com\/wydarzenia\/wp-json\/wp\/v2\/media?parent=53013"}],"wp:term":[{"taxonomy":"category","embeddable":true,"href":"https:\/\/ownetic.com\/wydarzenia\/wp-json\/wp\/v2\/categories?post=53013"},{"taxonomy":"post_tag","embeddable":true,"href":"https:\/\/ownetic.com\/wydarzenia\/wp-json\/wp\/v2\/tags?post=53013"},{"taxonomy":"powerkit_post_featured","embeddable":true,"href":"https:\/\/ownetic.com\/wydarzenia\/wp-json\/wp\/v2\/powerkit_post_featured?post=53013"}],"curies":[{"name":"wp","href":"https:\/\/api.w.org\/{rel}","templated":true}]}}