{"id":55169,"date":"2015-04-23T00:00:09","date_gmt":"2015-04-22T23:00:09","guid":{"rendered":"https:\/\/ownetic.com\/wydarzenia\/?p=55169"},"modified":"2015-05-11T14:45:33","modified_gmt":"2015-05-11T13:45:33","slug":"17-przeglad-filmowy-kino-na-granicy-stowarzyszenie-kultura-na-granicy-cieszyn","status":"publish","type":"post","link":"https:\/\/ownetic.com\/wydarzenia\/2015\/04\/17-przeglad-filmowy-kino-na-granicy-stowarzyszenie-kultura-na-granicy-cieszyn\/","title":{"rendered":"17. Przegl\u0105d Filmowy Kino na Granicy"},"content":{"rendered":"<p>Kiedy 11 lat temu Polska wst\u0119powa\u0142a w szeregi Unii Europejskiej, organizatorzy Kina na Granicy ju\u017c w niej byli, tworz\u0105c transgraniczny festiwal filmowy i udowadniaj\u0105c, \u017ce nic nie jednoczy tak jak kultura. 17. edycja imprezy, kt\u00f3ra sta\u0142a si\u0119 symbolicznym mostem \u0142\u0105cz\u0105cym czeskich i polskich widz\u00f3w, rozpocznie si\u0119 w tym roku 28 kwietnia.<\/p>\n<figure id=\"attachment_55226\" aria-describedby=\"caption-attachment-55226\" style=\"width: 576px\" class=\"wp-caption alignnone\"><a href=\"https:\/\/ownetic.com\/wydarzenia\/2015\/04\/17-przeglad-filmowy-kino-na-granicy-stowarzyszenie-kultura-na-granicy-cieszyn\/jak-powstaje-tornado-veronika-kocurkova-kino-na-granicy-cieszyn-2015-04-23\/\" rel=\"attachment wp-att-55226\"><img loading=\"lazy\" class=\"size-medium wp-image-55226\" src=\"https:\/\/ownetic.com\/wydarzenia\/wp-content\/uploads\/2015\/04\/jak-powstaje-tornado-veronika-kocurkova-kino-na-granicy-cieszyn-2015-04-23-576x324.jpg\" alt=\"\u201eJak powstaje tornado\u201d, re\u017c. Veronika Kocourkov\u00e1 (\u017ar\u00f3d\u0142o: materia\u0142y prasowe organizatora)\" width=\"576\" height=\"324\" \/><\/a><figcaption id=\"caption-attachment-55226\" class=\"wp-caption-text\">\u201eJak powstaje tornado\u201d, re\u017c. Veronika Kocourkov\u00e1 (\u017ar\u00f3d\u0142o: materia\u0142y prasowe organizatora)<\/figcaption><\/figure>\n<p>Organizowany w po\u0142o\u017conym na dw\u00f3ch brzegach Olzy Cieszynie \/ Ceskym Tesinie festiwal od pocz\u0105tku stawia sobie za cel przybli\u017canie publiczno\u015bci najciekawszych zjawisk i tw\u00f3rc\u00f3w kinematografii polskiej i czeskiej dodatkowo si\u0119gaj\u0105c tak\u017ce po filmowe propozycje ze S\u0142owacji i W\u0119gier. Ambitna i pozbawiona charakterystycznego dla wielu innych blichtru impreza na sta\u0142e wpisa\u0142a si\u0119 w kalendarz wydarze\u0144 stolicy \u015al\u0105ska Cieszy\u0144skiego, a wielu jego mieszka\u0144c\u00f3w nie wyobra\u017ca sobie tradycyjnej maj\u00f3wki bez kinowych emocji. Organizatorzy za\u015b zapewniaj\u0105 \u017ce tych, jak co roku, nie zabraknie.<\/p>\n<p>Program 17. edycji Kina Na Granicy wyznaczaj\u0105 w du\u017cej mierze dwa cykle. Pierwszy <em>Stokrotki: Kino kobiet w kinematografii czechos\u0142owackiej<\/em> to retrospektywna pr\u00f3ba ukazania dorobku najwa\u017cniejszych re\u017cyserek naszych po\u0142udniowych s\u0105siad\u00f3w b\u0119d\u0105ca swoist\u0105 kontynuacj\u0105 przegl\u0105du <em>Bia\u0142y Mazur. Kino kobiet w polskiej kinematografii,<\/em> kt\u00f3ry by\u0142 jednym z element\u00f3w ubieg\u0142orocznego programu cieszy\u0144skiej imprezy. Czechofile znajd\u0105 w tej sekcji m.in. filmy V\u011bry Chytilovej, Drahom\u00edry Vihanovej i Ester Krumbachovej. Jednak lista kobiet\u2013filmowc\u00f3w, z kt\u00f3rych tw\u00f3rczo\u015bci\u0105 b\u0119dzie mo\u017cna zetkn\u0105\u0107 si\u0119 w tym roku w Cieszynie nie ko\u0144czy si\u0119 bynajmniej na tych nazwiskach. W\u015br\u00f3d retrospektyw znalaz\u0142o si\u0119 miejsce dla b\u0119d\u0105cej gwiazd\u0105 s\u0142owackiej kinematografii aktorki Em\u00edli V\u00e1\u0161\u00e1ryovej oraz dla absolutnej divy polskiego kina czyli Katarzyny Figury, kt\u00f3ra w s\u0142ynnym <em>Kingsajz<\/em> Juliusza Machulskiego by\u0107 mo\u017ce <em>przem\u00f3wi<\/em> do widz\u00f3w z ekranu czeskim dubbingem.<\/p>\n<div id='gallery-1' class='gallery galleryid-55169 gallery-columns-6 gallery-size-thumbnail'><figure class='gallery-item'>\n\t\t\t<div class='gallery-icon '>\n\t\t\t\t<a href='https:\/\/ownetic.com\/wydarzenia\/2015\/04\/17-przeglad-filmowy-kino-na-granicy-stowarzyszenie-kultura-na-granicy-cieszyn\/pod-jednym-dachem-jan-hrebejk-kino-na-granicy-cieszyn-2015-04-23\/'><img width=\"1\" height=\"1\" src=\"https:\/\/ownetic.com\/wydarzenia\/wp-content\/uploads\/2015\/04\/pod-jednym-dachem-jan-hrebejk-kino-na-granicy-cieszyn-2015-04-23.jpg\" class=\"attachment-thumbnail size-thumbnail\" alt=\"\u201eProd jednym dachem\u201d, re\u017c. Jan H\u0159ebejk (\u017ar\u00f3d\u0142o: materia\u0142y prasowe organizatora)\" loading=\"lazy\" aria-describedby=\"gallery-1-55221\" \/><\/a>\n\t\t\t<\/div>\n\t\t\t\t<figcaption class='wp-caption-text gallery-caption' id='gallery-1-55221'>\n\t\t\t\t\u201eProd jednym dachem\u201d, re\u017c. Jan H\u0159ebejk (\u017ar\u00f3d\u0142o: materia\u0142y prasowe organizatora)\n\t\t\t\t<\/figcaption><\/figure><figure class='gallery-item'>\n\t\t\t<div class='gallery-icon '>\n\t\t\t\t<a href='https:\/\/ownetic.com\/wydarzenia\/2015\/04\/17-przeglad-filmowy-kino-na-granicy-stowarzyszenie-kultura-na-granicy-cieszyn\/przystane-na-peryferiach-jan-kadar-elmar-klos-kino-na-granicy-cieszyn-2015-04-23\/'><img width=\"1\" height=\"1\" src=\"https:\/\/ownetic.com\/wydarzenia\/wp-content\/uploads\/2015\/04\/przystane-na-peryferiach-jan-kadar-elmar-klos-kino-na-granicy-cieszyn-2015-04-23.jpg\" class=\"attachment-thumbnail size-thumbnail\" alt=\"\u201ePrzystanek na peryferiach\u201d, re\u017c. J\u00e1n Kad\u00e1r, Elmar Klos (\u017ar\u00f3d\u0142o: materia\u0142y prasowe organizatora)\" loading=\"lazy\" aria-describedby=\"gallery-1-55222\" \/><\/a>\n\t\t\t<\/div>\n\t\t\t\t<figcaption class='wp-caption-text gallery-caption' id='gallery-1-55222'>\n\t\t\t\t\u201ePrzystanek na peryferiach\u201d, re\u017c. J\u00e1n Kad\u00e1r, Elmar Klos (\u017ar\u00f3d\u0142o: materia\u0142y prasowe organizatora)\n\t\t\t\t<\/figcaption><\/figure><figure class='gallery-item'>\n\t\t\t<div class='gallery-icon '>\n\t\t\t\t<a href='https:\/\/ownetic.com\/wydarzenia\/2015\/04\/17-przeglad-filmowy-kino-na-granicy-stowarzyszenie-kultura-na-granicy-cieszyn\/siedze-na-galezi-i-est-mi-dobrze-juraj-jakubisko-kino-na-granicy-cieszyn-2015-04-23\/'><img width=\"1\" height=\"1\" src=\"https:\/\/ownetic.com\/wydarzenia\/wp-content\/uploads\/2015\/04\/siedze-na-galezi-i-est-mi-dobrze-juraj-jakubisko-kino-na-granicy-cieszyn-2015-04-23.jpg\" class=\"attachment-thumbnail size-thumbnail\" alt=\"\u201eSiedz\u0119 na ga\u0142\u0119zi i jest mi dobrze\u201d, re\u017c. Juraj Jakubisko (\u017ar\u00f3d\u0142o: materia\u0142y prasowe organizatora)\" loading=\"lazy\" aria-describedby=\"gallery-1-55223\" \/><\/a>\n\t\t\t<\/div>\n\t\t\t\t<figcaption class='wp-caption-text gallery-caption' id='gallery-1-55223'>\n\t\t\t\t\u201eSiedz\u0119 na ga\u0142\u0119zi i jest mi dobrze\u201d, re\u017c. Juraj Jakubisko (\u017ar\u00f3d\u0142o: materia\u0142y prasowe organizatora)\n\t\t\t\t<\/figcaption><\/figure><figure class='gallery-item'>\n\t\t\t<div class='gallery-icon '>\n\t\t\t\t<a href='https:\/\/ownetic.com\/wydarzenia\/2015\/04\/17-przeglad-filmowy-kino-na-granicy-stowarzyszenie-kultura-na-granicy-cieszyn\/slowacja-2-0-kino-na-granicy-cieszyn-2015-04-23\/'><img width=\"1\" height=\"1\" src=\"https:\/\/ownetic.com\/wydarzenia\/wp-content\/uploads\/2015\/04\/slowacja-2-0-kino-na-granicy-cieszyn-2015-04-23.jpg\" class=\"attachment-thumbnail size-thumbnail\" alt=\"\u201eS\u0142owacja 2.0\u201d, re\u017c. Herz, \u0160ul\u00edk, Kerekes, Liov\u00e1, Such\u00fd, Rudavsk\u00fd, Gr\u00f3fov\u00e1, Kri\u0161t\u00fafek, \u010c\u00e1kanyov\u00e1, Jelok (\u017ar\u00f3d\u0142o: materia\u0142y prasowe organizatora)\" loading=\"lazy\" aria-describedby=\"gallery-1-55224\" \/><\/a>\n\t\t\t<\/div>\n\t\t\t\t<figcaption class='wp-caption-text gallery-caption' id='gallery-1-55224'>\n\t\t\t\t\u201eS\u0142owacja 2.0\u201d, re\u017c. Herz, \u0160ul\u00edk, Kerekes, Liov\u00e1, Such\u00fd, Rudavsk\u00fd, Gr\u00f3fov\u00e1, Kri\u0161t\u00fafek, \u010c\u00e1kanyov\u00e1, Jelok (\u017ar\u00f3d\u0142o: materia\u0142y prasowe organizatora)\n\t\t\t\t<\/figcaption><\/figure><figure class='gallery-item'>\n\t\t\t<div class='gallery-icon '>\n\t\t\t\t<a href='https:\/\/ownetic.com\/wydarzenia\/2015\/04\/17-przeglad-filmowy-kino-na-granicy-stowarzyszenie-kultura-na-granicy-cieszyn\/sniezyca-vera-chytilova-kino-na-granicy-cieszyn-2015-04-23\/'><img width=\"1\" height=\"1\" src=\"https:\/\/ownetic.com\/wydarzenia\/wp-content\/uploads\/2015\/04\/sniezyca-vera-chytilova-kino-na-granicy-cieszyn-2015-04-23.jpg\" class=\"attachment-thumbnail size-thumbnail\" alt=\"\u201e\u015anie\u017cyca\u201d, re\u017c. V\u011bra Chytilov\u00e1 (\u017ar\u00f3d\u0142o: materia\u0142y prasowe organizatora)\" loading=\"lazy\" aria-describedby=\"gallery-1-55225\" \/><\/a>\n\t\t\t<\/div>\n\t\t\t\t<figcaption class='wp-caption-text gallery-caption' id='gallery-1-55225'>\n\t\t\t\t\u201e\u015anie\u017cyca\u201d, re\u017c. V\u011bra Chytilov\u00e1 (\u017ar\u00f3d\u0142o: materia\u0142y prasowe organizatora)\n\t\t\t\t<\/figcaption><\/figure><figure class='gallery-item'>\n\t\t\t<div class='gallery-icon '>\n\t\t\t\t<a href='https:\/\/ownetic.com\/wydarzenia\/2015\/04\/17-przeglad-filmowy-kino-na-granicy-stowarzyszenie-kultura-na-granicy-cieszyn\/jak-powstaje-tornado-veronika-kocurkova-kino-na-granicy-cieszyn-2015-04-23\/'><img width=\"1\" height=\"1\" src=\"https:\/\/ownetic.com\/wydarzenia\/wp-content\/uploads\/2015\/04\/jak-powstaje-tornado-veronika-kocurkova-kino-na-granicy-cieszyn-2015-04-23.jpg\" class=\"attachment-thumbnail size-thumbnail\" alt=\"\u201eJak powstaje tornado\u201d, re\u017c. Veronika Kocourkov\u00e1 (\u017ar\u00f3d\u0142o: materia\u0142y prasowe organizatora)\" loading=\"lazy\" aria-describedby=\"gallery-1-55226\" \/><\/a>\n\t\t\t<\/div>\n\t\t\t\t<figcaption class='wp-caption-text gallery-caption' id='gallery-1-55226'>\n\t\t\t\t\u201eJak powstaje tornado\u201d, re\u017c. Veronika Kocourkov\u00e1 (\u017ar\u00f3d\u0142o: materia\u0142y prasowe organizatora)\n\t\t\t\t<\/figcaption><\/figure><figure class='gallery-item'>\n\t\t\t<div class='gallery-icon '>\n\t\t\t\t<a href='https:\/\/ownetic.com\/wydarzenia\/2015\/04\/17-przeglad-filmowy-kino-na-granicy-stowarzyszenie-kultura-na-granicy-cieszyn\/heavy-mental-sebastian-buttny-kino-na-granicy-cieszyn-2015-04-23\/'><img width=\"1\" height=\"1\" src=\"https:\/\/ownetic.com\/wydarzenia\/wp-content\/uploads\/2015\/04\/heavy-mental-sebastian-buttny-kino-na-granicy-cieszyn-2015-04-23.jpg\" class=\"attachment-thumbnail size-thumbnail\" alt=\"\u201eHeavy mental\u201d, re\u017c. Sebastian Buttny (\u017ar\u00f3d\u0142o: materia\u0142y prasowe organizatora)\" loading=\"lazy\" aria-describedby=\"gallery-1-55227\" \/><\/a>\n\t\t\t<\/div>\n\t\t\t\t<figcaption class='wp-caption-text gallery-caption' id='gallery-1-55227'>\n\t\t\t\t\u201eHeavy mental\u201d, re\u017c. Sebastian Buttny (\u017ar\u00f3d\u0142o: materia\u0142y prasowe organizatora)\n\t\t\t\t<\/figcaption><\/figure><figure class='gallery-item'>\n\t\t\t<div class='gallery-icon '>\n\t\t\t\t<a href='https:\/\/ownetic.com\/wydarzenia\/2015\/04\/17-przeglad-filmowy-kino-na-granicy-stowarzyszenie-kultura-na-granicy-cieszyn\/czeska-woja-piwa-jan-latal-kino-na-granicy-cieszyn-2015-04-23\/'><img width=\"1\" height=\"1\" src=\"https:\/\/ownetic.com\/wydarzenia\/wp-content\/uploads\/2015\/04\/czeska-woja-piwa-jan-latal-kino-na-granicy-cieszyn-2015-04-23.jpg\" class=\"attachment-thumbnail size-thumbnail\" alt=\"\u201eCzeska wojna piwna\u201d, re\u017c. Jan L\u00e1tal (\u017ar\u00f3d\u0142o: materia\u0142y prasowe organizatora)\" loading=\"lazy\" aria-describedby=\"gallery-1-55228\" \/><\/a>\n\t\t\t<\/div>\n\t\t\t\t<figcaption class='wp-caption-text gallery-caption' id='gallery-1-55228'>\n\t\t\t\t\u201eCzeska wojna piwna\u201d, re\u017c. Jan L\u00e1tal (\u017ar\u00f3d\u0142o: materia\u0142y prasowe organizatora)\n\t\t\t\t<\/figcaption><\/figure><figure class='gallery-item'>\n\t\t\t<div class='gallery-icon '>\n\t\t\t\t<a href='https:\/\/ownetic.com\/wydarzenia\/2015\/04\/17-przeglad-filmowy-kino-na-granicy-stowarzyszenie-kultura-na-granicy-cieszyn\/efekt-domina-elwira-niewiera-piotr-rosolowski-kino-na-granicy-cieszyn-2015-04-23\/'><img width=\"1\" height=\"1\" src=\"https:\/\/ownetic.com\/wydarzenia\/wp-content\/uploads\/2015\/04\/efekt-domina-elwira-niewiera-piotr-rosolowski-kino-na-granicy-cieszyn-2015-04-23.jpg\" class=\"attachment-thumbnail size-thumbnail\" alt=\"\u201eEfekt domina\u201d, re\u017c. Elwira Niewiera, Piotr Roso\u0142owsk (\u017ar\u00f3d\u0142o: materia\u0142y prasowe organizatora)\" loading=\"lazy\" aria-describedby=\"gallery-1-55229\" \/><\/a>\n\t\t\t<\/div>\n\t\t\t\t<figcaption class='wp-caption-text gallery-caption' id='gallery-1-55229'>\n\t\t\t\t\u201eEfekt domina\u201d, re\u017c. Elwira Niewiera, Piotr Roso\u0142owsk (\u017ar\u00f3d\u0142o: materia\u0142y prasowe organizatora)\n\t\t\t\t<\/figcaption><\/figure><figure class='gallery-item'>\n\t\t\t<div class='gallery-icon '>\n\t\t\t\t<a href='https:\/\/ownetic.com\/wydarzenia\/2015\/04\/17-przeglad-filmowy-kino-na-granicy-stowarzyszenie-kultura-na-granicy-cieszyn\/bajarz-vladimir-michalek-kino-na-granicy-cieszyn-2015-04-23\/'><img width=\"1\" height=\"1\" src=\"https:\/\/ownetic.com\/wydarzenia\/wp-content\/uploads\/2015\/04\/bajarz-vladimir-michalek-kino-na-granicy-cieszyn-2015-04-23.jpg\" class=\"attachment-thumbnail size-thumbnail\" alt=\"\u201eBajarz\u201d, re\u017c. Vladim\u00edr Mich\u00e1lek (\u017ar\u00f3d\u0142o: materia\u0142y prasowe organizatora)\" loading=\"lazy\" aria-describedby=\"gallery-1-55230\" \/><\/a>\n\t\t\t<\/div>\n\t\t\t\t<figcaption class='wp-caption-text gallery-caption' id='gallery-1-55230'>\n\t\t\t\t\u201eBajarz\u201d, re\u017c. Vladim\u00edr Mich\u00e1lek (\u017ar\u00f3d\u0142o: materia\u0142y prasowe organizatora)\n\t\t\t\t<\/figcaption><\/figure><figure class='gallery-item'>\n\t\t\t<div class='gallery-icon '>\n\t\t\t\t<a href='https:\/\/ownetic.com\/wydarzenia\/2015\/04\/17-przeglad-filmowy-kino-na-granicy-stowarzyszenie-kultura-na-granicy-cieszyn\/6-krokow-bartosz-dombrowski-kino-na-granicy-cieszyn-2015-04-23\/'><img width=\"1\" height=\"1\" src=\"https:\/\/ownetic.com\/wydarzenia\/wp-content\/uploads\/2015\/04\/6-krokow-bartosz-dombrowski-kino-na-granicy-cieszyn-2015-04-23.jpg\" class=\"attachment-thumbnail size-thumbnail\" alt=\"\u201e6 krok\u00f3w\u201d, re\u017c. Bartosz Dombrowski (\u017ar\u00f3d\u0142o: materia\u0142y prasowe organizatora)\" loading=\"lazy\" aria-describedby=\"gallery-1-55231\" \/><\/a>\n\t\t\t<\/div>\n\t\t\t\t<figcaption class='wp-caption-text gallery-caption' id='gallery-1-55231'>\n\t\t\t\t\u201e6 krok\u00f3w\u201d, re\u017c. Bartosz Dombrowski (\u017ar\u00f3d\u0142o: materia\u0142y prasowe organizatora)\n\t\t\t\t<\/figcaption><\/figure>\n\t\t<\/div>\n\n<p>Drugi z bohater\u00f3w tematycznych Kina na Granicy to instytucja zas\u0142u\u017cona dla polskiej kinematografii m\u0142odego widza jak ma\u0142o kto. Mowa o Studiu Film\u00f3w Rysunkowych z Bielska-Bia\u0142ej czyli tw\u00f3rcach s\u0142ynnych Bolka i Lolka oraz Reksia. W ramach Kina Na Granicy zaprezentowane zostan\u0105 jednak nie tylko najs\u0142ynniejsze polskie kresk\u00f3wki, ale tak\u017ce <em>doros\u0142a<\/em> tw\u00f3rczo\u015b\u0107 jednego z najwa\u017cniejszych o\u015brodk\u00f3w animacji (m.in. filmy Zdzis\u0142awa Kud\u0142y i Bronis\u0142awa Zemana).<\/p>\n<p>W programie Kina na Granicy tradycyjnie ju\u017c nie zabraknie w\u0105tk\u00f3w regionalnych. Tym razem b\u0119dzie to pokaz film\u00f3w zwi\u0105zanych z postaci\u0105 Ludv\u00edka A\u0161kenazego \u2013\u00a0urodzonego w Czeskim Cieszynie pisarza i scenarzysty filmowcy. W programie jego retrospektywy znalaz\u0142y si\u0119 zar\u00f3wno filmy z lat 50. XX wieku (<em>Tam na kone\u010dn\u00e9<\/em> J\u00e1na Kad\u00e1ra i Elmara Klosa), jak i sprzed roku (<em>Brutus<\/em> Swiet\u0142any Filippowej).<\/p>\n<p>Organizatorom uda\u0142o si\u0119 tak\u017ce nam\u00f3wi\u0107 na przyjazd do Cieszyna i uczestnictwo w pokazach swoich film\u00f3w jednego z najbardziej rozpoznawalnych i wszechstronnych czeskich aktor\u00f3w Bolka Pol\u00edvk\u0119 \u2013\u00a0gwiazd\u0119 film\u00f3w m.in. V\u011bry Chytilovej, Vladim\u00edra Mich\u00e1lka i Jana H\u0159ebejka. Kino na Granicy ma by\u0107 tak\u017ce okazj\u0105 do odkrycia tw\u00f3rczo\u015bci s\u0142owackiego re\u017cysera i scenarzysty Stanislava P\u00e1rnick\u00fd&#8217;ego, kt\u00f3ry przyjedzie nad Olz\u0119 na zaproszenie zaprzyja\u017anionego z cieszy\u0144sk\u0105 imprez\u0105 swojego dawnego studenta Martina \u0160ul\u00edka.<\/p>\n<p>W gronie go\u015bci tegorocznego festiwalu znalaz\u0142 si\u0119 tak\u017ce re\u017cyser g\u0142o\u015bnej <em>Ob\u0142awy<\/em> Marcin Krzyszta\u0142owicz. Kino na Granicy obok jego najnowszych produkcji przypomni tak\u017ce jego wczesny, a dzi\u015b kultowy <em>western obsceniczny Eucalyptus<\/em> z udzia\u0142em Doroty Stali\u0144skiej i Renaty Dancewicz oraz telewizyjny obraz <em>Koniec wakacji.<\/em><\/p>\n<figure id=\"attachment_55224\" aria-describedby=\"caption-attachment-55224\" style=\"width: 576px\" class=\"wp-caption alignnone\"><a href=\"https:\/\/ownetic.com\/wydarzenia\/2015\/04\/17-przeglad-filmowy-kino-na-granicy-stowarzyszenie-kultura-na-granicy-cieszyn\/slowacja-2-0-kino-na-granicy-cieszyn-2015-04-23\/\" rel=\"attachment wp-att-55224\"><img loading=\"lazy\" class=\"size-medium wp-image-55224\" src=\"https:\/\/ownetic.com\/wydarzenia\/wp-content\/uploads\/2015\/04\/slowacja-2-0-kino-na-granicy-cieszyn-2015-04-23-576x324.jpg\" alt=\"\u201eS\u0142owacja 2.0\u201d, re\u017c. Herz, \u0160ul\u00edk, Kerekes, Liov\u00e1, Such\u00fd, Rudavsk\u00fd, Gr\u00f3fov\u00e1, Kri\u0161t\u00fafek, \u010c\u00e1kanyov\u00e1, Jelok (\u017ar\u00f3d\u0142o: materia\u0142y prasowe organizatora)\" width=\"576\" height=\"324\" \/><\/a><figcaption id=\"caption-attachment-55224\" class=\"wp-caption-text\">\u201eS\u0142owacja 2.0\u201d, re\u017c. Herz, \u0160ul\u00edk, Kerekes, Liov\u00e1, Such\u00fd, Rudavsk\u00fd, Gr\u00f3fov\u00e1, Kri\u0161t\u00fafek, \u010c\u00e1kanyov\u00e1, Jelok (\u017ar\u00f3d\u0142o: materia\u0142y prasowe organizatora)<\/figcaption><\/figure>\n<p>Oczywi\u015bcie nie zabraknie r\u00f3wnie\u017c w Cieszynie kinowych nowo\u015bci pozwalaj\u0105cych rok w rok obserwowa\u0107 jak kszta\u0142tuje si\u0119 najnowsze kino Polski i Czech. Tegoroczna edycja Kina na Granicy potrwa do 3 maja.<\/p>\n<p>Autor tekstu: Rafa\u0142 Paw\u0142owski<\/p>\n<p>Szczeg\u00f3\u0142owy program festiwalu dost\u0119pny na oficjalnej stronie internetowej Kina na Granicy.<\/p>\n<p><strong>17. Przegl\u0105d Film\u00f3w Kino na Granicy<\/strong><br \/>\nOd 28 kwietnia do 3 maja 2015 roku<br \/>\nCieszyn, Czeski Cieszyn<\/p>\n","protected":false},"excerpt":{"rendered":"<p>Kiedy 11 lat temu Polska wst\u0119powa\u0142a w szeregi Unii Europejskiej, organizatorzy Kina na Granicy ju\u017c w niej byli, tworz\u0105c transgraniczny festiwal filmowy i udowadniaj\u0105c, \u017ce nic nie jednoczy tak jak kultura. 17. edycja imprezy, kt\u00f3ra sta\u0142a si\u0119 symbolicznym mostem \u0142\u0105cz\u0105cym czeskich i polskich widz\u00f3w, rozpocznie si\u0119 w tym roku 28 kwietnia.<\/p>\n","protected":false},"author":96,"featured_media":55221,"comment_status":"open","ping_status":"closed","sticky":false,"template":"","format":"standard","meta":[],"categories":[236],"tags":[40,4649,8680,9978,9980],"powerkit_post_featured":[],"yoast_head":"<!-- This site is optimized with the Yoast SEO plugin v18.7 - https:\/\/yoast.com\/wordpress\/plugins\/seo\/ -->\n<title>17. Przegl\u0105d Filmowy Kino na Granicy<\/title>\n<meta name=\"description\" content=\"Kiedy 11 lat temu Polska wst\u0119powa\u0142a w szeregi Unii Europejskiej, organizatorzy Kina na Granicy ju\u017c w niej byli, tworz\u0105c transgraniczny festiwal filmowy i udowadniaj\u0105c, \u017ce nic nie jednoczy tak jak kultura. 17. edycja imprezy, kt\u00f3ra sta\u0142a si\u0119 symbolicznym mostem \u0142\u0105cz\u0105cym czeskich i polskich widz\u00f3w, rozpocznie si\u0119 w tym roku 28 kwietnia.\" \/>\n<meta name=\"robots\" content=\"index, follow, max-snippet:-1, max-image-preview:large, max-video-preview:-1\" \/>\n<link rel=\"canonical\" href=\"https:\/\/ownetic.com\/wydarzenia\/2015\/04\/17-przeglad-filmowy-kino-na-granicy-stowarzyszenie-kultura-na-granicy-cieszyn\/\" \/>\n<meta name=\"twitter:card\" content=\"summary_large_image\" \/>\n<meta name=\"twitter:title\" content=\"17. Przegl\u0105d Filmowy Kino na Granicy\" \/>\n<meta name=\"twitter:description\" content=\"Kiedy 11 lat temu Polska wst\u0119powa\u0142a w szeregi Unii Europejskiej, organizatorzy Kina na Granicy ju\u017c w niej byli, tworz\u0105c transgraniczny festiwal filmowy i udowadniaj\u0105c, \u017ce nic nie jednoczy tak jak kultura. 17. edycja imprezy, kt\u00f3ra sta\u0142a si\u0119 symbolicznym mostem \u0142\u0105cz\u0105cym czeskich i polskich widz\u00f3w, rozpocznie si\u0119 w tym roku 28 kwietnia.\" \/>\n<meta name=\"twitter:image\" content=\"https:\/\/ownetic.com\/wydarzenia\/wp-content\/uploads\/2015\/04\/pod-jednym-dachem-jan-hrebejk-kino-na-granicy-cieszyn-2015-04-23.jpg\" \/>\n<meta name=\"twitter:label1\" content=\"Napisane przez\" \/>\n\t<meta name=\"twitter:data1\" content=\"sonia-milewska\" \/>\n\t<meta name=\"twitter:label2\" content=\"Szacowany czas czytania\" \/>\n\t<meta name=\"twitter:data2\" content=\"4 minuty\" \/>\n<script type=\"application\/ld+json\" class=\"yoast-schema-graph\">{\"@context\":\"https:\/\/schema.org\",\"@graph\":[{\"@type\":\"WebSite\",\"@id\":\"https:\/\/ownetic.com\/wydarzenia\/#website\",\"url\":\"https:\/\/ownetic.com\/wydarzenia\/\",\"name\":\"Wydarzenia O.pl\",\"description\":\"Przestrze\u0144 prezentacji najwa\u017cniejszych wydarze\u0144 z takich dziedzin, jak: sztuka, design, fotografia, film, muzyka, teatr, literatura, historia, taniec, architektura\",\"potentialAction\":[{\"@type\":\"SearchAction\",\"target\":{\"@type\":\"EntryPoint\",\"urlTemplate\":\"https:\/\/ownetic.com\/wydarzenia\/?s={search_term_string}\"},\"query-input\":\"required name=search_term_string\"}],\"inLanguage\":\"pl-PL\"},{\"@type\":\"ImageObject\",\"inLanguage\":\"pl-PL\",\"@id\":\"https:\/\/ownetic.com\/wydarzenia\/2015\/04\/17-przeglad-filmowy-kino-na-granicy-stowarzyszenie-kultura-na-granicy-cieszyn\/#primaryimage\",\"url\":\"https:\/\/ownetic.com\/wydarzenia\/wp-content\/uploads\/2015\/04\/pod-jednym-dachem-jan-hrebejk-kino-na-granicy-cieszyn-2015-04-23.jpg\",\"contentUrl\":\"https:\/\/ownetic.com\/wydarzenia\/wp-content\/uploads\/2015\/04\/pod-jednym-dachem-jan-hrebejk-kino-na-granicy-cieszyn-2015-04-23.jpg\",\"caption\":\"\u201eProd jednym dachem\u201d, re\u017c. Jan H\u0159ebejk (\u017ar\u00f3d\u0142o: materia\u0142y prasowe organizatora)\"},{\"@type\":\"WebPage\",\"@id\":\"https:\/\/ownetic.com\/wydarzenia\/2015\/04\/17-przeglad-filmowy-kino-na-granicy-stowarzyszenie-kultura-na-granicy-cieszyn\/#webpage\",\"url\":\"https:\/\/ownetic.com\/wydarzenia\/2015\/04\/17-przeglad-filmowy-kino-na-granicy-stowarzyszenie-kultura-na-granicy-cieszyn\/\",\"name\":\"17. Przegl\u0105d Filmowy Kino na Granicy\",\"isPartOf\":{\"@id\":\"https:\/\/ownetic.com\/wydarzenia\/#website\"},\"primaryImageOfPage\":{\"@id\":\"https:\/\/ownetic.com\/wydarzenia\/2015\/04\/17-przeglad-filmowy-kino-na-granicy-stowarzyszenie-kultura-na-granicy-cieszyn\/#primaryimage\"},\"datePublished\":\"2015-04-22T23:00:09+00:00\",\"dateModified\":\"2015-05-11T13:45:33+00:00\",\"author\":{\"@id\":\"https:\/\/ownetic.com\/wydarzenia\/#\/schema\/person\/707204e51f34604ca1e5ccd8e0479232\"},\"description\":\"Kiedy 11 lat temu Polska wst\u0119powa\u0142a w szeregi Unii Europejskiej, organizatorzy Kina na Granicy ju\u017c w niej byli, tworz\u0105c transgraniczny festiwal filmowy i udowadniaj\u0105c, \u017ce nic nie jednoczy tak jak kultura. 17. edycja imprezy, kt\u00f3ra sta\u0142a si\u0119 symbolicznym mostem \u0142\u0105cz\u0105cym czeskich i polskich widz\u00f3w, rozpocznie si\u0119 w tym roku 28 kwietnia.\",\"breadcrumb\":{\"@id\":\"https:\/\/ownetic.com\/wydarzenia\/2015\/04\/17-przeglad-filmowy-kino-na-granicy-stowarzyszenie-kultura-na-granicy-cieszyn\/#breadcrumb\"},\"inLanguage\":\"pl-PL\",\"potentialAction\":[{\"@type\":\"ReadAction\",\"target\":[\"https:\/\/ownetic.com\/wydarzenia\/2015\/04\/17-przeglad-filmowy-kino-na-granicy-stowarzyszenie-kultura-na-granicy-cieszyn\/\"]}]},{\"@type\":\"BreadcrumbList\",\"@id\":\"https:\/\/ownetic.com\/wydarzenia\/2015\/04\/17-przeglad-filmowy-kino-na-granicy-stowarzyszenie-kultura-na-granicy-cieszyn\/#breadcrumb\",\"itemListElement\":[{\"@type\":\"ListItem\",\"position\":1,\"name\":\"Strona g\u0142\u00f3wna\",\"item\":\"https:\/\/ownetic.com\/wydarzenia\/\"},{\"@type\":\"ListItem\",\"position\":2,\"name\":\"17. Przegl\u0105d Filmowy Kino na Granicy\"}]},{\"@type\":\"Person\",\"@id\":\"https:\/\/ownetic.com\/wydarzenia\/#\/schema\/person\/707204e51f34604ca1e5ccd8e0479232\",\"name\":\"sonia-milewska\",\"url\":\"https:\/\/ownetic.com\/wydarzenia\/author\/sonia-milewska\/\"}]}<\/script>\n<!-- \/ Yoast SEO plugin. -->","yoast_head_json":{"title":"17. Przegl\u0105d Filmowy Kino na Granicy","description":"Kiedy 11 lat temu Polska wst\u0119powa\u0142a w szeregi Unii Europejskiej, organizatorzy Kina na Granicy ju\u017c w niej byli, tworz\u0105c transgraniczny festiwal filmowy i udowadniaj\u0105c, \u017ce nic nie jednoczy tak jak kultura. 17. edycja imprezy, kt\u00f3ra sta\u0142a si\u0119 symbolicznym mostem \u0142\u0105cz\u0105cym czeskich i polskich widz\u00f3w, rozpocznie si\u0119 w tym roku 28 kwietnia.","robots":{"index":"index","follow":"follow","max-snippet":"max-snippet:-1","max-image-preview":"max-image-preview:large","max-video-preview":"max-video-preview:-1"},"canonical":"https:\/\/ownetic.com\/wydarzenia\/2015\/04\/17-przeglad-filmowy-kino-na-granicy-stowarzyszenie-kultura-na-granicy-cieszyn\/","twitter_card":"summary_large_image","twitter_title":"17. Przegl\u0105d Filmowy Kino na Granicy","twitter_description":"Kiedy 11 lat temu Polska wst\u0119powa\u0142a w szeregi Unii Europejskiej, organizatorzy Kina na Granicy ju\u017c w niej byli, tworz\u0105c transgraniczny festiwal filmowy i udowadniaj\u0105c, \u017ce nic nie jednoczy tak jak kultura. 17. edycja imprezy, kt\u00f3ra sta\u0142a si\u0119 symbolicznym mostem \u0142\u0105cz\u0105cym czeskich i polskich widz\u00f3w, rozpocznie si\u0119 w tym roku 28 kwietnia.","twitter_image":"https:\/\/ownetic.com\/wydarzenia\/wp-content\/uploads\/2015\/04\/pod-jednym-dachem-jan-hrebejk-kino-na-granicy-cieszyn-2015-04-23.jpg","twitter_misc":{"Napisane przez":"sonia-milewska","Szacowany czas czytania":"4 minuty"},"schema":{"@context":"https:\/\/schema.org","@graph":[{"@type":"WebSite","@id":"https:\/\/ownetic.com\/wydarzenia\/#website","url":"https:\/\/ownetic.com\/wydarzenia\/","name":"Wydarzenia O.pl","description":"Przestrze\u0144 prezentacji najwa\u017cniejszych wydarze\u0144 z takich dziedzin, jak: sztuka, design, fotografia, film, muzyka, teatr, literatura, historia, taniec, architektura","potentialAction":[{"@type":"SearchAction","target":{"@type":"EntryPoint","urlTemplate":"https:\/\/ownetic.com\/wydarzenia\/?s={search_term_string}"},"query-input":"required name=search_term_string"}],"inLanguage":"pl-PL"},{"@type":"ImageObject","inLanguage":"pl-PL","@id":"https:\/\/ownetic.com\/wydarzenia\/2015\/04\/17-przeglad-filmowy-kino-na-granicy-stowarzyszenie-kultura-na-granicy-cieszyn\/#primaryimage","url":"https:\/\/ownetic.com\/wydarzenia\/wp-content\/uploads\/2015\/04\/pod-jednym-dachem-jan-hrebejk-kino-na-granicy-cieszyn-2015-04-23.jpg","contentUrl":"https:\/\/ownetic.com\/wydarzenia\/wp-content\/uploads\/2015\/04\/pod-jednym-dachem-jan-hrebejk-kino-na-granicy-cieszyn-2015-04-23.jpg","caption":"\u201eProd jednym dachem\u201d, re\u017c. Jan H\u0159ebejk (\u017ar\u00f3d\u0142o: materia\u0142y prasowe organizatora)"},{"@type":"WebPage","@id":"https:\/\/ownetic.com\/wydarzenia\/2015\/04\/17-przeglad-filmowy-kino-na-granicy-stowarzyszenie-kultura-na-granicy-cieszyn\/#webpage","url":"https:\/\/ownetic.com\/wydarzenia\/2015\/04\/17-przeglad-filmowy-kino-na-granicy-stowarzyszenie-kultura-na-granicy-cieszyn\/","name":"17. Przegl\u0105d Filmowy Kino na Granicy","isPartOf":{"@id":"https:\/\/ownetic.com\/wydarzenia\/#website"},"primaryImageOfPage":{"@id":"https:\/\/ownetic.com\/wydarzenia\/2015\/04\/17-przeglad-filmowy-kino-na-granicy-stowarzyszenie-kultura-na-granicy-cieszyn\/#primaryimage"},"datePublished":"2015-04-22T23:00:09+00:00","dateModified":"2015-05-11T13:45:33+00:00","author":{"@id":"https:\/\/ownetic.com\/wydarzenia\/#\/schema\/person\/707204e51f34604ca1e5ccd8e0479232"},"description":"Kiedy 11 lat temu Polska wst\u0119powa\u0142a w szeregi Unii Europejskiej, organizatorzy Kina na Granicy ju\u017c w niej byli, tworz\u0105c transgraniczny festiwal filmowy i udowadniaj\u0105c, \u017ce nic nie jednoczy tak jak kultura. 17. edycja imprezy, kt\u00f3ra sta\u0142a si\u0119 symbolicznym mostem \u0142\u0105cz\u0105cym czeskich i polskich widz\u00f3w, rozpocznie si\u0119 w tym roku 28 kwietnia.","breadcrumb":{"@id":"https:\/\/ownetic.com\/wydarzenia\/2015\/04\/17-przeglad-filmowy-kino-na-granicy-stowarzyszenie-kultura-na-granicy-cieszyn\/#breadcrumb"},"inLanguage":"pl-PL","potentialAction":[{"@type":"ReadAction","target":["https:\/\/ownetic.com\/wydarzenia\/2015\/04\/17-przeglad-filmowy-kino-na-granicy-stowarzyszenie-kultura-na-granicy-cieszyn\/"]}]},{"@type":"BreadcrumbList","@id":"https:\/\/ownetic.com\/wydarzenia\/2015\/04\/17-przeglad-filmowy-kino-na-granicy-stowarzyszenie-kultura-na-granicy-cieszyn\/#breadcrumb","itemListElement":[{"@type":"ListItem","position":1,"name":"Strona g\u0142\u00f3wna","item":"https:\/\/ownetic.com\/wydarzenia\/"},{"@type":"ListItem","position":2,"name":"17. Przegl\u0105d Filmowy Kino na Granicy"}]},{"@type":"Person","@id":"https:\/\/ownetic.com\/wydarzenia\/#\/schema\/person\/707204e51f34604ca1e5ccd8e0479232","name":"sonia-milewska","url":"https:\/\/ownetic.com\/wydarzenia\/author\/sonia-milewska\/"}]}},"_links":{"self":[{"href":"https:\/\/ownetic.com\/wydarzenia\/wp-json\/wp\/v2\/posts\/55169"}],"collection":[{"href":"https:\/\/ownetic.com\/wydarzenia\/wp-json\/wp\/v2\/posts"}],"about":[{"href":"https:\/\/ownetic.com\/wydarzenia\/wp-json\/wp\/v2\/types\/post"}],"author":[{"embeddable":true,"href":"https:\/\/ownetic.com\/wydarzenia\/wp-json\/wp\/v2\/users\/96"}],"replies":[{"embeddable":true,"href":"https:\/\/ownetic.com\/wydarzenia\/wp-json\/wp\/v2\/comments?post=55169"}],"version-history":[{"count":0,"href":"https:\/\/ownetic.com\/wydarzenia\/wp-json\/wp\/v2\/posts\/55169\/revisions"}],"wp:featuredmedia":[{"embeddable":true,"href":"https:\/\/ownetic.com\/wydarzenia\/wp-json\/wp\/v2\/media\/55221"}],"wp:attachment":[{"href":"https:\/\/ownetic.com\/wydarzenia\/wp-json\/wp\/v2\/media?parent=55169"}],"wp:term":[{"taxonomy":"category","embeddable":true,"href":"https:\/\/ownetic.com\/wydarzenia\/wp-json\/wp\/v2\/categories?post=55169"},{"taxonomy":"post_tag","embeddable":true,"href":"https:\/\/ownetic.com\/wydarzenia\/wp-json\/wp\/v2\/tags?post=55169"},{"taxonomy":"powerkit_post_featured","embeddable":true,"href":"https:\/\/ownetic.com\/wydarzenia\/wp-json\/wp\/v2\/powerkit_post_featured?post=55169"}],"curies":[{"name":"wp","href":"https:\/\/api.w.org\/{rel}","templated":true}]}}