{"id":57698,"date":"2015-08-18T17:00:10","date_gmt":"2015-08-18T16:00:10","guid":{"rendered":"https:\/\/ownetic.com\/wydarzenia\/?p=57698"},"modified":"2015-11-19T13:35:38","modified_gmt":"2015-11-19T12:35:38","slug":"dlaczego-maluja-tworczosc-chorych-psychicznie-muzeum-architektury-wroclaw","status":"publish","type":"post","link":"https:\/\/ownetic.com\/wydarzenia\/2015\/08\/dlaczego-maluja-tworczosc-chorych-psychicznie-muzeum-architektury-wroclaw\/","title":{"rendered":"Dlaczego maluj\u0105?"},"content":{"rendered":"<p>Wystawa\u00a0<em>Dlaczego maluj\u0105? Tw\u00f3rczo\u015b\u0107 chorych psychicznie ze zbior\u00f3w dr. Andrzeja Janickiego<\/em>\u00a0to pierwsza w Muzeum Architektury we Wroc\u0142awiu prezentacja tak zwanej sztuki psychopatologicznej. Pokazywane na wystawie rysunki i obrazy pochodz\u0105 z kolekcji dr. Andrzeja Janickiego, wieloletniego dyrektora Wojew\u00f3dzkiego Szpitala dla Nerwowo i Psychicznie Chorych w Stroniu \u015al\u0105skim, kt\u00f3ry du\u017co wysi\u0142ku po\u015bwi\u0119ci\u0142 badaniom nad sztuk\u0105 os\u00f3b chorych psychicznie.<\/p>\n<figure id=\"attachment_57704\" aria-describedby=\"caption-attachment-57704\" style=\"width: 576px\" class=\"wp-caption alignnone\"><a href=\"https:\/\/ownetic.com\/wydarzenia\/2015\/08\/dlaczego-maluja-tworczosc-chorych-psychicznie-muzeum-architektury-wroclaw\/dlaczego-maluja-tworczosc-chorych-psychicznie-ma-wroclaw-2015-08-18-005\/\" rel=\"attachment wp-att-57704\"><img loading=\"lazy\" class=\"size-medium wp-image-57704\" title=\"Praca z wystawy \u201eDlaczego maluj\u0105? Tw\u00f3rczo\u015b\u0107 chorych psychicznie ze zbior\u00f3w dr. Andrzeja Janickiego\u201d, autor anonimowy (\u017ar\u00f3d\u0142o: materia\u0142y prasowe organizatora)\" src=\"https:\/\/ownetic.com\/wydarzenia\/wp-content\/uploads\/2015\/08\/dlaczego-maluja-tworczosc-chorych-psychicznie-ma-wroclaw-2015-08-18-005-576x470.jpg\" alt=\"Praca z wystawy \u201eDlaczego maluj\u0105? Tw\u00f3rczo\u015b\u0107 chorych psychicznie ze zbior\u00f3w dr. Andrzeja Janickiego\u201d, autor anonimowy (\u017ar\u00f3d\u0142o: materia\u0142y prasowe organizatora)\" width=\"576\" height=\"470\" \/><\/a><figcaption id=\"caption-attachment-57704\" class=\"wp-caption-text\">Praca z wystawy \u201eDlaczego maluj\u0105? Tw\u00f3rczo\u015b\u0107 chorych psychicznie ze zbior\u00f3w dr. Andrzeja Janickiego\u201d, autor anonimowy (\u017ar\u00f3d\u0142o: materia\u0142y prasowe organizatora)<\/figcaption><\/figure>\n<p>Dr Janicki stara\u0142 si\u0119 o stworzenie odpowiednich warunk\u00f3w dla rozwoju tw\u00f3rczo\u015bci os\u00f3b chorych na schizofreni\u0119, a tak\u017ce kolekcjonowa\u0142, analizowa\u0142 i udost\u0119pnia\u0142 ich prace. Pacjenci szpitala przejawiaj\u0105cy ch\u0119\u0107 tworzenia mogli korzysta\u0107 z pracowni plastycznych (m.in. rysunku, malarstwa, ceramiki, gobelinu, metaloplastyki), kt\u00f3re by\u0142y prowadzone przez specjalnie zatrudnionych profesjonalist\u00f3w, i mogli prezentowa\u0107 swoje dzie\u0142a szerszej publiczno\u015bci na wystawach organizowanych w r\u00f3\u017cnych polskich miastach. Elementem terapii by\u0142o tak\u017ce zach\u0119canie chorych do tw\u00f3rczo\u015bci muzycznej oraz literackiej.<\/p>\n<p>Na potrzeby wystawy w Muzeum Architektury we Wroc\u0142awiu dr Janicki wybra\u0142 ponad sto prac, kt\u00f3re uzna\u0142 za najbardziej interesuj\u0105ce przede wszystkim od strony artystycznej. Ka\u017cdej z nich towarzyszy opis zawieraj\u0105cy informacje o przebiegu choroby jej autora, ze szczeg\u00f3lnym uwzgl\u0119dnieniem okresu tw\u00f3rczego.<\/p>\n<p>W przewa\u017caj\u0105cej wi\u0119kszo\u015bci prace te zosta\u0142y zrealizowane na ma\u0142ych formatach papieru, tektury lub brystolu przy u\u017cyciu o\u0142\u00f3wka, akwareli, tuszu i kredek. \u017baden z autor\u00f3w nie zosta\u0142 wymieniony z nazwiska. Zachowanie anonimowo\u015bci pacjent\u00f3w to zar\u00f3wno przejaw szacunku wobec nich, jak i dope\u0142nienie obowi\u0105zku zachowania tajemnicy lekarskiej.<\/p>\n<div id='gallery-1' class='gallery galleryid-57698 gallery-columns-6 gallery-size-thumbnail'><figure class='gallery-item'>\n\t\t\t<div class='gallery-icon '>\n\t\t\t\t<a href='https:\/\/ownetic.com\/wydarzenia\/2015\/08\/dlaczego-maluja-tworczosc-chorych-psychicznie-muzeum-architektury-wroclaw\/dlaczego-maluja-tworczosc-chorych-psychicznie-ma-wroclaw-2015-08-18-029\/'><img width=\"1\" height=\"1\" src=\"https:\/\/ownetic.com\/wydarzenia\/wp-content\/uploads\/2015\/08\/dlaczego-maluja-tworczosc-chorych-psychicznie-ma-wroclaw-2015-08-18-029.jpg\" class=\"attachment-thumbnail size-thumbnail\" alt=\"Praca z wystawy \u201eDlaczego maluj\u0105? Tw\u00f3rczo\u015b\u0107 chorych psychicznie ze zbior\u00f3w dr. Andrzeja Janickiego\u201d, autor anonimowy (\u017ar\u00f3d\u0142o: materia\u0142y prasowe organizatora)\" loading=\"lazy\" aria-describedby=\"gallery-1-57728\" \/><\/a>\n\t\t\t<\/div>\n\t\t\t\t<figcaption class='wp-caption-text gallery-caption' id='gallery-1-57728'>\n\t\t\t\tPraca z wystawy \u201eDlaczego maluj\u0105? Tw\u00f3rczo\u015b\u0107 chorych psychicznie ze zbior\u00f3w dr. Andrzeja Janickiego\u201d, autor anonimowy (\u017ar\u00f3d\u0142o: materia\u0142y prasowe organizatora)\n\t\t\t\t<\/figcaption><\/figure><figure class='gallery-item'>\n\t\t\t<div class='gallery-icon '>\n\t\t\t\t<a href='https:\/\/ownetic.com\/wydarzenia\/2015\/08\/dlaczego-maluja-tworczosc-chorych-psychicznie-muzeum-architektury-wroclaw\/dlaczego-maluja-tworczosc-chorych-psychicznie-ma-wroclaw-2015-08-18-028\/'><img width=\"1\" height=\"1\" src=\"https:\/\/ownetic.com\/wydarzenia\/wp-content\/uploads\/2015\/08\/dlaczego-maluja-tworczosc-chorych-psychicznie-ma-wroclaw-2015-08-18-028.jpg\" class=\"attachment-thumbnail size-thumbnail\" alt=\"Praca z wystawy \u201eDlaczego maluj\u0105? Tw\u00f3rczo\u015b\u0107 chorych psychicznie ze zbior\u00f3w dr. Andrzeja Janickiego\u201d, autor anonimowy (\u017ar\u00f3d\u0142o: materia\u0142y prasowe organizatora)\" loading=\"lazy\" aria-describedby=\"gallery-1-57727\" \/><\/a>\n\t\t\t<\/div>\n\t\t\t\t<figcaption class='wp-caption-text gallery-caption' id='gallery-1-57727'>\n\t\t\t\tPraca z wystawy \u201eDlaczego maluj\u0105? Tw\u00f3rczo\u015b\u0107 chorych psychicznie ze zbior\u00f3w dr. Andrzeja Janickiego\u201d, autor anonimowy (\u017ar\u00f3d\u0142o: materia\u0142y prasowe organizatora)\n\t\t\t\t<\/figcaption><\/figure><figure class='gallery-item'>\n\t\t\t<div class='gallery-icon '>\n\t\t\t\t<a href='https:\/\/ownetic.com\/wydarzenia\/2015\/08\/dlaczego-maluja-tworczosc-chorych-psychicznie-muzeum-architektury-wroclaw\/dlaczego-maluja-tworczosc-chorych-psychicznie-ma-wroclaw-2015-08-18-026\/'><img width=\"1\" height=\"1\" src=\"https:\/\/ownetic.com\/wydarzenia\/wp-content\/uploads\/2015\/08\/dlaczego-maluja-tworczosc-chorych-psychicznie-ma-wroclaw-2015-08-18-026.jpg\" class=\"attachment-thumbnail size-thumbnail\" alt=\"Praca z wystawy \u201eDlaczego maluj\u0105? Tw\u00f3rczo\u015b\u0107 chorych psychicznie ze zbior\u00f3w dr. Andrzeja Janickiego\u201d, autor anonimowy (\u017ar\u00f3d\u0142o: materia\u0142y prasowe organizatora)\" loading=\"lazy\" aria-describedby=\"gallery-1-57726\" \/><\/a>\n\t\t\t<\/div>\n\t\t\t\t<figcaption class='wp-caption-text gallery-caption' id='gallery-1-57726'>\n\t\t\t\tPraca z wystawy \u201eDlaczego maluj\u0105? Tw\u00f3rczo\u015b\u0107 chorych psychicznie ze zbior\u00f3w dr. Andrzeja Janickiego\u201d, autor anonimowy (\u017ar\u00f3d\u0142o: materia\u0142y prasowe organizatora)\n\t\t\t\t<\/figcaption><\/figure><figure class='gallery-item'>\n\t\t\t<div class='gallery-icon '>\n\t\t\t\t<a href='https:\/\/ownetic.com\/wydarzenia\/2015\/08\/dlaczego-maluja-tworczosc-chorych-psychicznie-muzeum-architektury-wroclaw\/dlaczego-maluja-tworczosc-chorych-psychicznie-ma-wroclaw-2015-08-18-025\/'><img width=\"1\" height=\"1\" src=\"https:\/\/ownetic.com\/wydarzenia\/wp-content\/uploads\/2015\/08\/dlaczego-maluja-tworczosc-chorych-psychicznie-ma-wroclaw-2015-08-18-025.jpg\" class=\"attachment-thumbnail size-thumbnail\" alt=\"Praca z wystawy \u201eDlaczego maluj\u0105? Tw\u00f3rczo\u015b\u0107 chorych psychicznie ze zbior\u00f3w dr. Andrzeja Janickiego\u201d, autor anonimowy (\u017ar\u00f3d\u0142o: materia\u0142y prasowe organizatora)\" loading=\"lazy\" aria-describedby=\"gallery-1-57725\" \/><\/a>\n\t\t\t<\/div>\n\t\t\t\t<figcaption class='wp-caption-text gallery-caption' id='gallery-1-57725'>\n\t\t\t\tPraca z wystawy \u201eDlaczego maluj\u0105? Tw\u00f3rczo\u015b\u0107 chorych psychicznie ze zbior\u00f3w dr. Andrzeja Janickiego\u201d, autor anonimowy (\u017ar\u00f3d\u0142o: materia\u0142y prasowe organizatora)\n\t\t\t\t<\/figcaption><\/figure><figure class='gallery-item'>\n\t\t\t<div class='gallery-icon '>\n\t\t\t\t<a href='https:\/\/ownetic.com\/wydarzenia\/2015\/08\/dlaczego-maluja-tworczosc-chorych-psychicznie-muzeum-architektury-wroclaw\/dlaczego-maluja-tworczosc-chorych-psychicznie-ma-wroclaw-2015-08-18-024\/'><img width=\"1\" height=\"1\" src=\"https:\/\/ownetic.com\/wydarzenia\/wp-content\/uploads\/2015\/08\/dlaczego-maluja-tworczosc-chorych-psychicznie-ma-wroclaw-2015-08-18-024.jpg\" class=\"attachment-thumbnail size-thumbnail\" alt=\"Praca z wystawy \u201eDlaczego maluj\u0105? Tw\u00f3rczo\u015b\u0107 chorych psychicznie ze zbior\u00f3w dr. Andrzeja Janickiego\u201d, autor anonimowy (\u017ar\u00f3d\u0142o: materia\u0142y prasowe organizatora)\" loading=\"lazy\" aria-describedby=\"gallery-1-57724\" \/><\/a>\n\t\t\t<\/div>\n\t\t\t\t<figcaption class='wp-caption-text gallery-caption' id='gallery-1-57724'>\n\t\t\t\tPraca z wystawy \u201eDlaczego maluj\u0105? Tw\u00f3rczo\u015b\u0107 chorych psychicznie ze zbior\u00f3w dr. Andrzeja Janickiego\u201d, autor anonimowy (\u017ar\u00f3d\u0142o: materia\u0142y prasowe organizatora)\n\t\t\t\t<\/figcaption><\/figure><figure class='gallery-item'>\n\t\t\t<div class='gallery-icon '>\n\t\t\t\t<a href='https:\/\/ownetic.com\/wydarzenia\/2015\/08\/dlaczego-maluja-tworczosc-chorych-psychicznie-muzeum-architektury-wroclaw\/dlaczego-maluja-tworczosc-chorych-psychicznie-ma-wroclaw-2015-08-18-023\/'><img width=\"1\" height=\"1\" src=\"https:\/\/ownetic.com\/wydarzenia\/wp-content\/uploads\/2015\/08\/dlaczego-maluja-tworczosc-chorych-psychicznie-ma-wroclaw-2015-08-18-023.jpg\" class=\"attachment-thumbnail size-thumbnail\" alt=\"Praca z wystawy \u201eDlaczego maluj\u0105? Tw\u00f3rczo\u015b\u0107 chorych psychicznie ze zbior\u00f3w dr. Andrzeja Janickiego\u201d, autor anonimowy (\u017ar\u00f3d\u0142o: materia\u0142y prasowe organizatora)\" loading=\"lazy\" aria-describedby=\"gallery-1-57723\" \/><\/a>\n\t\t\t<\/div>\n\t\t\t\t<figcaption class='wp-caption-text gallery-caption' id='gallery-1-57723'>\n\t\t\t\tPraca z wystawy \u201eDlaczego maluj\u0105? Tw\u00f3rczo\u015b\u0107 chorych psychicznie ze zbior\u00f3w dr. Andrzeja Janickiego\u201d, autor anonimowy (\u017ar\u00f3d\u0142o: materia\u0142y prasowe organizatora)\n\t\t\t\t<\/figcaption><\/figure><figure class='gallery-item'>\n\t\t\t<div class='gallery-icon '>\n\t\t\t\t<a href='https:\/\/ownetic.com\/wydarzenia\/2015\/08\/dlaczego-maluja-tworczosc-chorych-psychicznie-muzeum-architektury-wroclaw\/dlaczego-maluja-tworczosc-chorych-psychicznie-ma-wroclaw-2015-08-18-022\/'><img width=\"1\" height=\"1\" src=\"https:\/\/ownetic.com\/wydarzenia\/wp-content\/uploads\/2015\/08\/dlaczego-maluja-tworczosc-chorych-psychicznie-ma-wroclaw-2015-08-18-022.jpg\" class=\"attachment-thumbnail size-thumbnail\" alt=\"Praca z wystawy \u201eDlaczego maluj\u0105? Tw\u00f3rczo\u015b\u0107 chorych psychicznie ze zbior\u00f3w dr. Andrzeja Janickiego\u201d, autor anonimowy (\u017ar\u00f3d\u0142o: materia\u0142y prasowe organizatora)\" loading=\"lazy\" aria-describedby=\"gallery-1-57722\" \/><\/a>\n\t\t\t<\/div>\n\t\t\t\t<figcaption class='wp-caption-text gallery-caption' id='gallery-1-57722'>\n\t\t\t\tPraca z wystawy \u201eDlaczego maluj\u0105? Tw\u00f3rczo\u015b\u0107 chorych psychicznie ze zbior\u00f3w dr. Andrzeja Janickiego\u201d, autor anonimowy (\u017ar\u00f3d\u0142o: materia\u0142y prasowe organizatora)\n\t\t\t\t<\/figcaption><\/figure><figure class='gallery-item'>\n\t\t\t<div class='gallery-icon '>\n\t\t\t\t<a href='https:\/\/ownetic.com\/wydarzenia\/2015\/08\/dlaczego-maluja-tworczosc-chorych-psychicznie-muzeum-architektury-wroclaw\/dlaczego-maluja-tworczosc-chorych-psychicznie-ma-wroclaw-2015-08-18-021\/'><img width=\"1\" height=\"1\" src=\"https:\/\/ownetic.com\/wydarzenia\/wp-content\/uploads\/2015\/08\/dlaczego-maluja-tworczosc-chorych-psychicznie-ma-wroclaw-2015-08-18-021.jpg\" class=\"attachment-thumbnail size-thumbnail\" alt=\"Praca z wystawy \u201eDlaczego maluj\u0105? Tw\u00f3rczo\u015b\u0107 chorych psychicznie ze zbior\u00f3w dr. Andrzeja Janickiego\u201d, autor anonimowy (\u017ar\u00f3d\u0142o: materia\u0142y prasowe organizatora)\" loading=\"lazy\" aria-describedby=\"gallery-1-57721\" \/><\/a>\n\t\t\t<\/div>\n\t\t\t\t<figcaption class='wp-caption-text gallery-caption' id='gallery-1-57721'>\n\t\t\t\tPraca z wystawy \u201eDlaczego maluj\u0105? Tw\u00f3rczo\u015b\u0107 chorych psychicznie ze zbior\u00f3w dr. Andrzeja Janickiego\u201d, autor anonimowy (\u017ar\u00f3d\u0142o: materia\u0142y prasowe organizatora)\n\t\t\t\t<\/figcaption><\/figure><figure class='gallery-item'>\n\t\t\t<div class='gallery-icon '>\n\t\t\t\t<a href='https:\/\/ownetic.com\/wydarzenia\/2015\/08\/dlaczego-maluja-tworczosc-chorych-psychicznie-muzeum-architektury-wroclaw\/dlaczego-maluja-tworczosc-chorych-psychicznie-ma-wroclaw-2015-08-18-020\/'><img width=\"1\" height=\"1\" src=\"https:\/\/ownetic.com\/wydarzenia\/wp-content\/uploads\/2015\/08\/dlaczego-maluja-tworczosc-chorych-psychicznie-ma-wroclaw-2015-08-18-020.jpg\" class=\"attachment-thumbnail size-thumbnail\" alt=\"Praca z wystawy \u201eDlaczego maluj\u0105? Tw\u00f3rczo\u015b\u0107 chorych psychicznie ze zbior\u00f3w dr. Andrzeja Janickiego\u201d, autor anonimowy (\u017ar\u00f3d\u0142o: materia\u0142y prasowe organizatora)\" loading=\"lazy\" aria-describedby=\"gallery-1-57720\" \/><\/a>\n\t\t\t<\/div>\n\t\t\t\t<figcaption class='wp-caption-text gallery-caption' id='gallery-1-57720'>\n\t\t\t\tPraca z wystawy \u201eDlaczego maluj\u0105? Tw\u00f3rczo\u015b\u0107 chorych psychicznie ze zbior\u00f3w dr. Andrzeja Janickiego\u201d, autor anonimowy (\u017ar\u00f3d\u0142o: materia\u0142y prasowe organizatora)\n\t\t\t\t<\/figcaption><\/figure><figure class='gallery-item'>\n\t\t\t<div class='gallery-icon '>\n\t\t\t\t<a href='https:\/\/ownetic.com\/wydarzenia\/2015\/08\/dlaczego-maluja-tworczosc-chorych-psychicznie-muzeum-architektury-wroclaw\/dlaczego-maluja-tworczosc-chorych-psychicznie-ma-wroclaw-2015-08-18-019\/'><img width=\"1\" height=\"1\" src=\"https:\/\/ownetic.com\/wydarzenia\/wp-content\/uploads\/2015\/08\/dlaczego-maluja-tworczosc-chorych-psychicznie-ma-wroclaw-2015-08-18-019.jpg\" class=\"attachment-thumbnail size-thumbnail\" alt=\"Praca z wystawy \u201eDlaczego maluj\u0105? Tw\u00f3rczo\u015b\u0107 chorych psychicznie ze zbior\u00f3w dr. Andrzeja Janickiego\u201d, autor anonimowy (\u017ar\u00f3d\u0142o: materia\u0142y prasowe organizatora)\" loading=\"lazy\" aria-describedby=\"gallery-1-57719\" \/><\/a>\n\t\t\t<\/div>\n\t\t\t\t<figcaption class='wp-caption-text gallery-caption' id='gallery-1-57719'>\n\t\t\t\tPraca z wystawy \u201eDlaczego maluj\u0105? Tw\u00f3rczo\u015b\u0107 chorych psychicznie ze zbior\u00f3w dr. Andrzeja Janickiego\u201d, autor anonimowy (\u017ar\u00f3d\u0142o: materia\u0142y prasowe organizatora)\n\t\t\t\t<\/figcaption><\/figure><figure class='gallery-item'>\n\t\t\t<div class='gallery-icon '>\n\t\t\t\t<a href='https:\/\/ownetic.com\/wydarzenia\/2015\/08\/dlaczego-maluja-tworczosc-chorych-psychicznie-muzeum-architektury-wroclaw\/dlaczego-maluja-tworczosc-chorych-psychicznie-ma-wroclaw-2015-08-18-018\/'><img width=\"1\" height=\"1\" src=\"https:\/\/ownetic.com\/wydarzenia\/wp-content\/uploads\/2015\/08\/dlaczego-maluja-tworczosc-chorych-psychicznie-ma-wroclaw-2015-08-18-018.jpg\" class=\"attachment-thumbnail size-thumbnail\" alt=\"Praca z wystawy \u201eDlaczego maluj\u0105? Tw\u00f3rczo\u015b\u0107 chorych psychicznie ze zbior\u00f3w dr. Andrzeja Janickiego\u201d, autor anonimowy (\u017ar\u00f3d\u0142o: materia\u0142y prasowe organizatora)\" loading=\"lazy\" aria-describedby=\"gallery-1-57718\" \/><\/a>\n\t\t\t<\/div>\n\t\t\t\t<figcaption class='wp-caption-text gallery-caption' id='gallery-1-57718'>\n\t\t\t\tPraca z wystawy \u201eDlaczego maluj\u0105? Tw\u00f3rczo\u015b\u0107 chorych psychicznie ze zbior\u00f3w dr. Andrzeja Janickiego\u201d, autor anonimowy (\u017ar\u00f3d\u0142o: materia\u0142y prasowe organizatora)\n\t\t\t\t<\/figcaption><\/figure><figure class='gallery-item'>\n\t\t\t<div class='gallery-icon '>\n\t\t\t\t<a href='https:\/\/ownetic.com\/wydarzenia\/2015\/08\/dlaczego-maluja-tworczosc-chorych-psychicznie-muzeum-architektury-wroclaw\/dlaczego-maluja-tworczosc-chorych-psychicznie-ma-wroclaw-2015-08-18-017\/'><img width=\"1\" height=\"1\" src=\"https:\/\/ownetic.com\/wydarzenia\/wp-content\/uploads\/2015\/08\/dlaczego-maluja-tworczosc-chorych-psychicznie-ma-wroclaw-2015-08-18-017.jpg\" class=\"attachment-thumbnail size-thumbnail\" alt=\"Praca z wystawy \u201eDlaczego maluj\u0105? Tw\u00f3rczo\u015b\u0107 chorych psychicznie ze zbior\u00f3w dr. Andrzeja Janickiego\u201d, autor anonimowy (\u017ar\u00f3d\u0142o: materia\u0142y prasowe organizatora)\" loading=\"lazy\" aria-describedby=\"gallery-1-57717\" \/><\/a>\n\t\t\t<\/div>\n\t\t\t\t<figcaption class='wp-caption-text gallery-caption' id='gallery-1-57717'>\n\t\t\t\tPraca z wystawy \u201eDlaczego maluj\u0105? Tw\u00f3rczo\u015b\u0107 chorych psychicznie ze zbior\u00f3w dr. Andrzeja Janickiego\u201d, autor anonimowy (\u017ar\u00f3d\u0142o: materia\u0142y prasowe organizatora)\n\t\t\t\t<\/figcaption><\/figure><figure class='gallery-item'>\n\t\t\t<div class='gallery-icon '>\n\t\t\t\t<a href='https:\/\/ownetic.com\/wydarzenia\/2015\/08\/dlaczego-maluja-tworczosc-chorych-psychicznie-muzeum-architektury-wroclaw\/dlaczego-maluja-tworczosc-chorych-psychicznie-ma-wroclaw-2015-08-18-016\/'><img width=\"1\" height=\"1\" src=\"https:\/\/ownetic.com\/wydarzenia\/wp-content\/uploads\/2015\/08\/dlaczego-maluja-tworczosc-chorych-psychicznie-ma-wroclaw-2015-08-18-016.jpg\" class=\"attachment-thumbnail size-thumbnail\" alt=\"Praca z wystawy \u201eDlaczego maluj\u0105? Tw\u00f3rczo\u015b\u0107 chorych psychicznie ze zbior\u00f3w dr. Andrzeja Janickiego\u201d, autor anonimowy (\u017ar\u00f3d\u0142o: materia\u0142y prasowe organizatora)\" loading=\"lazy\" aria-describedby=\"gallery-1-57716\" \/><\/a>\n\t\t\t<\/div>\n\t\t\t\t<figcaption class='wp-caption-text gallery-caption' id='gallery-1-57716'>\n\t\t\t\tPraca z wystawy \u201eDlaczego maluj\u0105? Tw\u00f3rczo\u015b\u0107 chorych psychicznie ze zbior\u00f3w dr. Andrzeja Janickiego\u201d, autor anonimowy (\u017ar\u00f3d\u0142o: materia\u0142y prasowe organizatora)\n\t\t\t\t<\/figcaption><\/figure><figure class='gallery-item'>\n\t\t\t<div class='gallery-icon '>\n\t\t\t\t<a href='https:\/\/ownetic.com\/wydarzenia\/2015\/08\/dlaczego-maluja-tworczosc-chorych-psychicznie-muzeum-architektury-wroclaw\/dlaczego-maluja-tworczosc-chorych-psychicznie-ma-wroclaw-2015-08-18-015\/'><img width=\"1\" height=\"1\" src=\"https:\/\/ownetic.com\/wydarzenia\/wp-content\/uploads\/2015\/08\/dlaczego-maluja-tworczosc-chorych-psychicznie-ma-wroclaw-2015-08-18-015.jpg\" class=\"attachment-thumbnail size-thumbnail\" alt=\"Praca z wystawy \u201eDlaczego maluj\u0105? Tw\u00f3rczo\u015b\u0107 chorych psychicznie ze zbior\u00f3w dr. Andrzeja Janickiego\u201d, autor anonimowy (\u017ar\u00f3d\u0142o: materia\u0142y prasowe organizatora)\" loading=\"lazy\" aria-describedby=\"gallery-1-57715\" \/><\/a>\n\t\t\t<\/div>\n\t\t\t\t<figcaption class='wp-caption-text gallery-caption' id='gallery-1-57715'>\n\t\t\t\tPraca z wystawy \u201eDlaczego maluj\u0105? Tw\u00f3rczo\u015b\u0107 chorych psychicznie ze zbior\u00f3w dr. Andrzeja Janickiego\u201d, autor anonimowy (\u017ar\u00f3d\u0142o: materia\u0142y prasowe organizatora)\n\t\t\t\t<\/figcaption><\/figure><figure class='gallery-item'>\n\t\t\t<div class='gallery-icon '>\n\t\t\t\t<a href='https:\/\/ownetic.com\/wydarzenia\/2015\/08\/dlaczego-maluja-tworczosc-chorych-psychicznie-muzeum-architektury-wroclaw\/dlaczego-maluja-tworczosc-chorych-psychicznie-ma-wroclaw-2015-08-18-014\/'><img width=\"1\" height=\"1\" src=\"https:\/\/ownetic.com\/wydarzenia\/wp-content\/uploads\/2015\/08\/dlaczego-maluja-tworczosc-chorych-psychicznie-ma-wroclaw-2015-08-18-014.jpg\" class=\"attachment-thumbnail size-thumbnail\" alt=\"Praca z wystawy \u201eDlaczego maluj\u0105? Tw\u00f3rczo\u015b\u0107 chorych psychicznie ze zbior\u00f3w dr. Andrzeja Janickiego\u201d, autor anonimowy (\u017ar\u00f3d\u0142o: materia\u0142y prasowe organizatora)\" loading=\"lazy\" aria-describedby=\"gallery-1-57714\" \/><\/a>\n\t\t\t<\/div>\n\t\t\t\t<figcaption class='wp-caption-text gallery-caption' id='gallery-1-57714'>\n\t\t\t\tPraca z wystawy \u201eDlaczego maluj\u0105? Tw\u00f3rczo\u015b\u0107 chorych psychicznie ze zbior\u00f3w dr. Andrzeja Janickiego\u201d, autor anonimowy (\u017ar\u00f3d\u0142o: materia\u0142y prasowe organizatora)\n\t\t\t\t<\/figcaption><\/figure><figure class='gallery-item'>\n\t\t\t<div class='gallery-icon '>\n\t\t\t\t<a href='https:\/\/ownetic.com\/wydarzenia\/2015\/08\/dlaczego-maluja-tworczosc-chorych-psychicznie-muzeum-architektury-wroclaw\/dlaczego-maluja-tworczosc-chorych-psychicznie-ma-wroclaw-2015-08-18-013\/'><img width=\"1\" height=\"1\" src=\"https:\/\/ownetic.com\/wydarzenia\/wp-content\/uploads\/2015\/08\/dlaczego-maluja-tworczosc-chorych-psychicznie-ma-wroclaw-2015-08-18-013.jpg\" class=\"attachment-thumbnail size-thumbnail\" alt=\"Praca z wystawy \u201eDlaczego maluj\u0105? Tw\u00f3rczo\u015b\u0107 chorych psychicznie ze zbior\u00f3w dr. Andrzeja Janickiego\u201d, autor anonimowy (\u017ar\u00f3d\u0142o: materia\u0142y prasowe organizatora)\" loading=\"lazy\" aria-describedby=\"gallery-1-57713\" \/><\/a>\n\t\t\t<\/div>\n\t\t\t\t<figcaption class='wp-caption-text gallery-caption' id='gallery-1-57713'>\n\t\t\t\tPraca z wystawy \u201eDlaczego maluj\u0105? Tw\u00f3rczo\u015b\u0107 chorych psychicznie ze zbior\u00f3w dr. Andrzeja Janickiego\u201d, autor anonimowy (\u017ar\u00f3d\u0142o: materia\u0142y prasowe organizatora)\n\t\t\t\t<\/figcaption><\/figure><figure class='gallery-item'>\n\t\t\t<div class='gallery-icon '>\n\t\t\t\t<a href='https:\/\/ownetic.com\/wydarzenia\/2015\/08\/dlaczego-maluja-tworczosc-chorych-psychicznie-muzeum-architektury-wroclaw\/dlaczego-maluja-tworczosc-chorych-psychicznie-ma-wroclaw-2015-08-18-012\/'><img width=\"1\" height=\"1\" src=\"https:\/\/ownetic.com\/wydarzenia\/wp-content\/uploads\/2015\/08\/dlaczego-maluja-tworczosc-chorych-psychicznie-ma-wroclaw-2015-08-18-012.jpg\" class=\"attachment-thumbnail size-thumbnail\" alt=\"Praca z wystawy \u201eDlaczego maluj\u0105? Tw\u00f3rczo\u015b\u0107 chorych psychicznie ze zbior\u00f3w dr. Andrzeja Janickiego\u201d, autor anonimowy (\u017ar\u00f3d\u0142o: materia\u0142y prasowe organizatora)\" loading=\"lazy\" aria-describedby=\"gallery-1-57711\" \/><\/a>\n\t\t\t<\/div>\n\t\t\t\t<figcaption class='wp-caption-text gallery-caption' id='gallery-1-57711'>\n\t\t\t\tPraca z wystawy \u201eDlaczego maluj\u0105? Tw\u00f3rczo\u015b\u0107 chorych psychicznie ze zbior\u00f3w dr. Andrzeja Janickiego\u201d, autor anonimowy (\u017ar\u00f3d\u0142o: materia\u0142y prasowe organizatora)\n\t\t\t\t<\/figcaption><\/figure><figure class='gallery-item'>\n\t\t\t<div class='gallery-icon '>\n\t\t\t\t<a href='https:\/\/ownetic.com\/wydarzenia\/2015\/08\/dlaczego-maluja-tworczosc-chorych-psychicznie-muzeum-architektury-wroclaw\/dlaczego-maluja-tworczosc-chorych-psychicznie-ma-wroclaw-2015-08-18-011\/'><img width=\"1\" height=\"1\" src=\"https:\/\/ownetic.com\/wydarzenia\/wp-content\/uploads\/2015\/08\/dlaczego-maluja-tworczosc-chorych-psychicznie-ma-wroclaw-2015-08-18-011.jpg\" class=\"attachment-thumbnail size-thumbnail\" alt=\"Praca z wystawy \u201eDlaczego maluj\u0105? Tw\u00f3rczo\u015b\u0107 chorych psychicznie ze zbior\u00f3w dr. Andrzeja Janickiego\u201d, autor anonimowy (\u017ar\u00f3d\u0142o: materia\u0142y prasowe organizatora)\" loading=\"lazy\" aria-describedby=\"gallery-1-57710\" \/><\/a>\n\t\t\t<\/div>\n\t\t\t\t<figcaption class='wp-caption-text gallery-caption' id='gallery-1-57710'>\n\t\t\t\tPraca z wystawy \u201eDlaczego maluj\u0105? Tw\u00f3rczo\u015b\u0107 chorych psychicznie ze zbior\u00f3w dr. Andrzeja Janickiego\u201d, autor anonimowy (\u017ar\u00f3d\u0142o: materia\u0142y prasowe organizatora)\n\t\t\t\t<\/figcaption><\/figure><figure class='gallery-item'>\n\t\t\t<div class='gallery-icon '>\n\t\t\t\t<a href='https:\/\/ownetic.com\/wydarzenia\/2015\/08\/dlaczego-maluja-tworczosc-chorych-psychicznie-muzeum-architektury-wroclaw\/dlaczego-maluja-tworczosc-chorych-psychicznie-ma-wroclaw-2015-08-18-010\/'><img width=\"1\" height=\"1\" src=\"https:\/\/ownetic.com\/wydarzenia\/wp-content\/uploads\/2015\/08\/dlaczego-maluja-tworczosc-chorych-psychicznie-ma-wroclaw-2015-08-18-010.jpg\" class=\"attachment-thumbnail size-thumbnail\" alt=\"Praca z wystawy \u201eDlaczego maluj\u0105? Tw\u00f3rczo\u015b\u0107 chorych psychicznie ze zbior\u00f3w dr. Andrzeja Janickiego\u201d, autor anonimowy (\u017ar\u00f3d\u0142o: materia\u0142y prasowe organizatora)\" loading=\"lazy\" aria-describedby=\"gallery-1-57709\" \/><\/a>\n\t\t\t<\/div>\n\t\t\t\t<figcaption class='wp-caption-text gallery-caption' id='gallery-1-57709'>\n\t\t\t\tPraca z wystawy \u201eDlaczego maluj\u0105? Tw\u00f3rczo\u015b\u0107 chorych psychicznie ze zbior\u00f3w dr. Andrzeja Janickiego\u201d, autor anonimowy (\u017ar\u00f3d\u0142o: materia\u0142y prasowe organizatora)\n\t\t\t\t<\/figcaption><\/figure><figure class='gallery-item'>\n\t\t\t<div class='gallery-icon '>\n\t\t\t\t<a href='https:\/\/ownetic.com\/wydarzenia\/2015\/08\/dlaczego-maluja-tworczosc-chorych-psychicznie-muzeum-architektury-wroclaw\/dlaczego-maluja-tworczosc-chorych-psychicznie-ma-wroclaw-2015-08-18-009\/'><img width=\"1\" height=\"1\" src=\"https:\/\/ownetic.com\/wydarzenia\/wp-content\/uploads\/2015\/08\/dlaczego-maluja-tworczosc-chorych-psychicznie-ma-wroclaw-2015-08-18-009.jpg\" class=\"attachment-thumbnail size-thumbnail\" alt=\"Praca z wystawy \u201eDlaczego maluj\u0105? Tw\u00f3rczo\u015b\u0107 chorych psychicznie ze zbior\u00f3w dr. Andrzeja Janickiego\u201d, autor anonimowy (\u017ar\u00f3d\u0142o: materia\u0142y prasowe organizatora)\" loading=\"lazy\" aria-describedby=\"gallery-1-57708\" \/><\/a>\n\t\t\t<\/div>\n\t\t\t\t<figcaption class='wp-caption-text gallery-caption' id='gallery-1-57708'>\n\t\t\t\tPraca z wystawy \u201eDlaczego maluj\u0105? Tw\u00f3rczo\u015b\u0107 chorych psychicznie ze zbior\u00f3w dr. Andrzeja Janickiego\u201d, autor anonimowy (\u017ar\u00f3d\u0142o: materia\u0142y prasowe organizatora)\n\t\t\t\t<\/figcaption><\/figure><figure class='gallery-item'>\n\t\t\t<div class='gallery-icon '>\n\t\t\t\t<a href='https:\/\/ownetic.com\/wydarzenia\/2015\/08\/dlaczego-maluja-tworczosc-chorych-psychicznie-muzeum-architektury-wroclaw\/dlaczego-maluja-tworczosc-chorych-psychicznie-ma-wroclaw-2015-08-18-008\/'><img width=\"1\" height=\"1\" src=\"https:\/\/ownetic.com\/wydarzenia\/wp-content\/uploads\/2015\/08\/dlaczego-maluja-tworczosc-chorych-psychicznie-ma-wroclaw-2015-08-18-008.jpg\" class=\"attachment-thumbnail size-thumbnail\" alt=\"Praca z wystawy \u201eDlaczego maluj\u0105? Tw\u00f3rczo\u015b\u0107 chorych psychicznie ze zbior\u00f3w dr. Andrzeja Janickiego\u201d, autor anonimowy (\u017ar\u00f3d\u0142o: materia\u0142y prasowe organizatora)\" loading=\"lazy\" aria-describedby=\"gallery-1-57707\" \/><\/a>\n\t\t\t<\/div>\n\t\t\t\t<figcaption class='wp-caption-text gallery-caption' id='gallery-1-57707'>\n\t\t\t\tPraca z wystawy \u201eDlaczego maluj\u0105? Tw\u00f3rczo\u015b\u0107 chorych psychicznie ze zbior\u00f3w dr. Andrzeja Janickiego\u201d, autor anonimowy (\u017ar\u00f3d\u0142o: materia\u0142y prasowe organizatora)\n\t\t\t\t<\/figcaption><\/figure><figure class='gallery-item'>\n\t\t\t<div class='gallery-icon '>\n\t\t\t\t<a href='https:\/\/ownetic.com\/wydarzenia\/2015\/08\/dlaczego-maluja-tworczosc-chorych-psychicznie-muzeum-architektury-wroclaw\/dlaczego-maluja-tworczosc-chorych-psychicznie-ma-wroclaw-2015-08-18-007\/'><img width=\"1\" height=\"1\" src=\"https:\/\/ownetic.com\/wydarzenia\/wp-content\/uploads\/2015\/08\/dlaczego-maluja-tworczosc-chorych-psychicznie-ma-wroclaw-2015-08-18-007.jpg\" class=\"attachment-thumbnail size-thumbnail\" alt=\"Praca z wystawy \u201eDlaczego maluj\u0105? Tw\u00f3rczo\u015b\u0107 chorych psychicznie ze zbior\u00f3w dr. Andrzeja Janickiego\u201d, autor anonimowy (\u017ar\u00f3d\u0142o: materia\u0142y prasowe organizatora)\" loading=\"lazy\" aria-describedby=\"gallery-1-57706\" \/><\/a>\n\t\t\t<\/div>\n\t\t\t\t<figcaption class='wp-caption-text gallery-caption' id='gallery-1-57706'>\n\t\t\t\tPraca z wystawy \u201eDlaczego maluj\u0105? Tw\u00f3rczo\u015b\u0107 chorych psychicznie ze zbior\u00f3w dr. Andrzeja Janickiego\u201d, autor anonimowy (\u017ar\u00f3d\u0142o: materia\u0142y prasowe organizatora)\n\t\t\t\t<\/figcaption><\/figure><figure class='gallery-item'>\n\t\t\t<div class='gallery-icon '>\n\t\t\t\t<a href='https:\/\/ownetic.com\/wydarzenia\/2015\/08\/dlaczego-maluja-tworczosc-chorych-psychicznie-muzeum-architektury-wroclaw\/dlaczego-maluja-tworczosc-chorych-psychicznie-ma-wroclaw-2015-08-18-006\/'><img width=\"1\" height=\"1\" src=\"https:\/\/ownetic.com\/wydarzenia\/wp-content\/uploads\/2015\/08\/dlaczego-maluja-tworczosc-chorych-psychicznie-ma-wroclaw-2015-08-18-006.jpg\" class=\"attachment-thumbnail size-thumbnail\" alt=\"Praca z wystawy \u201eDlaczego maluj\u0105? Tw\u00f3rczo\u015b\u0107 chorych psychicznie ze zbior\u00f3w dr. Andrzeja Janickiego\u201d, autor anonimowy (\u017ar\u00f3d\u0142o: materia\u0142y prasowe organizatora)\" loading=\"lazy\" aria-describedby=\"gallery-1-57705\" \/><\/a>\n\t\t\t<\/div>\n\t\t\t\t<figcaption class='wp-caption-text gallery-caption' id='gallery-1-57705'>\n\t\t\t\tPraca z wystawy \u201eDlaczego maluj\u0105? Tw\u00f3rczo\u015b\u0107 chorych psychicznie ze zbior\u00f3w dr. Andrzeja Janickiego\u201d, autor anonimowy (\u017ar\u00f3d\u0142o: materia\u0142y prasowe organizatora)\n\t\t\t\t<\/figcaption><\/figure><figure class='gallery-item'>\n\t\t\t<div class='gallery-icon '>\n\t\t\t\t<a href='https:\/\/ownetic.com\/wydarzenia\/2015\/08\/dlaczego-maluja-tworczosc-chorych-psychicznie-muzeum-architektury-wroclaw\/dlaczego-maluja-tworczosc-chorych-psychicznie-ma-wroclaw-2015-08-18-005\/'><img width=\"1\" height=\"1\" src=\"https:\/\/ownetic.com\/wydarzenia\/wp-content\/uploads\/2015\/08\/dlaczego-maluja-tworczosc-chorych-psychicznie-ma-wroclaw-2015-08-18-005.jpg\" class=\"attachment-thumbnail size-thumbnail\" alt=\"Praca z wystawy \u201eDlaczego maluj\u0105? Tw\u00f3rczo\u015b\u0107 chorych psychicznie ze zbior\u00f3w dr. Andrzeja Janickiego\u201d, autor anonimowy (\u017ar\u00f3d\u0142o: materia\u0142y prasowe organizatora)\" loading=\"lazy\" aria-describedby=\"gallery-1-57704\" \/><\/a>\n\t\t\t<\/div>\n\t\t\t\t<figcaption class='wp-caption-text gallery-caption' id='gallery-1-57704'>\n\t\t\t\tPraca z wystawy \u201eDlaczego maluj\u0105? Tw\u00f3rczo\u015b\u0107 chorych psychicznie ze zbior\u00f3w dr. Andrzeja Janickiego\u201d, autor anonimowy (\u017ar\u00f3d\u0142o: materia\u0142y prasowe organizatora)\n\t\t\t\t<\/figcaption><\/figure><figure class='gallery-item'>\n\t\t\t<div class='gallery-icon '>\n\t\t\t\t<a href='https:\/\/ownetic.com\/wydarzenia\/2015\/08\/dlaczego-maluja-tworczosc-chorych-psychicznie-muzeum-architektury-wroclaw\/dlaczego-maluja-tworczosc-chorych-psychicznie-ma-wroclaw-2015-08-18-004\/'><img width=\"1\" height=\"1\" src=\"https:\/\/ownetic.com\/wydarzenia\/wp-content\/uploads\/2015\/08\/dlaczego-maluja-tworczosc-chorych-psychicznie-ma-wroclaw-2015-08-18-004.jpg\" class=\"attachment-thumbnail size-thumbnail\" alt=\"Praca z wystawy \u201eDlaczego maluj\u0105? Tw\u00f3rczo\u015b\u0107 chorych psychicznie ze zbior\u00f3w dr. Andrzeja Janickiego\u201d, autor anonimowy (\u017ar\u00f3d\u0142o: materia\u0142y prasowe organizatora)\" loading=\"lazy\" aria-describedby=\"gallery-1-57703\" \/><\/a>\n\t\t\t<\/div>\n\t\t\t\t<figcaption class='wp-caption-text gallery-caption' id='gallery-1-57703'>\n\t\t\t\tPraca z wystawy \u201eDlaczego maluj\u0105? Tw\u00f3rczo\u015b\u0107 chorych psychicznie ze zbior\u00f3w dr. Andrzeja Janickiego\u201d, autor anonimowy (\u017ar\u00f3d\u0142o: materia\u0142y prasowe organizatora)\n\t\t\t\t<\/figcaption><\/figure><figure class='gallery-item'>\n\t\t\t<div class='gallery-icon '>\n\t\t\t\t<a href='https:\/\/ownetic.com\/wydarzenia\/2015\/08\/dlaczego-maluja-tworczosc-chorych-psychicznie-muzeum-architektury-wroclaw\/dlaczego-maluja-tworczosc-chorych-psychicznie-ma-wroclaw-2015-08-18-003\/'><img width=\"1\" height=\"1\" src=\"https:\/\/ownetic.com\/wydarzenia\/wp-content\/uploads\/2015\/08\/dlaczego-maluja-tworczosc-chorych-psychicznie-ma-wroclaw-2015-08-18-003.jpg\" class=\"attachment-thumbnail size-thumbnail\" alt=\"Praca z wystawy \u201eDlaczego maluj\u0105? Tw\u00f3rczo\u015b\u0107 chorych psychicznie ze zbior\u00f3w dr. Andrzeja Janickiego\u201d, autor anonimowy (\u017ar\u00f3d\u0142o: materia\u0142y prasowe organizatora)\" loading=\"lazy\" aria-describedby=\"gallery-1-57702\" \/><\/a>\n\t\t\t<\/div>\n\t\t\t\t<figcaption class='wp-caption-text gallery-caption' id='gallery-1-57702'>\n\t\t\t\tPraca z wystawy \u201eDlaczego maluj\u0105? Tw\u00f3rczo\u015b\u0107 chorych psychicznie ze zbior\u00f3w dr. Andrzeja Janickiego\u201d, autor anonimowy (\u017ar\u00f3d\u0142o: materia\u0142y prasowe organizatora)\n\t\t\t\t<\/figcaption><\/figure><figure class='gallery-item'>\n\t\t\t<div class='gallery-icon '>\n\t\t\t\t<a href='https:\/\/ownetic.com\/wydarzenia\/2015\/08\/dlaczego-maluja-tworczosc-chorych-psychicznie-muzeum-architektury-wroclaw\/dlaczego-maluja-tworczosc-chorych-psychicznie-ma-wroclaw-2015-08-18-002\/'><img width=\"1\" height=\"1\" src=\"https:\/\/ownetic.com\/wydarzenia\/wp-content\/uploads\/2015\/08\/dlaczego-maluja-tworczosc-chorych-psychicznie-ma-wroclaw-2015-08-18-002.jpg\" class=\"attachment-thumbnail size-thumbnail\" alt=\"Praca z wystawy \u201eDlaczego maluj\u0105? Tw\u00f3rczo\u015b\u0107 chorych psychicznie ze zbior\u00f3w dr. Andrzeja Janickiego\u201d, autor anonimowy (\u017ar\u00f3d\u0142o: materia\u0142y prasowe organizatora)\" loading=\"lazy\" aria-describedby=\"gallery-1-57701\" \/><\/a>\n\t\t\t<\/div>\n\t\t\t\t<figcaption class='wp-caption-text gallery-caption' id='gallery-1-57701'>\n\t\t\t\tPraca z wystawy \u201eDlaczego maluj\u0105? Tw\u00f3rczo\u015b\u0107 chorych psychicznie ze zbior\u00f3w dr. Andrzeja Janickiego\u201d, autor anonimowy (\u017ar\u00f3d\u0142o: materia\u0142y prasowe organizatora)\n\t\t\t\t<\/figcaption><\/figure><figure class='gallery-item'>\n\t\t\t<div class='gallery-icon '>\n\t\t\t\t<a href='https:\/\/ownetic.com\/wydarzenia\/2015\/08\/dlaczego-maluja-tworczosc-chorych-psychicznie-muzeum-architektury-wroclaw\/dlaczego-maluja-tworczosc-chorych-psychicznie-ma-wroclaw-2015-08-18-001\/'><img width=\"1\" height=\"1\" src=\"https:\/\/ownetic.com\/wydarzenia\/wp-content\/uploads\/2015\/08\/dlaczego-maluja-tworczosc-chorych-psychicznie-ma-wroclaw-2015-08-18-001.jpg\" class=\"attachment-thumbnail size-thumbnail\" alt=\"Praca z wystawy \u201eDlaczego maluj\u0105? Tw\u00f3rczo\u015b\u0107 chorych psychicznie ze zbior\u00f3w dr. Andrzeja Janickiego\u201d, autor anonimowy (\u017ar\u00f3d\u0142o: materia\u0142y prasowe organizatora)\" loading=\"lazy\" aria-describedby=\"gallery-1-57700\" \/><\/a>\n\t\t\t<\/div>\n\t\t\t\t<figcaption class='wp-caption-text gallery-caption' id='gallery-1-57700'>\n\t\t\t\tPraca z wystawy \u201eDlaczego maluj\u0105? Tw\u00f3rczo\u015b\u0107 chorych psychicznie ze zbior\u00f3w dr. Andrzeja Janickiego\u201d, autor anonimowy (\u017ar\u00f3d\u0142o: materia\u0142y prasowe organizatora)\n\t\t\t\t<\/figcaption><\/figure><figure class='gallery-item'>\n\t\t\t<div class='gallery-icon portrait'>\n\t\t\t\t<a href='https:\/\/ownetic.com\/wydarzenia\/2015\/08\/dlaczego-maluja-tworczosc-chorych-psychicznie-muzeum-architektury-wroclaw\/dlaczego-maluja-tworczosc-chorych-psychicznie-ma-wroclaw-2015-08-17-002\/'><img width=\"109\" height=\"200\" src=\"https:\/\/ownetic.com\/wydarzenia\/wp-content\/uploads\/2015\/08\/dlaczego-maluja-tworczosc-chorych-psychicznie-ma-wroclaw-2015-08-17-002.jpg\" class=\"attachment-thumbnail size-thumbnail\" alt=\"Praca z wystawy \u201eDlaczego maluj\u0105? Tw\u00f3rczo\u015b\u0107 chorych psychicznie ze zbior\u00f3w dr. Andrzeja Janickiego\u201d, autor anonimowy (\u017ar\u00f3d\u0142o: materia\u0142y prasowe organizatora)\" loading=\"lazy\" aria-describedby=\"gallery-1-57699\" \/><\/a>\n\t\t\t<\/div>\n\t\t\t\t<figcaption class='wp-caption-text gallery-caption' id='gallery-1-57699'>\n\t\t\t\tPraca z wystawy \u201eDlaczego maluj\u0105? Tw\u00f3rczo\u015b\u0107 chorych psychicznie ze zbior\u00f3w dr. Andrzeja Janickiego\u201d, autor anonimowy (\u017ar\u00f3d\u0142o: materia\u0142y prasowe organizatora)\n\t\t\t\t<\/figcaption><\/figure>\n\t\t<\/div>\n\n<p>Jak pisze w tek\u015bcie otwieraj\u0105cym katalog wystawy dr Andrzej Janicki, tw\u00f3rczo\u015b\u0107 chorych psychicznie zacz\u0119\u0142a budzi\u0107 zainteresowanie ju\u017c ponad sto lat temu. Z czasem dostrze\u017cono i doceniono w niej szczero\u015b\u0107 i bezpo\u015brednio\u015b\u0107 wypowiedzi, bezinteresowno\u015b\u0107 tworzenia, nieczerpanie wzor\u00f3w od innych, nieuleganie wp\u0142ywom m\u00f3d, kierunk\u00f3w i styl\u00f3w sztuki, a tak\u017ce nieliczenie si\u0119 z opini\u0105 odbiorc\u00f3w.<\/p>\n<p>Wypowiadanie si\u0119 przez rysunek, malarstwo czy inne techniki plastyczne dotyczy tylko niekt\u00f3rych chorych, g\u0142\u00f3wnie os\u00f3b cierpi\u0105cych na schizofreni\u0119 w ostrym i przewlek\u0142ym okresie tej choroby. Stanowi\u0105 oni oko\u0142o dw\u00f3ch procent os\u00f3b leczonych psychiatrycznie, a ich tw\u00f3rczo\u015b\u0107 r\u00f3\u017cni si\u0119 od tw\u00f3rczo\u015bci os\u00f3b zdrowych g\u0142\u00f3wnie pod\u0142o\u017cem motywacyjnym. Czynnikiem wyzwalaj\u0105cym s\u0105 w tym wypadku zaburzenia psychiczne, kt\u00f3re cz\u0119sto powoduj\u0105 zmienione widzenie \u015bwiata, \u0142\u0105cz\u0105ce si\u0119 z utrat\u0105 poczucia rzeczywisto\u015bci, brakiem rozumienia otoczenia i mo\u017cliwo\u015bci porozumiewania si\u0119 z nim oraz z odczuwaniem silnego l\u0119ku. Odmienna jest tak\u017ce struktura procesu tw\u00f3rczego. Podejmowanie plastycznych form ekspresji wynika z potrzeby wewn\u0119trznej i przyjmuje charakter dzia\u0142a\u0144 symbolicznych, kt\u00f3re uwalniaj\u0105 od l\u0119ku i zmniejszaj\u0105 napi\u0119cie psychiczne. Taki spos\u00f3b wyra\u017cania siebie pomaga lepiej zrozumie\u0107 w\u0142asne prze\u017cycia i zapanowa\u0107 nad nimi, a niekiedy tak\u017ce znale\u017a\u0107 w stosunku do nich odpowiedni dystans obronny.<\/p>\n<figure id=\"attachment_57719\" aria-describedby=\"caption-attachment-57719\" style=\"width: 576px\" class=\"wp-caption alignnone\"><a href=\"https:\/\/ownetic.com\/wydarzenia\/2015\/08\/dlaczego-maluja-tworczosc-chorych-psychicznie-muzeum-architektury-wroclaw\/dlaczego-maluja-tworczosc-chorych-psychicznie-ma-wroclaw-2015-08-18-019\/\" rel=\"attachment wp-att-57719\"><img loading=\"lazy\" class=\"size-medium wp-image-57719\" title=\"Praca z wystawy \u201eDlaczego maluj\u0105? Tw\u00f3rczo\u015b\u0107 chorych psychicznie ze zbior\u00f3w dr. Andrzeja Janickiego\u201d, autor anonimowy (\u017ar\u00f3d\u0142o: materia\u0142y prasowe organizatora)\" src=\"https:\/\/ownetic.com\/wydarzenia\/wp-content\/uploads\/2015\/08\/dlaczego-maluja-tworczosc-chorych-psychicznie-ma-wroclaw-2015-08-18-019-576x430.jpg\" alt=\"Praca z wystawy \u201eDlaczego maluj\u0105? Tw\u00f3rczo\u015b\u0107 chorych psychicznie ze zbior\u00f3w dr. Andrzeja Janickiego\u201d, autor anonimowy (\u017ar\u00f3d\u0142o: materia\u0142y prasowe organizatora)\" width=\"576\" height=\"430\" \/><\/a><figcaption id=\"caption-attachment-57719\" class=\"wp-caption-text\">Praca z wystawy \u201eDlaczego maluj\u0105? Tw\u00f3rczo\u015b\u0107 chorych psychicznie ze zbior\u00f3w dr. Andrzeja Janickiego\u201d, autor anonimowy (\u017ar\u00f3d\u0142o: materia\u0142y prasowe organizatora)<\/figcaption><\/figure>\n<p>Alicja Klimczak-Dobrzaniecka podkre\u015bla w tek\u015bcie zawartym w katalogu wystawy, \u017ce w tw\u00f3rczo\u015bci os\u00f3b chorych na schizofreni\u0119 pewne zjawiska wyst\u0119puj\u0105 tak cz\u0119sto, \u017ce mo\u017cna je traktowa\u0107 jako cechy charakterystyczne, niekiedy definiowane nawet jako tak zwany styl schizofreniczny. W pracach chorych wyra\u017aniejsze ni\u017c zaburzenia tre\u015bci s\u0105 zwykle zaburzenia formy, takie jak sztywna i monotonna kreska rysunku, zniekszta\u0142cenia i dysproporcje kszta\u0142t\u00f3w, czy niesp\u00f3jno\u015b\u0107 kompozycji. U\u017cywana przez chorych symbolika barw jest w zasadzie zgodna z tradycj\u0105, cho\u0107 niekiedy wyst\u0119puje niezgodno\u015b\u0107 formy i koloru. W dzie\u0142ach tworzonych w stanach napi\u0119cia psychicznego przewa\u017caj\u0105 barwy s\u0142abo kontrastuj\u0105ce lub prawie monochromiczne, w okresach jego os\u0142abienia pojawiaj\u0105 si\u0119 barwy \u017cywe i zr\u00f3\u017cnicowane. Cz\u0119stym tematem s\u0105 sceny krajobrazowe, kt\u00f3re charakteryzuj\u0105 si\u0119 monotoni\u0105 formy i koloru. R\u00f3wnie powszechny jest autoportret z tendencjami do deformacji, maszkaronizacji i pomijania lub zwielokrotniania narz\u0105d\u00f3w kontaktowych \u2013 oczu, ust, uszu. Niekiedy wyst\u0119puje autoportret symboliczny w formie krzy\u017ca czy gasn\u0105cej \u015bwiecy, Boga. Rzadziej zdarzaj\u0105 si\u0119 sceny okrutne, religijne czy seksualne.<\/p>\n<figure id=\"attachment_57728\" aria-describedby=\"caption-attachment-57728\" style=\"width: 558px\" class=\"wp-caption alignnone\"><a href=\"https:\/\/ownetic.com\/wydarzenia\/2015\/08\/dlaczego-maluja-tworczosc-chorych-psychicznie-muzeum-architektury-wroclaw\/dlaczego-maluja-tworczosc-chorych-psychicznie-ma-wroclaw-2015-08-18-029\/\" rel=\"attachment wp-att-57728\"><img loading=\"lazy\" class=\"size-medium wp-image-57728\" title=\"Praca z wystawy \u201eDlaczego maluj\u0105? Tw\u00f3rczo\u015b\u0107 chorych psychicznie ze zbior\u00f3w dr. Andrzeja Janickiego\u201d, autor anonimowy (\u017ar\u00f3d\u0142o: materia\u0142y prasowe organizatora)\" src=\"https:\/\/ownetic.com\/wydarzenia\/wp-content\/uploads\/2015\/08\/dlaczego-maluja-tworczosc-chorych-psychicznie-ma-wroclaw-2015-08-18-029-558x800.jpg\" alt=\"Praca z wystawy \u201eDlaczego maluj\u0105? Tw\u00f3rczo\u015b\u0107 chorych psychicznie ze zbior\u00f3w dr. Andrzeja Janickiego\u201d, autor anonimowy (\u017ar\u00f3d\u0142o: materia\u0142y prasowe organizatora)\" width=\"558\" height=\"800\" \/><\/a><figcaption id=\"caption-attachment-57728\" class=\"wp-caption-text\">Praca z wystawy \u201eDlaczego maluj\u0105? Tw\u00f3rczo\u015b\u0107 chorych psychicznie ze zbior\u00f3w dr. Andrzeja Janickiego\u201d, autor anonimowy (\u017ar\u00f3d\u0142o: materia\u0142y prasowe organizatora)<\/figcaption><\/figure>\n<p><!--nextpage-->Tw\u00f3rczo\u015b\u0107 chorych psychicznie jest w odbiorze spo\u0142ecznym prawie niezauwa\u017calna, gdy\u017c dzie\u0142a te s\u0105 nieliczne, powstaj\u0105 w jednym egzemplarzu i cz\u0119sto bywaj\u0105 niszczone przez samych tw\u00f3rc\u00f3w. Dost\u0119p do nich ma najcz\u0119\u015bciej niewielka grupa pracownik\u00f3w szpitali i przychodni psychiatrycznych, kt\u00f3ra stanowi publiczno\u015b\u0107 zamkni\u0119tych wystaw wewn\u0105trzszpitalnych lub profesjonalnych sympozj\u00f3w. Tym bardziej warto zaprezentowa\u0107 te prace szerszej publiczno\u015bci, zw\u0142aszcza w miejscu dla takiej prezentacji nietypowym.<\/p>\n<p>Jak zauwa\u017ca dr Andrzej Janicki, nie ka\u017cdy odbiorca dozna w czasie ogl\u0105dania dzie\u0142 os\u00f3b chorych takich samych prze\u017cy\u0107. Mo\u017cliwo\u015b\u0107 wnikni\u0119cia w \u015bwiat psychotycznych dozna\u0144 \u2013\u00a0l\u0119ku, cierpienia lub ekstazy \u2013\u00a0zale\u017cy bowiem nie tylko od stopnia wra\u017cliwo\u015bci odbiorcy i jego poznawczego nastawienia, ale tak\u017ce od jego osobistych do\u015bwiadcze\u0144.<\/p>\n<figure id=\"attachment_57702\" aria-describedby=\"caption-attachment-57702\" style=\"width: 436px\" class=\"wp-caption alignnone\"><a href=\"https:\/\/ownetic.com\/wydarzenia\/2015\/08\/dlaczego-maluja-tworczosc-chorych-psychicznie-muzeum-architektury-wroclaw\/dlaczego-maluja-tworczosc-chorych-psychicznie-ma-wroclaw-2015-08-18-003\/\" rel=\"attachment wp-att-57702\"><img loading=\"lazy\" class=\"size-full wp-image-57702\" title=\"Praca z wystawy \u201eDlaczego maluj\u0105? Tw\u00f3rczo\u015b\u0107 chorych psychicznie ze zbior\u00f3w dr. Andrzeja Janickiego\u201d, autor anonimowy (\u017ar\u00f3d\u0142o: materia\u0142y prasowe organizatora)\" src=\"https:\/\/ownetic.com\/wydarzenia\/wp-content\/uploads\/2015\/08\/dlaczego-maluja-tworczosc-chorych-psychicznie-ma-wroclaw-2015-08-18-003.jpg\" alt=\"Praca z wystawy \u201eDlaczego maluj\u0105? Tw\u00f3rczo\u015b\u0107 chorych psychicznie ze zbior\u00f3w dr. Andrzeja Janickiego\u201d, autor anonimowy (\u017ar\u00f3d\u0142o: materia\u0142y prasowe organizatora)\" width=\"436\" height=\"572\" \/><\/a><figcaption id=\"caption-attachment-57702\" class=\"wp-caption-text\">Praca z wystawy \u201eDlaczego maluj\u0105? Tw\u00f3rczo\u015b\u0107 chorych psychicznie ze zbior\u00f3w dr. Andrzeja Janickiego\u201d, autor anonimowy (\u017ar\u00f3d\u0142o: materia\u0142y prasowe organizatora)<\/figcaption><\/figure>\n<blockquote><p>Nie rozumiej\u0105c szale\u0144stwa, nie tylko nie mo\u017cna poj\u0105\u0107 istoty bycia cz\u0142owiekiem, lecz nie mo\u017cna by\u0107 cz\u0142owiekiem, nie maj\u0105c w sobie szale\u0144stwa jako granicy w\u0142asnej wolno\u015bci.<\/p>\n<p>Jacques Lacan<\/p><\/blockquote>\n<figure id=\"attachment_57714\" aria-describedby=\"caption-attachment-57714\" style=\"width: 576px\" class=\"wp-caption alignnone\"><a href=\"https:\/\/ownetic.com\/wydarzenia\/2015\/08\/dlaczego-maluja-tworczosc-chorych-psychicznie-muzeum-architektury-wroclaw\/dlaczego-maluja-tworczosc-chorych-psychicznie-ma-wroclaw-2015-08-18-014\/\" rel=\"attachment wp-att-57714\"><img loading=\"lazy\" class=\"size-medium wp-image-57714\" title=\"Praca z wystawy \u201eDlaczego maluj\u0105? Tw\u00f3rczo\u015b\u0107 chorych psychicznie ze zbior\u00f3w dr. Andrzeja Janickiego\u201d, autor anonimowy (\u017ar\u00f3d\u0142o: materia\u0142y prasowe organizatora)\" src=\"https:\/\/ownetic.com\/wydarzenia\/wp-content\/uploads\/2015\/08\/dlaczego-maluja-tworczosc-chorych-psychicznie-ma-wroclaw-2015-08-18-014-576x407.jpg\" alt=\"Praca z wystawy \u201eDlaczego maluj\u0105? Tw\u00f3rczo\u015b\u0107 chorych psychicznie ze zbior\u00f3w dr. Andrzeja Janickiego\u201d, autor anonimowy (\u017ar\u00f3d\u0142o: materia\u0142y prasowe organizatora)\" width=\"576\" height=\"407\" \/><\/a><figcaption id=\"caption-attachment-57714\" class=\"wp-caption-text\">Praca z wystawy \u201eDlaczego maluj\u0105? Tw\u00f3rczo\u015b\u0107 chorych psychicznie ze zbior\u00f3w dr. Andrzeja Janickiego\u201d, autor anonimowy (\u017ar\u00f3d\u0142o: materia\u0142y prasowe organizatora)<\/figcaption><\/figure>\n<p>Wystawie towarzyszy katalog wydany przez Muzeum Architektury we Wroc\u0142awiu, kt\u00f3ry zawiera reprodukcje wszystkich prac prezentowanych na wystawie oraz teksty autorstwa Andrzeja Janickiego, Anny Markowskiej i Alicji Klimczak-Dobrzanieckiej.<\/p>\n<p><em>Dlaczego maluj\u0105? Tw\u00f3rczo\u015b\u0107 chorych psychicznie ze zbior\u00f3w dr. Andrzeja Janickiego<br \/>\n<\/em>Wernisa\u017c: 27 sierpnia 2015 roku, godz. 17.00<br \/>\nWystawa czynna do 15 listopada 2015 roku<br \/>\nMuzeum Architektury we Wroc\u0142awiu<\/p>\n","protected":false},"excerpt":{"rendered":"<p>Wystawa jest pierwsz\u0105 w Muzeum Architektury we Wroc\u0142awiu prezentacj\u0105 tak zwanej sztuki psychopatologicznej. Pokazywane rysunki i obrazy pochodz\u0105 z kolekcji dr. Andrzeja Janickiego, wieloletniego dyrektora Wojew\u00f3dzkiego Szpitala dla Nerwowo i Psychicznie Chorych w Stroniu \u015al\u0105skim, kt\u00f3ry du\u017co wysi\u0142ku po\u015bwi\u0119ci\u0142 badaniom nad sztuk\u0105 os\u00f3b chorych psychicznie. Ka\u017cdej z prac towarzyszy opis zawieraj\u0105cy informacje o przebiegu choroby jej autora, ze szczeg\u00f3lnym uwzgl\u0119dnieniem okresu tw\u00f3rczego.<\/p>\n","protected":false},"author":80,"featured_media":57699,"comment_status":"open","ping_status":"closed","sticky":false,"template":"","format":"standard","meta":[],"categories":[5],"tags":[10482,10481,5775,16,42],"powerkit_post_featured":[],"yoast_head":"<!-- This site is optimized with the Yoast SEO plugin v18.7 - https:\/\/yoast.com\/wordpress\/plugins\/seo\/ -->\n<title>Dlaczego maluj\u0105? Tw\u00f3rczo\u015b\u0107 chorych psychicznie<\/title>\n<meta name=\"description\" content=\"Dlaczego maluj\u0105? Tw\u00f3rczo\u015b\u0107 chorych psychicznie to pierwsza w Muzeum Architektury we Wroc\u0142awiu prezentacja tak zwanej sztuki psychopatologicznej.\" \/>\n<meta name=\"robots\" content=\"index, follow, max-snippet:-1, max-image-preview:large, max-video-preview:-1\" \/>\n<link rel=\"canonical\" href=\"https:\/\/ownetic.com\/wydarzenia\/2015\/08\/dlaczego-maluja-tworczosc-chorych-psychicznie-muzeum-architektury-wroclaw\/\" \/>\n<link rel=\"next\" href=\"https:\/\/ownetic.com\/wydarzenia\/2015\/08\/dlaczego-maluja-tworczosc-chorych-psychicznie-muzeum-architektury-wroclaw\/2\/\" \/>\n<meta name=\"twitter:card\" content=\"summary_large_image\" \/>\n<meta name=\"twitter:title\" content=\"Dlaczego maluj\u0105? Tw\u00f3rczo\u015b\u0107 chorych psychicznie\" \/>\n<meta name=\"twitter:description\" content=\"Dlaczego maluj\u0105? Tw\u00f3rczo\u015b\u0107 chorych psychicznie to pierwsza w Muzeum Architektury we Wroc\u0142awiu prezentacja tak zwanej sztuki psychopatologicznej.\" \/>\n<meta name=\"twitter:image\" content=\"https:\/\/ownetic.com\/wydarzenia\/wp-content\/uploads\/2015\/08\/dlaczego-maluja-tworczosc-chorych-psychicznie-ma-wroclaw-2015-08-17-002.jpg\" \/>\n<meta name=\"twitter:label1\" content=\"Napisane przez\" \/>\n\t<meta name=\"twitter:data1\" content=\"ewa-nowicka\" \/>\n\t<meta name=\"twitter:label2\" content=\"Szacowany czas czytania\" \/>\n\t<meta name=\"twitter:data2\" content=\"5 minut\" \/>\n<script type=\"application\/ld+json\" class=\"yoast-schema-graph\">{\"@context\":\"https:\/\/schema.org\",\"@graph\":[{\"@type\":\"WebSite\",\"@id\":\"https:\/\/ownetic.com\/wydarzenia\/#website\",\"url\":\"https:\/\/ownetic.com\/wydarzenia\/\",\"name\":\"Wydarzenia O.pl\",\"description\":\"Przestrze\u0144 prezentacji najwa\u017cniejszych wydarze\u0144 z takich dziedzin, jak: sztuka, design, fotografia, film, muzyka, teatr, literatura, historia, taniec, architektura\",\"potentialAction\":[{\"@type\":\"SearchAction\",\"target\":{\"@type\":\"EntryPoint\",\"urlTemplate\":\"https:\/\/ownetic.com\/wydarzenia\/?s={search_term_string}\"},\"query-input\":\"required name=search_term_string\"}],\"inLanguage\":\"pl-PL\"},{\"@type\":\"ImageObject\",\"inLanguage\":\"pl-PL\",\"@id\":\"https:\/\/ownetic.com\/wydarzenia\/2015\/08\/dlaczego-maluja-tworczosc-chorych-psychicznie-muzeum-architektury-wroclaw\/#primaryimage\",\"url\":\"https:\/\/ownetic.com\/wydarzenia\/wp-content\/uploads\/2015\/08\/dlaczego-maluja-tworczosc-chorych-psychicznie-ma-wroclaw-2015-08-17-002.jpg\",\"contentUrl\":\"https:\/\/ownetic.com\/wydarzenia\/wp-content\/uploads\/2015\/08\/dlaczego-maluja-tworczosc-chorych-psychicznie-ma-wroclaw-2015-08-17-002.jpg\",\"width\":948,\"height\":1738,\"caption\":\"Praca z wystawy \u201eDlaczego maluj\u0105? Tw\u00f3rczo\u015b\u0107 chorych psychicznie ze zbior\u00f3w dr. Andrzeja Janickiego\u201d, autor anonimowy (\u017ar\u00f3d\u0142o: materia\u0142y prasowe organizatora)\"},{\"@type\":\"WebPage\",\"@id\":\"https:\/\/ownetic.com\/wydarzenia\/2015\/08\/dlaczego-maluja-tworczosc-chorych-psychicznie-muzeum-architektury-wroclaw\/#webpage\",\"url\":\"https:\/\/ownetic.com\/wydarzenia\/2015\/08\/dlaczego-maluja-tworczosc-chorych-psychicznie-muzeum-architektury-wroclaw\/\",\"name\":\"Dlaczego maluj\u0105? Tw\u00f3rczo\u015b\u0107 chorych psychicznie\",\"isPartOf\":{\"@id\":\"https:\/\/ownetic.com\/wydarzenia\/#website\"},\"primaryImageOfPage\":{\"@id\":\"https:\/\/ownetic.com\/wydarzenia\/2015\/08\/dlaczego-maluja-tworczosc-chorych-psychicznie-muzeum-architektury-wroclaw\/#primaryimage\"},\"datePublished\":\"2015-08-18T16:00:10+00:00\",\"dateModified\":\"2015-11-19T12:35:38+00:00\",\"author\":{\"@id\":\"https:\/\/ownetic.com\/wydarzenia\/#\/schema\/person\/387f348b5e3a0e229c7908b995fa4080\"},\"description\":\"Dlaczego maluj\u0105? Tw\u00f3rczo\u015b\u0107 chorych psychicznie to pierwsza w Muzeum Architektury we Wroc\u0142awiu prezentacja tak zwanej sztuki psychopatologicznej.\",\"breadcrumb\":{\"@id\":\"https:\/\/ownetic.com\/wydarzenia\/2015\/08\/dlaczego-maluja-tworczosc-chorych-psychicznie-muzeum-architektury-wroclaw\/#breadcrumb\"},\"inLanguage\":\"pl-PL\",\"potentialAction\":[{\"@type\":\"ReadAction\",\"target\":[\"https:\/\/ownetic.com\/wydarzenia\/2015\/08\/dlaczego-maluja-tworczosc-chorych-psychicznie-muzeum-architektury-wroclaw\/\"]}]},{\"@type\":\"BreadcrumbList\",\"@id\":\"https:\/\/ownetic.com\/wydarzenia\/2015\/08\/dlaczego-maluja-tworczosc-chorych-psychicznie-muzeum-architektury-wroclaw\/#breadcrumb\",\"itemListElement\":[{\"@type\":\"ListItem\",\"position\":1,\"name\":\"Strona g\u0142\u00f3wna\"}]},{\"@type\":\"Person\",\"@id\":\"https:\/\/ownetic.com\/wydarzenia\/#\/schema\/person\/387f348b5e3a0e229c7908b995fa4080\",\"name\":\"ewa-nowicka\",\"url\":\"https:\/\/ownetic.com\/wydarzenia\/author\/ewa-nowicka\/\"}]}<\/script>\n<!-- \/ Yoast SEO plugin. -->","yoast_head_json":{"title":"Dlaczego maluj\u0105? Tw\u00f3rczo\u015b\u0107 chorych psychicznie","description":"Dlaczego maluj\u0105? Tw\u00f3rczo\u015b\u0107 chorych psychicznie to pierwsza w Muzeum Architektury we Wroc\u0142awiu prezentacja tak zwanej sztuki psychopatologicznej.","robots":{"index":"index","follow":"follow","max-snippet":"max-snippet:-1","max-image-preview":"max-image-preview:large","max-video-preview":"max-video-preview:-1"},"canonical":"https:\/\/ownetic.com\/wydarzenia\/2015\/08\/dlaczego-maluja-tworczosc-chorych-psychicznie-muzeum-architektury-wroclaw\/","next":"https:\/\/ownetic.com\/wydarzenia\/2015\/08\/dlaczego-maluja-tworczosc-chorych-psychicznie-muzeum-architektury-wroclaw\/2\/","twitter_card":"summary_large_image","twitter_title":"Dlaczego maluj\u0105? Tw\u00f3rczo\u015b\u0107 chorych psychicznie","twitter_description":"Dlaczego maluj\u0105? Tw\u00f3rczo\u015b\u0107 chorych psychicznie to pierwsza w Muzeum Architektury we Wroc\u0142awiu prezentacja tak zwanej sztuki psychopatologicznej.","twitter_image":"https:\/\/ownetic.com\/wydarzenia\/wp-content\/uploads\/2015\/08\/dlaczego-maluja-tworczosc-chorych-psychicznie-ma-wroclaw-2015-08-17-002.jpg","twitter_misc":{"Napisane przez":"ewa-nowicka","Szacowany czas czytania":"5 minut"},"schema":{"@context":"https:\/\/schema.org","@graph":[{"@type":"WebSite","@id":"https:\/\/ownetic.com\/wydarzenia\/#website","url":"https:\/\/ownetic.com\/wydarzenia\/","name":"Wydarzenia O.pl","description":"Przestrze\u0144 prezentacji najwa\u017cniejszych wydarze\u0144 z takich dziedzin, jak: sztuka, design, fotografia, film, muzyka, teatr, literatura, historia, taniec, architektura","potentialAction":[{"@type":"SearchAction","target":{"@type":"EntryPoint","urlTemplate":"https:\/\/ownetic.com\/wydarzenia\/?s={search_term_string}"},"query-input":"required name=search_term_string"}],"inLanguage":"pl-PL"},{"@type":"ImageObject","inLanguage":"pl-PL","@id":"https:\/\/ownetic.com\/wydarzenia\/2015\/08\/dlaczego-maluja-tworczosc-chorych-psychicznie-muzeum-architektury-wroclaw\/#primaryimage","url":"https:\/\/ownetic.com\/wydarzenia\/wp-content\/uploads\/2015\/08\/dlaczego-maluja-tworczosc-chorych-psychicznie-ma-wroclaw-2015-08-17-002.jpg","contentUrl":"https:\/\/ownetic.com\/wydarzenia\/wp-content\/uploads\/2015\/08\/dlaczego-maluja-tworczosc-chorych-psychicznie-ma-wroclaw-2015-08-17-002.jpg","width":948,"height":1738,"caption":"Praca z wystawy \u201eDlaczego maluj\u0105? Tw\u00f3rczo\u015b\u0107 chorych psychicznie ze zbior\u00f3w dr. Andrzeja Janickiego\u201d, autor anonimowy (\u017ar\u00f3d\u0142o: materia\u0142y prasowe organizatora)"},{"@type":"WebPage","@id":"https:\/\/ownetic.com\/wydarzenia\/2015\/08\/dlaczego-maluja-tworczosc-chorych-psychicznie-muzeum-architektury-wroclaw\/#webpage","url":"https:\/\/ownetic.com\/wydarzenia\/2015\/08\/dlaczego-maluja-tworczosc-chorych-psychicznie-muzeum-architektury-wroclaw\/","name":"Dlaczego maluj\u0105? Tw\u00f3rczo\u015b\u0107 chorych psychicznie","isPartOf":{"@id":"https:\/\/ownetic.com\/wydarzenia\/#website"},"primaryImageOfPage":{"@id":"https:\/\/ownetic.com\/wydarzenia\/2015\/08\/dlaczego-maluja-tworczosc-chorych-psychicznie-muzeum-architektury-wroclaw\/#primaryimage"},"datePublished":"2015-08-18T16:00:10+00:00","dateModified":"2015-11-19T12:35:38+00:00","author":{"@id":"https:\/\/ownetic.com\/wydarzenia\/#\/schema\/person\/387f348b5e3a0e229c7908b995fa4080"},"description":"Dlaczego maluj\u0105? Tw\u00f3rczo\u015b\u0107 chorych psychicznie to pierwsza w Muzeum Architektury we Wroc\u0142awiu prezentacja tak zwanej sztuki psychopatologicznej.","breadcrumb":{"@id":"https:\/\/ownetic.com\/wydarzenia\/2015\/08\/dlaczego-maluja-tworczosc-chorych-psychicznie-muzeum-architektury-wroclaw\/#breadcrumb"},"inLanguage":"pl-PL","potentialAction":[{"@type":"ReadAction","target":["https:\/\/ownetic.com\/wydarzenia\/2015\/08\/dlaczego-maluja-tworczosc-chorych-psychicznie-muzeum-architektury-wroclaw\/"]}]},{"@type":"BreadcrumbList","@id":"https:\/\/ownetic.com\/wydarzenia\/2015\/08\/dlaczego-maluja-tworczosc-chorych-psychicznie-muzeum-architektury-wroclaw\/#breadcrumb","itemListElement":[{"@type":"ListItem","position":1,"name":"Strona g\u0142\u00f3wna"}]},{"@type":"Person","@id":"https:\/\/ownetic.com\/wydarzenia\/#\/schema\/person\/387f348b5e3a0e229c7908b995fa4080","name":"ewa-nowicka","url":"https:\/\/ownetic.com\/wydarzenia\/author\/ewa-nowicka\/"}]}},"_links":{"self":[{"href":"https:\/\/ownetic.com\/wydarzenia\/wp-json\/wp\/v2\/posts\/57698"}],"collection":[{"href":"https:\/\/ownetic.com\/wydarzenia\/wp-json\/wp\/v2\/posts"}],"about":[{"href":"https:\/\/ownetic.com\/wydarzenia\/wp-json\/wp\/v2\/types\/post"}],"author":[{"embeddable":true,"href":"https:\/\/ownetic.com\/wydarzenia\/wp-json\/wp\/v2\/users\/80"}],"replies":[{"embeddable":true,"href":"https:\/\/ownetic.com\/wydarzenia\/wp-json\/wp\/v2\/comments?post=57698"}],"version-history":[{"count":0,"href":"https:\/\/ownetic.com\/wydarzenia\/wp-json\/wp\/v2\/posts\/57698\/revisions"}],"wp:featuredmedia":[{"embeddable":true,"href":"https:\/\/ownetic.com\/wydarzenia\/wp-json\/wp\/v2\/media\/57699"}],"wp:attachment":[{"href":"https:\/\/ownetic.com\/wydarzenia\/wp-json\/wp\/v2\/media?parent=57698"}],"wp:term":[{"taxonomy":"category","embeddable":true,"href":"https:\/\/ownetic.com\/wydarzenia\/wp-json\/wp\/v2\/categories?post=57698"},{"taxonomy":"post_tag","embeddable":true,"href":"https:\/\/ownetic.com\/wydarzenia\/wp-json\/wp\/v2\/tags?post=57698"},{"taxonomy":"powerkit_post_featured","embeddable":true,"href":"https:\/\/ownetic.com\/wydarzenia\/wp-json\/wp\/v2\/powerkit_post_featured?post=57698"}],"curies":[{"name":"wp","href":"https:\/\/api.w.org\/{rel}","templated":true}]}}