{"id":57951,"date":"2015-08-31T18:00:27","date_gmt":"2015-08-31T17:00:27","guid":{"rendered":"https:\/\/ownetic.com\/wydarzenia\/?p=57951"},"modified":"2016-02-18T14:19:55","modified_gmt":"2016-02-18T13:19:55","slug":"tadeusz-kantor-epoka-chlopca-rysunki-dla-a-galeria-pracownia-kantora-cricoteka-krakow","status":"publish","type":"post","link":"https:\/\/ownetic.com\/wydarzenia\/2015\/08\/tadeusz-kantor-epoka-chlopca-rysunki-dla-a-galeria-pracownia-kantora-cricoteka-krakow\/","title":{"rendered":"Tadeusz Kantor. Epoka ch\u0142opca. Rysunki dla A."},"content":{"rendered":"<p>Wraz z otwarciem nowej siedziby Cricoteki przy ul. Nadwi\u015bla\u0144skiej, w Galerii\u2013Pracowni Tadeusza Kantora przy ul. Siennej w Krakowie ruszy\u0142 cykl wystaw prezentuj\u0105cych unikaln\u0105 kolekcj\u0119 rysunk\u00f3w Tadeusza Kantora. Wed\u0142ug projektu Kantora przeprowadzono adaptacj\u0119 wn\u0119trza na cele galerii, w kt\u00f3rej mia\u0142a by\u0107 prezentowana kolekcja rysunk\u00f3w. Zosta\u0142a ona skompletowana osobi\u015bcie przez autora z bogatej spu\u015bcizny 289 prac, posegregowana w czterdzie\u015bci grup odpowiadaj\u0105cych kolejnym etapom jego tw\u00f3rczo\u015bci i opatrzona tytu\u0142ami. Tadeusz Kantor przekaza\u0142 kolekcj\u0119 Annie Halczak, a od pierwszej litery imienia w\u0142a\u015bcicielki, zatytu\u0142owa\u0142 j\u0105 <em>Kolekcja A<\/em>.<\/p>\n<figure id=\"attachment_57952\" aria-describedby=\"caption-attachment-57952\" style=\"width: 576px\" class=\"wp-caption alignnone\"><a href=\"https:\/\/ownetic.com\/wydarzenia\/2015\/08\/tadeusz-kantor-epoka-chlopca-rysunki-dla-a-galeria-pracownia-kantora-cricoteka-krakow\/tadeusz-kantor-epoka-chlopca-rysunki-dla-a-rysunek-z-serii-chlopcy1982-galeria-pracownia-cricoteka-krakow-2015-08-31\/\" rel=\"attachment wp-att-57952\"><img loading=\"lazy\" class=\"size-medium wp-image-57952\" src=\"https:\/\/ownetic.com\/wydarzenia\/wp-content\/uploads\/2015\/08\/tadeusz-kantor-epoka-chlopca-rysunki-dla-a-rysunek-z-serii-chlopcy1982-galeria-pracownia-cricoteka-krakow-2015-08-31-576x765.jpg\" alt=\"Tadeusz Kantor, rysunek z serii \u201eCh\u0142opcy\u201d, 1982 (\u017ar\u00f3d\u0142o: materia\u0142y prasowe)\" width=\"576\" height=\"765\" \/><\/a><figcaption id=\"caption-attachment-57952\" class=\"wp-caption-text\">Tadeusz Kantor, rysunek z serii \u201eCh\u0142opcy\u201d, 1982 (\u017ar\u00f3d\u0142o: materia\u0142y prasowe)<\/figcaption><\/figure>\n<p>Rysunki dot\u0105d nie by\u0142y eksponowane w ca\u0142o\u015bci w przestrzeni Galerii\u2013Pracowni. Cykl wystaw zak\u0142ada jak najpe\u0142niejsze zaprezentowanie w kilku cz\u0119\u015bciach <em>Kolekcji A<\/em> oraz <em>Aneksu Kolekcji A<\/em>, b\u0119d\u0105cych depozytami w Muzeum Narodowym w Krakowie.<\/p>\n<p>Prezentowane na wystawie Tadeusza Kantora w Cricotece obiekty-rze\u017aby pozbawione b\u0119d\u0105 obecno\u015bci aktora, postaci ludzkiej, z kt\u00f3r\u0105 dope\u0142nia\u0142y si\u0119 w Teatrze Cricot 2. Ekspozycja rysunk\u00f3w b\u0119dzie swoistym uzupe\u0142nieniem kolejnych ods\u0142on wystawy Tadeusza Kantora w siedzibie Cricoteki przy ul. Nadwi\u015bla\u0144skiej i dope\u0142ni zerwan\u0105 relacj\u0119 mi\u0119dzy rze\u017ab\u0105 i cz\u0142owiekiem, obiektem i aktorem. W ten spos\u00f3b widz rzucony b\u0119dzie w przestrze\u0144 mi\u0119dzy ulicami Nadwi\u015bla\u0144sk\u0105 i Sienn\u0105, w widzu dokona si\u0119 scalenie tej konstrukcji. Pierwsza wystawa zatytu\u0142owana <em>Ma\u0142e kolekcje<\/em>, pokazywa\u0142a integralne serie rysunkowe artysty. Druga ods\u0142ona wystawy <em>Epoka ch\u0142opca<\/em> odnosi si\u0119 do idei dzieci\u0144stwa i wspomnienia. Na wystawie <em>Konstrukcja i kondycja<\/em>\u00a0b\u0119dzie mo\u017cna zobaczy\u0107 rysunki zwi\u0105zane z przenikaniem si\u0119 sfery materialnej i niematerialnej, z pulsowaniem napi\u0119\u0107, z cielesno\u015bci\u0105, przestrzeni\u0105 poza oknem.<\/p>\n<figure id=\"attachment_57953\" aria-describedby=\"caption-attachment-57953\" style=\"width: 565px\" class=\"wp-caption alignnone\"><a href=\"https:\/\/ownetic.com\/wydarzenia\/2015\/08\/tadeusz-kantor-epoka-chlopca-rysunki-dla-a-galeria-pracownia-kantora-cricoteka-krakow\/olympus-digital-camera-103\/\" rel=\"attachment wp-att-57953\"><img loading=\"lazy\" class=\"size-medium wp-image-57953\" src=\"https:\/\/ownetic.com\/wydarzenia\/wp-content\/uploads\/2015\/08\/tadeusz-kantor-epoka-chlopca-rysunki-dla-a-i-tylko-ten-marsz-projekt-do-spektaklu-niech-sczezn\u0105-artysci-1984-galeria-pracownia-cricoteka-krakow-2015-08-31-565x800.jpg\" alt=\"Tadeusz Kantor, \u201e...i tylko ten marsz&quot;, projekt do spektaklu \u201eNiech sczezn\u0105 arty\u015bci\u201d, 1984 (\u017ar\u00f3d\u0142o: materia\u0142y prasowe)\" width=\"565\" height=\"800\" \/><\/a><figcaption id=\"caption-attachment-57953\" class=\"wp-caption-text\">Tadeusz Kantor, \u201e...i tylko ten marsz&quot;, projekt do spektaklu \u201eNiech sczezn\u0105 arty\u015bci\u201d, 1984 (\u017ar\u00f3d\u0142o: materia\u0142y prasowe)<\/figcaption><\/figure>\n<p>Wyb\u00f3r prac prezentowanych na wystawie <em>Epoka ch\u0142opca<\/em> opiera si\u0119 na poj\u0119ciu dzieci\u0144stwa i wspomnienia. Wystawa przedstawia szeroki kontekst dzieci\u0144stwa, kt\u00f3ry jest szczeg\u00f3lnie mocno obecny w tw\u00f3rczo\u015bci Tadeusza Kantora. Nie chodzi jednak tylko o najwcze\u015bniejsze lata artysty, ale tak\u017ce o dzieci\u0144stwo jemu wsp\u00f3\u0142czesnych, np. tragiczne losy wietnamskich ch\u0142opc\u00f3w-\u017co\u0142nierzy. Poprzez ich portrety Kantor szkicuje obraz ich zagro\u017conego dzieci\u0144stwa uwieczniaj\u0105c je ju\u017c na zawsze. Artysta dotyka te\u017c problemu dzieci\u0144stwa wymykaj\u0105cego si\u0119 rygorom czasu. Prezentowane na wystawie figury ch\u0142opc\u00f3w s\u0105 wi\u0119c nie tylko odwo\u0142aniem do wspomnie\u0144 artysty o jego dzieci\u0144stwie i o nim samym, ale tak\u017ce m\u00f3wi\u0105 o kondycji ludzkiej, m.in. w serii ch\u0142opc\u00f3w \u201epowi\u0119kszonych o przedmiot\u201d, gdzie cia\u0142a po\u0107wiartowane s\u0105 przez przedmioty, z kt\u00f3rymi tworz\u0105 jeden organizm, czy w rysunkach prezentuj\u0105cych ch\u0142opc\u00f3w jako w\u0119drowc\u00f3w, na granicy mi\u0119dzy dzieci\u0144stwem a wieczn\u0105 tu\u0142aczk\u0105.<\/p>\n<figure id=\"attachment_57954\" aria-describedby=\"caption-attachment-57954\" style=\"width: 551px\" class=\"wp-caption alignnone\"><a href=\"https:\/\/ownetic.com\/wydarzenia\/2015\/08\/tadeusz-kantor-epoka-chlopca-rysunki-dla-a-galeria-pracownia-kantora-cricoteka-krakow\/tadeusz-kantor-epoka-chlopca-rysunki-dla-a-rysunek-z-serii-wojna-wietnamska-lata-60-xx-wieku-galeria-pracownia-cricoteka-krakow-2015-08-31\/\" rel=\"attachment wp-att-57954\"><img loading=\"lazy\" class=\"size-medium wp-image-57954\" src=\"https:\/\/ownetic.com\/wydarzenia\/wp-content\/uploads\/2015\/08\/tadeusz-kantor-epoka-chlopca-rysunki-dla-a-rysunek-z-serii-wojna-wietnamska-lata-60-XX-wieku-galeria-pracownia-cricoteka-krakow-2015-08-31-551x800.jpg\" alt=\"Tadeusz Kantor, rysunek z serii \u201eWojna Wietnamska\u201d (\u017ar\u00f3d\u0142o: materia\u0142y prasowe)\" width=\"551\" height=\"800\" \/><\/a><figcaption id=\"caption-attachment-57954\" class=\"wp-caption-text\">Tadeusz Kantor, rysunek z serii \u201eWojna Wietnamska\u201d (\u017ar\u00f3d\u0142o: materia\u0142y prasowe)<\/figcaption><\/figure>\n<p>Opr\u00f3cz nich na wystawie pojawi\u0105 si\u0119 wybrane rysunki artysty odnosz\u0105ce si\u0119 bezpo\u015brednio do obiekt\u00f3w prezentowanych na <em>Drugiej Ods\u0142onie Wystawy<\/em> Tadeusza Kantora przy ulicy Nadwi\u015bla\u0144skiej, kt\u00f3re oscyluj\u0105 wok\u00f3\u0142 dzieci\u0144stwa czy niemo\u017cliwego powrotu do \u201eklasy szkolnej\u201d.<\/p>\n<p><strong>Tadeusz Kantor<\/strong><br \/>\n<em><strong>Epoka ch\u0142opca. Rysunki dla A.<\/strong><\/em><br \/>\nOd 4 wrze\u015bnia 2015 roku do 31 stycznia 2016 roku<br \/>\nWernisa\u017c: 4 wrze\u015bnia 2015 roku, godz. 18.00<br \/>\nKuratorzy: Ma\u0142gorzata Paluch-Cybulska, Bogdan Renczy\u0144ski<br \/>\nGaleria\u2013Pracownia Tadeusza Kantora na ul. Siennej<br \/>\nO\u015brodek Dokumentacji Sztuki Tadeusza Kantora Cricoteka<br \/>\nKrak\u00f3w<\/p>\n","protected":false},"excerpt":{"rendered":"<p>Wyb\u00f3r prac prezentowanych na wystawie <em>Epoka ch\u0142opca<\/em> opiera si\u0119 na poj\u0119ciu dzieci\u0144stwa i wspomnienia. Wystawa krakowieskiej Cricoteki przedstawia szeroki kontekst dzieci\u0144stwa, kt\u00f3ry jest szczeg\u00f3lnie mocno obecny w tw\u00f3rczo\u015bci Tadeusza Kantora. Nie chodzi jednak tylko o najwcze\u015bniejsze lata artysty, ale tak\u017ce o dzieci\u0144stwo jemu wsp\u00f3\u0142czesnych, np. tragiczne losy wietnamskich ch\u0142opc\u00f3w, \u017co\u0142nierzy. Poprzez ich portrety Kantor szkicuje obraz ich zagro\u017conego dzieci\u0144stwa uwieczniaj\u0105c je ju\u017c na zawsze. Artysta dotyka te\u017c problemu dzieci\u0144stwa wymykaj\u0105cego si\u0119 rygorom czasu.<\/p>\n","protected":false},"author":99,"featured_media":57952,"comment_status":"open","ping_status":"closed","sticky":false,"template":"","format":"standard","meta":[],"categories":[5],"tags":[10499,35,9152,1252],"powerkit_post_featured":[],"yoast_head":"<!-- This site is optimized with the Yoast SEO plugin v18.7 - https:\/\/yoast.com\/wordpress\/plugins\/seo\/ -->\n<title>Epoka ch\u0142opca, czyli powidoki dzieci\u0144stwa Tadeusza Kantora<\/title>\n<meta name=\"description\" content=\"Epoka ch\u0142opca. Rysunki dla A. to wystawa rysunk\u00f3w Tadeusza Kantora, kt\u00f3rej wernisa\u017c odb\u0119dzie si\u0119 4 wrze\u015bnia o godz. 18.00 w Galerii-Pracowni\" \/>\n<meta name=\"robots\" content=\"index, follow, max-snippet:-1, max-image-preview:large, max-video-preview:-1\" \/>\n<link rel=\"canonical\" href=\"https:\/\/ownetic.com\/wydarzenia\/2015\/08\/tadeusz-kantor-epoka-chlopca-rysunki-dla-a-galeria-pracownia-kantora-cricoteka-krakow\/\" \/>\n<meta name=\"twitter:card\" content=\"summary_large_image\" \/>\n<meta name=\"twitter:title\" content=\"Epoka ch\u0142opca, czyli powidoki dzieci\u0144stwa Tadeusza Kantora\" \/>\n<meta name=\"twitter:description\" content=\"Epoka ch\u0142opca. Rysunki dla A. to wystawa rysunk\u00f3w Tadeusza Kantora, kt\u00f3rej wernisa\u017c odb\u0119dzie si\u0119 4 wrze\u015bnia o godz. 18.00 w Galerii-Pracowni\" \/>\n<meta name=\"twitter:image\" content=\"https:\/\/ownetic.com\/wydarzenia\/wp-content\/uploads\/2015\/08\/tadeusz-kantor-epoka-chlopca-rysunki-dla-a-rysunek-z-serii-chlopcy1982-galeria-pracownia-cricoteka-krakow-2015-08-31.jpg\" \/>\n<meta name=\"twitter:label1\" content=\"Napisane przez\" \/>\n\t<meta name=\"twitter:data1\" content=\"magdalena-olejnik\" \/>\n\t<meta name=\"twitter:label2\" content=\"Szacowany czas czytania\" \/>\n\t<meta name=\"twitter:data2\" content=\"3 minuty\" \/>\n<script type=\"application\/ld+json\" class=\"yoast-schema-graph\">{\"@context\":\"https:\/\/schema.org\",\"@graph\":[{\"@type\":\"WebSite\",\"@id\":\"https:\/\/ownetic.com\/wydarzenia\/#website\",\"url\":\"https:\/\/ownetic.com\/wydarzenia\/\",\"name\":\"Wydarzenia O.pl\",\"description\":\"Przestrze\u0144 prezentacji najwa\u017cniejszych wydarze\u0144 z takich dziedzin, jak: sztuka, design, fotografia, film, muzyka, teatr, literatura, historia, taniec, architektura\",\"potentialAction\":[{\"@type\":\"SearchAction\",\"target\":{\"@type\":\"EntryPoint\",\"urlTemplate\":\"https:\/\/ownetic.com\/wydarzenia\/?s={search_term_string}\"},\"query-input\":\"required name=search_term_string\"}],\"inLanguage\":\"pl-PL\"},{\"@type\":\"ImageObject\",\"inLanguage\":\"pl-PL\",\"@id\":\"https:\/\/ownetic.com\/wydarzenia\/2015\/08\/tadeusz-kantor-epoka-chlopca-rysunki-dla-a-galeria-pracownia-kantora-cricoteka-krakow\/#primaryimage\",\"url\":\"https:\/\/ownetic.com\/wydarzenia\/wp-content\/uploads\/2015\/08\/tadeusz-kantor-epoka-chlopca-rysunki-dla-a-rysunek-z-serii-chlopcy1982-galeria-pracownia-cricoteka-krakow-2015-08-31.jpg\",\"contentUrl\":\"https:\/\/ownetic.com\/wydarzenia\/wp-content\/uploads\/2015\/08\/tadeusz-kantor-epoka-chlopca-rysunki-dla-a-rysunek-z-serii-chlopcy1982-galeria-pracownia-cricoteka-krakow-2015-08-31.jpg\",\"caption\":\"Tadeusz Kantor, rysunek z serii \u201eCh\u0142opcy\u201d, 1982 (\u017ar\u00f3d\u0142o: materia\u0142y prasowe)\"},{\"@type\":\"WebPage\",\"@id\":\"https:\/\/ownetic.com\/wydarzenia\/2015\/08\/tadeusz-kantor-epoka-chlopca-rysunki-dla-a-galeria-pracownia-kantora-cricoteka-krakow\/#webpage\",\"url\":\"https:\/\/ownetic.com\/wydarzenia\/2015\/08\/tadeusz-kantor-epoka-chlopca-rysunki-dla-a-galeria-pracownia-kantora-cricoteka-krakow\/\",\"name\":\"Epoka ch\u0142opca, czyli powidoki dzieci\u0144stwa Tadeusza Kantora\",\"isPartOf\":{\"@id\":\"https:\/\/ownetic.com\/wydarzenia\/#website\"},\"primaryImageOfPage\":{\"@id\":\"https:\/\/ownetic.com\/wydarzenia\/2015\/08\/tadeusz-kantor-epoka-chlopca-rysunki-dla-a-galeria-pracownia-kantora-cricoteka-krakow\/#primaryimage\"},\"datePublished\":\"2015-08-31T17:00:27+00:00\",\"dateModified\":\"2016-02-18T13:19:55+00:00\",\"author\":{\"@id\":\"https:\/\/ownetic.com\/wydarzenia\/#\/schema\/person\/8d3715167f65587767a33c665533cdb3\"},\"description\":\"Epoka ch\u0142opca. Rysunki dla A. to wystawa rysunk\u00f3w Tadeusza Kantora, kt\u00f3rej wernisa\u017c odb\u0119dzie si\u0119 4 wrze\u015bnia o godz. 18.00 w Galerii-Pracowni\",\"breadcrumb\":{\"@id\":\"https:\/\/ownetic.com\/wydarzenia\/2015\/08\/tadeusz-kantor-epoka-chlopca-rysunki-dla-a-galeria-pracownia-kantora-cricoteka-krakow\/#breadcrumb\"},\"inLanguage\":\"pl-PL\",\"potentialAction\":[{\"@type\":\"ReadAction\",\"target\":[\"https:\/\/ownetic.com\/wydarzenia\/2015\/08\/tadeusz-kantor-epoka-chlopca-rysunki-dla-a-galeria-pracownia-kantora-cricoteka-krakow\/\"]}]},{\"@type\":\"BreadcrumbList\",\"@id\":\"https:\/\/ownetic.com\/wydarzenia\/2015\/08\/tadeusz-kantor-epoka-chlopca-rysunki-dla-a-galeria-pracownia-kantora-cricoteka-krakow\/#breadcrumb\",\"itemListElement\":[{\"@type\":\"ListItem\",\"position\":1,\"name\":\"Strona g\u0142\u00f3wna\",\"item\":\"https:\/\/ownetic.com\/wydarzenia\/\"},{\"@type\":\"ListItem\",\"position\":2,\"name\":\"Tadeusz Kantor. Epoka ch\u0142opca. Rysunki dla A.\"}]},{\"@type\":\"Person\",\"@id\":\"https:\/\/ownetic.com\/wydarzenia\/#\/schema\/person\/8d3715167f65587767a33c665533cdb3\",\"name\":\"magdalena-olejnik\",\"url\":\"https:\/\/ownetic.com\/wydarzenia\/author\/magdalena-olejnik\/\"}]}<\/script>\n<!-- \/ Yoast SEO plugin. -->","yoast_head_json":{"title":"Epoka ch\u0142opca, czyli powidoki dzieci\u0144stwa Tadeusza Kantora","description":"Epoka ch\u0142opca. Rysunki dla A. to wystawa rysunk\u00f3w Tadeusza Kantora, kt\u00f3rej wernisa\u017c odb\u0119dzie si\u0119 4 wrze\u015bnia o godz. 18.00 w Galerii-Pracowni","robots":{"index":"index","follow":"follow","max-snippet":"max-snippet:-1","max-image-preview":"max-image-preview:large","max-video-preview":"max-video-preview:-1"},"canonical":"https:\/\/ownetic.com\/wydarzenia\/2015\/08\/tadeusz-kantor-epoka-chlopca-rysunki-dla-a-galeria-pracownia-kantora-cricoteka-krakow\/","twitter_card":"summary_large_image","twitter_title":"Epoka ch\u0142opca, czyli powidoki dzieci\u0144stwa Tadeusza Kantora","twitter_description":"Epoka ch\u0142opca. Rysunki dla A. to wystawa rysunk\u00f3w Tadeusza Kantora, kt\u00f3rej wernisa\u017c odb\u0119dzie si\u0119 4 wrze\u015bnia o godz. 18.00 w Galerii-Pracowni","twitter_image":"https:\/\/ownetic.com\/wydarzenia\/wp-content\/uploads\/2015\/08\/tadeusz-kantor-epoka-chlopca-rysunki-dla-a-rysunek-z-serii-chlopcy1982-galeria-pracownia-cricoteka-krakow-2015-08-31.jpg","twitter_misc":{"Napisane przez":"magdalena-olejnik","Szacowany czas czytania":"3 minuty"},"schema":{"@context":"https:\/\/schema.org","@graph":[{"@type":"WebSite","@id":"https:\/\/ownetic.com\/wydarzenia\/#website","url":"https:\/\/ownetic.com\/wydarzenia\/","name":"Wydarzenia O.pl","description":"Przestrze\u0144 prezentacji najwa\u017cniejszych wydarze\u0144 z takich dziedzin, jak: sztuka, design, fotografia, film, muzyka, teatr, literatura, historia, taniec, architektura","potentialAction":[{"@type":"SearchAction","target":{"@type":"EntryPoint","urlTemplate":"https:\/\/ownetic.com\/wydarzenia\/?s={search_term_string}"},"query-input":"required name=search_term_string"}],"inLanguage":"pl-PL"},{"@type":"ImageObject","inLanguage":"pl-PL","@id":"https:\/\/ownetic.com\/wydarzenia\/2015\/08\/tadeusz-kantor-epoka-chlopca-rysunki-dla-a-galeria-pracownia-kantora-cricoteka-krakow\/#primaryimage","url":"https:\/\/ownetic.com\/wydarzenia\/wp-content\/uploads\/2015\/08\/tadeusz-kantor-epoka-chlopca-rysunki-dla-a-rysunek-z-serii-chlopcy1982-galeria-pracownia-cricoteka-krakow-2015-08-31.jpg","contentUrl":"https:\/\/ownetic.com\/wydarzenia\/wp-content\/uploads\/2015\/08\/tadeusz-kantor-epoka-chlopca-rysunki-dla-a-rysunek-z-serii-chlopcy1982-galeria-pracownia-cricoteka-krakow-2015-08-31.jpg","caption":"Tadeusz Kantor, rysunek z serii \u201eCh\u0142opcy\u201d, 1982 (\u017ar\u00f3d\u0142o: materia\u0142y prasowe)"},{"@type":"WebPage","@id":"https:\/\/ownetic.com\/wydarzenia\/2015\/08\/tadeusz-kantor-epoka-chlopca-rysunki-dla-a-galeria-pracownia-kantora-cricoteka-krakow\/#webpage","url":"https:\/\/ownetic.com\/wydarzenia\/2015\/08\/tadeusz-kantor-epoka-chlopca-rysunki-dla-a-galeria-pracownia-kantora-cricoteka-krakow\/","name":"Epoka ch\u0142opca, czyli powidoki dzieci\u0144stwa Tadeusza Kantora","isPartOf":{"@id":"https:\/\/ownetic.com\/wydarzenia\/#website"},"primaryImageOfPage":{"@id":"https:\/\/ownetic.com\/wydarzenia\/2015\/08\/tadeusz-kantor-epoka-chlopca-rysunki-dla-a-galeria-pracownia-kantora-cricoteka-krakow\/#primaryimage"},"datePublished":"2015-08-31T17:00:27+00:00","dateModified":"2016-02-18T13:19:55+00:00","author":{"@id":"https:\/\/ownetic.com\/wydarzenia\/#\/schema\/person\/8d3715167f65587767a33c665533cdb3"},"description":"Epoka ch\u0142opca. Rysunki dla A. to wystawa rysunk\u00f3w Tadeusza Kantora, kt\u00f3rej wernisa\u017c odb\u0119dzie si\u0119 4 wrze\u015bnia o godz. 18.00 w Galerii-Pracowni","breadcrumb":{"@id":"https:\/\/ownetic.com\/wydarzenia\/2015\/08\/tadeusz-kantor-epoka-chlopca-rysunki-dla-a-galeria-pracownia-kantora-cricoteka-krakow\/#breadcrumb"},"inLanguage":"pl-PL","potentialAction":[{"@type":"ReadAction","target":["https:\/\/ownetic.com\/wydarzenia\/2015\/08\/tadeusz-kantor-epoka-chlopca-rysunki-dla-a-galeria-pracownia-kantora-cricoteka-krakow\/"]}]},{"@type":"BreadcrumbList","@id":"https:\/\/ownetic.com\/wydarzenia\/2015\/08\/tadeusz-kantor-epoka-chlopca-rysunki-dla-a-galeria-pracownia-kantora-cricoteka-krakow\/#breadcrumb","itemListElement":[{"@type":"ListItem","position":1,"name":"Strona g\u0142\u00f3wna","item":"https:\/\/ownetic.com\/wydarzenia\/"},{"@type":"ListItem","position":2,"name":"Tadeusz Kantor. Epoka ch\u0142opca. Rysunki dla A."}]},{"@type":"Person","@id":"https:\/\/ownetic.com\/wydarzenia\/#\/schema\/person\/8d3715167f65587767a33c665533cdb3","name":"magdalena-olejnik","url":"https:\/\/ownetic.com\/wydarzenia\/author\/magdalena-olejnik\/"}]}},"_links":{"self":[{"href":"https:\/\/ownetic.com\/wydarzenia\/wp-json\/wp\/v2\/posts\/57951"}],"collection":[{"href":"https:\/\/ownetic.com\/wydarzenia\/wp-json\/wp\/v2\/posts"}],"about":[{"href":"https:\/\/ownetic.com\/wydarzenia\/wp-json\/wp\/v2\/types\/post"}],"author":[{"embeddable":true,"href":"https:\/\/ownetic.com\/wydarzenia\/wp-json\/wp\/v2\/users\/99"}],"replies":[{"embeddable":true,"href":"https:\/\/ownetic.com\/wydarzenia\/wp-json\/wp\/v2\/comments?post=57951"}],"version-history":[{"count":0,"href":"https:\/\/ownetic.com\/wydarzenia\/wp-json\/wp\/v2\/posts\/57951\/revisions"}],"wp:featuredmedia":[{"embeddable":true,"href":"https:\/\/ownetic.com\/wydarzenia\/wp-json\/wp\/v2\/media\/57952"}],"wp:attachment":[{"href":"https:\/\/ownetic.com\/wydarzenia\/wp-json\/wp\/v2\/media?parent=57951"}],"wp:term":[{"taxonomy":"category","embeddable":true,"href":"https:\/\/ownetic.com\/wydarzenia\/wp-json\/wp\/v2\/categories?post=57951"},{"taxonomy":"post_tag","embeddable":true,"href":"https:\/\/ownetic.com\/wydarzenia\/wp-json\/wp\/v2\/tags?post=57951"},{"taxonomy":"powerkit_post_featured","embeddable":true,"href":"https:\/\/ownetic.com\/wydarzenia\/wp-json\/wp\/v2\/powerkit_post_featured?post=57951"}],"curies":[{"name":"wp","href":"https:\/\/api.w.org\/{rel}","templated":true}]}}