{"id":60504,"date":"2015-12-07T00:00:44","date_gmt":"2015-12-06T23:00:44","guid":{"rendered":"https:\/\/ownetic.com\/wydarzenia\/?p=60504"},"modified":"2016-02-18T14:23:24","modified_gmt":"2016-02-18T13:23:24","slug":"jaroccy-malarstwo-muzeum-lowiectwa-i-jezdziectwa-warszawa","status":"publish","type":"post","link":"https:\/\/ownetic.com\/wydarzenia\/2015\/12\/jaroccy-malarstwo-muzeum-lowiectwa-i-jezdziectwa-warszawa\/","title":{"rendered":"Jaroccy \u2013 Malarstwo"},"content":{"rendered":"<p>Wystawa zosta\u0142a podzielona na dwie cz\u0119\u015bci: aktualnie odbywaj\u0105c\u0105 si\u0119 wystaw\u0119\u00a0<em>Jaroccy \u2013 Malarstwo\u00a0<\/em>oraz wystaw\u0119 <em>Jaroccy \u2013Rze\u017aba<\/em>, kt\u00f3ra rozpocznie si\u0119 w lutym. Decyduj\u0105ce znaczenie odegra\u0142a tu du\u017ca liczba prac artyst\u00f3w, kt\u00f3re zwyczajnie nale\u017ca\u0142o podzieli\u0107 na dwie podstawowe dziedziny sztuk pi\u0119knych. Obydwie prezentacje s\u0105 ze sob\u0105 \u015bci\u015ble powi\u0105zane tematyk\u0105 animalistyczn\u0105, kt\u00f3ra doskonale wpisuje si\u0119 w dzia\u0142alno\u015b\u0107 Muzeum \u0141owiectwa i Je\u017adziectwa. Jednak przede wszystkim wsp\u00f3lnym mianownikiem s\u0105 tu autorzy. Ci stanowi\u0105 bowiem rodzin\u0119, kt\u00f3ra od lat przepe\u0142niona jest artystycznymi pasjami.<\/p>\n<figure id=\"attachment_60506\" aria-describedby=\"caption-attachment-60506\" style=\"width: 576px\" class=\"wp-caption alignnone\"><a href=\"https:\/\/ownetic.com\/wydarzenia\/2015\/12\/jaroccy-malarstwo-muzeum-lowiectwa-i-jezdziectwa-warszawa\/jaroccy-malarstwo-jedrzej-jarocki-nosorozec-muzeum-lowiectwa-i-jezdziectwa-watszawa-2015-12-07\/\" rel=\"attachment wp-att-60506\"><img loading=\"lazy\" class=\"size-medium wp-image-60506\" title=\"J\u0119drzej Jarocki, \u201eNosoro\u017cec\u201d (\u017ar\u00f3d\u0142o: materia\u0142y prasowe organizatora)\" src=\"https:\/\/ownetic.com\/wydarzenia\/wp-content\/uploads\/2015\/12\/jaroccy-malarstwo-jedrzej-jarocki-nosorozec-muzeum-lowiectwa-i-jezdziectwa-watszawa-2015-12-07-576x576.jpg\" alt=\"J\u0119drzej Jarocki, \u201eNosoro\u017cec\u201d (\u017ar\u00f3d\u0142o: materia\u0142y prasowe organizatora)\" width=\"576\" height=\"576\" \/><\/a><figcaption id=\"caption-attachment-60506\" class=\"wp-caption-text\">J\u0119drzej Jarocki, \u201eNosoro\u017cec\u201d (\u017ar\u00f3d\u0142o: materia\u0142y prasowe organizatora)<\/figcaption><\/figure>\n<p>Bracia Wojciech, Krzysztof oraz Zbigniew to autorzy licznych prac w dziedzinie rze\u017aby oraz malarstwa sztalugowego. Dzi\u015b ju\u017c maj\u0105 sw\u00f3j w\u0142asny, wypracowany przez lata styl, kt\u00f3ry doskonale odzwierciedla ich bliski kontakt z natur\u0105. Pochodz\u0105 z niewielkiej miejscowo\u015bci Bokiny na Podlasiu. Tam znajduje si\u0119 ich dom rodzinny, gdzie wsp\u00f3lnie zasiadaj\u0105 przy jednym stole pe\u0142nym wspomnie\u0144. Ju\u017c jako mali ch\u0142opcy zaznajamiali si\u0119 z warsztatem stolarskim za spraw\u0105 ojca Ryszarda, kt\u00f3ry pe\u0142ni\u0142 rol\u0119 z\u0142otej r\u0105czki. By\u0142 zdunem, stolarzem, murarzem. Bracia wielokrotnie towarzyszyli ojcu podczas prac lub zwyczajnie bacznie obserwowali jego dokonania. Wcze\u015bnie zatem poznali drewno jako materia\u0142 bardzo przyjemny do obr\u00f3bki. I tu pojawi\u0142y si\u0119 pierwsze pomys\u0142y, pierwsze prace. Zw\u0142aszcza Wojciech, najstarszy z braci, przejawia\u0142 talent plastyczny. W\u00f3wczas wielka ch\u0119\u0107 m\u0142odszego rodze\u0144stwa, aby jak najlepiej na\u015bladowa\u0107 brata, przyczyni\u0142a si\u0119 do rozwoju pasji. Powstawa\u0142y drobne wytwory z drewna ale tak\u017ce rysunki, czasem jako projekty lub szkice. Obie formy sprawia\u0142y ch\u0142opcom niezwyk\u0142\u0105 rado\u015b\u0107 i w konsekwencji ka\u017cda wolna chwila sp\u0119dzana by\u0142a, czego jeszcze w\u00f3wczas tak nie pojmowali \u2013 na tworzeniu.<\/p>\n<div id='gallery-1' class='gallery galleryid-60504 gallery-columns-6 gallery-size-thumbnail'><figure class='gallery-item'>\n\t\t\t<div class='gallery-icon '>\n\t\t\t\t<a href='https:\/\/ownetic.com\/wydarzenia\/2015\/12\/jaroccy-malarstwo-muzeum-lowiectwa-i-jezdziectwa-warszawa\/jaroccy-malarstwo-muzeum-lowiectwa-i-jezdziectwa-watszawa-2015-12-07\/'><img width=\"1\" height=\"1\" src=\"https:\/\/ownetic.com\/wydarzenia\/wp-content\/uploads\/2015\/12\/jaroccy-malarstwo-muzeum-lowiectwa-i-jezdziectwa-watszawa-2015-12-07.jpg\" class=\"attachment-thumbnail size-thumbnail\" alt=\"Wystawa, \u201eJaroccy \u2013 malarstwo\u201d, fotografia (\u017ar\u00f3d\u0142o: materia\u0142y prasowe organizatora)\" loading=\"lazy\" aria-describedby=\"gallery-1-60514\" \/><\/a>\n\t\t\t<\/div>\n\t\t\t\t<figcaption class='wp-caption-text gallery-caption' id='gallery-1-60514'>\n\t\t\t\tWystawa, \u201eJaroccy \u2013 malarstwo\u201d, fotografia (\u017ar\u00f3d\u0142o: materia\u0142y prasowe organizatora)\n\t\t\t\t<\/figcaption><\/figure><figure class='gallery-item'>\n\t\t\t<div class='gallery-icon '>\n\t\t\t\t<a href='https:\/\/ownetic.com\/wydarzenia\/2015\/12\/jaroccy-malarstwo-muzeum-lowiectwa-i-jezdziectwa-warszawa\/jaroccy-malarstwo-muzeum-lowiectwa-i-jezdziectwa-watszawa-2015-12-07-005\/'><img width=\"1\" height=\"1\" src=\"https:\/\/ownetic.com\/wydarzenia\/wp-content\/uploads\/2015\/12\/jaroccy-malarstwo-muzeum-lowiectwa-i-jezdziectwa-watszawa-2015-12-07-005.jpg\" class=\"attachment-thumbnail size-thumbnail\" alt=\"Wystawa, \u201eJaroccy \u2013 malarstwo\u201d, fotografia (\u017ar\u00f3d\u0142o: materia\u0142y prasowe organizatora)\" loading=\"lazy\" aria-describedby=\"gallery-1-60513\" \/><\/a>\n\t\t\t<\/div>\n\t\t\t\t<figcaption class='wp-caption-text gallery-caption' id='gallery-1-60513'>\n\t\t\t\tWystawa, \u201eJaroccy \u2013 malarstwo\u201d, fotografia (\u017ar\u00f3d\u0142o: materia\u0142y prasowe organizatora)\n\t\t\t\t<\/figcaption><\/figure><figure class='gallery-item'>\n\t\t\t<div class='gallery-icon '>\n\t\t\t\t<a href='https:\/\/ownetic.com\/wydarzenia\/2015\/12\/jaroccy-malarstwo-muzeum-lowiectwa-i-jezdziectwa-warszawa\/jaroccy-malarstwo-muzeum-lowiectwa-i-jezdziectwa-watszawa-2015-12-07-004\/'><img width=\"1\" height=\"1\" src=\"https:\/\/ownetic.com\/wydarzenia\/wp-content\/uploads\/2015\/12\/jaroccy-malarstwo-muzeum-lowiectwa-i-jezdziectwa-watszawa-2015-12-07-004.jpg\" class=\"attachment-thumbnail size-thumbnail\" alt=\"Wystawa, \u201eJaroccy \u2013 malarstwo\u201d, fotografia (\u017ar\u00f3d\u0142o: materia\u0142y prasowe organizatora)\" loading=\"lazy\" aria-describedby=\"gallery-1-60512\" \/><\/a>\n\t\t\t<\/div>\n\t\t\t\t<figcaption class='wp-caption-text gallery-caption' id='gallery-1-60512'>\n\t\t\t\tWystawa, \u201eJaroccy \u2013 malarstwo\u201d, fotografia (\u017ar\u00f3d\u0142o: materia\u0142y prasowe organizatora)\n\t\t\t\t<\/figcaption><\/figure><figure class='gallery-item'>\n\t\t\t<div class='gallery-icon '>\n\t\t\t\t<a href='https:\/\/ownetic.com\/wydarzenia\/2015\/12\/jaroccy-malarstwo-muzeum-lowiectwa-i-jezdziectwa-warszawa\/jaroccy-malarstwo-muzeum-lowiectwa-i-jezdziectwa-watszawa-2015-12-07-003\/'><img width=\"1\" height=\"1\" src=\"https:\/\/ownetic.com\/wydarzenia\/wp-content\/uploads\/2015\/12\/jaroccy-malarstwo-muzeum-lowiectwa-i-jezdziectwa-watszawa-2015-12-07-003.jpg\" class=\"attachment-thumbnail size-thumbnail\" alt=\"Wystawa, \u201eJaroccy \u2013 malarstwo\u201d, fotografia (\u017ar\u00f3d\u0142o: materia\u0142y prasowe organizatora)\" loading=\"lazy\" aria-describedby=\"gallery-1-60511\" \/><\/a>\n\t\t\t<\/div>\n\t\t\t\t<figcaption class='wp-caption-text gallery-caption' id='gallery-1-60511'>\n\t\t\t\tWystawa, \u201eJaroccy \u2013 malarstwo\u201d, fotografia (\u017ar\u00f3d\u0142o: materia\u0142y prasowe organizatora)\n\t\t\t\t<\/figcaption><\/figure><figure class='gallery-item'>\n\t\t\t<div class='gallery-icon '>\n\t\t\t\t<a href='https:\/\/ownetic.com\/wydarzenia\/2015\/12\/jaroccy-malarstwo-muzeum-lowiectwa-i-jezdziectwa-warszawa\/jaroccy-malarstwo-muzeum-lowiectwa-i-jezdziectwa-watszawa-2015-12-07-002\/'><img width=\"1\" height=\"1\" src=\"https:\/\/ownetic.com\/wydarzenia\/wp-content\/uploads\/2015\/12\/jaroccy-malarstwo-muzeum-lowiectwa-i-jezdziectwa-watszawa-2015-12-07-002.jpg\" class=\"attachment-thumbnail size-thumbnail\" alt=\"Wystawa, \u201eJaroccy \u2013 malarstwo\u201d, fotografia (\u017ar\u00f3d\u0142o: materia\u0142y prasowe organizatora)\" loading=\"lazy\" aria-describedby=\"gallery-1-60510\" \/><\/a>\n\t\t\t<\/div>\n\t\t\t\t<figcaption class='wp-caption-text gallery-caption' id='gallery-1-60510'>\n\t\t\t\tWystawa, \u201eJaroccy \u2013 malarstwo\u201d, fotografia (\u017ar\u00f3d\u0142o: materia\u0142y prasowe organizatora)\n\t\t\t\t<\/figcaption><\/figure><figure class='gallery-item'>\n\t\t\t<div class='gallery-icon '>\n\t\t\t\t<a href='https:\/\/ownetic.com\/wydarzenia\/2015\/12\/jaroccy-malarstwo-muzeum-lowiectwa-i-jezdziectwa-warszawa\/jaroccy-malarstwo-muzeum-lowiectwa-i-jezdziectwa-watszawa-2015-12-07-001\/'><img width=\"1\" height=\"1\" src=\"https:\/\/ownetic.com\/wydarzenia\/wp-content\/uploads\/2015\/12\/jaroccy-malarstwo-muzeum-lowiectwa-i-jezdziectwa-watszawa-2015-12-07-001.jpg\" class=\"attachment-thumbnail size-thumbnail\" alt=\"Wystawa, \u201eJaroccy \u2013 malarstwo\u201d, fotografia (\u017ar\u00f3d\u0142o: materia\u0142y prasowe organizatora)\" loading=\"lazy\" aria-describedby=\"gallery-1-60509\" \/><\/a>\n\t\t\t<\/div>\n\t\t\t\t<figcaption class='wp-caption-text gallery-caption' id='gallery-1-60509'>\n\t\t\t\tWystawa, \u201eJaroccy \u2013 malarstwo\u201d, fotografia (\u017ar\u00f3d\u0142o: materia\u0142y prasowe organizatora)\n\t\t\t\t<\/figcaption><\/figure><figure class='gallery-item'>\n\t\t\t<div class='gallery-icon '>\n\t\t\t\t<a href='https:\/\/ownetic.com\/wydarzenia\/2015\/12\/jaroccy-malarstwo-muzeum-lowiectwa-i-jezdziectwa-warszawa\/jaroccy-malarstwo-krzysztof-jarocki-kasztan-muzeum-lowiectwa-i-jezdziectwa-watszawa-2015-12-07\/'><img width=\"1\" height=\"1\" src=\"https:\/\/ownetic.com\/wydarzenia\/wp-content\/uploads\/2015\/12\/jaroccy-malarstwo-krzysztof-jarocki-kasztan-muzeum-lowiectwa-i-jezdziectwa-watszawa-2015-12-07.jpg\" class=\"attachment-thumbnail size-thumbnail\" alt=\"Krzysztof Jarocki, \u201eKasztan\u201d (\u017ar\u00f3d\u0142o: materia\u0142y prasowe organizatora)\" loading=\"lazy\" aria-describedby=\"gallery-1-60508\" \/><\/a>\n\t\t\t<\/div>\n\t\t\t\t<figcaption class='wp-caption-text gallery-caption' id='gallery-1-60508'>\n\t\t\t\tKrzysztof Jarocki, \u201eKasztan\u201d (\u017ar\u00f3d\u0142o: materia\u0142y prasowe organizatora)\n\t\t\t\t<\/figcaption><\/figure><figure class='gallery-item'>\n\t\t\t<div class='gallery-icon '>\n\t\t\t\t<a href='https:\/\/ownetic.com\/wydarzenia\/2015\/12\/jaroccy-malarstwo-muzeum-lowiectwa-i-jezdziectwa-warszawa\/jaroccy-malarstwo-krzysztof-jarocki-gonitwa-muzeum-lowiectwa-i-jezdziectwa-watszawa-2015-12-07\/'><img width=\"1\" height=\"1\" src=\"https:\/\/ownetic.com\/wydarzenia\/wp-content\/uploads\/2015\/12\/jaroccy-malarstwo-krzysztof-jarocki-gonitwa-muzeum-lowiectwa-i-jezdziectwa-watszawa-2015-12-07.jpg\" class=\"attachment-thumbnail size-thumbnail\" alt=\"Krzysztof Jarocki, \u201eGonitwa\u201d (\u017ar\u00f3d\u0142o: materia\u0142y prasowe organizatora)\" loading=\"lazy\" aria-describedby=\"gallery-1-60507\" \/><\/a>\n\t\t\t<\/div>\n\t\t\t\t<figcaption class='wp-caption-text gallery-caption' id='gallery-1-60507'>\n\t\t\t\tKrzysztof Jarocki, \u201eGonitwa\u201d (\u017ar\u00f3d\u0142o: materia\u0142y prasowe organizatora)\n\t\t\t\t<\/figcaption><\/figure><figure class='gallery-item'>\n\t\t\t<div class='gallery-icon '>\n\t\t\t\t<a href='https:\/\/ownetic.com\/wydarzenia\/2015\/12\/jaroccy-malarstwo-muzeum-lowiectwa-i-jezdziectwa-warszawa\/jaroccy-malarstwo-jedrzej-jarocki-nosorozec-muzeum-lowiectwa-i-jezdziectwa-watszawa-2015-12-07\/'><img width=\"1\" height=\"1\" src=\"https:\/\/ownetic.com\/wydarzenia\/wp-content\/uploads\/2015\/12\/jaroccy-malarstwo-jedrzej-jarocki-nosorozec-muzeum-lowiectwa-i-jezdziectwa-watszawa-2015-12-07.jpg\" class=\"attachment-thumbnail size-thumbnail\" alt=\"J\u0119drzej Jarocki, \u201eNosoro\u017cec\u201d (\u017ar\u00f3d\u0142o: materia\u0142y prasowe organizatora)\" loading=\"lazy\" aria-describedby=\"gallery-1-60506\" \/><\/a>\n\t\t\t<\/div>\n\t\t\t\t<figcaption class='wp-caption-text gallery-caption' id='gallery-1-60506'>\n\t\t\t\tJ\u0119drzej Jarocki, \u201eNosoro\u017cec\u201d (\u017ar\u00f3d\u0142o: materia\u0142y prasowe organizatora)\n\t\t\t\t<\/figcaption><\/figure><figure class='gallery-item'>\n\t\t\t<div class='gallery-icon landscape'>\n\t\t\t\t<a href='https:\/\/ownetic.com\/wydarzenia\/2015\/12\/jaroccy-malarstwo-muzeum-lowiectwa-i-jezdziectwa-warszawa\/jaroccy-malarstwo-jedrzej-jarocki-kogut-muzeum-lowiectwa-i-jezdziectwa-watszawa-2015-12-07\/'><img width=\"200\" height=\"200\" src=\"https:\/\/ownetic.com\/wydarzenia\/wp-content\/uploads\/2015\/12\/jaroccy-malarstwo-jedrzej-jarocki-kogut-muzeum-lowiectwa-i-jezdziectwa-watszawa-2015-12-07.jpg\" class=\"attachment-thumbnail size-thumbnail\" alt=\"J\u0119drzej Jarocki, \u201eKogut\u201d (\u017ar\u00f3d\u0142o: materia\u0142y prasowe organizatora)\" loading=\"lazy\" aria-describedby=\"gallery-1-60505\" \/><\/a>\n\t\t\t<\/div>\n\t\t\t\t<figcaption class='wp-caption-text gallery-caption' id='gallery-1-60505'>\n\t\t\t\tJ\u0119drzej Jarocki, \u201eKogut\u201d (\u017ar\u00f3d\u0142o: materia\u0142y prasowe organizatora)\n\t\t\t\t<\/figcaption><\/figure>\n\t\t<\/div>\n\n<p>Zaskakuj\u0105ca by\u0142a ich intuicyjna wiedza z zakresu nauk plastycznych. Umiej\u0119tno\u015b\u0107 budowania bry\u0142y o wywa\u017conych proporcjach, poprawna perspektywa, czy chocia\u017cby znajomo\u015b\u0107 anatomii mia\u0142y \u017ar\u00f3d\u0142a jedynie w obserwacji otaczaj\u0105cej natury. Jaroccy nie mieli bowiem mo\u017cliwo\u015bci do\u015bwiadcza\u0107 \u017cycia tocz\u0105cego si\u0119 w\u015br\u00f3d galerii, muze\u00f3w. Oddaleni od du\u017cych miast, stanowi\u0105cych w \u00f3wczesnych czasach kolebki sztuki, nie bywali na wernisa\u017cach. Nie mogli \u015bledzi\u0107 najwa\u017cniejszych trend\u00f3w w sztuce, nie mogli obserwowa\u0107 jak rozwija si\u0119 w\u00f3wczas konceptualizm. Za to obserwowali \u015bwiat natury, kt\u00f3ry da\u0142 im podstaw\u0119 aby nawet po wielu latach wi\u0105za\u0107 swoj\u0105 tw\u00f3rczo\u015b\u0107 z tematami najbli\u017cszymi sercu.<\/p>\n<figure id=\"attachment_60513\" aria-describedby=\"caption-attachment-60513\" style=\"width: 576px\" class=\"wp-caption alignnone\"><a href=\"https:\/\/ownetic.com\/wydarzenia\/2015\/12\/jaroccy-malarstwo-muzeum-lowiectwa-i-jezdziectwa-warszawa\/jaroccy-malarstwo-muzeum-lowiectwa-i-jezdziectwa-watszawa-2015-12-07-005\/\" rel=\"attachment wp-att-60513\"><img loading=\"lazy\" class=\"size-medium wp-image-60513\" title=\"Wystawa, \u201eJaroccy \u2013 malarstwo\u201d, fotografia (\u017ar\u00f3d\u0142o: materia\u0142y prasowe organizatora)\" src=\"https:\/\/ownetic.com\/wydarzenia\/wp-content\/uploads\/2015\/12\/jaroccy-malarstwo-muzeum-lowiectwa-i-jezdziectwa-watszawa-2015-12-07-005-576x436.jpg\" alt=\"Wystawa, \u201eJaroccy \u2013 malarstwo\u201d, fotografia (\u017ar\u00f3d\u0142o: materia\u0142y prasowe organizatora)\" width=\"576\" height=\"436\" \/><\/a><figcaption id=\"caption-attachment-60513\" class=\"wp-caption-text\">Wystawa, \u201eJaroccy \u2013 malarstwo\u201d, fotografia (\u017ar\u00f3d\u0142o: materia\u0142y prasowe organizatora)<\/figcaption><\/figure>\n<p>Dopiero czas studi\u00f3w umo\u017cliwi\u0142 kontakt ze sztuk\u0105 spoza w\u0142asnego kr\u0119gu. Wojciech a po latach r\u00f3wnie\u017c Zbigniew, zdecydowali kontynuowa\u0107 swoje pasje na wydziale rze\u017aby warszawskiej ASP. Zacz\u0119li ogl\u0105da\u0107, poznawa\u0107, bywa\u0107. Mogli kontemplowa\u0107 formy i techniki nieznane im dotychczas. Mnogo\u015b\u0107 ca\u0142kiem nowych do\u015bwiadcze\u0144 nie zawa\u017cy\u0142a jednak na indywidualnym stylu artyst\u00f3w. Pozostali wierni ulubionym tematom &#8211; animalistycznym. To one bowiem stanowi\u0142y najwi\u0119ksz\u0105 cze\u015b\u0107 ich dotychczasowego \u017cycia i chyba t\u0119 najlepiej poznan\u0105. Wtedy te\u017c ka\u017cdy z braci znalaz\u0142 sw\u00f3j ulubiony materia\u0142. Dla Wojciecha to drewno cho\u0107 cz\u0119sto tworzy r\u00f3wnie\u017c w kamieniu. Zbigniew natomiast doskonale odnalaz\u0142 si\u0119 w technice br\u0105zu. Obydwaj opu\u015bcili Warszaw\u0119 nied\u0142ugo po zako\u0144czeniu studi\u00f3w. Ka\u017cdy, jako\u015b tak naturalnie, powr\u00f3ci\u0142 w rodzinne strony tworzy\u0107 w zaciszu. Dzi\u015b maj\u0105 swoje indywidualne pracownie, gdzie codziennie oddaj\u0105 si\u0119 pasji. Bo to ich \u017cycie w\u0142a\u015bnie.<\/p>\n<figure id=\"attachment_60507\" aria-describedby=\"caption-attachment-60507\" style=\"width: 576px\" class=\"wp-caption alignnone\"><a href=\"https:\/\/ownetic.com\/wydarzenia\/2015\/12\/jaroccy-malarstwo-muzeum-lowiectwa-i-jezdziectwa-warszawa\/jaroccy-malarstwo-krzysztof-jarocki-gonitwa-muzeum-lowiectwa-i-jezdziectwa-watszawa-2015-12-07\/\" rel=\"attachment wp-att-60507\"><img loading=\"lazy\" class=\"size-medium wp-image-60507\" title=\"Krzysztof Jarocki, \u201eGonitwa\u201d (\u017ar\u00f3d\u0142o: materia\u0142y prasowe organizatora)\" src=\"https:\/\/ownetic.com\/wydarzenia\/wp-content\/uploads\/2015\/12\/jaroccy-malarstwo-krzysztof-jarocki-gonitwa-muzeum-lowiectwa-i-jezdziectwa-watszawa-2015-12-07-576x590.jpg\" alt=\"Krzysztof Jarocki, \u201eGonitwa\u201d (\u017ar\u00f3d\u0142o: materia\u0142y prasowe organizatora)\" width=\"576\" height=\"590\" \/><\/a><figcaption id=\"caption-attachment-60507\" class=\"wp-caption-text\">Krzysztof Jarocki, \u201eGonitwa\u201d (\u017ar\u00f3d\u0142o: materia\u0142y prasowe organizatora)<\/figcaption><\/figure>\n<p><!--nextpage-->\u00a0Podobnie Krzysztof, kt\u00f3ry cho\u0107 troch\u0119 na przek\u00f3r wybra\u0142 uczelni\u0119 niezawi\u0105zan\u0105 z nurtem sztuk plastycznych, to i tak pozosta\u0142 mu wierny. Jego tw\u00f3rczo\u015b\u0107 zdominowa\u0142o bowiem malarstwo, kt\u00f3re kszta\u0142towa\u0142o si\u0119 przez wiele lat. Malowa\u0142 ze \u015bwiadomo\u015bci\u0105, \u017ce tak naprawd\u0119 sam musi wytrenowa\u0107 d\u0142o\u0144 czy nauczy\u0107 si\u0119 budowa\u0107 kompozycj\u0119. Konsekwentne poszukiwania oraz zdobywanie warsztatu wida\u0107 obserwuj\u0105c obrazy oraz rysunki Krzysztofa sprzed kilkunastu lat. Zestawiaj\u0105c je z dzisiejszymi pracami mo\u017cna dostrzec w jaki spos\u00f3b kszta\u0142towa\u0142 si\u0119 jego indywidualny styl. Stanowczy kontur z czasem przemieni\u0142 si\u0119 w mi\u0119kko k\u0142adzion\u0105 plam\u0119 barwn\u0105, niekiedy znacz\u0105c dukt p\u0119dzla. Ponadto autor ch\u0119tnie \u0142\u0105czy na podobraziu techniki, m.in. pastel z akrylem. Doskonale podkre\u015bla w ten spos\u00f3b dynamik\u0119 i ruch koni, kt\u00f3re stanowi\u0105 motyw przewodni w jego tw\u00f3rczo\u015bci. S\u0105 konie w zaprz\u0119gu lub w biegu z malowniczo rozwianymi grzywami, konie uj\u0119te podczas gonitwy lub gry w polo. Nasycone akcenty kolorystyczne podkre\u015blaj\u0105 si\u0142\u0119, dynamik\u0119 ale przede wszystkim pi\u0119kno koni, najch\u0119tniej jego ulubionych \u2013 arabskich.<\/p>\n<figure id=\"attachment_60508\" aria-describedby=\"caption-attachment-60508\" style=\"width: 576px\" class=\"wp-caption alignnone\"><a href=\"https:\/\/ownetic.com\/wydarzenia\/2015\/12\/jaroccy-malarstwo-muzeum-lowiectwa-i-jezdziectwa-warszawa\/jaroccy-malarstwo-krzysztof-jarocki-kasztan-muzeum-lowiectwa-i-jezdziectwa-watszawa-2015-12-07\/\" rel=\"attachment wp-att-60508\"><img loading=\"lazy\" class=\"size-medium wp-image-60508\" title=\"Krzysztof Jarocki, \u201eKasztan\u201d (\u017ar\u00f3d\u0142o: materia\u0142y prasowe organizatora)\" src=\"https:\/\/ownetic.com\/wydarzenia\/wp-content\/uploads\/2015\/12\/jaroccy-malarstwo-krzysztof-jarocki-kasztan-muzeum-lowiectwa-i-jezdziectwa-watszawa-2015-12-07-576x576.jpg\" alt=\"Krzysztof Jarocki, \u201eKasztan\u201d (\u017ar\u00f3d\u0142o: materia\u0142y prasowe organizatora)\" width=\"576\" height=\"576\" \/><\/a><figcaption id=\"caption-attachment-60508\" class=\"wp-caption-text\">Krzysztof Jarocki, \u201eKasztan\u201d (\u017ar\u00f3d\u0142o: materia\u0142y prasowe organizatora)<\/figcaption><\/figure>\n<p>Obecnie tradycje malarskie podtrzymuje i rozwija najm\u0142odszy cz\u0142onek rodziny J\u0119drzej, syn Krzysztofa. Ju\u017c jako dziecko sp\u0119dza\u0142 wiele czasu w pracowni ojca i podobnie zacz\u0105\u0142 do\u015b\u0107 wcze\u015bnie przejawia\u0107 zainteresowanie sztuk\u0105.<\/p>\n<p><em><strong>Jaroccy \u2013 Malarstwo<\/strong><\/em><br \/>\nOd 26 listopada 2015 roku do 31 stycznia 2016 roku<br \/>\nMuzeum \u0141owiectwa i Je\u017adziectwa<br \/>\nWarszawa<\/p>\n","protected":false},"excerpt":{"rendered":"<p>Bracia Wojciech, Krzysztof oraz Zbigniew to autorzy licznych prac w dziedzinie rze\u017aby oraz malarstwa sztalugowego. Dzi\u015b ju\u017c maj\u0105 sw\u00f3j w\u0142asny, wypracowany przez lata styl, kt\u00f3ry doskonale odzwierciedla ich bliski kontakt z natur\u0105. Pochodz\u0105 z niewielkiej miejscowo\u015bci Bokiny na Podlasiu.<\/p>\n","protected":false},"author":97,"featured_media":60505,"comment_status":"open","ping_status":"closed","sticky":false,"template":"","format":"standard","meta":[],"categories":[5],"tags":[10949,10947,32,10948,10950],"powerkit_post_featured":[],"yoast_head":"<!-- This site is optimized with the Yoast SEO plugin v18.7 - https:\/\/yoast.com\/wordpress\/plugins\/seo\/ -->\n<title>Jaroccy \u2013 Malarstwo<\/title>\n<meta name=\"description\" content=\"Do 31 stycznia w Muzeum \u0141owiectwa i Je\u017adziectwa w Warszawie b\u0119dzie mo\u017cna ogl\u0105da\u0107 wystaw\u0119 pt. Jaroccy \u2013 Malarstwo.\" \/>\n<meta name=\"robots\" content=\"index, follow, max-snippet:-1, max-image-preview:large, max-video-preview:-1\" \/>\n<link rel=\"canonical\" href=\"https:\/\/ownetic.com\/wydarzenia\/2015\/12\/jaroccy-malarstwo-muzeum-lowiectwa-i-jezdziectwa-warszawa\/\" \/>\n<link rel=\"next\" href=\"https:\/\/ownetic.com\/wydarzenia\/2015\/12\/jaroccy-malarstwo-muzeum-lowiectwa-i-jezdziectwa-warszawa\/2\/\" \/>\n<meta name=\"twitter:card\" content=\"summary_large_image\" \/>\n<meta name=\"twitter:title\" content=\"Jaroccy \u2013 Malarstwo\" \/>\n<meta name=\"twitter:description\" content=\"Do 31 stycznia w Muzeum \u0141owiectwa i Je\u017adziectwa w Warszawie b\u0119dzie mo\u017cna ogl\u0105da\u0107 wystaw\u0119 pt. Jaroccy \u2013 Malarstwo.\" \/>\n<meta name=\"twitter:image\" content=\"https:\/\/ownetic.com\/wydarzenia\/wp-content\/uploads\/2015\/12\/jaroccy-malarstwo-jedrzej-jarocki-kogut-muzeum-lowiectwa-i-jezdziectwa-watszawa-2015-12-07.jpg\" \/>\n<meta name=\"twitter:label1\" content=\"Napisane przez\" \/>\n\t<meta name=\"twitter:data1\" content=\"zuzanna-dzwonkowska\" \/>\n\t<meta name=\"twitter:label2\" content=\"Szacowany czas czytania\" \/>\n\t<meta name=\"twitter:data2\" content=\"4 minuty\" \/>\n<script type=\"application\/ld+json\" class=\"yoast-schema-graph\">{\"@context\":\"https:\/\/schema.org\",\"@graph\":[{\"@type\":\"WebSite\",\"@id\":\"https:\/\/ownetic.com\/wydarzenia\/#website\",\"url\":\"https:\/\/ownetic.com\/wydarzenia\/\",\"name\":\"Wydarzenia O.pl\",\"description\":\"Przestrze\u0144 prezentacji najwa\u017cniejszych wydarze\u0144 z takich dziedzin, jak: sztuka, design, fotografia, film, muzyka, teatr, literatura, historia, taniec, architektura\",\"potentialAction\":[{\"@type\":\"SearchAction\",\"target\":{\"@type\":\"EntryPoint\",\"urlTemplate\":\"https:\/\/ownetic.com\/wydarzenia\/?s={search_term_string}\"},\"query-input\":\"required name=search_term_string\"}],\"inLanguage\":\"pl-PL\"},{\"@type\":\"ImageObject\",\"inLanguage\":\"pl-PL\",\"@id\":\"https:\/\/ownetic.com\/wydarzenia\/2015\/12\/jaroccy-malarstwo-muzeum-lowiectwa-i-jezdziectwa-warszawa\/#primaryimage\",\"url\":\"https:\/\/ownetic.com\/wydarzenia\/wp-content\/uploads\/2015\/12\/jaroccy-malarstwo-jedrzej-jarocki-kogut-muzeum-lowiectwa-i-jezdziectwa-watszawa-2015-12-07.jpg\",\"contentUrl\":\"https:\/\/ownetic.com\/wydarzenia\/wp-content\/uploads\/2015\/12\/jaroccy-malarstwo-jedrzej-jarocki-kogut-muzeum-lowiectwa-i-jezdziectwa-watszawa-2015-12-07.jpg\",\"width\":700,\"height\":700,\"caption\":\"J\u0119drzej Jarocki, \u201eKogut\u201d (\u017ar\u00f3d\u0142o: materia\u0142y prasowe organizatora)\"},{\"@type\":\"WebPage\",\"@id\":\"https:\/\/ownetic.com\/wydarzenia\/2015\/12\/jaroccy-malarstwo-muzeum-lowiectwa-i-jezdziectwa-warszawa\/#webpage\",\"url\":\"https:\/\/ownetic.com\/wydarzenia\/2015\/12\/jaroccy-malarstwo-muzeum-lowiectwa-i-jezdziectwa-warszawa\/\",\"name\":\"Jaroccy \u2013 Malarstwo\",\"isPartOf\":{\"@id\":\"https:\/\/ownetic.com\/wydarzenia\/#website\"},\"primaryImageOfPage\":{\"@id\":\"https:\/\/ownetic.com\/wydarzenia\/2015\/12\/jaroccy-malarstwo-muzeum-lowiectwa-i-jezdziectwa-warszawa\/#primaryimage\"},\"datePublished\":\"2015-12-06T23:00:44+00:00\",\"dateModified\":\"2016-02-18T13:23:24+00:00\",\"author\":{\"@id\":\"https:\/\/ownetic.com\/wydarzenia\/#\/schema\/person\/c64084a05150e282c110eb121151a4c0\"},\"description\":\"Do 31 stycznia w Muzeum \u0141owiectwa i Je\u017adziectwa w Warszawie b\u0119dzie mo\u017cna ogl\u0105da\u0107 wystaw\u0119 pt. Jaroccy \u2013 Malarstwo.\",\"breadcrumb\":{\"@id\":\"https:\/\/ownetic.com\/wydarzenia\/2015\/12\/jaroccy-malarstwo-muzeum-lowiectwa-i-jezdziectwa-warszawa\/#breadcrumb\"},\"inLanguage\":\"pl-PL\",\"potentialAction\":[{\"@type\":\"ReadAction\",\"target\":[\"https:\/\/ownetic.com\/wydarzenia\/2015\/12\/jaroccy-malarstwo-muzeum-lowiectwa-i-jezdziectwa-warszawa\/\"]}]},{\"@type\":\"BreadcrumbList\",\"@id\":\"https:\/\/ownetic.com\/wydarzenia\/2015\/12\/jaroccy-malarstwo-muzeum-lowiectwa-i-jezdziectwa-warszawa\/#breadcrumb\",\"itemListElement\":[{\"@type\":\"ListItem\",\"position\":1,\"name\":\"Strona g\u0142\u00f3wna\"}]},{\"@type\":\"Person\",\"@id\":\"https:\/\/ownetic.com\/wydarzenia\/#\/schema\/person\/c64084a05150e282c110eb121151a4c0\",\"name\":\"zuzanna-dzwonkowska\",\"url\":\"https:\/\/ownetic.com\/wydarzenia\/author\/zuzanna-dzwonkowska\/\"}]}<\/script>\n<!-- \/ Yoast SEO plugin. -->","yoast_head_json":{"title":"Jaroccy \u2013 Malarstwo","description":"Do 31 stycznia w Muzeum \u0141owiectwa i Je\u017adziectwa w Warszawie b\u0119dzie mo\u017cna ogl\u0105da\u0107 wystaw\u0119 pt. Jaroccy \u2013 Malarstwo.","robots":{"index":"index","follow":"follow","max-snippet":"max-snippet:-1","max-image-preview":"max-image-preview:large","max-video-preview":"max-video-preview:-1"},"canonical":"https:\/\/ownetic.com\/wydarzenia\/2015\/12\/jaroccy-malarstwo-muzeum-lowiectwa-i-jezdziectwa-warszawa\/","next":"https:\/\/ownetic.com\/wydarzenia\/2015\/12\/jaroccy-malarstwo-muzeum-lowiectwa-i-jezdziectwa-warszawa\/2\/","twitter_card":"summary_large_image","twitter_title":"Jaroccy \u2013 Malarstwo","twitter_description":"Do 31 stycznia w Muzeum \u0141owiectwa i Je\u017adziectwa w Warszawie b\u0119dzie mo\u017cna ogl\u0105da\u0107 wystaw\u0119 pt. Jaroccy \u2013 Malarstwo.","twitter_image":"https:\/\/ownetic.com\/wydarzenia\/wp-content\/uploads\/2015\/12\/jaroccy-malarstwo-jedrzej-jarocki-kogut-muzeum-lowiectwa-i-jezdziectwa-watszawa-2015-12-07.jpg","twitter_misc":{"Napisane przez":"zuzanna-dzwonkowska","Szacowany czas czytania":"4 minuty"},"schema":{"@context":"https:\/\/schema.org","@graph":[{"@type":"WebSite","@id":"https:\/\/ownetic.com\/wydarzenia\/#website","url":"https:\/\/ownetic.com\/wydarzenia\/","name":"Wydarzenia O.pl","description":"Przestrze\u0144 prezentacji najwa\u017cniejszych wydarze\u0144 z takich dziedzin, jak: sztuka, design, fotografia, film, muzyka, teatr, literatura, historia, taniec, architektura","potentialAction":[{"@type":"SearchAction","target":{"@type":"EntryPoint","urlTemplate":"https:\/\/ownetic.com\/wydarzenia\/?s={search_term_string}"},"query-input":"required name=search_term_string"}],"inLanguage":"pl-PL"},{"@type":"ImageObject","inLanguage":"pl-PL","@id":"https:\/\/ownetic.com\/wydarzenia\/2015\/12\/jaroccy-malarstwo-muzeum-lowiectwa-i-jezdziectwa-warszawa\/#primaryimage","url":"https:\/\/ownetic.com\/wydarzenia\/wp-content\/uploads\/2015\/12\/jaroccy-malarstwo-jedrzej-jarocki-kogut-muzeum-lowiectwa-i-jezdziectwa-watszawa-2015-12-07.jpg","contentUrl":"https:\/\/ownetic.com\/wydarzenia\/wp-content\/uploads\/2015\/12\/jaroccy-malarstwo-jedrzej-jarocki-kogut-muzeum-lowiectwa-i-jezdziectwa-watszawa-2015-12-07.jpg","width":700,"height":700,"caption":"J\u0119drzej Jarocki, \u201eKogut\u201d (\u017ar\u00f3d\u0142o: materia\u0142y prasowe organizatora)"},{"@type":"WebPage","@id":"https:\/\/ownetic.com\/wydarzenia\/2015\/12\/jaroccy-malarstwo-muzeum-lowiectwa-i-jezdziectwa-warszawa\/#webpage","url":"https:\/\/ownetic.com\/wydarzenia\/2015\/12\/jaroccy-malarstwo-muzeum-lowiectwa-i-jezdziectwa-warszawa\/","name":"Jaroccy \u2013 Malarstwo","isPartOf":{"@id":"https:\/\/ownetic.com\/wydarzenia\/#website"},"primaryImageOfPage":{"@id":"https:\/\/ownetic.com\/wydarzenia\/2015\/12\/jaroccy-malarstwo-muzeum-lowiectwa-i-jezdziectwa-warszawa\/#primaryimage"},"datePublished":"2015-12-06T23:00:44+00:00","dateModified":"2016-02-18T13:23:24+00:00","author":{"@id":"https:\/\/ownetic.com\/wydarzenia\/#\/schema\/person\/c64084a05150e282c110eb121151a4c0"},"description":"Do 31 stycznia w Muzeum \u0141owiectwa i Je\u017adziectwa w Warszawie b\u0119dzie mo\u017cna ogl\u0105da\u0107 wystaw\u0119 pt. Jaroccy \u2013 Malarstwo.","breadcrumb":{"@id":"https:\/\/ownetic.com\/wydarzenia\/2015\/12\/jaroccy-malarstwo-muzeum-lowiectwa-i-jezdziectwa-warszawa\/#breadcrumb"},"inLanguage":"pl-PL","potentialAction":[{"@type":"ReadAction","target":["https:\/\/ownetic.com\/wydarzenia\/2015\/12\/jaroccy-malarstwo-muzeum-lowiectwa-i-jezdziectwa-warszawa\/"]}]},{"@type":"BreadcrumbList","@id":"https:\/\/ownetic.com\/wydarzenia\/2015\/12\/jaroccy-malarstwo-muzeum-lowiectwa-i-jezdziectwa-warszawa\/#breadcrumb","itemListElement":[{"@type":"ListItem","position":1,"name":"Strona g\u0142\u00f3wna"}]},{"@type":"Person","@id":"https:\/\/ownetic.com\/wydarzenia\/#\/schema\/person\/c64084a05150e282c110eb121151a4c0","name":"zuzanna-dzwonkowska","url":"https:\/\/ownetic.com\/wydarzenia\/author\/zuzanna-dzwonkowska\/"}]}},"_links":{"self":[{"href":"https:\/\/ownetic.com\/wydarzenia\/wp-json\/wp\/v2\/posts\/60504"}],"collection":[{"href":"https:\/\/ownetic.com\/wydarzenia\/wp-json\/wp\/v2\/posts"}],"about":[{"href":"https:\/\/ownetic.com\/wydarzenia\/wp-json\/wp\/v2\/types\/post"}],"author":[{"embeddable":true,"href":"https:\/\/ownetic.com\/wydarzenia\/wp-json\/wp\/v2\/users\/97"}],"replies":[{"embeddable":true,"href":"https:\/\/ownetic.com\/wydarzenia\/wp-json\/wp\/v2\/comments?post=60504"}],"version-history":[{"count":0,"href":"https:\/\/ownetic.com\/wydarzenia\/wp-json\/wp\/v2\/posts\/60504\/revisions"}],"wp:featuredmedia":[{"embeddable":true,"href":"https:\/\/ownetic.com\/wydarzenia\/wp-json\/wp\/v2\/media\/60505"}],"wp:attachment":[{"href":"https:\/\/ownetic.com\/wydarzenia\/wp-json\/wp\/v2\/media?parent=60504"}],"wp:term":[{"taxonomy":"category","embeddable":true,"href":"https:\/\/ownetic.com\/wydarzenia\/wp-json\/wp\/v2\/categories?post=60504"},{"taxonomy":"post_tag","embeddable":true,"href":"https:\/\/ownetic.com\/wydarzenia\/wp-json\/wp\/v2\/tags?post=60504"},{"taxonomy":"powerkit_post_featured","embeddable":true,"href":"https:\/\/ownetic.com\/wydarzenia\/wp-json\/wp\/v2\/powerkit_post_featured?post=60504"}],"curies":[{"name":"wp","href":"https:\/\/api.w.org\/{rel}","templated":true}]}}