{"id":62312,"date":"2016-02-25T00:00:15","date_gmt":"2016-02-24T23:00:15","guid":{"rendered":"https:\/\/ownetic.com\/wydarzenia\/?p=62312"},"modified":"2016-04-11T10:52:16","modified_gmt":"2016-04-11T09:52:16","slug":"obchody-dnia-pamieci-zolnierzy-wykletych-muzeum-wojska-polskiego-warszawa","status":"publish","type":"post","link":"https:\/\/ownetic.com\/wydarzenia\/2016\/02\/obchody-dnia-pamieci-zolnierzy-wykletych-muzeum-wojska-polskiego-warszawa\/","title":{"rendered":"Obchody Dnia Pami\u0119ci \u017bo\u0142nierzy Wykl\u0119tych"},"content":{"rendered":"<p>Od 24 lutego w Muzeum Wojska Polskiego w Warszawie publiczno\u015b\u0107 mo\u017ce zwiedza\u0107 wystaw\u0119 pt.\u00a0<em>\u017bo\u0142nierze Wykl\u0119ci. Niez\u0142omni bohaterowie nienazwanego powstania<\/em>. Wernisa\u017c rozpoczyna obchody ku pami\u0119ci \u017bo\u0142nierzy Wykl\u0119tych, kt\u00f3re w Muzeum potrwaj\u0105 do 20 marca.<\/p>\n<figure id=\"attachment_62355\" aria-describedby=\"caption-attachment-62355\" style=\"width: 576px\" class=\"wp-caption alignnone\"><a href=\"https:\/\/ownetic.com\/wydarzenia\/2016\/02\/obchody-dnia-pamieci-zolnierzy-wykletych-muzeum-wojska-polskiego-warszawa\/zolnierze-wykleci-muzeum-wojska-polskiego-warszawa-2016-02-25-008\/\" rel=\"attachment wp-att-62355\"><img loading=\"lazy\" class=\"size-medium wp-image-62355\" title=\"\u201e\u017bo\u0142nierze Wykl\u0119ci. Niez\u0142omni bohaterowie nienazwanego powstania\u201d \u2013 wystawa (\u017ar\u00f3d\u0142o: materia\u0142y prasowe)\" src=\"https:\/\/ownetic.com\/wydarzenia\/wp-content\/uploads\/2016\/02\/zolnierze-wykleci-muzeum-wojska-polskiego-warszawa-2016-02-25-008-576x506.jpg\" alt=\"\u201e\u017bo\u0142nierze Wykl\u0119ci. Niez\u0142omni bohaterowie nienazwanego powstania\u201d \u2013 wystawa (\u017ar\u00f3d\u0142o: materia\u0142y prasowe)\" width=\"576\" height=\"506\" \/><\/a><figcaption id=\"caption-attachment-62355\" class=\"wp-caption-text\">\u201e\u017bo\u0142nierze Wykl\u0119ci. Niez\u0142omni bohaterowie nienazwanego powstania\u201d \u2013 wystawa (\u017ar\u00f3d\u0142o: materia\u0142y prasowe)<\/figcaption><\/figure>\n<p>Na przygotowanej wraz z Fundacj\u0105 \u0141\u0105czka i Instytutem Pami\u0119ci Narodowej wystawie zaprezentowane zostan\u0105 sylwetki o\u015bmiu \u017bo\u0142nierzy Niez\u0142omnych: genera\u0142a Nila, pu\u0142kownika Kasznicy, rotmistrza Pileckiego, majora \u0141upaszki, majora Dekutowskiego, majora Kontryma, komandora Mieszkowskiego i porucznika Jana Rodowicza oraz informacje dotycz\u0105ce ich oprawc\u00f3w. Ekspozycj\u0119 wzbogac\u0105 pami\u0105tki, przedmioty osobiste ze zbior\u00f3w rodzinnych i oryginalne dokumenty z Instytutu Pami\u0119ci Narodowej dotycz\u0105ce \u017bo\u0142nierzy Niez\u0142omnych. Druga cz\u0119\u015b\u0107 wystawy b\u0119dzie po\u015bwi\u0119cona \u0141\u0105czce Cmentarza Wojskowego na Pow\u0105zkach w Warszawie, kt\u00f3r\u0105 odtworzy zesp\u00f3\u0142 fotografii autorstwa Piotra \u017bycie\u0144skiego, zatytu\u0142owany\u00a0<em><a title=\"News.o.pl: Muzeum Archeologiczne prezentuje: kwatera \u0141 na Pow\u0105zkach\" href=\"http:\/\/news.o.pl\/2015\/03\/07\/milczac-wolaja-muzeum-archeologiczne-krakow\/#\/\" target=\"_blank\">Milcz\u0105c \u2013 Wo\u0142aj\u0105<\/a><\/em>\u00a0(IPN).<\/p>\n<p>W ramach wystawy odb\u0119dzie si\u0119 wiele wydarze\u0144 towarzysz\u0105cych, takich jak pokazy film\u00f3w dokumentalnych o \u017bo\u0142nierzach Wykl\u0119tych, konferencja naukowa czy koncert Zespo\u0142u Forteca.<\/p>\n<div id='gallery-1' class='gallery galleryid-62312 gallery-columns-6 gallery-size-thumbnail'><figure class='gallery-item'>\n\t\t\t<div class='gallery-icon '>\n\t\t\t\t<a href='https:\/\/ownetic.com\/wydarzenia\/2016\/02\/obchody-dnia-pamieci-zolnierzy-wykletych-muzeum-wojska-polskiego-warszawa\/zolnierze-wykleci-muzeum-wojska-polskiego-warszawa-2016-02-25-010\/'><img width=\"1\" height=\"1\" src=\"https:\/\/ownetic.com\/wydarzenia\/wp-content\/uploads\/2016\/02\/zolnierze-wykleci-muzeum-wojska-polskiego-warszawa-2016-02-25-010.jpg\" class=\"attachment-thumbnail size-thumbnail\" alt=\"\u201e\u017bo\u0142nierze Wykl\u0119ci. Niez\u0142omni bohaterowie nienazwanego powstania\u201d \u2013 wystawa (\u017ar\u00f3d\u0142o: materia\u0142y prasowe)\" loading=\"lazy\" aria-describedby=\"gallery-1-62357\" \/><\/a>\n\t\t\t<\/div>\n\t\t\t\t<figcaption class='wp-caption-text gallery-caption' id='gallery-1-62357'>\n\t\t\t\t\u201e\u017bo\u0142nierze Wykl\u0119ci. Niez\u0142omni bohaterowie nienazwanego powstania\u201d \u2013 wystawa (\u017ar\u00f3d\u0142o: materia\u0142y prasowe)\n\t\t\t\t<\/figcaption><\/figure><figure class='gallery-item'>\n\t\t\t<div class='gallery-icon '>\n\t\t\t\t<a href='https:\/\/ownetic.com\/wydarzenia\/2016\/02\/obchody-dnia-pamieci-zolnierzy-wykletych-muzeum-wojska-polskiego-warszawa\/zolnierze-wykleci-muzeum-wojska-polskiego-warszawa-2016-02-25-009\/'><img width=\"1\" height=\"1\" src=\"https:\/\/ownetic.com\/wydarzenia\/wp-content\/uploads\/2016\/02\/zolnierze-wykleci-muzeum-wojska-polskiego-warszawa-2016-02-25-009.jpg\" class=\"attachment-thumbnail size-thumbnail\" alt=\"\u201e\u017bo\u0142nierze Wykl\u0119ci. Niez\u0142omni bohaterowie nienazwanego powstania\u201d \u2013 wystawa (\u017ar\u00f3d\u0142o: materia\u0142y prasowe)\" loading=\"lazy\" aria-describedby=\"gallery-1-62356\" \/><\/a>\n\t\t\t<\/div>\n\t\t\t\t<figcaption class='wp-caption-text gallery-caption' id='gallery-1-62356'>\n\t\t\t\t\u201e\u017bo\u0142nierze Wykl\u0119ci. Niez\u0142omni bohaterowie nienazwanego powstania\u201d \u2013 wystawa (\u017ar\u00f3d\u0142o: materia\u0142y prasowe)\n\t\t\t\t<\/figcaption><\/figure><figure class='gallery-item'>\n\t\t\t<div class='gallery-icon '>\n\t\t\t\t<a href='https:\/\/ownetic.com\/wydarzenia\/2016\/02\/obchody-dnia-pamieci-zolnierzy-wykletych-muzeum-wojska-polskiego-warszawa\/zolnierze-wykleci-muzeum-wojska-polskiego-warszawa-2016-02-25-008\/'><img width=\"1\" height=\"1\" src=\"https:\/\/ownetic.com\/wydarzenia\/wp-content\/uploads\/2016\/02\/zolnierze-wykleci-muzeum-wojska-polskiego-warszawa-2016-02-25-008.jpg\" class=\"attachment-thumbnail size-thumbnail\" alt=\"\u201e\u017bo\u0142nierze Wykl\u0119ci. Niez\u0142omni bohaterowie nienazwanego powstania\u201d \u2013 wystawa (\u017ar\u00f3d\u0142o: materia\u0142y prasowe)\" loading=\"lazy\" aria-describedby=\"gallery-1-62355\" \/><\/a>\n\t\t\t<\/div>\n\t\t\t\t<figcaption class='wp-caption-text gallery-caption' id='gallery-1-62355'>\n\t\t\t\t\u201e\u017bo\u0142nierze Wykl\u0119ci. Niez\u0142omni bohaterowie nienazwanego powstania\u201d \u2013 wystawa (\u017ar\u00f3d\u0142o: materia\u0142y prasowe)\n\t\t\t\t<\/figcaption><\/figure><figure class='gallery-item'>\n\t\t\t<div class='gallery-icon '>\n\t\t\t\t<a href='https:\/\/ownetic.com\/wydarzenia\/2016\/02\/obchody-dnia-pamieci-zolnierzy-wykletych-muzeum-wojska-polskiego-warszawa\/zolnierze-wykleci-muzeum-wojska-polskiego-warszawa-2016-02-25-007\/'><img width=\"1\" height=\"1\" src=\"https:\/\/ownetic.com\/wydarzenia\/wp-content\/uploads\/2016\/02\/zolnierze-wykleci-muzeum-wojska-polskiego-warszawa-2016-02-25-007.jpg\" class=\"attachment-thumbnail size-thumbnail\" alt=\"\u201e\u017bo\u0142nierze Wykl\u0119ci. Niez\u0142omni bohaterowie nienazwanego powstania\u201d \u2013 wystawa (\u017ar\u00f3d\u0142o: materia\u0142y prasowe)\" loading=\"lazy\" aria-describedby=\"gallery-1-62354\" \/><\/a>\n\t\t\t<\/div>\n\t\t\t\t<figcaption class='wp-caption-text gallery-caption' id='gallery-1-62354'>\n\t\t\t\t\u201e\u017bo\u0142nierze Wykl\u0119ci. Niez\u0142omni bohaterowie nienazwanego powstania\u201d \u2013 wystawa (\u017ar\u00f3d\u0142o: materia\u0142y prasowe)\n\t\t\t\t<\/figcaption><\/figure><figure class='gallery-item'>\n\t\t\t<div class='gallery-icon '>\n\t\t\t\t<a href='https:\/\/ownetic.com\/wydarzenia\/2016\/02\/obchody-dnia-pamieci-zolnierzy-wykletych-muzeum-wojska-polskiego-warszawa\/zolnierze-wykleci-muzeum-wojska-polskiego-warszawa-2016-02-25-006\/'><img width=\"1\" height=\"1\" src=\"https:\/\/ownetic.com\/wydarzenia\/wp-content\/uploads\/2016\/02\/zolnierze-wykleci-muzeum-wojska-polskiego-warszawa-2016-02-25-006.jpg\" class=\"attachment-thumbnail size-thumbnail\" alt=\"\u201e\u017bo\u0142nierze Wykl\u0119ci. Niez\u0142omni bohaterowie nienazwanego powstania\u201d \u2013 wystawa (\u017ar\u00f3d\u0142o: materia\u0142y prasowe)\" loading=\"lazy\" aria-describedby=\"gallery-1-62353\" \/><\/a>\n\t\t\t<\/div>\n\t\t\t\t<figcaption class='wp-caption-text gallery-caption' id='gallery-1-62353'>\n\t\t\t\t\u201e\u017bo\u0142nierze Wykl\u0119ci. Niez\u0142omni bohaterowie nienazwanego powstania\u201d \u2013 wystawa (\u017ar\u00f3d\u0142o: materia\u0142y prasowe)\n\t\t\t\t<\/figcaption><\/figure><figure class='gallery-item'>\n\t\t\t<div class='gallery-icon '>\n\t\t\t\t<a href='https:\/\/ownetic.com\/wydarzenia\/2016\/02\/obchody-dnia-pamieci-zolnierzy-wykletych-muzeum-wojska-polskiego-warszawa\/zolnierze-wykleci-muzeum-wojska-polskiego-warszawa-2016-02-25-005\/'><img width=\"1\" height=\"1\" src=\"https:\/\/ownetic.com\/wydarzenia\/wp-content\/uploads\/2016\/02\/zolnierze-wykleci-muzeum-wojska-polskiego-warszawa-2016-02-25-005.jpg\" class=\"attachment-thumbnail size-thumbnail\" alt=\"\u201e\u017bo\u0142nierze Wykl\u0119ci. Niez\u0142omni bohaterowie nienazwanego powstania\u201d \u2013 wystawa (\u017ar\u00f3d\u0142o: materia\u0142y prasowe)\" loading=\"lazy\" aria-describedby=\"gallery-1-62352\" \/><\/a>\n\t\t\t<\/div>\n\t\t\t\t<figcaption class='wp-caption-text gallery-caption' id='gallery-1-62352'>\n\t\t\t\t\u201e\u017bo\u0142nierze Wykl\u0119ci. Niez\u0142omni bohaterowie nienazwanego powstania\u201d \u2013 wystawa (\u017ar\u00f3d\u0142o: materia\u0142y prasowe)\n\t\t\t\t<\/figcaption><\/figure><figure class='gallery-item'>\n\t\t\t<div class='gallery-icon '>\n\t\t\t\t<a href='https:\/\/ownetic.com\/wydarzenia\/2016\/02\/obchody-dnia-pamieci-zolnierzy-wykletych-muzeum-wojska-polskiego-warszawa\/zolnierze-wykleci-muzeum-wojska-polskiego-warszawa-2016-02-25-004\/'><img width=\"1\" height=\"1\" src=\"https:\/\/ownetic.com\/wydarzenia\/wp-content\/uploads\/2016\/02\/zolnierze-wykleci-muzeum-wojska-polskiego-warszawa-2016-02-25-004.jpg\" class=\"attachment-thumbnail size-thumbnail\" alt=\"\u201e\u017bo\u0142nierze Wykl\u0119ci. Niez\u0142omni bohaterowie nienazwanego powstania\u201d \u2013 wystawa (\u017ar\u00f3d\u0142o: materia\u0142y prasowe)\" loading=\"lazy\" aria-describedby=\"gallery-1-62351\" \/><\/a>\n\t\t\t<\/div>\n\t\t\t\t<figcaption class='wp-caption-text gallery-caption' id='gallery-1-62351'>\n\t\t\t\t\u201e\u017bo\u0142nierze Wykl\u0119ci. Niez\u0142omni bohaterowie nienazwanego powstania\u201d \u2013 wystawa (\u017ar\u00f3d\u0142o: materia\u0142y prasowe)\n\t\t\t\t<\/figcaption><\/figure><figure class='gallery-item'>\n\t\t\t<div class='gallery-icon '>\n\t\t\t\t<a href='https:\/\/ownetic.com\/wydarzenia\/2016\/02\/obchody-dnia-pamieci-zolnierzy-wykletych-muzeum-wojska-polskiego-warszawa\/zolnierze-wykleci-muzeum-wojska-polskiego-warszawa-2016-02-25-002\/'><img width=\"1\" height=\"1\" src=\"https:\/\/ownetic.com\/wydarzenia\/wp-content\/uploads\/2016\/02\/zolnierze-wykleci-muzeum-wojska-polskiego-warszawa-2016-02-25-002.jpg\" class=\"attachment-thumbnail size-thumbnail\" alt=\"\u201e\u017bo\u0142nierze Wykl\u0119ci. Niez\u0142omni bohaterowie nienazwanego powstania\u201d \u2013 wystawa (\u017ar\u00f3d\u0142o: materia\u0142y prasowe)\" loading=\"lazy\" aria-describedby=\"gallery-1-62349\" \/><\/a>\n\t\t\t<\/div>\n\t\t\t\t<figcaption class='wp-caption-text gallery-caption' id='gallery-1-62349'>\n\t\t\t\t\u201e\u017bo\u0142nierze Wykl\u0119ci. Niez\u0142omni bohaterowie nienazwanego powstania\u201d \u2013 wystawa (\u017ar\u00f3d\u0142o: materia\u0142y prasowe)\n\t\t\t\t<\/figcaption><\/figure><figure class='gallery-item'>\n\t\t\t<div class='gallery-icon '>\n\t\t\t\t<a href='https:\/\/ownetic.com\/wydarzenia\/2016\/02\/obchody-dnia-pamieci-zolnierzy-wykletych-muzeum-wojska-polskiego-warszawa\/zolnierze-wykleci-forteca-koncert-muzeum-wojska-polskiego-warszawa-2016-02-25\/'><img width=\"1\" height=\"1\" src=\"https:\/\/ownetic.com\/wydarzenia\/wp-content\/uploads\/2016\/02\/zolnierze-wykleci-forteca-koncert-muzeum-wojska-polskiego-warszawa-2016-02-25.jpg\" class=\"attachment-thumbnail size-thumbnail\" alt=\"Koncert zespo\u0142u Forteca w ho\u0142dzie \u017bo\u0142nierzom Wykletym \u2013 plakat (\u017ar\u00f3d\u0142o: materia\u0142y prasowe)\" loading=\"lazy\" aria-describedby=\"gallery-1-62316\" \/><\/a>\n\t\t\t<\/div>\n\t\t\t\t<figcaption class='wp-caption-text gallery-caption' id='gallery-1-62316'>\n\t\t\t\tKoncert zespo\u0142u Forteca w ho\u0142dzie \u017bo\u0142nierzom Wykletym \u2013 plakat (\u017ar\u00f3d\u0142o: materia\u0142y prasowe)\n\t\t\t\t<\/figcaption><\/figure><figure class='gallery-item'>\n\t\t\t<div class='gallery-icon '>\n\t\t\t\t<a href='https:\/\/ownetic.com\/wydarzenia\/2016\/02\/obchody-dnia-pamieci-zolnierzy-wykletych-muzeum-wojska-polskiego-warszawa\/zolnierze-wykleci-muzeum-wojska-polskiego-warszawa-2016-02-25-001\/'><img width=\"1\" height=\"1\" src=\"https:\/\/ownetic.com\/wydarzenia\/wp-content\/uploads\/2016\/02\/zolnierze-wykleci-muzeum-wojska-polskiego-warszawa-2016-02-25-001.jpg\" class=\"attachment-thumbnail size-thumbnail\" alt=\"Obchody Dnia Pami\u0119ci \u017bo\u0142nierzy Wykl\u0119tych \u2013 plakat (\u017ar\u00f3d\u0142o: materia\u0142y prasowe)\" loading=\"lazy\" aria-describedby=\"gallery-1-62313\" \/><\/a>\n\t\t\t<\/div>\n\t\t\t\t<figcaption class='wp-caption-text gallery-caption' id='gallery-1-62313'>\n\t\t\t\tObchody Dnia Pami\u0119ci \u017bo\u0142nierzy Wykl\u0119tych \u2013 plakat (\u017ar\u00f3d\u0142o: materia\u0142y prasowe)\n\t\t\t\t<\/figcaption><\/figure>\n\t\t<\/div>\n\n<p><strong>Harmonogram Obchod\u00f3w Dnia Pami\u0119ci \u017bo\u0142nierzy Wykl\u0119tych<\/strong><\/p>\n<p><strong>24 lutego<\/strong><\/p>\n<ul>\n<li>godz. 17.00 | Wernisa\u017c wystawy\u00a0<em>\u017bo\u0142nierze Wykl\u0119ci \u2013 Niez\u0142omni Bohaterowie nienazwanego powstania<\/em>\u00a0wraz z pokazami film\u00f3w dokumentalnych o \u017bo\u0142nierzach Wykl\u0119tych<\/li>\n<li>godz. 18.15 | Pokaz filmu fabularnego\u00a0<em>Genera\u0142 Nil<\/em>\u00a0w namiocie promocyjnym na dziedzi\u0144cu Muzeum Wojska Polskiego<\/li>\n<\/ul>\n<p><strong>27 lutego<\/strong><\/p>\n<ul>\n<li>godz.\u00a017.00 | Koncert zespo\u0142u Forteca w namiocie promocyjnym na dziedzi\u0144cu Muzeum Wojska Polskiego\u00a0(wst\u0119p wolny)<\/li>\n<\/ul>\n<figure id=\"attachment_62354\" aria-describedby=\"caption-attachment-62354\" style=\"width: 576px\" class=\"wp-caption alignnone\"><a href=\"https:\/\/ownetic.com\/wydarzenia\/2016\/02\/obchody-dnia-pamieci-zolnierzy-wykletych-muzeum-wojska-polskiego-warszawa\/zolnierze-wykleci-muzeum-wojska-polskiego-warszawa-2016-02-25-007\/\" rel=\"attachment wp-att-62354\"><img loading=\"lazy\" class=\"size-medium wp-image-62354\" title=\"\u201e\u017bo\u0142nierze Wykl\u0119ci. Niez\u0142omni bohaterowie nienazwanego powstania\u201d \u2013 wystawa (\u017ar\u00f3d\u0142o: materia\u0142y prasowe)\" src=\"https:\/\/ownetic.com\/wydarzenia\/wp-content\/uploads\/2016\/02\/zolnierze-wykleci-muzeum-wojska-polskiego-warszawa-2016-02-25-007-576x447.jpg\" alt=\"\u201e\u017bo\u0142nierze Wykl\u0119ci. Niez\u0142omni bohaterowie nienazwanego powstania\u201d \u2013 wystawa (\u017ar\u00f3d\u0142o: materia\u0142y prasowe)\" width=\"576\" height=\"447\" \/><\/a><figcaption id=\"caption-attachment-62354\" class=\"wp-caption-text\">\u201e\u017bo\u0142nierze Wykl\u0119ci. Niez\u0142omni bohaterowie nienazwanego powstania\u201d \u2013 wystawa (\u017ar\u00f3d\u0142o: materia\u0142y prasowe)<\/figcaption><\/figure>\n<p><strong>29 lutego<\/strong><\/p>\n<ul>\n<li>godz. 13.00\u201317.00 | Konferencja naukowa\u00a0<em>\u017bo\u0142nierze Wykl\u0119ci \u2013 Niez\u0142omni<\/em>\u00a0(wst\u0119p z zaproszeniem)<\/li>\n<\/ul>\n<p><strong>1 marca<\/strong><\/p>\n<ul>\n<li>godz. 10.00 | Uroczysto\u015b\u0107 na dziedzi\u0144cu Muzeum Wojska Polskiego z okazji dnia \u017bo\u0142nierzy Niez\u0142omnych z udzia\u0142em Ministra MON oraz przemarsz rekonstruktor\u00f3w i batalionu reprezentacyjnego z MWP pod Gr\u00f3b Nieznanego \u017bo\u0142nierza (wst\u0119p wolny)<\/li>\n<\/ul>\n<figure id=\"attachment_62356\" aria-describedby=\"caption-attachment-62356\" style=\"width: 576px\" class=\"wp-caption alignnone\"><a href=\"https:\/\/ownetic.com\/wydarzenia\/2016\/02\/obchody-dnia-pamieci-zolnierzy-wykletych-muzeum-wojska-polskiego-warszawa\/zolnierze-wykleci-muzeum-wojska-polskiego-warszawa-2016-02-25-009\/\" rel=\"attachment wp-att-62356\"><img loading=\"lazy\" class=\"size-medium wp-image-62356\" title=\"\u201e\u017bo\u0142nierze Wykl\u0119ci. Niez\u0142omni bohaterowie nienazwanego powstania\u201d \u2013 wystawa (\u017ar\u00f3d\u0142o: materia\u0142y prasowe)\" src=\"https:\/\/ownetic.com\/wydarzenia\/wp-content\/uploads\/2016\/02\/zolnierze-wykleci-muzeum-wojska-polskiego-warszawa-2016-02-25-009-576x351.jpg\" alt=\"\u201e\u017bo\u0142nierze Wykl\u0119ci. Niez\u0142omni bohaterowie nienazwanego powstania\u201d \u2013 wystawa (\u017ar\u00f3d\u0142o: materia\u0142y prasowe)\" width=\"576\" height=\"351\" \/><\/a><figcaption id=\"caption-attachment-62356\" class=\"wp-caption-text\">\u201e\u017bo\u0142nierze Wykl\u0119ci. Niez\u0142omni bohaterowie nienazwanego powstania\u201d \u2013 wystawa (\u017ar\u00f3d\u0142o: materia\u0142y prasowe)<\/figcaption><\/figure>\n<p><strong>Pokazy film\u00f3w dokumentalnych w holu g\u0142\u00f3wnym Muzeum Wojska Polskiego<br \/>\n<\/strong>Godzina 19.00<\/p>\n<ul>\n<li><em>Klamra \u2013 w przedsionku \u015bmierci<\/em>\u00a0\u2013 film o mjr Adamie Lazarowiczu z Zarz\u0105du IV WiN |\u00a026 lutego, 1 i 18 marca<\/li>\n<li><em>Humer i inni<\/em>\u00a0\u2013 relacja z procesu Humera | 28 lutego, 13 i 20 marca<\/li>\n<li><em>A potem nazywali go bandyt\u0105<\/em>\u00a0\u2013 film o J\u00f3zefie Kurasiu \u201eOgniu\u201d | 4 marca<\/li>\n<li><em>R\u0105czy<\/em>\u00a0\u2013 film o p\u0142k Tadeuszu Bie\u0144kowiczu, kawalarze wojennego orderu VM, \u017co\u0142nierzu AK okr\u0119gu Nowogr\u00f3dzkiego, wi\u0119\u017aniu wi\u0119zienia w Sztumie oraz film fabularny o Jerzym K\u0119dziorze | 6 i 15 marca<\/li>\n<li><em>Jastrz\u0105b \u2013 \u017co\u0142nierz \u0141upaszki<\/em>\u00a0\u2013 film o J\u00f3zefie Bandzo \u017co\u0142nierzu mjr Zygmunta Szendzielarza oraz film fabularny o Jerzym K\u0119dziorze | 8 marca<\/li>\n<li><em>Sad\u017amy r\u00f3\u017ce dla przysz\u0142o\u015bci<\/em>\u00a0\u2013 film fabularny o Zarako-Zarakowskim | 11 marca<\/li>\n<\/ul>\n<p><strong>Obchody Dnia Pami\u0119ci \u017bo\u0142nierzy Wykl\u0119tych<\/strong><br \/>\nOd 24 lutego do 20 marca 2016 roku<br \/>\nMuzeum Wojska Polskiego w Warszawie, Fundacja \u0141\u0105czka<\/p>\n","protected":false},"excerpt":{"rendered":"<p>Wernisa\u017c wystawy <em>\u017bo\u0142nierze Wykl\u0119ci. Niez\u0142omni bohaterowie nienazwanego powstania<\/em>, na kt\u00f3rej zostan\u0105 zaprezentowane sylwetki o\u015bmiu \u017bo\u0142nierzy Niez\u0142omnych, rozpoczyna Obchody Dnia Pami\u0119ci \u017bo\u0142nierzy Wykl\u0119tych. W jej ramach odb\u0119d\u0105 si\u0119 wydarzenia towarzysz\u0105ce: pokazy film\u00f3w dokumentalnych, konferencja naukowa czy koncert Zespo\u0142u Forteca.<\/p>\n","protected":false},"author":80,"featured_media":62313,"comment_status":"open","ping_status":"closed","sticky":false,"template":"","format":"standard","meta":[],"categories":[21],"tags":[11045,6395,11044,32],"powerkit_post_featured":[],"yoast_head":"<!-- This site is optimized with the Yoast SEO plugin v18.7 - https:\/\/yoast.com\/wordpress\/plugins\/seo\/ -->\n<title>Obchody Dnia Pami\u0119ci \u017bo\u0142nierzy Wykl\u0119tych<\/title>\n<meta name=\"description\" content=\"Obchody Dnia Pami\u0119ci \u017bo\u0142nierzy Wykl\u0119tych w Muzeum Wojska Polskiego otworzy wystawa prezentuj\u0105ca sylwetki o\u015bmiu \u017bo\u0142nierzy Niez\u0142omnych.\" \/>\n<meta name=\"robots\" content=\"index, follow, max-snippet:-1, max-image-preview:large, max-video-preview:-1\" \/>\n<link rel=\"canonical\" href=\"https:\/\/ownetic.com\/wydarzenia\/2016\/02\/obchody-dnia-pamieci-zolnierzy-wykletych-muzeum-wojska-polskiego-warszawa\/\" \/>\n<meta name=\"twitter:card\" content=\"summary_large_image\" \/>\n<meta name=\"twitter:title\" content=\"Obchody Dnia Pami\u0119ci \u017bo\u0142nierzy Wykl\u0119tych\" \/>\n<meta name=\"twitter:description\" content=\"Obchody Dnia Pami\u0119ci \u017bo\u0142nierzy Wykl\u0119tych w Muzeum Wojska Polskiego otworzy wystawa prezentuj\u0105ca sylwetki o\u015bmiu \u017bo\u0142nierzy Niez\u0142omnych.\" \/>\n<meta name=\"twitter:image\" content=\"https:\/\/ownetic.com\/wydarzenia\/wp-content\/uploads\/2016\/02\/zolnierze-wykleci-muzeum-wojska-polskiego-warszawa-2016-02-25-001.jpg\" \/>\n<meta name=\"twitter:label1\" content=\"Napisane przez\" \/>\n\t<meta name=\"twitter:data1\" content=\"ewa-nowicka\" \/>\n\t<meta name=\"twitter:label2\" content=\"Szacowany czas czytania\" \/>\n\t<meta name=\"twitter:data2\" content=\"3 minuty\" \/>\n<script type=\"application\/ld+json\" class=\"yoast-schema-graph\">{\"@context\":\"https:\/\/schema.org\",\"@graph\":[{\"@type\":\"WebSite\",\"@id\":\"https:\/\/ownetic.com\/wydarzenia\/#website\",\"url\":\"https:\/\/ownetic.com\/wydarzenia\/\",\"name\":\"Wydarzenia O.pl\",\"description\":\"Przestrze\u0144 prezentacji najwa\u017cniejszych wydarze\u0144 z takich dziedzin, jak: sztuka, design, fotografia, film, muzyka, teatr, literatura, historia, taniec, architektura\",\"potentialAction\":[{\"@type\":\"SearchAction\",\"target\":{\"@type\":\"EntryPoint\",\"urlTemplate\":\"https:\/\/ownetic.com\/wydarzenia\/?s={search_term_string}\"},\"query-input\":\"required name=search_term_string\"}],\"inLanguage\":\"pl-PL\"},{\"@type\":\"ImageObject\",\"inLanguage\":\"pl-PL\",\"@id\":\"https:\/\/ownetic.com\/wydarzenia\/2016\/02\/obchody-dnia-pamieci-zolnierzy-wykletych-muzeum-wojska-polskiego-warszawa\/#primaryimage\",\"url\":\"https:\/\/ownetic.com\/wydarzenia\/wp-content\/uploads\/2016\/02\/zolnierze-wykleci-muzeum-wojska-polskiego-warszawa-2016-02-25-001.jpg\",\"contentUrl\":\"https:\/\/ownetic.com\/wydarzenia\/wp-content\/uploads\/2016\/02\/zolnierze-wykleci-muzeum-wojska-polskiego-warszawa-2016-02-25-001.jpg\",\"caption\":\"Obchody Dnia Pami\u0119ci \u017bo\u0142nierzy Wykl\u0119tych \u2013 plakat (\u017ar\u00f3d\u0142o: materia\u0142y prasowe)\"},{\"@type\":\"WebPage\",\"@id\":\"https:\/\/ownetic.com\/wydarzenia\/2016\/02\/obchody-dnia-pamieci-zolnierzy-wykletych-muzeum-wojska-polskiego-warszawa\/#webpage\",\"url\":\"https:\/\/ownetic.com\/wydarzenia\/2016\/02\/obchody-dnia-pamieci-zolnierzy-wykletych-muzeum-wojska-polskiego-warszawa\/\",\"name\":\"Obchody Dnia Pami\u0119ci \u017bo\u0142nierzy Wykl\u0119tych\",\"isPartOf\":{\"@id\":\"https:\/\/ownetic.com\/wydarzenia\/#website\"},\"primaryImageOfPage\":{\"@id\":\"https:\/\/ownetic.com\/wydarzenia\/2016\/02\/obchody-dnia-pamieci-zolnierzy-wykletych-muzeum-wojska-polskiego-warszawa\/#primaryimage\"},\"datePublished\":\"2016-02-24T23:00:15+00:00\",\"dateModified\":\"2016-04-11T09:52:16+00:00\",\"author\":{\"@id\":\"https:\/\/ownetic.com\/wydarzenia\/#\/schema\/person\/387f348b5e3a0e229c7908b995fa4080\"},\"description\":\"Obchody Dnia Pami\u0119ci \u017bo\u0142nierzy Wykl\u0119tych w Muzeum Wojska Polskiego otworzy wystawa prezentuj\u0105ca sylwetki o\u015bmiu \u017bo\u0142nierzy Niez\u0142omnych.\",\"breadcrumb\":{\"@id\":\"https:\/\/ownetic.com\/wydarzenia\/2016\/02\/obchody-dnia-pamieci-zolnierzy-wykletych-muzeum-wojska-polskiego-warszawa\/#breadcrumb\"},\"inLanguage\":\"pl-PL\",\"potentialAction\":[{\"@type\":\"ReadAction\",\"target\":[\"https:\/\/ownetic.com\/wydarzenia\/2016\/02\/obchody-dnia-pamieci-zolnierzy-wykletych-muzeum-wojska-polskiego-warszawa\/\"]}]},{\"@type\":\"BreadcrumbList\",\"@id\":\"https:\/\/ownetic.com\/wydarzenia\/2016\/02\/obchody-dnia-pamieci-zolnierzy-wykletych-muzeum-wojska-polskiego-warszawa\/#breadcrumb\",\"itemListElement\":[{\"@type\":\"ListItem\",\"position\":1,\"name\":\"Strona g\u0142\u00f3wna\",\"item\":\"https:\/\/ownetic.com\/wydarzenia\/\"},{\"@type\":\"ListItem\",\"position\":2,\"name\":\"Obchody Dnia Pami\u0119ci \u017bo\u0142nierzy Wykl\u0119tych\"}]},{\"@type\":\"Person\",\"@id\":\"https:\/\/ownetic.com\/wydarzenia\/#\/schema\/person\/387f348b5e3a0e229c7908b995fa4080\",\"name\":\"ewa-nowicka\",\"url\":\"https:\/\/ownetic.com\/wydarzenia\/author\/ewa-nowicka\/\"}]}<\/script>\n<!-- \/ Yoast SEO plugin. -->","yoast_head_json":{"title":"Obchody Dnia Pami\u0119ci \u017bo\u0142nierzy Wykl\u0119tych","description":"Obchody Dnia Pami\u0119ci \u017bo\u0142nierzy Wykl\u0119tych w Muzeum Wojska Polskiego otworzy wystawa prezentuj\u0105ca sylwetki o\u015bmiu \u017bo\u0142nierzy Niez\u0142omnych.","robots":{"index":"index","follow":"follow","max-snippet":"max-snippet:-1","max-image-preview":"max-image-preview:large","max-video-preview":"max-video-preview:-1"},"canonical":"https:\/\/ownetic.com\/wydarzenia\/2016\/02\/obchody-dnia-pamieci-zolnierzy-wykletych-muzeum-wojska-polskiego-warszawa\/","twitter_card":"summary_large_image","twitter_title":"Obchody Dnia Pami\u0119ci \u017bo\u0142nierzy Wykl\u0119tych","twitter_description":"Obchody Dnia Pami\u0119ci \u017bo\u0142nierzy Wykl\u0119tych w Muzeum Wojska Polskiego otworzy wystawa prezentuj\u0105ca sylwetki o\u015bmiu \u017bo\u0142nierzy Niez\u0142omnych.","twitter_image":"https:\/\/ownetic.com\/wydarzenia\/wp-content\/uploads\/2016\/02\/zolnierze-wykleci-muzeum-wojska-polskiego-warszawa-2016-02-25-001.jpg","twitter_misc":{"Napisane przez":"ewa-nowicka","Szacowany czas czytania":"3 minuty"},"schema":{"@context":"https:\/\/schema.org","@graph":[{"@type":"WebSite","@id":"https:\/\/ownetic.com\/wydarzenia\/#website","url":"https:\/\/ownetic.com\/wydarzenia\/","name":"Wydarzenia O.pl","description":"Przestrze\u0144 prezentacji najwa\u017cniejszych wydarze\u0144 z takich dziedzin, jak: sztuka, design, fotografia, film, muzyka, teatr, literatura, historia, taniec, architektura","potentialAction":[{"@type":"SearchAction","target":{"@type":"EntryPoint","urlTemplate":"https:\/\/ownetic.com\/wydarzenia\/?s={search_term_string}"},"query-input":"required name=search_term_string"}],"inLanguage":"pl-PL"},{"@type":"ImageObject","inLanguage":"pl-PL","@id":"https:\/\/ownetic.com\/wydarzenia\/2016\/02\/obchody-dnia-pamieci-zolnierzy-wykletych-muzeum-wojska-polskiego-warszawa\/#primaryimage","url":"https:\/\/ownetic.com\/wydarzenia\/wp-content\/uploads\/2016\/02\/zolnierze-wykleci-muzeum-wojska-polskiego-warszawa-2016-02-25-001.jpg","contentUrl":"https:\/\/ownetic.com\/wydarzenia\/wp-content\/uploads\/2016\/02\/zolnierze-wykleci-muzeum-wojska-polskiego-warszawa-2016-02-25-001.jpg","caption":"Obchody Dnia Pami\u0119ci \u017bo\u0142nierzy Wykl\u0119tych \u2013 plakat (\u017ar\u00f3d\u0142o: materia\u0142y prasowe)"},{"@type":"WebPage","@id":"https:\/\/ownetic.com\/wydarzenia\/2016\/02\/obchody-dnia-pamieci-zolnierzy-wykletych-muzeum-wojska-polskiego-warszawa\/#webpage","url":"https:\/\/ownetic.com\/wydarzenia\/2016\/02\/obchody-dnia-pamieci-zolnierzy-wykletych-muzeum-wojska-polskiego-warszawa\/","name":"Obchody Dnia Pami\u0119ci \u017bo\u0142nierzy Wykl\u0119tych","isPartOf":{"@id":"https:\/\/ownetic.com\/wydarzenia\/#website"},"primaryImageOfPage":{"@id":"https:\/\/ownetic.com\/wydarzenia\/2016\/02\/obchody-dnia-pamieci-zolnierzy-wykletych-muzeum-wojska-polskiego-warszawa\/#primaryimage"},"datePublished":"2016-02-24T23:00:15+00:00","dateModified":"2016-04-11T09:52:16+00:00","author":{"@id":"https:\/\/ownetic.com\/wydarzenia\/#\/schema\/person\/387f348b5e3a0e229c7908b995fa4080"},"description":"Obchody Dnia Pami\u0119ci \u017bo\u0142nierzy Wykl\u0119tych w Muzeum Wojska Polskiego otworzy wystawa prezentuj\u0105ca sylwetki o\u015bmiu \u017bo\u0142nierzy Niez\u0142omnych.","breadcrumb":{"@id":"https:\/\/ownetic.com\/wydarzenia\/2016\/02\/obchody-dnia-pamieci-zolnierzy-wykletych-muzeum-wojska-polskiego-warszawa\/#breadcrumb"},"inLanguage":"pl-PL","potentialAction":[{"@type":"ReadAction","target":["https:\/\/ownetic.com\/wydarzenia\/2016\/02\/obchody-dnia-pamieci-zolnierzy-wykletych-muzeum-wojska-polskiego-warszawa\/"]}]},{"@type":"BreadcrumbList","@id":"https:\/\/ownetic.com\/wydarzenia\/2016\/02\/obchody-dnia-pamieci-zolnierzy-wykletych-muzeum-wojska-polskiego-warszawa\/#breadcrumb","itemListElement":[{"@type":"ListItem","position":1,"name":"Strona g\u0142\u00f3wna","item":"https:\/\/ownetic.com\/wydarzenia\/"},{"@type":"ListItem","position":2,"name":"Obchody Dnia Pami\u0119ci \u017bo\u0142nierzy Wykl\u0119tych"}]},{"@type":"Person","@id":"https:\/\/ownetic.com\/wydarzenia\/#\/schema\/person\/387f348b5e3a0e229c7908b995fa4080","name":"ewa-nowicka","url":"https:\/\/ownetic.com\/wydarzenia\/author\/ewa-nowicka\/"}]}},"_links":{"self":[{"href":"https:\/\/ownetic.com\/wydarzenia\/wp-json\/wp\/v2\/posts\/62312"}],"collection":[{"href":"https:\/\/ownetic.com\/wydarzenia\/wp-json\/wp\/v2\/posts"}],"about":[{"href":"https:\/\/ownetic.com\/wydarzenia\/wp-json\/wp\/v2\/types\/post"}],"author":[{"embeddable":true,"href":"https:\/\/ownetic.com\/wydarzenia\/wp-json\/wp\/v2\/users\/80"}],"replies":[{"embeddable":true,"href":"https:\/\/ownetic.com\/wydarzenia\/wp-json\/wp\/v2\/comments?post=62312"}],"version-history":[{"count":0,"href":"https:\/\/ownetic.com\/wydarzenia\/wp-json\/wp\/v2\/posts\/62312\/revisions"}],"wp:featuredmedia":[{"embeddable":true,"href":"https:\/\/ownetic.com\/wydarzenia\/wp-json\/wp\/v2\/media\/62313"}],"wp:attachment":[{"href":"https:\/\/ownetic.com\/wydarzenia\/wp-json\/wp\/v2\/media?parent=62312"}],"wp:term":[{"taxonomy":"category","embeddable":true,"href":"https:\/\/ownetic.com\/wydarzenia\/wp-json\/wp\/v2\/categories?post=62312"},{"taxonomy":"post_tag","embeddable":true,"href":"https:\/\/ownetic.com\/wydarzenia\/wp-json\/wp\/v2\/tags?post=62312"},{"taxonomy":"powerkit_post_featured","embeddable":true,"href":"https:\/\/ownetic.com\/wydarzenia\/wp-json\/wp\/v2\/powerkit_post_featured?post=62312"}],"curies":[{"name":"wp","href":"https:\/\/api.w.org\/{rel}","templated":true}]}}