{"id":63453,"date":"2016-04-25T00:00:43","date_gmt":"2016-04-24T23:00:43","guid":{"rendered":"https:\/\/ownetic.com\/wydarzenia\/?p=63453"},"modified":"2016-10-03T15:38:50","modified_gmt":"2016-10-03T14:38:50","slug":"jak-pies-z-kotem-kamienica-hipolitow-krakow","status":"publish","type":"post","link":"https:\/\/ownetic.com\/wydarzenia\/2016\/04\/jak-pies-z-kotem-kamienica-hipolitow-krakow\/","title":{"rendered":"Jak pies z kotem"},"content":{"rendered":"<p>Wed\u0142ug wynik\u00f3w przeprowadzonego w 2014 roku sonda\u017cu w 48 procentach polskich domostw mieszka zwierz\u0119. W\u015br\u00f3d zwierz\u0105t domowych w Polsce zdecydowanie\u00a0przewa\u017caj\u0105 psy (8 milion\u00f3w) i koty (6 milion\u00f3w). To w\u0142a\u015bnie im, najpopularniejszym zwierz\u0119cym towarzyszom ludzkiej codzienno\u015bci, po\u015bwi\u0119cono wystaw\u0119\u00a0<em>Jak pies z kotem<\/em>.<\/p>\n<figure id=\"attachment_63462\" aria-describedby=\"caption-attachment-63462\" style=\"width: 576px\" class=\"wp-caption alignnone\"><a href=\"https:\/\/ownetic.com\/wydarzenia\/2016\/04\/jak-pies-z-kotem-kamienica-hipolitow-krakow\/kamienica-hipolitow-jak-pies-z-kotem-mhk-krakow-2016-04-25-006\/\" rel=\"attachment wp-att-63462\"><img loading=\"lazy\" class=\"size-medium wp-image-63462\" title=\"Janina Ga\u0142uszkowa ze znajom\u0105 i kotem uk\u0142adaj\u0105cym pasjansa, fot. nieznany, lata 30. XX w. (\u017ar\u00f3d\u0142o: materia\u0142y prasowe)\" src=\"https:\/\/ownetic.com\/wydarzenia\/wp-content\/uploads\/2016\/04\/kamienica-hipolitow-jak-pies-z-kotem-mhk-krakow-2016-04-25-006-576x381.jpg\" alt=\"Janina Ga\u0142uszkowa ze znajom\u0105 i kotem uk\u0142adaj\u0105cym pasjansa, fot. nieznany, lata 30. XX w. (\u017ar\u00f3d\u0142o: materia\u0142y prasowe)\" width=\"576\" height=\"381\" \/><\/a><figcaption id=\"caption-attachment-63462\" class=\"wp-caption-text\">Janina Ga\u0142uszkowa ze znajom\u0105 i kotem uk\u0142adaj\u0105cym pasjansa, fot. nieznany, lata 30. XX w. (\u017ar\u00f3d\u0142o: materia\u0142y prasowe)<\/figcaption><\/figure>\n<p>Ekspozycja b\u0119dzie prezentowana w Kamienicy Hipolit\u00f3w, oddziale Muzeum Historycznego Miasta Krakowa. Miejsce to jest szczeg\u00f3lnie predestynowane do przedstawienia relacji mi\u0119dzygatunkowych z uwagi na obecno\u015b\u0107 mieszkaj\u0105cego tam od ponad 12 lat kota Hipolita.<\/p>\n<div id='gallery-1' class='gallery galleryid-63453 gallery-columns-6 gallery-size-thumbnail'><figure class='gallery-item'>\n\t\t\t<div class='gallery-icon '>\n\t\t\t\t<a href='https:\/\/ownetic.com\/wydarzenia\/2016\/04\/jak-pies-z-kotem-kamienica-hipolitow-krakow\/kamienica-hipolitow-jak-pies-z-kotem-mhk-krakow-2016-04-25-006\/'><img width=\"1\" height=\"1\" src=\"https:\/\/ownetic.com\/wydarzenia\/wp-content\/uploads\/2016\/04\/kamienica-hipolitow-jak-pies-z-kotem-mhk-krakow-2016-04-25-006.jpg\" class=\"attachment-thumbnail size-thumbnail\" alt=\"Janina Ga\u0142uszkowa ze znajom\u0105 i kotem uk\u0142adaj\u0105cym pasjansa, fot. nieznany, lata 30. XX w. (\u017ar\u00f3d\u0142o: materia\u0142y prasowe)\" loading=\"lazy\" aria-describedby=\"gallery-1-63462\" \/><\/a>\n\t\t\t<\/div>\n\t\t\t\t<figcaption class='wp-caption-text gallery-caption' id='gallery-1-63462'>\n\t\t\t\tJanina Ga\u0142uszkowa ze znajom\u0105 i kotem uk\u0142adaj\u0105cym pasjansa, fot. nieznany, lata 30. XX w. (\u017ar\u00f3d\u0142o: materia\u0142y prasowe)\n\t\t\t\t<\/figcaption><\/figure><figure class='gallery-item'>\n\t\t\t<div class='gallery-icon '>\n\t\t\t\t<a href='https:\/\/ownetic.com\/wydarzenia\/2016\/04\/jak-pies-z-kotem-kamienica-hipolitow-krakow\/layout-1-7\/'><img width=\"1\" height=\"1\" src=\"https:\/\/ownetic.com\/wydarzenia\/wp-content\/uploads\/2016\/04\/kamienica-hipolitow-jak-pies-z-kotem-mhk-krakow-2016-04-25-008.jpg\" class=\"attachment-thumbnail size-thumbnail\" alt=\"\u201eJak pies z kotem\u201d \u2013 plakat (\u017ar\u00f3d\u0142o: materia\u0142y prasowe)\" loading=\"lazy\" aria-describedby=\"gallery-1-63461\" \/><\/a>\n\t\t\t<\/div>\n\t\t\t\t<figcaption class='wp-caption-text gallery-caption' id='gallery-1-63461'>\n\t\t\t\t\u201eJak pies z kotem\u201d \u2013 plakat (\u017ar\u00f3d\u0142o: materia\u0142y prasowe)\n\t\t\t\t<\/figcaption><\/figure><figure class='gallery-item'>\n\t\t\t<div class='gallery-icon '>\n\t\t\t\t<a href='https:\/\/ownetic.com\/wydarzenia\/2016\/04\/jak-pies-z-kotem-kamienica-hipolitow-krakow\/kamienica-hipolitow-jak-pies-z-kotem-mhk-krakow-2016-04-25-007\/'><img width=\"1\" height=\"1\" src=\"https:\/\/ownetic.com\/wydarzenia\/wp-content\/uploads\/2016\/04\/kamienica-hipolitow-jak-pies-z-kotem-mhk-krakow-2016-04-25-007.jpg\" class=\"attachment-thumbnail size-thumbnail\" alt=\"Z wystawy \u201eJak pies z kotem\u201d (\u017ar\u00f3d\u0142o: materia\u0142y prasowe)\" loading=\"lazy\" aria-describedby=\"gallery-1-63460\" \/><\/a>\n\t\t\t<\/div>\n\t\t\t\t<figcaption class='wp-caption-text gallery-caption' id='gallery-1-63460'>\n\t\t\t\tZ wystawy \u201eJak pies z kotem\u201d (\u017ar\u00f3d\u0142o: materia\u0142y prasowe)\n\t\t\t\t<\/figcaption><\/figure><figure class='gallery-item'>\n\t\t\t<div class='gallery-icon '>\n\t\t\t\t<a href='https:\/\/ownetic.com\/wydarzenia\/2016\/04\/jak-pies-z-kotem-kamienica-hipolitow-krakow\/kamienica-hipolitow-jak-pies-z-kotem-mhk-krakow-2016-04-25-005\/'><img width=\"1\" height=\"1\" src=\"https:\/\/ownetic.com\/wydarzenia\/wp-content\/uploads\/2016\/04\/kamienica-hipolitow-jak-pies-z-kotem-mhk-krakow-2016-04-25-005.jpg\" class=\"attachment-thumbnail size-thumbnail\" alt=\"Lecznica Zwi\u0105zku Opieki nad Zwierz\u0119tami w Krakowie, fot. Henryk Hermanowicz, ok. 1946 (\u017ar\u00f3d\u0142o: materia\u0142y prasowe)\" loading=\"lazy\" aria-describedby=\"gallery-1-63458\" \/><\/a>\n\t\t\t<\/div>\n\t\t\t\t<figcaption class='wp-caption-text gallery-caption' id='gallery-1-63458'>\n\t\t\t\tLecznica Zwi\u0105zku Opieki nad Zwierz\u0119tami w Krakowie, fot. Henryk Hermanowicz, ok. 1946 (\u017ar\u00f3d\u0142o: materia\u0142y prasowe)\n\t\t\t\t<\/figcaption><\/figure><figure class='gallery-item'>\n\t\t\t<div class='gallery-icon '>\n\t\t\t\t<a href='https:\/\/ownetic.com\/wydarzenia\/2016\/04\/jak-pies-z-kotem-kamienica-hipolitow-krakow\/kamienica-hipolitow-jak-pies-z-kotem-mhk-krakow-2016-04-25-004\/'><img width=\"1\" height=\"1\" src=\"https:\/\/ownetic.com\/wydarzenia\/wp-content\/uploads\/2016\/04\/kamienica-hipolitow-jak-pies-z-kotem-mhk-krakow-2016-04-25-004.jpg\" class=\"attachment-thumbnail size-thumbnail\" alt=\"Konstancja Bednarzewska z chorym pieskiem, fot. nieznany, lata 20. XX w. (\u017ar\u00f3d\u0142o: materia\u0142y prasowe)\" loading=\"lazy\" aria-describedby=\"gallery-1-63457\" \/><\/a>\n\t\t\t<\/div>\n\t\t\t\t<figcaption class='wp-caption-text gallery-caption' id='gallery-1-63457'>\n\t\t\t\tKonstancja Bednarzewska z chorym pieskiem, fot. nieznany, lata 20. XX w. (\u017ar\u00f3d\u0142o: materia\u0142y prasowe)\n\t\t\t\t<\/figcaption><\/figure><figure class='gallery-item'>\n\t\t\t<div class='gallery-icon '>\n\t\t\t\t<a href='https:\/\/ownetic.com\/wydarzenia\/2016\/04\/jak-pies-z-kotem-kamienica-hipolitow-krakow\/kamienica-hipolitow-jak-pies-z-kotem-mhk-krakow-2016-04-25-003\/'><img width=\"1\" height=\"1\" src=\"https:\/\/ownetic.com\/wydarzenia\/wp-content\/uploads\/2016\/04\/kamienica-hipolitow-jak-pies-z-kotem-mhk-krakow-2016-04-25-003.jpg\" class=\"attachment-thumbnail size-thumbnail\" alt=\"Gabriela Zapolska z psem, fot. nieznany, ok. 1906 (\u017ar\u00f3d\u0142o: materia\u0142y prasowe)\" loading=\"lazy\" aria-describedby=\"gallery-1-63456\" \/><\/a>\n\t\t\t<\/div>\n\t\t\t\t<figcaption class='wp-caption-text gallery-caption' id='gallery-1-63456'>\n\t\t\t\tGabriela Zapolska z psem, fot. nieznany, ok. 1906 (\u017ar\u00f3d\u0142o: materia\u0142y prasowe)\n\t\t\t\t<\/figcaption><\/figure><figure class='gallery-item'>\n\t\t\t<div class='gallery-icon '>\n\t\t\t\t<a href='https:\/\/ownetic.com\/wydarzenia\/2016\/04\/jak-pies-z-kotem-kamienica-hipolitow-krakow\/kamienica-hipolitow-jak-pies-z-kotem-mhk-krakow-2016-04-25-002\/'><img width=\"1\" height=\"1\" src=\"https:\/\/ownetic.com\/wydarzenia\/wp-content\/uploads\/2016\/04\/kamienica-hipolitow-jak-pies-z-kotem-mhk-krakow-2016-04-25-002.jpg\" class=\"attachment-thumbnail size-thumbnail\" alt=\"Dzie\u0144 Dobroci dla Zwierz\u0105t, fot. Agencja Fotograficzna \u015awiatowid, 1939 (\u017ar\u00f3d\u0142o: materia\u0142y prasowe)\" loading=\"lazy\" aria-describedby=\"gallery-1-63455\" \/><\/a>\n\t\t\t<\/div>\n\t\t\t\t<figcaption class='wp-caption-text gallery-caption' id='gallery-1-63455'>\n\t\t\t\tDzie\u0144 Dobroci dla Zwierz\u0105t, fot. Agencja Fotograficzna \u015awiatowid, 1939 (\u017ar\u00f3d\u0142o: materia\u0142y prasowe)\n\t\t\t\t<\/figcaption><\/figure><figure class='gallery-item'>\n\t\t\t<div class='gallery-icon '>\n\t\t\t\t<a href='https:\/\/ownetic.com\/wydarzenia\/2016\/04\/jak-pies-z-kotem-kamienica-hipolitow-krakow\/kamienica-hipolitow-jak-pies-z-kotem-mhk-krakow-2016-04-25-001\/'><img width=\"1\" height=\"1\" src=\"https:\/\/ownetic.com\/wydarzenia\/wp-content\/uploads\/2016\/04\/kamienica-hipolitow-jak-pies-z-kotem-mhk-krakow-2016-04-25-001.jpg\" class=\"attachment-thumbnail size-thumbnail\" alt=\"Szerusia, buldo\u017cek francuski przygarni\u0119ty przez Iren\u0119 Dro\u017adzikowsk\u0105 po likwidacji getta krakowskiego, fot. nieznany, 1942 (\u017ar\u00f3d\u0142o: materia\u0142y prasowe)\" loading=\"lazy\" aria-describedby=\"gallery-1-63454\" \/><\/a>\n\t\t\t<\/div>\n\t\t\t\t<figcaption class='wp-caption-text gallery-caption' id='gallery-1-63454'>\n\t\t\t\tSzerusia, buldo\u017cek francuski przygarni\u0119ty przez Iren\u0119 Dro\u017adzikowsk\u0105 po likwidacji getta krakowskiego, fot. nieznany, 1942 (\u017ar\u00f3d\u0142o: materia\u0142y prasowe)\n\t\t\t\t<\/figcaption><\/figure>\n\t\t<\/div>\n\n<p>Swoisty aneks do wystawy, kt\u00f3ry w toku prac przygotowawczych rozr\u00f3s\u0142 si\u0119 do rozmiar\u00f3w odr\u0119bnej ekspozycji, stanowi prezentacja dzia\u0142alno\u015bci krakowskiego Zwi\u0105zku Opieki nad Zwierz\u0119tami (ZOZ) w piwnicach Pa\u0142acu Krzysztofory. B\u0119dzie to pierwsza wystawa po\u015bwi\u0119cona stowarzyszeniu, kt\u00f3re od pocz\u0105tku istnienia (1928) zachowa\u0142o pe\u0142n\u0105 niezale\u017cno\u015b\u0107, nie zdecydowawszy si\u0119 na w\u0142\u0105czenie w struktury Towarzystwa Opieki nad Zwierz\u0119tami z siedzib\u0105 w Warszawie.<\/p>\n<figure id=\"attachment_63454\" aria-describedby=\"caption-attachment-63454\" style=\"width: 431px\" class=\"wp-caption alignnone\"><a href=\"https:\/\/ownetic.com\/wydarzenia\/2016\/04\/jak-pies-z-kotem-kamienica-hipolitow-krakow\/kamienica-hipolitow-jak-pies-z-kotem-mhk-krakow-2016-04-25-001\/\" rel=\"attachment wp-att-63454\"><img loading=\"lazy\" class=\"size-large wp-image-63454\" title=\"Szerusia, buldo\u017cek francuski przygarni\u0119ty przez Iren\u0119 Dro\u017adzikowsk\u0105 po likwidacji getta krakowskiego, fot. nieznany, 1942 (\u017ar\u00f3d\u0142o: materia\u0142y prasowe)\" src=\"https:\/\/ownetic.com\/wydarzenia\/wp-content\/uploads\/2016\/04\/kamienica-hipolitow-jak-pies-z-kotem-mhk-krakow-2016-04-25-001-431x600.jpg\" alt=\"Szerusia, buldo\u017cek francuski przygarni\u0119ty przez Iren\u0119 Dro\u017adzikowsk\u0105 po likwidacji getta krakowskiego, fot. nieznany, 1942 (\u017ar\u00f3d\u0142o: materia\u0142y prasowe)\" width=\"431\" height=\"600\" \/><\/a><figcaption id=\"caption-attachment-63454\" class=\"wp-caption-text\">Szerusia, buldo\u017cek francuski przygarni\u0119ty przez Iren\u0119 Dro\u017adzikowsk\u0105 po likwidacji getta krakowskiego, fot. nieznany, 1942 (\u017ar\u00f3d\u0142o: materia\u0142y prasowe)<\/figcaption><\/figure>\n<p>W obu miejscach wydzielono przestrzenie partycypacji \u2013 jedn\u0105 dedykowan\u0105 pupilom zwiedzaj\u0105cych, drug\u0105 zwierzakom z krakowskiego schroniska wytypowanym do adopcji.<\/p>\n<figure id=\"attachment_63458\" aria-describedby=\"caption-attachment-63458\" style=\"width: 576px\" class=\"wp-caption alignnone\"><a href=\"https:\/\/ownetic.com\/wydarzenia\/2016\/04\/jak-pies-z-kotem-kamienica-hipolitow-krakow\/kamienica-hipolitow-jak-pies-z-kotem-mhk-krakow-2016-04-25-005\/\" rel=\"attachment wp-att-63458\"><img loading=\"lazy\" class=\"size-medium wp-image-63458\" title=\"Lecznica Zwi\u0105zku Opieki nad Zwierz\u0119tami w Krakowie, fot. Henryk Hermanowicz, ok. 1946 (\u017ar\u00f3d\u0142o: materia\u0142y prasowe)\" src=\"https:\/\/ownetic.com\/wydarzenia\/wp-content\/uploads\/2016\/04\/kamienica-hipolitow-jak-pies-z-kotem-mhk-krakow-2016-04-25-005-576x392.jpg\" alt=\"Lecznica Zwi\u0105zku Opieki nad Zwierz\u0119tami w Krakowie, fot. Henryk Hermanowicz, ok. 1946 (\u017ar\u00f3d\u0142o: materia\u0142y prasowe)\" width=\"576\" height=\"392\" \/><\/a><figcaption id=\"caption-attachment-63458\" class=\"wp-caption-text\">Lecznica Zwi\u0105zku Opieki nad Zwierz\u0119tami w Krakowie, fot. Henryk Hermanowicz, ok. 1946 (\u017ar\u00f3d\u0142o: materia\u0142y prasowe)<\/figcaption><\/figure>\n<p>Otwarcie wystawy odb\u0119dzie si\u0119 29 kwietnia o godzinie 17.00 w sali audytoryjnej Kupferhaus w Pa\u0142acu Krzysztofory. Wernisa\u017c u\u015bwietni wyk\u0142ad profesor Jolanty Antas dotycz\u0105cy komunikacji mi\u0119dzygatunkowej.<\/p>\n<p><em>Jak pies z kotem<\/em>\u00a0to jedna z pierwszych wystaw po\u015bwi\u0119conych tematyce zwierz\u0119cej w uj\u0119ciu historycznym w Polsce.<\/p>\n<figure id=\"attachment_63456\" aria-describedby=\"caption-attachment-63456\" style=\"width: 381px\" class=\"wp-caption alignnone\"><a href=\"https:\/\/ownetic.com\/wydarzenia\/2016\/04\/jak-pies-z-kotem-kamienica-hipolitow-krakow\/kamienica-hipolitow-jak-pies-z-kotem-mhk-krakow-2016-04-25-003\/\" rel=\"attachment wp-att-63456\"><img loading=\"lazy\" class=\"size-large wp-image-63456\" title=\"Gabriela Zapolska z psem, fot. nieznany, ok. 1906 (\u017ar\u00f3d\u0142o: materia\u0142y prasowe)\" src=\"https:\/\/ownetic.com\/wydarzenia\/wp-content\/uploads\/2016\/04\/kamienica-hipolitow-jak-pies-z-kotem-mhk-krakow-2016-04-25-003-381x600.jpg\" alt=\"Gabriela Zapolska z psem, fot. nieznany, ok. 1906 (\u017ar\u00f3d\u0142o: materia\u0142y prasowe)\" width=\"381\" height=\"600\" \/><\/a><figcaption id=\"caption-attachment-63456\" class=\"wp-caption-text\">Gabriela Zapolska z psem, fot. nieznany, ok. 1906 (\u017ar\u00f3d\u0142o: materia\u0142y prasowe)<\/figcaption><\/figure>\n<p><em><strong>Jak pies z kotem<\/strong><\/em><br \/>\nWernisa\u017c: 29 kwietnia 2016 roku, godz. 17.00, Pa\u0142ac Krzysztofory<br \/>\nOd 30 kwietnia do 25 wrze\u015bnia 2016 roku<br \/>\nKamienica Hipolit\u00f3w,\u00a0Pa\u0142ac Krzysztofory<br \/>\nKrak\u00f3w<\/p>\n","protected":false},"excerpt":{"rendered":"<p>W 48 procentach polskich domostw mieszka zwierz\u0119. W\u015br\u00f3d zwierz\u0105t domowych w Polsce zdecydowanie przewa\u017caj\u0105 psy i koty. To w\u0142a\u015bnie im, najpopularniejszym towarzyszom ludzkiej codzienno\u015bci, po\u015bwi\u0119cono t\u0119 wystaw\u0119 \u2013 jedn\u0105 z pierwszych w Polsce prezentuj\u0105c\u0105 temat w uj\u0119ciu historycznym.<\/p>\n","protected":false},"author":80,"featured_media":63454,"comment_status":"open","ping_status":"closed","sticky":false,"template":"","format":"standard","meta":[],"categories":[21],"tags":[11239,4807,35,4712,4744],"powerkit_post_featured":[],"yoast_head":"<!-- This site is optimized with the Yoast SEO plugin v18.7 - https:\/\/yoast.com\/wordpress\/plugins\/seo\/ -->\n<title>Kamienica Hipolit\u00f3w: Jak pies z kotem<\/title>\n<meta name=\"description\" content=\"Wystawa Jak pies z kotem po\u015bwi\u0119cona jest tematyce zwierz\u0119cej w uj\u0119ciu historycznym. Miejsce jej prezentacji b\u0119dzie krakowska Kamienica Hipolit\u00f3w.\" \/>\n<meta name=\"robots\" content=\"index, follow, max-snippet:-1, max-image-preview:large, max-video-preview:-1\" \/>\n<link rel=\"canonical\" href=\"https:\/\/ownetic.com\/wydarzenia\/2016\/04\/jak-pies-z-kotem-kamienica-hipolitow-krakow\/\" \/>\n<meta name=\"twitter:card\" content=\"summary_large_image\" \/>\n<meta name=\"twitter:title\" content=\"Kamienica Hipolit\u00f3w: Jak pies z kotem\" \/>\n<meta name=\"twitter:description\" content=\"Wystawa Jak pies z kotem po\u015bwi\u0119cona jest tematyce zwierz\u0119cej w uj\u0119ciu historycznym. Miejsce jej prezentacji b\u0119dzie krakowska Kamienica Hipolit\u00f3w.\" \/>\n<meta name=\"twitter:image\" content=\"https:\/\/ownetic.com\/wydarzenia\/wp-content\/uploads\/2016\/04\/kamienica-hipolitow-jak-pies-z-kotem-mhk-krakow-2016-04-25-001.jpg\" \/>\n<meta name=\"twitter:label1\" content=\"Napisane przez\" \/>\n\t<meta name=\"twitter:data1\" content=\"ewa-nowicka\" \/>\n\t<meta name=\"twitter:label2\" content=\"Szacowany czas czytania\" \/>\n\t<meta name=\"twitter:data2\" content=\"2 minuty\" \/>\n<script type=\"application\/ld+json\" class=\"yoast-schema-graph\">{\"@context\":\"https:\/\/schema.org\",\"@graph\":[{\"@type\":\"WebSite\",\"@id\":\"https:\/\/ownetic.com\/wydarzenia\/#website\",\"url\":\"https:\/\/ownetic.com\/wydarzenia\/\",\"name\":\"Wydarzenia O.pl\",\"description\":\"Przestrze\u0144 prezentacji najwa\u017cniejszych wydarze\u0144 z takich dziedzin, jak: sztuka, design, fotografia, film, muzyka, teatr, literatura, historia, taniec, architektura\",\"potentialAction\":[{\"@type\":\"SearchAction\",\"target\":{\"@type\":\"EntryPoint\",\"urlTemplate\":\"https:\/\/ownetic.com\/wydarzenia\/?s={search_term_string}\"},\"query-input\":\"required name=search_term_string\"}],\"inLanguage\":\"pl-PL\"},{\"@type\":\"ImageObject\",\"inLanguage\":\"pl-PL\",\"@id\":\"https:\/\/ownetic.com\/wydarzenia\/2016\/04\/jak-pies-z-kotem-kamienica-hipolitow-krakow\/#primaryimage\",\"url\":\"https:\/\/ownetic.com\/wydarzenia\/wp-content\/uploads\/2016\/04\/kamienica-hipolitow-jak-pies-z-kotem-mhk-krakow-2016-04-25-001.jpg\",\"contentUrl\":\"https:\/\/ownetic.com\/wydarzenia\/wp-content\/uploads\/2016\/04\/kamienica-hipolitow-jak-pies-z-kotem-mhk-krakow-2016-04-25-001.jpg\",\"caption\":\"Szerusia, buldo\u017cek francuski przygarni\u0119ty przez Iren\u0119 Dro\u017adzikowsk\u0105 po likwidacji getta krakowskiego, fot. nieznany, 1942 (\u017ar\u00f3d\u0142o: materia\u0142y prasowe)\"},{\"@type\":\"WebPage\",\"@id\":\"https:\/\/ownetic.com\/wydarzenia\/2016\/04\/jak-pies-z-kotem-kamienica-hipolitow-krakow\/#webpage\",\"url\":\"https:\/\/ownetic.com\/wydarzenia\/2016\/04\/jak-pies-z-kotem-kamienica-hipolitow-krakow\/\",\"name\":\"Kamienica Hipolit\u00f3w: Jak pies z kotem\",\"isPartOf\":{\"@id\":\"https:\/\/ownetic.com\/wydarzenia\/#website\"},\"primaryImageOfPage\":{\"@id\":\"https:\/\/ownetic.com\/wydarzenia\/2016\/04\/jak-pies-z-kotem-kamienica-hipolitow-krakow\/#primaryimage\"},\"datePublished\":\"2016-04-24T23:00:43+00:00\",\"dateModified\":\"2016-10-03T14:38:50+00:00\",\"author\":{\"@id\":\"https:\/\/ownetic.com\/wydarzenia\/#\/schema\/person\/387f348b5e3a0e229c7908b995fa4080\"},\"description\":\"Wystawa Jak pies z kotem po\u015bwi\u0119cona jest tematyce zwierz\u0119cej w uj\u0119ciu historycznym. Miejsce jej prezentacji b\u0119dzie krakowska Kamienica Hipolit\u00f3w.\",\"breadcrumb\":{\"@id\":\"https:\/\/ownetic.com\/wydarzenia\/2016\/04\/jak-pies-z-kotem-kamienica-hipolitow-krakow\/#breadcrumb\"},\"inLanguage\":\"pl-PL\",\"potentialAction\":[{\"@type\":\"ReadAction\",\"target\":[\"https:\/\/ownetic.com\/wydarzenia\/2016\/04\/jak-pies-z-kotem-kamienica-hipolitow-krakow\/\"]}]},{\"@type\":\"BreadcrumbList\",\"@id\":\"https:\/\/ownetic.com\/wydarzenia\/2016\/04\/jak-pies-z-kotem-kamienica-hipolitow-krakow\/#breadcrumb\",\"itemListElement\":[{\"@type\":\"ListItem\",\"position\":1,\"name\":\"Strona g\u0142\u00f3wna\",\"item\":\"https:\/\/ownetic.com\/wydarzenia\/\"},{\"@type\":\"ListItem\",\"position\":2,\"name\":\"Jak pies z kotem\"}]},{\"@type\":\"Person\",\"@id\":\"https:\/\/ownetic.com\/wydarzenia\/#\/schema\/person\/387f348b5e3a0e229c7908b995fa4080\",\"name\":\"ewa-nowicka\",\"url\":\"https:\/\/ownetic.com\/wydarzenia\/author\/ewa-nowicka\/\"}]}<\/script>\n<!-- \/ Yoast SEO plugin. -->","yoast_head_json":{"title":"Kamienica Hipolit\u00f3w: Jak pies z kotem","description":"Wystawa Jak pies z kotem po\u015bwi\u0119cona jest tematyce zwierz\u0119cej w uj\u0119ciu historycznym. Miejsce jej prezentacji b\u0119dzie krakowska Kamienica Hipolit\u00f3w.","robots":{"index":"index","follow":"follow","max-snippet":"max-snippet:-1","max-image-preview":"max-image-preview:large","max-video-preview":"max-video-preview:-1"},"canonical":"https:\/\/ownetic.com\/wydarzenia\/2016\/04\/jak-pies-z-kotem-kamienica-hipolitow-krakow\/","twitter_card":"summary_large_image","twitter_title":"Kamienica Hipolit\u00f3w: Jak pies z kotem","twitter_description":"Wystawa Jak pies z kotem po\u015bwi\u0119cona jest tematyce zwierz\u0119cej w uj\u0119ciu historycznym. Miejsce jej prezentacji b\u0119dzie krakowska Kamienica Hipolit\u00f3w.","twitter_image":"https:\/\/ownetic.com\/wydarzenia\/wp-content\/uploads\/2016\/04\/kamienica-hipolitow-jak-pies-z-kotem-mhk-krakow-2016-04-25-001.jpg","twitter_misc":{"Napisane przez":"ewa-nowicka","Szacowany czas czytania":"2 minuty"},"schema":{"@context":"https:\/\/schema.org","@graph":[{"@type":"WebSite","@id":"https:\/\/ownetic.com\/wydarzenia\/#website","url":"https:\/\/ownetic.com\/wydarzenia\/","name":"Wydarzenia O.pl","description":"Przestrze\u0144 prezentacji najwa\u017cniejszych wydarze\u0144 z takich dziedzin, jak: sztuka, design, fotografia, film, muzyka, teatr, literatura, historia, taniec, architektura","potentialAction":[{"@type":"SearchAction","target":{"@type":"EntryPoint","urlTemplate":"https:\/\/ownetic.com\/wydarzenia\/?s={search_term_string}"},"query-input":"required name=search_term_string"}],"inLanguage":"pl-PL"},{"@type":"ImageObject","inLanguage":"pl-PL","@id":"https:\/\/ownetic.com\/wydarzenia\/2016\/04\/jak-pies-z-kotem-kamienica-hipolitow-krakow\/#primaryimage","url":"https:\/\/ownetic.com\/wydarzenia\/wp-content\/uploads\/2016\/04\/kamienica-hipolitow-jak-pies-z-kotem-mhk-krakow-2016-04-25-001.jpg","contentUrl":"https:\/\/ownetic.com\/wydarzenia\/wp-content\/uploads\/2016\/04\/kamienica-hipolitow-jak-pies-z-kotem-mhk-krakow-2016-04-25-001.jpg","caption":"Szerusia, buldo\u017cek francuski przygarni\u0119ty przez Iren\u0119 Dro\u017adzikowsk\u0105 po likwidacji getta krakowskiego, fot. nieznany, 1942 (\u017ar\u00f3d\u0142o: materia\u0142y prasowe)"},{"@type":"WebPage","@id":"https:\/\/ownetic.com\/wydarzenia\/2016\/04\/jak-pies-z-kotem-kamienica-hipolitow-krakow\/#webpage","url":"https:\/\/ownetic.com\/wydarzenia\/2016\/04\/jak-pies-z-kotem-kamienica-hipolitow-krakow\/","name":"Kamienica Hipolit\u00f3w: Jak pies z kotem","isPartOf":{"@id":"https:\/\/ownetic.com\/wydarzenia\/#website"},"primaryImageOfPage":{"@id":"https:\/\/ownetic.com\/wydarzenia\/2016\/04\/jak-pies-z-kotem-kamienica-hipolitow-krakow\/#primaryimage"},"datePublished":"2016-04-24T23:00:43+00:00","dateModified":"2016-10-03T14:38:50+00:00","author":{"@id":"https:\/\/ownetic.com\/wydarzenia\/#\/schema\/person\/387f348b5e3a0e229c7908b995fa4080"},"description":"Wystawa Jak pies z kotem po\u015bwi\u0119cona jest tematyce zwierz\u0119cej w uj\u0119ciu historycznym. Miejsce jej prezentacji b\u0119dzie krakowska Kamienica Hipolit\u00f3w.","breadcrumb":{"@id":"https:\/\/ownetic.com\/wydarzenia\/2016\/04\/jak-pies-z-kotem-kamienica-hipolitow-krakow\/#breadcrumb"},"inLanguage":"pl-PL","potentialAction":[{"@type":"ReadAction","target":["https:\/\/ownetic.com\/wydarzenia\/2016\/04\/jak-pies-z-kotem-kamienica-hipolitow-krakow\/"]}]},{"@type":"BreadcrumbList","@id":"https:\/\/ownetic.com\/wydarzenia\/2016\/04\/jak-pies-z-kotem-kamienica-hipolitow-krakow\/#breadcrumb","itemListElement":[{"@type":"ListItem","position":1,"name":"Strona g\u0142\u00f3wna","item":"https:\/\/ownetic.com\/wydarzenia\/"},{"@type":"ListItem","position":2,"name":"Jak pies z kotem"}]},{"@type":"Person","@id":"https:\/\/ownetic.com\/wydarzenia\/#\/schema\/person\/387f348b5e3a0e229c7908b995fa4080","name":"ewa-nowicka","url":"https:\/\/ownetic.com\/wydarzenia\/author\/ewa-nowicka\/"}]}},"_links":{"self":[{"href":"https:\/\/ownetic.com\/wydarzenia\/wp-json\/wp\/v2\/posts\/63453"}],"collection":[{"href":"https:\/\/ownetic.com\/wydarzenia\/wp-json\/wp\/v2\/posts"}],"about":[{"href":"https:\/\/ownetic.com\/wydarzenia\/wp-json\/wp\/v2\/types\/post"}],"author":[{"embeddable":true,"href":"https:\/\/ownetic.com\/wydarzenia\/wp-json\/wp\/v2\/users\/80"}],"replies":[{"embeddable":true,"href":"https:\/\/ownetic.com\/wydarzenia\/wp-json\/wp\/v2\/comments?post=63453"}],"version-history":[{"count":0,"href":"https:\/\/ownetic.com\/wydarzenia\/wp-json\/wp\/v2\/posts\/63453\/revisions"}],"wp:featuredmedia":[{"embeddable":true,"href":"https:\/\/ownetic.com\/wydarzenia\/wp-json\/wp\/v2\/media\/63454"}],"wp:attachment":[{"href":"https:\/\/ownetic.com\/wydarzenia\/wp-json\/wp\/v2\/media?parent=63453"}],"wp:term":[{"taxonomy":"category","embeddable":true,"href":"https:\/\/ownetic.com\/wydarzenia\/wp-json\/wp\/v2\/categories?post=63453"},{"taxonomy":"post_tag","embeddable":true,"href":"https:\/\/ownetic.com\/wydarzenia\/wp-json\/wp\/v2\/tags?post=63453"},{"taxonomy":"powerkit_post_featured","embeddable":true,"href":"https:\/\/ownetic.com\/wydarzenia\/wp-json\/wp\/v2\/powerkit_post_featured?post=63453"}],"curies":[{"name":"wp","href":"https:\/\/api.w.org\/{rel}","templated":true}]}}