{"id":68247,"date":"2016-12-05T00:00:17","date_gmt":"2016-12-04T23:00:17","guid":{"rendered":"https:\/\/ownetic.com\/wydarzenia\/?p=68247"},"modified":"2016-12-20T12:57:47","modified_gmt":"2016-12-20T11:57:47","slug":"diana-grabowska-laureatka-coming-out-2015-salon-akademii-warszawa","status":"publish","type":"post","link":"https:\/\/ownetic.com\/wydarzenia\/2016\/12\/diana-grabowska-laureatka-coming-out-2015-salon-akademii-warszawa\/","title":{"rendered":"Diana Grabowska. XM"},"content":{"rendered":"<p>Diana Grabowska tworzy mity. Historie o ludziach i przedmiotach, kt\u00f3re nie mog\u0105 si\u0119 wydarzy\u0107. Ale po dekonstrukcji znacze\u0144 zostaj\u0105 ubrane w nowe funkcje i sensy \u2013 staj\u0105 si\u0119 no\u015bnikami w\u0142asnej mitologii artystki.<\/p>\n<figure id=\"attachment_68261\" aria-describedby=\"caption-attachment-68261\" style=\"width: 576px\" class=\"wp-caption alignnone\"><a href=\"https:\/\/ownetic.com\/wydarzenia\/2016\/12\/diana-grabowska-laureatka-coming-out-2015-salon-akademii-warszawa\/diana-grabowska-salon-akademii-warszawa-2016-12-01-009\/\" rel=\"attachment wp-att-68261\"><img loading=\"lazy\" class=\"size-medium wp-image-68261\" title=\"Diana Grabowska, \u201eZ g\u0142owy\u201d, 2015 (\u017ar\u00f3d\u0142o: materia\u0142y prasowe organizatora)\" src=\"https:\/\/ownetic.com\/wydarzenia\/wp-content\/uploads\/2016\/12\/diana-grabowska-salon-akademii-warszawa-2016-12-01-009-576x394.jpg\" alt=\"Diana Grabowska, \u201eZ g\u0142owy\u201d, 2015 (\u017ar\u00f3d\u0142o: materia\u0142y prasowe organizatora)\" width=\"576\" height=\"394\" \/><\/a><figcaption id=\"caption-attachment-68261\" class=\"wp-caption-text\">Diana Grabowska, \u201eZ g\u0142owy\u201d, 2015 (\u017ar\u00f3d\u0142o: materia\u0142y prasowe organizatora)<\/figcaption><\/figure>\n<p>W centrum tw\u00f3rczo\u015bci Diany jest cz\u0142owiek. Cz\u0119sto tworzy go na swoje podobie\u0144stwo. Subiektywna optyka determinuje intymno\u015b\u0107 i indywidualno\u015b\u0107 spojrzenia artystki, skupionej na nadawaniu fizycznego kszta\u0142tu ulotnym stanom emocjonalnym. I cho\u0107 pozornie jej prace odwo\u0142uj\u0105 si\u0119 do bretonowskich ready-mades, to w rzeczywisto\u015bci bli\u017cej im do obiekt\u00f3w niemo\u017cliwych, mitycznych form pochodz\u0105cych z r\u00f3wnoleg\u0142ej rzeczywisto\u015bci, stworzonej nie po to, by ukrywa\u0107 prawd\u0119, ale by pokaza\u0107 wielo\u015b\u0107 mo\u017cliwo\u015bci.<\/p>\n<div id='gallery-1' class='gallery galleryid-68247 gallery-columns-6 gallery-size-thumbnail'><figure class='gallery-item'>\n\t\t\t<div class='gallery-icon portrait'>\n\t\t\t\t<a href='https:\/\/ownetic.com\/wydarzenia\/2016\/12\/diana-grabowska-laureatka-coming-out-2015-salon-akademii-warszawa\/diana-grabowska-salon-akademii-warszawa-2016-12-01-007\/'><img width=\"184\" height=\"200\" src=\"https:\/\/ownetic.com\/wydarzenia\/wp-content\/uploads\/2016\/11\/diana-grabowska-salon-akademii-warszawa-2016-12-01-007.jpg\" class=\"attachment-thumbnail size-thumbnail\" alt=\"Diana Grabowska, \u201eZ g\u0142owy\u201d, 2015 (\u017ar\u00f3d\u0142o: materia\u0142y prasowe organizatora)\" loading=\"lazy\" aria-describedby=\"gallery-1-68248\" \/><\/a>\n\t\t\t<\/div>\n\t\t\t\t<figcaption class='wp-caption-text gallery-caption' id='gallery-1-68248'>\n\t\t\t\tDiana Grabowska, \u201eZ g\u0142owy\u201d, 2015 (\u017ar\u00f3d\u0142o: materia\u0142y prasowe organizatora)\n\t\t\t\t<\/figcaption><\/figure><figure class='gallery-item'>\n\t\t\t<div class='gallery-icon '>\n\t\t\t\t<a href='https:\/\/ownetic.com\/wydarzenia\/2016\/12\/diana-grabowska-laureatka-coming-out-2015-salon-akademii-warszawa\/diana-grabowska-salon-akademii-warszawa-2016-12-01-001\/'><img width=\"1\" height=\"1\" src=\"https:\/\/ownetic.com\/wydarzenia\/wp-content\/uploads\/2016\/11\/diana-grabowska-salon-akademii-warszawa-2016-12-01-001.jpg\" class=\"attachment-thumbnail size-thumbnail\" alt=\"Diana Grabowska, \u201eZ g\u0142owy\u201d, 2015 (\u017ar\u00f3d\u0142o: materia\u0142y prasowe organizatora)\" loading=\"lazy\" aria-describedby=\"gallery-1-68249\" \/><\/a>\n\t\t\t<\/div>\n\t\t\t\t<figcaption class='wp-caption-text gallery-caption' id='gallery-1-68249'>\n\t\t\t\tDiana Grabowska, \u201eZ g\u0142owy\u201d, 2015 (\u017ar\u00f3d\u0142o: materia\u0142y prasowe organizatora)\n\t\t\t\t<\/figcaption><\/figure><figure class='gallery-item'>\n\t\t\t<div class='gallery-icon '>\n\t\t\t\t<a href='https:\/\/ownetic.com\/wydarzenia\/2016\/12\/diana-grabowska-laureatka-coming-out-2015-salon-akademii-warszawa\/diana-grabowska-salon-akademii-warszawa-2016-12-01-002\/'><img width=\"1\" height=\"1\" src=\"https:\/\/ownetic.com\/wydarzenia\/wp-content\/uploads\/2016\/11\/diana-grabowska-salon-akademii-warszawa-2016-12-01-002.jpg\" class=\"attachment-thumbnail size-thumbnail\" alt=\"Diana Grabowska, \u201eZ g\u0142owy\u201d, 2015 (\u017ar\u00f3d\u0142o: materia\u0142y prasowe organizatora)\" loading=\"lazy\" aria-describedby=\"gallery-1-68250\" \/><\/a>\n\t\t\t<\/div>\n\t\t\t\t<figcaption class='wp-caption-text gallery-caption' id='gallery-1-68250'>\n\t\t\t\tDiana Grabowska, \u201eZ g\u0142owy\u201d, 2015 (\u017ar\u00f3d\u0142o: materia\u0142y prasowe organizatora)\n\t\t\t\t<\/figcaption><\/figure><figure class='gallery-item'>\n\t\t\t<div class='gallery-icon '>\n\t\t\t\t<a href='https:\/\/ownetic.com\/wydarzenia\/2016\/12\/diana-grabowska-laureatka-coming-out-2015-salon-akademii-warszawa\/diana-grabowska-salon-akademii-warszawa-2016-12-01-003\/'><img width=\"1\" height=\"1\" src=\"https:\/\/ownetic.com\/wydarzenia\/wp-content\/uploads\/2016\/11\/diana-grabowska-salon-akademii-warszawa-2016-12-01-003.jpg\" class=\"attachment-thumbnail size-thumbnail\" alt=\"Diana Grabowska, \u201eZ g\u0142owy\u201d, 2015 (\u017ar\u00f3d\u0142o: materia\u0142y prasowe organizatora)\" loading=\"lazy\" aria-describedby=\"gallery-1-68251\" \/><\/a>\n\t\t\t<\/div>\n\t\t\t\t<figcaption class='wp-caption-text gallery-caption' id='gallery-1-68251'>\n\t\t\t\tDiana Grabowska, \u201eZ g\u0142owy\u201d, 2015 (\u017ar\u00f3d\u0142o: materia\u0142y prasowe organizatora)\n\t\t\t\t<\/figcaption><\/figure><figure class='gallery-item'>\n\t\t\t<div class='gallery-icon '>\n\t\t\t\t<a href='https:\/\/ownetic.com\/wydarzenia\/2016\/12\/diana-grabowska-laureatka-coming-out-2015-salon-akademii-warszawa\/diana-grabowska-salon-akademii-warszawa-2016-12-01-004\/'><img width=\"1\" height=\"1\" src=\"https:\/\/ownetic.com\/wydarzenia\/wp-content\/uploads\/2016\/11\/diana-grabowska-salon-akademii-warszawa-2016-12-01-004.jpg\" class=\"attachment-thumbnail size-thumbnail\" alt=\"Diana Grabowska, \u201eZ g\u0142owy\u201d, 2015 (\u017ar\u00f3d\u0142o: materia\u0142y prasowe organizatora)\" loading=\"lazy\" aria-describedby=\"gallery-1-68252\" \/><\/a>\n\t\t\t<\/div>\n\t\t\t\t<figcaption class='wp-caption-text gallery-caption' id='gallery-1-68252'>\n\t\t\t\tDiana Grabowska, \u201eZ g\u0142owy\u201d, 2015 (\u017ar\u00f3d\u0142o: materia\u0142y prasowe organizatora)\n\t\t\t\t<\/figcaption><\/figure><figure class='gallery-item'>\n\t\t\t<div class='gallery-icon '>\n\t\t\t\t<a href='https:\/\/ownetic.com\/wydarzenia\/2016\/12\/diana-grabowska-laureatka-coming-out-2015-salon-akademii-warszawa\/diana-grabowska-salon-akademii-warszawa-2016-12-01-005\/'><img width=\"1\" height=\"1\" src=\"https:\/\/ownetic.com\/wydarzenia\/wp-content\/uploads\/2016\/11\/diana-grabowska-salon-akademii-warszawa-2016-12-01-005.jpg\" class=\"attachment-thumbnail size-thumbnail\" alt=\"Diana Grabowska, \u201eZ g\u0142owy\u201d, 2015 (\u017ar\u00f3d\u0142o: materia\u0142y prasowe organizatora)\" loading=\"lazy\" aria-describedby=\"gallery-1-68253\" \/><\/a>\n\t\t\t<\/div>\n\t\t\t\t<figcaption class='wp-caption-text gallery-caption' id='gallery-1-68253'>\n\t\t\t\tDiana Grabowska, \u201eZ g\u0142owy\u201d, 2015 (\u017ar\u00f3d\u0142o: materia\u0142y prasowe organizatora)\n\t\t\t\t<\/figcaption><\/figure><figure class='gallery-item'>\n\t\t\t<div class='gallery-icon '>\n\t\t\t\t<a href='https:\/\/ownetic.com\/wydarzenia\/2016\/12\/diana-grabowska-laureatka-coming-out-2015-salon-akademii-warszawa\/diana-grabowska-salon-akademii-warszawa-2016-12-01-006\/'><img width=\"1\" height=\"1\" src=\"https:\/\/ownetic.com\/wydarzenia\/wp-content\/uploads\/2016\/11\/diana-grabowska-salon-akademii-warszawa-2016-12-01-006.jpg\" class=\"attachment-thumbnail size-thumbnail\" alt=\"Diana Grabowska, \u201eZ g\u0142owy\u201d, 2015 (\u017ar\u00f3d\u0142o: materia\u0142y prasowe organizatora)\" loading=\"lazy\" aria-describedby=\"gallery-1-68254\" \/><\/a>\n\t\t\t<\/div>\n\t\t\t\t<figcaption class='wp-caption-text gallery-caption' id='gallery-1-68254'>\n\t\t\t\tDiana Grabowska, \u201eZ g\u0142owy\u201d, 2015 (\u017ar\u00f3d\u0142o: materia\u0142y prasowe organizatora)\n\t\t\t\t<\/figcaption><\/figure><figure class='gallery-item'>\n\t\t\t<div class='gallery-icon '>\n\t\t\t\t<a href='https:\/\/ownetic.com\/wydarzenia\/2016\/12\/diana-grabowska-laureatka-coming-out-2015-salon-akademii-warszawa\/diana-grabowska-salon-akademii-warszawa-2016-12-01-013\/'><img width=\"1\" height=\"1\" src=\"https:\/\/ownetic.com\/wydarzenia\/wp-content\/uploads\/2016\/12\/diana-grabowska-salon-akademii-warszawa-2016-12-01-013.jpg\" class=\"attachment-thumbnail size-thumbnail\" alt=\"Diana Grabowska, \u201eXM\u201d (\u017ar\u00f3d\u0142o: materia\u0142y prasowe organizatora)\" loading=\"lazy\" aria-describedby=\"gallery-1-68260\" \/><\/a>\n\t\t\t<\/div>\n\t\t\t\t<figcaption class='wp-caption-text gallery-caption' id='gallery-1-68260'>\n\t\t\t\tDiana Grabowska, \u201eXM\u201d (\u017ar\u00f3d\u0142o: materia\u0142y prasowe organizatora)\n\t\t\t\t<\/figcaption><\/figure><figure class='gallery-item'>\n\t\t\t<div class='gallery-icon '>\n\t\t\t\t<a href='https:\/\/ownetic.com\/wydarzenia\/2016\/12\/diana-grabowska-laureatka-coming-out-2015-salon-akademii-warszawa\/diana-grabowska-salon-akademii-warszawa-2016-12-01-009\/'><img width=\"1\" height=\"1\" src=\"https:\/\/ownetic.com\/wydarzenia\/wp-content\/uploads\/2016\/12\/diana-grabowska-salon-akademii-warszawa-2016-12-01-009.jpg\" class=\"attachment-thumbnail size-thumbnail\" alt=\"Diana Grabowska, \u201eZ g\u0142owy\u201d, 2015 (\u017ar\u00f3d\u0142o: materia\u0142y prasowe organizatora)\" loading=\"lazy\" aria-describedby=\"gallery-1-68261\" \/><\/a>\n\t\t\t<\/div>\n\t\t\t\t<figcaption class='wp-caption-text gallery-caption' id='gallery-1-68261'>\n\t\t\t\tDiana Grabowska, \u201eZ g\u0142owy\u201d, 2015 (\u017ar\u00f3d\u0142o: materia\u0142y prasowe organizatora)\n\t\t\t\t<\/figcaption><\/figure><figure class='gallery-item'>\n\t\t\t<div class='gallery-icon '>\n\t\t\t\t<a href='https:\/\/ownetic.com\/wydarzenia\/2016\/12\/diana-grabowska-laureatka-coming-out-2015-salon-akademii-warszawa\/diana-grabowska-salon-akademii-warszawa-2016-12-01-010\/'><img width=\"1\" height=\"1\" src=\"https:\/\/ownetic.com\/wydarzenia\/wp-content\/uploads\/2016\/12\/diana-grabowska-salon-akademii-warszawa-2016-12-01-010.jpg\" class=\"attachment-thumbnail size-thumbnail\" alt=\"Diana Grabowska, \u201eZ g\u0142owy\u201d, 2015 (\u017ar\u00f3d\u0142o: materia\u0142y prasowe organizatora)\" loading=\"lazy\" aria-describedby=\"gallery-1-68262\" \/><\/a>\n\t\t\t<\/div>\n\t\t\t\t<figcaption class='wp-caption-text gallery-caption' id='gallery-1-68262'>\n\t\t\t\tDiana Grabowska, \u201eZ g\u0142owy\u201d, 2015 (\u017ar\u00f3d\u0142o: materia\u0142y prasowe organizatora)\n\t\t\t\t<\/figcaption><\/figure><figure class='gallery-item'>\n\t\t\t<div class='gallery-icon '>\n\t\t\t\t<a href='https:\/\/ownetic.com\/wydarzenia\/2016\/12\/diana-grabowska-laureatka-coming-out-2015-salon-akademii-warszawa\/diana-grabowska-salon-akademii-warszawa-2016-12-01-011\/'><img width=\"1\" height=\"1\" src=\"https:\/\/ownetic.com\/wydarzenia\/wp-content\/uploads\/2016\/12\/diana-grabowska-salon-akademii-warszawa-2016-12-01-011.jpg\" class=\"attachment-thumbnail size-thumbnail\" alt=\"Diana Grabowska, \u201eXM\u201d (\u017ar\u00f3d\u0142o: materia\u0142y prasowe organizatora)\" loading=\"lazy\" aria-describedby=\"gallery-1-68263\" \/><\/a>\n\t\t\t<\/div>\n\t\t\t\t<figcaption class='wp-caption-text gallery-caption' id='gallery-1-68263'>\n\t\t\t\tDiana Grabowska, \u201eXM\u201d (\u017ar\u00f3d\u0142o: materia\u0142y prasowe organizatora)\n\t\t\t\t<\/figcaption><\/figure><figure class='gallery-item'>\n\t\t\t<div class='gallery-icon '>\n\t\t\t\t<a href='https:\/\/ownetic.com\/wydarzenia\/2016\/12\/diana-grabowska-laureatka-coming-out-2015-salon-akademii-warszawa\/diana-grabowska-salon-akademii-warszawa-2016-12-01-012\/'><img width=\"1\" height=\"1\" src=\"https:\/\/ownetic.com\/wydarzenia\/wp-content\/uploads\/2016\/12\/diana-grabowska-salon-akademii-warszawa-2016-12-01-012.jpg\" class=\"attachment-thumbnail size-thumbnail\" alt=\"Diana Grabowska, \u201eXM\u201d (\u017ar\u00f3d\u0142o: materia\u0142y prasowe organizatora)\" loading=\"lazy\" aria-describedby=\"gallery-1-68264\" \/><\/a>\n\t\t\t<\/div>\n\t\t\t\t<figcaption class='wp-caption-text gallery-caption' id='gallery-1-68264'>\n\t\t\t\tDiana Grabowska, \u201eXM\u201d (\u017ar\u00f3d\u0142o: materia\u0142y prasowe organizatora)\n\t\t\t\t<\/figcaption><\/figure>\n\t\t<\/div>\n\n<p>Tw\u00f3rczo\u015b\u0107 Diany Grabowskiej wywodzi si\u0119 zar\u00f3wno z tradycji rze\u017abiarskiej, jak i sztuki ready-made. Reprezentuje cielesno\u015b\u0107 przywodz\u0105c\u0105 na my\u015bl lalki Bellmera, anatomiczno\u015b\u0107 ilustracji Fritza Kahna, a zarazem zmys\u0142ow\u0105 intymno\u015b\u0107 prac Bourgeoise. Jej sztuka zach\u0119ca do zatrzymania si\u0119 i refleksji, cho\u0107 pozbawiona jest konceptualnego ch\u0142odu i antyhumanizmu. Prace Diany \u2013 obiekty niemo\u017cliwe \u2013 eksploruj\u0105 poj\u0119cia pustki i braku, przywodz\u0105c na my\u015bl medytacyjne aspekty estetyki japo\u0144skiej, a zarazem stanowi\u0105 krytyczny komentarz do aktualnych temat\u00f3w: post\u0119puj\u0105cej symulakryzacji \u017cycia w erze cyfrowej, roli intymno\u015bci w \u015bwiecie bez prywatno\u015bci, pozycji sztuki w \u015bwiecie zach\u0142y\u015bni\u0119tym designem, sytuacji m\u0142odej kobiety w patriarchalnym spo\u0142ecze\u0144stwie, peryferyjnej lub po\u015bledniej roli dyskurs\u00f3w zbudowanych wok\u00f3\u0142 emocji, uczu\u0107. Na tych filarach artystka buduje swoje mitologie \u2013 w\u0142asny, osobny j\u0119zyk, kt\u00f3rym m\u00f3wi\u0105 tworzone przez ni\u0105 artefakty, przekazuj\u0105c nam to, co niewypowiedziane.<\/p>\n<p>Autorka tekstu: Agata Tomaszewska<\/p>\n<figure id=\"attachment_68262\" aria-describedby=\"caption-attachment-68262\" style=\"width: 576px\" class=\"wp-caption alignnone\"><a href=\"https:\/\/ownetic.com\/wydarzenia\/2016\/12\/diana-grabowska-laureatka-coming-out-2015-salon-akademii-warszawa\/diana-grabowska-salon-akademii-warszawa-2016-12-01-010\/\" rel=\"attachment wp-att-68262\"><img loading=\"lazy\" class=\"size-medium wp-image-68262\" title=\"Diana Grabowska, \u201eZ g\u0142owy\u201d, 2015 (\u017ar\u00f3d\u0142o: materia\u0142y prasowe organizatora)\" src=\"https:\/\/ownetic.com\/wydarzenia\/wp-content\/uploads\/2016\/12\/diana-grabowska-salon-akademii-warszawa-2016-12-01-010-576x240.jpg\" alt=\"Diana Grabowska, \u201eZ g\u0142owy\u201d, 2015 (\u017ar\u00f3d\u0142o: materia\u0142y prasowe organizatora)\" width=\"576\" height=\"240\" \/><\/a><figcaption id=\"caption-attachment-68262\" class=\"wp-caption-text\">Diana Grabowska, \u201eZ g\u0142owy\u201d, 2015 (\u017ar\u00f3d\u0142o: materia\u0142y prasowe organizatora)<\/figcaption><\/figure>\n<p>27 listopada 2015 roku mia\u0142o miejsce uroczyste otwarcie wystawy Coming Out 2015 \u2013 Najlepsze Dyplomy ASP. Zwyci\u0119\u017cczyni\u0105 konkursu Coming Out 2015 zosta\u0142a Diana Grabowska z rze\u017ab\u0105 <em>Z g\u0142owy<\/em>, kt\u00f3r\u0105 uzupe\u0142nia wideo. Praca ta, to wyrafinowany plastycznie obiekt, stworzony z oryginalnego i intryguj\u0105cego materia\u0142u \u2013 bielizny. Poszczeg\u00f3lne fragmenty zosta\u0142y po\u0142\u0105czone niewielkimi magnesami, kt\u00f3re z czasem strac\u0105 swoje w\u0142a\u015bciwo\u015bci, pozbawiaj\u0105c mask\u0119 formy. Mimowolny striptiz ods\u0142oni g\u0142ow\u0119, kt\u00f3ra wed\u0142ug autorki jest symbolem skrywanych emocji, my\u015bli i odczu\u0107.<\/p>\n<figure id=\"attachment_68251\" aria-describedby=\"caption-attachment-68251\" style=\"width: 576px\" class=\"wp-caption alignnone\"><a href=\"https:\/\/ownetic.com\/wydarzenia\/2016\/12\/diana-grabowska-laureatka-coming-out-2015-salon-akademii-warszawa\/diana-grabowska-salon-akademii-warszawa-2016-12-01-003\/\" rel=\"attachment wp-att-68251\"><img loading=\"lazy\" class=\"size-medium wp-image-68251\" title=\"Diana Grabowska, \u201eZ g\u0142owy\u201d, 2015 (\u017ar\u00f3d\u0142o: materia\u0142y prasowe organizatora)\" src=\"https:\/\/ownetic.com\/wydarzenia\/wp-content\/uploads\/2016\/11\/diana-grabowska-salon-akademii-warszawa-2016-12-01-003-576x324.jpg\" alt=\"Diana Grabowska, \u201eZ g\u0142owy\u201d, 2015 (\u017ar\u00f3d\u0142o: materia\u0142y prasowe organizatora)\" width=\"576\" height=\"324\" \/><\/a><figcaption id=\"caption-attachment-68251\" class=\"wp-caption-text\">Diana Grabowska, \u201eZ g\u0142owy\u201d, 2015 (\u017ar\u00f3d\u0142o: materia\u0142y prasowe organizatora)<\/figcaption><\/figure>\n<p>Koncentruj\u0119 si\u0119 na motywie g\u0142owy jako reprezentacji cz\u0142owieka i najintymniejszej cz\u0119\u015bci jego cia\u0142a, zwi\u0105zku widzialno\u015bci i egzystencji oraz odwiecznym problemie odwzorowania cz\u0142owieka za pomoc\u0105 obrazu. Ten obraz-reprodukcja staje si\u0119 mask\u0105 za ka\u017cdym razem, gdy sporz\u0105dzamy ludzki wizerunek. Do zamaskowania g\u0142owy pos\u0142u\u017cy\u0142am si\u0119 bielizn\u0105, by obudzi\u0107 skojarzenia z intymno\u015bci\u0105 i nago\u015bci\u0105, a cho\u0107 w pracy przybra\u0142a form\u0119 fizyczn\u0105, to w moim zamy\u015ble jest obiektem symbolicznym, przedmiotem z zewn\u0105trz, s\u0142u\u017c\u0105cym do opisu tego, co jest wewn\u0105trz. Proces rozbierania, kt\u00f3ry ostatecznie okazuje si\u0119 osobliw\u0105 form\u0105 striptizu, wskazuje na autoreferencyjny charakter pracy oraz wyra\u017ca utopijne pr\u00f3by sprowadzenia twarzy do jednego wyobra\u017cenia\u00a0\u2013 m\u00f3wi o projekcie Diana Grabowska.<\/p>\n<figure id=\"attachment_68264\" aria-describedby=\"caption-attachment-68264\" style=\"width: 576px\" class=\"wp-caption alignnone\"><a href=\"https:\/\/ownetic.com\/wydarzenia\/2016\/12\/diana-grabowska-laureatka-coming-out-2015-salon-akademii-warszawa\/diana-grabowska-salon-akademii-warszawa-2016-12-01-012\/\" rel=\"attachment wp-att-68264\"><img loading=\"lazy\" class=\"size-medium wp-image-68264\" title=\"Diana Grabowska, \u201eXM\u201d (\u017ar\u00f3d\u0142o: materia\u0142y prasowe organizatora)\" src=\"https:\/\/ownetic.com\/wydarzenia\/wp-content\/uploads\/2016\/12\/diana-grabowska-salon-akademii-warszawa-2016-12-01-012-576x384.jpg\" alt=\"Diana Grabowska, \u201eXM\u201d (\u017ar\u00f3d\u0142o: materia\u0142y prasowe organizatora)\" width=\"576\" height=\"384\" \/><\/a><figcaption id=\"caption-attachment-68264\" class=\"wp-caption-text\">Diana Grabowska, \u201eXM\u201d (\u017ar\u00f3d\u0142o: materia\u0142y prasowe organizatora)<\/figcaption><\/figure>\n<p><strong>Diana Grabowska<\/strong> (ur. 1989) \u2013 studiowa\u0142a na Wydziale Rze\u017aby ASP w Warszawie w latach 2009\u20132015. Uzyska\u0142a stypendia: p\u00f3\u0142roczne artystyczne m.st. Warszawy (2012); Ministra Nauki i Szkolnictwa Wy\u017cszego za wybitne osi\u0105gni\u0119cia (2013); Rektora ASP w Warszawie dla najlepszych student\u00f3w za osi\u0105gni\u0119cia artystyczne (2014). Dziedziny dzia\u0142alno\u015bci artystycznej artystki to: rze\u017aba, rysunek, wideo. Wsp\u00f3\u0142pracowa\u0142a z Muzeum Sztuki Nowoczesnej w Warszawie przy projekcie indywidualnym (2012) i warsztatach (2014). Otrzyma\u0142a nagrod\u0119 Ministra Kultury i Dziedzictwa Narodowego dla najlepszych student\u00f3w (2015).<\/p>\n<figure id=\"attachment_68263\" aria-describedby=\"caption-attachment-68263\" style=\"width: 576px\" class=\"wp-caption alignnone\"><a href=\"https:\/\/ownetic.com\/wydarzenia\/2016\/12\/diana-grabowska-laureatka-coming-out-2015-salon-akademii-warszawa\/diana-grabowska-salon-akademii-warszawa-2016-12-01-011\/\" rel=\"attachment wp-att-68263\"><img loading=\"lazy\" class=\"size-medium wp-image-68263\" title=\"Diana Grabowska, \u201eXM\u201d (\u017ar\u00f3d\u0142o: materia\u0142y prasowe organizatora)\" src=\"https:\/\/ownetic.com\/wydarzenia\/wp-content\/uploads\/2016\/12\/diana-grabowska-salon-akademii-warszawa-2016-12-01-011-576x576.jpg\" alt=\"Diana Grabowska, \u201eXM\u201d (\u017ar\u00f3d\u0142o: materia\u0142y prasowe organizatora)\" width=\"576\" height=\"576\" \/><\/a><figcaption id=\"caption-attachment-68263\" class=\"wp-caption-text\">Diana Grabowska, \u201eXM\u201d (\u017ar\u00f3d\u0142o: materia\u0142y prasowe organizatora)<\/figcaption><\/figure>\n<p><strong><em>XM<\/em>, wystawa\u00a0Diany Grabowskiej, laureatki Coming out 2015<br \/>\n<\/strong>Otwarcie wystawy 9 grudnia 2016 roku<br \/>\nWystawa czynna od 12 do 22 grudnia 2016 roku<br \/>\nGaleria Salon Akademii w Warszawie<\/p>\n","protected":false},"excerpt":{"rendered":"<p>Diana Grabowska tworzy mity. Historie o ludziach i przedmiotach, kt\u00f3re nie mog\u0105 si\u0119 wydarzy\u0107. Ale po dekonstrukcji znacze\u0144 zostaj\u0105 ubrane w nowe funkcje i sensy \u2013 staj\u0105 si\u0119 no\u015bnikami w\u0142asnej mitologii artystki. Jej tw\u00f3rczo\u015b\u0107 reprezentuje cielesno\u015b\u0107 przywodz\u0105c\u0105 na my\u015bl lalki Bellmera, anatomiczno\u015b\u0107 ilustracji Fritza Kahna, a zarazem zmys\u0142ow\u0105 intymno\u015b\u0107 prac Bourgeoise. <\/p>\n","protected":false},"author":96,"featured_media":68248,"comment_status":"open","ping_status":"closed","sticky":false,"template":"","format":"standard","meta":[],"categories":[5],"tags":[12147,5621,32],"powerkit_post_featured":[],"yoast_head":"<!-- This site is optimized with the Yoast SEO plugin v18.7 - https:\/\/yoast.com\/wordpress\/plugins\/seo\/ -->\n<title>Diana Grabowska. XM \u2013 laureatka Coming out 2015<\/title>\n<meta name=\"description\" content=\"Galeria Salon Akademii w Warszawie zaprasza na wystaw\u0119 Diany Grabowskiej, laureatki Coming out 2015.\" \/>\n<meta name=\"robots\" content=\"index, follow, max-snippet:-1, max-image-preview:large, max-video-preview:-1\" \/>\n<link rel=\"canonical\" href=\"https:\/\/ownetic.com\/wydarzenia\/2016\/12\/diana-grabowska-laureatka-coming-out-2015-salon-akademii-warszawa\/\" \/>\n<meta name=\"twitter:card\" content=\"summary_large_image\" \/>\n<meta name=\"twitter:title\" content=\"Diana Grabowska. XM \u2013 laureatka Coming out 2015\" \/>\n<meta name=\"twitter:description\" content=\"Galeria Salon Akademii w Warszawie zaprasza na wystaw\u0119 Diany Grabowskiej, laureatki Coming out 2015.\" \/>\n<meta name=\"twitter:image\" content=\"https:\/\/ownetic.com\/wydarzenia\/wp-content\/uploads\/2016\/11\/diana-grabowska-salon-akademii-warszawa-2016-12-01-007.jpg\" \/>\n<meta name=\"twitter:label1\" content=\"Napisane przez\" \/>\n\t<meta name=\"twitter:data1\" content=\"sonia-milewska\" \/>\n\t<meta name=\"twitter:label2\" content=\"Szacowany czas czytania\" \/>\n\t<meta name=\"twitter:data2\" content=\"3 minuty\" \/>\n<script type=\"application\/ld+json\" class=\"yoast-schema-graph\">{\"@context\":\"https:\/\/schema.org\",\"@graph\":[{\"@type\":\"WebSite\",\"@id\":\"https:\/\/ownetic.com\/wydarzenia\/#website\",\"url\":\"https:\/\/ownetic.com\/wydarzenia\/\",\"name\":\"Wydarzenia O.pl\",\"description\":\"Przestrze\u0144 prezentacji najwa\u017cniejszych wydarze\u0144 z takich dziedzin, jak: sztuka, design, fotografia, film, muzyka, teatr, literatura, historia, taniec, architektura\",\"potentialAction\":[{\"@type\":\"SearchAction\",\"target\":{\"@type\":\"EntryPoint\",\"urlTemplate\":\"https:\/\/ownetic.com\/wydarzenia\/?s={search_term_string}\"},\"query-input\":\"required name=search_term_string\"}],\"inLanguage\":\"pl-PL\"},{\"@type\":\"ImageObject\",\"inLanguage\":\"pl-PL\",\"@id\":\"https:\/\/ownetic.com\/wydarzenia\/2016\/12\/diana-grabowska-laureatka-coming-out-2015-salon-akademii-warszawa\/#primaryimage\",\"url\":\"https:\/\/ownetic.com\/wydarzenia\/wp-content\/uploads\/2016\/11\/diana-grabowska-salon-akademii-warszawa-2016-12-01-007.jpg\",\"contentUrl\":\"https:\/\/ownetic.com\/wydarzenia\/wp-content\/uploads\/2016\/11\/diana-grabowska-salon-akademii-warszawa-2016-12-01-007.jpg\",\"width\":772,\"height\":841,\"caption\":\"Diana Grabowska, \u201eZ g\u0142owy\u201d, 2015 (\u017ar\u00f3d\u0142o: materia\u0142y prasowe organizatora)\"},{\"@type\":\"WebPage\",\"@id\":\"https:\/\/ownetic.com\/wydarzenia\/2016\/12\/diana-grabowska-laureatka-coming-out-2015-salon-akademii-warszawa\/#webpage\",\"url\":\"https:\/\/ownetic.com\/wydarzenia\/2016\/12\/diana-grabowska-laureatka-coming-out-2015-salon-akademii-warszawa\/\",\"name\":\"Diana Grabowska. XM \u2013 laureatka Coming out 2015\",\"isPartOf\":{\"@id\":\"https:\/\/ownetic.com\/wydarzenia\/#website\"},\"primaryImageOfPage\":{\"@id\":\"https:\/\/ownetic.com\/wydarzenia\/2016\/12\/diana-grabowska-laureatka-coming-out-2015-salon-akademii-warszawa\/#primaryimage\"},\"datePublished\":\"2016-12-04T23:00:17+00:00\",\"dateModified\":\"2016-12-20T11:57:47+00:00\",\"author\":{\"@id\":\"https:\/\/ownetic.com\/wydarzenia\/#\/schema\/person\/707204e51f34604ca1e5ccd8e0479232\"},\"description\":\"Galeria Salon Akademii w Warszawie zaprasza na wystaw\u0119 Diany Grabowskiej, laureatki Coming out 2015.\",\"breadcrumb\":{\"@id\":\"https:\/\/ownetic.com\/wydarzenia\/2016\/12\/diana-grabowska-laureatka-coming-out-2015-salon-akademii-warszawa\/#breadcrumb\"},\"inLanguage\":\"pl-PL\",\"potentialAction\":[{\"@type\":\"ReadAction\",\"target\":[\"https:\/\/ownetic.com\/wydarzenia\/2016\/12\/diana-grabowska-laureatka-coming-out-2015-salon-akademii-warszawa\/\"]}]},{\"@type\":\"BreadcrumbList\",\"@id\":\"https:\/\/ownetic.com\/wydarzenia\/2016\/12\/diana-grabowska-laureatka-coming-out-2015-salon-akademii-warszawa\/#breadcrumb\",\"itemListElement\":[{\"@type\":\"ListItem\",\"position\":1,\"name\":\"Strona g\u0142\u00f3wna\",\"item\":\"https:\/\/ownetic.com\/wydarzenia\/\"},{\"@type\":\"ListItem\",\"position\":2,\"name\":\"Diana Grabowska. XM\"}]},{\"@type\":\"Person\",\"@id\":\"https:\/\/ownetic.com\/wydarzenia\/#\/schema\/person\/707204e51f34604ca1e5ccd8e0479232\",\"name\":\"sonia-milewska\",\"url\":\"https:\/\/ownetic.com\/wydarzenia\/author\/sonia-milewska\/\"}]}<\/script>\n<!-- \/ Yoast SEO plugin. -->","yoast_head_json":{"title":"Diana Grabowska. XM \u2013 laureatka Coming out 2015","description":"Galeria Salon Akademii w Warszawie zaprasza na wystaw\u0119 Diany Grabowskiej, laureatki Coming out 2015.","robots":{"index":"index","follow":"follow","max-snippet":"max-snippet:-1","max-image-preview":"max-image-preview:large","max-video-preview":"max-video-preview:-1"},"canonical":"https:\/\/ownetic.com\/wydarzenia\/2016\/12\/diana-grabowska-laureatka-coming-out-2015-salon-akademii-warszawa\/","twitter_card":"summary_large_image","twitter_title":"Diana Grabowska. XM \u2013 laureatka Coming out 2015","twitter_description":"Galeria Salon Akademii w Warszawie zaprasza na wystaw\u0119 Diany Grabowskiej, laureatki Coming out 2015.","twitter_image":"https:\/\/ownetic.com\/wydarzenia\/wp-content\/uploads\/2016\/11\/diana-grabowska-salon-akademii-warszawa-2016-12-01-007.jpg","twitter_misc":{"Napisane przez":"sonia-milewska","Szacowany czas czytania":"3 minuty"},"schema":{"@context":"https:\/\/schema.org","@graph":[{"@type":"WebSite","@id":"https:\/\/ownetic.com\/wydarzenia\/#website","url":"https:\/\/ownetic.com\/wydarzenia\/","name":"Wydarzenia O.pl","description":"Przestrze\u0144 prezentacji najwa\u017cniejszych wydarze\u0144 z takich dziedzin, jak: sztuka, design, fotografia, film, muzyka, teatr, literatura, historia, taniec, architektura","potentialAction":[{"@type":"SearchAction","target":{"@type":"EntryPoint","urlTemplate":"https:\/\/ownetic.com\/wydarzenia\/?s={search_term_string}"},"query-input":"required name=search_term_string"}],"inLanguage":"pl-PL"},{"@type":"ImageObject","inLanguage":"pl-PL","@id":"https:\/\/ownetic.com\/wydarzenia\/2016\/12\/diana-grabowska-laureatka-coming-out-2015-salon-akademii-warszawa\/#primaryimage","url":"https:\/\/ownetic.com\/wydarzenia\/wp-content\/uploads\/2016\/11\/diana-grabowska-salon-akademii-warszawa-2016-12-01-007.jpg","contentUrl":"https:\/\/ownetic.com\/wydarzenia\/wp-content\/uploads\/2016\/11\/diana-grabowska-salon-akademii-warszawa-2016-12-01-007.jpg","width":772,"height":841,"caption":"Diana Grabowska, \u201eZ g\u0142owy\u201d, 2015 (\u017ar\u00f3d\u0142o: materia\u0142y prasowe organizatora)"},{"@type":"WebPage","@id":"https:\/\/ownetic.com\/wydarzenia\/2016\/12\/diana-grabowska-laureatka-coming-out-2015-salon-akademii-warszawa\/#webpage","url":"https:\/\/ownetic.com\/wydarzenia\/2016\/12\/diana-grabowska-laureatka-coming-out-2015-salon-akademii-warszawa\/","name":"Diana Grabowska. XM \u2013 laureatka Coming out 2015","isPartOf":{"@id":"https:\/\/ownetic.com\/wydarzenia\/#website"},"primaryImageOfPage":{"@id":"https:\/\/ownetic.com\/wydarzenia\/2016\/12\/diana-grabowska-laureatka-coming-out-2015-salon-akademii-warszawa\/#primaryimage"},"datePublished":"2016-12-04T23:00:17+00:00","dateModified":"2016-12-20T11:57:47+00:00","author":{"@id":"https:\/\/ownetic.com\/wydarzenia\/#\/schema\/person\/707204e51f34604ca1e5ccd8e0479232"},"description":"Galeria Salon Akademii w Warszawie zaprasza na wystaw\u0119 Diany Grabowskiej, laureatki Coming out 2015.","breadcrumb":{"@id":"https:\/\/ownetic.com\/wydarzenia\/2016\/12\/diana-grabowska-laureatka-coming-out-2015-salon-akademii-warszawa\/#breadcrumb"},"inLanguage":"pl-PL","potentialAction":[{"@type":"ReadAction","target":["https:\/\/ownetic.com\/wydarzenia\/2016\/12\/diana-grabowska-laureatka-coming-out-2015-salon-akademii-warszawa\/"]}]},{"@type":"BreadcrumbList","@id":"https:\/\/ownetic.com\/wydarzenia\/2016\/12\/diana-grabowska-laureatka-coming-out-2015-salon-akademii-warszawa\/#breadcrumb","itemListElement":[{"@type":"ListItem","position":1,"name":"Strona g\u0142\u00f3wna","item":"https:\/\/ownetic.com\/wydarzenia\/"},{"@type":"ListItem","position":2,"name":"Diana Grabowska. XM"}]},{"@type":"Person","@id":"https:\/\/ownetic.com\/wydarzenia\/#\/schema\/person\/707204e51f34604ca1e5ccd8e0479232","name":"sonia-milewska","url":"https:\/\/ownetic.com\/wydarzenia\/author\/sonia-milewska\/"}]}},"_links":{"self":[{"href":"https:\/\/ownetic.com\/wydarzenia\/wp-json\/wp\/v2\/posts\/68247"}],"collection":[{"href":"https:\/\/ownetic.com\/wydarzenia\/wp-json\/wp\/v2\/posts"}],"about":[{"href":"https:\/\/ownetic.com\/wydarzenia\/wp-json\/wp\/v2\/types\/post"}],"author":[{"embeddable":true,"href":"https:\/\/ownetic.com\/wydarzenia\/wp-json\/wp\/v2\/users\/96"}],"replies":[{"embeddable":true,"href":"https:\/\/ownetic.com\/wydarzenia\/wp-json\/wp\/v2\/comments?post=68247"}],"version-history":[{"count":0,"href":"https:\/\/ownetic.com\/wydarzenia\/wp-json\/wp\/v2\/posts\/68247\/revisions"}],"wp:featuredmedia":[{"embeddable":true,"href":"https:\/\/ownetic.com\/wydarzenia\/wp-json\/wp\/v2\/media\/68248"}],"wp:attachment":[{"href":"https:\/\/ownetic.com\/wydarzenia\/wp-json\/wp\/v2\/media?parent=68247"}],"wp:term":[{"taxonomy":"category","embeddable":true,"href":"https:\/\/ownetic.com\/wydarzenia\/wp-json\/wp\/v2\/categories?post=68247"},{"taxonomy":"post_tag","embeddable":true,"href":"https:\/\/ownetic.com\/wydarzenia\/wp-json\/wp\/v2\/tags?post=68247"},{"taxonomy":"powerkit_post_featured","embeddable":true,"href":"https:\/\/ownetic.com\/wydarzenia\/wp-json\/wp\/v2\/powerkit_post_featured?post=68247"}],"curies":[{"name":"wp","href":"https:\/\/api.w.org\/{rel}","templated":true}]}}