{"id":68976,"date":"2017-01-19T00:00:10","date_gmt":"2017-01-18T23:00:10","guid":{"rendered":"https:\/\/ownetic.com\/wydarzenia\/?p=68976"},"modified":"2017-10-19T10:45:19","modified_gmt":"2017-10-19T09:45:19","slug":"prabhakar-pachpute-rupali-patil-zwiastunki-chaosu-bunkier-sztuki-krakow","status":"publish","type":"post","link":"https:\/\/ownetic.com\/wydarzenia\/2017\/01\/prabhakar-pachpute-rupali-patil-zwiastunki-chaosu-bunkier-sztuki-krakow\/","title":{"rendered":"Prabhakar Pachpute i Rupali Patil. Zwiastunki chaosu"},"content":{"rendered":"<p>Prabhakar Pachpute i Rupali Patil w swej dzia\u0142alno\u015bci artystycznej po\u015bwi\u0119caj\u0105 uwag\u0119 przemys\u0142owi kopalnianemu, rolnictwu oraz wp\u0142ywowi ludzkiej egzystencji na przyrod\u0119, od wielu lat podr\u00f3\u017cuj\u0105c po rozmaitych zak\u0105tkach \u015bwiata. Kierowani potrzeb\u0105 niesienia sprawiedliwo\u015bci i szacunku, odkrywaj\u0105 dla nas mosty \u0142\u0105cz\u0105ce r\u00f3\u017cne, czasami na pierwszy rzut oka odleg\u0142e od siebie \u015bwiaty.<\/p>\n<figure id=\"attachment_68980\" aria-describedby=\"caption-attachment-68980\" style=\"width: 576px\" class=\"wp-caption alignnone\"><a href=\"https:\/\/ownetic.com\/wydarzenia\/2017\/01\/prabhakar-pachpute-rupali-patil-zwiastunki-chaosu-bunkier-sztuki-krakow\/mountain-escape-prabhakar-pachpute-bunkier-sztuki-krakow-2017-01-19\/\" rel=\"attachment wp-att-68980\"><img loading=\"lazy\" class=\"size-medium wp-image-68980\" title=\"Prabhakar Pachpute, \u201eG\u00f3ra ucieczki\u201d, 2016 (\u017ar\u00f3d\u0142o: materia\u0142y prasowe organizatora)\" src=\"https:\/\/ownetic.com\/wydarzenia\/wp-content\/uploads\/2017\/01\/mountain-escape-prabhakar-pachpute-bunkier-sztuki-krakow-2017-01-19-576x294.jpg\" alt=\"Prabhakar Pachpute, \u201eG\u00f3ra ucieczki\u201d, 2016 (\u017ar\u00f3d\u0142o: materia\u0142y prasowe organizatora)\" width=\"576\" height=\"294\" \/><\/a><figcaption id=\"caption-attachment-68980\" class=\"wp-caption-text\">Prabhakar Pachpute, \u201eG\u00f3ra ucieczki\u201d, 2016 (\u017ar\u00f3d\u0142o: materia\u0142y prasowe organizatora)<\/figcaption><\/figure>\n<p>Spo\u0142eczno\u015b\u0107 g\u00f3rno\u015bl\u0105skich g\u00f3rnik\u00f3w zestawiaj\u0105 ze \u015brodowiskiem \u2013 maj\u0105cych w\u0142asn\u0105 wieloletni\u0105 tradycj\u0119 i ukszta\u0142towany habitus \u2013 g\u00f3rnik\u00f3w z Turcji, Niemiec, Indii i Australii. Stwarzaj\u0105 dzi\u0119ki temu map\u0119 do\u015bwiadcze\u0144 i praktyk, kt\u00f3re kszta\u0142tuj\u0105 odbi\u00f3r kondycji danego kraju, ale te\u017c naszej wsp\u00f3\u0142czesno\u015bci, bo przecie\u017c pewne mechanizmy dzia\u0142ania zaobserwowane w\u015br\u00f3d g\u00f3rnik\u00f3w, s\u0105 powielane tak\u017ce szerzej i nale\u017c\u0105 do og\u00f3lnych zachowa\u0144 spo\u0142ecznych. W \u015bwiecie migruj\u0105cych znak\u00f3w i symboli, czytanych w ponadgeograficznej perspektywie, to w\u0142a\u015bnie sztuka wsp\u00f3\u0142czesna okazuje si\u0119 przestrzeni\u0105 definiowania warunk\u00f3w naszego \u017cycia, tego, co jest tu i teraz.<\/p>\n<div id='gallery-1' class='gallery galleryid-68976 gallery-columns-6 gallery-size-thumbnail'><figure class='gallery-item'>\n\t\t\t<div class='gallery-icon '>\n\t\t\t\t<a href='https:\/\/ownetic.com\/wydarzenia\/2017\/01\/prabhakar-pachpute-rupali-patil-zwiastunki-chaosu-bunkier-sztuki-krakow\/what-we-have-left-is-the-blue-water-istanbul-biennale-2015-prabhakar-pachpute-bunkier-sztuki-krakow-2017-01-19\/'><img width=\"1\" height=\"1\" src=\"https:\/\/ownetic.com\/wydarzenia\/wp-content\/uploads\/2017\/01\/what-we-have-left-is-the-blue-water-istanbul-biennale-2015-prabhakar-pachpute-bunkier-sztuki-krakow-2017-01-19.jpg\" class=\"attachment-thumbnail size-thumbnail\" alt=\"Prabhakar Pachpute, \u201eSen g\u00f3rnika\u201d, Wystawa w szkole autorskiej Galata Greek w ramach 14. Biennale w Stambule (\u017ar\u00f3d\u0142o: materia\u0142y prasowe organizatora)\" loading=\"lazy\" aria-describedby=\"gallery-1-68977\" \/><\/a>\n\t\t\t<\/div>\n\t\t\t\t<figcaption class='wp-caption-text gallery-caption' id='gallery-1-68977'>\n\t\t\t\tPrabhakar Pachpute, \u201eSen g\u00f3rnika\u201d, Wystawa w szkole autorskiej Galata Greek w ramach 14. Biennale w Stambule (\u017ar\u00f3d\u0142o: materia\u0142y prasowe organizatora)\n\t\t\t\t<\/figcaption><\/figure><figure class='gallery-item'>\n\t\t\t<div class='gallery-icon '>\n\t\t\t\t<a href='https:\/\/ownetic.com\/wydarzenia\/2017\/01\/prabhakar-pachpute-rupali-patil-zwiastunki-chaosu-bunkier-sztuki-krakow\/back-to-the-farm-2013-prabhakar-pachpute-bunkier-sztuki-krakow-2017-01-19\/'><img width=\"1\" height=\"1\" src=\"https:\/\/ownetic.com\/wydarzenia\/wp-content\/uploads\/2017\/01\/back-to-the-farm-2013-prabhakar-pachpute-bunkier-sztuki-krakow-2017-01-19.jpg\" class=\"attachment-thumbnail size-thumbnail\" alt=\"Prabhakar Pachpute, \u201ePowr\u00f3t na farm\u0119\u201d, 2013 (\u017ar\u00f3d\u0142o: materia\u0142y prasowe organizatora)\" loading=\"lazy\" aria-describedby=\"gallery-1-68978\" \/><\/a>\n\t\t\t<\/div>\n\t\t\t\t<figcaption class='wp-caption-text gallery-caption' id='gallery-1-68978'>\n\t\t\t\tPrabhakar Pachpute, \u201ePowr\u00f3t na farm\u0119\u201d, 2013 (\u017ar\u00f3d\u0142o: materia\u0142y prasowe organizatora)\n\t\t\t\t<\/figcaption><\/figure><figure class='gallery-item'>\n\t\t\t<div class='gallery-icon '>\n\t\t\t\t<a href='https:\/\/ownetic.com\/wydarzenia\/2017\/01\/prabhakar-pachpute-rupali-patil-zwiastunki-chaosu-bunkier-sztuki-krakow\/dustbowl-in-our-hands-2013-prabhakar-pachpute-bunkier-sztuki-krakow-2017-01-19\/'><img width=\"1\" height=\"1\" src=\"https:\/\/ownetic.com\/wydarzenia\/wp-content\/uploads\/2017\/01\/dustbowl-in-our-hands-2013-prabhakar-pachpute-bunkier-sztuki-krakow-2017-01-19.jpg\" class=\"attachment-thumbnail size-thumbnail\" alt=\"Prabhakar Pachpute, \u201eNasza w\u0142asna katastrofa \u201d, 2013 (\u017ar\u00f3d\u0142o: materia\u0142y prasowe organizatora)\" loading=\"lazy\" aria-describedby=\"gallery-1-68979\" \/><\/a>\n\t\t\t<\/div>\n\t\t\t\t<figcaption class='wp-caption-text gallery-caption' id='gallery-1-68979'>\n\t\t\t\tPrabhakar Pachpute, \u201eNasza w\u0142asna katastrofa \u201d, 2013 (\u017ar\u00f3d\u0142o: materia\u0142y prasowe organizatora)\n\t\t\t\t<\/figcaption><\/figure><figure class='gallery-item'>\n\t\t\t<div class='gallery-icon '>\n\t\t\t\t<a href='https:\/\/ownetic.com\/wydarzenia\/2017\/01\/prabhakar-pachpute-rupali-patil-zwiastunki-chaosu-bunkier-sztuki-krakow\/mountain-escape-prabhakar-pachpute-bunkier-sztuki-krakow-2017-01-19\/'><img width=\"1\" height=\"1\" src=\"https:\/\/ownetic.com\/wydarzenia\/wp-content\/uploads\/2017\/01\/mountain-escape-prabhakar-pachpute-bunkier-sztuki-krakow-2017-01-19.jpg\" class=\"attachment-thumbnail size-thumbnail\" alt=\"Prabhakar Pachpute, \u201eG\u00f3ra ucieczki\u201d, 2016 (\u017ar\u00f3d\u0142o: materia\u0142y prasowe organizatora)\" loading=\"lazy\" aria-describedby=\"gallery-1-68980\" \/><\/a>\n\t\t\t<\/div>\n\t\t\t\t<figcaption class='wp-caption-text gallery-caption' id='gallery-1-68980'>\n\t\t\t\tPrabhakar Pachpute, \u201eG\u00f3ra ucieczki\u201d, 2016 (\u017ar\u00f3d\u0142o: materia\u0142y prasowe organizatora)\n\t\t\t\t<\/figcaption><\/figure><figure class='gallery-item'>\n\t\t\t<div class='gallery-icon '>\n\t\t\t\t<a href='https:\/\/ownetic.com\/wydarzenia\/2017\/01\/prabhakar-pachpute-rupali-patil-zwiastunki-chaosu-bunkier-sztuki-krakow\/no-it-wasnt-the-locust-cloud-2016-prabhakar-pachpute-bunkier-sztuki-krakow-2017-01-19\/'><img width=\"1\" height=\"1\" src=\"https:\/\/ownetic.com\/wydarzenia\/wp-content\/uploads\/2017\/01\/no-it-wasnt-the-locust-cloud-2016-prabhakar-pachpute-bunkier-sztuki-krakow-2017-01-19.jpg\" class=\"attachment-thumbnail size-thumbnail\" alt=\"Prabhakar Pachpute, \u201eOp\u00f3r\u201d, 2016 (\u017ar\u00f3d\u0142o: materia\u0142y prasowe organizatora)\" loading=\"lazy\" aria-describedby=\"gallery-1-68981\" \/><\/a>\n\t\t\t<\/div>\n\t\t\t\t<figcaption class='wp-caption-text gallery-caption' id='gallery-1-68981'>\n\t\t\t\tPrabhakar Pachpute, \u201eOp\u00f3r\u201d, 2016 (\u017ar\u00f3d\u0142o: materia\u0142y prasowe organizatora)\n\t\t\t\t<\/figcaption><\/figure><figure class='gallery-item'>\n\t\t\t<div class='gallery-icon '>\n\t\t\t\t<a href='https:\/\/ownetic.com\/wydarzenia\/2017\/01\/prabhakar-pachpute-rupali-patil-zwiastunki-chaosu-bunkier-sztuki-krakow\/surrender-prabhakar-pachpute-bunkier-sztuki-krakow-2017-01-19\/'><img width=\"1\" height=\"1\" src=\"https:\/\/ownetic.com\/wydarzenia\/wp-content\/uploads\/2017\/01\/surrender-prabhakar-pachpute-bunkier-sztuki-krakow-2017-01-19.jpg\" class=\"attachment-thumbnail size-thumbnail\" alt=\"Prabhakar Pachpute, \u201ePoddanie si\u0119\u201d, 2016 (\u017ar\u00f3d\u0142o: materia\u0142y prasowe organizatora)\" loading=\"lazy\" aria-describedby=\"gallery-1-68982\" \/><\/a>\n\t\t\t<\/div>\n\t\t\t\t<figcaption class='wp-caption-text gallery-caption' id='gallery-1-68982'>\n\t\t\t\tPrabhakar Pachpute, \u201ePoddanie si\u0119\u201d, 2016 (\u017ar\u00f3d\u0142o: materia\u0142y prasowe organizatora)\n\t\t\t\t<\/figcaption><\/figure><figure class='gallery-item'>\n\t\t\t<div class='gallery-icon '>\n\t\t\t\t<a href='https:\/\/ownetic.com\/wydarzenia\/2017\/01\/prabhakar-pachpute-rupali-patil-zwiastunki-chaosu-bunkier-sztuki-krakow\/the-encounter-2016-prabhakar-pachpute-bunkier-sztuki-krakow-2017-01-19\/'><img width=\"1\" height=\"1\" src=\"https:\/\/ownetic.com\/wydarzenia\/wp-content\/uploads\/2017\/01\/the-encounter-2016-prabhakar-pachpute-bunkier-sztuki-krakow-2017-01-19.jpg\" class=\"attachment-thumbnail size-thumbnail\" alt=\"Prabhakar Pachpute, \u201eSpotkanie\u201d, 2016 (\u017ar\u00f3d\u0142o: materia\u0142y prasowe organizatora)\" loading=\"lazy\" aria-describedby=\"gallery-1-68983\" \/><\/a>\n\t\t\t<\/div>\n\t\t\t\t<figcaption class='wp-caption-text gallery-caption' id='gallery-1-68983'>\n\t\t\t\tPrabhakar Pachpute, \u201eSpotkanie\u201d, 2016 (\u017ar\u00f3d\u0142o: materia\u0142y prasowe organizatora)\n\t\t\t\t<\/figcaption><\/figure><figure class='gallery-item'>\n\t\t\t<div class='gallery-icon '>\n\t\t\t\t<a href='https:\/\/ownetic.com\/wydarzenia\/2017\/01\/prabhakar-pachpute-rupali-patil-zwiastunki-chaosu-bunkier-sztuki-krakow\/the-state-relief-packages-2014-prabhakar-pachpute-bunkier-sztuki-krakow-2017-01-19\/'><img width=\"1\" height=\"1\" src=\"https:\/\/ownetic.com\/wydarzenia\/wp-content\/uploads\/2017\/01\/the-state-relief-packages-2014-prabhakar-pachpute-bunkier-sztuki-krakow-2017-01-19.jpg\" class=\"attachment-thumbnail size-thumbnail\" alt=\"Prabhakar Pachpute, \u201ePa\u0144stwowe pakiety pomocowe\u201d, 2014 (\u017ar\u00f3d\u0142o: materia\u0142y prasowe organizatora)\" loading=\"lazy\" aria-describedby=\"gallery-1-68984\" \/><\/a>\n\t\t\t<\/div>\n\t\t\t\t<figcaption class='wp-caption-text gallery-caption' id='gallery-1-68984'>\n\t\t\t\tPrabhakar Pachpute, \u201ePa\u0144stwowe pakiety pomocowe\u201d, 2014 (\u017ar\u00f3d\u0142o: materia\u0142y prasowe organizatora)\n\t\t\t\t<\/figcaption><\/figure><figure class='gallery-item'>\n\t\t\t<div class='gallery-icon '>\n\t\t\t\t<a href='https:\/\/ownetic.com\/wydarzenia\/2017\/01\/prabhakar-pachpute-rupali-patil-zwiastunki-chaosu-bunkier-sztuki-krakow\/rupali-patil-bunkier-sztuki-krakow-2017-01-19-008\/'><img width=\"1\" height=\"1\" src=\"https:\/\/ownetic.com\/wydarzenia\/wp-content\/uploads\/2017\/01\/rupali-patil-bunkier-sztuki-krakow-2017-01-19-008.jpg\" class=\"attachment-thumbnail size-thumbnail\" alt=\"Rupali Patil, Z serii \u201eJeden ma wizj\u0119, reszta ma wiar\u0119 \u201d, 2015 (\u017ar\u00f3d\u0142o: materia\u0142y prasowe organizatora)\" loading=\"lazy\" aria-describedby=\"gallery-1-68986\" \/><\/a>\n\t\t\t<\/div>\n\t\t\t\t<figcaption class='wp-caption-text gallery-caption' id='gallery-1-68986'>\n\t\t\t\tRupali Patil, Z serii \u201eJeden ma wizj\u0119, reszta ma wiar\u0119 \u201d, 2015 (\u017ar\u00f3d\u0142o: materia\u0142y prasowe organizatora)\n\t\t\t\t<\/figcaption><\/figure><figure class='gallery-item'>\n\t\t\t<div class='gallery-icon '>\n\t\t\t\t<a href='https:\/\/ownetic.com\/wydarzenia\/2017\/01\/prabhakar-pachpute-rupali-patil-zwiastunki-chaosu-bunkier-sztuki-krakow\/rupali-patil-bunkier-sztuki-krakow-2017-01-19-009\/'><img width=\"1\" height=\"1\" src=\"https:\/\/ownetic.com\/wydarzenia\/wp-content\/uploads\/2017\/01\/rupali-patil-bunkier-sztuki-krakow-2017-01-19-009.jpg\" class=\"attachment-thumbnail size-thumbnail\" alt=\"Rupali Patil, Z serii \u201eJeden ma wizj\u0119, reszta ma wiar\u0119 \u201d, 2015 (\u017ar\u00f3d\u0142o: materia\u0142y prasowe organizatora)\" loading=\"lazy\" aria-describedby=\"gallery-1-68987\" \/><\/a>\n\t\t\t<\/div>\n\t\t\t\t<figcaption class='wp-caption-text gallery-caption' id='gallery-1-68987'>\n\t\t\t\tRupali Patil, Z serii \u201eJeden ma wizj\u0119, reszta ma wiar\u0119 \u201d, 2015 (\u017ar\u00f3d\u0142o: materia\u0142y prasowe organizatora)\n\t\t\t\t<\/figcaption><\/figure><figure class='gallery-item'>\n\t\t\t<div class='gallery-icon '>\n\t\t\t\t<a href='https:\/\/ownetic.com\/wydarzenia\/2017\/01\/prabhakar-pachpute-rupali-patil-zwiastunki-chaosu-bunkier-sztuki-krakow\/rupali-patil-bunkier-sztuki-krakow-2017-01-19-010\/'><img width=\"1\" height=\"1\" src=\"https:\/\/ownetic.com\/wydarzenia\/wp-content\/uploads\/2017\/01\/rupali-patil-bunkier-sztuki-krakow-2017-01-19-010.jpg\" class=\"attachment-thumbnail size-thumbnail\" alt=\"Rupali Patil, \u201eFabryczny market\u201d, 2014 (\u017ar\u00f3d\u0142o: materia\u0142y prasowe organizatora)\" loading=\"lazy\" aria-describedby=\"gallery-1-68988\" \/><\/a>\n\t\t\t<\/div>\n\t\t\t\t<figcaption class='wp-caption-text gallery-caption' id='gallery-1-68988'>\n\t\t\t\tRupali Patil, \u201eFabryczny market\u201d, 2014 (\u017ar\u00f3d\u0142o: materia\u0142y prasowe organizatora)\n\t\t\t\t<\/figcaption><\/figure><figure class='gallery-item'>\n\t\t\t<div class='gallery-icon '>\n\t\t\t\t<a href='https:\/\/ownetic.com\/wydarzenia\/2017\/01\/prabhakar-pachpute-rupali-patil-zwiastunki-chaosu-bunkier-sztuki-krakow\/eco-echo-rupali-patil-bunkier-sztuki-krakow-2017-01-19\/'><img width=\"1\" height=\"1\" src=\"https:\/\/ownetic.com\/wydarzenia\/wp-content\/uploads\/2017\/01\/eco-echo-rupali-patil-bunkier-sztuki-krakow-2017-01-19.jpg\" class=\"attachment-thumbnail size-thumbnail\" alt=\"Rupali Patil, \u201eEko Echo\u201d, 2014 (\u017ar\u00f3d\u0142o: materia\u0142y prasowe organizatora)\" loading=\"lazy\" aria-describedby=\"gallery-1-68989\" \/><\/a>\n\t\t\t<\/div>\n\t\t\t\t<figcaption class='wp-caption-text gallery-caption' id='gallery-1-68989'>\n\t\t\t\tRupali Patil, \u201eEko Echo\u201d, 2014 (\u017ar\u00f3d\u0142o: materia\u0142y prasowe organizatora)\n\t\t\t\t<\/figcaption><\/figure><figure class='gallery-item'>\n\t\t\t<div class='gallery-icon '>\n\t\t\t\t<a href='https:\/\/ownetic.com\/wydarzenia\/2017\/01\/prabhakar-pachpute-rupali-patil-zwiastunki-chaosu-bunkier-sztuki-krakow\/rupali-patil-bunkier-sztuki-krakow-2017-01-19-001\/'><img width=\"1\" height=\"1\" src=\"https:\/\/ownetic.com\/wydarzenia\/wp-content\/uploads\/2017\/01\/rupali-patil-bunkier-sztuki-krakow-2017-01-19-001.jpg\" class=\"attachment-thumbnail size-thumbnail\" alt=\"Rupali Patil, \u201eDzienniki \u017c\u00f3\u0142wia\u201d, 2014 (\u017ar\u00f3d\u0142o: materia\u0142y prasowe organizatora)\" loading=\"lazy\" aria-describedby=\"gallery-1-68990\" \/><\/a>\n\t\t\t<\/div>\n\t\t\t\t<figcaption class='wp-caption-text gallery-caption' id='gallery-1-68990'>\n\t\t\t\tRupali Patil, \u201eDzienniki \u017c\u00f3\u0142wia\u201d, 2014 (\u017ar\u00f3d\u0142o: materia\u0142y prasowe organizatora)\n\t\t\t\t<\/figcaption><\/figure><figure class='gallery-item'>\n\t\t\t<div class='gallery-icon '>\n\t\t\t\t<a href='https:\/\/ownetic.com\/wydarzenia\/2017\/01\/prabhakar-pachpute-rupali-patil-zwiastunki-chaosu-bunkier-sztuki-krakow\/rupali-patil-bunkier-sztuki-krakow-2017-01-19-003\/'><img width=\"1\" height=\"1\" src=\"https:\/\/ownetic.com\/wydarzenia\/wp-content\/uploads\/2017\/01\/rupali-patil-bunkier-sztuki-krakow-2017-01-19-003.jpg\" class=\"attachment-thumbnail size-thumbnail\" alt=\"Rupali Patil, \u201ePrzemieszczona grawitacja \u201d, 2013 (\u017ar\u00f3d\u0142o: materia\u0142y prasowe organizatora)\" loading=\"lazy\" aria-describedby=\"gallery-1-68992\" \/><\/a>\n\t\t\t<\/div>\n\t\t\t\t<figcaption class='wp-caption-text gallery-caption' id='gallery-1-68992'>\n\t\t\t\tRupali Patil, \u201ePrzemieszczona grawitacja \u201d, 2013 (\u017ar\u00f3d\u0142o: materia\u0142y prasowe organizatora)\n\t\t\t\t<\/figcaption><\/figure><figure class='gallery-item'>\n\t\t\t<div class='gallery-icon '>\n\t\t\t\t<a href='https:\/\/ownetic.com\/wydarzenia\/2017\/01\/prabhakar-pachpute-rupali-patil-zwiastunki-chaosu-bunkier-sztuki-krakow\/rupali-patil-bunkier-sztuki-krakow-2017-01-19-004\/'><img width=\"1\" height=\"1\" src=\"https:\/\/ownetic.com\/wydarzenia\/wp-content\/uploads\/2017\/01\/rupali-patil-bunkier-sztuki-krakow-2017-01-19-004.jpg\" class=\"attachment-thumbnail size-thumbnail\" alt=\"Rupali Patil, Z serii \u201eJeden ma wizj\u0119, reszta ma wiar\u0119 \u201d, 2015 (\u017ar\u00f3d\u0142o: materia\u0142y prasowe organizatora)\" loading=\"lazy\" aria-describedby=\"gallery-1-68993\" \/><\/a>\n\t\t\t<\/div>\n\t\t\t\t<figcaption class='wp-caption-text gallery-caption' id='gallery-1-68993'>\n\t\t\t\tRupali Patil, Z serii \u201eJeden ma wizj\u0119, reszta ma wiar\u0119 \u201d, 2015 (\u017ar\u00f3d\u0142o: materia\u0142y prasowe organizatora)\n\t\t\t\t<\/figcaption><\/figure><figure class='gallery-item'>\n\t\t\t<div class='gallery-icon '>\n\t\t\t\t<a href='https:\/\/ownetic.com\/wydarzenia\/2017\/01\/prabhakar-pachpute-rupali-patil-zwiastunki-chaosu-bunkier-sztuki-krakow\/rupali-patil-bunkier-sztuki-krakow-2017-01-19-005\/'><img width=\"1\" height=\"1\" src=\"https:\/\/ownetic.com\/wydarzenia\/wp-content\/uploads\/2017\/01\/rupali-patil-bunkier-sztuki-krakow-2017-01-19-005.jpg\" class=\"attachment-thumbnail size-thumbnail\" alt=\"Rupali Patil, Z serii \u201eJeden ma wizj\u0119, reszta ma wiar\u0119 \u201d, 2015 (\u017ar\u00f3d\u0142o: materia\u0142y prasowe organizatora)\" loading=\"lazy\" aria-describedby=\"gallery-1-68994\" \/><\/a>\n\t\t\t<\/div>\n\t\t\t\t<figcaption class='wp-caption-text gallery-caption' id='gallery-1-68994'>\n\t\t\t\tRupali Patil, Z serii \u201eJeden ma wizj\u0119, reszta ma wiar\u0119 \u201d, 2015 (\u017ar\u00f3d\u0142o: materia\u0142y prasowe organizatora)\n\t\t\t\t<\/figcaption><\/figure><figure class='gallery-item'>\n\t\t\t<div class='gallery-icon '>\n\t\t\t\t<a href='https:\/\/ownetic.com\/wydarzenia\/2017\/01\/prabhakar-pachpute-rupali-patil-zwiastunki-chaosu-bunkier-sztuki-krakow\/rupali-patil-bunkier-sztuki-krakow-2017-01-19-006\/'><img width=\"1\" height=\"1\" src=\"https:\/\/ownetic.com\/wydarzenia\/wp-content\/uploads\/2017\/01\/rupali-patil-bunkier-sztuki-krakow-2017-01-19-006.jpg\" class=\"attachment-thumbnail size-thumbnail\" alt=\"Rupali Patil, Z serii \u201eJeden ma wizj\u0119, reszta ma wiar\u0119 \u201d, 2015 (\u017ar\u00f3d\u0142o: materia\u0142y prasowe organizatora)\" loading=\"lazy\" aria-describedby=\"gallery-1-68995\" \/><\/a>\n\t\t\t<\/div>\n\t\t\t\t<figcaption class='wp-caption-text gallery-caption' id='gallery-1-68995'>\n\t\t\t\tRupali Patil, Z serii \u201eJeden ma wizj\u0119, reszta ma wiar\u0119 \u201d, 2015 (\u017ar\u00f3d\u0142o: materia\u0142y prasowe organizatora)\n\t\t\t\t<\/figcaption><\/figure><figure class='gallery-item'>\n\t\t\t<div class='gallery-icon '>\n\t\t\t\t<a href='https:\/\/ownetic.com\/wydarzenia\/2017\/01\/prabhakar-pachpute-rupali-patil-zwiastunki-chaosu-bunkier-sztuki-krakow\/rupali-patil-bunkier-sztuki-krakow-2017-01-19-007\/'><img width=\"1\" height=\"1\" src=\"https:\/\/ownetic.com\/wydarzenia\/wp-content\/uploads\/2017\/01\/rupali-patil-bunkier-sztuki-krakow-2017-01-19-007.jpg\" class=\"attachment-thumbnail size-thumbnail\" alt=\"Rupali Patil, Z serii \u201eJeden ma wizj\u0119, reszta ma wiar\u0119 \u201d, 2015 (\u017ar\u00f3d\u0142o: materia\u0142y prasowe organizatora)\" loading=\"lazy\" aria-describedby=\"gallery-1-68996\" \/><\/a>\n\t\t\t<\/div>\n\t\t\t\t<figcaption class='wp-caption-text gallery-caption' id='gallery-1-68996'>\n\t\t\t\tRupali Patil, Z serii \u201eJeden ma wizj\u0119, reszta ma wiar\u0119 \u201d, 2015 (\u017ar\u00f3d\u0142o: materia\u0142y prasowe organizatora)\n\t\t\t\t<\/figcaption><\/figure>\n\t\t<\/div>\n\n<p>Instalacje Pachputego i Patil to sugestywne krajobrazy przysz\u0142o\u015bci, pokazuj\u0105ce konsekwencje wzajemnych stosunk\u00f3w mi\u0119dzy r\u00f3\u017cnymi formami \u017cycia a szeroko rozumianym \u015brodowiskiem. Egzystencjalnej filozofii artyst\u00f3w blisko do rozumienia tera\u017aniejszo\u015bci jako antropocenu, czyli epoki, w kt\u00f3rej ludzie uwa\u017cani s\u0105 za ekwiwalent si\u0142 naturalnych wyznaczaj\u0105cych poprzednie ery. Cz\u0142owiek obok odwiecznej wyznaczonej mu roli aktora biologicznego wciela si\u0119 teraz r\u00f3wnie\u017c w posta\u0107 kolektywnego geoaktora, kt\u00f3ry \u017cyje z pracy Ziemi, wykorzystuj\u0105c jej zasoby; kt\u00f3ry ma realny i destrukcyjny wp\u0142yw na \u015brodowisko.<\/p>\n<figure id=\"attachment_68990\" aria-describedby=\"caption-attachment-68990\" style=\"width: 576px\" class=\"wp-caption alignnone\"><a href=\"https:\/\/ownetic.com\/wydarzenia\/2017\/01\/prabhakar-pachpute-rupali-patil-zwiastunki-chaosu-bunkier-sztuki-krakow\/rupali-patil-bunkier-sztuki-krakow-2017-01-19-001\/\" rel=\"attachment wp-att-68990\"><img loading=\"lazy\" class=\"size-medium wp-image-68990\" title=\"Rupali Patil, \u201eDzienniki \u017c\u00f3\u0142wia\u201d, 2014 (\u017ar\u00f3d\u0142o: materia\u0142y prasowe organizatora)\" src=\"https:\/\/ownetic.com\/wydarzenia\/wp-content\/uploads\/2017\/01\/rupali-patil-bunkier-sztuki-krakow-2017-01-19-001-576x419.jpg\" alt=\"Rupali Patil, \u201eDzienniki \u017c\u00f3\u0142wia\u201d, 2014 (\u017ar\u00f3d\u0142o: materia\u0142y prasowe organizatora)\" width=\"576\" height=\"419\" \/><\/a><figcaption id=\"caption-attachment-68990\" class=\"wp-caption-text\">Rupali Patil, \u201eDzienniki \u017c\u00f3\u0142wia\u201d, 2014 (\u017ar\u00f3d\u0142o: materia\u0142y prasowe organizatora)<\/figcaption><\/figure>\n<p>To do\u015bwiadczenie warunk\u00f3w pracy i \u017cycia w rejonach zdominowanych przemys\u0142ow\u0105 eksploatacj\u0105 natury staje si\u0119 podstaw\u0105 ich refleksji na temat naszej wsp\u00f3\u0142czesno\u015bci. Arty\u015bci jako punkt odniesienia dla swoich \u2013 zdominowanych mechaniczn\u0105 dzia\u0142alno\u015bci\u0105 cz\u0142owieka \u2013 pejza\u017cy obieraj\u0105 Indie. G\u0142\u00f3wnym \u017ar\u00f3d\u0142em energii jest tam w\u0119giel. Ten jako towar eksportowy stanowi jeden z najwa\u017cniejszych czynnik\u00f3w determinuj\u0105cych wzrost gospodarczy kraju. Warto\u015b\u0107 w\u0119gla jest stale wysoka, a jego zu\u017cycie wp\u0142ywa na wylesienie wielkich teren\u00f3w, nierzadko bowiem nowe kopalnie wyrastaj\u0105 na obszarach b\u0119d\u0105cych pod ochron\u0105, nieuchronnie stwarzaj\u0105c tym samym zagro\u017cenie dla gin\u0105cych gatunk\u00f3w fauny i flory czy skutecznie degraduj\u0105c wielkopowierzchniowe plantacje zb\u00f3\u017c, bawe\u0142ny oraz ry\u017cu. Z kolei stworzenie nowej infrastruktury dla energii odnawialnej wymaga zbyt wielkich inwestycji. Wp\u0142ywa to niezwykle mocno na losy tamtejszej ludno\u015bci. Posiadacze grunt\u00f3w po wyw\u0142aszczeniu staj\u0105 si\u0119 g\u0142\u00f3wn\u0105 i tani\u0105 si\u0142\u0105 robocz\u0105 nowo powstaj\u0105cych miejsc pracy opartych na wyzysku. Do takich wniosk\u00f3w odsy\u0142a cho\u0107by potoczna nazwa \u0106andrapur: miasta czarnego z\u0142ota, czyli regionu, z kt\u00f3rego wywodz\u0105 si\u0119 arty\u015bci przygotowuj\u0105cy <em>Zwiastunki chaosu<\/em>, i kt\u00f3re posiada najwi\u0119ksze z\u0142o\u017ca w\u0119gla i wapienia.<\/p>\n<figure id=\"attachment_68988\" aria-describedby=\"caption-attachment-68988\" style=\"width: 576px\" class=\"wp-caption alignnone\"><a href=\"https:\/\/ownetic.com\/wydarzenia\/2017\/01\/prabhakar-pachpute-rupali-patil-zwiastunki-chaosu-bunkier-sztuki-krakow\/rupali-patil-bunkier-sztuki-krakow-2017-01-19-010\/\" rel=\"attachment wp-att-68988\"><img loading=\"lazy\" class=\"size-medium wp-image-68988\" title=\"Rupali Patil, \u201eFabryczny market\u201d, 2014 (\u017ar\u00f3d\u0142o: materia\u0142y prasowe organizatora)\" src=\"https:\/\/ownetic.com\/wydarzenia\/wp-content\/uploads\/2017\/01\/rupali-patil-bunkier-sztuki-krakow-2017-01-19-010-576x444.jpg\" alt=\"Rupali Patil, \u201eFabryczny market\u201d, 2014 (\u017ar\u00f3d\u0142o: materia\u0142y prasowe organizatora)\" width=\"576\" height=\"444\" \/><\/a><figcaption id=\"caption-attachment-68988\" class=\"wp-caption-text\">Rupali Patil, \u201eFabryczny market\u201d, 2014 (\u017ar\u00f3d\u0142o: materia\u0142y prasowe organizatora)<\/figcaption><\/figure>\n<p>Chocia\u017c Indie Zachodnie s\u0105 najzamo\u017cniejszym obszarem kraju, utrzymuj\u0105cym si\u0119 g\u0142\u00f3wnie z us\u0142ug, handlu i turystyki, to przemys\u0142 kopalniany odgrywa i tam wa\u017cn\u0105 rol\u0119, zapewniaj\u0105c paliwo elektrowniom w\u0119glowym oraz dost\u0119p do energii elektrycznej dla 50% powierzchni Indii. Mimo dominuj\u0105cej w krajowym przemy\u015ble roli, jak\u0105 pe\u0142ni akurat ta jej ga\u0142\u0105\u017a, infrastruktura kopal\u0144 oraz warunki pracy g\u00f3rnik\u00f3w stawiaj\u0105 ich \u017cycie w ci\u0105g\u0142ym zagro\u017ceniu. Co dziesi\u0119\u0107 dni w trakcie pracy w indyjskich kopalniach ginie g\u00f3rnik, co trzy dni zdarzaj\u0105 si\u0119 r\u00f3\u017cnej skali katastrofy g\u00f3rnicze, kt\u00f3re wcale nie przykuwaj\u0105 medialnej uwagi. Te w\u0142a\u015bnie aspekty pracy, wraz z warunkami ekonomicznymi czy og\u00f3lnym statusem cz\u0142owieka znajduj\u0105cego si\u0119 na us\u0142ugach wielkiego przemys\u0142u, podnosz\u0105 w swej tw\u00f3rczo\u015bci Pachpute i Patil. Analizuj\u0105 i komentuj\u0105 mechanizmy oraz skutki dzia\u0142ania zar\u00f3wno kopal\u0144 odkrywkowych czy g\u0142\u0119binowych, jak i kopal\u0144 soli, z\u0142ota b\u0105d\u017a srebra. W instalacjach, rysunkach, rze\u017abach oraz pracach wideo pokazuj\u0105, w jaki spos\u00f3b architektura przemys\u0142owa zmusza do zmiany charakteru \u017cycia i pracy cz\u0142owieka, jakie losy towarzysz\u0105 zamkni\u0119ciu kopal\u0144, ale tak\u017ce jak tego typu praca wp\u0142ywa na funkcjonowanie lokalnych system\u00f3w i jeszcze szczeg\u00f3\u0142owiej: rodzinnych, jak oddzia\u0142uje na \u015brodowisko, jakie rodzi skutki i konsekwencje dla innych ga\u0142\u0119zi przemys\u0142u czy w og\u00f3le ca\u0142ego kraju. W prze\u017cyciu estetycznym, odwo\u0142uj\u0105cym si\u0119 do np. estetyki egzystencji, polityki pami\u0119ci czy ekologii to\u017csamo\u015bci, arty\u015bci widz\u0105 mo\u017cliwo\u015b\u0107 transformacji codziennego egzystowania robotnik\u00f3w, g\u00f3rnik\u00f3w i rolnik\u00f3w.<\/p>\n<figure id=\"attachment_68993\" aria-describedby=\"caption-attachment-68993\" style=\"width: 576px\" class=\"wp-caption alignnone\"><a href=\"https:\/\/ownetic.com\/wydarzenia\/2017\/01\/prabhakar-pachpute-rupali-patil-zwiastunki-chaosu-bunkier-sztuki-krakow\/rupali-patil-bunkier-sztuki-krakow-2017-01-19-004\/\" rel=\"attachment wp-att-68993\"><img loading=\"lazy\" class=\"size-medium wp-image-68993\" title=\"Rupali Patil, Z serii \u201eJeden ma wizj\u0119, reszta ma wiar\u0119 \u201d, 2015 (\u017ar\u00f3d\u0142o: materia\u0142y prasowe organizatora)\" src=\"https:\/\/ownetic.com\/wydarzenia\/wp-content\/uploads\/2017\/01\/rupali-patil-bunkier-sztuki-krakow-2017-01-19-004-576x384.jpg\" alt=\"Rupali Patil, Z serii \u201eJeden ma wizj\u0119, reszta ma wiar\u0119 \u201d, 2015 (\u017ar\u00f3d\u0142o: materia\u0142y prasowe organizatora)\" width=\"576\" height=\"384\" \/><\/a><figcaption id=\"caption-attachment-68993\" class=\"wp-caption-text\">Rupali Patil, Z serii \u201eJeden ma wizj\u0119, reszta ma wiar\u0119 \u201d, 2015 (\u017ar\u00f3d\u0142o: materia\u0142y prasowe organizatora)<\/figcaption><\/figure>\n<p>W kontek\u015bcie historii i tradycji polskiego przemys\u0142u wydobywczego tym, co Prabhakara Pachputego i Rupali Patil najbardziej zafascynowa\u0142o, jest wyj\u0105tkowy szacunek dla zawodu g\u00f3rnika, towarzysz\u0105ca mu ikonografia, a tak\u017ce metody pracy pod ziemi\u0105 oraz niema\u0142y liczebnie udzia\u0142 kobiet w przemy\u015ble g\u00f3rniczym. Zainspirowani opracowaniami m.in. Karoliny Bacy-Pogorzelskiej, kt\u00f3ra sp\u0119dzi\u0142a kilka lat na prowadzeniu rozm\u00f3w z kobietami pracuj\u0105cymi w kopalniach oraz obserwowaniu relacji zachodz\u0105cych mi\u0119dzy wsp\u00f3\u0142pracownikami oraz rodzinami g\u00f3rniczymi, stworzyli oni pejza\u017c kopalni jako miejsca odzwierciedlaj\u0105cego og\u00f3lne uk\u0142ady spo\u0142eczne. \u201eZ jednej strony od lat g\u00f3rnicy powtarzaj\u0105, \u017ce baba w kopalni przynosi pecha, ale z drugiej nie przeszkodzi\u0142o im to obra\u0107 sobie za patronk\u0119 w\u0142a\u015bnie kobiety \u2013 \u015bw. Barbary (kt\u00f3ra zreszt\u0105 jako patronka \u00abdobrej \u015bmierci i trudnej pracy\u00bb opiekuje si\u0119 te\u017c hutnikami, marynarzami, rybakami, \u017co\u0142nierzami, a nawet wi\u0119\u017aniami)\u201d . Cytat ten, wa\u017cny dla artyst\u00f3w, akcentuje rozd\u017awi\u0119k mi\u0119dzy szacunkiem i niepewno\u015bci\u0105 wobec kobiety a kojarzon\u0105 z ni\u0105 wr\u0119cz kl\u0105tw\u0105. Ten nie do ko\u0144ca wyra\u017any i jednoznaczny stosunek do kobiety i cz\u0119sto mitycznie postrzegana jej figura (przybieraj\u0105ca w ikonografii posta\u0107 Matki Polki), zderzona z podobnie funkcjonuj\u0105c\u0105 w indyjskiej kulturze Bharatmat\u0105 (Matk\u0105 Indi\u0105), jest w\u0105tkiem m\u00f3wi\u0105cym o kulturowych przep\u0142ywach i \u0142\u0105cz\u0105cym r\u00f3\u017cne aspekty funkcjonowania odmiennych wobec siebie \u2013 cho\u0107by geograficznie \u2013 spo\u0142ecze\u0144stw.<\/p>\n<figure id=\"attachment_68981\" aria-describedby=\"caption-attachment-68981\" style=\"width: 576px\" class=\"wp-caption alignnone\"><a href=\"https:\/\/ownetic.com\/wydarzenia\/2017\/01\/prabhakar-pachpute-rupali-patil-zwiastunki-chaosu-bunkier-sztuki-krakow\/no-it-wasnt-the-locust-cloud-2016-prabhakar-pachpute-bunkier-sztuki-krakow-2017-01-19\/\" rel=\"attachment wp-att-68981\"><img loading=\"lazy\" class=\"size-medium wp-image-68981\" title=\"Prabhakar Pachpute, \u201eOp\u00f3r\u201d, 2016 (\u017ar\u00f3d\u0142o: materia\u0142y prasowe organizatora)\" src=\"https:\/\/ownetic.com\/wydarzenia\/wp-content\/uploads\/2017\/01\/no-it-wasnt-the-locust-cloud-2016-prabhakar-pachpute-bunkier-sztuki-krakow-2017-01-19-576x384.jpg\" alt=\"Prabhakar Pachpute, \u201eOp\u00f3r\u201d, 2016 (\u017ar\u00f3d\u0142o: materia\u0142y prasowe organizatora)\" width=\"576\" height=\"384\" \/><\/a><figcaption id=\"caption-attachment-68981\" class=\"wp-caption-text\">Prabhakar Pachpute, \u201eOp\u00f3r\u201d, 2016 (\u017ar\u00f3d\u0142o: materia\u0142y prasowe organizatora)<\/figcaption><\/figure>\n<p><strong>Prabhakar Pachpute i Rupali Patil. Zwiastunki chaosu<\/strong><br \/>\nKuratorki: Lidia Krawczyk, Magdalena Zi\u00f3\u0142kowska<br \/>\nKoordynacja: Dorota Bucka, Vera Zalutskaya<br \/>\nWsp\u00f3\u0142praca: Galeria Experimenter (Kalkuta), Instytut Polski w New Delhi, Muzeum \u017bup Krakowskich w Wieliczce, Kopalnia Soli Bochnia<br \/>\nOd 28 stycznia do 18 czerwca 2017 roku<br \/>\nWernisa\u017c: 27 stycznia 2017 roku, godz. 18.00<br \/>\nBunkier Sztuki w Krakowie<\/p>\n","protected":false},"excerpt":{"rendered":"<p>Prabhakar Pachpute i Rupali Patil w swej dzia\u0142alno\u015bci artystycznej po\u015bwi\u0119caj\u0105 uwag\u0119 przemys\u0142owi kopalnianemu, rolnictwu oraz wp\u0142ywowi ludzkiej egzystencji na przyrod\u0119. Kierowani potrzeb\u0105 niesienia sprawiedliwo\u015bci i szacunku, odkrywaj\u0105 dla nas mosty \u0142\u0105cz\u0105ce r\u00f3\u017cne, czasami na pierwszy rzut oka odleg\u0142e od siebie \u015bwiaty. <\/p>\n","protected":false},"author":96,"featured_media":68977,"comment_status":"open","ping_status":"closed","sticky":false,"template":"","format":"standard","meta":[],"categories":[5],"tags":[11939,12350,12354,12355,35,3142,5479,10290,12352,12353,12351],"powerkit_post_featured":[],"yoast_head":"<!-- This site is optimized with the Yoast SEO plugin v18.7 - https:\/\/yoast.com\/wordpress\/plugins\/seo\/ -->\n<title>Prabhakar Pachpute i Rupali Patil. Zwiastunki chaosu<\/title>\n<meta name=\"description\" content=\"27 stycznia Bunkier Sztuki otworzy pierwsz\u0105 wsp\u00f3ln\u0105 wystaw\u0119 Prabhakar Pachpute i Rupali Patil pt. Zwiastunki chaosu.\" \/>\n<meta name=\"robots\" content=\"index, follow, max-snippet:-1, max-image-preview:large, max-video-preview:-1\" \/>\n<link rel=\"canonical\" href=\"https:\/\/ownetic.com\/wydarzenia\/2017\/01\/prabhakar-pachpute-rupali-patil-zwiastunki-chaosu-bunkier-sztuki-krakow\/\" \/>\n<meta name=\"twitter:card\" content=\"summary_large_image\" \/>\n<meta name=\"twitter:title\" content=\"Prabhakar Pachpute i Rupali Patil. Zwiastunki chaosu\" \/>\n<meta name=\"twitter:description\" content=\"27 stycznia Bunkier Sztuki otworzy pierwsz\u0105 wsp\u00f3ln\u0105 wystaw\u0119 Prabhakar Pachpute i Rupali Patil pt. Zwiastunki chaosu.\" \/>\n<meta name=\"twitter:image\" content=\"https:\/\/ownetic.com\/wydarzenia\/wp-content\/uploads\/2017\/01\/what-we-have-left-is-the-blue-water-istanbul-biennale-2015-prabhakar-pachpute-bunkier-sztuki-krakow-2017-01-19.jpg\" \/>\n<meta name=\"twitter:label1\" content=\"Napisane przez\" \/>\n\t<meta name=\"twitter:data1\" content=\"sonia-milewska\" \/>\n\t<meta name=\"twitter:label2\" content=\"Szacowany czas czytania\" \/>\n\t<meta name=\"twitter:data2\" content=\"6 minut\" \/>\n<script type=\"application\/ld+json\" class=\"yoast-schema-graph\">{\"@context\":\"https:\/\/schema.org\",\"@graph\":[{\"@type\":\"WebSite\",\"@id\":\"https:\/\/ownetic.com\/wydarzenia\/#website\",\"url\":\"https:\/\/ownetic.com\/wydarzenia\/\",\"name\":\"Wydarzenia O.pl\",\"description\":\"Przestrze\u0144 prezentacji najwa\u017cniejszych wydarze\u0144 z takich dziedzin, jak: sztuka, design, fotografia, film, muzyka, teatr, literatura, historia, taniec, architektura\",\"potentialAction\":[{\"@type\":\"SearchAction\",\"target\":{\"@type\":\"EntryPoint\",\"urlTemplate\":\"https:\/\/ownetic.com\/wydarzenia\/?s={search_term_string}\"},\"query-input\":\"required name=search_term_string\"}],\"inLanguage\":\"pl-PL\"},{\"@type\":\"ImageObject\",\"inLanguage\":\"pl-PL\",\"@id\":\"https:\/\/ownetic.com\/wydarzenia\/2017\/01\/prabhakar-pachpute-rupali-patil-zwiastunki-chaosu-bunkier-sztuki-krakow\/#primaryimage\",\"url\":\"https:\/\/ownetic.com\/wydarzenia\/wp-content\/uploads\/2017\/01\/what-we-have-left-is-the-blue-water-istanbul-biennale-2015-prabhakar-pachpute-bunkier-sztuki-krakow-2017-01-19.jpg\",\"contentUrl\":\"https:\/\/ownetic.com\/wydarzenia\/wp-content\/uploads\/2017\/01\/what-we-have-left-is-the-blue-water-istanbul-biennale-2015-prabhakar-pachpute-bunkier-sztuki-krakow-2017-01-19.jpg\",\"caption\":\"Prabhakar Pachpute, \u201eSen g\u00f3rnika\u201d, Wystawa w szkole autorskiej Galata Greek w ramach 14. Biennale w Stambule (\u017ar\u00f3d\u0142o: materia\u0142y prasowe organizatora)\"},{\"@type\":\"WebPage\",\"@id\":\"https:\/\/ownetic.com\/wydarzenia\/2017\/01\/prabhakar-pachpute-rupali-patil-zwiastunki-chaosu-bunkier-sztuki-krakow\/#webpage\",\"url\":\"https:\/\/ownetic.com\/wydarzenia\/2017\/01\/prabhakar-pachpute-rupali-patil-zwiastunki-chaosu-bunkier-sztuki-krakow\/\",\"name\":\"Prabhakar Pachpute i Rupali Patil. Zwiastunki chaosu\",\"isPartOf\":{\"@id\":\"https:\/\/ownetic.com\/wydarzenia\/#website\"},\"primaryImageOfPage\":{\"@id\":\"https:\/\/ownetic.com\/wydarzenia\/2017\/01\/prabhakar-pachpute-rupali-patil-zwiastunki-chaosu-bunkier-sztuki-krakow\/#primaryimage\"},\"datePublished\":\"2017-01-18T23:00:10+00:00\",\"dateModified\":\"2017-10-19T09:45:19+00:00\",\"author\":{\"@id\":\"https:\/\/ownetic.com\/wydarzenia\/#\/schema\/person\/707204e51f34604ca1e5ccd8e0479232\"},\"description\":\"27 stycznia Bunkier Sztuki otworzy pierwsz\u0105 wsp\u00f3ln\u0105 wystaw\u0119 Prabhakar Pachpute i Rupali Patil pt. Zwiastunki chaosu.\",\"breadcrumb\":{\"@id\":\"https:\/\/ownetic.com\/wydarzenia\/2017\/01\/prabhakar-pachpute-rupali-patil-zwiastunki-chaosu-bunkier-sztuki-krakow\/#breadcrumb\"},\"inLanguage\":\"pl-PL\",\"potentialAction\":[{\"@type\":\"ReadAction\",\"target\":[\"https:\/\/ownetic.com\/wydarzenia\/2017\/01\/prabhakar-pachpute-rupali-patil-zwiastunki-chaosu-bunkier-sztuki-krakow\/\"]}]},{\"@type\":\"BreadcrumbList\",\"@id\":\"https:\/\/ownetic.com\/wydarzenia\/2017\/01\/prabhakar-pachpute-rupali-patil-zwiastunki-chaosu-bunkier-sztuki-krakow\/#breadcrumb\",\"itemListElement\":[{\"@type\":\"ListItem\",\"position\":1,\"name\":\"Strona g\u0142\u00f3wna\",\"item\":\"https:\/\/ownetic.com\/wydarzenia\/\"},{\"@type\":\"ListItem\",\"position\":2,\"name\":\"Prabhakar Pachpute i Rupali Patil. Zwiastunki chaosu\"}]},{\"@type\":\"Person\",\"@id\":\"https:\/\/ownetic.com\/wydarzenia\/#\/schema\/person\/707204e51f34604ca1e5ccd8e0479232\",\"name\":\"sonia-milewska\",\"url\":\"https:\/\/ownetic.com\/wydarzenia\/author\/sonia-milewska\/\"}]}<\/script>\n<!-- \/ Yoast SEO plugin. -->","yoast_head_json":{"title":"Prabhakar Pachpute i Rupali Patil. Zwiastunki chaosu","description":"27 stycznia Bunkier Sztuki otworzy pierwsz\u0105 wsp\u00f3ln\u0105 wystaw\u0119 Prabhakar Pachpute i Rupali Patil pt. Zwiastunki chaosu.","robots":{"index":"index","follow":"follow","max-snippet":"max-snippet:-1","max-image-preview":"max-image-preview:large","max-video-preview":"max-video-preview:-1"},"canonical":"https:\/\/ownetic.com\/wydarzenia\/2017\/01\/prabhakar-pachpute-rupali-patil-zwiastunki-chaosu-bunkier-sztuki-krakow\/","twitter_card":"summary_large_image","twitter_title":"Prabhakar Pachpute i Rupali Patil. Zwiastunki chaosu","twitter_description":"27 stycznia Bunkier Sztuki otworzy pierwsz\u0105 wsp\u00f3ln\u0105 wystaw\u0119 Prabhakar Pachpute i Rupali Patil pt. Zwiastunki chaosu.","twitter_image":"https:\/\/ownetic.com\/wydarzenia\/wp-content\/uploads\/2017\/01\/what-we-have-left-is-the-blue-water-istanbul-biennale-2015-prabhakar-pachpute-bunkier-sztuki-krakow-2017-01-19.jpg","twitter_misc":{"Napisane przez":"sonia-milewska","Szacowany czas czytania":"6 minut"},"schema":{"@context":"https:\/\/schema.org","@graph":[{"@type":"WebSite","@id":"https:\/\/ownetic.com\/wydarzenia\/#website","url":"https:\/\/ownetic.com\/wydarzenia\/","name":"Wydarzenia O.pl","description":"Przestrze\u0144 prezentacji najwa\u017cniejszych wydarze\u0144 z takich dziedzin, jak: sztuka, design, fotografia, film, muzyka, teatr, literatura, historia, taniec, architektura","potentialAction":[{"@type":"SearchAction","target":{"@type":"EntryPoint","urlTemplate":"https:\/\/ownetic.com\/wydarzenia\/?s={search_term_string}"},"query-input":"required name=search_term_string"}],"inLanguage":"pl-PL"},{"@type":"ImageObject","inLanguage":"pl-PL","@id":"https:\/\/ownetic.com\/wydarzenia\/2017\/01\/prabhakar-pachpute-rupali-patil-zwiastunki-chaosu-bunkier-sztuki-krakow\/#primaryimage","url":"https:\/\/ownetic.com\/wydarzenia\/wp-content\/uploads\/2017\/01\/what-we-have-left-is-the-blue-water-istanbul-biennale-2015-prabhakar-pachpute-bunkier-sztuki-krakow-2017-01-19.jpg","contentUrl":"https:\/\/ownetic.com\/wydarzenia\/wp-content\/uploads\/2017\/01\/what-we-have-left-is-the-blue-water-istanbul-biennale-2015-prabhakar-pachpute-bunkier-sztuki-krakow-2017-01-19.jpg","caption":"Prabhakar Pachpute, \u201eSen g\u00f3rnika\u201d, Wystawa w szkole autorskiej Galata Greek w ramach 14. Biennale w Stambule (\u017ar\u00f3d\u0142o: materia\u0142y prasowe organizatora)"},{"@type":"WebPage","@id":"https:\/\/ownetic.com\/wydarzenia\/2017\/01\/prabhakar-pachpute-rupali-patil-zwiastunki-chaosu-bunkier-sztuki-krakow\/#webpage","url":"https:\/\/ownetic.com\/wydarzenia\/2017\/01\/prabhakar-pachpute-rupali-patil-zwiastunki-chaosu-bunkier-sztuki-krakow\/","name":"Prabhakar Pachpute i Rupali Patil. Zwiastunki chaosu","isPartOf":{"@id":"https:\/\/ownetic.com\/wydarzenia\/#website"},"primaryImageOfPage":{"@id":"https:\/\/ownetic.com\/wydarzenia\/2017\/01\/prabhakar-pachpute-rupali-patil-zwiastunki-chaosu-bunkier-sztuki-krakow\/#primaryimage"},"datePublished":"2017-01-18T23:00:10+00:00","dateModified":"2017-10-19T09:45:19+00:00","author":{"@id":"https:\/\/ownetic.com\/wydarzenia\/#\/schema\/person\/707204e51f34604ca1e5ccd8e0479232"},"description":"27 stycznia Bunkier Sztuki otworzy pierwsz\u0105 wsp\u00f3ln\u0105 wystaw\u0119 Prabhakar Pachpute i Rupali Patil pt. Zwiastunki chaosu.","breadcrumb":{"@id":"https:\/\/ownetic.com\/wydarzenia\/2017\/01\/prabhakar-pachpute-rupali-patil-zwiastunki-chaosu-bunkier-sztuki-krakow\/#breadcrumb"},"inLanguage":"pl-PL","potentialAction":[{"@type":"ReadAction","target":["https:\/\/ownetic.com\/wydarzenia\/2017\/01\/prabhakar-pachpute-rupali-patil-zwiastunki-chaosu-bunkier-sztuki-krakow\/"]}]},{"@type":"BreadcrumbList","@id":"https:\/\/ownetic.com\/wydarzenia\/2017\/01\/prabhakar-pachpute-rupali-patil-zwiastunki-chaosu-bunkier-sztuki-krakow\/#breadcrumb","itemListElement":[{"@type":"ListItem","position":1,"name":"Strona g\u0142\u00f3wna","item":"https:\/\/ownetic.com\/wydarzenia\/"},{"@type":"ListItem","position":2,"name":"Prabhakar Pachpute i Rupali Patil. Zwiastunki chaosu"}]},{"@type":"Person","@id":"https:\/\/ownetic.com\/wydarzenia\/#\/schema\/person\/707204e51f34604ca1e5ccd8e0479232","name":"sonia-milewska","url":"https:\/\/ownetic.com\/wydarzenia\/author\/sonia-milewska\/"}]}},"_links":{"self":[{"href":"https:\/\/ownetic.com\/wydarzenia\/wp-json\/wp\/v2\/posts\/68976"}],"collection":[{"href":"https:\/\/ownetic.com\/wydarzenia\/wp-json\/wp\/v2\/posts"}],"about":[{"href":"https:\/\/ownetic.com\/wydarzenia\/wp-json\/wp\/v2\/types\/post"}],"author":[{"embeddable":true,"href":"https:\/\/ownetic.com\/wydarzenia\/wp-json\/wp\/v2\/users\/96"}],"replies":[{"embeddable":true,"href":"https:\/\/ownetic.com\/wydarzenia\/wp-json\/wp\/v2\/comments?post=68976"}],"version-history":[{"count":0,"href":"https:\/\/ownetic.com\/wydarzenia\/wp-json\/wp\/v2\/posts\/68976\/revisions"}],"wp:featuredmedia":[{"embeddable":true,"href":"https:\/\/ownetic.com\/wydarzenia\/wp-json\/wp\/v2\/media\/68977"}],"wp:attachment":[{"href":"https:\/\/ownetic.com\/wydarzenia\/wp-json\/wp\/v2\/media?parent=68976"}],"wp:term":[{"taxonomy":"category","embeddable":true,"href":"https:\/\/ownetic.com\/wydarzenia\/wp-json\/wp\/v2\/categories?post=68976"},{"taxonomy":"post_tag","embeddable":true,"href":"https:\/\/ownetic.com\/wydarzenia\/wp-json\/wp\/v2\/tags?post=68976"},{"taxonomy":"powerkit_post_featured","embeddable":true,"href":"https:\/\/ownetic.com\/wydarzenia\/wp-json\/wp\/v2\/powerkit_post_featured?post=68976"}],"curies":[{"name":"wp","href":"https:\/\/api.w.org\/{rel}","templated":true}]}}