{"id":74756,"date":"2017-10-26T18:00:30","date_gmt":"2017-10-26T17:00:30","guid":{"rendered":"https:\/\/ownetic.com\/wydarzenia\/?p=74756"},"modified":"2018-02-09T15:47:48","modified_gmt":"2018-02-09T14:47:48","slug":"gdansk-protestancki-w-epoce-nowozytnej-w-500-lecie-wystapienia-marcina-lutra-muzeum-narodowe-w-gdansku-gdansk","status":"publish","type":"post","link":"https:\/\/ownetic.com\/wydarzenia\/2017\/10\/gdansk-protestancki-w-epoce-nowozytnej-w-500-lecie-wystapienia-marcina-lutra-muzeum-narodowe-w-gdansku-gdansk\/","title":{"rendered":"Gda\u0144sk protestancki w epoce nowo\u017cytnej"},"content":{"rendered":"<p>Program obchod\u00f3w 500-lecia Reformacji w Gda\u0144sku obejmuje mi\u0119dzy innymi wystaw\u0119 <em>Gda\u0144sk protestancki w epoce nowo\u017cytnej. W 500-lecie wyst\u0105pienia Marcina Lutra<\/em>, kt\u00f3rej otwarcie nast\u0105pi 31 pa\u017adziernika 2017 roku w Muzeum Narodowym w Gda\u0144sku \u2013 w Oddziale Zielona Brama.<\/p>\n<figure id=\"attachment_74758\" aria-describedby=\"caption-attachment-74758\" style=\"width: 576px\" class=\"wp-caption alignnone\"><a href=\"https:\/\/ownetic.com\/wydarzenia\/2017\/10\/gdansk-protestancki-w-epoce-nowozytnej-w-500-lecie-wystapienia-marcina-lutra-muzeum-narodowe-w-gdansku-gdansk\/gdansk-protestancki-w-epoce-nowozytnej-w-500-lecie-wystapienia-marcina-lutra-muzeum-narodowe-w-gdansku-gdansk-004\/\" rel=\"attachment wp-att-74758\"><img loading=\"lazy\" class=\"size-medium wp-image-74758\" title=\"\u201eGwa\u0142towne zamieszki\u201d, przedstawienie tumult na tle religijnym jaki mia\u0142 miejsce w Gda\u0144sku w 1678 roku. Ze zbior\u00f3w Westpreu\u00dfisches Landesmuseum w Warendorfie (\u017ar\u00f3d\u0142o: materia\u0142y prasowe organizatora)\" src=\"https:\/\/ownetic.com\/wydarzenia\/wp-content\/uploads\/2017\/10\/gdansk-protestancki-w-epoce-nowozytnej-w-500-lecie-wystapienia-marcina-lutra-muzeum-narodowe-w-gdansku-gdansk-004-576x418.jpg\" alt=\"\u201eGwa\u0142towne zamieszki\u201d, przedstawienie tumult na tle religijnym jaki mia\u0142 miejsce w Gda\u0144sku w 1678 roku. Ze zbior\u00f3w Westpreu\u00dfisches Landesmuseum w Warendorfie (\u017ar\u00f3d\u0142o: materia\u0142y prasowe organizatora)\" width=\"576\" height=\"418\" \/><\/a><figcaption id=\"caption-attachment-74758\" class=\"wp-caption-text\">\u201eGwa\u0142towne zamieszki\u201d, przedstawienie tumult na tle religijnym jaki mia\u0142 miejsce w Gda\u0144sku w 1678 roku. Ze zbior\u00f3w Westpreu\u00dfisches Landesmuseum w Warendorfie (\u017ar\u00f3d\u0142o: materia\u0142y prasowe organizatora)<\/figcaption><\/figure>\n<p>Pi\u0119\u0107set lat temu, 31 pa\u017adziernika 1517 roku, og\u0142oszenie 95 tez przez nieznanego wcze\u015bniej szerszemu gronu mnicha Marcina Lutra zdefiniowa\u0142o losy Europy i \u015bwiata na kilka nast\u0119pnych stuleci. Dzisiaj uznaje si\u0119, \u017ce jego wyst\u0105pienie by\u0142o jednym z wydarze\u0144, kt\u00f3re symbolicznie ko\u0144cz\u0105 okres \u015bredniowiecza i rozpoczynaj\u0105 nowo\u017cytno\u015b\u0107. Do Gda\u0144ska, \u00f3wcze\u015bnie jednego z najwi\u0119kszych miast w tej cz\u0119\u015bci Europy, s\u0142owa Lutra dotar\u0142y bardzo szybko i znalaz\u0142y swoich zwolennik\u00f3w. O\u015brodek przyj\u0105\u0142 protestanckie idea\u0142y, kt\u00f3re by\u0142y wyznawane przez wi\u0119kszo\u015b\u0107 gda\u0144szczan a\u017c do 1945 roku.<\/p>\n<p>Jako \u017ce wyst\u0105pienie Lutra mia\u0142o niebagatelny wp\u0142yw na dzieje nowo\u017cytnego miasta, Muzeum Narodowe w Gda\u0144sku wraz z PAN Bibliotek\u0105 Gda\u0144sk\u0105, Archiwum Pa\u0144stwowym w Gda\u0144sku i z Muzeum Historycznym Miasta Gda\u0144ska postanowi\u0142o przygotowa\u0107 wystaw\u0119 po\u015bwi\u0119con\u0105 temu zagadnieniu, bardzo wa\u017cnemu dla gda\u0144skiej spo\u0142eczno\u015bci w przesz\u0142o\u015bci, ale r\u00f3wnie\u017c i dzisiaj. Na wystawie w Oddziale Zielonej Bramy zostan\u0105 zaprezentowane obiekty nie tylko z wymienionych instytucji, ale r\u00f3wnie\u017c z innych krajowych i zagranicznych kolekcji.<\/p>\n<figure id=\"attachment_74759\" aria-describedby=\"caption-attachment-74759\" style=\"width: 532px\" class=\"wp-caption alignnone\"><a href=\"https:\/\/ownetic.com\/wydarzenia\/2017\/10\/gdansk-protestancki-w-epoce-nowozytnej-w-500-lecie-wystapienia-marcina-lutra-muzeum-narodowe-w-gdansku-gdansk\/gdansk-protestancki-w-epoce-nowozytnej-w-500-lecie-wystapienia-marcina-lutra-muzeum-narodowe-w-gdansku-gdansk-003\/\" rel=\"attachment wp-att-74759\"><img loading=\"lazy\" class=\"size-medium wp-image-74759\" title=\"\u201eProtestancki kielich\u201d ze zbior\u00f3w Muzeum Narodowego w Gda\u0144sku. Fot. Muzeum Narodowe w Gda\u0144sku (\u017ar\u00f3d\u0142o: materia\u0142y prasowe organizatora)\" src=\"https:\/\/ownetic.com\/wydarzenia\/wp-content\/uploads\/2017\/10\/gdansk-protestancki-w-epoce-nowozytnej-w-500-lecie-wystapienia-marcina-lutra-muzeum-narodowe-w-gdansku-gdansk-003-532x800.jpg\" alt=\"\u201eProtestancki kielich\u201d ze zbior\u00f3w Muzeum Narodowego w Gda\u0144sku. Fot. Muzeum Narodowe w Gda\u0144sku (\u017ar\u00f3d\u0142o: materia\u0142y prasowe organizatora)\" width=\"532\" height=\"800\" srcset=\"https:\/\/ownetic.com\/wydarzenia\/wp-content\/uploads\/2017\/10\/gdansk-protestancki-w-epoce-nowozytnej-w-500-lecie-wystapienia-marcina-lutra-muzeum-narodowe-w-gdansku-gdansk-003-532x800.jpg 532w, https:\/\/ownetic.com\/wydarzenia\/wp-content\/uploads\/2017\/10\/gdansk-protestancki-w-epoce-nowozytnej-w-500-lecie-wystapienia-marcina-lutra-muzeum-narodowe-w-gdansku-gdansk-003-798x1200.jpg 798w, https:\/\/ownetic.com\/wydarzenia\/wp-content\/uploads\/2017\/10\/gdansk-protestancki-w-epoce-nowozytnej-w-500-lecie-wystapienia-marcina-lutra-muzeum-narodowe-w-gdansku-gdansk-003-800x1202.jpg 800w, https:\/\/ownetic.com\/wydarzenia\/wp-content\/uploads\/2017\/10\/gdansk-protestancki-w-epoce-nowozytnej-w-500-lecie-wystapienia-marcina-lutra-muzeum-narodowe-w-gdansku-gdansk-003-1022x1536.jpg 1022w, https:\/\/ownetic.com\/wydarzenia\/wp-content\/uploads\/2017\/10\/gdansk-protestancki-w-epoce-nowozytnej-w-500-lecie-wystapienia-marcina-lutra-muzeum-narodowe-w-gdansku-gdansk-003-1363x2048.jpg 1363w, https:\/\/ownetic.com\/wydarzenia\/wp-content\/uploads\/2017\/10\/gdansk-protestancki-w-epoce-nowozytnej-w-500-lecie-wystapienia-marcina-lutra-muzeum-narodowe-w-gdansku-gdansk-003-120x180.jpg 120w, https:\/\/ownetic.com\/wydarzenia\/wp-content\/uploads\/2017\/10\/gdansk-protestancki-w-epoce-nowozytnej-w-500-lecie-wystapienia-marcina-lutra-muzeum-narodowe-w-gdansku-gdansk-003-90x135.jpg 90w, https:\/\/ownetic.com\/wydarzenia\/wp-content\/uploads\/2017\/10\/gdansk-protestancki-w-epoce-nowozytnej-w-500-lecie-wystapienia-marcina-lutra-muzeum-narodowe-w-gdansku-gdansk-003-320x481.jpg 320w, https:\/\/ownetic.com\/wydarzenia\/wp-content\/uploads\/2017\/10\/gdansk-protestancki-w-epoce-nowozytnej-w-500-lecie-wystapienia-marcina-lutra-muzeum-narodowe-w-gdansku-gdansk-003-560x842.jpg 560w, https:\/\/ownetic.com\/wydarzenia\/wp-content\/uploads\/2017\/10\/gdansk-protestancki-w-epoce-nowozytnej-w-500-lecie-wystapienia-marcina-lutra-muzeum-narodowe-w-gdansku-gdansk-003-1160x1743.jpg 1160w, https:\/\/ownetic.com\/wydarzenia\/wp-content\/uploads\/2017\/10\/gdansk-protestancki-w-epoce-nowozytnej-w-500-lecie-wystapienia-marcina-lutra-muzeum-narodowe-w-gdansku-gdansk-003.jpg 1416w\" sizes=\"(max-width: 532px) 100vw, 532px\" \/><\/a><figcaption id=\"caption-attachment-74759\" class=\"wp-caption-text\">\u201eProtestancki kielich\u201d ze zbior\u00f3w Muzeum Narodowego w Gda\u0144sku. Fot. Muzeum Narodowe w Gda\u0144sku (\u017ar\u00f3d\u0142o: materia\u0142y prasowe organizatora)<\/figcaption><\/figure>\n<p>Przyj\u0119ta koncepcja wystawy ma pokaza\u0107, jak bardzo dramatyczne by\u0142y \u00f3wczesne wydarzenia religijne. Nurt reformacji zosta\u0142 przecie\u017c poprzedzony zaistnia\u0142ym na prze\u0142omie XV i XVI wieku kryzysem \u015bwiatopogl\u0105dowym, kt\u00f3ry to czas na naszej ekspozycji ilustruje mi\u0119dzy innymi drzeworyt Albrechta D\u00fcrera <em>Ladacznica babilo\u0144ska<\/em>. W cz\u0119\u015bci dotycz\u0105cej Marcina Lutra z pewno\u015bci\u0105 gratk\u0105 dla zwiedzaj\u0105cych b\u0119dzie jego autentyczny autograf oraz korespondencja reformatora z gda\u0144sk\u0105 Rad\u0105 Miejsk\u0105.<\/p>\n<p>Idea\u0142y protestanckie by\u0142y obecne w \u017cyciu codziennym gda\u0144szczan, ich kulturze, tworzonej sztuce. I tak w\u015br\u00f3d eksponat\u00f3w znajd\u0105 si\u0119 mi\u0119dzy innymi piaskowy zegar, kt\u00f3rym odmierzano czas w ko\u015bciele, oraz tkaniny pochodz\u0105ce z poch\u00f3wk\u00f3w w gda\u0144skim ko\u015bciele \u015bw. Tr\u00f3jcy. Te ostatnie zas\u0142uguj\u0105 na szczeg\u00f3lne podkre\u015blenie ze wzgl\u0119du na swoj\u0105 unikatowo\u015b\u0107. Nasza wystawa podejmuje r\u00f3wnie\u017c jak\u017ce wa\u017cny tak\u017ce w dzisiejszych czasach temat tolerancji i nietolerancji dotykaj\u0105cy r\u00f3\u017cne wyznania chrze\u015bcija\u0144skie w Gda\u0144sku.<\/p>\n<figure id=\"attachment_74760\" aria-describedby=\"caption-attachment-74760\" style=\"width: 455px\" class=\"wp-caption alignnone\"><a href=\"https:\/\/ownetic.com\/wydarzenia\/2017\/10\/gdansk-protestancki-w-epoce-nowozytnej-w-500-lecie-wystapienia-marcina-lutra-muzeum-narodowe-w-gdansku-gdansk\/attachment\/74760\/\" rel=\"attachment wp-att-74760\"><img loading=\"lazy\" class=\"size-large wp-image-74760\" title=\"Lucas Cranach, \u201ePortret Marcina Lutra\u201d. Ze zbior\u00f3w Muzeum Narodowego w Warszawie. Fot. Wilczy\u0144ski Krzysztof\/Muzeum Narodowe w Warszawie (\u017ar\u00f3d\u0142o: materia\u0142y prasowe organizatora)\" src=\"https:\/\/ownetic.com\/wydarzenia\/wp-content\/uploads\/2017\/10\/gdansk-protestancki-w-epoce-nowozytnej-w-500-lecie-wystapienia-marcina-lutra-muzeum-narodowe-w-gdansku-gdansk-001-455x600.jpg\" alt=\"Lucas Cranach, \u201ePortret Marcina Lutra\u201d. Ze zbior\u00f3w Muzeum Narodowego w Warszawie. Fot. Wilczy\u0144ski Krzysztof\/Muzeum Narodowe w Warszawie (\u017ar\u00f3d\u0142o: materia\u0142y prasowe organizatora)\" width=\"455\" height=\"600\" \/><\/a><figcaption id=\"caption-attachment-74760\" class=\"wp-caption-text\">Lucas Cranach, \u201ePortret Marcina Lutra\u201d. Ze zbior\u00f3w Muzeum Narodowego w Warszawie. Fot. Wilczy\u0144ski Krzysztof\/Muzeum Narodowe w Warszawie (\u017ar\u00f3d\u0142o: materia\u0142y prasowe organizatora)<\/figcaption><\/figure>\n<p>Organizatorzy maj\u0105 nadziej\u0119, \u017ce wystawa przybli\u017cy zwiedzaj\u0105cym tematyk\u0119 religijn\u0105 dawnego Gda\u0144ska, jak\u017ce odmienn\u0105 od czas\u00f3w dzisiejszych.<\/p>\n<p><strong>Gda\u0144sk protestancki w epoce nowo\u017cytnej. W 500-lecie wyst\u0105pienia Marcina Lutra<\/strong><br \/>\nTermin: od 2 listopada 2017 roku do 31 stycznia 2018 roku<br \/>\nWernisa\u017c: 31 pa\u017adziernika o godzinie 14.00<br \/>\nMuzeum Narodowe w Gda\u0144sku \u2013 Oddzia\u0142 Zielona Brama<\/p>\n","protected":false},"excerpt":{"rendered":"<p>Wyst\u0105pienie Lutra mia\u0142o niebagatelny wp\u0142yw na dzieje nowo\u017cytnego miasta, Muzeum Narodowe w Gda\u0144sku wraz z PAN Bibliotek\u0105 Gda\u0144sk\u0105, Archiwum Pa\u0144stwowym w Gda\u0144sku i z Muzeum Historycznym Miasta Gda\u0144ska postanowi\u0142o przygotowa\u0107 wystaw\u0119 po\u015bwi\u0119con\u0105 temu zagadnieniu, bardzo wa\u017cnemu dla gda\u0144skiej spo\u0142eczno\u015bci w przesz\u0142o\u015bci, ale r\u00f3wnie\u017c i dzisiaj. Na wystawie w Oddziale Zielonej Bramy zostan\u0105 zaprezentowane obiekty nie tylko z wymienionych instytucji, ale r\u00f3wnie\u017c z innych krajowych i zagranicznych kolekcji.<\/p>\n","protected":false},"author":112,"featured_media":74758,"comment_status":"open","ping_status":"closed","sticky":false,"template":"","format":"standard","meta":[],"categories":[21],"tags":[38,996],"powerkit_post_featured":[],"yoast_head":"<!-- This site is optimized with the Yoast SEO plugin v18.7 - https:\/\/yoast.com\/wordpress\/plugins\/seo\/ -->\n<title>Gda\u0144sk protestancki w epoce nowo\u017cytnej<\/title>\n<meta name=\"description\" content=\"Muzeum Narodowe w Gda\u0144sku zaprasza na wystaw\u0119 Gda\u0144sk protestancki w epoce nowo\u017cytnej. W 500-lecie wyst\u0105pienia Marcina Lutra od 2 listopada.\" \/>\n<meta name=\"robots\" content=\"index, follow, max-snippet:-1, max-image-preview:large, max-video-preview:-1\" \/>\n<link rel=\"canonical\" href=\"https:\/\/ownetic.com\/wydarzenia\/2017\/10\/gdansk-protestancki-w-epoce-nowozytnej-w-500-lecie-wystapienia-marcina-lutra-muzeum-narodowe-w-gdansku-gdansk\/\" \/>\n<meta name=\"twitter:card\" content=\"summary_large_image\" \/>\n<meta name=\"twitter:title\" content=\"Gda\u0144sk protestancki w epoce nowo\u017cytnej\" \/>\n<meta name=\"twitter:description\" content=\"Muzeum Narodowe w Gda\u0144sku zaprasza na wystaw\u0119 Gda\u0144sk protestancki w epoce nowo\u017cytnej. W 500-lecie wyst\u0105pienia Marcina Lutra od 2 listopada.\" \/>\n<meta name=\"twitter:image\" content=\"https:\/\/ownetic.com\/wydarzenia\/wp-content\/uploads\/2017\/10\/gdansk-protestancki-w-epoce-nowozytnej-w-500-lecie-wystapienia-marcina-lutra-muzeum-narodowe-w-gdansku-gdansk-004.jpg\" \/>\n<meta name=\"twitter:label1\" content=\"Napisane przez\" \/>\n\t<meta name=\"twitter:data1\" content=\"daniel-czepinski\" \/>\n\t<meta name=\"twitter:label2\" content=\"Szacowany czas czytania\" \/>\n\t<meta name=\"twitter:data2\" content=\"3 minuty\" \/>\n<script type=\"application\/ld+json\" class=\"yoast-schema-graph\">{\"@context\":\"https:\/\/schema.org\",\"@graph\":[{\"@type\":\"WebSite\",\"@id\":\"https:\/\/ownetic.com\/wydarzenia\/#website\",\"url\":\"https:\/\/ownetic.com\/wydarzenia\/\",\"name\":\"Wydarzenia O.pl\",\"description\":\"Przestrze\u0144 prezentacji najwa\u017cniejszych wydarze\u0144 z takich dziedzin, jak: sztuka, design, fotografia, film, muzyka, teatr, literatura, historia, taniec, architektura\",\"potentialAction\":[{\"@type\":\"SearchAction\",\"target\":{\"@type\":\"EntryPoint\",\"urlTemplate\":\"https:\/\/ownetic.com\/wydarzenia\/?s={search_term_string}\"},\"query-input\":\"required name=search_term_string\"}],\"inLanguage\":\"pl-PL\"},{\"@type\":\"ImageObject\",\"inLanguage\":\"pl-PL\",\"@id\":\"https:\/\/ownetic.com\/wydarzenia\/2017\/10\/gdansk-protestancki-w-epoce-nowozytnej-w-500-lecie-wystapienia-marcina-lutra-muzeum-narodowe-w-gdansku-gdansk\/#primaryimage\",\"url\":\"https:\/\/ownetic.com\/wydarzenia\/wp-content\/uploads\/2017\/10\/gdansk-protestancki-w-epoce-nowozytnej-w-500-lecie-wystapienia-marcina-lutra-muzeum-narodowe-w-gdansku-gdansk-004.jpg\",\"contentUrl\":\"https:\/\/ownetic.com\/wydarzenia\/wp-content\/uploads\/2017\/10\/gdansk-protestancki-w-epoce-nowozytnej-w-500-lecie-wystapienia-marcina-lutra-muzeum-narodowe-w-gdansku-gdansk-004.jpg\",\"width\":911,\"height\":662,\"caption\":\"\u201eGwa\u0142towne zamieszki\u201d, przedstawienie tumult na tle religijnym jaki mia\u0142 miejsce w Gda\u0144sku w 1678 roku. Ze zbior\u00f3w Westpreu\u00dfisches Landesmuseum w Warendorfie (\u017ar\u00f3d\u0142o: materia\u0142y prasowe organizatora)\"},{\"@type\":\"WebPage\",\"@id\":\"https:\/\/ownetic.com\/wydarzenia\/2017\/10\/gdansk-protestancki-w-epoce-nowozytnej-w-500-lecie-wystapienia-marcina-lutra-muzeum-narodowe-w-gdansku-gdansk\/#webpage\",\"url\":\"https:\/\/ownetic.com\/wydarzenia\/2017\/10\/gdansk-protestancki-w-epoce-nowozytnej-w-500-lecie-wystapienia-marcina-lutra-muzeum-narodowe-w-gdansku-gdansk\/\",\"name\":\"Gda\u0144sk protestancki w epoce nowo\u017cytnej\",\"isPartOf\":{\"@id\":\"https:\/\/ownetic.com\/wydarzenia\/#website\"},\"primaryImageOfPage\":{\"@id\":\"https:\/\/ownetic.com\/wydarzenia\/2017\/10\/gdansk-protestancki-w-epoce-nowozytnej-w-500-lecie-wystapienia-marcina-lutra-muzeum-narodowe-w-gdansku-gdansk\/#primaryimage\"},\"datePublished\":\"2017-10-26T17:00:30+00:00\",\"dateModified\":\"2018-02-09T14:47:48+00:00\",\"author\":{\"@id\":\"https:\/\/ownetic.com\/wydarzenia\/#\/schema\/person\/9d80bfa9e3a33a8cc71493c8f9958200\"},\"description\":\"Muzeum Narodowe w Gda\u0144sku zaprasza na wystaw\u0119 Gda\u0144sk protestancki w epoce nowo\u017cytnej. W 500-lecie wyst\u0105pienia Marcina Lutra od 2 listopada.\",\"breadcrumb\":{\"@id\":\"https:\/\/ownetic.com\/wydarzenia\/2017\/10\/gdansk-protestancki-w-epoce-nowozytnej-w-500-lecie-wystapienia-marcina-lutra-muzeum-narodowe-w-gdansku-gdansk\/#breadcrumb\"},\"inLanguage\":\"pl-PL\",\"potentialAction\":[{\"@type\":\"ReadAction\",\"target\":[\"https:\/\/ownetic.com\/wydarzenia\/2017\/10\/gdansk-protestancki-w-epoce-nowozytnej-w-500-lecie-wystapienia-marcina-lutra-muzeum-narodowe-w-gdansku-gdansk\/\"]}]},{\"@type\":\"BreadcrumbList\",\"@id\":\"https:\/\/ownetic.com\/wydarzenia\/2017\/10\/gdansk-protestancki-w-epoce-nowozytnej-w-500-lecie-wystapienia-marcina-lutra-muzeum-narodowe-w-gdansku-gdansk\/#breadcrumb\",\"itemListElement\":[{\"@type\":\"ListItem\",\"position\":1,\"name\":\"Strona g\u0142\u00f3wna\",\"item\":\"https:\/\/ownetic.com\/wydarzenia\/\"},{\"@type\":\"ListItem\",\"position\":2,\"name\":\"Gda\u0144sk protestancki w epoce nowo\u017cytnej\"}]},{\"@type\":\"Person\",\"@id\":\"https:\/\/ownetic.com\/wydarzenia\/#\/schema\/person\/9d80bfa9e3a33a8cc71493c8f9958200\",\"name\":\"daniel-czepinski\",\"url\":\"https:\/\/ownetic.com\/wydarzenia\/author\/daniel-czepinski\/\"}]}<\/script>\n<!-- \/ Yoast SEO plugin. -->","yoast_head_json":{"title":"Gda\u0144sk protestancki w epoce nowo\u017cytnej","description":"Muzeum Narodowe w Gda\u0144sku zaprasza na wystaw\u0119 Gda\u0144sk protestancki w epoce nowo\u017cytnej. W 500-lecie wyst\u0105pienia Marcina Lutra od 2 listopada.","robots":{"index":"index","follow":"follow","max-snippet":"max-snippet:-1","max-image-preview":"max-image-preview:large","max-video-preview":"max-video-preview:-1"},"canonical":"https:\/\/ownetic.com\/wydarzenia\/2017\/10\/gdansk-protestancki-w-epoce-nowozytnej-w-500-lecie-wystapienia-marcina-lutra-muzeum-narodowe-w-gdansku-gdansk\/","twitter_card":"summary_large_image","twitter_title":"Gda\u0144sk protestancki w epoce nowo\u017cytnej","twitter_description":"Muzeum Narodowe w Gda\u0144sku zaprasza na wystaw\u0119 Gda\u0144sk protestancki w epoce nowo\u017cytnej. W 500-lecie wyst\u0105pienia Marcina Lutra od 2 listopada.","twitter_image":"https:\/\/ownetic.com\/wydarzenia\/wp-content\/uploads\/2017\/10\/gdansk-protestancki-w-epoce-nowozytnej-w-500-lecie-wystapienia-marcina-lutra-muzeum-narodowe-w-gdansku-gdansk-004.jpg","twitter_misc":{"Napisane przez":"daniel-czepinski","Szacowany czas czytania":"3 minuty"},"schema":{"@context":"https:\/\/schema.org","@graph":[{"@type":"WebSite","@id":"https:\/\/ownetic.com\/wydarzenia\/#website","url":"https:\/\/ownetic.com\/wydarzenia\/","name":"Wydarzenia O.pl","description":"Przestrze\u0144 prezentacji najwa\u017cniejszych wydarze\u0144 z takich dziedzin, jak: sztuka, design, fotografia, film, muzyka, teatr, literatura, historia, taniec, architektura","potentialAction":[{"@type":"SearchAction","target":{"@type":"EntryPoint","urlTemplate":"https:\/\/ownetic.com\/wydarzenia\/?s={search_term_string}"},"query-input":"required name=search_term_string"}],"inLanguage":"pl-PL"},{"@type":"ImageObject","inLanguage":"pl-PL","@id":"https:\/\/ownetic.com\/wydarzenia\/2017\/10\/gdansk-protestancki-w-epoce-nowozytnej-w-500-lecie-wystapienia-marcina-lutra-muzeum-narodowe-w-gdansku-gdansk\/#primaryimage","url":"https:\/\/ownetic.com\/wydarzenia\/wp-content\/uploads\/2017\/10\/gdansk-protestancki-w-epoce-nowozytnej-w-500-lecie-wystapienia-marcina-lutra-muzeum-narodowe-w-gdansku-gdansk-004.jpg","contentUrl":"https:\/\/ownetic.com\/wydarzenia\/wp-content\/uploads\/2017\/10\/gdansk-protestancki-w-epoce-nowozytnej-w-500-lecie-wystapienia-marcina-lutra-muzeum-narodowe-w-gdansku-gdansk-004.jpg","width":911,"height":662,"caption":"\u201eGwa\u0142towne zamieszki\u201d, przedstawienie tumult na tle religijnym jaki mia\u0142 miejsce w Gda\u0144sku w 1678 roku. Ze zbior\u00f3w Westpreu\u00dfisches Landesmuseum w Warendorfie (\u017ar\u00f3d\u0142o: materia\u0142y prasowe organizatora)"},{"@type":"WebPage","@id":"https:\/\/ownetic.com\/wydarzenia\/2017\/10\/gdansk-protestancki-w-epoce-nowozytnej-w-500-lecie-wystapienia-marcina-lutra-muzeum-narodowe-w-gdansku-gdansk\/#webpage","url":"https:\/\/ownetic.com\/wydarzenia\/2017\/10\/gdansk-protestancki-w-epoce-nowozytnej-w-500-lecie-wystapienia-marcina-lutra-muzeum-narodowe-w-gdansku-gdansk\/","name":"Gda\u0144sk protestancki w epoce nowo\u017cytnej","isPartOf":{"@id":"https:\/\/ownetic.com\/wydarzenia\/#website"},"primaryImageOfPage":{"@id":"https:\/\/ownetic.com\/wydarzenia\/2017\/10\/gdansk-protestancki-w-epoce-nowozytnej-w-500-lecie-wystapienia-marcina-lutra-muzeum-narodowe-w-gdansku-gdansk\/#primaryimage"},"datePublished":"2017-10-26T17:00:30+00:00","dateModified":"2018-02-09T14:47:48+00:00","author":{"@id":"https:\/\/ownetic.com\/wydarzenia\/#\/schema\/person\/9d80bfa9e3a33a8cc71493c8f9958200"},"description":"Muzeum Narodowe w Gda\u0144sku zaprasza na wystaw\u0119 Gda\u0144sk protestancki w epoce nowo\u017cytnej. W 500-lecie wyst\u0105pienia Marcina Lutra od 2 listopada.","breadcrumb":{"@id":"https:\/\/ownetic.com\/wydarzenia\/2017\/10\/gdansk-protestancki-w-epoce-nowozytnej-w-500-lecie-wystapienia-marcina-lutra-muzeum-narodowe-w-gdansku-gdansk\/#breadcrumb"},"inLanguage":"pl-PL","potentialAction":[{"@type":"ReadAction","target":["https:\/\/ownetic.com\/wydarzenia\/2017\/10\/gdansk-protestancki-w-epoce-nowozytnej-w-500-lecie-wystapienia-marcina-lutra-muzeum-narodowe-w-gdansku-gdansk\/"]}]},{"@type":"BreadcrumbList","@id":"https:\/\/ownetic.com\/wydarzenia\/2017\/10\/gdansk-protestancki-w-epoce-nowozytnej-w-500-lecie-wystapienia-marcina-lutra-muzeum-narodowe-w-gdansku-gdansk\/#breadcrumb","itemListElement":[{"@type":"ListItem","position":1,"name":"Strona g\u0142\u00f3wna","item":"https:\/\/ownetic.com\/wydarzenia\/"},{"@type":"ListItem","position":2,"name":"Gda\u0144sk protestancki w epoce nowo\u017cytnej"}]},{"@type":"Person","@id":"https:\/\/ownetic.com\/wydarzenia\/#\/schema\/person\/9d80bfa9e3a33a8cc71493c8f9958200","name":"daniel-czepinski","url":"https:\/\/ownetic.com\/wydarzenia\/author\/daniel-czepinski\/"}]}},"_links":{"self":[{"href":"https:\/\/ownetic.com\/wydarzenia\/wp-json\/wp\/v2\/posts\/74756"}],"collection":[{"href":"https:\/\/ownetic.com\/wydarzenia\/wp-json\/wp\/v2\/posts"}],"about":[{"href":"https:\/\/ownetic.com\/wydarzenia\/wp-json\/wp\/v2\/types\/post"}],"author":[{"embeddable":true,"href":"https:\/\/ownetic.com\/wydarzenia\/wp-json\/wp\/v2\/users\/112"}],"replies":[{"embeddable":true,"href":"https:\/\/ownetic.com\/wydarzenia\/wp-json\/wp\/v2\/comments?post=74756"}],"version-history":[{"count":0,"href":"https:\/\/ownetic.com\/wydarzenia\/wp-json\/wp\/v2\/posts\/74756\/revisions"}],"wp:featuredmedia":[{"embeddable":true,"href":"https:\/\/ownetic.com\/wydarzenia\/wp-json\/wp\/v2\/media\/74758"}],"wp:attachment":[{"href":"https:\/\/ownetic.com\/wydarzenia\/wp-json\/wp\/v2\/media?parent=74756"}],"wp:term":[{"taxonomy":"category","embeddable":true,"href":"https:\/\/ownetic.com\/wydarzenia\/wp-json\/wp\/v2\/categories?post=74756"},{"taxonomy":"post_tag","embeddable":true,"href":"https:\/\/ownetic.com\/wydarzenia\/wp-json\/wp\/v2\/tags?post=74756"},{"taxonomy":"powerkit_post_featured","embeddable":true,"href":"https:\/\/ownetic.com\/wydarzenia\/wp-json\/wp\/v2\/powerkit_post_featured?post=74756"}],"curies":[{"name":"wp","href":"https:\/\/api.w.org\/{rel}","templated":true}]}}