{"id":77151,"date":"2018-03-03T00:00:10","date_gmt":"2018-03-02T23:00:10","guid":{"rendered":"https:\/\/ownetic.com\/wydarzenia\/?p=77151"},"modified":"2018-05-30T10:07:58","modified_gmt":"2018-05-30T09:07:58","slug":"wystawa-nabytkow-2017-muzeum-historyczne-miasta-krakowa-krakow","status":"publish","type":"post","link":"https:\/\/ownetic.com\/wydarzenia\/2018\/03\/wystawa-nabytkow-2017-muzeum-historyczne-miasta-krakowa-krakow\/","title":{"rendered":"Wystawa nabytk\u00f3w 2017"},"content":{"rendered":"<p>Muzeum zaprezentuje publiczno\u015bci najciekawsze muzealia kupione lub podarowane w 2017 roku. Muzeum wzbogaci\u0142o sw\u00f3j Thesaurus o takie skarby jak obrazy, grafiki, rze\u017aby, jak i wyroby rzemios\u0142a artystycznego, fotografie a tak\u017ce przedmioty codziennego u\u017cytku dokumentuj\u0105ce nasz\u0105 przesz\u0142o\u015b\u0107, nasze \u017cycie i obyczaje.<\/p>\n<figure id=\"attachment_77401\" aria-describedby=\"caption-attachment-77401\" style=\"width: 516px\" class=\"wp-caption alignnone\"><a href=\"https:\/\/ownetic.com\/wydarzenia\/2018\/03\/wystawa-nabytkow-2017-muzeum-historyczne-miasta-krakowa-krakow\/franciszek-zmurko-pieta-mhk-fot-t-kalarus-krakow-2018-02-28\/\" rel=\"attachment wp-att-77401\"><img loading=\"lazy\" class=\"size-large wp-image-77401\" title=\"Franciszek \u017bmurko, \u201ePieta\u201d, fot. Tomasz Kalarus (\u017ar\u00f3d\u0142o: materia\u0142y prasowe organizatora)\" src=\"https:\/\/ownetic.com\/wydarzenia\/wp-content\/uploads\/2018\/03\/franciszek-zmurko-pieta-mhk-fot-t-kalarus-krakow-2018-02-28-516x600.jpg\" alt=\"Franciszek \u017bmurko, \u201ePieta\u201d, fot. Tomasz Kalarus (\u017ar\u00f3d\u0142o: materia\u0142y prasowe organizatora)\" width=\"516\" height=\"600\" \/><\/a><figcaption id=\"caption-attachment-77401\" class=\"wp-caption-text\">Franciszek \u017bmurko, \u201ePieta\u201d, fot. Tomasz Kalarus (\u017ar\u00f3d\u0142o: materia\u0142y prasowe organizatora)<\/figcaption><\/figure>\n<p>Jednym z ciekawszych nabytk\u00f3w jest pochodz\u0105cy z lat 1903-1904 gwasz Franciszka \u017bmurki zatytu\u0142owany <em>Pieta<\/em>. \u017bmurko zas\u0142yn\u0105\u0142 portretami urodziwych, wydekoltowanych dam i pi\u0119knych odalisek. Malowa\u0142 nadto sceny egzotyczne a tak\u017ce religijne. <em>Pieta<\/em>\u00a0to nieco tajemniczy obraz. Przedstawia popiersie pi\u0119knej kobiety, kt\u00f3ra trzyma w r\u0119kach tablic\u0119 z napisem PIETA. Zatem nie jest to typowe przedstawienie Matki Bo\u017cej op\u0142akuj\u0105cej Syna. W twarzy kobiety nie wida\u0107 b\u00f3lu czy rozpaczy, raczej wznios\u0142o\u015b\u0107 i uduchowienie. By\u0107 mo\u017ce jest to symboliczne wyobra\u017cenie mi\u0142o\u015bci, lito\u015bci, a zatem tego, co znaczy w\u0142oskie s\u0142owo pieta, wymalowane wielkimi literami.<\/p>\n<div id='gallery-1' class='gallery galleryid-77151 gallery-columns-5 gallery-size-thumbnail'><figure class='gallery-item'>\n\t\t\t<div class='gallery-icon landscape'>\n\t\t\t\t<a href='https:\/\/ownetic.com\/wydarzenia\/2018\/03\/wystawa-nabytkow-2017-muzeum-historyczne-miasta-krakowa-krakow\/fot-tomasz-kalarusmuzeum-historyczne-miasta-krakowa-7\/'><img width=\"260\" height=\"200\" src=\"https:\/\/ownetic.com\/wydarzenia\/wp-content\/uploads\/2018\/03\/wojciech-weiss-podgorze-park-nad-wisla-muzeum-historyczne-miasta-krakowa-fot-t-kalarus-krakow-2018-02-28-260x200.jpg\" class=\"attachment-thumbnail size-thumbnail\" alt=\"Wojciech Weiss, \u201ePodg\u00f3rze. Park nad Wis\u0142\u0105\u201d, fot. Tomasz Kalarus (\u017ar\u00f3d\u0142o: materia\u0142y prasowe organizatora)\" loading=\"lazy\" aria-describedby=\"gallery-1-77156\" srcset=\"https:\/\/ownetic.com\/wydarzenia\/wp-content\/uploads\/2018\/03\/wojciech-weiss-podgorze-park-nad-wisla-muzeum-historyczne-miasta-krakowa-fot-t-kalarus-krakow-2018-02-28-260x200.jpg 260w, https:\/\/ownetic.com\/wydarzenia\/wp-content\/uploads\/2018\/03\/wojciech-weiss-podgorze-park-nad-wisla-muzeum-historyczne-miasta-krakowa-fot-t-kalarus-krakow-2018-02-28-90x68.jpg 90w\" sizes=\"(max-width: 260px) 100vw, 260px\" \/><\/a>\n\t\t\t<\/div>\n\t\t\t\t<figcaption class='wp-caption-text gallery-caption' id='gallery-1-77156'>\n\t\t\t\tWojciech Weiss, \u201ePodg\u00f3rze. Park nad Wis\u0142\u0105\u201d, fot. Tomasz Kalarus (\u017ar\u00f3d\u0142o: materia\u0142y prasowe organizatora)\n\t\t\t\t<\/figcaption><\/figure><figure class='gallery-item'>\n\t\t\t<div class='gallery-icon landscape'>\n\t\t\t\t<a href='https:\/\/ownetic.com\/wydarzenia\/2018\/03\/wystawa-nabytkow-2017-muzeum-historyczne-miasta-krakowa-krakow\/fot-tomasz-kalarusmuzeum-historyczne-miasta-krakowa-8\/'><img width=\"260\" height=\"200\" src=\"https:\/\/ownetic.com\/wydarzenia\/wp-content\/uploads\/2018\/03\/walery-eliasz-radzikowski-wycieczka-muzeum-historyczne-miasta-krakowa-fot-t-kalarus-krakow-2018-02-28-260x200.jpg\" class=\"attachment-thumbnail size-thumbnail\" alt=\"Walery Eliasz Radzikowski, \u201eWycieczka\u201d, fot. Tomasz Kalarus (\u017ar\u00f3d\u0142o: materia\u0142y prasowe organizatora)\" loading=\"lazy\" aria-describedby=\"gallery-1-77157\" srcset=\"https:\/\/ownetic.com\/wydarzenia\/wp-content\/uploads\/2018\/03\/walery-eliasz-radzikowski-wycieczka-muzeum-historyczne-miasta-krakowa-fot-t-kalarus-krakow-2018-02-28-260x200.jpg 260w, https:\/\/ownetic.com\/wydarzenia\/wp-content\/uploads\/2018\/03\/walery-eliasz-radzikowski-wycieczka-muzeum-historyczne-miasta-krakowa-fot-t-kalarus-krakow-2018-02-28-90x68.jpg 90w\" sizes=\"(max-width: 260px) 100vw, 260px\" \/><\/a>\n\t\t\t<\/div>\n\t\t\t\t<figcaption class='wp-caption-text gallery-caption' id='gallery-1-77157'>\n\t\t\t\tWalery Eliasz Radzikowski, \u201eWycieczka\u201d, fot. Tomasz Kalarus (\u017ar\u00f3d\u0142o: materia\u0142y prasowe organizatora)\n\t\t\t\t<\/figcaption><\/figure><figure class='gallery-item'>\n\t\t\t<div class='gallery-icon portrait'>\n\t\t\t\t<a href='https:\/\/ownetic.com\/wydarzenia\/2018\/03\/wystawa-nabytkow-2017-muzeum-historyczne-miasta-krakowa-krakow\/bronislaw-chromy-muzykanci-muzeum-historyczne-miasta-krakowa-fot-t-kalarus-krakow-2018-02-28\/'><img width=\"260\" height=\"200\" src=\"https:\/\/ownetic.com\/wydarzenia\/wp-content\/uploads\/2018\/03\/bronislaw-chromy-muzykanci-muzeum-historyczne-miasta-krakowa-fot-t-kalarus-krakow-2018-02-28-260x200.jpg\" class=\"attachment-thumbnail size-thumbnail\" alt=\"Bronis\u0142aw Chromy, \u201eMuzykanci\u201d, fot. Tomasz Kalarus (\u017ar\u00f3d\u0142o: materia\u0142y prasowe organizatora)\" loading=\"lazy\" aria-describedby=\"gallery-1-77160\" srcset=\"https:\/\/ownetic.com\/wydarzenia\/wp-content\/uploads\/2018\/03\/bronislaw-chromy-muzykanci-muzeum-historyczne-miasta-krakowa-fot-t-kalarus-krakow-2018-02-28-260x200.jpg 260w, https:\/\/ownetic.com\/wydarzenia\/wp-content\/uploads\/2018\/03\/bronislaw-chromy-muzykanci-muzeum-historyczne-miasta-krakowa-fot-t-kalarus-krakow-2018-02-28-90x68.jpg 90w\" sizes=\"(max-width: 260px) 100vw, 260px\" \/><\/a>\n\t\t\t<\/div>\n\t\t\t\t<figcaption class='wp-caption-text gallery-caption' id='gallery-1-77160'>\n\t\t\t\tBronis\u0142aw Chromy, \u201eMuzykanci\u201d, fot. Tomasz Kalarus (\u017ar\u00f3d\u0142o: materia\u0142y prasowe organizatora)\n\t\t\t\t<\/figcaption><\/figure><figure class='gallery-item'>\n\t\t\t<div class='gallery-icon portrait'>\n\t\t\t\t<a href='https:\/\/ownetic.com\/wydarzenia\/2018\/03\/wystawa-nabytkow-2017-muzeum-historyczne-miasta-krakowa-krakow\/fot-tomasz-kalarusmuzeum-historyczne-miasta-krakowa-9\/'><img width=\"260\" height=\"200\" src=\"https:\/\/ownetic.com\/wydarzenia\/wp-content\/uploads\/2018\/03\/jan-matejko-projekt-polichromii-kosciola-maryjackiego-muzeum-historyczne-miasta-krakowa-fot-t-kalarus-krakow-2018-02-28-260x200.jpg\" class=\"attachment-thumbnail size-thumbnail\" alt=\"Jan Matejko, Projekt polichromii ko\u015bcio\u0142a Mariackiego, fot. Tomasz Kalarus (\u017ar\u00f3d\u0142o: materia\u0142y prasowe organizatora)\" loading=\"lazy\" aria-describedby=\"gallery-1-77161\" srcset=\"https:\/\/ownetic.com\/wydarzenia\/wp-content\/uploads\/2018\/03\/jan-matejko-projekt-polichromii-kosciola-maryjackiego-muzeum-historyczne-miasta-krakowa-fot-t-kalarus-krakow-2018-02-28-260x200.jpg 260w, https:\/\/ownetic.com\/wydarzenia\/wp-content\/uploads\/2018\/03\/jan-matejko-projekt-polichromii-kosciola-maryjackiego-muzeum-historyczne-miasta-krakowa-fot-t-kalarus-krakow-2018-02-28-90x68.jpg 90w\" sizes=\"(max-width: 260px) 100vw, 260px\" \/><\/a>\n\t\t\t<\/div>\n\t\t\t\t<figcaption class='wp-caption-text gallery-caption' id='gallery-1-77161'>\n\t\t\t\tJan Matejko, Projekt polichromii ko\u015bcio\u0142a Mariackiego, fot. Tomasz Kalarus (\u017ar\u00f3d\u0142o: materia\u0142y prasowe organizatora)\n\t\t\t\t<\/figcaption><\/figure><figure class='gallery-item'>\n\t\t\t<div class='gallery-icon portrait'>\n\t\t\t\t<a href='https:\/\/ownetic.com\/wydarzenia\/2018\/03\/wystawa-nabytkow-2017-muzeum-historyczne-miasta-krakowa-krakow\/fot-tomasz-kalarusmuzeum-historyczne-miasta-krakowa-10\/'><img width=\"260\" height=\"200\" src=\"https:\/\/ownetic.com\/wydarzenia\/wp-content\/uploads\/2018\/03\/zegar-stolowy-firmy-lenzkirch-uhrenfabrik-w-szwarcwaldzie-z-1889-muzeum-historyczne-miasta-krakowa-fot-t-kalarus-krakow-2018-02-28-260x200.jpg\" class=\"attachment-thumbnail size-thumbnail\" alt=\"Zegar sto\u0142owy firmy Lanzkrich Uhrenfabrik w Szwarzwaldzie, fot. Tomasz Kalarus (\u017ar\u00f3d\u0142o: materia\u0142y prasowe organizatora)\" loading=\"lazy\" aria-describedby=\"gallery-1-77162\" srcset=\"https:\/\/ownetic.com\/wydarzenia\/wp-content\/uploads\/2018\/03\/zegar-stolowy-firmy-lenzkirch-uhrenfabrik-w-szwarcwaldzie-z-1889-muzeum-historyczne-miasta-krakowa-fot-t-kalarus-krakow-2018-02-28-260x200.jpg 260w, https:\/\/ownetic.com\/wydarzenia\/wp-content\/uploads\/2018\/03\/zegar-stolowy-firmy-lenzkirch-uhrenfabrik-w-szwarcwaldzie-z-1889-muzeum-historyczne-miasta-krakowa-fot-t-kalarus-krakow-2018-02-28-90x68.jpg 90w\" sizes=\"(max-width: 260px) 100vw, 260px\" \/><\/a>\n\t\t\t<\/div>\n\t\t\t\t<figcaption class='wp-caption-text gallery-caption' id='gallery-1-77162'>\n\t\t\t\tZegar sto\u0142owy firmy Lanzkrich Uhrenfabrik w Szwarzwaldzie, fot. Tomasz Kalarus (\u017ar\u00f3d\u0142o: materia\u0142y prasowe organizatora)\n\t\t\t\t<\/figcaption><\/figure><figure class='gallery-item'>\n\t\t\t<div class='gallery-icon portrait'>\n\t\t\t\t<a href='https:\/\/ownetic.com\/wydarzenia\/2018\/03\/wystawa-nabytkow-2017-muzeum-historyczne-miasta-krakowa-krakow\/franciszek-zmurko-pieta-mhk-fot-t-kalarus-krakow-2018-02-28\/'><img width=\"260\" height=\"200\" src=\"https:\/\/ownetic.com\/wydarzenia\/wp-content\/uploads\/2018\/03\/franciszek-zmurko-pieta-mhk-fot-t-kalarus-krakow-2018-02-28-260x200.jpg\" class=\"attachment-thumbnail size-thumbnail\" alt=\"Franciszek \u017bmurko, \u201ePieta\u201d, fot. Tomasz Kalarus (\u017ar\u00f3d\u0142o: materia\u0142y prasowe organizatora)\" loading=\"lazy\" aria-describedby=\"gallery-1-77401\" srcset=\"https:\/\/ownetic.com\/wydarzenia\/wp-content\/uploads\/2018\/03\/franciszek-zmurko-pieta-mhk-fot-t-kalarus-krakow-2018-02-28-260x200.jpg 260w, https:\/\/ownetic.com\/wydarzenia\/wp-content\/uploads\/2018\/03\/franciszek-zmurko-pieta-mhk-fot-t-kalarus-krakow-2018-02-28-90x68.jpg 90w\" sizes=\"(max-width: 260px) 100vw, 260px\" \/><\/a>\n\t\t\t<\/div>\n\t\t\t\t<figcaption class='wp-caption-text gallery-caption' id='gallery-1-77401'>\n\t\t\t\tFranciszek \u017bmurko, \u201ePieta\u201d, fot. Tomasz Kalarus (\u017ar\u00f3d\u0142o: materia\u0142y prasowe organizatora)\n\t\t\t\t<\/figcaption><\/figure><figure class='gallery-item'>\n\t\t\t<div class='gallery-icon portrait'>\n\t\t\t\t<a href='https:\/\/ownetic.com\/wydarzenia\/2018\/03\/wystawa-nabytkow-2017-muzeum-historyczne-miasta-krakowa-krakow\/bronislaw-chromy-paw-mhk-fot-t-kalarus-krakow-2018-02-28\/'><img width=\"260\" height=\"200\" src=\"https:\/\/ownetic.com\/wydarzenia\/wp-content\/uploads\/2018\/03\/bronislaw-chromy-paw-mhk-fot-t-kalarus-krakow-2018-02-28-260x200.jpg\" class=\"attachment-thumbnail size-thumbnail\" alt=\"Bronis\u0142aw Chromy, \u201ePaw\u201d, fot. Tomasz Kalarus (\u017ar\u00f3d\u0142o: materia\u0142y prasowe organizatora)\" loading=\"lazy\" aria-describedby=\"gallery-1-77404\" srcset=\"https:\/\/ownetic.com\/wydarzenia\/wp-content\/uploads\/2018\/03\/bronislaw-chromy-paw-mhk-fot-t-kalarus-krakow-2018-02-28-260x200.jpg 260w, https:\/\/ownetic.com\/wydarzenia\/wp-content\/uploads\/2018\/03\/bronislaw-chromy-paw-mhk-fot-t-kalarus-krakow-2018-02-28-90x68.jpg 90w\" sizes=\"(max-width: 260px) 100vw, 260px\" \/><\/a>\n\t\t\t<\/div>\n\t\t\t\t<figcaption class='wp-caption-text gallery-caption' id='gallery-1-77404'>\n\t\t\t\tBronis\u0142aw Chromy, \u201ePaw\u201d, fot. Tomasz Kalarus (\u017ar\u00f3d\u0142o: materia\u0142y prasowe organizatora)\n\t\t\t\t<\/figcaption><\/figure>\n\t\t<\/div>\n\n<p>&nbsp;<\/p>\n<p>W 2017 roku Muzeum powi\u0119kszy\u0142o r\u00f3wnie\u017c kolekcj\u0119 pami\u0105tek Bractwa Kurkowego o kilka drobiazg\u00f3w a tak\u017ce kolekcj\u0119 zegar\u00f3w, zakupuj\u0105c neorokokowy zegar sto\u0142owy firmy Lenzkirch Uhrenfabrik w Szwarcwaldzie z 1889 roku.<\/p>\n<figure id=\"attachment_77160\" aria-describedby=\"caption-attachment-77160\" style=\"width: 397px\" class=\"wp-caption alignnone\"><a href=\"https:\/\/ownetic.com\/wydarzenia\/2018\/03\/wystawa-nabytkow-2017-muzeum-historyczne-miasta-krakowa-krakow\/bronislaw-chromy-muzykanci-muzeum-historyczne-miasta-krakowa-fot-t-kalarus-krakow-2018-02-28\/\" rel=\"attachment wp-att-77160\"><img loading=\"lazy\" class=\"size-medium wp-image-77160\" title=\"Bronis\u0142aw Chromy, \u201eMuzykanci\u201d, fot. Tomasz Kalarus (\u017ar\u00f3d\u0142o: materia\u0142y prasowe organizatora)\" src=\"https:\/\/ownetic.com\/wydarzenia\/wp-content\/uploads\/2018\/03\/bronislaw-chromy-muzykanci-muzeum-historyczne-miasta-krakowa-fot-t-kalarus-krakow-2018-02-28-397x800.jpg\" alt=\"Bronis\u0142aw Chromy, \u201eMuzykanci\u201d, fot. Tomasz Kalarus (\u017ar\u00f3d\u0142o: materia\u0142y prasowe organizatora)\" width=\"397\" height=\"800\" srcset=\"https:\/\/ownetic.com\/wydarzenia\/wp-content\/uploads\/2018\/03\/bronislaw-chromy-muzykanci-muzeum-historyczne-miasta-krakowa-fot-t-kalarus-krakow-2018-02-28-397x800.jpg 397w, https:\/\/ownetic.com\/wydarzenia\/wp-content\/uploads\/2018\/03\/bronislaw-chromy-muzykanci-muzeum-historyczne-miasta-krakowa-fot-t-kalarus-krakow-2018-02-28-596x1200.jpg 596w, https:\/\/ownetic.com\/wydarzenia\/wp-content\/uploads\/2018\/03\/bronislaw-chromy-muzykanci-muzeum-historyczne-miasta-krakowa-fot-t-kalarus-krakow-2018-02-28-800x1610.jpg 800w, https:\/\/ownetic.com\/wydarzenia\/wp-content\/uploads\/2018\/03\/bronislaw-chromy-muzykanci-muzeum-historyczne-miasta-krakowa-fot-t-kalarus-krakow-2018-02-28-763x1536.jpg 763w, https:\/\/ownetic.com\/wydarzenia\/wp-content\/uploads\/2018\/03\/bronislaw-chromy-muzykanci-muzeum-historyczne-miasta-krakowa-fot-t-kalarus-krakow-2018-02-28-1018x2048.jpg 1018w, https:\/\/ownetic.com\/wydarzenia\/wp-content\/uploads\/2018\/03\/bronislaw-chromy-muzykanci-muzeum-historyczne-miasta-krakowa-fot-t-kalarus-krakow-2018-02-28-120x242.jpg 120w, https:\/\/ownetic.com\/wydarzenia\/wp-content\/uploads\/2018\/03\/bronislaw-chromy-muzykanci-muzeum-historyczne-miasta-krakowa-fot-t-kalarus-krakow-2018-02-28-90x181.jpg 90w, https:\/\/ownetic.com\/wydarzenia\/wp-content\/uploads\/2018\/03\/bronislaw-chromy-muzykanci-muzeum-historyczne-miasta-krakowa-fot-t-kalarus-krakow-2018-02-28-320x644.jpg 320w, https:\/\/ownetic.com\/wydarzenia\/wp-content\/uploads\/2018\/03\/bronislaw-chromy-muzykanci-muzeum-historyczne-miasta-krakowa-fot-t-kalarus-krakow-2018-02-28-560x1127.jpg 560w, https:\/\/ownetic.com\/wydarzenia\/wp-content\/uploads\/2018\/03\/bronislaw-chromy-muzykanci-muzeum-historyczne-miasta-krakowa-fot-t-kalarus-krakow-2018-02-28.jpg 1024w\" sizes=\"(max-width: 397px) 100vw, 397px\" \/><\/a><figcaption id=\"caption-attachment-77160\" class=\"wp-caption-text\">Bronis\u0142aw Chromy, \u201eMuzykanci\u201d, fot. Tomasz Kalarus (\u017ar\u00f3d\u0142o: materia\u0142y prasowe organizatora)<\/figcaption><\/figure>\n<p>Ponad to warto wspomnie\u0107 o pochodz\u0105cej z 1889 roku akwareli Jana Matejki, przedstawiaj\u0105ca projekt polichromii ko\u015bcio\u0142a Mariackiego w Krakowie, a tak\u017ce trzech rze\u017abach Bronis\u0142awa Chromego. Jego rze\u017aby i pomniki zdobi\u0105 miasto, stanowi\u0105c wa\u017cny element pejza\u017cu Krakowa, cieszy wi\u0119c, \u017ce muzeum tego\u017c miasta wzbogaci\u0142o zbiory o prace tego artysty. Charakterystyczn\u0105 cech\u0105 rze\u017ab Chromego jest \u0142\u0105czenie kamienia polnego z metalowym odlewem. Tak powstawa\u0142y jego s\u0142ynne owieczki a tak\u017ce muzykanci z fontanny na placu Wolnica. Tacy te\u017c s\u0105 <em>Muzykanci<\/em>, jedna z rze\u017ab nabytych przez Muzeum. Rze\u017abiarz nie przedstawi\u0142 w nich ludzkich postaci, pokaza\u0142 bowiem jedynie pud\u0142o instrumentu, gryf i same d\u0142onie &#8211; czyli niejako \u017ar\u00f3d\u0142o muzyki. Pud\u0142em jest kamie\u0144, natomiast gryf i d\u0142onie zosta\u0142y odlane w br\u0105zie. Tajemnic\u0105 artysty pozostaje, jak co\u015b tak ci\u0119\u017ckiego jak kamie\u0144 staje si\u0119 metafor\u0105 czego\u015b tak lotnego jak muzyka.<\/p>\n<figure id=\"attachment_77156\" aria-describedby=\"caption-attachment-77156\" style=\"width: 576px\" class=\"wp-caption alignnone\"><a href=\"https:\/\/ownetic.com\/wydarzenia\/2018\/03\/wystawa-nabytkow-2017-muzeum-historyczne-miasta-krakowa-krakow\/fot-tomasz-kalarusmuzeum-historyczne-miasta-krakowa-7\/\" rel=\"attachment wp-att-77156\"><img loading=\"lazy\" class=\"size-medium wp-image-77156\" title=\"Wojciech Weiss, \u201ePodg\u00f3rze. Park nad Wis\u0142\u0105\u201d, fot. Tomasz Kalarus (\u017ar\u00f3d\u0142o: materia\u0142y prasowe organizatora)\" src=\"https:\/\/ownetic.com\/wydarzenia\/wp-content\/uploads\/2018\/03\/wojciech-weiss-podgorze-park-nad-wisla-muzeum-historyczne-miasta-krakowa-fot-t-kalarus-krakow-2018-02-28-576x474.jpg\" alt=\"Wojciech Weiss, \u201ePodg\u00f3rze. Park nad Wis\u0142\u0105\u201d, fot. Tomasz Kalarus (\u017ar\u00f3d\u0142o: materia\u0142y prasowe organizatora)\" width=\"576\" height=\"474\" \/><\/a><figcaption id=\"caption-attachment-77156\" class=\"wp-caption-text\">Wojciech Weiss, \u201ePodg\u00f3rze. Park nad Wis\u0142\u0105\u201d, fot. Tomasz Kalarus (\u017ar\u00f3d\u0142o: materia\u0142y prasowe organizatora)<\/figcaption><\/figure>\n<p>Muzeum systematycznie powi\u0119ksza zbi\u00f3r obraz\u00f3w Wojciecha Weissa (1875\u20131950). W 2017 roku wspomniana kolekcja powi\u0119kszy\u0142a si\u0119 o kilka obraz\u00f3w o tematyce krakowskiej. Obrazy kupione w tym roku pochodz\u0105 z wczesnego okresu tw\u00f3rczo\u015bci artysty.<\/p>\n<figure id=\"attachment_77157\" aria-describedby=\"caption-attachment-77157\" style=\"width: 576px\" class=\"wp-caption alignnone\"><a href=\"https:\/\/ownetic.com\/wydarzenia\/2018\/03\/wystawa-nabytkow-2017-muzeum-historyczne-miasta-krakowa-krakow\/fot-tomasz-kalarusmuzeum-historyczne-miasta-krakowa-8\/\" rel=\"attachment wp-att-77157\"><img loading=\"lazy\" class=\"size-medium wp-image-77157\" title=\"Walery Eliasz Radzikowski, \u201eWycieczka\u201d, fot. Tomasz Kalarus (\u017ar\u00f3d\u0142o: materia\u0142y prasowe organizatora)\" src=\"https:\/\/ownetic.com\/wydarzenia\/wp-content\/uploads\/2018\/03\/walery-eliasz-radzikowski-wycieczka-muzeum-historyczne-miasta-krakowa-fot-t-kalarus-krakow-2018-02-28-576x466.jpg\" alt=\"Walery Eliasz Radzikowski, \u201eWycieczka\u201d, fot. Tomasz Kalarus (\u017ar\u00f3d\u0142o: materia\u0142y prasowe organizatora)\" width=\"576\" height=\"466\" \/><\/a><figcaption id=\"caption-attachment-77157\" class=\"wp-caption-text\">Walery Eliasz Radzikowski, \u201eWycieczka\u201d, fot. Tomasz Kalarus (\u017ar\u00f3d\u0142o: materia\u0142y prasowe organizatora)<\/figcaption><\/figure>\n<p>Wszystkie muzealia pozyskane w 2017 roku b\u0119dzie mo\u017cna zobaczy\u0107 na wystawie prezentowanej w skrzydle zachodnim Pa\u0142acu Krzysztofory.<\/p>\n<p><strong>Wystawa nabytk\u00f3w 2017<\/strong><br \/>\nOd 5 marca do 4 kwietnia 2018 roku<br \/>\nPa\u0142ac Krzysztofory, Rynek G\u0142\u00f3wny 35<br \/>\nMuzeum Historyczne Miasta Krakowa<\/p>\n","protected":false},"excerpt":{"rendered":"<p>Muzeum zaprezentuje publiczno\u015bci najciekawsze muzealia kupione lub podarowane w 2017 roku. MHK wzbogaci\u0142o sw\u00f3j Thesaurus o takie skarby jak obrazy, grafiki, rze\u017aby, jak i wyroby rzemios\u0142a artystycznego, fotografie a tak\u017ce przedmioty codziennego u\u017cytku dokumentuj\u0105ce nasz\u0105 przesz\u0142o\u015b\u0107, nasze \u017cycie i obyczaje.<\/p>\n","protected":false},"author":108,"featured_media":77156,"comment_status":"open","ping_status":"closed","sticky":false,"template":"","format":"standard","meta":[],"categories":[5],"tags":[13783,13782,7939,35,4712,13784,4549],"powerkit_post_featured":[],"yoast_head":"<!-- This site is optimized with the Yoast SEO plugin v18.7 - https:\/\/yoast.com\/wordpress\/plugins\/seo\/ -->\n<title>Muzeum Historyczne Miasta Krakowa poka\u017ce swoje nabytki 2017 roku<\/title>\n<meta name=\"description\" content=\"Ju\u017c 5 marca 2018 roku Muzeum Historyczne Miasta Krakowa zaprezentuje publiczno\u015bci najciekawsze muzealia kupione lub podarowane w 2017 roku.\" \/>\n<meta name=\"robots\" content=\"index, follow, max-snippet:-1, max-image-preview:large, max-video-preview:-1\" \/>\n<link rel=\"canonical\" href=\"https:\/\/ownetic.com\/wydarzenia\/2018\/03\/wystawa-nabytkow-2017-muzeum-historyczne-miasta-krakowa-krakow\/\" \/>\n<meta name=\"twitter:card\" content=\"summary_large_image\" \/>\n<meta name=\"twitter:title\" content=\"Muzeum Historyczne Miasta Krakowa poka\u017ce swoje nabytki 2017 roku\" \/>\n<meta name=\"twitter:description\" content=\"Ju\u017c 5 marca 2018 roku Muzeum Historyczne Miasta Krakowa zaprezentuje publiczno\u015bci najciekawsze muzealia kupione lub podarowane w 2017 roku.\" \/>\n<meta name=\"twitter:image\" content=\"https:\/\/ownetic.com\/wydarzenia\/wp-content\/uploads\/2018\/03\/wojciech-weiss-podgorze-park-nad-wisla-muzeum-historyczne-miasta-krakowa-fot-t-kalarus-krakow-2018-02-28.jpg\" \/>\n<meta name=\"twitter:label1\" content=\"Napisane przez\" \/>\n\t<meta name=\"twitter:data1\" content=\"bartosz-rosenberg\" \/>\n\t<meta name=\"twitter:label2\" content=\"Szacowany czas czytania\" \/>\n\t<meta name=\"twitter:data2\" content=\"3 minuty\" \/>\n<script type=\"application\/ld+json\" class=\"yoast-schema-graph\">{\"@context\":\"https:\/\/schema.org\",\"@graph\":[{\"@type\":\"WebSite\",\"@id\":\"https:\/\/ownetic.com\/wydarzenia\/#website\",\"url\":\"https:\/\/ownetic.com\/wydarzenia\/\",\"name\":\"Wydarzenia O.pl\",\"description\":\"Przestrze\u0144 prezentacji najwa\u017cniejszych wydarze\u0144 z takich dziedzin, jak: sztuka, design, fotografia, film, muzyka, teatr, literatura, historia, taniec, architektura\",\"potentialAction\":[{\"@type\":\"SearchAction\",\"target\":{\"@type\":\"EntryPoint\",\"urlTemplate\":\"https:\/\/ownetic.com\/wydarzenia\/?s={search_term_string}\"},\"query-input\":\"required name=search_term_string\"}],\"inLanguage\":\"pl-PL\"},{\"@type\":\"ImageObject\",\"inLanguage\":\"pl-PL\",\"@id\":\"https:\/\/ownetic.com\/wydarzenia\/2018\/03\/wystawa-nabytkow-2017-muzeum-historyczne-miasta-krakowa-krakow\/#primaryimage\",\"url\":\"https:\/\/ownetic.com\/wydarzenia\/wp-content\/uploads\/2018\/03\/wojciech-weiss-podgorze-park-nad-wisla-muzeum-historyczne-miasta-krakowa-fot-t-kalarus-krakow-2018-02-28.jpg\",\"contentUrl\":\"https:\/\/ownetic.com\/wydarzenia\/wp-content\/uploads\/2018\/03\/wojciech-weiss-podgorze-park-nad-wisla-muzeum-historyczne-miasta-krakowa-fot-t-kalarus-krakow-2018-02-28.jpg\",\"width\":1024,\"height\":844,\"caption\":\"Wojciech Weiss, \u201ePodg\u00f3rze. Park nad Wis\u0142\u0105\u201d, fot. Tomasz Kalarus (\u017ar\u00f3d\u0142o: materia\u0142y prasowe organizatora)\"},{\"@type\":\"WebPage\",\"@id\":\"https:\/\/ownetic.com\/wydarzenia\/2018\/03\/wystawa-nabytkow-2017-muzeum-historyczne-miasta-krakowa-krakow\/#webpage\",\"url\":\"https:\/\/ownetic.com\/wydarzenia\/2018\/03\/wystawa-nabytkow-2017-muzeum-historyczne-miasta-krakowa-krakow\/\",\"name\":\"Muzeum Historyczne Miasta Krakowa poka\u017ce swoje nabytki 2017 roku\",\"isPartOf\":{\"@id\":\"https:\/\/ownetic.com\/wydarzenia\/#website\"},\"primaryImageOfPage\":{\"@id\":\"https:\/\/ownetic.com\/wydarzenia\/2018\/03\/wystawa-nabytkow-2017-muzeum-historyczne-miasta-krakowa-krakow\/#primaryimage\"},\"datePublished\":\"2018-03-02T23:00:10+00:00\",\"dateModified\":\"2018-05-30T09:07:58+00:00\",\"author\":{\"@id\":\"https:\/\/ownetic.com\/wydarzenia\/#\/schema\/person\/74e675b85f03001ba95fc827395978f2\"},\"description\":\"Ju\u017c 5 marca 2018 roku Muzeum Historyczne Miasta Krakowa zaprezentuje publiczno\u015bci najciekawsze muzealia kupione lub podarowane w 2017 roku.\",\"breadcrumb\":{\"@id\":\"https:\/\/ownetic.com\/wydarzenia\/2018\/03\/wystawa-nabytkow-2017-muzeum-historyczne-miasta-krakowa-krakow\/#breadcrumb\"},\"inLanguage\":\"pl-PL\",\"potentialAction\":[{\"@type\":\"ReadAction\",\"target\":[\"https:\/\/ownetic.com\/wydarzenia\/2018\/03\/wystawa-nabytkow-2017-muzeum-historyczne-miasta-krakowa-krakow\/\"]}]},{\"@type\":\"BreadcrumbList\",\"@id\":\"https:\/\/ownetic.com\/wydarzenia\/2018\/03\/wystawa-nabytkow-2017-muzeum-historyczne-miasta-krakowa-krakow\/#breadcrumb\",\"itemListElement\":[{\"@type\":\"ListItem\",\"position\":1,\"name\":\"Strona g\u0142\u00f3wna\",\"item\":\"https:\/\/ownetic.com\/wydarzenia\/\"},{\"@type\":\"ListItem\",\"position\":2,\"name\":\"Wystawa nabytk\u00f3w 2017\"}]},{\"@type\":\"Person\",\"@id\":\"https:\/\/ownetic.com\/wydarzenia\/#\/schema\/person\/74e675b85f03001ba95fc827395978f2\",\"name\":\"bartosz-rosenberg\",\"url\":\"https:\/\/ownetic.com\/wydarzenia\/author\/bartosz-rosenberg\/\"}]}<\/script>\n<!-- \/ Yoast SEO plugin. -->","yoast_head_json":{"title":"Muzeum Historyczne Miasta Krakowa poka\u017ce swoje nabytki 2017 roku","description":"Ju\u017c 5 marca 2018 roku Muzeum Historyczne Miasta Krakowa zaprezentuje publiczno\u015bci najciekawsze muzealia kupione lub podarowane w 2017 roku.","robots":{"index":"index","follow":"follow","max-snippet":"max-snippet:-1","max-image-preview":"max-image-preview:large","max-video-preview":"max-video-preview:-1"},"canonical":"https:\/\/ownetic.com\/wydarzenia\/2018\/03\/wystawa-nabytkow-2017-muzeum-historyczne-miasta-krakowa-krakow\/","twitter_card":"summary_large_image","twitter_title":"Muzeum Historyczne Miasta Krakowa poka\u017ce swoje nabytki 2017 roku","twitter_description":"Ju\u017c 5 marca 2018 roku Muzeum Historyczne Miasta Krakowa zaprezentuje publiczno\u015bci najciekawsze muzealia kupione lub podarowane w 2017 roku.","twitter_image":"https:\/\/ownetic.com\/wydarzenia\/wp-content\/uploads\/2018\/03\/wojciech-weiss-podgorze-park-nad-wisla-muzeum-historyczne-miasta-krakowa-fot-t-kalarus-krakow-2018-02-28.jpg","twitter_misc":{"Napisane przez":"bartosz-rosenberg","Szacowany czas czytania":"3 minuty"},"schema":{"@context":"https:\/\/schema.org","@graph":[{"@type":"WebSite","@id":"https:\/\/ownetic.com\/wydarzenia\/#website","url":"https:\/\/ownetic.com\/wydarzenia\/","name":"Wydarzenia O.pl","description":"Przestrze\u0144 prezentacji najwa\u017cniejszych wydarze\u0144 z takich dziedzin, jak: sztuka, design, fotografia, film, muzyka, teatr, literatura, historia, taniec, architektura","potentialAction":[{"@type":"SearchAction","target":{"@type":"EntryPoint","urlTemplate":"https:\/\/ownetic.com\/wydarzenia\/?s={search_term_string}"},"query-input":"required name=search_term_string"}],"inLanguage":"pl-PL"},{"@type":"ImageObject","inLanguage":"pl-PL","@id":"https:\/\/ownetic.com\/wydarzenia\/2018\/03\/wystawa-nabytkow-2017-muzeum-historyczne-miasta-krakowa-krakow\/#primaryimage","url":"https:\/\/ownetic.com\/wydarzenia\/wp-content\/uploads\/2018\/03\/wojciech-weiss-podgorze-park-nad-wisla-muzeum-historyczne-miasta-krakowa-fot-t-kalarus-krakow-2018-02-28.jpg","contentUrl":"https:\/\/ownetic.com\/wydarzenia\/wp-content\/uploads\/2018\/03\/wojciech-weiss-podgorze-park-nad-wisla-muzeum-historyczne-miasta-krakowa-fot-t-kalarus-krakow-2018-02-28.jpg","width":1024,"height":844,"caption":"Wojciech Weiss, \u201ePodg\u00f3rze. Park nad Wis\u0142\u0105\u201d, fot. Tomasz Kalarus (\u017ar\u00f3d\u0142o: materia\u0142y prasowe organizatora)"},{"@type":"WebPage","@id":"https:\/\/ownetic.com\/wydarzenia\/2018\/03\/wystawa-nabytkow-2017-muzeum-historyczne-miasta-krakowa-krakow\/#webpage","url":"https:\/\/ownetic.com\/wydarzenia\/2018\/03\/wystawa-nabytkow-2017-muzeum-historyczne-miasta-krakowa-krakow\/","name":"Muzeum Historyczne Miasta Krakowa poka\u017ce swoje nabytki 2017 roku","isPartOf":{"@id":"https:\/\/ownetic.com\/wydarzenia\/#website"},"primaryImageOfPage":{"@id":"https:\/\/ownetic.com\/wydarzenia\/2018\/03\/wystawa-nabytkow-2017-muzeum-historyczne-miasta-krakowa-krakow\/#primaryimage"},"datePublished":"2018-03-02T23:00:10+00:00","dateModified":"2018-05-30T09:07:58+00:00","author":{"@id":"https:\/\/ownetic.com\/wydarzenia\/#\/schema\/person\/74e675b85f03001ba95fc827395978f2"},"description":"Ju\u017c 5 marca 2018 roku Muzeum Historyczne Miasta Krakowa zaprezentuje publiczno\u015bci najciekawsze muzealia kupione lub podarowane w 2017 roku.","breadcrumb":{"@id":"https:\/\/ownetic.com\/wydarzenia\/2018\/03\/wystawa-nabytkow-2017-muzeum-historyczne-miasta-krakowa-krakow\/#breadcrumb"},"inLanguage":"pl-PL","potentialAction":[{"@type":"ReadAction","target":["https:\/\/ownetic.com\/wydarzenia\/2018\/03\/wystawa-nabytkow-2017-muzeum-historyczne-miasta-krakowa-krakow\/"]}]},{"@type":"BreadcrumbList","@id":"https:\/\/ownetic.com\/wydarzenia\/2018\/03\/wystawa-nabytkow-2017-muzeum-historyczne-miasta-krakowa-krakow\/#breadcrumb","itemListElement":[{"@type":"ListItem","position":1,"name":"Strona g\u0142\u00f3wna","item":"https:\/\/ownetic.com\/wydarzenia\/"},{"@type":"ListItem","position":2,"name":"Wystawa nabytk\u00f3w 2017"}]},{"@type":"Person","@id":"https:\/\/ownetic.com\/wydarzenia\/#\/schema\/person\/74e675b85f03001ba95fc827395978f2","name":"bartosz-rosenberg","url":"https:\/\/ownetic.com\/wydarzenia\/author\/bartosz-rosenberg\/"}]}},"_links":{"self":[{"href":"https:\/\/ownetic.com\/wydarzenia\/wp-json\/wp\/v2\/posts\/77151"}],"collection":[{"href":"https:\/\/ownetic.com\/wydarzenia\/wp-json\/wp\/v2\/posts"}],"about":[{"href":"https:\/\/ownetic.com\/wydarzenia\/wp-json\/wp\/v2\/types\/post"}],"author":[{"embeddable":true,"href":"https:\/\/ownetic.com\/wydarzenia\/wp-json\/wp\/v2\/users\/108"}],"replies":[{"embeddable":true,"href":"https:\/\/ownetic.com\/wydarzenia\/wp-json\/wp\/v2\/comments?post=77151"}],"version-history":[{"count":0,"href":"https:\/\/ownetic.com\/wydarzenia\/wp-json\/wp\/v2\/posts\/77151\/revisions"}],"wp:featuredmedia":[{"embeddable":true,"href":"https:\/\/ownetic.com\/wydarzenia\/wp-json\/wp\/v2\/media\/77156"}],"wp:attachment":[{"href":"https:\/\/ownetic.com\/wydarzenia\/wp-json\/wp\/v2\/media?parent=77151"}],"wp:term":[{"taxonomy":"category","embeddable":true,"href":"https:\/\/ownetic.com\/wydarzenia\/wp-json\/wp\/v2\/categories?post=77151"},{"taxonomy":"post_tag","embeddable":true,"href":"https:\/\/ownetic.com\/wydarzenia\/wp-json\/wp\/v2\/tags?post=77151"},{"taxonomy":"powerkit_post_featured","embeddable":true,"href":"https:\/\/ownetic.com\/wydarzenia\/wp-json\/wp\/v2\/powerkit_post_featured?post=77151"}],"curies":[{"name":"wp","href":"https:\/\/api.w.org\/{rel}","templated":true}]}}