{"id":79387,"date":"2018-06-26T00:00:28","date_gmt":"2018-06-25T23:00:28","guid":{"rendered":"https:\/\/ownetic.com\/wydarzenia\/?p=79387"},"modified":"2018-11-19T11:50:11","modified_gmt":"2018-11-19T10:50:11","slug":"nietota-muzeum-wspolczesne-wroclaw-lukasz-huculak","status":"publish","type":"post","link":"https:\/\/ownetic.com\/wydarzenia\/2018\/06\/nietota-muzeum-wspolczesne-wroclaw-lukasz-huculak\/","title":{"rendered":"Nietota"},"content":{"rendered":"<p><em>Nietota<\/em> \u2013 wystawa, w kt\u00f3rej tytule pobrzmiewa niemowl\u0119ce gaworzenie \u2013 odwo\u0142uje si\u0119 do ezoterycznego dzie\u0142a Tadeusza Mici\u0144skiego z 1910 roku, <em>Ksi\u0119gi tajemnej Tatr<\/em>. S\u0142owo u\u017cyte przez autora to potoczna nazwa lepidodendron\u00f3w, spokrewnionych z paprotnikami botanicznych relikt\u00f3w sprzed 300 milion\u00f3w lat. Ludowy przes\u0105d, rozpowszechniony zw\u0142aszcza na terenie Karpat, przypisywa\u0142 im dzia\u0142anie magiczne. Przewrotna nazwa oznacza\u0107 mia\u0142a \u201enie t\u0105\u201d, czyli T\u0105, kt\u00f3rej imienia wymawia\u0107 nie nale\u017cy.<\/p>\n<figure id=\"attachment_79509\" aria-describedby=\"caption-attachment-79509\" style=\"width: 576px\" class=\"wp-caption alignnone\"><a href=\"\/wp-content\/uploads\/2018\/06\/\u201dalex-urban-artystka-2017-2018-06-20-007.jpg\"><img loading=\"lazy\" class=\"size-medium wp-image-79509\" title=\"Alex Urban, \u201eArtystka\u201d, 2017 (\u017ar\u00f3d\u0142o: materia\u0142y prasowe organizatora)\" src=\"https:\/\/ownetic.com\/wydarzenia\/wp-content\/uploads\/2018\/06\/\u201dalex-urban-artystka-2017-2018-06-20-007-576x384.jpg\" alt=\"Alex Urban, \u201eArtystka\u201d, 2017 (\u017ar\u00f3d\u0142o: materia\u0142y prasowe organizatora)\" width=\"576\" height=\"384\" \/><\/a><figcaption id=\"caption-attachment-79509\" class=\"wp-caption-text\">Alex Urban, \u201eArtystka\u201d, 2017 (\u017ar\u00f3d\u0142o: materia\u0142y prasowe organizatora)<\/figcaption><\/figure>\n<p>Trudno jednoznacznie orzec, jakie by\u0142y motywacje Mici\u0144skiego, kiedy si\u0119ga\u0142 po tradycj\u0119 guse\u0142 w swojej wizyjnej powie\u015bci. Znaj\u0105c osobowo\u015b\u0107 autora, literacko sportretowanego na stronach jednej z powie\u015bci Stanis\u0142awa Ignacego Witkiewicza, trudno podejrzewa\u0107 go o fascynacje wy\u0142\u0105cznie etnograficzne. Sam tytu\u0142 jest bowiem znacz\u0105cym neologizmem nawi\u0105zuj\u0105cym do stanu \u201ebez-sensu\u201d czy \u201eniemoty\u201d. W praktyce nienazywania znajduje odbicie silna wiara w magi\u0119 sympatyczn\u0105, a po\u015brednio \u2013 nadprzyrodzon\u0105 moc reprezentacji.<\/p>\n<p>Jak twierdzi\u0142 Edgar Morin \u2013 francuski filozof i socjolog \u2013 pierwotnie technika, magia, religia i sztuka nie dawa\u0142y si\u0119 odr\u00f3\u017cni\u0107. Wystawa, odnosz\u0105c si\u0119 do relacji sztuki i niewyra\u017calnego, zwi\u0105zk\u00f3w praktyk artystycznych z magicznymi, podnosi zarazem problem prze\u015bladowa\u0144 os\u00f3b aspo\u0142ecznych, po\u015brednio tak\u017ce estetyzacji przemocy, obecnej w nierzadko teatralnej oprawie proces\u00f3w o czarownictwo.<\/p>\n<div id='gallery-1' class='gallery galleryid-79387 gallery-columns-3 gallery-size-thumbnail'><figure class='gallery-item'>\n\t\t\t<div class='gallery-icon landscape'>\n\t\t\t\t<a href='https:\/\/ownetic.com\/wydarzenia\/2018\/06\/nietota-muzeum-wspolczesne-wroclaw-lukasz-huculak\/alex-urban-artystka-2017-2018-06-20-007\/'><img width=\"260\" height=\"200\" src=\"https:\/\/ownetic.com\/wydarzenia\/wp-content\/uploads\/2018\/06\/\u201dalex-urban-artystka-2017-2018-06-20-007-260x200.jpg\" class=\"attachment-thumbnail size-thumbnail\" alt=\"Alex Urban, \u201eArtystka\u201d, 2017 (\u017ar\u00f3d\u0142o: materia\u0142y prasowe organizatora)\" loading=\"lazy\" aria-describedby=\"gallery-1-79509\" srcset=\"https:\/\/ownetic.com\/wydarzenia\/wp-content\/uploads\/2018\/06\/\u201dalex-urban-artystka-2017-2018-06-20-007-260x200.jpg 260w, https:\/\/ownetic.com\/wydarzenia\/wp-content\/uploads\/2018\/06\/\u201dalex-urban-artystka-2017-2018-06-20-007-90x68.jpg 90w\" sizes=\"(max-width: 260px) 100vw, 260px\" \/><\/a>\n\t\t\t<\/div>\n\t\t\t\t<figcaption class='wp-caption-text gallery-caption' id='gallery-1-79509'>\n\t\t\t\tAlex Urban, \u201eArtystka\u201d, 2017 (\u017ar\u00f3d\u0142o: materia\u0142y prasowe organizatora)\n\t\t\t\t<\/figcaption><\/figure><figure class='gallery-item'>\n\t\t\t<div class='gallery-icon portrait'>\n\t\t\t\t<a href='https:\/\/ownetic.com\/wydarzenia\/2018\/06\/nietota-muzeum-wspolczesne-wroclaw-lukasz-huculak\/%e2%80%9ekamil-moskowczenko-macierz-2016-2018-06-20-003\/'><img width=\"260\" height=\"200\" src=\"https:\/\/ownetic.com\/wydarzenia\/wp-content\/uploads\/2018\/06\/\u201ekamil-moskowczenko-macierz-2016-2018-06-20-003-260x200.jpg\" class=\"attachment-thumbnail size-thumbnail\" alt=\"Kamil Moskowczenko, \u201eMacierz&quot;, 2016 (\u017ar\u00f3d\u0142o: materia\u0142y prasowe organizatora)\" loading=\"lazy\" aria-describedby=\"gallery-1-79510\" srcset=\"https:\/\/ownetic.com\/wydarzenia\/wp-content\/uploads\/2018\/06\/\u201ekamil-moskowczenko-macierz-2016-2018-06-20-003-260x200.jpg 260w, https:\/\/ownetic.com\/wydarzenia\/wp-content\/uploads\/2018\/06\/\u201ekamil-moskowczenko-macierz-2016-2018-06-20-003-90x68.jpg 90w\" sizes=\"(max-width: 260px) 100vw, 260px\" \/><\/a>\n\t\t\t<\/div>\n\t\t\t\t<figcaption class='wp-caption-text gallery-caption' id='gallery-1-79510'>\n\t\t\t\tKamil Moskowczenko, \u201eMacierz&#8221;, 2016 (\u017ar\u00f3d\u0142o: materia\u0142y prasowe organizatora) \n\t\t\t\t<\/figcaption><\/figure><figure class='gallery-item'>\n\t\t\t<div class='gallery-icon portrait'>\n\t\t\t\t<a href='https:\/\/ownetic.com\/wydarzenia\/2018\/06\/nietota-muzeum-wspolczesne-wroclaw-lukasz-huculak\/%e2%80%9elukasz-patelczyk-the-lost-2017-2018-06-20-004\/'><img width=\"260\" height=\"200\" src=\"https:\/\/ownetic.com\/wydarzenia\/wp-content\/uploads\/2018\/06\/\u201elukasz-patelczyk-the-lost-2017-2018-06-20-004-260x200.jpg\" class=\"attachment-thumbnail size-thumbnail\" alt=\"\u0141ukasz Patelczyk \u201eThe Lost\u201d, 2017 (\u017ar\u00f3d\u0142o:materia\u0142y prasowe organizatora)\" loading=\"lazy\" aria-describedby=\"gallery-1-79511\" srcset=\"https:\/\/ownetic.com\/wydarzenia\/wp-content\/uploads\/2018\/06\/\u201elukasz-patelczyk-the-lost-2017-2018-06-20-004-260x200.jpg 260w, https:\/\/ownetic.com\/wydarzenia\/wp-content\/uploads\/2018\/06\/\u201elukasz-patelczyk-the-lost-2017-2018-06-20-004-90x68.jpg 90w\" sizes=\"(max-width: 260px) 100vw, 260px\" \/><\/a>\n\t\t\t<\/div>\n\t\t\t\t<figcaption class='wp-caption-text gallery-caption' id='gallery-1-79511'>\n\t\t\t\t\u0141ukasz Patelczyk \u201eThe Lost\u201d, 2017 (\u017ar\u00f3d\u0142o:materia\u0142y prasowe organizatora) \n\t\t\t\t<\/figcaption><\/figure><figure class='gallery-item'>\n\t\t\t<div class='gallery-icon portrait'>\n\t\t\t\t<a href='https:\/\/ownetic.com\/wydarzenia\/2018\/06\/nietota-muzeum-wspolczesne-wroclaw-lukasz-huculak\/%e2%80%9emalgorzata-wielek-m-gora-wijow-2016-2018-06-20-005\/'><img width=\"260\" height=\"200\" src=\"https:\/\/ownetic.com\/wydarzenia\/wp-content\/uploads\/2018\/06\/\u201emalgorzata-wielek-m-gora-wijow-2016-2018-06-20-005-260x200.jpg\" class=\"attachment-thumbnail size-thumbnail\" alt=\"Ma\u0142gorzata Wielek-M., \u201eG\u00f3ra Wij\u00f3w\u201d, 2016 (\u017ar\u00f3d\u0142o: materia\u0142y prasowe organizatora)\" loading=\"lazy\" aria-describedby=\"gallery-1-79512\" srcset=\"https:\/\/ownetic.com\/wydarzenia\/wp-content\/uploads\/2018\/06\/\u201emalgorzata-wielek-m-gora-wijow-2016-2018-06-20-005-260x200.jpg 260w, https:\/\/ownetic.com\/wydarzenia\/wp-content\/uploads\/2018\/06\/\u201emalgorzata-wielek-m-gora-wijow-2016-2018-06-20-005-90x68.jpg 90w\" sizes=\"(max-width: 260px) 100vw, 260px\" \/><\/a>\n\t\t\t<\/div>\n\t\t\t\t<figcaption class='wp-caption-text gallery-caption' id='gallery-1-79512'>\n\t\t\t\tMa\u0142gorzata Wielek-M., \u201eG\u00f3ra Wij\u00f3w\u201d, 2016 (\u017ar\u00f3d\u0142o: materia\u0142y prasowe organizatora)\n\t\t\t\t<\/figcaption><\/figure><figure class='gallery-item'>\n\t\t\t<div class='gallery-icon portrait'>\n\t\t\t\t<a href='https:\/\/ownetic.com\/wydarzenia\/2018\/06\/nietota-muzeum-wspolczesne-wroclaw-lukasz-huculak\/%e2%80%9erobert-kusmirowski-eufonia-2018-2018-06-20-002\/'><img width=\"260\" height=\"200\" src=\"https:\/\/ownetic.com\/wydarzenia\/wp-content\/uploads\/2018\/06\/\u201erobert-kusmirowski-eufonia-2018-2018-06-20-002-260x200.jpg\" class=\"attachment-thumbnail size-thumbnail\" alt=\"Robert Ku\u015bmirowski, \u201eEufonia\u201d, 2018 (\u017ar\u00f3d\u0142o:materia\u0142y prasowe organizatora)\" loading=\"lazy\" aria-describedby=\"gallery-1-79513\" srcset=\"https:\/\/ownetic.com\/wydarzenia\/wp-content\/uploads\/2018\/06\/\u201erobert-kusmirowski-eufonia-2018-2018-06-20-002-260x200.jpg 260w, https:\/\/ownetic.com\/wydarzenia\/wp-content\/uploads\/2018\/06\/\u201erobert-kusmirowski-eufonia-2018-2018-06-20-002-90x68.jpg 90w\" sizes=\"(max-width: 260px) 100vw, 260px\" \/><\/a>\n\t\t\t<\/div>\n\t\t\t\t<figcaption class='wp-caption-text gallery-caption' id='gallery-1-79513'>\n\t\t\t\tRobert Ku\u015bmirowski, \u201eEufonia\u201d, 2018 (\u017ar\u00f3d\u0142o:materia\u0142y prasowe organizatora) \n\t\t\t\t<\/figcaption><\/figure><figure class='gallery-item'>\n\t\t\t<div class='gallery-icon portrait'>\n\t\t\t\t<a href='https:\/\/ownetic.com\/wydarzenia\/2018\/06\/nietota-muzeum-wspolczesne-wroclaw-lukasz-huculak\/pawel-basnik-rus-typhina-2017-006\/'><img width=\"260\" height=\"200\" src=\"https:\/\/ownetic.com\/wydarzenia\/wp-content\/uploads\/2018\/06\/pawel-basnik-rus-typhina-2017-006-260x200.jpg\" class=\"attachment-thumbnail size-thumbnail\" alt=\"Pawe\u0142 Ba\u015bnik, \u201eRus Typhina\u201d, 2017 (\u017ar\u00f3d\u0142o: materia\u0142y prasowe organizator\u00f3w)\" loading=\"lazy\" aria-describedby=\"gallery-1-79515\" srcset=\"https:\/\/ownetic.com\/wydarzenia\/wp-content\/uploads\/2018\/06\/pawel-basnik-rus-typhina-2017-006-260x200.jpg 260w, https:\/\/ownetic.com\/wydarzenia\/wp-content\/uploads\/2018\/06\/pawel-basnik-rus-typhina-2017-006-90x68.jpg 90w\" sizes=\"(max-width: 260px) 100vw, 260px\" \/><\/a>\n\t\t\t<\/div>\n\t\t\t\t<figcaption class='wp-caption-text gallery-caption' id='gallery-1-79515'>\n\t\t\t\tPawe\u0142 Ba\u015bnik, \u201eRus Typhina\u201d, 2017 (\u017ar\u00f3d\u0142o: materia\u0142y prasowe organizator\u00f3w)  \n\t\t\t\t<\/figcaption><\/figure>\n\t\t<\/div>\n\n<p>Wiara w istnienie wiedzy sekretnej i niewidzialnych mocy ma si\u0119 dobrze, niezale\u017cnie od technicznego zaawansowania danej cywilizacji. Poprzez modelowanie i reprezentacj\u0119 rzeczywisto\u015bci, transmutacj\u0119 materii i mistycyzm abstrakcji, performatywno\u015b\u0107 gestu, a tak\u017ce sploty mimesis i hermetycznej symboliki, praktyka artystyczna penetruje wiele sfer ludzkiej duchowo\u015bci.<\/p>\n<figure id=\"attachment_79513\" aria-describedby=\"caption-attachment-79513\" style=\"width: 533px\" class=\"wp-caption alignnone\"><a href=\"\/wp-content\/uploads\/2018\/06\/\u201erobert-kusmirowski-eufonia-2018-2018-06-20-002.jpg\"><img loading=\"lazy\" class=\"size-medium wp-image-79513\" title=\"Robert Ku\u015bmirowski, \u201eEufonia\u201d, 2018 (\u017ar\u00f3d\u0142o:materia\u0142y prasowe organizatora) \" src=\"https:\/\/ownetic.com\/wydarzenia\/wp-content\/uploads\/2018\/06\/\u201erobert-kusmirowski-eufonia-2018-2018-06-20-002-533x800.jpg\" alt=\"Robert Ku\u015bmirowski, \u201eEufonia\u201d, 2018 (\u017ar\u00f3d\u0142o:materia\u0142y prasowe organizatora)\" width=\"533\" height=\"800\" \/><\/a><figcaption id=\"caption-attachment-79513\" class=\"wp-caption-text\">Robert Ku\u015bmirowski, \u201eEufonia\u201d, 2018 (\u017ar\u00f3d\u0142o:materia\u0142y prasowe organizatora)<\/figcaption><\/figure>\n<p>Wystawa obejmie realizacje malarskie, wideo, obiekty i instalacje odwo\u0142uj\u0105ce si\u0119 do wizualnych aspekt\u00f3w praktyk hermetycznych i mistycznych.<\/p>\n<p>Arty\u015bci: Pawe\u0142 Ba\u015bnik, Olaf Brzeski, \u0141ukasz Huculak, Robert Ku\u015bmirowski, Marcin \u0141uczkowski, Maess, Kamil Moskowczenko, \u0141ukasz Patelczyk, Laura Pawela, Hubert Pokrandt, Alex Urban, Ma\u0142gorzata Wielek-M.<\/p>\n<p><em><strong>Nietota<\/strong><\/em><br \/>\nOd 29 czerwca do 24 wrze\u015bnia 2018 roku<br \/>\nKurator: \u0141ukasz Huculak<br \/>\nMuzeum Wsp\u00f3\u0142czesne we Wroc\u0142awiu<\/p>\n","protected":false},"excerpt":{"rendered":"<p><em>Nietota<\/em> to nowa wystawa w Muzeum Wsp\u00f3\u0142czesnym we Wroc\u0142awiu. Wystawa obejmie realizacje malarskie, wideo, obiekty i instalacje odwo\u0142uj\u0105ce si\u0119 do wizualnych aspekt\u00f3w praktyk hermetycznych i mistycznych.<\/p>\n","protected":false},"author":118,"featured_media":79509,"comment_status":"open","ping_status":"closed","sticky":false,"template":"","format":"standard","meta":[],"categories":[5],"tags":[14168,14167,14166,1750,8693,5710,11182,14169,14165,4288,14164,1520,13196,403],"powerkit_post_featured":[],"yoast_head":"<!-- This site is optimized with the Yoast SEO plugin v18.7 - https:\/\/yoast.com\/wordpress\/plugins\/seo\/ -->\n<title>Kurator: \u0141ukasz Huculak. Nietota wystawa w Muzeum Wsp\u00f3\u0142czesnym we Wroc\u0142awiu.<\/title>\n<meta name=\"description\" content=\"Nietota ju\u017c 29 czerwca w Muzeum Wsp\u00f3\u0142czesnym we Wroc\u0142awiu. Kuratorem wystawy jest \u0141ukasz Huculak.\" \/>\n<meta name=\"robots\" content=\"index, follow, max-snippet:-1, max-image-preview:large, max-video-preview:-1\" \/>\n<link rel=\"canonical\" href=\"https:\/\/ownetic.com\/wydarzenia\/2018\/06\/nietota-muzeum-wspolczesne-wroclaw-lukasz-huculak\/\" \/>\n<meta name=\"twitter:card\" content=\"summary_large_image\" \/>\n<meta name=\"twitter:title\" content=\"Kurator: \u0141ukasz Huculak. Nietota wystawa w Muzeum Wsp\u00f3\u0142czesnym we Wroc\u0142awiu.\" \/>\n<meta name=\"twitter:description\" content=\"Nietota ju\u017c 29 czerwca w Muzeum Wsp\u00f3\u0142czesnym we Wroc\u0142awiu. Kuratorem wystawy jest \u0141ukasz Huculak.\" \/>\n<meta name=\"twitter:image\" content=\"https:\/\/ownetic.com\/wydarzenia\/wp-content\/uploads\/2018\/06\/\u201dalex-urban-artystka-2017-2018-06-20-007.jpg\" \/>\n<meta name=\"twitter:label1\" content=\"Napisane przez\" \/>\n\t<meta name=\"twitter:data1\" content=\"kinga-dawidowicz\" \/>\n\t<meta name=\"twitter:label2\" content=\"Szacowany czas czytania\" \/>\n\t<meta name=\"twitter:data2\" content=\"2 minuty\" \/>\n<script type=\"application\/ld+json\" class=\"yoast-schema-graph\">{\"@context\":\"https:\/\/schema.org\",\"@graph\":[{\"@type\":\"WebSite\",\"@id\":\"https:\/\/ownetic.com\/wydarzenia\/#website\",\"url\":\"https:\/\/ownetic.com\/wydarzenia\/\",\"name\":\"Wydarzenia O.pl\",\"description\":\"Przestrze\u0144 prezentacji najwa\u017cniejszych wydarze\u0144 z takich dziedzin, jak: sztuka, design, fotografia, film, muzyka, teatr, literatura, historia, taniec, architektura\",\"potentialAction\":[{\"@type\":\"SearchAction\",\"target\":{\"@type\":\"EntryPoint\",\"urlTemplate\":\"https:\/\/ownetic.com\/wydarzenia\/?s={search_term_string}\"},\"query-input\":\"required name=search_term_string\"}],\"inLanguage\":\"pl-PL\"},{\"@type\":\"ImageObject\",\"inLanguage\":\"pl-PL\",\"@id\":\"https:\/\/ownetic.com\/wydarzenia\/2018\/06\/nietota-muzeum-wspolczesne-wroclaw-lukasz-huculak\/#primaryimage\",\"url\":\"https:\/\/ownetic.com\/wydarzenia\/wp-content\/uploads\/2018\/06\/\u201dalex-urban-artystka-2017-2018-06-20-007.jpg\",\"contentUrl\":\"https:\/\/ownetic.com\/wydarzenia\/wp-content\/uploads\/2018\/06\/\u201dalex-urban-artystka-2017-2018-06-20-007.jpg\",\"width\":1240,\"height\":827,\"caption\":\"Alex Urban, \u201eArtystka\u201d, 2017 (\u017ar\u00f3d\u0142o: materia\u0142y prasowe organizatora)\"},{\"@type\":\"WebPage\",\"@id\":\"https:\/\/ownetic.com\/wydarzenia\/2018\/06\/nietota-muzeum-wspolczesne-wroclaw-lukasz-huculak\/#webpage\",\"url\":\"https:\/\/ownetic.com\/wydarzenia\/2018\/06\/nietota-muzeum-wspolczesne-wroclaw-lukasz-huculak\/\",\"name\":\"Kurator: \u0141ukasz Huculak. Nietota wystawa w Muzeum Wsp\u00f3\u0142czesnym we Wroc\u0142awiu.\",\"isPartOf\":{\"@id\":\"https:\/\/ownetic.com\/wydarzenia\/#website\"},\"primaryImageOfPage\":{\"@id\":\"https:\/\/ownetic.com\/wydarzenia\/2018\/06\/nietota-muzeum-wspolczesne-wroclaw-lukasz-huculak\/#primaryimage\"},\"datePublished\":\"2018-06-25T23:00:28+00:00\",\"dateModified\":\"2018-11-19T10:50:11+00:00\",\"author\":{\"@id\":\"https:\/\/ownetic.com\/wydarzenia\/#\/schema\/person\/a2eb276761ab6841d950138424d7afe8\"},\"description\":\"Nietota ju\u017c 29 czerwca w Muzeum Wsp\u00f3\u0142czesnym we Wroc\u0142awiu. Kuratorem wystawy jest \u0141ukasz Huculak.\",\"breadcrumb\":{\"@id\":\"https:\/\/ownetic.com\/wydarzenia\/2018\/06\/nietota-muzeum-wspolczesne-wroclaw-lukasz-huculak\/#breadcrumb\"},\"inLanguage\":\"pl-PL\",\"potentialAction\":[{\"@type\":\"ReadAction\",\"target\":[\"https:\/\/ownetic.com\/wydarzenia\/2018\/06\/nietota-muzeum-wspolczesne-wroclaw-lukasz-huculak\/\"]}]},{\"@type\":\"BreadcrumbList\",\"@id\":\"https:\/\/ownetic.com\/wydarzenia\/2018\/06\/nietota-muzeum-wspolczesne-wroclaw-lukasz-huculak\/#breadcrumb\",\"itemListElement\":[{\"@type\":\"ListItem\",\"position\":1,\"name\":\"Strona g\u0142\u00f3wna\",\"item\":\"https:\/\/ownetic.com\/wydarzenia\/\"},{\"@type\":\"ListItem\",\"position\":2,\"name\":\"Nietota\"}]},{\"@type\":\"Person\",\"@id\":\"https:\/\/ownetic.com\/wydarzenia\/#\/schema\/person\/a2eb276761ab6841d950138424d7afe8\",\"name\":\"kinga-dawidowicz\",\"url\":\"https:\/\/ownetic.com\/wydarzenia\/author\/kinga-dawidowicz\/\"}]}<\/script>\n<!-- \/ Yoast SEO plugin. -->","yoast_head_json":{"title":"Kurator: \u0141ukasz Huculak. Nietota wystawa w Muzeum Wsp\u00f3\u0142czesnym we Wroc\u0142awiu.","description":"Nietota ju\u017c 29 czerwca w Muzeum Wsp\u00f3\u0142czesnym we Wroc\u0142awiu. Kuratorem wystawy jest \u0141ukasz Huculak.","robots":{"index":"index","follow":"follow","max-snippet":"max-snippet:-1","max-image-preview":"max-image-preview:large","max-video-preview":"max-video-preview:-1"},"canonical":"https:\/\/ownetic.com\/wydarzenia\/2018\/06\/nietota-muzeum-wspolczesne-wroclaw-lukasz-huculak\/","twitter_card":"summary_large_image","twitter_title":"Kurator: \u0141ukasz Huculak. Nietota wystawa w Muzeum Wsp\u00f3\u0142czesnym we Wroc\u0142awiu.","twitter_description":"Nietota ju\u017c 29 czerwca w Muzeum Wsp\u00f3\u0142czesnym we Wroc\u0142awiu. Kuratorem wystawy jest \u0141ukasz Huculak.","twitter_image":"https:\/\/ownetic.com\/wydarzenia\/wp-content\/uploads\/2018\/06\/\u201dalex-urban-artystka-2017-2018-06-20-007.jpg","twitter_misc":{"Napisane przez":"kinga-dawidowicz","Szacowany czas czytania":"2 minuty"},"schema":{"@context":"https:\/\/schema.org","@graph":[{"@type":"WebSite","@id":"https:\/\/ownetic.com\/wydarzenia\/#website","url":"https:\/\/ownetic.com\/wydarzenia\/","name":"Wydarzenia O.pl","description":"Przestrze\u0144 prezentacji najwa\u017cniejszych wydarze\u0144 z takich dziedzin, jak: sztuka, design, fotografia, film, muzyka, teatr, literatura, historia, taniec, architektura","potentialAction":[{"@type":"SearchAction","target":{"@type":"EntryPoint","urlTemplate":"https:\/\/ownetic.com\/wydarzenia\/?s={search_term_string}"},"query-input":"required name=search_term_string"}],"inLanguage":"pl-PL"},{"@type":"ImageObject","inLanguage":"pl-PL","@id":"https:\/\/ownetic.com\/wydarzenia\/2018\/06\/nietota-muzeum-wspolczesne-wroclaw-lukasz-huculak\/#primaryimage","url":"https:\/\/ownetic.com\/wydarzenia\/wp-content\/uploads\/2018\/06\/\u201dalex-urban-artystka-2017-2018-06-20-007.jpg","contentUrl":"https:\/\/ownetic.com\/wydarzenia\/wp-content\/uploads\/2018\/06\/\u201dalex-urban-artystka-2017-2018-06-20-007.jpg","width":1240,"height":827,"caption":"Alex Urban, \u201eArtystka\u201d, 2017 (\u017ar\u00f3d\u0142o: materia\u0142y prasowe organizatora)"},{"@type":"WebPage","@id":"https:\/\/ownetic.com\/wydarzenia\/2018\/06\/nietota-muzeum-wspolczesne-wroclaw-lukasz-huculak\/#webpage","url":"https:\/\/ownetic.com\/wydarzenia\/2018\/06\/nietota-muzeum-wspolczesne-wroclaw-lukasz-huculak\/","name":"Kurator: \u0141ukasz Huculak. Nietota wystawa w Muzeum Wsp\u00f3\u0142czesnym we Wroc\u0142awiu.","isPartOf":{"@id":"https:\/\/ownetic.com\/wydarzenia\/#website"},"primaryImageOfPage":{"@id":"https:\/\/ownetic.com\/wydarzenia\/2018\/06\/nietota-muzeum-wspolczesne-wroclaw-lukasz-huculak\/#primaryimage"},"datePublished":"2018-06-25T23:00:28+00:00","dateModified":"2018-11-19T10:50:11+00:00","author":{"@id":"https:\/\/ownetic.com\/wydarzenia\/#\/schema\/person\/a2eb276761ab6841d950138424d7afe8"},"description":"Nietota ju\u017c 29 czerwca w Muzeum Wsp\u00f3\u0142czesnym we Wroc\u0142awiu. Kuratorem wystawy jest \u0141ukasz Huculak.","breadcrumb":{"@id":"https:\/\/ownetic.com\/wydarzenia\/2018\/06\/nietota-muzeum-wspolczesne-wroclaw-lukasz-huculak\/#breadcrumb"},"inLanguage":"pl-PL","potentialAction":[{"@type":"ReadAction","target":["https:\/\/ownetic.com\/wydarzenia\/2018\/06\/nietota-muzeum-wspolczesne-wroclaw-lukasz-huculak\/"]}]},{"@type":"BreadcrumbList","@id":"https:\/\/ownetic.com\/wydarzenia\/2018\/06\/nietota-muzeum-wspolczesne-wroclaw-lukasz-huculak\/#breadcrumb","itemListElement":[{"@type":"ListItem","position":1,"name":"Strona g\u0142\u00f3wna","item":"https:\/\/ownetic.com\/wydarzenia\/"},{"@type":"ListItem","position":2,"name":"Nietota"}]},{"@type":"Person","@id":"https:\/\/ownetic.com\/wydarzenia\/#\/schema\/person\/a2eb276761ab6841d950138424d7afe8","name":"kinga-dawidowicz","url":"https:\/\/ownetic.com\/wydarzenia\/author\/kinga-dawidowicz\/"}]}},"_links":{"self":[{"href":"https:\/\/ownetic.com\/wydarzenia\/wp-json\/wp\/v2\/posts\/79387"}],"collection":[{"href":"https:\/\/ownetic.com\/wydarzenia\/wp-json\/wp\/v2\/posts"}],"about":[{"href":"https:\/\/ownetic.com\/wydarzenia\/wp-json\/wp\/v2\/types\/post"}],"author":[{"embeddable":true,"href":"https:\/\/ownetic.com\/wydarzenia\/wp-json\/wp\/v2\/users\/118"}],"replies":[{"embeddable":true,"href":"https:\/\/ownetic.com\/wydarzenia\/wp-json\/wp\/v2\/comments?post=79387"}],"version-history":[{"count":0,"href":"https:\/\/ownetic.com\/wydarzenia\/wp-json\/wp\/v2\/posts\/79387\/revisions"}],"wp:featuredmedia":[{"embeddable":true,"href":"https:\/\/ownetic.com\/wydarzenia\/wp-json\/wp\/v2\/media\/79509"}],"wp:attachment":[{"href":"https:\/\/ownetic.com\/wydarzenia\/wp-json\/wp\/v2\/media?parent=79387"}],"wp:term":[{"taxonomy":"category","embeddable":true,"href":"https:\/\/ownetic.com\/wydarzenia\/wp-json\/wp\/v2\/categories?post=79387"},{"taxonomy":"post_tag","embeddable":true,"href":"https:\/\/ownetic.com\/wydarzenia\/wp-json\/wp\/v2\/tags?post=79387"},{"taxonomy":"powerkit_post_featured","embeddable":true,"href":"https:\/\/ownetic.com\/wydarzenia\/wp-json\/wp\/v2\/powerkit_post_featured?post=79387"}],"curies":[{"name":"wp","href":"https:\/\/api.w.org\/{rel}","templated":true}]}}