{"id":81090,"date":"2018-09-17T00:00:20","date_gmt":"2018-09-16T23:00:20","guid":{"rendered":"https:\/\/ownetic.com\/wydarzenia\/?p=81090"},"modified":"2018-11-19T12:02:18","modified_gmt":"2018-11-19T11:02:18","slug":"x-festiwal-sztuki-w-przestrzeni-publicznej-otwarte-miasto-omit-rozdroza-lublin","status":"publish","type":"post","link":"https:\/\/ownetic.com\/wydarzenia\/2018\/09\/x-festiwal-sztuki-w-przestrzeni-publicznej-otwarte-miasto-omit-rozdroza-lublin\/","title":{"rendered":"X Festiwal Sztuki w Przestrzeni Publicznej Otwarte Miasto"},"content":{"rendered":"<p>7 wrze\u015bnia wernisa\u017cowym spacerem po ulicach Lublina rozpocz\u0105\u0142 si\u0119 dziesi\u0105ty Festiwal Otwarte Miasto. Przewodnim motywem tegorocznej edycji wydarzenia jest \u201ewzajemno\u015b\u0107\u201d. Miasto jest przestrzeni\u0105 wzajemno\u015bci ze swojej istoty. Platon uwa\u017ca\u0142, \u017ce miasta powstaj\u0105 \u201edlatego, \u017ce \u017caden z nas nie jest samowystarczalny, tylko mu potrzeba wielu innych\u201d.<\/p>\n<figure id=\"attachment_81093\" aria-describedby=\"caption-attachment-81093\" style=\"width: 576px\" class=\"wp-caption alignnone\"><a href=\"https:\/\/ownetic.com\/wydarzenia\/2018\/09\/x-festiwal-sztuki-w-przestrzeni-publicznej-otwarte-miasto-omit-rozdroza-lublin\/watchmen-dla-lublina-krzysztof-solowiej-x-festiwal-sztuki-w-przestrzeni-publicznej-otwarte-miasto-lublin-2018-09-14\/\" rel=\"attachment wp-att-81093\"><img loading=\"lazy\" class=\"size-medium wp-image-81093\" title=\"Krzysztof So\u0142owiej, \u201eWatchmen dla Lublina\u201d (\u017ar\u00f3d\u0142o: materia\u0142y prasowe organizatora)\" src=\"https:\/\/ownetic.com\/wydarzenia\/wp-content\/uploads\/2018\/09\/watchmen-dla-lublina-krzysztof-solowiej-x-festiwal-sztuki-w-przestrzeni-publicznej-otwarte-miasto-lublin-2018-09-14-576x383.jpg\" alt=\"Krzysztof So\u0142owiej, \u201eWatchmen dla Lublina\u201d (\u017ar\u00f3d\u0142o: materia\u0142y prasowe organizatora)\" width=\"576\" height=\"383\" \/><\/a><figcaption id=\"caption-attachment-81093\" class=\"wp-caption-text\">Krzysztof So\u0142owiej, \u201eWatchmen dla Lublina\u201d (\u017ar\u00f3d\u0142o: materia\u0142y prasowe organizatora)<\/figcaption><\/figure>\n<p>Ulice i place, zau\u0142ki i \u015bwi\u0105tynie, skwery i parki, bazary i sklepy, kawiarnie i urz\u0119dy s\u0105 miejscami ludzkich interakcji. Miasto wyznacza ramy przestrzenne, czasowy rytm i hierarchi\u0119 spo\u0142eczn\u0105. Nieustannie trwaj\u0105cy festiwal wzajemno\u015bci wci\u0105\u017c na nowo stwarza miasto. Rz\u0105dzi nim zar\u00f3wno logika konkurencji i walki, l\u0119k\u00f3w i resentymentu, co bezinteresowno\u015bci, solidarno\u015bci i daru.<\/p>\n<div id='gallery-1' class='gallery galleryid-81090 gallery-columns-3 gallery-size-thumbnail'><figure class='gallery-item'>\n\t\t\t<div class='gallery-icon landscape'>\n\t\t\t\t<a href='https:\/\/ownetic.com\/wydarzenia\/2018\/09\/x-festiwal-sztuki-w-przestrzeni-publicznej-otwarte-miasto-omit-rozdroza-lublin\/watchmen-dla-lublina-krzysztof-solowiej-x-festiwal-sztuki-w-przestrzeni-publicznej-otwarte-miasto-lublin-2018-09-14\/'><img width=\"260\" height=\"200\" src=\"https:\/\/ownetic.com\/wydarzenia\/wp-content\/uploads\/2018\/09\/watchmen-dla-lublina-krzysztof-solowiej-x-festiwal-sztuki-w-przestrzeni-publicznej-otwarte-miasto-lublin-2018-09-14-260x200.jpg\" class=\"attachment-thumbnail size-thumbnail\" alt=\"Krzysztof So\u0142owiej, \u201eWatchmen dla Lublina\u201d (\u017ar\u00f3d\u0142o: materia\u0142y prasowe organizatora)\" loading=\"lazy\" aria-describedby=\"gallery-1-81093\" srcset=\"https:\/\/ownetic.com\/wydarzenia\/wp-content\/uploads\/2018\/09\/watchmen-dla-lublina-krzysztof-solowiej-x-festiwal-sztuki-w-przestrzeni-publicznej-otwarte-miasto-lublin-2018-09-14-260x200.jpg 260w, https:\/\/ownetic.com\/wydarzenia\/wp-content\/uploads\/2018\/09\/watchmen-dla-lublina-krzysztof-solowiej-x-festiwal-sztuki-w-przestrzeni-publicznej-otwarte-miasto-lublin-2018-09-14-90x68.jpg 90w\" sizes=\"(max-width: 260px) 100vw, 260px\" \/><\/a>\n\t\t\t<\/div>\n\t\t\t\t<figcaption class='wp-caption-text gallery-caption' id='gallery-1-81093'>\n\t\t\t\tKrzysztof So\u0142owiej, \u201eWatchmen dla Lublina\u201d (\u017ar\u00f3d\u0142o: materia\u0142y prasowe organizatora)\n\t\t\t\t<\/figcaption><\/figure><figure class='gallery-item'>\n\t\t\t<div class='gallery-icon landscape'>\n\t\t\t\t<a href='https:\/\/ownetic.com\/wydarzenia\/2018\/09\/x-festiwal-sztuki-w-przestrzeni-publicznej-otwarte-miasto-omit-rozdroza-lublin\/jaroslaw-koziara-przemiana-x-festiwal-sztuki-w-przestrzeni-publicznej-otwarte-miasto-lublin-2018-09-14\/'><img width=\"260\" height=\"200\" src=\"https:\/\/ownetic.com\/wydarzenia\/wp-content\/uploads\/2018\/09\/jaroslaw-koziara-przemiana-x-festiwal-sztuki-w-przestrzeni-publicznej-otwarte-miasto-lublin-2018-09-14-260x200.jpg\" class=\"attachment-thumbnail size-thumbnail\" alt=\"Jaros\u0142aw Koziara, \u201ePrzemiana\u201d (\u017ar\u00f3d\u0142o: materia\u0142y prasowe organizatora)\" loading=\"lazy\" aria-describedby=\"gallery-1-81094\" srcset=\"https:\/\/ownetic.com\/wydarzenia\/wp-content\/uploads\/2018\/09\/jaroslaw-koziara-przemiana-x-festiwal-sztuki-w-przestrzeni-publicznej-otwarte-miasto-lublin-2018-09-14-260x200.jpg 260w, https:\/\/ownetic.com\/wydarzenia\/wp-content\/uploads\/2018\/09\/jaroslaw-koziara-przemiana-x-festiwal-sztuki-w-przestrzeni-publicznej-otwarte-miasto-lublin-2018-09-14-90x68.jpg 90w\" sizes=\"(max-width: 260px) 100vw, 260px\" \/><\/a>\n\t\t\t<\/div>\n\t\t\t\t<figcaption class='wp-caption-text gallery-caption' id='gallery-1-81094'>\n\t\t\t\tJaros\u0142aw Koziara, \u201ePrzemiana\u201d (\u017ar\u00f3d\u0142o: materia\u0142y prasowe organizatora)\n\t\t\t\t<\/figcaption><\/figure><figure class='gallery-item'>\n\t\t\t<div class='gallery-icon landscape'>\n\t\t\t\t<a href='https:\/\/ownetic.com\/wydarzenia\/2018\/09\/x-festiwal-sztuki-w-przestrzeni-publicznej-otwarte-miasto-omit-rozdroza-lublin\/equilibrium-monika-i-tomasz-bielak-x-festiwal-sztuki-w-przestrzeni-publicznej-otwarte-miasto-lublin-2018-09-14\/'><img width=\"260\" height=\"200\" src=\"https:\/\/ownetic.com\/wydarzenia\/wp-content\/uploads\/2018\/09\/equilibrium-monika-i-tomasz-bielak-x-festiwal-sztuki-w-przestrzeni-publicznej-otwarte-miasto-lublin-2018-09-14-260x200.jpg\" class=\"attachment-thumbnail size-thumbnail\" alt=\"Monika i Tomasz Bielak, \u201eEquilibrium\u201d (\u017ar\u00f3d\u0142o: materia\u0142y prasowe organizatora)\" loading=\"lazy\" aria-describedby=\"gallery-1-81095\" srcset=\"https:\/\/ownetic.com\/wydarzenia\/wp-content\/uploads\/2018\/09\/equilibrium-monika-i-tomasz-bielak-x-festiwal-sztuki-w-przestrzeni-publicznej-otwarte-miasto-lublin-2018-09-14-260x200.jpg 260w, https:\/\/ownetic.com\/wydarzenia\/wp-content\/uploads\/2018\/09\/equilibrium-monika-i-tomasz-bielak-x-festiwal-sztuki-w-przestrzeni-publicznej-otwarte-miasto-lublin-2018-09-14-90x68.jpg 90w\" sizes=\"(max-width: 260px) 100vw, 260px\" \/><\/a>\n\t\t\t<\/div>\n\t\t\t\t<figcaption class='wp-caption-text gallery-caption' id='gallery-1-81095'>\n\t\t\t\tMonika i Tomasz Bielak, \u201eEquilibrium\u201d (\u017ar\u00f3d\u0142o: materia\u0142y prasowe organizatora)\n\t\t\t\t<\/figcaption><\/figure><figure class='gallery-item'>\n\t\t\t<div class='gallery-icon portrait'>\n\t\t\t\t<a href='https:\/\/ownetic.com\/wydarzenia\/2018\/09\/x-festiwal-sztuki-w-przestrzeni-publicznej-otwarte-miasto-omit-rozdroza-lublin\/stalker-ii-robert-kusmirowski-x-festiwal-sztuki-w-przestrzeni-publicznej-otwarte-miasto-lublin-2018-09-14\/'><img width=\"260\" height=\"200\" src=\"https:\/\/ownetic.com\/wydarzenia\/wp-content\/uploads\/2018\/09\/stalker-ii-robert-kusmirowski-x-festiwal-sztuki-w-przestrzeni-publicznej-otwarte-miasto-lublin-2018-09-14-260x200.jpg\" class=\"attachment-thumbnail size-thumbnail\" alt=\"Robert Ku\u015bmirowski, \u201eStalker II\u201d (\u017ar\u00f3d\u0142o: materia\u0142y prasowe organizatora)\" loading=\"lazy\" aria-describedby=\"gallery-1-81096\" srcset=\"https:\/\/ownetic.com\/wydarzenia\/wp-content\/uploads\/2018\/09\/stalker-ii-robert-kusmirowski-x-festiwal-sztuki-w-przestrzeni-publicznej-otwarte-miasto-lublin-2018-09-14-260x200.jpg 260w, https:\/\/ownetic.com\/wydarzenia\/wp-content\/uploads\/2018\/09\/stalker-ii-robert-kusmirowski-x-festiwal-sztuki-w-przestrzeni-publicznej-otwarte-miasto-lublin-2018-09-14-90x68.jpg 90w\" sizes=\"(max-width: 260px) 100vw, 260px\" \/><\/a>\n\t\t\t<\/div>\n\t\t\t\t<figcaption class='wp-caption-text gallery-caption' id='gallery-1-81096'>\n\t\t\t\tRobert Ku\u015bmirowski, \u201eStalker II\u201d (\u017ar\u00f3d\u0142o: materia\u0142y prasowe organizatora)\n\t\t\t\t<\/figcaption><\/figure><figure class='gallery-item'>\n\t\t\t<div class='gallery-icon landscape'>\n\t\t\t\t<a href='https:\/\/ownetic.com\/wydarzenia\/2018\/09\/x-festiwal-sztuki-w-przestrzeni-publicznej-otwarte-miasto-omit-rozdroza-lublin\/atlas-pavel-doskocil-x-festiwal-sztuki-w-przestrzeni-publicznej-otwarte-miasto-lublin-2018-09-14\/'><img width=\"260\" height=\"200\" src=\"https:\/\/ownetic.com\/wydarzenia\/wp-content\/uploads\/2018\/09\/atlas-pavel-doskocil-x-festiwal-sztuki-w-przestrzeni-publicznej-otwarte-miasto-lublin-2018-09-14-260x200.jpg\" class=\"attachment-thumbnail size-thumbnail\" alt=\"Pavel Doskocil, \u201eAtlas\u201d (\u017ar\u00f3d\u0142o: materia\u0142y prasowe organizatora)\" loading=\"lazy\" aria-describedby=\"gallery-1-81097\" srcset=\"https:\/\/ownetic.com\/wydarzenia\/wp-content\/uploads\/2018\/09\/atlas-pavel-doskocil-x-festiwal-sztuki-w-przestrzeni-publicznej-otwarte-miasto-lublin-2018-09-14-260x200.jpg 260w, https:\/\/ownetic.com\/wydarzenia\/wp-content\/uploads\/2018\/09\/atlas-pavel-doskocil-x-festiwal-sztuki-w-przestrzeni-publicznej-otwarte-miasto-lublin-2018-09-14-90x68.jpg 90w\" sizes=\"(max-width: 260px) 100vw, 260px\" \/><\/a>\n\t\t\t<\/div>\n\t\t\t\t<figcaption class='wp-caption-text gallery-caption' id='gallery-1-81097'>\n\t\t\t\tPavel Doskocil, \u201eAtlas\u201d (\u017ar\u00f3d\u0142o: materia\u0142y prasowe organizatora)\n\t\t\t\t<\/figcaption><\/figure><figure class='gallery-item'>\n\t\t\t<div class='gallery-icon landscape'>\n\t\t\t\t<a href='https:\/\/ownetic.com\/wydarzenia\/2018\/09\/x-festiwal-sztuki-w-przestrzeni-publicznej-otwarte-miasto-omit-rozdroza-lublin\/henk-visch-das-kino-dla-lublina-i-jego-gosci-x-festiwal-sztuki-w-przestrzeni-publicznej-otwarte-miasto-lublin-2018-09-14\/'><img width=\"260\" height=\"200\" src=\"https:\/\/ownetic.com\/wydarzenia\/wp-content\/uploads\/2018\/09\/henk-visch-das-kino-dla-lublina-i-jego-gosci-x-festiwal-sztuki-w-przestrzeni-publicznej-otwarte-miasto-lublin-2018-09-14-260x200.jpg\" class=\"attachment-thumbnail size-thumbnail\" alt=\"Henk Visch, \u201eDas kino\u201d (\u017ar\u00f3d\u0142o: materia\u0142y prasowe organizatora)\" loading=\"lazy\" aria-describedby=\"gallery-1-81098\" srcset=\"https:\/\/ownetic.com\/wydarzenia\/wp-content\/uploads\/2018\/09\/henk-visch-das-kino-dla-lublina-i-jego-gosci-x-festiwal-sztuki-w-przestrzeni-publicznej-otwarte-miasto-lublin-2018-09-14-260x200.jpg 260w, https:\/\/ownetic.com\/wydarzenia\/wp-content\/uploads\/2018\/09\/henk-visch-das-kino-dla-lublina-i-jego-gosci-x-festiwal-sztuki-w-przestrzeni-publicznej-otwarte-miasto-lublin-2018-09-14-90x68.jpg 90w\" sizes=\"(max-width: 260px) 100vw, 260px\" \/><\/a>\n\t\t\t<\/div>\n\t\t\t\t<figcaption class='wp-caption-text gallery-caption' id='gallery-1-81098'>\n\t\t\t\tHenk Visch, \u201eDas kino\u201d (\u017ar\u00f3d\u0142o: materia\u0142y prasowe organizatora)\n\t\t\t\t<\/figcaption><\/figure>\n\t\t<\/div>\n\n<p>W naznaczonej nadmiarem znacze\u0144 odci\u015bni\u0119tych przez histori\u0119 i wsp\u00f3\u0142czesne praktyki spo\u0142eczne przestrzeni centrum Lublina, na marginesach wielkiej historii, obok tysi\u0119cy ma\u0142ych opowie\u015bci napisanych ludzkim losem, arty\u015bci opowiedz\u0105 w\u0142asne historie. Tym razem, inaczej ni\u017c w latach poprzednich, swoje prace zaprezentuj\u0105 przede wszystkim arty\u015bci na trwa\u0142e zwi\u0105zani z Lublinem: Tomasz Bielak i Monika Zadurska-Bielak, Magdalena Franczak, Miros\u0142aw Nordyk Jurczuk, Kolektyw kilku.com (Aleksander Janas\/Idalia Smyczy\u0144ska\/Pawe\u0142 Szarzy\u0144ski\/Robert Zaj\u0105c), Jaros\u0142aw Koziara, Robert Ku\u015bmirowski, Kamil Sta\u0144czak i Katarzyna Szczypior. Obok nich swoje prace zaprezentuj\u0105: Krzysztof So\u0142owiej z Poznania, czeski artysta Pavel Dosko\u010dil, Sofie Muller z Belgii i Holender Henk Visch.<\/p>\n<figure id=\"attachment_81094\" aria-describedby=\"caption-attachment-81094\" style=\"width: 576px\" class=\"wp-caption alignnone\"><a href=\"https:\/\/ownetic.com\/wydarzenia\/2018\/09\/x-festiwal-sztuki-w-przestrzeni-publicznej-otwarte-miasto-omit-rozdroza-lublin\/jaroslaw-koziara-przemiana-x-festiwal-sztuki-w-przestrzeni-publicznej-otwarte-miasto-lublin-2018-09-14\/\" rel=\"attachment wp-att-81094\"><img loading=\"lazy\" class=\"size-medium wp-image-81094\" title=\"Jaros\u0142aw Koziara, \u201ePrzemiana\u201d (\u017ar\u00f3d\u0142o: materia\u0142y prasowe organizatora)\" src=\"https:\/\/ownetic.com\/wydarzenia\/wp-content\/uploads\/2018\/09\/jaroslaw-koziara-przemiana-x-festiwal-sztuki-w-przestrzeni-publicznej-otwarte-miasto-lublin-2018-09-14-576x383.jpg\" alt=\"Jaros\u0142aw Koziara, \u201ePrzemiana\u201d (\u017ar\u00f3d\u0142o: materia\u0142y prasowe organizatora)\" width=\"576\" height=\"383\" \/><\/a><figcaption id=\"caption-attachment-81094\" class=\"wp-caption-text\">Jaros\u0142aw Koziara, \u201ePrzemiana\u201d (\u017ar\u00f3d\u0142o: materia\u0142y prasowe organizatora)<\/figcaption><\/figure>\n<p>Prace wyrastaj\u0105ce z intymnych relacji z miastem, dotykaj\u0105 miejsc znacz\u0105cych, obudz\u0105 zapisane w miejskiej pami\u0119ci utajone energie mityczne, dadz\u0105 g\u0142os dotychczas milcz\u0105cym. Miasto jest przecie\u017c scen\u0105, na kt\u00f3rej ludzie odgrywaj\u0105 swoje \u017cyciowe role kieruj\u0105c si\u0119 ku innym ludziom, powo\u0142uj\u0105c do \u017cycia zar\u00f3wno efemeryczne, jak i trwa\u0142e wsp\u00f3lnoty.<\/p>\n<figure id=\"attachment_81095\" aria-describedby=\"caption-attachment-81095\" style=\"width: 576px\" class=\"wp-caption alignnone\"><a href=\"https:\/\/ownetic.com\/wydarzenia\/2018\/09\/x-festiwal-sztuki-w-przestrzeni-publicznej-otwarte-miasto-omit-rozdroza-lublin\/equilibrium-monika-i-tomasz-bielak-x-festiwal-sztuki-w-przestrzeni-publicznej-otwarte-miasto-lublin-2018-09-14\/\" rel=\"attachment wp-att-81095\"><img loading=\"lazy\" class=\"size-medium wp-image-81095\" title=\"Monika i Tomasz Bielak, \u201eEquilibrium\u201d (\u017ar\u00f3d\u0142o: materia\u0142y prasowe organizatora)\" src=\"https:\/\/ownetic.com\/wydarzenia\/wp-content\/uploads\/2018\/09\/equilibrium-monika-i-tomasz-bielak-x-festiwal-sztuki-w-przestrzeni-publicznej-otwarte-miasto-lublin-2018-09-14-576x383.jpg\" alt=\"Monika i Tomasz Bielak, \u201eEquilibrium\u201d (\u017ar\u00f3d\u0142o: materia\u0142y prasowe organizatora)\" width=\"576\" height=\"383\" \/><\/a><figcaption id=\"caption-attachment-81095\" class=\"wp-caption-text\">Monika i Tomasz Bielak, \u201eEquilibrium\u201d (\u017ar\u00f3d\u0142o: materia\u0142y prasowe organizatora)<\/figcaption><\/figure>\n<p><strong>X Festiwal Sztuki w Przestrzeni Publicznej Otwarte Miasto<\/strong><br \/>\nOrganizator: O\u015brodek Mi\u0119dzykulturowych Inicjatyw Tw\u00f3rczych \u201eRozdro\u017ca\u201d w Lublinie<br \/>\nOd 7 wrze\u015bnia do 5 pa\u017adziernika 2018 roku<br \/>\nLublin<\/p>\n","protected":false},"excerpt":{"rendered":"<p>7 wrze\u015bnia wernisa\u017cowym spacerem po ulicach Lublina rozpocz\u0105\u0142 si\u0119 dziesi\u0105ty Festiwal Otwarte Miasto. Przewodnim motywem tegorocznej edycji wydarzenia jest \u201ewzajemno\u015b\u0107\u201d. Miasto jest przestrzeni\u0105 wzajemno\u015bci ze swojej istoty. Platon uwa\u017ca\u0142, \u017ce miasta powstaj\u0105 \u201edlatego, \u017ce \u017caden z nas nie jest samowystarczalny, tylko mu potrzeba wielu innych\u201d.<\/p>\n","protected":false},"author":108,"featured_media":81093,"comment_status":"open","ping_status":"closed","sticky":false,"template":"","format":"standard","meta":[],"categories":[5],"tags":[14423,614,12700],"powerkit_post_featured":[],"yoast_head":"<!-- This site is optimized with the Yoast SEO plugin v18.7 - https:\/\/yoast.com\/wordpress\/plugins\/seo\/ -->\n<title>Lublin: Festiwal Otwarte Miasto<\/title>\n<meta name=\"description\" content=\"X Festiwal Otwarte Miasto rozpocznie si\u0119 w przestrzeni miejskiej Lublina ju\u017c 7 wrze\u015bnia. Wydarzenie potrwa do 5 pa\u017adziernika br.\" \/>\n<meta name=\"robots\" content=\"index, follow, max-snippet:-1, max-image-preview:large, max-video-preview:-1\" \/>\n<link rel=\"canonical\" href=\"https:\/\/ownetic.com\/wydarzenia\/2018\/09\/x-festiwal-sztuki-w-przestrzeni-publicznej-otwarte-miasto-omit-rozdroza-lublin\/\" \/>\n<meta name=\"twitter:card\" content=\"summary_large_image\" \/>\n<meta name=\"twitter:title\" content=\"Lublin: Festiwal Otwarte Miasto\" \/>\n<meta name=\"twitter:description\" content=\"X Festiwal Otwarte Miasto rozpocznie si\u0119 w przestrzeni miejskiej Lublina ju\u017c 7 wrze\u015bnia. Wydarzenie potrwa do 5 pa\u017adziernika br.\" \/>\n<meta name=\"twitter:image\" content=\"https:\/\/ownetic.com\/wydarzenia\/wp-content\/uploads\/2018\/09\/watchmen-dla-lublina-krzysztof-solowiej-x-festiwal-sztuki-w-przestrzeni-publicznej-otwarte-miasto-lublin-2018-09-14.jpg\" \/>\n<meta name=\"twitter:label1\" content=\"Napisane przez\" \/>\n\t<meta name=\"twitter:data1\" content=\"bartosz-rosenberg\" \/>\n\t<meta name=\"twitter:label2\" content=\"Szacowany czas czytania\" \/>\n\t<meta name=\"twitter:data2\" content=\"2 minuty\" \/>\n<script type=\"application\/ld+json\" class=\"yoast-schema-graph\">{\"@context\":\"https:\/\/schema.org\",\"@graph\":[{\"@type\":\"WebSite\",\"@id\":\"https:\/\/ownetic.com\/wydarzenia\/#website\",\"url\":\"https:\/\/ownetic.com\/wydarzenia\/\",\"name\":\"Wydarzenia O.pl\",\"description\":\"Przestrze\u0144 prezentacji najwa\u017cniejszych wydarze\u0144 z takich dziedzin, jak: sztuka, design, fotografia, film, muzyka, teatr, literatura, historia, taniec, architektura\",\"potentialAction\":[{\"@type\":\"SearchAction\",\"target\":{\"@type\":\"EntryPoint\",\"urlTemplate\":\"https:\/\/ownetic.com\/wydarzenia\/?s={search_term_string}\"},\"query-input\":\"required name=search_term_string\"}],\"inLanguage\":\"pl-PL\"},{\"@type\":\"ImageObject\",\"inLanguage\":\"pl-PL\",\"@id\":\"https:\/\/ownetic.com\/wydarzenia\/2018\/09\/x-festiwal-sztuki-w-przestrzeni-publicznej-otwarte-miasto-omit-rozdroza-lublin\/#primaryimage\",\"url\":\"https:\/\/ownetic.com\/wydarzenia\/wp-content\/uploads\/2018\/09\/watchmen-dla-lublina-krzysztof-solowiej-x-festiwal-sztuki-w-przestrzeni-publicznej-otwarte-miasto-lublin-2018-09-14.jpg\",\"contentUrl\":\"https:\/\/ownetic.com\/wydarzenia\/wp-content\/uploads\/2018\/09\/watchmen-dla-lublina-krzysztof-solowiej-x-festiwal-sztuki-w-przestrzeni-publicznej-otwarte-miasto-lublin-2018-09-14.jpg\",\"width\":800,\"height\":532,\"caption\":\"Krzysztof So\u0142owiej, \u201eWatchmen dla Lublina\u201d (\u017ar\u00f3d\u0142o: materia\u0142y prasowe organizatora)\"},{\"@type\":\"WebPage\",\"@id\":\"https:\/\/ownetic.com\/wydarzenia\/2018\/09\/x-festiwal-sztuki-w-przestrzeni-publicznej-otwarte-miasto-omit-rozdroza-lublin\/#webpage\",\"url\":\"https:\/\/ownetic.com\/wydarzenia\/2018\/09\/x-festiwal-sztuki-w-przestrzeni-publicznej-otwarte-miasto-omit-rozdroza-lublin\/\",\"name\":\"Lublin: Festiwal Otwarte Miasto\",\"isPartOf\":{\"@id\":\"https:\/\/ownetic.com\/wydarzenia\/#website\"},\"primaryImageOfPage\":{\"@id\":\"https:\/\/ownetic.com\/wydarzenia\/2018\/09\/x-festiwal-sztuki-w-przestrzeni-publicznej-otwarte-miasto-omit-rozdroza-lublin\/#primaryimage\"},\"datePublished\":\"2018-09-16T23:00:20+00:00\",\"dateModified\":\"2018-11-19T11:02:18+00:00\",\"author\":{\"@id\":\"https:\/\/ownetic.com\/wydarzenia\/#\/schema\/person\/74e675b85f03001ba95fc827395978f2\"},\"description\":\"X Festiwal Otwarte Miasto rozpocznie si\u0119 w przestrzeni miejskiej Lublina ju\u017c 7 wrze\u015bnia. Wydarzenie potrwa do 5 pa\u017adziernika br.\",\"breadcrumb\":{\"@id\":\"https:\/\/ownetic.com\/wydarzenia\/2018\/09\/x-festiwal-sztuki-w-przestrzeni-publicznej-otwarte-miasto-omit-rozdroza-lublin\/#breadcrumb\"},\"inLanguage\":\"pl-PL\",\"potentialAction\":[{\"@type\":\"ReadAction\",\"target\":[\"https:\/\/ownetic.com\/wydarzenia\/2018\/09\/x-festiwal-sztuki-w-przestrzeni-publicznej-otwarte-miasto-omit-rozdroza-lublin\/\"]}]},{\"@type\":\"BreadcrumbList\",\"@id\":\"https:\/\/ownetic.com\/wydarzenia\/2018\/09\/x-festiwal-sztuki-w-przestrzeni-publicznej-otwarte-miasto-omit-rozdroza-lublin\/#breadcrumb\",\"itemListElement\":[{\"@type\":\"ListItem\",\"position\":1,\"name\":\"Strona g\u0142\u00f3wna\",\"item\":\"https:\/\/ownetic.com\/wydarzenia\/\"},{\"@type\":\"ListItem\",\"position\":2,\"name\":\"X Festiwal Sztuki w Przestrzeni Publicznej Otwarte Miasto\"}]},{\"@type\":\"Person\",\"@id\":\"https:\/\/ownetic.com\/wydarzenia\/#\/schema\/person\/74e675b85f03001ba95fc827395978f2\",\"name\":\"bartosz-rosenberg\",\"url\":\"https:\/\/ownetic.com\/wydarzenia\/author\/bartosz-rosenberg\/\"}]}<\/script>\n<!-- \/ Yoast SEO plugin. -->","yoast_head_json":{"title":"Lublin: Festiwal Otwarte Miasto","description":"X Festiwal Otwarte Miasto rozpocznie si\u0119 w przestrzeni miejskiej Lublina ju\u017c 7 wrze\u015bnia. Wydarzenie potrwa do 5 pa\u017adziernika br.","robots":{"index":"index","follow":"follow","max-snippet":"max-snippet:-1","max-image-preview":"max-image-preview:large","max-video-preview":"max-video-preview:-1"},"canonical":"https:\/\/ownetic.com\/wydarzenia\/2018\/09\/x-festiwal-sztuki-w-przestrzeni-publicznej-otwarte-miasto-omit-rozdroza-lublin\/","twitter_card":"summary_large_image","twitter_title":"Lublin: Festiwal Otwarte Miasto","twitter_description":"X Festiwal Otwarte Miasto rozpocznie si\u0119 w przestrzeni miejskiej Lublina ju\u017c 7 wrze\u015bnia. Wydarzenie potrwa do 5 pa\u017adziernika br.","twitter_image":"https:\/\/ownetic.com\/wydarzenia\/wp-content\/uploads\/2018\/09\/watchmen-dla-lublina-krzysztof-solowiej-x-festiwal-sztuki-w-przestrzeni-publicznej-otwarte-miasto-lublin-2018-09-14.jpg","twitter_misc":{"Napisane przez":"bartosz-rosenberg","Szacowany czas czytania":"2 minuty"},"schema":{"@context":"https:\/\/schema.org","@graph":[{"@type":"WebSite","@id":"https:\/\/ownetic.com\/wydarzenia\/#website","url":"https:\/\/ownetic.com\/wydarzenia\/","name":"Wydarzenia O.pl","description":"Przestrze\u0144 prezentacji najwa\u017cniejszych wydarze\u0144 z takich dziedzin, jak: sztuka, design, fotografia, film, muzyka, teatr, literatura, historia, taniec, architektura","potentialAction":[{"@type":"SearchAction","target":{"@type":"EntryPoint","urlTemplate":"https:\/\/ownetic.com\/wydarzenia\/?s={search_term_string}"},"query-input":"required name=search_term_string"}],"inLanguage":"pl-PL"},{"@type":"ImageObject","inLanguage":"pl-PL","@id":"https:\/\/ownetic.com\/wydarzenia\/2018\/09\/x-festiwal-sztuki-w-przestrzeni-publicznej-otwarte-miasto-omit-rozdroza-lublin\/#primaryimage","url":"https:\/\/ownetic.com\/wydarzenia\/wp-content\/uploads\/2018\/09\/watchmen-dla-lublina-krzysztof-solowiej-x-festiwal-sztuki-w-przestrzeni-publicznej-otwarte-miasto-lublin-2018-09-14.jpg","contentUrl":"https:\/\/ownetic.com\/wydarzenia\/wp-content\/uploads\/2018\/09\/watchmen-dla-lublina-krzysztof-solowiej-x-festiwal-sztuki-w-przestrzeni-publicznej-otwarte-miasto-lublin-2018-09-14.jpg","width":800,"height":532,"caption":"Krzysztof So\u0142owiej, \u201eWatchmen dla Lublina\u201d (\u017ar\u00f3d\u0142o: materia\u0142y prasowe organizatora)"},{"@type":"WebPage","@id":"https:\/\/ownetic.com\/wydarzenia\/2018\/09\/x-festiwal-sztuki-w-przestrzeni-publicznej-otwarte-miasto-omit-rozdroza-lublin\/#webpage","url":"https:\/\/ownetic.com\/wydarzenia\/2018\/09\/x-festiwal-sztuki-w-przestrzeni-publicznej-otwarte-miasto-omit-rozdroza-lublin\/","name":"Lublin: Festiwal Otwarte Miasto","isPartOf":{"@id":"https:\/\/ownetic.com\/wydarzenia\/#website"},"primaryImageOfPage":{"@id":"https:\/\/ownetic.com\/wydarzenia\/2018\/09\/x-festiwal-sztuki-w-przestrzeni-publicznej-otwarte-miasto-omit-rozdroza-lublin\/#primaryimage"},"datePublished":"2018-09-16T23:00:20+00:00","dateModified":"2018-11-19T11:02:18+00:00","author":{"@id":"https:\/\/ownetic.com\/wydarzenia\/#\/schema\/person\/74e675b85f03001ba95fc827395978f2"},"description":"X Festiwal Otwarte Miasto rozpocznie si\u0119 w przestrzeni miejskiej Lublina ju\u017c 7 wrze\u015bnia. Wydarzenie potrwa do 5 pa\u017adziernika br.","breadcrumb":{"@id":"https:\/\/ownetic.com\/wydarzenia\/2018\/09\/x-festiwal-sztuki-w-przestrzeni-publicznej-otwarte-miasto-omit-rozdroza-lublin\/#breadcrumb"},"inLanguage":"pl-PL","potentialAction":[{"@type":"ReadAction","target":["https:\/\/ownetic.com\/wydarzenia\/2018\/09\/x-festiwal-sztuki-w-przestrzeni-publicznej-otwarte-miasto-omit-rozdroza-lublin\/"]}]},{"@type":"BreadcrumbList","@id":"https:\/\/ownetic.com\/wydarzenia\/2018\/09\/x-festiwal-sztuki-w-przestrzeni-publicznej-otwarte-miasto-omit-rozdroza-lublin\/#breadcrumb","itemListElement":[{"@type":"ListItem","position":1,"name":"Strona g\u0142\u00f3wna","item":"https:\/\/ownetic.com\/wydarzenia\/"},{"@type":"ListItem","position":2,"name":"X Festiwal Sztuki w Przestrzeni Publicznej Otwarte Miasto"}]},{"@type":"Person","@id":"https:\/\/ownetic.com\/wydarzenia\/#\/schema\/person\/74e675b85f03001ba95fc827395978f2","name":"bartosz-rosenberg","url":"https:\/\/ownetic.com\/wydarzenia\/author\/bartosz-rosenberg\/"}]}},"_links":{"self":[{"href":"https:\/\/ownetic.com\/wydarzenia\/wp-json\/wp\/v2\/posts\/81090"}],"collection":[{"href":"https:\/\/ownetic.com\/wydarzenia\/wp-json\/wp\/v2\/posts"}],"about":[{"href":"https:\/\/ownetic.com\/wydarzenia\/wp-json\/wp\/v2\/types\/post"}],"author":[{"embeddable":true,"href":"https:\/\/ownetic.com\/wydarzenia\/wp-json\/wp\/v2\/users\/108"}],"replies":[{"embeddable":true,"href":"https:\/\/ownetic.com\/wydarzenia\/wp-json\/wp\/v2\/comments?post=81090"}],"version-history":[{"count":0,"href":"https:\/\/ownetic.com\/wydarzenia\/wp-json\/wp\/v2\/posts\/81090\/revisions"}],"wp:featuredmedia":[{"embeddable":true,"href":"https:\/\/ownetic.com\/wydarzenia\/wp-json\/wp\/v2\/media\/81093"}],"wp:attachment":[{"href":"https:\/\/ownetic.com\/wydarzenia\/wp-json\/wp\/v2\/media?parent=81090"}],"wp:term":[{"taxonomy":"category","embeddable":true,"href":"https:\/\/ownetic.com\/wydarzenia\/wp-json\/wp\/v2\/categories?post=81090"},{"taxonomy":"post_tag","embeddable":true,"href":"https:\/\/ownetic.com\/wydarzenia\/wp-json\/wp\/v2\/tags?post=81090"},{"taxonomy":"powerkit_post_featured","embeddable":true,"href":"https:\/\/ownetic.com\/wydarzenia\/wp-json\/wp\/v2\/powerkit_post_featured?post=81090"}],"curies":[{"name":"wp","href":"https:\/\/api.w.org\/{rel}","templated":true}]}}