{"id":8890,"date":"2010-07-15T00:04:03","date_gmt":"2010-07-14T23:04:03","guid":{"rendered":"https:\/\/ownetic.com\/wydarzenia\/?p=8890"},"modified":"2012-12-12T23:14:46","modified_gmt":"2012-12-12T22:14:46","slug":"16-festiwal-filmowy-i-artystyczny-lato-filmow","status":"publish","type":"post","link":"https:\/\/ownetic.com\/wydarzenia\/2010\/07\/16-festiwal-filmowy-i-artystyczny-lato-filmow\/","title":{"rendered":"16. Festiwal Filmowy i Artystyczny Lato Film\u00f3w"},"content":{"rendered":"<p>Lato Film\u00f3w to jedyny w Polsce festiwal filmowy, kt\u00f3ry dob\u00f3r prezentowanych film\u00f3w opiera na jako\u015bci scenariusza filmowego, a wi\u0119c na sp\u00f3jno\u015bci i niepowtarzalno\u015bci opowiadanej w filmie historii. Jak co roku najlepsze produkcje pokazane zostan\u0105 w Mi\u0119dzynarodowym Konkursie na Film z Najlepszym Scenariuszem oraz, tu nowo\u015b\u0107, w Konkursie Kr\u00f3tkich Film\u00f3w z Najlepszym Scenariuszem.<\/p>\n<figure id=\"attachment_8908\" aria-describedby=\"caption-attachment-8908\" style=\"width: 576px\" class=\"wp-caption alignnone\"><a href=\"https:\/\/ownetic.com\/wydarzenia\/2010\/07\/16-festiwal-filmowy-i-artystyczny-lato-filmow\/my-queen-karo-van-den-berghe-01\/\" rel=\"attachment wp-att-8908\"><img loading=\"lazy\" class=\"size-medium wp-image-8908\" title=\"Doroth\u00e9e Van Den Berghe, My Queen Karo\" src=\"https:\/\/ownetic.com\/wydarzenia\/wp-content\/uploads\/2010\/07\/my-queen-karo-van-den-berghe-01-576x346.jpg\" alt=\"\" width=\"576\" height=\"346\" \/><\/a><figcaption id=\"caption-attachment-8908\" class=\"wp-caption-text\">Doroth\u00e9e Van Den Berghe, My Queen Karo<\/figcaption><\/figure>\n<p>Mi\u0119dzynarodowy Konkurs na Film z Najlepszym Scenariuszem ma na celu wy\u0142onienie filmu z najlepszym scenariuszem. Obejmie od 10 do 12 film\u00f3w wyselekcjonowanych przez Rad\u0119 Programow\u0105 Festiwalu, spo\u015br\u00f3d obraz\u00f3w zg\u0142oszonych na festiwal lub dostrze\u017conych na najwa\u017cniejszych imprezach filmowych na \u015bwiecie. Nagrod\u0119 w Konkursie przyzna jury wy\u0142onione spo\u015br\u00f3d znanych osobisto\u015bci \u015bwiata filmu.<\/p>\n<p>W tym roku na festiwalu zobaczy\u0107 b\u0119dzie mo\u017cna Panoram\u0119 Kina \u015awiatowego, w ramach kt\u00f3rej\u00a0zaprezentowane zostan\u0105 najnowsze produkcje wyr\u00f3\u017cnione i dostrze\u017cone na mi\u0119dzynarodowych festiwalach. W kategorii tej prezentowane s\u0105 zar\u00f3wno filmy fabularne, dokumentalne, jak i eksperymentalne. Panorama Kina \u015awiatowego to obok pokaz\u00f3w konkursowych kolejny punkt programu, kt\u00f3ry pozwala zapozna\u0107 si\u0119 z najnowszymi osi\u0105gni\u0119ciami \u015bwiatowej kinematografii.<\/p>\n<p>Festiwal to r\u00f3wnie\u017c spotkania z kinem wybitnych scenarzyst\u00f3w. W tym roku organizatorzy proponuj\u0105 retrospektyw\u0119 wybitnego <strong>Rafaela Azcony<\/strong>. Specjalno\u015bci\u0105 tego \u00a0hiszpa\u0144skiego scenarzysty\u00a0sta\u0142a si\u0119 tematyka obyczajowa, kt\u00f3r\u0105 podejmowa\u0142 z przenikliwo\u015bci\u0105 i cz\u0119sto z du\u017c\u0105 \u015bmia\u0142o\u015bci\u0105 (przyk\u0142adowo <em>Wielkie \u017carcie<\/em>). Wsp\u00f3\u0142pracowa\u0142 m.in. z Marco Ferrerim, Luisem Garc\u00ed\u0105 Berlang\u0105, Carlosem Saur\u0105, Jos\u00e9 Luisem Garc\u00ed\u0105 S\u00e1nchezem, Fernando Trueb\u0105, Alberto Lattuad\u0105, Jos\u00e9 Luisem Cuerd\u0105 czy Bigasem Lun\u0105.<\/p>\n<div id='gallery-1' class='gallery galleryid-8890 gallery-columns-6 gallery-size-thumbnail'><figure class='gallery-item'>\n\t\t\t<div class='gallery-icon '>\n\t\t\t\t<a href='https:\/\/ownetic.com\/wydarzenia\/2010\/07\/16-festiwal-filmowy-i-artystyczny-lato-filmow\/goran-markovic-turneja-05\/'><img width=\"1\" height=\"1\" src=\"https:\/\/ownetic.com\/wydarzenia\/wp-content\/uploads\/2010\/07\/goran-markovic-turneja-05.jpg\" class=\"attachment-thumbnail size-thumbnail\" alt=\"\" loading=\"lazy\" aria-describedby=\"gallery-1-8920\" \/><\/a>\n\t\t\t<\/div>\n\t\t\t\t<figcaption class='wp-caption-text gallery-caption' id='gallery-1-8920'>\n\t\t\t\tKadr z filmu &#8220;Turneja&#8221;, re\u017c. Goran Markovic\n\t\t\t\t<\/figcaption><\/figure><figure class='gallery-item'>\n\t\t\t<div class='gallery-icon '>\n\t\t\t\t<a href='https:\/\/ownetic.com\/wydarzenia\/2010\/07\/16-festiwal-filmowy-i-artystyczny-lato-filmow\/goran-markovic-turneja-03\/'><img width=\"1\" height=\"1\" src=\"https:\/\/ownetic.com\/wydarzenia\/wp-content\/uploads\/2010\/07\/goran-markovic-turneja-03.jpg\" class=\"attachment-thumbnail size-thumbnail\" alt=\"\" loading=\"lazy\" aria-describedby=\"gallery-1-8919\" \/><\/a>\n\t\t\t<\/div>\n\t\t\t\t<figcaption class='wp-caption-text gallery-caption' id='gallery-1-8919'>\n\t\t\t\tKadr z filmu &#8220;Turneja&#8221;, re\u017c. Goran Markovic\n\t\t\t\t<\/figcaption><\/figure><figure class='gallery-item'>\n\t\t\t<div class='gallery-icon '>\n\t\t\t\t<a href='https:\/\/ownetic.com\/wydarzenia\/2010\/07\/16-festiwal-filmowy-i-artystyczny-lato-filmow\/goran-markovic-turneja-02\/'><img width=\"1\" height=\"1\" src=\"https:\/\/ownetic.com\/wydarzenia\/wp-content\/uploads\/2010\/07\/goran-markovic-turneja-02.jpg\" class=\"attachment-thumbnail size-thumbnail\" alt=\"\" loading=\"lazy\" aria-describedby=\"gallery-1-8918\" \/><\/a>\n\t\t\t<\/div>\n\t\t\t\t<figcaption class='wp-caption-text gallery-caption' id='gallery-1-8918'>\n\t\t\t\tKadr z filmu &#8220;Turneja&#8221;, re\u017c. Goran Markovic\n\t\t\t\t<\/figcaption><\/figure><figure class='gallery-item'>\n\t\t\t<div class='gallery-icon '>\n\t\t\t\t<a href='https:\/\/ownetic.com\/wydarzenia\/2010\/07\/16-festiwal-filmowy-i-artystyczny-lato-filmow\/goran-markovic-turneja-01\/'><img width=\"1\" height=\"1\" src=\"https:\/\/ownetic.com\/wydarzenia\/wp-content\/uploads\/2010\/07\/goran-markovic-turneja-01.jpg\" class=\"attachment-thumbnail size-thumbnail\" alt=\"\" loading=\"lazy\" aria-describedby=\"gallery-1-8917\" \/><\/a>\n\t\t\t<\/div>\n\t\t\t\t<figcaption class='wp-caption-text gallery-caption' id='gallery-1-8917'>\n\t\t\t\tKadr z filmu &#8220;Turneja&#8221;, re\u017c. Goran Markovic\n\t\t\t\t<\/figcaption><\/figure><figure class='gallery-item'>\n\t\t\t<div class='gallery-icon '>\n\t\t\t\t<a href='https:\/\/ownetic.com\/wydarzenia\/2010\/07\/16-festiwal-filmowy-i-artystyczny-lato-filmow\/to-twoja-wina-06\/'><img width=\"1\" height=\"1\" src=\"https:\/\/ownetic.com\/wydarzenia\/wp-content\/uploads\/2010\/07\/to-twoja-wina-06.jpg\" class=\"attachment-thumbnail size-thumbnail\" alt=\"\" loading=\"lazy\" aria-describedby=\"gallery-1-8916\" \/><\/a>\n\t\t\t<\/div>\n\t\t\t\t<figcaption class='wp-caption-text gallery-caption' id='gallery-1-8916'>\n\t\t\t\tKadr z filmu &#8220;To twoja wina&#8221;, re\u017c. Anahi Berneri\n\t\t\t\t<\/figcaption><\/figure><figure class='gallery-item'>\n\t\t\t<div class='gallery-icon '>\n\t\t\t\t<a href='https:\/\/ownetic.com\/wydarzenia\/2010\/07\/16-festiwal-filmowy-i-artystyczny-lato-filmow\/to-twoja-wina-04\/'><img width=\"1\" height=\"1\" src=\"https:\/\/ownetic.com\/wydarzenia\/wp-content\/uploads\/2010\/07\/to-twoja-wina-04.jpg\" class=\"attachment-thumbnail size-thumbnail\" alt=\"\" loading=\"lazy\" aria-describedby=\"gallery-1-8915\" \/><\/a>\n\t\t\t<\/div>\n\t\t\t\t<figcaption class='wp-caption-text gallery-caption' id='gallery-1-8915'>\n\t\t\t\tKadr z filmu &#8220;To twoja wina&#8221;, re\u017c. Anahi Berneri\n\t\t\t\t<\/figcaption><\/figure><figure class='gallery-item'>\n\t\t\t<div class='gallery-icon '>\n\t\t\t\t<a href='https:\/\/ownetic.com\/wydarzenia\/2010\/07\/16-festiwal-filmowy-i-artystyczny-lato-filmow\/to-twoja-wina-03\/'><img width=\"1\" height=\"1\" src=\"https:\/\/ownetic.com\/wydarzenia\/wp-content\/uploads\/2010\/07\/to-twoja-wina-03.jpg\" class=\"attachment-thumbnail size-thumbnail\" alt=\"\" loading=\"lazy\" aria-describedby=\"gallery-1-8914\" \/><\/a>\n\t\t\t<\/div>\n\t\t\t\t<figcaption class='wp-caption-text gallery-caption' id='gallery-1-8914'>\n\t\t\t\tKadr z filmu &#8220;To twoja wina&#8221;, re\u017c. Anahi Berneri\n\t\t\t\t<\/figcaption><\/figure><figure class='gallery-item'>\n\t\t\t<div class='gallery-icon '>\n\t\t\t\t<a href='https:\/\/ownetic.com\/wydarzenia\/2010\/07\/16-festiwal-filmowy-i-artystyczny-lato-filmow\/to-twoja-wina-01\/'><img width=\"1\" height=\"1\" src=\"https:\/\/ownetic.com\/wydarzenia\/wp-content\/uploads\/2010\/07\/to-twoja-wina-01.jpg\" class=\"attachment-thumbnail size-thumbnail\" alt=\"\" loading=\"lazy\" aria-describedby=\"gallery-1-8913\" \/><\/a>\n\t\t\t<\/div>\n\t\t\t\t<figcaption class='wp-caption-text gallery-caption' id='gallery-1-8913'>\n\t\t\t\tKadr z filmu &#8220;To twoja wina&#8221;, re\u017c. Anahi Berneri\n\t\t\t\t<\/figcaption><\/figure><figure class='gallery-item'>\n\t\t\t<div class='gallery-icon '>\n\t\t\t\t<a href='https:\/\/ownetic.com\/wydarzenia\/2010\/07\/16-festiwal-filmowy-i-artystyczny-lato-filmow\/my-queen-karo-van-den-berghe-02\/'><img width=\"1\" height=\"1\" src=\"https:\/\/ownetic.com\/wydarzenia\/wp-content\/uploads\/2010\/07\/my-queen-karo-van-den-berghe-02.jpg\" class=\"attachment-thumbnail size-thumbnail\" alt=\"\" loading=\"lazy\" aria-describedby=\"gallery-1-8911\" \/><\/a>\n\t\t\t<\/div>\n\t\t\t\t<figcaption class='wp-caption-text gallery-caption' id='gallery-1-8911'>\n\t\t\t\tDoroth\u00e9e Van Den Berghe, My Queen Karo\n\t\t\t\t<\/figcaption><\/figure><figure class='gallery-item'>\n\t\t\t<div class='gallery-icon '>\n\t\t\t\t<a href='https:\/\/ownetic.com\/wydarzenia\/2010\/07\/16-festiwal-filmowy-i-artystyczny-lato-filmow\/my-queen-karo-van-den-berghe-01\/'><img width=\"1\" height=\"1\" src=\"https:\/\/ownetic.com\/wydarzenia\/wp-content\/uploads\/2010\/07\/my-queen-karo-van-den-berghe-01.jpg\" class=\"attachment-thumbnail size-thumbnail\" alt=\"\" loading=\"lazy\" aria-describedby=\"gallery-1-8908\" \/><\/a>\n\t\t\t<\/div>\n\t\t\t\t<figcaption class='wp-caption-text gallery-caption' id='gallery-1-8908'>\n\t\t\t\tDoroth\u00e9e Van Den Berghe, My Queen Karo\n\t\t\t\t<\/figcaption><\/figure><figure class='gallery-item'>\n\t\t\t<div class='gallery-icon landscape'>\n\t\t\t\t<a href='https:\/\/ownetic.com\/wydarzenia\/2010\/07\/16-festiwal-filmowy-i-artystyczny-lato-filmow\/my-queen-karo-van-den-berghe\/'><img width=\"260\" height=\"157\" src=\"https:\/\/ownetic.com\/wydarzenia\/wp-content\/uploads\/2010\/07\/my-queen-karo-van-den-berghe.jpg\" class=\"attachment-thumbnail size-thumbnail\" alt=\"\" loading=\"lazy\" aria-describedby=\"gallery-1-8907\" \/><\/a>\n\t\t\t<\/div>\n\t\t\t\t<figcaption class='wp-caption-text gallery-caption' id='gallery-1-8907'>\n\t\t\t\tDoroth\u00e9e Van Den Berghe, My Queen Karo\n\t\t\t\t<\/figcaption><\/figure>\n\t\t<\/div>\n\n<p>Co roku w ramach festiwalu odbywa si\u0119 prezentacja dorobku wybitnych polskich scenarzyst\u00f3w, kt\u00f3ra po\u0142\u0105czona jest z nagrod\u0105 honorow\u0105 Pi\u00f3ro Mistrza &#8211; za ca\u0142okszta\u0142t osi\u0105gni\u0119\u0107 scenariopisarskich. Dotychczas nagrod\u0105 wyr\u00f3\u017cnieni zostali nestorzy polskiej szko\u0142y scenariuszowej: Jerzy S. Stawi\u0144ski, Tadeusz Konwicki, Stanis\u0142aw R\u00f3\u017cewicz, J\u00f3zef Hen, Andrzej Mularczyk, Jerzy Janicki i Krzysztof Zanussi. W 2010 roku za swoj\u0105 tw\u00f3rczo\u015b\u0107 scenariuszow\u0105 nagrod\u0119 otrzyma <strong>Tadeusz Chmielewski<\/strong>, re\u017cyser, scenarzysta, producent, dzia\u0142acz Stowarzyszenia Filmowc\u00f3w Polskich, kierownik artystyczny zwi\u0105zany z Zespo\u0142em Filmowym <em>Oko<\/em>. W ramach retrospektywy Tadeusza Chmielewskiego Lato Film\u00f3w poka\u017ce takie filmy, jak:<\/p>\n<ul>\n<li><em>Ewa chce spa\u0107 <\/em>(1957); re\u017cyseria i scenariusz<\/li>\n<li><em>Walet pikowy <\/em>(1960); re\u017cyseria i scenariusz<\/li>\n<li><em>Gdzie jest genera\u0142&#8230; <\/em>(1963); re\u017cyseria i scenariusz<\/li>\n<li>J<em>ak rozp\u0119ta\u0142em drug\u0105 wojn\u0119 \u015bwiatow\u0105 <\/em>(1969); re\u017cyseria i scenariusz<\/li>\n<li><em>Nie lubi\u0119 poniedzia\u0142ku <\/em>(1971); re\u017cyseria, scenariusz, dialogi<\/li>\n<li><em>W\u015br\u00f3d nocnej ciszy <\/em>(1978); re\u017cyseria, scenariusz, obsada aktorska<\/li>\n<\/ul>\n<p>Drugim laureatem tegorocznego Pi\u00f3ra Mistrza jest <strong>Krzysztof Teodor Toeplitz<\/strong>, znamienity polski scenarzysta, wsp\u00f3\u0142autor m.in.\u00a0<em>Czterdziestolatka<\/em>, zwi\u0105zany z Latem Film\u00f3w poprzez prac\u0119 w festiwalowym Jury, do kt\u00f3rego wnosi\u0142 do\u015bwiadczenie i spok\u00f3j. W ramach festiwalu b\u0119dzie mo\u017cna zobaczy\u0107oka\u017cemy sze\u015b\u0107 obraz\u00f3w, kt\u00f3rych powstanie prokurowa\u0142 swoimi s\u0142owami.<\/p>\n<ul>\n<li><em>Po\u017carowisko <\/em>(1968); scenariusz<\/li>\n<li><em>\u015alepy tor <\/em>(1968); scenariusz<\/li>\n<li><em>Dzi\u0119cio\u0142 <\/em>(1971); scenariusz<\/li>\n<li><em>Motylem jestem, czyli romans 40- latka <\/em>(1976); scenariusz<\/li>\n<li><em>Gor\u0105czka <\/em>(1980); scenariusz<\/li>\n<\/ul>\n<figure id=\"attachment_8915\" aria-describedby=\"caption-attachment-8915\" style=\"width: 576px\" class=\"wp-caption alignnone\"><a href=\"https:\/\/ownetic.com\/wydarzenia\/2010\/07\/16-festiwal-filmowy-i-artystyczny-lato-filmow\/to-twoja-wina-04\/\" rel=\"attachment wp-att-8915\"><img loading=\"lazy\" class=\"size-medium wp-image-8915\" title=\"Kadr z filmu &quot;To twoja wina&quot;, re\u017c. Anahi Berneri\" src=\"https:\/\/ownetic.com\/wydarzenia\/wp-content\/uploads\/2010\/07\/to-twoja-wina-04-576x385.jpg\" alt=\"\" width=\"576\" height=\"385\" \/><\/a><figcaption id=\"caption-attachment-8915\" class=\"wp-caption-text\">Kadr z filmu &quot;To twoja wina&quot;, re\u017c. Anahi Berneri<\/figcaption><\/figure>\n<p>W programie festiwalu znalaz\u0142y si\u0119 r\u00f3wnie\u017c najciekawsze filmy <strong>Krzysztofa Nowaka Tyszowieckiego <\/strong>(1940 &#8211; 2009), autora film\u00f3w dokumentalnych, animowanych (m.in. nagradzane na najwa\u017cniejszych festiwalach artystycznej animacji &#8211; <em>S\u0142upy betonowe<\/em>, <em>Scherzo<\/em> i\u00a0<em>Flirt<\/em>) i fabularnych (m.in. <em>Co lubi\u0105 tygrysy<\/em>, <em>Grzechy dzieci\u0144stwa<\/em>), estety, boksera i birbanta. <em>Chodz\u0105cego pomnika niezgody na rzeczywisto\u015b\u0107<\/em>, jak napisa\u0142a o nim Agnieszka Osiecka w <em>Galerii potwor\u00f3w<\/em>.<\/p>\n<p>Lata Film\u00f3w przywraca na ekrany\u00a0najbardziej warto\u015bciowe scenariuszowo filmy, kt\u00f3re prezentowane by\u0142y w polskich kinach w sezonie 2009\/2010. Z okazji\u00a010 rocznicy powstania cyklu filmowego <em>Pokolenie 2000 &#8211; <\/em>inicjatywy\u00a0S\u0142awomira Rogowskiego, w ramach festiwalu b\u0119dzie mo\u017cna zobaczy\u0107 filmy: <em>Bellissima<\/em> Artura Urba\u0144skiego, <em>Inferno<\/em> Macieja Pieprzycy, <em>Moje miasto<\/em> Marka Lechkiego i\u00a0<em>Moje pieczone kurczaki<\/em> Iwony Siekierzy\u0144skiej.<\/p>\n<p>Festiwalowi towarzyszy\u0107 b\u0119dzie <strong>Script Forum<\/strong> \u2013 najwi\u0119ksza w Polsce\u00a0impreza bran\u017cowa dedykowana scenarzystom filmowym i telewizyjnym.\u00a0W tegorocznym programie znalaz\u0142y si\u0119 m.in.: Konwersatorium Nowela Filmowa, adresowane do os\u00f3b planuj\u0105cych z\u0142o\u017cy\u0107 projekt na pe\u0142nometra\u017cowy film fabularny do Polskiego Instytutu Sztuki Filmowej i ubiega\u0107 si\u0119 o indywidualne stypendium dla debiutuj\u0105cego scenarzysty; Forma(t) Serialu, unikatowe szkolenie przeznaczone dla autor\u00f3w pisz\u0105cych dla TV, chc\u0105cych przekszta\u0142ci\u0107 pomys\u0142 na serial w pakiet dla nadawc\u00f3w, zwie\u0144czeniem szkolenia b\u0119dzie mo\u017cliwo\u015b\u0107 zaprezentowania jego efekt\u00f3w przedstawicielom czo\u0142owych polskich nadawc\u00f3w i producent\u00f3w telewizyjnych; szkolenie Sztuka Pitchingu, prowadzone przez znan\u0105, mi\u0119dzynarodow\u0105 specjalistk\u0119, Claire Dixsaut, ukierunkowane na pitching projektu fabularnego, kierowane do scenarzyst\u00f3w i producent\u00f3w.<\/p>\n<p>Specjalnym go\u015bciem Script Forum b\u0119dzie <strong>Linda Seger<\/strong>, \u015bwiatowej s\u0142awy konsultantka i wyk\u0142adowca scenopisarstwa, autorka jednego z najbardziej znanych podr\u0119cznik\u00f3w w bran\u017cy M<em>aking a Good Script Great<\/em>. Linda Seger poprowadzi dwie sesje wyk\u0142adowe podczas tegorocznej edycji imprezy.<\/p>\n<p>W programie Forum znalaz\u0142a si\u0119 r\u00f3wnie\u017c Gie\u0142da Scenariuszy i Adaptacji, organizowana wsp\u00f3lnie z Krajow\u0105 Izb\u0105 Producent\u00f3w Audiowizualnych, podczas kt\u00f3re autorzy scenariuszy b\u0119d\u0105 mogli zaprezentowa\u0107 swoje pomys\u0142y czo\u0142owym polskim producentom i poszerzy\u0107 kontakty w rodzimym \u015brodowisku filmowym.<\/p>\n<figure id=\"attachment_8919\" aria-describedby=\"caption-attachment-8919\" style=\"width: 576px\" class=\"wp-caption alignnone\"><a href=\"https:\/\/ownetic.com\/wydarzenia\/2010\/07\/16-festiwal-filmowy-i-artystyczny-lato-filmow\/goran-markovic-turneja-03\/\" rel=\"attachment wp-att-8919\"><img loading=\"lazy\" class=\"size-medium wp-image-8919\" title=\"Kadr z filmu &quot;Turneja&quot;, re\u017c. Goran Markovic\" src=\"https:\/\/ownetic.com\/wydarzenia\/wp-content\/uploads\/2010\/07\/goran-markovic-turneja-03-576x311.jpg\" alt=\"\" width=\"576\" height=\"311\" \/><\/a><figcaption id=\"caption-attachment-8919\" class=\"wp-caption-text\">Kadr z filmu &quot;Turneja&quot;, re\u017c. Goran Markovic<\/figcaption><\/figure>\n<p>Fina\u0142em ca\u0142ego festiwalu b\u0119dzie III Forum Scenarzyst\u00f3w Polskich &#8211; spotkanie zawodowych scenarzyst\u00f3w r\u00f3\u017cnych pokole\u0144, organizowane we wsp\u00f3\u0142pracy ze Stowarzyszeniem Filmowc\u00f3w Polskich. Jego celem jest nie tylko stworzenie miejsca dla dyskusji, ale tak\u017ce wsp\u00f3lnego szukania rozwi\u0105za\u0144 problem\u00f3w najbardziej dotykaj\u0105cych scenarzyst\u00f3w w Polsce.<\/p>\n<p>Pod szyldem Script Forum, wydany zostanie, jak w latach ubieg\u0142ych, Katalog Scenarzyst\u00f3w Polskich. Stanowi on unikatow\u0105 baz\u0119 nie tylko scenarzyst\u00f3w, lecz tak\u017ce projekt\u00f3w, nad kt\u00f3rymi pracuj\u0105; narz\u0119dzie niezb\u0119dne dla wszystkich poszukuj\u0105cych ciekawych projekt\u00f3w i ich autor\u00f3w.<\/p>\n<p>Script Forum odbywa si\u0119 dzi\u0119ki wsparciu PISF, we wsp\u00f3\u0142pracy ze Stowarzyszeniem Filmowc\u00f3w Polskich, pod patronatem Krajowej Izby Producent\u00f3w Audiowizualnych. Partnerami s\u0105 Mistrzowska Szko\u0142a Re\u017cyserii Filmowej Andrzeja Wajdy, Media Desk Polska i Dyskusyjny Klub Filmowy Prawnik\u00f3w B\u0142\u0119kit Pruski. Miejscem spotka\u0144 b\u0119d\u0105 ponownie sale wyk\u0142adowe dawnej Biblioteki Uniwersyteckiej przy Krakowskim Przedmie\u015bciu 26\/28.<\/p>\n<p>Pokazy filmowe odbywa\u0107 si\u0119 b\u0119d\u0105 w Kinie Rejs, oraz Luna a tak\u017ce w plenerze &#8211; w klubie Plac Zabaw na Agrykoli. Po seansach spotkania z go\u015b\u0107mi festiwalu m.in. Mateuszem Ko\u015bciukiewiczem, Paw\u0142em Sal\u0105, Janem Kidaw\u0105-B\u0142o\u0144skim oraz Feliksem Falkiem.<\/p>\n<p>Z przyczyn niezale\u017cnych od organizator\u00f3w Kino Kultura przesta\u0142o by\u0107 kinem festiwalowym. Odb\u0119dzie si\u0119 w nim jedynie otwarcie festiwalu \u2013 premiera filmu <em>Matka Teresa od Kot\u00f3w<\/em> Paw\u0142a Sali (w poniedzia\u0142ek o godz. 20.30). Pozosta\u0142e seanse zosta\u0142y przeniesione do kina Luna.<\/p>\n","protected":false},"excerpt":{"rendered":"<p>Lato Film\u00f3w to jedyny w Polsce festiwal filmowy, kt\u00f3ry dob\u00f3r prezentowanych film\u00f3w opiera na jako\u015bci scenariusza filmowego, a wi\u0119c na sp\u00f3jno\u015bci i niepowtarzalno\u015bci opowiadanej w filmie historii. Jak co roku najlepsze produkcje pokazane zostan\u0105 w Mi\u0119dzynarodowym Konkursie na Film z Najlepszym Scenariuszem oraz, tu nowo\u015b\u0107, w Konkursie Kr\u00f3tkich Film\u00f3w z Najlepszym Scenariuszem.<\/p>\n","protected":false},"author":3,"featured_media":8907,"comment_status":"open","ping_status":"closed","sticky":false,"template":"","format":"standard","meta":[],"categories":[236],"tags":[2141,2140,2138,2142,2139,2143,32],"powerkit_post_featured":[],"yoast_head":"<!-- This site is optimized with the Yoast SEO plugin v18.7 - https:\/\/yoast.com\/wordpress\/plugins\/seo\/ -->\n<title>16. Festiwal Filmowy i Artystyczny Lato Film\u00f3w<\/title>\n<meta name=\"description\" content=\"Lato Film\u00f3w to jedyny w Polsce festiwal filmowy, kt\u00f3ry dob\u00f3r prezentowanych film\u00f3w opiera na jako\u015bci scenariusza filmowego, a wi\u0119c na...\" \/>\n<meta name=\"robots\" content=\"index, follow, max-snippet:-1, max-image-preview:large, max-video-preview:-1\" \/>\n<link rel=\"canonical\" href=\"https:\/\/ownetic.com\/wydarzenia\/2010\/07\/16-festiwal-filmowy-i-artystyczny-lato-filmow\/\" \/>\n<meta name=\"twitter:card\" content=\"summary_large_image\" \/>\n<meta name=\"twitter:title\" content=\"16. Festiwal Filmowy i Artystyczny Lato Film\u00f3w\" \/>\n<meta name=\"twitter:description\" content=\"Lato Film\u00f3w to jedyny w Polsce festiwal filmowy, kt\u00f3ry dob\u00f3r prezentowanych film\u00f3w opiera na jako\u015bci scenariusza filmowego, a wi\u0119c na...\" \/>\n<meta name=\"twitter:image\" content=\"https:\/\/ownetic.com\/wydarzenia\/wp-content\/uploads\/2010\/07\/my-queen-karo-van-den-berghe.jpg\" \/>\n<meta name=\"twitter:label1\" content=\"Napisane przez\" \/>\n\t<meta name=\"twitter:data1\" content=\"joanna\" \/>\n\t<meta name=\"twitter:label2\" content=\"Szacowany czas czytania\" \/>\n\t<meta name=\"twitter:data2\" content=\"6 minut\" \/>\n<script type=\"application\/ld+json\" class=\"yoast-schema-graph\">{\"@context\":\"https:\/\/schema.org\",\"@graph\":[{\"@type\":\"WebSite\",\"@id\":\"https:\/\/ownetic.com\/wydarzenia\/#website\",\"url\":\"https:\/\/ownetic.com\/wydarzenia\/\",\"name\":\"Wydarzenia O.pl\",\"description\":\"Przestrze\u0144 prezentacji najwa\u017cniejszych wydarze\u0144 z takich dziedzin, jak: sztuka, design, fotografia, film, muzyka, teatr, literatura, historia, taniec, architektura\",\"potentialAction\":[{\"@type\":\"SearchAction\",\"target\":{\"@type\":\"EntryPoint\",\"urlTemplate\":\"https:\/\/ownetic.com\/wydarzenia\/?s={search_term_string}\"},\"query-input\":\"required name=search_term_string\"}],\"inLanguage\":\"pl-PL\"},{\"@type\":\"ImageObject\",\"inLanguage\":\"pl-PL\",\"@id\":\"https:\/\/ownetic.com\/wydarzenia\/2010\/07\/16-festiwal-filmowy-i-artystyczny-lato-filmow\/#primaryimage\",\"url\":\"https:\/\/ownetic.com\/wydarzenia\/wp-content\/uploads\/2010\/07\/my-queen-karo-van-den-berghe.jpg\",\"contentUrl\":\"https:\/\/ownetic.com\/wydarzenia\/wp-content\/uploads\/2010\/07\/my-queen-karo-van-den-berghe.jpg\",\"width\":1000,\"height\":602,\"caption\":\"Doroth\u00e9e Van Den Berghe, My Queen Karo\"},{\"@type\":\"WebPage\",\"@id\":\"https:\/\/ownetic.com\/wydarzenia\/2010\/07\/16-festiwal-filmowy-i-artystyczny-lato-filmow\/#webpage\",\"url\":\"https:\/\/ownetic.com\/wydarzenia\/2010\/07\/16-festiwal-filmowy-i-artystyczny-lato-filmow\/\",\"name\":\"16. Festiwal Filmowy i Artystyczny Lato Film\u00f3w\",\"isPartOf\":{\"@id\":\"https:\/\/ownetic.com\/wydarzenia\/#website\"},\"primaryImageOfPage\":{\"@id\":\"https:\/\/ownetic.com\/wydarzenia\/2010\/07\/16-festiwal-filmowy-i-artystyczny-lato-filmow\/#primaryimage\"},\"datePublished\":\"2010-07-14T23:04:03+00:00\",\"dateModified\":\"2012-12-12T22:14:46+00:00\",\"author\":{\"@id\":\"https:\/\/ownetic.com\/wydarzenia\/#\/schema\/person\/3abb620170473ea641f899a357e48c98\"},\"description\":\"Lato Film\u00f3w to jedyny w Polsce festiwal filmowy, kt\u00f3ry dob\u00f3r prezentowanych film\u00f3w opiera na jako\u015bci scenariusza filmowego, a wi\u0119c na...\",\"breadcrumb\":{\"@id\":\"https:\/\/ownetic.com\/wydarzenia\/2010\/07\/16-festiwal-filmowy-i-artystyczny-lato-filmow\/#breadcrumb\"},\"inLanguage\":\"pl-PL\",\"potentialAction\":[{\"@type\":\"ReadAction\",\"target\":[\"https:\/\/ownetic.com\/wydarzenia\/2010\/07\/16-festiwal-filmowy-i-artystyczny-lato-filmow\/\"]}]},{\"@type\":\"BreadcrumbList\",\"@id\":\"https:\/\/ownetic.com\/wydarzenia\/2010\/07\/16-festiwal-filmowy-i-artystyczny-lato-filmow\/#breadcrumb\",\"itemListElement\":[{\"@type\":\"ListItem\",\"position\":1,\"name\":\"Strona g\u0142\u00f3wna\",\"item\":\"https:\/\/ownetic.com\/wydarzenia\/\"},{\"@type\":\"ListItem\",\"position\":2,\"name\":\"16. Festiwal Filmowy i Artystyczny Lato Film\u00f3w\"}]},{\"@type\":\"Person\",\"@id\":\"https:\/\/ownetic.com\/wydarzenia\/#\/schema\/person\/3abb620170473ea641f899a357e48c98\",\"name\":\"joanna\",\"sameAs\":[\"http:\/\/o.pl\"],\"url\":\"https:\/\/ownetic.com\/wydarzenia\/author\/joanna\/\"}]}<\/script>\n<!-- \/ Yoast SEO plugin. -->","yoast_head_json":{"title":"16. Festiwal Filmowy i Artystyczny Lato Film\u00f3w","description":"Lato Film\u00f3w to jedyny w Polsce festiwal filmowy, kt\u00f3ry dob\u00f3r prezentowanych film\u00f3w opiera na jako\u015bci scenariusza filmowego, a wi\u0119c na...","robots":{"index":"index","follow":"follow","max-snippet":"max-snippet:-1","max-image-preview":"max-image-preview:large","max-video-preview":"max-video-preview:-1"},"canonical":"https:\/\/ownetic.com\/wydarzenia\/2010\/07\/16-festiwal-filmowy-i-artystyczny-lato-filmow\/","twitter_card":"summary_large_image","twitter_title":"16. Festiwal Filmowy i Artystyczny Lato Film\u00f3w","twitter_description":"Lato Film\u00f3w to jedyny w Polsce festiwal filmowy, kt\u00f3ry dob\u00f3r prezentowanych film\u00f3w opiera na jako\u015bci scenariusza filmowego, a wi\u0119c na...","twitter_image":"https:\/\/ownetic.com\/wydarzenia\/wp-content\/uploads\/2010\/07\/my-queen-karo-van-den-berghe.jpg","twitter_misc":{"Napisane przez":"joanna","Szacowany czas czytania":"6 minut"},"schema":{"@context":"https:\/\/schema.org","@graph":[{"@type":"WebSite","@id":"https:\/\/ownetic.com\/wydarzenia\/#website","url":"https:\/\/ownetic.com\/wydarzenia\/","name":"Wydarzenia O.pl","description":"Przestrze\u0144 prezentacji najwa\u017cniejszych wydarze\u0144 z takich dziedzin, jak: sztuka, design, fotografia, film, muzyka, teatr, literatura, historia, taniec, architektura","potentialAction":[{"@type":"SearchAction","target":{"@type":"EntryPoint","urlTemplate":"https:\/\/ownetic.com\/wydarzenia\/?s={search_term_string}"},"query-input":"required name=search_term_string"}],"inLanguage":"pl-PL"},{"@type":"ImageObject","inLanguage":"pl-PL","@id":"https:\/\/ownetic.com\/wydarzenia\/2010\/07\/16-festiwal-filmowy-i-artystyczny-lato-filmow\/#primaryimage","url":"https:\/\/ownetic.com\/wydarzenia\/wp-content\/uploads\/2010\/07\/my-queen-karo-van-den-berghe.jpg","contentUrl":"https:\/\/ownetic.com\/wydarzenia\/wp-content\/uploads\/2010\/07\/my-queen-karo-van-den-berghe.jpg","width":1000,"height":602,"caption":"Doroth\u00e9e Van Den Berghe, My Queen Karo"},{"@type":"WebPage","@id":"https:\/\/ownetic.com\/wydarzenia\/2010\/07\/16-festiwal-filmowy-i-artystyczny-lato-filmow\/#webpage","url":"https:\/\/ownetic.com\/wydarzenia\/2010\/07\/16-festiwal-filmowy-i-artystyczny-lato-filmow\/","name":"16. Festiwal Filmowy i Artystyczny Lato Film\u00f3w","isPartOf":{"@id":"https:\/\/ownetic.com\/wydarzenia\/#website"},"primaryImageOfPage":{"@id":"https:\/\/ownetic.com\/wydarzenia\/2010\/07\/16-festiwal-filmowy-i-artystyczny-lato-filmow\/#primaryimage"},"datePublished":"2010-07-14T23:04:03+00:00","dateModified":"2012-12-12T22:14:46+00:00","author":{"@id":"https:\/\/ownetic.com\/wydarzenia\/#\/schema\/person\/3abb620170473ea641f899a357e48c98"},"description":"Lato Film\u00f3w to jedyny w Polsce festiwal filmowy, kt\u00f3ry dob\u00f3r prezentowanych film\u00f3w opiera na jako\u015bci scenariusza filmowego, a wi\u0119c na...","breadcrumb":{"@id":"https:\/\/ownetic.com\/wydarzenia\/2010\/07\/16-festiwal-filmowy-i-artystyczny-lato-filmow\/#breadcrumb"},"inLanguage":"pl-PL","potentialAction":[{"@type":"ReadAction","target":["https:\/\/ownetic.com\/wydarzenia\/2010\/07\/16-festiwal-filmowy-i-artystyczny-lato-filmow\/"]}]},{"@type":"BreadcrumbList","@id":"https:\/\/ownetic.com\/wydarzenia\/2010\/07\/16-festiwal-filmowy-i-artystyczny-lato-filmow\/#breadcrumb","itemListElement":[{"@type":"ListItem","position":1,"name":"Strona g\u0142\u00f3wna","item":"https:\/\/ownetic.com\/wydarzenia\/"},{"@type":"ListItem","position":2,"name":"16. Festiwal Filmowy i Artystyczny Lato Film\u00f3w"}]},{"@type":"Person","@id":"https:\/\/ownetic.com\/wydarzenia\/#\/schema\/person\/3abb620170473ea641f899a357e48c98","name":"joanna","sameAs":["http:\/\/o.pl"],"url":"https:\/\/ownetic.com\/wydarzenia\/author\/joanna\/"}]}},"_links":{"self":[{"href":"https:\/\/ownetic.com\/wydarzenia\/wp-json\/wp\/v2\/posts\/8890"}],"collection":[{"href":"https:\/\/ownetic.com\/wydarzenia\/wp-json\/wp\/v2\/posts"}],"about":[{"href":"https:\/\/ownetic.com\/wydarzenia\/wp-json\/wp\/v2\/types\/post"}],"author":[{"embeddable":true,"href":"https:\/\/ownetic.com\/wydarzenia\/wp-json\/wp\/v2\/users\/3"}],"replies":[{"embeddable":true,"href":"https:\/\/ownetic.com\/wydarzenia\/wp-json\/wp\/v2\/comments?post=8890"}],"version-history":[{"count":0,"href":"https:\/\/ownetic.com\/wydarzenia\/wp-json\/wp\/v2\/posts\/8890\/revisions"}],"wp:featuredmedia":[{"embeddable":true,"href":"https:\/\/ownetic.com\/wydarzenia\/wp-json\/wp\/v2\/media\/8907"}],"wp:attachment":[{"href":"https:\/\/ownetic.com\/wydarzenia\/wp-json\/wp\/v2\/media?parent=8890"}],"wp:term":[{"taxonomy":"category","embeddable":true,"href":"https:\/\/ownetic.com\/wydarzenia\/wp-json\/wp\/v2\/categories?post=8890"},{"taxonomy":"post_tag","embeddable":true,"href":"https:\/\/ownetic.com\/wydarzenia\/wp-json\/wp\/v2\/tags?post=8890"},{"taxonomy":"powerkit_post_featured","embeddable":true,"href":"https:\/\/ownetic.com\/wydarzenia\/wp-json\/wp\/v2\/powerkit_post_featured?post=8890"}],"curies":[{"name":"wp","href":"https:\/\/api.w.org\/{rel}","templated":true}]}}